{"id":924556,"date":"2017-02-01T17:36:49","date_gmt":"2017-02-01T17:36:49","guid":{"rendered":"http:\/\/www.eldigitaldeasturias.com\/noticias\/?p=924556"},"modified":"2017-02-01T17:36:49","modified_gmt":"2017-02-01T17:36:49","slug":"la-sociedad-regional-de-promocion-presenta-su-fondo-de-financiacion-semilla","status":"publish","type":"post","link":"https:\/\/www.eldigitaldeasturias.com\/noticias\/la-sociedad-regional-de-promocion-presenta-su-fondo-de-financiacion-semilla\/","title":{"rendered":"La Sociedad Regional de Promoci\u00f3n presenta su Fondo de Financiaci\u00f3n Semilla"},"content":{"rendered":"<p><img loading=\"lazy\" decoding=\"async\" class=\"alignleft size-medium wp-image-924557\" src=\"https:\/\/www.eldigitaldeasturias.com\/noticias\/wp-content\/uploads\/2017\/02\/Eva-Pandos-213x320.jpg\" alt=\"\" width=\"213\" height=\"320\" srcset=\"https:\/\/www.eldigitaldeasturias.com\/noticias\/wp-content\/uploads\/2017\/02\/Eva-Pandos-213x320.jpg 213w, https:\/\/www.eldigitaldeasturias.com\/noticias\/wp-content\/uploads\/2017\/02\/Eva-Pandos-768x1152.jpg 768w, https:\/\/www.eldigitaldeasturias.com\/noticias\/wp-content\/uploads\/2017\/02\/Eva-Pandos-433x650.jpg 433w, https:\/\/www.eldigitaldeasturias.com\/noticias\/wp-content\/uploads\/2017\/02\/Eva-Pandos.jpg 853w\" sizes=\"auto, (max-width: 213px) 100vw, 213px\" \/>La presidenta de la Sociedad Regional de Promoci\u00f3n (SRP), Eva Pando, particip\u00f3 ayer en el evento \u201cFinanciaci\u00f3n para el crecimiento &#8211; Finance for Growth\u201d organizado en la sede del Parlamento Europeo en Bruselas por el European Forum for Manufacturing y la AFME, Association for Financial Markets in Europe.<\/p>\n<p>Pando intervino en la mesa sobre \u201cEscasez de capital riesgo para pymes y creaci\u00f3n de empleo\u201d, presentando al grupo IDEPA y, especialmente, la actividad de la Sociedad Regional de Promoci\u00f3n en el mercado de capital riesgo financiando proyectos de inversi\u00f3n de empresas asturianas.<\/p>\n<p>La presidenta destac\u00f3 el apoyo que presta la SRP a las pymes y, tambi\u00e9n, a las peque\u00f1as empresas innovadoras y tecnol\u00f3gicas de alto potencial de crecimiento a trav\u00e9s de la l\u00ednea de financiaci\u00f3n semilla. Se trata de un Fondo dotado con 2 millones de euros, destinado a la concesi\u00f3n de pr\u00e9stamos participativos en condiciones muy favorables para los promotores: importe m\u00e1ximo financiable de hasta el 75% de la inversi\u00f3n (m\u00e1ximo 200.000 \u20ac); plazos de amortizaci\u00f3n entre 5 y 7 a\u00f1os, con posible per\u00edodo de carencia m\u00e1ximo de 2 a\u00f1os; inter\u00e9s fijo m\u00e1s un variable ligado a resultados; sin comisiones de apertura, estudio, amortizaci\u00f3n anticipada, etc, siendo la viabilidad del proyecto la principal garant\u00eda de la operaci\u00f3n.<\/p>\n<p>A este respecto, Pando afirm\u00f3 que \u201cdesde la creaci\u00f3n de este Fondo a finales de 2013 el consejo de administraci\u00f3n de la SRP ha aprobado 1,6 millones de euros de financiaci\u00f3n a 13 proyectos que han movilizado 4,5 millones de euros de inversi\u00f3n privada y la creaci\u00f3n de 100 puestos de trabajo\u201d.<\/p>\n<p>La jornada comenz\u00f3 con la conferencia de Valdis Dombrovskis, Vicepresidente de la Comisi\u00f3n Europea responsable del Euro y el Di\u00e1logo Social, Estabilidad Financiera, Servicios Financieros y Uni\u00f3n de los Mercados de Capitales, a la que sigui\u00f3 una primera mesa redonda sobre \u201cAmpliaci\u00f3n del Fondo Europeo para Inversiones Estrat\u00e9gicas\u201d. La mesa cont\u00f3 con la participaci\u00f3n de Dimitros Papadimoulis, Vicepresidente del Parlamento Europeo, y de representantes de multinacionales como GE Capital, BlackRock, Siemens, Caterpillar o Volvo, y de asociaciones como WindEurope.<\/p>\n<p>Posteriormente, en la misma mesa en que particip\u00f3 la presidenta de la Sociedad Regional de Promoci\u00f3n, intervinieron tambi\u00e9n representantes de las regiones Auvernia-R\u00f3dano-Alpes, Escocia y Baden-W\u00fcttemberg, y de entidades financieras como Intesa Sanpaolo.<\/p>\n<p>Los participantes incidieron en la importancia de eliminar barreras que impidan el crecimiento y de facilitar la financiaci\u00f3n para empresas innovadoras de creen empleo en Europa.<\/p>\n<p><strong>Sobre la Sociedad Regional de Promoci\u00f3n del Principado de Asturias <\/strong><\/p>\n<p>La SRP es una sociedad participada mayoritariamente por el Gobierno del Principado de Asturias, que opera en el mercado del capital riesgo y act\u00faa como organismo de promoci\u00f3n econ\u00f3mica, con el objetivo principal de contribuir al desarrollo econ\u00f3mico de la regi\u00f3n. Su actividad consiste en impulsar la ejecuci\u00f3n de proyectos de inversi\u00f3n de empresas asturianas facilitando su financiaci\u00f3n, ya sea a trav\u00e9s de la participaci\u00f3n minoritaria y temporal en su capital social o por medio de la concesi\u00f3n de pr\u00e9stamos, preferentemente participativos.<\/p>\n<p>M\u00e1s informaci\u00f3n en: srp.es<\/p>\n<p><strong>Sobre EFM, European Forum for Manufacturing<\/strong><\/p>\n<p>EFM es una asociaci\u00f3n europea con sede en Bruselas que tiene como objetivo contribuir al fomento de pol\u00edticas p\u00fablicas que favorezcan y promuevan el desarrollo de la producci\u00f3n industrial y la tecnolog\u00eda, especialmente en el marco de la Uni\u00f3n Europea.<\/p>\n<p>M\u00e1s informaci\u00f3n en: euromanuforum.com<\/p>\n<p>Sobre AFME, Association for Financial Markets in Europe<\/p>\n<p>AFME es una asociaci\u00f3n europea con sede en Londres que representa a las principales entidades financieras europeas y otros actores destacados en los mercados de capitales, con el objetivo de dar a conocer la visi\u00f3n del sector respecto a las pol\u00edticas europeas que les afectan y de promover la contribuci\u00f3n del sector financiero a la sociedad.<\/p>\n<p>M\u00e1s informaci\u00f3n en: afme.eu<\/p>\n<p>&nbsp;<\/p>\n","protected":false},"excerpt":{"rendered":"<p>La presidenta de la Sociedad Regional de Promoci\u00f3n (SRP), Eva Pando, particip\u00f3 ayer en el evento \u201cFinanciaci\u00f3n para el crecimiento &#8211; Finance for Growth\u201d organizado en la sede del Parlamento Europeo en Bruselas por el European Forum for Manufacturing y la AFME, Association for Financial Markets in Europe. Pando intervino en la mesa sobre \u201cEscasez [&hellip;]<\/p>\n","protected":false},"author":1,"featured_media":924557,"comment_status":"closed","ping_status":"closed","sticky":false,"template":"","format":"standard","meta":{"footnotes":""},"categories":[141],"tags":[],"class_list":["post-924556","post","type-post","status-publish","format-standard","has-post-thumbnail","hentry","category-destacadas"],"aioseo_notices":[],"aioseo_head":"\n\t\t<!-- All in One SEO Pro 4.9.6.2 - aioseo.com -->\n\t<meta name=\"description\" content=\"La presidenta de la Sociedad Regional de Promoci\u00f3n (SRP), Eva Pando, particip\u00f3 ayer en el evento \u201cFinanciaci\u00f3n para el crecimiento - Finance for Growth\u201d organizado en la sede del Parlamento Europeo en Bruselas por el European Forum for Manufacturing y la AFME, Association for Financial Markets in Europe. Pando intervino en la mesa sobre \u201cEscasez\" \/>\n\t<meta name=\"robots\" content=\"max-image-preview:large\" \/>\n\t<meta name=\"author\" content=\"El Digital de Asturias\"\/>\n\t<meta name=\"google-site-verification\" content=\"UA-38556648-1\" \/>\n\t<meta name=\"msvalidate.01\" content=\"7dfe9f3f1b24437ab69f4f2559babe99\" \/>\n\t<meta name=\"keywords\" content=\"destacadas\" \/>\n\t<link rel=\"canonical\" href=\"https:\/\/www.eldigitaldeasturias.com\/noticias\/la-sociedad-regional-de-promocion-presenta-su-fondo-de-financiacion-semilla\/\" \/>\n\t<meta name=\"generator\" content=\"All in One SEO Pro (AIOSEO) 4.9.6.2\" \/>\n\t\t<meta property=\"og:locale\" content=\"es_ES\" \/>\n\t\t<meta property=\"og:site_name\" content=\"El Digital de Asturias\" \/>\n\t\t<meta property=\"og:type\" content=\"article\" \/>\n\t\t<meta property=\"og:title\" content=\"La Sociedad Regional de Promoci\u00f3n presenta su Fondo de Financiaci\u00f3n Semilla - El Digital de Asturias\" \/>\n\t\t<meta property=\"og:description\" content=\"La presidenta de la Sociedad Regional de Promoci\u00f3n (SRP), Eva Pando, particip\u00f3 ayer en el evento \u201cFinanciaci\u00f3n para el crecimiento - Finance for Growth\u201d organizado en la sede del Parlamento Europeo en Bruselas por el European Forum for Manufacturing y la AFME, Association for Financial Markets in Europe. Pando intervino en la mesa sobre \u201cEscasez\" \/>\n\t\t<meta property=\"og:url\" content=\"https:\/\/www.eldigitaldeasturias.com\/noticias\/la-sociedad-regional-de-promocion-presenta-su-fondo-de-financiacion-semilla\/\" \/>\n\t\t<meta property=\"og:image\" content=\"https:\/\/www.eldigitaldeasturias.com\/noticias\/wp-content\/uploads\/2017\/02\/Eva-Pandos.jpg\" \/>\n\t\t<meta property=\"og:image:secure_url\" content=\"https:\/\/www.eldigitaldeasturias.com\/noticias\/wp-content\/uploads\/2017\/02\/Eva-Pandos.jpg\" \/>\n\t\t<meta property=\"og:image:width\" content=\"853\" \/>\n\t\t<meta property=\"og:image:height\" content=\"1280\" \/>\n\t\t<meta property=\"article:tag\" content=\"destacadas\" \/>\n\t\t<meta property=\"article:published_time\" content=\"2017-02-01T17:36:49+00:00\" \/>\n\t\t<meta property=\"article:modified_time\" content=\"2017-02-01T17:36:49+00:00\" \/>\n\t\t<meta property=\"article:publisher\" content=\"https:\/\/facebook.com\/eldigitaldeasturias\" \/>\n\t\t<meta name=\"twitter:card\" content=\"summary_large_image\" \/>\n\t\t<meta name=\"twitter:title\" content=\"La Sociedad Regional de Promoci\u00f3n presenta su Fondo de Financiaci\u00f3n Semilla - El Digital de Asturias\" \/>\n\t\t<meta name=\"twitter:description\" content=\"La presidenta de la Sociedad Regional de Promoci\u00f3n (SRP), Eva Pando, particip\u00f3 ayer en el evento \u201cFinanciaci\u00f3n para el crecimiento - Finance for Growth\u201d organizado en la sede del Parlamento Europeo en Bruselas por el European Forum for Manufacturing y la AFME, Association for Financial Markets in Europe. Pando intervino en la mesa sobre \u201cEscasez\" \/>\n\t\t<meta name=\"twitter:image\" content=\"https:\/\/www.eldigitaldeasturias.com\/noticias\/wp-content\/uploads\/2017\/02\/Eva-Pandos.jpg\" \/>\n\t\t<meta name=\"twitter:label1\" content=\"Escrito por\" \/>\n\t\t<meta name=\"twitter:data1\" content=\"El Digital de Asturias\" \/>\n\t\t<meta name=\"twitter:label2\" content=\"Tiempo de lectura estimado\" \/>\n\t\t<meta name=\"twitter:data2\" content=\"3 minutos\" \/>\n\t\t<script type=\"application\/ld+json\" class=\"aioseo-schema\">\n\t\t\t{\"@context\":\"https:\\\/\\\/schema.org\",\"@graph\":[{\"@type\":\"BlogPosting\",\"@id\":\"https:\\\/\\\/www.eldigitaldeasturias.com\\\/noticias\\\/la-sociedad-regional-de-promocion-presenta-su-fondo-de-financiacion-semilla\\\/#blogposting\",\"name\":\"La Sociedad Regional de Promoci\\u00f3n presenta su Fondo de Financiaci\\u00f3n Semilla - El Digital de Asturias\",\"headline\":\"La Sociedad Regional de Promoci\\u00f3n presenta su Fondo de Financiaci\\u00f3n Semilla\",\"author\":{\"@id\":\"https:\\\/\\\/www.eldigitaldeasturias.com\\\/noticias\\\/author\\\/admin\\\/#author\"},\"publisher\":{\"@id\":\"https:\\\/\\\/www.eldigitaldeasturias.com\\\/noticias\\\/#organization\"},\"image\":{\"@type\":\"ImageObject\",\"url\":\"https:\\\/\\\/www.eldigitaldeasturias.com\\\/noticias\\\/wp-content\\\/uploads\\\/2017\\\/02\\\/Eva-Pandos.jpg\",\"width\":853,\"height\":1280},\"datePublished\":\"2017-02-01T17:36:49+01:00\",\"dateModified\":\"2017-02-01T17:36:49+01:00\",\"inLanguage\":\"es-ES\",\"mainEntityOfPage\":{\"@id\":\"https:\\\/\\\/www.eldigitaldeasturias.com\\\/noticias\\\/la-sociedad-regional-de-promocion-presenta-su-fondo-de-financiacion-semilla\\\/#webpage\"},\"isPartOf\":{\"@id\":\"https:\\\/\\\/www.eldigitaldeasturias.com\\\/noticias\\\/la-sociedad-regional-de-promocion-presenta-su-fondo-de-financiacion-semilla\\\/#webpage\"},\"articleSection\":\"Destacadas\"},{\"@type\":\"BreadcrumbList\",\"@id\":\"https:\\\/\\\/www.eldigitaldeasturias.com\\\/noticias\\\/la-sociedad-regional-de-promocion-presenta-su-fondo-de-financiacion-semilla\\\/#breadcrumblist\",\"itemListElement\":[{\"@type\":\"ListItem\",\"@id\":\"https:\\\/\\\/www.eldigitaldeasturias.com\\\/noticias#listItem\",\"position\":1,\"name\":\"Home\",\"item\":\"https:\\\/\\\/www.eldigitaldeasturias.com\\\/noticias\",\"nextItem\":{\"@type\":\"ListItem\",\"@id\":\"https:\\\/\\\/www.eldigitaldeasturias.com\\\/noticias\\\/category\\\/destacadas\\\/#listItem\",\"name\":\"Destacadas\"}},{\"@type\":\"ListItem\",\"@id\":\"https:\\\/\\\/www.eldigitaldeasturias.com\\\/noticias\\\/category\\\/destacadas\\\/#listItem\",\"position\":2,\"name\":\"Destacadas\",\"item\":\"https:\\\/\\\/www.eldigitaldeasturias.com\\\/noticias\\\/category\\\/destacadas\\\/\",\"nextItem\":{\"@type\":\"ListItem\",\"@id\":\"https:\\\/\\\/www.eldigitaldeasturias.com\\\/noticias\\\/la-sociedad-regional-de-promocion-presenta-su-fondo-de-financiacion-semilla\\\/#listItem\",\"name\":\"La Sociedad Regional de Promoci\\u00f3n presenta su Fondo de Financiaci\\u00f3n Semilla\"},\"previousItem\":{\"@type\":\"ListItem\",\"@id\":\"https:\\\/\\\/www.eldigitaldeasturias.com\\\/noticias#listItem\",\"name\":\"Home\"}},{\"@type\":\"ListItem\",\"@id\":\"https:\\\/\\\/www.eldigitaldeasturias.com\\\/noticias\\\/la-sociedad-regional-de-promocion-presenta-su-fondo-de-financiacion-semilla\\\/#listItem\",\"position\":3,\"name\":\"La Sociedad Regional de Promoci\\u00f3n presenta su Fondo de Financiaci\\u00f3n Semilla\",\"previousItem\":{\"@type\":\"ListItem\",\"@id\":\"https:\\\/\\\/www.eldigitaldeasturias.com\\\/noticias\\\/category\\\/destacadas\\\/#listItem\",\"name\":\"Destacadas\"}}]},{\"@type\":\"Organization\",\"@id\":\"https:\\\/\\\/www.eldigitaldeasturias.com\\\/noticias\\\/#organization\",\"name\":\"El Digital de Asturias\",\"description\":\"Hemeroteca\",\"url\":\"https:\\\/\\\/www.eldigitaldeasturias.com\\\/noticias\\\/\",\"email\":\"info@eldigitaldeasturias.com\",\"telephone\":\"+34652131393\",\"logo\":{\"@type\":\"ImageObject\",\"url\":\"https:\\\/\\\/www.eldigitaldeasturias.com\\\/noticias\\\/wp-content\\\/uploads\\\/2020\\\/12\\\/EDA.jpg\",\"@id\":\"https:\\\/\\\/www.eldigitaldeasturias.com\\\/noticias\\\/la-sociedad-regional-de-promocion-presenta-su-fondo-de-financiacion-semilla\\\/#organizationLogo\",\"width\":649,\"height\":297},\"image\":{\"@id\":\"https:\\\/\\\/www.eldigitaldeasturias.com\\\/noticias\\\/la-sociedad-regional-de-promocion-presenta-su-fondo-de-financiacion-semilla\\\/#organizationLogo\"},\"sameAs\":[\"https:\\\/\\\/facebook.com\\\/eldigitaldeasturias\",\"https:\\\/\\\/www.youtube.com\\\/channel\\\/UCZP-2wLEB9Rv6erhFmqVnvg\"],\"address\":{\"@id\":\"https:\\\/\\\/www.eldigitaldeasturias.com\\\/noticias\\\/#postaladdress\",\"@type\":\"PostalAddress\",\"streetAddress\":\"san antonio 4,\",\"postalCode\":\"33430\",\"addressLocality\":\"Cand\\u00e1s\",\"addressRegion\":\"Asturias\",\"addressCountry\":\"ES\"}},{\"@type\":\"Person\",\"@id\":\"https:\\\/\\\/www.eldigitaldeasturias.com\\\/noticias\\\/author\\\/admin\\\/#author\",\"url\":\"https:\\\/\\\/www.eldigitaldeasturias.com\\\/noticias\\\/author\\\/admin\\\/\",\"name\":\"El Digital de Asturias\",\"image\":{\"@type\":\"ImageObject\",\"@id\":\"https:\\\/\\\/www.eldigitaldeasturias.com\\\/noticias\\\/la-sociedad-regional-de-promocion-presenta-su-fondo-de-financiacion-semilla\\\/#authorImage\",\"url\":\"https:\\\/\\\/www.eldigitaldeasturias.com\\\/noticias\\\/wp-content\\\/litespeed\\\/avatar\\\/18677e78aa0546b92d9dbf31ec7d7668.jpg?ver=1777290358\",\"width\":96,\"height\":96,\"caption\":\"El Digital de Asturias\"}},{\"@type\":\"WebPage\",\"@id\":\"https:\\\/\\\/www.eldigitaldeasturias.com\\\/noticias\\\/la-sociedad-regional-de-promocion-presenta-su-fondo-de-financiacion-semilla\\\/#webpage\",\"url\":\"https:\\\/\\\/www.eldigitaldeasturias.com\\\/noticias\\\/la-sociedad-regional-de-promocion-presenta-su-fondo-de-financiacion-semilla\\\/\",\"name\":\"La Sociedad Regional de Promoci\\u00f3n presenta su Fondo de Financiaci\\u00f3n Semilla - El Digital de Asturias\",\"description\":\"La presidenta de la Sociedad Regional de Promoci\\u00f3n (SRP), Eva Pando, particip\\u00f3 ayer en el evento \\u201cFinanciaci\\u00f3n para el crecimiento - Finance for Growth\\u201d organizado en la sede del Parlamento Europeo en Bruselas por el European Forum for Manufacturing y la AFME, Association for Financial Markets in Europe. Pando intervino en la mesa sobre \\u201cEscasez\",\"inLanguage\":\"es-ES\",\"isPartOf\":{\"@id\":\"https:\\\/\\\/www.eldigitaldeasturias.com\\\/noticias\\\/#website\"},\"breadcrumb\":{\"@id\":\"https:\\\/\\\/www.eldigitaldeasturias.com\\\/noticias\\\/la-sociedad-regional-de-promocion-presenta-su-fondo-de-financiacion-semilla\\\/#breadcrumblist\"},\"author\":{\"@id\":\"https:\\\/\\\/www.eldigitaldeasturias.com\\\/noticias\\\/author\\\/admin\\\/#author\"},\"creator\":{\"@id\":\"https:\\\/\\\/www.eldigitaldeasturias.com\\\/noticias\\\/author\\\/admin\\\/#author\"},\"image\":{\"@type\":\"ImageObject\",\"url\":\"https:\\\/\\\/www.eldigitaldeasturias.com\\\/noticias\\\/wp-content\\\/uploads\\\/2017\\\/02\\\/Eva-Pandos.jpg\",\"@id\":\"https:\\\/\\\/www.eldigitaldeasturias.com\\\/noticias\\\/la-sociedad-regional-de-promocion-presenta-su-fondo-de-financiacion-semilla\\\/#mainImage\",\"width\":853,\"height\":1280},\"primaryImageOfPage\":{\"@id\":\"https:\\\/\\\/www.eldigitaldeasturias.com\\\/noticias\\\/la-sociedad-regional-de-promocion-presenta-su-fondo-de-financiacion-semilla\\\/#mainImage\"},\"datePublished\":\"2017-02-01T17:36:49+01:00\",\"dateModified\":\"2017-02-01T17:36:49+01:00\"},{\"@type\":\"WebSite\",\"@id\":\"https:\\\/\\\/www.eldigitaldeasturias.com\\\/noticias\\\/#website\",\"url\":\"https:\\\/\\\/www.eldigitaldeasturias.com\\\/noticias\\\/\",\"name\":\"El Digital de Asturias - Diario de actualidad y noticias\",\"alternateName\":\"El Digital de Asturias - Diario de actualidad y noticias\",\"description\":\"Hemeroteca\",\"inLanguage\":\"es-ES\",\"publisher\":{\"@id\":\"https:\\\/\\\/www.eldigitaldeasturias.com\\\/noticias\\\/#organization\"}}]}\n\t\t<\/script>\n\t\t<!-- All in One SEO Pro -->\r\n\t\t<title>La Sociedad Regional de Promoci\u00f3n presenta su Fondo de Financiaci\u00f3n Semilla - El Digital de Asturias<\/title>\n\n","aioseo_head_json":{"title":"La Sociedad Regional de Promoci\u00f3n presenta su Fondo de Financiaci\u00f3n Semilla - El Digital de Asturias","description":"La presidenta de la Sociedad Regional de Promoci\u00f3n (SRP), Eva Pando, particip\u00f3 ayer en el evento \u201cFinanciaci\u00f3n para el crecimiento - Finance for Growth\u201d organizado en la sede del Parlamento Europeo en Bruselas por el European Forum for Manufacturing y la AFME, Association for Financial Markets in Europe. Pando intervino en la mesa sobre \u201cEscasez","canonical_url":"https:\/\/www.eldigitaldeasturias.com\/noticias\/la-sociedad-regional-de-promocion-presenta-su-fondo-de-financiacion-semilla\/","robots":"max-image-preview:large","keywords":"destacadas","webmasterTools":{"google-site-verification":"UA-38556648-1","msvalidate.01":"7dfe9f3f1b24437ab69f4f2559babe99","miscellaneous":""},"schema":{"@context":"https:\/\/schema.org","@graph":[{"@type":"BlogPosting","@id":"https:\/\/www.eldigitaldeasturias.com\/noticias\/la-sociedad-regional-de-promocion-presenta-su-fondo-de-financiacion-semilla\/#blogposting","name":"La Sociedad Regional de Promoci\u00f3n presenta su Fondo de Financiaci\u00f3n Semilla - El Digital de Asturias","headline":"La Sociedad Regional de Promoci\u00f3n presenta su Fondo de Financiaci\u00f3n Semilla","author":{"@id":"https:\/\/www.eldigitaldeasturias.com\/noticias\/author\/admin\/#author"},"publisher":{"@id":"https:\/\/www.eldigitaldeasturias.com\/noticias\/#organization"},"image":{"@type":"ImageObject","url":"https:\/\/www.eldigitaldeasturias.com\/noticias\/wp-content\/uploads\/2017\/02\/Eva-Pandos.jpg","width":853,"height":1280},"datePublished":"2017-02-01T17:36:49+01:00","dateModified":"2017-02-01T17:36:49+01:00","inLanguage":"es-ES","mainEntityOfPage":{"@id":"https:\/\/www.eldigitaldeasturias.com\/noticias\/la-sociedad-regional-de-promocion-presenta-su-fondo-de-financiacion-semilla\/#webpage"},"isPartOf":{"@id":"https:\/\/www.eldigitaldeasturias.com\/noticias\/la-sociedad-regional-de-promocion-presenta-su-fondo-de-financiacion-semilla\/#webpage"},"articleSection":"Destacadas"},{"@type":"BreadcrumbList","@id":"https:\/\/www.eldigitaldeasturias.com\/noticias\/la-sociedad-regional-de-promocion-presenta-su-fondo-de-financiacion-semilla\/#breadcrumblist","itemListElement":[{"@type":"ListItem","@id":"https:\/\/www.eldigitaldeasturias.com\/noticias#listItem","position":1,"name":"Home","item":"https:\/\/www.eldigitaldeasturias.com\/noticias","nextItem":{"@type":"ListItem","@id":"https:\/\/www.eldigitaldeasturias.com\/noticias\/category\/destacadas\/#listItem","name":"Destacadas"}},{"@type":"ListItem","@id":"https:\/\/www.eldigitaldeasturias.com\/noticias\/category\/destacadas\/#listItem","position":2,"name":"Destacadas","item":"https:\/\/www.eldigitaldeasturias.com\/noticias\/category\/destacadas\/","nextItem":{"@type":"ListItem","@id":"https:\/\/www.eldigitaldeasturias.com\/noticias\/la-sociedad-regional-de-promocion-presenta-su-fondo-de-financiacion-semilla\/#listItem","name":"La Sociedad Regional de Promoci\u00f3n presenta su Fondo de Financiaci\u00f3n Semilla"},"previousItem":{"@type":"ListItem","@id":"https:\/\/www.eldigitaldeasturias.com\/noticias#listItem","name":"Home"}},{"@type":"ListItem","@id":"https:\/\/www.eldigitaldeasturias.com\/noticias\/la-sociedad-regional-de-promocion-presenta-su-fondo-de-financiacion-semilla\/#listItem","position":3,"name":"La Sociedad Regional de Promoci\u00f3n presenta su Fondo de Financiaci\u00f3n Semilla","previousItem":{"@type":"ListItem","@id":"https:\/\/www.eldigitaldeasturias.com\/noticias\/category\/destacadas\/#listItem","name":"Destacadas"}}]},{"@type":"Organization","@id":"https:\/\/www.eldigitaldeasturias.com\/noticias\/#organization","name":"El Digital de Asturias","description":"Hemeroteca","url":"https:\/\/www.eldigitaldeasturias.com\/noticias\/","email":"info@eldigitaldeasturias.com","telephone":"+34652131393","logo":{"@type":"ImageObject","url":"https:\/\/www.eldigitaldeasturias.com\/noticias\/wp-content\/uploads\/2020\/12\/EDA.jpg","@id":"https:\/\/www.eldigitaldeasturias.com\/noticias\/la-sociedad-regional-de-promocion-presenta-su-fondo-de-financiacion-semilla\/#organizationLogo","width":649,"height":297},"image":{"@id":"https:\/\/www.eldigitaldeasturias.com\/noticias\/la-sociedad-regional-de-promocion-presenta-su-fondo-de-financiacion-semilla\/#organizationLogo"},"sameAs":["https:\/\/facebook.com\/eldigitaldeasturias","https:\/\/www.youtube.com\/channel\/UCZP-2wLEB9Rv6erhFmqVnvg"],"address":{"@id":"https:\/\/www.eldigitaldeasturias.com\/noticias\/#postaladdress","@type":"PostalAddress","streetAddress":"san antonio 4,","postalCode":"33430","addressLocality":"Cand\u00e1s","addressRegion":"Asturias","addressCountry":"ES"}},{"@type":"Person","@id":"https:\/\/www.eldigitaldeasturias.com\/noticias\/author\/admin\/#author","url":"https:\/\/www.eldigitaldeasturias.com\/noticias\/author\/admin\/","name":"El Digital de Asturias","image":{"@type":"ImageObject","@id":"https:\/\/www.eldigitaldeasturias.com\/noticias\/la-sociedad-regional-de-promocion-presenta-su-fondo-de-financiacion-semilla\/#authorImage","url":"https:\/\/www.eldigitaldeasturias.com\/noticias\/wp-content\/litespeed\/avatar\/18677e78aa0546b92d9dbf31ec7d7668.jpg?ver=1777290358","width":96,"height":96,"caption":"El Digital de Asturias"}},{"@type":"WebPage","@id":"https:\/\/www.eldigitaldeasturias.com\/noticias\/la-sociedad-regional-de-promocion-presenta-su-fondo-de-financiacion-semilla\/#webpage","url":"https:\/\/www.eldigitaldeasturias.com\/noticias\/la-sociedad-regional-de-promocion-presenta-su-fondo-de-financiacion-semilla\/","name":"La Sociedad Regional de Promoci\u00f3n presenta su Fondo de Financiaci\u00f3n Semilla - El Digital de Asturias","description":"La presidenta de la Sociedad Regional de Promoci\u00f3n (SRP), Eva Pando, particip\u00f3 ayer en el evento \u201cFinanciaci\u00f3n para el crecimiento - Finance for Growth\u201d organizado en la sede del Parlamento Europeo en Bruselas por el European Forum for Manufacturing y la AFME, Association for Financial Markets in Europe. Pando intervino en la mesa sobre \u201cEscasez","inLanguage":"es-ES","isPartOf":{"@id":"https:\/\/www.eldigitaldeasturias.com\/noticias\/#website"},"breadcrumb":{"@id":"https:\/\/www.eldigitaldeasturias.com\/noticias\/la-sociedad-regional-de-promocion-presenta-su-fondo-de-financiacion-semilla\/#breadcrumblist"},"author":{"@id":"https:\/\/www.eldigitaldeasturias.com\/noticias\/author\/admin\/#author"},"creator":{"@id":"https:\/\/www.eldigitaldeasturias.com\/noticias\/author\/admin\/#author"},"image":{"@type":"ImageObject","url":"https:\/\/www.eldigitaldeasturias.com\/noticias\/wp-content\/uploads\/2017\/02\/Eva-Pandos.jpg","@id":"https:\/\/www.eldigitaldeasturias.com\/noticias\/la-sociedad-regional-de-promocion-presenta-su-fondo-de-financiacion-semilla\/#mainImage","width":853,"height":1280},"primaryImageOfPage":{"@id":"https:\/\/www.eldigitaldeasturias.com\/noticias\/la-sociedad-regional-de-promocion-presenta-su-fondo-de-financiacion-semilla\/#mainImage"},"datePublished":"2017-02-01T17:36:49+01:00","dateModified":"2017-02-01T17:36:49+01:00"},{"@type":"WebSite","@id":"https:\/\/www.eldigitaldeasturias.com\/noticias\/#website","url":"https:\/\/www.eldigitaldeasturias.com\/noticias\/","name":"El Digital de Asturias - Diario de actualidad y noticias","alternateName":"El Digital de Asturias - Diario de actualidad y noticias","description":"Hemeroteca","inLanguage":"es-ES","publisher":{"@id":"https:\/\/www.eldigitaldeasturias.com\/noticias\/#organization"}}]},"og:locale":"es_ES","og:site_name":"El Digital de Asturias","og:type":"article","og:title":"La Sociedad Regional de Promoci\u00f3n presenta su Fondo de Financiaci\u00f3n Semilla - El Digital de Asturias","og:description":"La presidenta de la Sociedad Regional de Promoci\u00f3n (SRP), Eva Pando, particip\u00f3 ayer en el evento \u201cFinanciaci\u00f3n para el crecimiento - Finance for Growth\u201d organizado en la sede del Parlamento Europeo en Bruselas por el European Forum for Manufacturing y la AFME, Association for Financial Markets in Europe. Pando intervino en la mesa sobre \u201cEscasez","og:url":"https:\/\/www.eldigitaldeasturias.com\/noticias\/la-sociedad-regional-de-promocion-presenta-su-fondo-de-financiacion-semilla\/","og:image":"https:\/\/www.eldigitaldeasturias.com\/noticias\/wp-content\/uploads\/2017\/02\/Eva-Pandos.jpg","og:image:secure_url":"https:\/\/www.eldigitaldeasturias.com\/noticias\/wp-content\/uploads\/2017\/02\/Eva-Pandos.jpg","og:image:width":853,"og:image:height":1280,"article:tag":["destacadas"],"article:published_time":"2017-02-01T17:36:49+00:00","article:modified_time":"2017-02-01T17:36:49+00:00","article:publisher":"https:\/\/facebook.com\/eldigitaldeasturias","twitter:card":"summary_large_image","twitter:title":"La Sociedad Regional de Promoci\u00f3n presenta su Fondo de Financiaci\u00f3n Semilla - El Digital de Asturias","twitter:description":"La presidenta de la Sociedad Regional de Promoci\u00f3n (SRP), Eva Pando, particip\u00f3 ayer en el evento \u201cFinanciaci\u00f3n para el crecimiento - Finance for Growth\u201d organizado en la sede del Parlamento Europeo en Bruselas por el European Forum for Manufacturing y la AFME, Association for Financial Markets in Europe. Pando intervino en la mesa sobre \u201cEscasez","twitter:image":"https:\/\/www.eldigitaldeasturias.com\/noticias\/wp-content\/uploads\/2017\/02\/Eva-Pandos.jpg","twitter:label1":"Escrito por","twitter:data1":"El Digital de Asturias","twitter:label2":"Tiempo de lectura estimado","twitter:data2":"3 minutos"},"aioseo_meta_data":{"post_id":"924556","title":null,"description":null,"keywords":null,"keyphrases":null,"primary_term":null,"canonical_url":null,"og_title":null,"og_description":null,"og_object_type":"default","og_image_type":"default","og_image_url":null,"og_image_width":null,"og_image_height":null,"og_image_custom_url":null,"og_image_custom_fields":null,"og_video":null,"og_custom_url":null,"og_article_section":null,"og_article_tags":null,"twitter_use_og":false,"twitter_card":"default","twitter_image_type":"default","twitter_image_url":null,"twitter_image_custom_url":null,"twitter_image_custom_fields":null,"twitter_title":null,"twitter_description":null,"schema":{"blockGraphs":[],"customGraphs":[],"default":{"data":{"Article":[],"Course":[],"Dataset":[],"FAQPage":[],"Movie":[],"Person":[],"Product":[],"ProductReview":[],"Car":[],"Recipe":[],"Service":[],"SoftwareApplication":[],"WebPage":[]},"graphName":"","isEnabled":true},"graphs":[],"defaultGraph":"","defaultPostTypeGraph":""},"schema_type":null,"schema_type_options":null,"pillar_content":false,"robots_default":true,"robots_noindex":false,"robots_noarchive":false,"robots_nosnippet":false,"robots_nofollow":false,"robots_noimageindex":false,"robots_noodp":false,"robots_notranslate":false,"robots_max_snippet":null,"robots_max_videopreview":null,"robots_max_imagepreview":"large","priority":null,"frequency":null,"local_seo":null,"seo_analyzer_scan_date":"2025-12-03 00:32:23","breadcrumb_settings":null,"limit_modified_date":false,"open_ai":null,"ai":null,"created":"2020-12-21 13:40:19","updated":"2025-12-03 00:32:23"},"aioseo_breadcrumb":"<div class=\"aioseo-breadcrumbs\"><span class=\"aioseo-breadcrumb\">\n\t<a href=\"https:\/\/www.eldigitaldeasturias.com\/noticias\" title=\"Home\">Home<\/a>\n<\/span><span class=\"aioseo-breadcrumb-separator\">\u2013<\/span><span class=\"aioseo-breadcrumb\">\n\t<a href=\"https:\/\/www.eldigitaldeasturias.com\/noticias\/category\/destacadas\/\" title=\"Destacadas\">Destacadas<\/a>\n<\/span><span class=\"aioseo-breadcrumb-separator\">\u2013<\/span><span class=\"aioseo-breadcrumb\">\n\t<a href=\"https:\/\/www.eldigitaldeasturias.com\/noticias\/la-sociedad-regional-de-promocion-presenta-su-fondo-de-financiacion-semilla\/\" title=\"La Sociedad Regional de Promoci\u00f3n presenta su Fondo de Financiaci\u00f3n Semilla\">La Sociedad Regional de Promoci\u00f3n presenta su Fondo de Financiaci\u00f3n Semilla<\/a>\n<\/span><\/div>","aioseo_breadcrumb_json":[{"label":"Home","link":"https:\/\/www.eldigitaldeasturias.com\/noticias"},{"label":"Destacadas","link":"https:\/\/www.eldigitaldeasturias.com\/noticias\/category\/destacadas\/"},{"label":"La Sociedad Regional de Promoci\u00f3n presenta su Fondo de Financiaci\u00f3n Semilla","link":"https:\/\/www.eldigitaldeasturias.com\/noticias\/la-sociedad-regional-de-promocion-presenta-su-fondo-de-financiacion-semilla\/"}],"_links":{"self":[{"href":"https:\/\/www.eldigitaldeasturias.com\/noticias\/wp-json\/wp\/v2\/posts\/924556","targetHints":{"allow":["GET"]}}],"collection":[{"href":"https:\/\/www.eldigitaldeasturias.com\/noticias\/wp-json\/wp\/v2\/posts"}],"about":[{"href":"https:\/\/www.eldigitaldeasturias.com\/noticias\/wp-json\/wp\/v2\/types\/post"}],"author":[{"embeddable":true,"href":"https:\/\/www.eldigitaldeasturias.com\/noticias\/wp-json\/wp\/v2\/users\/1"}],"replies":[{"embeddable":true,"href":"https:\/\/www.eldigitaldeasturias.com\/noticias\/wp-json\/wp\/v2\/comments?post=924556"}],"version-history":[{"count":0,"href":"https:\/\/www.eldigitaldeasturias.com\/noticias\/wp-json\/wp\/v2\/posts\/924556\/revisions"}],"wp:featuredmedia":[{"embeddable":true,"href":"https:\/\/www.eldigitaldeasturias.com\/noticias\/wp-json\/wp\/v2\/media\/924557"}],"wp:attachment":[{"href":"https:\/\/www.eldigitaldeasturias.com\/noticias\/wp-json\/wp\/v2\/media?parent=924556"}],"wp:term":[{"taxonomy":"category","embeddable":true,"href":"https:\/\/www.eldigitaldeasturias.com\/noticias\/wp-json\/wp\/v2\/categories?post=924556"},{"taxonomy":"post_tag","embeddable":true,"href":"https:\/\/www.eldigitaldeasturias.com\/noticias\/wp-json\/wp\/v2\/tags?post=924556"}],"curies":[{"name":"wp","href":"https:\/\/api.w.org\/{rel}","templated":true}]}}