{"id":924472,"date":"2017-01-31T22:20:41","date_gmt":"2017-01-31T22:20:41","guid":{"rendered":"http:\/\/www.eldigitaldeasturias.com\/noticias\/?p=924472"},"modified":"2017-01-31T22:20:41","modified_gmt":"2017-01-31T22:20:41","slug":"aviles-edita-la-agenda-municipal-sobre-informacion-al-consumidor-para-2017","status":"publish","type":"post","link":"https:\/\/www.eldigitaldeasturias.com\/noticias\/aviles-edita-la-agenda-municipal-sobre-informacion-al-consumidor-para-2017\/","title":{"rendered":"Avil\u00e9s edita la Agenda Municipal sobre Informaci\u00f3n al Consumidor para 2017"},"content":{"rendered":"<p><img loading=\"lazy\" decoding=\"async\" class=\"alignleft size-medium wp-image-785775\" src=\"https:\/\/www.eldigitaldeasturias.com\/noticias\/wp-content\/uploads\/2015\/05\/aviles-360x241.jpg\" alt=\"\" width=\"360\" height=\"241\" srcset=\"https:\/\/www.eldigitaldeasturias.com\/noticias\/wp-content\/uploads\/2015\/05\/aviles-360x241.jpg 360w, https:\/\/www.eldigitaldeasturias.com\/noticias\/wp-content\/uploads\/2015\/05\/aviles-768x515.jpg 768w, https:\/\/www.eldigitaldeasturias.com\/noticias\/wp-content\/uploads\/2015\/05\/aviles-650x436.jpg 650w, https:\/\/www.eldigitaldeasturias.com\/noticias\/wp-content\/uploads\/2015\/05\/aviles.jpg 800w\" sizes=\"auto, (max-width: 360px) 100vw, 360px\" \/>La concejala de Consumo, Ana Hevia, y la jefa de la Secci\u00f3n de Programas de Consumo de Avil\u00e9s, Carlota Amo, presentaron este martes 31 la Agenda Municipal sobre Informaci\u00f3n al Consumo 2017. Se trata de una publicaci\u00f3n que, desde 2008, edita anualmente la Oficina de Informaci\u00f3n al Consumidor de Avil\u00e9s y de la que, en esta ocasi\u00f3n, se distribuir\u00e1n 4.500 ejemplares.<\/p>\n<p>La Agenda de Consumo 2017 analiza los derechos de los consumidores y usuarios, incluyendo en esta edici\u00f3n informaci\u00f3n espec\u00edfica sobre la protecci\u00f3n de los compradores de vivienda y de los suscriptores de cr\u00e9ditos al consumo, dado el inter\u00e9s suscitado en la ciudadan\u00eda por estas materias.<\/p>\n<p>Tambi\u00e9n ha sido incluido un apartado dedicado a los coloquialmente denominados como \u201cficheros de morosos\u201d, recordando a los consumidores la importancia de las garant\u00edas al consumo y el ejercicio del derecho de desistimiento. As\u00ed, la agenda incluye dos modelos de escritos tanto para el ejercicio del citado derecho de desistimiento como para la presentaci\u00f3n de demanda de menor cuant\u00eda ante instancias judiciales.<\/p>\n<p>Junto con esta informaci\u00f3n, la agenda contin\u00faa recogiendo recomendaciones a los consumidores, inform\u00e1ndoles de sus derechos y enumerando las posibilidades y v\u00edas de reclamaci\u00f3n existentes a su disposici\u00f3n. En este sentido, se analizan tanto las funciones de mediaci\u00f3n que se llevan a cabo en la OMIC como el procedimiento y funciones del arbitraje de consumo.<\/p>\n<p>Finalmente, la Agenda de Consumo 2017 incluye un repertorio de direcciones de inter\u00e9s.<\/p>\n<p>Se han editado un total de 4.500 ejemplares cuya distribuci\u00f3n se efectuar\u00e1 a trav\u00e9s de los servicios municipales con mayor contacto con el p\u00fablico<\/p>\n<p>&nbsp;<\/p>\n","protected":false},"excerpt":{"rendered":"<p>La concejala de Consumo, Ana Hevia, y la jefa de la Secci\u00f3n de Programas de Consumo de Avil\u00e9s, Carlota Amo, presentaron este martes 31 la Agenda Municipal sobre Informaci\u00f3n al Consumo 2017. Se trata de una publicaci\u00f3n que, desde 2008, edita anualmente la Oficina de Informaci\u00f3n al Consumidor de Avil\u00e9s y de la que, en [&hellip;]<\/p>\n","protected":false},"author":1,"featured_media":785778,"comment_status":"closed","ping_status":"closed","sticky":false,"template":"","format":"standard","meta":{"footnotes":""},"categories":[141],"tags":[],"class_list":["post-924472","post","type-post","status-publish","format-standard","has-post-thumbnail","hentry","category-destacadas"],"aioseo_notices":[],"aioseo_head":"\n\t\t<!-- All in One SEO Pro 4.9.6.2 - aioseo.com -->\n\t<meta name=\"description\" content=\"La concejala de Consumo, Ana Hevia, y la jefa de la Secci\u00f3n de Programas de Consumo de Avil\u00e9s, Carlota Amo, presentaron este martes 31 la Agenda Municipal sobre Informaci\u00f3n al Consumo 2017. Se trata de una publicaci\u00f3n que, desde 2008, edita anualmente la Oficina de Informaci\u00f3n al Consumidor de Avil\u00e9s y de la que, en\" \/>\n\t<meta name=\"robots\" content=\"max-image-preview:large\" \/>\n\t<meta name=\"author\" content=\"El Digital de Asturias\"\/>\n\t<meta name=\"google-site-verification\" content=\"UA-38556648-1\" \/>\n\t<meta name=\"msvalidate.01\" content=\"7dfe9f3f1b24437ab69f4f2559babe99\" \/>\n\t<meta name=\"keywords\" content=\"destacadas\" \/>\n\t<link rel=\"canonical\" href=\"https:\/\/www.eldigitaldeasturias.com\/noticias\/aviles-edita-la-agenda-municipal-sobre-informacion-al-consumidor-para-2017\/\" \/>\n\t<meta name=\"generator\" content=\"All in One SEO Pro (AIOSEO) 4.9.6.2\" \/>\n\t\t<meta property=\"og:locale\" content=\"es_ES\" \/>\n\t\t<meta property=\"og:site_name\" content=\"El Digital de Asturias\" \/>\n\t\t<meta property=\"og:type\" content=\"article\" \/>\n\t\t<meta property=\"og:title\" content=\"Avil\u00e9s edita la Agenda Municipal sobre Informaci\u00f3n al Consumidor para 2017 - El Digital de Asturias\" \/>\n\t\t<meta property=\"og:description\" content=\"La concejala de Consumo, Ana Hevia, y la jefa de la Secci\u00f3n de Programas de Consumo de Avil\u00e9s, Carlota Amo, presentaron este martes 31 la Agenda Municipal sobre Informaci\u00f3n al Consumo 2017. Se trata de una publicaci\u00f3n que, desde 2008, edita anualmente la Oficina de Informaci\u00f3n al Consumidor de Avil\u00e9s y de la que, en\" \/>\n\t\t<meta property=\"og:url\" content=\"https:\/\/www.eldigitaldeasturias.com\/noticias\/aviles-edita-la-agenda-municipal-sobre-informacion-al-consumidor-para-2017\/\" \/>\n\t\t<meta property=\"og:image\" content=\"https:\/\/www.eldigitaldeasturias.com\/noticias\/wp-content\/uploads\/2015\/05\/aviles1.jpg\" \/>\n\t\t<meta property=\"og:image:secure_url\" content=\"https:\/\/www.eldigitaldeasturias.com\/noticias\/wp-content\/uploads\/2015\/05\/aviles1.jpg\" \/>\n\t\t<meta property=\"og:image:width\" content=\"800\" \/>\n\t\t<meta property=\"og:image:height\" content=\"536\" \/>\n\t\t<meta property=\"article:tag\" content=\"destacadas\" \/>\n\t\t<meta property=\"article:published_time\" content=\"2017-01-31T22:20:41+00:00\" \/>\n\t\t<meta property=\"article:modified_time\" content=\"2017-01-31T22:20:41+00:00\" \/>\n\t\t<meta property=\"article:publisher\" content=\"https:\/\/facebook.com\/eldigitaldeasturias\" \/>\n\t\t<meta name=\"twitter:card\" content=\"summary_large_image\" \/>\n\t\t<meta name=\"twitter:title\" content=\"Avil\u00e9s edita la Agenda Municipal sobre Informaci\u00f3n al Consumidor para 2017 - El Digital de Asturias\" \/>\n\t\t<meta name=\"twitter:description\" content=\"La concejala de Consumo, Ana Hevia, y la jefa de la Secci\u00f3n de Programas de Consumo de Avil\u00e9s, Carlota Amo, presentaron este martes 31 la Agenda Municipal sobre Informaci\u00f3n al Consumo 2017. Se trata de una publicaci\u00f3n que, desde 2008, edita anualmente la Oficina de Informaci\u00f3n al Consumidor de Avil\u00e9s y de la que, en\" \/>\n\t\t<meta name=\"twitter:image\" content=\"https:\/\/www.eldigitaldeasturias.com\/noticias\/wp-content\/uploads\/2015\/05\/aviles1.jpg\" \/>\n\t\t<meta name=\"twitter:label1\" content=\"Escrito por\" \/>\n\t\t<meta name=\"twitter:data1\" content=\"El Digital de Asturias\" \/>\n\t\t<meta name=\"twitter:label2\" content=\"Tiempo de lectura estimado\" \/>\n\t\t<meta name=\"twitter:data2\" content=\"1 minuto\" \/>\n\t\t<script type=\"application\/ld+json\" class=\"aioseo-schema\">\n\t\t\t{\"@context\":\"https:\\\/\\\/schema.org\",\"@graph\":[{\"@type\":\"BlogPosting\",\"@id\":\"https:\\\/\\\/www.eldigitaldeasturias.com\\\/noticias\\\/aviles-edita-la-agenda-municipal-sobre-informacion-al-consumidor-para-2017\\\/#blogposting\",\"name\":\"Avil\\u00e9s edita la Agenda Municipal sobre Informaci\\u00f3n al Consumidor para 2017 - El Digital de Asturias\",\"headline\":\"Avil\\u00e9s edita la Agenda Municipal sobre Informaci\\u00f3n al Consumidor para 2017\",\"author\":{\"@id\":\"https:\\\/\\\/www.eldigitaldeasturias.com\\\/noticias\\\/author\\\/admin\\\/#author\"},\"publisher\":{\"@id\":\"https:\\\/\\\/www.eldigitaldeasturias.com\\\/noticias\\\/#organization\"},\"image\":{\"@type\":\"ImageObject\",\"url\":\"https:\\\/\\\/www.eldigitaldeasturias.com\\\/noticias\\\/wp-content\\\/uploads\\\/2015\\\/05\\\/aviles1.jpg\",\"width\":800,\"height\":536},\"datePublished\":\"2017-01-31T22:20:41+01:00\",\"dateModified\":\"2017-01-31T22:20:41+01:00\",\"inLanguage\":\"es-ES\",\"mainEntityOfPage\":{\"@id\":\"https:\\\/\\\/www.eldigitaldeasturias.com\\\/noticias\\\/aviles-edita-la-agenda-municipal-sobre-informacion-al-consumidor-para-2017\\\/#webpage\"},\"isPartOf\":{\"@id\":\"https:\\\/\\\/www.eldigitaldeasturias.com\\\/noticias\\\/aviles-edita-la-agenda-municipal-sobre-informacion-al-consumidor-para-2017\\\/#webpage\"},\"articleSection\":\"Destacadas\"},{\"@type\":\"BreadcrumbList\",\"@id\":\"https:\\\/\\\/www.eldigitaldeasturias.com\\\/noticias\\\/aviles-edita-la-agenda-municipal-sobre-informacion-al-consumidor-para-2017\\\/#breadcrumblist\",\"itemListElement\":[{\"@type\":\"ListItem\",\"@id\":\"https:\\\/\\\/www.eldigitaldeasturias.com\\\/noticias#listItem\",\"position\":1,\"name\":\"Home\",\"item\":\"https:\\\/\\\/www.eldigitaldeasturias.com\\\/noticias\",\"nextItem\":{\"@type\":\"ListItem\",\"@id\":\"https:\\\/\\\/www.eldigitaldeasturias.com\\\/noticias\\\/category\\\/destacadas\\\/#listItem\",\"name\":\"Destacadas\"}},{\"@type\":\"ListItem\",\"@id\":\"https:\\\/\\\/www.eldigitaldeasturias.com\\\/noticias\\\/category\\\/destacadas\\\/#listItem\",\"position\":2,\"name\":\"Destacadas\",\"item\":\"https:\\\/\\\/www.eldigitaldeasturias.com\\\/noticias\\\/category\\\/destacadas\\\/\",\"nextItem\":{\"@type\":\"ListItem\",\"@id\":\"https:\\\/\\\/www.eldigitaldeasturias.com\\\/noticias\\\/aviles-edita-la-agenda-municipal-sobre-informacion-al-consumidor-para-2017\\\/#listItem\",\"name\":\"Avil\\u00e9s edita la Agenda Municipal sobre Informaci\\u00f3n al Consumidor para 2017\"},\"previousItem\":{\"@type\":\"ListItem\",\"@id\":\"https:\\\/\\\/www.eldigitaldeasturias.com\\\/noticias#listItem\",\"name\":\"Home\"}},{\"@type\":\"ListItem\",\"@id\":\"https:\\\/\\\/www.eldigitaldeasturias.com\\\/noticias\\\/aviles-edita-la-agenda-municipal-sobre-informacion-al-consumidor-para-2017\\\/#listItem\",\"position\":3,\"name\":\"Avil\\u00e9s edita la Agenda Municipal sobre Informaci\\u00f3n al Consumidor para 2017\",\"previousItem\":{\"@type\":\"ListItem\",\"@id\":\"https:\\\/\\\/www.eldigitaldeasturias.com\\\/noticias\\\/category\\\/destacadas\\\/#listItem\",\"name\":\"Destacadas\"}}]},{\"@type\":\"Organization\",\"@id\":\"https:\\\/\\\/www.eldigitaldeasturias.com\\\/noticias\\\/#organization\",\"name\":\"El Digital de Asturias\",\"description\":\"Hemeroteca\",\"url\":\"https:\\\/\\\/www.eldigitaldeasturias.com\\\/noticias\\\/\",\"email\":\"info@eldigitaldeasturias.com\",\"telephone\":\"+34652131393\",\"logo\":{\"@type\":\"ImageObject\",\"url\":\"https:\\\/\\\/www.eldigitaldeasturias.com\\\/noticias\\\/wp-content\\\/uploads\\\/2020\\\/12\\\/EDA.jpg\",\"@id\":\"https:\\\/\\\/www.eldigitaldeasturias.com\\\/noticias\\\/aviles-edita-la-agenda-municipal-sobre-informacion-al-consumidor-para-2017\\\/#organizationLogo\",\"width\":649,\"height\":297},\"image\":{\"@id\":\"https:\\\/\\\/www.eldigitaldeasturias.com\\\/noticias\\\/aviles-edita-la-agenda-municipal-sobre-informacion-al-consumidor-para-2017\\\/#organizationLogo\"},\"sameAs\":[\"https:\\\/\\\/facebook.com\\\/eldigitaldeasturias\",\"https:\\\/\\\/www.youtube.com\\\/channel\\\/UCZP-2wLEB9Rv6erhFmqVnvg\"],\"address\":{\"@id\":\"https:\\\/\\\/www.eldigitaldeasturias.com\\\/noticias\\\/#postaladdress\",\"@type\":\"PostalAddress\",\"streetAddress\":\"san antonio 4,\",\"postalCode\":\"33430\",\"addressLocality\":\"Cand\\u00e1s\",\"addressRegion\":\"Asturias\",\"addressCountry\":\"ES\"}},{\"@type\":\"Person\",\"@id\":\"https:\\\/\\\/www.eldigitaldeasturias.com\\\/noticias\\\/author\\\/admin\\\/#author\",\"url\":\"https:\\\/\\\/www.eldigitaldeasturias.com\\\/noticias\\\/author\\\/admin\\\/\",\"name\":\"El Digital de Asturias\",\"image\":{\"@type\":\"ImageObject\",\"@id\":\"https:\\\/\\\/www.eldigitaldeasturias.com\\\/noticias\\\/aviles-edita-la-agenda-municipal-sobre-informacion-al-consumidor-para-2017\\\/#authorImage\",\"url\":\"https:\\\/\\\/www.eldigitaldeasturias.com\\\/noticias\\\/wp-content\\\/litespeed\\\/avatar\\\/18677e78aa0546b92d9dbf31ec7d7668.jpg?ver=1777290358\",\"width\":96,\"height\":96,\"caption\":\"El Digital de Asturias\"}},{\"@type\":\"WebPage\",\"@id\":\"https:\\\/\\\/www.eldigitaldeasturias.com\\\/noticias\\\/aviles-edita-la-agenda-municipal-sobre-informacion-al-consumidor-para-2017\\\/#webpage\",\"url\":\"https:\\\/\\\/www.eldigitaldeasturias.com\\\/noticias\\\/aviles-edita-la-agenda-municipal-sobre-informacion-al-consumidor-para-2017\\\/\",\"name\":\"Avil\\u00e9s edita la Agenda Municipal sobre Informaci\\u00f3n al Consumidor para 2017 - El Digital de Asturias\",\"description\":\"La concejala de Consumo, Ana Hevia, y la jefa de la Secci\\u00f3n de Programas de Consumo de Avil\\u00e9s, Carlota Amo, presentaron este martes 31 la Agenda Municipal sobre Informaci\\u00f3n al Consumo 2017. Se trata de una publicaci\\u00f3n que, desde 2008, edita anualmente la Oficina de Informaci\\u00f3n al Consumidor de Avil\\u00e9s y de la que, en\",\"inLanguage\":\"es-ES\",\"isPartOf\":{\"@id\":\"https:\\\/\\\/www.eldigitaldeasturias.com\\\/noticias\\\/#website\"},\"breadcrumb\":{\"@id\":\"https:\\\/\\\/www.eldigitaldeasturias.com\\\/noticias\\\/aviles-edita-la-agenda-municipal-sobre-informacion-al-consumidor-para-2017\\\/#breadcrumblist\"},\"author\":{\"@id\":\"https:\\\/\\\/www.eldigitaldeasturias.com\\\/noticias\\\/author\\\/admin\\\/#author\"},\"creator\":{\"@id\":\"https:\\\/\\\/www.eldigitaldeasturias.com\\\/noticias\\\/author\\\/admin\\\/#author\"},\"image\":{\"@type\":\"ImageObject\",\"url\":\"https:\\\/\\\/www.eldigitaldeasturias.com\\\/noticias\\\/wp-content\\\/uploads\\\/2015\\\/05\\\/aviles1.jpg\",\"@id\":\"https:\\\/\\\/www.eldigitaldeasturias.com\\\/noticias\\\/aviles-edita-la-agenda-municipal-sobre-informacion-al-consumidor-para-2017\\\/#mainImage\",\"width\":800,\"height\":536},\"primaryImageOfPage\":{\"@id\":\"https:\\\/\\\/www.eldigitaldeasturias.com\\\/noticias\\\/aviles-edita-la-agenda-municipal-sobre-informacion-al-consumidor-para-2017\\\/#mainImage\"},\"datePublished\":\"2017-01-31T22:20:41+01:00\",\"dateModified\":\"2017-01-31T22:20:41+01:00\"},{\"@type\":\"WebSite\",\"@id\":\"https:\\\/\\\/www.eldigitaldeasturias.com\\\/noticias\\\/#website\",\"url\":\"https:\\\/\\\/www.eldigitaldeasturias.com\\\/noticias\\\/\",\"name\":\"El Digital de Asturias - Diario de actualidad y noticias\",\"alternateName\":\"El Digital de Asturias - Diario de actualidad y noticias\",\"description\":\"Hemeroteca\",\"inLanguage\":\"es-ES\",\"publisher\":{\"@id\":\"https:\\\/\\\/www.eldigitaldeasturias.com\\\/noticias\\\/#organization\"}}]}\n\t\t<\/script>\n\t\t<!-- All in One SEO Pro -->\r\n\t\t<title>Avil\u00e9s edita la Agenda Municipal sobre Informaci\u00f3n al Consumidor para 2017 - El Digital de Asturias<\/title>\n\n","aioseo_head_json":{"title":"Avil\u00e9s edita la Agenda Municipal sobre Informaci\u00f3n al Consumidor para 2017 - El Digital de Asturias","description":"La concejala de Consumo, Ana Hevia, y la jefa de la Secci\u00f3n de Programas de Consumo de Avil\u00e9s, Carlota Amo, presentaron este martes 31 la Agenda Municipal sobre Informaci\u00f3n al Consumo 2017. Se trata de una publicaci\u00f3n que, desde 2008, edita anualmente la Oficina de Informaci\u00f3n al Consumidor de Avil\u00e9s y de la que, en","canonical_url":"https:\/\/www.eldigitaldeasturias.com\/noticias\/aviles-edita-la-agenda-municipal-sobre-informacion-al-consumidor-para-2017\/","robots":"max-image-preview:large","keywords":"destacadas","webmasterTools":{"google-site-verification":"UA-38556648-1","msvalidate.01":"7dfe9f3f1b24437ab69f4f2559babe99","miscellaneous":""},"schema":{"@context":"https:\/\/schema.org","@graph":[{"@type":"BlogPosting","@id":"https:\/\/www.eldigitaldeasturias.com\/noticias\/aviles-edita-la-agenda-municipal-sobre-informacion-al-consumidor-para-2017\/#blogposting","name":"Avil\u00e9s edita la Agenda Municipal sobre Informaci\u00f3n al Consumidor para 2017 - El Digital de Asturias","headline":"Avil\u00e9s edita la Agenda Municipal sobre Informaci\u00f3n al Consumidor para 2017","author":{"@id":"https:\/\/www.eldigitaldeasturias.com\/noticias\/author\/admin\/#author"},"publisher":{"@id":"https:\/\/www.eldigitaldeasturias.com\/noticias\/#organization"},"image":{"@type":"ImageObject","url":"https:\/\/www.eldigitaldeasturias.com\/noticias\/wp-content\/uploads\/2015\/05\/aviles1.jpg","width":800,"height":536},"datePublished":"2017-01-31T22:20:41+01:00","dateModified":"2017-01-31T22:20:41+01:00","inLanguage":"es-ES","mainEntityOfPage":{"@id":"https:\/\/www.eldigitaldeasturias.com\/noticias\/aviles-edita-la-agenda-municipal-sobre-informacion-al-consumidor-para-2017\/#webpage"},"isPartOf":{"@id":"https:\/\/www.eldigitaldeasturias.com\/noticias\/aviles-edita-la-agenda-municipal-sobre-informacion-al-consumidor-para-2017\/#webpage"},"articleSection":"Destacadas"},{"@type":"BreadcrumbList","@id":"https:\/\/www.eldigitaldeasturias.com\/noticias\/aviles-edita-la-agenda-municipal-sobre-informacion-al-consumidor-para-2017\/#breadcrumblist","itemListElement":[{"@type":"ListItem","@id":"https:\/\/www.eldigitaldeasturias.com\/noticias#listItem","position":1,"name":"Home","item":"https:\/\/www.eldigitaldeasturias.com\/noticias","nextItem":{"@type":"ListItem","@id":"https:\/\/www.eldigitaldeasturias.com\/noticias\/category\/destacadas\/#listItem","name":"Destacadas"}},{"@type":"ListItem","@id":"https:\/\/www.eldigitaldeasturias.com\/noticias\/category\/destacadas\/#listItem","position":2,"name":"Destacadas","item":"https:\/\/www.eldigitaldeasturias.com\/noticias\/category\/destacadas\/","nextItem":{"@type":"ListItem","@id":"https:\/\/www.eldigitaldeasturias.com\/noticias\/aviles-edita-la-agenda-municipal-sobre-informacion-al-consumidor-para-2017\/#listItem","name":"Avil\u00e9s edita la Agenda Municipal sobre Informaci\u00f3n al Consumidor para 2017"},"previousItem":{"@type":"ListItem","@id":"https:\/\/www.eldigitaldeasturias.com\/noticias#listItem","name":"Home"}},{"@type":"ListItem","@id":"https:\/\/www.eldigitaldeasturias.com\/noticias\/aviles-edita-la-agenda-municipal-sobre-informacion-al-consumidor-para-2017\/#listItem","position":3,"name":"Avil\u00e9s edita la Agenda Municipal sobre Informaci\u00f3n al Consumidor para 2017","previousItem":{"@type":"ListItem","@id":"https:\/\/www.eldigitaldeasturias.com\/noticias\/category\/destacadas\/#listItem","name":"Destacadas"}}]},{"@type":"Organization","@id":"https:\/\/www.eldigitaldeasturias.com\/noticias\/#organization","name":"El Digital de Asturias","description":"Hemeroteca","url":"https:\/\/www.eldigitaldeasturias.com\/noticias\/","email":"info@eldigitaldeasturias.com","telephone":"+34652131393","logo":{"@type":"ImageObject","url":"https:\/\/www.eldigitaldeasturias.com\/noticias\/wp-content\/uploads\/2020\/12\/EDA.jpg","@id":"https:\/\/www.eldigitaldeasturias.com\/noticias\/aviles-edita-la-agenda-municipal-sobre-informacion-al-consumidor-para-2017\/#organizationLogo","width":649,"height":297},"image":{"@id":"https:\/\/www.eldigitaldeasturias.com\/noticias\/aviles-edita-la-agenda-municipal-sobre-informacion-al-consumidor-para-2017\/#organizationLogo"},"sameAs":["https:\/\/facebook.com\/eldigitaldeasturias","https:\/\/www.youtube.com\/channel\/UCZP-2wLEB9Rv6erhFmqVnvg"],"address":{"@id":"https:\/\/www.eldigitaldeasturias.com\/noticias\/#postaladdress","@type":"PostalAddress","streetAddress":"san antonio 4,","postalCode":"33430","addressLocality":"Cand\u00e1s","addressRegion":"Asturias","addressCountry":"ES"}},{"@type":"Person","@id":"https:\/\/www.eldigitaldeasturias.com\/noticias\/author\/admin\/#author","url":"https:\/\/www.eldigitaldeasturias.com\/noticias\/author\/admin\/","name":"El Digital de Asturias","image":{"@type":"ImageObject","@id":"https:\/\/www.eldigitaldeasturias.com\/noticias\/aviles-edita-la-agenda-municipal-sobre-informacion-al-consumidor-para-2017\/#authorImage","url":"https:\/\/www.eldigitaldeasturias.com\/noticias\/wp-content\/litespeed\/avatar\/18677e78aa0546b92d9dbf31ec7d7668.jpg?ver=1777290358","width":96,"height":96,"caption":"El Digital de Asturias"}},{"@type":"WebPage","@id":"https:\/\/www.eldigitaldeasturias.com\/noticias\/aviles-edita-la-agenda-municipal-sobre-informacion-al-consumidor-para-2017\/#webpage","url":"https:\/\/www.eldigitaldeasturias.com\/noticias\/aviles-edita-la-agenda-municipal-sobre-informacion-al-consumidor-para-2017\/","name":"Avil\u00e9s edita la Agenda Municipal sobre Informaci\u00f3n al Consumidor para 2017 - El Digital de Asturias","description":"La concejala de Consumo, Ana Hevia, y la jefa de la Secci\u00f3n de Programas de Consumo de Avil\u00e9s, Carlota Amo, presentaron este martes 31 la Agenda Municipal sobre Informaci\u00f3n al Consumo 2017. Se trata de una publicaci\u00f3n que, desde 2008, edita anualmente la Oficina de Informaci\u00f3n al Consumidor de Avil\u00e9s y de la que, en","inLanguage":"es-ES","isPartOf":{"@id":"https:\/\/www.eldigitaldeasturias.com\/noticias\/#website"},"breadcrumb":{"@id":"https:\/\/www.eldigitaldeasturias.com\/noticias\/aviles-edita-la-agenda-municipal-sobre-informacion-al-consumidor-para-2017\/#breadcrumblist"},"author":{"@id":"https:\/\/www.eldigitaldeasturias.com\/noticias\/author\/admin\/#author"},"creator":{"@id":"https:\/\/www.eldigitaldeasturias.com\/noticias\/author\/admin\/#author"},"image":{"@type":"ImageObject","url":"https:\/\/www.eldigitaldeasturias.com\/noticias\/wp-content\/uploads\/2015\/05\/aviles1.jpg","@id":"https:\/\/www.eldigitaldeasturias.com\/noticias\/aviles-edita-la-agenda-municipal-sobre-informacion-al-consumidor-para-2017\/#mainImage","width":800,"height":536},"primaryImageOfPage":{"@id":"https:\/\/www.eldigitaldeasturias.com\/noticias\/aviles-edita-la-agenda-municipal-sobre-informacion-al-consumidor-para-2017\/#mainImage"},"datePublished":"2017-01-31T22:20:41+01:00","dateModified":"2017-01-31T22:20:41+01:00"},{"@type":"WebSite","@id":"https:\/\/www.eldigitaldeasturias.com\/noticias\/#website","url":"https:\/\/www.eldigitaldeasturias.com\/noticias\/","name":"El Digital de Asturias - Diario de actualidad y noticias","alternateName":"El Digital de Asturias - Diario de actualidad y noticias","description":"Hemeroteca","inLanguage":"es-ES","publisher":{"@id":"https:\/\/www.eldigitaldeasturias.com\/noticias\/#organization"}}]},"og:locale":"es_ES","og:site_name":"El Digital de Asturias","og:type":"article","og:title":"Avil\u00e9s edita la Agenda Municipal sobre Informaci\u00f3n al Consumidor para 2017 - El Digital de Asturias","og:description":"La concejala de Consumo, Ana Hevia, y la jefa de la Secci\u00f3n de Programas de Consumo de Avil\u00e9s, Carlota Amo, presentaron este martes 31 la Agenda Municipal sobre Informaci\u00f3n al Consumo 2017. Se trata de una publicaci\u00f3n que, desde 2008, edita anualmente la Oficina de Informaci\u00f3n al Consumidor de Avil\u00e9s y de la que, en","og:url":"https:\/\/www.eldigitaldeasturias.com\/noticias\/aviles-edita-la-agenda-municipal-sobre-informacion-al-consumidor-para-2017\/","og:image":"https:\/\/www.eldigitaldeasturias.com\/noticias\/wp-content\/uploads\/2015\/05\/aviles1.jpg","og:image:secure_url":"https:\/\/www.eldigitaldeasturias.com\/noticias\/wp-content\/uploads\/2015\/05\/aviles1.jpg","og:image:width":800,"og:image:height":536,"article:tag":["destacadas"],"article:published_time":"2017-01-31T22:20:41+00:00","article:modified_time":"2017-01-31T22:20:41+00:00","article:publisher":"https:\/\/facebook.com\/eldigitaldeasturias","twitter:card":"summary_large_image","twitter:title":"Avil\u00e9s edita la Agenda Municipal sobre Informaci\u00f3n al Consumidor para 2017 - El Digital de Asturias","twitter:description":"La concejala de Consumo, Ana Hevia, y la jefa de la Secci\u00f3n de Programas de Consumo de Avil\u00e9s, Carlota Amo, presentaron este martes 31 la Agenda Municipal sobre Informaci\u00f3n al Consumo 2017. Se trata de una publicaci\u00f3n que, desde 2008, edita anualmente la Oficina de Informaci\u00f3n al Consumidor de Avil\u00e9s y de la que, en","twitter:image":"https:\/\/www.eldigitaldeasturias.com\/noticias\/wp-content\/uploads\/2015\/05\/aviles1.jpg","twitter:label1":"Escrito por","twitter:data1":"El Digital de Asturias","twitter:label2":"Tiempo de lectura estimado","twitter:data2":"1 minuto"},"aioseo_meta_data":{"post_id":"924472","title":null,"description":null,"keywords":null,"keyphrases":null,"primary_term":null,"canonical_url":null,"og_title":null,"og_description":null,"og_object_type":"default","og_image_type":"default","og_image_url":null,"og_image_width":null,"og_image_height":null,"og_image_custom_url":null,"og_image_custom_fields":null,"og_video":null,"og_custom_url":null,"og_article_section":null,"og_article_tags":null,"twitter_use_og":false,"twitter_card":"default","twitter_image_type":"default","twitter_image_url":null,"twitter_image_custom_url":null,"twitter_image_custom_fields":null,"twitter_title":null,"twitter_description":null,"schema":{"blockGraphs":[],"customGraphs":[],"default":{"data":{"Article":[],"Course":[],"Dataset":[],"FAQPage":[],"Movie":[],"Person":[],"Product":[],"ProductReview":[],"Car":[],"Recipe":[],"Service":[],"SoftwareApplication":[],"WebPage":[]},"graphName":"","isEnabled":true},"graphs":[],"defaultGraph":"","defaultPostTypeGraph":""},"schema_type":null,"schema_type_options":null,"pillar_content":false,"robots_default":true,"robots_noindex":false,"robots_noarchive":false,"robots_nosnippet":false,"robots_nofollow":false,"robots_noimageindex":false,"robots_noodp":false,"robots_notranslate":false,"robots_max_snippet":null,"robots_max_videopreview":null,"robots_max_imagepreview":"large","priority":null,"frequency":null,"local_seo":null,"seo_analyzer_scan_date":"2025-12-03 00:15:09","breadcrumb_settings":null,"limit_modified_date":false,"open_ai":null,"ai":null,"created":"2020-12-21 13:40:28","updated":"2025-12-03 00:15:09"},"aioseo_breadcrumb":"<div class=\"aioseo-breadcrumbs\"><span class=\"aioseo-breadcrumb\">\n\t<a href=\"https:\/\/www.eldigitaldeasturias.com\/noticias\" title=\"Home\">Home<\/a>\n<\/span><span class=\"aioseo-breadcrumb-separator\">\u2013<\/span><span class=\"aioseo-breadcrumb\">\n\t<a href=\"https:\/\/www.eldigitaldeasturias.com\/noticias\/category\/destacadas\/\" title=\"Destacadas\">Destacadas<\/a>\n<\/span><span class=\"aioseo-breadcrumb-separator\">\u2013<\/span><span class=\"aioseo-breadcrumb\">\n\t<a href=\"https:\/\/www.eldigitaldeasturias.com\/noticias\/aviles-edita-la-agenda-municipal-sobre-informacion-al-consumidor-para-2017\/\" title=\"Avil\u00e9s edita la Agenda Municipal sobre Informaci\u00f3n al Consumidor para 2017\">Avil\u00e9s edita la Agenda Municipal sobre Informaci\u00f3n al Consumidor para 2017<\/a>\n<\/span><\/div>","aioseo_breadcrumb_json":[{"label":"Home","link":"https:\/\/www.eldigitaldeasturias.com\/noticias"},{"label":"Destacadas","link":"https:\/\/www.eldigitaldeasturias.com\/noticias\/category\/destacadas\/"},{"label":"Avil\u00e9s edita la Agenda Municipal sobre Informaci\u00f3n al Consumidor para 2017","link":"https:\/\/www.eldigitaldeasturias.com\/noticias\/aviles-edita-la-agenda-municipal-sobre-informacion-al-consumidor-para-2017\/"}],"_links":{"self":[{"href":"https:\/\/www.eldigitaldeasturias.com\/noticias\/wp-json\/wp\/v2\/posts\/924472","targetHints":{"allow":["GET"]}}],"collection":[{"href":"https:\/\/www.eldigitaldeasturias.com\/noticias\/wp-json\/wp\/v2\/posts"}],"about":[{"href":"https:\/\/www.eldigitaldeasturias.com\/noticias\/wp-json\/wp\/v2\/types\/post"}],"author":[{"embeddable":true,"href":"https:\/\/www.eldigitaldeasturias.com\/noticias\/wp-json\/wp\/v2\/users\/1"}],"replies":[{"embeddable":true,"href":"https:\/\/www.eldigitaldeasturias.com\/noticias\/wp-json\/wp\/v2\/comments?post=924472"}],"version-history":[{"count":0,"href":"https:\/\/www.eldigitaldeasturias.com\/noticias\/wp-json\/wp\/v2\/posts\/924472\/revisions"}],"wp:featuredmedia":[{"embeddable":true,"href":"https:\/\/www.eldigitaldeasturias.com\/noticias\/wp-json\/wp\/v2\/media\/785778"}],"wp:attachment":[{"href":"https:\/\/www.eldigitaldeasturias.com\/noticias\/wp-json\/wp\/v2\/media?parent=924472"}],"wp:term":[{"taxonomy":"category","embeddable":true,"href":"https:\/\/www.eldigitaldeasturias.com\/noticias\/wp-json\/wp\/v2\/categories?post=924472"},{"taxonomy":"post_tag","embeddable":true,"href":"https:\/\/www.eldigitaldeasturias.com\/noticias\/wp-json\/wp\/v2\/tags?post=924472"}],"curies":[{"name":"wp","href":"https:\/\/api.w.org\/{rel}","templated":true}]}}