{"id":924297,"date":"2017-01-31T14:48:45","date_gmt":"2017-01-31T14:48:45","guid":{"rendered":"http:\/\/www.eldigitaldeasturias.com\/noticias\/?p=924297"},"modified":"2017-01-31T14:48:45","modified_gmt":"2017-01-31T14:48:45","slug":"el-gobierno-de-asturias-aprueba-el-proyecto-para-la-ley-de-muerte-digna","status":"publish","type":"post","link":"https:\/\/www.eldigitaldeasturias.com\/noticias\/el-gobierno-de-asturias-aprueba-el-proyecto-para-la-ley-de-muerte-digna\/","title":{"rendered":"El Gobierno de Asturias aprueba el proyecto para la Ley de Muerte Digna"},"content":{"rendered":"<p><strong><img loading=\"lazy\" decoding=\"async\" class=\"alignleft size-medium wp-image-919279\" src=\"https:\/\/www.eldigitaldeasturias.com\/noticias\/wp-content\/uploads\/2016\/12\/Consejo-Gobierno1-360x240.jpg\" alt=\"\" width=\"360\" height=\"240\" srcset=\"https:\/\/www.eldigitaldeasturias.com\/noticias\/wp-content\/uploads\/2016\/12\/Consejo-Gobierno1-360x240.jpg 360w, https:\/\/www.eldigitaldeasturias.com\/noticias\/wp-content\/uploads\/2016\/12\/Consejo-Gobierno1-768x512.jpg 768w, https:\/\/www.eldigitaldeasturias.com\/noticias\/wp-content\/uploads\/2016\/12\/Consejo-Gobierno1-650x433.jpg 650w, https:\/\/www.eldigitaldeasturias.com\/noticias\/wp-content\/uploads\/2016\/12\/Consejo-Gobierno1.jpg 1280w\" sizes=\"auto, (max-width: 360px) 100vw, 360px\" \/>El Gobierno de Asturias <\/strong>ha dado luz verde al proyecto de Ley de Derechos y Garant\u00edas al Final de la Vida, popularmente conocida como <strong>Ley de Muerte Digna<\/strong>, con la que se pretende asegurar la calidad asistencial y el respeto a las personas en sus \u00faltimos momentos. La normativa, que ya cuenta con el respaldo del <strong>Consejo de Gobierno<\/strong>, servir\u00e1 como gu\u00eda ante posibles conflictos legales y \u00e9ticos relacionados con la autonom\u00eda del paciente para tomar decisiones sobre su enfermedad o incluso sobre su propia muerte.<\/p>\n<p>La norma se aplicar\u00e1, en el \u00e1mbito de la comunidad aut\u00f3noma, a las personas que se encuentren en el final de su vida o que afronten decisiones relacionadas con este proceso, ya sea en su domicilio o en un centro sanitario. Tambi\u00e9n regir\u00e1 sobre sus familiares y representantes y al personal implicado en su atenci\u00f3n, as\u00ed como a los servicios y establecimientos sanitarios y de servicios sociales y a las entidades aseguradoras.<\/p>\n<p>El proyecto pretende garantizar la dignidad del paciente y defender su autonom\u00eda y voluntad, lo que incluye las preferencias detalladas en su documento de instrucciones previas. El texto regula los derechos y deberes de los profesionales del \u00e1mbito social y sanitario que les atiendan y vela por las garant\u00edas que deben proporcionar las instituciones en relaci\u00f3n con este proceso.<\/p>\n<p>El planteamiento de la ley asume el consenso generado sobre los derechos del paciente en el proceso final de su vida, fuera del contexto de la tipificaci\u00f3n penal vigente de la eutanasia o suicidio asistido, concebido como la acci\u00f3n de causar o cooperar activamente con actos necesarios y directos a la muerte de otro. Estos aspectos son ajenos a la regulaci\u00f3n que establece el proyecto, dado que su abordaje corresponder\u00eda al \u00e1mbito estatal.<\/p>\n<p>La necesidad de regular esta etapa vital se fundamenta en dos principios. Por un lado, la consolidaci\u00f3n del respeto a la dignidad como valor intr\u00ednseco y base del respeto que todo ser humano merece, con independencia de su grado de autonom\u00eda o de conciencia. Y por otro lado, la seguridad jur\u00eddica para los profesionales sanitarios, de manera que puedan conocer con certeza c\u00f3mo proceder y actuar para dar pleno cumplimiento a los deseos de la persona.<\/p>\n<p>Derechos esenciales<\/p>\n<p>La norma se estructura en cinco t\u00edtulos. El t\u00edtulo preliminar establece las disposiciones y definiciones generales de la norma. El primero constituye el n\u00facleo principal, al contemplar los derechos de las personas en el proceso final de la vida. Partiendo del reconocimiento del derecho a la dignidad, se reconocen derechos esenciales en esta fase, como recibir informaci\u00f3n asistencial, manifestar el consentimiento informado, otorgar instrucciones previas, gozar de acompa\u00f1amiento, recibir cuidados paliativos integrales o tratamiento del dolor y administraci\u00f3n de sedaci\u00f3n paliativa.<\/p>\n<p>De estos derechos se derivan una serie de deberes para los profesionales sanitarios, recogidos en el t\u00edtulo segundo, que tambi\u00e9n desembocan en obligaciones para los centros e instituciones sanitarias y de servicios sociales en las que se presta asistencia, fijadas en el t\u00edtulo tercero.<\/p>\n<p>El t\u00edtulo cuarto establece una serie de infracciones y sanciones por incumplimiento de la norma. Por \u00faltimo, se recogen cuatro disposiciones adicionales destinadas a mejorar la calidad a la hora de aplicar la ley.<\/p>\n","protected":false},"excerpt":{"rendered":"<p>El Gobierno de Asturias ha dado luz verde al proyecto de Ley de Derechos y Garant\u00edas al Final de la Vida, popularmente conocida como Ley de Muerte Digna, con la que se pretende asegurar la calidad asistencial y el respeto a las personas en sus \u00faltimos momentos. La normativa, que ya cuenta con el respaldo [&hellip;]<\/p>\n","protected":false},"author":1,"featured_media":919279,"comment_status":"closed","ping_status":"closed","sticky":false,"template":"","format":"standard","meta":{"footnotes":""},"categories":[141],"tags":[],"class_list":["post-924297","post","type-post","status-publish","format-standard","has-post-thumbnail","hentry","category-destacadas"],"aioseo_notices":[],"aioseo_head":"\n\t\t<!-- All in One SEO Pro 4.9.6.2 - aioseo.com -->\n\t<meta name=\"description\" content=\"El Gobierno de Asturias ha dado luz verde al proyecto de Ley de Derechos y Garant\u00edas al Final de la Vida, popularmente conocida como Ley de Muerte Digna, con la que se pretende asegurar la calidad asistencial y el respeto a las personas en sus \u00faltimos momentos. La normativa, que ya cuenta con el respaldo\" \/>\n\t<meta name=\"robots\" content=\"max-image-preview:large\" \/>\n\t<meta name=\"author\" content=\"El Digital de Asturias\"\/>\n\t<meta name=\"google-site-verification\" content=\"UA-38556648-1\" \/>\n\t<meta name=\"msvalidate.01\" content=\"7dfe9f3f1b24437ab69f4f2559babe99\" \/>\n\t<meta name=\"keywords\" content=\"destacadas\" \/>\n\t<link rel=\"canonical\" href=\"https:\/\/www.eldigitaldeasturias.com\/noticias\/el-gobierno-de-asturias-aprueba-el-proyecto-para-la-ley-de-muerte-digna\/\" \/>\n\t<meta name=\"generator\" content=\"All in One SEO Pro (AIOSEO) 4.9.6.2\" \/>\n\t\t<meta property=\"og:locale\" content=\"es_ES\" \/>\n\t\t<meta property=\"og:site_name\" content=\"El Digital de Asturias\" \/>\n\t\t<meta property=\"og:type\" content=\"article\" \/>\n\t\t<meta property=\"og:title\" content=\"El Gobierno de Asturias aprueba el proyecto para la Ley de Muerte Digna - El Digital de Asturias\" \/>\n\t\t<meta property=\"og:description\" content=\"El Gobierno de Asturias ha dado luz verde al proyecto de Ley de Derechos y Garant\u00edas al Final de la Vida, popularmente conocida como Ley de Muerte Digna, con la que se pretende asegurar la calidad asistencial y el respeto a las personas en sus \u00faltimos momentos. La normativa, que ya cuenta con el respaldo\" \/>\n\t\t<meta property=\"og:url\" content=\"https:\/\/www.eldigitaldeasturias.com\/noticias\/el-gobierno-de-asturias-aprueba-el-proyecto-para-la-ley-de-muerte-digna\/\" \/>\n\t\t<meta property=\"og:image\" content=\"https:\/\/www.eldigitaldeasturias.com\/noticias\/wp-content\/uploads\/2016\/12\/Consejo-Gobierno1.jpg\" \/>\n\t\t<meta property=\"og:image:secure_url\" content=\"https:\/\/www.eldigitaldeasturias.com\/noticias\/wp-content\/uploads\/2016\/12\/Consejo-Gobierno1.jpg\" \/>\n\t\t<meta property=\"og:image:width\" content=\"1280\" \/>\n\t\t<meta property=\"og:image:height\" content=\"853\" \/>\n\t\t<meta property=\"article:tag\" content=\"destacadas\" \/>\n\t\t<meta property=\"article:published_time\" content=\"2017-01-31T14:48:45+00:00\" \/>\n\t\t<meta property=\"article:modified_time\" content=\"2017-01-31T14:48:45+00:00\" \/>\n\t\t<meta property=\"article:publisher\" content=\"https:\/\/facebook.com\/eldigitaldeasturias\" \/>\n\t\t<meta name=\"twitter:card\" content=\"summary_large_image\" \/>\n\t\t<meta name=\"twitter:title\" content=\"El Gobierno de Asturias aprueba el proyecto para la Ley de Muerte Digna - El Digital de Asturias\" \/>\n\t\t<meta name=\"twitter:description\" content=\"El Gobierno de Asturias ha dado luz verde al proyecto de Ley de Derechos y Garant\u00edas al Final de la Vida, popularmente conocida como Ley de Muerte Digna, con la que se pretende asegurar la calidad asistencial y el respeto a las personas en sus \u00faltimos momentos. La normativa, que ya cuenta con el respaldo\" \/>\n\t\t<meta name=\"twitter:image\" content=\"https:\/\/www.eldigitaldeasturias.com\/noticias\/wp-content\/uploads\/2016\/12\/Consejo-Gobierno1.jpg\" \/>\n\t\t<meta name=\"twitter:label1\" content=\"Escrito por\" \/>\n\t\t<meta name=\"twitter:data1\" content=\"El Digital de Asturias\" \/>\n\t\t<meta name=\"twitter:label2\" content=\"Tiempo de lectura estimado\" \/>\n\t\t<meta name=\"twitter:data2\" content=\"3 minutos\" \/>\n\t\t<script type=\"application\/ld+json\" class=\"aioseo-schema\">\n\t\t\t{\"@context\":\"https:\\\/\\\/schema.org\",\"@graph\":[{\"@type\":\"BlogPosting\",\"@id\":\"https:\\\/\\\/www.eldigitaldeasturias.com\\\/noticias\\\/el-gobierno-de-asturias-aprueba-el-proyecto-para-la-ley-de-muerte-digna\\\/#blogposting\",\"name\":\"El Gobierno de Asturias aprueba el proyecto para la Ley de Muerte Digna - El Digital de Asturias\",\"headline\":\"El Gobierno de Asturias aprueba el proyecto para la Ley de Muerte Digna\",\"author\":{\"@id\":\"https:\\\/\\\/www.eldigitaldeasturias.com\\\/noticias\\\/author\\\/admin\\\/#author\"},\"publisher\":{\"@id\":\"https:\\\/\\\/www.eldigitaldeasturias.com\\\/noticias\\\/#organization\"},\"image\":{\"@type\":\"ImageObject\",\"url\":\"https:\\\/\\\/www.eldigitaldeasturias.com\\\/noticias\\\/wp-content\\\/uploads\\\/2016\\\/12\\\/Consejo-Gobierno1.jpg\",\"width\":1280,\"height\":853},\"datePublished\":\"2017-01-31T14:48:45+01:00\",\"dateModified\":\"2017-01-31T14:48:45+01:00\",\"inLanguage\":\"es-ES\",\"mainEntityOfPage\":{\"@id\":\"https:\\\/\\\/www.eldigitaldeasturias.com\\\/noticias\\\/el-gobierno-de-asturias-aprueba-el-proyecto-para-la-ley-de-muerte-digna\\\/#webpage\"},\"isPartOf\":{\"@id\":\"https:\\\/\\\/www.eldigitaldeasturias.com\\\/noticias\\\/el-gobierno-de-asturias-aprueba-el-proyecto-para-la-ley-de-muerte-digna\\\/#webpage\"},\"articleSection\":\"Destacadas\"},{\"@type\":\"BreadcrumbList\",\"@id\":\"https:\\\/\\\/www.eldigitaldeasturias.com\\\/noticias\\\/el-gobierno-de-asturias-aprueba-el-proyecto-para-la-ley-de-muerte-digna\\\/#breadcrumblist\",\"itemListElement\":[{\"@type\":\"ListItem\",\"@id\":\"https:\\\/\\\/www.eldigitaldeasturias.com\\\/noticias#listItem\",\"position\":1,\"name\":\"Home\",\"item\":\"https:\\\/\\\/www.eldigitaldeasturias.com\\\/noticias\",\"nextItem\":{\"@type\":\"ListItem\",\"@id\":\"https:\\\/\\\/www.eldigitaldeasturias.com\\\/noticias\\\/category\\\/destacadas\\\/#listItem\",\"name\":\"Destacadas\"}},{\"@type\":\"ListItem\",\"@id\":\"https:\\\/\\\/www.eldigitaldeasturias.com\\\/noticias\\\/category\\\/destacadas\\\/#listItem\",\"position\":2,\"name\":\"Destacadas\",\"item\":\"https:\\\/\\\/www.eldigitaldeasturias.com\\\/noticias\\\/category\\\/destacadas\\\/\",\"nextItem\":{\"@type\":\"ListItem\",\"@id\":\"https:\\\/\\\/www.eldigitaldeasturias.com\\\/noticias\\\/el-gobierno-de-asturias-aprueba-el-proyecto-para-la-ley-de-muerte-digna\\\/#listItem\",\"name\":\"El Gobierno de Asturias aprueba el proyecto para la Ley de Muerte Digna\"},\"previousItem\":{\"@type\":\"ListItem\",\"@id\":\"https:\\\/\\\/www.eldigitaldeasturias.com\\\/noticias#listItem\",\"name\":\"Home\"}},{\"@type\":\"ListItem\",\"@id\":\"https:\\\/\\\/www.eldigitaldeasturias.com\\\/noticias\\\/el-gobierno-de-asturias-aprueba-el-proyecto-para-la-ley-de-muerte-digna\\\/#listItem\",\"position\":3,\"name\":\"El Gobierno de Asturias aprueba el proyecto para la Ley de Muerte Digna\",\"previousItem\":{\"@type\":\"ListItem\",\"@id\":\"https:\\\/\\\/www.eldigitaldeasturias.com\\\/noticias\\\/category\\\/destacadas\\\/#listItem\",\"name\":\"Destacadas\"}}]},{\"@type\":\"Organization\",\"@id\":\"https:\\\/\\\/www.eldigitaldeasturias.com\\\/noticias\\\/#organization\",\"name\":\"El Digital de Asturias\",\"description\":\"Hemeroteca\",\"url\":\"https:\\\/\\\/www.eldigitaldeasturias.com\\\/noticias\\\/\",\"email\":\"info@eldigitaldeasturias.com\",\"telephone\":\"+34652131393\",\"logo\":{\"@type\":\"ImageObject\",\"url\":\"https:\\\/\\\/www.eldigitaldeasturias.com\\\/noticias\\\/wp-content\\\/uploads\\\/2020\\\/12\\\/EDA.jpg\",\"@id\":\"https:\\\/\\\/www.eldigitaldeasturias.com\\\/noticias\\\/el-gobierno-de-asturias-aprueba-el-proyecto-para-la-ley-de-muerte-digna\\\/#organizationLogo\",\"width\":649,\"height\":297},\"image\":{\"@id\":\"https:\\\/\\\/www.eldigitaldeasturias.com\\\/noticias\\\/el-gobierno-de-asturias-aprueba-el-proyecto-para-la-ley-de-muerte-digna\\\/#organizationLogo\"},\"sameAs\":[\"https:\\\/\\\/facebook.com\\\/eldigitaldeasturias\",\"https:\\\/\\\/www.youtube.com\\\/channel\\\/UCZP-2wLEB9Rv6erhFmqVnvg\"],\"address\":{\"@id\":\"https:\\\/\\\/www.eldigitaldeasturias.com\\\/noticias\\\/#postaladdress\",\"@type\":\"PostalAddress\",\"streetAddress\":\"san antonio 4,\",\"postalCode\":\"33430\",\"addressLocality\":\"Cand\\u00e1s\",\"addressRegion\":\"Asturias\",\"addressCountry\":\"ES\"}},{\"@type\":\"Person\",\"@id\":\"https:\\\/\\\/www.eldigitaldeasturias.com\\\/noticias\\\/author\\\/admin\\\/#author\",\"url\":\"https:\\\/\\\/www.eldigitaldeasturias.com\\\/noticias\\\/author\\\/admin\\\/\",\"name\":\"El Digital de Asturias\",\"image\":{\"@type\":\"ImageObject\",\"@id\":\"https:\\\/\\\/www.eldigitaldeasturias.com\\\/noticias\\\/el-gobierno-de-asturias-aprueba-el-proyecto-para-la-ley-de-muerte-digna\\\/#authorImage\",\"url\":\"https:\\\/\\\/www.eldigitaldeasturias.com\\\/noticias\\\/wp-content\\\/litespeed\\\/avatar\\\/18677e78aa0546b92d9dbf31ec7d7668.jpg?ver=1777290358\",\"width\":96,\"height\":96,\"caption\":\"El Digital de Asturias\"}},{\"@type\":\"WebPage\",\"@id\":\"https:\\\/\\\/www.eldigitaldeasturias.com\\\/noticias\\\/el-gobierno-de-asturias-aprueba-el-proyecto-para-la-ley-de-muerte-digna\\\/#webpage\",\"url\":\"https:\\\/\\\/www.eldigitaldeasturias.com\\\/noticias\\\/el-gobierno-de-asturias-aprueba-el-proyecto-para-la-ley-de-muerte-digna\\\/\",\"name\":\"El Gobierno de Asturias aprueba el proyecto para la Ley de Muerte Digna - El Digital de Asturias\",\"description\":\"El Gobierno de Asturias ha dado luz verde al proyecto de Ley de Derechos y Garant\\u00edas al Final de la Vida, popularmente conocida como Ley de Muerte Digna, con la que se pretende asegurar la calidad asistencial y el respeto a las personas en sus \\u00faltimos momentos. La normativa, que ya cuenta con el respaldo\",\"inLanguage\":\"es-ES\",\"isPartOf\":{\"@id\":\"https:\\\/\\\/www.eldigitaldeasturias.com\\\/noticias\\\/#website\"},\"breadcrumb\":{\"@id\":\"https:\\\/\\\/www.eldigitaldeasturias.com\\\/noticias\\\/el-gobierno-de-asturias-aprueba-el-proyecto-para-la-ley-de-muerte-digna\\\/#breadcrumblist\"},\"author\":{\"@id\":\"https:\\\/\\\/www.eldigitaldeasturias.com\\\/noticias\\\/author\\\/admin\\\/#author\"},\"creator\":{\"@id\":\"https:\\\/\\\/www.eldigitaldeasturias.com\\\/noticias\\\/author\\\/admin\\\/#author\"},\"image\":{\"@type\":\"ImageObject\",\"url\":\"https:\\\/\\\/www.eldigitaldeasturias.com\\\/noticias\\\/wp-content\\\/uploads\\\/2016\\\/12\\\/Consejo-Gobierno1.jpg\",\"@id\":\"https:\\\/\\\/www.eldigitaldeasturias.com\\\/noticias\\\/el-gobierno-de-asturias-aprueba-el-proyecto-para-la-ley-de-muerte-digna\\\/#mainImage\",\"width\":1280,\"height\":853},\"primaryImageOfPage\":{\"@id\":\"https:\\\/\\\/www.eldigitaldeasturias.com\\\/noticias\\\/el-gobierno-de-asturias-aprueba-el-proyecto-para-la-ley-de-muerte-digna\\\/#mainImage\"},\"datePublished\":\"2017-01-31T14:48:45+01:00\",\"dateModified\":\"2017-01-31T14:48:45+01:00\"},{\"@type\":\"WebSite\",\"@id\":\"https:\\\/\\\/www.eldigitaldeasturias.com\\\/noticias\\\/#website\",\"url\":\"https:\\\/\\\/www.eldigitaldeasturias.com\\\/noticias\\\/\",\"name\":\"El Digital de Asturias - Diario de actualidad y noticias\",\"alternateName\":\"El Digital de Asturias - Diario de actualidad y noticias\",\"description\":\"Hemeroteca\",\"inLanguage\":\"es-ES\",\"publisher\":{\"@id\":\"https:\\\/\\\/www.eldigitaldeasturias.com\\\/noticias\\\/#organization\"}}]}\n\t\t<\/script>\n\t\t<!-- All in One SEO Pro -->\r\n\t\t<title>El Gobierno de Asturias aprueba el proyecto para la Ley de Muerte Digna - El Digital de Asturias<\/title>\n\n","aioseo_head_json":{"title":"El Gobierno de Asturias aprueba el proyecto para la Ley de Muerte Digna - El Digital de Asturias","description":"El Gobierno de Asturias ha dado luz verde al proyecto de Ley de Derechos y Garant\u00edas al Final de la Vida, popularmente conocida como Ley de Muerte Digna, con la que se pretende asegurar la calidad asistencial y el respeto a las personas en sus \u00faltimos momentos. La normativa, que ya cuenta con el respaldo","canonical_url":"https:\/\/www.eldigitaldeasturias.com\/noticias\/el-gobierno-de-asturias-aprueba-el-proyecto-para-la-ley-de-muerte-digna\/","robots":"max-image-preview:large","keywords":"destacadas","webmasterTools":{"google-site-verification":"UA-38556648-1","msvalidate.01":"7dfe9f3f1b24437ab69f4f2559babe99","miscellaneous":""},"schema":{"@context":"https:\/\/schema.org","@graph":[{"@type":"BlogPosting","@id":"https:\/\/www.eldigitaldeasturias.com\/noticias\/el-gobierno-de-asturias-aprueba-el-proyecto-para-la-ley-de-muerte-digna\/#blogposting","name":"El Gobierno de Asturias aprueba el proyecto para la Ley de Muerte Digna - El Digital de Asturias","headline":"El Gobierno de Asturias aprueba el proyecto para la Ley de Muerte Digna","author":{"@id":"https:\/\/www.eldigitaldeasturias.com\/noticias\/author\/admin\/#author"},"publisher":{"@id":"https:\/\/www.eldigitaldeasturias.com\/noticias\/#organization"},"image":{"@type":"ImageObject","url":"https:\/\/www.eldigitaldeasturias.com\/noticias\/wp-content\/uploads\/2016\/12\/Consejo-Gobierno1.jpg","width":1280,"height":853},"datePublished":"2017-01-31T14:48:45+01:00","dateModified":"2017-01-31T14:48:45+01:00","inLanguage":"es-ES","mainEntityOfPage":{"@id":"https:\/\/www.eldigitaldeasturias.com\/noticias\/el-gobierno-de-asturias-aprueba-el-proyecto-para-la-ley-de-muerte-digna\/#webpage"},"isPartOf":{"@id":"https:\/\/www.eldigitaldeasturias.com\/noticias\/el-gobierno-de-asturias-aprueba-el-proyecto-para-la-ley-de-muerte-digna\/#webpage"},"articleSection":"Destacadas"},{"@type":"BreadcrumbList","@id":"https:\/\/www.eldigitaldeasturias.com\/noticias\/el-gobierno-de-asturias-aprueba-el-proyecto-para-la-ley-de-muerte-digna\/#breadcrumblist","itemListElement":[{"@type":"ListItem","@id":"https:\/\/www.eldigitaldeasturias.com\/noticias#listItem","position":1,"name":"Home","item":"https:\/\/www.eldigitaldeasturias.com\/noticias","nextItem":{"@type":"ListItem","@id":"https:\/\/www.eldigitaldeasturias.com\/noticias\/category\/destacadas\/#listItem","name":"Destacadas"}},{"@type":"ListItem","@id":"https:\/\/www.eldigitaldeasturias.com\/noticias\/category\/destacadas\/#listItem","position":2,"name":"Destacadas","item":"https:\/\/www.eldigitaldeasturias.com\/noticias\/category\/destacadas\/","nextItem":{"@type":"ListItem","@id":"https:\/\/www.eldigitaldeasturias.com\/noticias\/el-gobierno-de-asturias-aprueba-el-proyecto-para-la-ley-de-muerte-digna\/#listItem","name":"El Gobierno de Asturias aprueba el proyecto para la Ley de Muerte Digna"},"previousItem":{"@type":"ListItem","@id":"https:\/\/www.eldigitaldeasturias.com\/noticias#listItem","name":"Home"}},{"@type":"ListItem","@id":"https:\/\/www.eldigitaldeasturias.com\/noticias\/el-gobierno-de-asturias-aprueba-el-proyecto-para-la-ley-de-muerte-digna\/#listItem","position":3,"name":"El Gobierno de Asturias aprueba el proyecto para la Ley de Muerte Digna","previousItem":{"@type":"ListItem","@id":"https:\/\/www.eldigitaldeasturias.com\/noticias\/category\/destacadas\/#listItem","name":"Destacadas"}}]},{"@type":"Organization","@id":"https:\/\/www.eldigitaldeasturias.com\/noticias\/#organization","name":"El Digital de Asturias","description":"Hemeroteca","url":"https:\/\/www.eldigitaldeasturias.com\/noticias\/","email":"info@eldigitaldeasturias.com","telephone":"+34652131393","logo":{"@type":"ImageObject","url":"https:\/\/www.eldigitaldeasturias.com\/noticias\/wp-content\/uploads\/2020\/12\/EDA.jpg","@id":"https:\/\/www.eldigitaldeasturias.com\/noticias\/el-gobierno-de-asturias-aprueba-el-proyecto-para-la-ley-de-muerte-digna\/#organizationLogo","width":649,"height":297},"image":{"@id":"https:\/\/www.eldigitaldeasturias.com\/noticias\/el-gobierno-de-asturias-aprueba-el-proyecto-para-la-ley-de-muerte-digna\/#organizationLogo"},"sameAs":["https:\/\/facebook.com\/eldigitaldeasturias","https:\/\/www.youtube.com\/channel\/UCZP-2wLEB9Rv6erhFmqVnvg"],"address":{"@id":"https:\/\/www.eldigitaldeasturias.com\/noticias\/#postaladdress","@type":"PostalAddress","streetAddress":"san antonio 4,","postalCode":"33430","addressLocality":"Cand\u00e1s","addressRegion":"Asturias","addressCountry":"ES"}},{"@type":"Person","@id":"https:\/\/www.eldigitaldeasturias.com\/noticias\/author\/admin\/#author","url":"https:\/\/www.eldigitaldeasturias.com\/noticias\/author\/admin\/","name":"El Digital de Asturias","image":{"@type":"ImageObject","@id":"https:\/\/www.eldigitaldeasturias.com\/noticias\/el-gobierno-de-asturias-aprueba-el-proyecto-para-la-ley-de-muerte-digna\/#authorImage","url":"https:\/\/www.eldigitaldeasturias.com\/noticias\/wp-content\/litespeed\/avatar\/18677e78aa0546b92d9dbf31ec7d7668.jpg?ver=1777290358","width":96,"height":96,"caption":"El Digital de Asturias"}},{"@type":"WebPage","@id":"https:\/\/www.eldigitaldeasturias.com\/noticias\/el-gobierno-de-asturias-aprueba-el-proyecto-para-la-ley-de-muerte-digna\/#webpage","url":"https:\/\/www.eldigitaldeasturias.com\/noticias\/el-gobierno-de-asturias-aprueba-el-proyecto-para-la-ley-de-muerte-digna\/","name":"El Gobierno de Asturias aprueba el proyecto para la Ley de Muerte Digna - El Digital de Asturias","description":"El Gobierno de Asturias ha dado luz verde al proyecto de Ley de Derechos y Garant\u00edas al Final de la Vida, popularmente conocida como Ley de Muerte Digna, con la que se pretende asegurar la calidad asistencial y el respeto a las personas en sus \u00faltimos momentos. La normativa, que ya cuenta con el respaldo","inLanguage":"es-ES","isPartOf":{"@id":"https:\/\/www.eldigitaldeasturias.com\/noticias\/#website"},"breadcrumb":{"@id":"https:\/\/www.eldigitaldeasturias.com\/noticias\/el-gobierno-de-asturias-aprueba-el-proyecto-para-la-ley-de-muerte-digna\/#breadcrumblist"},"author":{"@id":"https:\/\/www.eldigitaldeasturias.com\/noticias\/author\/admin\/#author"},"creator":{"@id":"https:\/\/www.eldigitaldeasturias.com\/noticias\/author\/admin\/#author"},"image":{"@type":"ImageObject","url":"https:\/\/www.eldigitaldeasturias.com\/noticias\/wp-content\/uploads\/2016\/12\/Consejo-Gobierno1.jpg","@id":"https:\/\/www.eldigitaldeasturias.com\/noticias\/el-gobierno-de-asturias-aprueba-el-proyecto-para-la-ley-de-muerte-digna\/#mainImage","width":1280,"height":853},"primaryImageOfPage":{"@id":"https:\/\/www.eldigitaldeasturias.com\/noticias\/el-gobierno-de-asturias-aprueba-el-proyecto-para-la-ley-de-muerte-digna\/#mainImage"},"datePublished":"2017-01-31T14:48:45+01:00","dateModified":"2017-01-31T14:48:45+01:00"},{"@type":"WebSite","@id":"https:\/\/www.eldigitaldeasturias.com\/noticias\/#website","url":"https:\/\/www.eldigitaldeasturias.com\/noticias\/","name":"El Digital de Asturias - Diario de actualidad y noticias","alternateName":"El Digital de Asturias - Diario de actualidad y noticias","description":"Hemeroteca","inLanguage":"es-ES","publisher":{"@id":"https:\/\/www.eldigitaldeasturias.com\/noticias\/#organization"}}]},"og:locale":"es_ES","og:site_name":"El Digital de Asturias","og:type":"article","og:title":"El Gobierno de Asturias aprueba el proyecto para la Ley de Muerte Digna - El Digital de Asturias","og:description":"El Gobierno de Asturias ha dado luz verde al proyecto de Ley de Derechos y Garant\u00edas al Final de la Vida, popularmente conocida como Ley de Muerte Digna, con la que se pretende asegurar la calidad asistencial y el respeto a las personas en sus \u00faltimos momentos. La normativa, que ya cuenta con el respaldo","og:url":"https:\/\/www.eldigitaldeasturias.com\/noticias\/el-gobierno-de-asturias-aprueba-el-proyecto-para-la-ley-de-muerte-digna\/","og:image":"https:\/\/www.eldigitaldeasturias.com\/noticias\/wp-content\/uploads\/2016\/12\/Consejo-Gobierno1.jpg","og:image:secure_url":"https:\/\/www.eldigitaldeasturias.com\/noticias\/wp-content\/uploads\/2016\/12\/Consejo-Gobierno1.jpg","og:image:width":1280,"og:image:height":853,"article:tag":["destacadas"],"article:published_time":"2017-01-31T14:48:45+00:00","article:modified_time":"2017-01-31T14:48:45+00:00","article:publisher":"https:\/\/facebook.com\/eldigitaldeasturias","twitter:card":"summary_large_image","twitter:title":"El Gobierno de Asturias aprueba el proyecto para la Ley de Muerte Digna - El Digital de Asturias","twitter:description":"El Gobierno de Asturias ha dado luz verde al proyecto de Ley de Derechos y Garant\u00edas al Final de la Vida, popularmente conocida como Ley de Muerte Digna, con la que se pretende asegurar la calidad asistencial y el respeto a las personas en sus \u00faltimos momentos. La normativa, que ya cuenta con el respaldo","twitter:image":"https:\/\/www.eldigitaldeasturias.com\/noticias\/wp-content\/uploads\/2016\/12\/Consejo-Gobierno1.jpg","twitter:label1":"Escrito por","twitter:data1":"El Digital de Asturias","twitter:label2":"Tiempo de lectura estimado","twitter:data2":"3 minutos"},"aioseo_meta_data":{"post_id":"924297","title":null,"description":null,"keywords":null,"keyphrases":null,"primary_term":null,"canonical_url":null,"og_title":null,"og_description":null,"og_object_type":"default","og_image_type":"default","og_image_url":null,"og_image_width":null,"og_image_height":null,"og_image_custom_url":null,"og_image_custom_fields":null,"og_video":null,"og_custom_url":null,"og_article_section":null,"og_article_tags":null,"twitter_use_og":false,"twitter_card":"default","twitter_image_type":"default","twitter_image_url":null,"twitter_image_custom_url":null,"twitter_image_custom_fields":null,"twitter_title":null,"twitter_description":null,"schema":{"blockGraphs":[],"customGraphs":[],"default":{"data":{"Article":[],"Course":[],"Dataset":[],"FAQPage":[],"Movie":[],"Person":[],"Product":[],"ProductReview":[],"Car":[],"Recipe":[],"Service":[],"SoftwareApplication":[],"WebPage":[]},"graphName":"","isEnabled":true},"graphs":[],"defaultGraph":"","defaultPostTypeGraph":""},"schema_type":null,"schema_type_options":null,"pillar_content":false,"robots_default":true,"robots_noindex":false,"robots_noarchive":false,"robots_nosnippet":false,"robots_nofollow":false,"robots_noimageindex":false,"robots_noodp":false,"robots_notranslate":false,"robots_max_snippet":null,"robots_max_videopreview":null,"robots_max_imagepreview":"large","priority":null,"frequency":null,"local_seo":null,"seo_analyzer_scan_date":"2025-12-02 23:40:13","breadcrumb_settings":null,"limit_modified_date":false,"open_ai":null,"ai":null,"created":"2020-12-21 13:40:29","updated":"2025-12-02 23:40:13"},"aioseo_breadcrumb":"<div class=\"aioseo-breadcrumbs\"><span class=\"aioseo-breadcrumb\">\n\t<a href=\"https:\/\/www.eldigitaldeasturias.com\/noticias\" title=\"Home\">Home<\/a>\n<\/span><span class=\"aioseo-breadcrumb-separator\">\u2013<\/span><span class=\"aioseo-breadcrumb\">\n\t<a href=\"https:\/\/www.eldigitaldeasturias.com\/noticias\/category\/destacadas\/\" title=\"Destacadas\">Destacadas<\/a>\n<\/span><span class=\"aioseo-breadcrumb-separator\">\u2013<\/span><span class=\"aioseo-breadcrumb\">\n\t<a href=\"https:\/\/www.eldigitaldeasturias.com\/noticias\/el-gobierno-de-asturias-aprueba-el-proyecto-para-la-ley-de-muerte-digna\/\" title=\"El Gobierno de Asturias aprueba el proyecto para la Ley de Muerte Digna\">El Gobierno de Asturias aprueba el proyecto para la Ley de Muerte Digna<\/a>\n<\/span><\/div>","aioseo_breadcrumb_json":[{"label":"Home","link":"https:\/\/www.eldigitaldeasturias.com\/noticias"},{"label":"Destacadas","link":"https:\/\/www.eldigitaldeasturias.com\/noticias\/category\/destacadas\/"},{"label":"El Gobierno de Asturias aprueba el proyecto para la Ley de Muerte Digna","link":"https:\/\/www.eldigitaldeasturias.com\/noticias\/el-gobierno-de-asturias-aprueba-el-proyecto-para-la-ley-de-muerte-digna\/"}],"_links":{"self":[{"href":"https:\/\/www.eldigitaldeasturias.com\/noticias\/wp-json\/wp\/v2\/posts\/924297","targetHints":{"allow":["GET"]}}],"collection":[{"href":"https:\/\/www.eldigitaldeasturias.com\/noticias\/wp-json\/wp\/v2\/posts"}],"about":[{"href":"https:\/\/www.eldigitaldeasturias.com\/noticias\/wp-json\/wp\/v2\/types\/post"}],"author":[{"embeddable":true,"href":"https:\/\/www.eldigitaldeasturias.com\/noticias\/wp-json\/wp\/v2\/users\/1"}],"replies":[{"embeddable":true,"href":"https:\/\/www.eldigitaldeasturias.com\/noticias\/wp-json\/wp\/v2\/comments?post=924297"}],"version-history":[{"count":0,"href":"https:\/\/www.eldigitaldeasturias.com\/noticias\/wp-json\/wp\/v2\/posts\/924297\/revisions"}],"wp:featuredmedia":[{"embeddable":true,"href":"https:\/\/www.eldigitaldeasturias.com\/noticias\/wp-json\/wp\/v2\/media\/919279"}],"wp:attachment":[{"href":"https:\/\/www.eldigitaldeasturias.com\/noticias\/wp-json\/wp\/v2\/media?parent=924297"}],"wp:term":[{"taxonomy":"category","embeddable":true,"href":"https:\/\/www.eldigitaldeasturias.com\/noticias\/wp-json\/wp\/v2\/categories?post=924297"},{"taxonomy":"post_tag","embeddable":true,"href":"https:\/\/www.eldigitaldeasturias.com\/noticias\/wp-json\/wp\/v2\/tags?post=924297"}],"curies":[{"name":"wp","href":"https:\/\/api.w.org\/{rel}","templated":true}]}}