{"id":924256,"date":"2017-01-30T21:55:18","date_gmt":"2017-01-30T21:55:18","guid":{"rendered":"http:\/\/www.eldigitaldeasturias.com\/noticias\/?p=924256"},"modified":"2017-01-30T21:55:18","modified_gmt":"2017-01-30T21:55:18","slug":"la-aemet-avisa-de-un-temporal-atlantico-de-mar-viento-y-lluvia-desde-el-miercoles","status":"publish","type":"post","link":"https:\/\/www.eldigitaldeasturias.com\/noticias\/la-aemet-avisa-de-un-temporal-atlantico-de-mar-viento-y-lluvia-desde-el-miercoles\/","title":{"rendered":"La AEMET avisa de un temporal Atl\u00e1ntico de mar, viento y lluvia desde el mi\u00e9rcoles"},"content":{"rendered":"<p><img loading=\"lazy\" decoding=\"async\" class=\"alignleft size-medium wp-image-766287\" src=\"https:\/\/www.eldigitaldeasturias.com\/noticias\/wp-content\/uploads\/2015\/01\/10169935w-360x216.jpg\" alt=\"\" width=\"360\" height=\"216\" srcset=\"https:\/\/www.eldigitaldeasturias.com\/noticias\/wp-content\/uploads\/2015\/01\/10169935w-360x216.jpg 360w, https:\/\/www.eldigitaldeasturias.com\/noticias\/wp-content\/uploads\/2015\/01\/10169935w-480x289.jpg 480w, https:\/\/www.eldigitaldeasturias.com\/noticias\/wp-content\/uploads\/2015\/01\/10169935w-768x462.jpg 768w, https:\/\/www.eldigitaldeasturias.com\/noticias\/wp-content\/uploads\/2015\/01\/10169935w-690x415.jpg 690w, https:\/\/www.eldigitaldeasturias.com\/noticias\/wp-content\/uploads\/2015\/01\/10169935w-20x12.jpg 20w, https:\/\/www.eldigitaldeasturias.com\/noticias\/wp-content\/uploads\/2015\/01\/10169935w.jpg 800w\" sizes=\"auto, (max-width: 360px) 100vw, 360px\" \/>Desde el pr\u00f3ximo mi\u00e9rcoles 1 de febrero y hasta el domingo d\u00eda 5, el paso de sucesivas borrascas atl\u00e1nticas que se profundizar\u00e1n y desplazar\u00e1n al norte de nuestras latitudes, producir\u00e1 vientos fuertes, mal estado de la mar y lluvias persistentes que afectar\u00e1n principalmente a Galicia y las comunidades cant\u00e1bricas.<\/p>\n<p>Los vientos del suroeste y del oeste ser\u00e1n dominantes en buena parte de la Pen\u00ednsula, con rachas muy fuertes en ciertos momentos. En Galicia y las comunidades cant\u00e1bricas es donde se esperan los vientos m\u00e1s intensos y tambi\u00e9n, aunque en menor medida, en el resto del cuadrante noroeste y zonas altas del resto de la Pen\u00ednsula.<\/p>\n<p>Es muy significativo el mal estado que puede alcanzar la mar en las costas de Galicia donde es probable que se alcancen condiciones de temporal con olas de mar combinada que pueden superar los 8 metros.<\/p>\n<p>El viento mar\u00edtimo de componente oeste unido al paso de sucesivos frentes que acompa\u00f1an a las borrascas atl\u00e1nticas producir\u00e1 precipitaciones en gran parte del territorio peninsular. Las cantidades acumuladas a lo largo del episodio ser\u00e1n considerables en el noroeste y sistemas monta\u00f1osos de la mitad norte, pudiendo superarse los 200 mm en puntos de Galicia. Dado el car\u00e1cter relativamente templado de las masas de aire que entrar\u00e1n desde el Atl\u00e1ntico sobre nuestro territorio, tan solo en las monta\u00f1as del norte es probable que la nieve descienda, ocasionalmente, hasta los 1000 metros.<\/p>\n<p>A partir del domingo hay notable incertidumbre en cuanto a la evoluci\u00f3n de esta situaci\u00f3n meteorol\u00f3gica aunque es probable un cambio hacia la estabilidad al menos temporalmente.<\/p>\n<p>&nbsp;<\/p>\n","protected":false},"excerpt":{"rendered":"<p>Desde el pr\u00f3ximo mi\u00e9rcoles 1 de febrero y hasta el domingo d\u00eda 5, el paso de sucesivas borrascas atl\u00e1nticas que se profundizar\u00e1n y desplazar\u00e1n al norte de nuestras latitudes, producir\u00e1 vientos fuertes, mal estado de la mar y lluvias persistentes que afectar\u00e1n principalmente a Galicia y las comunidades cant\u00e1bricas. Los vientos del suroeste y del [&hellip;]<\/p>\n","protected":false},"author":1,"featured_media":766287,"comment_status":"closed","ping_status":"closed","sticky":false,"template":"","format":"standard","meta":{"footnotes":""},"categories":[141],"tags":[],"class_list":["post-924256","post","type-post","status-publish","format-standard","has-post-thumbnail","hentry","category-destacadas"],"aioseo_notices":[],"aioseo_head":"\n\t\t<!-- All in One SEO Pro 4.9.6.2 - aioseo.com -->\n\t<meta name=\"description\" content=\"Desde el pr\u00f3ximo mi\u00e9rcoles 1 de febrero y hasta el domingo d\u00eda 5, el paso de sucesivas borrascas atl\u00e1nticas que se profundizar\u00e1n y desplazar\u00e1n al norte de nuestras latitudes, producir\u00e1 vientos fuertes, mal estado de la mar y lluvias persistentes que afectar\u00e1n principalmente a Galicia y las comunidades cant\u00e1bricas. Los vientos del suroeste y del\" \/>\n\t<meta name=\"robots\" content=\"max-image-preview:large\" \/>\n\t<meta name=\"author\" content=\"El Digital de Asturias\"\/>\n\t<meta name=\"google-site-verification\" content=\"UA-38556648-1\" \/>\n\t<meta name=\"msvalidate.01\" content=\"7dfe9f3f1b24437ab69f4f2559babe99\" \/>\n\t<meta name=\"keywords\" content=\"destacadas\" \/>\n\t<link rel=\"canonical\" href=\"https:\/\/www.eldigitaldeasturias.com\/noticias\/la-aemet-avisa-de-un-temporal-atlantico-de-mar-viento-y-lluvia-desde-el-miercoles\/\" \/>\n\t<meta name=\"generator\" content=\"All in One SEO Pro (AIOSEO) 4.9.6.2\" \/>\n\t\t<meta property=\"og:locale\" content=\"es_ES\" \/>\n\t\t<meta property=\"og:site_name\" content=\"El Digital de Asturias\" \/>\n\t\t<meta property=\"og:type\" content=\"article\" \/>\n\t\t<meta property=\"og:title\" content=\"La AEMET avisa de un temporal Atl\u00e1ntico de mar, viento y lluvia desde el mi\u00e9rcoles - El Digital de Asturias\" \/>\n\t\t<meta property=\"og:description\" content=\"Desde el pr\u00f3ximo mi\u00e9rcoles 1 de febrero y hasta el domingo d\u00eda 5, el paso de sucesivas borrascas atl\u00e1nticas que se profundizar\u00e1n y desplazar\u00e1n al norte de nuestras latitudes, producir\u00e1 vientos fuertes, mal estado de la mar y lluvias persistentes que afectar\u00e1n principalmente a Galicia y las comunidades cant\u00e1bricas. Los vientos del suroeste y del\" \/>\n\t\t<meta property=\"og:url\" content=\"https:\/\/www.eldigitaldeasturias.com\/noticias\/la-aemet-avisa-de-un-temporal-atlantico-de-mar-viento-y-lluvia-desde-el-miercoles\/\" \/>\n\t\t<meta property=\"og:image\" content=\"https:\/\/www.eldigitaldeasturias.com\/noticias\/wp-content\/uploads\/2015\/01\/10169935w.jpg\" \/>\n\t\t<meta property=\"og:image:secure_url\" content=\"https:\/\/www.eldigitaldeasturias.com\/noticias\/wp-content\/uploads\/2015\/01\/10169935w.jpg\" \/>\n\t\t<meta property=\"og:image:width\" content=\"800\" \/>\n\t\t<meta property=\"og:image:height\" content=\"481\" \/>\n\t\t<meta property=\"article:tag\" content=\"destacadas\" \/>\n\t\t<meta property=\"article:published_time\" content=\"2017-01-30T21:55:18+00:00\" \/>\n\t\t<meta property=\"article:modified_time\" content=\"2017-01-30T21:55:18+00:00\" \/>\n\t\t<meta property=\"article:publisher\" content=\"https:\/\/facebook.com\/eldigitaldeasturias\" \/>\n\t\t<meta name=\"twitter:card\" content=\"summary_large_image\" \/>\n\t\t<meta name=\"twitter:title\" content=\"La AEMET avisa de un temporal Atl\u00e1ntico de mar, viento y lluvia desde el mi\u00e9rcoles - El Digital de Asturias\" \/>\n\t\t<meta name=\"twitter:description\" content=\"Desde el pr\u00f3ximo mi\u00e9rcoles 1 de febrero y hasta el domingo d\u00eda 5, el paso de sucesivas borrascas atl\u00e1nticas que se profundizar\u00e1n y desplazar\u00e1n al norte de nuestras latitudes, producir\u00e1 vientos fuertes, mal estado de la mar y lluvias persistentes que afectar\u00e1n principalmente a Galicia y las comunidades cant\u00e1bricas. Los vientos del suroeste y del\" \/>\n\t\t<meta name=\"twitter:image\" content=\"https:\/\/www.eldigitaldeasturias.com\/noticias\/wp-content\/uploads\/2015\/01\/10169935w.jpg\" \/>\n\t\t<meta name=\"twitter:label1\" content=\"Escrito por\" \/>\n\t\t<meta name=\"twitter:data1\" content=\"El Digital de Asturias\" \/>\n\t\t<meta name=\"twitter:label2\" content=\"Tiempo de lectura estimado\" \/>\n\t\t<meta name=\"twitter:data2\" content=\"1 minuto\" \/>\n\t\t<script type=\"application\/ld+json\" class=\"aioseo-schema\">\n\t\t\t{\"@context\":\"https:\\\/\\\/schema.org\",\"@graph\":[{\"@type\":\"BlogPosting\",\"@id\":\"https:\\\/\\\/www.eldigitaldeasturias.com\\\/noticias\\\/la-aemet-avisa-de-un-temporal-atlantico-de-mar-viento-y-lluvia-desde-el-miercoles\\\/#blogposting\",\"name\":\"La AEMET avisa de un temporal Atl\\u00e1ntico de mar, viento y lluvia desde el mi\\u00e9rcoles - El Digital de Asturias\",\"headline\":\"La AEMET avisa de un temporal Atl\\u00e1ntico de mar, viento y lluvia desde el mi\\u00e9rcoles\",\"author\":{\"@id\":\"https:\\\/\\\/www.eldigitaldeasturias.com\\\/noticias\\\/author\\\/admin\\\/#author\"},\"publisher\":{\"@id\":\"https:\\\/\\\/www.eldigitaldeasturias.com\\\/noticias\\\/#organization\"},\"image\":{\"@type\":\"ImageObject\",\"url\":\"https:\\\/\\\/www.eldigitaldeasturias.com\\\/noticias\\\/wp-content\\\/uploads\\\/2015\\\/01\\\/10169935w.jpg\",\"width\":800,\"height\":481},\"datePublished\":\"2017-01-30T21:55:18+01:00\",\"dateModified\":\"2017-01-30T21:55:18+01:00\",\"inLanguage\":\"es-ES\",\"mainEntityOfPage\":{\"@id\":\"https:\\\/\\\/www.eldigitaldeasturias.com\\\/noticias\\\/la-aemet-avisa-de-un-temporal-atlantico-de-mar-viento-y-lluvia-desde-el-miercoles\\\/#webpage\"},\"isPartOf\":{\"@id\":\"https:\\\/\\\/www.eldigitaldeasturias.com\\\/noticias\\\/la-aemet-avisa-de-un-temporal-atlantico-de-mar-viento-y-lluvia-desde-el-miercoles\\\/#webpage\"},\"articleSection\":\"Destacadas\"},{\"@type\":\"BreadcrumbList\",\"@id\":\"https:\\\/\\\/www.eldigitaldeasturias.com\\\/noticias\\\/la-aemet-avisa-de-un-temporal-atlantico-de-mar-viento-y-lluvia-desde-el-miercoles\\\/#breadcrumblist\",\"itemListElement\":[{\"@type\":\"ListItem\",\"@id\":\"https:\\\/\\\/www.eldigitaldeasturias.com\\\/noticias#listItem\",\"position\":1,\"name\":\"Home\",\"item\":\"https:\\\/\\\/www.eldigitaldeasturias.com\\\/noticias\",\"nextItem\":{\"@type\":\"ListItem\",\"@id\":\"https:\\\/\\\/www.eldigitaldeasturias.com\\\/noticias\\\/category\\\/destacadas\\\/#listItem\",\"name\":\"Destacadas\"}},{\"@type\":\"ListItem\",\"@id\":\"https:\\\/\\\/www.eldigitaldeasturias.com\\\/noticias\\\/category\\\/destacadas\\\/#listItem\",\"position\":2,\"name\":\"Destacadas\",\"item\":\"https:\\\/\\\/www.eldigitaldeasturias.com\\\/noticias\\\/category\\\/destacadas\\\/\",\"nextItem\":{\"@type\":\"ListItem\",\"@id\":\"https:\\\/\\\/www.eldigitaldeasturias.com\\\/noticias\\\/la-aemet-avisa-de-un-temporal-atlantico-de-mar-viento-y-lluvia-desde-el-miercoles\\\/#listItem\",\"name\":\"La AEMET avisa de un temporal Atl\\u00e1ntico de mar, viento y lluvia desde el mi\\u00e9rcoles\"},\"previousItem\":{\"@type\":\"ListItem\",\"@id\":\"https:\\\/\\\/www.eldigitaldeasturias.com\\\/noticias#listItem\",\"name\":\"Home\"}},{\"@type\":\"ListItem\",\"@id\":\"https:\\\/\\\/www.eldigitaldeasturias.com\\\/noticias\\\/la-aemet-avisa-de-un-temporal-atlantico-de-mar-viento-y-lluvia-desde-el-miercoles\\\/#listItem\",\"position\":3,\"name\":\"La AEMET avisa de un temporal Atl\\u00e1ntico de mar, viento y lluvia desde el mi\\u00e9rcoles\",\"previousItem\":{\"@type\":\"ListItem\",\"@id\":\"https:\\\/\\\/www.eldigitaldeasturias.com\\\/noticias\\\/category\\\/destacadas\\\/#listItem\",\"name\":\"Destacadas\"}}]},{\"@type\":\"Organization\",\"@id\":\"https:\\\/\\\/www.eldigitaldeasturias.com\\\/noticias\\\/#organization\",\"name\":\"El Digital de Asturias\",\"description\":\"Hemeroteca\",\"url\":\"https:\\\/\\\/www.eldigitaldeasturias.com\\\/noticias\\\/\",\"email\":\"info@eldigitaldeasturias.com\",\"telephone\":\"+34652131393\",\"logo\":{\"@type\":\"ImageObject\",\"url\":\"https:\\\/\\\/www.eldigitaldeasturias.com\\\/noticias\\\/wp-content\\\/uploads\\\/2020\\\/12\\\/EDA.jpg\",\"@id\":\"https:\\\/\\\/www.eldigitaldeasturias.com\\\/noticias\\\/la-aemet-avisa-de-un-temporal-atlantico-de-mar-viento-y-lluvia-desde-el-miercoles\\\/#organizationLogo\",\"width\":649,\"height\":297},\"image\":{\"@id\":\"https:\\\/\\\/www.eldigitaldeasturias.com\\\/noticias\\\/la-aemet-avisa-de-un-temporal-atlantico-de-mar-viento-y-lluvia-desde-el-miercoles\\\/#organizationLogo\"},\"sameAs\":[\"https:\\\/\\\/facebook.com\\\/eldigitaldeasturias\",\"https:\\\/\\\/www.youtube.com\\\/channel\\\/UCZP-2wLEB9Rv6erhFmqVnvg\"],\"address\":{\"@id\":\"https:\\\/\\\/www.eldigitaldeasturias.com\\\/noticias\\\/#postaladdress\",\"@type\":\"PostalAddress\",\"streetAddress\":\"san antonio 4,\",\"postalCode\":\"33430\",\"addressLocality\":\"Cand\\u00e1s\",\"addressRegion\":\"Asturias\",\"addressCountry\":\"ES\"}},{\"@type\":\"Person\",\"@id\":\"https:\\\/\\\/www.eldigitaldeasturias.com\\\/noticias\\\/author\\\/admin\\\/#author\",\"url\":\"https:\\\/\\\/www.eldigitaldeasturias.com\\\/noticias\\\/author\\\/admin\\\/\",\"name\":\"El Digital de Asturias\",\"image\":{\"@type\":\"ImageObject\",\"@id\":\"https:\\\/\\\/www.eldigitaldeasturias.com\\\/noticias\\\/la-aemet-avisa-de-un-temporal-atlantico-de-mar-viento-y-lluvia-desde-el-miercoles\\\/#authorImage\",\"url\":\"https:\\\/\\\/www.eldigitaldeasturias.com\\\/noticias\\\/wp-content\\\/litespeed\\\/avatar\\\/18677e78aa0546b92d9dbf31ec7d7668.jpg?ver=1777290358\",\"width\":96,\"height\":96,\"caption\":\"El Digital de Asturias\"}},{\"@type\":\"WebPage\",\"@id\":\"https:\\\/\\\/www.eldigitaldeasturias.com\\\/noticias\\\/la-aemet-avisa-de-un-temporal-atlantico-de-mar-viento-y-lluvia-desde-el-miercoles\\\/#webpage\",\"url\":\"https:\\\/\\\/www.eldigitaldeasturias.com\\\/noticias\\\/la-aemet-avisa-de-un-temporal-atlantico-de-mar-viento-y-lluvia-desde-el-miercoles\\\/\",\"name\":\"La AEMET avisa de un temporal Atl\\u00e1ntico de mar, viento y lluvia desde el mi\\u00e9rcoles - El Digital de Asturias\",\"description\":\"Desde el pr\\u00f3ximo mi\\u00e9rcoles 1 de febrero y hasta el domingo d\\u00eda 5, el paso de sucesivas borrascas atl\\u00e1nticas que se profundizar\\u00e1n y desplazar\\u00e1n al norte de nuestras latitudes, producir\\u00e1 vientos fuertes, mal estado de la mar y lluvias persistentes que afectar\\u00e1n principalmente a Galicia y las comunidades cant\\u00e1bricas. Los vientos del suroeste y del\",\"inLanguage\":\"es-ES\",\"isPartOf\":{\"@id\":\"https:\\\/\\\/www.eldigitaldeasturias.com\\\/noticias\\\/#website\"},\"breadcrumb\":{\"@id\":\"https:\\\/\\\/www.eldigitaldeasturias.com\\\/noticias\\\/la-aemet-avisa-de-un-temporal-atlantico-de-mar-viento-y-lluvia-desde-el-miercoles\\\/#breadcrumblist\"},\"author\":{\"@id\":\"https:\\\/\\\/www.eldigitaldeasturias.com\\\/noticias\\\/author\\\/admin\\\/#author\"},\"creator\":{\"@id\":\"https:\\\/\\\/www.eldigitaldeasturias.com\\\/noticias\\\/author\\\/admin\\\/#author\"},\"image\":{\"@type\":\"ImageObject\",\"url\":\"https:\\\/\\\/www.eldigitaldeasturias.com\\\/noticias\\\/wp-content\\\/uploads\\\/2015\\\/01\\\/10169935w.jpg\",\"@id\":\"https:\\\/\\\/www.eldigitaldeasturias.com\\\/noticias\\\/la-aemet-avisa-de-un-temporal-atlantico-de-mar-viento-y-lluvia-desde-el-miercoles\\\/#mainImage\",\"width\":800,\"height\":481},\"primaryImageOfPage\":{\"@id\":\"https:\\\/\\\/www.eldigitaldeasturias.com\\\/noticias\\\/la-aemet-avisa-de-un-temporal-atlantico-de-mar-viento-y-lluvia-desde-el-miercoles\\\/#mainImage\"},\"datePublished\":\"2017-01-30T21:55:18+01:00\",\"dateModified\":\"2017-01-30T21:55:18+01:00\"},{\"@type\":\"WebSite\",\"@id\":\"https:\\\/\\\/www.eldigitaldeasturias.com\\\/noticias\\\/#website\",\"url\":\"https:\\\/\\\/www.eldigitaldeasturias.com\\\/noticias\\\/\",\"name\":\"El Digital de Asturias - Diario de actualidad y noticias\",\"alternateName\":\"El Digital de Asturias - Diario de actualidad y noticias\",\"description\":\"Hemeroteca\",\"inLanguage\":\"es-ES\",\"publisher\":{\"@id\":\"https:\\\/\\\/www.eldigitaldeasturias.com\\\/noticias\\\/#organization\"}}]}\n\t\t<\/script>\n\t\t<!-- All in One SEO Pro -->\r\n\t\t<title>La AEMET avisa de un temporal Atl\u00e1ntico de mar, viento y lluvia desde el mi\u00e9rcoles - El Digital de Asturias<\/title>\n\n","aioseo_head_json":{"title":"La AEMET avisa de un temporal Atl\u00e1ntico de mar, viento y lluvia desde el mi\u00e9rcoles - El Digital de Asturias","description":"Desde el pr\u00f3ximo mi\u00e9rcoles 1 de febrero y hasta el domingo d\u00eda 5, el paso de sucesivas borrascas atl\u00e1nticas que se profundizar\u00e1n y desplazar\u00e1n al norte de nuestras latitudes, producir\u00e1 vientos fuertes, mal estado de la mar y lluvias persistentes que afectar\u00e1n principalmente a Galicia y las comunidades cant\u00e1bricas. Los vientos del suroeste y del","canonical_url":"https:\/\/www.eldigitaldeasturias.com\/noticias\/la-aemet-avisa-de-un-temporal-atlantico-de-mar-viento-y-lluvia-desde-el-miercoles\/","robots":"max-image-preview:large","keywords":"destacadas","webmasterTools":{"google-site-verification":"UA-38556648-1","msvalidate.01":"7dfe9f3f1b24437ab69f4f2559babe99","miscellaneous":""},"schema":{"@context":"https:\/\/schema.org","@graph":[{"@type":"BlogPosting","@id":"https:\/\/www.eldigitaldeasturias.com\/noticias\/la-aemet-avisa-de-un-temporal-atlantico-de-mar-viento-y-lluvia-desde-el-miercoles\/#blogposting","name":"La AEMET avisa de un temporal Atl\u00e1ntico de mar, viento y lluvia desde el mi\u00e9rcoles - El Digital de Asturias","headline":"La AEMET avisa de un temporal Atl\u00e1ntico de mar, viento y lluvia desde el mi\u00e9rcoles","author":{"@id":"https:\/\/www.eldigitaldeasturias.com\/noticias\/author\/admin\/#author"},"publisher":{"@id":"https:\/\/www.eldigitaldeasturias.com\/noticias\/#organization"},"image":{"@type":"ImageObject","url":"https:\/\/www.eldigitaldeasturias.com\/noticias\/wp-content\/uploads\/2015\/01\/10169935w.jpg","width":800,"height":481},"datePublished":"2017-01-30T21:55:18+01:00","dateModified":"2017-01-30T21:55:18+01:00","inLanguage":"es-ES","mainEntityOfPage":{"@id":"https:\/\/www.eldigitaldeasturias.com\/noticias\/la-aemet-avisa-de-un-temporal-atlantico-de-mar-viento-y-lluvia-desde-el-miercoles\/#webpage"},"isPartOf":{"@id":"https:\/\/www.eldigitaldeasturias.com\/noticias\/la-aemet-avisa-de-un-temporal-atlantico-de-mar-viento-y-lluvia-desde-el-miercoles\/#webpage"},"articleSection":"Destacadas"},{"@type":"BreadcrumbList","@id":"https:\/\/www.eldigitaldeasturias.com\/noticias\/la-aemet-avisa-de-un-temporal-atlantico-de-mar-viento-y-lluvia-desde-el-miercoles\/#breadcrumblist","itemListElement":[{"@type":"ListItem","@id":"https:\/\/www.eldigitaldeasturias.com\/noticias#listItem","position":1,"name":"Home","item":"https:\/\/www.eldigitaldeasturias.com\/noticias","nextItem":{"@type":"ListItem","@id":"https:\/\/www.eldigitaldeasturias.com\/noticias\/category\/destacadas\/#listItem","name":"Destacadas"}},{"@type":"ListItem","@id":"https:\/\/www.eldigitaldeasturias.com\/noticias\/category\/destacadas\/#listItem","position":2,"name":"Destacadas","item":"https:\/\/www.eldigitaldeasturias.com\/noticias\/category\/destacadas\/","nextItem":{"@type":"ListItem","@id":"https:\/\/www.eldigitaldeasturias.com\/noticias\/la-aemet-avisa-de-un-temporal-atlantico-de-mar-viento-y-lluvia-desde-el-miercoles\/#listItem","name":"La AEMET avisa de un temporal Atl\u00e1ntico de mar, viento y lluvia desde el mi\u00e9rcoles"},"previousItem":{"@type":"ListItem","@id":"https:\/\/www.eldigitaldeasturias.com\/noticias#listItem","name":"Home"}},{"@type":"ListItem","@id":"https:\/\/www.eldigitaldeasturias.com\/noticias\/la-aemet-avisa-de-un-temporal-atlantico-de-mar-viento-y-lluvia-desde-el-miercoles\/#listItem","position":3,"name":"La AEMET avisa de un temporal Atl\u00e1ntico de mar, viento y lluvia desde el mi\u00e9rcoles","previousItem":{"@type":"ListItem","@id":"https:\/\/www.eldigitaldeasturias.com\/noticias\/category\/destacadas\/#listItem","name":"Destacadas"}}]},{"@type":"Organization","@id":"https:\/\/www.eldigitaldeasturias.com\/noticias\/#organization","name":"El Digital de Asturias","description":"Hemeroteca","url":"https:\/\/www.eldigitaldeasturias.com\/noticias\/","email":"info@eldigitaldeasturias.com","telephone":"+34652131393","logo":{"@type":"ImageObject","url":"https:\/\/www.eldigitaldeasturias.com\/noticias\/wp-content\/uploads\/2020\/12\/EDA.jpg","@id":"https:\/\/www.eldigitaldeasturias.com\/noticias\/la-aemet-avisa-de-un-temporal-atlantico-de-mar-viento-y-lluvia-desde-el-miercoles\/#organizationLogo","width":649,"height":297},"image":{"@id":"https:\/\/www.eldigitaldeasturias.com\/noticias\/la-aemet-avisa-de-un-temporal-atlantico-de-mar-viento-y-lluvia-desde-el-miercoles\/#organizationLogo"},"sameAs":["https:\/\/facebook.com\/eldigitaldeasturias","https:\/\/www.youtube.com\/channel\/UCZP-2wLEB9Rv6erhFmqVnvg"],"address":{"@id":"https:\/\/www.eldigitaldeasturias.com\/noticias\/#postaladdress","@type":"PostalAddress","streetAddress":"san antonio 4,","postalCode":"33430","addressLocality":"Cand\u00e1s","addressRegion":"Asturias","addressCountry":"ES"}},{"@type":"Person","@id":"https:\/\/www.eldigitaldeasturias.com\/noticias\/author\/admin\/#author","url":"https:\/\/www.eldigitaldeasturias.com\/noticias\/author\/admin\/","name":"El Digital de Asturias","image":{"@type":"ImageObject","@id":"https:\/\/www.eldigitaldeasturias.com\/noticias\/la-aemet-avisa-de-un-temporal-atlantico-de-mar-viento-y-lluvia-desde-el-miercoles\/#authorImage","url":"https:\/\/www.eldigitaldeasturias.com\/noticias\/wp-content\/litespeed\/avatar\/18677e78aa0546b92d9dbf31ec7d7668.jpg?ver=1777290358","width":96,"height":96,"caption":"El Digital de Asturias"}},{"@type":"WebPage","@id":"https:\/\/www.eldigitaldeasturias.com\/noticias\/la-aemet-avisa-de-un-temporal-atlantico-de-mar-viento-y-lluvia-desde-el-miercoles\/#webpage","url":"https:\/\/www.eldigitaldeasturias.com\/noticias\/la-aemet-avisa-de-un-temporal-atlantico-de-mar-viento-y-lluvia-desde-el-miercoles\/","name":"La AEMET avisa de un temporal Atl\u00e1ntico de mar, viento y lluvia desde el mi\u00e9rcoles - El Digital de Asturias","description":"Desde el pr\u00f3ximo mi\u00e9rcoles 1 de febrero y hasta el domingo d\u00eda 5, el paso de sucesivas borrascas atl\u00e1nticas que se profundizar\u00e1n y desplazar\u00e1n al norte de nuestras latitudes, producir\u00e1 vientos fuertes, mal estado de la mar y lluvias persistentes que afectar\u00e1n principalmente a Galicia y las comunidades cant\u00e1bricas. Los vientos del suroeste y del","inLanguage":"es-ES","isPartOf":{"@id":"https:\/\/www.eldigitaldeasturias.com\/noticias\/#website"},"breadcrumb":{"@id":"https:\/\/www.eldigitaldeasturias.com\/noticias\/la-aemet-avisa-de-un-temporal-atlantico-de-mar-viento-y-lluvia-desde-el-miercoles\/#breadcrumblist"},"author":{"@id":"https:\/\/www.eldigitaldeasturias.com\/noticias\/author\/admin\/#author"},"creator":{"@id":"https:\/\/www.eldigitaldeasturias.com\/noticias\/author\/admin\/#author"},"image":{"@type":"ImageObject","url":"https:\/\/www.eldigitaldeasturias.com\/noticias\/wp-content\/uploads\/2015\/01\/10169935w.jpg","@id":"https:\/\/www.eldigitaldeasturias.com\/noticias\/la-aemet-avisa-de-un-temporal-atlantico-de-mar-viento-y-lluvia-desde-el-miercoles\/#mainImage","width":800,"height":481},"primaryImageOfPage":{"@id":"https:\/\/www.eldigitaldeasturias.com\/noticias\/la-aemet-avisa-de-un-temporal-atlantico-de-mar-viento-y-lluvia-desde-el-miercoles\/#mainImage"},"datePublished":"2017-01-30T21:55:18+01:00","dateModified":"2017-01-30T21:55:18+01:00"},{"@type":"WebSite","@id":"https:\/\/www.eldigitaldeasturias.com\/noticias\/#website","url":"https:\/\/www.eldigitaldeasturias.com\/noticias\/","name":"El Digital de Asturias - Diario de actualidad y noticias","alternateName":"El Digital de Asturias - Diario de actualidad y noticias","description":"Hemeroteca","inLanguage":"es-ES","publisher":{"@id":"https:\/\/www.eldigitaldeasturias.com\/noticias\/#organization"}}]},"og:locale":"es_ES","og:site_name":"El Digital de Asturias","og:type":"article","og:title":"La AEMET avisa de un temporal Atl\u00e1ntico de mar, viento y lluvia desde el mi\u00e9rcoles - El Digital de Asturias","og:description":"Desde el pr\u00f3ximo mi\u00e9rcoles 1 de febrero y hasta el domingo d\u00eda 5, el paso de sucesivas borrascas atl\u00e1nticas que se profundizar\u00e1n y desplazar\u00e1n al norte de nuestras latitudes, producir\u00e1 vientos fuertes, mal estado de la mar y lluvias persistentes que afectar\u00e1n principalmente a Galicia y las comunidades cant\u00e1bricas. Los vientos del suroeste y del","og:url":"https:\/\/www.eldigitaldeasturias.com\/noticias\/la-aemet-avisa-de-un-temporal-atlantico-de-mar-viento-y-lluvia-desde-el-miercoles\/","og:image":"https:\/\/www.eldigitaldeasturias.com\/noticias\/wp-content\/uploads\/2015\/01\/10169935w.jpg","og:image:secure_url":"https:\/\/www.eldigitaldeasturias.com\/noticias\/wp-content\/uploads\/2015\/01\/10169935w.jpg","og:image:width":800,"og:image:height":481,"article:tag":["destacadas"],"article:published_time":"2017-01-30T21:55:18+00:00","article:modified_time":"2017-01-30T21:55:18+00:00","article:publisher":"https:\/\/facebook.com\/eldigitaldeasturias","twitter:card":"summary_large_image","twitter:title":"La AEMET avisa de un temporal Atl\u00e1ntico de mar, viento y lluvia desde el mi\u00e9rcoles - El Digital de Asturias","twitter:description":"Desde el pr\u00f3ximo mi\u00e9rcoles 1 de febrero y hasta el domingo d\u00eda 5, el paso de sucesivas borrascas atl\u00e1nticas que se profundizar\u00e1n y desplazar\u00e1n al norte de nuestras latitudes, producir\u00e1 vientos fuertes, mal estado de la mar y lluvias persistentes que afectar\u00e1n principalmente a Galicia y las comunidades cant\u00e1bricas. Los vientos del suroeste y del","twitter:image":"https:\/\/www.eldigitaldeasturias.com\/noticias\/wp-content\/uploads\/2015\/01\/10169935w.jpg","twitter:label1":"Escrito por","twitter:data1":"El Digital de Asturias","twitter:label2":"Tiempo de lectura estimado","twitter:data2":"1 minuto"},"aioseo_meta_data":{"post_id":"924256","title":null,"description":null,"keywords":null,"keyphrases":null,"primary_term":null,"canonical_url":null,"og_title":null,"og_description":null,"og_object_type":"default","og_image_type":"default","og_image_url":null,"og_image_width":null,"og_image_height":null,"og_image_custom_url":null,"og_image_custom_fields":null,"og_video":null,"og_custom_url":null,"og_article_section":null,"og_article_tags":null,"twitter_use_og":false,"twitter_card":"default","twitter_image_type":"default","twitter_image_url":null,"twitter_image_custom_url":null,"twitter_image_custom_fields":null,"twitter_title":null,"twitter_description":null,"schema":{"blockGraphs":[],"customGraphs":[],"default":{"data":{"Article":[],"Course":[],"Dataset":[],"FAQPage":[],"Movie":[],"Person":[],"Product":[],"ProductReview":[],"Car":[],"Recipe":[],"Service":[],"SoftwareApplication":[],"WebPage":[]},"graphName":"","isEnabled":true},"graphs":[],"defaultGraph":"","defaultPostTypeGraph":""},"schema_type":null,"schema_type_options":null,"pillar_content":false,"robots_default":true,"robots_noindex":false,"robots_noarchive":false,"robots_nosnippet":false,"robots_nofollow":false,"robots_noimageindex":false,"robots_noodp":false,"robots_notranslate":false,"robots_max_snippet":null,"robots_max_videopreview":null,"robots_max_imagepreview":"large","priority":null,"frequency":null,"local_seo":null,"seo_analyzer_scan_date":"2025-12-02 23:31:02","breadcrumb_settings":null,"limit_modified_date":false,"open_ai":null,"ai":null,"created":"2020-12-21 13:40:30","updated":"2025-12-02 23:31:02"},"aioseo_breadcrumb":"<div class=\"aioseo-breadcrumbs\"><span class=\"aioseo-breadcrumb\">\n\t<a href=\"https:\/\/www.eldigitaldeasturias.com\/noticias\" title=\"Home\">Home<\/a>\n<\/span><span class=\"aioseo-breadcrumb-separator\">\u2013<\/span><span class=\"aioseo-breadcrumb\">\n\t<a href=\"https:\/\/www.eldigitaldeasturias.com\/noticias\/category\/destacadas\/\" title=\"Destacadas\">Destacadas<\/a>\n<\/span><span class=\"aioseo-breadcrumb-separator\">\u2013<\/span><span class=\"aioseo-breadcrumb\">\n\t<a href=\"https:\/\/www.eldigitaldeasturias.com\/noticias\/la-aemet-avisa-de-un-temporal-atlantico-de-mar-viento-y-lluvia-desde-el-miercoles\/\" title=\"La AEMET avisa de un temporal Atl\u00e1ntico de mar, viento y lluvia desde el mi\u00e9rcoles\">La AEMET avisa de un temporal Atl\u00e1ntico de mar, viento y lluvia desde el mi\u00e9rcoles<\/a>\n<\/span><\/div>","aioseo_breadcrumb_json":[{"label":"Home","link":"https:\/\/www.eldigitaldeasturias.com\/noticias"},{"label":"Destacadas","link":"https:\/\/www.eldigitaldeasturias.com\/noticias\/category\/destacadas\/"},{"label":"La AEMET avisa de un temporal Atl\u00e1ntico de mar, viento y lluvia desde el mi\u00e9rcoles","link":"https:\/\/www.eldigitaldeasturias.com\/noticias\/la-aemet-avisa-de-un-temporal-atlantico-de-mar-viento-y-lluvia-desde-el-miercoles\/"}],"_links":{"self":[{"href":"https:\/\/www.eldigitaldeasturias.com\/noticias\/wp-json\/wp\/v2\/posts\/924256","targetHints":{"allow":["GET"]}}],"collection":[{"href":"https:\/\/www.eldigitaldeasturias.com\/noticias\/wp-json\/wp\/v2\/posts"}],"about":[{"href":"https:\/\/www.eldigitaldeasturias.com\/noticias\/wp-json\/wp\/v2\/types\/post"}],"author":[{"embeddable":true,"href":"https:\/\/www.eldigitaldeasturias.com\/noticias\/wp-json\/wp\/v2\/users\/1"}],"replies":[{"embeddable":true,"href":"https:\/\/www.eldigitaldeasturias.com\/noticias\/wp-json\/wp\/v2\/comments?post=924256"}],"version-history":[{"count":0,"href":"https:\/\/www.eldigitaldeasturias.com\/noticias\/wp-json\/wp\/v2\/posts\/924256\/revisions"}],"wp:featuredmedia":[{"embeddable":true,"href":"https:\/\/www.eldigitaldeasturias.com\/noticias\/wp-json\/wp\/v2\/media\/766287"}],"wp:attachment":[{"href":"https:\/\/www.eldigitaldeasturias.com\/noticias\/wp-json\/wp\/v2\/media?parent=924256"}],"wp:term":[{"taxonomy":"category","embeddable":true,"href":"https:\/\/www.eldigitaldeasturias.com\/noticias\/wp-json\/wp\/v2\/categories?post=924256"},{"taxonomy":"post_tag","embeddable":true,"href":"https:\/\/www.eldigitaldeasturias.com\/noticias\/wp-json\/wp\/v2\/tags?post=924256"}],"curies":[{"name":"wp","href":"https:\/\/api.w.org\/{rel}","templated":true}]}}