{"id":924251,"date":"2017-01-30T21:33:26","date_gmt":"2017-01-30T21:33:26","guid":{"rendered":"http:\/\/www.eldigitaldeasturias.com\/noticias\/?p=924251"},"modified":"2017-01-30T21:33:26","modified_gmt":"2017-01-30T21:33:26","slug":"el-pp-denuncia-la-politizacion-de-la-educacion-por-parte-de-podemos-e-iu","status":"publish","type":"post","link":"https:\/\/www.eldigitaldeasturias.com\/noticias\/el-pp-denuncia-la-politizacion-de-la-educacion-por-parte-de-podemos-e-iu\/","title":{"rendered":"El PP denuncia la \u00abpolitizaci\u00f3n de la educaci\u00f3n\u00bb por parte de Podemos e IU"},"content":{"rendered":"<p><img loading=\"lazy\" decoding=\"async\" class=\"alignleft size-medium wp-image-924252\" src=\"https:\/\/www.eldigitaldeasturias.com\/noticias\/wp-content\/uploads\/2017\/01\/Medin-Concertada_01_17-360x270.jpg\" alt=\"\" width=\"360\" height=\"270\" srcset=\"https:\/\/www.eldigitaldeasturias.com\/noticias\/wp-content\/uploads\/2017\/01\/Medin-Concertada_01_17-360x270.jpg 360w, https:\/\/www.eldigitaldeasturias.com\/noticias\/wp-content\/uploads\/2017\/01\/Medin-Concertada_01_17-768x576.jpg 768w, https:\/\/www.eldigitaldeasturias.com\/noticias\/wp-content\/uploads\/2017\/01\/Medin-Concertada_01_17-650x488.jpg 650w, https:\/\/www.eldigitaldeasturias.com\/noticias\/wp-content\/uploads\/2017\/01\/Medin-Concertada_01_17-90x67.jpg 90w, https:\/\/www.eldigitaldeasturias.com\/noticias\/wp-content\/uploads\/2017\/01\/Medin-Concertada_01_17-100x75.jpg 100w, https:\/\/www.eldigitaldeasturias.com\/noticias\/wp-content\/uploads\/2017\/01\/Medin-Concertada_01_17.jpg 1280w\" sizes=\"auto, (max-width: 360px) 100vw, 360px\" \/>El Partido Popular de Asturias, con su presidenta, Mercedes Fern\u00e1ndez, a la cabeza, defiende que las familias elijan, libremente, el colegio al que llevar a sus hijos\u00bb. Por eso el PP denuncia la \u00abpolitizaci\u00f3n de la educaci\u00f3n por parte de la extrema izquierda en Asturias\u00bb. Una \u00abgrave irresponsabiidad\u00bb con la que, en palabras del diputado David Gonz\u00e1lez Medina, \u00abtratan de enfrentar a la comunidad educativa y a las familias\u00bb de la p\u00fablica con las de la concertada. \u00abNosotros defendemos las dos, la coexistencia de ambos modelos mejora la educaci\u00f3n\u00bb, sentencia el parlamentario.<\/p>\n<p>El portavoz del Educaci\u00f3n del PP en la Junta General hizo estas declaraciones en la rueda de prensa que, junto al presidente del PP de Gij\u00f3n, Mariano Mar\u00edn, ofreci\u00f3 en la sede local del partido. La misma ciudad en la que Xix\u00f3n S\u00ed Puede, la &#8216;marca blanca&#8217; de Podemos en el municipio, promueve una manifestaci\u00f3n contra los conciertos educativos.<\/p>\n<p>\u00abTenemos que suponer que la alcaldesa de Gij\u00f3n, de Foro, est\u00e1 tambi\u00e9n con la ense\u00f1anza concertada, y nos gustar\u00eda escuchar qu\u00e9 tiene que decir al respecto de las declaraciones en contra de la misma por parte de su socio de gobierno\u00bb, apunt\u00f3 Gonz\u00e1lez Medina. \u00abEl PP tiene claro que s\u00ed est\u00e1 con la educaci\u00f3n concertada\u00bb, a\u00f1adi\u00f3.<\/p>\n<p>El parlamentario fue tambi\u00e9n muy cr\u00edtico con la propuesta, registrada en el Parlamento regional por Podemos e Izquierda Unida, para aplazar la renovaci\u00f3n de los conciertos educativos, que corresponde afrontar este a\u00f1o. \u00abEs otra enorme irresponsabilidad, porque lo que necesitan los 2.500 profesores de la concertada, el alumnado, sus familias y los propios centros es precisamente estabilidad, que a los docentes se les abone lo que se les debe y que las familias puedan acceder a las mismas ayudas\u00bb, precis\u00f3.<\/p>\n<p>Medina interpelar\u00e1 este jueves, ante el Pleno de la Junta General, al consejero de Educaci\u00f3n, el socialista Genaro Alonso, sobre sus planes al respecto. \u00abDefendemos la ense\u00f1anza p\u00fablica, y su mejora en Asturias, que buena falta le hace a causa de la gesti\u00f3n del PSOE\u00bb, asever\u00f3, \u00abpero tambi\u00e9n defendemos la concertada\u00bb.<\/p>\n<p>Los datos, explic\u00f3, \u00abdemuestran la necesidad de un modelo sin el que el sistema p\u00fablico, al que ahorra cada a\u00f1o 80 millones de euros, ser\u00eda insostenible\u00bb. \u00abQue en la educaci\u00f3n p\u00fablica asturiana existan barracones, que la tasa de interinidad de su profesorado sea del 27 por ciento o que en un centenar de centros no se aborden los trabajos de mantenimiento que necesitan no es por culpa de la educaci\u00f3n concertada, sino de una consejer\u00eda que no ha gestionado bien y quiere lavarse las manos\u00bb, finaliz\u00f3.<\/p>\n<p>&nbsp;<\/p>\n","protected":false},"excerpt":{"rendered":"<p>El Partido Popular de Asturias, con su presidenta, Mercedes Fern\u00e1ndez, a la cabeza, defiende que las familias elijan, libremente, el colegio al que llevar a sus hijos\u00bb. Por eso el PP denuncia la \u00abpolitizaci\u00f3n de la educaci\u00f3n por parte de la extrema izquierda en Asturias\u00bb. Una \u00abgrave irresponsabiidad\u00bb con la que, en palabras del diputado [&hellip;]<\/p>\n","protected":false},"author":1,"featured_media":924252,"comment_status":"closed","ping_status":"closed","sticky":false,"template":"","format":"standard","meta":{"footnotes":""},"categories":[141],"tags":[],"class_list":["post-924251","post","type-post","status-publish","format-standard","has-post-thumbnail","hentry","category-destacadas"],"aioseo_notices":[],"aioseo_head":"\n\t\t<!-- All in One SEO Pro 4.9.6.2 - aioseo.com -->\n\t<meta name=\"description\" content=\"El Partido Popular de Asturias, con su presidenta, Mercedes Fern\u00e1ndez, a la cabeza, defiende que las familias elijan, libremente, el colegio al que llevar a sus hijos&quot;. Por eso el PP denuncia la &quot;politizaci\u00f3n de la educaci\u00f3n por parte de la extrema izquierda en Asturias&quot;. Una &quot;grave irresponsabiidad&quot; con la que, en palabras del diputado\" \/>\n\t<meta name=\"robots\" content=\"max-image-preview:large\" \/>\n\t<meta name=\"author\" content=\"El Digital de Asturias\"\/>\n\t<meta name=\"google-site-verification\" content=\"UA-38556648-1\" \/>\n\t<meta name=\"msvalidate.01\" content=\"7dfe9f3f1b24437ab69f4f2559babe99\" \/>\n\t<meta name=\"keywords\" content=\"destacadas\" \/>\n\t<link rel=\"canonical\" href=\"https:\/\/www.eldigitaldeasturias.com\/noticias\/el-pp-denuncia-la-politizacion-de-la-educacion-por-parte-de-podemos-e-iu\/\" \/>\n\t<meta name=\"generator\" content=\"All in One SEO Pro (AIOSEO) 4.9.6.2\" \/>\n\t\t<meta property=\"og:locale\" content=\"es_ES\" \/>\n\t\t<meta property=\"og:site_name\" content=\"El Digital de Asturias\" \/>\n\t\t<meta property=\"og:type\" content=\"article\" \/>\n\t\t<meta property=\"og:title\" content=\"El PP denuncia la \u00abpolitizaci\u00f3n de la educaci\u00f3n\u00bb por parte de Podemos e IU - El Digital de Asturias\" \/>\n\t\t<meta property=\"og:description\" content=\"El Partido Popular de Asturias, con su presidenta, Mercedes Fern\u00e1ndez, a la cabeza, defiende que las familias elijan, libremente, el colegio al que llevar a sus hijos&quot;. Por eso el PP denuncia la &quot;politizaci\u00f3n de la educaci\u00f3n por parte de la extrema izquierda en Asturias&quot;. Una &quot;grave irresponsabiidad&quot; con la que, en palabras del diputado\" \/>\n\t\t<meta property=\"og:url\" content=\"https:\/\/www.eldigitaldeasturias.com\/noticias\/el-pp-denuncia-la-politizacion-de-la-educacion-por-parte-de-podemos-e-iu\/\" \/>\n\t\t<meta property=\"og:image\" content=\"https:\/\/www.eldigitaldeasturias.com\/noticias\/wp-content\/uploads\/2017\/01\/Medin-Concertada_01_17.jpg\" \/>\n\t\t<meta property=\"og:image:secure_url\" content=\"https:\/\/www.eldigitaldeasturias.com\/noticias\/wp-content\/uploads\/2017\/01\/Medin-Concertada_01_17.jpg\" \/>\n\t\t<meta property=\"og:image:width\" content=\"1280\" \/>\n\t\t<meta property=\"og:image:height\" content=\"960\" \/>\n\t\t<meta property=\"article:tag\" content=\"destacadas\" \/>\n\t\t<meta property=\"article:published_time\" content=\"2017-01-30T21:33:26+00:00\" \/>\n\t\t<meta property=\"article:modified_time\" content=\"2017-01-30T21:33:26+00:00\" \/>\n\t\t<meta property=\"article:publisher\" content=\"https:\/\/facebook.com\/eldigitaldeasturias\" \/>\n\t\t<meta name=\"twitter:card\" content=\"summary_large_image\" \/>\n\t\t<meta name=\"twitter:title\" content=\"El PP denuncia la \u00abpolitizaci\u00f3n de la educaci\u00f3n\u00bb por parte de Podemos e IU - El Digital de Asturias\" \/>\n\t\t<meta name=\"twitter:description\" content=\"El Partido Popular de Asturias, con su presidenta, Mercedes Fern\u00e1ndez, a la cabeza, defiende que las familias elijan, libremente, el colegio al que llevar a sus hijos&quot;. Por eso el PP denuncia la &quot;politizaci\u00f3n de la educaci\u00f3n por parte de la extrema izquierda en Asturias&quot;. Una &quot;grave irresponsabiidad&quot; con la que, en palabras del diputado\" \/>\n\t\t<meta name=\"twitter:image\" content=\"https:\/\/www.eldigitaldeasturias.com\/noticias\/wp-content\/uploads\/2017\/01\/Medin-Concertada_01_17.jpg\" \/>\n\t\t<meta name=\"twitter:label1\" content=\"Escrito por\" \/>\n\t\t<meta name=\"twitter:data1\" content=\"El Digital de Asturias\" \/>\n\t\t<meta name=\"twitter:label2\" content=\"Tiempo de lectura estimado\" \/>\n\t\t<meta name=\"twitter:data2\" content=\"2 minutos\" \/>\n\t\t<script type=\"application\/ld+json\" class=\"aioseo-schema\">\n\t\t\t{\"@context\":\"https:\\\/\\\/schema.org\",\"@graph\":[{\"@type\":\"BlogPosting\",\"@id\":\"https:\\\/\\\/www.eldigitaldeasturias.com\\\/noticias\\\/el-pp-denuncia-la-politizacion-de-la-educacion-por-parte-de-podemos-e-iu\\\/#blogposting\",\"name\":\"El PP denuncia la \\u00abpolitizaci\\u00f3n de la educaci\\u00f3n\\u00bb por parte de Podemos e IU - El Digital de Asturias\",\"headline\":\"El PP denuncia la \\u00abpolitizaci\\u00f3n de la educaci\\u00f3n\\u00bb por parte de Podemos e IU\",\"author\":{\"@id\":\"https:\\\/\\\/www.eldigitaldeasturias.com\\\/noticias\\\/author\\\/admin\\\/#author\"},\"publisher\":{\"@id\":\"https:\\\/\\\/www.eldigitaldeasturias.com\\\/noticias\\\/#organization\"},\"image\":{\"@type\":\"ImageObject\",\"url\":\"https:\\\/\\\/www.eldigitaldeasturias.com\\\/noticias\\\/wp-content\\\/uploads\\\/2017\\\/01\\\/Medin-Concertada_01_17.jpg\",\"width\":1280,\"height\":960},\"datePublished\":\"2017-01-30T21:33:26+01:00\",\"dateModified\":\"2017-01-30T21:33:26+01:00\",\"inLanguage\":\"es-ES\",\"mainEntityOfPage\":{\"@id\":\"https:\\\/\\\/www.eldigitaldeasturias.com\\\/noticias\\\/el-pp-denuncia-la-politizacion-de-la-educacion-por-parte-de-podemos-e-iu\\\/#webpage\"},\"isPartOf\":{\"@id\":\"https:\\\/\\\/www.eldigitaldeasturias.com\\\/noticias\\\/el-pp-denuncia-la-politizacion-de-la-educacion-por-parte-de-podemos-e-iu\\\/#webpage\"},\"articleSection\":\"Destacadas\"},{\"@type\":\"BreadcrumbList\",\"@id\":\"https:\\\/\\\/www.eldigitaldeasturias.com\\\/noticias\\\/el-pp-denuncia-la-politizacion-de-la-educacion-por-parte-de-podemos-e-iu\\\/#breadcrumblist\",\"itemListElement\":[{\"@type\":\"ListItem\",\"@id\":\"https:\\\/\\\/www.eldigitaldeasturias.com\\\/noticias#listItem\",\"position\":1,\"name\":\"Home\",\"item\":\"https:\\\/\\\/www.eldigitaldeasturias.com\\\/noticias\",\"nextItem\":{\"@type\":\"ListItem\",\"@id\":\"https:\\\/\\\/www.eldigitaldeasturias.com\\\/noticias\\\/category\\\/destacadas\\\/#listItem\",\"name\":\"Destacadas\"}},{\"@type\":\"ListItem\",\"@id\":\"https:\\\/\\\/www.eldigitaldeasturias.com\\\/noticias\\\/category\\\/destacadas\\\/#listItem\",\"position\":2,\"name\":\"Destacadas\",\"item\":\"https:\\\/\\\/www.eldigitaldeasturias.com\\\/noticias\\\/category\\\/destacadas\\\/\",\"nextItem\":{\"@type\":\"ListItem\",\"@id\":\"https:\\\/\\\/www.eldigitaldeasturias.com\\\/noticias\\\/el-pp-denuncia-la-politizacion-de-la-educacion-por-parte-de-podemos-e-iu\\\/#listItem\",\"name\":\"El PP denuncia la \\u00abpolitizaci\\u00f3n de la educaci\\u00f3n\\u00bb por parte de Podemos e IU\"},\"previousItem\":{\"@type\":\"ListItem\",\"@id\":\"https:\\\/\\\/www.eldigitaldeasturias.com\\\/noticias#listItem\",\"name\":\"Home\"}},{\"@type\":\"ListItem\",\"@id\":\"https:\\\/\\\/www.eldigitaldeasturias.com\\\/noticias\\\/el-pp-denuncia-la-politizacion-de-la-educacion-por-parte-de-podemos-e-iu\\\/#listItem\",\"position\":3,\"name\":\"El PP denuncia la \\u00abpolitizaci\\u00f3n de la educaci\\u00f3n\\u00bb por parte de Podemos e IU\",\"previousItem\":{\"@type\":\"ListItem\",\"@id\":\"https:\\\/\\\/www.eldigitaldeasturias.com\\\/noticias\\\/category\\\/destacadas\\\/#listItem\",\"name\":\"Destacadas\"}}]},{\"@type\":\"Organization\",\"@id\":\"https:\\\/\\\/www.eldigitaldeasturias.com\\\/noticias\\\/#organization\",\"name\":\"El Digital de Asturias\",\"description\":\"Hemeroteca\",\"url\":\"https:\\\/\\\/www.eldigitaldeasturias.com\\\/noticias\\\/\",\"email\":\"info@eldigitaldeasturias.com\",\"telephone\":\"+34652131393\",\"logo\":{\"@type\":\"ImageObject\",\"url\":\"https:\\\/\\\/www.eldigitaldeasturias.com\\\/noticias\\\/wp-content\\\/uploads\\\/2020\\\/12\\\/EDA.jpg\",\"@id\":\"https:\\\/\\\/www.eldigitaldeasturias.com\\\/noticias\\\/el-pp-denuncia-la-politizacion-de-la-educacion-por-parte-de-podemos-e-iu\\\/#organizationLogo\",\"width\":649,\"height\":297},\"image\":{\"@id\":\"https:\\\/\\\/www.eldigitaldeasturias.com\\\/noticias\\\/el-pp-denuncia-la-politizacion-de-la-educacion-por-parte-de-podemos-e-iu\\\/#organizationLogo\"},\"sameAs\":[\"https:\\\/\\\/facebook.com\\\/eldigitaldeasturias\",\"https:\\\/\\\/www.youtube.com\\\/channel\\\/UCZP-2wLEB9Rv6erhFmqVnvg\"],\"address\":{\"@id\":\"https:\\\/\\\/www.eldigitaldeasturias.com\\\/noticias\\\/#postaladdress\",\"@type\":\"PostalAddress\",\"streetAddress\":\"san antonio 4,\",\"postalCode\":\"33430\",\"addressLocality\":\"Cand\\u00e1s\",\"addressRegion\":\"Asturias\",\"addressCountry\":\"ES\"}},{\"@type\":\"Person\",\"@id\":\"https:\\\/\\\/www.eldigitaldeasturias.com\\\/noticias\\\/author\\\/admin\\\/#author\",\"url\":\"https:\\\/\\\/www.eldigitaldeasturias.com\\\/noticias\\\/author\\\/admin\\\/\",\"name\":\"El Digital de Asturias\",\"image\":{\"@type\":\"ImageObject\",\"@id\":\"https:\\\/\\\/www.eldigitaldeasturias.com\\\/noticias\\\/el-pp-denuncia-la-politizacion-de-la-educacion-por-parte-de-podemos-e-iu\\\/#authorImage\",\"url\":\"https:\\\/\\\/www.eldigitaldeasturias.com\\\/noticias\\\/wp-content\\\/litespeed\\\/avatar\\\/18677e78aa0546b92d9dbf31ec7d7668.jpg?ver=1777290358\",\"width\":96,\"height\":96,\"caption\":\"El Digital de Asturias\"}},{\"@type\":\"WebPage\",\"@id\":\"https:\\\/\\\/www.eldigitaldeasturias.com\\\/noticias\\\/el-pp-denuncia-la-politizacion-de-la-educacion-por-parte-de-podemos-e-iu\\\/#webpage\",\"url\":\"https:\\\/\\\/www.eldigitaldeasturias.com\\\/noticias\\\/el-pp-denuncia-la-politizacion-de-la-educacion-por-parte-de-podemos-e-iu\\\/\",\"name\":\"El PP denuncia la \\u00abpolitizaci\\u00f3n de la educaci\\u00f3n\\u00bb por parte de Podemos e IU - El Digital de Asturias\",\"description\":\"El Partido Popular de Asturias, con su presidenta, Mercedes Fern\\u00e1ndez, a la cabeza, defiende que las familias elijan, libremente, el colegio al que llevar a sus hijos\\\". Por eso el PP denuncia la \\\"politizaci\\u00f3n de la educaci\\u00f3n por parte de la extrema izquierda en Asturias\\\". Una \\\"grave irresponsabiidad\\\" con la que, en palabras del diputado\",\"inLanguage\":\"es-ES\",\"isPartOf\":{\"@id\":\"https:\\\/\\\/www.eldigitaldeasturias.com\\\/noticias\\\/#website\"},\"breadcrumb\":{\"@id\":\"https:\\\/\\\/www.eldigitaldeasturias.com\\\/noticias\\\/el-pp-denuncia-la-politizacion-de-la-educacion-por-parte-de-podemos-e-iu\\\/#breadcrumblist\"},\"author\":{\"@id\":\"https:\\\/\\\/www.eldigitaldeasturias.com\\\/noticias\\\/author\\\/admin\\\/#author\"},\"creator\":{\"@id\":\"https:\\\/\\\/www.eldigitaldeasturias.com\\\/noticias\\\/author\\\/admin\\\/#author\"},\"image\":{\"@type\":\"ImageObject\",\"url\":\"https:\\\/\\\/www.eldigitaldeasturias.com\\\/noticias\\\/wp-content\\\/uploads\\\/2017\\\/01\\\/Medin-Concertada_01_17.jpg\",\"@id\":\"https:\\\/\\\/www.eldigitaldeasturias.com\\\/noticias\\\/el-pp-denuncia-la-politizacion-de-la-educacion-por-parte-de-podemos-e-iu\\\/#mainImage\",\"width\":1280,\"height\":960},\"primaryImageOfPage\":{\"@id\":\"https:\\\/\\\/www.eldigitaldeasturias.com\\\/noticias\\\/el-pp-denuncia-la-politizacion-de-la-educacion-por-parte-de-podemos-e-iu\\\/#mainImage\"},\"datePublished\":\"2017-01-30T21:33:26+01:00\",\"dateModified\":\"2017-01-30T21:33:26+01:00\"},{\"@type\":\"WebSite\",\"@id\":\"https:\\\/\\\/www.eldigitaldeasturias.com\\\/noticias\\\/#website\",\"url\":\"https:\\\/\\\/www.eldigitaldeasturias.com\\\/noticias\\\/\",\"name\":\"El Digital de Asturias - Diario de actualidad y noticias\",\"alternateName\":\"El Digital de Asturias - Diario de actualidad y noticias\",\"description\":\"Hemeroteca\",\"inLanguage\":\"es-ES\",\"publisher\":{\"@id\":\"https:\\\/\\\/www.eldigitaldeasturias.com\\\/noticias\\\/#organization\"}}]}\n\t\t<\/script>\n\t\t<!-- All in One SEO Pro -->\r\n\t\t<title>El PP denuncia la \u00abpolitizaci\u00f3n de la educaci\u00f3n\u00bb por parte de Podemos e IU - El Digital de Asturias<\/title>\n\n","aioseo_head_json":{"title":"El PP denuncia la \u00abpolitizaci\u00f3n de la educaci\u00f3n\u00bb por parte de Podemos e IU - El Digital de Asturias","description":"El Partido Popular de Asturias, con su presidenta, Mercedes Fern\u00e1ndez, a la cabeza, defiende que las familias elijan, libremente, el colegio al que llevar a sus hijos\". Por eso el PP denuncia la \"politizaci\u00f3n de la educaci\u00f3n por parte de la extrema izquierda en Asturias\". Una \"grave irresponsabiidad\" con la que, en palabras del diputado","canonical_url":"https:\/\/www.eldigitaldeasturias.com\/noticias\/el-pp-denuncia-la-politizacion-de-la-educacion-por-parte-de-podemos-e-iu\/","robots":"max-image-preview:large","keywords":"destacadas","webmasterTools":{"google-site-verification":"UA-38556648-1","msvalidate.01":"7dfe9f3f1b24437ab69f4f2559babe99","miscellaneous":""},"schema":{"@context":"https:\/\/schema.org","@graph":[{"@type":"BlogPosting","@id":"https:\/\/www.eldigitaldeasturias.com\/noticias\/el-pp-denuncia-la-politizacion-de-la-educacion-por-parte-de-podemos-e-iu\/#blogposting","name":"El PP denuncia la \u00abpolitizaci\u00f3n de la educaci\u00f3n\u00bb por parte de Podemos e IU - El Digital de Asturias","headline":"El PP denuncia la \u00abpolitizaci\u00f3n de la educaci\u00f3n\u00bb por parte de Podemos e IU","author":{"@id":"https:\/\/www.eldigitaldeasturias.com\/noticias\/author\/admin\/#author"},"publisher":{"@id":"https:\/\/www.eldigitaldeasturias.com\/noticias\/#organization"},"image":{"@type":"ImageObject","url":"https:\/\/www.eldigitaldeasturias.com\/noticias\/wp-content\/uploads\/2017\/01\/Medin-Concertada_01_17.jpg","width":1280,"height":960},"datePublished":"2017-01-30T21:33:26+01:00","dateModified":"2017-01-30T21:33:26+01:00","inLanguage":"es-ES","mainEntityOfPage":{"@id":"https:\/\/www.eldigitaldeasturias.com\/noticias\/el-pp-denuncia-la-politizacion-de-la-educacion-por-parte-de-podemos-e-iu\/#webpage"},"isPartOf":{"@id":"https:\/\/www.eldigitaldeasturias.com\/noticias\/el-pp-denuncia-la-politizacion-de-la-educacion-por-parte-de-podemos-e-iu\/#webpage"},"articleSection":"Destacadas"},{"@type":"BreadcrumbList","@id":"https:\/\/www.eldigitaldeasturias.com\/noticias\/el-pp-denuncia-la-politizacion-de-la-educacion-por-parte-de-podemos-e-iu\/#breadcrumblist","itemListElement":[{"@type":"ListItem","@id":"https:\/\/www.eldigitaldeasturias.com\/noticias#listItem","position":1,"name":"Home","item":"https:\/\/www.eldigitaldeasturias.com\/noticias","nextItem":{"@type":"ListItem","@id":"https:\/\/www.eldigitaldeasturias.com\/noticias\/category\/destacadas\/#listItem","name":"Destacadas"}},{"@type":"ListItem","@id":"https:\/\/www.eldigitaldeasturias.com\/noticias\/category\/destacadas\/#listItem","position":2,"name":"Destacadas","item":"https:\/\/www.eldigitaldeasturias.com\/noticias\/category\/destacadas\/","nextItem":{"@type":"ListItem","@id":"https:\/\/www.eldigitaldeasturias.com\/noticias\/el-pp-denuncia-la-politizacion-de-la-educacion-por-parte-de-podemos-e-iu\/#listItem","name":"El PP denuncia la \u00abpolitizaci\u00f3n de la educaci\u00f3n\u00bb por parte de Podemos e IU"},"previousItem":{"@type":"ListItem","@id":"https:\/\/www.eldigitaldeasturias.com\/noticias#listItem","name":"Home"}},{"@type":"ListItem","@id":"https:\/\/www.eldigitaldeasturias.com\/noticias\/el-pp-denuncia-la-politizacion-de-la-educacion-por-parte-de-podemos-e-iu\/#listItem","position":3,"name":"El PP denuncia la \u00abpolitizaci\u00f3n de la educaci\u00f3n\u00bb por parte de Podemos e IU","previousItem":{"@type":"ListItem","@id":"https:\/\/www.eldigitaldeasturias.com\/noticias\/category\/destacadas\/#listItem","name":"Destacadas"}}]},{"@type":"Organization","@id":"https:\/\/www.eldigitaldeasturias.com\/noticias\/#organization","name":"El Digital de Asturias","description":"Hemeroteca","url":"https:\/\/www.eldigitaldeasturias.com\/noticias\/","email":"info@eldigitaldeasturias.com","telephone":"+34652131393","logo":{"@type":"ImageObject","url":"https:\/\/www.eldigitaldeasturias.com\/noticias\/wp-content\/uploads\/2020\/12\/EDA.jpg","@id":"https:\/\/www.eldigitaldeasturias.com\/noticias\/el-pp-denuncia-la-politizacion-de-la-educacion-por-parte-de-podemos-e-iu\/#organizationLogo","width":649,"height":297},"image":{"@id":"https:\/\/www.eldigitaldeasturias.com\/noticias\/el-pp-denuncia-la-politizacion-de-la-educacion-por-parte-de-podemos-e-iu\/#organizationLogo"},"sameAs":["https:\/\/facebook.com\/eldigitaldeasturias","https:\/\/www.youtube.com\/channel\/UCZP-2wLEB9Rv6erhFmqVnvg"],"address":{"@id":"https:\/\/www.eldigitaldeasturias.com\/noticias\/#postaladdress","@type":"PostalAddress","streetAddress":"san antonio 4,","postalCode":"33430","addressLocality":"Cand\u00e1s","addressRegion":"Asturias","addressCountry":"ES"}},{"@type":"Person","@id":"https:\/\/www.eldigitaldeasturias.com\/noticias\/author\/admin\/#author","url":"https:\/\/www.eldigitaldeasturias.com\/noticias\/author\/admin\/","name":"El Digital de Asturias","image":{"@type":"ImageObject","@id":"https:\/\/www.eldigitaldeasturias.com\/noticias\/el-pp-denuncia-la-politizacion-de-la-educacion-por-parte-de-podemos-e-iu\/#authorImage","url":"https:\/\/www.eldigitaldeasturias.com\/noticias\/wp-content\/litespeed\/avatar\/18677e78aa0546b92d9dbf31ec7d7668.jpg?ver=1777290358","width":96,"height":96,"caption":"El Digital de Asturias"}},{"@type":"WebPage","@id":"https:\/\/www.eldigitaldeasturias.com\/noticias\/el-pp-denuncia-la-politizacion-de-la-educacion-por-parte-de-podemos-e-iu\/#webpage","url":"https:\/\/www.eldigitaldeasturias.com\/noticias\/el-pp-denuncia-la-politizacion-de-la-educacion-por-parte-de-podemos-e-iu\/","name":"El PP denuncia la \u00abpolitizaci\u00f3n de la educaci\u00f3n\u00bb por parte de Podemos e IU - El Digital de Asturias","description":"El Partido Popular de Asturias, con su presidenta, Mercedes Fern\u00e1ndez, a la cabeza, defiende que las familias elijan, libremente, el colegio al que llevar a sus hijos\". Por eso el PP denuncia la \"politizaci\u00f3n de la educaci\u00f3n por parte de la extrema izquierda en Asturias\". Una \"grave irresponsabiidad\" con la que, en palabras del diputado","inLanguage":"es-ES","isPartOf":{"@id":"https:\/\/www.eldigitaldeasturias.com\/noticias\/#website"},"breadcrumb":{"@id":"https:\/\/www.eldigitaldeasturias.com\/noticias\/el-pp-denuncia-la-politizacion-de-la-educacion-por-parte-de-podemos-e-iu\/#breadcrumblist"},"author":{"@id":"https:\/\/www.eldigitaldeasturias.com\/noticias\/author\/admin\/#author"},"creator":{"@id":"https:\/\/www.eldigitaldeasturias.com\/noticias\/author\/admin\/#author"},"image":{"@type":"ImageObject","url":"https:\/\/www.eldigitaldeasturias.com\/noticias\/wp-content\/uploads\/2017\/01\/Medin-Concertada_01_17.jpg","@id":"https:\/\/www.eldigitaldeasturias.com\/noticias\/el-pp-denuncia-la-politizacion-de-la-educacion-por-parte-de-podemos-e-iu\/#mainImage","width":1280,"height":960},"primaryImageOfPage":{"@id":"https:\/\/www.eldigitaldeasturias.com\/noticias\/el-pp-denuncia-la-politizacion-de-la-educacion-por-parte-de-podemos-e-iu\/#mainImage"},"datePublished":"2017-01-30T21:33:26+01:00","dateModified":"2017-01-30T21:33:26+01:00"},{"@type":"WebSite","@id":"https:\/\/www.eldigitaldeasturias.com\/noticias\/#website","url":"https:\/\/www.eldigitaldeasturias.com\/noticias\/","name":"El Digital de Asturias - Diario de actualidad y noticias","alternateName":"El Digital de Asturias - Diario de actualidad y noticias","description":"Hemeroteca","inLanguage":"es-ES","publisher":{"@id":"https:\/\/www.eldigitaldeasturias.com\/noticias\/#organization"}}]},"og:locale":"es_ES","og:site_name":"El Digital de Asturias","og:type":"article","og:title":"El PP denuncia la \u00abpolitizaci\u00f3n de la educaci\u00f3n\u00bb por parte de Podemos e IU - El Digital de Asturias","og:description":"El Partido Popular de Asturias, con su presidenta, Mercedes Fern\u00e1ndez, a la cabeza, defiende que las familias elijan, libremente, el colegio al que llevar a sus hijos&quot;. Por eso el PP denuncia la &quot;politizaci\u00f3n de la educaci\u00f3n por parte de la extrema izquierda en Asturias&quot;. Una &quot;grave irresponsabiidad&quot; con la que, en palabras del diputado","og:url":"https:\/\/www.eldigitaldeasturias.com\/noticias\/el-pp-denuncia-la-politizacion-de-la-educacion-por-parte-de-podemos-e-iu\/","og:image":"https:\/\/www.eldigitaldeasturias.com\/noticias\/wp-content\/uploads\/2017\/01\/Medin-Concertada_01_17.jpg","og:image:secure_url":"https:\/\/www.eldigitaldeasturias.com\/noticias\/wp-content\/uploads\/2017\/01\/Medin-Concertada_01_17.jpg","og:image:width":1280,"og:image:height":960,"article:tag":["destacadas"],"article:published_time":"2017-01-30T21:33:26+00:00","article:modified_time":"2017-01-30T21:33:26+00:00","article:publisher":"https:\/\/facebook.com\/eldigitaldeasturias","twitter:card":"summary_large_image","twitter:title":"El PP denuncia la \u00abpolitizaci\u00f3n de la educaci\u00f3n\u00bb por parte de Podemos e IU - El Digital de Asturias","twitter:description":"El Partido Popular de Asturias, con su presidenta, Mercedes Fern\u00e1ndez, a la cabeza, defiende que las familias elijan, libremente, el colegio al que llevar a sus hijos&quot;. Por eso el PP denuncia la &quot;politizaci\u00f3n de la educaci\u00f3n por parte de la extrema izquierda en Asturias&quot;. Una &quot;grave irresponsabiidad&quot; con la que, en palabras del diputado","twitter:image":"https:\/\/www.eldigitaldeasturias.com\/noticias\/wp-content\/uploads\/2017\/01\/Medin-Concertada_01_17.jpg","twitter:label1":"Escrito por","twitter:data1":"El Digital de Asturias","twitter:label2":"Tiempo de lectura estimado","twitter:data2":"2 minutos"},"aioseo_meta_data":{"post_id":"924251","title":null,"description":null,"keywords":null,"keyphrases":null,"primary_term":null,"canonical_url":null,"og_title":null,"og_description":null,"og_object_type":"default","og_image_type":"default","og_image_url":null,"og_image_width":null,"og_image_height":null,"og_image_custom_url":null,"og_image_custom_fields":null,"og_video":null,"og_custom_url":null,"og_article_section":null,"og_article_tags":null,"twitter_use_og":false,"twitter_card":"default","twitter_image_type":"default","twitter_image_url":null,"twitter_image_custom_url":null,"twitter_image_custom_fields":null,"twitter_title":null,"twitter_description":null,"schema":{"blockGraphs":[],"customGraphs":[],"default":{"data":{"Article":[],"Course":[],"Dataset":[],"FAQPage":[],"Movie":[],"Person":[],"Product":[],"ProductReview":[],"Car":[],"Recipe":[],"Service":[],"SoftwareApplication":[],"WebPage":[]},"graphName":"","isEnabled":true},"graphs":[],"defaultGraph":"","defaultPostTypeGraph":""},"schema_type":null,"schema_type_options":null,"pillar_content":false,"robots_default":true,"robots_noindex":false,"robots_noarchive":false,"robots_nosnippet":false,"robots_nofollow":false,"robots_noimageindex":false,"robots_noodp":false,"robots_notranslate":false,"robots_max_snippet":null,"robots_max_videopreview":null,"robots_max_imagepreview":"large","priority":null,"frequency":null,"local_seo":null,"seo_analyzer_scan_date":"2025-12-02 23:28:18","breadcrumb_settings":null,"limit_modified_date":false,"open_ai":null,"ai":null,"created":"2020-12-21 13:40:30","updated":"2025-12-02 23:28:18"},"aioseo_breadcrumb":"<div class=\"aioseo-breadcrumbs\"><span class=\"aioseo-breadcrumb\">\n\t<a href=\"https:\/\/www.eldigitaldeasturias.com\/noticias\" title=\"Home\">Home<\/a>\n<\/span><span class=\"aioseo-breadcrumb-separator\">\u2013<\/span><span class=\"aioseo-breadcrumb\">\n\t<a href=\"https:\/\/www.eldigitaldeasturias.com\/noticias\/category\/destacadas\/\" title=\"Destacadas\">Destacadas<\/a>\n<\/span><span class=\"aioseo-breadcrumb-separator\">\u2013<\/span><span class=\"aioseo-breadcrumb\">\n\t<a href=\"https:\/\/www.eldigitaldeasturias.com\/noticias\/el-pp-denuncia-la-politizacion-de-la-educacion-por-parte-de-podemos-e-iu\/\" title=\"El PP denuncia la \u00abpolitizaci\u00f3n de la educaci\u00f3n\u00bb por parte de Podemos e IU\">El PP denuncia la \u00abpolitizaci\u00f3n de la educaci\u00f3n\u00bb por parte de Podemos e IU<\/a>\n<\/span><\/div>","aioseo_breadcrumb_json":[{"label":"Home","link":"https:\/\/www.eldigitaldeasturias.com\/noticias"},{"label":"Destacadas","link":"https:\/\/www.eldigitaldeasturias.com\/noticias\/category\/destacadas\/"},{"label":"El PP denuncia la \u00abpolitizaci\u00f3n de la educaci\u00f3n\u00bb por parte de Podemos e IU","link":"https:\/\/www.eldigitaldeasturias.com\/noticias\/el-pp-denuncia-la-politizacion-de-la-educacion-por-parte-de-podemos-e-iu\/"}],"_links":{"self":[{"href":"https:\/\/www.eldigitaldeasturias.com\/noticias\/wp-json\/wp\/v2\/posts\/924251","targetHints":{"allow":["GET"]}}],"collection":[{"href":"https:\/\/www.eldigitaldeasturias.com\/noticias\/wp-json\/wp\/v2\/posts"}],"about":[{"href":"https:\/\/www.eldigitaldeasturias.com\/noticias\/wp-json\/wp\/v2\/types\/post"}],"author":[{"embeddable":true,"href":"https:\/\/www.eldigitaldeasturias.com\/noticias\/wp-json\/wp\/v2\/users\/1"}],"replies":[{"embeddable":true,"href":"https:\/\/www.eldigitaldeasturias.com\/noticias\/wp-json\/wp\/v2\/comments?post=924251"}],"version-history":[{"count":0,"href":"https:\/\/www.eldigitaldeasturias.com\/noticias\/wp-json\/wp\/v2\/posts\/924251\/revisions"}],"wp:featuredmedia":[{"embeddable":true,"href":"https:\/\/www.eldigitaldeasturias.com\/noticias\/wp-json\/wp\/v2\/media\/924252"}],"wp:attachment":[{"href":"https:\/\/www.eldigitaldeasturias.com\/noticias\/wp-json\/wp\/v2\/media?parent=924251"}],"wp:term":[{"taxonomy":"category","embeddable":true,"href":"https:\/\/www.eldigitaldeasturias.com\/noticias\/wp-json\/wp\/v2\/categories?post=924251"},{"taxonomy":"post_tag","embeddable":true,"href":"https:\/\/www.eldigitaldeasturias.com\/noticias\/wp-json\/wp\/v2\/tags?post=924251"}],"curies":[{"name":"wp","href":"https:\/\/api.w.org\/{rel}","templated":true}]}}