{"id":924220,"date":"2017-01-30T20:46:22","date_gmt":"2017-01-30T20:46:22","guid":{"rendered":"http:\/\/www.eldigitaldeasturias.com\/noticias\/?p=924220"},"modified":"2017-01-30T20:46:22","modified_gmt":"2017-01-30T20:46:22","slug":"condenado-el-exalcalde-de-pravia-como-autor-de-un-delito-de-prevaricacion","status":"publish","type":"post","link":"https:\/\/www.eldigitaldeasturias.com\/noticias\/condenado-el-exalcalde-de-pravia-como-autor-de-un-delito-de-prevaricacion\/","title":{"rendered":"Condenado el exalcalde de Pravia como autor de un delito de prevaricaci\u00f3n"},"content":{"rendered":"<p><img loading=\"lazy\" decoding=\"async\" class=\"alignleft size-medium wp-image-924221\" src=\"https:\/\/www.eldigitaldeasturias.com\/noticias\/wp-content\/uploads\/2017\/01\/Solar-360x198.jpg\" alt=\"\" width=\"360\" height=\"198\" srcset=\"https:\/\/www.eldigitaldeasturias.com\/noticias\/wp-content\/uploads\/2017\/01\/Solar-360x198.jpg 360w, https:\/\/www.eldigitaldeasturias.com\/noticias\/wp-content\/uploads\/2017\/01\/Solar-650x357.jpg 650w, https:\/\/www.eldigitaldeasturias.com\/noticias\/wp-content\/uploads\/2017\/01\/Solar.jpg 655w\" sizes=\"auto, (max-width: 360px) 100vw, 360px\" \/>La Secci\u00f3n Tercera de la Audiencia Provincial de Asturias, en una sentencia de la que ha sido ponente el magistrado Javier Rodr\u00edguez Santocildes, ha estimado los recursos recursos de apelaci\u00f3n formulados por la concejal del PP Ana Rosa Alvarez D\u00edaz y Foro de Ciudadanos contra la sentencia de 29 de marzo de 2016 del Juzgado de lo Penal n\u00ba 1 de Avil\u00e9s.<\/p>\n<p>La sentencia que es firme, revoca dicha resoluci\u00f3n y condena al exalcalde de Pravia, Antonio de Luis Solar como autor de un delito de prevaricaci\u00f3n, a la pena de siete a\u00f1os de inhabilitaci\u00f3n especial referida a la imposibilidad de concurrir a cualesquiera elecci\u00f3n popular en el \u00e1mbito municipal, provincial, auton\u00f3mico, estatal o europeo, o ser nombrado para puesto representativo o ejecutivo o gestor por una autoridad p\u00fablica por dicho periodo si bien ello no implicar\u00e1 la p\u00e9rdida de la condici\u00f3n de funcionario del condenado, como es el caso.<\/p>\n<p>La sentencia considera probado que el entonces alcalde de Pravia procedi\u00f3 a avalar la compra de unos parqu\u00edmetros en su condici\u00f3n de alcalde, y no a t\u00edtulo particular como defend\u00eda el acusado, por lo que vincul\u00f3 con conocimiento los fondo p\u00fablicos del Consistorio, que fueron reclamados con posterioridad por una entidad bancaria.<\/p>\n<p>&nbsp;<\/p>\n","protected":false},"excerpt":{"rendered":"<p>La Secci\u00f3n Tercera de la Audiencia Provincial de Asturias, en una sentencia de la que ha sido ponente el magistrado Javier Rodr\u00edguez Santocildes, ha estimado los recursos recursos de apelaci\u00f3n formulados por la concejal del PP Ana Rosa Alvarez D\u00edaz y Foro de Ciudadanos contra la sentencia de 29 de marzo de 2016 del Juzgado [&hellip;]<\/p>\n","protected":false},"author":1,"featured_media":924221,"comment_status":"closed","ping_status":"closed","sticky":false,"template":"","format":"standard","meta":{"footnotes":""},"categories":[141],"tags":[],"class_list":["post-924220","post","type-post","status-publish","format-standard","has-post-thumbnail","hentry","category-destacadas"],"aioseo_notices":[],"aioseo_head":"\n\t\t<!-- All in One SEO Pro 4.9.6.2 - aioseo.com -->\n\t<meta name=\"description\" content=\"La Secci\u00f3n Tercera de la Audiencia Provincial de Asturias, en una sentencia de la que ha sido ponente el magistrado Javier Rodr\u00edguez Santocildes, ha estimado los recursos recursos de apelaci\u00f3n formulados por la concejal del PP Ana Rosa Alvarez D\u00edaz y Foro de Ciudadanos contra la sentencia de 29 de marzo de 2016 del Juzgado\" \/>\n\t<meta name=\"robots\" content=\"max-image-preview:large\" \/>\n\t<meta name=\"author\" content=\"El Digital de Asturias\"\/>\n\t<meta name=\"google-site-verification\" content=\"UA-38556648-1\" \/>\n\t<meta name=\"msvalidate.01\" content=\"7dfe9f3f1b24437ab69f4f2559babe99\" \/>\n\t<meta name=\"keywords\" content=\"destacadas\" \/>\n\t<link rel=\"canonical\" href=\"https:\/\/www.eldigitaldeasturias.com\/noticias\/condenado-el-exalcalde-de-pravia-como-autor-de-un-delito-de-prevaricacion\/\" \/>\n\t<meta name=\"generator\" content=\"All in One SEO Pro (AIOSEO) 4.9.6.2\" \/>\n\t\t<meta property=\"og:locale\" content=\"es_ES\" \/>\n\t\t<meta property=\"og:site_name\" content=\"El Digital de Asturias\" \/>\n\t\t<meta property=\"og:type\" content=\"article\" \/>\n\t\t<meta property=\"og:title\" content=\"Condenado el exalcalde de Pravia como autor de un delito de prevaricaci\u00f3n - El Digital de Asturias\" \/>\n\t\t<meta property=\"og:description\" content=\"La Secci\u00f3n Tercera de la Audiencia Provincial de Asturias, en una sentencia de la que ha sido ponente el magistrado Javier Rodr\u00edguez Santocildes, ha estimado los recursos recursos de apelaci\u00f3n formulados por la concejal del PP Ana Rosa Alvarez D\u00edaz y Foro de Ciudadanos contra la sentencia de 29 de marzo de 2016 del Juzgado\" \/>\n\t\t<meta property=\"og:url\" content=\"https:\/\/www.eldigitaldeasturias.com\/noticias\/condenado-el-exalcalde-de-pravia-como-autor-de-un-delito-de-prevaricacion\/\" \/>\n\t\t<meta property=\"og:image\" content=\"https:\/\/www.eldigitaldeasturias.com\/noticias\/wp-content\/uploads\/2017\/01\/Solar.jpg\" \/>\n\t\t<meta property=\"og:image:secure_url\" content=\"https:\/\/www.eldigitaldeasturias.com\/noticias\/wp-content\/uploads\/2017\/01\/Solar.jpg\" \/>\n\t\t<meta property=\"og:image:width\" content=\"655\" \/>\n\t\t<meta property=\"og:image:height\" content=\"360\" \/>\n\t\t<meta property=\"article:tag\" content=\"destacadas\" \/>\n\t\t<meta property=\"article:published_time\" content=\"2017-01-30T20:46:22+00:00\" \/>\n\t\t<meta property=\"article:modified_time\" content=\"2017-01-30T20:46:22+00:00\" \/>\n\t\t<meta property=\"article:publisher\" content=\"https:\/\/facebook.com\/eldigitaldeasturias\" \/>\n\t\t<meta name=\"twitter:card\" content=\"summary_large_image\" \/>\n\t\t<meta name=\"twitter:title\" content=\"Condenado el exalcalde de Pravia como autor de un delito de prevaricaci\u00f3n - El Digital de Asturias\" \/>\n\t\t<meta name=\"twitter:description\" content=\"La Secci\u00f3n Tercera de la Audiencia Provincial de Asturias, en una sentencia de la que ha sido ponente el magistrado Javier Rodr\u00edguez Santocildes, ha estimado los recursos recursos de apelaci\u00f3n formulados por la concejal del PP Ana Rosa Alvarez D\u00edaz y Foro de Ciudadanos contra la sentencia de 29 de marzo de 2016 del Juzgado\" \/>\n\t\t<meta name=\"twitter:image\" content=\"https:\/\/www.eldigitaldeasturias.com\/noticias\/wp-content\/uploads\/2017\/01\/Solar.jpg\" \/>\n\t\t<meta name=\"twitter:label1\" content=\"Escrito por\" \/>\n\t\t<meta name=\"twitter:data1\" content=\"El Digital de Asturias\" \/>\n\t\t<meta name=\"twitter:label2\" content=\"Tiempo de lectura estimado\" \/>\n\t\t<meta name=\"twitter:data2\" content=\"1 minuto\" \/>\n\t\t<script type=\"application\/ld+json\" class=\"aioseo-schema\">\n\t\t\t{\"@context\":\"https:\\\/\\\/schema.org\",\"@graph\":[{\"@type\":\"BlogPosting\",\"@id\":\"https:\\\/\\\/www.eldigitaldeasturias.com\\\/noticias\\\/condenado-el-exalcalde-de-pravia-como-autor-de-un-delito-de-prevaricacion\\\/#blogposting\",\"name\":\"Condenado el exalcalde de Pravia como autor de un delito de prevaricaci\\u00f3n - El Digital de Asturias\",\"headline\":\"Condenado el exalcalde de Pravia como autor de un delito de prevaricaci\\u00f3n\",\"author\":{\"@id\":\"https:\\\/\\\/www.eldigitaldeasturias.com\\\/noticias\\\/author\\\/admin\\\/#author\"},\"publisher\":{\"@id\":\"https:\\\/\\\/www.eldigitaldeasturias.com\\\/noticias\\\/#organization\"},\"image\":{\"@type\":\"ImageObject\",\"url\":\"https:\\\/\\\/www.eldigitaldeasturias.com\\\/noticias\\\/wp-content\\\/uploads\\\/2017\\\/01\\\/Solar.jpg\",\"width\":655,\"height\":360},\"datePublished\":\"2017-01-30T20:46:22+01:00\",\"dateModified\":\"2017-01-30T20:46:22+01:00\",\"inLanguage\":\"es-ES\",\"mainEntityOfPage\":{\"@id\":\"https:\\\/\\\/www.eldigitaldeasturias.com\\\/noticias\\\/condenado-el-exalcalde-de-pravia-como-autor-de-un-delito-de-prevaricacion\\\/#webpage\"},\"isPartOf\":{\"@id\":\"https:\\\/\\\/www.eldigitaldeasturias.com\\\/noticias\\\/condenado-el-exalcalde-de-pravia-como-autor-de-un-delito-de-prevaricacion\\\/#webpage\"},\"articleSection\":\"Destacadas\"},{\"@type\":\"BreadcrumbList\",\"@id\":\"https:\\\/\\\/www.eldigitaldeasturias.com\\\/noticias\\\/condenado-el-exalcalde-de-pravia-como-autor-de-un-delito-de-prevaricacion\\\/#breadcrumblist\",\"itemListElement\":[{\"@type\":\"ListItem\",\"@id\":\"https:\\\/\\\/www.eldigitaldeasturias.com\\\/noticias#listItem\",\"position\":1,\"name\":\"Home\",\"item\":\"https:\\\/\\\/www.eldigitaldeasturias.com\\\/noticias\",\"nextItem\":{\"@type\":\"ListItem\",\"@id\":\"https:\\\/\\\/www.eldigitaldeasturias.com\\\/noticias\\\/category\\\/destacadas\\\/#listItem\",\"name\":\"Destacadas\"}},{\"@type\":\"ListItem\",\"@id\":\"https:\\\/\\\/www.eldigitaldeasturias.com\\\/noticias\\\/category\\\/destacadas\\\/#listItem\",\"position\":2,\"name\":\"Destacadas\",\"item\":\"https:\\\/\\\/www.eldigitaldeasturias.com\\\/noticias\\\/category\\\/destacadas\\\/\",\"nextItem\":{\"@type\":\"ListItem\",\"@id\":\"https:\\\/\\\/www.eldigitaldeasturias.com\\\/noticias\\\/condenado-el-exalcalde-de-pravia-como-autor-de-un-delito-de-prevaricacion\\\/#listItem\",\"name\":\"Condenado el exalcalde de Pravia como autor de un delito de prevaricaci\\u00f3n\"},\"previousItem\":{\"@type\":\"ListItem\",\"@id\":\"https:\\\/\\\/www.eldigitaldeasturias.com\\\/noticias#listItem\",\"name\":\"Home\"}},{\"@type\":\"ListItem\",\"@id\":\"https:\\\/\\\/www.eldigitaldeasturias.com\\\/noticias\\\/condenado-el-exalcalde-de-pravia-como-autor-de-un-delito-de-prevaricacion\\\/#listItem\",\"position\":3,\"name\":\"Condenado el exalcalde de Pravia como autor de un delito de prevaricaci\\u00f3n\",\"previousItem\":{\"@type\":\"ListItem\",\"@id\":\"https:\\\/\\\/www.eldigitaldeasturias.com\\\/noticias\\\/category\\\/destacadas\\\/#listItem\",\"name\":\"Destacadas\"}}]},{\"@type\":\"Organization\",\"@id\":\"https:\\\/\\\/www.eldigitaldeasturias.com\\\/noticias\\\/#organization\",\"name\":\"El Digital de Asturias\",\"description\":\"Hemeroteca\",\"url\":\"https:\\\/\\\/www.eldigitaldeasturias.com\\\/noticias\\\/\",\"email\":\"info@eldigitaldeasturias.com\",\"telephone\":\"+34652131393\",\"logo\":{\"@type\":\"ImageObject\",\"url\":\"https:\\\/\\\/www.eldigitaldeasturias.com\\\/noticias\\\/wp-content\\\/uploads\\\/2020\\\/12\\\/EDA.jpg\",\"@id\":\"https:\\\/\\\/www.eldigitaldeasturias.com\\\/noticias\\\/condenado-el-exalcalde-de-pravia-como-autor-de-un-delito-de-prevaricacion\\\/#organizationLogo\",\"width\":649,\"height\":297},\"image\":{\"@id\":\"https:\\\/\\\/www.eldigitaldeasturias.com\\\/noticias\\\/condenado-el-exalcalde-de-pravia-como-autor-de-un-delito-de-prevaricacion\\\/#organizationLogo\"},\"sameAs\":[\"https:\\\/\\\/facebook.com\\\/eldigitaldeasturias\",\"https:\\\/\\\/www.youtube.com\\\/channel\\\/UCZP-2wLEB9Rv6erhFmqVnvg\"],\"address\":{\"@id\":\"https:\\\/\\\/www.eldigitaldeasturias.com\\\/noticias\\\/#postaladdress\",\"@type\":\"PostalAddress\",\"streetAddress\":\"san antonio 4,\",\"postalCode\":\"33430\",\"addressLocality\":\"Cand\\u00e1s\",\"addressRegion\":\"Asturias\",\"addressCountry\":\"ES\"}},{\"@type\":\"Person\",\"@id\":\"https:\\\/\\\/www.eldigitaldeasturias.com\\\/noticias\\\/author\\\/admin\\\/#author\",\"url\":\"https:\\\/\\\/www.eldigitaldeasturias.com\\\/noticias\\\/author\\\/admin\\\/\",\"name\":\"El Digital de Asturias\",\"image\":{\"@type\":\"ImageObject\",\"@id\":\"https:\\\/\\\/www.eldigitaldeasturias.com\\\/noticias\\\/condenado-el-exalcalde-de-pravia-como-autor-de-un-delito-de-prevaricacion\\\/#authorImage\",\"url\":\"https:\\\/\\\/www.eldigitaldeasturias.com\\\/noticias\\\/wp-content\\\/litespeed\\\/avatar\\\/18677e78aa0546b92d9dbf31ec7d7668.jpg?ver=1777290358\",\"width\":96,\"height\":96,\"caption\":\"El Digital de Asturias\"}},{\"@type\":\"WebPage\",\"@id\":\"https:\\\/\\\/www.eldigitaldeasturias.com\\\/noticias\\\/condenado-el-exalcalde-de-pravia-como-autor-de-un-delito-de-prevaricacion\\\/#webpage\",\"url\":\"https:\\\/\\\/www.eldigitaldeasturias.com\\\/noticias\\\/condenado-el-exalcalde-de-pravia-como-autor-de-un-delito-de-prevaricacion\\\/\",\"name\":\"Condenado el exalcalde de Pravia como autor de un delito de prevaricaci\\u00f3n - El Digital de Asturias\",\"description\":\"La Secci\\u00f3n Tercera de la Audiencia Provincial de Asturias, en una sentencia de la que ha sido ponente el magistrado Javier Rodr\\u00edguez Santocildes, ha estimado los recursos recursos de apelaci\\u00f3n formulados por la concejal del PP Ana Rosa Alvarez D\\u00edaz y Foro de Ciudadanos contra la sentencia de 29 de marzo de 2016 del Juzgado\",\"inLanguage\":\"es-ES\",\"isPartOf\":{\"@id\":\"https:\\\/\\\/www.eldigitaldeasturias.com\\\/noticias\\\/#website\"},\"breadcrumb\":{\"@id\":\"https:\\\/\\\/www.eldigitaldeasturias.com\\\/noticias\\\/condenado-el-exalcalde-de-pravia-como-autor-de-un-delito-de-prevaricacion\\\/#breadcrumblist\"},\"author\":{\"@id\":\"https:\\\/\\\/www.eldigitaldeasturias.com\\\/noticias\\\/author\\\/admin\\\/#author\"},\"creator\":{\"@id\":\"https:\\\/\\\/www.eldigitaldeasturias.com\\\/noticias\\\/author\\\/admin\\\/#author\"},\"image\":{\"@type\":\"ImageObject\",\"url\":\"https:\\\/\\\/www.eldigitaldeasturias.com\\\/noticias\\\/wp-content\\\/uploads\\\/2017\\\/01\\\/Solar.jpg\",\"@id\":\"https:\\\/\\\/www.eldigitaldeasturias.com\\\/noticias\\\/condenado-el-exalcalde-de-pravia-como-autor-de-un-delito-de-prevaricacion\\\/#mainImage\",\"width\":655,\"height\":360},\"primaryImageOfPage\":{\"@id\":\"https:\\\/\\\/www.eldigitaldeasturias.com\\\/noticias\\\/condenado-el-exalcalde-de-pravia-como-autor-de-un-delito-de-prevaricacion\\\/#mainImage\"},\"datePublished\":\"2017-01-30T20:46:22+01:00\",\"dateModified\":\"2017-01-30T20:46:22+01:00\"},{\"@type\":\"WebSite\",\"@id\":\"https:\\\/\\\/www.eldigitaldeasturias.com\\\/noticias\\\/#website\",\"url\":\"https:\\\/\\\/www.eldigitaldeasturias.com\\\/noticias\\\/\",\"name\":\"El Digital de Asturias - Diario de actualidad y noticias\",\"alternateName\":\"El Digital de Asturias - Diario de actualidad y noticias\",\"description\":\"Hemeroteca\",\"inLanguage\":\"es-ES\",\"publisher\":{\"@id\":\"https:\\\/\\\/www.eldigitaldeasturias.com\\\/noticias\\\/#organization\"}}]}\n\t\t<\/script>\n\t\t<!-- All in One SEO Pro -->\r\n\t\t<title>Condenado el exalcalde de Pravia como autor de un delito de prevaricaci\u00f3n - El Digital de Asturias<\/title>\n\n","aioseo_head_json":{"title":"Condenado el exalcalde de Pravia como autor de un delito de prevaricaci\u00f3n - El Digital de Asturias","description":"La Secci\u00f3n Tercera de la Audiencia Provincial de Asturias, en una sentencia de la que ha sido ponente el magistrado Javier Rodr\u00edguez Santocildes, ha estimado los recursos recursos de apelaci\u00f3n formulados por la concejal del PP Ana Rosa Alvarez D\u00edaz y Foro de Ciudadanos contra la sentencia de 29 de marzo de 2016 del Juzgado","canonical_url":"https:\/\/www.eldigitaldeasturias.com\/noticias\/condenado-el-exalcalde-de-pravia-como-autor-de-un-delito-de-prevaricacion\/","robots":"max-image-preview:large","keywords":"destacadas","webmasterTools":{"google-site-verification":"UA-38556648-1","msvalidate.01":"7dfe9f3f1b24437ab69f4f2559babe99","miscellaneous":""},"schema":{"@context":"https:\/\/schema.org","@graph":[{"@type":"BlogPosting","@id":"https:\/\/www.eldigitaldeasturias.com\/noticias\/condenado-el-exalcalde-de-pravia-como-autor-de-un-delito-de-prevaricacion\/#blogposting","name":"Condenado el exalcalde de Pravia como autor de un delito de prevaricaci\u00f3n - El Digital de Asturias","headline":"Condenado el exalcalde de Pravia como autor de un delito de prevaricaci\u00f3n","author":{"@id":"https:\/\/www.eldigitaldeasturias.com\/noticias\/author\/admin\/#author"},"publisher":{"@id":"https:\/\/www.eldigitaldeasturias.com\/noticias\/#organization"},"image":{"@type":"ImageObject","url":"https:\/\/www.eldigitaldeasturias.com\/noticias\/wp-content\/uploads\/2017\/01\/Solar.jpg","width":655,"height":360},"datePublished":"2017-01-30T20:46:22+01:00","dateModified":"2017-01-30T20:46:22+01:00","inLanguage":"es-ES","mainEntityOfPage":{"@id":"https:\/\/www.eldigitaldeasturias.com\/noticias\/condenado-el-exalcalde-de-pravia-como-autor-de-un-delito-de-prevaricacion\/#webpage"},"isPartOf":{"@id":"https:\/\/www.eldigitaldeasturias.com\/noticias\/condenado-el-exalcalde-de-pravia-como-autor-de-un-delito-de-prevaricacion\/#webpage"},"articleSection":"Destacadas"},{"@type":"BreadcrumbList","@id":"https:\/\/www.eldigitaldeasturias.com\/noticias\/condenado-el-exalcalde-de-pravia-como-autor-de-un-delito-de-prevaricacion\/#breadcrumblist","itemListElement":[{"@type":"ListItem","@id":"https:\/\/www.eldigitaldeasturias.com\/noticias#listItem","position":1,"name":"Home","item":"https:\/\/www.eldigitaldeasturias.com\/noticias","nextItem":{"@type":"ListItem","@id":"https:\/\/www.eldigitaldeasturias.com\/noticias\/category\/destacadas\/#listItem","name":"Destacadas"}},{"@type":"ListItem","@id":"https:\/\/www.eldigitaldeasturias.com\/noticias\/category\/destacadas\/#listItem","position":2,"name":"Destacadas","item":"https:\/\/www.eldigitaldeasturias.com\/noticias\/category\/destacadas\/","nextItem":{"@type":"ListItem","@id":"https:\/\/www.eldigitaldeasturias.com\/noticias\/condenado-el-exalcalde-de-pravia-como-autor-de-un-delito-de-prevaricacion\/#listItem","name":"Condenado el exalcalde de Pravia como autor de un delito de prevaricaci\u00f3n"},"previousItem":{"@type":"ListItem","@id":"https:\/\/www.eldigitaldeasturias.com\/noticias#listItem","name":"Home"}},{"@type":"ListItem","@id":"https:\/\/www.eldigitaldeasturias.com\/noticias\/condenado-el-exalcalde-de-pravia-como-autor-de-un-delito-de-prevaricacion\/#listItem","position":3,"name":"Condenado el exalcalde de Pravia como autor de un delito de prevaricaci\u00f3n","previousItem":{"@type":"ListItem","@id":"https:\/\/www.eldigitaldeasturias.com\/noticias\/category\/destacadas\/#listItem","name":"Destacadas"}}]},{"@type":"Organization","@id":"https:\/\/www.eldigitaldeasturias.com\/noticias\/#organization","name":"El Digital de Asturias","description":"Hemeroteca","url":"https:\/\/www.eldigitaldeasturias.com\/noticias\/","email":"info@eldigitaldeasturias.com","telephone":"+34652131393","logo":{"@type":"ImageObject","url":"https:\/\/www.eldigitaldeasturias.com\/noticias\/wp-content\/uploads\/2020\/12\/EDA.jpg","@id":"https:\/\/www.eldigitaldeasturias.com\/noticias\/condenado-el-exalcalde-de-pravia-como-autor-de-un-delito-de-prevaricacion\/#organizationLogo","width":649,"height":297},"image":{"@id":"https:\/\/www.eldigitaldeasturias.com\/noticias\/condenado-el-exalcalde-de-pravia-como-autor-de-un-delito-de-prevaricacion\/#organizationLogo"},"sameAs":["https:\/\/facebook.com\/eldigitaldeasturias","https:\/\/www.youtube.com\/channel\/UCZP-2wLEB9Rv6erhFmqVnvg"],"address":{"@id":"https:\/\/www.eldigitaldeasturias.com\/noticias\/#postaladdress","@type":"PostalAddress","streetAddress":"san antonio 4,","postalCode":"33430","addressLocality":"Cand\u00e1s","addressRegion":"Asturias","addressCountry":"ES"}},{"@type":"Person","@id":"https:\/\/www.eldigitaldeasturias.com\/noticias\/author\/admin\/#author","url":"https:\/\/www.eldigitaldeasturias.com\/noticias\/author\/admin\/","name":"El Digital de Asturias","image":{"@type":"ImageObject","@id":"https:\/\/www.eldigitaldeasturias.com\/noticias\/condenado-el-exalcalde-de-pravia-como-autor-de-un-delito-de-prevaricacion\/#authorImage","url":"https:\/\/www.eldigitaldeasturias.com\/noticias\/wp-content\/litespeed\/avatar\/18677e78aa0546b92d9dbf31ec7d7668.jpg?ver=1777290358","width":96,"height":96,"caption":"El Digital de Asturias"}},{"@type":"WebPage","@id":"https:\/\/www.eldigitaldeasturias.com\/noticias\/condenado-el-exalcalde-de-pravia-como-autor-de-un-delito-de-prevaricacion\/#webpage","url":"https:\/\/www.eldigitaldeasturias.com\/noticias\/condenado-el-exalcalde-de-pravia-como-autor-de-un-delito-de-prevaricacion\/","name":"Condenado el exalcalde de Pravia como autor de un delito de prevaricaci\u00f3n - El Digital de Asturias","description":"La Secci\u00f3n Tercera de la Audiencia Provincial de Asturias, en una sentencia de la que ha sido ponente el magistrado Javier Rodr\u00edguez Santocildes, ha estimado los recursos recursos de apelaci\u00f3n formulados por la concejal del PP Ana Rosa Alvarez D\u00edaz y Foro de Ciudadanos contra la sentencia de 29 de marzo de 2016 del Juzgado","inLanguage":"es-ES","isPartOf":{"@id":"https:\/\/www.eldigitaldeasturias.com\/noticias\/#website"},"breadcrumb":{"@id":"https:\/\/www.eldigitaldeasturias.com\/noticias\/condenado-el-exalcalde-de-pravia-como-autor-de-un-delito-de-prevaricacion\/#breadcrumblist"},"author":{"@id":"https:\/\/www.eldigitaldeasturias.com\/noticias\/author\/admin\/#author"},"creator":{"@id":"https:\/\/www.eldigitaldeasturias.com\/noticias\/author\/admin\/#author"},"image":{"@type":"ImageObject","url":"https:\/\/www.eldigitaldeasturias.com\/noticias\/wp-content\/uploads\/2017\/01\/Solar.jpg","@id":"https:\/\/www.eldigitaldeasturias.com\/noticias\/condenado-el-exalcalde-de-pravia-como-autor-de-un-delito-de-prevaricacion\/#mainImage","width":655,"height":360},"primaryImageOfPage":{"@id":"https:\/\/www.eldigitaldeasturias.com\/noticias\/condenado-el-exalcalde-de-pravia-como-autor-de-un-delito-de-prevaricacion\/#mainImage"},"datePublished":"2017-01-30T20:46:22+01:00","dateModified":"2017-01-30T20:46:22+01:00"},{"@type":"WebSite","@id":"https:\/\/www.eldigitaldeasturias.com\/noticias\/#website","url":"https:\/\/www.eldigitaldeasturias.com\/noticias\/","name":"El Digital de Asturias - Diario de actualidad y noticias","alternateName":"El Digital de Asturias - Diario de actualidad y noticias","description":"Hemeroteca","inLanguage":"es-ES","publisher":{"@id":"https:\/\/www.eldigitaldeasturias.com\/noticias\/#organization"}}]},"og:locale":"es_ES","og:site_name":"El Digital de Asturias","og:type":"article","og:title":"Condenado el exalcalde de Pravia como autor de un delito de prevaricaci\u00f3n - El Digital de Asturias","og:description":"La Secci\u00f3n Tercera de la Audiencia Provincial de Asturias, en una sentencia de la que ha sido ponente el magistrado Javier Rodr\u00edguez Santocildes, ha estimado los recursos recursos de apelaci\u00f3n formulados por la concejal del PP Ana Rosa Alvarez D\u00edaz y Foro de Ciudadanos contra la sentencia de 29 de marzo de 2016 del Juzgado","og:url":"https:\/\/www.eldigitaldeasturias.com\/noticias\/condenado-el-exalcalde-de-pravia-como-autor-de-un-delito-de-prevaricacion\/","og:image":"https:\/\/www.eldigitaldeasturias.com\/noticias\/wp-content\/uploads\/2017\/01\/Solar.jpg","og:image:secure_url":"https:\/\/www.eldigitaldeasturias.com\/noticias\/wp-content\/uploads\/2017\/01\/Solar.jpg","og:image:width":655,"og:image:height":360,"article:tag":["destacadas"],"article:published_time":"2017-01-30T20:46:22+00:00","article:modified_time":"2017-01-30T20:46:22+00:00","article:publisher":"https:\/\/facebook.com\/eldigitaldeasturias","twitter:card":"summary_large_image","twitter:title":"Condenado el exalcalde de Pravia como autor de un delito de prevaricaci\u00f3n - El Digital de Asturias","twitter:description":"La Secci\u00f3n Tercera de la Audiencia Provincial de Asturias, en una sentencia de la que ha sido ponente el magistrado Javier Rodr\u00edguez Santocildes, ha estimado los recursos recursos de apelaci\u00f3n formulados por la concejal del PP Ana Rosa Alvarez D\u00edaz y Foro de Ciudadanos contra la sentencia de 29 de marzo de 2016 del Juzgado","twitter:image":"https:\/\/www.eldigitaldeasturias.com\/noticias\/wp-content\/uploads\/2017\/01\/Solar.jpg","twitter:label1":"Escrito por","twitter:data1":"El Digital de Asturias","twitter:label2":"Tiempo de lectura estimado","twitter:data2":"1 minuto"},"aioseo_meta_data":{"post_id":"924220","title":null,"description":null,"keywords":null,"keyphrases":null,"primary_term":null,"canonical_url":null,"og_title":null,"og_description":null,"og_object_type":"default","og_image_type":"default","og_image_url":null,"og_image_width":null,"og_image_height":null,"og_image_custom_url":null,"og_image_custom_fields":null,"og_video":null,"og_custom_url":null,"og_article_section":null,"og_article_tags":null,"twitter_use_og":false,"twitter_card":"default","twitter_image_type":"default","twitter_image_url":null,"twitter_image_custom_url":null,"twitter_image_custom_fields":null,"twitter_title":null,"twitter_description":null,"schema":{"blockGraphs":[],"customGraphs":[],"default":{"data":{"Article":[],"Course":[],"Dataset":[],"FAQPage":[],"Movie":[],"Person":[],"Product":[],"ProductReview":[],"Car":[],"Recipe":[],"Service":[],"SoftwareApplication":[],"WebPage":[]},"graphName":"","isEnabled":true},"graphs":[],"defaultGraph":"","defaultPostTypeGraph":""},"schema_type":null,"schema_type_options":null,"pillar_content":false,"robots_default":true,"robots_noindex":false,"robots_noarchive":false,"robots_nosnippet":false,"robots_nofollow":false,"robots_noimageindex":false,"robots_noodp":false,"robots_notranslate":false,"robots_max_snippet":null,"robots_max_videopreview":null,"robots_max_imagepreview":"large","priority":null,"frequency":null,"local_seo":null,"seo_analyzer_scan_date":"2025-12-02 23:24:14","breadcrumb_settings":null,"limit_modified_date":false,"open_ai":null,"ai":null,"created":"2020-12-21 13:40:30","updated":"2025-12-02 23:24:14"},"aioseo_breadcrumb":"<div class=\"aioseo-breadcrumbs\"><span class=\"aioseo-breadcrumb\">\n\t<a href=\"https:\/\/www.eldigitaldeasturias.com\/noticias\" title=\"Home\">Home<\/a>\n<\/span><span class=\"aioseo-breadcrumb-separator\">\u2013<\/span><span class=\"aioseo-breadcrumb\">\n\t<a href=\"https:\/\/www.eldigitaldeasturias.com\/noticias\/category\/destacadas\/\" title=\"Destacadas\">Destacadas<\/a>\n<\/span><span class=\"aioseo-breadcrumb-separator\">\u2013<\/span><span class=\"aioseo-breadcrumb\">\n\t<a href=\"https:\/\/www.eldigitaldeasturias.com\/noticias\/condenado-el-exalcalde-de-pravia-como-autor-de-un-delito-de-prevaricacion\/\" title=\"Condenado el exalcalde de Pravia como autor de un delito de prevaricaci\u00f3n\">Condenado el exalcalde de Pravia como autor de un delito de prevaricaci\u00f3n<\/a>\n<\/span><\/div>","aioseo_breadcrumb_json":[{"label":"Home","link":"https:\/\/www.eldigitaldeasturias.com\/noticias"},{"label":"Destacadas","link":"https:\/\/www.eldigitaldeasturias.com\/noticias\/category\/destacadas\/"},{"label":"Condenado el exalcalde de Pravia como autor de un delito de prevaricaci\u00f3n","link":"https:\/\/www.eldigitaldeasturias.com\/noticias\/condenado-el-exalcalde-de-pravia-como-autor-de-un-delito-de-prevaricacion\/"}],"_links":{"self":[{"href":"https:\/\/www.eldigitaldeasturias.com\/noticias\/wp-json\/wp\/v2\/posts\/924220","targetHints":{"allow":["GET"]}}],"collection":[{"href":"https:\/\/www.eldigitaldeasturias.com\/noticias\/wp-json\/wp\/v2\/posts"}],"about":[{"href":"https:\/\/www.eldigitaldeasturias.com\/noticias\/wp-json\/wp\/v2\/types\/post"}],"author":[{"embeddable":true,"href":"https:\/\/www.eldigitaldeasturias.com\/noticias\/wp-json\/wp\/v2\/users\/1"}],"replies":[{"embeddable":true,"href":"https:\/\/www.eldigitaldeasturias.com\/noticias\/wp-json\/wp\/v2\/comments?post=924220"}],"version-history":[{"count":0,"href":"https:\/\/www.eldigitaldeasturias.com\/noticias\/wp-json\/wp\/v2\/posts\/924220\/revisions"}],"wp:featuredmedia":[{"embeddable":true,"href":"https:\/\/www.eldigitaldeasturias.com\/noticias\/wp-json\/wp\/v2\/media\/924221"}],"wp:attachment":[{"href":"https:\/\/www.eldigitaldeasturias.com\/noticias\/wp-json\/wp\/v2\/media?parent=924220"}],"wp:term":[{"taxonomy":"category","embeddable":true,"href":"https:\/\/www.eldigitaldeasturias.com\/noticias\/wp-json\/wp\/v2\/categories?post=924220"},{"taxonomy":"post_tag","embeddable":true,"href":"https:\/\/www.eldigitaldeasturias.com\/noticias\/wp-json\/wp\/v2\/tags?post=924220"}],"curies":[{"name":"wp","href":"https:\/\/api.w.org\/{rel}","templated":true}]}}