{"id":923928,"date":"2017-01-28T15:11:52","date_gmt":"2017-01-28T15:11:52","guid":{"rendered":"http:\/\/www.eldigitaldeasturias.com\/noticias\/?p=923928"},"modified":"2017-01-28T15:11:52","modified_gmt":"2017-01-28T15:11:52","slug":"ovidio-zapico-la-contaminacion-en-el-centro-de-asturias-si-es-un-problema","status":"publish","type":"post","link":"https:\/\/www.eldigitaldeasturias.com\/noticias\/ovidio-zapico-la-contaminacion-en-el-centro-de-asturias-si-es-un-problema\/","title":{"rendered":"Ovidio Zapico: \u201cLa contaminaci\u00f3n en el centro de Asturias s\u00ed es un problema\u201d"},"content":{"rendered":"<p><img loading=\"lazy\" decoding=\"async\" class=\"alignleft size-medium wp-image-607920\" src=\"https:\/\/www.eldigitaldeasturias.com\/noticias\/wp-content\/uploads\/2014\/09\/Arcelor-Verina-10-360x270.jpg\" alt=\"\" width=\"360\" height=\"270\" srcset=\"https:\/\/www.eldigitaldeasturias.com\/noticias\/wp-content\/uploads\/2014\/09\/Arcelor-Verina-10-360x270.jpg 360w, https:\/\/www.eldigitaldeasturias.com\/noticias\/wp-content\/uploads\/2014\/09\/Arcelor-Verina-10-768x576.jpg 768w, https:\/\/www.eldigitaldeasturias.com\/noticias\/wp-content\/uploads\/2014\/09\/Arcelor-Verina-10-640x480.jpg 640w, https:\/\/www.eldigitaldeasturias.com\/noticias\/wp-content\/uploads\/2014\/09\/Arcelor-Verina-10-90x67.jpg 90w, https:\/\/www.eldigitaldeasturias.com\/noticias\/wp-content\/uploads\/2014\/09\/Arcelor-Verina-10.jpg 2048w\" sizes=\"auto, (max-width: 360px) 100vw, 360px\" \/>El diputado de IU Asturias, <strong>Ovidio Zapico<\/strong>, asegur\u00f3 hoy que la Consejera de Medio Ambiente, Bel\u00e9n Fern\u00e1ndez, tiene un discurso \u201cdemasiado triunfalista\u201d en lo que a la situaci\u00f3n de la calidad del aire se refiere. De hecho, afirm\u00f3 el parlamentario, \u201cno va en consonancia con lo que opina ni el resto del Parlamento ni de lo que opina mucha gente en la calle, ni, tampoco, lo que se ve reflejado muchos d\u00edas en los medios de comunicaci\u00f3n para los que la contaminaci\u00f3n en el centro de Asturias s\u00ed es un problema\u201d.<\/p>\n<p>En cualquier caso, sin negar los esfuerzos que se puedan estar haciendo frente a la poluci\u00f3n, o la mejora de algunos indicadores respecto a a\u00f1os anteriores, Zapico se mostr\u00f3 convencido en que la Consejera deber\u00eda modular su lenguaje: \u201ccomo primera medida ser\u00eda muy importante que reconociese que la calidad del aire es un problema\u201d.<\/p>\n<p>Ovidio Zapico <strong>advirti\u00f3 que IU se mantendr\u00e1 muy atenta a la evoluci\u00f3n de la contaminaci\u00f3n<\/strong> y explic\u00f3 que seguir\u00e1n apostando por \u201cun gran pacto\u201d que, a su juicio, deber\u00eda ser liderado por el propio Principado de Asturias y, de forma muy particular, por la Consejer\u00eda de Medio Ambiente. \u201cUn gran pacto que para nosotros es fundamental porque tiene que basarse el desarrollo sostenible asturiano en torno al consenso. En ese gran pacto no puede faltar nadie: tiene que estar el Parlamento, tienen que estar las tres administraciones, tienen que estar plataformas vecinales, colectivos ecologistas, sindicatos, empresas y tienen que contar con el soporte de la Universidad\u201d<\/p>\n<p>&nbsp;<\/p>\n","protected":false},"excerpt":{"rendered":"<p>El diputado de IU Asturias, Ovidio Zapico, asegur\u00f3 hoy que la Consejera de Medio Ambiente, Bel\u00e9n Fern\u00e1ndez, tiene un discurso \u201cdemasiado triunfalista\u201d en lo que a la situaci\u00f3n de la calidad del aire se refiere. De hecho, afirm\u00f3 el parlamentario, \u201cno va en consonancia con lo que opina ni el resto del Parlamento ni de [&hellip;]<\/p>\n","protected":false},"author":1,"featured_media":607920,"comment_status":"closed","ping_status":"closed","sticky":false,"template":"","format":"standard","meta":{"footnotes":""},"categories":[141],"tags":[],"class_list":["post-923928","post","type-post","status-publish","format-standard","has-post-thumbnail","hentry","category-destacadas"],"aioseo_notices":[],"aioseo_head":"\n\t\t<!-- All in One SEO Pro 4.9.6.2 - aioseo.com -->\n\t<meta name=\"description\" content=\"El diputado de IU Asturias, Ovidio Zapico, asegur\u00f3 hoy que la Consejera de Medio Ambiente, Bel\u00e9n Fern\u00e1ndez, tiene un discurso \u201cdemasiado triunfalista\u201d en lo que a la situaci\u00f3n de la calidad del aire se refiere. De hecho, afirm\u00f3 el parlamentario, \u201cno va en consonancia con lo que opina ni el resto del Parlamento ni de\" \/>\n\t<meta name=\"robots\" content=\"max-image-preview:large\" \/>\n\t<meta name=\"author\" content=\"El Digital de Asturias\"\/>\n\t<meta name=\"google-site-verification\" content=\"UA-38556648-1\" \/>\n\t<meta name=\"msvalidate.01\" content=\"7dfe9f3f1b24437ab69f4f2559babe99\" \/>\n\t<meta name=\"keywords\" content=\"destacadas\" \/>\n\t<link rel=\"canonical\" href=\"https:\/\/www.eldigitaldeasturias.com\/noticias\/ovidio-zapico-la-contaminacion-en-el-centro-de-asturias-si-es-un-problema\/\" \/>\n\t<meta name=\"generator\" content=\"All in One SEO Pro (AIOSEO) 4.9.6.2\" \/>\n\t\t<meta property=\"og:locale\" content=\"es_ES\" \/>\n\t\t<meta property=\"og:site_name\" content=\"El Digital de Asturias\" \/>\n\t\t<meta property=\"og:type\" content=\"article\" \/>\n\t\t<meta property=\"og:title\" content=\"Ovidio Zapico: \u201cLa contaminaci\u00f3n en el centro de Asturias s\u00ed es un problema\u201d - El Digital de Asturias\" \/>\n\t\t<meta property=\"og:description\" content=\"El diputado de IU Asturias, Ovidio Zapico, asegur\u00f3 hoy que la Consejera de Medio Ambiente, Bel\u00e9n Fern\u00e1ndez, tiene un discurso \u201cdemasiado triunfalista\u201d en lo que a la situaci\u00f3n de la calidad del aire se refiere. De hecho, afirm\u00f3 el parlamentario, \u201cno va en consonancia con lo que opina ni el resto del Parlamento ni de\" \/>\n\t\t<meta property=\"og:url\" content=\"https:\/\/www.eldigitaldeasturias.com\/noticias\/ovidio-zapico-la-contaminacion-en-el-centro-de-asturias-si-es-un-problema\/\" \/>\n\t\t<meta property=\"og:image\" content=\"https:\/\/www.eldigitaldeasturias.com\/noticias\/wp-content\/uploads\/2014\/09\/Arcelor-Verina-10.jpg\" \/>\n\t\t<meta property=\"og:image:secure_url\" content=\"https:\/\/www.eldigitaldeasturias.com\/noticias\/wp-content\/uploads\/2014\/09\/Arcelor-Verina-10.jpg\" \/>\n\t\t<meta property=\"og:image:width\" content=\"2048\" \/>\n\t\t<meta property=\"og:image:height\" content=\"1536\" \/>\n\t\t<meta property=\"article:tag\" content=\"destacadas\" \/>\n\t\t<meta property=\"article:published_time\" content=\"2017-01-28T15:11:52+00:00\" \/>\n\t\t<meta property=\"article:modified_time\" content=\"2017-01-28T15:11:52+00:00\" \/>\n\t\t<meta property=\"article:publisher\" content=\"https:\/\/facebook.com\/eldigitaldeasturias\" \/>\n\t\t<meta name=\"twitter:card\" content=\"summary_large_image\" \/>\n\t\t<meta name=\"twitter:title\" content=\"Ovidio Zapico: \u201cLa contaminaci\u00f3n en el centro de Asturias s\u00ed es un problema\u201d - El Digital de Asturias\" \/>\n\t\t<meta name=\"twitter:description\" content=\"El diputado de IU Asturias, Ovidio Zapico, asegur\u00f3 hoy que la Consejera de Medio Ambiente, Bel\u00e9n Fern\u00e1ndez, tiene un discurso \u201cdemasiado triunfalista\u201d en lo que a la situaci\u00f3n de la calidad del aire se refiere. De hecho, afirm\u00f3 el parlamentario, \u201cno va en consonancia con lo que opina ni el resto del Parlamento ni de\" \/>\n\t\t<meta name=\"twitter:image\" content=\"https:\/\/www.eldigitaldeasturias.com\/noticias\/wp-content\/uploads\/2014\/09\/Arcelor-Verina-10.jpg\" \/>\n\t\t<meta name=\"twitter:label1\" content=\"Escrito por\" \/>\n\t\t<meta name=\"twitter:data1\" content=\"El Digital de Asturias\" \/>\n\t\t<meta name=\"twitter:label2\" content=\"Tiempo de lectura estimado\" \/>\n\t\t<meta name=\"twitter:data2\" content=\"1 minuto\" \/>\n\t\t<script type=\"application\/ld+json\" class=\"aioseo-schema\">\n\t\t\t{\"@context\":\"https:\\\/\\\/schema.org\",\"@graph\":[{\"@type\":\"BlogPosting\",\"@id\":\"https:\\\/\\\/www.eldigitaldeasturias.com\\\/noticias\\\/ovidio-zapico-la-contaminacion-en-el-centro-de-asturias-si-es-un-problema\\\/#blogposting\",\"name\":\"Ovidio Zapico: \\u201cLa contaminaci\\u00f3n en el centro de Asturias s\\u00ed es un problema\\u201d - El Digital de Asturias\",\"headline\":\"Ovidio Zapico: \\u201cLa contaminaci\\u00f3n en el centro de Asturias s\\u00ed es un problema\\u201d\",\"author\":{\"@id\":\"https:\\\/\\\/www.eldigitaldeasturias.com\\\/noticias\\\/author\\\/admin\\\/#author\"},\"publisher\":{\"@id\":\"https:\\\/\\\/www.eldigitaldeasturias.com\\\/noticias\\\/#organization\"},\"image\":{\"@type\":\"ImageObject\",\"url\":\"https:\\\/\\\/www.eldigitaldeasturias.com\\\/noticias\\\/wp-content\\\/uploads\\\/2014\\\/09\\\/Arcelor-Verina-10.jpg\",\"width\":2048,\"height\":1536},\"datePublished\":\"2017-01-28T15:11:52+01:00\",\"dateModified\":\"2017-01-28T15:11:52+01:00\",\"inLanguage\":\"es-ES\",\"mainEntityOfPage\":{\"@id\":\"https:\\\/\\\/www.eldigitaldeasturias.com\\\/noticias\\\/ovidio-zapico-la-contaminacion-en-el-centro-de-asturias-si-es-un-problema\\\/#webpage\"},\"isPartOf\":{\"@id\":\"https:\\\/\\\/www.eldigitaldeasturias.com\\\/noticias\\\/ovidio-zapico-la-contaminacion-en-el-centro-de-asturias-si-es-un-problema\\\/#webpage\"},\"articleSection\":\"Destacadas\"},{\"@type\":\"BreadcrumbList\",\"@id\":\"https:\\\/\\\/www.eldigitaldeasturias.com\\\/noticias\\\/ovidio-zapico-la-contaminacion-en-el-centro-de-asturias-si-es-un-problema\\\/#breadcrumblist\",\"itemListElement\":[{\"@type\":\"ListItem\",\"@id\":\"https:\\\/\\\/www.eldigitaldeasturias.com\\\/noticias#listItem\",\"position\":1,\"name\":\"Home\",\"item\":\"https:\\\/\\\/www.eldigitaldeasturias.com\\\/noticias\",\"nextItem\":{\"@type\":\"ListItem\",\"@id\":\"https:\\\/\\\/www.eldigitaldeasturias.com\\\/noticias\\\/category\\\/destacadas\\\/#listItem\",\"name\":\"Destacadas\"}},{\"@type\":\"ListItem\",\"@id\":\"https:\\\/\\\/www.eldigitaldeasturias.com\\\/noticias\\\/category\\\/destacadas\\\/#listItem\",\"position\":2,\"name\":\"Destacadas\",\"item\":\"https:\\\/\\\/www.eldigitaldeasturias.com\\\/noticias\\\/category\\\/destacadas\\\/\",\"nextItem\":{\"@type\":\"ListItem\",\"@id\":\"https:\\\/\\\/www.eldigitaldeasturias.com\\\/noticias\\\/ovidio-zapico-la-contaminacion-en-el-centro-de-asturias-si-es-un-problema\\\/#listItem\",\"name\":\"Ovidio Zapico: \\u201cLa contaminaci\\u00f3n en el centro de Asturias s\\u00ed es un problema\\u201d\"},\"previousItem\":{\"@type\":\"ListItem\",\"@id\":\"https:\\\/\\\/www.eldigitaldeasturias.com\\\/noticias#listItem\",\"name\":\"Home\"}},{\"@type\":\"ListItem\",\"@id\":\"https:\\\/\\\/www.eldigitaldeasturias.com\\\/noticias\\\/ovidio-zapico-la-contaminacion-en-el-centro-de-asturias-si-es-un-problema\\\/#listItem\",\"position\":3,\"name\":\"Ovidio Zapico: \\u201cLa contaminaci\\u00f3n en el centro de Asturias s\\u00ed es un problema\\u201d\",\"previousItem\":{\"@type\":\"ListItem\",\"@id\":\"https:\\\/\\\/www.eldigitaldeasturias.com\\\/noticias\\\/category\\\/destacadas\\\/#listItem\",\"name\":\"Destacadas\"}}]},{\"@type\":\"Organization\",\"@id\":\"https:\\\/\\\/www.eldigitaldeasturias.com\\\/noticias\\\/#organization\",\"name\":\"El Digital de Asturias\",\"description\":\"Hemeroteca\",\"url\":\"https:\\\/\\\/www.eldigitaldeasturias.com\\\/noticias\\\/\",\"email\":\"info@eldigitaldeasturias.com\",\"telephone\":\"+34652131393\",\"logo\":{\"@type\":\"ImageObject\",\"url\":\"https:\\\/\\\/www.eldigitaldeasturias.com\\\/noticias\\\/wp-content\\\/uploads\\\/2020\\\/12\\\/EDA.jpg\",\"@id\":\"https:\\\/\\\/www.eldigitaldeasturias.com\\\/noticias\\\/ovidio-zapico-la-contaminacion-en-el-centro-de-asturias-si-es-un-problema\\\/#organizationLogo\",\"width\":649,\"height\":297},\"image\":{\"@id\":\"https:\\\/\\\/www.eldigitaldeasturias.com\\\/noticias\\\/ovidio-zapico-la-contaminacion-en-el-centro-de-asturias-si-es-un-problema\\\/#organizationLogo\"},\"sameAs\":[\"https:\\\/\\\/facebook.com\\\/eldigitaldeasturias\",\"https:\\\/\\\/www.youtube.com\\\/channel\\\/UCZP-2wLEB9Rv6erhFmqVnvg\"],\"address\":{\"@id\":\"https:\\\/\\\/www.eldigitaldeasturias.com\\\/noticias\\\/#postaladdress\",\"@type\":\"PostalAddress\",\"streetAddress\":\"san antonio 4,\",\"postalCode\":\"33430\",\"addressLocality\":\"Cand\\u00e1s\",\"addressRegion\":\"Asturias\",\"addressCountry\":\"ES\"}},{\"@type\":\"Person\",\"@id\":\"https:\\\/\\\/www.eldigitaldeasturias.com\\\/noticias\\\/author\\\/admin\\\/#author\",\"url\":\"https:\\\/\\\/www.eldigitaldeasturias.com\\\/noticias\\\/author\\\/admin\\\/\",\"name\":\"El Digital de Asturias\",\"image\":{\"@type\":\"ImageObject\",\"@id\":\"https:\\\/\\\/www.eldigitaldeasturias.com\\\/noticias\\\/ovidio-zapico-la-contaminacion-en-el-centro-de-asturias-si-es-un-problema\\\/#authorImage\",\"url\":\"https:\\\/\\\/www.eldigitaldeasturias.com\\\/noticias\\\/wp-content\\\/litespeed\\\/avatar\\\/18677e78aa0546b92d9dbf31ec7d7668.jpg?ver=1777290358\",\"width\":96,\"height\":96,\"caption\":\"El Digital de Asturias\"}},{\"@type\":\"WebPage\",\"@id\":\"https:\\\/\\\/www.eldigitaldeasturias.com\\\/noticias\\\/ovidio-zapico-la-contaminacion-en-el-centro-de-asturias-si-es-un-problema\\\/#webpage\",\"url\":\"https:\\\/\\\/www.eldigitaldeasturias.com\\\/noticias\\\/ovidio-zapico-la-contaminacion-en-el-centro-de-asturias-si-es-un-problema\\\/\",\"name\":\"Ovidio Zapico: \\u201cLa contaminaci\\u00f3n en el centro de Asturias s\\u00ed es un problema\\u201d - El Digital de Asturias\",\"description\":\"El diputado de IU Asturias, Ovidio Zapico, asegur\\u00f3 hoy que la Consejera de Medio Ambiente, Bel\\u00e9n Fern\\u00e1ndez, tiene un discurso \\u201cdemasiado triunfalista\\u201d en lo que a la situaci\\u00f3n de la calidad del aire se refiere. De hecho, afirm\\u00f3 el parlamentario, \\u201cno va en consonancia con lo que opina ni el resto del Parlamento ni de\",\"inLanguage\":\"es-ES\",\"isPartOf\":{\"@id\":\"https:\\\/\\\/www.eldigitaldeasturias.com\\\/noticias\\\/#website\"},\"breadcrumb\":{\"@id\":\"https:\\\/\\\/www.eldigitaldeasturias.com\\\/noticias\\\/ovidio-zapico-la-contaminacion-en-el-centro-de-asturias-si-es-un-problema\\\/#breadcrumblist\"},\"author\":{\"@id\":\"https:\\\/\\\/www.eldigitaldeasturias.com\\\/noticias\\\/author\\\/admin\\\/#author\"},\"creator\":{\"@id\":\"https:\\\/\\\/www.eldigitaldeasturias.com\\\/noticias\\\/author\\\/admin\\\/#author\"},\"image\":{\"@type\":\"ImageObject\",\"url\":\"https:\\\/\\\/www.eldigitaldeasturias.com\\\/noticias\\\/wp-content\\\/uploads\\\/2014\\\/09\\\/Arcelor-Verina-10.jpg\",\"@id\":\"https:\\\/\\\/www.eldigitaldeasturias.com\\\/noticias\\\/ovidio-zapico-la-contaminacion-en-el-centro-de-asturias-si-es-un-problema\\\/#mainImage\",\"width\":2048,\"height\":1536},\"primaryImageOfPage\":{\"@id\":\"https:\\\/\\\/www.eldigitaldeasturias.com\\\/noticias\\\/ovidio-zapico-la-contaminacion-en-el-centro-de-asturias-si-es-un-problema\\\/#mainImage\"},\"datePublished\":\"2017-01-28T15:11:52+01:00\",\"dateModified\":\"2017-01-28T15:11:52+01:00\"},{\"@type\":\"WebSite\",\"@id\":\"https:\\\/\\\/www.eldigitaldeasturias.com\\\/noticias\\\/#website\",\"url\":\"https:\\\/\\\/www.eldigitaldeasturias.com\\\/noticias\\\/\",\"name\":\"El Digital de Asturias - Diario de actualidad y noticias\",\"alternateName\":\"El Digital de Asturias - Diario de actualidad y noticias\",\"description\":\"Hemeroteca\",\"inLanguage\":\"es-ES\",\"publisher\":{\"@id\":\"https:\\\/\\\/www.eldigitaldeasturias.com\\\/noticias\\\/#organization\"}}]}\n\t\t<\/script>\n\t\t<!-- All in One SEO Pro -->\r\n\t\t<title>Ovidio Zapico: \u201cLa contaminaci\u00f3n en el centro de Asturias s\u00ed es un problema\u201d - El Digital de Asturias<\/title>\n\n","aioseo_head_json":{"title":"Ovidio Zapico: \u201cLa contaminaci\u00f3n en el centro de Asturias s\u00ed es un problema\u201d - El Digital de Asturias","description":"El diputado de IU Asturias, Ovidio Zapico, asegur\u00f3 hoy que la Consejera de Medio Ambiente, Bel\u00e9n Fern\u00e1ndez, tiene un discurso \u201cdemasiado triunfalista\u201d en lo que a la situaci\u00f3n de la calidad del aire se refiere. De hecho, afirm\u00f3 el parlamentario, \u201cno va en consonancia con lo que opina ni el resto del Parlamento ni de","canonical_url":"https:\/\/www.eldigitaldeasturias.com\/noticias\/ovidio-zapico-la-contaminacion-en-el-centro-de-asturias-si-es-un-problema\/","robots":"max-image-preview:large","keywords":"destacadas","webmasterTools":{"google-site-verification":"UA-38556648-1","msvalidate.01":"7dfe9f3f1b24437ab69f4f2559babe99","miscellaneous":""},"schema":{"@context":"https:\/\/schema.org","@graph":[{"@type":"BlogPosting","@id":"https:\/\/www.eldigitaldeasturias.com\/noticias\/ovidio-zapico-la-contaminacion-en-el-centro-de-asturias-si-es-un-problema\/#blogposting","name":"Ovidio Zapico: \u201cLa contaminaci\u00f3n en el centro de Asturias s\u00ed es un problema\u201d - El Digital de Asturias","headline":"Ovidio Zapico: \u201cLa contaminaci\u00f3n en el centro de Asturias s\u00ed es un problema\u201d","author":{"@id":"https:\/\/www.eldigitaldeasturias.com\/noticias\/author\/admin\/#author"},"publisher":{"@id":"https:\/\/www.eldigitaldeasturias.com\/noticias\/#organization"},"image":{"@type":"ImageObject","url":"https:\/\/www.eldigitaldeasturias.com\/noticias\/wp-content\/uploads\/2014\/09\/Arcelor-Verina-10.jpg","width":2048,"height":1536},"datePublished":"2017-01-28T15:11:52+01:00","dateModified":"2017-01-28T15:11:52+01:00","inLanguage":"es-ES","mainEntityOfPage":{"@id":"https:\/\/www.eldigitaldeasturias.com\/noticias\/ovidio-zapico-la-contaminacion-en-el-centro-de-asturias-si-es-un-problema\/#webpage"},"isPartOf":{"@id":"https:\/\/www.eldigitaldeasturias.com\/noticias\/ovidio-zapico-la-contaminacion-en-el-centro-de-asturias-si-es-un-problema\/#webpage"},"articleSection":"Destacadas"},{"@type":"BreadcrumbList","@id":"https:\/\/www.eldigitaldeasturias.com\/noticias\/ovidio-zapico-la-contaminacion-en-el-centro-de-asturias-si-es-un-problema\/#breadcrumblist","itemListElement":[{"@type":"ListItem","@id":"https:\/\/www.eldigitaldeasturias.com\/noticias#listItem","position":1,"name":"Home","item":"https:\/\/www.eldigitaldeasturias.com\/noticias","nextItem":{"@type":"ListItem","@id":"https:\/\/www.eldigitaldeasturias.com\/noticias\/category\/destacadas\/#listItem","name":"Destacadas"}},{"@type":"ListItem","@id":"https:\/\/www.eldigitaldeasturias.com\/noticias\/category\/destacadas\/#listItem","position":2,"name":"Destacadas","item":"https:\/\/www.eldigitaldeasturias.com\/noticias\/category\/destacadas\/","nextItem":{"@type":"ListItem","@id":"https:\/\/www.eldigitaldeasturias.com\/noticias\/ovidio-zapico-la-contaminacion-en-el-centro-de-asturias-si-es-un-problema\/#listItem","name":"Ovidio Zapico: \u201cLa contaminaci\u00f3n en el centro de Asturias s\u00ed es un problema\u201d"},"previousItem":{"@type":"ListItem","@id":"https:\/\/www.eldigitaldeasturias.com\/noticias#listItem","name":"Home"}},{"@type":"ListItem","@id":"https:\/\/www.eldigitaldeasturias.com\/noticias\/ovidio-zapico-la-contaminacion-en-el-centro-de-asturias-si-es-un-problema\/#listItem","position":3,"name":"Ovidio Zapico: \u201cLa contaminaci\u00f3n en el centro de Asturias s\u00ed es un problema\u201d","previousItem":{"@type":"ListItem","@id":"https:\/\/www.eldigitaldeasturias.com\/noticias\/category\/destacadas\/#listItem","name":"Destacadas"}}]},{"@type":"Organization","@id":"https:\/\/www.eldigitaldeasturias.com\/noticias\/#organization","name":"El Digital de Asturias","description":"Hemeroteca","url":"https:\/\/www.eldigitaldeasturias.com\/noticias\/","email":"info@eldigitaldeasturias.com","telephone":"+34652131393","logo":{"@type":"ImageObject","url":"https:\/\/www.eldigitaldeasturias.com\/noticias\/wp-content\/uploads\/2020\/12\/EDA.jpg","@id":"https:\/\/www.eldigitaldeasturias.com\/noticias\/ovidio-zapico-la-contaminacion-en-el-centro-de-asturias-si-es-un-problema\/#organizationLogo","width":649,"height":297},"image":{"@id":"https:\/\/www.eldigitaldeasturias.com\/noticias\/ovidio-zapico-la-contaminacion-en-el-centro-de-asturias-si-es-un-problema\/#organizationLogo"},"sameAs":["https:\/\/facebook.com\/eldigitaldeasturias","https:\/\/www.youtube.com\/channel\/UCZP-2wLEB9Rv6erhFmqVnvg"],"address":{"@id":"https:\/\/www.eldigitaldeasturias.com\/noticias\/#postaladdress","@type":"PostalAddress","streetAddress":"san antonio 4,","postalCode":"33430","addressLocality":"Cand\u00e1s","addressRegion":"Asturias","addressCountry":"ES"}},{"@type":"Person","@id":"https:\/\/www.eldigitaldeasturias.com\/noticias\/author\/admin\/#author","url":"https:\/\/www.eldigitaldeasturias.com\/noticias\/author\/admin\/","name":"El Digital de Asturias","image":{"@type":"ImageObject","@id":"https:\/\/www.eldigitaldeasturias.com\/noticias\/ovidio-zapico-la-contaminacion-en-el-centro-de-asturias-si-es-un-problema\/#authorImage","url":"https:\/\/www.eldigitaldeasturias.com\/noticias\/wp-content\/litespeed\/avatar\/18677e78aa0546b92d9dbf31ec7d7668.jpg?ver=1777290358","width":96,"height":96,"caption":"El Digital de Asturias"}},{"@type":"WebPage","@id":"https:\/\/www.eldigitaldeasturias.com\/noticias\/ovidio-zapico-la-contaminacion-en-el-centro-de-asturias-si-es-un-problema\/#webpage","url":"https:\/\/www.eldigitaldeasturias.com\/noticias\/ovidio-zapico-la-contaminacion-en-el-centro-de-asturias-si-es-un-problema\/","name":"Ovidio Zapico: \u201cLa contaminaci\u00f3n en el centro de Asturias s\u00ed es un problema\u201d - El Digital de Asturias","description":"El diputado de IU Asturias, Ovidio Zapico, asegur\u00f3 hoy que la Consejera de Medio Ambiente, Bel\u00e9n Fern\u00e1ndez, tiene un discurso \u201cdemasiado triunfalista\u201d en lo que a la situaci\u00f3n de la calidad del aire se refiere. De hecho, afirm\u00f3 el parlamentario, \u201cno va en consonancia con lo que opina ni el resto del Parlamento ni de","inLanguage":"es-ES","isPartOf":{"@id":"https:\/\/www.eldigitaldeasturias.com\/noticias\/#website"},"breadcrumb":{"@id":"https:\/\/www.eldigitaldeasturias.com\/noticias\/ovidio-zapico-la-contaminacion-en-el-centro-de-asturias-si-es-un-problema\/#breadcrumblist"},"author":{"@id":"https:\/\/www.eldigitaldeasturias.com\/noticias\/author\/admin\/#author"},"creator":{"@id":"https:\/\/www.eldigitaldeasturias.com\/noticias\/author\/admin\/#author"},"image":{"@type":"ImageObject","url":"https:\/\/www.eldigitaldeasturias.com\/noticias\/wp-content\/uploads\/2014\/09\/Arcelor-Verina-10.jpg","@id":"https:\/\/www.eldigitaldeasturias.com\/noticias\/ovidio-zapico-la-contaminacion-en-el-centro-de-asturias-si-es-un-problema\/#mainImage","width":2048,"height":1536},"primaryImageOfPage":{"@id":"https:\/\/www.eldigitaldeasturias.com\/noticias\/ovidio-zapico-la-contaminacion-en-el-centro-de-asturias-si-es-un-problema\/#mainImage"},"datePublished":"2017-01-28T15:11:52+01:00","dateModified":"2017-01-28T15:11:52+01:00"},{"@type":"WebSite","@id":"https:\/\/www.eldigitaldeasturias.com\/noticias\/#website","url":"https:\/\/www.eldigitaldeasturias.com\/noticias\/","name":"El Digital de Asturias - Diario de actualidad y noticias","alternateName":"El Digital de Asturias - Diario de actualidad y noticias","description":"Hemeroteca","inLanguage":"es-ES","publisher":{"@id":"https:\/\/www.eldigitaldeasturias.com\/noticias\/#organization"}}]},"og:locale":"es_ES","og:site_name":"El Digital de Asturias","og:type":"article","og:title":"Ovidio Zapico: \u201cLa contaminaci\u00f3n en el centro de Asturias s\u00ed es un problema\u201d - El Digital de Asturias","og:description":"El diputado de IU Asturias, Ovidio Zapico, asegur\u00f3 hoy que la Consejera de Medio Ambiente, Bel\u00e9n Fern\u00e1ndez, tiene un discurso \u201cdemasiado triunfalista\u201d en lo que a la situaci\u00f3n de la calidad del aire se refiere. De hecho, afirm\u00f3 el parlamentario, \u201cno va en consonancia con lo que opina ni el resto del Parlamento ni de","og:url":"https:\/\/www.eldigitaldeasturias.com\/noticias\/ovidio-zapico-la-contaminacion-en-el-centro-de-asturias-si-es-un-problema\/","og:image":"https:\/\/www.eldigitaldeasturias.com\/noticias\/wp-content\/uploads\/2014\/09\/Arcelor-Verina-10.jpg","og:image:secure_url":"https:\/\/www.eldigitaldeasturias.com\/noticias\/wp-content\/uploads\/2014\/09\/Arcelor-Verina-10.jpg","og:image:width":2048,"og:image:height":1536,"article:tag":["destacadas"],"article:published_time":"2017-01-28T15:11:52+00:00","article:modified_time":"2017-01-28T15:11:52+00:00","article:publisher":"https:\/\/facebook.com\/eldigitaldeasturias","twitter:card":"summary_large_image","twitter:title":"Ovidio Zapico: \u201cLa contaminaci\u00f3n en el centro de Asturias s\u00ed es un problema\u201d - El Digital de Asturias","twitter:description":"El diputado de IU Asturias, Ovidio Zapico, asegur\u00f3 hoy que la Consejera de Medio Ambiente, Bel\u00e9n Fern\u00e1ndez, tiene un discurso \u201cdemasiado triunfalista\u201d en lo que a la situaci\u00f3n de la calidad del aire se refiere. De hecho, afirm\u00f3 el parlamentario, \u201cno va en consonancia con lo que opina ni el resto del Parlamento ni de","twitter:image":"https:\/\/www.eldigitaldeasturias.com\/noticias\/wp-content\/uploads\/2014\/09\/Arcelor-Verina-10.jpg","twitter:label1":"Escrito por","twitter:data1":"El Digital de Asturias","twitter:label2":"Tiempo de lectura estimado","twitter:data2":"1 minuto"},"aioseo_meta_data":{"post_id":"923928","title":null,"description":null,"keywords":null,"keyphrases":null,"primary_term":null,"canonical_url":null,"og_title":null,"og_description":null,"og_object_type":"default","og_image_type":"default","og_image_url":null,"og_image_width":null,"og_image_height":null,"og_image_custom_url":null,"og_image_custom_fields":null,"og_video":null,"og_custom_url":null,"og_article_section":null,"og_article_tags":null,"twitter_use_og":false,"twitter_card":"default","twitter_image_type":"default","twitter_image_url":null,"twitter_image_custom_url":null,"twitter_image_custom_fields":null,"twitter_title":null,"twitter_description":null,"schema":{"blockGraphs":[],"customGraphs":[],"default":{"data":{"Article":[],"Course":[],"Dataset":[],"FAQPage":[],"Movie":[],"Person":[],"Product":[],"ProductReview":[],"Car":[],"Recipe":[],"Service":[],"SoftwareApplication":[],"WebPage":[]},"graphName":"","isEnabled":true},"graphs":[],"defaultGraph":"","defaultPostTypeGraph":""},"schema_type":null,"schema_type_options":null,"pillar_content":false,"robots_default":true,"robots_noindex":false,"robots_noarchive":false,"robots_nosnippet":false,"robots_nofollow":false,"robots_noimageindex":false,"robots_noodp":false,"robots_notranslate":false,"robots_max_snippet":null,"robots_max_videopreview":null,"robots_max_imagepreview":"large","priority":null,"frequency":null,"local_seo":null,"seo_analyzer_scan_date":"2025-12-02 22:15:26","breadcrumb_settings":null,"limit_modified_date":false,"open_ai":null,"ai":null,"created":"2020-12-21 13:40:37","updated":"2025-12-02 22:15:26"},"aioseo_breadcrumb":"<div class=\"aioseo-breadcrumbs\"><span class=\"aioseo-breadcrumb\">\n\t<a href=\"https:\/\/www.eldigitaldeasturias.com\/noticias\" title=\"Home\">Home<\/a>\n<\/span><span class=\"aioseo-breadcrumb-separator\">\u2013<\/span><span class=\"aioseo-breadcrumb\">\n\t<a href=\"https:\/\/www.eldigitaldeasturias.com\/noticias\/category\/destacadas\/\" title=\"Destacadas\">Destacadas<\/a>\n<\/span><span class=\"aioseo-breadcrumb-separator\">\u2013<\/span><span class=\"aioseo-breadcrumb\">\n\t<a href=\"https:\/\/www.eldigitaldeasturias.com\/noticias\/ovidio-zapico-la-contaminacion-en-el-centro-de-asturias-si-es-un-problema\/\" title=\"Ovidio Zapico: \u201cLa contaminaci\u00f3n en el centro de Asturias s\u00ed es un problema\u201d\">Ovidio Zapico: \u201cLa contaminaci\u00f3n en el centro de Asturias s\u00ed es un problema\u201d<\/a>\n<\/span><\/div>","aioseo_breadcrumb_json":[{"label":"Home","link":"https:\/\/www.eldigitaldeasturias.com\/noticias"},{"label":"Destacadas","link":"https:\/\/www.eldigitaldeasturias.com\/noticias\/category\/destacadas\/"},{"label":"Ovidio Zapico: \u201cLa contaminaci\u00f3n en el centro de Asturias s\u00ed es un problema\u201d","link":"https:\/\/www.eldigitaldeasturias.com\/noticias\/ovidio-zapico-la-contaminacion-en-el-centro-de-asturias-si-es-un-problema\/"}],"_links":{"self":[{"href":"https:\/\/www.eldigitaldeasturias.com\/noticias\/wp-json\/wp\/v2\/posts\/923928","targetHints":{"allow":["GET"]}}],"collection":[{"href":"https:\/\/www.eldigitaldeasturias.com\/noticias\/wp-json\/wp\/v2\/posts"}],"about":[{"href":"https:\/\/www.eldigitaldeasturias.com\/noticias\/wp-json\/wp\/v2\/types\/post"}],"author":[{"embeddable":true,"href":"https:\/\/www.eldigitaldeasturias.com\/noticias\/wp-json\/wp\/v2\/users\/1"}],"replies":[{"embeddable":true,"href":"https:\/\/www.eldigitaldeasturias.com\/noticias\/wp-json\/wp\/v2\/comments?post=923928"}],"version-history":[{"count":0,"href":"https:\/\/www.eldigitaldeasturias.com\/noticias\/wp-json\/wp\/v2\/posts\/923928\/revisions"}],"wp:featuredmedia":[{"embeddable":true,"href":"https:\/\/www.eldigitaldeasturias.com\/noticias\/wp-json\/wp\/v2\/media\/607920"}],"wp:attachment":[{"href":"https:\/\/www.eldigitaldeasturias.com\/noticias\/wp-json\/wp\/v2\/media?parent=923928"}],"wp:term":[{"taxonomy":"category","embeddable":true,"href":"https:\/\/www.eldigitaldeasturias.com\/noticias\/wp-json\/wp\/v2\/categories?post=923928"},{"taxonomy":"post_tag","embeddable":true,"href":"https:\/\/www.eldigitaldeasturias.com\/noticias\/wp-json\/wp\/v2\/tags?post=923928"}],"curies":[{"name":"wp","href":"https:\/\/api.w.org\/{rel}","templated":true}]}}