{"id":923915,"date":"2017-01-28T13:33:20","date_gmt":"2017-01-28T13:33:20","guid":{"rendered":"http:\/\/www.eldigitaldeasturias.com\/noticias\/?p=923915"},"modified":"2017-01-28T13:33:20","modified_gmt":"2017-01-28T13:33:20","slug":"la-selmana-de-les-lletres-asturianes-va-centrase-na-lliteratura-escrita-por-muyeres","status":"publish","type":"post","link":"https:\/\/www.eldigitaldeasturias.com\/noticias\/la-selmana-de-les-lletres-asturianes-va-centrase-na-lliteratura-escrita-por-muyeres\/","title":{"rendered":"La Selmana de les Lletres Asturianes va centrase na lliteratura escrita por muyeres"},"content":{"rendered":"<p><img loading=\"lazy\" decoding=\"async\" class=\"alignleft size-medium wp-image-838922\" src=\"https:\/\/www.eldigitaldeasturias.com\/noticias\/wp-content\/uploads\/2015\/12\/libro1-360x240.jpg\" alt=\"\" width=\"360\" height=\"240\" srcset=\"https:\/\/www.eldigitaldeasturias.com\/noticias\/wp-content\/uploads\/2015\/12\/libro1-360x240.jpg 360w, https:\/\/www.eldigitaldeasturias.com\/noticias\/wp-content\/uploads\/2015\/12\/libro1-449x300.jpg 449w, https:\/\/www.eldigitaldeasturias.com\/noticias\/wp-content\/uploads\/2015\/12\/libro1-768x513.jpg 768w, https:\/\/www.eldigitaldeasturias.com\/noticias\/wp-content\/uploads\/2015\/12\/libro1-690x461.jpg 690w, https:\/\/www.eldigitaldeasturias.com\/noticias\/wp-content\/uploads\/2015\/12\/libro1-20x13.jpg 20w, https:\/\/www.eldigitaldeasturias.com\/noticias\/wp-content\/uploads\/2015\/12\/libro1.jpg 800w\" sizes=\"auto, (max-width: 360px) 100vw, 360px\" \/>Desque les instituciones asturianes asumieron la promoci\u00f3n y protecci\u00f3n del asturianu, cel\u00e9brase cada mes de mayu la Selmana de les Lletres Asturianes como unu de los actos culturales m\u00e1s importantes del a\u00f1u, tanto pol so calter simb\u00f3licu como pola so contribuci\u00f3n a la divulgaci\u00f3n de la lliteratura asturiana.<\/p>\n<p>La Selmana de les Lletres dedic\u00f3se n&#8217;ocasiones a escritores particulares y, n&#8217;otres, adquiri\u00f3 un calter tem\u00e1ticu, centr\u00e1ndose en x\u00e9neros lliterarios como la narrativa, la poes\u00eda o&#8217;l teatru. Pa esta edici\u00f3n, la n\u00famberu 38, la Conseyer\u00eda d&#8217;Educaci\u00f3n y Cultura va preparar un programa d&#8217;actos que va atender de manera especial a la lliteratura escrita por muyeres.<\/p>\n<p>Esti homenaxe institucional y colectivu a les lletres va llegar a tola socied\u00e1 asturiana ente&#8217;l 2 y el 9 de mayu con actos de bien diversu calter (espect\u00e1culos po\u00e9tico-musicales, llectures p\u00fabliques, coloquios, cert\u00e1menes escolares o representaciones teatrales). El gallego-asturianu va cuntar tami\u00e9n con un actu institucional especial \u2014Homenaxe \u00e1s nosas lletras\u2014 que va celebrase n&#8217;A Carid\u00e1 (El Franco).<\/p>\n<p>Nel marcu de la Selmana, la Conseyer\u00eda d&#8217;Educaci\u00f3n y Cultura entama tami\u00e9n el D\u00eda del Llibru Asturianu, que cada a\u00f1u avera la lliteratura asturiana a m\u00e1s p\u00fablicu: en collaboraci\u00f3n con m\u00e1s de sesenta llibrer\u00edes de la rex\u00f3n, el 5 de mayu los compradores de llibros n&#8217;asturianu o gallego-asturianu van tener un 10 % de descuentu y van recibir como regalu un llibru qu\u2019incluye testos de muyeres escritores dende&#8217;l sieglu XVIII hasta angua\u00f1o.<\/p>\n<p>&nbsp;<\/p>\n<p>&nbsp;<\/p>\n","protected":false},"excerpt":{"rendered":"<p>Desque les instituciones asturianes asumieron la promoci\u00f3n y protecci\u00f3n del asturianu, cel\u00e9brase cada mes de mayu la Selmana de les Lletres Asturianes como unu de los actos culturales m\u00e1s importantes del a\u00f1u, tanto pol so calter simb\u00f3licu como pola so contribuci\u00f3n a la divulgaci\u00f3n de la lliteratura asturiana. La Selmana de les Lletres dedic\u00f3se n&#8217;ocasiones [&hellip;]<\/p>\n","protected":false},"author":1,"featured_media":838922,"comment_status":"closed","ping_status":"closed","sticky":false,"template":"","format":"standard","meta":{"footnotes":""},"categories":[141],"tags":[],"class_list":["post-923915","post","type-post","status-publish","format-standard","has-post-thumbnail","hentry","category-destacadas"],"aioseo_notices":[],"aioseo_head":"\n\t\t<!-- All in One SEO Pro 4.9.6.2 - aioseo.com -->\n\t<meta name=\"description\" content=\"Desque les instituciones asturianes asumieron la promoci\u00f3n y protecci\u00f3n del asturianu, cel\u00e9brase cada mes de mayu la Selmana de les Lletres Asturianes como unu de los actos culturales m\u00e1s importantes del a\u00f1u, tanto pol so calter simb\u00f3licu como pola so contribuci\u00f3n a la divulgaci\u00f3n de la lliteratura asturiana. La Selmana de les Lletres dedic\u00f3se n&#039;ocasiones\" \/>\n\t<meta name=\"robots\" content=\"max-image-preview:large\" \/>\n\t<meta name=\"author\" content=\"El Digital de Asturias\"\/>\n\t<meta name=\"google-site-verification\" content=\"UA-38556648-1\" \/>\n\t<meta name=\"msvalidate.01\" content=\"7dfe9f3f1b24437ab69f4f2559babe99\" \/>\n\t<meta name=\"keywords\" content=\"destacadas\" \/>\n\t<link rel=\"canonical\" href=\"https:\/\/www.eldigitaldeasturias.com\/noticias\/la-selmana-de-les-lletres-asturianes-va-centrase-na-lliteratura-escrita-por-muyeres\/\" \/>\n\t<meta name=\"generator\" content=\"All in One SEO Pro (AIOSEO) 4.9.6.2\" \/>\n\t\t<meta property=\"og:locale\" content=\"es_ES\" \/>\n\t\t<meta property=\"og:site_name\" content=\"El Digital de Asturias\" \/>\n\t\t<meta property=\"og:type\" content=\"article\" \/>\n\t\t<meta property=\"og:title\" content=\"La Selmana de les Lletres Asturianes va centrase na lliteratura escrita por muyeres - El Digital de Asturias\" \/>\n\t\t<meta property=\"og:description\" content=\"Desque les instituciones asturianes asumieron la promoci\u00f3n y protecci\u00f3n del asturianu, cel\u00e9brase cada mes de mayu la Selmana de les Lletres Asturianes como unu de los actos culturales m\u00e1s importantes del a\u00f1u, tanto pol so calter simb\u00f3licu como pola so contribuci\u00f3n a la divulgaci\u00f3n de la lliteratura asturiana. La Selmana de les Lletres dedic\u00f3se n&#039;ocasiones\" \/>\n\t\t<meta property=\"og:url\" content=\"https:\/\/www.eldigitaldeasturias.com\/noticias\/la-selmana-de-les-lletres-asturianes-va-centrase-na-lliteratura-escrita-por-muyeres\/\" \/>\n\t\t<meta property=\"og:image\" content=\"https:\/\/www.eldigitaldeasturias.com\/noticias\/wp-content\/uploads\/2015\/12\/libro1.jpg\" \/>\n\t\t<meta property=\"og:image:secure_url\" content=\"https:\/\/www.eldigitaldeasturias.com\/noticias\/wp-content\/uploads\/2015\/12\/libro1.jpg\" \/>\n\t\t<meta property=\"og:image:width\" content=\"800\" \/>\n\t\t<meta property=\"og:image:height\" content=\"534\" \/>\n\t\t<meta property=\"article:tag\" content=\"destacadas\" \/>\n\t\t<meta property=\"article:published_time\" content=\"2017-01-28T13:33:20+00:00\" \/>\n\t\t<meta property=\"article:modified_time\" content=\"2017-01-28T13:33:20+00:00\" \/>\n\t\t<meta property=\"article:publisher\" content=\"https:\/\/facebook.com\/eldigitaldeasturias\" \/>\n\t\t<meta name=\"twitter:card\" content=\"summary_large_image\" \/>\n\t\t<meta name=\"twitter:title\" content=\"La Selmana de les Lletres Asturianes va centrase na lliteratura escrita por muyeres - El Digital de Asturias\" \/>\n\t\t<meta name=\"twitter:description\" content=\"Desque les instituciones asturianes asumieron la promoci\u00f3n y protecci\u00f3n del asturianu, cel\u00e9brase cada mes de mayu la Selmana de les Lletres Asturianes como unu de los actos culturales m\u00e1s importantes del a\u00f1u, tanto pol so calter simb\u00f3licu como pola so contribuci\u00f3n a la divulgaci\u00f3n de la lliteratura asturiana. La Selmana de les Lletres dedic\u00f3se n&#039;ocasiones\" \/>\n\t\t<meta name=\"twitter:image\" content=\"https:\/\/www.eldigitaldeasturias.com\/noticias\/wp-content\/uploads\/2015\/12\/libro1.jpg\" \/>\n\t\t<meta name=\"twitter:label1\" content=\"Escrito por\" \/>\n\t\t<meta name=\"twitter:data1\" content=\"El Digital de Asturias\" \/>\n\t\t<meta name=\"twitter:label2\" content=\"Tiempo de lectura estimado\" \/>\n\t\t<meta name=\"twitter:data2\" content=\"1 minuto\" \/>\n\t\t<script type=\"application\/ld+json\" class=\"aioseo-schema\">\n\t\t\t{\"@context\":\"https:\\\/\\\/schema.org\",\"@graph\":[{\"@type\":\"BlogPosting\",\"@id\":\"https:\\\/\\\/www.eldigitaldeasturias.com\\\/noticias\\\/la-selmana-de-les-lletres-asturianes-va-centrase-na-lliteratura-escrita-por-muyeres\\\/#blogposting\",\"name\":\"La Selmana de les Lletres Asturianes va centrase na lliteratura escrita por muyeres - El Digital de Asturias\",\"headline\":\"La Selmana de les Lletres Asturianes va centrase na lliteratura escrita por muyeres\",\"author\":{\"@id\":\"https:\\\/\\\/www.eldigitaldeasturias.com\\\/noticias\\\/author\\\/admin\\\/#author\"},\"publisher\":{\"@id\":\"https:\\\/\\\/www.eldigitaldeasturias.com\\\/noticias\\\/#organization\"},\"image\":{\"@type\":\"ImageObject\",\"url\":\"https:\\\/\\\/www.eldigitaldeasturias.com\\\/noticias\\\/wp-content\\\/uploads\\\/2015\\\/12\\\/libro1.jpg\",\"width\":800,\"height\":534},\"datePublished\":\"2017-01-28T13:33:20+01:00\",\"dateModified\":\"2017-01-28T13:33:20+01:00\",\"inLanguage\":\"es-ES\",\"mainEntityOfPage\":{\"@id\":\"https:\\\/\\\/www.eldigitaldeasturias.com\\\/noticias\\\/la-selmana-de-les-lletres-asturianes-va-centrase-na-lliteratura-escrita-por-muyeres\\\/#webpage\"},\"isPartOf\":{\"@id\":\"https:\\\/\\\/www.eldigitaldeasturias.com\\\/noticias\\\/la-selmana-de-les-lletres-asturianes-va-centrase-na-lliteratura-escrita-por-muyeres\\\/#webpage\"},\"articleSection\":\"Destacadas\"},{\"@type\":\"BreadcrumbList\",\"@id\":\"https:\\\/\\\/www.eldigitaldeasturias.com\\\/noticias\\\/la-selmana-de-les-lletres-asturianes-va-centrase-na-lliteratura-escrita-por-muyeres\\\/#breadcrumblist\",\"itemListElement\":[{\"@type\":\"ListItem\",\"@id\":\"https:\\\/\\\/www.eldigitaldeasturias.com\\\/noticias#listItem\",\"position\":1,\"name\":\"Home\",\"item\":\"https:\\\/\\\/www.eldigitaldeasturias.com\\\/noticias\",\"nextItem\":{\"@type\":\"ListItem\",\"@id\":\"https:\\\/\\\/www.eldigitaldeasturias.com\\\/noticias\\\/category\\\/destacadas\\\/#listItem\",\"name\":\"Destacadas\"}},{\"@type\":\"ListItem\",\"@id\":\"https:\\\/\\\/www.eldigitaldeasturias.com\\\/noticias\\\/category\\\/destacadas\\\/#listItem\",\"position\":2,\"name\":\"Destacadas\",\"item\":\"https:\\\/\\\/www.eldigitaldeasturias.com\\\/noticias\\\/category\\\/destacadas\\\/\",\"nextItem\":{\"@type\":\"ListItem\",\"@id\":\"https:\\\/\\\/www.eldigitaldeasturias.com\\\/noticias\\\/la-selmana-de-les-lletres-asturianes-va-centrase-na-lliteratura-escrita-por-muyeres\\\/#listItem\",\"name\":\"La Selmana de les Lletres Asturianes va centrase na lliteratura escrita por muyeres\"},\"previousItem\":{\"@type\":\"ListItem\",\"@id\":\"https:\\\/\\\/www.eldigitaldeasturias.com\\\/noticias#listItem\",\"name\":\"Home\"}},{\"@type\":\"ListItem\",\"@id\":\"https:\\\/\\\/www.eldigitaldeasturias.com\\\/noticias\\\/la-selmana-de-les-lletres-asturianes-va-centrase-na-lliteratura-escrita-por-muyeres\\\/#listItem\",\"position\":3,\"name\":\"La Selmana de les Lletres Asturianes va centrase na lliteratura escrita por muyeres\",\"previousItem\":{\"@type\":\"ListItem\",\"@id\":\"https:\\\/\\\/www.eldigitaldeasturias.com\\\/noticias\\\/category\\\/destacadas\\\/#listItem\",\"name\":\"Destacadas\"}}]},{\"@type\":\"Organization\",\"@id\":\"https:\\\/\\\/www.eldigitaldeasturias.com\\\/noticias\\\/#organization\",\"name\":\"El Digital de Asturias\",\"description\":\"Hemeroteca\",\"url\":\"https:\\\/\\\/www.eldigitaldeasturias.com\\\/noticias\\\/\",\"email\":\"info@eldigitaldeasturias.com\",\"telephone\":\"+34652131393\",\"logo\":{\"@type\":\"ImageObject\",\"url\":\"https:\\\/\\\/www.eldigitaldeasturias.com\\\/noticias\\\/wp-content\\\/uploads\\\/2020\\\/12\\\/EDA.jpg\",\"@id\":\"https:\\\/\\\/www.eldigitaldeasturias.com\\\/noticias\\\/la-selmana-de-les-lletres-asturianes-va-centrase-na-lliteratura-escrita-por-muyeres\\\/#organizationLogo\",\"width\":649,\"height\":297},\"image\":{\"@id\":\"https:\\\/\\\/www.eldigitaldeasturias.com\\\/noticias\\\/la-selmana-de-les-lletres-asturianes-va-centrase-na-lliteratura-escrita-por-muyeres\\\/#organizationLogo\"},\"sameAs\":[\"https:\\\/\\\/facebook.com\\\/eldigitaldeasturias\",\"https:\\\/\\\/www.youtube.com\\\/channel\\\/UCZP-2wLEB9Rv6erhFmqVnvg\"],\"address\":{\"@id\":\"https:\\\/\\\/www.eldigitaldeasturias.com\\\/noticias\\\/#postaladdress\",\"@type\":\"PostalAddress\",\"streetAddress\":\"san antonio 4,\",\"postalCode\":\"33430\",\"addressLocality\":\"Cand\\u00e1s\",\"addressRegion\":\"Asturias\",\"addressCountry\":\"ES\"}},{\"@type\":\"Person\",\"@id\":\"https:\\\/\\\/www.eldigitaldeasturias.com\\\/noticias\\\/author\\\/admin\\\/#author\",\"url\":\"https:\\\/\\\/www.eldigitaldeasturias.com\\\/noticias\\\/author\\\/admin\\\/\",\"name\":\"El Digital de Asturias\",\"image\":{\"@type\":\"ImageObject\",\"@id\":\"https:\\\/\\\/www.eldigitaldeasturias.com\\\/noticias\\\/la-selmana-de-les-lletres-asturianes-va-centrase-na-lliteratura-escrita-por-muyeres\\\/#authorImage\",\"url\":\"https:\\\/\\\/www.eldigitaldeasturias.com\\\/noticias\\\/wp-content\\\/litespeed\\\/avatar\\\/18677e78aa0546b92d9dbf31ec7d7668.jpg?ver=1777290358\",\"width\":96,\"height\":96,\"caption\":\"El Digital de Asturias\"}},{\"@type\":\"WebPage\",\"@id\":\"https:\\\/\\\/www.eldigitaldeasturias.com\\\/noticias\\\/la-selmana-de-les-lletres-asturianes-va-centrase-na-lliteratura-escrita-por-muyeres\\\/#webpage\",\"url\":\"https:\\\/\\\/www.eldigitaldeasturias.com\\\/noticias\\\/la-selmana-de-les-lletres-asturianes-va-centrase-na-lliteratura-escrita-por-muyeres\\\/\",\"name\":\"La Selmana de les Lletres Asturianes va centrase na lliteratura escrita por muyeres - El Digital de Asturias\",\"description\":\"Desque les instituciones asturianes asumieron la promoci\\u00f3n y protecci\\u00f3n del asturianu, cel\\u00e9brase cada mes de mayu la Selmana de les Lletres Asturianes como unu de los actos culturales m\\u00e1s importantes del a\\u00f1u, tanto pol so calter simb\\u00f3licu como pola so contribuci\\u00f3n a la divulgaci\\u00f3n de la lliteratura asturiana. La Selmana de les Lletres dedic\\u00f3se n'ocasiones\",\"inLanguage\":\"es-ES\",\"isPartOf\":{\"@id\":\"https:\\\/\\\/www.eldigitaldeasturias.com\\\/noticias\\\/#website\"},\"breadcrumb\":{\"@id\":\"https:\\\/\\\/www.eldigitaldeasturias.com\\\/noticias\\\/la-selmana-de-les-lletres-asturianes-va-centrase-na-lliteratura-escrita-por-muyeres\\\/#breadcrumblist\"},\"author\":{\"@id\":\"https:\\\/\\\/www.eldigitaldeasturias.com\\\/noticias\\\/author\\\/admin\\\/#author\"},\"creator\":{\"@id\":\"https:\\\/\\\/www.eldigitaldeasturias.com\\\/noticias\\\/author\\\/admin\\\/#author\"},\"image\":{\"@type\":\"ImageObject\",\"url\":\"https:\\\/\\\/www.eldigitaldeasturias.com\\\/noticias\\\/wp-content\\\/uploads\\\/2015\\\/12\\\/libro1.jpg\",\"@id\":\"https:\\\/\\\/www.eldigitaldeasturias.com\\\/noticias\\\/la-selmana-de-les-lletres-asturianes-va-centrase-na-lliteratura-escrita-por-muyeres\\\/#mainImage\",\"width\":800,\"height\":534},\"primaryImageOfPage\":{\"@id\":\"https:\\\/\\\/www.eldigitaldeasturias.com\\\/noticias\\\/la-selmana-de-les-lletres-asturianes-va-centrase-na-lliteratura-escrita-por-muyeres\\\/#mainImage\"},\"datePublished\":\"2017-01-28T13:33:20+01:00\",\"dateModified\":\"2017-01-28T13:33:20+01:00\"},{\"@type\":\"WebSite\",\"@id\":\"https:\\\/\\\/www.eldigitaldeasturias.com\\\/noticias\\\/#website\",\"url\":\"https:\\\/\\\/www.eldigitaldeasturias.com\\\/noticias\\\/\",\"name\":\"El Digital de Asturias - Diario de actualidad y noticias\",\"alternateName\":\"El Digital de Asturias - Diario de actualidad y noticias\",\"description\":\"Hemeroteca\",\"inLanguage\":\"es-ES\",\"publisher\":{\"@id\":\"https:\\\/\\\/www.eldigitaldeasturias.com\\\/noticias\\\/#organization\"}}]}\n\t\t<\/script>\n\t\t<!-- All in One SEO Pro -->\r\n\t\t<title>La Selmana de les Lletres Asturianes va centrase na lliteratura escrita por muyeres - El Digital de Asturias<\/title>\n\n","aioseo_head_json":{"title":"La Selmana de les Lletres Asturianes va centrase na lliteratura escrita por muyeres - El Digital de Asturias","description":"Desque les instituciones asturianes asumieron la promoci\u00f3n y protecci\u00f3n del asturianu, cel\u00e9brase cada mes de mayu la Selmana de les Lletres Asturianes como unu de los actos culturales m\u00e1s importantes del a\u00f1u, tanto pol so calter simb\u00f3licu como pola so contribuci\u00f3n a la divulgaci\u00f3n de la lliteratura asturiana. La Selmana de les Lletres dedic\u00f3se n'ocasiones","canonical_url":"https:\/\/www.eldigitaldeasturias.com\/noticias\/la-selmana-de-les-lletres-asturianes-va-centrase-na-lliteratura-escrita-por-muyeres\/","robots":"max-image-preview:large","keywords":"destacadas","webmasterTools":{"google-site-verification":"UA-38556648-1","msvalidate.01":"7dfe9f3f1b24437ab69f4f2559babe99","miscellaneous":""},"schema":{"@context":"https:\/\/schema.org","@graph":[{"@type":"BlogPosting","@id":"https:\/\/www.eldigitaldeasturias.com\/noticias\/la-selmana-de-les-lletres-asturianes-va-centrase-na-lliteratura-escrita-por-muyeres\/#blogposting","name":"La Selmana de les Lletres Asturianes va centrase na lliteratura escrita por muyeres - El Digital de Asturias","headline":"La Selmana de les Lletres Asturianes va centrase na lliteratura escrita por muyeres","author":{"@id":"https:\/\/www.eldigitaldeasturias.com\/noticias\/author\/admin\/#author"},"publisher":{"@id":"https:\/\/www.eldigitaldeasturias.com\/noticias\/#organization"},"image":{"@type":"ImageObject","url":"https:\/\/www.eldigitaldeasturias.com\/noticias\/wp-content\/uploads\/2015\/12\/libro1.jpg","width":800,"height":534},"datePublished":"2017-01-28T13:33:20+01:00","dateModified":"2017-01-28T13:33:20+01:00","inLanguage":"es-ES","mainEntityOfPage":{"@id":"https:\/\/www.eldigitaldeasturias.com\/noticias\/la-selmana-de-les-lletres-asturianes-va-centrase-na-lliteratura-escrita-por-muyeres\/#webpage"},"isPartOf":{"@id":"https:\/\/www.eldigitaldeasturias.com\/noticias\/la-selmana-de-les-lletres-asturianes-va-centrase-na-lliteratura-escrita-por-muyeres\/#webpage"},"articleSection":"Destacadas"},{"@type":"BreadcrumbList","@id":"https:\/\/www.eldigitaldeasturias.com\/noticias\/la-selmana-de-les-lletres-asturianes-va-centrase-na-lliteratura-escrita-por-muyeres\/#breadcrumblist","itemListElement":[{"@type":"ListItem","@id":"https:\/\/www.eldigitaldeasturias.com\/noticias#listItem","position":1,"name":"Home","item":"https:\/\/www.eldigitaldeasturias.com\/noticias","nextItem":{"@type":"ListItem","@id":"https:\/\/www.eldigitaldeasturias.com\/noticias\/category\/destacadas\/#listItem","name":"Destacadas"}},{"@type":"ListItem","@id":"https:\/\/www.eldigitaldeasturias.com\/noticias\/category\/destacadas\/#listItem","position":2,"name":"Destacadas","item":"https:\/\/www.eldigitaldeasturias.com\/noticias\/category\/destacadas\/","nextItem":{"@type":"ListItem","@id":"https:\/\/www.eldigitaldeasturias.com\/noticias\/la-selmana-de-les-lletres-asturianes-va-centrase-na-lliteratura-escrita-por-muyeres\/#listItem","name":"La Selmana de les Lletres Asturianes va centrase na lliteratura escrita por muyeres"},"previousItem":{"@type":"ListItem","@id":"https:\/\/www.eldigitaldeasturias.com\/noticias#listItem","name":"Home"}},{"@type":"ListItem","@id":"https:\/\/www.eldigitaldeasturias.com\/noticias\/la-selmana-de-les-lletres-asturianes-va-centrase-na-lliteratura-escrita-por-muyeres\/#listItem","position":3,"name":"La Selmana de les Lletres Asturianes va centrase na lliteratura escrita por muyeres","previousItem":{"@type":"ListItem","@id":"https:\/\/www.eldigitaldeasturias.com\/noticias\/category\/destacadas\/#listItem","name":"Destacadas"}}]},{"@type":"Organization","@id":"https:\/\/www.eldigitaldeasturias.com\/noticias\/#organization","name":"El Digital de Asturias","description":"Hemeroteca","url":"https:\/\/www.eldigitaldeasturias.com\/noticias\/","email":"info@eldigitaldeasturias.com","telephone":"+34652131393","logo":{"@type":"ImageObject","url":"https:\/\/www.eldigitaldeasturias.com\/noticias\/wp-content\/uploads\/2020\/12\/EDA.jpg","@id":"https:\/\/www.eldigitaldeasturias.com\/noticias\/la-selmana-de-les-lletres-asturianes-va-centrase-na-lliteratura-escrita-por-muyeres\/#organizationLogo","width":649,"height":297},"image":{"@id":"https:\/\/www.eldigitaldeasturias.com\/noticias\/la-selmana-de-les-lletres-asturianes-va-centrase-na-lliteratura-escrita-por-muyeres\/#organizationLogo"},"sameAs":["https:\/\/facebook.com\/eldigitaldeasturias","https:\/\/www.youtube.com\/channel\/UCZP-2wLEB9Rv6erhFmqVnvg"],"address":{"@id":"https:\/\/www.eldigitaldeasturias.com\/noticias\/#postaladdress","@type":"PostalAddress","streetAddress":"san antonio 4,","postalCode":"33430","addressLocality":"Cand\u00e1s","addressRegion":"Asturias","addressCountry":"ES"}},{"@type":"Person","@id":"https:\/\/www.eldigitaldeasturias.com\/noticias\/author\/admin\/#author","url":"https:\/\/www.eldigitaldeasturias.com\/noticias\/author\/admin\/","name":"El Digital de Asturias","image":{"@type":"ImageObject","@id":"https:\/\/www.eldigitaldeasturias.com\/noticias\/la-selmana-de-les-lletres-asturianes-va-centrase-na-lliteratura-escrita-por-muyeres\/#authorImage","url":"https:\/\/www.eldigitaldeasturias.com\/noticias\/wp-content\/litespeed\/avatar\/18677e78aa0546b92d9dbf31ec7d7668.jpg?ver=1777290358","width":96,"height":96,"caption":"El Digital de Asturias"}},{"@type":"WebPage","@id":"https:\/\/www.eldigitaldeasturias.com\/noticias\/la-selmana-de-les-lletres-asturianes-va-centrase-na-lliteratura-escrita-por-muyeres\/#webpage","url":"https:\/\/www.eldigitaldeasturias.com\/noticias\/la-selmana-de-les-lletres-asturianes-va-centrase-na-lliteratura-escrita-por-muyeres\/","name":"La Selmana de les Lletres Asturianes va centrase na lliteratura escrita por muyeres - El Digital de Asturias","description":"Desque les instituciones asturianes asumieron la promoci\u00f3n y protecci\u00f3n del asturianu, cel\u00e9brase cada mes de mayu la Selmana de les Lletres Asturianes como unu de los actos culturales m\u00e1s importantes del a\u00f1u, tanto pol so calter simb\u00f3licu como pola so contribuci\u00f3n a la divulgaci\u00f3n de la lliteratura asturiana. La Selmana de les Lletres dedic\u00f3se n'ocasiones","inLanguage":"es-ES","isPartOf":{"@id":"https:\/\/www.eldigitaldeasturias.com\/noticias\/#website"},"breadcrumb":{"@id":"https:\/\/www.eldigitaldeasturias.com\/noticias\/la-selmana-de-les-lletres-asturianes-va-centrase-na-lliteratura-escrita-por-muyeres\/#breadcrumblist"},"author":{"@id":"https:\/\/www.eldigitaldeasturias.com\/noticias\/author\/admin\/#author"},"creator":{"@id":"https:\/\/www.eldigitaldeasturias.com\/noticias\/author\/admin\/#author"},"image":{"@type":"ImageObject","url":"https:\/\/www.eldigitaldeasturias.com\/noticias\/wp-content\/uploads\/2015\/12\/libro1.jpg","@id":"https:\/\/www.eldigitaldeasturias.com\/noticias\/la-selmana-de-les-lletres-asturianes-va-centrase-na-lliteratura-escrita-por-muyeres\/#mainImage","width":800,"height":534},"primaryImageOfPage":{"@id":"https:\/\/www.eldigitaldeasturias.com\/noticias\/la-selmana-de-les-lletres-asturianes-va-centrase-na-lliteratura-escrita-por-muyeres\/#mainImage"},"datePublished":"2017-01-28T13:33:20+01:00","dateModified":"2017-01-28T13:33:20+01:00"},{"@type":"WebSite","@id":"https:\/\/www.eldigitaldeasturias.com\/noticias\/#website","url":"https:\/\/www.eldigitaldeasturias.com\/noticias\/","name":"El Digital de Asturias - Diario de actualidad y noticias","alternateName":"El Digital de Asturias - Diario de actualidad y noticias","description":"Hemeroteca","inLanguage":"es-ES","publisher":{"@id":"https:\/\/www.eldigitaldeasturias.com\/noticias\/#organization"}}]},"og:locale":"es_ES","og:site_name":"El Digital de Asturias","og:type":"article","og:title":"La Selmana de les Lletres Asturianes va centrase na lliteratura escrita por muyeres - El Digital de Asturias","og:description":"Desque les instituciones asturianes asumieron la promoci\u00f3n y protecci\u00f3n del asturianu, cel\u00e9brase cada mes de mayu la Selmana de les Lletres Asturianes como unu de los actos culturales m\u00e1s importantes del a\u00f1u, tanto pol so calter simb\u00f3licu como pola so contribuci\u00f3n a la divulgaci\u00f3n de la lliteratura asturiana. La Selmana de les Lletres dedic\u00f3se n'ocasiones","og:url":"https:\/\/www.eldigitaldeasturias.com\/noticias\/la-selmana-de-les-lletres-asturianes-va-centrase-na-lliteratura-escrita-por-muyeres\/","og:image":"https:\/\/www.eldigitaldeasturias.com\/noticias\/wp-content\/uploads\/2015\/12\/libro1.jpg","og:image:secure_url":"https:\/\/www.eldigitaldeasturias.com\/noticias\/wp-content\/uploads\/2015\/12\/libro1.jpg","og:image:width":800,"og:image:height":534,"article:tag":["destacadas"],"article:published_time":"2017-01-28T13:33:20+00:00","article:modified_time":"2017-01-28T13:33:20+00:00","article:publisher":"https:\/\/facebook.com\/eldigitaldeasturias","twitter:card":"summary_large_image","twitter:title":"La Selmana de les Lletres Asturianes va centrase na lliteratura escrita por muyeres - El Digital de Asturias","twitter:description":"Desque les instituciones asturianes asumieron la promoci\u00f3n y protecci\u00f3n del asturianu, cel\u00e9brase cada mes de mayu la Selmana de les Lletres Asturianes como unu de los actos culturales m\u00e1s importantes del a\u00f1u, tanto pol so calter simb\u00f3licu como pola so contribuci\u00f3n a la divulgaci\u00f3n de la lliteratura asturiana. La Selmana de les Lletres dedic\u00f3se n'ocasiones","twitter:image":"https:\/\/www.eldigitaldeasturias.com\/noticias\/wp-content\/uploads\/2015\/12\/libro1.jpg","twitter:label1":"Escrito por","twitter:data1":"El Digital de Asturias","twitter:label2":"Tiempo de lectura estimado","twitter:data2":"1 minuto"},"aioseo_meta_data":{"post_id":"923915","title":null,"description":null,"keywords":null,"keyphrases":null,"primary_term":null,"canonical_url":null,"og_title":null,"og_description":null,"og_object_type":"default","og_image_type":"default","og_image_url":null,"og_image_width":null,"og_image_height":null,"og_image_custom_url":null,"og_image_custom_fields":null,"og_video":null,"og_custom_url":null,"og_article_section":null,"og_article_tags":null,"twitter_use_og":false,"twitter_card":"default","twitter_image_type":"default","twitter_image_url":null,"twitter_image_custom_url":null,"twitter_image_custom_fields":null,"twitter_title":null,"twitter_description":null,"schema":{"blockGraphs":[],"customGraphs":[],"default":{"data":{"Article":[],"Course":[],"Dataset":[],"FAQPage":[],"Movie":[],"Person":[],"Product":[],"ProductReview":[],"Car":[],"Recipe":[],"Service":[],"SoftwareApplication":[],"WebPage":[]},"graphName":"","isEnabled":true},"graphs":[],"defaultGraph":"","defaultPostTypeGraph":""},"schema_type":null,"schema_type_options":null,"pillar_content":false,"robots_default":true,"robots_noindex":false,"robots_noarchive":false,"robots_nosnippet":false,"robots_nofollow":false,"robots_noimageindex":false,"robots_noodp":false,"robots_notranslate":false,"robots_max_snippet":null,"robots_max_videopreview":null,"robots_max_imagepreview":"large","priority":null,"frequency":null,"local_seo":null,"seo_analyzer_scan_date":"2025-12-02 22:13:05","breadcrumb_settings":null,"limit_modified_date":false,"open_ai":null,"ai":null,"created":"2020-12-21 13:40:38","updated":"2025-12-02 22:13:05"},"aioseo_breadcrumb":"<div class=\"aioseo-breadcrumbs\"><span class=\"aioseo-breadcrumb\">\n\t<a href=\"https:\/\/www.eldigitaldeasturias.com\/noticias\" title=\"Home\">Home<\/a>\n<\/span><span class=\"aioseo-breadcrumb-separator\">\u2013<\/span><span class=\"aioseo-breadcrumb\">\n\t<a href=\"https:\/\/www.eldigitaldeasturias.com\/noticias\/category\/destacadas\/\" title=\"Destacadas\">Destacadas<\/a>\n<\/span><span class=\"aioseo-breadcrumb-separator\">\u2013<\/span><span class=\"aioseo-breadcrumb\">\n\t<a href=\"https:\/\/www.eldigitaldeasturias.com\/noticias\/la-selmana-de-les-lletres-asturianes-va-centrase-na-lliteratura-escrita-por-muyeres\/\" title=\"La Selmana de les Lletres Asturianes va centrase na lliteratura escrita por muyeres\">La Selmana de les Lletres Asturianes va centrase na lliteratura escrita por muyeres<\/a>\n<\/span><\/div>","aioseo_breadcrumb_json":[{"label":"Home","link":"https:\/\/www.eldigitaldeasturias.com\/noticias"},{"label":"Destacadas","link":"https:\/\/www.eldigitaldeasturias.com\/noticias\/category\/destacadas\/"},{"label":"La Selmana de les Lletres Asturianes va centrase na lliteratura escrita por muyeres","link":"https:\/\/www.eldigitaldeasturias.com\/noticias\/la-selmana-de-les-lletres-asturianes-va-centrase-na-lliteratura-escrita-por-muyeres\/"}],"_links":{"self":[{"href":"https:\/\/www.eldigitaldeasturias.com\/noticias\/wp-json\/wp\/v2\/posts\/923915","targetHints":{"allow":["GET"]}}],"collection":[{"href":"https:\/\/www.eldigitaldeasturias.com\/noticias\/wp-json\/wp\/v2\/posts"}],"about":[{"href":"https:\/\/www.eldigitaldeasturias.com\/noticias\/wp-json\/wp\/v2\/types\/post"}],"author":[{"embeddable":true,"href":"https:\/\/www.eldigitaldeasturias.com\/noticias\/wp-json\/wp\/v2\/users\/1"}],"replies":[{"embeddable":true,"href":"https:\/\/www.eldigitaldeasturias.com\/noticias\/wp-json\/wp\/v2\/comments?post=923915"}],"version-history":[{"count":0,"href":"https:\/\/www.eldigitaldeasturias.com\/noticias\/wp-json\/wp\/v2\/posts\/923915\/revisions"}],"wp:featuredmedia":[{"embeddable":true,"href":"https:\/\/www.eldigitaldeasturias.com\/noticias\/wp-json\/wp\/v2\/media\/838922"}],"wp:attachment":[{"href":"https:\/\/www.eldigitaldeasturias.com\/noticias\/wp-json\/wp\/v2\/media?parent=923915"}],"wp:term":[{"taxonomy":"category","embeddable":true,"href":"https:\/\/www.eldigitaldeasturias.com\/noticias\/wp-json\/wp\/v2\/categories?post=923915"},{"taxonomy":"post_tag","embeddable":true,"href":"https:\/\/www.eldigitaldeasturias.com\/noticias\/wp-json\/wp\/v2\/tags?post=923915"}],"curies":[{"name":"wp","href":"https:\/\/api.w.org\/{rel}","templated":true}]}}