{"id":923889,"date":"2017-01-27T20:31:41","date_gmt":"2017-01-27T20:31:41","guid":{"rendered":"http:\/\/www.eldigitaldeasturias.com\/noticias\/?p=923889"},"modified":"2017-01-27T20:32:51","modified_gmt":"2017-01-27T20:32:51","slug":"pilar-varela-asiste-a-la-inauguracion-de-los-nuevos-locales-de-afesa-en-oviedo","status":"publish","type":"post","link":"https:\/\/www.eldigitaldeasturias.com\/noticias\/pilar-varela-asiste-a-la-inauguracion-de-los-nuevos-locales-de-afesa-en-oviedo\/","title":{"rendered":"Pilar Varela asiste a la inauguraci\u00f3n de los nuevos locales de AFESA en Oviedo"},"content":{"rendered":"<p><img loading=\"lazy\" decoding=\"async\" class=\"alignleft size-medium wp-image-923890\" src=\"https:\/\/www.eldigitaldeasturias.com\/noticias\/wp-content\/uploads\/2017\/01\/inauguracion-afesa-360x174.jpg\" alt=\"\" width=\"360\" height=\"174\" srcset=\"https:\/\/www.eldigitaldeasturias.com\/noticias\/wp-content\/uploads\/2017\/01\/inauguracion-afesa-360x174.jpg 360w, https:\/\/www.eldigitaldeasturias.com\/noticias\/wp-content\/uploads\/2017\/01\/inauguracion-afesa-768x370.jpg 768w, https:\/\/www.eldigitaldeasturias.com\/noticias\/wp-content\/uploads\/2017\/01\/inauguracion-afesa-650x313.jpg 650w, https:\/\/www.eldigitaldeasturias.com\/noticias\/wp-content\/uploads\/2017\/01\/inauguracion-afesa.jpg 1280w\" sizes=\"auto, (max-width: 360px) 100vw, 360px\" \/>La consejera de Servicios y Derechos Sociales, Pilar Varela, ha destacado hoy el apoyo que presta la Asociaci\u00f3n de Familiares y Personas con Enfermedad Mental de Asturias (Afesa) a los afectados por esta patolog\u00eda y a su entorno. Varela ha realizado estas declaraciones durante la inauguraci\u00f3n de los nuevos locales de esta organizaci\u00f3n en Oviedo, que han sido cedidos por el Ayuntamiento y que albergar\u00e1n, adem\u00e1s de la sede central de la entidad y su delegaci\u00f3n ovetense, un Centro de Apoyo a la Integraci\u00f3n (CAI) concertado con el Principado.<\/p>\n<p>La consejera, que ha estado acompa\u00f1ada en el acto por el gerente del Servicio de Salud del Principado de Asturias (Sespa), Jos\u00e9 Ram\u00f3n Riera, ha valorado la trayectoria de la asociaci\u00f3n, que cumple 25 a\u00f1os de trabajo en Asturias. Tambi\u00e9n ha subrayado la importancia de la labor que realiza para favorecer la integraci\u00f3n de los enfermos y su lucha contra los prejuicios que a\u00fan generan este tipo de patolog\u00edas.<\/p>\n<p>Afesa, que cuenta actualmente con 1.300 socios y 85 voluntarios, atiende a 673 personas en sus ocho delegaciones: Oviedo, Gij\u00f3n, Avil\u00e9s, Nal\u00f3n, Caudal, Narcea, Oriente (Arriondas) y Occidente (Navia).<\/p>\n<p>La Consejer\u00eda de Servicios y Derechos Sociales destin\u00f3 a la organizaci\u00f3n 201.318 euros en 2016 a trav\u00e9s de las plazas concertadas en el CAI, y un mill\u00f3n en subvenciones de apoyo a la discapacidad, voluntariado e inclusi\u00f3n social.<\/p>\n<p>&nbsp;<\/p>\n","protected":false},"excerpt":{"rendered":"<p>La consejera de Servicios y Derechos Sociales, Pilar Varela, ha destacado hoy el apoyo que presta la Asociaci\u00f3n de Familiares y Personas con Enfermedad Mental de Asturias (Afesa) a los afectados por esta patolog\u00eda y a su entorno. Varela ha realizado estas declaraciones durante la inauguraci\u00f3n de los nuevos locales de esta organizaci\u00f3n en Oviedo, [&hellip;]<\/p>\n","protected":false},"author":1,"featured_media":923890,"comment_status":"closed","ping_status":"closed","sticky":false,"template":"","format":"standard","meta":{"footnotes":""},"categories":[141],"tags":[],"class_list":["post-923889","post","type-post","status-publish","format-standard","has-post-thumbnail","hentry","category-destacadas"],"aioseo_notices":[],"aioseo_head":"\n\t\t<!-- All in One SEO Pro 4.9.6.2 - aioseo.com -->\n\t<meta name=\"description\" content=\"La consejera de Servicios y Derechos Sociales, Pilar Varela, ha destacado hoy el apoyo que presta la Asociaci\u00f3n de Familiares y Personas con Enfermedad Mental de Asturias (Afesa) a los afectados por esta patolog\u00eda y a su entorno. Varela ha realizado estas declaraciones durante la inauguraci\u00f3n de los nuevos locales de esta organizaci\u00f3n en Oviedo,\" \/>\n\t<meta name=\"robots\" content=\"max-image-preview:large\" \/>\n\t<meta name=\"author\" content=\"El Digital de Asturias\"\/>\n\t<meta name=\"google-site-verification\" content=\"UA-38556648-1\" \/>\n\t<meta name=\"msvalidate.01\" content=\"7dfe9f3f1b24437ab69f4f2559babe99\" \/>\n\t<meta name=\"keywords\" content=\"destacadas\" \/>\n\t<link rel=\"canonical\" href=\"https:\/\/www.eldigitaldeasturias.com\/noticias\/pilar-varela-asiste-a-la-inauguracion-de-los-nuevos-locales-de-afesa-en-oviedo\/\" \/>\n\t<meta name=\"generator\" content=\"All in One SEO Pro (AIOSEO) 4.9.6.2\" \/>\n\t\t<meta property=\"og:locale\" content=\"es_ES\" \/>\n\t\t<meta property=\"og:site_name\" content=\"El Digital de Asturias\" \/>\n\t\t<meta property=\"og:type\" content=\"article\" \/>\n\t\t<meta property=\"og:title\" content=\"Pilar Varela asiste a la inauguraci\u00f3n de los nuevos locales de AFESA en Oviedo - El Digital de Asturias\" \/>\n\t\t<meta property=\"og:description\" content=\"La consejera de Servicios y Derechos Sociales, Pilar Varela, ha destacado hoy el apoyo que presta la Asociaci\u00f3n de Familiares y Personas con Enfermedad Mental de Asturias (Afesa) a los afectados por esta patolog\u00eda y a su entorno. Varela ha realizado estas declaraciones durante la inauguraci\u00f3n de los nuevos locales de esta organizaci\u00f3n en Oviedo,\" \/>\n\t\t<meta property=\"og:url\" content=\"https:\/\/www.eldigitaldeasturias.com\/noticias\/pilar-varela-asiste-a-la-inauguracion-de-los-nuevos-locales-de-afesa-en-oviedo\/\" \/>\n\t\t<meta property=\"og:image\" content=\"https:\/\/www.eldigitaldeasturias.com\/noticias\/wp-content\/uploads\/2017\/01\/inauguracion-afesa.jpg\" \/>\n\t\t<meta property=\"og:image:secure_url\" content=\"https:\/\/www.eldigitaldeasturias.com\/noticias\/wp-content\/uploads\/2017\/01\/inauguracion-afesa.jpg\" \/>\n\t\t<meta property=\"og:image:width\" content=\"1280\" \/>\n\t\t<meta property=\"og:image:height\" content=\"617\" \/>\n\t\t<meta property=\"article:tag\" content=\"destacadas\" \/>\n\t\t<meta property=\"article:published_time\" content=\"2017-01-27T20:31:41+00:00\" \/>\n\t\t<meta property=\"article:modified_time\" content=\"2017-01-27T20:32:51+00:00\" \/>\n\t\t<meta property=\"article:publisher\" content=\"https:\/\/facebook.com\/eldigitaldeasturias\" \/>\n\t\t<meta name=\"twitter:card\" content=\"summary_large_image\" \/>\n\t\t<meta name=\"twitter:title\" content=\"Pilar Varela asiste a la inauguraci\u00f3n de los nuevos locales de AFESA en Oviedo - El Digital de Asturias\" \/>\n\t\t<meta name=\"twitter:description\" content=\"La consejera de Servicios y Derechos Sociales, Pilar Varela, ha destacado hoy el apoyo que presta la Asociaci\u00f3n de Familiares y Personas con Enfermedad Mental de Asturias (Afesa) a los afectados por esta patolog\u00eda y a su entorno. Varela ha realizado estas declaraciones durante la inauguraci\u00f3n de los nuevos locales de esta organizaci\u00f3n en Oviedo,\" \/>\n\t\t<meta name=\"twitter:image\" content=\"https:\/\/www.eldigitaldeasturias.com\/noticias\/wp-content\/uploads\/2017\/01\/inauguracion-afesa.jpg\" \/>\n\t\t<meta name=\"twitter:label1\" content=\"Escrito por\" \/>\n\t\t<meta name=\"twitter:data1\" content=\"El Digital de Asturias\" \/>\n\t\t<meta name=\"twitter:label2\" content=\"Tiempo de lectura estimado\" \/>\n\t\t<meta name=\"twitter:data2\" content=\"1 minuto\" \/>\n\t\t<script type=\"application\/ld+json\" class=\"aioseo-schema\">\n\t\t\t{\"@context\":\"https:\\\/\\\/schema.org\",\"@graph\":[{\"@type\":\"BlogPosting\",\"@id\":\"https:\\\/\\\/www.eldigitaldeasturias.com\\\/noticias\\\/pilar-varela-asiste-a-la-inauguracion-de-los-nuevos-locales-de-afesa-en-oviedo\\\/#blogposting\",\"name\":\"Pilar Varela asiste a la inauguraci\\u00f3n de los nuevos locales de AFESA en Oviedo - El Digital de Asturias\",\"headline\":\"Pilar Varela asiste a la inauguraci\\u00f3n de los nuevos locales de AFESA en Oviedo\",\"author\":{\"@id\":\"https:\\\/\\\/www.eldigitaldeasturias.com\\\/noticias\\\/author\\\/admin\\\/#author\"},\"publisher\":{\"@id\":\"https:\\\/\\\/www.eldigitaldeasturias.com\\\/noticias\\\/#organization\"},\"image\":{\"@type\":\"ImageObject\",\"url\":\"https:\\\/\\\/www.eldigitaldeasturias.com\\\/noticias\\\/wp-content\\\/uploads\\\/2017\\\/01\\\/inauguracion-afesa.jpg\",\"width\":1280,\"height\":617},\"datePublished\":\"2017-01-27T20:31:41+01:00\",\"dateModified\":\"2017-01-27T20:32:51+01:00\",\"inLanguage\":\"es-ES\",\"mainEntityOfPage\":{\"@id\":\"https:\\\/\\\/www.eldigitaldeasturias.com\\\/noticias\\\/pilar-varela-asiste-a-la-inauguracion-de-los-nuevos-locales-de-afesa-en-oviedo\\\/#webpage\"},\"isPartOf\":{\"@id\":\"https:\\\/\\\/www.eldigitaldeasturias.com\\\/noticias\\\/pilar-varela-asiste-a-la-inauguracion-de-los-nuevos-locales-de-afesa-en-oviedo\\\/#webpage\"},\"articleSection\":\"Destacadas\"},{\"@type\":\"BreadcrumbList\",\"@id\":\"https:\\\/\\\/www.eldigitaldeasturias.com\\\/noticias\\\/pilar-varela-asiste-a-la-inauguracion-de-los-nuevos-locales-de-afesa-en-oviedo\\\/#breadcrumblist\",\"itemListElement\":[{\"@type\":\"ListItem\",\"@id\":\"https:\\\/\\\/www.eldigitaldeasturias.com\\\/noticias#listItem\",\"position\":1,\"name\":\"Home\",\"item\":\"https:\\\/\\\/www.eldigitaldeasturias.com\\\/noticias\",\"nextItem\":{\"@type\":\"ListItem\",\"@id\":\"https:\\\/\\\/www.eldigitaldeasturias.com\\\/noticias\\\/category\\\/destacadas\\\/#listItem\",\"name\":\"Destacadas\"}},{\"@type\":\"ListItem\",\"@id\":\"https:\\\/\\\/www.eldigitaldeasturias.com\\\/noticias\\\/category\\\/destacadas\\\/#listItem\",\"position\":2,\"name\":\"Destacadas\",\"item\":\"https:\\\/\\\/www.eldigitaldeasturias.com\\\/noticias\\\/category\\\/destacadas\\\/\",\"nextItem\":{\"@type\":\"ListItem\",\"@id\":\"https:\\\/\\\/www.eldigitaldeasturias.com\\\/noticias\\\/pilar-varela-asiste-a-la-inauguracion-de-los-nuevos-locales-de-afesa-en-oviedo\\\/#listItem\",\"name\":\"Pilar Varela asiste a la inauguraci\\u00f3n de los nuevos locales de AFESA en Oviedo\"},\"previousItem\":{\"@type\":\"ListItem\",\"@id\":\"https:\\\/\\\/www.eldigitaldeasturias.com\\\/noticias#listItem\",\"name\":\"Home\"}},{\"@type\":\"ListItem\",\"@id\":\"https:\\\/\\\/www.eldigitaldeasturias.com\\\/noticias\\\/pilar-varela-asiste-a-la-inauguracion-de-los-nuevos-locales-de-afesa-en-oviedo\\\/#listItem\",\"position\":3,\"name\":\"Pilar Varela asiste a la inauguraci\\u00f3n de los nuevos locales de AFESA en Oviedo\",\"previousItem\":{\"@type\":\"ListItem\",\"@id\":\"https:\\\/\\\/www.eldigitaldeasturias.com\\\/noticias\\\/category\\\/destacadas\\\/#listItem\",\"name\":\"Destacadas\"}}]},{\"@type\":\"Organization\",\"@id\":\"https:\\\/\\\/www.eldigitaldeasturias.com\\\/noticias\\\/#organization\",\"name\":\"El Digital de Asturias\",\"description\":\"Hemeroteca\",\"url\":\"https:\\\/\\\/www.eldigitaldeasturias.com\\\/noticias\\\/\",\"email\":\"info@eldigitaldeasturias.com\",\"telephone\":\"+34652131393\",\"logo\":{\"@type\":\"ImageObject\",\"url\":\"https:\\\/\\\/www.eldigitaldeasturias.com\\\/noticias\\\/wp-content\\\/uploads\\\/2020\\\/12\\\/EDA.jpg\",\"@id\":\"https:\\\/\\\/www.eldigitaldeasturias.com\\\/noticias\\\/pilar-varela-asiste-a-la-inauguracion-de-los-nuevos-locales-de-afesa-en-oviedo\\\/#organizationLogo\",\"width\":649,\"height\":297},\"image\":{\"@id\":\"https:\\\/\\\/www.eldigitaldeasturias.com\\\/noticias\\\/pilar-varela-asiste-a-la-inauguracion-de-los-nuevos-locales-de-afesa-en-oviedo\\\/#organizationLogo\"},\"sameAs\":[\"https:\\\/\\\/facebook.com\\\/eldigitaldeasturias\",\"https:\\\/\\\/www.youtube.com\\\/channel\\\/UCZP-2wLEB9Rv6erhFmqVnvg\"],\"address\":{\"@id\":\"https:\\\/\\\/www.eldigitaldeasturias.com\\\/noticias\\\/#postaladdress\",\"@type\":\"PostalAddress\",\"streetAddress\":\"san antonio 4,\",\"postalCode\":\"33430\",\"addressLocality\":\"Cand\\u00e1s\",\"addressRegion\":\"Asturias\",\"addressCountry\":\"ES\"}},{\"@type\":\"Person\",\"@id\":\"https:\\\/\\\/www.eldigitaldeasturias.com\\\/noticias\\\/author\\\/admin\\\/#author\",\"url\":\"https:\\\/\\\/www.eldigitaldeasturias.com\\\/noticias\\\/author\\\/admin\\\/\",\"name\":\"El Digital de Asturias\",\"image\":{\"@type\":\"ImageObject\",\"@id\":\"https:\\\/\\\/www.eldigitaldeasturias.com\\\/noticias\\\/pilar-varela-asiste-a-la-inauguracion-de-los-nuevos-locales-de-afesa-en-oviedo\\\/#authorImage\",\"url\":\"https:\\\/\\\/www.eldigitaldeasturias.com\\\/noticias\\\/wp-content\\\/litespeed\\\/avatar\\\/18677e78aa0546b92d9dbf31ec7d7668.jpg?ver=1777290358\",\"width\":96,\"height\":96,\"caption\":\"El Digital de Asturias\"}},{\"@type\":\"WebPage\",\"@id\":\"https:\\\/\\\/www.eldigitaldeasturias.com\\\/noticias\\\/pilar-varela-asiste-a-la-inauguracion-de-los-nuevos-locales-de-afesa-en-oviedo\\\/#webpage\",\"url\":\"https:\\\/\\\/www.eldigitaldeasturias.com\\\/noticias\\\/pilar-varela-asiste-a-la-inauguracion-de-los-nuevos-locales-de-afesa-en-oviedo\\\/\",\"name\":\"Pilar Varela asiste a la inauguraci\\u00f3n de los nuevos locales de AFESA en Oviedo - El Digital de Asturias\",\"description\":\"La consejera de Servicios y Derechos Sociales, Pilar Varela, ha destacado hoy el apoyo que presta la Asociaci\\u00f3n de Familiares y Personas con Enfermedad Mental de Asturias (Afesa) a los afectados por esta patolog\\u00eda y a su entorno. Varela ha realizado estas declaraciones durante la inauguraci\\u00f3n de los nuevos locales de esta organizaci\\u00f3n en Oviedo,\",\"inLanguage\":\"es-ES\",\"isPartOf\":{\"@id\":\"https:\\\/\\\/www.eldigitaldeasturias.com\\\/noticias\\\/#website\"},\"breadcrumb\":{\"@id\":\"https:\\\/\\\/www.eldigitaldeasturias.com\\\/noticias\\\/pilar-varela-asiste-a-la-inauguracion-de-los-nuevos-locales-de-afesa-en-oviedo\\\/#breadcrumblist\"},\"author\":{\"@id\":\"https:\\\/\\\/www.eldigitaldeasturias.com\\\/noticias\\\/author\\\/admin\\\/#author\"},\"creator\":{\"@id\":\"https:\\\/\\\/www.eldigitaldeasturias.com\\\/noticias\\\/author\\\/admin\\\/#author\"},\"image\":{\"@type\":\"ImageObject\",\"url\":\"https:\\\/\\\/www.eldigitaldeasturias.com\\\/noticias\\\/wp-content\\\/uploads\\\/2017\\\/01\\\/inauguracion-afesa.jpg\",\"@id\":\"https:\\\/\\\/www.eldigitaldeasturias.com\\\/noticias\\\/pilar-varela-asiste-a-la-inauguracion-de-los-nuevos-locales-de-afesa-en-oviedo\\\/#mainImage\",\"width\":1280,\"height\":617},\"primaryImageOfPage\":{\"@id\":\"https:\\\/\\\/www.eldigitaldeasturias.com\\\/noticias\\\/pilar-varela-asiste-a-la-inauguracion-de-los-nuevos-locales-de-afesa-en-oviedo\\\/#mainImage\"},\"datePublished\":\"2017-01-27T20:31:41+01:00\",\"dateModified\":\"2017-01-27T20:32:51+01:00\"},{\"@type\":\"WebSite\",\"@id\":\"https:\\\/\\\/www.eldigitaldeasturias.com\\\/noticias\\\/#website\",\"url\":\"https:\\\/\\\/www.eldigitaldeasturias.com\\\/noticias\\\/\",\"name\":\"El Digital de Asturias - Diario de actualidad y noticias\",\"alternateName\":\"El Digital de Asturias - Diario de actualidad y noticias\",\"description\":\"Hemeroteca\",\"inLanguage\":\"es-ES\",\"publisher\":{\"@id\":\"https:\\\/\\\/www.eldigitaldeasturias.com\\\/noticias\\\/#organization\"}}]}\n\t\t<\/script>\n\t\t<!-- All in One SEO Pro -->\r\n\t\t<title>Pilar Varela asiste a la inauguraci\u00f3n de los nuevos locales de AFESA en Oviedo - El Digital de Asturias<\/title>\n\n","aioseo_head_json":{"title":"Pilar Varela asiste a la inauguraci\u00f3n de los nuevos locales de AFESA en Oviedo - El Digital de Asturias","description":"La consejera de Servicios y Derechos Sociales, Pilar Varela, ha destacado hoy el apoyo que presta la Asociaci\u00f3n de Familiares y Personas con Enfermedad Mental de Asturias (Afesa) a los afectados por esta patolog\u00eda y a su entorno. Varela ha realizado estas declaraciones durante la inauguraci\u00f3n de los nuevos locales de esta organizaci\u00f3n en Oviedo,","canonical_url":"https:\/\/www.eldigitaldeasturias.com\/noticias\/pilar-varela-asiste-a-la-inauguracion-de-los-nuevos-locales-de-afesa-en-oviedo\/","robots":"max-image-preview:large","keywords":"destacadas","webmasterTools":{"google-site-verification":"UA-38556648-1","msvalidate.01":"7dfe9f3f1b24437ab69f4f2559babe99","miscellaneous":""},"schema":{"@context":"https:\/\/schema.org","@graph":[{"@type":"BlogPosting","@id":"https:\/\/www.eldigitaldeasturias.com\/noticias\/pilar-varela-asiste-a-la-inauguracion-de-los-nuevos-locales-de-afesa-en-oviedo\/#blogposting","name":"Pilar Varela asiste a la inauguraci\u00f3n de los nuevos locales de AFESA en Oviedo - El Digital de Asturias","headline":"Pilar Varela asiste a la inauguraci\u00f3n de los nuevos locales de AFESA en Oviedo","author":{"@id":"https:\/\/www.eldigitaldeasturias.com\/noticias\/author\/admin\/#author"},"publisher":{"@id":"https:\/\/www.eldigitaldeasturias.com\/noticias\/#organization"},"image":{"@type":"ImageObject","url":"https:\/\/www.eldigitaldeasturias.com\/noticias\/wp-content\/uploads\/2017\/01\/inauguracion-afesa.jpg","width":1280,"height":617},"datePublished":"2017-01-27T20:31:41+01:00","dateModified":"2017-01-27T20:32:51+01:00","inLanguage":"es-ES","mainEntityOfPage":{"@id":"https:\/\/www.eldigitaldeasturias.com\/noticias\/pilar-varela-asiste-a-la-inauguracion-de-los-nuevos-locales-de-afesa-en-oviedo\/#webpage"},"isPartOf":{"@id":"https:\/\/www.eldigitaldeasturias.com\/noticias\/pilar-varela-asiste-a-la-inauguracion-de-los-nuevos-locales-de-afesa-en-oviedo\/#webpage"},"articleSection":"Destacadas"},{"@type":"BreadcrumbList","@id":"https:\/\/www.eldigitaldeasturias.com\/noticias\/pilar-varela-asiste-a-la-inauguracion-de-los-nuevos-locales-de-afesa-en-oviedo\/#breadcrumblist","itemListElement":[{"@type":"ListItem","@id":"https:\/\/www.eldigitaldeasturias.com\/noticias#listItem","position":1,"name":"Home","item":"https:\/\/www.eldigitaldeasturias.com\/noticias","nextItem":{"@type":"ListItem","@id":"https:\/\/www.eldigitaldeasturias.com\/noticias\/category\/destacadas\/#listItem","name":"Destacadas"}},{"@type":"ListItem","@id":"https:\/\/www.eldigitaldeasturias.com\/noticias\/category\/destacadas\/#listItem","position":2,"name":"Destacadas","item":"https:\/\/www.eldigitaldeasturias.com\/noticias\/category\/destacadas\/","nextItem":{"@type":"ListItem","@id":"https:\/\/www.eldigitaldeasturias.com\/noticias\/pilar-varela-asiste-a-la-inauguracion-de-los-nuevos-locales-de-afesa-en-oviedo\/#listItem","name":"Pilar Varela asiste a la inauguraci\u00f3n de los nuevos locales de AFESA en Oviedo"},"previousItem":{"@type":"ListItem","@id":"https:\/\/www.eldigitaldeasturias.com\/noticias#listItem","name":"Home"}},{"@type":"ListItem","@id":"https:\/\/www.eldigitaldeasturias.com\/noticias\/pilar-varela-asiste-a-la-inauguracion-de-los-nuevos-locales-de-afesa-en-oviedo\/#listItem","position":3,"name":"Pilar Varela asiste a la inauguraci\u00f3n de los nuevos locales de AFESA en Oviedo","previousItem":{"@type":"ListItem","@id":"https:\/\/www.eldigitaldeasturias.com\/noticias\/category\/destacadas\/#listItem","name":"Destacadas"}}]},{"@type":"Organization","@id":"https:\/\/www.eldigitaldeasturias.com\/noticias\/#organization","name":"El Digital de Asturias","description":"Hemeroteca","url":"https:\/\/www.eldigitaldeasturias.com\/noticias\/","email":"info@eldigitaldeasturias.com","telephone":"+34652131393","logo":{"@type":"ImageObject","url":"https:\/\/www.eldigitaldeasturias.com\/noticias\/wp-content\/uploads\/2020\/12\/EDA.jpg","@id":"https:\/\/www.eldigitaldeasturias.com\/noticias\/pilar-varela-asiste-a-la-inauguracion-de-los-nuevos-locales-de-afesa-en-oviedo\/#organizationLogo","width":649,"height":297},"image":{"@id":"https:\/\/www.eldigitaldeasturias.com\/noticias\/pilar-varela-asiste-a-la-inauguracion-de-los-nuevos-locales-de-afesa-en-oviedo\/#organizationLogo"},"sameAs":["https:\/\/facebook.com\/eldigitaldeasturias","https:\/\/www.youtube.com\/channel\/UCZP-2wLEB9Rv6erhFmqVnvg"],"address":{"@id":"https:\/\/www.eldigitaldeasturias.com\/noticias\/#postaladdress","@type":"PostalAddress","streetAddress":"san antonio 4,","postalCode":"33430","addressLocality":"Cand\u00e1s","addressRegion":"Asturias","addressCountry":"ES"}},{"@type":"Person","@id":"https:\/\/www.eldigitaldeasturias.com\/noticias\/author\/admin\/#author","url":"https:\/\/www.eldigitaldeasturias.com\/noticias\/author\/admin\/","name":"El Digital de Asturias","image":{"@type":"ImageObject","@id":"https:\/\/www.eldigitaldeasturias.com\/noticias\/pilar-varela-asiste-a-la-inauguracion-de-los-nuevos-locales-de-afesa-en-oviedo\/#authorImage","url":"https:\/\/www.eldigitaldeasturias.com\/noticias\/wp-content\/litespeed\/avatar\/18677e78aa0546b92d9dbf31ec7d7668.jpg?ver=1777290358","width":96,"height":96,"caption":"El Digital de Asturias"}},{"@type":"WebPage","@id":"https:\/\/www.eldigitaldeasturias.com\/noticias\/pilar-varela-asiste-a-la-inauguracion-de-los-nuevos-locales-de-afesa-en-oviedo\/#webpage","url":"https:\/\/www.eldigitaldeasturias.com\/noticias\/pilar-varela-asiste-a-la-inauguracion-de-los-nuevos-locales-de-afesa-en-oviedo\/","name":"Pilar Varela asiste a la inauguraci\u00f3n de los nuevos locales de AFESA en Oviedo - El Digital de Asturias","description":"La consejera de Servicios y Derechos Sociales, Pilar Varela, ha destacado hoy el apoyo que presta la Asociaci\u00f3n de Familiares y Personas con Enfermedad Mental de Asturias (Afesa) a los afectados por esta patolog\u00eda y a su entorno. Varela ha realizado estas declaraciones durante la inauguraci\u00f3n de los nuevos locales de esta organizaci\u00f3n en Oviedo,","inLanguage":"es-ES","isPartOf":{"@id":"https:\/\/www.eldigitaldeasturias.com\/noticias\/#website"},"breadcrumb":{"@id":"https:\/\/www.eldigitaldeasturias.com\/noticias\/pilar-varela-asiste-a-la-inauguracion-de-los-nuevos-locales-de-afesa-en-oviedo\/#breadcrumblist"},"author":{"@id":"https:\/\/www.eldigitaldeasturias.com\/noticias\/author\/admin\/#author"},"creator":{"@id":"https:\/\/www.eldigitaldeasturias.com\/noticias\/author\/admin\/#author"},"image":{"@type":"ImageObject","url":"https:\/\/www.eldigitaldeasturias.com\/noticias\/wp-content\/uploads\/2017\/01\/inauguracion-afesa.jpg","@id":"https:\/\/www.eldigitaldeasturias.com\/noticias\/pilar-varela-asiste-a-la-inauguracion-de-los-nuevos-locales-de-afesa-en-oviedo\/#mainImage","width":1280,"height":617},"primaryImageOfPage":{"@id":"https:\/\/www.eldigitaldeasturias.com\/noticias\/pilar-varela-asiste-a-la-inauguracion-de-los-nuevos-locales-de-afesa-en-oviedo\/#mainImage"},"datePublished":"2017-01-27T20:31:41+01:00","dateModified":"2017-01-27T20:32:51+01:00"},{"@type":"WebSite","@id":"https:\/\/www.eldigitaldeasturias.com\/noticias\/#website","url":"https:\/\/www.eldigitaldeasturias.com\/noticias\/","name":"El Digital de Asturias - Diario de actualidad y noticias","alternateName":"El Digital de Asturias - Diario de actualidad y noticias","description":"Hemeroteca","inLanguage":"es-ES","publisher":{"@id":"https:\/\/www.eldigitaldeasturias.com\/noticias\/#organization"}}]},"og:locale":"es_ES","og:site_name":"El Digital de Asturias","og:type":"article","og:title":"Pilar Varela asiste a la inauguraci\u00f3n de los nuevos locales de AFESA en Oviedo - El Digital de Asturias","og:description":"La consejera de Servicios y Derechos Sociales, Pilar Varela, ha destacado hoy el apoyo que presta la Asociaci\u00f3n de Familiares y Personas con Enfermedad Mental de Asturias (Afesa) a los afectados por esta patolog\u00eda y a su entorno. Varela ha realizado estas declaraciones durante la inauguraci\u00f3n de los nuevos locales de esta organizaci\u00f3n en Oviedo,","og:url":"https:\/\/www.eldigitaldeasturias.com\/noticias\/pilar-varela-asiste-a-la-inauguracion-de-los-nuevos-locales-de-afesa-en-oviedo\/","og:image":"https:\/\/www.eldigitaldeasturias.com\/noticias\/wp-content\/uploads\/2017\/01\/inauguracion-afesa.jpg","og:image:secure_url":"https:\/\/www.eldigitaldeasturias.com\/noticias\/wp-content\/uploads\/2017\/01\/inauguracion-afesa.jpg","og:image:width":1280,"og:image:height":617,"article:tag":["destacadas"],"article:published_time":"2017-01-27T20:31:41+00:00","article:modified_time":"2017-01-27T20:32:51+00:00","article:publisher":"https:\/\/facebook.com\/eldigitaldeasturias","twitter:card":"summary_large_image","twitter:title":"Pilar Varela asiste a la inauguraci\u00f3n de los nuevos locales de AFESA en Oviedo - El Digital de Asturias","twitter:description":"La consejera de Servicios y Derechos Sociales, Pilar Varela, ha destacado hoy el apoyo que presta la Asociaci\u00f3n de Familiares y Personas con Enfermedad Mental de Asturias (Afesa) a los afectados por esta patolog\u00eda y a su entorno. Varela ha realizado estas declaraciones durante la inauguraci\u00f3n de los nuevos locales de esta organizaci\u00f3n en Oviedo,","twitter:image":"https:\/\/www.eldigitaldeasturias.com\/noticias\/wp-content\/uploads\/2017\/01\/inauguracion-afesa.jpg","twitter:label1":"Escrito por","twitter:data1":"El Digital de Asturias","twitter:label2":"Tiempo de lectura estimado","twitter:data2":"1 minuto"},"aioseo_meta_data":{"post_id":"923889","title":null,"description":null,"keywords":null,"keyphrases":null,"primary_term":null,"canonical_url":null,"og_title":null,"og_description":null,"og_object_type":"default","og_image_type":"default","og_image_url":null,"og_image_width":null,"og_image_height":null,"og_image_custom_url":null,"og_image_custom_fields":null,"og_video":null,"og_custom_url":null,"og_article_section":null,"og_article_tags":null,"twitter_use_og":false,"twitter_card":"default","twitter_image_type":"default","twitter_image_url":null,"twitter_image_custom_url":null,"twitter_image_custom_fields":null,"twitter_title":null,"twitter_description":null,"schema":{"blockGraphs":[],"customGraphs":[],"default":{"data":{"Article":[],"Course":[],"Dataset":[],"FAQPage":[],"Movie":[],"Person":[],"Product":[],"ProductReview":[],"Car":[],"Recipe":[],"Service":[],"SoftwareApplication":[],"WebPage":[]},"graphName":"","isEnabled":true},"graphs":[],"defaultGraph":"","defaultPostTypeGraph":""},"schema_type":null,"schema_type_options":null,"pillar_content":false,"robots_default":true,"robots_noindex":false,"robots_noarchive":false,"robots_nosnippet":false,"robots_nofollow":false,"robots_noimageindex":false,"robots_noodp":false,"robots_notranslate":false,"robots_max_snippet":null,"robots_max_videopreview":null,"robots_max_imagepreview":"large","priority":null,"frequency":null,"local_seo":null,"seo_analyzer_scan_date":"2025-12-02 22:07:09","breadcrumb_settings":null,"limit_modified_date":false,"open_ai":null,"ai":null,"created":"2020-12-21 13:40:38","updated":"2025-12-02 22:07:09"},"aioseo_breadcrumb":"<div class=\"aioseo-breadcrumbs\"><span class=\"aioseo-breadcrumb\">\n\t<a href=\"https:\/\/www.eldigitaldeasturias.com\/noticias\" title=\"Home\">Home<\/a>\n<\/span><span class=\"aioseo-breadcrumb-separator\">\u2013<\/span><span class=\"aioseo-breadcrumb\">\n\t<a href=\"https:\/\/www.eldigitaldeasturias.com\/noticias\/category\/destacadas\/\" title=\"Destacadas\">Destacadas<\/a>\n<\/span><span class=\"aioseo-breadcrumb-separator\">\u2013<\/span><span class=\"aioseo-breadcrumb\">\n\t<a href=\"https:\/\/www.eldigitaldeasturias.com\/noticias\/pilar-varela-asiste-a-la-inauguracion-de-los-nuevos-locales-de-afesa-en-oviedo\/\" title=\"Pilar Varela asiste a la inauguraci\u00f3n de los nuevos locales de AFESA en Oviedo\">Pilar Varela asiste a la inauguraci\u00f3n de los nuevos locales de AFESA en Oviedo<\/a>\n<\/span><\/div>","aioseo_breadcrumb_json":[{"label":"Home","link":"https:\/\/www.eldigitaldeasturias.com\/noticias"},{"label":"Destacadas","link":"https:\/\/www.eldigitaldeasturias.com\/noticias\/category\/destacadas\/"},{"label":"Pilar Varela asiste a la inauguraci\u00f3n de los nuevos locales de AFESA en Oviedo","link":"https:\/\/www.eldigitaldeasturias.com\/noticias\/pilar-varela-asiste-a-la-inauguracion-de-los-nuevos-locales-de-afesa-en-oviedo\/"}],"_links":{"self":[{"href":"https:\/\/www.eldigitaldeasturias.com\/noticias\/wp-json\/wp\/v2\/posts\/923889","targetHints":{"allow":["GET"]}}],"collection":[{"href":"https:\/\/www.eldigitaldeasturias.com\/noticias\/wp-json\/wp\/v2\/posts"}],"about":[{"href":"https:\/\/www.eldigitaldeasturias.com\/noticias\/wp-json\/wp\/v2\/types\/post"}],"author":[{"embeddable":true,"href":"https:\/\/www.eldigitaldeasturias.com\/noticias\/wp-json\/wp\/v2\/users\/1"}],"replies":[{"embeddable":true,"href":"https:\/\/www.eldigitaldeasturias.com\/noticias\/wp-json\/wp\/v2\/comments?post=923889"}],"version-history":[{"count":0,"href":"https:\/\/www.eldigitaldeasturias.com\/noticias\/wp-json\/wp\/v2\/posts\/923889\/revisions"}],"wp:featuredmedia":[{"embeddable":true,"href":"https:\/\/www.eldigitaldeasturias.com\/noticias\/wp-json\/wp\/v2\/media\/923890"}],"wp:attachment":[{"href":"https:\/\/www.eldigitaldeasturias.com\/noticias\/wp-json\/wp\/v2\/media?parent=923889"}],"wp:term":[{"taxonomy":"category","embeddable":true,"href":"https:\/\/www.eldigitaldeasturias.com\/noticias\/wp-json\/wp\/v2\/categories?post=923889"},{"taxonomy":"post_tag","embeddable":true,"href":"https:\/\/www.eldigitaldeasturias.com\/noticias\/wp-json\/wp\/v2\/tags?post=923889"}],"curies":[{"name":"wp","href":"https:\/\/api.w.org\/{rel}","templated":true}]}}