{"id":923848,"date":"2017-01-27T17:03:29","date_gmt":"2017-01-27T17:03:29","guid":{"rendered":"http:\/\/www.eldigitaldeasturias.com\/noticias\/?p=923848"},"modified":"2017-01-27T17:05:33","modified_gmt":"2017-01-27T17:05:33","slug":"iu-de-asturias-pide-un-plan-de-choque-socioeconomico-para-las-comarcas-mineras","status":"publish","type":"post","link":"https:\/\/www.eldigitaldeasturias.com\/noticias\/iu-de-asturias-pide-un-plan-de-choque-socioeconomico-para-las-comarcas-mineras\/","title":{"rendered":"IU de Asturias pide un plan de choque socioecon\u00f3mico para las comarcas mineras"},"content":{"rendered":"<p><strong><img loading=\"lazy\" decoding=\"async\" class=\"alignleft size-medium wp-image-923849\" src=\"https:\/\/www.eldigitaldeasturias.com\/noticias\/wp-content\/uploads\/2017\/01\/IU-Asturias-Comarcas-360x207.jpg\" alt=\"\" width=\"360\" height=\"207\" srcset=\"https:\/\/www.eldigitaldeasturias.com\/noticias\/wp-content\/uploads\/2017\/01\/IU-Asturias-Comarcas-360x207.jpg 360w, https:\/\/www.eldigitaldeasturias.com\/noticias\/wp-content\/uploads\/2017\/01\/IU-Asturias-Comarcas-768x441.jpg 768w, https:\/\/www.eldigitaldeasturias.com\/noticias\/wp-content\/uploads\/2017\/01\/IU-Asturias-Comarcas-650x374.jpg 650w, https:\/\/www.eldigitaldeasturias.com\/noticias\/wp-content\/uploads\/2017\/01\/IU-Asturias-Comarcas-172x100.jpg 172w, https:\/\/www.eldigitaldeasturias.com\/noticias\/wp-content\/uploads\/2017\/01\/IU-Asturias-Comarcas.jpg 1072w\" sizes=\"auto, (max-width: 360px) 100vw, 360px\" \/>IU de Asturias<\/strong> demanda un plan de choque socioecon\u00f3mico de reactivaci\u00f3n para las comarcas mineras asturianas financiado por la comunidad aut\u00f3noma. La coalici\u00f3n present\u00f3 p\u00fablicamente la <strong>Proposici\u00f3n No de Ley<\/strong> que defender\u00e1 en el parlamento asturiano y en los municipios mineros en la que insta no solo a defender el carb\u00f3n aut\u00f3ctono como reserva estrat\u00e9gica y dentro del mix energ\u00e9tico nacional, sino a establecer por parte del ejecutivo auton\u00f3mico medidas concretas en un plazo de dos a\u00f1os para frenar el desplome de las comarcas as\u00ed como establecer una agencia de evaluaci\u00f3n p\u00fablica que verifique el uso de los fondos destinados al final del periodo mencionado.<\/p>\n<p>IU pone el acento en el desarrollo econ\u00f3mico y la <strong>generaci\u00f3n de empleo<\/strong>, la fijaci\u00f3n de poblaci\u00f3n, el impulso de un sistema de transporte p\u00fablico intermodal eficiente, la protecci\u00f3n del medio ambiente y puesta en valor de los recursos naturales, as\u00ed como en la modernizaci\u00f3n de los equipamientos p\u00fablicos y el refuerzo de los servicios p\u00fablicos; todo ello comprometiendo los recursos econ\u00f3micos necesarios para complementar las ayudas del Estado a la reactivaci\u00f3n de las comarcas mineras, de manera que no se pierdan recursos en beneficio de las comarcas, y exigiendo al Gobierno central que desarrolle una pol\u00edtica verdadera comprometida con la miner\u00eda y con el carb\u00f3n aut\u00f3ctono, aprobando asimismo un plan de reactivaci\u00f3n de las comarcas mineras realmente ambicioso y suficientemente dotado, que sustituya a los t\u00edmidos planes que ha puesto en marcha en el \u00faltimo periodo.<\/p>\n<p><strong>Gaspar Llamazares<\/strong>, que present\u00f3 esta exigencia junto a <strong>Ram\u00f3n Arg\u00fcelles<\/strong> y los <strong>alcaldes y alcaldesas de Mieres, Langreo, Riosa y Teverga<\/strong>, la argument\u00f3 por el grado de deterioro que sufren las comarcas mineras y ante la pasividad del Gobierno auton\u00f3mico. Llamazares reconoci\u00f3 que el Gobierno central incumple con las Cuencas pero que el Gobierno asturiano act\u00faa con pasividad, cuando no con discriminaci\u00f3n a los gobiernos de IU y otras fuerzas pol\u00edticas. El portavoz de IU tambi\u00e9n denunci\u00f3 la falta de informaci\u00f3n y dilaci\u00f3n de los proyectos y los convenios que se acogen al real decreto del Gobierno central para las comarcas mineras. IU tambi\u00e9n plantea la necesidad de un marco de negociaci\u00f3n que d\u00e9 lugar a la reactivaci\u00f3n de las comarcas para que se frene su deterioro. \u201cEs una llamada de atenci\u00f3n de IU para la reactivaci\u00f3n y el cambio de actitud y el compromiso\u201d, resumi\u00f3 el portavoz de IU.<\/p>\n<p>Ram\u00f3n Arg\u00fcelles, coordinador general de IU, record\u00f3 la deuda de la sociedad asturiana y espa\u00f1ola con las comarcas mineras, ya que su industrializaci\u00f3n sirvi\u00f3 para generar tejido econ\u00f3mico pero fue tambi\u00e9n a cambio de vidas, contaminaci\u00f3n o paisajes destrozados. Con la crisis de la miner\u00eda y despu\u00e9s con los proyectos de reestructuraci\u00f3n, que fueron insuficientes, hicieron que sean una de las zonas de Asturias m\u00e1s afectadas por la despoblaci\u00f3n, a juicio de Arg\u00fcelles. \u201cNo se entiende el futuro de Asturias sin el futuro de las Cuencas\u201d, advirti\u00f3 Arg\u00fcelles. Arg\u00fcelles pidi\u00f3 el apoyo a esta iniciativa parlamentaria de todos los grupos para devolver \u201cla generosidad que tuvieron las Cuencas con Asturias y el resto del pa\u00eds\u201d. Ser\u00eda, a su juicio, \u201cun acto de justicia\u201d.<\/p>\n<p>Anibal V\u00e1zquez, alcalde de Mieres, exigi\u00f3 que el Gobierno asturiano firme ya los convenios de reactivaci\u00f3n presentados por los ayuntamientos para luego firmar con el Ministerio y agilizar toda la tramitaci\u00f3n `por que estos fondos, 250 millones de euros, terminan a finales de 2018, tal como ya hizo la comunidad de Castilla y Le\u00f3n. Adem\u00e1s, advirti\u00f3 que los alcaldes desconocen los proyectos presentados por la propia comunidad aut\u00f3noma. \u201cLos territorios mineros siguen hundi\u00e9ndose, perdiendo poblaci\u00f3n porque no hay trabajo y no pueden comer\u201d, asegur\u00f3 el alcalde de IU. En el mismo sentido, pidi\u00f3 al Gobierno asturiano que deje de mirar para otro lado y se \u201cponga las pilas\u201d. Puso como ejemplo el Gobierno de Castilla y Le\u00f3n que tiene un plan de reactivaci\u00f3n propio dotado con 20 millones de euros.<\/p>\n<p>V\u00e1zquez tambi\u00e9n record\u00f3 que el carb\u00f3n aut\u00f3ctono representa la seguridad en el abastecimiento el\u00e9ctrico, adem\u00e1s de que en estos momentos ser m\u00e1s barato que el carb\u00f3n de importaci\u00f3n que se encuentra a 87 euros la tonelada. \u201cIU y los sindicatos pedimos siempre una reserva estrat\u00e9gica de carb\u00f3n cuando Espa\u00f1a depende el 70% del exterior\u201d, advirti\u00f3. \u201cTenemos que seguir peleando porque tenemos raz\u00f3n\u201d, concluy\u00f3 el alcalde de Mieres.<\/p>\n<p>&nbsp;<\/p>\n<p>&nbsp;<\/p>\n","protected":false},"excerpt":{"rendered":"<p>IU de Asturias demanda un plan de choque socioecon\u00f3mico de reactivaci\u00f3n para las comarcas mineras asturianas financiado por la comunidad aut\u00f3noma. La coalici\u00f3n present\u00f3 p\u00fablicamente la Proposici\u00f3n No de Ley que defender\u00e1 en el parlamento asturiano y en los municipios mineros en la que insta no solo a defender el carb\u00f3n aut\u00f3ctono como reserva estrat\u00e9gica [&hellip;]<\/p>\n","protected":false},"author":1,"featured_media":923849,"comment_status":"closed","ping_status":"closed","sticky":false,"template":"","format":"standard","meta":{"footnotes":""},"categories":[141],"tags":[],"class_list":["post-923848","post","type-post","status-publish","format-standard","has-post-thumbnail","hentry","category-destacadas"],"aioseo_notices":[],"aioseo_head":"\n\t\t<!-- All in One SEO Pro 4.9.6.2 - aioseo.com -->\n\t<meta name=\"description\" content=\"IU de Asturias demanda un plan de choque socioecon\u00f3mico de reactivaci\u00f3n para las comarcas mineras asturianas financiado por la comunidad aut\u00f3noma. La coalici\u00f3n present\u00f3 p\u00fablicamente la Proposici\u00f3n No de Ley que defender\u00e1 en el parlamento asturiano y en los municipios mineros en la que insta no solo a defender el carb\u00f3n aut\u00f3ctono como reserva estrat\u00e9gica\" \/>\n\t<meta name=\"robots\" content=\"max-image-preview:large\" \/>\n\t<meta name=\"author\" content=\"El Digital de Asturias\"\/>\n\t<meta name=\"google-site-verification\" content=\"UA-38556648-1\" \/>\n\t<meta name=\"msvalidate.01\" content=\"7dfe9f3f1b24437ab69f4f2559babe99\" \/>\n\t<meta name=\"keywords\" content=\"destacadas\" \/>\n\t<link rel=\"canonical\" href=\"https:\/\/www.eldigitaldeasturias.com\/noticias\/iu-de-asturias-pide-un-plan-de-choque-socioeconomico-para-las-comarcas-mineras\/\" \/>\n\t<meta name=\"generator\" content=\"All in One SEO Pro (AIOSEO) 4.9.6.2\" \/>\n\t\t<meta property=\"og:locale\" content=\"es_ES\" \/>\n\t\t<meta property=\"og:site_name\" content=\"El Digital de Asturias\" \/>\n\t\t<meta property=\"og:type\" content=\"article\" \/>\n\t\t<meta property=\"og:title\" content=\"IU de Asturias pide un plan de choque socioecon\u00f3mico para las comarcas mineras - El Digital de Asturias\" \/>\n\t\t<meta property=\"og:description\" content=\"IU de Asturias demanda un plan de choque socioecon\u00f3mico de reactivaci\u00f3n para las comarcas mineras asturianas financiado por la comunidad aut\u00f3noma. La coalici\u00f3n present\u00f3 p\u00fablicamente la Proposici\u00f3n No de Ley que defender\u00e1 en el parlamento asturiano y en los municipios mineros en la que insta no solo a defender el carb\u00f3n aut\u00f3ctono como reserva estrat\u00e9gica\" \/>\n\t\t<meta property=\"og:url\" content=\"https:\/\/www.eldigitaldeasturias.com\/noticias\/iu-de-asturias-pide-un-plan-de-choque-socioeconomico-para-las-comarcas-mineras\/\" \/>\n\t\t<meta property=\"og:image\" content=\"https:\/\/www.eldigitaldeasturias.com\/noticias\/wp-content\/uploads\/2017\/01\/IU-Asturias-Comarcas.jpg\" \/>\n\t\t<meta property=\"og:image:secure_url\" content=\"https:\/\/www.eldigitaldeasturias.com\/noticias\/wp-content\/uploads\/2017\/01\/IU-Asturias-Comarcas.jpg\" \/>\n\t\t<meta property=\"og:image:width\" content=\"1072\" \/>\n\t\t<meta property=\"og:image:height\" content=\"616\" \/>\n\t\t<meta property=\"article:tag\" content=\"destacadas\" \/>\n\t\t<meta property=\"article:published_time\" content=\"2017-01-27T17:03:29+00:00\" \/>\n\t\t<meta property=\"article:modified_time\" content=\"2017-01-27T17:05:33+00:00\" \/>\n\t\t<meta property=\"article:publisher\" content=\"https:\/\/facebook.com\/eldigitaldeasturias\" \/>\n\t\t<meta name=\"twitter:card\" content=\"summary_large_image\" \/>\n\t\t<meta name=\"twitter:title\" content=\"IU de Asturias pide un plan de choque socioecon\u00f3mico para las comarcas mineras - El Digital de Asturias\" \/>\n\t\t<meta name=\"twitter:description\" content=\"IU de Asturias demanda un plan de choque socioecon\u00f3mico de reactivaci\u00f3n para las comarcas mineras asturianas financiado por la comunidad aut\u00f3noma. La coalici\u00f3n present\u00f3 p\u00fablicamente la Proposici\u00f3n No de Ley que defender\u00e1 en el parlamento asturiano y en los municipios mineros en la que insta no solo a defender el carb\u00f3n aut\u00f3ctono como reserva estrat\u00e9gica\" \/>\n\t\t<meta name=\"twitter:image\" content=\"https:\/\/www.eldigitaldeasturias.com\/noticias\/wp-content\/uploads\/2017\/01\/IU-Asturias-Comarcas.jpg\" \/>\n\t\t<meta name=\"twitter:label1\" content=\"Escrito por\" \/>\n\t\t<meta name=\"twitter:data1\" content=\"El Digital de Asturias\" \/>\n\t\t<meta name=\"twitter:label2\" content=\"Tiempo de lectura estimado\" \/>\n\t\t<meta name=\"twitter:data2\" content=\"4 minutos\" \/>\n\t\t<script type=\"application\/ld+json\" class=\"aioseo-schema\">\n\t\t\t{\"@context\":\"https:\\\/\\\/schema.org\",\"@graph\":[{\"@type\":\"BlogPosting\",\"@id\":\"https:\\\/\\\/www.eldigitaldeasturias.com\\\/noticias\\\/iu-de-asturias-pide-un-plan-de-choque-socioeconomico-para-las-comarcas-mineras\\\/#blogposting\",\"name\":\"IU de Asturias pide un plan de choque socioecon\\u00f3mico para las comarcas mineras - El Digital de Asturias\",\"headline\":\"IU de Asturias pide un plan de choque socioecon\\u00f3mico para las comarcas mineras\",\"author\":{\"@id\":\"https:\\\/\\\/www.eldigitaldeasturias.com\\\/noticias\\\/author\\\/admin\\\/#author\"},\"publisher\":{\"@id\":\"https:\\\/\\\/www.eldigitaldeasturias.com\\\/noticias\\\/#organization\"},\"image\":{\"@type\":\"ImageObject\",\"url\":\"https:\\\/\\\/www.eldigitaldeasturias.com\\\/noticias\\\/wp-content\\\/uploads\\\/2017\\\/01\\\/IU-Asturias-Comarcas.jpg\",\"width\":1072,\"height\":616},\"datePublished\":\"2017-01-27T17:03:29+01:00\",\"dateModified\":\"2017-01-27T17:05:33+01:00\",\"inLanguage\":\"es-ES\",\"mainEntityOfPage\":{\"@id\":\"https:\\\/\\\/www.eldigitaldeasturias.com\\\/noticias\\\/iu-de-asturias-pide-un-plan-de-choque-socioeconomico-para-las-comarcas-mineras\\\/#webpage\"},\"isPartOf\":{\"@id\":\"https:\\\/\\\/www.eldigitaldeasturias.com\\\/noticias\\\/iu-de-asturias-pide-un-plan-de-choque-socioeconomico-para-las-comarcas-mineras\\\/#webpage\"},\"articleSection\":\"Destacadas\"},{\"@type\":\"BreadcrumbList\",\"@id\":\"https:\\\/\\\/www.eldigitaldeasturias.com\\\/noticias\\\/iu-de-asturias-pide-un-plan-de-choque-socioeconomico-para-las-comarcas-mineras\\\/#breadcrumblist\",\"itemListElement\":[{\"@type\":\"ListItem\",\"@id\":\"https:\\\/\\\/www.eldigitaldeasturias.com\\\/noticias#listItem\",\"position\":1,\"name\":\"Home\",\"item\":\"https:\\\/\\\/www.eldigitaldeasturias.com\\\/noticias\",\"nextItem\":{\"@type\":\"ListItem\",\"@id\":\"https:\\\/\\\/www.eldigitaldeasturias.com\\\/noticias\\\/category\\\/destacadas\\\/#listItem\",\"name\":\"Destacadas\"}},{\"@type\":\"ListItem\",\"@id\":\"https:\\\/\\\/www.eldigitaldeasturias.com\\\/noticias\\\/category\\\/destacadas\\\/#listItem\",\"position\":2,\"name\":\"Destacadas\",\"item\":\"https:\\\/\\\/www.eldigitaldeasturias.com\\\/noticias\\\/category\\\/destacadas\\\/\",\"nextItem\":{\"@type\":\"ListItem\",\"@id\":\"https:\\\/\\\/www.eldigitaldeasturias.com\\\/noticias\\\/iu-de-asturias-pide-un-plan-de-choque-socioeconomico-para-las-comarcas-mineras\\\/#listItem\",\"name\":\"IU de Asturias pide un plan de choque socioecon\\u00f3mico para las comarcas mineras\"},\"previousItem\":{\"@type\":\"ListItem\",\"@id\":\"https:\\\/\\\/www.eldigitaldeasturias.com\\\/noticias#listItem\",\"name\":\"Home\"}},{\"@type\":\"ListItem\",\"@id\":\"https:\\\/\\\/www.eldigitaldeasturias.com\\\/noticias\\\/iu-de-asturias-pide-un-plan-de-choque-socioeconomico-para-las-comarcas-mineras\\\/#listItem\",\"position\":3,\"name\":\"IU de Asturias pide un plan de choque socioecon\\u00f3mico para las comarcas mineras\",\"previousItem\":{\"@type\":\"ListItem\",\"@id\":\"https:\\\/\\\/www.eldigitaldeasturias.com\\\/noticias\\\/category\\\/destacadas\\\/#listItem\",\"name\":\"Destacadas\"}}]},{\"@type\":\"Organization\",\"@id\":\"https:\\\/\\\/www.eldigitaldeasturias.com\\\/noticias\\\/#organization\",\"name\":\"El Digital de Asturias\",\"description\":\"Hemeroteca\",\"url\":\"https:\\\/\\\/www.eldigitaldeasturias.com\\\/noticias\\\/\",\"email\":\"info@eldigitaldeasturias.com\",\"telephone\":\"+34652131393\",\"logo\":{\"@type\":\"ImageObject\",\"url\":\"https:\\\/\\\/www.eldigitaldeasturias.com\\\/noticias\\\/wp-content\\\/uploads\\\/2020\\\/12\\\/EDA.jpg\",\"@id\":\"https:\\\/\\\/www.eldigitaldeasturias.com\\\/noticias\\\/iu-de-asturias-pide-un-plan-de-choque-socioeconomico-para-las-comarcas-mineras\\\/#organizationLogo\",\"width\":649,\"height\":297},\"image\":{\"@id\":\"https:\\\/\\\/www.eldigitaldeasturias.com\\\/noticias\\\/iu-de-asturias-pide-un-plan-de-choque-socioeconomico-para-las-comarcas-mineras\\\/#organizationLogo\"},\"sameAs\":[\"https:\\\/\\\/facebook.com\\\/eldigitaldeasturias\",\"https:\\\/\\\/www.youtube.com\\\/channel\\\/UCZP-2wLEB9Rv6erhFmqVnvg\"],\"address\":{\"@id\":\"https:\\\/\\\/www.eldigitaldeasturias.com\\\/noticias\\\/#postaladdress\",\"@type\":\"PostalAddress\",\"streetAddress\":\"san antonio 4,\",\"postalCode\":\"33430\",\"addressLocality\":\"Cand\\u00e1s\",\"addressRegion\":\"Asturias\",\"addressCountry\":\"ES\"}},{\"@type\":\"Person\",\"@id\":\"https:\\\/\\\/www.eldigitaldeasturias.com\\\/noticias\\\/author\\\/admin\\\/#author\",\"url\":\"https:\\\/\\\/www.eldigitaldeasturias.com\\\/noticias\\\/author\\\/admin\\\/\",\"name\":\"El Digital de Asturias\",\"image\":{\"@type\":\"ImageObject\",\"@id\":\"https:\\\/\\\/www.eldigitaldeasturias.com\\\/noticias\\\/iu-de-asturias-pide-un-plan-de-choque-socioeconomico-para-las-comarcas-mineras\\\/#authorImage\",\"url\":\"https:\\\/\\\/www.eldigitaldeasturias.com\\\/noticias\\\/wp-content\\\/litespeed\\\/avatar\\\/18677e78aa0546b92d9dbf31ec7d7668.jpg?ver=1777290358\",\"width\":96,\"height\":96,\"caption\":\"El Digital de Asturias\"}},{\"@type\":\"WebPage\",\"@id\":\"https:\\\/\\\/www.eldigitaldeasturias.com\\\/noticias\\\/iu-de-asturias-pide-un-plan-de-choque-socioeconomico-para-las-comarcas-mineras\\\/#webpage\",\"url\":\"https:\\\/\\\/www.eldigitaldeasturias.com\\\/noticias\\\/iu-de-asturias-pide-un-plan-de-choque-socioeconomico-para-las-comarcas-mineras\\\/\",\"name\":\"IU de Asturias pide un plan de choque socioecon\\u00f3mico para las comarcas mineras - El Digital de Asturias\",\"description\":\"IU de Asturias demanda un plan de choque socioecon\\u00f3mico de reactivaci\\u00f3n para las comarcas mineras asturianas financiado por la comunidad aut\\u00f3noma. La coalici\\u00f3n present\\u00f3 p\\u00fablicamente la Proposici\\u00f3n No de Ley que defender\\u00e1 en el parlamento asturiano y en los municipios mineros en la que insta no solo a defender el carb\\u00f3n aut\\u00f3ctono como reserva estrat\\u00e9gica\",\"inLanguage\":\"es-ES\",\"isPartOf\":{\"@id\":\"https:\\\/\\\/www.eldigitaldeasturias.com\\\/noticias\\\/#website\"},\"breadcrumb\":{\"@id\":\"https:\\\/\\\/www.eldigitaldeasturias.com\\\/noticias\\\/iu-de-asturias-pide-un-plan-de-choque-socioeconomico-para-las-comarcas-mineras\\\/#breadcrumblist\"},\"author\":{\"@id\":\"https:\\\/\\\/www.eldigitaldeasturias.com\\\/noticias\\\/author\\\/admin\\\/#author\"},\"creator\":{\"@id\":\"https:\\\/\\\/www.eldigitaldeasturias.com\\\/noticias\\\/author\\\/admin\\\/#author\"},\"image\":{\"@type\":\"ImageObject\",\"url\":\"https:\\\/\\\/www.eldigitaldeasturias.com\\\/noticias\\\/wp-content\\\/uploads\\\/2017\\\/01\\\/IU-Asturias-Comarcas.jpg\",\"@id\":\"https:\\\/\\\/www.eldigitaldeasturias.com\\\/noticias\\\/iu-de-asturias-pide-un-plan-de-choque-socioeconomico-para-las-comarcas-mineras\\\/#mainImage\",\"width\":1072,\"height\":616},\"primaryImageOfPage\":{\"@id\":\"https:\\\/\\\/www.eldigitaldeasturias.com\\\/noticias\\\/iu-de-asturias-pide-un-plan-de-choque-socioeconomico-para-las-comarcas-mineras\\\/#mainImage\"},\"datePublished\":\"2017-01-27T17:03:29+01:00\",\"dateModified\":\"2017-01-27T17:05:33+01:00\"},{\"@type\":\"WebSite\",\"@id\":\"https:\\\/\\\/www.eldigitaldeasturias.com\\\/noticias\\\/#website\",\"url\":\"https:\\\/\\\/www.eldigitaldeasturias.com\\\/noticias\\\/\",\"name\":\"El Digital de Asturias - Diario de actualidad y noticias\",\"alternateName\":\"El Digital de Asturias - Diario de actualidad y noticias\",\"description\":\"Hemeroteca\",\"inLanguage\":\"es-ES\",\"publisher\":{\"@id\":\"https:\\\/\\\/www.eldigitaldeasturias.com\\\/noticias\\\/#organization\"}}]}\n\t\t<\/script>\n\t\t<!-- All in One SEO Pro -->\r\n\t\t<title>IU de Asturias pide un plan de choque socioecon\u00f3mico para las comarcas mineras - El Digital de Asturias<\/title>\n\n","aioseo_head_json":{"title":"IU de Asturias pide un plan de choque socioecon\u00f3mico para las comarcas mineras - El Digital de Asturias","description":"IU de Asturias demanda un plan de choque socioecon\u00f3mico de reactivaci\u00f3n para las comarcas mineras asturianas financiado por la comunidad aut\u00f3noma. La coalici\u00f3n present\u00f3 p\u00fablicamente la Proposici\u00f3n No de Ley que defender\u00e1 en el parlamento asturiano y en los municipios mineros en la que insta no solo a defender el carb\u00f3n aut\u00f3ctono como reserva estrat\u00e9gica","canonical_url":"https:\/\/www.eldigitaldeasturias.com\/noticias\/iu-de-asturias-pide-un-plan-de-choque-socioeconomico-para-las-comarcas-mineras\/","robots":"max-image-preview:large","keywords":"destacadas","webmasterTools":{"google-site-verification":"UA-38556648-1","msvalidate.01":"7dfe9f3f1b24437ab69f4f2559babe99","miscellaneous":""},"schema":{"@context":"https:\/\/schema.org","@graph":[{"@type":"BlogPosting","@id":"https:\/\/www.eldigitaldeasturias.com\/noticias\/iu-de-asturias-pide-un-plan-de-choque-socioeconomico-para-las-comarcas-mineras\/#blogposting","name":"IU de Asturias pide un plan de choque socioecon\u00f3mico para las comarcas mineras - El Digital de Asturias","headline":"IU de Asturias pide un plan de choque socioecon\u00f3mico para las comarcas mineras","author":{"@id":"https:\/\/www.eldigitaldeasturias.com\/noticias\/author\/admin\/#author"},"publisher":{"@id":"https:\/\/www.eldigitaldeasturias.com\/noticias\/#organization"},"image":{"@type":"ImageObject","url":"https:\/\/www.eldigitaldeasturias.com\/noticias\/wp-content\/uploads\/2017\/01\/IU-Asturias-Comarcas.jpg","width":1072,"height":616},"datePublished":"2017-01-27T17:03:29+01:00","dateModified":"2017-01-27T17:05:33+01:00","inLanguage":"es-ES","mainEntityOfPage":{"@id":"https:\/\/www.eldigitaldeasturias.com\/noticias\/iu-de-asturias-pide-un-plan-de-choque-socioeconomico-para-las-comarcas-mineras\/#webpage"},"isPartOf":{"@id":"https:\/\/www.eldigitaldeasturias.com\/noticias\/iu-de-asturias-pide-un-plan-de-choque-socioeconomico-para-las-comarcas-mineras\/#webpage"},"articleSection":"Destacadas"},{"@type":"BreadcrumbList","@id":"https:\/\/www.eldigitaldeasturias.com\/noticias\/iu-de-asturias-pide-un-plan-de-choque-socioeconomico-para-las-comarcas-mineras\/#breadcrumblist","itemListElement":[{"@type":"ListItem","@id":"https:\/\/www.eldigitaldeasturias.com\/noticias#listItem","position":1,"name":"Home","item":"https:\/\/www.eldigitaldeasturias.com\/noticias","nextItem":{"@type":"ListItem","@id":"https:\/\/www.eldigitaldeasturias.com\/noticias\/category\/destacadas\/#listItem","name":"Destacadas"}},{"@type":"ListItem","@id":"https:\/\/www.eldigitaldeasturias.com\/noticias\/category\/destacadas\/#listItem","position":2,"name":"Destacadas","item":"https:\/\/www.eldigitaldeasturias.com\/noticias\/category\/destacadas\/","nextItem":{"@type":"ListItem","@id":"https:\/\/www.eldigitaldeasturias.com\/noticias\/iu-de-asturias-pide-un-plan-de-choque-socioeconomico-para-las-comarcas-mineras\/#listItem","name":"IU de Asturias pide un plan de choque socioecon\u00f3mico para las comarcas mineras"},"previousItem":{"@type":"ListItem","@id":"https:\/\/www.eldigitaldeasturias.com\/noticias#listItem","name":"Home"}},{"@type":"ListItem","@id":"https:\/\/www.eldigitaldeasturias.com\/noticias\/iu-de-asturias-pide-un-plan-de-choque-socioeconomico-para-las-comarcas-mineras\/#listItem","position":3,"name":"IU de Asturias pide un plan de choque socioecon\u00f3mico para las comarcas mineras","previousItem":{"@type":"ListItem","@id":"https:\/\/www.eldigitaldeasturias.com\/noticias\/category\/destacadas\/#listItem","name":"Destacadas"}}]},{"@type":"Organization","@id":"https:\/\/www.eldigitaldeasturias.com\/noticias\/#organization","name":"El Digital de Asturias","description":"Hemeroteca","url":"https:\/\/www.eldigitaldeasturias.com\/noticias\/","email":"info@eldigitaldeasturias.com","telephone":"+34652131393","logo":{"@type":"ImageObject","url":"https:\/\/www.eldigitaldeasturias.com\/noticias\/wp-content\/uploads\/2020\/12\/EDA.jpg","@id":"https:\/\/www.eldigitaldeasturias.com\/noticias\/iu-de-asturias-pide-un-plan-de-choque-socioeconomico-para-las-comarcas-mineras\/#organizationLogo","width":649,"height":297},"image":{"@id":"https:\/\/www.eldigitaldeasturias.com\/noticias\/iu-de-asturias-pide-un-plan-de-choque-socioeconomico-para-las-comarcas-mineras\/#organizationLogo"},"sameAs":["https:\/\/facebook.com\/eldigitaldeasturias","https:\/\/www.youtube.com\/channel\/UCZP-2wLEB9Rv6erhFmqVnvg"],"address":{"@id":"https:\/\/www.eldigitaldeasturias.com\/noticias\/#postaladdress","@type":"PostalAddress","streetAddress":"san antonio 4,","postalCode":"33430","addressLocality":"Cand\u00e1s","addressRegion":"Asturias","addressCountry":"ES"}},{"@type":"Person","@id":"https:\/\/www.eldigitaldeasturias.com\/noticias\/author\/admin\/#author","url":"https:\/\/www.eldigitaldeasturias.com\/noticias\/author\/admin\/","name":"El Digital de Asturias","image":{"@type":"ImageObject","@id":"https:\/\/www.eldigitaldeasturias.com\/noticias\/iu-de-asturias-pide-un-plan-de-choque-socioeconomico-para-las-comarcas-mineras\/#authorImage","url":"https:\/\/www.eldigitaldeasturias.com\/noticias\/wp-content\/litespeed\/avatar\/18677e78aa0546b92d9dbf31ec7d7668.jpg?ver=1777290358","width":96,"height":96,"caption":"El Digital de Asturias"}},{"@type":"WebPage","@id":"https:\/\/www.eldigitaldeasturias.com\/noticias\/iu-de-asturias-pide-un-plan-de-choque-socioeconomico-para-las-comarcas-mineras\/#webpage","url":"https:\/\/www.eldigitaldeasturias.com\/noticias\/iu-de-asturias-pide-un-plan-de-choque-socioeconomico-para-las-comarcas-mineras\/","name":"IU de Asturias pide un plan de choque socioecon\u00f3mico para las comarcas mineras - El Digital de Asturias","description":"IU de Asturias demanda un plan de choque socioecon\u00f3mico de reactivaci\u00f3n para las comarcas mineras asturianas financiado por la comunidad aut\u00f3noma. La coalici\u00f3n present\u00f3 p\u00fablicamente la Proposici\u00f3n No de Ley que defender\u00e1 en el parlamento asturiano y en los municipios mineros en la que insta no solo a defender el carb\u00f3n aut\u00f3ctono como reserva estrat\u00e9gica","inLanguage":"es-ES","isPartOf":{"@id":"https:\/\/www.eldigitaldeasturias.com\/noticias\/#website"},"breadcrumb":{"@id":"https:\/\/www.eldigitaldeasturias.com\/noticias\/iu-de-asturias-pide-un-plan-de-choque-socioeconomico-para-las-comarcas-mineras\/#breadcrumblist"},"author":{"@id":"https:\/\/www.eldigitaldeasturias.com\/noticias\/author\/admin\/#author"},"creator":{"@id":"https:\/\/www.eldigitaldeasturias.com\/noticias\/author\/admin\/#author"},"image":{"@type":"ImageObject","url":"https:\/\/www.eldigitaldeasturias.com\/noticias\/wp-content\/uploads\/2017\/01\/IU-Asturias-Comarcas.jpg","@id":"https:\/\/www.eldigitaldeasturias.com\/noticias\/iu-de-asturias-pide-un-plan-de-choque-socioeconomico-para-las-comarcas-mineras\/#mainImage","width":1072,"height":616},"primaryImageOfPage":{"@id":"https:\/\/www.eldigitaldeasturias.com\/noticias\/iu-de-asturias-pide-un-plan-de-choque-socioeconomico-para-las-comarcas-mineras\/#mainImage"},"datePublished":"2017-01-27T17:03:29+01:00","dateModified":"2017-01-27T17:05:33+01:00"},{"@type":"WebSite","@id":"https:\/\/www.eldigitaldeasturias.com\/noticias\/#website","url":"https:\/\/www.eldigitaldeasturias.com\/noticias\/","name":"El Digital de Asturias - Diario de actualidad y noticias","alternateName":"El Digital de Asturias - Diario de actualidad y noticias","description":"Hemeroteca","inLanguage":"es-ES","publisher":{"@id":"https:\/\/www.eldigitaldeasturias.com\/noticias\/#organization"}}]},"og:locale":"es_ES","og:site_name":"El Digital de Asturias","og:type":"article","og:title":"IU de Asturias pide un plan de choque socioecon\u00f3mico para las comarcas mineras - El Digital de Asturias","og:description":"IU de Asturias demanda un plan de choque socioecon\u00f3mico de reactivaci\u00f3n para las comarcas mineras asturianas financiado por la comunidad aut\u00f3noma. La coalici\u00f3n present\u00f3 p\u00fablicamente la Proposici\u00f3n No de Ley que defender\u00e1 en el parlamento asturiano y en los municipios mineros en la que insta no solo a defender el carb\u00f3n aut\u00f3ctono como reserva estrat\u00e9gica","og:url":"https:\/\/www.eldigitaldeasturias.com\/noticias\/iu-de-asturias-pide-un-plan-de-choque-socioeconomico-para-las-comarcas-mineras\/","og:image":"https:\/\/www.eldigitaldeasturias.com\/noticias\/wp-content\/uploads\/2017\/01\/IU-Asturias-Comarcas.jpg","og:image:secure_url":"https:\/\/www.eldigitaldeasturias.com\/noticias\/wp-content\/uploads\/2017\/01\/IU-Asturias-Comarcas.jpg","og:image:width":1072,"og:image:height":616,"article:tag":["destacadas"],"article:published_time":"2017-01-27T17:03:29+00:00","article:modified_time":"2017-01-27T17:05:33+00:00","article:publisher":"https:\/\/facebook.com\/eldigitaldeasturias","twitter:card":"summary_large_image","twitter:title":"IU de Asturias pide un plan de choque socioecon\u00f3mico para las comarcas mineras - El Digital de Asturias","twitter:description":"IU de Asturias demanda un plan de choque socioecon\u00f3mico de reactivaci\u00f3n para las comarcas mineras asturianas financiado por la comunidad aut\u00f3noma. La coalici\u00f3n present\u00f3 p\u00fablicamente la Proposici\u00f3n No de Ley que defender\u00e1 en el parlamento asturiano y en los municipios mineros en la que insta no solo a defender el carb\u00f3n aut\u00f3ctono como reserva estrat\u00e9gica","twitter:image":"https:\/\/www.eldigitaldeasturias.com\/noticias\/wp-content\/uploads\/2017\/01\/IU-Asturias-Comarcas.jpg","twitter:label1":"Escrito por","twitter:data1":"El Digital de Asturias","twitter:label2":"Tiempo de lectura estimado","twitter:data2":"4 minutos"},"aioseo_meta_data":{"post_id":"923848","title":null,"description":null,"keywords":null,"keyphrases":null,"primary_term":null,"canonical_url":null,"og_title":null,"og_description":null,"og_object_type":"default","og_image_type":"default","og_image_url":null,"og_image_width":null,"og_image_height":null,"og_image_custom_url":null,"og_image_custom_fields":null,"og_video":null,"og_custom_url":null,"og_article_section":null,"og_article_tags":null,"twitter_use_og":false,"twitter_card":"default","twitter_image_type":"default","twitter_image_url":null,"twitter_image_custom_url":null,"twitter_image_custom_fields":null,"twitter_title":null,"twitter_description":null,"schema":{"blockGraphs":[],"customGraphs":[],"default":{"data":{"Article":[],"Course":[],"Dataset":[],"FAQPage":[],"Movie":[],"Person":[],"Product":[],"ProductReview":[],"Car":[],"Recipe":[],"Service":[],"SoftwareApplication":[],"WebPage":[]},"graphName":"","isEnabled":true},"graphs":[],"defaultGraph":"","defaultPostTypeGraph":""},"schema_type":null,"schema_type_options":null,"pillar_content":false,"robots_default":true,"robots_noindex":false,"robots_noarchive":false,"robots_nosnippet":false,"robots_nofollow":false,"robots_noimageindex":false,"robots_noodp":false,"robots_notranslate":false,"robots_max_snippet":null,"robots_max_videopreview":null,"robots_max_imagepreview":"large","priority":null,"frequency":null,"local_seo":null,"seo_analyzer_scan_date":"2025-12-02 21:59:06","breadcrumb_settings":null,"limit_modified_date":false,"open_ai":null,"ai":null,"created":"2020-12-21 13:40:38","updated":"2025-12-02 21:59:06"},"aioseo_breadcrumb":"<div class=\"aioseo-breadcrumbs\"><span class=\"aioseo-breadcrumb\">\n\t<a href=\"https:\/\/www.eldigitaldeasturias.com\/noticias\" title=\"Home\">Home<\/a>\n<\/span><span class=\"aioseo-breadcrumb-separator\">\u2013<\/span><span class=\"aioseo-breadcrumb\">\n\t<a href=\"https:\/\/www.eldigitaldeasturias.com\/noticias\/category\/destacadas\/\" title=\"Destacadas\">Destacadas<\/a>\n<\/span><span class=\"aioseo-breadcrumb-separator\">\u2013<\/span><span class=\"aioseo-breadcrumb\">\n\t<a href=\"https:\/\/www.eldigitaldeasturias.com\/noticias\/iu-de-asturias-pide-un-plan-de-choque-socioeconomico-para-las-comarcas-mineras\/\" title=\"IU de Asturias pide un plan de choque socioecon\u00f3mico para las comarcas mineras\">IU de Asturias pide un plan de choque socioecon\u00f3mico para las comarcas mineras<\/a>\n<\/span><\/div>","aioseo_breadcrumb_json":[{"label":"Home","link":"https:\/\/www.eldigitaldeasturias.com\/noticias"},{"label":"Destacadas","link":"https:\/\/www.eldigitaldeasturias.com\/noticias\/category\/destacadas\/"},{"label":"IU de Asturias pide un plan de choque socioecon\u00f3mico para las comarcas mineras","link":"https:\/\/www.eldigitaldeasturias.com\/noticias\/iu-de-asturias-pide-un-plan-de-choque-socioeconomico-para-las-comarcas-mineras\/"}],"_links":{"self":[{"href":"https:\/\/www.eldigitaldeasturias.com\/noticias\/wp-json\/wp\/v2\/posts\/923848","targetHints":{"allow":["GET"]}}],"collection":[{"href":"https:\/\/www.eldigitaldeasturias.com\/noticias\/wp-json\/wp\/v2\/posts"}],"about":[{"href":"https:\/\/www.eldigitaldeasturias.com\/noticias\/wp-json\/wp\/v2\/types\/post"}],"author":[{"embeddable":true,"href":"https:\/\/www.eldigitaldeasturias.com\/noticias\/wp-json\/wp\/v2\/users\/1"}],"replies":[{"embeddable":true,"href":"https:\/\/www.eldigitaldeasturias.com\/noticias\/wp-json\/wp\/v2\/comments?post=923848"}],"version-history":[{"count":0,"href":"https:\/\/www.eldigitaldeasturias.com\/noticias\/wp-json\/wp\/v2\/posts\/923848\/revisions"}],"wp:featuredmedia":[{"embeddable":true,"href":"https:\/\/www.eldigitaldeasturias.com\/noticias\/wp-json\/wp\/v2\/media\/923849"}],"wp:attachment":[{"href":"https:\/\/www.eldigitaldeasturias.com\/noticias\/wp-json\/wp\/v2\/media?parent=923848"}],"wp:term":[{"taxonomy":"category","embeddable":true,"href":"https:\/\/www.eldigitaldeasturias.com\/noticias\/wp-json\/wp\/v2\/categories?post=923848"},{"taxonomy":"post_tag","embeddable":true,"href":"https:\/\/www.eldigitaldeasturias.com\/noticias\/wp-json\/wp\/v2\/tags?post=923848"}],"curies":[{"name":"wp","href":"https:\/\/api.w.org\/{rel}","templated":true}]}}