{"id":923806,"date":"2017-01-27T12:03:08","date_gmt":"2017-01-27T12:03:08","guid":{"rendered":"http:\/\/www.eldigitaldeasturias.com\/noticias\/?p=923806"},"modified":"2017-01-27T12:03:08","modified_gmt":"2017-01-27T12:03:08","slug":"la-pobreza-se-duplica-en-espana","status":"publish","type":"post","link":"https:\/\/www.eldigitaldeasturias.com\/noticias\/la-pobreza-se-duplica-en-espana\/","title":{"rendered":"La pobreza se duplica en Espa\u00f1a"},"content":{"rendered":"<p><img loading=\"lazy\" decoding=\"async\" class=\"alignleft size-medium wp-image-742863\" src=\"https:\/\/www.eldigitaldeasturias.com\/noticias\/wp-content\/uploads\/2015\/01\/9422099w-360x243.jpg\" alt=\"\" width=\"360\" height=\"243\" srcset=\"https:\/\/www.eldigitaldeasturias.com\/noticias\/wp-content\/uploads\/2015\/01\/9422099w-360x243.jpg 360w, https:\/\/www.eldigitaldeasturias.com\/noticias\/wp-content\/uploads\/2015\/01\/9422099w-650x438.jpg 650w, https:\/\/www.eldigitaldeasturias.com\/noticias\/wp-content\/uploads\/2015\/01\/9422099w.jpg 800w\" sizes=\"auto, (max-width: 360px) 100vw, 360px\" \/>Los indicadores oficiales de pobreza, que se\u00f1alan un t\u00edmido incremento de 20% a 22% entre 2004 y 2014, no reflejan adecuadamente los cambios en la econom\u00eda espa\u00f1ola a ra\u00edz de la crisis. As\u00ed lo refleja un estudio del Centro de Estudios Demogr\u00e1ficos de la Universidad Aut\u00f3noma de Barcelona. Seg\u00fan el trabajo, cuando se utiliza el umbral de pobreza anclado a los niveles observados en 2009 (alrededor del inicio de la crisis), el n\u00famero de personas pobres entre 2010 y 2014 pasa de 10,2 a 14,7 millones, un aumento del 45%.<\/p>\n<p>\u00bfC\u00f3mo es posible que los indicadores oficiales de pobreza no sean sensibles a una de las crisis econ\u00f3micas m\u00e1s impactantes de las \u00faltimas d\u00e9cadas en Espa\u00f1a? Esta es una de las preguntas que se hicieron los expertos del Centro de Estudios Demogr\u00e1ficos de la Universidad Aut\u00f3noma de Barcelona (UAB). Seg\u00fan las cifras oficiales, las medidas se han mantenido estables a lo largo de la \u00faltima d\u00e9cada. Pero, \u00absi nos apartamos de unas medidas oficiales excesivamente acomodaticias, hay razones por el pesimismo\u00bb, se\u00f1alan los investigadores.<\/p>\n<p>En los pa\u00edses de la Uni\u00f3n Europea, se considera que una persona es pobre (medida oficial) si su nivel de ingresos es inferior al 60% de la media de ingresos del pa\u00eds. \u00abEl grave inconveniente de estas medidas es que solo tienen en cuenta la posici\u00f3n relativa de los individuos, independientemente de los niveles absolutos de ingresos, por lo que son completamente insensibles a los per\u00edodos de expansi\u00f3n y contracci\u00f3n generalizados por los que ha pasado la econom\u00eda espa\u00f1ola en los \u00faltimos diez a\u00f1os\u00bb, se\u00f1ala I\u00f1aki Permanyer, investigador del CED-UAB y autor del art\u00edculo, junto con Pinar K\u00f6ksel, tambi\u00e9n del CED-UAB.<\/p>\n<p>Seg\u00fan los investigadores es necesario medir la pobreza econ\u00f3mica empleando un umbral de pobreza anclado a los niveles del a\u00f1o 2009, es decir, tomando el nivel de vida al inicio de la crisis como referencia. El estudio, publicado en Revista Perspectivas Demogr\u00e1ficas, revela que entre 2010 y 2014 el n\u00famero de personas pobres ha pasado de 10.206.684 a 14.794.664, con un incremento absoluto de 4.587.980 individuos, lo que se traduce en un incremento relativo del 45% respecto a la cantidad inicial.<\/p>\n<blockquote><p><strong><em>El incremento de la pobreza ha sido fuerte para los ni\u00f1os y la poblaci\u00f3n en edad laboral, las personas sin estudios universitarios y los nacidos en el extranjero<\/em><\/strong><\/p><\/blockquote>\n<p>\u00abLa manera en la que definimos y medimos los fen\u00f3menos sociales tienen una importancia capital no solo a la hora de intentar retratar y comprender el mundo que nos rodea, sino tambi\u00e9n cuando intentamos modificarlo y corregirlo\u00bb. explica Permanyer.<\/p>\n<p><strong>Edad, pa\u00eds de nacimiento y educaci\u00f3n<\/strong><\/p>\n<p>El trabajo analiza la evoluci\u00f3n reciente de los niveles de pobreza en funci\u00f3n de tres caracter\u00edsticas b\u00e1sicas: la edad, el pa\u00eds de nacimiento y la educaci\u00f3n. El incremento de la pobreza ha sido particularmente fuerte para los ni\u00f1os y la poblaci\u00f3n en edad laboral, las personas sin estudios universitarios y los nacidos en el extranjero.<\/p>\n<p>Cuando se comparan las medidas de pobreza relativa oficiales entre 2009 y 2014 se puede apreciar c\u00f3mo se ha producido un incremento de la pobreza relativa para todos los grupos de edad por debajo de los 65 a\u00f1os junto con un descenso de la misma para todos los grupos por encima de la edad a la jubilaci\u00f3n.<\/p>\n<p>Las personas en edad de jubilaci\u00f3n son el sector de la poblaci\u00f3n por grupos de edad que menos parece haber sufrido el impacto de la crisis econ\u00f3mica. Los altos niveles de pobreza infantil y juvenil a\u00fan ser\u00edan m\u00e1s altos de no ser por unos patrones que favorecen la convivencia con los padres hasta edades muy avanzadas.<\/p>\n<p>Por otra parte, los datos muestran c\u00f3mo m\u00e1s de la mitad del nacidos en el extranjero eran pobres en 2014. Las diferencias entre nacionales y extranjeros se est\u00e1n ensanchando en el tiempo.<\/p>\n<p>Seg\u00fan el nivel educativo, cuanto m\u00e1s alto es el nivel educativo de los individuos, menor es la incidencia de la pobreza. Pese a que los individuos con estudios universitarios son los menos afectados por la incidencia de la pobreza, esta se ha incrementado en todos los niveles educativos. Para los individuos con estudios secundarios o universitarios la incidencia de la pobreza se ha duplicado en tan solo cinco a\u00f1os, y casi una de cada dos personas mayores de 25 a\u00f1os sin educaci\u00f3n primaria es pobre.<\/p>\n<p>Para los investigadores, aunque todav\u00eda quedan cinco a\u00f1os para llegar a la fecha l\u00edmite establecida por la UE en el programa Europa 2020 \u2013que plante\u00f3 reducir la pobreza en Espa\u00f1a en 1,4 millones de personas entre los a\u00f1os 2010 y 2020\u2013, las posibilidades de alcanzar el objetivo parecen particularmente escasas.<\/p>\n<p>SINC<\/p>\n<p>&nbsp;<\/p>\n","protected":false},"excerpt":{"rendered":"<p>Los indicadores oficiales de pobreza, que se\u00f1alan un t\u00edmido incremento de 20% a 22% entre 2004 y 2014, no reflejan adecuadamente los cambios en la econom\u00eda espa\u00f1ola a ra\u00edz de la crisis. As\u00ed lo refleja un estudio del Centro de Estudios Demogr\u00e1ficos de la Universidad Aut\u00f3noma de Barcelona. Seg\u00fan el trabajo, cuando se utiliza el [&hellip;]<\/p>\n","protected":false},"author":1,"featured_media":742863,"comment_status":"closed","ping_status":"closed","sticky":false,"template":"","format":"standard","meta":{"footnotes":""},"categories":[141],"tags":[],"class_list":["post-923806","post","type-post","status-publish","format-standard","has-post-thumbnail","hentry","category-destacadas"],"aioseo_notices":[],"aioseo_head":"\n\t\t<!-- All in One SEO Pro 4.9.6.2 - aioseo.com -->\n\t<meta name=\"description\" content=\"Los indicadores oficiales de pobreza, que se\u00f1alan un t\u00edmido incremento de 20% a 22% entre 2004 y 2014, no reflejan adecuadamente los cambios en la econom\u00eda espa\u00f1ola a ra\u00edz de la crisis. As\u00ed lo refleja un estudio del Centro de Estudios Demogr\u00e1ficos de la Universidad Aut\u00f3noma de Barcelona. Seg\u00fan el trabajo, cuando se utiliza el\" \/>\n\t<meta name=\"robots\" content=\"max-image-preview:large\" \/>\n\t<meta name=\"author\" content=\"El Digital de Asturias\"\/>\n\t<meta name=\"google-site-verification\" content=\"UA-38556648-1\" \/>\n\t<meta name=\"msvalidate.01\" content=\"7dfe9f3f1b24437ab69f4f2559babe99\" \/>\n\t<meta name=\"keywords\" content=\"destacadas\" \/>\n\t<link rel=\"canonical\" href=\"https:\/\/www.eldigitaldeasturias.com\/noticias\/la-pobreza-se-duplica-en-espana\/\" \/>\n\t<meta name=\"generator\" content=\"All in One SEO Pro (AIOSEO) 4.9.6.2\" \/>\n\t\t<meta property=\"og:locale\" content=\"es_ES\" \/>\n\t\t<meta property=\"og:site_name\" content=\"El Digital de Asturias\" \/>\n\t\t<meta property=\"og:type\" content=\"article\" \/>\n\t\t<meta property=\"og:title\" content=\"La pobreza se duplica en Espa\u00f1a - El Digital de Asturias\" \/>\n\t\t<meta property=\"og:description\" content=\"Los indicadores oficiales de pobreza, que se\u00f1alan un t\u00edmido incremento de 20% a 22% entre 2004 y 2014, no reflejan adecuadamente los cambios en la econom\u00eda espa\u00f1ola a ra\u00edz de la crisis. As\u00ed lo refleja un estudio del Centro de Estudios Demogr\u00e1ficos de la Universidad Aut\u00f3noma de Barcelona. Seg\u00fan el trabajo, cuando se utiliza el\" \/>\n\t\t<meta property=\"og:url\" content=\"https:\/\/www.eldigitaldeasturias.com\/noticias\/la-pobreza-se-duplica-en-espana\/\" \/>\n\t\t<meta property=\"og:image\" content=\"https:\/\/www.eldigitaldeasturias.com\/noticias\/wp-content\/uploads\/2015\/01\/9422099w.jpg\" \/>\n\t\t<meta property=\"og:image:secure_url\" content=\"https:\/\/www.eldigitaldeasturias.com\/noticias\/wp-content\/uploads\/2015\/01\/9422099w.jpg\" \/>\n\t\t<meta property=\"og:image:width\" content=\"800\" \/>\n\t\t<meta property=\"og:image:height\" content=\"539\" \/>\n\t\t<meta property=\"article:tag\" content=\"destacadas\" \/>\n\t\t<meta property=\"article:published_time\" content=\"2017-01-27T12:03:08+00:00\" \/>\n\t\t<meta property=\"article:modified_time\" content=\"2017-01-27T12:03:08+00:00\" \/>\n\t\t<meta property=\"article:publisher\" content=\"https:\/\/facebook.com\/eldigitaldeasturias\" \/>\n\t\t<meta name=\"twitter:card\" content=\"summary_large_image\" \/>\n\t\t<meta name=\"twitter:title\" content=\"La pobreza se duplica en Espa\u00f1a - El Digital de Asturias\" \/>\n\t\t<meta name=\"twitter:description\" content=\"Los indicadores oficiales de pobreza, que se\u00f1alan un t\u00edmido incremento de 20% a 22% entre 2004 y 2014, no reflejan adecuadamente los cambios en la econom\u00eda espa\u00f1ola a ra\u00edz de la crisis. As\u00ed lo refleja un estudio del Centro de Estudios Demogr\u00e1ficos de la Universidad Aut\u00f3noma de Barcelona. Seg\u00fan el trabajo, cuando se utiliza el\" \/>\n\t\t<meta name=\"twitter:image\" content=\"https:\/\/www.eldigitaldeasturias.com\/noticias\/wp-content\/uploads\/2015\/01\/9422099w.jpg\" \/>\n\t\t<meta name=\"twitter:label1\" content=\"Escrito por\" \/>\n\t\t<meta name=\"twitter:data1\" content=\"El Digital de Asturias\" \/>\n\t\t<meta name=\"twitter:label2\" content=\"Tiempo de lectura estimado\" \/>\n\t\t<meta name=\"twitter:data2\" content=\"4 minutos\" \/>\n\t\t<script type=\"application\/ld+json\" class=\"aioseo-schema\">\n\t\t\t{\"@context\":\"https:\\\/\\\/schema.org\",\"@graph\":[{\"@type\":\"BlogPosting\",\"@id\":\"https:\\\/\\\/www.eldigitaldeasturias.com\\\/noticias\\\/la-pobreza-se-duplica-en-espana\\\/#blogposting\",\"name\":\"La pobreza se duplica en Espa\\u00f1a - El Digital de Asturias\",\"headline\":\"La pobreza se duplica en Espa\\u00f1a\",\"author\":{\"@id\":\"https:\\\/\\\/www.eldigitaldeasturias.com\\\/noticias\\\/author\\\/admin\\\/#author\"},\"publisher\":{\"@id\":\"https:\\\/\\\/www.eldigitaldeasturias.com\\\/noticias\\\/#organization\"},\"image\":{\"@type\":\"ImageObject\",\"url\":\"https:\\\/\\\/www.eldigitaldeasturias.com\\\/noticias\\\/wp-content\\\/uploads\\\/2015\\\/01\\\/9422099w.jpg\",\"width\":800,\"height\":539},\"datePublished\":\"2017-01-27T12:03:08+01:00\",\"dateModified\":\"2017-01-27T12:03:08+01:00\",\"inLanguage\":\"es-ES\",\"mainEntityOfPage\":{\"@id\":\"https:\\\/\\\/www.eldigitaldeasturias.com\\\/noticias\\\/la-pobreza-se-duplica-en-espana\\\/#webpage\"},\"isPartOf\":{\"@id\":\"https:\\\/\\\/www.eldigitaldeasturias.com\\\/noticias\\\/la-pobreza-se-duplica-en-espana\\\/#webpage\"},\"articleSection\":\"Destacadas\"},{\"@type\":\"BreadcrumbList\",\"@id\":\"https:\\\/\\\/www.eldigitaldeasturias.com\\\/noticias\\\/la-pobreza-se-duplica-en-espana\\\/#breadcrumblist\",\"itemListElement\":[{\"@type\":\"ListItem\",\"@id\":\"https:\\\/\\\/www.eldigitaldeasturias.com\\\/noticias#listItem\",\"position\":1,\"name\":\"Home\",\"item\":\"https:\\\/\\\/www.eldigitaldeasturias.com\\\/noticias\",\"nextItem\":{\"@type\":\"ListItem\",\"@id\":\"https:\\\/\\\/www.eldigitaldeasturias.com\\\/noticias\\\/category\\\/destacadas\\\/#listItem\",\"name\":\"Destacadas\"}},{\"@type\":\"ListItem\",\"@id\":\"https:\\\/\\\/www.eldigitaldeasturias.com\\\/noticias\\\/category\\\/destacadas\\\/#listItem\",\"position\":2,\"name\":\"Destacadas\",\"item\":\"https:\\\/\\\/www.eldigitaldeasturias.com\\\/noticias\\\/category\\\/destacadas\\\/\",\"nextItem\":{\"@type\":\"ListItem\",\"@id\":\"https:\\\/\\\/www.eldigitaldeasturias.com\\\/noticias\\\/la-pobreza-se-duplica-en-espana\\\/#listItem\",\"name\":\"La pobreza se duplica en Espa\\u00f1a\"},\"previousItem\":{\"@type\":\"ListItem\",\"@id\":\"https:\\\/\\\/www.eldigitaldeasturias.com\\\/noticias#listItem\",\"name\":\"Home\"}},{\"@type\":\"ListItem\",\"@id\":\"https:\\\/\\\/www.eldigitaldeasturias.com\\\/noticias\\\/la-pobreza-se-duplica-en-espana\\\/#listItem\",\"position\":3,\"name\":\"La pobreza se duplica en Espa\\u00f1a\",\"previousItem\":{\"@type\":\"ListItem\",\"@id\":\"https:\\\/\\\/www.eldigitaldeasturias.com\\\/noticias\\\/category\\\/destacadas\\\/#listItem\",\"name\":\"Destacadas\"}}]},{\"@type\":\"Organization\",\"@id\":\"https:\\\/\\\/www.eldigitaldeasturias.com\\\/noticias\\\/#organization\",\"name\":\"El Digital de Asturias\",\"description\":\"Hemeroteca\",\"url\":\"https:\\\/\\\/www.eldigitaldeasturias.com\\\/noticias\\\/\",\"email\":\"info@eldigitaldeasturias.com\",\"telephone\":\"+34652131393\",\"logo\":{\"@type\":\"ImageObject\",\"url\":\"https:\\\/\\\/www.eldigitaldeasturias.com\\\/noticias\\\/wp-content\\\/uploads\\\/2020\\\/12\\\/EDA.jpg\",\"@id\":\"https:\\\/\\\/www.eldigitaldeasturias.com\\\/noticias\\\/la-pobreza-se-duplica-en-espana\\\/#organizationLogo\",\"width\":649,\"height\":297},\"image\":{\"@id\":\"https:\\\/\\\/www.eldigitaldeasturias.com\\\/noticias\\\/la-pobreza-se-duplica-en-espana\\\/#organizationLogo\"},\"sameAs\":[\"https:\\\/\\\/facebook.com\\\/eldigitaldeasturias\",\"https:\\\/\\\/www.youtube.com\\\/channel\\\/UCZP-2wLEB9Rv6erhFmqVnvg\"],\"address\":{\"@id\":\"https:\\\/\\\/www.eldigitaldeasturias.com\\\/noticias\\\/#postaladdress\",\"@type\":\"PostalAddress\",\"streetAddress\":\"san antonio 4,\",\"postalCode\":\"33430\",\"addressLocality\":\"Cand\\u00e1s\",\"addressRegion\":\"Asturias\",\"addressCountry\":\"ES\"}},{\"@type\":\"Person\",\"@id\":\"https:\\\/\\\/www.eldigitaldeasturias.com\\\/noticias\\\/author\\\/admin\\\/#author\",\"url\":\"https:\\\/\\\/www.eldigitaldeasturias.com\\\/noticias\\\/author\\\/admin\\\/\",\"name\":\"El Digital de Asturias\",\"image\":{\"@type\":\"ImageObject\",\"@id\":\"https:\\\/\\\/www.eldigitaldeasturias.com\\\/noticias\\\/la-pobreza-se-duplica-en-espana\\\/#authorImage\",\"url\":\"https:\\\/\\\/www.eldigitaldeasturias.com\\\/noticias\\\/wp-content\\\/litespeed\\\/avatar\\\/18677e78aa0546b92d9dbf31ec7d7668.jpg?ver=1777290358\",\"width\":96,\"height\":96,\"caption\":\"El Digital de Asturias\"}},{\"@type\":\"WebPage\",\"@id\":\"https:\\\/\\\/www.eldigitaldeasturias.com\\\/noticias\\\/la-pobreza-se-duplica-en-espana\\\/#webpage\",\"url\":\"https:\\\/\\\/www.eldigitaldeasturias.com\\\/noticias\\\/la-pobreza-se-duplica-en-espana\\\/\",\"name\":\"La pobreza se duplica en Espa\\u00f1a - El Digital de Asturias\",\"description\":\"Los indicadores oficiales de pobreza, que se\\u00f1alan un t\\u00edmido incremento de 20% a 22% entre 2004 y 2014, no reflejan adecuadamente los cambios en la econom\\u00eda espa\\u00f1ola a ra\\u00edz de la crisis. As\\u00ed lo refleja un estudio del Centro de Estudios Demogr\\u00e1ficos de la Universidad Aut\\u00f3noma de Barcelona. Seg\\u00fan el trabajo, cuando se utiliza el\",\"inLanguage\":\"es-ES\",\"isPartOf\":{\"@id\":\"https:\\\/\\\/www.eldigitaldeasturias.com\\\/noticias\\\/#website\"},\"breadcrumb\":{\"@id\":\"https:\\\/\\\/www.eldigitaldeasturias.com\\\/noticias\\\/la-pobreza-se-duplica-en-espana\\\/#breadcrumblist\"},\"author\":{\"@id\":\"https:\\\/\\\/www.eldigitaldeasturias.com\\\/noticias\\\/author\\\/admin\\\/#author\"},\"creator\":{\"@id\":\"https:\\\/\\\/www.eldigitaldeasturias.com\\\/noticias\\\/author\\\/admin\\\/#author\"},\"image\":{\"@type\":\"ImageObject\",\"url\":\"https:\\\/\\\/www.eldigitaldeasturias.com\\\/noticias\\\/wp-content\\\/uploads\\\/2015\\\/01\\\/9422099w.jpg\",\"@id\":\"https:\\\/\\\/www.eldigitaldeasturias.com\\\/noticias\\\/la-pobreza-se-duplica-en-espana\\\/#mainImage\",\"width\":800,\"height\":539},\"primaryImageOfPage\":{\"@id\":\"https:\\\/\\\/www.eldigitaldeasturias.com\\\/noticias\\\/la-pobreza-se-duplica-en-espana\\\/#mainImage\"},\"datePublished\":\"2017-01-27T12:03:08+01:00\",\"dateModified\":\"2017-01-27T12:03:08+01:00\"},{\"@type\":\"WebSite\",\"@id\":\"https:\\\/\\\/www.eldigitaldeasturias.com\\\/noticias\\\/#website\",\"url\":\"https:\\\/\\\/www.eldigitaldeasturias.com\\\/noticias\\\/\",\"name\":\"El Digital de Asturias - Diario de actualidad y noticias\",\"alternateName\":\"El Digital de Asturias - Diario de actualidad y noticias\",\"description\":\"Hemeroteca\",\"inLanguage\":\"es-ES\",\"publisher\":{\"@id\":\"https:\\\/\\\/www.eldigitaldeasturias.com\\\/noticias\\\/#organization\"}}]}\n\t\t<\/script>\n\t\t<!-- All in One SEO Pro -->\r\n\t\t<title>La pobreza se duplica en Espa\u00f1a - El Digital de Asturias<\/title>\n\n","aioseo_head_json":{"title":"La pobreza se duplica en Espa\u00f1a - El Digital de Asturias","description":"Los indicadores oficiales de pobreza, que se\u00f1alan un t\u00edmido incremento de 20% a 22% entre 2004 y 2014, no reflejan adecuadamente los cambios en la econom\u00eda espa\u00f1ola a ra\u00edz de la crisis. As\u00ed lo refleja un estudio del Centro de Estudios Demogr\u00e1ficos de la Universidad Aut\u00f3noma de Barcelona. Seg\u00fan el trabajo, cuando se utiliza el","canonical_url":"https:\/\/www.eldigitaldeasturias.com\/noticias\/la-pobreza-se-duplica-en-espana\/","robots":"max-image-preview:large","keywords":"destacadas","webmasterTools":{"google-site-verification":"UA-38556648-1","msvalidate.01":"7dfe9f3f1b24437ab69f4f2559babe99","miscellaneous":""},"schema":{"@context":"https:\/\/schema.org","@graph":[{"@type":"BlogPosting","@id":"https:\/\/www.eldigitaldeasturias.com\/noticias\/la-pobreza-se-duplica-en-espana\/#blogposting","name":"La pobreza se duplica en Espa\u00f1a - El Digital de Asturias","headline":"La pobreza se duplica en Espa\u00f1a","author":{"@id":"https:\/\/www.eldigitaldeasturias.com\/noticias\/author\/admin\/#author"},"publisher":{"@id":"https:\/\/www.eldigitaldeasturias.com\/noticias\/#organization"},"image":{"@type":"ImageObject","url":"https:\/\/www.eldigitaldeasturias.com\/noticias\/wp-content\/uploads\/2015\/01\/9422099w.jpg","width":800,"height":539},"datePublished":"2017-01-27T12:03:08+01:00","dateModified":"2017-01-27T12:03:08+01:00","inLanguage":"es-ES","mainEntityOfPage":{"@id":"https:\/\/www.eldigitaldeasturias.com\/noticias\/la-pobreza-se-duplica-en-espana\/#webpage"},"isPartOf":{"@id":"https:\/\/www.eldigitaldeasturias.com\/noticias\/la-pobreza-se-duplica-en-espana\/#webpage"},"articleSection":"Destacadas"},{"@type":"BreadcrumbList","@id":"https:\/\/www.eldigitaldeasturias.com\/noticias\/la-pobreza-se-duplica-en-espana\/#breadcrumblist","itemListElement":[{"@type":"ListItem","@id":"https:\/\/www.eldigitaldeasturias.com\/noticias#listItem","position":1,"name":"Home","item":"https:\/\/www.eldigitaldeasturias.com\/noticias","nextItem":{"@type":"ListItem","@id":"https:\/\/www.eldigitaldeasturias.com\/noticias\/category\/destacadas\/#listItem","name":"Destacadas"}},{"@type":"ListItem","@id":"https:\/\/www.eldigitaldeasturias.com\/noticias\/category\/destacadas\/#listItem","position":2,"name":"Destacadas","item":"https:\/\/www.eldigitaldeasturias.com\/noticias\/category\/destacadas\/","nextItem":{"@type":"ListItem","@id":"https:\/\/www.eldigitaldeasturias.com\/noticias\/la-pobreza-se-duplica-en-espana\/#listItem","name":"La pobreza se duplica en Espa\u00f1a"},"previousItem":{"@type":"ListItem","@id":"https:\/\/www.eldigitaldeasturias.com\/noticias#listItem","name":"Home"}},{"@type":"ListItem","@id":"https:\/\/www.eldigitaldeasturias.com\/noticias\/la-pobreza-se-duplica-en-espana\/#listItem","position":3,"name":"La pobreza se duplica en Espa\u00f1a","previousItem":{"@type":"ListItem","@id":"https:\/\/www.eldigitaldeasturias.com\/noticias\/category\/destacadas\/#listItem","name":"Destacadas"}}]},{"@type":"Organization","@id":"https:\/\/www.eldigitaldeasturias.com\/noticias\/#organization","name":"El Digital de Asturias","description":"Hemeroteca","url":"https:\/\/www.eldigitaldeasturias.com\/noticias\/","email":"info@eldigitaldeasturias.com","telephone":"+34652131393","logo":{"@type":"ImageObject","url":"https:\/\/www.eldigitaldeasturias.com\/noticias\/wp-content\/uploads\/2020\/12\/EDA.jpg","@id":"https:\/\/www.eldigitaldeasturias.com\/noticias\/la-pobreza-se-duplica-en-espana\/#organizationLogo","width":649,"height":297},"image":{"@id":"https:\/\/www.eldigitaldeasturias.com\/noticias\/la-pobreza-se-duplica-en-espana\/#organizationLogo"},"sameAs":["https:\/\/facebook.com\/eldigitaldeasturias","https:\/\/www.youtube.com\/channel\/UCZP-2wLEB9Rv6erhFmqVnvg"],"address":{"@id":"https:\/\/www.eldigitaldeasturias.com\/noticias\/#postaladdress","@type":"PostalAddress","streetAddress":"san antonio 4,","postalCode":"33430","addressLocality":"Cand\u00e1s","addressRegion":"Asturias","addressCountry":"ES"}},{"@type":"Person","@id":"https:\/\/www.eldigitaldeasturias.com\/noticias\/author\/admin\/#author","url":"https:\/\/www.eldigitaldeasturias.com\/noticias\/author\/admin\/","name":"El Digital de Asturias","image":{"@type":"ImageObject","@id":"https:\/\/www.eldigitaldeasturias.com\/noticias\/la-pobreza-se-duplica-en-espana\/#authorImage","url":"https:\/\/www.eldigitaldeasturias.com\/noticias\/wp-content\/litespeed\/avatar\/18677e78aa0546b92d9dbf31ec7d7668.jpg?ver=1777290358","width":96,"height":96,"caption":"El Digital de Asturias"}},{"@type":"WebPage","@id":"https:\/\/www.eldigitaldeasturias.com\/noticias\/la-pobreza-se-duplica-en-espana\/#webpage","url":"https:\/\/www.eldigitaldeasturias.com\/noticias\/la-pobreza-se-duplica-en-espana\/","name":"La pobreza se duplica en Espa\u00f1a - El Digital de Asturias","description":"Los indicadores oficiales de pobreza, que se\u00f1alan un t\u00edmido incremento de 20% a 22% entre 2004 y 2014, no reflejan adecuadamente los cambios en la econom\u00eda espa\u00f1ola a ra\u00edz de la crisis. As\u00ed lo refleja un estudio del Centro de Estudios Demogr\u00e1ficos de la Universidad Aut\u00f3noma de Barcelona. Seg\u00fan el trabajo, cuando se utiliza el","inLanguage":"es-ES","isPartOf":{"@id":"https:\/\/www.eldigitaldeasturias.com\/noticias\/#website"},"breadcrumb":{"@id":"https:\/\/www.eldigitaldeasturias.com\/noticias\/la-pobreza-se-duplica-en-espana\/#breadcrumblist"},"author":{"@id":"https:\/\/www.eldigitaldeasturias.com\/noticias\/author\/admin\/#author"},"creator":{"@id":"https:\/\/www.eldigitaldeasturias.com\/noticias\/author\/admin\/#author"},"image":{"@type":"ImageObject","url":"https:\/\/www.eldigitaldeasturias.com\/noticias\/wp-content\/uploads\/2015\/01\/9422099w.jpg","@id":"https:\/\/www.eldigitaldeasturias.com\/noticias\/la-pobreza-se-duplica-en-espana\/#mainImage","width":800,"height":539},"primaryImageOfPage":{"@id":"https:\/\/www.eldigitaldeasturias.com\/noticias\/la-pobreza-se-duplica-en-espana\/#mainImage"},"datePublished":"2017-01-27T12:03:08+01:00","dateModified":"2017-01-27T12:03:08+01:00"},{"@type":"WebSite","@id":"https:\/\/www.eldigitaldeasturias.com\/noticias\/#website","url":"https:\/\/www.eldigitaldeasturias.com\/noticias\/","name":"El Digital de Asturias - Diario de actualidad y noticias","alternateName":"El Digital de Asturias - Diario de actualidad y noticias","description":"Hemeroteca","inLanguage":"es-ES","publisher":{"@id":"https:\/\/www.eldigitaldeasturias.com\/noticias\/#organization"}}]},"og:locale":"es_ES","og:site_name":"El Digital de Asturias","og:type":"article","og:title":"La pobreza se duplica en Espa\u00f1a - El Digital de Asturias","og:description":"Los indicadores oficiales de pobreza, que se\u00f1alan un t\u00edmido incremento de 20% a 22% entre 2004 y 2014, no reflejan adecuadamente los cambios en la econom\u00eda espa\u00f1ola a ra\u00edz de la crisis. As\u00ed lo refleja un estudio del Centro de Estudios Demogr\u00e1ficos de la Universidad Aut\u00f3noma de Barcelona. Seg\u00fan el trabajo, cuando se utiliza el","og:url":"https:\/\/www.eldigitaldeasturias.com\/noticias\/la-pobreza-se-duplica-en-espana\/","og:image":"https:\/\/www.eldigitaldeasturias.com\/noticias\/wp-content\/uploads\/2015\/01\/9422099w.jpg","og:image:secure_url":"https:\/\/www.eldigitaldeasturias.com\/noticias\/wp-content\/uploads\/2015\/01\/9422099w.jpg","og:image:width":800,"og:image:height":539,"article:tag":["destacadas"],"article:published_time":"2017-01-27T12:03:08+00:00","article:modified_time":"2017-01-27T12:03:08+00:00","article:publisher":"https:\/\/facebook.com\/eldigitaldeasturias","twitter:card":"summary_large_image","twitter:title":"La pobreza se duplica en Espa\u00f1a - El Digital de Asturias","twitter:description":"Los indicadores oficiales de pobreza, que se\u00f1alan un t\u00edmido incremento de 20% a 22% entre 2004 y 2014, no reflejan adecuadamente los cambios en la econom\u00eda espa\u00f1ola a ra\u00edz de la crisis. As\u00ed lo refleja un estudio del Centro de Estudios Demogr\u00e1ficos de la Universidad Aut\u00f3noma de Barcelona. Seg\u00fan el trabajo, cuando se utiliza el","twitter:image":"https:\/\/www.eldigitaldeasturias.com\/noticias\/wp-content\/uploads\/2015\/01\/9422099w.jpg","twitter:label1":"Escrito por","twitter:data1":"El Digital de Asturias","twitter:label2":"Tiempo de lectura estimado","twitter:data2":"4 minutos"},"aioseo_meta_data":{"post_id":"923806","title":null,"description":null,"keywords":null,"keyphrases":null,"primary_term":null,"canonical_url":null,"og_title":null,"og_description":null,"og_object_type":"default","og_image_type":"default","og_image_url":null,"og_image_width":null,"og_image_height":null,"og_image_custom_url":null,"og_image_custom_fields":null,"og_video":null,"og_custom_url":null,"og_article_section":null,"og_article_tags":null,"twitter_use_og":false,"twitter_card":"default","twitter_image_type":"default","twitter_image_url":null,"twitter_image_custom_url":null,"twitter_image_custom_fields":null,"twitter_title":null,"twitter_description":null,"schema":{"blockGraphs":[],"customGraphs":[],"default":{"data":{"Article":[],"Course":[],"Dataset":[],"FAQPage":[],"Movie":[],"Person":[],"Product":[],"ProductReview":[],"Car":[],"Recipe":[],"Service":[],"SoftwareApplication":[],"WebPage":[]},"graphName":"","isEnabled":true},"graphs":[],"defaultGraph":"","defaultPostTypeGraph":""},"schema_type":null,"schema_type_options":null,"pillar_content":false,"robots_default":true,"robots_noindex":false,"robots_noarchive":false,"robots_nosnippet":false,"robots_nofollow":false,"robots_noimageindex":false,"robots_noodp":false,"robots_notranslate":false,"robots_max_snippet":null,"robots_max_videopreview":null,"robots_max_imagepreview":"large","priority":null,"frequency":null,"local_seo":null,"seo_analyzer_scan_date":"2025-12-02 21:50:12","breadcrumb_settings":null,"limit_modified_date":false,"open_ai":null,"ai":null,"created":"2020-12-21 13:40:38","updated":"2025-12-02 21:50:12"},"aioseo_breadcrumb":"<div class=\"aioseo-breadcrumbs\"><span class=\"aioseo-breadcrumb\">\n\t<a href=\"https:\/\/www.eldigitaldeasturias.com\/noticias\" title=\"Home\">Home<\/a>\n<\/span><span class=\"aioseo-breadcrumb-separator\">\u2013<\/span><span class=\"aioseo-breadcrumb\">\n\t<a href=\"https:\/\/www.eldigitaldeasturias.com\/noticias\/category\/destacadas\/\" title=\"Destacadas\">Destacadas<\/a>\n<\/span><span class=\"aioseo-breadcrumb-separator\">\u2013<\/span><span class=\"aioseo-breadcrumb\">\n\t<a href=\"https:\/\/www.eldigitaldeasturias.com\/noticias\/la-pobreza-se-duplica-en-espana\/\" title=\"La pobreza se duplica en Espa\u00f1a\">La pobreza se duplica en Espa\u00f1a<\/a>\n<\/span><\/div>","aioseo_breadcrumb_json":[{"label":"Home","link":"https:\/\/www.eldigitaldeasturias.com\/noticias"},{"label":"Destacadas","link":"https:\/\/www.eldigitaldeasturias.com\/noticias\/category\/destacadas\/"},{"label":"La pobreza se duplica en Espa\u00f1a","link":"https:\/\/www.eldigitaldeasturias.com\/noticias\/la-pobreza-se-duplica-en-espana\/"}],"_links":{"self":[{"href":"https:\/\/www.eldigitaldeasturias.com\/noticias\/wp-json\/wp\/v2\/posts\/923806","targetHints":{"allow":["GET"]}}],"collection":[{"href":"https:\/\/www.eldigitaldeasturias.com\/noticias\/wp-json\/wp\/v2\/posts"}],"about":[{"href":"https:\/\/www.eldigitaldeasturias.com\/noticias\/wp-json\/wp\/v2\/types\/post"}],"author":[{"embeddable":true,"href":"https:\/\/www.eldigitaldeasturias.com\/noticias\/wp-json\/wp\/v2\/users\/1"}],"replies":[{"embeddable":true,"href":"https:\/\/www.eldigitaldeasturias.com\/noticias\/wp-json\/wp\/v2\/comments?post=923806"}],"version-history":[{"count":0,"href":"https:\/\/www.eldigitaldeasturias.com\/noticias\/wp-json\/wp\/v2\/posts\/923806\/revisions"}],"wp:featuredmedia":[{"embeddable":true,"href":"https:\/\/www.eldigitaldeasturias.com\/noticias\/wp-json\/wp\/v2\/media\/742863"}],"wp:attachment":[{"href":"https:\/\/www.eldigitaldeasturias.com\/noticias\/wp-json\/wp\/v2\/media?parent=923806"}],"wp:term":[{"taxonomy":"category","embeddable":true,"href":"https:\/\/www.eldigitaldeasturias.com\/noticias\/wp-json\/wp\/v2\/categories?post=923806"},{"taxonomy":"post_tag","embeddable":true,"href":"https:\/\/www.eldigitaldeasturias.com\/noticias\/wp-json\/wp\/v2\/tags?post=923806"}],"curies":[{"name":"wp","href":"https:\/\/api.w.org\/{rel}","templated":true}]}}