{"id":923777,"date":"2017-01-27T04:36:53","date_gmt":"2017-01-27T04:36:53","guid":{"rendered":"http:\/\/www.eldigitaldeasturias.com\/noticias\/?p=923777"},"modified":"2017-01-27T04:36:53","modified_gmt":"2017-01-27T04:36:53","slug":"espana-se-prepara-para-nuevas-nevadas","status":"publish","type":"post","link":"https:\/\/www.eldigitaldeasturias.com\/noticias\/espana-se-prepara-para-nuevas-nevadas\/","title":{"rendered":"Espa\u00f1a se prepara para nuevas nevadas"},"content":{"rendered":"<p><img loading=\"lazy\" decoding=\"async\" class=\"alignleft size-medium wp-image-751115\" src=\"https:\/\/www.eldigitaldeasturias.com\/noticias\/wp-content\/uploads\/2015\/01\/9744195w-273x320.jpg\" alt=\"\" width=\"273\" height=\"320\" srcset=\"https:\/\/www.eldigitaldeasturias.com\/noticias\/wp-content\/uploads\/2015\/01\/9744195w-273x320.jpg 273w, https:\/\/www.eldigitaldeasturias.com\/noticias\/wp-content\/uploads\/2015\/01\/9744195w-555x650.jpg 555w, https:\/\/www.eldigitaldeasturias.com\/noticias\/wp-content\/uploads\/2015\/01\/9744195w.jpg 700w\" sizes=\"auto, (max-width: 273px) 100vw, 273px\" \/>El Ministerio de Fomento ha activado los medios necesarios para hacer frente a las nevadas que puedan producirse los pr\u00f3ximos d\u00edas. La Agencia Estatal de Meteorolog\u00eda ha emitido para el jueves 26 y el viernes 27 de enero un bolet\u00edn de aviso por nevadas de nivel amarillo en la Comunidad de Madrid, y para el d\u00eda 27 otro bolet\u00edn por nevadas de nivel naranja que afecta a Arag\u00f3n (Huesca) y Catalu\u00f1a (Barcelona, Girona, y Lleida).<\/p>\n<p>Para hacer frente a estos fen\u00f3menos, el Ministerio de Fomento cuenta con los siguientes medios:<\/p>\n<ul>\n<li>En Comunidad de Madrid 121 quitanieves y una capacidad de almacenamiento de fundentes de 14.940 T.<\/li>\n<li>En Arag\u00f3n: 124 quitanieves y una capacidad de almacenamiento de fundentes de 22.140 T.<\/li>\n<li>En Catalu\u00f1a 93 quitanieves y una capacidad de almacenamiento de fundentes de 13.935 T.<\/li>\n<\/ul>\n<p>Todos los tramos de carreteras de la Red del Estado tienen asignado un Nivel de Servicio, siendo prioritaria la atenci\u00f3n a aquellas v\u00edas con mayor Intensidad de tr\u00e1fico (IMD), as\u00ed como las autopistas y autov\u00edas que comunican las capitales de provincia y las poblaciones de m\u00e1s de 20.000 habitantes.<\/p>\n<p>Con esta campa\u00f1a se trata de garantizar, en la medida de lo posible, el tr\u00e1nsito seguro en las carreteras del Estado ante situaciones de helada y nevada.<\/p>\n<p>Dentro de las operaciones de vialidad invernal se realizan tratamientos preventivos y curativos en situaciones de bajas temperaturas y en caso de nevadas en los sectores de autov\u00edas, autopistas y carreteras convencionales afectadas.<\/p>\n<p>Los principales objetivos son la prevenci\u00f3n de la formaci\u00f3n de placas de hielo sobre las calzadas cuando se esperen heladas; la informaci\u00f3n a los usuarios de las carreteras de cualquier incidencia con la antelaci\u00f3n suficiente; y la retirada de nieve para minimizar las perturbaciones al tr\u00e1nsito como consecuencia de estas.<\/p>\n<p>&nbsp;<\/p>\n<p>&nbsp;<\/p>\n","protected":false},"excerpt":{"rendered":"<p>El Ministerio de Fomento ha activado los medios necesarios para hacer frente a las nevadas que puedan producirse los pr\u00f3ximos d\u00edas. La Agencia Estatal de Meteorolog\u00eda ha emitido para el jueves 26 y el viernes 27 de enero un bolet\u00edn de aviso por nevadas de nivel amarillo en la Comunidad de Madrid, y para el [&hellip;]<\/p>\n","protected":false},"author":1,"featured_media":751115,"comment_status":"closed","ping_status":"closed","sticky":false,"template":"","format":"standard","meta":{"footnotes":""},"categories":[141],"tags":[],"class_list":["post-923777","post","type-post","status-publish","format-standard","has-post-thumbnail","hentry","category-destacadas"],"aioseo_notices":[],"aioseo_head":"\n\t\t<!-- All in One SEO Pro 4.9.6.2 - aioseo.com -->\n\t<meta name=\"description\" content=\"El Ministerio de Fomento ha activado los medios necesarios para hacer frente a las nevadas que puedan producirse los pr\u00f3ximos d\u00edas. La Agencia Estatal de Meteorolog\u00eda ha emitido para el jueves 26 y el viernes 27 de enero un bolet\u00edn de aviso por nevadas de nivel amarillo en la Comunidad de Madrid, y para el\" \/>\n\t<meta name=\"robots\" content=\"max-image-preview:large\" \/>\n\t<meta name=\"author\" content=\"El Digital de Asturias\"\/>\n\t<meta name=\"google-site-verification\" content=\"UA-38556648-1\" \/>\n\t<meta name=\"msvalidate.01\" content=\"7dfe9f3f1b24437ab69f4f2559babe99\" \/>\n\t<meta name=\"keywords\" content=\"destacadas\" \/>\n\t<link rel=\"canonical\" href=\"https:\/\/www.eldigitaldeasturias.com\/noticias\/espana-se-prepara-para-nuevas-nevadas\/\" \/>\n\t<meta name=\"generator\" content=\"All in One SEO Pro (AIOSEO) 4.9.6.2\" \/>\n\t\t<meta property=\"og:locale\" content=\"es_ES\" \/>\n\t\t<meta property=\"og:site_name\" content=\"El Digital de Asturias\" \/>\n\t\t<meta property=\"og:type\" content=\"article\" \/>\n\t\t<meta property=\"og:title\" content=\"Espa\u00f1a se prepara para nuevas nevadas - El Digital de Asturias\" \/>\n\t\t<meta property=\"og:description\" content=\"El Ministerio de Fomento ha activado los medios necesarios para hacer frente a las nevadas que puedan producirse los pr\u00f3ximos d\u00edas. La Agencia Estatal de Meteorolog\u00eda ha emitido para el jueves 26 y el viernes 27 de enero un bolet\u00edn de aviso por nevadas de nivel amarillo en la Comunidad de Madrid, y para el\" \/>\n\t\t<meta property=\"og:url\" content=\"https:\/\/www.eldigitaldeasturias.com\/noticias\/espana-se-prepara-para-nuevas-nevadas\/\" \/>\n\t\t<meta property=\"og:image\" content=\"https:\/\/www.eldigitaldeasturias.com\/noticias\/wp-content\/uploads\/2015\/01\/9744195w.jpg\" \/>\n\t\t<meta property=\"og:image:secure_url\" content=\"https:\/\/www.eldigitaldeasturias.com\/noticias\/wp-content\/uploads\/2015\/01\/9744195w.jpg\" \/>\n\t\t<meta property=\"og:image:width\" content=\"700\" \/>\n\t\t<meta property=\"og:image:height\" content=\"820\" \/>\n\t\t<meta property=\"article:tag\" content=\"destacadas\" \/>\n\t\t<meta property=\"article:published_time\" content=\"2017-01-27T04:36:53+00:00\" \/>\n\t\t<meta property=\"article:modified_time\" content=\"2017-01-27T04:36:53+00:00\" \/>\n\t\t<meta property=\"article:publisher\" content=\"https:\/\/facebook.com\/eldigitaldeasturias\" \/>\n\t\t<meta name=\"twitter:card\" content=\"summary_large_image\" \/>\n\t\t<meta name=\"twitter:title\" content=\"Espa\u00f1a se prepara para nuevas nevadas - El Digital de Asturias\" \/>\n\t\t<meta name=\"twitter:description\" content=\"El Ministerio de Fomento ha activado los medios necesarios para hacer frente a las nevadas que puedan producirse los pr\u00f3ximos d\u00edas. La Agencia Estatal de Meteorolog\u00eda ha emitido para el jueves 26 y el viernes 27 de enero un bolet\u00edn de aviso por nevadas de nivel amarillo en la Comunidad de Madrid, y para el\" \/>\n\t\t<meta name=\"twitter:image\" content=\"https:\/\/www.eldigitaldeasturias.com\/noticias\/wp-content\/uploads\/2015\/01\/9744195w.jpg\" \/>\n\t\t<meta name=\"twitter:label1\" content=\"Escrito por\" \/>\n\t\t<meta name=\"twitter:data1\" content=\"El Digital de Asturias\" \/>\n\t\t<meta name=\"twitter:label2\" content=\"Tiempo de lectura estimado\" \/>\n\t\t<meta name=\"twitter:data2\" content=\"2 minutos\" \/>\n\t\t<script type=\"application\/ld+json\" class=\"aioseo-schema\">\n\t\t\t{\"@context\":\"https:\\\/\\\/schema.org\",\"@graph\":[{\"@type\":\"BlogPosting\",\"@id\":\"https:\\\/\\\/www.eldigitaldeasturias.com\\\/noticias\\\/espana-se-prepara-para-nuevas-nevadas\\\/#blogposting\",\"name\":\"Espa\\u00f1a se prepara para nuevas nevadas - El Digital de Asturias\",\"headline\":\"Espa\\u00f1a se prepara para nuevas nevadas\",\"author\":{\"@id\":\"https:\\\/\\\/www.eldigitaldeasturias.com\\\/noticias\\\/author\\\/admin\\\/#author\"},\"publisher\":{\"@id\":\"https:\\\/\\\/www.eldigitaldeasturias.com\\\/noticias\\\/#organization\"},\"image\":{\"@type\":\"ImageObject\",\"url\":\"https:\\\/\\\/www.eldigitaldeasturias.com\\\/noticias\\\/wp-content\\\/uploads\\\/2015\\\/01\\\/9744195w.jpg\",\"width\":700,\"height\":820},\"datePublished\":\"2017-01-27T04:36:53+01:00\",\"dateModified\":\"2017-01-27T04:36:53+01:00\",\"inLanguage\":\"es-ES\",\"mainEntityOfPage\":{\"@id\":\"https:\\\/\\\/www.eldigitaldeasturias.com\\\/noticias\\\/espana-se-prepara-para-nuevas-nevadas\\\/#webpage\"},\"isPartOf\":{\"@id\":\"https:\\\/\\\/www.eldigitaldeasturias.com\\\/noticias\\\/espana-se-prepara-para-nuevas-nevadas\\\/#webpage\"},\"articleSection\":\"Destacadas\"},{\"@type\":\"BreadcrumbList\",\"@id\":\"https:\\\/\\\/www.eldigitaldeasturias.com\\\/noticias\\\/espana-se-prepara-para-nuevas-nevadas\\\/#breadcrumblist\",\"itemListElement\":[{\"@type\":\"ListItem\",\"@id\":\"https:\\\/\\\/www.eldigitaldeasturias.com\\\/noticias#listItem\",\"position\":1,\"name\":\"Home\",\"item\":\"https:\\\/\\\/www.eldigitaldeasturias.com\\\/noticias\",\"nextItem\":{\"@type\":\"ListItem\",\"@id\":\"https:\\\/\\\/www.eldigitaldeasturias.com\\\/noticias\\\/category\\\/destacadas\\\/#listItem\",\"name\":\"Destacadas\"}},{\"@type\":\"ListItem\",\"@id\":\"https:\\\/\\\/www.eldigitaldeasturias.com\\\/noticias\\\/category\\\/destacadas\\\/#listItem\",\"position\":2,\"name\":\"Destacadas\",\"item\":\"https:\\\/\\\/www.eldigitaldeasturias.com\\\/noticias\\\/category\\\/destacadas\\\/\",\"nextItem\":{\"@type\":\"ListItem\",\"@id\":\"https:\\\/\\\/www.eldigitaldeasturias.com\\\/noticias\\\/espana-se-prepara-para-nuevas-nevadas\\\/#listItem\",\"name\":\"Espa\\u00f1a se prepara para nuevas nevadas\"},\"previousItem\":{\"@type\":\"ListItem\",\"@id\":\"https:\\\/\\\/www.eldigitaldeasturias.com\\\/noticias#listItem\",\"name\":\"Home\"}},{\"@type\":\"ListItem\",\"@id\":\"https:\\\/\\\/www.eldigitaldeasturias.com\\\/noticias\\\/espana-se-prepara-para-nuevas-nevadas\\\/#listItem\",\"position\":3,\"name\":\"Espa\\u00f1a se prepara para nuevas nevadas\",\"previousItem\":{\"@type\":\"ListItem\",\"@id\":\"https:\\\/\\\/www.eldigitaldeasturias.com\\\/noticias\\\/category\\\/destacadas\\\/#listItem\",\"name\":\"Destacadas\"}}]},{\"@type\":\"Organization\",\"@id\":\"https:\\\/\\\/www.eldigitaldeasturias.com\\\/noticias\\\/#organization\",\"name\":\"El Digital de Asturias\",\"description\":\"Hemeroteca\",\"url\":\"https:\\\/\\\/www.eldigitaldeasturias.com\\\/noticias\\\/\",\"email\":\"info@eldigitaldeasturias.com\",\"telephone\":\"+34652131393\",\"logo\":{\"@type\":\"ImageObject\",\"url\":\"https:\\\/\\\/www.eldigitaldeasturias.com\\\/noticias\\\/wp-content\\\/uploads\\\/2020\\\/12\\\/EDA.jpg\",\"@id\":\"https:\\\/\\\/www.eldigitaldeasturias.com\\\/noticias\\\/espana-se-prepara-para-nuevas-nevadas\\\/#organizationLogo\",\"width\":649,\"height\":297},\"image\":{\"@id\":\"https:\\\/\\\/www.eldigitaldeasturias.com\\\/noticias\\\/espana-se-prepara-para-nuevas-nevadas\\\/#organizationLogo\"},\"sameAs\":[\"https:\\\/\\\/facebook.com\\\/eldigitaldeasturias\",\"https:\\\/\\\/www.youtube.com\\\/channel\\\/UCZP-2wLEB9Rv6erhFmqVnvg\"],\"address\":{\"@id\":\"https:\\\/\\\/www.eldigitaldeasturias.com\\\/noticias\\\/#postaladdress\",\"@type\":\"PostalAddress\",\"streetAddress\":\"san antonio 4,\",\"postalCode\":\"33430\",\"addressLocality\":\"Cand\\u00e1s\",\"addressRegion\":\"Asturias\",\"addressCountry\":\"ES\"}},{\"@type\":\"Person\",\"@id\":\"https:\\\/\\\/www.eldigitaldeasturias.com\\\/noticias\\\/author\\\/admin\\\/#author\",\"url\":\"https:\\\/\\\/www.eldigitaldeasturias.com\\\/noticias\\\/author\\\/admin\\\/\",\"name\":\"El Digital de Asturias\",\"image\":{\"@type\":\"ImageObject\",\"@id\":\"https:\\\/\\\/www.eldigitaldeasturias.com\\\/noticias\\\/espana-se-prepara-para-nuevas-nevadas\\\/#authorImage\",\"url\":\"https:\\\/\\\/www.eldigitaldeasturias.com\\\/noticias\\\/wp-content\\\/litespeed\\\/avatar\\\/18677e78aa0546b92d9dbf31ec7d7668.jpg?ver=1777290358\",\"width\":96,\"height\":96,\"caption\":\"El Digital de Asturias\"}},{\"@type\":\"WebPage\",\"@id\":\"https:\\\/\\\/www.eldigitaldeasturias.com\\\/noticias\\\/espana-se-prepara-para-nuevas-nevadas\\\/#webpage\",\"url\":\"https:\\\/\\\/www.eldigitaldeasturias.com\\\/noticias\\\/espana-se-prepara-para-nuevas-nevadas\\\/\",\"name\":\"Espa\\u00f1a se prepara para nuevas nevadas - El Digital de Asturias\",\"description\":\"El Ministerio de Fomento ha activado los medios necesarios para hacer frente a las nevadas que puedan producirse los pr\\u00f3ximos d\\u00edas. La Agencia Estatal de Meteorolog\\u00eda ha emitido para el jueves 26 y el viernes 27 de enero un bolet\\u00edn de aviso por nevadas de nivel amarillo en la Comunidad de Madrid, y para el\",\"inLanguage\":\"es-ES\",\"isPartOf\":{\"@id\":\"https:\\\/\\\/www.eldigitaldeasturias.com\\\/noticias\\\/#website\"},\"breadcrumb\":{\"@id\":\"https:\\\/\\\/www.eldigitaldeasturias.com\\\/noticias\\\/espana-se-prepara-para-nuevas-nevadas\\\/#breadcrumblist\"},\"author\":{\"@id\":\"https:\\\/\\\/www.eldigitaldeasturias.com\\\/noticias\\\/author\\\/admin\\\/#author\"},\"creator\":{\"@id\":\"https:\\\/\\\/www.eldigitaldeasturias.com\\\/noticias\\\/author\\\/admin\\\/#author\"},\"image\":{\"@type\":\"ImageObject\",\"url\":\"https:\\\/\\\/www.eldigitaldeasturias.com\\\/noticias\\\/wp-content\\\/uploads\\\/2015\\\/01\\\/9744195w.jpg\",\"@id\":\"https:\\\/\\\/www.eldigitaldeasturias.com\\\/noticias\\\/espana-se-prepara-para-nuevas-nevadas\\\/#mainImage\",\"width\":700,\"height\":820},\"primaryImageOfPage\":{\"@id\":\"https:\\\/\\\/www.eldigitaldeasturias.com\\\/noticias\\\/espana-se-prepara-para-nuevas-nevadas\\\/#mainImage\"},\"datePublished\":\"2017-01-27T04:36:53+01:00\",\"dateModified\":\"2017-01-27T04:36:53+01:00\"},{\"@type\":\"WebSite\",\"@id\":\"https:\\\/\\\/www.eldigitaldeasturias.com\\\/noticias\\\/#website\",\"url\":\"https:\\\/\\\/www.eldigitaldeasturias.com\\\/noticias\\\/\",\"name\":\"El Digital de Asturias - Diario de actualidad y noticias\",\"alternateName\":\"El Digital de Asturias - Diario de actualidad y noticias\",\"description\":\"Hemeroteca\",\"inLanguage\":\"es-ES\",\"publisher\":{\"@id\":\"https:\\\/\\\/www.eldigitaldeasturias.com\\\/noticias\\\/#organization\"}}]}\n\t\t<\/script>\n\t\t<!-- All in One SEO Pro -->\r\n\t\t<title>Espa\u00f1a se prepara para nuevas nevadas - El Digital de Asturias<\/title>\n\n","aioseo_head_json":{"title":"Espa\u00f1a se prepara para nuevas nevadas - El Digital de Asturias","description":"El Ministerio de Fomento ha activado los medios necesarios para hacer frente a las nevadas que puedan producirse los pr\u00f3ximos d\u00edas. La Agencia Estatal de Meteorolog\u00eda ha emitido para el jueves 26 y el viernes 27 de enero un bolet\u00edn de aviso por nevadas de nivel amarillo en la Comunidad de Madrid, y para el","canonical_url":"https:\/\/www.eldigitaldeasturias.com\/noticias\/espana-se-prepara-para-nuevas-nevadas\/","robots":"max-image-preview:large","keywords":"destacadas","webmasterTools":{"google-site-verification":"UA-38556648-1","msvalidate.01":"7dfe9f3f1b24437ab69f4f2559babe99","miscellaneous":""},"schema":{"@context":"https:\/\/schema.org","@graph":[{"@type":"BlogPosting","@id":"https:\/\/www.eldigitaldeasturias.com\/noticias\/espana-se-prepara-para-nuevas-nevadas\/#blogposting","name":"Espa\u00f1a se prepara para nuevas nevadas - El Digital de Asturias","headline":"Espa\u00f1a se prepara para nuevas nevadas","author":{"@id":"https:\/\/www.eldigitaldeasturias.com\/noticias\/author\/admin\/#author"},"publisher":{"@id":"https:\/\/www.eldigitaldeasturias.com\/noticias\/#organization"},"image":{"@type":"ImageObject","url":"https:\/\/www.eldigitaldeasturias.com\/noticias\/wp-content\/uploads\/2015\/01\/9744195w.jpg","width":700,"height":820},"datePublished":"2017-01-27T04:36:53+01:00","dateModified":"2017-01-27T04:36:53+01:00","inLanguage":"es-ES","mainEntityOfPage":{"@id":"https:\/\/www.eldigitaldeasturias.com\/noticias\/espana-se-prepara-para-nuevas-nevadas\/#webpage"},"isPartOf":{"@id":"https:\/\/www.eldigitaldeasturias.com\/noticias\/espana-se-prepara-para-nuevas-nevadas\/#webpage"},"articleSection":"Destacadas"},{"@type":"BreadcrumbList","@id":"https:\/\/www.eldigitaldeasturias.com\/noticias\/espana-se-prepara-para-nuevas-nevadas\/#breadcrumblist","itemListElement":[{"@type":"ListItem","@id":"https:\/\/www.eldigitaldeasturias.com\/noticias#listItem","position":1,"name":"Home","item":"https:\/\/www.eldigitaldeasturias.com\/noticias","nextItem":{"@type":"ListItem","@id":"https:\/\/www.eldigitaldeasturias.com\/noticias\/category\/destacadas\/#listItem","name":"Destacadas"}},{"@type":"ListItem","@id":"https:\/\/www.eldigitaldeasturias.com\/noticias\/category\/destacadas\/#listItem","position":2,"name":"Destacadas","item":"https:\/\/www.eldigitaldeasturias.com\/noticias\/category\/destacadas\/","nextItem":{"@type":"ListItem","@id":"https:\/\/www.eldigitaldeasturias.com\/noticias\/espana-se-prepara-para-nuevas-nevadas\/#listItem","name":"Espa\u00f1a se prepara para nuevas nevadas"},"previousItem":{"@type":"ListItem","@id":"https:\/\/www.eldigitaldeasturias.com\/noticias#listItem","name":"Home"}},{"@type":"ListItem","@id":"https:\/\/www.eldigitaldeasturias.com\/noticias\/espana-se-prepara-para-nuevas-nevadas\/#listItem","position":3,"name":"Espa\u00f1a se prepara para nuevas nevadas","previousItem":{"@type":"ListItem","@id":"https:\/\/www.eldigitaldeasturias.com\/noticias\/category\/destacadas\/#listItem","name":"Destacadas"}}]},{"@type":"Organization","@id":"https:\/\/www.eldigitaldeasturias.com\/noticias\/#organization","name":"El Digital de Asturias","description":"Hemeroteca","url":"https:\/\/www.eldigitaldeasturias.com\/noticias\/","email":"info@eldigitaldeasturias.com","telephone":"+34652131393","logo":{"@type":"ImageObject","url":"https:\/\/www.eldigitaldeasturias.com\/noticias\/wp-content\/uploads\/2020\/12\/EDA.jpg","@id":"https:\/\/www.eldigitaldeasturias.com\/noticias\/espana-se-prepara-para-nuevas-nevadas\/#organizationLogo","width":649,"height":297},"image":{"@id":"https:\/\/www.eldigitaldeasturias.com\/noticias\/espana-se-prepara-para-nuevas-nevadas\/#organizationLogo"},"sameAs":["https:\/\/facebook.com\/eldigitaldeasturias","https:\/\/www.youtube.com\/channel\/UCZP-2wLEB9Rv6erhFmqVnvg"],"address":{"@id":"https:\/\/www.eldigitaldeasturias.com\/noticias\/#postaladdress","@type":"PostalAddress","streetAddress":"san antonio 4,","postalCode":"33430","addressLocality":"Cand\u00e1s","addressRegion":"Asturias","addressCountry":"ES"}},{"@type":"Person","@id":"https:\/\/www.eldigitaldeasturias.com\/noticias\/author\/admin\/#author","url":"https:\/\/www.eldigitaldeasturias.com\/noticias\/author\/admin\/","name":"El Digital de Asturias","image":{"@type":"ImageObject","@id":"https:\/\/www.eldigitaldeasturias.com\/noticias\/espana-se-prepara-para-nuevas-nevadas\/#authorImage","url":"https:\/\/www.eldigitaldeasturias.com\/noticias\/wp-content\/litespeed\/avatar\/18677e78aa0546b92d9dbf31ec7d7668.jpg?ver=1777290358","width":96,"height":96,"caption":"El Digital de Asturias"}},{"@type":"WebPage","@id":"https:\/\/www.eldigitaldeasturias.com\/noticias\/espana-se-prepara-para-nuevas-nevadas\/#webpage","url":"https:\/\/www.eldigitaldeasturias.com\/noticias\/espana-se-prepara-para-nuevas-nevadas\/","name":"Espa\u00f1a se prepara para nuevas nevadas - El Digital de Asturias","description":"El Ministerio de Fomento ha activado los medios necesarios para hacer frente a las nevadas que puedan producirse los pr\u00f3ximos d\u00edas. La Agencia Estatal de Meteorolog\u00eda ha emitido para el jueves 26 y el viernes 27 de enero un bolet\u00edn de aviso por nevadas de nivel amarillo en la Comunidad de Madrid, y para el","inLanguage":"es-ES","isPartOf":{"@id":"https:\/\/www.eldigitaldeasturias.com\/noticias\/#website"},"breadcrumb":{"@id":"https:\/\/www.eldigitaldeasturias.com\/noticias\/espana-se-prepara-para-nuevas-nevadas\/#breadcrumblist"},"author":{"@id":"https:\/\/www.eldigitaldeasturias.com\/noticias\/author\/admin\/#author"},"creator":{"@id":"https:\/\/www.eldigitaldeasturias.com\/noticias\/author\/admin\/#author"},"image":{"@type":"ImageObject","url":"https:\/\/www.eldigitaldeasturias.com\/noticias\/wp-content\/uploads\/2015\/01\/9744195w.jpg","@id":"https:\/\/www.eldigitaldeasturias.com\/noticias\/espana-se-prepara-para-nuevas-nevadas\/#mainImage","width":700,"height":820},"primaryImageOfPage":{"@id":"https:\/\/www.eldigitaldeasturias.com\/noticias\/espana-se-prepara-para-nuevas-nevadas\/#mainImage"},"datePublished":"2017-01-27T04:36:53+01:00","dateModified":"2017-01-27T04:36:53+01:00"},{"@type":"WebSite","@id":"https:\/\/www.eldigitaldeasturias.com\/noticias\/#website","url":"https:\/\/www.eldigitaldeasturias.com\/noticias\/","name":"El Digital de Asturias - Diario de actualidad y noticias","alternateName":"El Digital de Asturias - Diario de actualidad y noticias","description":"Hemeroteca","inLanguage":"es-ES","publisher":{"@id":"https:\/\/www.eldigitaldeasturias.com\/noticias\/#organization"}}]},"og:locale":"es_ES","og:site_name":"El Digital de Asturias","og:type":"article","og:title":"Espa\u00f1a se prepara para nuevas nevadas - El Digital de Asturias","og:description":"El Ministerio de Fomento ha activado los medios necesarios para hacer frente a las nevadas que puedan producirse los pr\u00f3ximos d\u00edas. La Agencia Estatal de Meteorolog\u00eda ha emitido para el jueves 26 y el viernes 27 de enero un bolet\u00edn de aviso por nevadas de nivel amarillo en la Comunidad de Madrid, y para el","og:url":"https:\/\/www.eldigitaldeasturias.com\/noticias\/espana-se-prepara-para-nuevas-nevadas\/","og:image":"https:\/\/www.eldigitaldeasturias.com\/noticias\/wp-content\/uploads\/2015\/01\/9744195w.jpg","og:image:secure_url":"https:\/\/www.eldigitaldeasturias.com\/noticias\/wp-content\/uploads\/2015\/01\/9744195w.jpg","og:image:width":700,"og:image:height":820,"article:tag":["destacadas"],"article:published_time":"2017-01-27T04:36:53+00:00","article:modified_time":"2017-01-27T04:36:53+00:00","article:publisher":"https:\/\/facebook.com\/eldigitaldeasturias","twitter:card":"summary_large_image","twitter:title":"Espa\u00f1a se prepara para nuevas nevadas - El Digital de Asturias","twitter:description":"El Ministerio de Fomento ha activado los medios necesarios para hacer frente a las nevadas que puedan producirse los pr\u00f3ximos d\u00edas. La Agencia Estatal de Meteorolog\u00eda ha emitido para el jueves 26 y el viernes 27 de enero un bolet\u00edn de aviso por nevadas de nivel amarillo en la Comunidad de Madrid, y para el","twitter:image":"https:\/\/www.eldigitaldeasturias.com\/noticias\/wp-content\/uploads\/2015\/01\/9744195w.jpg","twitter:label1":"Escrito por","twitter:data1":"El Digital de Asturias","twitter:label2":"Tiempo de lectura estimado","twitter:data2":"2 minutos"},"aioseo_meta_data":{"post_id":"923777","title":null,"description":null,"keywords":null,"keyphrases":null,"primary_term":null,"canonical_url":null,"og_title":null,"og_description":null,"og_object_type":"default","og_image_type":"default","og_image_url":null,"og_image_width":null,"og_image_height":null,"og_image_custom_url":null,"og_image_custom_fields":null,"og_video":null,"og_custom_url":null,"og_article_section":null,"og_article_tags":null,"twitter_use_og":false,"twitter_card":"default","twitter_image_type":"default","twitter_image_url":null,"twitter_image_custom_url":null,"twitter_image_custom_fields":null,"twitter_title":null,"twitter_description":null,"schema":{"blockGraphs":[],"customGraphs":[],"default":{"data":{"Article":[],"Course":[],"Dataset":[],"FAQPage":[],"Movie":[],"Person":[],"Product":[],"ProductReview":[],"Car":[],"Recipe":[],"Service":[],"SoftwareApplication":[],"WebPage":[]},"graphName":"","isEnabled":true},"graphs":[],"defaultGraph":"","defaultPostTypeGraph":""},"schema_type":null,"schema_type_options":null,"pillar_content":false,"robots_default":true,"robots_noindex":false,"robots_noarchive":false,"robots_nosnippet":false,"robots_nofollow":false,"robots_noimageindex":false,"robots_noodp":false,"robots_notranslate":false,"robots_max_snippet":null,"robots_max_videopreview":null,"robots_max_imagepreview":"large","priority":null,"frequency":null,"local_seo":null,"seo_analyzer_scan_date":"2025-12-02 21:46:43","breadcrumb_settings":null,"limit_modified_date":false,"open_ai":null,"ai":null,"created":"2020-12-21 13:40:47","updated":"2025-12-02 21:46:43"},"aioseo_breadcrumb":"<div class=\"aioseo-breadcrumbs\"><span class=\"aioseo-breadcrumb\">\n\t<a href=\"https:\/\/www.eldigitaldeasturias.com\/noticias\" title=\"Home\">Home<\/a>\n<\/span><span class=\"aioseo-breadcrumb-separator\">\u2013<\/span><span class=\"aioseo-breadcrumb\">\n\t<a href=\"https:\/\/www.eldigitaldeasturias.com\/noticias\/category\/destacadas\/\" title=\"Destacadas\">Destacadas<\/a>\n<\/span><span class=\"aioseo-breadcrumb-separator\">\u2013<\/span><span class=\"aioseo-breadcrumb\">\n\t<a href=\"https:\/\/www.eldigitaldeasturias.com\/noticias\/espana-se-prepara-para-nuevas-nevadas\/\" title=\"Espa\u00f1a se prepara para nuevas nevadas\">Espa\u00f1a se prepara para nuevas nevadas<\/a>\n<\/span><\/div>","aioseo_breadcrumb_json":[{"label":"Home","link":"https:\/\/www.eldigitaldeasturias.com\/noticias"},{"label":"Destacadas","link":"https:\/\/www.eldigitaldeasturias.com\/noticias\/category\/destacadas\/"},{"label":"Espa\u00f1a se prepara para nuevas nevadas","link":"https:\/\/www.eldigitaldeasturias.com\/noticias\/espana-se-prepara-para-nuevas-nevadas\/"}],"_links":{"self":[{"href":"https:\/\/www.eldigitaldeasturias.com\/noticias\/wp-json\/wp\/v2\/posts\/923777","targetHints":{"allow":["GET"]}}],"collection":[{"href":"https:\/\/www.eldigitaldeasturias.com\/noticias\/wp-json\/wp\/v2\/posts"}],"about":[{"href":"https:\/\/www.eldigitaldeasturias.com\/noticias\/wp-json\/wp\/v2\/types\/post"}],"author":[{"embeddable":true,"href":"https:\/\/www.eldigitaldeasturias.com\/noticias\/wp-json\/wp\/v2\/users\/1"}],"replies":[{"embeddable":true,"href":"https:\/\/www.eldigitaldeasturias.com\/noticias\/wp-json\/wp\/v2\/comments?post=923777"}],"version-history":[{"count":0,"href":"https:\/\/www.eldigitaldeasturias.com\/noticias\/wp-json\/wp\/v2\/posts\/923777\/revisions"}],"wp:featuredmedia":[{"embeddable":true,"href":"https:\/\/www.eldigitaldeasturias.com\/noticias\/wp-json\/wp\/v2\/media\/751115"}],"wp:attachment":[{"href":"https:\/\/www.eldigitaldeasturias.com\/noticias\/wp-json\/wp\/v2\/media?parent=923777"}],"wp:term":[{"taxonomy":"category","embeddable":true,"href":"https:\/\/www.eldigitaldeasturias.com\/noticias\/wp-json\/wp\/v2\/categories?post=923777"},{"taxonomy":"post_tag","embeddable":true,"href":"https:\/\/www.eldigitaldeasturias.com\/noticias\/wp-json\/wp\/v2\/tags?post=923777"}],"curies":[{"name":"wp","href":"https:\/\/api.w.org\/{rel}","templated":true}]}}