{"id":923641,"date":"2017-01-26T16:51:33","date_gmt":"2017-01-26T16:51:33","guid":{"rendered":"http:\/\/www.eldigitaldeasturias.com\/noticias\/?p=923641"},"modified":"2017-01-26T16:51:54","modified_gmt":"2017-01-26T16:51:54","slug":"asturias-cerro-el-ano-2016-con-28-500-parados-menos-que-en-2015","status":"publish","type":"post","link":"https:\/\/www.eldigitaldeasturias.com\/noticias\/asturias-cerro-el-ano-2016-con-28-500-parados-menos-que-en-2015\/","title":{"rendered":"Asturias cerr\u00f3 el a\u00f1o 2016 con unos 28.500 parados menos que en 2015"},"content":{"rendered":"<p><img loading=\"lazy\" decoding=\"async\" class=\"alignleft size-medium wp-image-3081\" src=\"https:\/\/www.eldigitaldeasturias.com\/noticias\/wp-content\/uploads\/2013\/09\/paro-360x240.jpg\" alt=\"\" width=\"360\" height=\"240\" \/>Asturias cerr\u00f3 el \u00faltimo trimestre de 2016 con 28.500 parados menos que en el mismo periodo de 2015, seg\u00fan los datos publicados hoy por la Encuesta de Poblaci\u00f3n Activa (EPA). Unas estimaciones que el consejero de Empleo, Industria y Turismo, Francisco Blanco, ha considerado positivas y que a su juicio constatan la buena evoluci\u00f3n del mercado de trabajo en la comunidad.<\/p>\n<p>Blanco ha destacado tambi\u00e9n que Asturias registr\u00f3 el mayor descenso interanual del desempleo de Espa\u00f1a, con una ca\u00edda del 29,78%, hasta llegar a los 67.300 parados, lo que sit\u00faa la tasa de desempleo en este periodo en el 14,59%, frente a la del 20,33% de 2015.<\/p>\n<p>En relaci\u00f3n al empleo, la EPA tambi\u00e9n refleja un aumento de la ocupaci\u00f3n en el \u00faltimo trimestre del a\u00f1o respecto al mismo per\u00edodo de 2015, hasta alcanzar los 393.800 empleados. En este sentido, Blanco ha resaltado el incremento registrado en el sector de la industria, que ha pasado de 52.300 a 62.700 ocupados.<\/p>\n<p>Si se analizan las medias anuales, los datos vuelven a ser positivos, con un crecimiento de la ocupaci\u00f3n y un descenso del paro en los \u00faltimos a\u00f1os. La cifra media de desempleados se redujo un 7,09% durante 2016 para situarse en 82.600 personas, 6.300 menos que en 2015.<\/p>\n<p>En cuanto al empleo, el Principado contabiliz\u00f3 9.900 ocupados m\u00e1s de media, lo que supone un aumento del 2,63%, hasta alcanzar las 386.100 personas con trabajo. Asturias, adem\u00e1s, mantiene un descenso medio anual del n\u00famero de parados desde 2013. En el caso del empleo, la regi\u00f3n registr\u00f3 un incremento destacado de la ocupaci\u00f3n en el per\u00edodo 2013-2014, mantuvo el n\u00famero de ocupados en 2015 y volvi\u00f3 a experimentar un elevado incremento en 2016.<\/p>\n<p>La tasa de paro media se situ\u00f3 en el 17,61% en 2016, mientras que la de actividad fue del 51,68%. En el caso de Asturias, es aconsejable utilizar las cantidades y tasas medias anuales, ya que al tratarse de una comunidad peque\u00f1a, el tama\u00f1o de la muestra es reducido y pueden producirse oscilaciones trimestrales importantes.<\/p>\n","protected":false},"excerpt":{"rendered":"<p>Asturias cerr\u00f3 el \u00faltimo trimestre de 2016 con 28.500 parados menos que en el mismo periodo de 2015, seg\u00fan los datos publicados hoy por la Encuesta de Poblaci\u00f3n Activa (EPA). Unas estimaciones que el consejero de Empleo, Industria y Turismo, Francisco Blanco, ha considerado positivas y que a su juicio constatan la buena evoluci\u00f3n del [&hellip;]<\/p>\n","protected":false},"author":1,"featured_media":778139,"comment_status":"closed","ping_status":"closed","sticky":false,"template":"","format":"standard","meta":{"footnotes":""},"categories":[141],"tags":[],"class_list":["post-923641","post","type-post","status-publish","format-standard","has-post-thumbnail","hentry","category-destacadas"],"aioseo_notices":[],"aioseo_head":"\n\t\t<!-- All in One SEO Pro 4.9.6.2 - aioseo.com -->\n\t<meta name=\"description\" content=\"Asturias cerr\u00f3 el \u00faltimo trimestre de 2016 con 28.500 parados menos que en el mismo periodo de 2015, seg\u00fan los datos publicados hoy por la Encuesta de Poblaci\u00f3n Activa (EPA). Unas estimaciones que el consejero de Empleo, Industria y Turismo, Francisco Blanco, ha considerado positivas y que a su juicio constatan la buena evoluci\u00f3n del\" \/>\n\t<meta name=\"robots\" content=\"max-image-preview:large\" \/>\n\t<meta name=\"author\" content=\"El Digital de Asturias\"\/>\n\t<meta name=\"google-site-verification\" content=\"UA-38556648-1\" \/>\n\t<meta name=\"msvalidate.01\" content=\"7dfe9f3f1b24437ab69f4f2559babe99\" \/>\n\t<meta name=\"keywords\" content=\"destacadas\" \/>\n\t<link rel=\"canonical\" href=\"https:\/\/www.eldigitaldeasturias.com\/noticias\/asturias-cerro-el-ano-2016-con-28-500-parados-menos-que-en-2015\/\" \/>\n\t<meta name=\"generator\" content=\"All in One SEO Pro (AIOSEO) 4.9.6.2\" \/>\n\t\t<meta property=\"og:locale\" content=\"es_ES\" \/>\n\t\t<meta property=\"og:site_name\" content=\"El Digital de Asturias\" \/>\n\t\t<meta property=\"og:type\" content=\"article\" \/>\n\t\t<meta property=\"og:title\" content=\"Asturias cerr\u00f3 el a\u00f1o 2016 con unos 28.500 parados menos que en 2015 - El Digital de Asturias\" \/>\n\t\t<meta property=\"og:description\" content=\"Asturias cerr\u00f3 el \u00faltimo trimestre de 2016 con 28.500 parados menos que en el mismo periodo de 2015, seg\u00fan los datos publicados hoy por la Encuesta de Poblaci\u00f3n Activa (EPA). Unas estimaciones que el consejero de Empleo, Industria y Turismo, Francisco Blanco, ha considerado positivas y que a su juicio constatan la buena evoluci\u00f3n del\" \/>\n\t\t<meta property=\"og:url\" content=\"https:\/\/www.eldigitaldeasturias.com\/noticias\/asturias-cerro-el-ano-2016-con-28-500-parados-menos-que-en-2015\/\" \/>\n\t\t<meta property=\"og:image\" content=\"https:\/\/www.eldigitaldeasturias.com\/noticias\/wp-content\/uploads\/2015\/04\/industria1.jpg\" \/>\n\t\t<meta property=\"og:image:secure_url\" content=\"https:\/\/www.eldigitaldeasturias.com\/noticias\/wp-content\/uploads\/2015\/04\/industria1.jpg\" \/>\n\t\t<meta property=\"og:image:width\" content=\"800\" \/>\n\t\t<meta property=\"og:image:height\" content=\"600\" \/>\n\t\t<meta property=\"article:tag\" content=\"destacadas\" \/>\n\t\t<meta property=\"article:published_time\" content=\"2017-01-26T16:51:33+00:00\" \/>\n\t\t<meta property=\"article:modified_time\" content=\"2017-01-26T16:51:54+00:00\" \/>\n\t\t<meta property=\"article:publisher\" content=\"https:\/\/facebook.com\/eldigitaldeasturias\" \/>\n\t\t<meta name=\"twitter:card\" content=\"summary_large_image\" \/>\n\t\t<meta name=\"twitter:title\" content=\"Asturias cerr\u00f3 el a\u00f1o 2016 con unos 28.500 parados menos que en 2015 - El Digital de Asturias\" \/>\n\t\t<meta name=\"twitter:description\" content=\"Asturias cerr\u00f3 el \u00faltimo trimestre de 2016 con 28.500 parados menos que en el mismo periodo de 2015, seg\u00fan los datos publicados hoy por la Encuesta de Poblaci\u00f3n Activa (EPA). Unas estimaciones que el consejero de Empleo, Industria y Turismo, Francisco Blanco, ha considerado positivas y que a su juicio constatan la buena evoluci\u00f3n del\" \/>\n\t\t<meta name=\"twitter:image\" content=\"https:\/\/www.eldigitaldeasturias.com\/noticias\/wp-content\/uploads\/2015\/04\/industria1.jpg\" \/>\n\t\t<meta name=\"twitter:label1\" content=\"Escrito por\" \/>\n\t\t<meta name=\"twitter:data1\" content=\"El Digital de Asturias\" \/>\n\t\t<meta name=\"twitter:label2\" content=\"Tiempo de lectura estimado\" \/>\n\t\t<meta name=\"twitter:data2\" content=\"2 minutos\" \/>\n\t\t<script type=\"application\/ld+json\" class=\"aioseo-schema\">\n\t\t\t{\"@context\":\"https:\\\/\\\/schema.org\",\"@graph\":[{\"@type\":\"BlogPosting\",\"@id\":\"https:\\\/\\\/www.eldigitaldeasturias.com\\\/noticias\\\/asturias-cerro-el-ano-2016-con-28-500-parados-menos-que-en-2015\\\/#blogposting\",\"name\":\"Asturias cerr\\u00f3 el a\\u00f1o 2016 con unos 28.500 parados menos que en 2015 - El Digital de Asturias\",\"headline\":\"Asturias cerr\\u00f3 el a\\u00f1o 2016 con unos 28.500 parados menos que en 2015\",\"author\":{\"@id\":\"https:\\\/\\\/www.eldigitaldeasturias.com\\\/noticias\\\/author\\\/admin\\\/#author\"},\"publisher\":{\"@id\":\"https:\\\/\\\/www.eldigitaldeasturias.com\\\/noticias\\\/#organization\"},\"image\":{\"@type\":\"ImageObject\",\"url\":\"https:\\\/\\\/www.eldigitaldeasturias.com\\\/noticias\\\/wp-content\\\/uploads\\\/2015\\\/04\\\/industria1.jpg\",\"width\":800,\"height\":600},\"datePublished\":\"2017-01-26T16:51:33+01:00\",\"dateModified\":\"2017-01-26T16:51:54+01:00\",\"inLanguage\":\"es-ES\",\"mainEntityOfPage\":{\"@id\":\"https:\\\/\\\/www.eldigitaldeasturias.com\\\/noticias\\\/asturias-cerro-el-ano-2016-con-28-500-parados-menos-que-en-2015\\\/#webpage\"},\"isPartOf\":{\"@id\":\"https:\\\/\\\/www.eldigitaldeasturias.com\\\/noticias\\\/asturias-cerro-el-ano-2016-con-28-500-parados-menos-que-en-2015\\\/#webpage\"},\"articleSection\":\"Destacadas\"},{\"@type\":\"BreadcrumbList\",\"@id\":\"https:\\\/\\\/www.eldigitaldeasturias.com\\\/noticias\\\/asturias-cerro-el-ano-2016-con-28-500-parados-menos-que-en-2015\\\/#breadcrumblist\",\"itemListElement\":[{\"@type\":\"ListItem\",\"@id\":\"https:\\\/\\\/www.eldigitaldeasturias.com\\\/noticias#listItem\",\"position\":1,\"name\":\"Home\",\"item\":\"https:\\\/\\\/www.eldigitaldeasturias.com\\\/noticias\",\"nextItem\":{\"@type\":\"ListItem\",\"@id\":\"https:\\\/\\\/www.eldigitaldeasturias.com\\\/noticias\\\/category\\\/destacadas\\\/#listItem\",\"name\":\"Destacadas\"}},{\"@type\":\"ListItem\",\"@id\":\"https:\\\/\\\/www.eldigitaldeasturias.com\\\/noticias\\\/category\\\/destacadas\\\/#listItem\",\"position\":2,\"name\":\"Destacadas\",\"item\":\"https:\\\/\\\/www.eldigitaldeasturias.com\\\/noticias\\\/category\\\/destacadas\\\/\",\"nextItem\":{\"@type\":\"ListItem\",\"@id\":\"https:\\\/\\\/www.eldigitaldeasturias.com\\\/noticias\\\/asturias-cerro-el-ano-2016-con-28-500-parados-menos-que-en-2015\\\/#listItem\",\"name\":\"Asturias cerr\\u00f3 el a\\u00f1o 2016 con unos 28.500 parados menos que en 2015\"},\"previousItem\":{\"@type\":\"ListItem\",\"@id\":\"https:\\\/\\\/www.eldigitaldeasturias.com\\\/noticias#listItem\",\"name\":\"Home\"}},{\"@type\":\"ListItem\",\"@id\":\"https:\\\/\\\/www.eldigitaldeasturias.com\\\/noticias\\\/asturias-cerro-el-ano-2016-con-28-500-parados-menos-que-en-2015\\\/#listItem\",\"position\":3,\"name\":\"Asturias cerr\\u00f3 el a\\u00f1o 2016 con unos 28.500 parados menos que en 2015\",\"previousItem\":{\"@type\":\"ListItem\",\"@id\":\"https:\\\/\\\/www.eldigitaldeasturias.com\\\/noticias\\\/category\\\/destacadas\\\/#listItem\",\"name\":\"Destacadas\"}}]},{\"@type\":\"Organization\",\"@id\":\"https:\\\/\\\/www.eldigitaldeasturias.com\\\/noticias\\\/#organization\",\"name\":\"El Digital de Asturias\",\"description\":\"Hemeroteca\",\"url\":\"https:\\\/\\\/www.eldigitaldeasturias.com\\\/noticias\\\/\",\"email\":\"info@eldigitaldeasturias.com\",\"telephone\":\"+34652131393\",\"logo\":{\"@type\":\"ImageObject\",\"url\":\"https:\\\/\\\/www.eldigitaldeasturias.com\\\/noticias\\\/wp-content\\\/uploads\\\/2020\\\/12\\\/EDA.jpg\",\"@id\":\"https:\\\/\\\/www.eldigitaldeasturias.com\\\/noticias\\\/asturias-cerro-el-ano-2016-con-28-500-parados-menos-que-en-2015\\\/#organizationLogo\",\"width\":649,\"height\":297},\"image\":{\"@id\":\"https:\\\/\\\/www.eldigitaldeasturias.com\\\/noticias\\\/asturias-cerro-el-ano-2016-con-28-500-parados-menos-que-en-2015\\\/#organizationLogo\"},\"sameAs\":[\"https:\\\/\\\/facebook.com\\\/eldigitaldeasturias\",\"https:\\\/\\\/www.youtube.com\\\/channel\\\/UCZP-2wLEB9Rv6erhFmqVnvg\"],\"address\":{\"@id\":\"https:\\\/\\\/www.eldigitaldeasturias.com\\\/noticias\\\/#postaladdress\",\"@type\":\"PostalAddress\",\"streetAddress\":\"san antonio 4,\",\"postalCode\":\"33430\",\"addressLocality\":\"Cand\\u00e1s\",\"addressRegion\":\"Asturias\",\"addressCountry\":\"ES\"}},{\"@type\":\"Person\",\"@id\":\"https:\\\/\\\/www.eldigitaldeasturias.com\\\/noticias\\\/author\\\/admin\\\/#author\",\"url\":\"https:\\\/\\\/www.eldigitaldeasturias.com\\\/noticias\\\/author\\\/admin\\\/\",\"name\":\"El Digital de Asturias\",\"image\":{\"@type\":\"ImageObject\",\"@id\":\"https:\\\/\\\/www.eldigitaldeasturias.com\\\/noticias\\\/asturias-cerro-el-ano-2016-con-28-500-parados-menos-que-en-2015\\\/#authorImage\",\"url\":\"https:\\\/\\\/www.eldigitaldeasturias.com\\\/noticias\\\/wp-content\\\/litespeed\\\/avatar\\\/18677e78aa0546b92d9dbf31ec7d7668.jpg?ver=1777290358\",\"width\":96,\"height\":96,\"caption\":\"El Digital de Asturias\"}},{\"@type\":\"WebPage\",\"@id\":\"https:\\\/\\\/www.eldigitaldeasturias.com\\\/noticias\\\/asturias-cerro-el-ano-2016-con-28-500-parados-menos-que-en-2015\\\/#webpage\",\"url\":\"https:\\\/\\\/www.eldigitaldeasturias.com\\\/noticias\\\/asturias-cerro-el-ano-2016-con-28-500-parados-menos-que-en-2015\\\/\",\"name\":\"Asturias cerr\\u00f3 el a\\u00f1o 2016 con unos 28.500 parados menos que en 2015 - El Digital de Asturias\",\"description\":\"Asturias cerr\\u00f3 el \\u00faltimo trimestre de 2016 con 28.500 parados menos que en el mismo periodo de 2015, seg\\u00fan los datos publicados hoy por la Encuesta de Poblaci\\u00f3n Activa (EPA). Unas estimaciones que el consejero de Empleo, Industria y Turismo, Francisco Blanco, ha considerado positivas y que a su juicio constatan la buena evoluci\\u00f3n del\",\"inLanguage\":\"es-ES\",\"isPartOf\":{\"@id\":\"https:\\\/\\\/www.eldigitaldeasturias.com\\\/noticias\\\/#website\"},\"breadcrumb\":{\"@id\":\"https:\\\/\\\/www.eldigitaldeasturias.com\\\/noticias\\\/asturias-cerro-el-ano-2016-con-28-500-parados-menos-que-en-2015\\\/#breadcrumblist\"},\"author\":{\"@id\":\"https:\\\/\\\/www.eldigitaldeasturias.com\\\/noticias\\\/author\\\/admin\\\/#author\"},\"creator\":{\"@id\":\"https:\\\/\\\/www.eldigitaldeasturias.com\\\/noticias\\\/author\\\/admin\\\/#author\"},\"image\":{\"@type\":\"ImageObject\",\"url\":\"https:\\\/\\\/www.eldigitaldeasturias.com\\\/noticias\\\/wp-content\\\/uploads\\\/2015\\\/04\\\/industria1.jpg\",\"@id\":\"https:\\\/\\\/www.eldigitaldeasturias.com\\\/noticias\\\/asturias-cerro-el-ano-2016-con-28-500-parados-menos-que-en-2015\\\/#mainImage\",\"width\":800,\"height\":600},\"primaryImageOfPage\":{\"@id\":\"https:\\\/\\\/www.eldigitaldeasturias.com\\\/noticias\\\/asturias-cerro-el-ano-2016-con-28-500-parados-menos-que-en-2015\\\/#mainImage\"},\"datePublished\":\"2017-01-26T16:51:33+01:00\",\"dateModified\":\"2017-01-26T16:51:54+01:00\"},{\"@type\":\"WebSite\",\"@id\":\"https:\\\/\\\/www.eldigitaldeasturias.com\\\/noticias\\\/#website\",\"url\":\"https:\\\/\\\/www.eldigitaldeasturias.com\\\/noticias\\\/\",\"name\":\"El Digital de Asturias - Diario de actualidad y noticias\",\"alternateName\":\"El Digital de Asturias - Diario de actualidad y noticias\",\"description\":\"Hemeroteca\",\"inLanguage\":\"es-ES\",\"publisher\":{\"@id\":\"https:\\\/\\\/www.eldigitaldeasturias.com\\\/noticias\\\/#organization\"}}]}\n\t\t<\/script>\n\t\t<!-- All in One SEO Pro -->\r\n\t\t<title>Asturias cerr\u00f3 el a\u00f1o 2016 con unos 28.500 parados menos que en 2015 - El Digital de Asturias<\/title>\n\n","aioseo_head_json":{"title":"Asturias cerr\u00f3 el a\u00f1o 2016 con unos 28.500 parados menos que en 2015 - El Digital de Asturias","description":"Asturias cerr\u00f3 el \u00faltimo trimestre de 2016 con 28.500 parados menos que en el mismo periodo de 2015, seg\u00fan los datos publicados hoy por la Encuesta de Poblaci\u00f3n Activa (EPA). Unas estimaciones que el consejero de Empleo, Industria y Turismo, Francisco Blanco, ha considerado positivas y que a su juicio constatan la buena evoluci\u00f3n del","canonical_url":"https:\/\/www.eldigitaldeasturias.com\/noticias\/asturias-cerro-el-ano-2016-con-28-500-parados-menos-que-en-2015\/","robots":"max-image-preview:large","keywords":"destacadas","webmasterTools":{"google-site-verification":"UA-38556648-1","msvalidate.01":"7dfe9f3f1b24437ab69f4f2559babe99","miscellaneous":""},"schema":{"@context":"https:\/\/schema.org","@graph":[{"@type":"BlogPosting","@id":"https:\/\/www.eldigitaldeasturias.com\/noticias\/asturias-cerro-el-ano-2016-con-28-500-parados-menos-que-en-2015\/#blogposting","name":"Asturias cerr\u00f3 el a\u00f1o 2016 con unos 28.500 parados menos que en 2015 - El Digital de Asturias","headline":"Asturias cerr\u00f3 el a\u00f1o 2016 con unos 28.500 parados menos que en 2015","author":{"@id":"https:\/\/www.eldigitaldeasturias.com\/noticias\/author\/admin\/#author"},"publisher":{"@id":"https:\/\/www.eldigitaldeasturias.com\/noticias\/#organization"},"image":{"@type":"ImageObject","url":"https:\/\/www.eldigitaldeasturias.com\/noticias\/wp-content\/uploads\/2015\/04\/industria1.jpg","width":800,"height":600},"datePublished":"2017-01-26T16:51:33+01:00","dateModified":"2017-01-26T16:51:54+01:00","inLanguage":"es-ES","mainEntityOfPage":{"@id":"https:\/\/www.eldigitaldeasturias.com\/noticias\/asturias-cerro-el-ano-2016-con-28-500-parados-menos-que-en-2015\/#webpage"},"isPartOf":{"@id":"https:\/\/www.eldigitaldeasturias.com\/noticias\/asturias-cerro-el-ano-2016-con-28-500-parados-menos-que-en-2015\/#webpage"},"articleSection":"Destacadas"},{"@type":"BreadcrumbList","@id":"https:\/\/www.eldigitaldeasturias.com\/noticias\/asturias-cerro-el-ano-2016-con-28-500-parados-menos-que-en-2015\/#breadcrumblist","itemListElement":[{"@type":"ListItem","@id":"https:\/\/www.eldigitaldeasturias.com\/noticias#listItem","position":1,"name":"Home","item":"https:\/\/www.eldigitaldeasturias.com\/noticias","nextItem":{"@type":"ListItem","@id":"https:\/\/www.eldigitaldeasturias.com\/noticias\/category\/destacadas\/#listItem","name":"Destacadas"}},{"@type":"ListItem","@id":"https:\/\/www.eldigitaldeasturias.com\/noticias\/category\/destacadas\/#listItem","position":2,"name":"Destacadas","item":"https:\/\/www.eldigitaldeasturias.com\/noticias\/category\/destacadas\/","nextItem":{"@type":"ListItem","@id":"https:\/\/www.eldigitaldeasturias.com\/noticias\/asturias-cerro-el-ano-2016-con-28-500-parados-menos-que-en-2015\/#listItem","name":"Asturias cerr\u00f3 el a\u00f1o 2016 con unos 28.500 parados menos que en 2015"},"previousItem":{"@type":"ListItem","@id":"https:\/\/www.eldigitaldeasturias.com\/noticias#listItem","name":"Home"}},{"@type":"ListItem","@id":"https:\/\/www.eldigitaldeasturias.com\/noticias\/asturias-cerro-el-ano-2016-con-28-500-parados-menos-que-en-2015\/#listItem","position":3,"name":"Asturias cerr\u00f3 el a\u00f1o 2016 con unos 28.500 parados menos que en 2015","previousItem":{"@type":"ListItem","@id":"https:\/\/www.eldigitaldeasturias.com\/noticias\/category\/destacadas\/#listItem","name":"Destacadas"}}]},{"@type":"Organization","@id":"https:\/\/www.eldigitaldeasturias.com\/noticias\/#organization","name":"El Digital de Asturias","description":"Hemeroteca","url":"https:\/\/www.eldigitaldeasturias.com\/noticias\/","email":"info@eldigitaldeasturias.com","telephone":"+34652131393","logo":{"@type":"ImageObject","url":"https:\/\/www.eldigitaldeasturias.com\/noticias\/wp-content\/uploads\/2020\/12\/EDA.jpg","@id":"https:\/\/www.eldigitaldeasturias.com\/noticias\/asturias-cerro-el-ano-2016-con-28-500-parados-menos-que-en-2015\/#organizationLogo","width":649,"height":297},"image":{"@id":"https:\/\/www.eldigitaldeasturias.com\/noticias\/asturias-cerro-el-ano-2016-con-28-500-parados-menos-que-en-2015\/#organizationLogo"},"sameAs":["https:\/\/facebook.com\/eldigitaldeasturias","https:\/\/www.youtube.com\/channel\/UCZP-2wLEB9Rv6erhFmqVnvg"],"address":{"@id":"https:\/\/www.eldigitaldeasturias.com\/noticias\/#postaladdress","@type":"PostalAddress","streetAddress":"san antonio 4,","postalCode":"33430","addressLocality":"Cand\u00e1s","addressRegion":"Asturias","addressCountry":"ES"}},{"@type":"Person","@id":"https:\/\/www.eldigitaldeasturias.com\/noticias\/author\/admin\/#author","url":"https:\/\/www.eldigitaldeasturias.com\/noticias\/author\/admin\/","name":"El Digital de Asturias","image":{"@type":"ImageObject","@id":"https:\/\/www.eldigitaldeasturias.com\/noticias\/asturias-cerro-el-ano-2016-con-28-500-parados-menos-que-en-2015\/#authorImage","url":"https:\/\/www.eldigitaldeasturias.com\/noticias\/wp-content\/litespeed\/avatar\/18677e78aa0546b92d9dbf31ec7d7668.jpg?ver=1777290358","width":96,"height":96,"caption":"El Digital de Asturias"}},{"@type":"WebPage","@id":"https:\/\/www.eldigitaldeasturias.com\/noticias\/asturias-cerro-el-ano-2016-con-28-500-parados-menos-que-en-2015\/#webpage","url":"https:\/\/www.eldigitaldeasturias.com\/noticias\/asturias-cerro-el-ano-2016-con-28-500-parados-menos-que-en-2015\/","name":"Asturias cerr\u00f3 el a\u00f1o 2016 con unos 28.500 parados menos que en 2015 - El Digital de Asturias","description":"Asturias cerr\u00f3 el \u00faltimo trimestre de 2016 con 28.500 parados menos que en el mismo periodo de 2015, seg\u00fan los datos publicados hoy por la Encuesta de Poblaci\u00f3n Activa (EPA). Unas estimaciones que el consejero de Empleo, Industria y Turismo, Francisco Blanco, ha considerado positivas y que a su juicio constatan la buena evoluci\u00f3n del","inLanguage":"es-ES","isPartOf":{"@id":"https:\/\/www.eldigitaldeasturias.com\/noticias\/#website"},"breadcrumb":{"@id":"https:\/\/www.eldigitaldeasturias.com\/noticias\/asturias-cerro-el-ano-2016-con-28-500-parados-menos-que-en-2015\/#breadcrumblist"},"author":{"@id":"https:\/\/www.eldigitaldeasturias.com\/noticias\/author\/admin\/#author"},"creator":{"@id":"https:\/\/www.eldigitaldeasturias.com\/noticias\/author\/admin\/#author"},"image":{"@type":"ImageObject","url":"https:\/\/www.eldigitaldeasturias.com\/noticias\/wp-content\/uploads\/2015\/04\/industria1.jpg","@id":"https:\/\/www.eldigitaldeasturias.com\/noticias\/asturias-cerro-el-ano-2016-con-28-500-parados-menos-que-en-2015\/#mainImage","width":800,"height":600},"primaryImageOfPage":{"@id":"https:\/\/www.eldigitaldeasturias.com\/noticias\/asturias-cerro-el-ano-2016-con-28-500-parados-menos-que-en-2015\/#mainImage"},"datePublished":"2017-01-26T16:51:33+01:00","dateModified":"2017-01-26T16:51:54+01:00"},{"@type":"WebSite","@id":"https:\/\/www.eldigitaldeasturias.com\/noticias\/#website","url":"https:\/\/www.eldigitaldeasturias.com\/noticias\/","name":"El Digital de Asturias - Diario de actualidad y noticias","alternateName":"El Digital de Asturias - Diario de actualidad y noticias","description":"Hemeroteca","inLanguage":"es-ES","publisher":{"@id":"https:\/\/www.eldigitaldeasturias.com\/noticias\/#organization"}}]},"og:locale":"es_ES","og:site_name":"El Digital de Asturias","og:type":"article","og:title":"Asturias cerr\u00f3 el a\u00f1o 2016 con unos 28.500 parados menos que en 2015 - El Digital de Asturias","og:description":"Asturias cerr\u00f3 el \u00faltimo trimestre de 2016 con 28.500 parados menos que en el mismo periodo de 2015, seg\u00fan los datos publicados hoy por la Encuesta de Poblaci\u00f3n Activa (EPA). Unas estimaciones que el consejero de Empleo, Industria y Turismo, Francisco Blanco, ha considerado positivas y que a su juicio constatan la buena evoluci\u00f3n del","og:url":"https:\/\/www.eldigitaldeasturias.com\/noticias\/asturias-cerro-el-ano-2016-con-28-500-parados-menos-que-en-2015\/","og:image":"https:\/\/www.eldigitaldeasturias.com\/noticias\/wp-content\/uploads\/2015\/04\/industria1.jpg","og:image:secure_url":"https:\/\/www.eldigitaldeasturias.com\/noticias\/wp-content\/uploads\/2015\/04\/industria1.jpg","og:image:width":800,"og:image:height":600,"article:tag":["destacadas"],"article:published_time":"2017-01-26T16:51:33+00:00","article:modified_time":"2017-01-26T16:51:54+00:00","article:publisher":"https:\/\/facebook.com\/eldigitaldeasturias","twitter:card":"summary_large_image","twitter:title":"Asturias cerr\u00f3 el a\u00f1o 2016 con unos 28.500 parados menos que en 2015 - El Digital de Asturias","twitter:description":"Asturias cerr\u00f3 el \u00faltimo trimestre de 2016 con 28.500 parados menos que en el mismo periodo de 2015, seg\u00fan los datos publicados hoy por la Encuesta de Poblaci\u00f3n Activa (EPA). Unas estimaciones que el consejero de Empleo, Industria y Turismo, Francisco Blanco, ha considerado positivas y que a su juicio constatan la buena evoluci\u00f3n del","twitter:image":"https:\/\/www.eldigitaldeasturias.com\/noticias\/wp-content\/uploads\/2015\/04\/industria1.jpg","twitter:label1":"Escrito por","twitter:data1":"El Digital de Asturias","twitter:label2":"Tiempo de lectura estimado","twitter:data2":"2 minutos"},"aioseo_meta_data":{"post_id":"923641","title":null,"description":null,"keywords":null,"keyphrases":null,"primary_term":null,"canonical_url":null,"og_title":null,"og_description":null,"og_object_type":"default","og_image_type":"default","og_image_url":null,"og_image_width":null,"og_image_height":null,"og_image_custom_url":null,"og_image_custom_fields":null,"og_video":null,"og_custom_url":null,"og_article_section":null,"og_article_tags":null,"twitter_use_og":false,"twitter_card":"default","twitter_image_type":"default","twitter_image_url":null,"twitter_image_custom_url":null,"twitter_image_custom_fields":null,"twitter_title":null,"twitter_description":null,"schema":{"blockGraphs":[],"customGraphs":[],"default":{"data":{"Article":[],"Course":[],"Dataset":[],"FAQPage":[],"Movie":[],"Person":[],"Product":[],"ProductReview":[],"Car":[],"Recipe":[],"Service":[],"SoftwareApplication":[],"WebPage":[]},"graphName":"","isEnabled":true},"graphs":[],"defaultGraph":"","defaultPostTypeGraph":""},"schema_type":null,"schema_type_options":null,"pillar_content":false,"robots_default":true,"robots_noindex":false,"robots_noarchive":false,"robots_nosnippet":false,"robots_nofollow":false,"robots_noimageindex":false,"robots_noodp":false,"robots_notranslate":false,"robots_max_snippet":null,"robots_max_videopreview":null,"robots_max_imagepreview":"large","priority":null,"frequency":null,"local_seo":null,"seo_analyzer_scan_date":"2025-12-02 21:19:07","breadcrumb_settings":null,"limit_modified_date":false,"open_ai":null,"ai":null,"created":"2020-12-21 13:40:47","updated":"2025-12-02 21:19:07"},"aioseo_breadcrumb":"<div class=\"aioseo-breadcrumbs\"><span class=\"aioseo-breadcrumb\">\n\t<a href=\"https:\/\/www.eldigitaldeasturias.com\/noticias\" title=\"Home\">Home<\/a>\n<\/span><span class=\"aioseo-breadcrumb-separator\">\u2013<\/span><span class=\"aioseo-breadcrumb\">\n\t<a href=\"https:\/\/www.eldigitaldeasturias.com\/noticias\/category\/destacadas\/\" title=\"Destacadas\">Destacadas<\/a>\n<\/span><span class=\"aioseo-breadcrumb-separator\">\u2013<\/span><span class=\"aioseo-breadcrumb\">\n\t<a href=\"https:\/\/www.eldigitaldeasturias.com\/noticias\/asturias-cerro-el-ano-2016-con-28-500-parados-menos-que-en-2015\/\" title=\"Asturias cerr\u00f3 el a\u00f1o 2016 con unos 28.500 parados menos que en 2015\">Asturias cerr\u00f3 el a\u00f1o 2016 con unos 28.500 parados menos que en 2015<\/a>\n<\/span><\/div>","aioseo_breadcrumb_json":[{"label":"Home","link":"https:\/\/www.eldigitaldeasturias.com\/noticias"},{"label":"Destacadas","link":"https:\/\/www.eldigitaldeasturias.com\/noticias\/category\/destacadas\/"},{"label":"Asturias cerr\u00f3 el a\u00f1o 2016 con unos 28.500 parados menos que en 2015","link":"https:\/\/www.eldigitaldeasturias.com\/noticias\/asturias-cerro-el-ano-2016-con-28-500-parados-menos-que-en-2015\/"}],"_links":{"self":[{"href":"https:\/\/www.eldigitaldeasturias.com\/noticias\/wp-json\/wp\/v2\/posts\/923641","targetHints":{"allow":["GET"]}}],"collection":[{"href":"https:\/\/www.eldigitaldeasturias.com\/noticias\/wp-json\/wp\/v2\/posts"}],"about":[{"href":"https:\/\/www.eldigitaldeasturias.com\/noticias\/wp-json\/wp\/v2\/types\/post"}],"author":[{"embeddable":true,"href":"https:\/\/www.eldigitaldeasturias.com\/noticias\/wp-json\/wp\/v2\/users\/1"}],"replies":[{"embeddable":true,"href":"https:\/\/www.eldigitaldeasturias.com\/noticias\/wp-json\/wp\/v2\/comments?post=923641"}],"version-history":[{"count":0,"href":"https:\/\/www.eldigitaldeasturias.com\/noticias\/wp-json\/wp\/v2\/posts\/923641\/revisions"}],"wp:featuredmedia":[{"embeddable":true,"href":"https:\/\/www.eldigitaldeasturias.com\/noticias\/wp-json\/wp\/v2\/media\/778139"}],"wp:attachment":[{"href":"https:\/\/www.eldigitaldeasturias.com\/noticias\/wp-json\/wp\/v2\/media?parent=923641"}],"wp:term":[{"taxonomy":"category","embeddable":true,"href":"https:\/\/www.eldigitaldeasturias.com\/noticias\/wp-json\/wp\/v2\/categories?post=923641"},{"taxonomy":"post_tag","embeddable":true,"href":"https:\/\/www.eldigitaldeasturias.com\/noticias\/wp-json\/wp\/v2\/tags?post=923641"}],"curies":[{"name":"wp","href":"https:\/\/api.w.org\/{rel}","templated":true}]}}