{"id":923594,"date":"2017-01-26T02:47:13","date_gmt":"2017-01-26T02:47:13","guid":{"rendered":"http:\/\/www.eldigitaldeasturias.com\/noticias\/?p=923594"},"modified":"2017-01-26T02:47:13","modified_gmt":"2017-01-26T02:47:13","slug":"coto-el-lio-interno-del-psoe-ocupa-todo-el-tiempo-de-javier-fernandez","status":"publish","type":"post","link":"https:\/\/www.eldigitaldeasturias.com\/noticias\/coto-el-lio-interno-del-psoe-ocupa-todo-el-tiempo-de-javier-fernandez\/","title":{"rendered":"Coto: \u201cEl l\u00edo interno del PSOE ocupa todo el tiempo de Javier Fern\u00e1ndez\u201d"},"content":{"rendered":"<p><img loading=\"lazy\" decoding=\"async\" class=\"alignleft size-medium wp-image-909336\" src=\"https:\/\/www.eldigitaldeasturias.com\/noticias\/wp-content\/uploads\/2016\/09\/COTO-FOROASTURIAS-360x253.jpg\" alt=\"\" width=\"360\" height=\"253\" srcset=\"https:\/\/www.eldigitaldeasturias.com\/noticias\/wp-content\/uploads\/2016\/09\/COTO-FOROASTURIAS-360x253.jpg 360w, https:\/\/www.eldigitaldeasturias.com\/noticias\/wp-content\/uploads\/2016\/09\/COTO-FOROASTURIAS-100x70.jpg 100w, https:\/\/www.eldigitaldeasturias.com\/noticias\/wp-content\/uploads\/2016\/09\/COTO-FOROASTURIAS-696x490.jpg 696w, https:\/\/www.eldigitaldeasturias.com\/noticias\/wp-content\/uploads\/2016\/09\/COTO-FOROASTURIAS-597x420.jpg 597w, https:\/\/www.eldigitaldeasturias.com\/noticias\/wp-content\/uploads\/2016\/09\/COTO-FOROASTURIAS-768x540.jpg 768w, https:\/\/www.eldigitaldeasturias.com\/noticias\/wp-content\/uploads\/2016\/09\/COTO-FOROASTURIAS-650x457.jpg 650w, https:\/\/www.eldigitaldeasturias.com\/noticias\/wp-content\/uploads\/2016\/09\/COTO-FOROASTURIAS.jpg 800w\" sizes=\"auto, (max-width: 360px) 100vw, 360px\" \/>La presidenta de FORO, Cristina Coto, en Rueda Informativa celebrada tras la reuni\u00f3n ordinaria de la Comisi\u00f3n Directiva, ha recordado que \u201cdesde FORO registramos una solicitud de comparecencia de Javier Fern\u00e1ndez ya en fecha 19 de diciembre, con el fin de que informara a la C\u00e1mara y a la vez recabara una posici\u00f3n com\u00fan de los grupos parlamentarios de cara a la Conferencia de Presidentes en la que se abord\u00f3 la financiaci\u00f3n auton\u00f3mica, pero hizo o\u00eddos sordos y hoy, 25 de enero, seguimos sin saber nada\u201d, se lament\u00f3.<\/p>\n<p>\u201cY estamos ante una opacidad intencionada \u2013continu\u00f3 Cristina Coto- porque Javier Fern\u00e1ndez s\u00ed se ha preocupado de trasladar que \u2018supuestamente\u2019 ha logrado que se aborde en el seno del debate el problema demogr\u00e1fico de Asturias, que es en todo caso consecuencia de sus pol\u00edticas anti-crecimiento y pro-deslocalizaci\u00f3n. A partir de ah\u00ed, la otra gran aportaci\u00f3n, junto con Susana D\u00edaz, es una propuesta de armonizaci\u00f3n fiscal para que las Comunidades que cobran menos impuestos los suban, y as\u00ed justificar su inoperancia al masacrar a los asturianos a impuestos\u201d.<\/p>\n<p>La presidenta de FORO resalt\u00f3 que \u201ccomo contraste al estilo grosero y desp\u00f3tico de Javier Fern\u00e1ndez, la Vicepresidenta del Gobierno de Espa\u00f1a, Sorya S\u00e1ez de Santamar\u00eda anuncia que va a informar de lo tratado en la Conferencia en el Senado. Pues bien, en Asturias ni antes ni despu\u00e9s de la Conferencia de Presidentes hemos escuchado a Javier Fern\u00e1ndez una palabra sobre lo tratado para abordar un nuevo modelo de financiaci\u00f3n auton\u00f3mica, en su habitual desprecio hacia la Junta General del Principado; y estamos ante un asunto en el que Asturias, la tercera Comunidad mas dependiente del Estado, se juega el futuro de sus servicios p\u00fablicos, por lo que estamos ante el en\u00e9simo ejemplo de mangancia y desprecio a la democracia parlamentaria. Es evidente que el l\u00edo interno del PSOE ocupa todo el tiempo de Javier Fern\u00e1ndez, mientras Asturias \u2013insisti\u00f3 Cristina Coto- se juega su futuro porque que somos la tercera CC.AA. m\u00e1s dependiente de los recursos del Estado\u201d.<\/p>\n<p>\u201cY quiero recordar que ya el d\u00eda 18 de este mes de enero, a trav\u00e9s de los medios de comunicaci\u00f3n, o\u00edmos hablar del \u2018optimismo\u2019 con el que el Principado aborda la conferencia, de los principios que van a inspirar el nuevo modelo, de la posible inclusi\u00f3n de la Ley de la Dependencia, de un documento que contempla al menos una docena de acuerdos: de todo ello debe informar el presidente del Principado si le queda una gota de responsabilidad y de tiempo para Asturias\u201d, a\u00f1adi\u00f3 Coto.<\/p>\n<p>Al hilo de lo recogido por los medios de comunicaci\u00f3n, Cristina Coto indica que \u201cjunto con Susana D\u00edaz, la aportaci\u00f3n de Javier Fern\u00e1ndez a la Conferencia es una propuesta de armonizaci\u00f3n fiscal para que las comunidades que cobran menos impuestos los suban, y extender \u2018el infierno fiscal\u2019 a toda Espa\u00f1a\u201d, y a\u00f1adi\u00f3 que \u201ccinco a\u00f1os despu\u00e9s de su llegada a la Presidencia, acabamos de enterarnos que no tiene criterio y que deja en manos de un \u2018experto universitario\u2019 el estudio de la financiaci\u00f3n del Principado\u201d.<\/p>\n<p>\u201cEn todo caso, desde FORO reiteramos la petici\u00f3n hecha hace casi 3 a\u00f1os, de un informe sobre el coste de los servicios p\u00fablicos asturianos porque \u00bfqu\u00e9 esta esgrimiendo Javier Fern\u00e1ndez como argumento o como justificaci\u00f3n de sus reivindicaciones? Ese documento s\u00ed es la clave de b\u00f3veda, y FORO quiere conocerlo, en el caso de que lo hayan elaborado\u201d.<\/p>\n","protected":false},"excerpt":{"rendered":"<p>La presidenta de FORO, Cristina Coto, en Rueda Informativa celebrada tras la reuni\u00f3n ordinaria de la Comisi\u00f3n Directiva, ha recordado que \u201cdesde FORO registramos una solicitud de comparecencia de Javier Fern\u00e1ndez ya en fecha 19 de diciembre, con el fin de que informara a la C\u00e1mara y a la vez recabara una posici\u00f3n com\u00fan de [&hellip;]<\/p>\n","protected":false},"author":1,"featured_media":909336,"comment_status":"closed","ping_status":"closed","sticky":false,"template":"","format":"standard","meta":{"footnotes":""},"categories":[141],"tags":[],"class_list":["post-923594","post","type-post","status-publish","format-standard","has-post-thumbnail","hentry","category-destacadas"],"aioseo_notices":[],"aioseo_head":"\n\t\t<!-- All in One SEO Pro 4.9.6.2 - aioseo.com -->\n\t<meta name=\"description\" content=\"La presidenta de FORO, Cristina Coto, en Rueda Informativa celebrada tras la reuni\u00f3n ordinaria de la Comisi\u00f3n Directiva, ha recordado que \u201cdesde FORO registramos una solicitud de comparecencia de Javier Fern\u00e1ndez ya en fecha 19 de diciembre, con el fin de que informara a la C\u00e1mara y a la vez recabara una posici\u00f3n com\u00fan de\" \/>\n\t<meta name=\"robots\" content=\"max-image-preview:large\" \/>\n\t<meta name=\"author\" content=\"El Digital de Asturias\"\/>\n\t<meta name=\"google-site-verification\" content=\"UA-38556648-1\" \/>\n\t<meta name=\"msvalidate.01\" content=\"7dfe9f3f1b24437ab69f4f2559babe99\" \/>\n\t<meta name=\"keywords\" content=\"destacadas\" \/>\n\t<link rel=\"canonical\" href=\"https:\/\/www.eldigitaldeasturias.com\/noticias\/coto-el-lio-interno-del-psoe-ocupa-todo-el-tiempo-de-javier-fernandez\/\" \/>\n\t<meta name=\"generator\" content=\"All in One SEO Pro (AIOSEO) 4.9.6.2\" \/>\n\t\t<meta property=\"og:locale\" content=\"es_ES\" \/>\n\t\t<meta property=\"og:site_name\" content=\"El Digital de Asturias\" \/>\n\t\t<meta property=\"og:type\" content=\"article\" \/>\n\t\t<meta property=\"og:title\" content=\"Coto: \u201cEl l\u00edo interno del PSOE ocupa todo el tiempo de Javier Fern\u00e1ndez\u201d - El Digital de Asturias\" \/>\n\t\t<meta property=\"og:description\" content=\"La presidenta de FORO, Cristina Coto, en Rueda Informativa celebrada tras la reuni\u00f3n ordinaria de la Comisi\u00f3n Directiva, ha recordado que \u201cdesde FORO registramos una solicitud de comparecencia de Javier Fern\u00e1ndez ya en fecha 19 de diciembre, con el fin de que informara a la C\u00e1mara y a la vez recabara una posici\u00f3n com\u00fan de\" \/>\n\t\t<meta property=\"og:url\" content=\"https:\/\/www.eldigitaldeasturias.com\/noticias\/coto-el-lio-interno-del-psoe-ocupa-todo-el-tiempo-de-javier-fernandez\/\" \/>\n\t\t<meta property=\"og:image\" content=\"https:\/\/www.eldigitaldeasturias.com\/noticias\/wp-content\/uploads\/2016\/09\/COTO-FOROASTURIAS.jpg\" \/>\n\t\t<meta property=\"og:image:secure_url\" content=\"https:\/\/www.eldigitaldeasturias.com\/noticias\/wp-content\/uploads\/2016\/09\/COTO-FOROASTURIAS.jpg\" \/>\n\t\t<meta property=\"og:image:width\" content=\"800\" \/>\n\t\t<meta property=\"og:image:height\" content=\"563\" \/>\n\t\t<meta property=\"article:tag\" content=\"destacadas\" \/>\n\t\t<meta property=\"article:published_time\" content=\"2017-01-26T02:47:13+00:00\" \/>\n\t\t<meta property=\"article:modified_time\" content=\"2017-01-26T02:47:13+00:00\" \/>\n\t\t<meta property=\"article:publisher\" content=\"https:\/\/facebook.com\/eldigitaldeasturias\" \/>\n\t\t<meta name=\"twitter:card\" content=\"summary_large_image\" \/>\n\t\t<meta name=\"twitter:title\" content=\"Coto: \u201cEl l\u00edo interno del PSOE ocupa todo el tiempo de Javier Fern\u00e1ndez\u201d - El Digital de Asturias\" \/>\n\t\t<meta name=\"twitter:description\" content=\"La presidenta de FORO, Cristina Coto, en Rueda Informativa celebrada tras la reuni\u00f3n ordinaria de la Comisi\u00f3n Directiva, ha recordado que \u201cdesde FORO registramos una solicitud de comparecencia de Javier Fern\u00e1ndez ya en fecha 19 de diciembre, con el fin de que informara a la C\u00e1mara y a la vez recabara una posici\u00f3n com\u00fan de\" \/>\n\t\t<meta name=\"twitter:image\" content=\"https:\/\/www.eldigitaldeasturias.com\/noticias\/wp-content\/uploads\/2016\/09\/COTO-FOROASTURIAS.jpg\" \/>\n\t\t<meta name=\"twitter:label1\" content=\"Escrito por\" \/>\n\t\t<meta name=\"twitter:data1\" content=\"El Digital de Asturias\" \/>\n\t\t<meta name=\"twitter:label2\" content=\"Tiempo de lectura estimado\" \/>\n\t\t<meta name=\"twitter:data2\" content=\"3 minutos\" \/>\n\t\t<script type=\"application\/ld+json\" class=\"aioseo-schema\">\n\t\t\t{\"@context\":\"https:\\\/\\\/schema.org\",\"@graph\":[{\"@type\":\"BlogPosting\",\"@id\":\"https:\\\/\\\/www.eldigitaldeasturias.com\\\/noticias\\\/coto-el-lio-interno-del-psoe-ocupa-todo-el-tiempo-de-javier-fernandez\\\/#blogposting\",\"name\":\"Coto: \\u201cEl l\\u00edo interno del PSOE ocupa todo el tiempo de Javier Fern\\u00e1ndez\\u201d - El Digital de Asturias\",\"headline\":\"Coto: \\u201cEl l\\u00edo interno del PSOE ocupa todo el tiempo de Javier Fern\\u00e1ndez\\u201d\",\"author\":{\"@id\":\"https:\\\/\\\/www.eldigitaldeasturias.com\\\/noticias\\\/author\\\/admin\\\/#author\"},\"publisher\":{\"@id\":\"https:\\\/\\\/www.eldigitaldeasturias.com\\\/noticias\\\/#organization\"},\"image\":{\"@type\":\"ImageObject\",\"url\":\"https:\\\/\\\/www.eldigitaldeasturias.com\\\/noticias\\\/wp-content\\\/uploads\\\/2016\\\/09\\\/COTO-FOROASTURIAS.jpg\",\"width\":800,\"height\":563},\"datePublished\":\"2017-01-26T02:47:13+01:00\",\"dateModified\":\"2017-01-26T02:47:13+01:00\",\"inLanguage\":\"es-ES\",\"mainEntityOfPage\":{\"@id\":\"https:\\\/\\\/www.eldigitaldeasturias.com\\\/noticias\\\/coto-el-lio-interno-del-psoe-ocupa-todo-el-tiempo-de-javier-fernandez\\\/#webpage\"},\"isPartOf\":{\"@id\":\"https:\\\/\\\/www.eldigitaldeasturias.com\\\/noticias\\\/coto-el-lio-interno-del-psoe-ocupa-todo-el-tiempo-de-javier-fernandez\\\/#webpage\"},\"articleSection\":\"Destacadas\"},{\"@type\":\"BreadcrumbList\",\"@id\":\"https:\\\/\\\/www.eldigitaldeasturias.com\\\/noticias\\\/coto-el-lio-interno-del-psoe-ocupa-todo-el-tiempo-de-javier-fernandez\\\/#breadcrumblist\",\"itemListElement\":[{\"@type\":\"ListItem\",\"@id\":\"https:\\\/\\\/www.eldigitaldeasturias.com\\\/noticias#listItem\",\"position\":1,\"name\":\"Home\",\"item\":\"https:\\\/\\\/www.eldigitaldeasturias.com\\\/noticias\",\"nextItem\":{\"@type\":\"ListItem\",\"@id\":\"https:\\\/\\\/www.eldigitaldeasturias.com\\\/noticias\\\/category\\\/destacadas\\\/#listItem\",\"name\":\"Destacadas\"}},{\"@type\":\"ListItem\",\"@id\":\"https:\\\/\\\/www.eldigitaldeasturias.com\\\/noticias\\\/category\\\/destacadas\\\/#listItem\",\"position\":2,\"name\":\"Destacadas\",\"item\":\"https:\\\/\\\/www.eldigitaldeasturias.com\\\/noticias\\\/category\\\/destacadas\\\/\",\"nextItem\":{\"@type\":\"ListItem\",\"@id\":\"https:\\\/\\\/www.eldigitaldeasturias.com\\\/noticias\\\/coto-el-lio-interno-del-psoe-ocupa-todo-el-tiempo-de-javier-fernandez\\\/#listItem\",\"name\":\"Coto: \\u201cEl l\\u00edo interno del PSOE ocupa todo el tiempo de Javier Fern\\u00e1ndez\\u201d\"},\"previousItem\":{\"@type\":\"ListItem\",\"@id\":\"https:\\\/\\\/www.eldigitaldeasturias.com\\\/noticias#listItem\",\"name\":\"Home\"}},{\"@type\":\"ListItem\",\"@id\":\"https:\\\/\\\/www.eldigitaldeasturias.com\\\/noticias\\\/coto-el-lio-interno-del-psoe-ocupa-todo-el-tiempo-de-javier-fernandez\\\/#listItem\",\"position\":3,\"name\":\"Coto: \\u201cEl l\\u00edo interno del PSOE ocupa todo el tiempo de Javier Fern\\u00e1ndez\\u201d\",\"previousItem\":{\"@type\":\"ListItem\",\"@id\":\"https:\\\/\\\/www.eldigitaldeasturias.com\\\/noticias\\\/category\\\/destacadas\\\/#listItem\",\"name\":\"Destacadas\"}}]},{\"@type\":\"Organization\",\"@id\":\"https:\\\/\\\/www.eldigitaldeasturias.com\\\/noticias\\\/#organization\",\"name\":\"El Digital de Asturias\",\"description\":\"Hemeroteca\",\"url\":\"https:\\\/\\\/www.eldigitaldeasturias.com\\\/noticias\\\/\",\"email\":\"info@eldigitaldeasturias.com\",\"telephone\":\"+34652131393\",\"logo\":{\"@type\":\"ImageObject\",\"url\":\"https:\\\/\\\/www.eldigitaldeasturias.com\\\/noticias\\\/wp-content\\\/uploads\\\/2020\\\/12\\\/EDA.jpg\",\"@id\":\"https:\\\/\\\/www.eldigitaldeasturias.com\\\/noticias\\\/coto-el-lio-interno-del-psoe-ocupa-todo-el-tiempo-de-javier-fernandez\\\/#organizationLogo\",\"width\":649,\"height\":297},\"image\":{\"@id\":\"https:\\\/\\\/www.eldigitaldeasturias.com\\\/noticias\\\/coto-el-lio-interno-del-psoe-ocupa-todo-el-tiempo-de-javier-fernandez\\\/#organizationLogo\"},\"sameAs\":[\"https:\\\/\\\/facebook.com\\\/eldigitaldeasturias\",\"https:\\\/\\\/www.youtube.com\\\/channel\\\/UCZP-2wLEB9Rv6erhFmqVnvg\"],\"address\":{\"@id\":\"https:\\\/\\\/www.eldigitaldeasturias.com\\\/noticias\\\/#postaladdress\",\"@type\":\"PostalAddress\",\"streetAddress\":\"san antonio 4,\",\"postalCode\":\"33430\",\"addressLocality\":\"Cand\\u00e1s\",\"addressRegion\":\"Asturias\",\"addressCountry\":\"ES\"}},{\"@type\":\"Person\",\"@id\":\"https:\\\/\\\/www.eldigitaldeasturias.com\\\/noticias\\\/author\\\/admin\\\/#author\",\"url\":\"https:\\\/\\\/www.eldigitaldeasturias.com\\\/noticias\\\/author\\\/admin\\\/\",\"name\":\"El Digital de Asturias\",\"image\":{\"@type\":\"ImageObject\",\"@id\":\"https:\\\/\\\/www.eldigitaldeasturias.com\\\/noticias\\\/coto-el-lio-interno-del-psoe-ocupa-todo-el-tiempo-de-javier-fernandez\\\/#authorImage\",\"url\":\"https:\\\/\\\/www.eldigitaldeasturias.com\\\/noticias\\\/wp-content\\\/litespeed\\\/avatar\\\/18677e78aa0546b92d9dbf31ec7d7668.jpg?ver=1777290358\",\"width\":96,\"height\":96,\"caption\":\"El Digital de Asturias\"}},{\"@type\":\"WebPage\",\"@id\":\"https:\\\/\\\/www.eldigitaldeasturias.com\\\/noticias\\\/coto-el-lio-interno-del-psoe-ocupa-todo-el-tiempo-de-javier-fernandez\\\/#webpage\",\"url\":\"https:\\\/\\\/www.eldigitaldeasturias.com\\\/noticias\\\/coto-el-lio-interno-del-psoe-ocupa-todo-el-tiempo-de-javier-fernandez\\\/\",\"name\":\"Coto: \\u201cEl l\\u00edo interno del PSOE ocupa todo el tiempo de Javier Fern\\u00e1ndez\\u201d - El Digital de Asturias\",\"description\":\"La presidenta de FORO, Cristina Coto, en Rueda Informativa celebrada tras la reuni\\u00f3n ordinaria de la Comisi\\u00f3n Directiva, ha recordado que \\u201cdesde FORO registramos una solicitud de comparecencia de Javier Fern\\u00e1ndez ya en fecha 19 de diciembre, con el fin de que informara a la C\\u00e1mara y a la vez recabara una posici\\u00f3n com\\u00fan de\",\"inLanguage\":\"es-ES\",\"isPartOf\":{\"@id\":\"https:\\\/\\\/www.eldigitaldeasturias.com\\\/noticias\\\/#website\"},\"breadcrumb\":{\"@id\":\"https:\\\/\\\/www.eldigitaldeasturias.com\\\/noticias\\\/coto-el-lio-interno-del-psoe-ocupa-todo-el-tiempo-de-javier-fernandez\\\/#breadcrumblist\"},\"author\":{\"@id\":\"https:\\\/\\\/www.eldigitaldeasturias.com\\\/noticias\\\/author\\\/admin\\\/#author\"},\"creator\":{\"@id\":\"https:\\\/\\\/www.eldigitaldeasturias.com\\\/noticias\\\/author\\\/admin\\\/#author\"},\"image\":{\"@type\":\"ImageObject\",\"url\":\"https:\\\/\\\/www.eldigitaldeasturias.com\\\/noticias\\\/wp-content\\\/uploads\\\/2016\\\/09\\\/COTO-FOROASTURIAS.jpg\",\"@id\":\"https:\\\/\\\/www.eldigitaldeasturias.com\\\/noticias\\\/coto-el-lio-interno-del-psoe-ocupa-todo-el-tiempo-de-javier-fernandez\\\/#mainImage\",\"width\":800,\"height\":563},\"primaryImageOfPage\":{\"@id\":\"https:\\\/\\\/www.eldigitaldeasturias.com\\\/noticias\\\/coto-el-lio-interno-del-psoe-ocupa-todo-el-tiempo-de-javier-fernandez\\\/#mainImage\"},\"datePublished\":\"2017-01-26T02:47:13+01:00\",\"dateModified\":\"2017-01-26T02:47:13+01:00\"},{\"@type\":\"WebSite\",\"@id\":\"https:\\\/\\\/www.eldigitaldeasturias.com\\\/noticias\\\/#website\",\"url\":\"https:\\\/\\\/www.eldigitaldeasturias.com\\\/noticias\\\/\",\"name\":\"El Digital de Asturias - Diario de actualidad y noticias\",\"alternateName\":\"El Digital de Asturias - Diario de actualidad y noticias\",\"description\":\"Hemeroteca\",\"inLanguage\":\"es-ES\",\"publisher\":{\"@id\":\"https:\\\/\\\/www.eldigitaldeasturias.com\\\/noticias\\\/#organization\"}}]}\n\t\t<\/script>\n\t\t<!-- All in One SEO Pro -->\r\n\t\t<title>Coto: \u201cEl l\u00edo interno del PSOE ocupa todo el tiempo de Javier Fern\u00e1ndez\u201d - El Digital de Asturias<\/title>\n\n","aioseo_head_json":{"title":"Coto: \u201cEl l\u00edo interno del PSOE ocupa todo el tiempo de Javier Fern\u00e1ndez\u201d - El Digital de Asturias","description":"La presidenta de FORO, Cristina Coto, en Rueda Informativa celebrada tras la reuni\u00f3n ordinaria de la Comisi\u00f3n Directiva, ha recordado que \u201cdesde FORO registramos una solicitud de comparecencia de Javier Fern\u00e1ndez ya en fecha 19 de diciembre, con el fin de que informara a la C\u00e1mara y a la vez recabara una posici\u00f3n com\u00fan de","canonical_url":"https:\/\/www.eldigitaldeasturias.com\/noticias\/coto-el-lio-interno-del-psoe-ocupa-todo-el-tiempo-de-javier-fernandez\/","robots":"max-image-preview:large","keywords":"destacadas","webmasterTools":{"google-site-verification":"UA-38556648-1","msvalidate.01":"7dfe9f3f1b24437ab69f4f2559babe99","miscellaneous":""},"schema":{"@context":"https:\/\/schema.org","@graph":[{"@type":"BlogPosting","@id":"https:\/\/www.eldigitaldeasturias.com\/noticias\/coto-el-lio-interno-del-psoe-ocupa-todo-el-tiempo-de-javier-fernandez\/#blogposting","name":"Coto: \u201cEl l\u00edo interno del PSOE ocupa todo el tiempo de Javier Fern\u00e1ndez\u201d - El Digital de Asturias","headline":"Coto: \u201cEl l\u00edo interno del PSOE ocupa todo el tiempo de Javier Fern\u00e1ndez\u201d","author":{"@id":"https:\/\/www.eldigitaldeasturias.com\/noticias\/author\/admin\/#author"},"publisher":{"@id":"https:\/\/www.eldigitaldeasturias.com\/noticias\/#organization"},"image":{"@type":"ImageObject","url":"https:\/\/www.eldigitaldeasturias.com\/noticias\/wp-content\/uploads\/2016\/09\/COTO-FOROASTURIAS.jpg","width":800,"height":563},"datePublished":"2017-01-26T02:47:13+01:00","dateModified":"2017-01-26T02:47:13+01:00","inLanguage":"es-ES","mainEntityOfPage":{"@id":"https:\/\/www.eldigitaldeasturias.com\/noticias\/coto-el-lio-interno-del-psoe-ocupa-todo-el-tiempo-de-javier-fernandez\/#webpage"},"isPartOf":{"@id":"https:\/\/www.eldigitaldeasturias.com\/noticias\/coto-el-lio-interno-del-psoe-ocupa-todo-el-tiempo-de-javier-fernandez\/#webpage"},"articleSection":"Destacadas"},{"@type":"BreadcrumbList","@id":"https:\/\/www.eldigitaldeasturias.com\/noticias\/coto-el-lio-interno-del-psoe-ocupa-todo-el-tiempo-de-javier-fernandez\/#breadcrumblist","itemListElement":[{"@type":"ListItem","@id":"https:\/\/www.eldigitaldeasturias.com\/noticias#listItem","position":1,"name":"Home","item":"https:\/\/www.eldigitaldeasturias.com\/noticias","nextItem":{"@type":"ListItem","@id":"https:\/\/www.eldigitaldeasturias.com\/noticias\/category\/destacadas\/#listItem","name":"Destacadas"}},{"@type":"ListItem","@id":"https:\/\/www.eldigitaldeasturias.com\/noticias\/category\/destacadas\/#listItem","position":2,"name":"Destacadas","item":"https:\/\/www.eldigitaldeasturias.com\/noticias\/category\/destacadas\/","nextItem":{"@type":"ListItem","@id":"https:\/\/www.eldigitaldeasturias.com\/noticias\/coto-el-lio-interno-del-psoe-ocupa-todo-el-tiempo-de-javier-fernandez\/#listItem","name":"Coto: \u201cEl l\u00edo interno del PSOE ocupa todo el tiempo de Javier Fern\u00e1ndez\u201d"},"previousItem":{"@type":"ListItem","@id":"https:\/\/www.eldigitaldeasturias.com\/noticias#listItem","name":"Home"}},{"@type":"ListItem","@id":"https:\/\/www.eldigitaldeasturias.com\/noticias\/coto-el-lio-interno-del-psoe-ocupa-todo-el-tiempo-de-javier-fernandez\/#listItem","position":3,"name":"Coto: \u201cEl l\u00edo interno del PSOE ocupa todo el tiempo de Javier Fern\u00e1ndez\u201d","previousItem":{"@type":"ListItem","@id":"https:\/\/www.eldigitaldeasturias.com\/noticias\/category\/destacadas\/#listItem","name":"Destacadas"}}]},{"@type":"Organization","@id":"https:\/\/www.eldigitaldeasturias.com\/noticias\/#organization","name":"El Digital de Asturias","description":"Hemeroteca","url":"https:\/\/www.eldigitaldeasturias.com\/noticias\/","email":"info@eldigitaldeasturias.com","telephone":"+34652131393","logo":{"@type":"ImageObject","url":"https:\/\/www.eldigitaldeasturias.com\/noticias\/wp-content\/uploads\/2020\/12\/EDA.jpg","@id":"https:\/\/www.eldigitaldeasturias.com\/noticias\/coto-el-lio-interno-del-psoe-ocupa-todo-el-tiempo-de-javier-fernandez\/#organizationLogo","width":649,"height":297},"image":{"@id":"https:\/\/www.eldigitaldeasturias.com\/noticias\/coto-el-lio-interno-del-psoe-ocupa-todo-el-tiempo-de-javier-fernandez\/#organizationLogo"},"sameAs":["https:\/\/facebook.com\/eldigitaldeasturias","https:\/\/www.youtube.com\/channel\/UCZP-2wLEB9Rv6erhFmqVnvg"],"address":{"@id":"https:\/\/www.eldigitaldeasturias.com\/noticias\/#postaladdress","@type":"PostalAddress","streetAddress":"san antonio 4,","postalCode":"33430","addressLocality":"Cand\u00e1s","addressRegion":"Asturias","addressCountry":"ES"}},{"@type":"Person","@id":"https:\/\/www.eldigitaldeasturias.com\/noticias\/author\/admin\/#author","url":"https:\/\/www.eldigitaldeasturias.com\/noticias\/author\/admin\/","name":"El Digital de Asturias","image":{"@type":"ImageObject","@id":"https:\/\/www.eldigitaldeasturias.com\/noticias\/coto-el-lio-interno-del-psoe-ocupa-todo-el-tiempo-de-javier-fernandez\/#authorImage","url":"https:\/\/www.eldigitaldeasturias.com\/noticias\/wp-content\/litespeed\/avatar\/18677e78aa0546b92d9dbf31ec7d7668.jpg?ver=1777290358","width":96,"height":96,"caption":"El Digital de Asturias"}},{"@type":"WebPage","@id":"https:\/\/www.eldigitaldeasturias.com\/noticias\/coto-el-lio-interno-del-psoe-ocupa-todo-el-tiempo-de-javier-fernandez\/#webpage","url":"https:\/\/www.eldigitaldeasturias.com\/noticias\/coto-el-lio-interno-del-psoe-ocupa-todo-el-tiempo-de-javier-fernandez\/","name":"Coto: \u201cEl l\u00edo interno del PSOE ocupa todo el tiempo de Javier Fern\u00e1ndez\u201d - El Digital de Asturias","description":"La presidenta de FORO, Cristina Coto, en Rueda Informativa celebrada tras la reuni\u00f3n ordinaria de la Comisi\u00f3n Directiva, ha recordado que \u201cdesde FORO registramos una solicitud de comparecencia de Javier Fern\u00e1ndez ya en fecha 19 de diciembre, con el fin de que informara a la C\u00e1mara y a la vez recabara una posici\u00f3n com\u00fan de","inLanguage":"es-ES","isPartOf":{"@id":"https:\/\/www.eldigitaldeasturias.com\/noticias\/#website"},"breadcrumb":{"@id":"https:\/\/www.eldigitaldeasturias.com\/noticias\/coto-el-lio-interno-del-psoe-ocupa-todo-el-tiempo-de-javier-fernandez\/#breadcrumblist"},"author":{"@id":"https:\/\/www.eldigitaldeasturias.com\/noticias\/author\/admin\/#author"},"creator":{"@id":"https:\/\/www.eldigitaldeasturias.com\/noticias\/author\/admin\/#author"},"image":{"@type":"ImageObject","url":"https:\/\/www.eldigitaldeasturias.com\/noticias\/wp-content\/uploads\/2016\/09\/COTO-FOROASTURIAS.jpg","@id":"https:\/\/www.eldigitaldeasturias.com\/noticias\/coto-el-lio-interno-del-psoe-ocupa-todo-el-tiempo-de-javier-fernandez\/#mainImage","width":800,"height":563},"primaryImageOfPage":{"@id":"https:\/\/www.eldigitaldeasturias.com\/noticias\/coto-el-lio-interno-del-psoe-ocupa-todo-el-tiempo-de-javier-fernandez\/#mainImage"},"datePublished":"2017-01-26T02:47:13+01:00","dateModified":"2017-01-26T02:47:13+01:00"},{"@type":"WebSite","@id":"https:\/\/www.eldigitaldeasturias.com\/noticias\/#website","url":"https:\/\/www.eldigitaldeasturias.com\/noticias\/","name":"El Digital de Asturias - Diario de actualidad y noticias","alternateName":"El Digital de Asturias - Diario de actualidad y noticias","description":"Hemeroteca","inLanguage":"es-ES","publisher":{"@id":"https:\/\/www.eldigitaldeasturias.com\/noticias\/#organization"}}]},"og:locale":"es_ES","og:site_name":"El Digital de Asturias","og:type":"article","og:title":"Coto: \u201cEl l\u00edo interno del PSOE ocupa todo el tiempo de Javier Fern\u00e1ndez\u201d - El Digital de Asturias","og:description":"La presidenta de FORO, Cristina Coto, en Rueda Informativa celebrada tras la reuni\u00f3n ordinaria de la Comisi\u00f3n Directiva, ha recordado que \u201cdesde FORO registramos una solicitud de comparecencia de Javier Fern\u00e1ndez ya en fecha 19 de diciembre, con el fin de que informara a la C\u00e1mara y a la vez recabara una posici\u00f3n com\u00fan de","og:url":"https:\/\/www.eldigitaldeasturias.com\/noticias\/coto-el-lio-interno-del-psoe-ocupa-todo-el-tiempo-de-javier-fernandez\/","og:image":"https:\/\/www.eldigitaldeasturias.com\/noticias\/wp-content\/uploads\/2016\/09\/COTO-FOROASTURIAS.jpg","og:image:secure_url":"https:\/\/www.eldigitaldeasturias.com\/noticias\/wp-content\/uploads\/2016\/09\/COTO-FOROASTURIAS.jpg","og:image:width":800,"og:image:height":563,"article:tag":["destacadas"],"article:published_time":"2017-01-26T02:47:13+00:00","article:modified_time":"2017-01-26T02:47:13+00:00","article:publisher":"https:\/\/facebook.com\/eldigitaldeasturias","twitter:card":"summary_large_image","twitter:title":"Coto: \u201cEl l\u00edo interno del PSOE ocupa todo el tiempo de Javier Fern\u00e1ndez\u201d - El Digital de Asturias","twitter:description":"La presidenta de FORO, Cristina Coto, en Rueda Informativa celebrada tras la reuni\u00f3n ordinaria de la Comisi\u00f3n Directiva, ha recordado que \u201cdesde FORO registramos una solicitud de comparecencia de Javier Fern\u00e1ndez ya en fecha 19 de diciembre, con el fin de que informara a la C\u00e1mara y a la vez recabara una posici\u00f3n com\u00fan de","twitter:image":"https:\/\/www.eldigitaldeasturias.com\/noticias\/wp-content\/uploads\/2016\/09\/COTO-FOROASTURIAS.jpg","twitter:label1":"Escrito por","twitter:data1":"El Digital de Asturias","twitter:label2":"Tiempo de lectura estimado","twitter:data2":"3 minutos"},"aioseo_meta_data":{"post_id":"923594","title":null,"description":null,"keywords":null,"keyphrases":null,"primary_term":null,"canonical_url":null,"og_title":null,"og_description":null,"og_object_type":"default","og_image_type":"default","og_image_url":null,"og_image_width":null,"og_image_height":null,"og_image_custom_url":null,"og_image_custom_fields":null,"og_video":null,"og_custom_url":null,"og_article_section":null,"og_article_tags":null,"twitter_use_og":false,"twitter_card":"default","twitter_image_type":"default","twitter_image_url":null,"twitter_image_custom_url":null,"twitter_image_custom_fields":null,"twitter_title":null,"twitter_description":null,"schema":{"blockGraphs":[],"customGraphs":[],"default":{"data":{"Article":[],"Course":[],"Dataset":[],"FAQPage":[],"Movie":[],"Person":[],"Product":[],"ProductReview":[],"Car":[],"Recipe":[],"Service":[],"SoftwareApplication":[],"WebPage":[]},"graphName":"","isEnabled":true},"graphs":[],"defaultGraph":"","defaultPostTypeGraph":""},"schema_type":null,"schema_type_options":null,"pillar_content":false,"robots_default":true,"robots_noindex":false,"robots_noarchive":false,"robots_nosnippet":false,"robots_nofollow":false,"robots_noimageindex":false,"robots_noodp":false,"robots_notranslate":false,"robots_max_snippet":null,"robots_max_videopreview":null,"robots_max_imagepreview":"large","priority":null,"frequency":null,"local_seo":null,"seo_analyzer_scan_date":"2025-12-02 21:10:13","breadcrumb_settings":null,"limit_modified_date":false,"open_ai":null,"ai":null,"created":"2020-12-21 13:40:50","updated":"2025-12-02 21:10:13"},"aioseo_breadcrumb":"<div class=\"aioseo-breadcrumbs\"><span class=\"aioseo-breadcrumb\">\n\t<a href=\"https:\/\/www.eldigitaldeasturias.com\/noticias\" title=\"Home\">Home<\/a>\n<\/span><span class=\"aioseo-breadcrumb-separator\">\u2013<\/span><span class=\"aioseo-breadcrumb\">\n\t<a href=\"https:\/\/www.eldigitaldeasturias.com\/noticias\/category\/destacadas\/\" title=\"Destacadas\">Destacadas<\/a>\n<\/span><span class=\"aioseo-breadcrumb-separator\">\u2013<\/span><span class=\"aioseo-breadcrumb\">\n\t<a href=\"https:\/\/www.eldigitaldeasturias.com\/noticias\/coto-el-lio-interno-del-psoe-ocupa-todo-el-tiempo-de-javier-fernandez\/\" title=\"Coto: \u201cEl l\u00edo interno del PSOE ocupa todo el tiempo de Javier Fern\u00e1ndez\u201d\">Coto: \u201cEl l\u00edo interno del PSOE ocupa todo el tiempo de Javier Fern\u00e1ndez\u201d<\/a>\n<\/span><\/div>","aioseo_breadcrumb_json":[{"label":"Home","link":"https:\/\/www.eldigitaldeasturias.com\/noticias"},{"label":"Destacadas","link":"https:\/\/www.eldigitaldeasturias.com\/noticias\/category\/destacadas\/"},{"label":"Coto: \u201cEl l\u00edo interno del PSOE ocupa todo el tiempo de Javier Fern\u00e1ndez\u201d","link":"https:\/\/www.eldigitaldeasturias.com\/noticias\/coto-el-lio-interno-del-psoe-ocupa-todo-el-tiempo-de-javier-fernandez\/"}],"_links":{"self":[{"href":"https:\/\/www.eldigitaldeasturias.com\/noticias\/wp-json\/wp\/v2\/posts\/923594","targetHints":{"allow":["GET"]}}],"collection":[{"href":"https:\/\/www.eldigitaldeasturias.com\/noticias\/wp-json\/wp\/v2\/posts"}],"about":[{"href":"https:\/\/www.eldigitaldeasturias.com\/noticias\/wp-json\/wp\/v2\/types\/post"}],"author":[{"embeddable":true,"href":"https:\/\/www.eldigitaldeasturias.com\/noticias\/wp-json\/wp\/v2\/users\/1"}],"replies":[{"embeddable":true,"href":"https:\/\/www.eldigitaldeasturias.com\/noticias\/wp-json\/wp\/v2\/comments?post=923594"}],"version-history":[{"count":0,"href":"https:\/\/www.eldigitaldeasturias.com\/noticias\/wp-json\/wp\/v2\/posts\/923594\/revisions"}],"wp:featuredmedia":[{"embeddable":true,"href":"https:\/\/www.eldigitaldeasturias.com\/noticias\/wp-json\/wp\/v2\/media\/909336"}],"wp:attachment":[{"href":"https:\/\/www.eldigitaldeasturias.com\/noticias\/wp-json\/wp\/v2\/media?parent=923594"}],"wp:term":[{"taxonomy":"category","embeddable":true,"href":"https:\/\/www.eldigitaldeasturias.com\/noticias\/wp-json\/wp\/v2\/categories?post=923594"},{"taxonomy":"post_tag","embeddable":true,"href":"https:\/\/www.eldigitaldeasturias.com\/noticias\/wp-json\/wp\/v2\/tags?post=923594"}],"curies":[{"name":"wp","href":"https:\/\/api.w.org\/{rel}","templated":true}]}}