{"id":923393,"date":"2017-01-24T14:20:14","date_gmt":"2017-01-24T14:20:14","guid":{"rendered":"http:\/\/www.eldigitaldeasturias.com\/noticias\/?p=923393"},"modified":"2017-01-24T14:20:14","modified_gmt":"2017-01-24T14:20:14","slug":"el-principado-se-moviliza-para-combatir-la-contaminacion-en-el-area-central","status":"publish","type":"post","link":"https:\/\/www.eldigitaldeasturias.com\/noticias\/el-principado-se-moviliza-para-combatir-la-contaminacion-en-el-area-central\/","title":{"rendered":"El Principado se \u201cmoviliza\u201d para combatir la contaminaci\u00f3n en el \u00e1rea central"},"content":{"rendered":"<p><img loading=\"lazy\" decoding=\"async\" class=\"alignleft size-medium wp-image-923394\" src=\"https:\/\/www.eldigitaldeasturias.com\/noticias\/wp-content\/uploads\/2017\/01\/contaminacion-asturias-360x203.jpg\" alt=\"\" width=\"360\" height=\"203\" srcset=\"https:\/\/www.eldigitaldeasturias.com\/noticias\/wp-content\/uploads\/2017\/01\/contaminacion-asturias-360x203.jpg 360w, https:\/\/www.eldigitaldeasturias.com\/noticias\/wp-content\/uploads\/2017\/01\/contaminacion-asturias-768x433.jpg 768w, https:\/\/www.eldigitaldeasturias.com\/noticias\/wp-content\/uploads\/2017\/01\/contaminacion-asturias-650x366.jpg 650w, https:\/\/www.eldigitaldeasturias.com\/noticias\/wp-content\/uploads\/2017\/01\/contaminacion-asturias-499x280.jpg 499w, https:\/\/www.eldigitaldeasturias.com\/noticias\/wp-content\/uploads\/2017\/01\/contaminacion-asturias.jpg 1280w\" sizes=\"auto, (max-width: 360px) 100vw, 360px\" \/>La consejera de Infraestructuras, Ordenaci\u00f3n del Territorio y Medio Ambiente, Bel\u00e9n Fern\u00e1ndez, ha propuesto hoy a diecis\u00e9is ayuntamientos del \u00e1rea central de Asturias adoptar medidas espec\u00edficas para prevenir y combatir la contaminaci\u00f3n, especialmente ante aquellas situaciones meteorol\u00f3gicas que dificultan que las part\u00edculas se dispersen con normalidad en la atm\u00f3sfera. Los ayuntamientos implicados son los de Oviedo, Nore\u00f1a, Siero, Ribera de Arriba, Llanera, Morc\u00edn, Gij\u00f3n, Carre\u00f1o, Avil\u00e9s, Goz\u00f3n, Corvera, Castrill\u00f3n, Mieres, Langreo, San Mart\u00edn del Rey Aurelio y Lena.<\/p>\n<p>Bel\u00e9n Fern\u00e1ndez, que ha estado acompa\u00f1ada por el presidente de la Federaci\u00f3n Asturiana de Concejos, Ignacio Garc\u00eda Palacios, y por los directores generales de Prevenci\u00f3n y Control Ambiental, Elena Mara\u00f1\u00f3n, y de Calidad Ambiental, Manuel Guti\u00e9rrez, ha incidido en que la multiplicidad de causas que afectan a la calidad del aire \u2013desde la industria, al tr\u00e1fico o las calefacciones- obliga a que todas las administraciones, empresas y ciudadanos se impliquen en el reto de mejorarla.<\/p>\n<p>La consejera se ha mostrado partidaria de concretar en un documento, a modo de protocolo, las actuaciones que los municipios, con la colaboraci\u00f3n del Principado y de la Delegaci\u00f3n de Gobierno de Asturias, deber\u00edan poner en marcha cuando los valores de los contaminantes comiencen a ascender o las previsiones de la Agencia Estatal de Meteorolog\u00eda apunten en ese sentido.<\/p>\n<p>De este modo, ha explicado que si los ayuntamientos respaldan la iniciativa del Principado podr\u00eda constituirse una mesa de trabajo que estudie las medidas que se deben aplicar y qui\u00e9n tiene que aplicarlas para evitar solapamientos y duplicidades. \u201cTodos debemos hacer esfuerzos, sentirnos part\u00edcipes y saber que podemos contribuir a ese loable objetivo que es sin\u00f3nimo de salud\u201d, ha valorado.<\/p>\n<p>En caso de aprobarse, dicho protocolo podr\u00eda reemplazar a los que actualmente incluyen los planes de calidad del aire que se pusieron en marcha en 2014 para Gij\u00f3n y la denominada Asturias Central (Avil\u00e9s y Castrill\u00f3n) y cuya revisi\u00f3n se presentar\u00e1 en ambas localidades esta misma semana, en unas reuniones en las que se dar\u00e1 cuenta, asimismo, de la evoluci\u00f3n de la calidad del aire en Asturias en 2016.<\/p>\n<p>La consejera tambi\u00e9n ha anunciado que la ley de cr\u00e9dito extraordinario que el Gobierno de Asturias llevar\u00e1 a la Junta General destina en torno a 670.000 euros a inversiones para realizar estudios de caracterizaci\u00f3n de part\u00edculas y otros contaminantes. Se reforzar\u00e1 adem\u00e1s la informaci\u00f3n, con paneles sobre el estado del aire en el \u00e1rea central, y la vigilancia, con nuevos equipos de medici\u00f3n, unidades m\u00f3viles y dispositivos de videovigilancia para controlar las instalaciones industriales y adoptar las medidas procedentes.<\/p>\n<p>&nbsp;<\/p>\n","protected":false},"excerpt":{"rendered":"<p>La consejera de Infraestructuras, Ordenaci\u00f3n del Territorio y Medio Ambiente, Bel\u00e9n Fern\u00e1ndez, ha propuesto hoy a diecis\u00e9is ayuntamientos del \u00e1rea central de Asturias adoptar medidas espec\u00edficas para prevenir y combatir la contaminaci\u00f3n, especialmente ante aquellas situaciones meteorol\u00f3gicas que dificultan que las part\u00edculas se dispersen con normalidad en la atm\u00f3sfera. Los ayuntamientos implicados son los de [&hellip;]<\/p>\n","protected":false},"author":1,"featured_media":923394,"comment_status":"closed","ping_status":"closed","sticky":false,"template":"","format":"standard","meta":{"footnotes":""},"categories":[141],"tags":[],"class_list":["post-923393","post","type-post","status-publish","format-standard","has-post-thumbnail","hentry","category-destacadas"],"aioseo_notices":[],"aioseo_head":"\n\t\t<!-- All in One SEO Pro 4.9.6.2 - aioseo.com -->\n\t<meta name=\"description\" content=\"La consejera de Infraestructuras, Ordenaci\u00f3n del Territorio y Medio Ambiente, Bel\u00e9n Fern\u00e1ndez, ha propuesto hoy a diecis\u00e9is ayuntamientos del \u00e1rea central de Asturias adoptar medidas espec\u00edficas para prevenir y combatir la contaminaci\u00f3n, especialmente ante aquellas situaciones meteorol\u00f3gicas que dificultan que las part\u00edculas se dispersen con normalidad en la atm\u00f3sfera. Los ayuntamientos implicados son los de\" \/>\n\t<meta name=\"robots\" content=\"max-image-preview:large\" \/>\n\t<meta name=\"author\" content=\"El Digital de Asturias\"\/>\n\t<meta name=\"google-site-verification\" content=\"UA-38556648-1\" \/>\n\t<meta name=\"msvalidate.01\" content=\"7dfe9f3f1b24437ab69f4f2559babe99\" \/>\n\t<meta name=\"keywords\" content=\"destacadas\" \/>\n\t<link rel=\"canonical\" href=\"https:\/\/www.eldigitaldeasturias.com\/noticias\/el-principado-se-moviliza-para-combatir-la-contaminacion-en-el-area-central\/\" \/>\n\t<meta name=\"generator\" content=\"All in One SEO Pro (AIOSEO) 4.9.6.2\" \/>\n\t\t<meta property=\"og:locale\" content=\"es_ES\" \/>\n\t\t<meta property=\"og:site_name\" content=\"El Digital de Asturias\" \/>\n\t\t<meta property=\"og:type\" content=\"article\" \/>\n\t\t<meta property=\"og:title\" content=\"El Principado se \u201cmoviliza\u201d para combatir la contaminaci\u00f3n en el \u00e1rea central - El Digital de Asturias\" \/>\n\t\t<meta property=\"og:description\" content=\"La consejera de Infraestructuras, Ordenaci\u00f3n del Territorio y Medio Ambiente, Bel\u00e9n Fern\u00e1ndez, ha propuesto hoy a diecis\u00e9is ayuntamientos del \u00e1rea central de Asturias adoptar medidas espec\u00edficas para prevenir y combatir la contaminaci\u00f3n, especialmente ante aquellas situaciones meteorol\u00f3gicas que dificultan que las part\u00edculas se dispersen con normalidad en la atm\u00f3sfera. Los ayuntamientos implicados son los de\" \/>\n\t\t<meta property=\"og:url\" content=\"https:\/\/www.eldigitaldeasturias.com\/noticias\/el-principado-se-moviliza-para-combatir-la-contaminacion-en-el-area-central\/\" \/>\n\t\t<meta property=\"og:image\" content=\"https:\/\/www.eldigitaldeasturias.com\/noticias\/wp-content\/uploads\/2017\/01\/contaminacion-asturias.jpg\" \/>\n\t\t<meta property=\"og:image:secure_url\" content=\"https:\/\/www.eldigitaldeasturias.com\/noticias\/wp-content\/uploads\/2017\/01\/contaminacion-asturias.jpg\" \/>\n\t\t<meta property=\"og:image:width\" content=\"1280\" \/>\n\t\t<meta property=\"og:image:height\" content=\"721\" \/>\n\t\t<meta property=\"article:tag\" content=\"destacadas\" \/>\n\t\t<meta property=\"article:published_time\" content=\"2017-01-24T14:20:14+00:00\" \/>\n\t\t<meta property=\"article:modified_time\" content=\"2017-01-24T14:20:14+00:00\" \/>\n\t\t<meta property=\"article:publisher\" content=\"https:\/\/facebook.com\/eldigitaldeasturias\" \/>\n\t\t<meta name=\"twitter:card\" content=\"summary_large_image\" \/>\n\t\t<meta name=\"twitter:title\" content=\"El Principado se \u201cmoviliza\u201d para combatir la contaminaci\u00f3n en el \u00e1rea central - El Digital de Asturias\" \/>\n\t\t<meta name=\"twitter:description\" content=\"La consejera de Infraestructuras, Ordenaci\u00f3n del Territorio y Medio Ambiente, Bel\u00e9n Fern\u00e1ndez, ha propuesto hoy a diecis\u00e9is ayuntamientos del \u00e1rea central de Asturias adoptar medidas espec\u00edficas para prevenir y combatir la contaminaci\u00f3n, especialmente ante aquellas situaciones meteorol\u00f3gicas que dificultan que las part\u00edculas se dispersen con normalidad en la atm\u00f3sfera. Los ayuntamientos implicados son los de\" \/>\n\t\t<meta name=\"twitter:image\" content=\"https:\/\/www.eldigitaldeasturias.com\/noticias\/wp-content\/uploads\/2017\/01\/contaminacion-asturias.jpg\" \/>\n\t\t<meta name=\"twitter:label1\" content=\"Escrito por\" \/>\n\t\t<meta name=\"twitter:data1\" content=\"El Digital de Asturias\" \/>\n\t\t<meta name=\"twitter:label2\" content=\"Tiempo de lectura estimado\" \/>\n\t\t<meta name=\"twitter:data2\" content=\"2 minutos\" \/>\n\t\t<script type=\"application\/ld+json\" class=\"aioseo-schema\">\n\t\t\t{\"@context\":\"https:\\\/\\\/schema.org\",\"@graph\":[{\"@type\":\"BlogPosting\",\"@id\":\"https:\\\/\\\/www.eldigitaldeasturias.com\\\/noticias\\\/el-principado-se-moviliza-para-combatir-la-contaminacion-en-el-area-central\\\/#blogposting\",\"name\":\"El Principado se \\u201cmoviliza\\u201d para combatir la contaminaci\\u00f3n en el \\u00e1rea central - El Digital de Asturias\",\"headline\":\"El Principado se \\u201cmoviliza\\u201d para combatir la contaminaci\\u00f3n en el \\u00e1rea central\",\"author\":{\"@id\":\"https:\\\/\\\/www.eldigitaldeasturias.com\\\/noticias\\\/author\\\/admin\\\/#author\"},\"publisher\":{\"@id\":\"https:\\\/\\\/www.eldigitaldeasturias.com\\\/noticias\\\/#organization\"},\"image\":{\"@type\":\"ImageObject\",\"url\":\"https:\\\/\\\/www.eldigitaldeasturias.com\\\/noticias\\\/wp-content\\\/uploads\\\/2017\\\/01\\\/contaminacion-asturias.jpg\",\"width\":1280,\"height\":721},\"datePublished\":\"2017-01-24T14:20:14+01:00\",\"dateModified\":\"2017-01-24T14:20:14+01:00\",\"inLanguage\":\"es-ES\",\"mainEntityOfPage\":{\"@id\":\"https:\\\/\\\/www.eldigitaldeasturias.com\\\/noticias\\\/el-principado-se-moviliza-para-combatir-la-contaminacion-en-el-area-central\\\/#webpage\"},\"isPartOf\":{\"@id\":\"https:\\\/\\\/www.eldigitaldeasturias.com\\\/noticias\\\/el-principado-se-moviliza-para-combatir-la-contaminacion-en-el-area-central\\\/#webpage\"},\"articleSection\":\"Destacadas\"},{\"@type\":\"BreadcrumbList\",\"@id\":\"https:\\\/\\\/www.eldigitaldeasturias.com\\\/noticias\\\/el-principado-se-moviliza-para-combatir-la-contaminacion-en-el-area-central\\\/#breadcrumblist\",\"itemListElement\":[{\"@type\":\"ListItem\",\"@id\":\"https:\\\/\\\/www.eldigitaldeasturias.com\\\/noticias#listItem\",\"position\":1,\"name\":\"Home\",\"item\":\"https:\\\/\\\/www.eldigitaldeasturias.com\\\/noticias\",\"nextItem\":{\"@type\":\"ListItem\",\"@id\":\"https:\\\/\\\/www.eldigitaldeasturias.com\\\/noticias\\\/category\\\/destacadas\\\/#listItem\",\"name\":\"Destacadas\"}},{\"@type\":\"ListItem\",\"@id\":\"https:\\\/\\\/www.eldigitaldeasturias.com\\\/noticias\\\/category\\\/destacadas\\\/#listItem\",\"position\":2,\"name\":\"Destacadas\",\"item\":\"https:\\\/\\\/www.eldigitaldeasturias.com\\\/noticias\\\/category\\\/destacadas\\\/\",\"nextItem\":{\"@type\":\"ListItem\",\"@id\":\"https:\\\/\\\/www.eldigitaldeasturias.com\\\/noticias\\\/el-principado-se-moviliza-para-combatir-la-contaminacion-en-el-area-central\\\/#listItem\",\"name\":\"El Principado se \\u201cmoviliza\\u201d para combatir la contaminaci\\u00f3n en el \\u00e1rea central\"},\"previousItem\":{\"@type\":\"ListItem\",\"@id\":\"https:\\\/\\\/www.eldigitaldeasturias.com\\\/noticias#listItem\",\"name\":\"Home\"}},{\"@type\":\"ListItem\",\"@id\":\"https:\\\/\\\/www.eldigitaldeasturias.com\\\/noticias\\\/el-principado-se-moviliza-para-combatir-la-contaminacion-en-el-area-central\\\/#listItem\",\"position\":3,\"name\":\"El Principado se \\u201cmoviliza\\u201d para combatir la contaminaci\\u00f3n en el \\u00e1rea central\",\"previousItem\":{\"@type\":\"ListItem\",\"@id\":\"https:\\\/\\\/www.eldigitaldeasturias.com\\\/noticias\\\/category\\\/destacadas\\\/#listItem\",\"name\":\"Destacadas\"}}]},{\"@type\":\"Organization\",\"@id\":\"https:\\\/\\\/www.eldigitaldeasturias.com\\\/noticias\\\/#organization\",\"name\":\"El Digital de Asturias\",\"description\":\"Hemeroteca\",\"url\":\"https:\\\/\\\/www.eldigitaldeasturias.com\\\/noticias\\\/\",\"email\":\"info@eldigitaldeasturias.com\",\"telephone\":\"+34652131393\",\"logo\":{\"@type\":\"ImageObject\",\"url\":\"https:\\\/\\\/www.eldigitaldeasturias.com\\\/noticias\\\/wp-content\\\/uploads\\\/2020\\\/12\\\/EDA.jpg\",\"@id\":\"https:\\\/\\\/www.eldigitaldeasturias.com\\\/noticias\\\/el-principado-se-moviliza-para-combatir-la-contaminacion-en-el-area-central\\\/#organizationLogo\",\"width\":649,\"height\":297},\"image\":{\"@id\":\"https:\\\/\\\/www.eldigitaldeasturias.com\\\/noticias\\\/el-principado-se-moviliza-para-combatir-la-contaminacion-en-el-area-central\\\/#organizationLogo\"},\"sameAs\":[\"https:\\\/\\\/facebook.com\\\/eldigitaldeasturias\",\"https:\\\/\\\/www.youtube.com\\\/channel\\\/UCZP-2wLEB9Rv6erhFmqVnvg\"],\"address\":{\"@id\":\"https:\\\/\\\/www.eldigitaldeasturias.com\\\/noticias\\\/#postaladdress\",\"@type\":\"PostalAddress\",\"streetAddress\":\"san antonio 4,\",\"postalCode\":\"33430\",\"addressLocality\":\"Cand\\u00e1s\",\"addressRegion\":\"Asturias\",\"addressCountry\":\"ES\"}},{\"@type\":\"Person\",\"@id\":\"https:\\\/\\\/www.eldigitaldeasturias.com\\\/noticias\\\/author\\\/admin\\\/#author\",\"url\":\"https:\\\/\\\/www.eldigitaldeasturias.com\\\/noticias\\\/author\\\/admin\\\/\",\"name\":\"El Digital de Asturias\",\"image\":{\"@type\":\"ImageObject\",\"@id\":\"https:\\\/\\\/www.eldigitaldeasturias.com\\\/noticias\\\/el-principado-se-moviliza-para-combatir-la-contaminacion-en-el-area-central\\\/#authorImage\",\"url\":\"https:\\\/\\\/www.eldigitaldeasturias.com\\\/noticias\\\/wp-content\\\/litespeed\\\/avatar\\\/18677e78aa0546b92d9dbf31ec7d7668.jpg?ver=1777290358\",\"width\":96,\"height\":96,\"caption\":\"El Digital de Asturias\"}},{\"@type\":\"WebPage\",\"@id\":\"https:\\\/\\\/www.eldigitaldeasturias.com\\\/noticias\\\/el-principado-se-moviliza-para-combatir-la-contaminacion-en-el-area-central\\\/#webpage\",\"url\":\"https:\\\/\\\/www.eldigitaldeasturias.com\\\/noticias\\\/el-principado-se-moviliza-para-combatir-la-contaminacion-en-el-area-central\\\/\",\"name\":\"El Principado se \\u201cmoviliza\\u201d para combatir la contaminaci\\u00f3n en el \\u00e1rea central - El Digital de Asturias\",\"description\":\"La consejera de Infraestructuras, Ordenaci\\u00f3n del Territorio y Medio Ambiente, Bel\\u00e9n Fern\\u00e1ndez, ha propuesto hoy a diecis\\u00e9is ayuntamientos del \\u00e1rea central de Asturias adoptar medidas espec\\u00edficas para prevenir y combatir la contaminaci\\u00f3n, especialmente ante aquellas situaciones meteorol\\u00f3gicas que dificultan que las part\\u00edculas se dispersen con normalidad en la atm\\u00f3sfera. Los ayuntamientos implicados son los de\",\"inLanguage\":\"es-ES\",\"isPartOf\":{\"@id\":\"https:\\\/\\\/www.eldigitaldeasturias.com\\\/noticias\\\/#website\"},\"breadcrumb\":{\"@id\":\"https:\\\/\\\/www.eldigitaldeasturias.com\\\/noticias\\\/el-principado-se-moviliza-para-combatir-la-contaminacion-en-el-area-central\\\/#breadcrumblist\"},\"author\":{\"@id\":\"https:\\\/\\\/www.eldigitaldeasturias.com\\\/noticias\\\/author\\\/admin\\\/#author\"},\"creator\":{\"@id\":\"https:\\\/\\\/www.eldigitaldeasturias.com\\\/noticias\\\/author\\\/admin\\\/#author\"},\"image\":{\"@type\":\"ImageObject\",\"url\":\"https:\\\/\\\/www.eldigitaldeasturias.com\\\/noticias\\\/wp-content\\\/uploads\\\/2017\\\/01\\\/contaminacion-asturias.jpg\",\"@id\":\"https:\\\/\\\/www.eldigitaldeasturias.com\\\/noticias\\\/el-principado-se-moviliza-para-combatir-la-contaminacion-en-el-area-central\\\/#mainImage\",\"width\":1280,\"height\":721},\"primaryImageOfPage\":{\"@id\":\"https:\\\/\\\/www.eldigitaldeasturias.com\\\/noticias\\\/el-principado-se-moviliza-para-combatir-la-contaminacion-en-el-area-central\\\/#mainImage\"},\"datePublished\":\"2017-01-24T14:20:14+01:00\",\"dateModified\":\"2017-01-24T14:20:14+01:00\"},{\"@type\":\"WebSite\",\"@id\":\"https:\\\/\\\/www.eldigitaldeasturias.com\\\/noticias\\\/#website\",\"url\":\"https:\\\/\\\/www.eldigitaldeasturias.com\\\/noticias\\\/\",\"name\":\"El Digital de Asturias - Diario de actualidad y noticias\",\"alternateName\":\"El Digital de Asturias - Diario de actualidad y noticias\",\"description\":\"Hemeroteca\",\"inLanguage\":\"es-ES\",\"publisher\":{\"@id\":\"https:\\\/\\\/www.eldigitaldeasturias.com\\\/noticias\\\/#organization\"}}]}\n\t\t<\/script>\n\t\t<!-- All in One SEO Pro -->\r\n\t\t<title>El Principado se \u201cmoviliza\u201d para combatir la contaminaci\u00f3n en el \u00e1rea central - El Digital de Asturias<\/title>\n\n","aioseo_head_json":{"title":"El Principado se \u201cmoviliza\u201d para combatir la contaminaci\u00f3n en el \u00e1rea central - El Digital de Asturias","description":"La consejera de Infraestructuras, Ordenaci\u00f3n del Territorio y Medio Ambiente, Bel\u00e9n Fern\u00e1ndez, ha propuesto hoy a diecis\u00e9is ayuntamientos del \u00e1rea central de Asturias adoptar medidas espec\u00edficas para prevenir y combatir la contaminaci\u00f3n, especialmente ante aquellas situaciones meteorol\u00f3gicas que dificultan que las part\u00edculas se dispersen con normalidad en la atm\u00f3sfera. Los ayuntamientos implicados son los de","canonical_url":"https:\/\/www.eldigitaldeasturias.com\/noticias\/el-principado-se-moviliza-para-combatir-la-contaminacion-en-el-area-central\/","robots":"max-image-preview:large","keywords":"destacadas","webmasterTools":{"google-site-verification":"UA-38556648-1","msvalidate.01":"7dfe9f3f1b24437ab69f4f2559babe99","miscellaneous":""},"schema":{"@context":"https:\/\/schema.org","@graph":[{"@type":"BlogPosting","@id":"https:\/\/www.eldigitaldeasturias.com\/noticias\/el-principado-se-moviliza-para-combatir-la-contaminacion-en-el-area-central\/#blogposting","name":"El Principado se \u201cmoviliza\u201d para combatir la contaminaci\u00f3n en el \u00e1rea central - El Digital de Asturias","headline":"El Principado se \u201cmoviliza\u201d para combatir la contaminaci\u00f3n en el \u00e1rea central","author":{"@id":"https:\/\/www.eldigitaldeasturias.com\/noticias\/author\/admin\/#author"},"publisher":{"@id":"https:\/\/www.eldigitaldeasturias.com\/noticias\/#organization"},"image":{"@type":"ImageObject","url":"https:\/\/www.eldigitaldeasturias.com\/noticias\/wp-content\/uploads\/2017\/01\/contaminacion-asturias.jpg","width":1280,"height":721},"datePublished":"2017-01-24T14:20:14+01:00","dateModified":"2017-01-24T14:20:14+01:00","inLanguage":"es-ES","mainEntityOfPage":{"@id":"https:\/\/www.eldigitaldeasturias.com\/noticias\/el-principado-se-moviliza-para-combatir-la-contaminacion-en-el-area-central\/#webpage"},"isPartOf":{"@id":"https:\/\/www.eldigitaldeasturias.com\/noticias\/el-principado-se-moviliza-para-combatir-la-contaminacion-en-el-area-central\/#webpage"},"articleSection":"Destacadas"},{"@type":"BreadcrumbList","@id":"https:\/\/www.eldigitaldeasturias.com\/noticias\/el-principado-se-moviliza-para-combatir-la-contaminacion-en-el-area-central\/#breadcrumblist","itemListElement":[{"@type":"ListItem","@id":"https:\/\/www.eldigitaldeasturias.com\/noticias#listItem","position":1,"name":"Home","item":"https:\/\/www.eldigitaldeasturias.com\/noticias","nextItem":{"@type":"ListItem","@id":"https:\/\/www.eldigitaldeasturias.com\/noticias\/category\/destacadas\/#listItem","name":"Destacadas"}},{"@type":"ListItem","@id":"https:\/\/www.eldigitaldeasturias.com\/noticias\/category\/destacadas\/#listItem","position":2,"name":"Destacadas","item":"https:\/\/www.eldigitaldeasturias.com\/noticias\/category\/destacadas\/","nextItem":{"@type":"ListItem","@id":"https:\/\/www.eldigitaldeasturias.com\/noticias\/el-principado-se-moviliza-para-combatir-la-contaminacion-en-el-area-central\/#listItem","name":"El Principado se \u201cmoviliza\u201d para combatir la contaminaci\u00f3n en el \u00e1rea central"},"previousItem":{"@type":"ListItem","@id":"https:\/\/www.eldigitaldeasturias.com\/noticias#listItem","name":"Home"}},{"@type":"ListItem","@id":"https:\/\/www.eldigitaldeasturias.com\/noticias\/el-principado-se-moviliza-para-combatir-la-contaminacion-en-el-area-central\/#listItem","position":3,"name":"El Principado se \u201cmoviliza\u201d para combatir la contaminaci\u00f3n en el \u00e1rea central","previousItem":{"@type":"ListItem","@id":"https:\/\/www.eldigitaldeasturias.com\/noticias\/category\/destacadas\/#listItem","name":"Destacadas"}}]},{"@type":"Organization","@id":"https:\/\/www.eldigitaldeasturias.com\/noticias\/#organization","name":"El Digital de Asturias","description":"Hemeroteca","url":"https:\/\/www.eldigitaldeasturias.com\/noticias\/","email":"info@eldigitaldeasturias.com","telephone":"+34652131393","logo":{"@type":"ImageObject","url":"https:\/\/www.eldigitaldeasturias.com\/noticias\/wp-content\/uploads\/2020\/12\/EDA.jpg","@id":"https:\/\/www.eldigitaldeasturias.com\/noticias\/el-principado-se-moviliza-para-combatir-la-contaminacion-en-el-area-central\/#organizationLogo","width":649,"height":297},"image":{"@id":"https:\/\/www.eldigitaldeasturias.com\/noticias\/el-principado-se-moviliza-para-combatir-la-contaminacion-en-el-area-central\/#organizationLogo"},"sameAs":["https:\/\/facebook.com\/eldigitaldeasturias","https:\/\/www.youtube.com\/channel\/UCZP-2wLEB9Rv6erhFmqVnvg"],"address":{"@id":"https:\/\/www.eldigitaldeasturias.com\/noticias\/#postaladdress","@type":"PostalAddress","streetAddress":"san antonio 4,","postalCode":"33430","addressLocality":"Cand\u00e1s","addressRegion":"Asturias","addressCountry":"ES"}},{"@type":"Person","@id":"https:\/\/www.eldigitaldeasturias.com\/noticias\/author\/admin\/#author","url":"https:\/\/www.eldigitaldeasturias.com\/noticias\/author\/admin\/","name":"El Digital de Asturias","image":{"@type":"ImageObject","@id":"https:\/\/www.eldigitaldeasturias.com\/noticias\/el-principado-se-moviliza-para-combatir-la-contaminacion-en-el-area-central\/#authorImage","url":"https:\/\/www.eldigitaldeasturias.com\/noticias\/wp-content\/litespeed\/avatar\/18677e78aa0546b92d9dbf31ec7d7668.jpg?ver=1777290358","width":96,"height":96,"caption":"El Digital de Asturias"}},{"@type":"WebPage","@id":"https:\/\/www.eldigitaldeasturias.com\/noticias\/el-principado-se-moviliza-para-combatir-la-contaminacion-en-el-area-central\/#webpage","url":"https:\/\/www.eldigitaldeasturias.com\/noticias\/el-principado-se-moviliza-para-combatir-la-contaminacion-en-el-area-central\/","name":"El Principado se \u201cmoviliza\u201d para combatir la contaminaci\u00f3n en el \u00e1rea central - El Digital de Asturias","description":"La consejera de Infraestructuras, Ordenaci\u00f3n del Territorio y Medio Ambiente, Bel\u00e9n Fern\u00e1ndez, ha propuesto hoy a diecis\u00e9is ayuntamientos del \u00e1rea central de Asturias adoptar medidas espec\u00edficas para prevenir y combatir la contaminaci\u00f3n, especialmente ante aquellas situaciones meteorol\u00f3gicas que dificultan que las part\u00edculas se dispersen con normalidad en la atm\u00f3sfera. Los ayuntamientos implicados son los de","inLanguage":"es-ES","isPartOf":{"@id":"https:\/\/www.eldigitaldeasturias.com\/noticias\/#website"},"breadcrumb":{"@id":"https:\/\/www.eldigitaldeasturias.com\/noticias\/el-principado-se-moviliza-para-combatir-la-contaminacion-en-el-area-central\/#breadcrumblist"},"author":{"@id":"https:\/\/www.eldigitaldeasturias.com\/noticias\/author\/admin\/#author"},"creator":{"@id":"https:\/\/www.eldigitaldeasturias.com\/noticias\/author\/admin\/#author"},"image":{"@type":"ImageObject","url":"https:\/\/www.eldigitaldeasturias.com\/noticias\/wp-content\/uploads\/2017\/01\/contaminacion-asturias.jpg","@id":"https:\/\/www.eldigitaldeasturias.com\/noticias\/el-principado-se-moviliza-para-combatir-la-contaminacion-en-el-area-central\/#mainImage","width":1280,"height":721},"primaryImageOfPage":{"@id":"https:\/\/www.eldigitaldeasturias.com\/noticias\/el-principado-se-moviliza-para-combatir-la-contaminacion-en-el-area-central\/#mainImage"},"datePublished":"2017-01-24T14:20:14+01:00","dateModified":"2017-01-24T14:20:14+01:00"},{"@type":"WebSite","@id":"https:\/\/www.eldigitaldeasturias.com\/noticias\/#website","url":"https:\/\/www.eldigitaldeasturias.com\/noticias\/","name":"El Digital de Asturias - Diario de actualidad y noticias","alternateName":"El Digital de Asturias - Diario de actualidad y noticias","description":"Hemeroteca","inLanguage":"es-ES","publisher":{"@id":"https:\/\/www.eldigitaldeasturias.com\/noticias\/#organization"}}]},"og:locale":"es_ES","og:site_name":"El Digital de Asturias","og:type":"article","og:title":"El Principado se \u201cmoviliza\u201d para combatir la contaminaci\u00f3n en el \u00e1rea central - El Digital de Asturias","og:description":"La consejera de Infraestructuras, Ordenaci\u00f3n del Territorio y Medio Ambiente, Bel\u00e9n Fern\u00e1ndez, ha propuesto hoy a diecis\u00e9is ayuntamientos del \u00e1rea central de Asturias adoptar medidas espec\u00edficas para prevenir y combatir la contaminaci\u00f3n, especialmente ante aquellas situaciones meteorol\u00f3gicas que dificultan que las part\u00edculas se dispersen con normalidad en la atm\u00f3sfera. Los ayuntamientos implicados son los de","og:url":"https:\/\/www.eldigitaldeasturias.com\/noticias\/el-principado-se-moviliza-para-combatir-la-contaminacion-en-el-area-central\/","og:image":"https:\/\/www.eldigitaldeasturias.com\/noticias\/wp-content\/uploads\/2017\/01\/contaminacion-asturias.jpg","og:image:secure_url":"https:\/\/www.eldigitaldeasturias.com\/noticias\/wp-content\/uploads\/2017\/01\/contaminacion-asturias.jpg","og:image:width":1280,"og:image:height":721,"article:tag":["destacadas"],"article:published_time":"2017-01-24T14:20:14+00:00","article:modified_time":"2017-01-24T14:20:14+00:00","article:publisher":"https:\/\/facebook.com\/eldigitaldeasturias","twitter:card":"summary_large_image","twitter:title":"El Principado se \u201cmoviliza\u201d para combatir la contaminaci\u00f3n en el \u00e1rea central - El Digital de Asturias","twitter:description":"La consejera de Infraestructuras, Ordenaci\u00f3n del Territorio y Medio Ambiente, Bel\u00e9n Fern\u00e1ndez, ha propuesto hoy a diecis\u00e9is ayuntamientos del \u00e1rea central de Asturias adoptar medidas espec\u00edficas para prevenir y combatir la contaminaci\u00f3n, especialmente ante aquellas situaciones meteorol\u00f3gicas que dificultan que las part\u00edculas se dispersen con normalidad en la atm\u00f3sfera. Los ayuntamientos implicados son los de","twitter:image":"https:\/\/www.eldigitaldeasturias.com\/noticias\/wp-content\/uploads\/2017\/01\/contaminacion-asturias.jpg","twitter:label1":"Escrito por","twitter:data1":"El Digital de Asturias","twitter:label2":"Tiempo de lectura estimado","twitter:data2":"2 minutos"},"aioseo_meta_data":{"post_id":"923393","title":null,"description":null,"keywords":null,"keyphrases":null,"primary_term":null,"canonical_url":null,"og_title":null,"og_description":null,"og_object_type":"default","og_image_type":"default","og_image_url":null,"og_image_width":null,"og_image_height":null,"og_image_custom_url":null,"og_image_custom_fields":null,"og_video":null,"og_custom_url":null,"og_article_section":null,"og_article_tags":null,"twitter_use_og":false,"twitter_card":"default","twitter_image_type":"default","twitter_image_url":null,"twitter_image_custom_url":null,"twitter_image_custom_fields":null,"twitter_title":null,"twitter_description":null,"schema":{"blockGraphs":[],"customGraphs":[],"default":{"data":{"Article":[],"Course":[],"Dataset":[],"FAQPage":[],"Movie":[],"Person":[],"Product":[],"ProductReview":[],"Car":[],"Recipe":[],"Service":[],"SoftwareApplication":[],"WebPage":[]},"graphName":"","isEnabled":true},"graphs":[],"defaultGraph":"","defaultPostTypeGraph":""},"schema_type":null,"schema_type_options":null,"pillar_content":false,"robots_default":true,"robots_noindex":false,"robots_noarchive":false,"robots_nosnippet":false,"robots_nofollow":false,"robots_noimageindex":false,"robots_noodp":false,"robots_notranslate":false,"robots_max_snippet":null,"robots_max_videopreview":null,"robots_max_imagepreview":"large","priority":null,"frequency":null,"local_seo":null,"seo_analyzer_scan_date":"2025-12-02 20:32:13","breadcrumb_settings":null,"limit_modified_date":false,"open_ai":null,"ai":null,"created":"2020-12-21 13:40:53","updated":"2025-12-02 20:32:13"},"aioseo_breadcrumb":"<div class=\"aioseo-breadcrumbs\"><span class=\"aioseo-breadcrumb\">\n\t<a href=\"https:\/\/www.eldigitaldeasturias.com\/noticias\" title=\"Home\">Home<\/a>\n<\/span><span class=\"aioseo-breadcrumb-separator\">\u2013<\/span><span class=\"aioseo-breadcrumb\">\n\t<a href=\"https:\/\/www.eldigitaldeasturias.com\/noticias\/category\/destacadas\/\" title=\"Destacadas\">Destacadas<\/a>\n<\/span><span class=\"aioseo-breadcrumb-separator\">\u2013<\/span><span class=\"aioseo-breadcrumb\">\n\t<a href=\"https:\/\/www.eldigitaldeasturias.com\/noticias\/el-principado-se-moviliza-para-combatir-la-contaminacion-en-el-area-central\/\" title=\"El Principado se \u201cmoviliza\u201d para combatir la contaminaci\u00f3n en el \u00e1rea central\">El Principado se \u201cmoviliza\u201d para combatir la contaminaci\u00f3n en el \u00e1rea central<\/a>\n<\/span><\/div>","aioseo_breadcrumb_json":[{"label":"Home","link":"https:\/\/www.eldigitaldeasturias.com\/noticias"},{"label":"Destacadas","link":"https:\/\/www.eldigitaldeasturias.com\/noticias\/category\/destacadas\/"},{"label":"El Principado se \u201cmoviliza\u201d para combatir la contaminaci\u00f3n en el \u00e1rea central","link":"https:\/\/www.eldigitaldeasturias.com\/noticias\/el-principado-se-moviliza-para-combatir-la-contaminacion-en-el-area-central\/"}],"_links":{"self":[{"href":"https:\/\/www.eldigitaldeasturias.com\/noticias\/wp-json\/wp\/v2\/posts\/923393","targetHints":{"allow":["GET"]}}],"collection":[{"href":"https:\/\/www.eldigitaldeasturias.com\/noticias\/wp-json\/wp\/v2\/posts"}],"about":[{"href":"https:\/\/www.eldigitaldeasturias.com\/noticias\/wp-json\/wp\/v2\/types\/post"}],"author":[{"embeddable":true,"href":"https:\/\/www.eldigitaldeasturias.com\/noticias\/wp-json\/wp\/v2\/users\/1"}],"replies":[{"embeddable":true,"href":"https:\/\/www.eldigitaldeasturias.com\/noticias\/wp-json\/wp\/v2\/comments?post=923393"}],"version-history":[{"count":0,"href":"https:\/\/www.eldigitaldeasturias.com\/noticias\/wp-json\/wp\/v2\/posts\/923393\/revisions"}],"wp:featuredmedia":[{"embeddable":true,"href":"https:\/\/www.eldigitaldeasturias.com\/noticias\/wp-json\/wp\/v2\/media\/923394"}],"wp:attachment":[{"href":"https:\/\/www.eldigitaldeasturias.com\/noticias\/wp-json\/wp\/v2\/media?parent=923393"}],"wp:term":[{"taxonomy":"category","embeddable":true,"href":"https:\/\/www.eldigitaldeasturias.com\/noticias\/wp-json\/wp\/v2\/categories?post=923393"},{"taxonomy":"post_tag","embeddable":true,"href":"https:\/\/www.eldigitaldeasturias.com\/noticias\/wp-json\/wp\/v2\/tags?post=923393"}],"curies":[{"name":"wp","href":"https:\/\/api.w.org\/{rel}","templated":true}]}}