{"id":923355,"date":"2017-01-24T03:12:00","date_gmt":"2017-01-24T03:12:00","guid":{"rendered":"http:\/\/www.eldigitaldeasturias.com\/noticias\/?p=923355"},"modified":"2017-01-24T03:21:12","modified_gmt":"2017-01-24T03:21:12","slug":"moriyon-el-plan-de-vias-de-gijon-dificilmente-podra-estar-en-los-pge","status":"publish","type":"post","link":"https:\/\/www.eldigitaldeasturias.com\/noticias\/moriyon-el-plan-de-vias-de-gijon-dificilmente-podra-estar-en-los-pge\/","title":{"rendered":"Carmen Moriy\u00f3n: \u201cEl Plan de V\u00edas de Gij\u00f3n dif\u00edcilmente podr\u00e1 estar en los PGE\u201d"},"content":{"rendered":"<p>La alcaldesa de Gij\u00f3n, Carmen Moriy\u00f3n, ha asistido esta ma\u00f1ana al Forum El Comercio \u201cPuertos del Norte\u201d, que cont\u00f3 con la presencia de Jos\u00e9 Llorca, Presidente de Puertos del Estado; adem\u00e1s de los presidentes de los Puertos de Bilbao, Santander, Vigo, Avil\u00e9s y Gij\u00f3n.<\/p>\n<p><img loading=\"lazy\" decoding=\"async\" class=\"size-large wp-image-923356 aligncenter\" src=\"https:\/\/www.eldigitaldeasturias.com\/noticias\/wp-content\/uploads\/2017\/01\/6733_1-650x254.jpg\" alt=\"\" width=\"650\" height=\"254\" srcset=\"https:\/\/www.eldigitaldeasturias.com\/noticias\/wp-content\/uploads\/2017\/01\/6733_1-650x254.jpg 650w, https:\/\/www.eldigitaldeasturias.com\/noticias\/wp-content\/uploads\/2017\/01\/6733_1-360x140.jpg 360w, https:\/\/www.eldigitaldeasturias.com\/noticias\/wp-content\/uploads\/2017\/01\/6733_1-768x300.jpg 768w, https:\/\/www.eldigitaldeasturias.com\/noticias\/wp-content\/uploads\/2017\/01\/6733_1.jpg 800w\" sizes=\"auto, (max-width: 650px) 100vw, 650px\" \/><\/p>\n<p>La alcaldesa valor\u00f3 este encuentro de \u201cmuy interesante y con muchos puntos de reflexi\u00f3n\u201d y manifest\u00f3 la disposici\u00f3n de Gij\u00f3n para adherirse a la plataforma para el impulso de la log\u00edstica en la zona norte, planteada durante el F\u00f3rum, \u201cpara buscar el progreso de nuestra tierra y alcanzar juntos los objetivos\u201d. En relaci\u00f3n con las declaraciones del presidente de Puertos del Estado sobre la solicitud de una auditor\u00eda para analizar la gesti\u00f3n de la naviera que abandon\u00f3 la l\u00ednea Gij\u00f3n-Nantes, la alcaldesa lament\u00f3 que Asturias est\u00e9 \u201ca la cola en todo\u201d refiri\u00e9ndose tambi\u00e9n a la regasificadora, la depuradora y el t\u00fanel del metrotr\u00e9n.<\/p>\n<p>En respuesta a las preguntas de los periodistas acerca de la visita del Ministro de Fomento del s\u00e1bado, Moriy\u00f3n destac\u00f3 como aspectos positivos \u201cla prontitud con la que vino al Ayuntamiento de Gij\u00f3n\u201d, su compromiso con la centralidad de la estaci\u00f3n intermodal en el \u00e1mbito del Museo del Ferrocarril \u201crefrendando el acuerdo del consejo de administraci\u00f3n de Gij\u00f3n al Norte de 30 de marzo de 2016\u201d y que \u201cpor fin se reconoce que s\u00f3lo con las plusval\u00edas no se puede llevar a cabo este proyecto\u201d. Entre los aspectos negativos, la regidora gijonesa se\u00f1al\u00f3 la falta de concreci\u00f3n de fechas \u201cno concreta fecha ni para realizar el estudio de viabilidad econ\u00f3mica ni para presentarlo\u201d. La ausencia de dicho estudio imposibilita un pr\u00f3ximo consejo de Gij\u00f3n al Norte y por lo tanto un acuerdo presupuestario.<\/p>\n<p>\u201cSi todo esto no se produce, en los Presupuestos Generales del Estado de 2017, si los hubiera, no figurar\u00e1 ninguna partida para el Plan de V\u00edas de Gij\u00f3n\u201d lamenta la alcaldesa, quien manifiesta estar \u201cnuevamente en un punto de espera\u201d.<\/p>\n<p>Respecto al equipo cient\u00edfico del Jard\u00edn Bot\u00e1nico, recientemente cesado, la alcaldesa manifest\u00f3 esta ma\u00f1ana que ser\u00e1 la Universidad de Oviedo quien designe al nuevo equipo \u201cque estoy segura que ser\u00e1 el mejor\u201d, se\u00f1al\u00f3.<\/p>\n<p>&nbsp;<\/p>\n","protected":false},"excerpt":{"rendered":"<p>La alcaldesa de Gij\u00f3n, Carmen Moriy\u00f3n, ha asistido esta ma\u00f1ana al Forum El Comercio \u201cPuertos del Norte\u201d, que cont\u00f3 con la presencia de Jos\u00e9 Llorca, Presidente de Puertos del Estado; adem\u00e1s de los presidentes de los Puertos de Bilbao, Santander, Vigo, Avil\u00e9s y Gij\u00f3n. La alcaldesa valor\u00f3 este encuentro de \u201cmuy interesante y con muchos [&hellip;]<\/p>\n","protected":false},"author":1,"featured_media":772834,"comment_status":"closed","ping_status":"closed","sticky":false,"template":"","format":"standard","meta":{"footnotes":""},"categories":[141],"tags":[],"class_list":["post-923355","post","type-post","status-publish","format-standard","has-post-thumbnail","hentry","category-destacadas"],"aioseo_notices":[],"aioseo_head":"\n\t\t<!-- All in One SEO Pro 4.9.6.2 - aioseo.com -->\n\t<meta name=\"description\" content=\"La alcaldesa de Gij\u00f3n, Carmen Moriy\u00f3n, ha asistido esta ma\u00f1ana al Forum El Comercio \u201cPuertos del Norte\u201d, que cont\u00f3 con la presencia de Jos\u00e9 Llorca, Presidente de Puertos del Estado; adem\u00e1s de los presidentes de los Puertos de Bilbao, Santander, Vigo, Avil\u00e9s y Gij\u00f3n. La alcaldesa valor\u00f3 este encuentro de \u201cmuy interesante y con muchos\" \/>\n\t<meta name=\"robots\" content=\"max-image-preview:large\" \/>\n\t<meta name=\"author\" content=\"El Digital de Asturias\"\/>\n\t<meta name=\"google-site-verification\" content=\"UA-38556648-1\" \/>\n\t<meta name=\"msvalidate.01\" content=\"7dfe9f3f1b24437ab69f4f2559babe99\" \/>\n\t<meta name=\"keywords\" content=\"destacadas\" \/>\n\t<link rel=\"canonical\" href=\"https:\/\/www.eldigitaldeasturias.com\/noticias\/moriyon-el-plan-de-vias-de-gijon-dificilmente-podra-estar-en-los-pge\/\" \/>\n\t<meta name=\"generator\" content=\"All in One SEO Pro (AIOSEO) 4.9.6.2\" \/>\n\t\t<meta property=\"og:locale\" content=\"es_ES\" \/>\n\t\t<meta property=\"og:site_name\" content=\"El Digital de Asturias\" \/>\n\t\t<meta property=\"og:type\" content=\"article\" \/>\n\t\t<meta property=\"og:title\" content=\"Carmen Moriy\u00f3n: \u201cEl Plan de V\u00edas de Gij\u00f3n dif\u00edcilmente podr\u00e1 estar en los PGE\u201d - El Digital de Asturias\" \/>\n\t\t<meta property=\"og:description\" content=\"La alcaldesa de Gij\u00f3n, Carmen Moriy\u00f3n, ha asistido esta ma\u00f1ana al Forum El Comercio \u201cPuertos del Norte\u201d, que cont\u00f3 con la presencia de Jos\u00e9 Llorca, Presidente de Puertos del Estado; adem\u00e1s de los presidentes de los Puertos de Bilbao, Santander, Vigo, Avil\u00e9s y Gij\u00f3n. La alcaldesa valor\u00f3 este encuentro de \u201cmuy interesante y con muchos\" \/>\n\t\t<meta property=\"og:url\" content=\"https:\/\/www.eldigitaldeasturias.com\/noticias\/moriyon-el-plan-de-vias-de-gijon-dificilmente-podra-estar-en-los-pge\/\" \/>\n\t\t<meta property=\"og:image\" content=\"https:\/\/www.eldigitaldeasturias.com\/noticias\/wp-content\/uploads\/2015\/03\/moriyon.jpg\" \/>\n\t\t<meta property=\"og:image:secure_url\" content=\"https:\/\/www.eldigitaldeasturias.com\/noticias\/wp-content\/uploads\/2015\/03\/moriyon.jpg\" \/>\n\t\t<meta property=\"og:image:width\" content=\"800\" \/>\n\t\t<meta property=\"og:image:height\" content=\"600\" \/>\n\t\t<meta property=\"article:tag\" content=\"destacadas\" \/>\n\t\t<meta property=\"article:published_time\" content=\"2017-01-24T03:12:00+00:00\" \/>\n\t\t<meta property=\"article:modified_time\" content=\"2017-01-24T03:21:12+00:00\" \/>\n\t\t<meta property=\"article:publisher\" content=\"https:\/\/facebook.com\/eldigitaldeasturias\" \/>\n\t\t<meta name=\"twitter:card\" content=\"summary_large_image\" \/>\n\t\t<meta name=\"twitter:title\" content=\"Carmen Moriy\u00f3n: \u201cEl Plan de V\u00edas de Gij\u00f3n dif\u00edcilmente podr\u00e1 estar en los PGE\u201d - El Digital de Asturias\" \/>\n\t\t<meta name=\"twitter:description\" content=\"La alcaldesa de Gij\u00f3n, Carmen Moriy\u00f3n, ha asistido esta ma\u00f1ana al Forum El Comercio \u201cPuertos del Norte\u201d, que cont\u00f3 con la presencia de Jos\u00e9 Llorca, Presidente de Puertos del Estado; adem\u00e1s de los presidentes de los Puertos de Bilbao, Santander, Vigo, Avil\u00e9s y Gij\u00f3n. La alcaldesa valor\u00f3 este encuentro de \u201cmuy interesante y con muchos\" \/>\n\t\t<meta name=\"twitter:image\" content=\"https:\/\/www.eldigitaldeasturias.com\/noticias\/wp-content\/uploads\/2015\/03\/moriyon.jpg\" \/>\n\t\t<meta name=\"twitter:label1\" content=\"Escrito por\" \/>\n\t\t<meta name=\"twitter:data1\" content=\"El Digital de Asturias\" \/>\n\t\t<meta name=\"twitter:label2\" content=\"Tiempo de lectura estimado\" \/>\n\t\t<meta name=\"twitter:data2\" content=\"2 minutos\" \/>\n\t\t<script type=\"application\/ld+json\" class=\"aioseo-schema\">\n\t\t\t{\"@context\":\"https:\\\/\\\/schema.org\",\"@graph\":[{\"@type\":\"BlogPosting\",\"@id\":\"https:\\\/\\\/www.eldigitaldeasturias.com\\\/noticias\\\/moriyon-el-plan-de-vias-de-gijon-dificilmente-podra-estar-en-los-pge\\\/#blogposting\",\"name\":\"Carmen Moriy\\u00f3n: \\u201cEl Plan de V\\u00edas de Gij\\u00f3n dif\\u00edcilmente podr\\u00e1 estar en los PGE\\u201d - El Digital de Asturias\",\"headline\":\"Carmen Moriy\\u00f3n: \\u201cEl Plan de V\\u00edas de Gij\\u00f3n dif\\u00edcilmente podr\\u00e1 estar en los PGE\\u201d\",\"author\":{\"@id\":\"https:\\\/\\\/www.eldigitaldeasturias.com\\\/noticias\\\/author\\\/admin\\\/#author\"},\"publisher\":{\"@id\":\"https:\\\/\\\/www.eldigitaldeasturias.com\\\/noticias\\\/#organization\"},\"image\":{\"@type\":\"ImageObject\",\"url\":\"https:\\\/\\\/www.eldigitaldeasturias.com\\\/noticias\\\/wp-content\\\/uploads\\\/2015\\\/03\\\/moriyon.jpg\",\"width\":800,\"height\":600},\"datePublished\":\"2017-01-24T03:12:00+01:00\",\"dateModified\":\"2017-01-24T03:21:12+01:00\",\"inLanguage\":\"es-ES\",\"mainEntityOfPage\":{\"@id\":\"https:\\\/\\\/www.eldigitaldeasturias.com\\\/noticias\\\/moriyon-el-plan-de-vias-de-gijon-dificilmente-podra-estar-en-los-pge\\\/#webpage\"},\"isPartOf\":{\"@id\":\"https:\\\/\\\/www.eldigitaldeasturias.com\\\/noticias\\\/moriyon-el-plan-de-vias-de-gijon-dificilmente-podra-estar-en-los-pge\\\/#webpage\"},\"articleSection\":\"Destacadas\"},{\"@type\":\"BreadcrumbList\",\"@id\":\"https:\\\/\\\/www.eldigitaldeasturias.com\\\/noticias\\\/moriyon-el-plan-de-vias-de-gijon-dificilmente-podra-estar-en-los-pge\\\/#breadcrumblist\",\"itemListElement\":[{\"@type\":\"ListItem\",\"@id\":\"https:\\\/\\\/www.eldigitaldeasturias.com\\\/noticias#listItem\",\"position\":1,\"name\":\"Home\",\"item\":\"https:\\\/\\\/www.eldigitaldeasturias.com\\\/noticias\",\"nextItem\":{\"@type\":\"ListItem\",\"@id\":\"https:\\\/\\\/www.eldigitaldeasturias.com\\\/noticias\\\/category\\\/destacadas\\\/#listItem\",\"name\":\"Destacadas\"}},{\"@type\":\"ListItem\",\"@id\":\"https:\\\/\\\/www.eldigitaldeasturias.com\\\/noticias\\\/category\\\/destacadas\\\/#listItem\",\"position\":2,\"name\":\"Destacadas\",\"item\":\"https:\\\/\\\/www.eldigitaldeasturias.com\\\/noticias\\\/category\\\/destacadas\\\/\",\"nextItem\":{\"@type\":\"ListItem\",\"@id\":\"https:\\\/\\\/www.eldigitaldeasturias.com\\\/noticias\\\/moriyon-el-plan-de-vias-de-gijon-dificilmente-podra-estar-en-los-pge\\\/#listItem\",\"name\":\"Carmen Moriy\\u00f3n: \\u201cEl Plan de V\\u00edas de Gij\\u00f3n dif\\u00edcilmente podr\\u00e1 estar en los PGE\\u201d\"},\"previousItem\":{\"@type\":\"ListItem\",\"@id\":\"https:\\\/\\\/www.eldigitaldeasturias.com\\\/noticias#listItem\",\"name\":\"Home\"}},{\"@type\":\"ListItem\",\"@id\":\"https:\\\/\\\/www.eldigitaldeasturias.com\\\/noticias\\\/moriyon-el-plan-de-vias-de-gijon-dificilmente-podra-estar-en-los-pge\\\/#listItem\",\"position\":3,\"name\":\"Carmen Moriy\\u00f3n: \\u201cEl Plan de V\\u00edas de Gij\\u00f3n dif\\u00edcilmente podr\\u00e1 estar en los PGE\\u201d\",\"previousItem\":{\"@type\":\"ListItem\",\"@id\":\"https:\\\/\\\/www.eldigitaldeasturias.com\\\/noticias\\\/category\\\/destacadas\\\/#listItem\",\"name\":\"Destacadas\"}}]},{\"@type\":\"Organization\",\"@id\":\"https:\\\/\\\/www.eldigitaldeasturias.com\\\/noticias\\\/#organization\",\"name\":\"El Digital de Asturias\",\"description\":\"Hemeroteca\",\"url\":\"https:\\\/\\\/www.eldigitaldeasturias.com\\\/noticias\\\/\",\"email\":\"info@eldigitaldeasturias.com\",\"telephone\":\"+34652131393\",\"logo\":{\"@type\":\"ImageObject\",\"url\":\"https:\\\/\\\/www.eldigitaldeasturias.com\\\/noticias\\\/wp-content\\\/uploads\\\/2020\\\/12\\\/EDA.jpg\",\"@id\":\"https:\\\/\\\/www.eldigitaldeasturias.com\\\/noticias\\\/moriyon-el-plan-de-vias-de-gijon-dificilmente-podra-estar-en-los-pge\\\/#organizationLogo\",\"width\":649,\"height\":297},\"image\":{\"@id\":\"https:\\\/\\\/www.eldigitaldeasturias.com\\\/noticias\\\/moriyon-el-plan-de-vias-de-gijon-dificilmente-podra-estar-en-los-pge\\\/#organizationLogo\"},\"sameAs\":[\"https:\\\/\\\/facebook.com\\\/eldigitaldeasturias\",\"https:\\\/\\\/www.youtube.com\\\/channel\\\/UCZP-2wLEB9Rv6erhFmqVnvg\"],\"address\":{\"@id\":\"https:\\\/\\\/www.eldigitaldeasturias.com\\\/noticias\\\/#postaladdress\",\"@type\":\"PostalAddress\",\"streetAddress\":\"san antonio 4,\",\"postalCode\":\"33430\",\"addressLocality\":\"Cand\\u00e1s\",\"addressRegion\":\"Asturias\",\"addressCountry\":\"ES\"}},{\"@type\":\"Person\",\"@id\":\"https:\\\/\\\/www.eldigitaldeasturias.com\\\/noticias\\\/author\\\/admin\\\/#author\",\"url\":\"https:\\\/\\\/www.eldigitaldeasturias.com\\\/noticias\\\/author\\\/admin\\\/\",\"name\":\"El Digital de Asturias\",\"image\":{\"@type\":\"ImageObject\",\"@id\":\"https:\\\/\\\/www.eldigitaldeasturias.com\\\/noticias\\\/moriyon-el-plan-de-vias-de-gijon-dificilmente-podra-estar-en-los-pge\\\/#authorImage\",\"url\":\"https:\\\/\\\/www.eldigitaldeasturias.com\\\/noticias\\\/wp-content\\\/litespeed\\\/avatar\\\/18677e78aa0546b92d9dbf31ec7d7668.jpg?ver=1777290358\",\"width\":96,\"height\":96,\"caption\":\"El Digital de Asturias\"}},{\"@type\":\"WebPage\",\"@id\":\"https:\\\/\\\/www.eldigitaldeasturias.com\\\/noticias\\\/moriyon-el-plan-de-vias-de-gijon-dificilmente-podra-estar-en-los-pge\\\/#webpage\",\"url\":\"https:\\\/\\\/www.eldigitaldeasturias.com\\\/noticias\\\/moriyon-el-plan-de-vias-de-gijon-dificilmente-podra-estar-en-los-pge\\\/\",\"name\":\"Carmen Moriy\\u00f3n: \\u201cEl Plan de V\\u00edas de Gij\\u00f3n dif\\u00edcilmente podr\\u00e1 estar en los PGE\\u201d - El Digital de Asturias\",\"description\":\"La alcaldesa de Gij\\u00f3n, Carmen Moriy\\u00f3n, ha asistido esta ma\\u00f1ana al Forum El Comercio \\u201cPuertos del Norte\\u201d, que cont\\u00f3 con la presencia de Jos\\u00e9 Llorca, Presidente de Puertos del Estado; adem\\u00e1s de los presidentes de los Puertos de Bilbao, Santander, Vigo, Avil\\u00e9s y Gij\\u00f3n. La alcaldesa valor\\u00f3 este encuentro de \\u201cmuy interesante y con muchos\",\"inLanguage\":\"es-ES\",\"isPartOf\":{\"@id\":\"https:\\\/\\\/www.eldigitaldeasturias.com\\\/noticias\\\/#website\"},\"breadcrumb\":{\"@id\":\"https:\\\/\\\/www.eldigitaldeasturias.com\\\/noticias\\\/moriyon-el-plan-de-vias-de-gijon-dificilmente-podra-estar-en-los-pge\\\/#breadcrumblist\"},\"author\":{\"@id\":\"https:\\\/\\\/www.eldigitaldeasturias.com\\\/noticias\\\/author\\\/admin\\\/#author\"},\"creator\":{\"@id\":\"https:\\\/\\\/www.eldigitaldeasturias.com\\\/noticias\\\/author\\\/admin\\\/#author\"},\"image\":{\"@type\":\"ImageObject\",\"url\":\"https:\\\/\\\/www.eldigitaldeasturias.com\\\/noticias\\\/wp-content\\\/uploads\\\/2015\\\/03\\\/moriyon.jpg\",\"@id\":\"https:\\\/\\\/www.eldigitaldeasturias.com\\\/noticias\\\/moriyon-el-plan-de-vias-de-gijon-dificilmente-podra-estar-en-los-pge\\\/#mainImage\",\"width\":800,\"height\":600},\"primaryImageOfPage\":{\"@id\":\"https:\\\/\\\/www.eldigitaldeasturias.com\\\/noticias\\\/moriyon-el-plan-de-vias-de-gijon-dificilmente-podra-estar-en-los-pge\\\/#mainImage\"},\"datePublished\":\"2017-01-24T03:12:00+01:00\",\"dateModified\":\"2017-01-24T03:21:12+01:00\"},{\"@type\":\"WebSite\",\"@id\":\"https:\\\/\\\/www.eldigitaldeasturias.com\\\/noticias\\\/#website\",\"url\":\"https:\\\/\\\/www.eldigitaldeasturias.com\\\/noticias\\\/\",\"name\":\"El Digital de Asturias - Diario de actualidad y noticias\",\"alternateName\":\"El Digital de Asturias - Diario de actualidad y noticias\",\"description\":\"Hemeroteca\",\"inLanguage\":\"es-ES\",\"publisher\":{\"@id\":\"https:\\\/\\\/www.eldigitaldeasturias.com\\\/noticias\\\/#organization\"}}]}\n\t\t<\/script>\n\t\t<!-- All in One SEO Pro -->\r\n\t\t<title>Carmen Moriy\u00f3n: \u201cEl Plan de V\u00edas de Gij\u00f3n dif\u00edcilmente podr\u00e1 estar en los PGE\u201d - El Digital de Asturias<\/title>\n\n","aioseo_head_json":{"title":"Carmen Moriy\u00f3n: \u201cEl Plan de V\u00edas de Gij\u00f3n dif\u00edcilmente podr\u00e1 estar en los PGE\u201d - El Digital de Asturias","description":"La alcaldesa de Gij\u00f3n, Carmen Moriy\u00f3n, ha asistido esta ma\u00f1ana al Forum El Comercio \u201cPuertos del Norte\u201d, que cont\u00f3 con la presencia de Jos\u00e9 Llorca, Presidente de Puertos del Estado; adem\u00e1s de los presidentes de los Puertos de Bilbao, Santander, Vigo, Avil\u00e9s y Gij\u00f3n. La alcaldesa valor\u00f3 este encuentro de \u201cmuy interesante y con muchos","canonical_url":"https:\/\/www.eldigitaldeasturias.com\/noticias\/moriyon-el-plan-de-vias-de-gijon-dificilmente-podra-estar-en-los-pge\/","robots":"max-image-preview:large","keywords":"destacadas","webmasterTools":{"google-site-verification":"UA-38556648-1","msvalidate.01":"7dfe9f3f1b24437ab69f4f2559babe99","miscellaneous":""},"schema":{"@context":"https:\/\/schema.org","@graph":[{"@type":"BlogPosting","@id":"https:\/\/www.eldigitaldeasturias.com\/noticias\/moriyon-el-plan-de-vias-de-gijon-dificilmente-podra-estar-en-los-pge\/#blogposting","name":"Carmen Moriy\u00f3n: \u201cEl Plan de V\u00edas de Gij\u00f3n dif\u00edcilmente podr\u00e1 estar en los PGE\u201d - El Digital de Asturias","headline":"Carmen Moriy\u00f3n: \u201cEl Plan de V\u00edas de Gij\u00f3n dif\u00edcilmente podr\u00e1 estar en los PGE\u201d","author":{"@id":"https:\/\/www.eldigitaldeasturias.com\/noticias\/author\/admin\/#author"},"publisher":{"@id":"https:\/\/www.eldigitaldeasturias.com\/noticias\/#organization"},"image":{"@type":"ImageObject","url":"https:\/\/www.eldigitaldeasturias.com\/noticias\/wp-content\/uploads\/2015\/03\/moriyon.jpg","width":800,"height":600},"datePublished":"2017-01-24T03:12:00+01:00","dateModified":"2017-01-24T03:21:12+01:00","inLanguage":"es-ES","mainEntityOfPage":{"@id":"https:\/\/www.eldigitaldeasturias.com\/noticias\/moriyon-el-plan-de-vias-de-gijon-dificilmente-podra-estar-en-los-pge\/#webpage"},"isPartOf":{"@id":"https:\/\/www.eldigitaldeasturias.com\/noticias\/moriyon-el-plan-de-vias-de-gijon-dificilmente-podra-estar-en-los-pge\/#webpage"},"articleSection":"Destacadas"},{"@type":"BreadcrumbList","@id":"https:\/\/www.eldigitaldeasturias.com\/noticias\/moriyon-el-plan-de-vias-de-gijon-dificilmente-podra-estar-en-los-pge\/#breadcrumblist","itemListElement":[{"@type":"ListItem","@id":"https:\/\/www.eldigitaldeasturias.com\/noticias#listItem","position":1,"name":"Home","item":"https:\/\/www.eldigitaldeasturias.com\/noticias","nextItem":{"@type":"ListItem","@id":"https:\/\/www.eldigitaldeasturias.com\/noticias\/category\/destacadas\/#listItem","name":"Destacadas"}},{"@type":"ListItem","@id":"https:\/\/www.eldigitaldeasturias.com\/noticias\/category\/destacadas\/#listItem","position":2,"name":"Destacadas","item":"https:\/\/www.eldigitaldeasturias.com\/noticias\/category\/destacadas\/","nextItem":{"@type":"ListItem","@id":"https:\/\/www.eldigitaldeasturias.com\/noticias\/moriyon-el-plan-de-vias-de-gijon-dificilmente-podra-estar-en-los-pge\/#listItem","name":"Carmen Moriy\u00f3n: \u201cEl Plan de V\u00edas de Gij\u00f3n dif\u00edcilmente podr\u00e1 estar en los PGE\u201d"},"previousItem":{"@type":"ListItem","@id":"https:\/\/www.eldigitaldeasturias.com\/noticias#listItem","name":"Home"}},{"@type":"ListItem","@id":"https:\/\/www.eldigitaldeasturias.com\/noticias\/moriyon-el-plan-de-vias-de-gijon-dificilmente-podra-estar-en-los-pge\/#listItem","position":3,"name":"Carmen Moriy\u00f3n: \u201cEl Plan de V\u00edas de Gij\u00f3n dif\u00edcilmente podr\u00e1 estar en los PGE\u201d","previousItem":{"@type":"ListItem","@id":"https:\/\/www.eldigitaldeasturias.com\/noticias\/category\/destacadas\/#listItem","name":"Destacadas"}}]},{"@type":"Organization","@id":"https:\/\/www.eldigitaldeasturias.com\/noticias\/#organization","name":"El Digital de Asturias","description":"Hemeroteca","url":"https:\/\/www.eldigitaldeasturias.com\/noticias\/","email":"info@eldigitaldeasturias.com","telephone":"+34652131393","logo":{"@type":"ImageObject","url":"https:\/\/www.eldigitaldeasturias.com\/noticias\/wp-content\/uploads\/2020\/12\/EDA.jpg","@id":"https:\/\/www.eldigitaldeasturias.com\/noticias\/moriyon-el-plan-de-vias-de-gijon-dificilmente-podra-estar-en-los-pge\/#organizationLogo","width":649,"height":297},"image":{"@id":"https:\/\/www.eldigitaldeasturias.com\/noticias\/moriyon-el-plan-de-vias-de-gijon-dificilmente-podra-estar-en-los-pge\/#organizationLogo"},"sameAs":["https:\/\/facebook.com\/eldigitaldeasturias","https:\/\/www.youtube.com\/channel\/UCZP-2wLEB9Rv6erhFmqVnvg"],"address":{"@id":"https:\/\/www.eldigitaldeasturias.com\/noticias\/#postaladdress","@type":"PostalAddress","streetAddress":"san antonio 4,","postalCode":"33430","addressLocality":"Cand\u00e1s","addressRegion":"Asturias","addressCountry":"ES"}},{"@type":"Person","@id":"https:\/\/www.eldigitaldeasturias.com\/noticias\/author\/admin\/#author","url":"https:\/\/www.eldigitaldeasturias.com\/noticias\/author\/admin\/","name":"El Digital de Asturias","image":{"@type":"ImageObject","@id":"https:\/\/www.eldigitaldeasturias.com\/noticias\/moriyon-el-plan-de-vias-de-gijon-dificilmente-podra-estar-en-los-pge\/#authorImage","url":"https:\/\/www.eldigitaldeasturias.com\/noticias\/wp-content\/litespeed\/avatar\/18677e78aa0546b92d9dbf31ec7d7668.jpg?ver=1777290358","width":96,"height":96,"caption":"El Digital de Asturias"}},{"@type":"WebPage","@id":"https:\/\/www.eldigitaldeasturias.com\/noticias\/moriyon-el-plan-de-vias-de-gijon-dificilmente-podra-estar-en-los-pge\/#webpage","url":"https:\/\/www.eldigitaldeasturias.com\/noticias\/moriyon-el-plan-de-vias-de-gijon-dificilmente-podra-estar-en-los-pge\/","name":"Carmen Moriy\u00f3n: \u201cEl Plan de V\u00edas de Gij\u00f3n dif\u00edcilmente podr\u00e1 estar en los PGE\u201d - El Digital de Asturias","description":"La alcaldesa de Gij\u00f3n, Carmen Moriy\u00f3n, ha asistido esta ma\u00f1ana al Forum El Comercio \u201cPuertos del Norte\u201d, que cont\u00f3 con la presencia de Jos\u00e9 Llorca, Presidente de Puertos del Estado; adem\u00e1s de los presidentes de los Puertos de Bilbao, Santander, Vigo, Avil\u00e9s y Gij\u00f3n. La alcaldesa valor\u00f3 este encuentro de \u201cmuy interesante y con muchos","inLanguage":"es-ES","isPartOf":{"@id":"https:\/\/www.eldigitaldeasturias.com\/noticias\/#website"},"breadcrumb":{"@id":"https:\/\/www.eldigitaldeasturias.com\/noticias\/moriyon-el-plan-de-vias-de-gijon-dificilmente-podra-estar-en-los-pge\/#breadcrumblist"},"author":{"@id":"https:\/\/www.eldigitaldeasturias.com\/noticias\/author\/admin\/#author"},"creator":{"@id":"https:\/\/www.eldigitaldeasturias.com\/noticias\/author\/admin\/#author"},"image":{"@type":"ImageObject","url":"https:\/\/www.eldigitaldeasturias.com\/noticias\/wp-content\/uploads\/2015\/03\/moriyon.jpg","@id":"https:\/\/www.eldigitaldeasturias.com\/noticias\/moriyon-el-plan-de-vias-de-gijon-dificilmente-podra-estar-en-los-pge\/#mainImage","width":800,"height":600},"primaryImageOfPage":{"@id":"https:\/\/www.eldigitaldeasturias.com\/noticias\/moriyon-el-plan-de-vias-de-gijon-dificilmente-podra-estar-en-los-pge\/#mainImage"},"datePublished":"2017-01-24T03:12:00+01:00","dateModified":"2017-01-24T03:21:12+01:00"},{"@type":"WebSite","@id":"https:\/\/www.eldigitaldeasturias.com\/noticias\/#website","url":"https:\/\/www.eldigitaldeasturias.com\/noticias\/","name":"El Digital de Asturias - Diario de actualidad y noticias","alternateName":"El Digital de Asturias - Diario de actualidad y noticias","description":"Hemeroteca","inLanguage":"es-ES","publisher":{"@id":"https:\/\/www.eldigitaldeasturias.com\/noticias\/#organization"}}]},"og:locale":"es_ES","og:site_name":"El Digital de Asturias","og:type":"article","og:title":"Carmen Moriy\u00f3n: \u201cEl Plan de V\u00edas de Gij\u00f3n dif\u00edcilmente podr\u00e1 estar en los PGE\u201d - El Digital de Asturias","og:description":"La alcaldesa de Gij\u00f3n, Carmen Moriy\u00f3n, ha asistido esta ma\u00f1ana al Forum El Comercio \u201cPuertos del Norte\u201d, que cont\u00f3 con la presencia de Jos\u00e9 Llorca, Presidente de Puertos del Estado; adem\u00e1s de los presidentes de los Puertos de Bilbao, Santander, Vigo, Avil\u00e9s y Gij\u00f3n. La alcaldesa valor\u00f3 este encuentro de \u201cmuy interesante y con muchos","og:url":"https:\/\/www.eldigitaldeasturias.com\/noticias\/moriyon-el-plan-de-vias-de-gijon-dificilmente-podra-estar-en-los-pge\/","og:image":"https:\/\/www.eldigitaldeasturias.com\/noticias\/wp-content\/uploads\/2015\/03\/moriyon.jpg","og:image:secure_url":"https:\/\/www.eldigitaldeasturias.com\/noticias\/wp-content\/uploads\/2015\/03\/moriyon.jpg","og:image:width":800,"og:image:height":600,"article:tag":["destacadas"],"article:published_time":"2017-01-24T03:12:00+00:00","article:modified_time":"2017-01-24T03:21:12+00:00","article:publisher":"https:\/\/facebook.com\/eldigitaldeasturias","twitter:card":"summary_large_image","twitter:title":"Carmen Moriy\u00f3n: \u201cEl Plan de V\u00edas de Gij\u00f3n dif\u00edcilmente podr\u00e1 estar en los PGE\u201d - El Digital de Asturias","twitter:description":"La alcaldesa de Gij\u00f3n, Carmen Moriy\u00f3n, ha asistido esta ma\u00f1ana al Forum El Comercio \u201cPuertos del Norte\u201d, que cont\u00f3 con la presencia de Jos\u00e9 Llorca, Presidente de Puertos del Estado; adem\u00e1s de los presidentes de los Puertos de Bilbao, Santander, Vigo, Avil\u00e9s y Gij\u00f3n. La alcaldesa valor\u00f3 este encuentro de \u201cmuy interesante y con muchos","twitter:image":"https:\/\/www.eldigitaldeasturias.com\/noticias\/wp-content\/uploads\/2015\/03\/moriyon.jpg","twitter:label1":"Escrito por","twitter:data1":"El Digital de Asturias","twitter:label2":"Tiempo de lectura estimado","twitter:data2":"2 minutos"},"aioseo_meta_data":{"post_id":"923355","title":null,"description":null,"keywords":null,"keyphrases":null,"primary_term":null,"canonical_url":null,"og_title":null,"og_description":null,"og_object_type":"default","og_image_type":"default","og_image_url":null,"og_image_width":null,"og_image_height":null,"og_image_custom_url":null,"og_image_custom_fields":null,"og_video":null,"og_custom_url":null,"og_article_section":null,"og_article_tags":null,"twitter_use_og":false,"twitter_card":"default","twitter_image_type":"default","twitter_image_url":null,"twitter_image_custom_url":null,"twitter_image_custom_fields":null,"twitter_title":null,"twitter_description":null,"schema":{"blockGraphs":[],"customGraphs":[],"default":{"data":{"Article":[],"Course":[],"Dataset":[],"FAQPage":[],"Movie":[],"Person":[],"Product":[],"ProductReview":[],"Car":[],"Recipe":[],"Service":[],"SoftwareApplication":[],"WebPage":[]},"graphName":"","isEnabled":true},"graphs":[],"defaultGraph":"","defaultPostTypeGraph":""},"schema_type":null,"schema_type_options":null,"pillar_content":false,"robots_default":true,"robots_noindex":false,"robots_noarchive":false,"robots_nosnippet":false,"robots_nofollow":false,"robots_noimageindex":false,"robots_noodp":false,"robots_notranslate":false,"robots_max_snippet":null,"robots_max_videopreview":null,"robots_max_imagepreview":"large","priority":null,"frequency":null,"local_seo":null,"seo_analyzer_scan_date":"2025-12-02 20:24:14","breadcrumb_settings":null,"limit_modified_date":false,"open_ai":null,"ai":null,"created":"2020-12-21 13:40:54","updated":"2025-12-02 20:24:14"},"aioseo_breadcrumb":"<div class=\"aioseo-breadcrumbs\"><span class=\"aioseo-breadcrumb\">\n\t<a href=\"https:\/\/www.eldigitaldeasturias.com\/noticias\" title=\"Home\">Home<\/a>\n<\/span><span class=\"aioseo-breadcrumb-separator\">\u2013<\/span><span class=\"aioseo-breadcrumb\">\n\t<a href=\"https:\/\/www.eldigitaldeasturias.com\/noticias\/category\/destacadas\/\" title=\"Destacadas\">Destacadas<\/a>\n<\/span><span class=\"aioseo-breadcrumb-separator\">\u2013<\/span><span class=\"aioseo-breadcrumb\">\n\t<a href=\"https:\/\/www.eldigitaldeasturias.com\/noticias\/moriyon-el-plan-de-vias-de-gijon-dificilmente-podra-estar-en-los-pge\/\" title=\"Carmen Moriy\u00f3n: \u201cEl Plan de V\u00edas de Gij\u00f3n dif\u00edcilmente podr\u00e1 estar en los PGE\u201d\">Carmen Moriy\u00f3n: \u201cEl Plan de V\u00edas de Gij\u00f3n dif\u00edcilmente podr\u00e1 estar en los PGE\u201d<\/a>\n<\/span><\/div>","aioseo_breadcrumb_json":[{"label":"Home","link":"https:\/\/www.eldigitaldeasturias.com\/noticias"},{"label":"Destacadas","link":"https:\/\/www.eldigitaldeasturias.com\/noticias\/category\/destacadas\/"},{"label":"Carmen Moriy\u00f3n: \u201cEl Plan de V\u00edas de Gij\u00f3n dif\u00edcilmente podr\u00e1 estar en los PGE\u201d","link":"https:\/\/www.eldigitaldeasturias.com\/noticias\/moriyon-el-plan-de-vias-de-gijon-dificilmente-podra-estar-en-los-pge\/"}],"_links":{"self":[{"href":"https:\/\/www.eldigitaldeasturias.com\/noticias\/wp-json\/wp\/v2\/posts\/923355","targetHints":{"allow":["GET"]}}],"collection":[{"href":"https:\/\/www.eldigitaldeasturias.com\/noticias\/wp-json\/wp\/v2\/posts"}],"about":[{"href":"https:\/\/www.eldigitaldeasturias.com\/noticias\/wp-json\/wp\/v2\/types\/post"}],"author":[{"embeddable":true,"href":"https:\/\/www.eldigitaldeasturias.com\/noticias\/wp-json\/wp\/v2\/users\/1"}],"replies":[{"embeddable":true,"href":"https:\/\/www.eldigitaldeasturias.com\/noticias\/wp-json\/wp\/v2\/comments?post=923355"}],"version-history":[{"count":0,"href":"https:\/\/www.eldigitaldeasturias.com\/noticias\/wp-json\/wp\/v2\/posts\/923355\/revisions"}],"wp:featuredmedia":[{"embeddable":true,"href":"https:\/\/www.eldigitaldeasturias.com\/noticias\/wp-json\/wp\/v2\/media\/772834"}],"wp:attachment":[{"href":"https:\/\/www.eldigitaldeasturias.com\/noticias\/wp-json\/wp\/v2\/media?parent=923355"}],"wp:term":[{"taxonomy":"category","embeddable":true,"href":"https:\/\/www.eldigitaldeasturias.com\/noticias\/wp-json\/wp\/v2\/categories?post=923355"},{"taxonomy":"post_tag","embeddable":true,"href":"https:\/\/www.eldigitaldeasturias.com\/noticias\/wp-json\/wp\/v2\/tags?post=923355"}],"curies":[{"name":"wp","href":"https:\/\/api.w.org\/{rel}","templated":true}]}}