{"id":923281,"date":"2017-01-23T23:08:01","date_gmt":"2017-01-23T23:08:01","guid":{"rendered":"http:\/\/www.eldigitaldeasturias.com\/noticias\/?p=923281"},"modified":"2017-01-23T23:08:01","modified_gmt":"2017-01-23T23:08:01","slug":"los-cambios-comerciales-a-nivel-internacional-con-la-llegada-de-trump","status":"publish","type":"post","link":"https:\/\/www.eldigitaldeasturias.com\/noticias\/los-cambios-comerciales-a-nivel-internacional-con-la-llegada-de-trump\/","title":{"rendered":"Los cambios comerciales a nivel internacional con la llegada de Trump"},"content":{"rendered":"<p><img loading=\"lazy\" decoding=\"async\" class=\"alignleft size-medium wp-image-875869\" src=\"https:\/\/www.eldigitaldeasturias.com\/noticias\/wp-content\/uploads\/2016\/04\/Trump-360x198.jpg\" alt=\"\" width=\"360\" height=\"198\" srcset=\"https:\/\/www.eldigitaldeasturias.com\/noticias\/wp-content\/uploads\/2016\/04\/Trump-360x198.jpg 360w, https:\/\/www.eldigitaldeasturias.com\/noticias\/wp-content\/uploads\/2016\/04\/Trump-650x357.jpg 650w, https:\/\/www.eldigitaldeasturias.com\/noticias\/wp-content\/uploads\/2016\/04\/Trump.jpg 655w\" sizes=\"auto, (max-width: 360px) 100vw, 360px\" \/>Hay algunos otros factores que podr\u00edan cambiar de manera dr\u00e1stica durante los siguientes d\u00edas en relaci\u00f3n con las acciones llevadas a cabo por su antecesor, Barack Obama.<\/p>\n<p>A continuaci\u00f3n recopilamos algunas de las situaciones que se podr\u00e1n modificar a partir de este d\u00eda, seg\u00fan la opini\u00f3n de expertos en la materia.<\/p>\n<p><strong>Libre Comercio<\/strong><\/p>\n<p>El Tratado de Libre Comercio de Am\u00e9rica del Norte firmado en 1993 forma parte de la primera acci\u00f3n anunciada por el nuevo presidente de los Estados Unidos. En un comunicado publicado por la p\u00e1gina oficial de la Casa Blanca, se dio a conocer que ya se prepara la estrategia para renegociar el acuerdo con los representantes de Canad\u00e1 y M\u00e9xico.<\/p>\n<p>El pacto permite el libre intercambio de productos entre los tres pa\u00edses, el cual alcanza un promedio de valor de 2 mil 600 millones de d\u00f3lares cada d\u00eda, de acuerdo con datos de la American Chamber Mexico.<\/p>\n<p>Durante los \u00faltimos d\u00edas se ha ponderado que desde su inicio y hasta la actualidad, el valor de los bienes intercambiados entre todos los pa\u00edses se ha incrementado cada a\u00f1o.<\/p>\n<p>Basta con saber que las importaciones mexicanas alcanzaron los 196 mil 750 millones de d\u00f3lares en 2015, mientras que en el primer a\u00f1o del tratado, apenas representaban 56 mil 455 millones de d\u00f3lares, seg\u00fan informaci\u00f3n de la Secretar\u00eda de Econom\u00eda (SE).<\/p>\n<p>La amenaza de Trump es clara: si el TLCAN no se modifica, Estados Unidos optar\u00e1 por salir del acuerdo. Para ello, ya ha amenazado con imponer un arancel a las importaciones de los productos que provengan de M\u00e9xico.<\/p>\n<p><strong>Impulso al mercado interno<\/strong><\/p>\n<p>El cierre de fronteras para el libre mercado vendr\u00eda acompa\u00f1ado por el impulso del consumo interno. La intenci\u00f3n que est\u00e1 detr\u00e1s de la idea de generar m\u00e1s empleos en Estados Unidos trae consigo esa intenci\u00f3n, de acuerdo con el columnista Ra\u00fal Arag\u00f3n.<\/p>\n<p>Al respecto vale decir que el bajo crecimiento de la econom\u00eda de ese pa\u00eds ha derivado en una desaceleraci\u00f3n del consumo. De acuerdo con Reuters, en 2015 el Producto Interno Bruto estadounidense apenas creci\u00f3 1.4 por ciento, lo cual se explica precisamente por la baja de los gastos por parte de la gente.<\/p>\n<p>Se trat\u00f3 del menor \u00edndice de crecimiento interno en dos a\u00f1os, resalta El Financiero. Y ese tipo de factores son los que aprovech\u00f3 Donald Trump en su campa\u00f1a presidencial.<\/p>\n<p>La promesa de empleos, efectivamente, traer\u00e1 mayores promesas para el consumo del mercado interno, pero al mismo tiempo, prev\u00e9 una medida algo m\u00e1s dr\u00e1stica.<\/p>\n<p>El 18 de enero, el entonces presidente electo se\u00f1al\u00f3 en entrevista al Wall Street Journal que desea implementar una estrategia para \u00abdebilitar\u00bb el d\u00f3lar y as\u00ed aumentar la competencia de las empresas estadounidenses a nivel mundial.<\/p>\n<p>Expertos afirman que de esta manera Trump apunta a iniciar una guerra comercial con China, la cual, afirman, ser\u00eda una estrategia para renegociar la deuda externa de su pa\u00eds.<\/p>\n<p><strong>Relaciones con Am\u00e9rica Latina<\/strong><\/p>\n<p>Adem\u00e1s de las amenazas lanzadas a M\u00e9xico con respecto a la renegociaci\u00f3n del TLCAN, se podr\u00eda ver un discurso similar contra otros tratados que esa naci\u00f3n mantiene con pa\u00edses de Sudam\u00e9rica.<\/p>\n<p>Al respecto, basta con recordar que en su campa\u00f1a presidencial, Trump anunci\u00f3 que de ganar la presidencia, retirar\u00eda a Estados Unidos del Acuerdo Transpac\u00edfico de Cooperaci\u00f3n Econ\u00f3mica (TPP), en el cual est\u00e1n incluidos M\u00e9xico, Per\u00fa y Chile.<\/p>\n<p>Del mismo modo, las promesas con respecto a la construcci\u00f3n de un muro fronterizo entre M\u00e9xico y los Estados Unidos pueden afectar el desarrollo de las econom\u00edas que se vean empujadas a recibir a los migrantes que ya no puedan pasar.<\/p>\n<p>Seg\u00fan cifras del Centro Wilson, al menos un mill\u00f3n de personas cruzan diariamente el puente fronterizo entre ambos pa\u00edses. Asimismo, unos 300 mil veh\u00edculos pasan cada d\u00eda por esta zona.<\/p>\n<p>La obstaculizaci\u00f3n de ese paso afectar\u00eda m\u00e1s a las ciudades-espejo norteamericanas que a las mexicanas, de acuerdo con la estimaci\u00f3n de la investigadora del Colegio Haverfort, Paulina Ochoa. Ella afirma que El Paso, Nogales, Laredo, McCallen y Brownsville prosperan gracias al intercambio diario con sus vecinas del sur.<\/p>\n<p>As\u00ed, el muro traer\u00eda tambi\u00e9n grandes dificultades para el desarrollo econ\u00f3mico de las ciudades mencionadas.<\/p>\n<p><strong><em>La noticia Los 3 cambios en el panorama comercial internacional tras relevo presidencial en EEUU apareci\u00f3\u00a0en Revista Merca2.0.<\/em><\/strong><\/p>\n<p>&nbsp;<\/p>\n","protected":false},"excerpt":{"rendered":"<p>Hay algunos otros factores que podr\u00edan cambiar de manera dr\u00e1stica durante los siguientes d\u00edas en relaci\u00f3n con las acciones llevadas a cabo por su antecesor, Barack Obama. A continuaci\u00f3n recopilamos algunas de las situaciones que se podr\u00e1n modificar a partir de este d\u00eda, seg\u00fan la opini\u00f3n de expertos en la materia. Libre Comercio El Tratado [&hellip;]<\/p>\n","protected":false},"author":1,"featured_media":875869,"comment_status":"closed","ping_status":"closed","sticky":false,"template":"","format":"standard","meta":{"footnotes":""},"categories":[141],"tags":[],"class_list":["post-923281","post","type-post","status-publish","format-standard","has-post-thumbnail","hentry","category-destacadas"],"aioseo_notices":[],"aioseo_head":"\n\t\t<!-- All in One SEO Pro 4.9.6.2 - aioseo.com -->\n\t<meta name=\"description\" content=\"Hay algunos otros factores que podr\u00edan cambiar de manera dr\u00e1stica durante los siguientes d\u00edas en relaci\u00f3n con las acciones llevadas a cabo por su antecesor, Barack Obama. A continuaci\u00f3n recopilamos algunas de las situaciones que se podr\u00e1n modificar a partir de este d\u00eda, seg\u00fan la opini\u00f3n de expertos en la materia. Libre Comercio El Tratado\" \/>\n\t<meta name=\"robots\" content=\"max-image-preview:large\" \/>\n\t<meta name=\"author\" content=\"El Digital de Asturias\"\/>\n\t<meta name=\"google-site-verification\" content=\"UA-38556648-1\" \/>\n\t<meta name=\"msvalidate.01\" content=\"7dfe9f3f1b24437ab69f4f2559babe99\" \/>\n\t<meta name=\"keywords\" content=\"destacadas\" \/>\n\t<link rel=\"canonical\" href=\"https:\/\/www.eldigitaldeasturias.com\/noticias\/los-cambios-comerciales-a-nivel-internacional-con-la-llegada-de-trump\/\" \/>\n\t<meta name=\"generator\" content=\"All in One SEO Pro (AIOSEO) 4.9.6.2\" \/>\n\t\t<meta property=\"og:locale\" content=\"es_ES\" \/>\n\t\t<meta property=\"og:site_name\" content=\"El Digital de Asturias\" \/>\n\t\t<meta property=\"og:type\" content=\"article\" \/>\n\t\t<meta property=\"og:title\" content=\"Los cambios comerciales a nivel internacional con la llegada de Trump - El Digital de Asturias\" \/>\n\t\t<meta property=\"og:description\" content=\"Hay algunos otros factores que podr\u00edan cambiar de manera dr\u00e1stica durante los siguientes d\u00edas en relaci\u00f3n con las acciones llevadas a cabo por su antecesor, Barack Obama. A continuaci\u00f3n recopilamos algunas de las situaciones que se podr\u00e1n modificar a partir de este d\u00eda, seg\u00fan la opini\u00f3n de expertos en la materia. Libre Comercio El Tratado\" \/>\n\t\t<meta property=\"og:url\" content=\"https:\/\/www.eldigitaldeasturias.com\/noticias\/los-cambios-comerciales-a-nivel-internacional-con-la-llegada-de-trump\/\" \/>\n\t\t<meta property=\"og:image\" content=\"https:\/\/www.eldigitaldeasturias.com\/noticias\/wp-content\/uploads\/2016\/04\/Trump.jpg\" \/>\n\t\t<meta property=\"og:image:secure_url\" content=\"https:\/\/www.eldigitaldeasturias.com\/noticias\/wp-content\/uploads\/2016\/04\/Trump.jpg\" \/>\n\t\t<meta property=\"og:image:width\" content=\"655\" \/>\n\t\t<meta property=\"og:image:height\" content=\"360\" \/>\n\t\t<meta property=\"article:tag\" content=\"destacadas\" \/>\n\t\t<meta property=\"article:published_time\" content=\"2017-01-23T23:08:01+00:00\" \/>\n\t\t<meta property=\"article:modified_time\" content=\"2017-01-23T23:08:01+00:00\" \/>\n\t\t<meta property=\"article:publisher\" content=\"https:\/\/facebook.com\/eldigitaldeasturias\" \/>\n\t\t<meta name=\"twitter:card\" content=\"summary_large_image\" \/>\n\t\t<meta name=\"twitter:title\" content=\"Los cambios comerciales a nivel internacional con la llegada de Trump - El Digital de Asturias\" \/>\n\t\t<meta name=\"twitter:description\" content=\"Hay algunos otros factores que podr\u00edan cambiar de manera dr\u00e1stica durante los siguientes d\u00edas en relaci\u00f3n con las acciones llevadas a cabo por su antecesor, Barack Obama. A continuaci\u00f3n recopilamos algunas de las situaciones que se podr\u00e1n modificar a partir de este d\u00eda, seg\u00fan la opini\u00f3n de expertos en la materia. Libre Comercio El Tratado\" \/>\n\t\t<meta name=\"twitter:image\" content=\"https:\/\/www.eldigitaldeasturias.com\/noticias\/wp-content\/uploads\/2016\/04\/Trump.jpg\" \/>\n\t\t<meta name=\"twitter:label1\" content=\"Escrito por\" \/>\n\t\t<meta name=\"twitter:data1\" content=\"El Digital de Asturias\" \/>\n\t\t<meta name=\"twitter:label2\" content=\"Tiempo de lectura estimado\" \/>\n\t\t<meta name=\"twitter:data2\" content=\"4 minutos\" \/>\n\t\t<script type=\"application\/ld+json\" class=\"aioseo-schema\">\n\t\t\t{\"@context\":\"https:\\\/\\\/schema.org\",\"@graph\":[{\"@type\":\"BlogPosting\",\"@id\":\"https:\\\/\\\/www.eldigitaldeasturias.com\\\/noticias\\\/los-cambios-comerciales-a-nivel-internacional-con-la-llegada-de-trump\\\/#blogposting\",\"name\":\"Los cambios comerciales a nivel internacional con la llegada de Trump - El Digital de Asturias\",\"headline\":\"Los cambios comerciales a nivel internacional con la llegada de Trump\",\"author\":{\"@id\":\"https:\\\/\\\/www.eldigitaldeasturias.com\\\/noticias\\\/author\\\/admin\\\/#author\"},\"publisher\":{\"@id\":\"https:\\\/\\\/www.eldigitaldeasturias.com\\\/noticias\\\/#organization\"},\"image\":{\"@type\":\"ImageObject\",\"url\":\"https:\\\/\\\/www.eldigitaldeasturias.com\\\/noticias\\\/wp-content\\\/uploads\\\/2016\\\/04\\\/Trump.jpg\",\"width\":655,\"height\":360,\"caption\":\"Trump\"},\"datePublished\":\"2017-01-23T23:08:01+01:00\",\"dateModified\":\"2017-01-23T23:08:01+01:00\",\"inLanguage\":\"es-ES\",\"mainEntityOfPage\":{\"@id\":\"https:\\\/\\\/www.eldigitaldeasturias.com\\\/noticias\\\/los-cambios-comerciales-a-nivel-internacional-con-la-llegada-de-trump\\\/#webpage\"},\"isPartOf\":{\"@id\":\"https:\\\/\\\/www.eldigitaldeasturias.com\\\/noticias\\\/los-cambios-comerciales-a-nivel-internacional-con-la-llegada-de-trump\\\/#webpage\"},\"articleSection\":\"Destacadas\"},{\"@type\":\"BreadcrumbList\",\"@id\":\"https:\\\/\\\/www.eldigitaldeasturias.com\\\/noticias\\\/los-cambios-comerciales-a-nivel-internacional-con-la-llegada-de-trump\\\/#breadcrumblist\",\"itemListElement\":[{\"@type\":\"ListItem\",\"@id\":\"https:\\\/\\\/www.eldigitaldeasturias.com\\\/noticias#listItem\",\"position\":1,\"name\":\"Home\",\"item\":\"https:\\\/\\\/www.eldigitaldeasturias.com\\\/noticias\",\"nextItem\":{\"@type\":\"ListItem\",\"@id\":\"https:\\\/\\\/www.eldigitaldeasturias.com\\\/noticias\\\/category\\\/destacadas\\\/#listItem\",\"name\":\"Destacadas\"}},{\"@type\":\"ListItem\",\"@id\":\"https:\\\/\\\/www.eldigitaldeasturias.com\\\/noticias\\\/category\\\/destacadas\\\/#listItem\",\"position\":2,\"name\":\"Destacadas\",\"item\":\"https:\\\/\\\/www.eldigitaldeasturias.com\\\/noticias\\\/category\\\/destacadas\\\/\",\"nextItem\":{\"@type\":\"ListItem\",\"@id\":\"https:\\\/\\\/www.eldigitaldeasturias.com\\\/noticias\\\/los-cambios-comerciales-a-nivel-internacional-con-la-llegada-de-trump\\\/#listItem\",\"name\":\"Los cambios comerciales a nivel internacional con la llegada de Trump\"},\"previousItem\":{\"@type\":\"ListItem\",\"@id\":\"https:\\\/\\\/www.eldigitaldeasturias.com\\\/noticias#listItem\",\"name\":\"Home\"}},{\"@type\":\"ListItem\",\"@id\":\"https:\\\/\\\/www.eldigitaldeasturias.com\\\/noticias\\\/los-cambios-comerciales-a-nivel-internacional-con-la-llegada-de-trump\\\/#listItem\",\"position\":3,\"name\":\"Los cambios comerciales a nivel internacional con la llegada de Trump\",\"previousItem\":{\"@type\":\"ListItem\",\"@id\":\"https:\\\/\\\/www.eldigitaldeasturias.com\\\/noticias\\\/category\\\/destacadas\\\/#listItem\",\"name\":\"Destacadas\"}}]},{\"@type\":\"Organization\",\"@id\":\"https:\\\/\\\/www.eldigitaldeasturias.com\\\/noticias\\\/#organization\",\"name\":\"El Digital de Asturias\",\"description\":\"Hemeroteca\",\"url\":\"https:\\\/\\\/www.eldigitaldeasturias.com\\\/noticias\\\/\",\"email\":\"info@eldigitaldeasturias.com\",\"telephone\":\"+34652131393\",\"logo\":{\"@type\":\"ImageObject\",\"url\":\"https:\\\/\\\/www.eldigitaldeasturias.com\\\/noticias\\\/wp-content\\\/uploads\\\/2020\\\/12\\\/EDA.jpg\",\"@id\":\"https:\\\/\\\/www.eldigitaldeasturias.com\\\/noticias\\\/los-cambios-comerciales-a-nivel-internacional-con-la-llegada-de-trump\\\/#organizationLogo\",\"width\":649,\"height\":297},\"image\":{\"@id\":\"https:\\\/\\\/www.eldigitaldeasturias.com\\\/noticias\\\/los-cambios-comerciales-a-nivel-internacional-con-la-llegada-de-trump\\\/#organizationLogo\"},\"sameAs\":[\"https:\\\/\\\/facebook.com\\\/eldigitaldeasturias\",\"https:\\\/\\\/www.youtube.com\\\/channel\\\/UCZP-2wLEB9Rv6erhFmqVnvg\"],\"address\":{\"@id\":\"https:\\\/\\\/www.eldigitaldeasturias.com\\\/noticias\\\/#postaladdress\",\"@type\":\"PostalAddress\",\"streetAddress\":\"san antonio 4,\",\"postalCode\":\"33430\",\"addressLocality\":\"Cand\\u00e1s\",\"addressRegion\":\"Asturias\",\"addressCountry\":\"ES\"}},{\"@type\":\"Person\",\"@id\":\"https:\\\/\\\/www.eldigitaldeasturias.com\\\/noticias\\\/author\\\/admin\\\/#author\",\"url\":\"https:\\\/\\\/www.eldigitaldeasturias.com\\\/noticias\\\/author\\\/admin\\\/\",\"name\":\"El Digital de Asturias\",\"image\":{\"@type\":\"ImageObject\",\"@id\":\"https:\\\/\\\/www.eldigitaldeasturias.com\\\/noticias\\\/los-cambios-comerciales-a-nivel-internacional-con-la-llegada-de-trump\\\/#authorImage\",\"url\":\"https:\\\/\\\/www.eldigitaldeasturias.com\\\/noticias\\\/wp-content\\\/litespeed\\\/avatar\\\/18677e78aa0546b92d9dbf31ec7d7668.jpg?ver=1777290358\",\"width\":96,\"height\":96,\"caption\":\"El Digital de Asturias\"}},{\"@type\":\"WebPage\",\"@id\":\"https:\\\/\\\/www.eldigitaldeasturias.com\\\/noticias\\\/los-cambios-comerciales-a-nivel-internacional-con-la-llegada-de-trump\\\/#webpage\",\"url\":\"https:\\\/\\\/www.eldigitaldeasturias.com\\\/noticias\\\/los-cambios-comerciales-a-nivel-internacional-con-la-llegada-de-trump\\\/\",\"name\":\"Los cambios comerciales a nivel internacional con la llegada de Trump - El Digital de Asturias\",\"description\":\"Hay algunos otros factores que podr\\u00edan cambiar de manera dr\\u00e1stica durante los siguientes d\\u00edas en relaci\\u00f3n con las acciones llevadas a cabo por su antecesor, Barack Obama. A continuaci\\u00f3n recopilamos algunas de las situaciones que se podr\\u00e1n modificar a partir de este d\\u00eda, seg\\u00fan la opini\\u00f3n de expertos en la materia. Libre Comercio El Tratado\",\"inLanguage\":\"es-ES\",\"isPartOf\":{\"@id\":\"https:\\\/\\\/www.eldigitaldeasturias.com\\\/noticias\\\/#website\"},\"breadcrumb\":{\"@id\":\"https:\\\/\\\/www.eldigitaldeasturias.com\\\/noticias\\\/los-cambios-comerciales-a-nivel-internacional-con-la-llegada-de-trump\\\/#breadcrumblist\"},\"author\":{\"@id\":\"https:\\\/\\\/www.eldigitaldeasturias.com\\\/noticias\\\/author\\\/admin\\\/#author\"},\"creator\":{\"@id\":\"https:\\\/\\\/www.eldigitaldeasturias.com\\\/noticias\\\/author\\\/admin\\\/#author\"},\"image\":{\"@type\":\"ImageObject\",\"url\":\"https:\\\/\\\/www.eldigitaldeasturias.com\\\/noticias\\\/wp-content\\\/uploads\\\/2016\\\/04\\\/Trump.jpg\",\"@id\":\"https:\\\/\\\/www.eldigitaldeasturias.com\\\/noticias\\\/los-cambios-comerciales-a-nivel-internacional-con-la-llegada-de-trump\\\/#mainImage\",\"width\":655,\"height\":360,\"caption\":\"Trump\"},\"primaryImageOfPage\":{\"@id\":\"https:\\\/\\\/www.eldigitaldeasturias.com\\\/noticias\\\/los-cambios-comerciales-a-nivel-internacional-con-la-llegada-de-trump\\\/#mainImage\"},\"datePublished\":\"2017-01-23T23:08:01+01:00\",\"dateModified\":\"2017-01-23T23:08:01+01:00\"},{\"@type\":\"WebSite\",\"@id\":\"https:\\\/\\\/www.eldigitaldeasturias.com\\\/noticias\\\/#website\",\"url\":\"https:\\\/\\\/www.eldigitaldeasturias.com\\\/noticias\\\/\",\"name\":\"El Digital de Asturias - Diario de actualidad y noticias\",\"alternateName\":\"El Digital de Asturias - Diario de actualidad y noticias\",\"description\":\"Hemeroteca\",\"inLanguage\":\"es-ES\",\"publisher\":{\"@id\":\"https:\\\/\\\/www.eldigitaldeasturias.com\\\/noticias\\\/#organization\"}}]}\n\t\t<\/script>\n\t\t<!-- All in One SEO Pro -->\r\n\t\t<title>Los cambios comerciales a nivel internacional con la llegada de Trump - El Digital de Asturias<\/title>\n\n","aioseo_head_json":{"title":"Los cambios comerciales a nivel internacional con la llegada de Trump - El Digital de Asturias","description":"Hay algunos otros factores que podr\u00edan cambiar de manera dr\u00e1stica durante los siguientes d\u00edas en relaci\u00f3n con las acciones llevadas a cabo por su antecesor, Barack Obama. A continuaci\u00f3n recopilamos algunas de las situaciones que se podr\u00e1n modificar a partir de este d\u00eda, seg\u00fan la opini\u00f3n de expertos en la materia. Libre Comercio El Tratado","canonical_url":"https:\/\/www.eldigitaldeasturias.com\/noticias\/los-cambios-comerciales-a-nivel-internacional-con-la-llegada-de-trump\/","robots":"max-image-preview:large","keywords":"destacadas","webmasterTools":{"google-site-verification":"UA-38556648-1","msvalidate.01":"7dfe9f3f1b24437ab69f4f2559babe99","miscellaneous":""},"schema":{"@context":"https:\/\/schema.org","@graph":[{"@type":"BlogPosting","@id":"https:\/\/www.eldigitaldeasturias.com\/noticias\/los-cambios-comerciales-a-nivel-internacional-con-la-llegada-de-trump\/#blogposting","name":"Los cambios comerciales a nivel internacional con la llegada de Trump - El Digital de Asturias","headline":"Los cambios comerciales a nivel internacional con la llegada de Trump","author":{"@id":"https:\/\/www.eldigitaldeasturias.com\/noticias\/author\/admin\/#author"},"publisher":{"@id":"https:\/\/www.eldigitaldeasturias.com\/noticias\/#organization"},"image":{"@type":"ImageObject","url":"https:\/\/www.eldigitaldeasturias.com\/noticias\/wp-content\/uploads\/2016\/04\/Trump.jpg","width":655,"height":360,"caption":"Trump"},"datePublished":"2017-01-23T23:08:01+01:00","dateModified":"2017-01-23T23:08:01+01:00","inLanguage":"es-ES","mainEntityOfPage":{"@id":"https:\/\/www.eldigitaldeasturias.com\/noticias\/los-cambios-comerciales-a-nivel-internacional-con-la-llegada-de-trump\/#webpage"},"isPartOf":{"@id":"https:\/\/www.eldigitaldeasturias.com\/noticias\/los-cambios-comerciales-a-nivel-internacional-con-la-llegada-de-trump\/#webpage"},"articleSection":"Destacadas"},{"@type":"BreadcrumbList","@id":"https:\/\/www.eldigitaldeasturias.com\/noticias\/los-cambios-comerciales-a-nivel-internacional-con-la-llegada-de-trump\/#breadcrumblist","itemListElement":[{"@type":"ListItem","@id":"https:\/\/www.eldigitaldeasturias.com\/noticias#listItem","position":1,"name":"Home","item":"https:\/\/www.eldigitaldeasturias.com\/noticias","nextItem":{"@type":"ListItem","@id":"https:\/\/www.eldigitaldeasturias.com\/noticias\/category\/destacadas\/#listItem","name":"Destacadas"}},{"@type":"ListItem","@id":"https:\/\/www.eldigitaldeasturias.com\/noticias\/category\/destacadas\/#listItem","position":2,"name":"Destacadas","item":"https:\/\/www.eldigitaldeasturias.com\/noticias\/category\/destacadas\/","nextItem":{"@type":"ListItem","@id":"https:\/\/www.eldigitaldeasturias.com\/noticias\/los-cambios-comerciales-a-nivel-internacional-con-la-llegada-de-trump\/#listItem","name":"Los cambios comerciales a nivel internacional con la llegada de Trump"},"previousItem":{"@type":"ListItem","@id":"https:\/\/www.eldigitaldeasturias.com\/noticias#listItem","name":"Home"}},{"@type":"ListItem","@id":"https:\/\/www.eldigitaldeasturias.com\/noticias\/los-cambios-comerciales-a-nivel-internacional-con-la-llegada-de-trump\/#listItem","position":3,"name":"Los cambios comerciales a nivel internacional con la llegada de Trump","previousItem":{"@type":"ListItem","@id":"https:\/\/www.eldigitaldeasturias.com\/noticias\/category\/destacadas\/#listItem","name":"Destacadas"}}]},{"@type":"Organization","@id":"https:\/\/www.eldigitaldeasturias.com\/noticias\/#organization","name":"El Digital de Asturias","description":"Hemeroteca","url":"https:\/\/www.eldigitaldeasturias.com\/noticias\/","email":"info@eldigitaldeasturias.com","telephone":"+34652131393","logo":{"@type":"ImageObject","url":"https:\/\/www.eldigitaldeasturias.com\/noticias\/wp-content\/uploads\/2020\/12\/EDA.jpg","@id":"https:\/\/www.eldigitaldeasturias.com\/noticias\/los-cambios-comerciales-a-nivel-internacional-con-la-llegada-de-trump\/#organizationLogo","width":649,"height":297},"image":{"@id":"https:\/\/www.eldigitaldeasturias.com\/noticias\/los-cambios-comerciales-a-nivel-internacional-con-la-llegada-de-trump\/#organizationLogo"},"sameAs":["https:\/\/facebook.com\/eldigitaldeasturias","https:\/\/www.youtube.com\/channel\/UCZP-2wLEB9Rv6erhFmqVnvg"],"address":{"@id":"https:\/\/www.eldigitaldeasturias.com\/noticias\/#postaladdress","@type":"PostalAddress","streetAddress":"san antonio 4,","postalCode":"33430","addressLocality":"Cand\u00e1s","addressRegion":"Asturias","addressCountry":"ES"}},{"@type":"Person","@id":"https:\/\/www.eldigitaldeasturias.com\/noticias\/author\/admin\/#author","url":"https:\/\/www.eldigitaldeasturias.com\/noticias\/author\/admin\/","name":"El Digital de Asturias","image":{"@type":"ImageObject","@id":"https:\/\/www.eldigitaldeasturias.com\/noticias\/los-cambios-comerciales-a-nivel-internacional-con-la-llegada-de-trump\/#authorImage","url":"https:\/\/www.eldigitaldeasturias.com\/noticias\/wp-content\/litespeed\/avatar\/18677e78aa0546b92d9dbf31ec7d7668.jpg?ver=1777290358","width":96,"height":96,"caption":"El Digital de Asturias"}},{"@type":"WebPage","@id":"https:\/\/www.eldigitaldeasturias.com\/noticias\/los-cambios-comerciales-a-nivel-internacional-con-la-llegada-de-trump\/#webpage","url":"https:\/\/www.eldigitaldeasturias.com\/noticias\/los-cambios-comerciales-a-nivel-internacional-con-la-llegada-de-trump\/","name":"Los cambios comerciales a nivel internacional con la llegada de Trump - El Digital de Asturias","description":"Hay algunos otros factores que podr\u00edan cambiar de manera dr\u00e1stica durante los siguientes d\u00edas en relaci\u00f3n con las acciones llevadas a cabo por su antecesor, Barack Obama. A continuaci\u00f3n recopilamos algunas de las situaciones que se podr\u00e1n modificar a partir de este d\u00eda, seg\u00fan la opini\u00f3n de expertos en la materia. Libre Comercio El Tratado","inLanguage":"es-ES","isPartOf":{"@id":"https:\/\/www.eldigitaldeasturias.com\/noticias\/#website"},"breadcrumb":{"@id":"https:\/\/www.eldigitaldeasturias.com\/noticias\/los-cambios-comerciales-a-nivel-internacional-con-la-llegada-de-trump\/#breadcrumblist"},"author":{"@id":"https:\/\/www.eldigitaldeasturias.com\/noticias\/author\/admin\/#author"},"creator":{"@id":"https:\/\/www.eldigitaldeasturias.com\/noticias\/author\/admin\/#author"},"image":{"@type":"ImageObject","url":"https:\/\/www.eldigitaldeasturias.com\/noticias\/wp-content\/uploads\/2016\/04\/Trump.jpg","@id":"https:\/\/www.eldigitaldeasturias.com\/noticias\/los-cambios-comerciales-a-nivel-internacional-con-la-llegada-de-trump\/#mainImage","width":655,"height":360,"caption":"Trump"},"primaryImageOfPage":{"@id":"https:\/\/www.eldigitaldeasturias.com\/noticias\/los-cambios-comerciales-a-nivel-internacional-con-la-llegada-de-trump\/#mainImage"},"datePublished":"2017-01-23T23:08:01+01:00","dateModified":"2017-01-23T23:08:01+01:00"},{"@type":"WebSite","@id":"https:\/\/www.eldigitaldeasturias.com\/noticias\/#website","url":"https:\/\/www.eldigitaldeasturias.com\/noticias\/","name":"El Digital de Asturias - Diario de actualidad y noticias","alternateName":"El Digital de Asturias - Diario de actualidad y noticias","description":"Hemeroteca","inLanguage":"es-ES","publisher":{"@id":"https:\/\/www.eldigitaldeasturias.com\/noticias\/#organization"}}]},"og:locale":"es_ES","og:site_name":"El Digital de Asturias","og:type":"article","og:title":"Los cambios comerciales a nivel internacional con la llegada de Trump - El Digital de Asturias","og:description":"Hay algunos otros factores que podr\u00edan cambiar de manera dr\u00e1stica durante los siguientes d\u00edas en relaci\u00f3n con las acciones llevadas a cabo por su antecesor, Barack Obama. A continuaci\u00f3n recopilamos algunas de las situaciones que se podr\u00e1n modificar a partir de este d\u00eda, seg\u00fan la opini\u00f3n de expertos en la materia. Libre Comercio El Tratado","og:url":"https:\/\/www.eldigitaldeasturias.com\/noticias\/los-cambios-comerciales-a-nivel-internacional-con-la-llegada-de-trump\/","og:image":"https:\/\/www.eldigitaldeasturias.com\/noticias\/wp-content\/uploads\/2016\/04\/Trump.jpg","og:image:secure_url":"https:\/\/www.eldigitaldeasturias.com\/noticias\/wp-content\/uploads\/2016\/04\/Trump.jpg","og:image:width":655,"og:image:height":360,"article:tag":["destacadas"],"article:published_time":"2017-01-23T23:08:01+00:00","article:modified_time":"2017-01-23T23:08:01+00:00","article:publisher":"https:\/\/facebook.com\/eldigitaldeasturias","twitter:card":"summary_large_image","twitter:title":"Los cambios comerciales a nivel internacional con la llegada de Trump - El Digital de Asturias","twitter:description":"Hay algunos otros factores que podr\u00edan cambiar de manera dr\u00e1stica durante los siguientes d\u00edas en relaci\u00f3n con las acciones llevadas a cabo por su antecesor, Barack Obama. A continuaci\u00f3n recopilamos algunas de las situaciones que se podr\u00e1n modificar a partir de este d\u00eda, seg\u00fan la opini\u00f3n de expertos en la materia. Libre Comercio El Tratado","twitter:image":"https:\/\/www.eldigitaldeasturias.com\/noticias\/wp-content\/uploads\/2016\/04\/Trump.jpg","twitter:label1":"Escrito por","twitter:data1":"El Digital de Asturias","twitter:label2":"Tiempo de lectura estimado","twitter:data2":"4 minutos"},"aioseo_meta_data":{"post_id":"923281","title":null,"description":null,"keywords":null,"keyphrases":null,"primary_term":null,"canonical_url":null,"og_title":null,"og_description":null,"og_object_type":"default","og_image_type":"default","og_image_url":null,"og_image_width":null,"og_image_height":null,"og_image_custom_url":null,"og_image_custom_fields":null,"og_video":null,"og_custom_url":null,"og_article_section":null,"og_article_tags":null,"twitter_use_og":false,"twitter_card":"default","twitter_image_type":"default","twitter_image_url":null,"twitter_image_custom_url":null,"twitter_image_custom_fields":null,"twitter_title":null,"twitter_description":null,"schema":{"blockGraphs":[],"customGraphs":[],"default":{"data":{"Article":[],"Course":[],"Dataset":[],"FAQPage":[],"Movie":[],"Person":[],"Product":[],"ProductReview":[],"Car":[],"Recipe":[],"Service":[],"SoftwareApplication":[],"WebPage":[]},"graphName":"","isEnabled":true},"graphs":[],"defaultGraph":"","defaultPostTypeGraph":""},"schema_type":null,"schema_type_options":null,"pillar_content":false,"robots_default":true,"robots_noindex":false,"robots_noarchive":false,"robots_nosnippet":false,"robots_nofollow":false,"robots_noimageindex":false,"robots_noodp":false,"robots_notranslate":false,"robots_max_snippet":null,"robots_max_videopreview":null,"robots_max_imagepreview":"large","priority":null,"frequency":null,"local_seo":null,"seo_analyzer_scan_date":"2025-12-02 20:07:14","breadcrumb_settings":null,"limit_modified_date":false,"open_ai":null,"ai":null,"created":"2020-12-21 13:40:54","updated":"2025-12-02 20:07:14"},"aioseo_breadcrumb":"<div class=\"aioseo-breadcrumbs\"><span class=\"aioseo-breadcrumb\">\n\t<a href=\"https:\/\/www.eldigitaldeasturias.com\/noticias\" title=\"Home\">Home<\/a>\n<\/span><span class=\"aioseo-breadcrumb-separator\">\u2013<\/span><span class=\"aioseo-breadcrumb\">\n\t<a href=\"https:\/\/www.eldigitaldeasturias.com\/noticias\/category\/destacadas\/\" title=\"Destacadas\">Destacadas<\/a>\n<\/span><span class=\"aioseo-breadcrumb-separator\">\u2013<\/span><span class=\"aioseo-breadcrumb\">\n\t<a href=\"https:\/\/www.eldigitaldeasturias.com\/noticias\/los-cambios-comerciales-a-nivel-internacional-con-la-llegada-de-trump\/\" title=\"Los cambios comerciales a nivel internacional con la llegada de Trump\">Los cambios comerciales a nivel internacional con la llegada de Trump<\/a>\n<\/span><\/div>","aioseo_breadcrumb_json":[{"label":"Home","link":"https:\/\/www.eldigitaldeasturias.com\/noticias"},{"label":"Destacadas","link":"https:\/\/www.eldigitaldeasturias.com\/noticias\/category\/destacadas\/"},{"label":"Los cambios comerciales a nivel internacional con la llegada de Trump","link":"https:\/\/www.eldigitaldeasturias.com\/noticias\/los-cambios-comerciales-a-nivel-internacional-con-la-llegada-de-trump\/"}],"_links":{"self":[{"href":"https:\/\/www.eldigitaldeasturias.com\/noticias\/wp-json\/wp\/v2\/posts\/923281","targetHints":{"allow":["GET"]}}],"collection":[{"href":"https:\/\/www.eldigitaldeasturias.com\/noticias\/wp-json\/wp\/v2\/posts"}],"about":[{"href":"https:\/\/www.eldigitaldeasturias.com\/noticias\/wp-json\/wp\/v2\/types\/post"}],"author":[{"embeddable":true,"href":"https:\/\/www.eldigitaldeasturias.com\/noticias\/wp-json\/wp\/v2\/users\/1"}],"replies":[{"embeddable":true,"href":"https:\/\/www.eldigitaldeasturias.com\/noticias\/wp-json\/wp\/v2\/comments?post=923281"}],"version-history":[{"count":0,"href":"https:\/\/www.eldigitaldeasturias.com\/noticias\/wp-json\/wp\/v2\/posts\/923281\/revisions"}],"wp:featuredmedia":[{"embeddable":true,"href":"https:\/\/www.eldigitaldeasturias.com\/noticias\/wp-json\/wp\/v2\/media\/875869"}],"wp:attachment":[{"href":"https:\/\/www.eldigitaldeasturias.com\/noticias\/wp-json\/wp\/v2\/media?parent=923281"}],"wp:term":[{"taxonomy":"category","embeddable":true,"href":"https:\/\/www.eldigitaldeasturias.com\/noticias\/wp-json\/wp\/v2\/categories?post=923281"},{"taxonomy":"post_tag","embeddable":true,"href":"https:\/\/www.eldigitaldeasturias.com\/noticias\/wp-json\/wp\/v2\/tags?post=923281"}],"curies":[{"name":"wp","href":"https:\/\/api.w.org\/{rel}","templated":true}]}}