{"id":923194,"date":"2017-01-22T19:21:43","date_gmt":"2017-01-22T19:21:43","guid":{"rendered":"http:\/\/www.eldigitaldeasturias.com\/noticias\/?p=923194"},"modified":"2017-01-22T19:21:43","modified_gmt":"2017-01-22T19:21:43","slug":"semana-de-lluvia-en-espana","status":"publish","type":"post","link":"https:\/\/www.eldigitaldeasturias.com\/noticias\/semana-de-lluvia-en-espana\/","title":{"rendered":"Semana de lluvia en Espa\u00f1a"},"content":{"rendered":"<p><img loading=\"lazy\" decoding=\"async\" class=\"alignleft size-medium wp-image-621317\" src=\"https:\/\/www.eldigitaldeasturias.com\/noticias\/wp-content\/uploads\/2014\/09\/6667866w1-360x239.jpg\" alt=\"\" width=\"360\" height=\"239\" \/>El lunes d\u00eda 23 seguir\u00e1 muy inestable en toda el \u00e1rea mediterr\u00e1nea, aunque la intensidad de las precipitaciones empezar\u00e1 a remitir; no obstante, todav\u00eda seguir\u00e1n produci\u00e9ndose lluvias en Baleares y en las comunidades litorales mediterr\u00e1neas, con nevadas por encima de 800 \/ 1000 m en las zonas prelitorales litorales. Disminuye la probabilidad de precipitaciones en Canarias, aunque no se descartan lluvias ocasionales en el norte de las islas de mayor relieve. El viento seguir\u00e1 fuerte en las zonas mar\u00edtimas, aunque con tendencia a amainar. Las temperaturas no experimentar\u00e1n cambios importantes. Los vientos ser\u00e1n moderados en las zonas mar\u00edtimas mediterr\u00e1neas y flojos en el resto.<\/p>\n<p>El martes d\u00eda 24, mi\u00e9rcoles d\u00eda 25 y jueves 26, ser\u00e1n d\u00edas de transici\u00f3n. Ir\u00e1 disminuyendo progresivamente la inestabilidad en el Mediterr\u00e1neo, siendo el martes todav\u00eda probables las precipitaciones d\u00e9biles o moderadas en Baleares y Melilla, y disminuyendo la probabilidad de precipitaci\u00f3n en el litoral peninsular. Por el contrario, el mi\u00e9rcoles comenzar\u00e1 a aumentar la inestabilidad por el noroeste peninsular, con probables precipitaciones en Galicia, sobre todo en su extremo occidental, que se extender\u00e1n a toda la vertiente atl\u00e1ntica. Las temperaturas descender\u00e1n ligeramente.<\/p>\n<p>El viernes d\u00eda 27, s\u00e1bado 28 y domingo 29, disminuye la inestabilidad apreciablemente, aunque todav\u00eda existe probabilidad de precipitaciones y nevadas, en general d\u00e9biles y dispersas, en zonas de monta\u00f1a de la mitad norte y, con algo m\u00e1s de probabilidad, en el litoral atl\u00e1ntico de Galicia, Cant\u00e1brico oriental y Pirineos. Temperaturas sin cambios importantes<\/p>\n<p>&nbsp;<\/p>\n<p>&nbsp;<\/p>\n","protected":false},"excerpt":{"rendered":"<p>El lunes d\u00eda 23 seguir\u00e1 muy inestable en toda el \u00e1rea mediterr\u00e1nea, aunque la intensidad de las precipitaciones empezar\u00e1 a remitir; no obstante, todav\u00eda seguir\u00e1n produci\u00e9ndose lluvias en Baleares y en las comunidades litorales mediterr\u00e1neas, con nevadas por encima de 800 \/ 1000 m en las zonas prelitorales litorales. Disminuye la probabilidad de precipitaciones en [&hellip;]<\/p>\n","protected":false},"author":1,"featured_media":621317,"comment_status":"closed","ping_status":"closed","sticky":false,"template":"","format":"standard","meta":{"footnotes":""},"categories":[141],"tags":[],"class_list":["post-923194","post","type-post","status-publish","format-standard","has-post-thumbnail","hentry","category-destacadas"],"aioseo_notices":[],"aioseo_head":"\n\t\t<!-- All in One SEO Pro 4.9.6.2 - aioseo.com -->\n\t<meta name=\"description\" content=\"El lunes d\u00eda 23 seguir\u00e1 muy inestable en toda el \u00e1rea mediterr\u00e1nea, aunque la intensidad de las precipitaciones empezar\u00e1 a remitir; no obstante, todav\u00eda seguir\u00e1n produci\u00e9ndose lluvias en Baleares y en las comunidades litorales mediterr\u00e1neas, con nevadas por encima de 800 \/ 1000 m en las zonas prelitorales litorales. Disminuye la probabilidad de precipitaciones en\" \/>\n\t<meta name=\"robots\" content=\"max-image-preview:large\" \/>\n\t<meta name=\"author\" content=\"El Digital de Asturias\"\/>\n\t<meta name=\"google-site-verification\" content=\"UA-38556648-1\" \/>\n\t<meta name=\"msvalidate.01\" content=\"7dfe9f3f1b24437ab69f4f2559babe99\" \/>\n\t<meta name=\"keywords\" content=\"destacadas\" \/>\n\t<link rel=\"canonical\" href=\"https:\/\/www.eldigitaldeasturias.com\/noticias\/semana-de-lluvia-en-espana\/\" \/>\n\t<meta name=\"generator\" content=\"All in One SEO Pro (AIOSEO) 4.9.6.2\" \/>\n\t\t<meta property=\"og:locale\" content=\"es_ES\" \/>\n\t\t<meta property=\"og:site_name\" content=\"El Digital de Asturias\" \/>\n\t\t<meta property=\"og:type\" content=\"article\" \/>\n\t\t<meta property=\"og:title\" content=\"Semana de lluvia en Espa\u00f1a - El Digital de Asturias\" \/>\n\t\t<meta property=\"og:description\" content=\"El lunes d\u00eda 23 seguir\u00e1 muy inestable en toda el \u00e1rea mediterr\u00e1nea, aunque la intensidad de las precipitaciones empezar\u00e1 a remitir; no obstante, todav\u00eda seguir\u00e1n produci\u00e9ndose lluvias en Baleares y en las comunidades litorales mediterr\u00e1neas, con nevadas por encima de 800 \/ 1000 m en las zonas prelitorales litorales. Disminuye la probabilidad de precipitaciones en\" \/>\n\t\t<meta property=\"og:url\" content=\"https:\/\/www.eldigitaldeasturias.com\/noticias\/semana-de-lluvia-en-espana\/\" \/>\n\t\t<meta property=\"og:image\" content=\"https:\/\/www.eldigitaldeasturias.com\/noticias\/wp-content\/uploads\/2014\/09\/6667866w1.jpg\" \/>\n\t\t<meta property=\"og:image:secure_url\" content=\"https:\/\/www.eldigitaldeasturias.com\/noticias\/wp-content\/uploads\/2014\/09\/6667866w1.jpg\" \/>\n\t\t<meta property=\"og:image:width\" content=\"800\" \/>\n\t\t<meta property=\"og:image:height\" content=\"533\" \/>\n\t\t<meta property=\"article:tag\" content=\"destacadas\" \/>\n\t\t<meta property=\"article:published_time\" content=\"2017-01-22T19:21:43+00:00\" \/>\n\t\t<meta property=\"article:modified_time\" content=\"2017-01-22T19:21:43+00:00\" \/>\n\t\t<meta property=\"article:publisher\" content=\"https:\/\/facebook.com\/eldigitaldeasturias\" \/>\n\t\t<meta name=\"twitter:card\" content=\"summary_large_image\" \/>\n\t\t<meta name=\"twitter:title\" content=\"Semana de lluvia en Espa\u00f1a - El Digital de Asturias\" \/>\n\t\t<meta name=\"twitter:description\" content=\"El lunes d\u00eda 23 seguir\u00e1 muy inestable en toda el \u00e1rea mediterr\u00e1nea, aunque la intensidad de las precipitaciones empezar\u00e1 a remitir; no obstante, todav\u00eda seguir\u00e1n produci\u00e9ndose lluvias en Baleares y en las comunidades litorales mediterr\u00e1neas, con nevadas por encima de 800 \/ 1000 m en las zonas prelitorales litorales. Disminuye la probabilidad de precipitaciones en\" \/>\n\t\t<meta name=\"twitter:image\" content=\"https:\/\/www.eldigitaldeasturias.com\/noticias\/wp-content\/uploads\/2014\/09\/6667866w1.jpg\" \/>\n\t\t<meta name=\"twitter:label1\" content=\"Escrito por\" \/>\n\t\t<meta name=\"twitter:data1\" content=\"El Digital de Asturias\" \/>\n\t\t<meta name=\"twitter:label2\" content=\"Tiempo de lectura estimado\" \/>\n\t\t<meta name=\"twitter:data2\" content=\"1 minuto\" \/>\n\t\t<script type=\"application\/ld+json\" class=\"aioseo-schema\">\n\t\t\t{\"@context\":\"https:\\\/\\\/schema.org\",\"@graph\":[{\"@type\":\"BlogPosting\",\"@id\":\"https:\\\/\\\/www.eldigitaldeasturias.com\\\/noticias\\\/semana-de-lluvia-en-espana\\\/#blogposting\",\"name\":\"Semana de lluvia en Espa\\u00f1a - El Digital de Asturias\",\"headline\":\"Semana de lluvia en Espa\\u00f1a\",\"author\":{\"@id\":\"https:\\\/\\\/www.eldigitaldeasturias.com\\\/noticias\\\/author\\\/admin\\\/#author\"},\"publisher\":{\"@id\":\"https:\\\/\\\/www.eldigitaldeasturias.com\\\/noticias\\\/#organization\"},\"image\":{\"@type\":\"ImageObject\",\"url\":\"https:\\\/\\\/www.eldigitaldeasturias.com\\\/noticias\\\/wp-content\\\/uploads\\\/2014\\\/09\\\/6667866w1.jpg\",\"width\":800,\"height\":533},\"datePublished\":\"2017-01-22T19:21:43+01:00\",\"dateModified\":\"2017-01-22T19:21:43+01:00\",\"inLanguage\":\"es-ES\",\"mainEntityOfPage\":{\"@id\":\"https:\\\/\\\/www.eldigitaldeasturias.com\\\/noticias\\\/semana-de-lluvia-en-espana\\\/#webpage\"},\"isPartOf\":{\"@id\":\"https:\\\/\\\/www.eldigitaldeasturias.com\\\/noticias\\\/semana-de-lluvia-en-espana\\\/#webpage\"},\"articleSection\":\"Destacadas\"},{\"@type\":\"BreadcrumbList\",\"@id\":\"https:\\\/\\\/www.eldigitaldeasturias.com\\\/noticias\\\/semana-de-lluvia-en-espana\\\/#breadcrumblist\",\"itemListElement\":[{\"@type\":\"ListItem\",\"@id\":\"https:\\\/\\\/www.eldigitaldeasturias.com\\\/noticias#listItem\",\"position\":1,\"name\":\"Home\",\"item\":\"https:\\\/\\\/www.eldigitaldeasturias.com\\\/noticias\",\"nextItem\":{\"@type\":\"ListItem\",\"@id\":\"https:\\\/\\\/www.eldigitaldeasturias.com\\\/noticias\\\/category\\\/destacadas\\\/#listItem\",\"name\":\"Destacadas\"}},{\"@type\":\"ListItem\",\"@id\":\"https:\\\/\\\/www.eldigitaldeasturias.com\\\/noticias\\\/category\\\/destacadas\\\/#listItem\",\"position\":2,\"name\":\"Destacadas\",\"item\":\"https:\\\/\\\/www.eldigitaldeasturias.com\\\/noticias\\\/category\\\/destacadas\\\/\",\"nextItem\":{\"@type\":\"ListItem\",\"@id\":\"https:\\\/\\\/www.eldigitaldeasturias.com\\\/noticias\\\/semana-de-lluvia-en-espana\\\/#listItem\",\"name\":\"Semana de lluvia en Espa\\u00f1a\"},\"previousItem\":{\"@type\":\"ListItem\",\"@id\":\"https:\\\/\\\/www.eldigitaldeasturias.com\\\/noticias#listItem\",\"name\":\"Home\"}},{\"@type\":\"ListItem\",\"@id\":\"https:\\\/\\\/www.eldigitaldeasturias.com\\\/noticias\\\/semana-de-lluvia-en-espana\\\/#listItem\",\"position\":3,\"name\":\"Semana de lluvia en Espa\\u00f1a\",\"previousItem\":{\"@type\":\"ListItem\",\"@id\":\"https:\\\/\\\/www.eldigitaldeasturias.com\\\/noticias\\\/category\\\/destacadas\\\/#listItem\",\"name\":\"Destacadas\"}}]},{\"@type\":\"Organization\",\"@id\":\"https:\\\/\\\/www.eldigitaldeasturias.com\\\/noticias\\\/#organization\",\"name\":\"El Digital de Asturias\",\"description\":\"Hemeroteca\",\"url\":\"https:\\\/\\\/www.eldigitaldeasturias.com\\\/noticias\\\/\",\"email\":\"info@eldigitaldeasturias.com\",\"telephone\":\"+34652131393\",\"logo\":{\"@type\":\"ImageObject\",\"url\":\"https:\\\/\\\/www.eldigitaldeasturias.com\\\/noticias\\\/wp-content\\\/uploads\\\/2020\\\/12\\\/EDA.jpg\",\"@id\":\"https:\\\/\\\/www.eldigitaldeasturias.com\\\/noticias\\\/semana-de-lluvia-en-espana\\\/#organizationLogo\",\"width\":649,\"height\":297},\"image\":{\"@id\":\"https:\\\/\\\/www.eldigitaldeasturias.com\\\/noticias\\\/semana-de-lluvia-en-espana\\\/#organizationLogo\"},\"sameAs\":[\"https:\\\/\\\/facebook.com\\\/eldigitaldeasturias\",\"https:\\\/\\\/www.youtube.com\\\/channel\\\/UCZP-2wLEB9Rv6erhFmqVnvg\"],\"address\":{\"@id\":\"https:\\\/\\\/www.eldigitaldeasturias.com\\\/noticias\\\/#postaladdress\",\"@type\":\"PostalAddress\",\"streetAddress\":\"san antonio 4,\",\"postalCode\":\"33430\",\"addressLocality\":\"Cand\\u00e1s\",\"addressRegion\":\"Asturias\",\"addressCountry\":\"ES\"}},{\"@type\":\"Person\",\"@id\":\"https:\\\/\\\/www.eldigitaldeasturias.com\\\/noticias\\\/author\\\/admin\\\/#author\",\"url\":\"https:\\\/\\\/www.eldigitaldeasturias.com\\\/noticias\\\/author\\\/admin\\\/\",\"name\":\"El Digital de Asturias\",\"image\":{\"@type\":\"ImageObject\",\"@id\":\"https:\\\/\\\/www.eldigitaldeasturias.com\\\/noticias\\\/semana-de-lluvia-en-espana\\\/#authorImage\",\"url\":\"https:\\\/\\\/www.eldigitaldeasturias.com\\\/noticias\\\/wp-content\\\/litespeed\\\/avatar\\\/18677e78aa0546b92d9dbf31ec7d7668.jpg?ver=1777290358\",\"width\":96,\"height\":96,\"caption\":\"El Digital de Asturias\"}},{\"@type\":\"WebPage\",\"@id\":\"https:\\\/\\\/www.eldigitaldeasturias.com\\\/noticias\\\/semana-de-lluvia-en-espana\\\/#webpage\",\"url\":\"https:\\\/\\\/www.eldigitaldeasturias.com\\\/noticias\\\/semana-de-lluvia-en-espana\\\/\",\"name\":\"Semana de lluvia en Espa\\u00f1a - El Digital de Asturias\",\"description\":\"El lunes d\\u00eda 23 seguir\\u00e1 muy inestable en toda el \\u00e1rea mediterr\\u00e1nea, aunque la intensidad de las precipitaciones empezar\\u00e1 a remitir; no obstante, todav\\u00eda seguir\\u00e1n produci\\u00e9ndose lluvias en Baleares y en las comunidades litorales mediterr\\u00e1neas, con nevadas por encima de 800 \\\/ 1000 m en las zonas prelitorales litorales. Disminuye la probabilidad de precipitaciones en\",\"inLanguage\":\"es-ES\",\"isPartOf\":{\"@id\":\"https:\\\/\\\/www.eldigitaldeasturias.com\\\/noticias\\\/#website\"},\"breadcrumb\":{\"@id\":\"https:\\\/\\\/www.eldigitaldeasturias.com\\\/noticias\\\/semana-de-lluvia-en-espana\\\/#breadcrumblist\"},\"author\":{\"@id\":\"https:\\\/\\\/www.eldigitaldeasturias.com\\\/noticias\\\/author\\\/admin\\\/#author\"},\"creator\":{\"@id\":\"https:\\\/\\\/www.eldigitaldeasturias.com\\\/noticias\\\/author\\\/admin\\\/#author\"},\"image\":{\"@type\":\"ImageObject\",\"url\":\"https:\\\/\\\/www.eldigitaldeasturias.com\\\/noticias\\\/wp-content\\\/uploads\\\/2014\\\/09\\\/6667866w1.jpg\",\"@id\":\"https:\\\/\\\/www.eldigitaldeasturias.com\\\/noticias\\\/semana-de-lluvia-en-espana\\\/#mainImage\",\"width\":800,\"height\":533},\"primaryImageOfPage\":{\"@id\":\"https:\\\/\\\/www.eldigitaldeasturias.com\\\/noticias\\\/semana-de-lluvia-en-espana\\\/#mainImage\"},\"datePublished\":\"2017-01-22T19:21:43+01:00\",\"dateModified\":\"2017-01-22T19:21:43+01:00\"},{\"@type\":\"WebSite\",\"@id\":\"https:\\\/\\\/www.eldigitaldeasturias.com\\\/noticias\\\/#website\",\"url\":\"https:\\\/\\\/www.eldigitaldeasturias.com\\\/noticias\\\/\",\"name\":\"El Digital de Asturias - Diario de actualidad y noticias\",\"alternateName\":\"El Digital de Asturias - Diario de actualidad y noticias\",\"description\":\"Hemeroteca\",\"inLanguage\":\"es-ES\",\"publisher\":{\"@id\":\"https:\\\/\\\/www.eldigitaldeasturias.com\\\/noticias\\\/#organization\"}}]}\n\t\t<\/script>\n\t\t<!-- All in One SEO Pro -->\r\n\t\t<title>Semana de lluvia en Espa\u00f1a - El Digital de Asturias<\/title>\n\n","aioseo_head_json":{"title":"Semana de lluvia en Espa\u00f1a - El Digital de Asturias","description":"El lunes d\u00eda 23 seguir\u00e1 muy inestable en toda el \u00e1rea mediterr\u00e1nea, aunque la intensidad de las precipitaciones empezar\u00e1 a remitir; no obstante, todav\u00eda seguir\u00e1n produci\u00e9ndose lluvias en Baleares y en las comunidades litorales mediterr\u00e1neas, con nevadas por encima de 800 \/ 1000 m en las zonas prelitorales litorales. Disminuye la probabilidad de precipitaciones en","canonical_url":"https:\/\/www.eldigitaldeasturias.com\/noticias\/semana-de-lluvia-en-espana\/","robots":"max-image-preview:large","keywords":"destacadas","webmasterTools":{"google-site-verification":"UA-38556648-1","msvalidate.01":"7dfe9f3f1b24437ab69f4f2559babe99","miscellaneous":""},"schema":{"@context":"https:\/\/schema.org","@graph":[{"@type":"BlogPosting","@id":"https:\/\/www.eldigitaldeasturias.com\/noticias\/semana-de-lluvia-en-espana\/#blogposting","name":"Semana de lluvia en Espa\u00f1a - El Digital de Asturias","headline":"Semana de lluvia en Espa\u00f1a","author":{"@id":"https:\/\/www.eldigitaldeasturias.com\/noticias\/author\/admin\/#author"},"publisher":{"@id":"https:\/\/www.eldigitaldeasturias.com\/noticias\/#organization"},"image":{"@type":"ImageObject","url":"https:\/\/www.eldigitaldeasturias.com\/noticias\/wp-content\/uploads\/2014\/09\/6667866w1.jpg","width":800,"height":533},"datePublished":"2017-01-22T19:21:43+01:00","dateModified":"2017-01-22T19:21:43+01:00","inLanguage":"es-ES","mainEntityOfPage":{"@id":"https:\/\/www.eldigitaldeasturias.com\/noticias\/semana-de-lluvia-en-espana\/#webpage"},"isPartOf":{"@id":"https:\/\/www.eldigitaldeasturias.com\/noticias\/semana-de-lluvia-en-espana\/#webpage"},"articleSection":"Destacadas"},{"@type":"BreadcrumbList","@id":"https:\/\/www.eldigitaldeasturias.com\/noticias\/semana-de-lluvia-en-espana\/#breadcrumblist","itemListElement":[{"@type":"ListItem","@id":"https:\/\/www.eldigitaldeasturias.com\/noticias#listItem","position":1,"name":"Home","item":"https:\/\/www.eldigitaldeasturias.com\/noticias","nextItem":{"@type":"ListItem","@id":"https:\/\/www.eldigitaldeasturias.com\/noticias\/category\/destacadas\/#listItem","name":"Destacadas"}},{"@type":"ListItem","@id":"https:\/\/www.eldigitaldeasturias.com\/noticias\/category\/destacadas\/#listItem","position":2,"name":"Destacadas","item":"https:\/\/www.eldigitaldeasturias.com\/noticias\/category\/destacadas\/","nextItem":{"@type":"ListItem","@id":"https:\/\/www.eldigitaldeasturias.com\/noticias\/semana-de-lluvia-en-espana\/#listItem","name":"Semana de lluvia en Espa\u00f1a"},"previousItem":{"@type":"ListItem","@id":"https:\/\/www.eldigitaldeasturias.com\/noticias#listItem","name":"Home"}},{"@type":"ListItem","@id":"https:\/\/www.eldigitaldeasturias.com\/noticias\/semana-de-lluvia-en-espana\/#listItem","position":3,"name":"Semana de lluvia en Espa\u00f1a","previousItem":{"@type":"ListItem","@id":"https:\/\/www.eldigitaldeasturias.com\/noticias\/category\/destacadas\/#listItem","name":"Destacadas"}}]},{"@type":"Organization","@id":"https:\/\/www.eldigitaldeasturias.com\/noticias\/#organization","name":"El Digital de Asturias","description":"Hemeroteca","url":"https:\/\/www.eldigitaldeasturias.com\/noticias\/","email":"info@eldigitaldeasturias.com","telephone":"+34652131393","logo":{"@type":"ImageObject","url":"https:\/\/www.eldigitaldeasturias.com\/noticias\/wp-content\/uploads\/2020\/12\/EDA.jpg","@id":"https:\/\/www.eldigitaldeasturias.com\/noticias\/semana-de-lluvia-en-espana\/#organizationLogo","width":649,"height":297},"image":{"@id":"https:\/\/www.eldigitaldeasturias.com\/noticias\/semana-de-lluvia-en-espana\/#organizationLogo"},"sameAs":["https:\/\/facebook.com\/eldigitaldeasturias","https:\/\/www.youtube.com\/channel\/UCZP-2wLEB9Rv6erhFmqVnvg"],"address":{"@id":"https:\/\/www.eldigitaldeasturias.com\/noticias\/#postaladdress","@type":"PostalAddress","streetAddress":"san antonio 4,","postalCode":"33430","addressLocality":"Cand\u00e1s","addressRegion":"Asturias","addressCountry":"ES"}},{"@type":"Person","@id":"https:\/\/www.eldigitaldeasturias.com\/noticias\/author\/admin\/#author","url":"https:\/\/www.eldigitaldeasturias.com\/noticias\/author\/admin\/","name":"El Digital de Asturias","image":{"@type":"ImageObject","@id":"https:\/\/www.eldigitaldeasturias.com\/noticias\/semana-de-lluvia-en-espana\/#authorImage","url":"https:\/\/www.eldigitaldeasturias.com\/noticias\/wp-content\/litespeed\/avatar\/18677e78aa0546b92d9dbf31ec7d7668.jpg?ver=1777290358","width":96,"height":96,"caption":"El Digital de Asturias"}},{"@type":"WebPage","@id":"https:\/\/www.eldigitaldeasturias.com\/noticias\/semana-de-lluvia-en-espana\/#webpage","url":"https:\/\/www.eldigitaldeasturias.com\/noticias\/semana-de-lluvia-en-espana\/","name":"Semana de lluvia en Espa\u00f1a - El Digital de Asturias","description":"El lunes d\u00eda 23 seguir\u00e1 muy inestable en toda el \u00e1rea mediterr\u00e1nea, aunque la intensidad de las precipitaciones empezar\u00e1 a remitir; no obstante, todav\u00eda seguir\u00e1n produci\u00e9ndose lluvias en Baleares y en las comunidades litorales mediterr\u00e1neas, con nevadas por encima de 800 \/ 1000 m en las zonas prelitorales litorales. Disminuye la probabilidad de precipitaciones en","inLanguage":"es-ES","isPartOf":{"@id":"https:\/\/www.eldigitaldeasturias.com\/noticias\/#website"},"breadcrumb":{"@id":"https:\/\/www.eldigitaldeasturias.com\/noticias\/semana-de-lluvia-en-espana\/#breadcrumblist"},"author":{"@id":"https:\/\/www.eldigitaldeasturias.com\/noticias\/author\/admin\/#author"},"creator":{"@id":"https:\/\/www.eldigitaldeasturias.com\/noticias\/author\/admin\/#author"},"image":{"@type":"ImageObject","url":"https:\/\/www.eldigitaldeasturias.com\/noticias\/wp-content\/uploads\/2014\/09\/6667866w1.jpg","@id":"https:\/\/www.eldigitaldeasturias.com\/noticias\/semana-de-lluvia-en-espana\/#mainImage","width":800,"height":533},"primaryImageOfPage":{"@id":"https:\/\/www.eldigitaldeasturias.com\/noticias\/semana-de-lluvia-en-espana\/#mainImage"},"datePublished":"2017-01-22T19:21:43+01:00","dateModified":"2017-01-22T19:21:43+01:00"},{"@type":"WebSite","@id":"https:\/\/www.eldigitaldeasturias.com\/noticias\/#website","url":"https:\/\/www.eldigitaldeasturias.com\/noticias\/","name":"El Digital de Asturias - Diario de actualidad y noticias","alternateName":"El Digital de Asturias - Diario de actualidad y noticias","description":"Hemeroteca","inLanguage":"es-ES","publisher":{"@id":"https:\/\/www.eldigitaldeasturias.com\/noticias\/#organization"}}]},"og:locale":"es_ES","og:site_name":"El Digital de Asturias","og:type":"article","og:title":"Semana de lluvia en Espa\u00f1a - El Digital de Asturias","og:description":"El lunes d\u00eda 23 seguir\u00e1 muy inestable en toda el \u00e1rea mediterr\u00e1nea, aunque la intensidad de las precipitaciones empezar\u00e1 a remitir; no obstante, todav\u00eda seguir\u00e1n produci\u00e9ndose lluvias en Baleares y en las comunidades litorales mediterr\u00e1neas, con nevadas por encima de 800 \/ 1000 m en las zonas prelitorales litorales. Disminuye la probabilidad de precipitaciones en","og:url":"https:\/\/www.eldigitaldeasturias.com\/noticias\/semana-de-lluvia-en-espana\/","og:image":"https:\/\/www.eldigitaldeasturias.com\/noticias\/wp-content\/uploads\/2014\/09\/6667866w1.jpg","og:image:secure_url":"https:\/\/www.eldigitaldeasturias.com\/noticias\/wp-content\/uploads\/2014\/09\/6667866w1.jpg","og:image:width":800,"og:image:height":533,"article:tag":["destacadas"],"article:published_time":"2017-01-22T19:21:43+00:00","article:modified_time":"2017-01-22T19:21:43+00:00","article:publisher":"https:\/\/facebook.com\/eldigitaldeasturias","twitter:card":"summary_large_image","twitter:title":"Semana de lluvia en Espa\u00f1a - El Digital de Asturias","twitter:description":"El lunes d\u00eda 23 seguir\u00e1 muy inestable en toda el \u00e1rea mediterr\u00e1nea, aunque la intensidad de las precipitaciones empezar\u00e1 a remitir; no obstante, todav\u00eda seguir\u00e1n produci\u00e9ndose lluvias en Baleares y en las comunidades litorales mediterr\u00e1neas, con nevadas por encima de 800 \/ 1000 m en las zonas prelitorales litorales. Disminuye la probabilidad de precipitaciones en","twitter:image":"https:\/\/www.eldigitaldeasturias.com\/noticias\/wp-content\/uploads\/2014\/09\/6667866w1.jpg","twitter:label1":"Escrito por","twitter:data1":"El Digital de Asturias","twitter:label2":"Tiempo de lectura estimado","twitter:data2":"1 minuto"},"aioseo_meta_data":{"post_id":"923194","title":null,"description":null,"keywords":null,"keyphrases":null,"primary_term":null,"canonical_url":null,"og_title":null,"og_description":null,"og_object_type":"default","og_image_type":"default","og_image_url":null,"og_image_width":null,"og_image_height":null,"og_image_custom_url":null,"og_image_custom_fields":null,"og_video":null,"og_custom_url":null,"og_article_section":null,"og_article_tags":null,"twitter_use_og":false,"twitter_card":"default","twitter_image_type":"default","twitter_image_url":null,"twitter_image_custom_url":null,"twitter_image_custom_fields":null,"twitter_title":null,"twitter_description":null,"schema":{"blockGraphs":[],"customGraphs":[],"default":{"data":{"Article":[],"Course":[],"Dataset":[],"FAQPage":[],"Movie":[],"Person":[],"Product":[],"ProductReview":[],"Car":[],"Recipe":[],"Service":[],"SoftwareApplication":[],"WebPage":[]},"graphName":"","isEnabled":true},"graphs":[],"defaultGraph":"","defaultPostTypeGraph":""},"schema_type":null,"schema_type_options":null,"pillar_content":false,"robots_default":true,"robots_noindex":false,"robots_noarchive":false,"robots_nosnippet":false,"robots_nofollow":false,"robots_noimageindex":false,"robots_noodp":false,"robots_notranslate":false,"robots_max_snippet":null,"robots_max_videopreview":null,"robots_max_imagepreview":"large","priority":null,"frequency":null,"local_seo":null,"seo_analyzer_scan_date":"2025-12-02 19:51:10","breadcrumb_settings":null,"limit_modified_date":false,"open_ai":null,"ai":null,"created":"2020-12-21 13:41:04","updated":"2025-12-02 19:51:10"},"aioseo_breadcrumb":"<div class=\"aioseo-breadcrumbs\"><span class=\"aioseo-breadcrumb\">\n\t<a href=\"https:\/\/www.eldigitaldeasturias.com\/noticias\" title=\"Home\">Home<\/a>\n<\/span><span class=\"aioseo-breadcrumb-separator\">\u2013<\/span><span class=\"aioseo-breadcrumb\">\n\t<a href=\"https:\/\/www.eldigitaldeasturias.com\/noticias\/category\/destacadas\/\" title=\"Destacadas\">Destacadas<\/a>\n<\/span><span class=\"aioseo-breadcrumb-separator\">\u2013<\/span><span class=\"aioseo-breadcrumb\">\n\t<a href=\"https:\/\/www.eldigitaldeasturias.com\/noticias\/semana-de-lluvia-en-espana\/\" title=\"Semana de lluvia en Espa\u00f1a\">Semana de lluvia en Espa\u00f1a<\/a>\n<\/span><\/div>","aioseo_breadcrumb_json":[{"label":"Home","link":"https:\/\/www.eldigitaldeasturias.com\/noticias"},{"label":"Destacadas","link":"https:\/\/www.eldigitaldeasturias.com\/noticias\/category\/destacadas\/"},{"label":"Semana de lluvia en Espa\u00f1a","link":"https:\/\/www.eldigitaldeasturias.com\/noticias\/semana-de-lluvia-en-espana\/"}],"_links":{"self":[{"href":"https:\/\/www.eldigitaldeasturias.com\/noticias\/wp-json\/wp\/v2\/posts\/923194","targetHints":{"allow":["GET"]}}],"collection":[{"href":"https:\/\/www.eldigitaldeasturias.com\/noticias\/wp-json\/wp\/v2\/posts"}],"about":[{"href":"https:\/\/www.eldigitaldeasturias.com\/noticias\/wp-json\/wp\/v2\/types\/post"}],"author":[{"embeddable":true,"href":"https:\/\/www.eldigitaldeasturias.com\/noticias\/wp-json\/wp\/v2\/users\/1"}],"replies":[{"embeddable":true,"href":"https:\/\/www.eldigitaldeasturias.com\/noticias\/wp-json\/wp\/v2\/comments?post=923194"}],"version-history":[{"count":0,"href":"https:\/\/www.eldigitaldeasturias.com\/noticias\/wp-json\/wp\/v2\/posts\/923194\/revisions"}],"wp:featuredmedia":[{"embeddable":true,"href":"https:\/\/www.eldigitaldeasturias.com\/noticias\/wp-json\/wp\/v2\/media\/621317"}],"wp:attachment":[{"href":"https:\/\/www.eldigitaldeasturias.com\/noticias\/wp-json\/wp\/v2\/media?parent=923194"}],"wp:term":[{"taxonomy":"category","embeddable":true,"href":"https:\/\/www.eldigitaldeasturias.com\/noticias\/wp-json\/wp\/v2\/categories?post=923194"},{"taxonomy":"post_tag","embeddable":true,"href":"https:\/\/www.eldigitaldeasturias.com\/noticias\/wp-json\/wp\/v2\/tags?post=923194"}],"curies":[{"name":"wp","href":"https:\/\/api.w.org\/{rel}","templated":true}]}}