{"id":923100,"date":"2017-01-22T00:13:57","date_gmt":"2017-01-22T00:13:57","guid":{"rendered":"http:\/\/www.eldigitaldeasturias.com\/noticias\/?p=923100"},"modified":"2017-01-22T00:13:57","modified_gmt":"2017-01-22T00:13:57","slug":"couto-se-muestra-razonablemente-satisfecho-tras-la-reunion-con-de-la-serna","status":"publish","type":"post","link":"https:\/\/www.eldigitaldeasturias.com\/noticias\/couto-se-muestra-razonablemente-satisfecho-tras-la-reunion-con-de-la-serna\/","title":{"rendered":"Couto se muestra \u201crazonablemente\u201d satisfecho tras la reuni\u00f3n con De la Serna"},"content":{"rendered":"<p><img loading=\"lazy\" decoding=\"async\" class=\"alignleft size-medium wp-image-923066\" src=\"https:\/\/www.eldigitaldeasturias.com\/noticias\/wp-content\/uploads\/2017\/01\/Reunion-Plan-Vias-360x203.jpg\" alt=\"\" width=\"360\" height=\"203\" srcset=\"https:\/\/www.eldigitaldeasturias.com\/noticias\/wp-content\/uploads\/2017\/01\/Reunion-Plan-Vias-360x203.jpg 360w, https:\/\/www.eldigitaldeasturias.com\/noticias\/wp-content\/uploads\/2017\/01\/Reunion-Plan-Vias-768x433.jpg 768w, https:\/\/www.eldigitaldeasturias.com\/noticias\/wp-content\/uploads\/2017\/01\/Reunion-Plan-Vias-650x366.jpg 650w, https:\/\/www.eldigitaldeasturias.com\/noticias\/wp-content\/uploads\/2017\/01\/Reunion-Plan-Vias-499x280.jpg 499w, https:\/\/www.eldigitaldeasturias.com\/noticias\/wp-content\/uploads\/2017\/01\/Reunion-Plan-Vias.jpg 1280w\" sizes=\"auto, (max-width: 360px) 100vw, 360px\" \/>La alcaldesa de Gij\u00f3n, Carmen Moriy\u00f3n, y el portavoz de FORO en el Ayuntamiento de Gij\u00f3n, Fernando Couto, han mantenido una reuni\u00f3n esta ma\u00f1ana con el ministro de Fomento, I\u00f1igo de la Serna. En la reuni\u00f3n, que tuvo lugar en el Consistorio gijon\u00e9s, tambi\u00e9n estuvo presente la otra administraci\u00f3n que integra la sociedad \u201cGij\u00f3n al Norte\u201d, el Gobierno del Principado.<\/p>\n<p>Cabe se\u00f1alar que Gij\u00f3n es la primera ciudad de Espa\u00f1a que el ministro visita para abordar una situaci\u00f3n de integraci\u00f3n ferroviaria; un encuentro que en palabras del portavoz de FORO, Fernando Couto, \u201csirvi\u00f3 como toma de contacto para dar a conocer de primera mano la realidad del Plan de V\u00edas\u201d.<\/p>\n<p>Couto agradeci\u00f3 a De la Serna que \u201csu punto de partida sea el proyecto acordado con su antecesora Ana Pastor, en los t\u00e9rminos de intermodalidad, centralidad y soterramiento, es decir, mantener la centralidad de la estaci\u00f3n en el \u00e1mbito del Museo del Ferrocarril y la apuesta por el soterramiento, un hecho que no se contempla en ciudades como Santander donde las v\u00edas van en superficie\u201d.<\/p>\n<p>De la reuni\u00f3n mantenida entre la tres administraciones tambi\u00e9n se desprende el compromiso del Ministerio por la puesta en marcha del t\u00fanel del metrotr\u00e9n. \u201cEl planteamiento general es com\u00fan y coincidente\u201d se\u00f1al\u00f3 Couto, quien hizo especial hincapi\u00e9 en que \u201cpor primera vez se pone encima de la mesa la necesidad de financiaci\u00f3n alternativa, por parte del ministerio, a la venta de las parcelas en el Proyecto del Plan de V\u00edas\u201d.<\/p>\n<p>\u201cEstamos razonablemente satisfechos porque el compromiso de fondo es sacar adelante el proyecto de Gij\u00f3n a diferencia de lo que ocurre en ciudades cercanas como Le\u00f3n, donde se elimina el proyecto de soterramiento, o en Valladolid, donde se disuelve la sociedad\u201d, se\u00f1al\u00f3 el portavoz.<\/p>\n<p>Por otro lado, el titular de Fomento, I\u00f1igo de la Serna, ha mostrado el compromiso del Gobierno de Espa\u00f1a para la elaboraci\u00f3n de un estudio t\u00e9cnico y econ\u00f3mico-financiero para garantizar la viabilidad del Plan de V\u00edas.<\/p>\n<p>&nbsp;<\/p>\n","protected":false},"excerpt":{"rendered":"<p>La alcaldesa de Gij\u00f3n, Carmen Moriy\u00f3n, y el portavoz de FORO en el Ayuntamiento de Gij\u00f3n, Fernando Couto, han mantenido una reuni\u00f3n esta ma\u00f1ana con el ministro de Fomento, I\u00f1igo de la Serna. En la reuni\u00f3n, que tuvo lugar en el Consistorio gijon\u00e9s, tambi\u00e9n estuvo presente la otra administraci\u00f3n que integra la sociedad \u201cGij\u00f3n al [&hellip;]<\/p>\n","protected":false},"author":1,"featured_media":923066,"comment_status":"closed","ping_status":"closed","sticky":false,"template":"","format":"standard","meta":{"footnotes":""},"categories":[141],"tags":[],"class_list":["post-923100","post","type-post","status-publish","format-standard","has-post-thumbnail","hentry","category-destacadas"],"aioseo_notices":[],"aioseo_head":"\n\t\t<!-- All in One SEO Pro 4.9.6.2 - aioseo.com -->\n\t<meta name=\"description\" content=\"La alcaldesa de Gij\u00f3n, Carmen Moriy\u00f3n, y el portavoz de FORO en el Ayuntamiento de Gij\u00f3n, Fernando Couto, han mantenido una reuni\u00f3n esta ma\u00f1ana con el ministro de Fomento, I\u00f1igo de la Serna. En la reuni\u00f3n, que tuvo lugar en el Consistorio gijon\u00e9s, tambi\u00e9n estuvo presente la otra administraci\u00f3n que integra la sociedad \u201cGij\u00f3n al\" \/>\n\t<meta name=\"robots\" content=\"max-image-preview:large\" \/>\n\t<meta name=\"author\" content=\"El Digital de Asturias\"\/>\n\t<meta name=\"google-site-verification\" content=\"UA-38556648-1\" \/>\n\t<meta name=\"msvalidate.01\" content=\"7dfe9f3f1b24437ab69f4f2559babe99\" \/>\n\t<meta name=\"keywords\" content=\"destacadas\" \/>\n\t<link rel=\"canonical\" href=\"https:\/\/www.eldigitaldeasturias.com\/noticias\/couto-se-muestra-razonablemente-satisfecho-tras-la-reunion-con-de-la-serna\/\" \/>\n\t<meta name=\"generator\" content=\"All in One SEO Pro (AIOSEO) 4.9.6.2\" \/>\n\t\t<meta property=\"og:locale\" content=\"es_ES\" \/>\n\t\t<meta property=\"og:site_name\" content=\"El Digital de Asturias\" \/>\n\t\t<meta property=\"og:type\" content=\"article\" \/>\n\t\t<meta property=\"og:title\" content=\"Couto se muestra \u201crazonablemente\u201d satisfecho tras la reuni\u00f3n con De la Serna - El Digital de Asturias\" \/>\n\t\t<meta property=\"og:description\" content=\"La alcaldesa de Gij\u00f3n, Carmen Moriy\u00f3n, y el portavoz de FORO en el Ayuntamiento de Gij\u00f3n, Fernando Couto, han mantenido una reuni\u00f3n esta ma\u00f1ana con el ministro de Fomento, I\u00f1igo de la Serna. En la reuni\u00f3n, que tuvo lugar en el Consistorio gijon\u00e9s, tambi\u00e9n estuvo presente la otra administraci\u00f3n que integra la sociedad \u201cGij\u00f3n al\" \/>\n\t\t<meta property=\"og:url\" content=\"https:\/\/www.eldigitaldeasturias.com\/noticias\/couto-se-muestra-razonablemente-satisfecho-tras-la-reunion-con-de-la-serna\/\" \/>\n\t\t<meta property=\"og:image\" content=\"https:\/\/www.eldigitaldeasturias.com\/noticias\/wp-content\/uploads\/2017\/01\/Reunion-Plan-Vias.jpg\" \/>\n\t\t<meta property=\"og:image:secure_url\" content=\"https:\/\/www.eldigitaldeasturias.com\/noticias\/wp-content\/uploads\/2017\/01\/Reunion-Plan-Vias.jpg\" \/>\n\t\t<meta property=\"og:image:width\" content=\"1280\" \/>\n\t\t<meta property=\"og:image:height\" content=\"721\" \/>\n\t\t<meta property=\"article:tag\" content=\"destacadas\" \/>\n\t\t<meta property=\"article:published_time\" content=\"2017-01-22T00:13:57+00:00\" \/>\n\t\t<meta property=\"article:modified_time\" content=\"2017-01-22T00:13:57+00:00\" \/>\n\t\t<meta property=\"article:publisher\" content=\"https:\/\/facebook.com\/eldigitaldeasturias\" \/>\n\t\t<meta name=\"twitter:card\" content=\"summary_large_image\" \/>\n\t\t<meta name=\"twitter:title\" content=\"Couto se muestra \u201crazonablemente\u201d satisfecho tras la reuni\u00f3n con De la Serna - El Digital de Asturias\" \/>\n\t\t<meta name=\"twitter:description\" content=\"La alcaldesa de Gij\u00f3n, Carmen Moriy\u00f3n, y el portavoz de FORO en el Ayuntamiento de Gij\u00f3n, Fernando Couto, han mantenido una reuni\u00f3n esta ma\u00f1ana con el ministro de Fomento, I\u00f1igo de la Serna. En la reuni\u00f3n, que tuvo lugar en el Consistorio gijon\u00e9s, tambi\u00e9n estuvo presente la otra administraci\u00f3n que integra la sociedad \u201cGij\u00f3n al\" \/>\n\t\t<meta name=\"twitter:image\" content=\"https:\/\/www.eldigitaldeasturias.com\/noticias\/wp-content\/uploads\/2017\/01\/Reunion-Plan-Vias.jpg\" \/>\n\t\t<meta name=\"twitter:label1\" content=\"Escrito por\" \/>\n\t\t<meta name=\"twitter:data1\" content=\"El Digital de Asturias\" \/>\n\t\t<meta name=\"twitter:label2\" content=\"Tiempo de lectura estimado\" \/>\n\t\t<meta name=\"twitter:data2\" content=\"2 minutos\" \/>\n\t\t<script type=\"application\/ld+json\" class=\"aioseo-schema\">\n\t\t\t{\"@context\":\"https:\\\/\\\/schema.org\",\"@graph\":[{\"@type\":\"BlogPosting\",\"@id\":\"https:\\\/\\\/www.eldigitaldeasturias.com\\\/noticias\\\/couto-se-muestra-razonablemente-satisfecho-tras-la-reunion-con-de-la-serna\\\/#blogposting\",\"name\":\"Couto se muestra \\u201crazonablemente\\u201d satisfecho tras la reuni\\u00f3n con De la Serna - El Digital de Asturias\",\"headline\":\"Couto se muestra \\u201crazonablemente\\u201d satisfecho tras la reuni\\u00f3n con De la Serna\",\"author\":{\"@id\":\"https:\\\/\\\/www.eldigitaldeasturias.com\\\/noticias\\\/author\\\/admin\\\/#author\"},\"publisher\":{\"@id\":\"https:\\\/\\\/www.eldigitaldeasturias.com\\\/noticias\\\/#organization\"},\"image\":{\"@type\":\"ImageObject\",\"url\":\"https:\\\/\\\/www.eldigitaldeasturias.com\\\/noticias\\\/wp-content\\\/uploads\\\/2017\\\/01\\\/Reunion-Plan-Vias.jpg\",\"width\":1280,\"height\":721},\"datePublished\":\"2017-01-22T00:13:57+01:00\",\"dateModified\":\"2017-01-22T00:13:57+01:00\",\"inLanguage\":\"es-ES\",\"mainEntityOfPage\":{\"@id\":\"https:\\\/\\\/www.eldigitaldeasturias.com\\\/noticias\\\/couto-se-muestra-razonablemente-satisfecho-tras-la-reunion-con-de-la-serna\\\/#webpage\"},\"isPartOf\":{\"@id\":\"https:\\\/\\\/www.eldigitaldeasturias.com\\\/noticias\\\/couto-se-muestra-razonablemente-satisfecho-tras-la-reunion-con-de-la-serna\\\/#webpage\"},\"articleSection\":\"Destacadas\"},{\"@type\":\"BreadcrumbList\",\"@id\":\"https:\\\/\\\/www.eldigitaldeasturias.com\\\/noticias\\\/couto-se-muestra-razonablemente-satisfecho-tras-la-reunion-con-de-la-serna\\\/#breadcrumblist\",\"itemListElement\":[{\"@type\":\"ListItem\",\"@id\":\"https:\\\/\\\/www.eldigitaldeasturias.com\\\/noticias#listItem\",\"position\":1,\"name\":\"Home\",\"item\":\"https:\\\/\\\/www.eldigitaldeasturias.com\\\/noticias\",\"nextItem\":{\"@type\":\"ListItem\",\"@id\":\"https:\\\/\\\/www.eldigitaldeasturias.com\\\/noticias\\\/category\\\/destacadas\\\/#listItem\",\"name\":\"Destacadas\"}},{\"@type\":\"ListItem\",\"@id\":\"https:\\\/\\\/www.eldigitaldeasturias.com\\\/noticias\\\/category\\\/destacadas\\\/#listItem\",\"position\":2,\"name\":\"Destacadas\",\"item\":\"https:\\\/\\\/www.eldigitaldeasturias.com\\\/noticias\\\/category\\\/destacadas\\\/\",\"nextItem\":{\"@type\":\"ListItem\",\"@id\":\"https:\\\/\\\/www.eldigitaldeasturias.com\\\/noticias\\\/couto-se-muestra-razonablemente-satisfecho-tras-la-reunion-con-de-la-serna\\\/#listItem\",\"name\":\"Couto se muestra \\u201crazonablemente\\u201d satisfecho tras la reuni\\u00f3n con De la Serna\"},\"previousItem\":{\"@type\":\"ListItem\",\"@id\":\"https:\\\/\\\/www.eldigitaldeasturias.com\\\/noticias#listItem\",\"name\":\"Home\"}},{\"@type\":\"ListItem\",\"@id\":\"https:\\\/\\\/www.eldigitaldeasturias.com\\\/noticias\\\/couto-se-muestra-razonablemente-satisfecho-tras-la-reunion-con-de-la-serna\\\/#listItem\",\"position\":3,\"name\":\"Couto se muestra \\u201crazonablemente\\u201d satisfecho tras la reuni\\u00f3n con De la Serna\",\"previousItem\":{\"@type\":\"ListItem\",\"@id\":\"https:\\\/\\\/www.eldigitaldeasturias.com\\\/noticias\\\/category\\\/destacadas\\\/#listItem\",\"name\":\"Destacadas\"}}]},{\"@type\":\"Organization\",\"@id\":\"https:\\\/\\\/www.eldigitaldeasturias.com\\\/noticias\\\/#organization\",\"name\":\"El Digital de Asturias\",\"description\":\"Hemeroteca\",\"url\":\"https:\\\/\\\/www.eldigitaldeasturias.com\\\/noticias\\\/\",\"email\":\"info@eldigitaldeasturias.com\",\"telephone\":\"+34652131393\",\"logo\":{\"@type\":\"ImageObject\",\"url\":\"https:\\\/\\\/www.eldigitaldeasturias.com\\\/noticias\\\/wp-content\\\/uploads\\\/2020\\\/12\\\/EDA.jpg\",\"@id\":\"https:\\\/\\\/www.eldigitaldeasturias.com\\\/noticias\\\/couto-se-muestra-razonablemente-satisfecho-tras-la-reunion-con-de-la-serna\\\/#organizationLogo\",\"width\":649,\"height\":297},\"image\":{\"@id\":\"https:\\\/\\\/www.eldigitaldeasturias.com\\\/noticias\\\/couto-se-muestra-razonablemente-satisfecho-tras-la-reunion-con-de-la-serna\\\/#organizationLogo\"},\"sameAs\":[\"https:\\\/\\\/facebook.com\\\/eldigitaldeasturias\",\"https:\\\/\\\/www.youtube.com\\\/channel\\\/UCZP-2wLEB9Rv6erhFmqVnvg\"],\"address\":{\"@id\":\"https:\\\/\\\/www.eldigitaldeasturias.com\\\/noticias\\\/#postaladdress\",\"@type\":\"PostalAddress\",\"streetAddress\":\"san antonio 4,\",\"postalCode\":\"33430\",\"addressLocality\":\"Cand\\u00e1s\",\"addressRegion\":\"Asturias\",\"addressCountry\":\"ES\"}},{\"@type\":\"Person\",\"@id\":\"https:\\\/\\\/www.eldigitaldeasturias.com\\\/noticias\\\/author\\\/admin\\\/#author\",\"url\":\"https:\\\/\\\/www.eldigitaldeasturias.com\\\/noticias\\\/author\\\/admin\\\/\",\"name\":\"El Digital de Asturias\",\"image\":{\"@type\":\"ImageObject\",\"@id\":\"https:\\\/\\\/www.eldigitaldeasturias.com\\\/noticias\\\/couto-se-muestra-razonablemente-satisfecho-tras-la-reunion-con-de-la-serna\\\/#authorImage\",\"url\":\"https:\\\/\\\/www.eldigitaldeasturias.com\\\/noticias\\\/wp-content\\\/litespeed\\\/avatar\\\/18677e78aa0546b92d9dbf31ec7d7668.jpg?ver=1777290358\",\"width\":96,\"height\":96,\"caption\":\"El Digital de Asturias\"}},{\"@type\":\"WebPage\",\"@id\":\"https:\\\/\\\/www.eldigitaldeasturias.com\\\/noticias\\\/couto-se-muestra-razonablemente-satisfecho-tras-la-reunion-con-de-la-serna\\\/#webpage\",\"url\":\"https:\\\/\\\/www.eldigitaldeasturias.com\\\/noticias\\\/couto-se-muestra-razonablemente-satisfecho-tras-la-reunion-con-de-la-serna\\\/\",\"name\":\"Couto se muestra \\u201crazonablemente\\u201d satisfecho tras la reuni\\u00f3n con De la Serna - El Digital de Asturias\",\"description\":\"La alcaldesa de Gij\\u00f3n, Carmen Moriy\\u00f3n, y el portavoz de FORO en el Ayuntamiento de Gij\\u00f3n, Fernando Couto, han mantenido una reuni\\u00f3n esta ma\\u00f1ana con el ministro de Fomento, I\\u00f1igo de la Serna. En la reuni\\u00f3n, que tuvo lugar en el Consistorio gijon\\u00e9s, tambi\\u00e9n estuvo presente la otra administraci\\u00f3n que integra la sociedad \\u201cGij\\u00f3n al\",\"inLanguage\":\"es-ES\",\"isPartOf\":{\"@id\":\"https:\\\/\\\/www.eldigitaldeasturias.com\\\/noticias\\\/#website\"},\"breadcrumb\":{\"@id\":\"https:\\\/\\\/www.eldigitaldeasturias.com\\\/noticias\\\/couto-se-muestra-razonablemente-satisfecho-tras-la-reunion-con-de-la-serna\\\/#breadcrumblist\"},\"author\":{\"@id\":\"https:\\\/\\\/www.eldigitaldeasturias.com\\\/noticias\\\/author\\\/admin\\\/#author\"},\"creator\":{\"@id\":\"https:\\\/\\\/www.eldigitaldeasturias.com\\\/noticias\\\/author\\\/admin\\\/#author\"},\"image\":{\"@type\":\"ImageObject\",\"url\":\"https:\\\/\\\/www.eldigitaldeasturias.com\\\/noticias\\\/wp-content\\\/uploads\\\/2017\\\/01\\\/Reunion-Plan-Vias.jpg\",\"@id\":\"https:\\\/\\\/www.eldigitaldeasturias.com\\\/noticias\\\/couto-se-muestra-razonablemente-satisfecho-tras-la-reunion-con-de-la-serna\\\/#mainImage\",\"width\":1280,\"height\":721},\"primaryImageOfPage\":{\"@id\":\"https:\\\/\\\/www.eldigitaldeasturias.com\\\/noticias\\\/couto-se-muestra-razonablemente-satisfecho-tras-la-reunion-con-de-la-serna\\\/#mainImage\"},\"datePublished\":\"2017-01-22T00:13:57+01:00\",\"dateModified\":\"2017-01-22T00:13:57+01:00\"},{\"@type\":\"WebSite\",\"@id\":\"https:\\\/\\\/www.eldigitaldeasturias.com\\\/noticias\\\/#website\",\"url\":\"https:\\\/\\\/www.eldigitaldeasturias.com\\\/noticias\\\/\",\"name\":\"El Digital de Asturias - Diario de actualidad y noticias\",\"alternateName\":\"El Digital de Asturias - Diario de actualidad y noticias\",\"description\":\"Hemeroteca\",\"inLanguage\":\"es-ES\",\"publisher\":{\"@id\":\"https:\\\/\\\/www.eldigitaldeasturias.com\\\/noticias\\\/#organization\"}}]}\n\t\t<\/script>\n\t\t<!-- All in One SEO Pro -->\r\n\t\t<title>Couto se muestra \u201crazonablemente\u201d satisfecho tras la reuni\u00f3n con De la Serna - El Digital de Asturias<\/title>\n\n","aioseo_head_json":{"title":"Couto se muestra \u201crazonablemente\u201d satisfecho tras la reuni\u00f3n con De la Serna - El Digital de Asturias","description":"La alcaldesa de Gij\u00f3n, Carmen Moriy\u00f3n, y el portavoz de FORO en el Ayuntamiento de Gij\u00f3n, Fernando Couto, han mantenido una reuni\u00f3n esta ma\u00f1ana con el ministro de Fomento, I\u00f1igo de la Serna. En la reuni\u00f3n, que tuvo lugar en el Consistorio gijon\u00e9s, tambi\u00e9n estuvo presente la otra administraci\u00f3n que integra la sociedad \u201cGij\u00f3n al","canonical_url":"https:\/\/www.eldigitaldeasturias.com\/noticias\/couto-se-muestra-razonablemente-satisfecho-tras-la-reunion-con-de-la-serna\/","robots":"max-image-preview:large","keywords":"destacadas","webmasterTools":{"google-site-verification":"UA-38556648-1","msvalidate.01":"7dfe9f3f1b24437ab69f4f2559babe99","miscellaneous":""},"schema":{"@context":"https:\/\/schema.org","@graph":[{"@type":"BlogPosting","@id":"https:\/\/www.eldigitaldeasturias.com\/noticias\/couto-se-muestra-razonablemente-satisfecho-tras-la-reunion-con-de-la-serna\/#blogposting","name":"Couto se muestra \u201crazonablemente\u201d satisfecho tras la reuni\u00f3n con De la Serna - El Digital de Asturias","headline":"Couto se muestra \u201crazonablemente\u201d satisfecho tras la reuni\u00f3n con De la Serna","author":{"@id":"https:\/\/www.eldigitaldeasturias.com\/noticias\/author\/admin\/#author"},"publisher":{"@id":"https:\/\/www.eldigitaldeasturias.com\/noticias\/#organization"},"image":{"@type":"ImageObject","url":"https:\/\/www.eldigitaldeasturias.com\/noticias\/wp-content\/uploads\/2017\/01\/Reunion-Plan-Vias.jpg","width":1280,"height":721},"datePublished":"2017-01-22T00:13:57+01:00","dateModified":"2017-01-22T00:13:57+01:00","inLanguage":"es-ES","mainEntityOfPage":{"@id":"https:\/\/www.eldigitaldeasturias.com\/noticias\/couto-se-muestra-razonablemente-satisfecho-tras-la-reunion-con-de-la-serna\/#webpage"},"isPartOf":{"@id":"https:\/\/www.eldigitaldeasturias.com\/noticias\/couto-se-muestra-razonablemente-satisfecho-tras-la-reunion-con-de-la-serna\/#webpage"},"articleSection":"Destacadas"},{"@type":"BreadcrumbList","@id":"https:\/\/www.eldigitaldeasturias.com\/noticias\/couto-se-muestra-razonablemente-satisfecho-tras-la-reunion-con-de-la-serna\/#breadcrumblist","itemListElement":[{"@type":"ListItem","@id":"https:\/\/www.eldigitaldeasturias.com\/noticias#listItem","position":1,"name":"Home","item":"https:\/\/www.eldigitaldeasturias.com\/noticias","nextItem":{"@type":"ListItem","@id":"https:\/\/www.eldigitaldeasturias.com\/noticias\/category\/destacadas\/#listItem","name":"Destacadas"}},{"@type":"ListItem","@id":"https:\/\/www.eldigitaldeasturias.com\/noticias\/category\/destacadas\/#listItem","position":2,"name":"Destacadas","item":"https:\/\/www.eldigitaldeasturias.com\/noticias\/category\/destacadas\/","nextItem":{"@type":"ListItem","@id":"https:\/\/www.eldigitaldeasturias.com\/noticias\/couto-se-muestra-razonablemente-satisfecho-tras-la-reunion-con-de-la-serna\/#listItem","name":"Couto se muestra \u201crazonablemente\u201d satisfecho tras la reuni\u00f3n con De la Serna"},"previousItem":{"@type":"ListItem","@id":"https:\/\/www.eldigitaldeasturias.com\/noticias#listItem","name":"Home"}},{"@type":"ListItem","@id":"https:\/\/www.eldigitaldeasturias.com\/noticias\/couto-se-muestra-razonablemente-satisfecho-tras-la-reunion-con-de-la-serna\/#listItem","position":3,"name":"Couto se muestra \u201crazonablemente\u201d satisfecho tras la reuni\u00f3n con De la Serna","previousItem":{"@type":"ListItem","@id":"https:\/\/www.eldigitaldeasturias.com\/noticias\/category\/destacadas\/#listItem","name":"Destacadas"}}]},{"@type":"Organization","@id":"https:\/\/www.eldigitaldeasturias.com\/noticias\/#organization","name":"El Digital de Asturias","description":"Hemeroteca","url":"https:\/\/www.eldigitaldeasturias.com\/noticias\/","email":"info@eldigitaldeasturias.com","telephone":"+34652131393","logo":{"@type":"ImageObject","url":"https:\/\/www.eldigitaldeasturias.com\/noticias\/wp-content\/uploads\/2020\/12\/EDA.jpg","@id":"https:\/\/www.eldigitaldeasturias.com\/noticias\/couto-se-muestra-razonablemente-satisfecho-tras-la-reunion-con-de-la-serna\/#organizationLogo","width":649,"height":297},"image":{"@id":"https:\/\/www.eldigitaldeasturias.com\/noticias\/couto-se-muestra-razonablemente-satisfecho-tras-la-reunion-con-de-la-serna\/#organizationLogo"},"sameAs":["https:\/\/facebook.com\/eldigitaldeasturias","https:\/\/www.youtube.com\/channel\/UCZP-2wLEB9Rv6erhFmqVnvg"],"address":{"@id":"https:\/\/www.eldigitaldeasturias.com\/noticias\/#postaladdress","@type":"PostalAddress","streetAddress":"san antonio 4,","postalCode":"33430","addressLocality":"Cand\u00e1s","addressRegion":"Asturias","addressCountry":"ES"}},{"@type":"Person","@id":"https:\/\/www.eldigitaldeasturias.com\/noticias\/author\/admin\/#author","url":"https:\/\/www.eldigitaldeasturias.com\/noticias\/author\/admin\/","name":"El Digital de Asturias","image":{"@type":"ImageObject","@id":"https:\/\/www.eldigitaldeasturias.com\/noticias\/couto-se-muestra-razonablemente-satisfecho-tras-la-reunion-con-de-la-serna\/#authorImage","url":"https:\/\/www.eldigitaldeasturias.com\/noticias\/wp-content\/litespeed\/avatar\/18677e78aa0546b92d9dbf31ec7d7668.jpg?ver=1777290358","width":96,"height":96,"caption":"El Digital de Asturias"}},{"@type":"WebPage","@id":"https:\/\/www.eldigitaldeasturias.com\/noticias\/couto-se-muestra-razonablemente-satisfecho-tras-la-reunion-con-de-la-serna\/#webpage","url":"https:\/\/www.eldigitaldeasturias.com\/noticias\/couto-se-muestra-razonablemente-satisfecho-tras-la-reunion-con-de-la-serna\/","name":"Couto se muestra \u201crazonablemente\u201d satisfecho tras la reuni\u00f3n con De la Serna - El Digital de Asturias","description":"La alcaldesa de Gij\u00f3n, Carmen Moriy\u00f3n, y el portavoz de FORO en el Ayuntamiento de Gij\u00f3n, Fernando Couto, han mantenido una reuni\u00f3n esta ma\u00f1ana con el ministro de Fomento, I\u00f1igo de la Serna. En la reuni\u00f3n, que tuvo lugar en el Consistorio gijon\u00e9s, tambi\u00e9n estuvo presente la otra administraci\u00f3n que integra la sociedad \u201cGij\u00f3n al","inLanguage":"es-ES","isPartOf":{"@id":"https:\/\/www.eldigitaldeasturias.com\/noticias\/#website"},"breadcrumb":{"@id":"https:\/\/www.eldigitaldeasturias.com\/noticias\/couto-se-muestra-razonablemente-satisfecho-tras-la-reunion-con-de-la-serna\/#breadcrumblist"},"author":{"@id":"https:\/\/www.eldigitaldeasturias.com\/noticias\/author\/admin\/#author"},"creator":{"@id":"https:\/\/www.eldigitaldeasturias.com\/noticias\/author\/admin\/#author"},"image":{"@type":"ImageObject","url":"https:\/\/www.eldigitaldeasturias.com\/noticias\/wp-content\/uploads\/2017\/01\/Reunion-Plan-Vias.jpg","@id":"https:\/\/www.eldigitaldeasturias.com\/noticias\/couto-se-muestra-razonablemente-satisfecho-tras-la-reunion-con-de-la-serna\/#mainImage","width":1280,"height":721},"primaryImageOfPage":{"@id":"https:\/\/www.eldigitaldeasturias.com\/noticias\/couto-se-muestra-razonablemente-satisfecho-tras-la-reunion-con-de-la-serna\/#mainImage"},"datePublished":"2017-01-22T00:13:57+01:00","dateModified":"2017-01-22T00:13:57+01:00"},{"@type":"WebSite","@id":"https:\/\/www.eldigitaldeasturias.com\/noticias\/#website","url":"https:\/\/www.eldigitaldeasturias.com\/noticias\/","name":"El Digital de Asturias - Diario de actualidad y noticias","alternateName":"El Digital de Asturias - Diario de actualidad y noticias","description":"Hemeroteca","inLanguage":"es-ES","publisher":{"@id":"https:\/\/www.eldigitaldeasturias.com\/noticias\/#organization"}}]},"og:locale":"es_ES","og:site_name":"El Digital de Asturias","og:type":"article","og:title":"Couto se muestra \u201crazonablemente\u201d satisfecho tras la reuni\u00f3n con De la Serna - El Digital de Asturias","og:description":"La alcaldesa de Gij\u00f3n, Carmen Moriy\u00f3n, y el portavoz de FORO en el Ayuntamiento de Gij\u00f3n, Fernando Couto, han mantenido una reuni\u00f3n esta ma\u00f1ana con el ministro de Fomento, I\u00f1igo de la Serna. En la reuni\u00f3n, que tuvo lugar en el Consistorio gijon\u00e9s, tambi\u00e9n estuvo presente la otra administraci\u00f3n que integra la sociedad \u201cGij\u00f3n al","og:url":"https:\/\/www.eldigitaldeasturias.com\/noticias\/couto-se-muestra-razonablemente-satisfecho-tras-la-reunion-con-de-la-serna\/","og:image":"https:\/\/www.eldigitaldeasturias.com\/noticias\/wp-content\/uploads\/2017\/01\/Reunion-Plan-Vias.jpg","og:image:secure_url":"https:\/\/www.eldigitaldeasturias.com\/noticias\/wp-content\/uploads\/2017\/01\/Reunion-Plan-Vias.jpg","og:image:width":1280,"og:image:height":721,"article:tag":["destacadas"],"article:published_time":"2017-01-22T00:13:57+00:00","article:modified_time":"2017-01-22T00:13:57+00:00","article:publisher":"https:\/\/facebook.com\/eldigitaldeasturias","twitter:card":"summary_large_image","twitter:title":"Couto se muestra \u201crazonablemente\u201d satisfecho tras la reuni\u00f3n con De la Serna - El Digital de Asturias","twitter:description":"La alcaldesa de Gij\u00f3n, Carmen Moriy\u00f3n, y el portavoz de FORO en el Ayuntamiento de Gij\u00f3n, Fernando Couto, han mantenido una reuni\u00f3n esta ma\u00f1ana con el ministro de Fomento, I\u00f1igo de la Serna. En la reuni\u00f3n, que tuvo lugar en el Consistorio gijon\u00e9s, tambi\u00e9n estuvo presente la otra administraci\u00f3n que integra la sociedad \u201cGij\u00f3n al","twitter:image":"https:\/\/www.eldigitaldeasturias.com\/noticias\/wp-content\/uploads\/2017\/01\/Reunion-Plan-Vias.jpg","twitter:label1":"Escrito por","twitter:data1":"El Digital de Asturias","twitter:label2":"Tiempo de lectura estimado","twitter:data2":"2 minutos"},"aioseo_meta_data":{"post_id":"923100","title":null,"description":null,"keywords":null,"keyphrases":null,"primary_term":null,"canonical_url":null,"og_title":null,"og_description":null,"og_object_type":"default","og_image_type":"default","og_image_url":null,"og_image_width":null,"og_image_height":null,"og_image_custom_url":null,"og_image_custom_fields":null,"og_video":null,"og_custom_url":null,"og_article_section":null,"og_article_tags":null,"twitter_use_og":false,"twitter_card":"default","twitter_image_type":"default","twitter_image_url":null,"twitter_image_custom_url":null,"twitter_image_custom_fields":null,"twitter_title":null,"twitter_description":null,"schema":{"blockGraphs":[],"customGraphs":[],"default":{"data":{"Article":[],"Course":[],"Dataset":[],"FAQPage":[],"Movie":[],"Person":[],"Product":[],"ProductReview":[],"Car":[],"Recipe":[],"Service":[],"SoftwareApplication":[],"WebPage":[]},"graphName":"","isEnabled":true},"graphs":[],"defaultGraph":"","defaultPostTypeGraph":""},"schema_type":null,"schema_type_options":null,"pillar_content":false,"robots_default":true,"robots_noindex":false,"robots_noarchive":false,"robots_nosnippet":false,"robots_nofollow":false,"robots_noimageindex":false,"robots_noodp":false,"robots_notranslate":false,"robots_max_snippet":null,"robots_max_videopreview":null,"robots_max_imagepreview":"large","priority":null,"frequency":null,"local_seo":null,"seo_analyzer_scan_date":"2025-12-02 19:30:20","breadcrumb_settings":null,"limit_modified_date":false,"open_ai":null,"ai":null,"created":"2020-12-21 13:41:04","updated":"2025-12-02 19:30:20"},"aioseo_breadcrumb":"<div class=\"aioseo-breadcrumbs\"><span class=\"aioseo-breadcrumb\">\n\t<a href=\"https:\/\/www.eldigitaldeasturias.com\/noticias\" title=\"Home\">Home<\/a>\n<\/span><span class=\"aioseo-breadcrumb-separator\">\u2013<\/span><span class=\"aioseo-breadcrumb\">\n\t<a href=\"https:\/\/www.eldigitaldeasturias.com\/noticias\/category\/destacadas\/\" title=\"Destacadas\">Destacadas<\/a>\n<\/span><span class=\"aioseo-breadcrumb-separator\">\u2013<\/span><span class=\"aioseo-breadcrumb\">\n\t<a href=\"https:\/\/www.eldigitaldeasturias.com\/noticias\/couto-se-muestra-razonablemente-satisfecho-tras-la-reunion-con-de-la-serna\/\" title=\"Couto se muestra \u201crazonablemente\u201d satisfecho tras la reuni\u00f3n con De la Serna\">Couto se muestra \u201crazonablemente\u201d satisfecho tras la reuni\u00f3n con De la Serna<\/a>\n<\/span><\/div>","aioseo_breadcrumb_json":[{"label":"Home","link":"https:\/\/www.eldigitaldeasturias.com\/noticias"},{"label":"Destacadas","link":"https:\/\/www.eldigitaldeasturias.com\/noticias\/category\/destacadas\/"},{"label":"Couto se muestra \u201crazonablemente\u201d satisfecho tras la reuni\u00f3n con De la Serna","link":"https:\/\/www.eldigitaldeasturias.com\/noticias\/couto-se-muestra-razonablemente-satisfecho-tras-la-reunion-con-de-la-serna\/"}],"_links":{"self":[{"href":"https:\/\/www.eldigitaldeasturias.com\/noticias\/wp-json\/wp\/v2\/posts\/923100","targetHints":{"allow":["GET"]}}],"collection":[{"href":"https:\/\/www.eldigitaldeasturias.com\/noticias\/wp-json\/wp\/v2\/posts"}],"about":[{"href":"https:\/\/www.eldigitaldeasturias.com\/noticias\/wp-json\/wp\/v2\/types\/post"}],"author":[{"embeddable":true,"href":"https:\/\/www.eldigitaldeasturias.com\/noticias\/wp-json\/wp\/v2\/users\/1"}],"replies":[{"embeddable":true,"href":"https:\/\/www.eldigitaldeasturias.com\/noticias\/wp-json\/wp\/v2\/comments?post=923100"}],"version-history":[{"count":0,"href":"https:\/\/www.eldigitaldeasturias.com\/noticias\/wp-json\/wp\/v2\/posts\/923100\/revisions"}],"wp:featuredmedia":[{"embeddable":true,"href":"https:\/\/www.eldigitaldeasturias.com\/noticias\/wp-json\/wp\/v2\/media\/923066"}],"wp:attachment":[{"href":"https:\/\/www.eldigitaldeasturias.com\/noticias\/wp-json\/wp\/v2\/media?parent=923100"}],"wp:term":[{"taxonomy":"category","embeddable":true,"href":"https:\/\/www.eldigitaldeasturias.com\/noticias\/wp-json\/wp\/v2\/categories?post=923100"},{"taxonomy":"post_tag","embeddable":true,"href":"https:\/\/www.eldigitaldeasturias.com\/noticias\/wp-json\/wp\/v2\/tags?post=923100"}],"curies":[{"name":"wp","href":"https:\/\/api.w.org\/{rel}","templated":true}]}}