{"id":922532,"date":"2017-01-17T03:39:27","date_gmt":"2017-01-17T03:39:27","guid":{"rendered":"http:\/\/www.eldigitaldeasturias.com\/noticias\/?p=922532"},"modified":"2017-01-17T03:39:27","modified_gmt":"2017-01-17T03:39:27","slug":"frio-viento-y-nieve-en-espana","status":"publish","type":"post","link":"https:\/\/www.eldigitaldeasturias.com\/noticias\/frio-viento-y-nieve-en-espana\/","title":{"rendered":"Frio, viento y nieve en Espa\u00f1a"},"content":{"rendered":"<p><img loading=\"lazy\" decoding=\"async\" class=\"alignleft size-medium wp-image-858065\" src=\"https:\/\/www.eldigitaldeasturias.com\/noticias\/wp-content\/uploads\/2016\/02\/nieve-asturias-360x270.jpg\" alt=\"\" width=\"360\" height=\"270\" srcset=\"https:\/\/www.eldigitaldeasturias.com\/noticias\/wp-content\/uploads\/2016\/02\/nieve-asturias-360x270.jpg 360w, https:\/\/www.eldigitaldeasturias.com\/noticias\/wp-content\/uploads\/2016\/02\/nieve-asturias-768x576.jpg 768w, https:\/\/www.eldigitaldeasturias.com\/noticias\/wp-content\/uploads\/2016\/02\/nieve-asturias-650x488.jpg 650w, https:\/\/www.eldigitaldeasturias.com\/noticias\/wp-content\/uploads\/2016\/02\/nieve-asturias-90x67.jpg 90w, https:\/\/www.eldigitaldeasturias.com\/noticias\/wp-content\/uploads\/2016\/02\/nieve-asturias-100x75.jpg 100w, https:\/\/www.eldigitaldeasturias.com\/noticias\/wp-content\/uploads\/2016\/02\/nieve-asturias.jpg 800w\" sizes=\"auto, (max-width: 360px) 100vw, 360px\" \/>Desde hoy martes se espera que comiencen a bajar las temperaturas en buena parte del pa\u00eds, y desde AEMET nos informan que una ola de frio ser\u00e1 la protagonista de lo que resta de semana en Espa\u00f1a.<\/p>\n<p>Hoy tendremos temperaturas bajas en zonas del noreste y centro de la Pen\u00ednsula, con nevadas en Baleares. Viento fuerte o con rachas muy fuertes en el valle del Ebro, Ampurd\u00e1n, Baleares, Pirineos y Sistemas Ib\u00e9rico y Central.<\/p>\n<p>En Baleares y entorno del Cabo de la Nao, nuboso o cubierto con chubascos ocasionales que podr\u00e1n ir acompa\u00f1ados de tormenta. En el extremo norte peninsular, nuboso o cubierto con precipitaciones, m\u00e1s probables en el Cant\u00e1brico central y occidental y en Pirineos, tendiendo a remitir a lo largo del d\u00eda. Predominio de cielos poco nubosos en el resto de Espa\u00f1a, con algunos intervalos nubosos en \u00e1reas del centro y norte de la Pen\u00ednsula, con alguna precipitaci\u00f3n en el Sistema Central o Ib\u00e9rico sur. Por la tarde habr\u00e1 tambi\u00e9n intervalos nubosos en el litoral mediterr\u00e1neo peninsular y en el norte de Canarias, no descart\u00e1ndose alguna precipitaci\u00f3n d\u00e9bil, m\u00e1s probable en Melilla y litoral oriental andaluz.<\/p>\n<p>Posibles nieblas matinales en el interior noroeste peninsular.<\/p>\n<p>Cota de nieve: En el extremo norte, cualquier cota en Pirineos, y 200\/1400 m bajando a cualquier cota en el resto. En Baleares 0\/500m. En sierras del sureste 1000\/1100 m bajando a 0\/900 m. En el resto de sistemas monta\u00f1osos del centro y sur, cotas diversas bajando a 0 m.<\/p>\n<p>Temperaturas en descenso en Baleares y mitad este peninsular, notable en el nordeste. Significativamente bajas para la \u00e9poca del a\u00f1o. Heladas generalizadas en el interior de la Pen\u00ednsula excepto el suroeste, moderadas en amplias zonas de las mitades norte y este, fuertes en \u00e1reas de monta\u00f1a.<\/p>\n<p>Vientos del este y nordeste en Canarias, y de componente norte en el resto. Fuerte o con intervalos de fuerte en el valle del Ebro y Baleares. Con intervalos de muy fuerte en Ampurd\u00e1n y este de Baleares. Rachas muy fuertes en zonas de monta\u00f1a del centro y nordeste de la Pen\u00ednsula.<\/p>\n<p>&nbsp;<\/p>\n","protected":false},"excerpt":{"rendered":"<p>Desde hoy martes se espera que comiencen a bajar las temperaturas en buena parte del pa\u00eds, y desde AEMET nos informan que una ola de frio ser\u00e1 la protagonista de lo que resta de semana en Espa\u00f1a. Hoy tendremos temperaturas bajas en zonas del noreste y centro de la Pen\u00ednsula, con nevadas en Baleares. Viento [&hellip;]<\/p>\n","protected":false},"author":1,"featured_media":922533,"comment_status":"closed","ping_status":"closed","sticky":false,"template":"","format":"standard","meta":{"footnotes":""},"categories":[141],"tags":[],"class_list":["post-922532","post","type-post","status-publish","format-standard","has-post-thumbnail","hentry","category-destacadas"],"aioseo_notices":[],"aioseo_head":"\n\t\t<!-- All in One SEO Pro 4.9.6.2 - aioseo.com -->\n\t<meta name=\"description\" content=\"Desde hoy martes se espera que comiencen a bajar las temperaturas en buena parte del pa\u00eds, y desde AEMET nos informan que una ola de frio ser\u00e1 la protagonista de lo que resta de semana en Espa\u00f1a. Hoy tendremos temperaturas bajas en zonas del noreste y centro de la Pen\u00ednsula, con nevadas en Baleares. Viento\" \/>\n\t<meta name=\"robots\" content=\"max-image-preview:large\" \/>\n\t<meta name=\"author\" content=\"El Digital de Asturias\"\/>\n\t<meta name=\"google-site-verification\" content=\"UA-38556648-1\" \/>\n\t<meta name=\"msvalidate.01\" content=\"7dfe9f3f1b24437ab69f4f2559babe99\" \/>\n\t<meta name=\"keywords\" content=\"destacadas\" \/>\n\t<link rel=\"canonical\" href=\"https:\/\/www.eldigitaldeasturias.com\/noticias\/frio-viento-y-nieve-en-espana\/\" \/>\n\t<meta name=\"generator\" content=\"All in One SEO Pro (AIOSEO) 4.9.6.2\" \/>\n\t\t<meta property=\"og:locale\" content=\"es_ES\" \/>\n\t\t<meta property=\"og:site_name\" content=\"El Digital de Asturias\" \/>\n\t\t<meta property=\"og:type\" content=\"article\" \/>\n\t\t<meta property=\"og:title\" content=\"Frio, viento y nieve en Espa\u00f1a - El Digital de Asturias\" \/>\n\t\t<meta property=\"og:description\" content=\"Desde hoy martes se espera que comiencen a bajar las temperaturas en buena parte del pa\u00eds, y desde AEMET nos informan que una ola de frio ser\u00e1 la protagonista de lo que resta de semana en Espa\u00f1a. Hoy tendremos temperaturas bajas en zonas del noreste y centro de la Pen\u00ednsula, con nevadas en Baleares. Viento\" \/>\n\t\t<meta property=\"og:url\" content=\"https:\/\/www.eldigitaldeasturias.com\/noticias\/frio-viento-y-nieve-en-espana\/\" \/>\n\t\t<meta property=\"og:image\" content=\"https:\/\/www.eldigitaldeasturias.com\/noticias\/wp-content\/uploads\/2017\/01\/candas-puerto.jpg\" \/>\n\t\t<meta property=\"og:image:secure_url\" content=\"https:\/\/www.eldigitaldeasturias.com\/noticias\/wp-content\/uploads\/2017\/01\/candas-puerto.jpg\" \/>\n\t\t<meta property=\"og:image:width\" content=\"920\" \/>\n\t\t<meta property=\"og:image:height\" content=\"536\" \/>\n\t\t<meta property=\"article:tag\" content=\"destacadas\" \/>\n\t\t<meta property=\"article:published_time\" content=\"2017-01-17T03:39:27+00:00\" \/>\n\t\t<meta property=\"article:modified_time\" content=\"2017-01-17T03:39:27+00:00\" \/>\n\t\t<meta property=\"article:publisher\" content=\"https:\/\/facebook.com\/eldigitaldeasturias\" \/>\n\t\t<meta name=\"twitter:card\" content=\"summary_large_image\" \/>\n\t\t<meta name=\"twitter:title\" content=\"Frio, viento y nieve en Espa\u00f1a - El Digital de Asturias\" \/>\n\t\t<meta name=\"twitter:description\" content=\"Desde hoy martes se espera que comiencen a bajar las temperaturas en buena parte del pa\u00eds, y desde AEMET nos informan que una ola de frio ser\u00e1 la protagonista de lo que resta de semana en Espa\u00f1a. Hoy tendremos temperaturas bajas en zonas del noreste y centro de la Pen\u00ednsula, con nevadas en Baleares. Viento\" \/>\n\t\t<meta name=\"twitter:image\" content=\"https:\/\/www.eldigitaldeasturias.com\/noticias\/wp-content\/uploads\/2017\/01\/candas-puerto.jpg\" \/>\n\t\t<meta name=\"twitter:label1\" content=\"Escrito por\" \/>\n\t\t<meta name=\"twitter:data1\" content=\"El Digital de Asturias\" \/>\n\t\t<meta name=\"twitter:label2\" content=\"Tiempo de lectura estimado\" \/>\n\t\t<meta name=\"twitter:data2\" content=\"2 minutos\" \/>\n\t\t<script type=\"application\/ld+json\" class=\"aioseo-schema\">\n\t\t\t{\"@context\":\"https:\\\/\\\/schema.org\",\"@graph\":[{\"@type\":\"BlogPosting\",\"@id\":\"https:\\\/\\\/www.eldigitaldeasturias.com\\\/noticias\\\/frio-viento-y-nieve-en-espana\\\/#blogposting\",\"name\":\"Frio, viento y nieve en Espa\\u00f1a - El Digital de Asturias\",\"headline\":\"Frio, viento y nieve en Espa\\u00f1a\",\"author\":{\"@id\":\"https:\\\/\\\/www.eldigitaldeasturias.com\\\/noticias\\\/author\\\/admin\\\/#author\"},\"publisher\":{\"@id\":\"https:\\\/\\\/www.eldigitaldeasturias.com\\\/noticias\\\/#organization\"},\"image\":{\"@type\":\"ImageObject\",\"url\":\"https:\\\/\\\/www.eldigitaldeasturias.com\\\/noticias\\\/wp-content\\\/uploads\\\/2017\\\/01\\\/candas-puerto.jpg\",\"width\":920,\"height\":536},\"datePublished\":\"2017-01-17T03:39:27+01:00\",\"dateModified\":\"2017-01-17T03:39:27+01:00\",\"inLanguage\":\"es-ES\",\"mainEntityOfPage\":{\"@id\":\"https:\\\/\\\/www.eldigitaldeasturias.com\\\/noticias\\\/frio-viento-y-nieve-en-espana\\\/#webpage\"},\"isPartOf\":{\"@id\":\"https:\\\/\\\/www.eldigitaldeasturias.com\\\/noticias\\\/frio-viento-y-nieve-en-espana\\\/#webpage\"},\"articleSection\":\"Destacadas\"},{\"@type\":\"BreadcrumbList\",\"@id\":\"https:\\\/\\\/www.eldigitaldeasturias.com\\\/noticias\\\/frio-viento-y-nieve-en-espana\\\/#breadcrumblist\",\"itemListElement\":[{\"@type\":\"ListItem\",\"@id\":\"https:\\\/\\\/www.eldigitaldeasturias.com\\\/noticias#listItem\",\"position\":1,\"name\":\"Home\",\"item\":\"https:\\\/\\\/www.eldigitaldeasturias.com\\\/noticias\",\"nextItem\":{\"@type\":\"ListItem\",\"@id\":\"https:\\\/\\\/www.eldigitaldeasturias.com\\\/noticias\\\/category\\\/destacadas\\\/#listItem\",\"name\":\"Destacadas\"}},{\"@type\":\"ListItem\",\"@id\":\"https:\\\/\\\/www.eldigitaldeasturias.com\\\/noticias\\\/category\\\/destacadas\\\/#listItem\",\"position\":2,\"name\":\"Destacadas\",\"item\":\"https:\\\/\\\/www.eldigitaldeasturias.com\\\/noticias\\\/category\\\/destacadas\\\/\",\"nextItem\":{\"@type\":\"ListItem\",\"@id\":\"https:\\\/\\\/www.eldigitaldeasturias.com\\\/noticias\\\/frio-viento-y-nieve-en-espana\\\/#listItem\",\"name\":\"Frio, viento y nieve en Espa\\u00f1a\"},\"previousItem\":{\"@type\":\"ListItem\",\"@id\":\"https:\\\/\\\/www.eldigitaldeasturias.com\\\/noticias#listItem\",\"name\":\"Home\"}},{\"@type\":\"ListItem\",\"@id\":\"https:\\\/\\\/www.eldigitaldeasturias.com\\\/noticias\\\/frio-viento-y-nieve-en-espana\\\/#listItem\",\"position\":3,\"name\":\"Frio, viento y nieve en Espa\\u00f1a\",\"previousItem\":{\"@type\":\"ListItem\",\"@id\":\"https:\\\/\\\/www.eldigitaldeasturias.com\\\/noticias\\\/category\\\/destacadas\\\/#listItem\",\"name\":\"Destacadas\"}}]},{\"@type\":\"Organization\",\"@id\":\"https:\\\/\\\/www.eldigitaldeasturias.com\\\/noticias\\\/#organization\",\"name\":\"El Digital de Asturias\",\"description\":\"Hemeroteca\",\"url\":\"https:\\\/\\\/www.eldigitaldeasturias.com\\\/noticias\\\/\",\"email\":\"info@eldigitaldeasturias.com\",\"telephone\":\"+34652131393\",\"logo\":{\"@type\":\"ImageObject\",\"url\":\"https:\\\/\\\/www.eldigitaldeasturias.com\\\/noticias\\\/wp-content\\\/uploads\\\/2020\\\/12\\\/EDA.jpg\",\"@id\":\"https:\\\/\\\/www.eldigitaldeasturias.com\\\/noticias\\\/frio-viento-y-nieve-en-espana\\\/#organizationLogo\",\"width\":649,\"height\":297},\"image\":{\"@id\":\"https:\\\/\\\/www.eldigitaldeasturias.com\\\/noticias\\\/frio-viento-y-nieve-en-espana\\\/#organizationLogo\"},\"sameAs\":[\"https:\\\/\\\/facebook.com\\\/eldigitaldeasturias\",\"https:\\\/\\\/www.youtube.com\\\/channel\\\/UCZP-2wLEB9Rv6erhFmqVnvg\"],\"address\":{\"@id\":\"https:\\\/\\\/www.eldigitaldeasturias.com\\\/noticias\\\/#postaladdress\",\"@type\":\"PostalAddress\",\"streetAddress\":\"san antonio 4,\",\"postalCode\":\"33430\",\"addressLocality\":\"Cand\\u00e1s\",\"addressRegion\":\"Asturias\",\"addressCountry\":\"ES\"}},{\"@type\":\"Person\",\"@id\":\"https:\\\/\\\/www.eldigitaldeasturias.com\\\/noticias\\\/author\\\/admin\\\/#author\",\"url\":\"https:\\\/\\\/www.eldigitaldeasturias.com\\\/noticias\\\/author\\\/admin\\\/\",\"name\":\"El Digital de Asturias\",\"image\":{\"@type\":\"ImageObject\",\"@id\":\"https:\\\/\\\/www.eldigitaldeasturias.com\\\/noticias\\\/frio-viento-y-nieve-en-espana\\\/#authorImage\",\"url\":\"https:\\\/\\\/www.eldigitaldeasturias.com\\\/noticias\\\/wp-content\\\/litespeed\\\/avatar\\\/18677e78aa0546b92d9dbf31ec7d7668.jpg?ver=1777290358\",\"width\":96,\"height\":96,\"caption\":\"El Digital de Asturias\"}},{\"@type\":\"WebPage\",\"@id\":\"https:\\\/\\\/www.eldigitaldeasturias.com\\\/noticias\\\/frio-viento-y-nieve-en-espana\\\/#webpage\",\"url\":\"https:\\\/\\\/www.eldigitaldeasturias.com\\\/noticias\\\/frio-viento-y-nieve-en-espana\\\/\",\"name\":\"Frio, viento y nieve en Espa\\u00f1a - El Digital de Asturias\",\"description\":\"Desde hoy martes se espera que comiencen a bajar las temperaturas en buena parte del pa\\u00eds, y desde AEMET nos informan que una ola de frio ser\\u00e1 la protagonista de lo que resta de semana en Espa\\u00f1a. Hoy tendremos temperaturas bajas en zonas del noreste y centro de la Pen\\u00ednsula, con nevadas en Baleares. Viento\",\"inLanguage\":\"es-ES\",\"isPartOf\":{\"@id\":\"https:\\\/\\\/www.eldigitaldeasturias.com\\\/noticias\\\/#website\"},\"breadcrumb\":{\"@id\":\"https:\\\/\\\/www.eldigitaldeasturias.com\\\/noticias\\\/frio-viento-y-nieve-en-espana\\\/#breadcrumblist\"},\"author\":{\"@id\":\"https:\\\/\\\/www.eldigitaldeasturias.com\\\/noticias\\\/author\\\/admin\\\/#author\"},\"creator\":{\"@id\":\"https:\\\/\\\/www.eldigitaldeasturias.com\\\/noticias\\\/author\\\/admin\\\/#author\"},\"image\":{\"@type\":\"ImageObject\",\"url\":\"https:\\\/\\\/www.eldigitaldeasturias.com\\\/noticias\\\/wp-content\\\/uploads\\\/2017\\\/01\\\/candas-puerto.jpg\",\"@id\":\"https:\\\/\\\/www.eldigitaldeasturias.com\\\/noticias\\\/frio-viento-y-nieve-en-espana\\\/#mainImage\",\"width\":920,\"height\":536},\"primaryImageOfPage\":{\"@id\":\"https:\\\/\\\/www.eldigitaldeasturias.com\\\/noticias\\\/frio-viento-y-nieve-en-espana\\\/#mainImage\"},\"datePublished\":\"2017-01-17T03:39:27+01:00\",\"dateModified\":\"2017-01-17T03:39:27+01:00\"},{\"@type\":\"WebSite\",\"@id\":\"https:\\\/\\\/www.eldigitaldeasturias.com\\\/noticias\\\/#website\",\"url\":\"https:\\\/\\\/www.eldigitaldeasturias.com\\\/noticias\\\/\",\"name\":\"El Digital de Asturias - Diario de actualidad y noticias\",\"alternateName\":\"El Digital de Asturias - Diario de actualidad y noticias\",\"description\":\"Hemeroteca\",\"inLanguage\":\"es-ES\",\"publisher\":{\"@id\":\"https:\\\/\\\/www.eldigitaldeasturias.com\\\/noticias\\\/#organization\"}}]}\n\t\t<\/script>\n\t\t<!-- All in One SEO Pro -->\r\n\t\t<title>Frio, viento y nieve en Espa\u00f1a - El Digital de Asturias<\/title>\n\n","aioseo_head_json":{"title":"Frio, viento y nieve en Espa\u00f1a - El Digital de Asturias","description":"Desde hoy martes se espera que comiencen a bajar las temperaturas en buena parte del pa\u00eds, y desde AEMET nos informan que una ola de frio ser\u00e1 la protagonista de lo que resta de semana en Espa\u00f1a. Hoy tendremos temperaturas bajas en zonas del noreste y centro de la Pen\u00ednsula, con nevadas en Baleares. Viento","canonical_url":"https:\/\/www.eldigitaldeasturias.com\/noticias\/frio-viento-y-nieve-en-espana\/","robots":"max-image-preview:large","keywords":"destacadas","webmasterTools":{"google-site-verification":"UA-38556648-1","msvalidate.01":"7dfe9f3f1b24437ab69f4f2559babe99","miscellaneous":""},"schema":{"@context":"https:\/\/schema.org","@graph":[{"@type":"BlogPosting","@id":"https:\/\/www.eldigitaldeasturias.com\/noticias\/frio-viento-y-nieve-en-espana\/#blogposting","name":"Frio, viento y nieve en Espa\u00f1a - El Digital de Asturias","headline":"Frio, viento y nieve en Espa\u00f1a","author":{"@id":"https:\/\/www.eldigitaldeasturias.com\/noticias\/author\/admin\/#author"},"publisher":{"@id":"https:\/\/www.eldigitaldeasturias.com\/noticias\/#organization"},"image":{"@type":"ImageObject","url":"https:\/\/www.eldigitaldeasturias.com\/noticias\/wp-content\/uploads\/2017\/01\/candas-puerto.jpg","width":920,"height":536},"datePublished":"2017-01-17T03:39:27+01:00","dateModified":"2017-01-17T03:39:27+01:00","inLanguage":"es-ES","mainEntityOfPage":{"@id":"https:\/\/www.eldigitaldeasturias.com\/noticias\/frio-viento-y-nieve-en-espana\/#webpage"},"isPartOf":{"@id":"https:\/\/www.eldigitaldeasturias.com\/noticias\/frio-viento-y-nieve-en-espana\/#webpage"},"articleSection":"Destacadas"},{"@type":"BreadcrumbList","@id":"https:\/\/www.eldigitaldeasturias.com\/noticias\/frio-viento-y-nieve-en-espana\/#breadcrumblist","itemListElement":[{"@type":"ListItem","@id":"https:\/\/www.eldigitaldeasturias.com\/noticias#listItem","position":1,"name":"Home","item":"https:\/\/www.eldigitaldeasturias.com\/noticias","nextItem":{"@type":"ListItem","@id":"https:\/\/www.eldigitaldeasturias.com\/noticias\/category\/destacadas\/#listItem","name":"Destacadas"}},{"@type":"ListItem","@id":"https:\/\/www.eldigitaldeasturias.com\/noticias\/category\/destacadas\/#listItem","position":2,"name":"Destacadas","item":"https:\/\/www.eldigitaldeasturias.com\/noticias\/category\/destacadas\/","nextItem":{"@type":"ListItem","@id":"https:\/\/www.eldigitaldeasturias.com\/noticias\/frio-viento-y-nieve-en-espana\/#listItem","name":"Frio, viento y nieve en Espa\u00f1a"},"previousItem":{"@type":"ListItem","@id":"https:\/\/www.eldigitaldeasturias.com\/noticias#listItem","name":"Home"}},{"@type":"ListItem","@id":"https:\/\/www.eldigitaldeasturias.com\/noticias\/frio-viento-y-nieve-en-espana\/#listItem","position":3,"name":"Frio, viento y nieve en Espa\u00f1a","previousItem":{"@type":"ListItem","@id":"https:\/\/www.eldigitaldeasturias.com\/noticias\/category\/destacadas\/#listItem","name":"Destacadas"}}]},{"@type":"Organization","@id":"https:\/\/www.eldigitaldeasturias.com\/noticias\/#organization","name":"El Digital de Asturias","description":"Hemeroteca","url":"https:\/\/www.eldigitaldeasturias.com\/noticias\/","email":"info@eldigitaldeasturias.com","telephone":"+34652131393","logo":{"@type":"ImageObject","url":"https:\/\/www.eldigitaldeasturias.com\/noticias\/wp-content\/uploads\/2020\/12\/EDA.jpg","@id":"https:\/\/www.eldigitaldeasturias.com\/noticias\/frio-viento-y-nieve-en-espana\/#organizationLogo","width":649,"height":297},"image":{"@id":"https:\/\/www.eldigitaldeasturias.com\/noticias\/frio-viento-y-nieve-en-espana\/#organizationLogo"},"sameAs":["https:\/\/facebook.com\/eldigitaldeasturias","https:\/\/www.youtube.com\/channel\/UCZP-2wLEB9Rv6erhFmqVnvg"],"address":{"@id":"https:\/\/www.eldigitaldeasturias.com\/noticias\/#postaladdress","@type":"PostalAddress","streetAddress":"san antonio 4,","postalCode":"33430","addressLocality":"Cand\u00e1s","addressRegion":"Asturias","addressCountry":"ES"}},{"@type":"Person","@id":"https:\/\/www.eldigitaldeasturias.com\/noticias\/author\/admin\/#author","url":"https:\/\/www.eldigitaldeasturias.com\/noticias\/author\/admin\/","name":"El Digital de Asturias","image":{"@type":"ImageObject","@id":"https:\/\/www.eldigitaldeasturias.com\/noticias\/frio-viento-y-nieve-en-espana\/#authorImage","url":"https:\/\/www.eldigitaldeasturias.com\/noticias\/wp-content\/litespeed\/avatar\/18677e78aa0546b92d9dbf31ec7d7668.jpg?ver=1777290358","width":96,"height":96,"caption":"El Digital de Asturias"}},{"@type":"WebPage","@id":"https:\/\/www.eldigitaldeasturias.com\/noticias\/frio-viento-y-nieve-en-espana\/#webpage","url":"https:\/\/www.eldigitaldeasturias.com\/noticias\/frio-viento-y-nieve-en-espana\/","name":"Frio, viento y nieve en Espa\u00f1a - El Digital de Asturias","description":"Desde hoy martes se espera que comiencen a bajar las temperaturas en buena parte del pa\u00eds, y desde AEMET nos informan que una ola de frio ser\u00e1 la protagonista de lo que resta de semana en Espa\u00f1a. Hoy tendremos temperaturas bajas en zonas del noreste y centro de la Pen\u00ednsula, con nevadas en Baleares. Viento","inLanguage":"es-ES","isPartOf":{"@id":"https:\/\/www.eldigitaldeasturias.com\/noticias\/#website"},"breadcrumb":{"@id":"https:\/\/www.eldigitaldeasturias.com\/noticias\/frio-viento-y-nieve-en-espana\/#breadcrumblist"},"author":{"@id":"https:\/\/www.eldigitaldeasturias.com\/noticias\/author\/admin\/#author"},"creator":{"@id":"https:\/\/www.eldigitaldeasturias.com\/noticias\/author\/admin\/#author"},"image":{"@type":"ImageObject","url":"https:\/\/www.eldigitaldeasturias.com\/noticias\/wp-content\/uploads\/2017\/01\/candas-puerto.jpg","@id":"https:\/\/www.eldigitaldeasturias.com\/noticias\/frio-viento-y-nieve-en-espana\/#mainImage","width":920,"height":536},"primaryImageOfPage":{"@id":"https:\/\/www.eldigitaldeasturias.com\/noticias\/frio-viento-y-nieve-en-espana\/#mainImage"},"datePublished":"2017-01-17T03:39:27+01:00","dateModified":"2017-01-17T03:39:27+01:00"},{"@type":"WebSite","@id":"https:\/\/www.eldigitaldeasturias.com\/noticias\/#website","url":"https:\/\/www.eldigitaldeasturias.com\/noticias\/","name":"El Digital de Asturias - Diario de actualidad y noticias","alternateName":"El Digital de Asturias - Diario de actualidad y noticias","description":"Hemeroteca","inLanguage":"es-ES","publisher":{"@id":"https:\/\/www.eldigitaldeasturias.com\/noticias\/#organization"}}]},"og:locale":"es_ES","og:site_name":"El Digital de Asturias","og:type":"article","og:title":"Frio, viento y nieve en Espa\u00f1a - El Digital de Asturias","og:description":"Desde hoy martes se espera que comiencen a bajar las temperaturas en buena parte del pa\u00eds, y desde AEMET nos informan que una ola de frio ser\u00e1 la protagonista de lo que resta de semana en Espa\u00f1a. Hoy tendremos temperaturas bajas en zonas del noreste y centro de la Pen\u00ednsula, con nevadas en Baleares. Viento","og:url":"https:\/\/www.eldigitaldeasturias.com\/noticias\/frio-viento-y-nieve-en-espana\/","og:image":"https:\/\/www.eldigitaldeasturias.com\/noticias\/wp-content\/uploads\/2017\/01\/candas-puerto.jpg","og:image:secure_url":"https:\/\/www.eldigitaldeasturias.com\/noticias\/wp-content\/uploads\/2017\/01\/candas-puerto.jpg","og:image:width":920,"og:image:height":536,"article:tag":["destacadas"],"article:published_time":"2017-01-17T03:39:27+00:00","article:modified_time":"2017-01-17T03:39:27+00:00","article:publisher":"https:\/\/facebook.com\/eldigitaldeasturias","twitter:card":"summary_large_image","twitter:title":"Frio, viento y nieve en Espa\u00f1a - El Digital de Asturias","twitter:description":"Desde hoy martes se espera que comiencen a bajar las temperaturas en buena parte del pa\u00eds, y desde AEMET nos informan que una ola de frio ser\u00e1 la protagonista de lo que resta de semana en Espa\u00f1a. Hoy tendremos temperaturas bajas en zonas del noreste y centro de la Pen\u00ednsula, con nevadas en Baleares. Viento","twitter:image":"https:\/\/www.eldigitaldeasturias.com\/noticias\/wp-content\/uploads\/2017\/01\/candas-puerto.jpg","twitter:label1":"Escrito por","twitter:data1":"El Digital de Asturias","twitter:label2":"Tiempo de lectura estimado","twitter:data2":"2 minutos"},"aioseo_meta_data":{"post_id":"922532","title":null,"description":null,"keywords":null,"keyphrases":null,"primary_term":null,"canonical_url":null,"og_title":null,"og_description":null,"og_object_type":"default","og_image_type":"default","og_image_url":null,"og_image_width":null,"og_image_height":null,"og_image_custom_url":null,"og_image_custom_fields":null,"og_video":null,"og_custom_url":null,"og_article_section":null,"og_article_tags":null,"twitter_use_og":false,"twitter_card":"default","twitter_image_type":"default","twitter_image_url":null,"twitter_image_custom_url":null,"twitter_image_custom_fields":null,"twitter_title":null,"twitter_description":null,"schema":{"blockGraphs":[],"customGraphs":[],"default":{"data":{"Article":[],"Course":[],"Dataset":[],"FAQPage":[],"Movie":[],"Person":[],"Product":[],"ProductReview":[],"Car":[],"Recipe":[],"Service":[],"SoftwareApplication":[],"WebPage":[]},"graphName":"","isEnabled":true},"graphs":[],"defaultGraph":"","defaultPostTypeGraph":""},"schema_type":null,"schema_type_options":null,"pillar_content":false,"robots_default":true,"robots_noindex":false,"robots_noarchive":false,"robots_nosnippet":false,"robots_nofollow":false,"robots_noimageindex":false,"robots_noodp":false,"robots_notranslate":false,"robots_max_snippet":null,"robots_max_videopreview":null,"robots_max_imagepreview":"large","priority":null,"frequency":null,"local_seo":null,"seo_analyzer_scan_date":"2025-12-02 17:31:09","breadcrumb_settings":null,"limit_modified_date":false,"open_ai":null,"ai":null,"created":"2020-12-21 13:42:42","updated":"2025-12-02 17:31:09"},"aioseo_breadcrumb":"<div class=\"aioseo-breadcrumbs\"><span class=\"aioseo-breadcrumb\">\n\t<a href=\"https:\/\/www.eldigitaldeasturias.com\/noticias\" title=\"Home\">Home<\/a>\n<\/span><span class=\"aioseo-breadcrumb-separator\">\u2013<\/span><span class=\"aioseo-breadcrumb\">\n\t<a href=\"https:\/\/www.eldigitaldeasturias.com\/noticias\/category\/destacadas\/\" title=\"Destacadas\">Destacadas<\/a>\n<\/span><span class=\"aioseo-breadcrumb-separator\">\u2013<\/span><span class=\"aioseo-breadcrumb\">\n\t<a href=\"https:\/\/www.eldigitaldeasturias.com\/noticias\/frio-viento-y-nieve-en-espana\/\" title=\"Frio, viento y nieve en Espa\u00f1a\">Frio, viento y nieve en Espa\u00f1a<\/a>\n<\/span><\/div>","aioseo_breadcrumb_json":[{"label":"Home","link":"https:\/\/www.eldigitaldeasturias.com\/noticias"},{"label":"Destacadas","link":"https:\/\/www.eldigitaldeasturias.com\/noticias\/category\/destacadas\/"},{"label":"Frio, viento y nieve en Espa\u00f1a","link":"https:\/\/www.eldigitaldeasturias.com\/noticias\/frio-viento-y-nieve-en-espana\/"}],"_links":{"self":[{"href":"https:\/\/www.eldigitaldeasturias.com\/noticias\/wp-json\/wp\/v2\/posts\/922532","targetHints":{"allow":["GET"]}}],"collection":[{"href":"https:\/\/www.eldigitaldeasturias.com\/noticias\/wp-json\/wp\/v2\/posts"}],"about":[{"href":"https:\/\/www.eldigitaldeasturias.com\/noticias\/wp-json\/wp\/v2\/types\/post"}],"author":[{"embeddable":true,"href":"https:\/\/www.eldigitaldeasturias.com\/noticias\/wp-json\/wp\/v2\/users\/1"}],"replies":[{"embeddable":true,"href":"https:\/\/www.eldigitaldeasturias.com\/noticias\/wp-json\/wp\/v2\/comments?post=922532"}],"version-history":[{"count":0,"href":"https:\/\/www.eldigitaldeasturias.com\/noticias\/wp-json\/wp\/v2\/posts\/922532\/revisions"}],"wp:featuredmedia":[{"embeddable":true,"href":"https:\/\/www.eldigitaldeasturias.com\/noticias\/wp-json\/wp\/v2\/media\/922533"}],"wp:attachment":[{"href":"https:\/\/www.eldigitaldeasturias.com\/noticias\/wp-json\/wp\/v2\/media?parent=922532"}],"wp:term":[{"taxonomy":"category","embeddable":true,"href":"https:\/\/www.eldigitaldeasturias.com\/noticias\/wp-json\/wp\/v2\/categories?post=922532"},{"taxonomy":"post_tag","embeddable":true,"href":"https:\/\/www.eldigitaldeasturias.com\/noticias\/wp-json\/wp\/v2\/tags?post=922532"}],"curies":[{"name":"wp","href":"https:\/\/api.w.org\/{rel}","templated":true}]}}