{"id":922336,"date":"2017-01-15T06:28:34","date_gmt":"2017-01-15T06:28:34","guid":{"rendered":"http:\/\/www.eldigitaldeasturias.com\/noticias\/?p=922336"},"modified":"2017-01-15T06:28:34","modified_gmt":"2017-01-15T06:28:34","slug":"asturias-calienta-motores-para-fitur-2017","status":"publish","type":"post","link":"https:\/\/www.eldigitaldeasturias.com\/noticias\/asturias-calienta-motores-para-fitur-2017\/","title":{"rendered":"Asturias calienta motores para Fitur 2017"},"content":{"rendered":"<p><img loading=\"lazy\" decoding=\"async\" class=\"alignleft size-medium wp-image-922337\" src=\"https:\/\/www.eldigitaldeasturias.com\/noticias\/wp-content\/uploads\/2017\/01\/20fitur-360x255.jpg\" alt=\"\" width=\"360\" height=\"255\" srcset=\"https:\/\/www.eldigitaldeasturias.com\/noticias\/wp-content\/uploads\/2017\/01\/20fitur-360x255.jpg 360w, https:\/\/www.eldigitaldeasturias.com\/noticias\/wp-content\/uploads\/2017\/01\/20fitur-768x544.jpg 768w, https:\/\/www.eldigitaldeasturias.com\/noticias\/wp-content\/uploads\/2017\/01\/20fitur-650x460.jpg 650w, https:\/\/www.eldigitaldeasturias.com\/noticias\/wp-content\/uploads\/2017\/01\/20fitur.jpg 1280w\" sizes=\"auto, (max-width: 360px) 100vw, 360px\" \/>El Gobierno de Asturias participar\u00e1 en la trig\u00e9sima s\u00e9ptima edici\u00f3n de la Feria Internacional de Turismo (Fitur) con un nuevo estand en el que las marcas de calidad y la gastronom\u00eda constituir\u00e1n los principales ejes tem\u00e1ticos. El consejero de Empleo, Industria y Turismo, Francisco Blanco, ha declarado hoy en la presentaci\u00f3n de este espacio promocional que el Principado participa en el certamen con dos objetivos: \u201cdar protagonismo y vender nuestro producto tur\u00edstico, diferenciado y de calidad, y facilitar la labor comercial de los profesionales del sector\u201d.<\/p>\n<p>Para conseguir estos prop\u00f3sitos se ha dise\u00f1ado un estand de 630 metros cuadrados y hasta seis metros de altura que permitir\u00e1 ganar visibilidad y notoriedad en la feria. La fachada principal se articula en torno a tres grandes cubos volados que proporcionan una superficie iluminada de 40 metros cuadrados y dan paso a una gran plaza central en la que se celebrar\u00e1n los actos y que, a su vez, funcionar\u00e1 como distribuidor.<\/p>\n<p>El pabell\u00f3n albergar\u00e1 46 im\u00e1genes de los principales recursos tur\u00edsticos y de los nueve productos sobre los que girar\u00e1 la pol\u00edtica de promoci\u00f3n de los pr\u00f3ximos a\u00f1os: turismo gastron\u00f3mico, de naturaleza, rural, activo y deportivo, cultural, industrial, los itinerarios del Camino de Santiago, ciudades de Asturias, y costas y villas marineras.<\/p>\n<p>Junto al patio central, tambi\u00e9n destacar\u00e1n el \u00e1rea gastron\u00f3mica, que recrea una fiesta de prao, con decoraci\u00f3n de c\u00e9sped y \u00e1rboles, y una mesa interactiva t\u00e1ctil de visi\u00f3n cenital y gran formato situada a la entrada del recinto que mostrar\u00e1 im\u00e1genes sobre la elaboraci\u00f3n de los platos m\u00e1s representativos de la gastronom\u00eda asturiana.<\/p>\n<p>El estand tambi\u00e9n garantizar\u00e1 la mejor cobertura a los profesionales del sector tur\u00edstico y a los representantes de ayuntamientos y asociaciones que asisten a Fitur en busca de una mayor repercusi\u00f3n. As\u00ed, dispondr\u00e1 de una sala destinada a empresarios, dos m\u00e1s para la celebraci\u00f3n de reuniones privadas y un espacio abierto para presentaciones. En total, est\u00e1 previsto que asistan 517 profesionales acreditados, entre agentes tur\u00edsticos, gestores de destino, representantes de asociaciones y empresas y representantes de organismos p\u00fablicos.<\/p>\n<p>Asimismo, habr\u00e1 dos mostradores en los que se ofrecer\u00e1 atenci\u00f3n al p\u00fablico y se mostrar\u00e1n los cofres-regalo Estancias en el Para\u00edso, el producto que se present\u00f3 en diciembre y con el que se pretende comercializar Asturias fuera de temporada alta.<\/p>\n<p><strong>Programa de actividades<\/strong><\/p>\n<p>El D\u00eda de Asturias en FITUR se celebrar\u00e1 20 de enero y ser\u00e1 el acto central de una programaci\u00f3n con una treintena de actividades y presentaciones impulsadas tanto por el Gobierno de Asturias como por ayuntamientos y asociaciones.<\/p>\n<p>Con el fin de potenciar las marcas de calidad y la gastronom\u00eda, uno de los actos previstos girar\u00e1 en torno a la cuarta marca de calidad que pone en marcha el Principado, Sidrer\u00edas de Asturias-Calidad natural, evento en el que se entregar\u00e1n las placas distintivas a los primeros establecimientos que integran este distintivo. En este acto tambi\u00e9n participar\u00e1n representantes de las otras tres marcas de calidad existentes: Casonas Asturianas, Mesas de Asturias-excelencia gastron\u00f3mica, y Aldeas de Asturias-calidad rural.<\/p>\n<p>La Consejer\u00eda de Empleo, Industria y Turismo presentar\u00e1, adem\u00e1s, una aplicaci\u00f3n m\u00f3vil de turismo y presentar\u00e1 los eventos deportivos que acoger\u00e1 este a\u00f1o.<\/p>\n<p>Durante el fin de semana, cuando la feria se abre al p\u00fablico en general, el estand acoger\u00e1 actividades de animaci\u00f3n, con demostraciones en vivo, as\u00ed como catas y juegos vinculados a los principales platos y productos asturianos.<\/p>\n<p>Fitur se desarrollar\u00e1 del 18 al 22 de enero en el recinto ferial Juan Carlos I de Madrid. El estand del Principado se ubica en el pabell\u00f3n n\u00famero 9.<\/p>\n<p>&nbsp;<\/p>\n","protected":false},"excerpt":{"rendered":"<p>El Gobierno de Asturias participar\u00e1 en la trig\u00e9sima s\u00e9ptima edici\u00f3n de la Feria Internacional de Turismo (Fitur) con un nuevo estand en el que las marcas de calidad y la gastronom\u00eda constituir\u00e1n los principales ejes tem\u00e1ticos. El consejero de Empleo, Industria y Turismo, Francisco Blanco, ha declarado hoy en la presentaci\u00f3n de este espacio promocional [&hellip;]<\/p>\n","protected":false},"author":1,"featured_media":922338,"comment_status":"closed","ping_status":"closed","sticky":false,"template":"","format":"standard","meta":{"footnotes":""},"categories":[141],"tags":[],"class_list":["post-922336","post","type-post","status-publish","format-standard","has-post-thumbnail","hentry","category-destacadas"],"aioseo_notices":[],"aioseo_head":"\n\t\t<!-- All in One SEO Pro 4.9.6.2 - aioseo.com -->\n\t<meta name=\"description\" content=\"El Gobierno de Asturias participar\u00e1 en la trig\u00e9sima s\u00e9ptima edici\u00f3n de la Feria Internacional de Turismo (Fitur) con un nuevo estand en el que las marcas de calidad y la gastronom\u00eda constituir\u00e1n los principales ejes tem\u00e1ticos. El consejero de Empleo, Industria y Turismo, Francisco Blanco, ha declarado hoy en la presentaci\u00f3n de este espacio promocional\" \/>\n\t<meta name=\"robots\" content=\"max-image-preview:large\" \/>\n\t<meta name=\"author\" content=\"El Digital de Asturias\"\/>\n\t<meta name=\"google-site-verification\" content=\"UA-38556648-1\" \/>\n\t<meta name=\"msvalidate.01\" content=\"7dfe9f3f1b24437ab69f4f2559babe99\" \/>\n\t<meta name=\"keywords\" content=\"destacadas\" \/>\n\t<link rel=\"canonical\" href=\"https:\/\/www.eldigitaldeasturias.com\/noticias\/asturias-calienta-motores-para-fitur-2017\/\" \/>\n\t<meta name=\"generator\" content=\"All in One SEO Pro (AIOSEO) 4.9.6.2\" \/>\n\t\t<meta property=\"og:locale\" content=\"es_ES\" \/>\n\t\t<meta property=\"og:site_name\" content=\"El Digital de Asturias\" \/>\n\t\t<meta property=\"og:type\" content=\"article\" \/>\n\t\t<meta property=\"og:title\" content=\"Asturias calienta motores para Fitur 2017 - El Digital de Asturias\" \/>\n\t\t<meta property=\"og:description\" content=\"El Gobierno de Asturias participar\u00e1 en la trig\u00e9sima s\u00e9ptima edici\u00f3n de la Feria Internacional de Turismo (Fitur) con un nuevo estand en el que las marcas de calidad y la gastronom\u00eda constituir\u00e1n los principales ejes tem\u00e1ticos. El consejero de Empleo, Industria y Turismo, Francisco Blanco, ha declarado hoy en la presentaci\u00f3n de este espacio promocional\" \/>\n\t\t<meta property=\"og:url\" content=\"https:\/\/www.eldigitaldeasturias.com\/noticias\/asturias-calienta-motores-para-fitur-2017\/\" \/>\n\t\t<meta property=\"og:image\" content=\"https:\/\/www.eldigitaldeasturias.com\/noticias\/wp-content\/uploads\/2017\/01\/Fitur2017.jpg\" \/>\n\t\t<meta property=\"og:image:secure_url\" content=\"https:\/\/www.eldigitaldeasturias.com\/noticias\/wp-content\/uploads\/2017\/01\/Fitur2017.jpg\" \/>\n\t\t<meta property=\"og:image:width\" content=\"1280\" \/>\n\t\t<meta property=\"og:image:height\" content=\"806\" \/>\n\t\t<meta property=\"article:tag\" content=\"destacadas\" \/>\n\t\t<meta property=\"article:published_time\" content=\"2017-01-15T06:28:34+00:00\" \/>\n\t\t<meta property=\"article:modified_time\" content=\"2017-01-15T06:28:34+00:00\" \/>\n\t\t<meta property=\"article:publisher\" content=\"https:\/\/facebook.com\/eldigitaldeasturias\" \/>\n\t\t<meta name=\"twitter:card\" content=\"summary_large_image\" \/>\n\t\t<meta name=\"twitter:title\" content=\"Asturias calienta motores para Fitur 2017 - El Digital de Asturias\" \/>\n\t\t<meta name=\"twitter:description\" content=\"El Gobierno de Asturias participar\u00e1 en la trig\u00e9sima s\u00e9ptima edici\u00f3n de la Feria Internacional de Turismo (Fitur) con un nuevo estand en el que las marcas de calidad y la gastronom\u00eda constituir\u00e1n los principales ejes tem\u00e1ticos. El consejero de Empleo, Industria y Turismo, Francisco Blanco, ha declarado hoy en la presentaci\u00f3n de este espacio promocional\" \/>\n\t\t<meta name=\"twitter:image\" content=\"https:\/\/www.eldigitaldeasturias.com\/noticias\/wp-content\/uploads\/2017\/01\/Fitur2017.jpg\" \/>\n\t\t<meta name=\"twitter:label1\" content=\"Escrito por\" \/>\n\t\t<meta name=\"twitter:data1\" content=\"El Digital de Asturias\" \/>\n\t\t<meta name=\"twitter:label2\" content=\"Tiempo de lectura estimado\" \/>\n\t\t<meta name=\"twitter:data2\" content=\"3 minutos\" \/>\n\t\t<script type=\"application\/ld+json\" class=\"aioseo-schema\">\n\t\t\t{\"@context\":\"https:\\\/\\\/schema.org\",\"@graph\":[{\"@type\":\"BlogPosting\",\"@id\":\"https:\\\/\\\/www.eldigitaldeasturias.com\\\/noticias\\\/asturias-calienta-motores-para-fitur-2017\\\/#blogposting\",\"name\":\"Asturias calienta motores para Fitur 2017 - El Digital de Asturias\",\"headline\":\"Asturias calienta motores para Fitur 2017\",\"author\":{\"@id\":\"https:\\\/\\\/www.eldigitaldeasturias.com\\\/noticias\\\/author\\\/admin\\\/#author\"},\"publisher\":{\"@id\":\"https:\\\/\\\/www.eldigitaldeasturias.com\\\/noticias\\\/#organization\"},\"image\":{\"@type\":\"ImageObject\",\"url\":\"https:\\\/\\\/www.eldigitaldeasturias.com\\\/noticias\\\/wp-content\\\/uploads\\\/2017\\\/01\\\/Fitur2017.jpg\",\"width\":1280,\"height\":806},\"datePublished\":\"2017-01-15T06:28:34+01:00\",\"dateModified\":\"2017-01-15T06:28:34+01:00\",\"inLanguage\":\"es-ES\",\"mainEntityOfPage\":{\"@id\":\"https:\\\/\\\/www.eldigitaldeasturias.com\\\/noticias\\\/asturias-calienta-motores-para-fitur-2017\\\/#webpage\"},\"isPartOf\":{\"@id\":\"https:\\\/\\\/www.eldigitaldeasturias.com\\\/noticias\\\/asturias-calienta-motores-para-fitur-2017\\\/#webpage\"},\"articleSection\":\"Destacadas\"},{\"@type\":\"BreadcrumbList\",\"@id\":\"https:\\\/\\\/www.eldigitaldeasturias.com\\\/noticias\\\/asturias-calienta-motores-para-fitur-2017\\\/#breadcrumblist\",\"itemListElement\":[{\"@type\":\"ListItem\",\"@id\":\"https:\\\/\\\/www.eldigitaldeasturias.com\\\/noticias#listItem\",\"position\":1,\"name\":\"Home\",\"item\":\"https:\\\/\\\/www.eldigitaldeasturias.com\\\/noticias\",\"nextItem\":{\"@type\":\"ListItem\",\"@id\":\"https:\\\/\\\/www.eldigitaldeasturias.com\\\/noticias\\\/category\\\/destacadas\\\/#listItem\",\"name\":\"Destacadas\"}},{\"@type\":\"ListItem\",\"@id\":\"https:\\\/\\\/www.eldigitaldeasturias.com\\\/noticias\\\/category\\\/destacadas\\\/#listItem\",\"position\":2,\"name\":\"Destacadas\",\"item\":\"https:\\\/\\\/www.eldigitaldeasturias.com\\\/noticias\\\/category\\\/destacadas\\\/\",\"nextItem\":{\"@type\":\"ListItem\",\"@id\":\"https:\\\/\\\/www.eldigitaldeasturias.com\\\/noticias\\\/asturias-calienta-motores-para-fitur-2017\\\/#listItem\",\"name\":\"Asturias calienta motores para Fitur 2017\"},\"previousItem\":{\"@type\":\"ListItem\",\"@id\":\"https:\\\/\\\/www.eldigitaldeasturias.com\\\/noticias#listItem\",\"name\":\"Home\"}},{\"@type\":\"ListItem\",\"@id\":\"https:\\\/\\\/www.eldigitaldeasturias.com\\\/noticias\\\/asturias-calienta-motores-para-fitur-2017\\\/#listItem\",\"position\":3,\"name\":\"Asturias calienta motores para Fitur 2017\",\"previousItem\":{\"@type\":\"ListItem\",\"@id\":\"https:\\\/\\\/www.eldigitaldeasturias.com\\\/noticias\\\/category\\\/destacadas\\\/#listItem\",\"name\":\"Destacadas\"}}]},{\"@type\":\"Organization\",\"@id\":\"https:\\\/\\\/www.eldigitaldeasturias.com\\\/noticias\\\/#organization\",\"name\":\"El Digital de Asturias\",\"description\":\"Hemeroteca\",\"url\":\"https:\\\/\\\/www.eldigitaldeasturias.com\\\/noticias\\\/\",\"email\":\"info@eldigitaldeasturias.com\",\"telephone\":\"+34652131393\",\"logo\":{\"@type\":\"ImageObject\",\"url\":\"https:\\\/\\\/www.eldigitaldeasturias.com\\\/noticias\\\/wp-content\\\/uploads\\\/2020\\\/12\\\/EDA.jpg\",\"@id\":\"https:\\\/\\\/www.eldigitaldeasturias.com\\\/noticias\\\/asturias-calienta-motores-para-fitur-2017\\\/#organizationLogo\",\"width\":649,\"height\":297},\"image\":{\"@id\":\"https:\\\/\\\/www.eldigitaldeasturias.com\\\/noticias\\\/asturias-calienta-motores-para-fitur-2017\\\/#organizationLogo\"},\"sameAs\":[\"https:\\\/\\\/facebook.com\\\/eldigitaldeasturias\",\"https:\\\/\\\/www.youtube.com\\\/channel\\\/UCZP-2wLEB9Rv6erhFmqVnvg\"],\"address\":{\"@id\":\"https:\\\/\\\/www.eldigitaldeasturias.com\\\/noticias\\\/#postaladdress\",\"@type\":\"PostalAddress\",\"streetAddress\":\"san antonio 4,\",\"postalCode\":\"33430\",\"addressLocality\":\"Cand\\u00e1s\",\"addressRegion\":\"Asturias\",\"addressCountry\":\"ES\"}},{\"@type\":\"Person\",\"@id\":\"https:\\\/\\\/www.eldigitaldeasturias.com\\\/noticias\\\/author\\\/admin\\\/#author\",\"url\":\"https:\\\/\\\/www.eldigitaldeasturias.com\\\/noticias\\\/author\\\/admin\\\/\",\"name\":\"El Digital de Asturias\",\"image\":{\"@type\":\"ImageObject\",\"@id\":\"https:\\\/\\\/www.eldigitaldeasturias.com\\\/noticias\\\/asturias-calienta-motores-para-fitur-2017\\\/#authorImage\",\"url\":\"https:\\\/\\\/www.eldigitaldeasturias.com\\\/noticias\\\/wp-content\\\/litespeed\\\/avatar\\\/18677e78aa0546b92d9dbf31ec7d7668.jpg?ver=1777290358\",\"width\":96,\"height\":96,\"caption\":\"El Digital de Asturias\"}},{\"@type\":\"WebPage\",\"@id\":\"https:\\\/\\\/www.eldigitaldeasturias.com\\\/noticias\\\/asturias-calienta-motores-para-fitur-2017\\\/#webpage\",\"url\":\"https:\\\/\\\/www.eldigitaldeasturias.com\\\/noticias\\\/asturias-calienta-motores-para-fitur-2017\\\/\",\"name\":\"Asturias calienta motores para Fitur 2017 - El Digital de Asturias\",\"description\":\"El Gobierno de Asturias participar\\u00e1 en la trig\\u00e9sima s\\u00e9ptima edici\\u00f3n de la Feria Internacional de Turismo (Fitur) con un nuevo estand en el que las marcas de calidad y la gastronom\\u00eda constituir\\u00e1n los principales ejes tem\\u00e1ticos. El consejero de Empleo, Industria y Turismo, Francisco Blanco, ha declarado hoy en la presentaci\\u00f3n de este espacio promocional\",\"inLanguage\":\"es-ES\",\"isPartOf\":{\"@id\":\"https:\\\/\\\/www.eldigitaldeasturias.com\\\/noticias\\\/#website\"},\"breadcrumb\":{\"@id\":\"https:\\\/\\\/www.eldigitaldeasturias.com\\\/noticias\\\/asturias-calienta-motores-para-fitur-2017\\\/#breadcrumblist\"},\"author\":{\"@id\":\"https:\\\/\\\/www.eldigitaldeasturias.com\\\/noticias\\\/author\\\/admin\\\/#author\"},\"creator\":{\"@id\":\"https:\\\/\\\/www.eldigitaldeasturias.com\\\/noticias\\\/author\\\/admin\\\/#author\"},\"image\":{\"@type\":\"ImageObject\",\"url\":\"https:\\\/\\\/www.eldigitaldeasturias.com\\\/noticias\\\/wp-content\\\/uploads\\\/2017\\\/01\\\/Fitur2017.jpg\",\"@id\":\"https:\\\/\\\/www.eldigitaldeasturias.com\\\/noticias\\\/asturias-calienta-motores-para-fitur-2017\\\/#mainImage\",\"width\":1280,\"height\":806},\"primaryImageOfPage\":{\"@id\":\"https:\\\/\\\/www.eldigitaldeasturias.com\\\/noticias\\\/asturias-calienta-motores-para-fitur-2017\\\/#mainImage\"},\"datePublished\":\"2017-01-15T06:28:34+01:00\",\"dateModified\":\"2017-01-15T06:28:34+01:00\"},{\"@type\":\"WebSite\",\"@id\":\"https:\\\/\\\/www.eldigitaldeasturias.com\\\/noticias\\\/#website\",\"url\":\"https:\\\/\\\/www.eldigitaldeasturias.com\\\/noticias\\\/\",\"name\":\"El Digital de Asturias - Diario de actualidad y noticias\",\"alternateName\":\"El Digital de Asturias - Diario de actualidad y noticias\",\"description\":\"Hemeroteca\",\"inLanguage\":\"es-ES\",\"publisher\":{\"@id\":\"https:\\\/\\\/www.eldigitaldeasturias.com\\\/noticias\\\/#organization\"}}]}\n\t\t<\/script>\n\t\t<!-- All in One SEO Pro -->\r\n\t\t<title>Asturias calienta motores para Fitur 2017 - El Digital de Asturias<\/title>\n\n","aioseo_head_json":{"title":"Asturias calienta motores para Fitur 2017 - El Digital de Asturias","description":"El Gobierno de Asturias participar\u00e1 en la trig\u00e9sima s\u00e9ptima edici\u00f3n de la Feria Internacional de Turismo (Fitur) con un nuevo estand en el que las marcas de calidad y la gastronom\u00eda constituir\u00e1n los principales ejes tem\u00e1ticos. El consejero de Empleo, Industria y Turismo, Francisco Blanco, ha declarado hoy en la presentaci\u00f3n de este espacio promocional","canonical_url":"https:\/\/www.eldigitaldeasturias.com\/noticias\/asturias-calienta-motores-para-fitur-2017\/","robots":"max-image-preview:large","keywords":"destacadas","webmasterTools":{"google-site-verification":"UA-38556648-1","msvalidate.01":"7dfe9f3f1b24437ab69f4f2559babe99","miscellaneous":""},"schema":{"@context":"https:\/\/schema.org","@graph":[{"@type":"BlogPosting","@id":"https:\/\/www.eldigitaldeasturias.com\/noticias\/asturias-calienta-motores-para-fitur-2017\/#blogposting","name":"Asturias calienta motores para Fitur 2017 - El Digital de Asturias","headline":"Asturias calienta motores para Fitur 2017","author":{"@id":"https:\/\/www.eldigitaldeasturias.com\/noticias\/author\/admin\/#author"},"publisher":{"@id":"https:\/\/www.eldigitaldeasturias.com\/noticias\/#organization"},"image":{"@type":"ImageObject","url":"https:\/\/www.eldigitaldeasturias.com\/noticias\/wp-content\/uploads\/2017\/01\/Fitur2017.jpg","width":1280,"height":806},"datePublished":"2017-01-15T06:28:34+01:00","dateModified":"2017-01-15T06:28:34+01:00","inLanguage":"es-ES","mainEntityOfPage":{"@id":"https:\/\/www.eldigitaldeasturias.com\/noticias\/asturias-calienta-motores-para-fitur-2017\/#webpage"},"isPartOf":{"@id":"https:\/\/www.eldigitaldeasturias.com\/noticias\/asturias-calienta-motores-para-fitur-2017\/#webpage"},"articleSection":"Destacadas"},{"@type":"BreadcrumbList","@id":"https:\/\/www.eldigitaldeasturias.com\/noticias\/asturias-calienta-motores-para-fitur-2017\/#breadcrumblist","itemListElement":[{"@type":"ListItem","@id":"https:\/\/www.eldigitaldeasturias.com\/noticias#listItem","position":1,"name":"Home","item":"https:\/\/www.eldigitaldeasturias.com\/noticias","nextItem":{"@type":"ListItem","@id":"https:\/\/www.eldigitaldeasturias.com\/noticias\/category\/destacadas\/#listItem","name":"Destacadas"}},{"@type":"ListItem","@id":"https:\/\/www.eldigitaldeasturias.com\/noticias\/category\/destacadas\/#listItem","position":2,"name":"Destacadas","item":"https:\/\/www.eldigitaldeasturias.com\/noticias\/category\/destacadas\/","nextItem":{"@type":"ListItem","@id":"https:\/\/www.eldigitaldeasturias.com\/noticias\/asturias-calienta-motores-para-fitur-2017\/#listItem","name":"Asturias calienta motores para Fitur 2017"},"previousItem":{"@type":"ListItem","@id":"https:\/\/www.eldigitaldeasturias.com\/noticias#listItem","name":"Home"}},{"@type":"ListItem","@id":"https:\/\/www.eldigitaldeasturias.com\/noticias\/asturias-calienta-motores-para-fitur-2017\/#listItem","position":3,"name":"Asturias calienta motores para Fitur 2017","previousItem":{"@type":"ListItem","@id":"https:\/\/www.eldigitaldeasturias.com\/noticias\/category\/destacadas\/#listItem","name":"Destacadas"}}]},{"@type":"Organization","@id":"https:\/\/www.eldigitaldeasturias.com\/noticias\/#organization","name":"El Digital de Asturias","description":"Hemeroteca","url":"https:\/\/www.eldigitaldeasturias.com\/noticias\/","email":"info@eldigitaldeasturias.com","telephone":"+34652131393","logo":{"@type":"ImageObject","url":"https:\/\/www.eldigitaldeasturias.com\/noticias\/wp-content\/uploads\/2020\/12\/EDA.jpg","@id":"https:\/\/www.eldigitaldeasturias.com\/noticias\/asturias-calienta-motores-para-fitur-2017\/#organizationLogo","width":649,"height":297},"image":{"@id":"https:\/\/www.eldigitaldeasturias.com\/noticias\/asturias-calienta-motores-para-fitur-2017\/#organizationLogo"},"sameAs":["https:\/\/facebook.com\/eldigitaldeasturias","https:\/\/www.youtube.com\/channel\/UCZP-2wLEB9Rv6erhFmqVnvg"],"address":{"@id":"https:\/\/www.eldigitaldeasturias.com\/noticias\/#postaladdress","@type":"PostalAddress","streetAddress":"san antonio 4,","postalCode":"33430","addressLocality":"Cand\u00e1s","addressRegion":"Asturias","addressCountry":"ES"}},{"@type":"Person","@id":"https:\/\/www.eldigitaldeasturias.com\/noticias\/author\/admin\/#author","url":"https:\/\/www.eldigitaldeasturias.com\/noticias\/author\/admin\/","name":"El Digital de Asturias","image":{"@type":"ImageObject","@id":"https:\/\/www.eldigitaldeasturias.com\/noticias\/asturias-calienta-motores-para-fitur-2017\/#authorImage","url":"https:\/\/www.eldigitaldeasturias.com\/noticias\/wp-content\/litespeed\/avatar\/18677e78aa0546b92d9dbf31ec7d7668.jpg?ver=1777290358","width":96,"height":96,"caption":"El Digital de Asturias"}},{"@type":"WebPage","@id":"https:\/\/www.eldigitaldeasturias.com\/noticias\/asturias-calienta-motores-para-fitur-2017\/#webpage","url":"https:\/\/www.eldigitaldeasturias.com\/noticias\/asturias-calienta-motores-para-fitur-2017\/","name":"Asturias calienta motores para Fitur 2017 - El Digital de Asturias","description":"El Gobierno de Asturias participar\u00e1 en la trig\u00e9sima s\u00e9ptima edici\u00f3n de la Feria Internacional de Turismo (Fitur) con un nuevo estand en el que las marcas de calidad y la gastronom\u00eda constituir\u00e1n los principales ejes tem\u00e1ticos. El consejero de Empleo, Industria y Turismo, Francisco Blanco, ha declarado hoy en la presentaci\u00f3n de este espacio promocional","inLanguage":"es-ES","isPartOf":{"@id":"https:\/\/www.eldigitaldeasturias.com\/noticias\/#website"},"breadcrumb":{"@id":"https:\/\/www.eldigitaldeasturias.com\/noticias\/asturias-calienta-motores-para-fitur-2017\/#breadcrumblist"},"author":{"@id":"https:\/\/www.eldigitaldeasturias.com\/noticias\/author\/admin\/#author"},"creator":{"@id":"https:\/\/www.eldigitaldeasturias.com\/noticias\/author\/admin\/#author"},"image":{"@type":"ImageObject","url":"https:\/\/www.eldigitaldeasturias.com\/noticias\/wp-content\/uploads\/2017\/01\/Fitur2017.jpg","@id":"https:\/\/www.eldigitaldeasturias.com\/noticias\/asturias-calienta-motores-para-fitur-2017\/#mainImage","width":1280,"height":806},"primaryImageOfPage":{"@id":"https:\/\/www.eldigitaldeasturias.com\/noticias\/asturias-calienta-motores-para-fitur-2017\/#mainImage"},"datePublished":"2017-01-15T06:28:34+01:00","dateModified":"2017-01-15T06:28:34+01:00"},{"@type":"WebSite","@id":"https:\/\/www.eldigitaldeasturias.com\/noticias\/#website","url":"https:\/\/www.eldigitaldeasturias.com\/noticias\/","name":"El Digital de Asturias - Diario de actualidad y noticias","alternateName":"El Digital de Asturias - Diario de actualidad y noticias","description":"Hemeroteca","inLanguage":"es-ES","publisher":{"@id":"https:\/\/www.eldigitaldeasturias.com\/noticias\/#organization"}}]},"og:locale":"es_ES","og:site_name":"El Digital de Asturias","og:type":"article","og:title":"Asturias calienta motores para Fitur 2017 - El Digital de Asturias","og:description":"El Gobierno de Asturias participar\u00e1 en la trig\u00e9sima s\u00e9ptima edici\u00f3n de la Feria Internacional de Turismo (Fitur) con un nuevo estand en el que las marcas de calidad y la gastronom\u00eda constituir\u00e1n los principales ejes tem\u00e1ticos. El consejero de Empleo, Industria y Turismo, Francisco Blanco, ha declarado hoy en la presentaci\u00f3n de este espacio promocional","og:url":"https:\/\/www.eldigitaldeasturias.com\/noticias\/asturias-calienta-motores-para-fitur-2017\/","og:image":"https:\/\/www.eldigitaldeasturias.com\/noticias\/wp-content\/uploads\/2017\/01\/Fitur2017.jpg","og:image:secure_url":"https:\/\/www.eldigitaldeasturias.com\/noticias\/wp-content\/uploads\/2017\/01\/Fitur2017.jpg","og:image:width":1280,"og:image:height":806,"article:tag":["destacadas"],"article:published_time":"2017-01-15T06:28:34+00:00","article:modified_time":"2017-01-15T06:28:34+00:00","article:publisher":"https:\/\/facebook.com\/eldigitaldeasturias","twitter:card":"summary_large_image","twitter:title":"Asturias calienta motores para Fitur 2017 - El Digital de Asturias","twitter:description":"El Gobierno de Asturias participar\u00e1 en la trig\u00e9sima s\u00e9ptima edici\u00f3n de la Feria Internacional de Turismo (Fitur) con un nuevo estand en el que las marcas de calidad y la gastronom\u00eda constituir\u00e1n los principales ejes tem\u00e1ticos. El consejero de Empleo, Industria y Turismo, Francisco Blanco, ha declarado hoy en la presentaci\u00f3n de este espacio promocional","twitter:image":"https:\/\/www.eldigitaldeasturias.com\/noticias\/wp-content\/uploads\/2017\/01\/Fitur2017.jpg","twitter:label1":"Escrito por","twitter:data1":"El Digital de Asturias","twitter:label2":"Tiempo de lectura estimado","twitter:data2":"3 minutos"},"aioseo_meta_data":{"post_id":"922336","title":null,"description":null,"keywords":null,"keyphrases":null,"primary_term":null,"canonical_url":null,"og_title":null,"og_description":null,"og_object_type":"default","og_image_type":"default","og_image_url":null,"og_image_width":null,"og_image_height":null,"og_image_custom_url":null,"og_image_custom_fields":null,"og_video":null,"og_custom_url":null,"og_article_section":null,"og_article_tags":null,"twitter_use_og":false,"twitter_card":"default","twitter_image_type":"default","twitter_image_url":null,"twitter_image_custom_url":null,"twitter_image_custom_fields":null,"twitter_title":null,"twitter_description":null,"schema":{"blockGraphs":[],"customGraphs":[],"default":{"data":{"Article":[],"Course":[],"Dataset":[],"FAQPage":[],"Movie":[],"Person":[],"Product":[],"ProductReview":[],"Car":[],"Recipe":[],"Service":[],"SoftwareApplication":[],"WebPage":[]},"graphName":"","isEnabled":true},"graphs":[],"defaultGraph":"","defaultPostTypeGraph":""},"schema_type":null,"schema_type_options":null,"pillar_content":false,"robots_default":true,"robots_noindex":false,"robots_noarchive":false,"robots_nosnippet":false,"robots_nofollow":false,"robots_noimageindex":false,"robots_noodp":false,"robots_notranslate":false,"robots_max_snippet":null,"robots_max_videopreview":null,"robots_max_imagepreview":"large","priority":null,"frequency":null,"local_seo":null,"seo_analyzer_scan_date":"2025-12-02 16:49:07","breadcrumb_settings":null,"limit_modified_date":false,"open_ai":null,"ai":null,"created":"2020-12-21 13:42:47","updated":"2025-12-02 16:49:07"},"aioseo_breadcrumb":"<div class=\"aioseo-breadcrumbs\"><span class=\"aioseo-breadcrumb\">\n\t<a href=\"https:\/\/www.eldigitaldeasturias.com\/noticias\" title=\"Home\">Home<\/a>\n<\/span><span class=\"aioseo-breadcrumb-separator\">\u2013<\/span><span class=\"aioseo-breadcrumb\">\n\t<a href=\"https:\/\/www.eldigitaldeasturias.com\/noticias\/category\/destacadas\/\" title=\"Destacadas\">Destacadas<\/a>\n<\/span><span class=\"aioseo-breadcrumb-separator\">\u2013<\/span><span class=\"aioseo-breadcrumb\">\n\t<a href=\"https:\/\/www.eldigitaldeasturias.com\/noticias\/asturias-calienta-motores-para-fitur-2017\/\" title=\"Asturias calienta motores para Fitur 2017\">Asturias calienta motores para Fitur 2017<\/a>\n<\/span><\/div>","aioseo_breadcrumb_json":[{"label":"Home","link":"https:\/\/www.eldigitaldeasturias.com\/noticias"},{"label":"Destacadas","link":"https:\/\/www.eldigitaldeasturias.com\/noticias\/category\/destacadas\/"},{"label":"Asturias calienta motores para Fitur 2017","link":"https:\/\/www.eldigitaldeasturias.com\/noticias\/asturias-calienta-motores-para-fitur-2017\/"}],"_links":{"self":[{"href":"https:\/\/www.eldigitaldeasturias.com\/noticias\/wp-json\/wp\/v2\/posts\/922336","targetHints":{"allow":["GET"]}}],"collection":[{"href":"https:\/\/www.eldigitaldeasturias.com\/noticias\/wp-json\/wp\/v2\/posts"}],"about":[{"href":"https:\/\/www.eldigitaldeasturias.com\/noticias\/wp-json\/wp\/v2\/types\/post"}],"author":[{"embeddable":true,"href":"https:\/\/www.eldigitaldeasturias.com\/noticias\/wp-json\/wp\/v2\/users\/1"}],"replies":[{"embeddable":true,"href":"https:\/\/www.eldigitaldeasturias.com\/noticias\/wp-json\/wp\/v2\/comments?post=922336"}],"version-history":[{"count":0,"href":"https:\/\/www.eldigitaldeasturias.com\/noticias\/wp-json\/wp\/v2\/posts\/922336\/revisions"}],"wp:featuredmedia":[{"embeddable":true,"href":"https:\/\/www.eldigitaldeasturias.com\/noticias\/wp-json\/wp\/v2\/media\/922338"}],"wp:attachment":[{"href":"https:\/\/www.eldigitaldeasturias.com\/noticias\/wp-json\/wp\/v2\/media?parent=922336"}],"wp:term":[{"taxonomy":"category","embeddable":true,"href":"https:\/\/www.eldigitaldeasturias.com\/noticias\/wp-json\/wp\/v2\/categories?post=922336"},{"taxonomy":"post_tag","embeddable":true,"href":"https:\/\/www.eldigitaldeasturias.com\/noticias\/wp-json\/wp\/v2\/tags?post=922336"}],"curies":[{"name":"wp","href":"https:\/\/api.w.org\/{rel}","templated":true}]}}