{"id":922130,"date":"2017-01-13T12:23:24","date_gmt":"2017-01-13T12:23:24","guid":{"rendered":"http:\/\/www.eldigitaldeasturias.com\/noticias\/?p=922130"},"modified":"2017-01-13T12:23:24","modified_gmt":"2017-01-13T12:23:24","slug":"lluvia-y-nieve-durante-los-proximos-dias","status":"publish","type":"post","link":"https:\/\/www.eldigitaldeasturias.com\/noticias\/lluvia-y-nieve-durante-los-proximos-dias\/","title":{"rendered":"Lluvia y nieve durante los pr\u00f3ximos d\u00edas"},"content":{"rendered":"<p><img loading=\"lazy\" decoding=\"async\" class=\"alignleft size-medium wp-image-858065\" src=\"https:\/\/www.eldigitaldeasturias.com\/noticias\/wp-content\/uploads\/2016\/02\/nieve-asturias-360x270.jpg\" alt=\"\" width=\"360\" height=\"270\" srcset=\"https:\/\/www.eldigitaldeasturias.com\/noticias\/wp-content\/uploads\/2016\/02\/nieve-asturias-360x270.jpg 360w, https:\/\/www.eldigitaldeasturias.com\/noticias\/wp-content\/uploads\/2016\/02\/nieve-asturias-768x576.jpg 768w, https:\/\/www.eldigitaldeasturias.com\/noticias\/wp-content\/uploads\/2016\/02\/nieve-asturias-650x488.jpg 650w, https:\/\/www.eldigitaldeasturias.com\/noticias\/wp-content\/uploads\/2016\/02\/nieve-asturias-90x67.jpg 90w, https:\/\/www.eldigitaldeasturias.com\/noticias\/wp-content\/uploads\/2016\/02\/nieve-asturias-100x75.jpg 100w, https:\/\/www.eldigitaldeasturias.com\/noticias\/wp-content\/uploads\/2016\/02\/nieve-asturias.jpg 800w\" sizes=\"auto, (max-width: 360px) 100vw, 360px\" \/>Durante el fin de semana se espera nubosidad abundante con precipitaciones en el tercio norte peninsular, pudiendo ser persistentes en el Cant\u00e1brico, noroeste de Navarra y Pirineos, y que ser\u00e1n de nieve en cotas bajas, con acumulaciones importantes.<\/p>\n<p>En Baleares tambi\u00e9n se esperan precipitaciones e, incluso, no se descartan nevadas d\u00e9biles en Mallorca. Con las precipitaciones, pueden producirse algunas tormentas ocasionales en el Cant\u00e1brico y en Baleares. En Canarias pueden producirse lluvias d\u00e9biles en el norte de las islas. Temperaturas bajas, sobre todo en zonas de monta\u00f1a de la mitad norte. Viento fuerte de componente norte en el Cant\u00e1brico, zonas del cuadrante nordeste peninsular y Baleares.<\/p>\n<p>El lunes 16, martes 17 y mi\u00e9rcoles 18, es probable que la situaci\u00f3n contin\u00fae muy similar a la del fin de semana, con precipitaciones y nevadas en las mismas zonas. Sin embargo, se espera una ligera subida de temperaturas durante el lunes y el martes, aunque la sensaci\u00f3n t\u00e9rmica seguir\u00e1 siendo de bastante fr\u00edo debido al viento del norte. El mi\u00e9rcoles volver\u00e1n a descender las temperaturas de forma acusada. El viento del norte o noroeste, soplar\u00e1 con fuerza en el Cant\u00e1brico, en el \u00e1rea mediterr\u00e1nea y en general en zonas altas del interior peninsular.<\/p>\n<p>El escenario m\u00e1s probable para el resto de la semana es el de una tendencia lenta a la estabilizaci\u00f3n de la atm\u00f3sfera, aunque todav\u00eda persiste la probabilidad de precipitaciones en el \u00e1rea cant\u00e1brica oriental y en Baleares, pero ya de car\u00e1cter d\u00e9bil y menos persistente. Las temperaturas dejar\u00e1n de descender, pero se mantendr\u00e1n en valores muy bajos, con heladas generalizadas que en zonas del interior pueden ser intensas. Los vientos ser\u00e1n flojos en general, con predominio de la componente norte en la pen\u00ednsula y con r\u00e9gimen de alisios en Canarias.<\/p>\n","protected":false},"excerpt":{"rendered":"<p>Durante el fin de semana se espera nubosidad abundante con precipitaciones en el tercio norte peninsular, pudiendo ser persistentes en el Cant\u00e1brico, noroeste de Navarra y Pirineos, y que ser\u00e1n de nieve en cotas bajas, con acumulaciones importantes. En Baleares tambi\u00e9n se esperan precipitaciones e, incluso, no se descartan nevadas d\u00e9biles en Mallorca. Con las [&hellip;]<\/p>\n","protected":false},"author":1,"featured_media":858065,"comment_status":"closed","ping_status":"closed","sticky":false,"template":"","format":"standard","meta":{"footnotes":""},"categories":[141],"tags":[],"class_list":["post-922130","post","type-post","status-publish","format-standard","has-post-thumbnail","hentry","category-destacadas"],"aioseo_notices":[],"aioseo_head":"\n\t\t<!-- All in One SEO Pro 4.9.6.2 - aioseo.com -->\n\t<meta name=\"description\" content=\"Durante el fin de semana se espera nubosidad abundante con precipitaciones en el tercio norte peninsular, pudiendo ser persistentes en el Cant\u00e1brico, noroeste de Navarra y Pirineos, y que ser\u00e1n de nieve en cotas bajas, con acumulaciones importantes. En Baleares tambi\u00e9n se esperan precipitaciones e, incluso, no se descartan nevadas d\u00e9biles en Mallorca. Con las\" \/>\n\t<meta name=\"robots\" content=\"max-image-preview:large\" \/>\n\t<meta name=\"author\" content=\"El Digital de Asturias\"\/>\n\t<meta name=\"google-site-verification\" content=\"UA-38556648-1\" \/>\n\t<meta name=\"msvalidate.01\" content=\"7dfe9f3f1b24437ab69f4f2559babe99\" \/>\n\t<meta name=\"keywords\" content=\"destacadas\" \/>\n\t<link rel=\"canonical\" href=\"https:\/\/www.eldigitaldeasturias.com\/noticias\/lluvia-y-nieve-durante-los-proximos-dias\/\" \/>\n\t<meta name=\"generator\" content=\"All in One SEO Pro (AIOSEO) 4.9.6.2\" \/>\n\t\t<meta property=\"og:locale\" content=\"es_ES\" \/>\n\t\t<meta property=\"og:site_name\" content=\"El Digital de Asturias\" \/>\n\t\t<meta property=\"og:type\" content=\"article\" \/>\n\t\t<meta property=\"og:title\" content=\"Lluvia y nieve durante los pr\u00f3ximos d\u00edas - El Digital de Asturias\" \/>\n\t\t<meta property=\"og:description\" content=\"Durante el fin de semana se espera nubosidad abundante con precipitaciones en el tercio norte peninsular, pudiendo ser persistentes en el Cant\u00e1brico, noroeste de Navarra y Pirineos, y que ser\u00e1n de nieve en cotas bajas, con acumulaciones importantes. En Baleares tambi\u00e9n se esperan precipitaciones e, incluso, no se descartan nevadas d\u00e9biles en Mallorca. Con las\" \/>\n\t\t<meta property=\"og:url\" content=\"https:\/\/www.eldigitaldeasturias.com\/noticias\/lluvia-y-nieve-durante-los-proximos-dias\/\" \/>\n\t\t<meta property=\"og:image\" content=\"https:\/\/www.eldigitaldeasturias.com\/noticias\/wp-content\/uploads\/2016\/02\/nieve-asturias.jpg\" \/>\n\t\t<meta property=\"og:image:secure_url\" content=\"https:\/\/www.eldigitaldeasturias.com\/noticias\/wp-content\/uploads\/2016\/02\/nieve-asturias.jpg\" \/>\n\t\t<meta property=\"og:image:width\" content=\"800\" \/>\n\t\t<meta property=\"og:image:height\" content=\"600\" \/>\n\t\t<meta property=\"article:tag\" content=\"destacadas\" \/>\n\t\t<meta property=\"article:published_time\" content=\"2017-01-13T12:23:24+00:00\" \/>\n\t\t<meta property=\"article:modified_time\" content=\"2017-01-13T12:23:24+00:00\" \/>\n\t\t<meta property=\"article:publisher\" content=\"https:\/\/facebook.com\/eldigitaldeasturias\" \/>\n\t\t<meta name=\"twitter:card\" content=\"summary_large_image\" \/>\n\t\t<meta name=\"twitter:title\" content=\"Lluvia y nieve durante los pr\u00f3ximos d\u00edas - El Digital de Asturias\" \/>\n\t\t<meta name=\"twitter:description\" content=\"Durante el fin de semana se espera nubosidad abundante con precipitaciones en el tercio norte peninsular, pudiendo ser persistentes en el Cant\u00e1brico, noroeste de Navarra y Pirineos, y que ser\u00e1n de nieve en cotas bajas, con acumulaciones importantes. En Baleares tambi\u00e9n se esperan precipitaciones e, incluso, no se descartan nevadas d\u00e9biles en Mallorca. Con las\" \/>\n\t\t<meta name=\"twitter:image\" content=\"https:\/\/www.eldigitaldeasturias.com\/noticias\/wp-content\/uploads\/2016\/02\/nieve-asturias.jpg\" \/>\n\t\t<meta name=\"twitter:label1\" content=\"Escrito por\" \/>\n\t\t<meta name=\"twitter:data1\" content=\"El Digital de Asturias\" \/>\n\t\t<meta name=\"twitter:label2\" content=\"Tiempo de lectura estimado\" \/>\n\t\t<meta name=\"twitter:data2\" content=\"2 minutos\" \/>\n\t\t<script type=\"application\/ld+json\" class=\"aioseo-schema\">\n\t\t\t{\"@context\":\"https:\\\/\\\/schema.org\",\"@graph\":[{\"@type\":\"BlogPosting\",\"@id\":\"https:\\\/\\\/www.eldigitaldeasturias.com\\\/noticias\\\/lluvia-y-nieve-durante-los-proximos-dias\\\/#blogposting\",\"name\":\"Lluvia y nieve durante los pr\\u00f3ximos d\\u00edas - El Digital de Asturias\",\"headline\":\"Lluvia y nieve durante los pr\\u00f3ximos d\\u00edas\",\"author\":{\"@id\":\"https:\\\/\\\/www.eldigitaldeasturias.com\\\/noticias\\\/author\\\/admin\\\/#author\"},\"publisher\":{\"@id\":\"https:\\\/\\\/www.eldigitaldeasturias.com\\\/noticias\\\/#organization\"},\"image\":{\"@type\":\"ImageObject\",\"url\":\"https:\\\/\\\/www.eldigitaldeasturias.com\\\/noticias\\\/wp-content\\\/uploads\\\/2016\\\/02\\\/nieve-asturias.jpg\",\"width\":800,\"height\":600},\"datePublished\":\"2017-01-13T12:23:24+01:00\",\"dateModified\":\"2017-01-13T12:23:24+01:00\",\"inLanguage\":\"es-ES\",\"mainEntityOfPage\":{\"@id\":\"https:\\\/\\\/www.eldigitaldeasturias.com\\\/noticias\\\/lluvia-y-nieve-durante-los-proximos-dias\\\/#webpage\"},\"isPartOf\":{\"@id\":\"https:\\\/\\\/www.eldigitaldeasturias.com\\\/noticias\\\/lluvia-y-nieve-durante-los-proximos-dias\\\/#webpage\"},\"articleSection\":\"Destacadas\"},{\"@type\":\"BreadcrumbList\",\"@id\":\"https:\\\/\\\/www.eldigitaldeasturias.com\\\/noticias\\\/lluvia-y-nieve-durante-los-proximos-dias\\\/#breadcrumblist\",\"itemListElement\":[{\"@type\":\"ListItem\",\"@id\":\"https:\\\/\\\/www.eldigitaldeasturias.com\\\/noticias#listItem\",\"position\":1,\"name\":\"Home\",\"item\":\"https:\\\/\\\/www.eldigitaldeasturias.com\\\/noticias\",\"nextItem\":{\"@type\":\"ListItem\",\"@id\":\"https:\\\/\\\/www.eldigitaldeasturias.com\\\/noticias\\\/category\\\/destacadas\\\/#listItem\",\"name\":\"Destacadas\"}},{\"@type\":\"ListItem\",\"@id\":\"https:\\\/\\\/www.eldigitaldeasturias.com\\\/noticias\\\/category\\\/destacadas\\\/#listItem\",\"position\":2,\"name\":\"Destacadas\",\"item\":\"https:\\\/\\\/www.eldigitaldeasturias.com\\\/noticias\\\/category\\\/destacadas\\\/\",\"nextItem\":{\"@type\":\"ListItem\",\"@id\":\"https:\\\/\\\/www.eldigitaldeasturias.com\\\/noticias\\\/lluvia-y-nieve-durante-los-proximos-dias\\\/#listItem\",\"name\":\"Lluvia y nieve durante los pr\\u00f3ximos d\\u00edas\"},\"previousItem\":{\"@type\":\"ListItem\",\"@id\":\"https:\\\/\\\/www.eldigitaldeasturias.com\\\/noticias#listItem\",\"name\":\"Home\"}},{\"@type\":\"ListItem\",\"@id\":\"https:\\\/\\\/www.eldigitaldeasturias.com\\\/noticias\\\/lluvia-y-nieve-durante-los-proximos-dias\\\/#listItem\",\"position\":3,\"name\":\"Lluvia y nieve durante los pr\\u00f3ximos d\\u00edas\",\"previousItem\":{\"@type\":\"ListItem\",\"@id\":\"https:\\\/\\\/www.eldigitaldeasturias.com\\\/noticias\\\/category\\\/destacadas\\\/#listItem\",\"name\":\"Destacadas\"}}]},{\"@type\":\"Organization\",\"@id\":\"https:\\\/\\\/www.eldigitaldeasturias.com\\\/noticias\\\/#organization\",\"name\":\"El Digital de Asturias\",\"description\":\"Hemeroteca\",\"url\":\"https:\\\/\\\/www.eldigitaldeasturias.com\\\/noticias\\\/\",\"email\":\"info@eldigitaldeasturias.com\",\"telephone\":\"+34652131393\",\"logo\":{\"@type\":\"ImageObject\",\"url\":\"https:\\\/\\\/www.eldigitaldeasturias.com\\\/noticias\\\/wp-content\\\/uploads\\\/2020\\\/12\\\/EDA.jpg\",\"@id\":\"https:\\\/\\\/www.eldigitaldeasturias.com\\\/noticias\\\/lluvia-y-nieve-durante-los-proximos-dias\\\/#organizationLogo\",\"width\":649,\"height\":297},\"image\":{\"@id\":\"https:\\\/\\\/www.eldigitaldeasturias.com\\\/noticias\\\/lluvia-y-nieve-durante-los-proximos-dias\\\/#organizationLogo\"},\"sameAs\":[\"https:\\\/\\\/facebook.com\\\/eldigitaldeasturias\",\"https:\\\/\\\/www.youtube.com\\\/channel\\\/UCZP-2wLEB9Rv6erhFmqVnvg\"],\"address\":{\"@id\":\"https:\\\/\\\/www.eldigitaldeasturias.com\\\/noticias\\\/#postaladdress\",\"@type\":\"PostalAddress\",\"streetAddress\":\"san antonio 4,\",\"postalCode\":\"33430\",\"addressLocality\":\"Cand\\u00e1s\",\"addressRegion\":\"Asturias\",\"addressCountry\":\"ES\"}},{\"@type\":\"Person\",\"@id\":\"https:\\\/\\\/www.eldigitaldeasturias.com\\\/noticias\\\/author\\\/admin\\\/#author\",\"url\":\"https:\\\/\\\/www.eldigitaldeasturias.com\\\/noticias\\\/author\\\/admin\\\/\",\"name\":\"El Digital de Asturias\",\"image\":{\"@type\":\"ImageObject\",\"@id\":\"https:\\\/\\\/www.eldigitaldeasturias.com\\\/noticias\\\/lluvia-y-nieve-durante-los-proximos-dias\\\/#authorImage\",\"url\":\"https:\\\/\\\/www.eldigitaldeasturias.com\\\/noticias\\\/wp-content\\\/litespeed\\\/avatar\\\/18677e78aa0546b92d9dbf31ec7d7668.jpg?ver=1777290358\",\"width\":96,\"height\":96,\"caption\":\"El Digital de Asturias\"}},{\"@type\":\"WebPage\",\"@id\":\"https:\\\/\\\/www.eldigitaldeasturias.com\\\/noticias\\\/lluvia-y-nieve-durante-los-proximos-dias\\\/#webpage\",\"url\":\"https:\\\/\\\/www.eldigitaldeasturias.com\\\/noticias\\\/lluvia-y-nieve-durante-los-proximos-dias\\\/\",\"name\":\"Lluvia y nieve durante los pr\\u00f3ximos d\\u00edas - El Digital de Asturias\",\"description\":\"Durante el fin de semana se espera nubosidad abundante con precipitaciones en el tercio norte peninsular, pudiendo ser persistentes en el Cant\\u00e1brico, noroeste de Navarra y Pirineos, y que ser\\u00e1n de nieve en cotas bajas, con acumulaciones importantes. En Baleares tambi\\u00e9n se esperan precipitaciones e, incluso, no se descartan nevadas d\\u00e9biles en Mallorca. Con las\",\"inLanguage\":\"es-ES\",\"isPartOf\":{\"@id\":\"https:\\\/\\\/www.eldigitaldeasturias.com\\\/noticias\\\/#website\"},\"breadcrumb\":{\"@id\":\"https:\\\/\\\/www.eldigitaldeasturias.com\\\/noticias\\\/lluvia-y-nieve-durante-los-proximos-dias\\\/#breadcrumblist\"},\"author\":{\"@id\":\"https:\\\/\\\/www.eldigitaldeasturias.com\\\/noticias\\\/author\\\/admin\\\/#author\"},\"creator\":{\"@id\":\"https:\\\/\\\/www.eldigitaldeasturias.com\\\/noticias\\\/author\\\/admin\\\/#author\"},\"image\":{\"@type\":\"ImageObject\",\"url\":\"https:\\\/\\\/www.eldigitaldeasturias.com\\\/noticias\\\/wp-content\\\/uploads\\\/2016\\\/02\\\/nieve-asturias.jpg\",\"@id\":\"https:\\\/\\\/www.eldigitaldeasturias.com\\\/noticias\\\/lluvia-y-nieve-durante-los-proximos-dias\\\/#mainImage\",\"width\":800,\"height\":600},\"primaryImageOfPage\":{\"@id\":\"https:\\\/\\\/www.eldigitaldeasturias.com\\\/noticias\\\/lluvia-y-nieve-durante-los-proximos-dias\\\/#mainImage\"},\"datePublished\":\"2017-01-13T12:23:24+01:00\",\"dateModified\":\"2017-01-13T12:23:24+01:00\"},{\"@type\":\"WebSite\",\"@id\":\"https:\\\/\\\/www.eldigitaldeasturias.com\\\/noticias\\\/#website\",\"url\":\"https:\\\/\\\/www.eldigitaldeasturias.com\\\/noticias\\\/\",\"name\":\"El Digital de Asturias - Diario de actualidad y noticias\",\"alternateName\":\"El Digital de Asturias - Diario de actualidad y noticias\",\"description\":\"Hemeroteca\",\"inLanguage\":\"es-ES\",\"publisher\":{\"@id\":\"https:\\\/\\\/www.eldigitaldeasturias.com\\\/noticias\\\/#organization\"}}]}\n\t\t<\/script>\n\t\t<!-- All in One SEO Pro -->\r\n\t\t<title>Lluvia y nieve durante los pr\u00f3ximos d\u00edas - El Digital de Asturias<\/title>\n\n","aioseo_head_json":{"title":"Lluvia y nieve durante los pr\u00f3ximos d\u00edas - El Digital de Asturias","description":"Durante el fin de semana se espera nubosidad abundante con precipitaciones en el tercio norte peninsular, pudiendo ser persistentes en el Cant\u00e1brico, noroeste de Navarra y Pirineos, y que ser\u00e1n de nieve en cotas bajas, con acumulaciones importantes. En Baleares tambi\u00e9n se esperan precipitaciones e, incluso, no se descartan nevadas d\u00e9biles en Mallorca. Con las","canonical_url":"https:\/\/www.eldigitaldeasturias.com\/noticias\/lluvia-y-nieve-durante-los-proximos-dias\/","robots":"max-image-preview:large","keywords":"destacadas","webmasterTools":{"google-site-verification":"UA-38556648-1","msvalidate.01":"7dfe9f3f1b24437ab69f4f2559babe99","miscellaneous":""},"schema":{"@context":"https:\/\/schema.org","@graph":[{"@type":"BlogPosting","@id":"https:\/\/www.eldigitaldeasturias.com\/noticias\/lluvia-y-nieve-durante-los-proximos-dias\/#blogposting","name":"Lluvia y nieve durante los pr\u00f3ximos d\u00edas - El Digital de Asturias","headline":"Lluvia y nieve durante los pr\u00f3ximos d\u00edas","author":{"@id":"https:\/\/www.eldigitaldeasturias.com\/noticias\/author\/admin\/#author"},"publisher":{"@id":"https:\/\/www.eldigitaldeasturias.com\/noticias\/#organization"},"image":{"@type":"ImageObject","url":"https:\/\/www.eldigitaldeasturias.com\/noticias\/wp-content\/uploads\/2016\/02\/nieve-asturias.jpg","width":800,"height":600},"datePublished":"2017-01-13T12:23:24+01:00","dateModified":"2017-01-13T12:23:24+01:00","inLanguage":"es-ES","mainEntityOfPage":{"@id":"https:\/\/www.eldigitaldeasturias.com\/noticias\/lluvia-y-nieve-durante-los-proximos-dias\/#webpage"},"isPartOf":{"@id":"https:\/\/www.eldigitaldeasturias.com\/noticias\/lluvia-y-nieve-durante-los-proximos-dias\/#webpage"},"articleSection":"Destacadas"},{"@type":"BreadcrumbList","@id":"https:\/\/www.eldigitaldeasturias.com\/noticias\/lluvia-y-nieve-durante-los-proximos-dias\/#breadcrumblist","itemListElement":[{"@type":"ListItem","@id":"https:\/\/www.eldigitaldeasturias.com\/noticias#listItem","position":1,"name":"Home","item":"https:\/\/www.eldigitaldeasturias.com\/noticias","nextItem":{"@type":"ListItem","@id":"https:\/\/www.eldigitaldeasturias.com\/noticias\/category\/destacadas\/#listItem","name":"Destacadas"}},{"@type":"ListItem","@id":"https:\/\/www.eldigitaldeasturias.com\/noticias\/category\/destacadas\/#listItem","position":2,"name":"Destacadas","item":"https:\/\/www.eldigitaldeasturias.com\/noticias\/category\/destacadas\/","nextItem":{"@type":"ListItem","@id":"https:\/\/www.eldigitaldeasturias.com\/noticias\/lluvia-y-nieve-durante-los-proximos-dias\/#listItem","name":"Lluvia y nieve durante los pr\u00f3ximos d\u00edas"},"previousItem":{"@type":"ListItem","@id":"https:\/\/www.eldigitaldeasturias.com\/noticias#listItem","name":"Home"}},{"@type":"ListItem","@id":"https:\/\/www.eldigitaldeasturias.com\/noticias\/lluvia-y-nieve-durante-los-proximos-dias\/#listItem","position":3,"name":"Lluvia y nieve durante los pr\u00f3ximos d\u00edas","previousItem":{"@type":"ListItem","@id":"https:\/\/www.eldigitaldeasturias.com\/noticias\/category\/destacadas\/#listItem","name":"Destacadas"}}]},{"@type":"Organization","@id":"https:\/\/www.eldigitaldeasturias.com\/noticias\/#organization","name":"El Digital de Asturias","description":"Hemeroteca","url":"https:\/\/www.eldigitaldeasturias.com\/noticias\/","email":"info@eldigitaldeasturias.com","telephone":"+34652131393","logo":{"@type":"ImageObject","url":"https:\/\/www.eldigitaldeasturias.com\/noticias\/wp-content\/uploads\/2020\/12\/EDA.jpg","@id":"https:\/\/www.eldigitaldeasturias.com\/noticias\/lluvia-y-nieve-durante-los-proximos-dias\/#organizationLogo","width":649,"height":297},"image":{"@id":"https:\/\/www.eldigitaldeasturias.com\/noticias\/lluvia-y-nieve-durante-los-proximos-dias\/#organizationLogo"},"sameAs":["https:\/\/facebook.com\/eldigitaldeasturias","https:\/\/www.youtube.com\/channel\/UCZP-2wLEB9Rv6erhFmqVnvg"],"address":{"@id":"https:\/\/www.eldigitaldeasturias.com\/noticias\/#postaladdress","@type":"PostalAddress","streetAddress":"san antonio 4,","postalCode":"33430","addressLocality":"Cand\u00e1s","addressRegion":"Asturias","addressCountry":"ES"}},{"@type":"Person","@id":"https:\/\/www.eldigitaldeasturias.com\/noticias\/author\/admin\/#author","url":"https:\/\/www.eldigitaldeasturias.com\/noticias\/author\/admin\/","name":"El Digital de Asturias","image":{"@type":"ImageObject","@id":"https:\/\/www.eldigitaldeasturias.com\/noticias\/lluvia-y-nieve-durante-los-proximos-dias\/#authorImage","url":"https:\/\/www.eldigitaldeasturias.com\/noticias\/wp-content\/litespeed\/avatar\/18677e78aa0546b92d9dbf31ec7d7668.jpg?ver=1777290358","width":96,"height":96,"caption":"El Digital de Asturias"}},{"@type":"WebPage","@id":"https:\/\/www.eldigitaldeasturias.com\/noticias\/lluvia-y-nieve-durante-los-proximos-dias\/#webpage","url":"https:\/\/www.eldigitaldeasturias.com\/noticias\/lluvia-y-nieve-durante-los-proximos-dias\/","name":"Lluvia y nieve durante los pr\u00f3ximos d\u00edas - El Digital de Asturias","description":"Durante el fin de semana se espera nubosidad abundante con precipitaciones en el tercio norte peninsular, pudiendo ser persistentes en el Cant\u00e1brico, noroeste de Navarra y Pirineos, y que ser\u00e1n de nieve en cotas bajas, con acumulaciones importantes. En Baleares tambi\u00e9n se esperan precipitaciones e, incluso, no se descartan nevadas d\u00e9biles en Mallorca. Con las","inLanguage":"es-ES","isPartOf":{"@id":"https:\/\/www.eldigitaldeasturias.com\/noticias\/#website"},"breadcrumb":{"@id":"https:\/\/www.eldigitaldeasturias.com\/noticias\/lluvia-y-nieve-durante-los-proximos-dias\/#breadcrumblist"},"author":{"@id":"https:\/\/www.eldigitaldeasturias.com\/noticias\/author\/admin\/#author"},"creator":{"@id":"https:\/\/www.eldigitaldeasturias.com\/noticias\/author\/admin\/#author"},"image":{"@type":"ImageObject","url":"https:\/\/www.eldigitaldeasturias.com\/noticias\/wp-content\/uploads\/2016\/02\/nieve-asturias.jpg","@id":"https:\/\/www.eldigitaldeasturias.com\/noticias\/lluvia-y-nieve-durante-los-proximos-dias\/#mainImage","width":800,"height":600},"primaryImageOfPage":{"@id":"https:\/\/www.eldigitaldeasturias.com\/noticias\/lluvia-y-nieve-durante-los-proximos-dias\/#mainImage"},"datePublished":"2017-01-13T12:23:24+01:00","dateModified":"2017-01-13T12:23:24+01:00"},{"@type":"WebSite","@id":"https:\/\/www.eldigitaldeasturias.com\/noticias\/#website","url":"https:\/\/www.eldigitaldeasturias.com\/noticias\/","name":"El Digital de Asturias - Diario de actualidad y noticias","alternateName":"El Digital de Asturias - Diario de actualidad y noticias","description":"Hemeroteca","inLanguage":"es-ES","publisher":{"@id":"https:\/\/www.eldigitaldeasturias.com\/noticias\/#organization"}}]},"og:locale":"es_ES","og:site_name":"El Digital de Asturias","og:type":"article","og:title":"Lluvia y nieve durante los pr\u00f3ximos d\u00edas - El Digital de Asturias","og:description":"Durante el fin de semana se espera nubosidad abundante con precipitaciones en el tercio norte peninsular, pudiendo ser persistentes en el Cant\u00e1brico, noroeste de Navarra y Pirineos, y que ser\u00e1n de nieve en cotas bajas, con acumulaciones importantes. En Baleares tambi\u00e9n se esperan precipitaciones e, incluso, no se descartan nevadas d\u00e9biles en Mallorca. Con las","og:url":"https:\/\/www.eldigitaldeasturias.com\/noticias\/lluvia-y-nieve-durante-los-proximos-dias\/","og:image":"https:\/\/www.eldigitaldeasturias.com\/noticias\/wp-content\/uploads\/2016\/02\/nieve-asturias.jpg","og:image:secure_url":"https:\/\/www.eldigitaldeasturias.com\/noticias\/wp-content\/uploads\/2016\/02\/nieve-asturias.jpg","og:image:width":800,"og:image:height":600,"article:tag":["destacadas"],"article:published_time":"2017-01-13T12:23:24+00:00","article:modified_time":"2017-01-13T12:23:24+00:00","article:publisher":"https:\/\/facebook.com\/eldigitaldeasturias","twitter:card":"summary_large_image","twitter:title":"Lluvia y nieve durante los pr\u00f3ximos d\u00edas - El Digital de Asturias","twitter:description":"Durante el fin de semana se espera nubosidad abundante con precipitaciones en el tercio norte peninsular, pudiendo ser persistentes en el Cant\u00e1brico, noroeste de Navarra y Pirineos, y que ser\u00e1n de nieve en cotas bajas, con acumulaciones importantes. En Baleares tambi\u00e9n se esperan precipitaciones e, incluso, no se descartan nevadas d\u00e9biles en Mallorca. Con las","twitter:image":"https:\/\/www.eldigitaldeasturias.com\/noticias\/wp-content\/uploads\/2016\/02\/nieve-asturias.jpg","twitter:label1":"Escrito por","twitter:data1":"El Digital de Asturias","twitter:label2":"Tiempo de lectura estimado","twitter:data2":"2 minutos"},"aioseo_meta_data":{"post_id":"922130","title":null,"description":null,"keywords":null,"keyphrases":null,"primary_term":null,"canonical_url":null,"og_title":null,"og_description":null,"og_object_type":"default","og_image_type":"default","og_image_url":null,"og_image_width":null,"og_image_height":null,"og_image_custom_url":null,"og_image_custom_fields":null,"og_video":null,"og_custom_url":null,"og_article_section":null,"og_article_tags":null,"twitter_use_og":false,"twitter_card":"default","twitter_image_type":"default","twitter_image_url":null,"twitter_image_custom_url":null,"twitter_image_custom_fields":null,"twitter_title":null,"twitter_description":null,"schema":{"blockGraphs":[],"customGraphs":[],"default":{"data":{"Article":[],"Course":[],"Dataset":[],"FAQPage":[],"Movie":[],"Person":[],"Product":[],"ProductReview":[],"Car":[],"Recipe":[],"Service":[],"SoftwareApplication":[],"WebPage":[]},"graphName":"","isEnabled":true},"graphs":[],"defaultGraph":"","defaultPostTypeGraph":""},"schema_type":null,"schema_type_options":null,"pillar_content":false,"robots_default":true,"robots_noindex":false,"robots_noarchive":false,"robots_nosnippet":false,"robots_nofollow":false,"robots_noimageindex":false,"robots_noodp":false,"robots_notranslate":false,"robots_max_snippet":null,"robots_max_videopreview":null,"robots_max_imagepreview":"large","priority":null,"frequency":null,"local_seo":null,"seo_analyzer_scan_date":"2025-12-02 16:08:11","breadcrumb_settings":null,"limit_modified_date":false,"open_ai":null,"ai":null,"created":"2020-12-21 13:42:59","updated":"2025-12-02 16:08:11"},"aioseo_breadcrumb":"<div class=\"aioseo-breadcrumbs\"><span class=\"aioseo-breadcrumb\">\n\t<a href=\"https:\/\/www.eldigitaldeasturias.com\/noticias\" title=\"Home\">Home<\/a>\n<\/span><span class=\"aioseo-breadcrumb-separator\">\u2013<\/span><span class=\"aioseo-breadcrumb\">\n\t<a href=\"https:\/\/www.eldigitaldeasturias.com\/noticias\/category\/destacadas\/\" title=\"Destacadas\">Destacadas<\/a>\n<\/span><span class=\"aioseo-breadcrumb-separator\">\u2013<\/span><span class=\"aioseo-breadcrumb\">\n\t<a href=\"https:\/\/www.eldigitaldeasturias.com\/noticias\/lluvia-y-nieve-durante-los-proximos-dias\/\" title=\"Lluvia y nieve durante los pr\u00f3ximos d\u00edas\">Lluvia y nieve durante los pr\u00f3ximos d\u00edas<\/a>\n<\/span><\/div>","aioseo_breadcrumb_json":[{"label":"Home","link":"https:\/\/www.eldigitaldeasturias.com\/noticias"},{"label":"Destacadas","link":"https:\/\/www.eldigitaldeasturias.com\/noticias\/category\/destacadas\/"},{"label":"Lluvia y nieve durante los pr\u00f3ximos d\u00edas","link":"https:\/\/www.eldigitaldeasturias.com\/noticias\/lluvia-y-nieve-durante-los-proximos-dias\/"}],"_links":{"self":[{"href":"https:\/\/www.eldigitaldeasturias.com\/noticias\/wp-json\/wp\/v2\/posts\/922130","targetHints":{"allow":["GET"]}}],"collection":[{"href":"https:\/\/www.eldigitaldeasturias.com\/noticias\/wp-json\/wp\/v2\/posts"}],"about":[{"href":"https:\/\/www.eldigitaldeasturias.com\/noticias\/wp-json\/wp\/v2\/types\/post"}],"author":[{"embeddable":true,"href":"https:\/\/www.eldigitaldeasturias.com\/noticias\/wp-json\/wp\/v2\/users\/1"}],"replies":[{"embeddable":true,"href":"https:\/\/www.eldigitaldeasturias.com\/noticias\/wp-json\/wp\/v2\/comments?post=922130"}],"version-history":[{"count":0,"href":"https:\/\/www.eldigitaldeasturias.com\/noticias\/wp-json\/wp\/v2\/posts\/922130\/revisions"}],"wp:featuredmedia":[{"embeddable":true,"href":"https:\/\/www.eldigitaldeasturias.com\/noticias\/wp-json\/wp\/v2\/media\/858065"}],"wp:attachment":[{"href":"https:\/\/www.eldigitaldeasturias.com\/noticias\/wp-json\/wp\/v2\/media?parent=922130"}],"wp:term":[{"taxonomy":"category","embeddable":true,"href":"https:\/\/www.eldigitaldeasturias.com\/noticias\/wp-json\/wp\/v2\/categories?post=922130"},{"taxonomy":"post_tag","embeddable":true,"href":"https:\/\/www.eldigitaldeasturias.com\/noticias\/wp-json\/wp\/v2\/tags?post=922130"}],"curies":[{"name":"wp","href":"https:\/\/api.w.org\/{rel}","templated":true}]}}