{"id":922120,"date":"2017-01-13T05:40:30","date_gmt":"2017-01-13T05:40:30","guid":{"rendered":"http:\/\/www.eldigitaldeasturias.com\/noticias\/?p=922120"},"modified":"2017-01-13T05:40:30","modified_gmt":"2017-01-13T05:40:30","slug":"carmen-fernandez-pide-soluciones-para-el-acceso-a-gulpiyuri","status":"publish","type":"post","link":"https:\/\/www.eldigitaldeasturias.com\/noticias\/carmen-fernandez-pide-soluciones-para-el-acceso-a-gulpiyuri\/","title":{"rendered":"Carmen Fern\u00e1ndez pide soluciones para el acceso a Gulpiyuri"},"content":{"rendered":"<p><img loading=\"lazy\" decoding=\"async\" class=\"alignleft size-medium wp-image-921474\" src=\"https:\/\/www.eldigitaldeasturias.com\/noticias\/wp-content\/uploads\/2017\/01\/carmen-fdz-FORO-360x220.jpg\" alt=\"\" width=\"360\" height=\"220\" srcset=\"https:\/\/www.eldigitaldeasturias.com\/noticias\/wp-content\/uploads\/2017\/01\/carmen-fdz-FORO-360x220.jpg 360w, https:\/\/www.eldigitaldeasturias.com\/noticias\/wp-content\/uploads\/2017\/01\/carmen-fdz-FORO-480x293.jpg 480w, https:\/\/www.eldigitaldeasturias.com\/noticias\/wp-content\/uploads\/2017\/01\/carmen-fdz-FORO-768x468.jpg 768w, https:\/\/www.eldigitaldeasturias.com\/noticias\/wp-content\/uploads\/2017\/01\/carmen-fdz-FORO-690x421.jpg 690w, https:\/\/www.eldigitaldeasturias.com\/noticias\/wp-content\/uploads\/2017\/01\/carmen-fdz-FORO-20x12.jpg 20w, https:\/\/www.eldigitaldeasturias.com\/noticias\/wp-content\/uploads\/2017\/01\/carmen-fdz-FORO.jpg 800w\" sizes=\"auto, (max-width: 360px) 100vw, 360px\" \/>La diputada de FORO y portavoz de infraestructuras, Carmen Fern\u00e1ndez, ha puesto de manifiesto que \u201cel acceso a Gulpiyuri, en Llanes, contin\u00faa sin un paso canadiense por el abandono del Gobierno asturiano, gener\u00e1ndose un grave peligro para la circulaci\u00f3n de la autov\u00eda\u201d.<\/p>\n<p>Carmen Fern\u00e1ndez hace estas manifestaciones a ra\u00edz de la respuesta recibida por parte del Ministerio de Fomento sobre la solicitud de informaci\u00f3n planteada por FORO en el Senado al respecto de este acceso. \u201cSeg\u00fan nos han trasladado por escrito, el Ministerio de Fomento concedi\u00f3 al Principado la autorizaci\u00f3n para esta obra en marzo de 2014, con un plazo de ejecuci\u00f3n de seis meses, sin que la obra se haya realizado a\u00fan a d\u00eda de hoy; y ahora, para poder ejecutar las obras, la Consejer\u00eda deber\u00eda solicitar una nueva autorizaci\u00f3n\u201d, a\u00f1adi\u00f3.<\/p>\n<p>Carmen Fern\u00e1ndez ha calificado la cuesti\u00f3n de \u201csuma gravedad\u201d y afirma que \u201cuna vez m\u00e1s por inoperancia del gobierno de Javier Fern\u00e1ndez se perpet\u00faa un problema que puede costar vidas humanas, por tratarse de un problema que ha sido objeto de varios pronunciamientos en la Junta General del Principado al respecto sin que nunca haya existido la m\u00e1s m\u00ednima voluntad pol\u00edtica de solucionarlo\u201d.<\/p>\n<p>La diputada ha incidido en que \u201cinsistiremos nuevamente en la Junta General para que el Gobierno de Javier Fern\u00e1ndez abandone su largo letargo invernal y act\u00fae de forma diligente para solventar este problema\u201d.<\/p>\n<p>&nbsp;<\/p>\n","protected":false},"excerpt":{"rendered":"<p>La diputada de FORO y portavoz de infraestructuras, Carmen Fern\u00e1ndez, ha puesto de manifiesto que \u201cel acceso a Gulpiyuri, en Llanes, contin\u00faa sin un paso canadiense por el abandono del Gobierno asturiano, gener\u00e1ndose un grave peligro para la circulaci\u00f3n de la autov\u00eda\u201d. Carmen Fern\u00e1ndez hace estas manifestaciones a ra\u00edz de la respuesta recibida por parte [&hellip;]<\/p>\n","protected":false},"author":1,"featured_media":921474,"comment_status":"closed","ping_status":"closed","sticky":false,"template":"","format":"standard","meta":{"footnotes":""},"categories":[141],"tags":[],"class_list":["post-922120","post","type-post","status-publish","format-standard","has-post-thumbnail","hentry","category-destacadas"],"aioseo_notices":[],"aioseo_head":"\n\t\t<!-- All in One SEO Pro 4.9.6.2 - aioseo.com -->\n\t<meta name=\"description\" content=\"La diputada de FORO y portavoz de infraestructuras, Carmen Fern\u00e1ndez, ha puesto de manifiesto que \u201cel acceso a Gulpiyuri, en Llanes, contin\u00faa sin un paso canadiense por el abandono del Gobierno asturiano, gener\u00e1ndose un grave peligro para la circulaci\u00f3n de la autov\u00eda\u201d. Carmen Fern\u00e1ndez hace estas manifestaciones a ra\u00edz de la respuesta recibida por parte\" \/>\n\t<meta name=\"robots\" content=\"max-image-preview:large\" \/>\n\t<meta name=\"author\" content=\"El Digital de Asturias\"\/>\n\t<meta name=\"google-site-verification\" content=\"UA-38556648-1\" \/>\n\t<meta name=\"msvalidate.01\" content=\"7dfe9f3f1b24437ab69f4f2559babe99\" \/>\n\t<meta name=\"keywords\" content=\"destacadas\" \/>\n\t<link rel=\"canonical\" href=\"https:\/\/www.eldigitaldeasturias.com\/noticias\/carmen-fernandez-pide-soluciones-para-el-acceso-a-gulpiyuri\/\" \/>\n\t<meta name=\"generator\" content=\"All in One SEO Pro (AIOSEO) 4.9.6.2\" \/>\n\t\t<meta property=\"og:locale\" content=\"es_ES\" \/>\n\t\t<meta property=\"og:site_name\" content=\"El Digital de Asturias\" \/>\n\t\t<meta property=\"og:type\" content=\"article\" \/>\n\t\t<meta property=\"og:title\" content=\"Carmen Fern\u00e1ndez pide soluciones para el acceso a Gulpiyuri - El Digital de Asturias\" \/>\n\t\t<meta property=\"og:description\" content=\"La diputada de FORO y portavoz de infraestructuras, Carmen Fern\u00e1ndez, ha puesto de manifiesto que \u201cel acceso a Gulpiyuri, en Llanes, contin\u00faa sin un paso canadiense por el abandono del Gobierno asturiano, gener\u00e1ndose un grave peligro para la circulaci\u00f3n de la autov\u00eda\u201d. Carmen Fern\u00e1ndez hace estas manifestaciones a ra\u00edz de la respuesta recibida por parte\" \/>\n\t\t<meta property=\"og:url\" content=\"https:\/\/www.eldigitaldeasturias.com\/noticias\/carmen-fernandez-pide-soluciones-para-el-acceso-a-gulpiyuri\/\" \/>\n\t\t<meta property=\"og:image\" content=\"https:\/\/www.eldigitaldeasturias.com\/noticias\/wp-content\/uploads\/2017\/01\/carmen-fdz-FORO.jpg\" \/>\n\t\t<meta property=\"og:image:secure_url\" content=\"https:\/\/www.eldigitaldeasturias.com\/noticias\/wp-content\/uploads\/2017\/01\/carmen-fdz-FORO.jpg\" \/>\n\t\t<meta property=\"og:image:width\" content=\"800\" \/>\n\t\t<meta property=\"og:image:height\" content=\"488\" \/>\n\t\t<meta property=\"article:tag\" content=\"destacadas\" \/>\n\t\t<meta property=\"article:published_time\" content=\"2017-01-13T05:40:30+00:00\" \/>\n\t\t<meta property=\"article:modified_time\" content=\"2017-01-13T05:40:30+00:00\" \/>\n\t\t<meta property=\"article:publisher\" content=\"https:\/\/facebook.com\/eldigitaldeasturias\" \/>\n\t\t<meta name=\"twitter:card\" content=\"summary_large_image\" \/>\n\t\t<meta name=\"twitter:title\" content=\"Carmen Fern\u00e1ndez pide soluciones para el acceso a Gulpiyuri - El Digital de Asturias\" \/>\n\t\t<meta name=\"twitter:description\" content=\"La diputada de FORO y portavoz de infraestructuras, Carmen Fern\u00e1ndez, ha puesto de manifiesto que \u201cel acceso a Gulpiyuri, en Llanes, contin\u00faa sin un paso canadiense por el abandono del Gobierno asturiano, gener\u00e1ndose un grave peligro para la circulaci\u00f3n de la autov\u00eda\u201d. Carmen Fern\u00e1ndez hace estas manifestaciones a ra\u00edz de la respuesta recibida por parte\" \/>\n\t\t<meta name=\"twitter:image\" content=\"https:\/\/www.eldigitaldeasturias.com\/noticias\/wp-content\/uploads\/2017\/01\/carmen-fdz-FORO.jpg\" \/>\n\t\t<meta name=\"twitter:label1\" content=\"Escrito por\" \/>\n\t\t<meta name=\"twitter:data1\" content=\"El Digital de Asturias\" \/>\n\t\t<meta name=\"twitter:label2\" content=\"Tiempo de lectura estimado\" \/>\n\t\t<meta name=\"twitter:data2\" content=\"1 minuto\" \/>\n\t\t<script type=\"application\/ld+json\" class=\"aioseo-schema\">\n\t\t\t{\"@context\":\"https:\\\/\\\/schema.org\",\"@graph\":[{\"@type\":\"BlogPosting\",\"@id\":\"https:\\\/\\\/www.eldigitaldeasturias.com\\\/noticias\\\/carmen-fernandez-pide-soluciones-para-el-acceso-a-gulpiyuri\\\/#blogposting\",\"name\":\"Carmen Fern\\u00e1ndez pide soluciones para el acceso a Gulpiyuri - El Digital de Asturias\",\"headline\":\"Carmen Fern\\u00e1ndez pide soluciones para el acceso a Gulpiyuri\",\"author\":{\"@id\":\"https:\\\/\\\/www.eldigitaldeasturias.com\\\/noticias\\\/author\\\/admin\\\/#author\"},\"publisher\":{\"@id\":\"https:\\\/\\\/www.eldigitaldeasturias.com\\\/noticias\\\/#organization\"},\"image\":{\"@type\":\"ImageObject\",\"url\":\"https:\\\/\\\/www.eldigitaldeasturias.com\\\/noticias\\\/wp-content\\\/uploads\\\/2017\\\/01\\\/carmen-fdz-FORO.jpg\",\"width\":800,\"height\":488},\"datePublished\":\"2017-01-13T05:40:30+01:00\",\"dateModified\":\"2017-01-13T05:40:30+01:00\",\"inLanguage\":\"es-ES\",\"mainEntityOfPage\":{\"@id\":\"https:\\\/\\\/www.eldigitaldeasturias.com\\\/noticias\\\/carmen-fernandez-pide-soluciones-para-el-acceso-a-gulpiyuri\\\/#webpage\"},\"isPartOf\":{\"@id\":\"https:\\\/\\\/www.eldigitaldeasturias.com\\\/noticias\\\/carmen-fernandez-pide-soluciones-para-el-acceso-a-gulpiyuri\\\/#webpage\"},\"articleSection\":\"Destacadas\"},{\"@type\":\"BreadcrumbList\",\"@id\":\"https:\\\/\\\/www.eldigitaldeasturias.com\\\/noticias\\\/carmen-fernandez-pide-soluciones-para-el-acceso-a-gulpiyuri\\\/#breadcrumblist\",\"itemListElement\":[{\"@type\":\"ListItem\",\"@id\":\"https:\\\/\\\/www.eldigitaldeasturias.com\\\/noticias#listItem\",\"position\":1,\"name\":\"Home\",\"item\":\"https:\\\/\\\/www.eldigitaldeasturias.com\\\/noticias\",\"nextItem\":{\"@type\":\"ListItem\",\"@id\":\"https:\\\/\\\/www.eldigitaldeasturias.com\\\/noticias\\\/category\\\/destacadas\\\/#listItem\",\"name\":\"Destacadas\"}},{\"@type\":\"ListItem\",\"@id\":\"https:\\\/\\\/www.eldigitaldeasturias.com\\\/noticias\\\/category\\\/destacadas\\\/#listItem\",\"position\":2,\"name\":\"Destacadas\",\"item\":\"https:\\\/\\\/www.eldigitaldeasturias.com\\\/noticias\\\/category\\\/destacadas\\\/\",\"nextItem\":{\"@type\":\"ListItem\",\"@id\":\"https:\\\/\\\/www.eldigitaldeasturias.com\\\/noticias\\\/carmen-fernandez-pide-soluciones-para-el-acceso-a-gulpiyuri\\\/#listItem\",\"name\":\"Carmen Fern\\u00e1ndez pide soluciones para el acceso a Gulpiyuri\"},\"previousItem\":{\"@type\":\"ListItem\",\"@id\":\"https:\\\/\\\/www.eldigitaldeasturias.com\\\/noticias#listItem\",\"name\":\"Home\"}},{\"@type\":\"ListItem\",\"@id\":\"https:\\\/\\\/www.eldigitaldeasturias.com\\\/noticias\\\/carmen-fernandez-pide-soluciones-para-el-acceso-a-gulpiyuri\\\/#listItem\",\"position\":3,\"name\":\"Carmen Fern\\u00e1ndez pide soluciones para el acceso a Gulpiyuri\",\"previousItem\":{\"@type\":\"ListItem\",\"@id\":\"https:\\\/\\\/www.eldigitaldeasturias.com\\\/noticias\\\/category\\\/destacadas\\\/#listItem\",\"name\":\"Destacadas\"}}]},{\"@type\":\"Organization\",\"@id\":\"https:\\\/\\\/www.eldigitaldeasturias.com\\\/noticias\\\/#organization\",\"name\":\"El Digital de Asturias\",\"description\":\"Hemeroteca\",\"url\":\"https:\\\/\\\/www.eldigitaldeasturias.com\\\/noticias\\\/\",\"email\":\"info@eldigitaldeasturias.com\",\"telephone\":\"+34652131393\",\"logo\":{\"@type\":\"ImageObject\",\"url\":\"https:\\\/\\\/www.eldigitaldeasturias.com\\\/noticias\\\/wp-content\\\/uploads\\\/2020\\\/12\\\/EDA.jpg\",\"@id\":\"https:\\\/\\\/www.eldigitaldeasturias.com\\\/noticias\\\/carmen-fernandez-pide-soluciones-para-el-acceso-a-gulpiyuri\\\/#organizationLogo\",\"width\":649,\"height\":297},\"image\":{\"@id\":\"https:\\\/\\\/www.eldigitaldeasturias.com\\\/noticias\\\/carmen-fernandez-pide-soluciones-para-el-acceso-a-gulpiyuri\\\/#organizationLogo\"},\"sameAs\":[\"https:\\\/\\\/facebook.com\\\/eldigitaldeasturias\",\"https:\\\/\\\/www.youtube.com\\\/channel\\\/UCZP-2wLEB9Rv6erhFmqVnvg\"],\"address\":{\"@id\":\"https:\\\/\\\/www.eldigitaldeasturias.com\\\/noticias\\\/#postaladdress\",\"@type\":\"PostalAddress\",\"streetAddress\":\"san antonio 4,\",\"postalCode\":\"33430\",\"addressLocality\":\"Cand\\u00e1s\",\"addressRegion\":\"Asturias\",\"addressCountry\":\"ES\"}},{\"@type\":\"Person\",\"@id\":\"https:\\\/\\\/www.eldigitaldeasturias.com\\\/noticias\\\/author\\\/admin\\\/#author\",\"url\":\"https:\\\/\\\/www.eldigitaldeasturias.com\\\/noticias\\\/author\\\/admin\\\/\",\"name\":\"El Digital de Asturias\",\"image\":{\"@type\":\"ImageObject\",\"@id\":\"https:\\\/\\\/www.eldigitaldeasturias.com\\\/noticias\\\/carmen-fernandez-pide-soluciones-para-el-acceso-a-gulpiyuri\\\/#authorImage\",\"url\":\"https:\\\/\\\/www.eldigitaldeasturias.com\\\/noticias\\\/wp-content\\\/litespeed\\\/avatar\\\/18677e78aa0546b92d9dbf31ec7d7668.jpg?ver=1777290358\",\"width\":96,\"height\":96,\"caption\":\"El Digital de Asturias\"}},{\"@type\":\"WebPage\",\"@id\":\"https:\\\/\\\/www.eldigitaldeasturias.com\\\/noticias\\\/carmen-fernandez-pide-soluciones-para-el-acceso-a-gulpiyuri\\\/#webpage\",\"url\":\"https:\\\/\\\/www.eldigitaldeasturias.com\\\/noticias\\\/carmen-fernandez-pide-soluciones-para-el-acceso-a-gulpiyuri\\\/\",\"name\":\"Carmen Fern\\u00e1ndez pide soluciones para el acceso a Gulpiyuri - El Digital de Asturias\",\"description\":\"La diputada de FORO y portavoz de infraestructuras, Carmen Fern\\u00e1ndez, ha puesto de manifiesto que \\u201cel acceso a Gulpiyuri, en Llanes, contin\\u00faa sin un paso canadiense por el abandono del Gobierno asturiano, gener\\u00e1ndose un grave peligro para la circulaci\\u00f3n de la autov\\u00eda\\u201d. Carmen Fern\\u00e1ndez hace estas manifestaciones a ra\\u00edz de la respuesta recibida por parte\",\"inLanguage\":\"es-ES\",\"isPartOf\":{\"@id\":\"https:\\\/\\\/www.eldigitaldeasturias.com\\\/noticias\\\/#website\"},\"breadcrumb\":{\"@id\":\"https:\\\/\\\/www.eldigitaldeasturias.com\\\/noticias\\\/carmen-fernandez-pide-soluciones-para-el-acceso-a-gulpiyuri\\\/#breadcrumblist\"},\"author\":{\"@id\":\"https:\\\/\\\/www.eldigitaldeasturias.com\\\/noticias\\\/author\\\/admin\\\/#author\"},\"creator\":{\"@id\":\"https:\\\/\\\/www.eldigitaldeasturias.com\\\/noticias\\\/author\\\/admin\\\/#author\"},\"image\":{\"@type\":\"ImageObject\",\"url\":\"https:\\\/\\\/www.eldigitaldeasturias.com\\\/noticias\\\/wp-content\\\/uploads\\\/2017\\\/01\\\/carmen-fdz-FORO.jpg\",\"@id\":\"https:\\\/\\\/www.eldigitaldeasturias.com\\\/noticias\\\/carmen-fernandez-pide-soluciones-para-el-acceso-a-gulpiyuri\\\/#mainImage\",\"width\":800,\"height\":488},\"primaryImageOfPage\":{\"@id\":\"https:\\\/\\\/www.eldigitaldeasturias.com\\\/noticias\\\/carmen-fernandez-pide-soluciones-para-el-acceso-a-gulpiyuri\\\/#mainImage\"},\"datePublished\":\"2017-01-13T05:40:30+01:00\",\"dateModified\":\"2017-01-13T05:40:30+01:00\"},{\"@type\":\"WebSite\",\"@id\":\"https:\\\/\\\/www.eldigitaldeasturias.com\\\/noticias\\\/#website\",\"url\":\"https:\\\/\\\/www.eldigitaldeasturias.com\\\/noticias\\\/\",\"name\":\"El Digital de Asturias - Diario de actualidad y noticias\",\"alternateName\":\"El Digital de Asturias - Diario de actualidad y noticias\",\"description\":\"Hemeroteca\",\"inLanguage\":\"es-ES\",\"publisher\":{\"@id\":\"https:\\\/\\\/www.eldigitaldeasturias.com\\\/noticias\\\/#organization\"}}]}\n\t\t<\/script>\n\t\t<!-- All in One SEO Pro -->\r\n\t\t<title>Carmen Fern\u00e1ndez pide soluciones para el acceso a Gulpiyuri - El Digital de Asturias<\/title>\n\n","aioseo_head_json":{"title":"Carmen Fern\u00e1ndez pide soluciones para el acceso a Gulpiyuri - El Digital de Asturias","description":"La diputada de FORO y portavoz de infraestructuras, Carmen Fern\u00e1ndez, ha puesto de manifiesto que \u201cel acceso a Gulpiyuri, en Llanes, contin\u00faa sin un paso canadiense por el abandono del Gobierno asturiano, gener\u00e1ndose un grave peligro para la circulaci\u00f3n de la autov\u00eda\u201d. Carmen Fern\u00e1ndez hace estas manifestaciones a ra\u00edz de la respuesta recibida por parte","canonical_url":"https:\/\/www.eldigitaldeasturias.com\/noticias\/carmen-fernandez-pide-soluciones-para-el-acceso-a-gulpiyuri\/","robots":"max-image-preview:large","keywords":"destacadas","webmasterTools":{"google-site-verification":"UA-38556648-1","msvalidate.01":"7dfe9f3f1b24437ab69f4f2559babe99","miscellaneous":""},"schema":{"@context":"https:\/\/schema.org","@graph":[{"@type":"BlogPosting","@id":"https:\/\/www.eldigitaldeasturias.com\/noticias\/carmen-fernandez-pide-soluciones-para-el-acceso-a-gulpiyuri\/#blogposting","name":"Carmen Fern\u00e1ndez pide soluciones para el acceso a Gulpiyuri - El Digital de Asturias","headline":"Carmen Fern\u00e1ndez pide soluciones para el acceso a Gulpiyuri","author":{"@id":"https:\/\/www.eldigitaldeasturias.com\/noticias\/author\/admin\/#author"},"publisher":{"@id":"https:\/\/www.eldigitaldeasturias.com\/noticias\/#organization"},"image":{"@type":"ImageObject","url":"https:\/\/www.eldigitaldeasturias.com\/noticias\/wp-content\/uploads\/2017\/01\/carmen-fdz-FORO.jpg","width":800,"height":488},"datePublished":"2017-01-13T05:40:30+01:00","dateModified":"2017-01-13T05:40:30+01:00","inLanguage":"es-ES","mainEntityOfPage":{"@id":"https:\/\/www.eldigitaldeasturias.com\/noticias\/carmen-fernandez-pide-soluciones-para-el-acceso-a-gulpiyuri\/#webpage"},"isPartOf":{"@id":"https:\/\/www.eldigitaldeasturias.com\/noticias\/carmen-fernandez-pide-soluciones-para-el-acceso-a-gulpiyuri\/#webpage"},"articleSection":"Destacadas"},{"@type":"BreadcrumbList","@id":"https:\/\/www.eldigitaldeasturias.com\/noticias\/carmen-fernandez-pide-soluciones-para-el-acceso-a-gulpiyuri\/#breadcrumblist","itemListElement":[{"@type":"ListItem","@id":"https:\/\/www.eldigitaldeasturias.com\/noticias#listItem","position":1,"name":"Home","item":"https:\/\/www.eldigitaldeasturias.com\/noticias","nextItem":{"@type":"ListItem","@id":"https:\/\/www.eldigitaldeasturias.com\/noticias\/category\/destacadas\/#listItem","name":"Destacadas"}},{"@type":"ListItem","@id":"https:\/\/www.eldigitaldeasturias.com\/noticias\/category\/destacadas\/#listItem","position":2,"name":"Destacadas","item":"https:\/\/www.eldigitaldeasturias.com\/noticias\/category\/destacadas\/","nextItem":{"@type":"ListItem","@id":"https:\/\/www.eldigitaldeasturias.com\/noticias\/carmen-fernandez-pide-soluciones-para-el-acceso-a-gulpiyuri\/#listItem","name":"Carmen Fern\u00e1ndez pide soluciones para el acceso a Gulpiyuri"},"previousItem":{"@type":"ListItem","@id":"https:\/\/www.eldigitaldeasturias.com\/noticias#listItem","name":"Home"}},{"@type":"ListItem","@id":"https:\/\/www.eldigitaldeasturias.com\/noticias\/carmen-fernandez-pide-soluciones-para-el-acceso-a-gulpiyuri\/#listItem","position":3,"name":"Carmen Fern\u00e1ndez pide soluciones para el acceso a Gulpiyuri","previousItem":{"@type":"ListItem","@id":"https:\/\/www.eldigitaldeasturias.com\/noticias\/category\/destacadas\/#listItem","name":"Destacadas"}}]},{"@type":"Organization","@id":"https:\/\/www.eldigitaldeasturias.com\/noticias\/#organization","name":"El Digital de Asturias","description":"Hemeroteca","url":"https:\/\/www.eldigitaldeasturias.com\/noticias\/","email":"info@eldigitaldeasturias.com","telephone":"+34652131393","logo":{"@type":"ImageObject","url":"https:\/\/www.eldigitaldeasturias.com\/noticias\/wp-content\/uploads\/2020\/12\/EDA.jpg","@id":"https:\/\/www.eldigitaldeasturias.com\/noticias\/carmen-fernandez-pide-soluciones-para-el-acceso-a-gulpiyuri\/#organizationLogo","width":649,"height":297},"image":{"@id":"https:\/\/www.eldigitaldeasturias.com\/noticias\/carmen-fernandez-pide-soluciones-para-el-acceso-a-gulpiyuri\/#organizationLogo"},"sameAs":["https:\/\/facebook.com\/eldigitaldeasturias","https:\/\/www.youtube.com\/channel\/UCZP-2wLEB9Rv6erhFmqVnvg"],"address":{"@id":"https:\/\/www.eldigitaldeasturias.com\/noticias\/#postaladdress","@type":"PostalAddress","streetAddress":"san antonio 4,","postalCode":"33430","addressLocality":"Cand\u00e1s","addressRegion":"Asturias","addressCountry":"ES"}},{"@type":"Person","@id":"https:\/\/www.eldigitaldeasturias.com\/noticias\/author\/admin\/#author","url":"https:\/\/www.eldigitaldeasturias.com\/noticias\/author\/admin\/","name":"El Digital de Asturias","image":{"@type":"ImageObject","@id":"https:\/\/www.eldigitaldeasturias.com\/noticias\/carmen-fernandez-pide-soluciones-para-el-acceso-a-gulpiyuri\/#authorImage","url":"https:\/\/www.eldigitaldeasturias.com\/noticias\/wp-content\/litespeed\/avatar\/18677e78aa0546b92d9dbf31ec7d7668.jpg?ver=1777290358","width":96,"height":96,"caption":"El Digital de Asturias"}},{"@type":"WebPage","@id":"https:\/\/www.eldigitaldeasturias.com\/noticias\/carmen-fernandez-pide-soluciones-para-el-acceso-a-gulpiyuri\/#webpage","url":"https:\/\/www.eldigitaldeasturias.com\/noticias\/carmen-fernandez-pide-soluciones-para-el-acceso-a-gulpiyuri\/","name":"Carmen Fern\u00e1ndez pide soluciones para el acceso a Gulpiyuri - El Digital de Asturias","description":"La diputada de FORO y portavoz de infraestructuras, Carmen Fern\u00e1ndez, ha puesto de manifiesto que \u201cel acceso a Gulpiyuri, en Llanes, contin\u00faa sin un paso canadiense por el abandono del Gobierno asturiano, gener\u00e1ndose un grave peligro para la circulaci\u00f3n de la autov\u00eda\u201d. Carmen Fern\u00e1ndez hace estas manifestaciones a ra\u00edz de la respuesta recibida por parte","inLanguage":"es-ES","isPartOf":{"@id":"https:\/\/www.eldigitaldeasturias.com\/noticias\/#website"},"breadcrumb":{"@id":"https:\/\/www.eldigitaldeasturias.com\/noticias\/carmen-fernandez-pide-soluciones-para-el-acceso-a-gulpiyuri\/#breadcrumblist"},"author":{"@id":"https:\/\/www.eldigitaldeasturias.com\/noticias\/author\/admin\/#author"},"creator":{"@id":"https:\/\/www.eldigitaldeasturias.com\/noticias\/author\/admin\/#author"},"image":{"@type":"ImageObject","url":"https:\/\/www.eldigitaldeasturias.com\/noticias\/wp-content\/uploads\/2017\/01\/carmen-fdz-FORO.jpg","@id":"https:\/\/www.eldigitaldeasturias.com\/noticias\/carmen-fernandez-pide-soluciones-para-el-acceso-a-gulpiyuri\/#mainImage","width":800,"height":488},"primaryImageOfPage":{"@id":"https:\/\/www.eldigitaldeasturias.com\/noticias\/carmen-fernandez-pide-soluciones-para-el-acceso-a-gulpiyuri\/#mainImage"},"datePublished":"2017-01-13T05:40:30+01:00","dateModified":"2017-01-13T05:40:30+01:00"},{"@type":"WebSite","@id":"https:\/\/www.eldigitaldeasturias.com\/noticias\/#website","url":"https:\/\/www.eldigitaldeasturias.com\/noticias\/","name":"El Digital de Asturias - Diario de actualidad y noticias","alternateName":"El Digital de Asturias - Diario de actualidad y noticias","description":"Hemeroteca","inLanguage":"es-ES","publisher":{"@id":"https:\/\/www.eldigitaldeasturias.com\/noticias\/#organization"}}]},"og:locale":"es_ES","og:site_name":"El Digital de Asturias","og:type":"article","og:title":"Carmen Fern\u00e1ndez pide soluciones para el acceso a Gulpiyuri - El Digital de Asturias","og:description":"La diputada de FORO y portavoz de infraestructuras, Carmen Fern\u00e1ndez, ha puesto de manifiesto que \u201cel acceso a Gulpiyuri, en Llanes, contin\u00faa sin un paso canadiense por el abandono del Gobierno asturiano, gener\u00e1ndose un grave peligro para la circulaci\u00f3n de la autov\u00eda\u201d. Carmen Fern\u00e1ndez hace estas manifestaciones a ra\u00edz de la respuesta recibida por parte","og:url":"https:\/\/www.eldigitaldeasturias.com\/noticias\/carmen-fernandez-pide-soluciones-para-el-acceso-a-gulpiyuri\/","og:image":"https:\/\/www.eldigitaldeasturias.com\/noticias\/wp-content\/uploads\/2017\/01\/carmen-fdz-FORO.jpg","og:image:secure_url":"https:\/\/www.eldigitaldeasturias.com\/noticias\/wp-content\/uploads\/2017\/01\/carmen-fdz-FORO.jpg","og:image:width":800,"og:image:height":488,"article:tag":["destacadas"],"article:published_time":"2017-01-13T05:40:30+00:00","article:modified_time":"2017-01-13T05:40:30+00:00","article:publisher":"https:\/\/facebook.com\/eldigitaldeasturias","twitter:card":"summary_large_image","twitter:title":"Carmen Fern\u00e1ndez pide soluciones para el acceso a Gulpiyuri - El Digital de Asturias","twitter:description":"La diputada de FORO y portavoz de infraestructuras, Carmen Fern\u00e1ndez, ha puesto de manifiesto que \u201cel acceso a Gulpiyuri, en Llanes, contin\u00faa sin un paso canadiense por el abandono del Gobierno asturiano, gener\u00e1ndose un grave peligro para la circulaci\u00f3n de la autov\u00eda\u201d. Carmen Fern\u00e1ndez hace estas manifestaciones a ra\u00edz de la respuesta recibida por parte","twitter:image":"https:\/\/www.eldigitaldeasturias.com\/noticias\/wp-content\/uploads\/2017\/01\/carmen-fdz-FORO.jpg","twitter:label1":"Escrito por","twitter:data1":"El Digital de Asturias","twitter:label2":"Tiempo de lectura estimado","twitter:data2":"1 minuto"},"aioseo_meta_data":{"post_id":"922120","title":null,"description":null,"keywords":null,"keyphrases":null,"primary_term":null,"canonical_url":null,"og_title":null,"og_description":null,"og_object_type":"default","og_image_type":"default","og_image_url":null,"og_image_width":null,"og_image_height":null,"og_image_custom_url":null,"og_image_custom_fields":null,"og_video":null,"og_custom_url":null,"og_article_section":null,"og_article_tags":null,"twitter_use_og":false,"twitter_card":"default","twitter_image_type":"default","twitter_image_url":null,"twitter_image_custom_url":null,"twitter_image_custom_fields":null,"twitter_title":null,"twitter_description":null,"schema":{"blockGraphs":[],"customGraphs":[],"default":{"data":{"Article":[],"Course":[],"Dataset":[],"FAQPage":[],"Movie":[],"Person":[],"Product":[],"ProductReview":[],"Car":[],"Recipe":[],"Service":[],"SoftwareApplication":[],"WebPage":[]},"graphName":"","isEnabled":true},"graphs":[],"defaultGraph":"","defaultPostTypeGraph":""},"schema_type":null,"schema_type_options":null,"pillar_content":false,"robots_default":true,"robots_noindex":false,"robots_noarchive":false,"robots_nosnippet":false,"robots_nofollow":false,"robots_noimageindex":false,"robots_noodp":false,"robots_notranslate":false,"robots_max_snippet":null,"robots_max_videopreview":null,"robots_max_imagepreview":"large","priority":null,"frequency":null,"local_seo":null,"seo_analyzer_scan_date":"2025-12-02 16:06:06","breadcrumb_settings":null,"limit_modified_date":false,"open_ai":null,"ai":null,"created":"2020-12-21 13:42:59","updated":"2025-12-02 16:06:06"},"aioseo_breadcrumb":"<div class=\"aioseo-breadcrumbs\"><span class=\"aioseo-breadcrumb\">\n\t<a href=\"https:\/\/www.eldigitaldeasturias.com\/noticias\" title=\"Home\">Home<\/a>\n<\/span><span class=\"aioseo-breadcrumb-separator\">\u2013<\/span><span class=\"aioseo-breadcrumb\">\n\t<a href=\"https:\/\/www.eldigitaldeasturias.com\/noticias\/category\/destacadas\/\" title=\"Destacadas\">Destacadas<\/a>\n<\/span><span class=\"aioseo-breadcrumb-separator\">\u2013<\/span><span class=\"aioseo-breadcrumb\">\n\t<a href=\"https:\/\/www.eldigitaldeasturias.com\/noticias\/carmen-fernandez-pide-soluciones-para-el-acceso-a-gulpiyuri\/\" title=\"Carmen Fern\u00e1ndez pide soluciones para el acceso a Gulpiyuri\">Carmen Fern\u00e1ndez pide soluciones para el acceso a Gulpiyuri<\/a>\n<\/span><\/div>","aioseo_breadcrumb_json":[{"label":"Home","link":"https:\/\/www.eldigitaldeasturias.com\/noticias"},{"label":"Destacadas","link":"https:\/\/www.eldigitaldeasturias.com\/noticias\/category\/destacadas\/"},{"label":"Carmen Fern\u00e1ndez pide soluciones para el acceso a Gulpiyuri","link":"https:\/\/www.eldigitaldeasturias.com\/noticias\/carmen-fernandez-pide-soluciones-para-el-acceso-a-gulpiyuri\/"}],"_links":{"self":[{"href":"https:\/\/www.eldigitaldeasturias.com\/noticias\/wp-json\/wp\/v2\/posts\/922120","targetHints":{"allow":["GET"]}}],"collection":[{"href":"https:\/\/www.eldigitaldeasturias.com\/noticias\/wp-json\/wp\/v2\/posts"}],"about":[{"href":"https:\/\/www.eldigitaldeasturias.com\/noticias\/wp-json\/wp\/v2\/types\/post"}],"author":[{"embeddable":true,"href":"https:\/\/www.eldigitaldeasturias.com\/noticias\/wp-json\/wp\/v2\/users\/1"}],"replies":[{"embeddable":true,"href":"https:\/\/www.eldigitaldeasturias.com\/noticias\/wp-json\/wp\/v2\/comments?post=922120"}],"version-history":[{"count":0,"href":"https:\/\/www.eldigitaldeasturias.com\/noticias\/wp-json\/wp\/v2\/posts\/922120\/revisions"}],"wp:featuredmedia":[{"embeddable":true,"href":"https:\/\/www.eldigitaldeasturias.com\/noticias\/wp-json\/wp\/v2\/media\/921474"}],"wp:attachment":[{"href":"https:\/\/www.eldigitaldeasturias.com\/noticias\/wp-json\/wp\/v2\/media?parent=922120"}],"wp:term":[{"taxonomy":"category","embeddable":true,"href":"https:\/\/www.eldigitaldeasturias.com\/noticias\/wp-json\/wp\/v2\/categories?post=922120"},{"taxonomy":"post_tag","embeddable":true,"href":"https:\/\/www.eldigitaldeasturias.com\/noticias\/wp-json\/wp\/v2\/tags?post=922120"}],"curies":[{"name":"wp","href":"https:\/\/api.w.org\/{rel}","templated":true}]}}