{"id":922098,"date":"2017-01-12T20:05:23","date_gmt":"2017-01-12T20:05:23","guid":{"rendered":"http:\/\/www.eldigitaldeasturias.com\/noticias\/?p=922098"},"modified":"2017-01-12T20:05:54","modified_gmt":"2017-01-12T20:05:54","slug":"aumenta-el-numero-de-turistas-internacionales-en-asturias-durante-el-2016","status":"publish","type":"post","link":"https:\/\/www.eldigitaldeasturias.com\/noticias\/aumenta-el-numero-de-turistas-internacionales-en-asturias-durante-el-2016\/","title":{"rendered":"Aumenta el n\u00famero de turistas internacionales en Asturias durante 2016"},"content":{"rendered":"<p><img loading=\"lazy\" decoding=\"async\" class=\"alignleft size-medium wp-image-801124\" src=\"https:\/\/www.eldigitaldeasturias.com\/noticias\/wp-content\/uploads\/2015\/08\/playacandas-360x206.jpg\" alt=\"\" width=\"360\" height=\"206\" srcset=\"https:\/\/www.eldigitaldeasturias.com\/noticias\/wp-content\/uploads\/2015\/08\/playacandas-360x206.jpg 360w, https:\/\/www.eldigitaldeasturias.com\/noticias\/wp-content\/uploads\/2015\/08\/playacandas.jpg 628w\" sizes=\"auto, (max-width: 360px) 100vw, 360px\" \/>El turismo espa\u00f1ol bati\u00f3 en 2016 su r\u00e9cord de visitantes internacionales con la llegada de 75,3 millones de turistas, lo que supone un incremento del 9,9% respecto al 2015, seg\u00fan la estimaci\u00f3n de cierre del a\u00f1o adelantada hoy por el ministro de Energ\u00eda, Turismo y Agenda Digital, \u00c1lvaro Nadal.<\/p>\n<div class=\"clear\">El gasto total realizado por los turistas que visitaron Espa\u00f1a ascendi\u00f3 a 77.000 millones de euros, cifra tambi\u00e9n r\u00e9cord, y que representa un incremento del 8,3% respecto al a\u00f1o anterior. Igualmente, el gasto medio por turista experiment\u00f3 en 2016 un crecimiento del 3,75% y lleg\u00f3 a los 1.023 euros por persona. Asimismo, el gasto medio diario alcanz\u00f3 los 138 euros con un incremento del 6,5% respecto a 2015.<\/div>\n<div class=\"central-container\">\n<div class=\"left-container2\">\n<div class=\"contenidoTexto\">\n<p>Estos datos han sido elaborados sobre la informaci\u00f3n de Turespa\u00f1a y las estad\u00edsticas que aportan las encuestas FRONTUR y EGATUR del Instituto Nacional de Estad\u00edstica (INE).<\/p>\n<p><strong>Llegada de turistas de enero a noviembre<\/strong><\/p>\n<p>Entre los principales mercados emisores entre enero y noviembre, y seg\u00fan la Estad\u00edstica de Movimientos Tur\u00edsticos en Fronteras (FRONTUR) publicada hasta la fecha y realizada por el INE, destaca especialmente la fortaleza del Reino Unido de donde llegaron casi 17 millones de turistas, lo que ha supuesto un incremento del 12,3% respecto a los 11 primeros meses de 2015. A continuaci\u00f3n, se sit\u00faan Francia, con 10,8 millones de turistas y un crecimiento del 7,1% y Alemania con 10,7 millones de turistas y un aumento del 6,1% en los mismos meses de 2015.<\/p>\n<p>Por destinos nacionales, Catalu\u00f1a fue la principal comunidad aut\u00f3noma con m\u00e1s de 17 millones de turistas internacionales, lo que supone un aumento del 3,8% respecto al periodo entre enero y noviembre de 2015. Le siguen Baleares, con 12,9 millones y un crecimiento del 12%, y Canarias con 12 millones y un incremento del 12,7%.<\/p>\n<p class=\"Centrado\">\u00a0<img decoding=\"async\" src=\"http:\/\/www.lamoncloa.gob.es\/serviciosdeprensa\/notasprensa\/minetur\/PublishingImages\/2017\/120117cuadro1.jpg\" alt=\"\" \/><\/p>\n<p><strong>Incremento del gasto de enero a noviembre<\/strong><\/p>\n<p>En el resultado acumulado hasta noviembre de 2016, seg\u00fan datos del INE, el gasto creci\u00f3 en todas las comunidades aut\u00f3nomas, entre las que destaca especialmente el aumento en la Comunidad de Madrid (14,7%), Comunidad Valenciana (13,6%), Canarias (10,7%) y Baleares (10,4%).<\/p>\n<p>En cuanto a los pa\u00edses emisores y en el mismo periodo del a\u00f1o anterior, sobresale el crecimiento del gasto en los turistas brit\u00e1nicos (12,2%). Le siguen los pa\u00edses n\u00f3rdicos con un incremento del 7,10%, Francia (7,56%) y Alemania (4,7%).<\/p>\n<\/div>\n<\/div>\n<\/div>\n","protected":false},"excerpt":{"rendered":"<p>El turismo espa\u00f1ol bati\u00f3 en 2016 su r\u00e9cord de visitantes internacionales con la llegada de 75,3 millones de turistas, lo que supone un incremento del 9,9% respecto al 2015, seg\u00fan la estimaci\u00f3n de cierre del a\u00f1o adelantada hoy por el ministro de Energ\u00eda, Turismo y Agenda Digital, \u00c1lvaro Nadal. El gasto total realizado por los [&hellip;]<\/p>\n","protected":false},"author":1,"featured_media":915309,"comment_status":"closed","ping_status":"closed","sticky":false,"template":"","format":"standard","meta":{"footnotes":""},"categories":[141],"tags":[],"class_list":["post-922098","post","type-post","status-publish","format-standard","has-post-thumbnail","hentry","category-destacadas"],"aioseo_notices":[],"aioseo_head":"\n\t\t<!-- All in One SEO Pro 4.9.6.2 - aioseo.com -->\n\t<meta name=\"description\" content=\"El turismo espa\u00f1ol bati\u00f3 en 2016 su r\u00e9cord de visitantes internacionales con la llegada de 75,3 millones de turistas, lo que supone un incremento del 9,9% respecto al 2015, seg\u00fan la estimaci\u00f3n de cierre del a\u00f1o adelantada hoy por el ministro de Energ\u00eda, Turismo y Agenda Digital, \u00c1lvaro Nadal. El gasto total realizado por los\" \/>\n\t<meta name=\"robots\" content=\"max-image-preview:large\" \/>\n\t<meta name=\"author\" content=\"El Digital de Asturias\"\/>\n\t<meta name=\"google-site-verification\" content=\"UA-38556648-1\" \/>\n\t<meta name=\"msvalidate.01\" content=\"7dfe9f3f1b24437ab69f4f2559babe99\" \/>\n\t<meta name=\"keywords\" content=\"destacadas\" \/>\n\t<link rel=\"canonical\" href=\"https:\/\/www.eldigitaldeasturias.com\/noticias\/aumenta-el-numero-de-turistas-internacionales-en-asturias-durante-el-2016\/\" \/>\n\t<meta name=\"generator\" content=\"All in One SEO Pro (AIOSEO) 4.9.6.2\" \/>\n\t\t<meta property=\"og:locale\" content=\"es_ES\" \/>\n\t\t<meta property=\"og:site_name\" content=\"El Digital de Asturias\" \/>\n\t\t<meta property=\"og:type\" content=\"article\" \/>\n\t\t<meta property=\"og:title\" content=\"Aumenta el n\u00famero de turistas internacionales en Asturias durante 2016 - El Digital de Asturias\" \/>\n\t\t<meta property=\"og:description\" content=\"El turismo espa\u00f1ol bati\u00f3 en 2016 su r\u00e9cord de visitantes internacionales con la llegada de 75,3 millones de turistas, lo que supone un incremento del 9,9% respecto al 2015, seg\u00fan la estimaci\u00f3n de cierre del a\u00f1o adelantada hoy por el ministro de Energ\u00eda, Turismo y Agenda Digital, \u00c1lvaro Nadal. El gasto total realizado por los\" \/>\n\t\t<meta property=\"og:url\" content=\"https:\/\/www.eldigitaldeasturias.com\/noticias\/aumenta-el-numero-de-turistas-internacionales-en-asturias-durante-el-2016\/\" \/>\n\t\t<meta property=\"og:image\" content=\"https:\/\/www.eldigitaldeasturias.com\/noticias\/wp-content\/uploads\/2016\/11\/puerto-de-cand\u00e1s.jpg\" \/>\n\t\t<meta property=\"og:image:secure_url\" content=\"https:\/\/www.eldigitaldeasturias.com\/noticias\/wp-content\/uploads\/2016\/11\/puerto-de-cand\u00e1s.jpg\" \/>\n\t\t<meta property=\"og:image:width\" content=\"655\" \/>\n\t\t<meta property=\"og:image:height\" content=\"360\" \/>\n\t\t<meta property=\"article:tag\" content=\"destacadas\" \/>\n\t\t<meta property=\"article:published_time\" content=\"2017-01-12T20:05:23+00:00\" \/>\n\t\t<meta property=\"article:modified_time\" content=\"2017-01-12T20:05:54+00:00\" \/>\n\t\t<meta property=\"article:publisher\" content=\"https:\/\/facebook.com\/eldigitaldeasturias\" \/>\n\t\t<meta name=\"twitter:card\" content=\"summary_large_image\" \/>\n\t\t<meta name=\"twitter:title\" content=\"Aumenta el n\u00famero de turistas internacionales en Asturias durante 2016 - El Digital de Asturias\" \/>\n\t\t<meta name=\"twitter:description\" content=\"El turismo espa\u00f1ol bati\u00f3 en 2016 su r\u00e9cord de visitantes internacionales con la llegada de 75,3 millones de turistas, lo que supone un incremento del 9,9% respecto al 2015, seg\u00fan la estimaci\u00f3n de cierre del a\u00f1o adelantada hoy por el ministro de Energ\u00eda, Turismo y Agenda Digital, \u00c1lvaro Nadal. El gasto total realizado por los\" \/>\n\t\t<meta name=\"twitter:image\" content=\"https:\/\/www.eldigitaldeasturias.com\/noticias\/wp-content\/uploads\/2016\/11\/puerto-de-cand\u00e1s.jpg\" \/>\n\t\t<meta name=\"twitter:label1\" content=\"Escrito por\" \/>\n\t\t<meta name=\"twitter:data1\" content=\"El Digital de Asturias\" \/>\n\t\t<meta name=\"twitter:label2\" content=\"Tiempo de lectura estimado\" \/>\n\t\t<meta name=\"twitter:data2\" content=\"2 minutos\" \/>\n\t\t<script type=\"application\/ld+json\" class=\"aioseo-schema\">\n\t\t\t{\"@context\":\"https:\\\/\\\/schema.org\",\"@graph\":[{\"@type\":\"BlogPosting\",\"@id\":\"https:\\\/\\\/www.eldigitaldeasturias.com\\\/noticias\\\/aumenta-el-numero-de-turistas-internacionales-en-asturias-durante-el-2016\\\/#blogposting\",\"name\":\"Aumenta el n\\u00famero de turistas internacionales en Asturias durante 2016 - El Digital de Asturias\",\"headline\":\"Aumenta el n\\u00famero de turistas internacionales en Asturias durante 2016\",\"author\":{\"@id\":\"https:\\\/\\\/www.eldigitaldeasturias.com\\\/noticias\\\/author\\\/admin\\\/#author\"},\"publisher\":{\"@id\":\"https:\\\/\\\/www.eldigitaldeasturias.com\\\/noticias\\\/#organization\"},\"image\":{\"@type\":\"ImageObject\",\"url\":\"https:\\\/\\\/www.eldigitaldeasturias.com\\\/noticias\\\/wp-content\\\/uploads\\\/2016\\\/11\\\/puerto-de-cand\\u00e1s.jpg\",\"width\":655,\"height\":360,\"caption\":\"Cand\\u00e1s, Principado de Asturias\"},\"datePublished\":\"2017-01-12T20:05:23+01:00\",\"dateModified\":\"2017-01-12T20:05:54+01:00\",\"inLanguage\":\"es-ES\",\"mainEntityOfPage\":{\"@id\":\"https:\\\/\\\/www.eldigitaldeasturias.com\\\/noticias\\\/aumenta-el-numero-de-turistas-internacionales-en-asturias-durante-el-2016\\\/#webpage\"},\"isPartOf\":{\"@id\":\"https:\\\/\\\/www.eldigitaldeasturias.com\\\/noticias\\\/aumenta-el-numero-de-turistas-internacionales-en-asturias-durante-el-2016\\\/#webpage\"},\"articleSection\":\"Destacadas\"},{\"@type\":\"BreadcrumbList\",\"@id\":\"https:\\\/\\\/www.eldigitaldeasturias.com\\\/noticias\\\/aumenta-el-numero-de-turistas-internacionales-en-asturias-durante-el-2016\\\/#breadcrumblist\",\"itemListElement\":[{\"@type\":\"ListItem\",\"@id\":\"https:\\\/\\\/www.eldigitaldeasturias.com\\\/noticias#listItem\",\"position\":1,\"name\":\"Home\",\"item\":\"https:\\\/\\\/www.eldigitaldeasturias.com\\\/noticias\",\"nextItem\":{\"@type\":\"ListItem\",\"@id\":\"https:\\\/\\\/www.eldigitaldeasturias.com\\\/noticias\\\/category\\\/destacadas\\\/#listItem\",\"name\":\"Destacadas\"}},{\"@type\":\"ListItem\",\"@id\":\"https:\\\/\\\/www.eldigitaldeasturias.com\\\/noticias\\\/category\\\/destacadas\\\/#listItem\",\"position\":2,\"name\":\"Destacadas\",\"item\":\"https:\\\/\\\/www.eldigitaldeasturias.com\\\/noticias\\\/category\\\/destacadas\\\/\",\"nextItem\":{\"@type\":\"ListItem\",\"@id\":\"https:\\\/\\\/www.eldigitaldeasturias.com\\\/noticias\\\/aumenta-el-numero-de-turistas-internacionales-en-asturias-durante-el-2016\\\/#listItem\",\"name\":\"Aumenta el n\\u00famero de turistas internacionales en Asturias durante 2016\"},\"previousItem\":{\"@type\":\"ListItem\",\"@id\":\"https:\\\/\\\/www.eldigitaldeasturias.com\\\/noticias#listItem\",\"name\":\"Home\"}},{\"@type\":\"ListItem\",\"@id\":\"https:\\\/\\\/www.eldigitaldeasturias.com\\\/noticias\\\/aumenta-el-numero-de-turistas-internacionales-en-asturias-durante-el-2016\\\/#listItem\",\"position\":3,\"name\":\"Aumenta el n\\u00famero de turistas internacionales en Asturias durante 2016\",\"previousItem\":{\"@type\":\"ListItem\",\"@id\":\"https:\\\/\\\/www.eldigitaldeasturias.com\\\/noticias\\\/category\\\/destacadas\\\/#listItem\",\"name\":\"Destacadas\"}}]},{\"@type\":\"Organization\",\"@id\":\"https:\\\/\\\/www.eldigitaldeasturias.com\\\/noticias\\\/#organization\",\"name\":\"El Digital de Asturias\",\"description\":\"Hemeroteca\",\"url\":\"https:\\\/\\\/www.eldigitaldeasturias.com\\\/noticias\\\/\",\"email\":\"info@eldigitaldeasturias.com\",\"telephone\":\"+34652131393\",\"logo\":{\"@type\":\"ImageObject\",\"url\":\"https:\\\/\\\/www.eldigitaldeasturias.com\\\/noticias\\\/wp-content\\\/uploads\\\/2020\\\/12\\\/EDA.jpg\",\"@id\":\"https:\\\/\\\/www.eldigitaldeasturias.com\\\/noticias\\\/aumenta-el-numero-de-turistas-internacionales-en-asturias-durante-el-2016\\\/#organizationLogo\",\"width\":649,\"height\":297},\"image\":{\"@id\":\"https:\\\/\\\/www.eldigitaldeasturias.com\\\/noticias\\\/aumenta-el-numero-de-turistas-internacionales-en-asturias-durante-el-2016\\\/#organizationLogo\"},\"sameAs\":[\"https:\\\/\\\/facebook.com\\\/eldigitaldeasturias\",\"https:\\\/\\\/www.youtube.com\\\/channel\\\/UCZP-2wLEB9Rv6erhFmqVnvg\"],\"address\":{\"@id\":\"https:\\\/\\\/www.eldigitaldeasturias.com\\\/noticias\\\/#postaladdress\",\"@type\":\"PostalAddress\",\"streetAddress\":\"san antonio 4,\",\"postalCode\":\"33430\",\"addressLocality\":\"Cand\\u00e1s\",\"addressRegion\":\"Asturias\",\"addressCountry\":\"ES\"}},{\"@type\":\"Person\",\"@id\":\"https:\\\/\\\/www.eldigitaldeasturias.com\\\/noticias\\\/author\\\/admin\\\/#author\",\"url\":\"https:\\\/\\\/www.eldigitaldeasturias.com\\\/noticias\\\/author\\\/admin\\\/\",\"name\":\"El Digital de Asturias\",\"image\":{\"@type\":\"ImageObject\",\"@id\":\"https:\\\/\\\/www.eldigitaldeasturias.com\\\/noticias\\\/aumenta-el-numero-de-turistas-internacionales-en-asturias-durante-el-2016\\\/#authorImage\",\"url\":\"https:\\\/\\\/www.eldigitaldeasturias.com\\\/noticias\\\/wp-content\\\/litespeed\\\/avatar\\\/18677e78aa0546b92d9dbf31ec7d7668.jpg?ver=1777290358\",\"width\":96,\"height\":96,\"caption\":\"El Digital de Asturias\"}},{\"@type\":\"WebPage\",\"@id\":\"https:\\\/\\\/www.eldigitaldeasturias.com\\\/noticias\\\/aumenta-el-numero-de-turistas-internacionales-en-asturias-durante-el-2016\\\/#webpage\",\"url\":\"https:\\\/\\\/www.eldigitaldeasturias.com\\\/noticias\\\/aumenta-el-numero-de-turistas-internacionales-en-asturias-durante-el-2016\\\/\",\"name\":\"Aumenta el n\\u00famero de turistas internacionales en Asturias durante 2016 - El Digital de Asturias\",\"description\":\"El turismo espa\\u00f1ol bati\\u00f3 en 2016 su r\\u00e9cord de visitantes internacionales con la llegada de 75,3 millones de turistas, lo que supone un incremento del 9,9% respecto al 2015, seg\\u00fan la estimaci\\u00f3n de cierre del a\\u00f1o adelantada hoy por el ministro de Energ\\u00eda, Turismo y Agenda Digital, \\u00c1lvaro Nadal. El gasto total realizado por los\",\"inLanguage\":\"es-ES\",\"isPartOf\":{\"@id\":\"https:\\\/\\\/www.eldigitaldeasturias.com\\\/noticias\\\/#website\"},\"breadcrumb\":{\"@id\":\"https:\\\/\\\/www.eldigitaldeasturias.com\\\/noticias\\\/aumenta-el-numero-de-turistas-internacionales-en-asturias-durante-el-2016\\\/#breadcrumblist\"},\"author\":{\"@id\":\"https:\\\/\\\/www.eldigitaldeasturias.com\\\/noticias\\\/author\\\/admin\\\/#author\"},\"creator\":{\"@id\":\"https:\\\/\\\/www.eldigitaldeasturias.com\\\/noticias\\\/author\\\/admin\\\/#author\"},\"image\":{\"@type\":\"ImageObject\",\"url\":\"https:\\\/\\\/www.eldigitaldeasturias.com\\\/noticias\\\/wp-content\\\/uploads\\\/2016\\\/11\\\/puerto-de-cand\\u00e1s.jpg\",\"@id\":\"https:\\\/\\\/www.eldigitaldeasturias.com\\\/noticias\\\/aumenta-el-numero-de-turistas-internacionales-en-asturias-durante-el-2016\\\/#mainImage\",\"width\":655,\"height\":360,\"caption\":\"Cand\\u00e1s, Principado de Asturias\"},\"primaryImageOfPage\":{\"@id\":\"https:\\\/\\\/www.eldigitaldeasturias.com\\\/noticias\\\/aumenta-el-numero-de-turistas-internacionales-en-asturias-durante-el-2016\\\/#mainImage\"},\"datePublished\":\"2017-01-12T20:05:23+01:00\",\"dateModified\":\"2017-01-12T20:05:54+01:00\"},{\"@type\":\"WebSite\",\"@id\":\"https:\\\/\\\/www.eldigitaldeasturias.com\\\/noticias\\\/#website\",\"url\":\"https:\\\/\\\/www.eldigitaldeasturias.com\\\/noticias\\\/\",\"name\":\"El Digital de Asturias - Diario de actualidad y noticias\",\"alternateName\":\"El Digital de Asturias - Diario de actualidad y noticias\",\"description\":\"Hemeroteca\",\"inLanguage\":\"es-ES\",\"publisher\":{\"@id\":\"https:\\\/\\\/www.eldigitaldeasturias.com\\\/noticias\\\/#organization\"}}]}\n\t\t<\/script>\n\t\t<!-- All in One SEO Pro -->\r\n\t\t<title>Aumenta el n\u00famero de turistas internacionales en Asturias durante 2016 - El Digital de Asturias<\/title>\n\n","aioseo_head_json":{"title":"Aumenta el n\u00famero de turistas internacionales en Asturias durante 2016 - El Digital de Asturias","description":"El turismo espa\u00f1ol bati\u00f3 en 2016 su r\u00e9cord de visitantes internacionales con la llegada de 75,3 millones de turistas, lo que supone un incremento del 9,9% respecto al 2015, seg\u00fan la estimaci\u00f3n de cierre del a\u00f1o adelantada hoy por el ministro de Energ\u00eda, Turismo y Agenda Digital, \u00c1lvaro Nadal. El gasto total realizado por los","canonical_url":"https:\/\/www.eldigitaldeasturias.com\/noticias\/aumenta-el-numero-de-turistas-internacionales-en-asturias-durante-el-2016\/","robots":"max-image-preview:large","keywords":"destacadas","webmasterTools":{"google-site-verification":"UA-38556648-1","msvalidate.01":"7dfe9f3f1b24437ab69f4f2559babe99","miscellaneous":""},"schema":{"@context":"https:\/\/schema.org","@graph":[{"@type":"BlogPosting","@id":"https:\/\/www.eldigitaldeasturias.com\/noticias\/aumenta-el-numero-de-turistas-internacionales-en-asturias-durante-el-2016\/#blogposting","name":"Aumenta el n\u00famero de turistas internacionales en Asturias durante 2016 - El Digital de Asturias","headline":"Aumenta el n\u00famero de turistas internacionales en Asturias durante 2016","author":{"@id":"https:\/\/www.eldigitaldeasturias.com\/noticias\/author\/admin\/#author"},"publisher":{"@id":"https:\/\/www.eldigitaldeasturias.com\/noticias\/#organization"},"image":{"@type":"ImageObject","url":"https:\/\/www.eldigitaldeasturias.com\/noticias\/wp-content\/uploads\/2016\/11\/puerto-de-cand\u00e1s.jpg","width":655,"height":360,"caption":"Cand\u00e1s, Principado de Asturias"},"datePublished":"2017-01-12T20:05:23+01:00","dateModified":"2017-01-12T20:05:54+01:00","inLanguage":"es-ES","mainEntityOfPage":{"@id":"https:\/\/www.eldigitaldeasturias.com\/noticias\/aumenta-el-numero-de-turistas-internacionales-en-asturias-durante-el-2016\/#webpage"},"isPartOf":{"@id":"https:\/\/www.eldigitaldeasturias.com\/noticias\/aumenta-el-numero-de-turistas-internacionales-en-asturias-durante-el-2016\/#webpage"},"articleSection":"Destacadas"},{"@type":"BreadcrumbList","@id":"https:\/\/www.eldigitaldeasturias.com\/noticias\/aumenta-el-numero-de-turistas-internacionales-en-asturias-durante-el-2016\/#breadcrumblist","itemListElement":[{"@type":"ListItem","@id":"https:\/\/www.eldigitaldeasturias.com\/noticias#listItem","position":1,"name":"Home","item":"https:\/\/www.eldigitaldeasturias.com\/noticias","nextItem":{"@type":"ListItem","@id":"https:\/\/www.eldigitaldeasturias.com\/noticias\/category\/destacadas\/#listItem","name":"Destacadas"}},{"@type":"ListItem","@id":"https:\/\/www.eldigitaldeasturias.com\/noticias\/category\/destacadas\/#listItem","position":2,"name":"Destacadas","item":"https:\/\/www.eldigitaldeasturias.com\/noticias\/category\/destacadas\/","nextItem":{"@type":"ListItem","@id":"https:\/\/www.eldigitaldeasturias.com\/noticias\/aumenta-el-numero-de-turistas-internacionales-en-asturias-durante-el-2016\/#listItem","name":"Aumenta el n\u00famero de turistas internacionales en Asturias durante 2016"},"previousItem":{"@type":"ListItem","@id":"https:\/\/www.eldigitaldeasturias.com\/noticias#listItem","name":"Home"}},{"@type":"ListItem","@id":"https:\/\/www.eldigitaldeasturias.com\/noticias\/aumenta-el-numero-de-turistas-internacionales-en-asturias-durante-el-2016\/#listItem","position":3,"name":"Aumenta el n\u00famero de turistas internacionales en Asturias durante 2016","previousItem":{"@type":"ListItem","@id":"https:\/\/www.eldigitaldeasturias.com\/noticias\/category\/destacadas\/#listItem","name":"Destacadas"}}]},{"@type":"Organization","@id":"https:\/\/www.eldigitaldeasturias.com\/noticias\/#organization","name":"El Digital de Asturias","description":"Hemeroteca","url":"https:\/\/www.eldigitaldeasturias.com\/noticias\/","email":"info@eldigitaldeasturias.com","telephone":"+34652131393","logo":{"@type":"ImageObject","url":"https:\/\/www.eldigitaldeasturias.com\/noticias\/wp-content\/uploads\/2020\/12\/EDA.jpg","@id":"https:\/\/www.eldigitaldeasturias.com\/noticias\/aumenta-el-numero-de-turistas-internacionales-en-asturias-durante-el-2016\/#organizationLogo","width":649,"height":297},"image":{"@id":"https:\/\/www.eldigitaldeasturias.com\/noticias\/aumenta-el-numero-de-turistas-internacionales-en-asturias-durante-el-2016\/#organizationLogo"},"sameAs":["https:\/\/facebook.com\/eldigitaldeasturias","https:\/\/www.youtube.com\/channel\/UCZP-2wLEB9Rv6erhFmqVnvg"],"address":{"@id":"https:\/\/www.eldigitaldeasturias.com\/noticias\/#postaladdress","@type":"PostalAddress","streetAddress":"san antonio 4,","postalCode":"33430","addressLocality":"Cand\u00e1s","addressRegion":"Asturias","addressCountry":"ES"}},{"@type":"Person","@id":"https:\/\/www.eldigitaldeasturias.com\/noticias\/author\/admin\/#author","url":"https:\/\/www.eldigitaldeasturias.com\/noticias\/author\/admin\/","name":"El Digital de Asturias","image":{"@type":"ImageObject","@id":"https:\/\/www.eldigitaldeasturias.com\/noticias\/aumenta-el-numero-de-turistas-internacionales-en-asturias-durante-el-2016\/#authorImage","url":"https:\/\/www.eldigitaldeasturias.com\/noticias\/wp-content\/litespeed\/avatar\/18677e78aa0546b92d9dbf31ec7d7668.jpg?ver=1777290358","width":96,"height":96,"caption":"El Digital de Asturias"}},{"@type":"WebPage","@id":"https:\/\/www.eldigitaldeasturias.com\/noticias\/aumenta-el-numero-de-turistas-internacionales-en-asturias-durante-el-2016\/#webpage","url":"https:\/\/www.eldigitaldeasturias.com\/noticias\/aumenta-el-numero-de-turistas-internacionales-en-asturias-durante-el-2016\/","name":"Aumenta el n\u00famero de turistas internacionales en Asturias durante 2016 - El Digital de Asturias","description":"El turismo espa\u00f1ol bati\u00f3 en 2016 su r\u00e9cord de visitantes internacionales con la llegada de 75,3 millones de turistas, lo que supone un incremento del 9,9% respecto al 2015, seg\u00fan la estimaci\u00f3n de cierre del a\u00f1o adelantada hoy por el ministro de Energ\u00eda, Turismo y Agenda Digital, \u00c1lvaro Nadal. El gasto total realizado por los","inLanguage":"es-ES","isPartOf":{"@id":"https:\/\/www.eldigitaldeasturias.com\/noticias\/#website"},"breadcrumb":{"@id":"https:\/\/www.eldigitaldeasturias.com\/noticias\/aumenta-el-numero-de-turistas-internacionales-en-asturias-durante-el-2016\/#breadcrumblist"},"author":{"@id":"https:\/\/www.eldigitaldeasturias.com\/noticias\/author\/admin\/#author"},"creator":{"@id":"https:\/\/www.eldigitaldeasturias.com\/noticias\/author\/admin\/#author"},"image":{"@type":"ImageObject","url":"https:\/\/www.eldigitaldeasturias.com\/noticias\/wp-content\/uploads\/2016\/11\/puerto-de-cand\u00e1s.jpg","@id":"https:\/\/www.eldigitaldeasturias.com\/noticias\/aumenta-el-numero-de-turistas-internacionales-en-asturias-durante-el-2016\/#mainImage","width":655,"height":360,"caption":"Cand\u00e1s, Principado de Asturias"},"primaryImageOfPage":{"@id":"https:\/\/www.eldigitaldeasturias.com\/noticias\/aumenta-el-numero-de-turistas-internacionales-en-asturias-durante-el-2016\/#mainImage"},"datePublished":"2017-01-12T20:05:23+01:00","dateModified":"2017-01-12T20:05:54+01:00"},{"@type":"WebSite","@id":"https:\/\/www.eldigitaldeasturias.com\/noticias\/#website","url":"https:\/\/www.eldigitaldeasturias.com\/noticias\/","name":"El Digital de Asturias - Diario de actualidad y noticias","alternateName":"El Digital de Asturias - Diario de actualidad y noticias","description":"Hemeroteca","inLanguage":"es-ES","publisher":{"@id":"https:\/\/www.eldigitaldeasturias.com\/noticias\/#organization"}}]},"og:locale":"es_ES","og:site_name":"El Digital de Asturias","og:type":"article","og:title":"Aumenta el n\u00famero de turistas internacionales en Asturias durante 2016 - El Digital de Asturias","og:description":"El turismo espa\u00f1ol bati\u00f3 en 2016 su r\u00e9cord de visitantes internacionales con la llegada de 75,3 millones de turistas, lo que supone un incremento del 9,9% respecto al 2015, seg\u00fan la estimaci\u00f3n de cierre del a\u00f1o adelantada hoy por el ministro de Energ\u00eda, Turismo y Agenda Digital, \u00c1lvaro Nadal. El gasto total realizado por los","og:url":"https:\/\/www.eldigitaldeasturias.com\/noticias\/aumenta-el-numero-de-turistas-internacionales-en-asturias-durante-el-2016\/","og:image":"https:\/\/www.eldigitaldeasturias.com\/noticias\/wp-content\/uploads\/2016\/11\/puerto-de-cand\u00e1s.jpg","og:image:secure_url":"https:\/\/www.eldigitaldeasturias.com\/noticias\/wp-content\/uploads\/2016\/11\/puerto-de-cand\u00e1s.jpg","og:image:width":655,"og:image:height":360,"article:tag":["destacadas"],"article:published_time":"2017-01-12T20:05:23+00:00","article:modified_time":"2017-01-12T20:05:54+00:00","article:publisher":"https:\/\/facebook.com\/eldigitaldeasturias","twitter:card":"summary_large_image","twitter:title":"Aumenta el n\u00famero de turistas internacionales en Asturias durante 2016 - El Digital de Asturias","twitter:description":"El turismo espa\u00f1ol bati\u00f3 en 2016 su r\u00e9cord de visitantes internacionales con la llegada de 75,3 millones de turistas, lo que supone un incremento del 9,9% respecto al 2015, seg\u00fan la estimaci\u00f3n de cierre del a\u00f1o adelantada hoy por el ministro de Energ\u00eda, Turismo y Agenda Digital, \u00c1lvaro Nadal. El gasto total realizado por los","twitter:image":"https:\/\/www.eldigitaldeasturias.com\/noticias\/wp-content\/uploads\/2016\/11\/puerto-de-cand\u00e1s.jpg","twitter:label1":"Escrito por","twitter:data1":"El Digital de Asturias","twitter:label2":"Tiempo de lectura estimado","twitter:data2":"2 minutos"},"aioseo_meta_data":{"post_id":"922098","title":null,"description":null,"keywords":null,"keyphrases":null,"primary_term":null,"canonical_url":null,"og_title":null,"og_description":null,"og_object_type":"default","og_image_type":"default","og_image_url":null,"og_image_width":null,"og_image_height":null,"og_image_custom_url":null,"og_image_custom_fields":null,"og_video":null,"og_custom_url":null,"og_article_section":null,"og_article_tags":null,"twitter_use_og":false,"twitter_card":"default","twitter_image_type":"default","twitter_image_url":null,"twitter_image_custom_url":null,"twitter_image_custom_fields":null,"twitter_title":null,"twitter_description":null,"schema":{"blockGraphs":[],"customGraphs":[],"default":{"data":{"Article":[],"Course":[],"Dataset":[],"FAQPage":[],"Movie":[],"Person":[],"Product":[],"ProductReview":[],"Car":[],"Recipe":[],"Service":[],"SoftwareApplication":[],"WebPage":[]},"graphName":"","isEnabled":true},"graphs":[],"defaultGraph":"","defaultPostTypeGraph":""},"schema_type":null,"schema_type_options":null,"pillar_content":false,"robots_default":true,"robots_noindex":false,"robots_noarchive":false,"robots_nosnippet":false,"robots_nofollow":false,"robots_noimageindex":false,"robots_noodp":false,"robots_notranslate":false,"robots_max_snippet":null,"robots_max_videopreview":null,"robots_max_imagepreview":"large","priority":null,"frequency":null,"local_seo":null,"seo_analyzer_scan_date":"2025-12-02 16:02:12","breadcrumb_settings":null,"limit_modified_date":false,"open_ai":null,"ai":null,"created":"2020-12-21 13:42:59","updated":"2025-12-02 16:02:12"},"aioseo_breadcrumb":"<div class=\"aioseo-breadcrumbs\"><span class=\"aioseo-breadcrumb\">\n\t<a href=\"https:\/\/www.eldigitaldeasturias.com\/noticias\" title=\"Home\">Home<\/a>\n<\/span><span class=\"aioseo-breadcrumb-separator\">\u2013<\/span><span class=\"aioseo-breadcrumb\">\n\t<a href=\"https:\/\/www.eldigitaldeasturias.com\/noticias\/category\/destacadas\/\" title=\"Destacadas\">Destacadas<\/a>\n<\/span><span class=\"aioseo-breadcrumb-separator\">\u2013<\/span><span class=\"aioseo-breadcrumb\">\n\t<a href=\"https:\/\/www.eldigitaldeasturias.com\/noticias\/aumenta-el-numero-de-turistas-internacionales-en-asturias-durante-el-2016\/\" title=\"Aumenta el n\u00famero de turistas internacionales en Asturias durante 2016\">Aumenta el n\u00famero de turistas internacionales en Asturias durante 2016<\/a>\n<\/span><\/div>","aioseo_breadcrumb_json":[{"label":"Home","link":"https:\/\/www.eldigitaldeasturias.com\/noticias"},{"label":"Destacadas","link":"https:\/\/www.eldigitaldeasturias.com\/noticias\/category\/destacadas\/"},{"label":"Aumenta el n\u00famero de turistas internacionales en Asturias durante 2016","link":"https:\/\/www.eldigitaldeasturias.com\/noticias\/aumenta-el-numero-de-turistas-internacionales-en-asturias-durante-el-2016\/"}],"_links":{"self":[{"href":"https:\/\/www.eldigitaldeasturias.com\/noticias\/wp-json\/wp\/v2\/posts\/922098","targetHints":{"allow":["GET"]}}],"collection":[{"href":"https:\/\/www.eldigitaldeasturias.com\/noticias\/wp-json\/wp\/v2\/posts"}],"about":[{"href":"https:\/\/www.eldigitaldeasturias.com\/noticias\/wp-json\/wp\/v2\/types\/post"}],"author":[{"embeddable":true,"href":"https:\/\/www.eldigitaldeasturias.com\/noticias\/wp-json\/wp\/v2\/users\/1"}],"replies":[{"embeddable":true,"href":"https:\/\/www.eldigitaldeasturias.com\/noticias\/wp-json\/wp\/v2\/comments?post=922098"}],"version-history":[{"count":0,"href":"https:\/\/www.eldigitaldeasturias.com\/noticias\/wp-json\/wp\/v2\/posts\/922098\/revisions"}],"wp:featuredmedia":[{"embeddable":true,"href":"https:\/\/www.eldigitaldeasturias.com\/noticias\/wp-json\/wp\/v2\/media\/915309"}],"wp:attachment":[{"href":"https:\/\/www.eldigitaldeasturias.com\/noticias\/wp-json\/wp\/v2\/media?parent=922098"}],"wp:term":[{"taxonomy":"category","embeddable":true,"href":"https:\/\/www.eldigitaldeasturias.com\/noticias\/wp-json\/wp\/v2\/categories?post=922098"},{"taxonomy":"post_tag","embeddable":true,"href":"https:\/\/www.eldigitaldeasturias.com\/noticias\/wp-json\/wp\/v2\/tags?post=922098"}],"curies":[{"name":"wp","href":"https:\/\/api.w.org\/{rel}","templated":true}]}}