{"id":922051,"date":"2017-01-12T16:32:42","date_gmt":"2017-01-12T16:32:42","guid":{"rendered":"http:\/\/www.eldigitaldeasturias.com\/noticias\/?p=922051"},"modified":"2017-01-12T16:32:42","modified_gmt":"2017-01-12T16:32:42","slug":"disminuyen-los-casos-de-gripe-en-asturias","status":"publish","type":"post","link":"https:\/\/www.eldigitaldeasturias.com\/noticias\/disminuyen-los-casos-de-gripe-en-asturias\/","title":{"rendered":"Disminuyen los casos de gripe en Asturias"},"content":{"rendered":"<p><img loading=\"lazy\" decoding=\"async\" class=\"alignleft size-medium wp-image-900063\" src=\"https:\/\/www.eldigitaldeasturias.com\/noticias\/wp-content\/uploads\/2016\/07\/HUCA-360x204.jpg\" alt=\"\" width=\"360\" height=\"204\" srcset=\"https:\/\/www.eldigitaldeasturias.com\/noticias\/wp-content\/uploads\/2016\/07\/HUCA-360x204.jpg 360w, https:\/\/www.eldigitaldeasturias.com\/noticias\/wp-content\/uploads\/2016\/07\/HUCA-480x272.jpg 480w, https:\/\/www.eldigitaldeasturias.com\/noticias\/wp-content\/uploads\/2016\/07\/HUCA-768x435.jpg 768w, https:\/\/www.eldigitaldeasturias.com\/noticias\/wp-content\/uploads\/2016\/07\/HUCA-690x391.jpg 690w, https:\/\/www.eldigitaldeasturias.com\/noticias\/wp-content\/uploads\/2016\/07\/HUCA-20x11.jpg 20w, https:\/\/www.eldigitaldeasturias.com\/noticias\/wp-content\/uploads\/2016\/07\/HUCA.jpg 800w\" sizes=\"auto, (max-width: 360px) 100vw, 360px\" \/>La onda epid\u00e9mica estacional de la gripe ha descendido de forma brusca en Asturias en la primera semana de 2017 y vuelto a un nivel de actividad bajo. La tasa de incidencia se ha reducido a la mitad con respecto a la \u00faltima semana de 2016 y se sit\u00faa en 304,2 casos por 100.000 habitantes frente a los 635 de entonces. La ca\u00edda es significativa en todos los grupos de edad, salvo en el de 15 a 64 a\u00f1os.<\/p>\n<p>Esta disminuci\u00f3n coincide con una reducci\u00f3n de la circulaci\u00f3n de la enfermedad y un ligero aumento de la presencia de otros virus respiratorios, lo que podr\u00eda indicar el inicio de la fase de descenso de la epidemia estacional. Sin embargo, dado su car\u00e1cter poco predecible, esta situaci\u00f3n deber\u00e1 confirmarse en las pr\u00f3ximas semanas.<\/p>\n<p>En todo el pa\u00eds, menos en Ceuta, la circulaci\u00f3n del virus ha superado ya el nivel basal; es muy intensa en Castilla y Le\u00f3n, y media en Baleares, Catalu\u00f1a, Cantabria, Navarra, La Rioja y Pa\u00eds Vasco. La difusi\u00f3n es epid\u00e9mica en toda la mitad norte del pa\u00eds y espor\u00e1dica o local en la mitad sur. La tasa global de incidencia de gripe aumenta desde 138 hasta 174 casos por 100.000 habitantes.<\/p>\n<p>En Espa\u00f1a se han notificado hasta la fecha 429 casos graves hospitalizados en 17 comunidades. Entre los que se conoce la informaci\u00f3n, 125 han sido admitidos en UCI y 53 han fallecido en las 14 autonom\u00edas en las que se han registrado defunciones. El mayor n\u00famero de casos se da en el grupo de mayores de 64 a\u00f1os (71%), seguido del grupo de 45 a 64 (18%).<\/p>\n<p>El 88% de los pacientes con informaci\u00f3n disponible presentaban factores de riesgo de complicaciones de gripe. En los adultos, los elementos m\u00e1s prevalentes son las enfermedades cardiovascular cr\u00f3nica (42%), pulmonar cr\u00f3nica (36%) y la diabetes (32%), mientras que en los menores de 15 a\u00f1os lo son las enfermedades pulmonar cr\u00f3nica (10%) y cardiovascular cr\u00f3nica (9%). El 74% de los afectados desarroll\u00f3 neumon\u00eda. De los 169 enfermos pertenecientes a grupos recomendados de vacunaci\u00f3n, el 56% no hab\u00edan recibido la inmunizaci\u00f3n esta temporada<\/p>\n<p>En Asturias se han notificado 52 casos graves, con una tasa de 15,7 casos por 100.000 habitantes; de ellos, el 35% requirieron ingreso en la UCI (16) y ocho fallecieron (15%). Existe una predominancia de varones (60%) y mayor afectaci\u00f3n de personas mayores, con el 75% de los casos a partir de los 65 a\u00f1os (85% con 50 a\u00f1os o m\u00e1s).<\/p>\n<p>El 83% de los casos presentaba alg\u00fan factor de riesgo, principalmente enfermedades cardiovasculares (48%), metab\u00f3licas (44%) y pulmonares (31%). El 59% de los casos con factores de riesgo no hab\u00edan sido vacunados. Los fallecidos ten\u00edan entre 50 y 84 a\u00f1os de edad, todos presentaban factores de riesgo, principalmente cardiovasculares, metab\u00f3licos e inmunosupresi\u00f3n, y el 63% no estaba inmunizado.<\/p>\n<p><strong>Desciende la presi\u00f3n asistencial<\/strong><\/p>\n<p>La ocupaci\u00f3n en los hospitales asturianos supera el 95% de media, si bien en las \u00faltimas horas ha descendido ligeramente la presi\u00f3n asistencial.<\/p>\n<p>El HUCA es el \u00fanico centro que ha tenido que retrasar 24 intervenciones, 17 ayer y siete hoy, de las m\u00e1s de 9.000 cirug\u00edas programadas con hospitalizaci\u00f3n que hace anualmente el complejo. Ninguna de las intervenciones demoradas por esta causa afecta a cirug\u00eda tumoral, pacientes graves o intervenciones que no se puedan demorar. Ma\u00f1ana est\u00e1 previsto que la actividad quir\u00fargica del HUCA sea normal.<\/p>\n<p>La vacunaci\u00f3n es la mejor medida para evitar las complicaciones de la gripe, previene la mortalidad por esta causa, y puede realizarse a\u00fan en todos los centros de salud del Principado.<\/p>\n<p>La incidencia de la gripe de este a\u00f1o est\u00e1 ha sido la m\u00e1s alta desde la temporada 2007-2008 aunque en aquella ocasi\u00f3n el virus circulante era el A (H1N1) estacional y este a\u00f1o el predominante es el A (H3N2)<\/p>\n<p>Sanidad recuerda que la gripe es generalmente una enfermedad benigna de alta incidencia que produce fundamentalmente s\u00edntomas respiratorios. Est\u00e1 causada por un virus y se contagia muy f\u00e1cilmente. Se transmite de persona a persona principalmente al hablar, toser o estornudar y por gotitas de saliva o secreciones nasales que pueden quedarse en las manos, en otras superficies o dispersas en el aire.<\/p>\n<p>Los buenos h\u00e1bitos ayudan a disminuir la transmisi\u00f3n del virus y son la acci\u00f3n m\u00e1s efectiva para protegerse y proteger a los dem\u00e1s. Es muy importante evitar el contagio, especialmente al toser o estornudar, y para ello se recomienda:<\/p>\n<p>\u2022Utilizar pa\u00f1uelos de papel para taparse la boca y la nariz cuando se tosa y se estornude. Si no se dispone de pa\u00f1uelo de papel, se debe toser y estornudar sobre la manga de la ropa (en el hueco del codo) para evitar contaminar las manos.<\/p>\n<p>\u2022Tirar los pa\u00f1uelos de papel despu\u00e9s de utilizarlos.<\/p>\n<p>\u2022Lavarse a menudo las manos con agua y jab\u00f3n.<\/p>\n<p>\u2022Mantener una buena ventilaci\u00f3n de los espacios cerrados.<\/p>\n<p>\u2022Limpiar con frecuencia las superficies que se tocan con las manos como los pomos de las puertas, los interruptores\u2026<\/p>\n<p>&nbsp;<\/p>\n","protected":false},"excerpt":{"rendered":"<p>La onda epid\u00e9mica estacional de la gripe ha descendido de forma brusca en Asturias en la primera semana de 2017 y vuelto a un nivel de actividad bajo. La tasa de incidencia se ha reducido a la mitad con respecto a la \u00faltima semana de 2016 y se sit\u00faa en 304,2 casos por 100.000 habitantes [&hellip;]<\/p>\n","protected":false},"author":1,"featured_media":900063,"comment_status":"closed","ping_status":"closed","sticky":false,"template":"","format":"standard","meta":{"footnotes":""},"categories":[141],"tags":[],"class_list":["post-922051","post","type-post","status-publish","format-standard","has-post-thumbnail","hentry","category-destacadas"],"aioseo_notices":[],"aioseo_head":"\n\t\t<!-- All in One SEO Pro 4.9.6.2 - aioseo.com -->\n\t<meta name=\"description\" content=\"La onda epid\u00e9mica estacional de la gripe ha descendido de forma brusca en Asturias en la primera semana de 2017 y vuelto a un nivel de actividad bajo. La tasa de incidencia se ha reducido a la mitad con respecto a la \u00faltima semana de 2016 y se sit\u00faa en 304,2 casos por 100.000 habitantes\" \/>\n\t<meta name=\"robots\" content=\"max-image-preview:large\" \/>\n\t<meta name=\"author\" content=\"El Digital de Asturias\"\/>\n\t<meta name=\"google-site-verification\" content=\"UA-38556648-1\" \/>\n\t<meta name=\"msvalidate.01\" content=\"7dfe9f3f1b24437ab69f4f2559babe99\" \/>\n\t<meta name=\"keywords\" content=\"destacadas\" \/>\n\t<link rel=\"canonical\" href=\"https:\/\/www.eldigitaldeasturias.com\/noticias\/disminuyen-los-casos-de-gripe-en-asturias\/\" \/>\n\t<meta name=\"generator\" content=\"All in One SEO Pro (AIOSEO) 4.9.6.2\" \/>\n\t\t<meta property=\"og:locale\" content=\"es_ES\" \/>\n\t\t<meta property=\"og:site_name\" content=\"El Digital de Asturias\" \/>\n\t\t<meta property=\"og:type\" content=\"article\" \/>\n\t\t<meta property=\"og:title\" content=\"Disminuyen los casos de gripe en Asturias - El Digital de Asturias\" \/>\n\t\t<meta property=\"og:description\" content=\"La onda epid\u00e9mica estacional de la gripe ha descendido de forma brusca en Asturias en la primera semana de 2017 y vuelto a un nivel de actividad bajo. La tasa de incidencia se ha reducido a la mitad con respecto a la \u00faltima semana de 2016 y se sit\u00faa en 304,2 casos por 100.000 habitantes\" \/>\n\t\t<meta property=\"og:url\" content=\"https:\/\/www.eldigitaldeasturias.com\/noticias\/disminuyen-los-casos-de-gripe-en-asturias\/\" \/>\n\t\t<meta property=\"og:image\" content=\"https:\/\/www.eldigitaldeasturias.com\/noticias\/wp-content\/uploads\/2016\/07\/HUCA.jpg\" \/>\n\t\t<meta property=\"og:image:secure_url\" content=\"https:\/\/www.eldigitaldeasturias.com\/noticias\/wp-content\/uploads\/2016\/07\/HUCA.jpg\" \/>\n\t\t<meta property=\"og:image:width\" content=\"800\" \/>\n\t\t<meta property=\"og:image:height\" content=\"453\" \/>\n\t\t<meta property=\"article:tag\" content=\"destacadas\" \/>\n\t\t<meta property=\"article:published_time\" content=\"2017-01-12T16:32:42+00:00\" \/>\n\t\t<meta property=\"article:modified_time\" content=\"2017-01-12T16:32:42+00:00\" \/>\n\t\t<meta property=\"article:publisher\" content=\"https:\/\/facebook.com\/eldigitaldeasturias\" \/>\n\t\t<meta name=\"twitter:card\" content=\"summary_large_image\" \/>\n\t\t<meta name=\"twitter:title\" content=\"Disminuyen los casos de gripe en Asturias - El Digital de Asturias\" \/>\n\t\t<meta name=\"twitter:description\" content=\"La onda epid\u00e9mica estacional de la gripe ha descendido de forma brusca en Asturias en la primera semana de 2017 y vuelto a un nivel de actividad bajo. La tasa de incidencia se ha reducido a la mitad con respecto a la \u00faltima semana de 2016 y se sit\u00faa en 304,2 casos por 100.000 habitantes\" \/>\n\t\t<meta name=\"twitter:image\" content=\"https:\/\/www.eldigitaldeasturias.com\/noticias\/wp-content\/uploads\/2016\/07\/HUCA.jpg\" \/>\n\t\t<meta name=\"twitter:label1\" content=\"Escrito por\" \/>\n\t\t<meta name=\"twitter:data1\" content=\"El Digital de Asturias\" \/>\n\t\t<meta name=\"twitter:label2\" content=\"Tiempo de lectura estimado\" \/>\n\t\t<meta name=\"twitter:data2\" content=\"4 minutos\" \/>\n\t\t<script type=\"application\/ld+json\" class=\"aioseo-schema\">\n\t\t\t{\"@context\":\"https:\\\/\\\/schema.org\",\"@graph\":[{\"@type\":\"BlogPosting\",\"@id\":\"https:\\\/\\\/www.eldigitaldeasturias.com\\\/noticias\\\/disminuyen-los-casos-de-gripe-en-asturias\\\/#blogposting\",\"name\":\"Disminuyen los casos de gripe en Asturias - El Digital de Asturias\",\"headline\":\"Disminuyen los casos de gripe en Asturias\",\"author\":{\"@id\":\"https:\\\/\\\/www.eldigitaldeasturias.com\\\/noticias\\\/author\\\/admin\\\/#author\"},\"publisher\":{\"@id\":\"https:\\\/\\\/www.eldigitaldeasturias.com\\\/noticias\\\/#organization\"},\"image\":{\"@type\":\"ImageObject\",\"url\":\"https:\\\/\\\/www.eldigitaldeasturias.com\\\/noticias\\\/wp-content\\\/uploads\\\/2016\\\/07\\\/HUCA.jpg\",\"width\":800,\"height\":453},\"datePublished\":\"2017-01-12T16:32:42+01:00\",\"dateModified\":\"2017-01-12T16:32:42+01:00\",\"inLanguage\":\"es-ES\",\"mainEntityOfPage\":{\"@id\":\"https:\\\/\\\/www.eldigitaldeasturias.com\\\/noticias\\\/disminuyen-los-casos-de-gripe-en-asturias\\\/#webpage\"},\"isPartOf\":{\"@id\":\"https:\\\/\\\/www.eldigitaldeasturias.com\\\/noticias\\\/disminuyen-los-casos-de-gripe-en-asturias\\\/#webpage\"},\"articleSection\":\"Destacadas\"},{\"@type\":\"BreadcrumbList\",\"@id\":\"https:\\\/\\\/www.eldigitaldeasturias.com\\\/noticias\\\/disminuyen-los-casos-de-gripe-en-asturias\\\/#breadcrumblist\",\"itemListElement\":[{\"@type\":\"ListItem\",\"@id\":\"https:\\\/\\\/www.eldigitaldeasturias.com\\\/noticias#listItem\",\"position\":1,\"name\":\"Home\",\"item\":\"https:\\\/\\\/www.eldigitaldeasturias.com\\\/noticias\",\"nextItem\":{\"@type\":\"ListItem\",\"@id\":\"https:\\\/\\\/www.eldigitaldeasturias.com\\\/noticias\\\/category\\\/destacadas\\\/#listItem\",\"name\":\"Destacadas\"}},{\"@type\":\"ListItem\",\"@id\":\"https:\\\/\\\/www.eldigitaldeasturias.com\\\/noticias\\\/category\\\/destacadas\\\/#listItem\",\"position\":2,\"name\":\"Destacadas\",\"item\":\"https:\\\/\\\/www.eldigitaldeasturias.com\\\/noticias\\\/category\\\/destacadas\\\/\",\"nextItem\":{\"@type\":\"ListItem\",\"@id\":\"https:\\\/\\\/www.eldigitaldeasturias.com\\\/noticias\\\/disminuyen-los-casos-de-gripe-en-asturias\\\/#listItem\",\"name\":\"Disminuyen los casos de gripe en Asturias\"},\"previousItem\":{\"@type\":\"ListItem\",\"@id\":\"https:\\\/\\\/www.eldigitaldeasturias.com\\\/noticias#listItem\",\"name\":\"Home\"}},{\"@type\":\"ListItem\",\"@id\":\"https:\\\/\\\/www.eldigitaldeasturias.com\\\/noticias\\\/disminuyen-los-casos-de-gripe-en-asturias\\\/#listItem\",\"position\":3,\"name\":\"Disminuyen los casos de gripe en Asturias\",\"previousItem\":{\"@type\":\"ListItem\",\"@id\":\"https:\\\/\\\/www.eldigitaldeasturias.com\\\/noticias\\\/category\\\/destacadas\\\/#listItem\",\"name\":\"Destacadas\"}}]},{\"@type\":\"Organization\",\"@id\":\"https:\\\/\\\/www.eldigitaldeasturias.com\\\/noticias\\\/#organization\",\"name\":\"El Digital de Asturias\",\"description\":\"Hemeroteca\",\"url\":\"https:\\\/\\\/www.eldigitaldeasturias.com\\\/noticias\\\/\",\"email\":\"info@eldigitaldeasturias.com\",\"telephone\":\"+34652131393\",\"logo\":{\"@type\":\"ImageObject\",\"url\":\"https:\\\/\\\/www.eldigitaldeasturias.com\\\/noticias\\\/wp-content\\\/uploads\\\/2020\\\/12\\\/EDA.jpg\",\"@id\":\"https:\\\/\\\/www.eldigitaldeasturias.com\\\/noticias\\\/disminuyen-los-casos-de-gripe-en-asturias\\\/#organizationLogo\",\"width\":649,\"height\":297},\"image\":{\"@id\":\"https:\\\/\\\/www.eldigitaldeasturias.com\\\/noticias\\\/disminuyen-los-casos-de-gripe-en-asturias\\\/#organizationLogo\"},\"sameAs\":[\"https:\\\/\\\/facebook.com\\\/eldigitaldeasturias\",\"https:\\\/\\\/www.youtube.com\\\/channel\\\/UCZP-2wLEB9Rv6erhFmqVnvg\"],\"address\":{\"@id\":\"https:\\\/\\\/www.eldigitaldeasturias.com\\\/noticias\\\/#postaladdress\",\"@type\":\"PostalAddress\",\"streetAddress\":\"san antonio 4,\",\"postalCode\":\"33430\",\"addressLocality\":\"Cand\\u00e1s\",\"addressRegion\":\"Asturias\",\"addressCountry\":\"ES\"}},{\"@type\":\"Person\",\"@id\":\"https:\\\/\\\/www.eldigitaldeasturias.com\\\/noticias\\\/author\\\/admin\\\/#author\",\"url\":\"https:\\\/\\\/www.eldigitaldeasturias.com\\\/noticias\\\/author\\\/admin\\\/\",\"name\":\"El Digital de Asturias\",\"image\":{\"@type\":\"ImageObject\",\"@id\":\"https:\\\/\\\/www.eldigitaldeasturias.com\\\/noticias\\\/disminuyen-los-casos-de-gripe-en-asturias\\\/#authorImage\",\"url\":\"https:\\\/\\\/www.eldigitaldeasturias.com\\\/noticias\\\/wp-content\\\/litespeed\\\/avatar\\\/18677e78aa0546b92d9dbf31ec7d7668.jpg?ver=1777290358\",\"width\":96,\"height\":96,\"caption\":\"El Digital de Asturias\"}},{\"@type\":\"WebPage\",\"@id\":\"https:\\\/\\\/www.eldigitaldeasturias.com\\\/noticias\\\/disminuyen-los-casos-de-gripe-en-asturias\\\/#webpage\",\"url\":\"https:\\\/\\\/www.eldigitaldeasturias.com\\\/noticias\\\/disminuyen-los-casos-de-gripe-en-asturias\\\/\",\"name\":\"Disminuyen los casos de gripe en Asturias - El Digital de Asturias\",\"description\":\"La onda epid\\u00e9mica estacional de la gripe ha descendido de forma brusca en Asturias en la primera semana de 2017 y vuelto a un nivel de actividad bajo. La tasa de incidencia se ha reducido a la mitad con respecto a la \\u00faltima semana de 2016 y se sit\\u00faa en 304,2 casos por 100.000 habitantes\",\"inLanguage\":\"es-ES\",\"isPartOf\":{\"@id\":\"https:\\\/\\\/www.eldigitaldeasturias.com\\\/noticias\\\/#website\"},\"breadcrumb\":{\"@id\":\"https:\\\/\\\/www.eldigitaldeasturias.com\\\/noticias\\\/disminuyen-los-casos-de-gripe-en-asturias\\\/#breadcrumblist\"},\"author\":{\"@id\":\"https:\\\/\\\/www.eldigitaldeasturias.com\\\/noticias\\\/author\\\/admin\\\/#author\"},\"creator\":{\"@id\":\"https:\\\/\\\/www.eldigitaldeasturias.com\\\/noticias\\\/author\\\/admin\\\/#author\"},\"image\":{\"@type\":\"ImageObject\",\"url\":\"https:\\\/\\\/www.eldigitaldeasturias.com\\\/noticias\\\/wp-content\\\/uploads\\\/2016\\\/07\\\/HUCA.jpg\",\"@id\":\"https:\\\/\\\/www.eldigitaldeasturias.com\\\/noticias\\\/disminuyen-los-casos-de-gripe-en-asturias\\\/#mainImage\",\"width\":800,\"height\":453},\"primaryImageOfPage\":{\"@id\":\"https:\\\/\\\/www.eldigitaldeasturias.com\\\/noticias\\\/disminuyen-los-casos-de-gripe-en-asturias\\\/#mainImage\"},\"datePublished\":\"2017-01-12T16:32:42+01:00\",\"dateModified\":\"2017-01-12T16:32:42+01:00\"},{\"@type\":\"WebSite\",\"@id\":\"https:\\\/\\\/www.eldigitaldeasturias.com\\\/noticias\\\/#website\",\"url\":\"https:\\\/\\\/www.eldigitaldeasturias.com\\\/noticias\\\/\",\"name\":\"El Digital de Asturias - Diario de actualidad y noticias\",\"alternateName\":\"El Digital de Asturias - Diario de actualidad y noticias\",\"description\":\"Hemeroteca\",\"inLanguage\":\"es-ES\",\"publisher\":{\"@id\":\"https:\\\/\\\/www.eldigitaldeasturias.com\\\/noticias\\\/#organization\"}}]}\n\t\t<\/script>\n\t\t<!-- All in One SEO Pro -->\r\n\t\t<title>Disminuyen los casos de gripe en Asturias - El Digital de Asturias<\/title>\n\n","aioseo_head_json":{"title":"Disminuyen los casos de gripe en Asturias - El Digital de Asturias","description":"La onda epid\u00e9mica estacional de la gripe ha descendido de forma brusca en Asturias en la primera semana de 2017 y vuelto a un nivel de actividad bajo. La tasa de incidencia se ha reducido a la mitad con respecto a la \u00faltima semana de 2016 y se sit\u00faa en 304,2 casos por 100.000 habitantes","canonical_url":"https:\/\/www.eldigitaldeasturias.com\/noticias\/disminuyen-los-casos-de-gripe-en-asturias\/","robots":"max-image-preview:large","keywords":"destacadas","webmasterTools":{"google-site-verification":"UA-38556648-1","msvalidate.01":"7dfe9f3f1b24437ab69f4f2559babe99","miscellaneous":""},"schema":{"@context":"https:\/\/schema.org","@graph":[{"@type":"BlogPosting","@id":"https:\/\/www.eldigitaldeasturias.com\/noticias\/disminuyen-los-casos-de-gripe-en-asturias\/#blogposting","name":"Disminuyen los casos de gripe en Asturias - El Digital de Asturias","headline":"Disminuyen los casos de gripe en Asturias","author":{"@id":"https:\/\/www.eldigitaldeasturias.com\/noticias\/author\/admin\/#author"},"publisher":{"@id":"https:\/\/www.eldigitaldeasturias.com\/noticias\/#organization"},"image":{"@type":"ImageObject","url":"https:\/\/www.eldigitaldeasturias.com\/noticias\/wp-content\/uploads\/2016\/07\/HUCA.jpg","width":800,"height":453},"datePublished":"2017-01-12T16:32:42+01:00","dateModified":"2017-01-12T16:32:42+01:00","inLanguage":"es-ES","mainEntityOfPage":{"@id":"https:\/\/www.eldigitaldeasturias.com\/noticias\/disminuyen-los-casos-de-gripe-en-asturias\/#webpage"},"isPartOf":{"@id":"https:\/\/www.eldigitaldeasturias.com\/noticias\/disminuyen-los-casos-de-gripe-en-asturias\/#webpage"},"articleSection":"Destacadas"},{"@type":"BreadcrumbList","@id":"https:\/\/www.eldigitaldeasturias.com\/noticias\/disminuyen-los-casos-de-gripe-en-asturias\/#breadcrumblist","itemListElement":[{"@type":"ListItem","@id":"https:\/\/www.eldigitaldeasturias.com\/noticias#listItem","position":1,"name":"Home","item":"https:\/\/www.eldigitaldeasturias.com\/noticias","nextItem":{"@type":"ListItem","@id":"https:\/\/www.eldigitaldeasturias.com\/noticias\/category\/destacadas\/#listItem","name":"Destacadas"}},{"@type":"ListItem","@id":"https:\/\/www.eldigitaldeasturias.com\/noticias\/category\/destacadas\/#listItem","position":2,"name":"Destacadas","item":"https:\/\/www.eldigitaldeasturias.com\/noticias\/category\/destacadas\/","nextItem":{"@type":"ListItem","@id":"https:\/\/www.eldigitaldeasturias.com\/noticias\/disminuyen-los-casos-de-gripe-en-asturias\/#listItem","name":"Disminuyen los casos de gripe en Asturias"},"previousItem":{"@type":"ListItem","@id":"https:\/\/www.eldigitaldeasturias.com\/noticias#listItem","name":"Home"}},{"@type":"ListItem","@id":"https:\/\/www.eldigitaldeasturias.com\/noticias\/disminuyen-los-casos-de-gripe-en-asturias\/#listItem","position":3,"name":"Disminuyen los casos de gripe en Asturias","previousItem":{"@type":"ListItem","@id":"https:\/\/www.eldigitaldeasturias.com\/noticias\/category\/destacadas\/#listItem","name":"Destacadas"}}]},{"@type":"Organization","@id":"https:\/\/www.eldigitaldeasturias.com\/noticias\/#organization","name":"El Digital de Asturias","description":"Hemeroteca","url":"https:\/\/www.eldigitaldeasturias.com\/noticias\/","email":"info@eldigitaldeasturias.com","telephone":"+34652131393","logo":{"@type":"ImageObject","url":"https:\/\/www.eldigitaldeasturias.com\/noticias\/wp-content\/uploads\/2020\/12\/EDA.jpg","@id":"https:\/\/www.eldigitaldeasturias.com\/noticias\/disminuyen-los-casos-de-gripe-en-asturias\/#organizationLogo","width":649,"height":297},"image":{"@id":"https:\/\/www.eldigitaldeasturias.com\/noticias\/disminuyen-los-casos-de-gripe-en-asturias\/#organizationLogo"},"sameAs":["https:\/\/facebook.com\/eldigitaldeasturias","https:\/\/www.youtube.com\/channel\/UCZP-2wLEB9Rv6erhFmqVnvg"],"address":{"@id":"https:\/\/www.eldigitaldeasturias.com\/noticias\/#postaladdress","@type":"PostalAddress","streetAddress":"san antonio 4,","postalCode":"33430","addressLocality":"Cand\u00e1s","addressRegion":"Asturias","addressCountry":"ES"}},{"@type":"Person","@id":"https:\/\/www.eldigitaldeasturias.com\/noticias\/author\/admin\/#author","url":"https:\/\/www.eldigitaldeasturias.com\/noticias\/author\/admin\/","name":"El Digital de Asturias","image":{"@type":"ImageObject","@id":"https:\/\/www.eldigitaldeasturias.com\/noticias\/disminuyen-los-casos-de-gripe-en-asturias\/#authorImage","url":"https:\/\/www.eldigitaldeasturias.com\/noticias\/wp-content\/litespeed\/avatar\/18677e78aa0546b92d9dbf31ec7d7668.jpg?ver=1777290358","width":96,"height":96,"caption":"El Digital de Asturias"}},{"@type":"WebPage","@id":"https:\/\/www.eldigitaldeasturias.com\/noticias\/disminuyen-los-casos-de-gripe-en-asturias\/#webpage","url":"https:\/\/www.eldigitaldeasturias.com\/noticias\/disminuyen-los-casos-de-gripe-en-asturias\/","name":"Disminuyen los casos de gripe en Asturias - El Digital de Asturias","description":"La onda epid\u00e9mica estacional de la gripe ha descendido de forma brusca en Asturias en la primera semana de 2017 y vuelto a un nivel de actividad bajo. La tasa de incidencia se ha reducido a la mitad con respecto a la \u00faltima semana de 2016 y se sit\u00faa en 304,2 casos por 100.000 habitantes","inLanguage":"es-ES","isPartOf":{"@id":"https:\/\/www.eldigitaldeasturias.com\/noticias\/#website"},"breadcrumb":{"@id":"https:\/\/www.eldigitaldeasturias.com\/noticias\/disminuyen-los-casos-de-gripe-en-asturias\/#breadcrumblist"},"author":{"@id":"https:\/\/www.eldigitaldeasturias.com\/noticias\/author\/admin\/#author"},"creator":{"@id":"https:\/\/www.eldigitaldeasturias.com\/noticias\/author\/admin\/#author"},"image":{"@type":"ImageObject","url":"https:\/\/www.eldigitaldeasturias.com\/noticias\/wp-content\/uploads\/2016\/07\/HUCA.jpg","@id":"https:\/\/www.eldigitaldeasturias.com\/noticias\/disminuyen-los-casos-de-gripe-en-asturias\/#mainImage","width":800,"height":453},"primaryImageOfPage":{"@id":"https:\/\/www.eldigitaldeasturias.com\/noticias\/disminuyen-los-casos-de-gripe-en-asturias\/#mainImage"},"datePublished":"2017-01-12T16:32:42+01:00","dateModified":"2017-01-12T16:32:42+01:00"},{"@type":"WebSite","@id":"https:\/\/www.eldigitaldeasturias.com\/noticias\/#website","url":"https:\/\/www.eldigitaldeasturias.com\/noticias\/","name":"El Digital de Asturias - Diario de actualidad y noticias","alternateName":"El Digital de Asturias - Diario de actualidad y noticias","description":"Hemeroteca","inLanguage":"es-ES","publisher":{"@id":"https:\/\/www.eldigitaldeasturias.com\/noticias\/#organization"}}]},"og:locale":"es_ES","og:site_name":"El Digital de Asturias","og:type":"article","og:title":"Disminuyen los casos de gripe en Asturias - El Digital de Asturias","og:description":"La onda epid\u00e9mica estacional de la gripe ha descendido de forma brusca en Asturias en la primera semana de 2017 y vuelto a un nivel de actividad bajo. La tasa de incidencia se ha reducido a la mitad con respecto a la \u00faltima semana de 2016 y se sit\u00faa en 304,2 casos por 100.000 habitantes","og:url":"https:\/\/www.eldigitaldeasturias.com\/noticias\/disminuyen-los-casos-de-gripe-en-asturias\/","og:image":"https:\/\/www.eldigitaldeasturias.com\/noticias\/wp-content\/uploads\/2016\/07\/HUCA.jpg","og:image:secure_url":"https:\/\/www.eldigitaldeasturias.com\/noticias\/wp-content\/uploads\/2016\/07\/HUCA.jpg","og:image:width":800,"og:image:height":453,"article:tag":["destacadas"],"article:published_time":"2017-01-12T16:32:42+00:00","article:modified_time":"2017-01-12T16:32:42+00:00","article:publisher":"https:\/\/facebook.com\/eldigitaldeasturias","twitter:card":"summary_large_image","twitter:title":"Disminuyen los casos de gripe en Asturias - El Digital de Asturias","twitter:description":"La onda epid\u00e9mica estacional de la gripe ha descendido de forma brusca en Asturias en la primera semana de 2017 y vuelto a un nivel de actividad bajo. La tasa de incidencia se ha reducido a la mitad con respecto a la \u00faltima semana de 2016 y se sit\u00faa en 304,2 casos por 100.000 habitantes","twitter:image":"https:\/\/www.eldigitaldeasturias.com\/noticias\/wp-content\/uploads\/2016\/07\/HUCA.jpg","twitter:label1":"Escrito por","twitter:data1":"El Digital de Asturias","twitter:label2":"Tiempo de lectura estimado","twitter:data2":"4 minutos"},"aioseo_meta_data":{"post_id":"922051","title":null,"description":null,"keywords":null,"keyphrases":null,"primary_term":null,"canonical_url":null,"og_title":null,"og_description":null,"og_object_type":"default","og_image_type":"default","og_image_url":null,"og_image_width":null,"og_image_height":null,"og_image_custom_url":null,"og_image_custom_fields":null,"og_video":null,"og_custom_url":null,"og_article_section":null,"og_article_tags":null,"twitter_use_og":false,"twitter_card":"default","twitter_image_type":"default","twitter_image_url":null,"twitter_image_custom_url":null,"twitter_image_custom_fields":null,"twitter_title":null,"twitter_description":null,"schema":{"blockGraphs":[],"customGraphs":[],"default":{"data":{"Article":[],"Course":[],"Dataset":[],"FAQPage":[],"Movie":[],"Person":[],"Product":[],"ProductReview":[],"Car":[],"Recipe":[],"Service":[],"SoftwareApplication":[],"WebPage":[]},"graphName":"","isEnabled":true},"graphs":[]},"schema_type":null,"schema_type_options":null,"pillar_content":false,"robots_default":true,"robots_noindex":false,"robots_noarchive":false,"robots_nosnippet":false,"robots_nofollow":false,"robots_noimageindex":false,"robots_noodp":false,"robots_notranslate":false,"robots_max_snippet":null,"robots_max_videopreview":null,"robots_max_imagepreview":"large","priority":null,"frequency":null,"local_seo":null,"seo_analyzer_scan_date":"2025-12-02 15:52:21","breadcrumb_settings":null,"limit_modified_date":false,"open_ai":null,"ai":null,"created":"2020-12-21 13:43:00","updated":"2025-12-02 15:52:21"},"aioseo_breadcrumb":"<div class=\"aioseo-breadcrumbs\"><span class=\"aioseo-breadcrumb\">\n\t<a href=\"https:\/\/www.eldigitaldeasturias.com\/noticias\" title=\"Home\">Home<\/a>\n<\/span><span class=\"aioseo-breadcrumb-separator\">\u2013<\/span><span class=\"aioseo-breadcrumb\">\n\t<a href=\"https:\/\/www.eldigitaldeasturias.com\/noticias\/category\/destacadas\/\" title=\"Destacadas\">Destacadas<\/a>\n<\/span><span class=\"aioseo-breadcrumb-separator\">\u2013<\/span><span class=\"aioseo-breadcrumb\">\n\t<a href=\"https:\/\/www.eldigitaldeasturias.com\/noticias\/disminuyen-los-casos-de-gripe-en-asturias\/\" title=\"Disminuyen los casos de gripe en Asturias\">Disminuyen los casos de gripe en Asturias<\/a>\n<\/span><\/div>","aioseo_breadcrumb_json":[{"label":"Home","link":"https:\/\/www.eldigitaldeasturias.com\/noticias"},{"label":"Destacadas","link":"https:\/\/www.eldigitaldeasturias.com\/noticias\/category\/destacadas\/"},{"label":"Disminuyen los casos de gripe en Asturias","link":"https:\/\/www.eldigitaldeasturias.com\/noticias\/disminuyen-los-casos-de-gripe-en-asturias\/"}],"_links":{"self":[{"href":"https:\/\/www.eldigitaldeasturias.com\/noticias\/wp-json\/wp\/v2\/posts\/922051","targetHints":{"allow":["GET"]}}],"collection":[{"href":"https:\/\/www.eldigitaldeasturias.com\/noticias\/wp-json\/wp\/v2\/posts"}],"about":[{"href":"https:\/\/www.eldigitaldeasturias.com\/noticias\/wp-json\/wp\/v2\/types\/post"}],"author":[{"embeddable":true,"href":"https:\/\/www.eldigitaldeasturias.com\/noticias\/wp-json\/wp\/v2\/users\/1"}],"replies":[{"embeddable":true,"href":"https:\/\/www.eldigitaldeasturias.com\/noticias\/wp-json\/wp\/v2\/comments?post=922051"}],"version-history":[{"count":0,"href":"https:\/\/www.eldigitaldeasturias.com\/noticias\/wp-json\/wp\/v2\/posts\/922051\/revisions"}],"wp:featuredmedia":[{"embeddable":true,"href":"https:\/\/www.eldigitaldeasturias.com\/noticias\/wp-json\/wp\/v2\/media\/900063"}],"wp:attachment":[{"href":"https:\/\/www.eldigitaldeasturias.com\/noticias\/wp-json\/wp\/v2\/media?parent=922051"}],"wp:term":[{"taxonomy":"category","embeddable":true,"href":"https:\/\/www.eldigitaldeasturias.com\/noticias\/wp-json\/wp\/v2\/categories?post=922051"},{"taxonomy":"post_tag","embeddable":true,"href":"https:\/\/www.eldigitaldeasturias.com\/noticias\/wp-json\/wp\/v2\/tags?post=922051"}],"curies":[{"name":"wp","href":"https:\/\/api.w.org\/{rel}","templated":true}]}}