{"id":922031,"date":"2017-01-11T20:59:07","date_gmt":"2017-01-11T20:59:07","guid":{"rendered":"http:\/\/www.eldigitaldeasturias.com\/noticias\/?p=922031"},"modified":"2017-01-11T20:59:07","modified_gmt":"2017-01-11T20:59:07","slug":"fallece-la-periodista-que-informo-del-inicio-de-la-ii-guerra-mundial","status":"publish","type":"post","link":"https:\/\/www.eldigitaldeasturias.com\/noticias\/fallece-la-periodista-que-informo-del-inicio-de-la-ii-guerra-mundial\/","title":{"rendered":"Fallece la periodista que inform\u00f3 del inicio de la II Guerra Mundial"},"content":{"rendered":"<p><img loading=\"lazy\" decoding=\"async\" class=\"alignleft size-medium wp-image-906990\" src=\"https:\/\/www.eldigitaldeasturias.com\/noticias\/wp-content\/uploads\/2016\/09\/campo-655x360-360x198.jpg\" alt=\"\" width=\"360\" height=\"198\" srcset=\"https:\/\/www.eldigitaldeasturias.com\/noticias\/wp-content\/uploads\/2016\/09\/campo-655x360-360x198.jpg 360w, https:\/\/www.eldigitaldeasturias.com\/noticias\/wp-content\/uploads\/2016\/09\/campo-655x360-650x357.jpg 650w, https:\/\/www.eldigitaldeasturias.com\/noticias\/wp-content\/uploads\/2016\/09\/campo-655x360.jpg 655w\" sizes=\"auto, (max-width: 360px) 100vw, 360px\" \/>Clare Hollingsworth, que hab\u00eda cumplido 105 a\u00f1os el pasado 10 de octubre, dio la noticia de que la Segunda Guerra Mundial hab\u00eda comenzado en las p\u00e1ginas del peri\u00f3dico brit\u00e1nico The Daily Telegraph en 1939, cuando contaba con 27 a\u00f1os.<\/p>\n<p>Esa primicia defini\u00f3 la carrera period\u00edstica de Hollingworth, quien trabaj\u00f3 como corresponsal en el extranjero durante m\u00e1s de medio siglo, cubriendo conflictos en Europa, el norte de \u00c1frica y Asia.<\/p>\n<p>Parte de sus vivencias en zonas de conflicto quedaron recogidos en cinco libros que narran asuntos que van desde el comienzo de la Segunda Guerra Mundial hasta la relaci\u00f3n del mundo \u00e1rabe con Occidente o los conflictos del l\u00edder chino Mao Zedong con sus opositores.<\/p>\n<p>De acuerdo a una biograf\u00eda sobre la periodista publicada recientemente por su sobrino Patrick Garrett, el inicio de la Segunda Guerra Mundial sorprendi\u00f3 a Hollingworth en Polonia, desde donde estaba organizando la evacuaci\u00f3n de m\u00e1s de 3 mil 500 refugiados pol\u00edticos y jud\u00edos al Reino Unido, lo que le hizo ganarse el apodo de la \u2018Pimpinela Escarlata\u2019 entre la prensa brit\u00e1nica.<\/p>\n<p>Una semana despu\u00e9s de haber sido contratada como corresponsal de guerra para el Telegraph, se desplaz\u00f3 a la frontera polaco-alemana en Katowice, donde en la madrugada del 1 de septiembre de 1939 el sonido de tanques pasando bajo su ventana despert\u00f3 a la periodista, quien se apresur\u00f3 a llamar a la redacci\u00f3n y a las Oficinas de Relaciones Exteriores brit\u00e1nicas y polacas para dar la primicia.<\/p>\n<p>Su vocaci\u00f3n por la cobertura de conflictos b\u00e9licos provoc\u00f3 que Hollingworth comenzara a trabajar para la revista estadunidense Time despu\u00e9s de que el general brit\u00e1nico Bernard Law Montgomery prohibiese la presencia de corresponsales femeninas brit\u00e1nicas en el frente en Egipto durante la guerra en el norte de \u00c1frica en 1942.<\/p>\n<p>Nacida en 1911 en una granja de Leicester, en el centro de Inglaterra, Hollingworth residi\u00f3 en Hong Kong durante las \u00faltimas cuatro d\u00e9cadas despu\u00e9s de trabajar en Pek\u00edn como corresponsal durante los a\u00f1os 70.<\/p>\n<p><em>La noticia \u00abClare Hollingworth, la periodista que dio la primicia de la II Guerra Mundial, muere a los 105 a\u00f1os\u00bb fue publicada en El Heraldo de San Luis Potos\u00ed<\/em><\/p>\n","protected":false},"excerpt":{"rendered":"<p>Clare Hollingsworth, que hab\u00eda cumplido 105 a\u00f1os el pasado 10 de octubre, dio la noticia de que la Segunda Guerra Mundial hab\u00eda comenzado en las p\u00e1ginas del peri\u00f3dico brit\u00e1nico The Daily Telegraph en 1939, cuando contaba con 27 a\u00f1os. Esa primicia defini\u00f3 la carrera period\u00edstica de Hollingworth, quien trabaj\u00f3 como corresponsal en el extranjero durante [&hellip;]<\/p>\n","protected":false},"author":1,"featured_media":906990,"comment_status":"closed","ping_status":"closed","sticky":false,"template":"","format":"standard","meta":{"footnotes":""},"categories":[141],"tags":[],"class_list":["post-922031","post","type-post","status-publish","format-standard","has-post-thumbnail","hentry","category-destacadas"],"aioseo_notices":[],"aioseo_head":"\n\t\t<!-- All in One SEO Pro 4.9.6.2 - aioseo.com -->\n\t<meta name=\"description\" content=\"Clare Hollingsworth, que hab\u00eda cumplido 105 a\u00f1os el pasado 10 de octubre, dio la noticia de que la Segunda Guerra Mundial hab\u00eda comenzado en las p\u00e1ginas del peri\u00f3dico brit\u00e1nico The Daily Telegraph en 1939, cuando contaba con 27 a\u00f1os. Esa primicia defini\u00f3 la carrera period\u00edstica de Hollingworth, quien trabaj\u00f3 como corresponsal en el extranjero durante\" \/>\n\t<meta name=\"robots\" content=\"max-image-preview:large\" \/>\n\t<meta name=\"author\" content=\"El Digital de Asturias\"\/>\n\t<meta name=\"google-site-verification\" content=\"UA-38556648-1\" \/>\n\t<meta name=\"msvalidate.01\" content=\"7dfe9f3f1b24437ab69f4f2559babe99\" \/>\n\t<meta name=\"keywords\" content=\"destacadas\" \/>\n\t<link rel=\"canonical\" href=\"https:\/\/www.eldigitaldeasturias.com\/noticias\/fallece-la-periodista-que-informo-del-inicio-de-la-ii-guerra-mundial\/\" \/>\n\t<meta name=\"generator\" content=\"All in One SEO Pro (AIOSEO) 4.9.6.2\" \/>\n\t\t<meta property=\"og:locale\" content=\"es_ES\" \/>\n\t\t<meta property=\"og:site_name\" content=\"El Digital de Asturias\" \/>\n\t\t<meta property=\"og:type\" content=\"article\" \/>\n\t\t<meta property=\"og:title\" content=\"Fallece la periodista que inform\u00f3 del inicio de la II Guerra Mundial - El Digital de Asturias\" \/>\n\t\t<meta property=\"og:description\" content=\"Clare Hollingsworth, que hab\u00eda cumplido 105 a\u00f1os el pasado 10 de octubre, dio la noticia de que la Segunda Guerra Mundial hab\u00eda comenzado en las p\u00e1ginas del peri\u00f3dico brit\u00e1nico The Daily Telegraph en 1939, cuando contaba con 27 a\u00f1os. Esa primicia defini\u00f3 la carrera period\u00edstica de Hollingworth, quien trabaj\u00f3 como corresponsal en el extranjero durante\" \/>\n\t\t<meta property=\"og:url\" content=\"https:\/\/www.eldigitaldeasturias.com\/noticias\/fallece-la-periodista-que-informo-del-inicio-de-la-ii-guerra-mundial\/\" \/>\n\t\t<meta property=\"og:image\" content=\"https:\/\/www.eldigitaldeasturias.com\/noticias\/wp-content\/uploads\/2016\/09\/campo-655x360.jpg\" \/>\n\t\t<meta property=\"og:image:secure_url\" content=\"https:\/\/www.eldigitaldeasturias.com\/noticias\/wp-content\/uploads\/2016\/09\/campo-655x360.jpg\" \/>\n\t\t<meta property=\"og:image:width\" content=\"655\" \/>\n\t\t<meta property=\"og:image:height\" content=\"360\" \/>\n\t\t<meta property=\"article:tag\" content=\"destacadas\" \/>\n\t\t<meta property=\"article:published_time\" content=\"2017-01-11T20:59:07+00:00\" \/>\n\t\t<meta property=\"article:modified_time\" content=\"2017-01-11T20:59:07+00:00\" \/>\n\t\t<meta property=\"article:publisher\" content=\"https:\/\/facebook.com\/eldigitaldeasturias\" \/>\n\t\t<meta name=\"twitter:card\" content=\"summary_large_image\" \/>\n\t\t<meta name=\"twitter:title\" content=\"Fallece la periodista que inform\u00f3 del inicio de la II Guerra Mundial - El Digital de Asturias\" \/>\n\t\t<meta name=\"twitter:description\" content=\"Clare Hollingsworth, que hab\u00eda cumplido 105 a\u00f1os el pasado 10 de octubre, dio la noticia de que la Segunda Guerra Mundial hab\u00eda comenzado en las p\u00e1ginas del peri\u00f3dico brit\u00e1nico The Daily Telegraph en 1939, cuando contaba con 27 a\u00f1os. Esa primicia defini\u00f3 la carrera period\u00edstica de Hollingworth, quien trabaj\u00f3 como corresponsal en el extranjero durante\" \/>\n\t\t<meta name=\"twitter:image\" content=\"https:\/\/www.eldigitaldeasturias.com\/noticias\/wp-content\/uploads\/2016\/09\/campo-655x360.jpg\" \/>\n\t\t<meta name=\"twitter:label1\" content=\"Escrito por\" \/>\n\t\t<meta name=\"twitter:data1\" content=\"El Digital de Asturias\" \/>\n\t\t<meta name=\"twitter:label2\" content=\"Tiempo de lectura estimado\" \/>\n\t\t<meta name=\"twitter:data2\" content=\"2 minutos\" \/>\n\t\t<script type=\"application\/ld+json\" class=\"aioseo-schema\">\n\t\t\t{\"@context\":\"https:\\\/\\\/schema.org\",\"@graph\":[{\"@type\":\"BlogPosting\",\"@id\":\"https:\\\/\\\/www.eldigitaldeasturias.com\\\/noticias\\\/fallece-la-periodista-que-informo-del-inicio-de-la-ii-guerra-mundial\\\/#blogposting\",\"name\":\"Fallece la periodista que inform\\u00f3 del inicio de la II Guerra Mundial - El Digital de Asturias\",\"headline\":\"Fallece la periodista que inform\\u00f3 del inicio de la II Guerra Mundial\",\"author\":{\"@id\":\"https:\\\/\\\/www.eldigitaldeasturias.com\\\/noticias\\\/author\\\/admin\\\/#author\"},\"publisher\":{\"@id\":\"https:\\\/\\\/www.eldigitaldeasturias.com\\\/noticias\\\/#organization\"},\"image\":{\"@type\":\"ImageObject\",\"url\":\"https:\\\/\\\/www.eldigitaldeasturias.com\\\/noticias\\\/wp-content\\\/uploads\\\/2016\\\/09\\\/campo-655x360.jpg\",\"width\":655,\"height\":360},\"datePublished\":\"2017-01-11T20:59:07+01:00\",\"dateModified\":\"2017-01-11T20:59:07+01:00\",\"inLanguage\":\"es-ES\",\"mainEntityOfPage\":{\"@id\":\"https:\\\/\\\/www.eldigitaldeasturias.com\\\/noticias\\\/fallece-la-periodista-que-informo-del-inicio-de-la-ii-guerra-mundial\\\/#webpage\"},\"isPartOf\":{\"@id\":\"https:\\\/\\\/www.eldigitaldeasturias.com\\\/noticias\\\/fallece-la-periodista-que-informo-del-inicio-de-la-ii-guerra-mundial\\\/#webpage\"},\"articleSection\":\"Destacadas\"},{\"@type\":\"BreadcrumbList\",\"@id\":\"https:\\\/\\\/www.eldigitaldeasturias.com\\\/noticias\\\/fallece-la-periodista-que-informo-del-inicio-de-la-ii-guerra-mundial\\\/#breadcrumblist\",\"itemListElement\":[{\"@type\":\"ListItem\",\"@id\":\"https:\\\/\\\/www.eldigitaldeasturias.com\\\/noticias#listItem\",\"position\":1,\"name\":\"Home\",\"item\":\"https:\\\/\\\/www.eldigitaldeasturias.com\\\/noticias\",\"nextItem\":{\"@type\":\"ListItem\",\"@id\":\"https:\\\/\\\/www.eldigitaldeasturias.com\\\/noticias\\\/category\\\/destacadas\\\/#listItem\",\"name\":\"Destacadas\"}},{\"@type\":\"ListItem\",\"@id\":\"https:\\\/\\\/www.eldigitaldeasturias.com\\\/noticias\\\/category\\\/destacadas\\\/#listItem\",\"position\":2,\"name\":\"Destacadas\",\"item\":\"https:\\\/\\\/www.eldigitaldeasturias.com\\\/noticias\\\/category\\\/destacadas\\\/\",\"nextItem\":{\"@type\":\"ListItem\",\"@id\":\"https:\\\/\\\/www.eldigitaldeasturias.com\\\/noticias\\\/fallece-la-periodista-que-informo-del-inicio-de-la-ii-guerra-mundial\\\/#listItem\",\"name\":\"Fallece la periodista que inform\\u00f3 del inicio de la II Guerra Mundial\"},\"previousItem\":{\"@type\":\"ListItem\",\"@id\":\"https:\\\/\\\/www.eldigitaldeasturias.com\\\/noticias#listItem\",\"name\":\"Home\"}},{\"@type\":\"ListItem\",\"@id\":\"https:\\\/\\\/www.eldigitaldeasturias.com\\\/noticias\\\/fallece-la-periodista-que-informo-del-inicio-de-la-ii-guerra-mundial\\\/#listItem\",\"position\":3,\"name\":\"Fallece la periodista que inform\\u00f3 del inicio de la II Guerra Mundial\",\"previousItem\":{\"@type\":\"ListItem\",\"@id\":\"https:\\\/\\\/www.eldigitaldeasturias.com\\\/noticias\\\/category\\\/destacadas\\\/#listItem\",\"name\":\"Destacadas\"}}]},{\"@type\":\"Organization\",\"@id\":\"https:\\\/\\\/www.eldigitaldeasturias.com\\\/noticias\\\/#organization\",\"name\":\"El Digital de Asturias\",\"description\":\"Hemeroteca\",\"url\":\"https:\\\/\\\/www.eldigitaldeasturias.com\\\/noticias\\\/\",\"email\":\"info@eldigitaldeasturias.com\",\"telephone\":\"+34652131393\",\"logo\":{\"@type\":\"ImageObject\",\"url\":\"https:\\\/\\\/www.eldigitaldeasturias.com\\\/noticias\\\/wp-content\\\/uploads\\\/2020\\\/12\\\/EDA.jpg\",\"@id\":\"https:\\\/\\\/www.eldigitaldeasturias.com\\\/noticias\\\/fallece-la-periodista-que-informo-del-inicio-de-la-ii-guerra-mundial\\\/#organizationLogo\",\"width\":649,\"height\":297},\"image\":{\"@id\":\"https:\\\/\\\/www.eldigitaldeasturias.com\\\/noticias\\\/fallece-la-periodista-que-informo-del-inicio-de-la-ii-guerra-mundial\\\/#organizationLogo\"},\"sameAs\":[\"https:\\\/\\\/facebook.com\\\/eldigitaldeasturias\",\"https:\\\/\\\/www.youtube.com\\\/channel\\\/UCZP-2wLEB9Rv6erhFmqVnvg\"],\"address\":{\"@id\":\"https:\\\/\\\/www.eldigitaldeasturias.com\\\/noticias\\\/#postaladdress\",\"@type\":\"PostalAddress\",\"streetAddress\":\"san antonio 4,\",\"postalCode\":\"33430\",\"addressLocality\":\"Cand\\u00e1s\",\"addressRegion\":\"Asturias\",\"addressCountry\":\"ES\"}},{\"@type\":\"Person\",\"@id\":\"https:\\\/\\\/www.eldigitaldeasturias.com\\\/noticias\\\/author\\\/admin\\\/#author\",\"url\":\"https:\\\/\\\/www.eldigitaldeasturias.com\\\/noticias\\\/author\\\/admin\\\/\",\"name\":\"El Digital de Asturias\",\"image\":{\"@type\":\"ImageObject\",\"@id\":\"https:\\\/\\\/www.eldigitaldeasturias.com\\\/noticias\\\/fallece-la-periodista-que-informo-del-inicio-de-la-ii-guerra-mundial\\\/#authorImage\",\"url\":\"https:\\\/\\\/www.eldigitaldeasturias.com\\\/noticias\\\/wp-content\\\/litespeed\\\/avatar\\\/18677e78aa0546b92d9dbf31ec7d7668.jpg?ver=1777290358\",\"width\":96,\"height\":96,\"caption\":\"El Digital de Asturias\"}},{\"@type\":\"WebPage\",\"@id\":\"https:\\\/\\\/www.eldigitaldeasturias.com\\\/noticias\\\/fallece-la-periodista-que-informo-del-inicio-de-la-ii-guerra-mundial\\\/#webpage\",\"url\":\"https:\\\/\\\/www.eldigitaldeasturias.com\\\/noticias\\\/fallece-la-periodista-que-informo-del-inicio-de-la-ii-guerra-mundial\\\/\",\"name\":\"Fallece la periodista que inform\\u00f3 del inicio de la II Guerra Mundial - El Digital de Asturias\",\"description\":\"Clare Hollingsworth, que hab\\u00eda cumplido 105 a\\u00f1os el pasado 10 de octubre, dio la noticia de que la Segunda Guerra Mundial hab\\u00eda comenzado en las p\\u00e1ginas del peri\\u00f3dico brit\\u00e1nico The Daily Telegraph en 1939, cuando contaba con 27 a\\u00f1os. Esa primicia defini\\u00f3 la carrera period\\u00edstica de Hollingworth, quien trabaj\\u00f3 como corresponsal en el extranjero durante\",\"inLanguage\":\"es-ES\",\"isPartOf\":{\"@id\":\"https:\\\/\\\/www.eldigitaldeasturias.com\\\/noticias\\\/#website\"},\"breadcrumb\":{\"@id\":\"https:\\\/\\\/www.eldigitaldeasturias.com\\\/noticias\\\/fallece-la-periodista-que-informo-del-inicio-de-la-ii-guerra-mundial\\\/#breadcrumblist\"},\"author\":{\"@id\":\"https:\\\/\\\/www.eldigitaldeasturias.com\\\/noticias\\\/author\\\/admin\\\/#author\"},\"creator\":{\"@id\":\"https:\\\/\\\/www.eldigitaldeasturias.com\\\/noticias\\\/author\\\/admin\\\/#author\"},\"image\":{\"@type\":\"ImageObject\",\"url\":\"https:\\\/\\\/www.eldigitaldeasturias.com\\\/noticias\\\/wp-content\\\/uploads\\\/2016\\\/09\\\/campo-655x360.jpg\",\"@id\":\"https:\\\/\\\/www.eldigitaldeasturias.com\\\/noticias\\\/fallece-la-periodista-que-informo-del-inicio-de-la-ii-guerra-mundial\\\/#mainImage\",\"width\":655,\"height\":360},\"primaryImageOfPage\":{\"@id\":\"https:\\\/\\\/www.eldigitaldeasturias.com\\\/noticias\\\/fallece-la-periodista-que-informo-del-inicio-de-la-ii-guerra-mundial\\\/#mainImage\"},\"datePublished\":\"2017-01-11T20:59:07+01:00\",\"dateModified\":\"2017-01-11T20:59:07+01:00\"},{\"@type\":\"WebSite\",\"@id\":\"https:\\\/\\\/www.eldigitaldeasturias.com\\\/noticias\\\/#website\",\"url\":\"https:\\\/\\\/www.eldigitaldeasturias.com\\\/noticias\\\/\",\"name\":\"El Digital de Asturias - Diario de actualidad y noticias\",\"alternateName\":\"El Digital de Asturias - Diario de actualidad y noticias\",\"description\":\"Hemeroteca\",\"inLanguage\":\"es-ES\",\"publisher\":{\"@id\":\"https:\\\/\\\/www.eldigitaldeasturias.com\\\/noticias\\\/#organization\"}}]}\n\t\t<\/script>\n\t\t<!-- All in One SEO Pro -->\r\n\t\t<title>Fallece la periodista que inform\u00f3 del inicio de la II Guerra Mundial - El Digital de Asturias<\/title>\n\n","aioseo_head_json":{"title":"Fallece la periodista que inform\u00f3 del inicio de la II Guerra Mundial - El Digital de Asturias","description":"Clare Hollingsworth, que hab\u00eda cumplido 105 a\u00f1os el pasado 10 de octubre, dio la noticia de que la Segunda Guerra Mundial hab\u00eda comenzado en las p\u00e1ginas del peri\u00f3dico brit\u00e1nico The Daily Telegraph en 1939, cuando contaba con 27 a\u00f1os. Esa primicia defini\u00f3 la carrera period\u00edstica de Hollingworth, quien trabaj\u00f3 como corresponsal en el extranjero durante","canonical_url":"https:\/\/www.eldigitaldeasturias.com\/noticias\/fallece-la-periodista-que-informo-del-inicio-de-la-ii-guerra-mundial\/","robots":"max-image-preview:large","keywords":"destacadas","webmasterTools":{"google-site-verification":"UA-38556648-1","msvalidate.01":"7dfe9f3f1b24437ab69f4f2559babe99","miscellaneous":""},"schema":{"@context":"https:\/\/schema.org","@graph":[{"@type":"BlogPosting","@id":"https:\/\/www.eldigitaldeasturias.com\/noticias\/fallece-la-periodista-que-informo-del-inicio-de-la-ii-guerra-mundial\/#blogposting","name":"Fallece la periodista que inform\u00f3 del inicio de la II Guerra Mundial - El Digital de Asturias","headline":"Fallece la periodista que inform\u00f3 del inicio de la II Guerra Mundial","author":{"@id":"https:\/\/www.eldigitaldeasturias.com\/noticias\/author\/admin\/#author"},"publisher":{"@id":"https:\/\/www.eldigitaldeasturias.com\/noticias\/#organization"},"image":{"@type":"ImageObject","url":"https:\/\/www.eldigitaldeasturias.com\/noticias\/wp-content\/uploads\/2016\/09\/campo-655x360.jpg","width":655,"height":360},"datePublished":"2017-01-11T20:59:07+01:00","dateModified":"2017-01-11T20:59:07+01:00","inLanguage":"es-ES","mainEntityOfPage":{"@id":"https:\/\/www.eldigitaldeasturias.com\/noticias\/fallece-la-periodista-que-informo-del-inicio-de-la-ii-guerra-mundial\/#webpage"},"isPartOf":{"@id":"https:\/\/www.eldigitaldeasturias.com\/noticias\/fallece-la-periodista-que-informo-del-inicio-de-la-ii-guerra-mundial\/#webpage"},"articleSection":"Destacadas"},{"@type":"BreadcrumbList","@id":"https:\/\/www.eldigitaldeasturias.com\/noticias\/fallece-la-periodista-que-informo-del-inicio-de-la-ii-guerra-mundial\/#breadcrumblist","itemListElement":[{"@type":"ListItem","@id":"https:\/\/www.eldigitaldeasturias.com\/noticias#listItem","position":1,"name":"Home","item":"https:\/\/www.eldigitaldeasturias.com\/noticias","nextItem":{"@type":"ListItem","@id":"https:\/\/www.eldigitaldeasturias.com\/noticias\/category\/destacadas\/#listItem","name":"Destacadas"}},{"@type":"ListItem","@id":"https:\/\/www.eldigitaldeasturias.com\/noticias\/category\/destacadas\/#listItem","position":2,"name":"Destacadas","item":"https:\/\/www.eldigitaldeasturias.com\/noticias\/category\/destacadas\/","nextItem":{"@type":"ListItem","@id":"https:\/\/www.eldigitaldeasturias.com\/noticias\/fallece-la-periodista-que-informo-del-inicio-de-la-ii-guerra-mundial\/#listItem","name":"Fallece la periodista que inform\u00f3 del inicio de la II Guerra Mundial"},"previousItem":{"@type":"ListItem","@id":"https:\/\/www.eldigitaldeasturias.com\/noticias#listItem","name":"Home"}},{"@type":"ListItem","@id":"https:\/\/www.eldigitaldeasturias.com\/noticias\/fallece-la-periodista-que-informo-del-inicio-de-la-ii-guerra-mundial\/#listItem","position":3,"name":"Fallece la periodista que inform\u00f3 del inicio de la II Guerra Mundial","previousItem":{"@type":"ListItem","@id":"https:\/\/www.eldigitaldeasturias.com\/noticias\/category\/destacadas\/#listItem","name":"Destacadas"}}]},{"@type":"Organization","@id":"https:\/\/www.eldigitaldeasturias.com\/noticias\/#organization","name":"El Digital de Asturias","description":"Hemeroteca","url":"https:\/\/www.eldigitaldeasturias.com\/noticias\/","email":"info@eldigitaldeasturias.com","telephone":"+34652131393","logo":{"@type":"ImageObject","url":"https:\/\/www.eldigitaldeasturias.com\/noticias\/wp-content\/uploads\/2020\/12\/EDA.jpg","@id":"https:\/\/www.eldigitaldeasturias.com\/noticias\/fallece-la-periodista-que-informo-del-inicio-de-la-ii-guerra-mundial\/#organizationLogo","width":649,"height":297},"image":{"@id":"https:\/\/www.eldigitaldeasturias.com\/noticias\/fallece-la-periodista-que-informo-del-inicio-de-la-ii-guerra-mundial\/#organizationLogo"},"sameAs":["https:\/\/facebook.com\/eldigitaldeasturias","https:\/\/www.youtube.com\/channel\/UCZP-2wLEB9Rv6erhFmqVnvg"],"address":{"@id":"https:\/\/www.eldigitaldeasturias.com\/noticias\/#postaladdress","@type":"PostalAddress","streetAddress":"san antonio 4,","postalCode":"33430","addressLocality":"Cand\u00e1s","addressRegion":"Asturias","addressCountry":"ES"}},{"@type":"Person","@id":"https:\/\/www.eldigitaldeasturias.com\/noticias\/author\/admin\/#author","url":"https:\/\/www.eldigitaldeasturias.com\/noticias\/author\/admin\/","name":"El Digital de Asturias","image":{"@type":"ImageObject","@id":"https:\/\/www.eldigitaldeasturias.com\/noticias\/fallece-la-periodista-que-informo-del-inicio-de-la-ii-guerra-mundial\/#authorImage","url":"https:\/\/www.eldigitaldeasturias.com\/noticias\/wp-content\/litespeed\/avatar\/18677e78aa0546b92d9dbf31ec7d7668.jpg?ver=1777290358","width":96,"height":96,"caption":"El Digital de Asturias"}},{"@type":"WebPage","@id":"https:\/\/www.eldigitaldeasturias.com\/noticias\/fallece-la-periodista-que-informo-del-inicio-de-la-ii-guerra-mundial\/#webpage","url":"https:\/\/www.eldigitaldeasturias.com\/noticias\/fallece-la-periodista-que-informo-del-inicio-de-la-ii-guerra-mundial\/","name":"Fallece la periodista que inform\u00f3 del inicio de la II Guerra Mundial - El Digital de Asturias","description":"Clare Hollingsworth, que hab\u00eda cumplido 105 a\u00f1os el pasado 10 de octubre, dio la noticia de que la Segunda Guerra Mundial hab\u00eda comenzado en las p\u00e1ginas del peri\u00f3dico brit\u00e1nico The Daily Telegraph en 1939, cuando contaba con 27 a\u00f1os. Esa primicia defini\u00f3 la carrera period\u00edstica de Hollingworth, quien trabaj\u00f3 como corresponsal en el extranjero durante","inLanguage":"es-ES","isPartOf":{"@id":"https:\/\/www.eldigitaldeasturias.com\/noticias\/#website"},"breadcrumb":{"@id":"https:\/\/www.eldigitaldeasturias.com\/noticias\/fallece-la-periodista-que-informo-del-inicio-de-la-ii-guerra-mundial\/#breadcrumblist"},"author":{"@id":"https:\/\/www.eldigitaldeasturias.com\/noticias\/author\/admin\/#author"},"creator":{"@id":"https:\/\/www.eldigitaldeasturias.com\/noticias\/author\/admin\/#author"},"image":{"@type":"ImageObject","url":"https:\/\/www.eldigitaldeasturias.com\/noticias\/wp-content\/uploads\/2016\/09\/campo-655x360.jpg","@id":"https:\/\/www.eldigitaldeasturias.com\/noticias\/fallece-la-periodista-que-informo-del-inicio-de-la-ii-guerra-mundial\/#mainImage","width":655,"height":360},"primaryImageOfPage":{"@id":"https:\/\/www.eldigitaldeasturias.com\/noticias\/fallece-la-periodista-que-informo-del-inicio-de-la-ii-guerra-mundial\/#mainImage"},"datePublished":"2017-01-11T20:59:07+01:00","dateModified":"2017-01-11T20:59:07+01:00"},{"@type":"WebSite","@id":"https:\/\/www.eldigitaldeasturias.com\/noticias\/#website","url":"https:\/\/www.eldigitaldeasturias.com\/noticias\/","name":"El Digital de Asturias - Diario de actualidad y noticias","alternateName":"El Digital de Asturias - Diario de actualidad y noticias","description":"Hemeroteca","inLanguage":"es-ES","publisher":{"@id":"https:\/\/www.eldigitaldeasturias.com\/noticias\/#organization"}}]},"og:locale":"es_ES","og:site_name":"El Digital de Asturias","og:type":"article","og:title":"Fallece la periodista que inform\u00f3 del inicio de la II Guerra Mundial - El Digital de Asturias","og:description":"Clare Hollingsworth, que hab\u00eda cumplido 105 a\u00f1os el pasado 10 de octubre, dio la noticia de que la Segunda Guerra Mundial hab\u00eda comenzado en las p\u00e1ginas del peri\u00f3dico brit\u00e1nico The Daily Telegraph en 1939, cuando contaba con 27 a\u00f1os. Esa primicia defini\u00f3 la carrera period\u00edstica de Hollingworth, quien trabaj\u00f3 como corresponsal en el extranjero durante","og:url":"https:\/\/www.eldigitaldeasturias.com\/noticias\/fallece-la-periodista-que-informo-del-inicio-de-la-ii-guerra-mundial\/","og:image":"https:\/\/www.eldigitaldeasturias.com\/noticias\/wp-content\/uploads\/2016\/09\/campo-655x360.jpg","og:image:secure_url":"https:\/\/www.eldigitaldeasturias.com\/noticias\/wp-content\/uploads\/2016\/09\/campo-655x360.jpg","og:image:width":655,"og:image:height":360,"article:tag":["destacadas"],"article:published_time":"2017-01-11T20:59:07+00:00","article:modified_time":"2017-01-11T20:59:07+00:00","article:publisher":"https:\/\/facebook.com\/eldigitaldeasturias","twitter:card":"summary_large_image","twitter:title":"Fallece la periodista que inform\u00f3 del inicio de la II Guerra Mundial - El Digital de Asturias","twitter:description":"Clare Hollingsworth, que hab\u00eda cumplido 105 a\u00f1os el pasado 10 de octubre, dio la noticia de que la Segunda Guerra Mundial hab\u00eda comenzado en las p\u00e1ginas del peri\u00f3dico brit\u00e1nico The Daily Telegraph en 1939, cuando contaba con 27 a\u00f1os. Esa primicia defini\u00f3 la carrera period\u00edstica de Hollingworth, quien trabaj\u00f3 como corresponsal en el extranjero durante","twitter:image":"https:\/\/www.eldigitaldeasturias.com\/noticias\/wp-content\/uploads\/2016\/09\/campo-655x360.jpg","twitter:label1":"Escrito por","twitter:data1":"El Digital de Asturias","twitter:label2":"Tiempo de lectura estimado","twitter:data2":"2 minutos"},"aioseo_meta_data":{"post_id":"922031","title":null,"description":null,"keywords":null,"keyphrases":null,"primary_term":null,"canonical_url":null,"og_title":null,"og_description":null,"og_object_type":"default","og_image_type":"default","og_image_url":null,"og_image_width":null,"og_image_height":null,"og_image_custom_url":null,"og_image_custom_fields":null,"og_video":null,"og_custom_url":null,"og_article_section":null,"og_article_tags":null,"twitter_use_og":false,"twitter_card":"default","twitter_image_type":"default","twitter_image_url":null,"twitter_image_custom_url":null,"twitter_image_custom_fields":null,"twitter_title":null,"twitter_description":null,"schema":{"blockGraphs":[],"customGraphs":[],"default":{"data":{"Article":[],"Course":[],"Dataset":[],"FAQPage":[],"Movie":[],"Person":[],"Product":[],"ProductReview":[],"Car":[],"Recipe":[],"Service":[],"SoftwareApplication":[],"WebPage":[]},"graphName":"","isEnabled":true},"graphs":[],"defaultGraph":"","defaultPostTypeGraph":""},"schema_type":null,"schema_type_options":null,"pillar_content":false,"robots_default":true,"robots_noindex":false,"robots_noarchive":false,"robots_nosnippet":false,"robots_nofollow":false,"robots_noimageindex":false,"robots_noodp":false,"robots_notranslate":false,"robots_max_snippet":null,"robots_max_videopreview":null,"robots_max_imagepreview":"large","priority":null,"frequency":null,"local_seo":null,"seo_analyzer_scan_date":"2025-12-02 15:48:18","breadcrumb_settings":null,"limit_modified_date":false,"open_ai":null,"ai":null,"created":"2020-12-21 13:43:00","updated":"2025-12-02 15:48:18"},"aioseo_breadcrumb":"<div class=\"aioseo-breadcrumbs\"><span class=\"aioseo-breadcrumb\">\n\t<a href=\"https:\/\/www.eldigitaldeasturias.com\/noticias\" title=\"Home\">Home<\/a>\n<\/span><span class=\"aioseo-breadcrumb-separator\">\u2013<\/span><span class=\"aioseo-breadcrumb\">\n\t<a href=\"https:\/\/www.eldigitaldeasturias.com\/noticias\/category\/destacadas\/\" title=\"Destacadas\">Destacadas<\/a>\n<\/span><span class=\"aioseo-breadcrumb-separator\">\u2013<\/span><span class=\"aioseo-breadcrumb\">\n\t<a href=\"https:\/\/www.eldigitaldeasturias.com\/noticias\/fallece-la-periodista-que-informo-del-inicio-de-la-ii-guerra-mundial\/\" title=\"Fallece la periodista que inform\u00f3 del inicio de la II Guerra Mundial\">Fallece la periodista que inform\u00f3 del inicio de la II Guerra Mundial<\/a>\n<\/span><\/div>","aioseo_breadcrumb_json":[{"label":"Home","link":"https:\/\/www.eldigitaldeasturias.com\/noticias"},{"label":"Destacadas","link":"https:\/\/www.eldigitaldeasturias.com\/noticias\/category\/destacadas\/"},{"label":"Fallece la periodista que inform\u00f3 del inicio de la II Guerra Mundial","link":"https:\/\/www.eldigitaldeasturias.com\/noticias\/fallece-la-periodista-que-informo-del-inicio-de-la-ii-guerra-mundial\/"}],"_links":{"self":[{"href":"https:\/\/www.eldigitaldeasturias.com\/noticias\/wp-json\/wp\/v2\/posts\/922031","targetHints":{"allow":["GET"]}}],"collection":[{"href":"https:\/\/www.eldigitaldeasturias.com\/noticias\/wp-json\/wp\/v2\/posts"}],"about":[{"href":"https:\/\/www.eldigitaldeasturias.com\/noticias\/wp-json\/wp\/v2\/types\/post"}],"author":[{"embeddable":true,"href":"https:\/\/www.eldigitaldeasturias.com\/noticias\/wp-json\/wp\/v2\/users\/1"}],"replies":[{"embeddable":true,"href":"https:\/\/www.eldigitaldeasturias.com\/noticias\/wp-json\/wp\/v2\/comments?post=922031"}],"version-history":[{"count":0,"href":"https:\/\/www.eldigitaldeasturias.com\/noticias\/wp-json\/wp\/v2\/posts\/922031\/revisions"}],"wp:featuredmedia":[{"embeddable":true,"href":"https:\/\/www.eldigitaldeasturias.com\/noticias\/wp-json\/wp\/v2\/media\/906990"}],"wp:attachment":[{"href":"https:\/\/www.eldigitaldeasturias.com\/noticias\/wp-json\/wp\/v2\/media?parent=922031"}],"wp:term":[{"taxonomy":"category","embeddable":true,"href":"https:\/\/www.eldigitaldeasturias.com\/noticias\/wp-json\/wp\/v2\/categories?post=922031"},{"taxonomy":"post_tag","embeddable":true,"href":"https:\/\/www.eldigitaldeasturias.com\/noticias\/wp-json\/wp\/v2\/tags?post=922031"}],"curies":[{"name":"wp","href":"https:\/\/api.w.org\/{rel}","templated":true}]}}