{"id":922005,"date":"2017-01-11T18:59:36","date_gmt":"2017-01-11T18:59:36","guid":{"rendered":"http:\/\/www.eldigitaldeasturias.com\/noticias\/?p=922005"},"modified":"2017-01-11T18:59:36","modified_gmt":"2017-01-11T18:59:36","slug":"iu-de-asturias-pedira-la-comparecencia-del-consejero-de-sanidad","status":"publish","type":"post","link":"https:\/\/www.eldigitaldeasturias.com\/noticias\/iu-de-asturias-pedira-la-comparecencia-del-consejero-de-sanidad\/","title":{"rendered":"IU de Asturias pedir\u00e1 la comparecencia del Consejero de Sanidad"},"content":{"rendered":"<p><img loading=\"lazy\" decoding=\"async\" class=\"alignleft size-medium wp-image-922006\" src=\"https:\/\/www.eldigitaldeasturias.com\/noticias\/wp-content\/uploads\/2017\/01\/arguelles_fampa2-360x241.jpg\" alt=\"\" width=\"360\" height=\"241\" srcset=\"https:\/\/www.eldigitaldeasturias.com\/noticias\/wp-content\/uploads\/2017\/01\/arguelles_fampa2-360x241.jpg 360w, https:\/\/www.eldigitaldeasturias.com\/noticias\/wp-content\/uploads\/2017\/01\/arguelles_fampa2-768x514.jpg 768w, https:\/\/www.eldigitaldeasturias.com\/noticias\/wp-content\/uploads\/2017\/01\/arguelles_fampa2-650x435.jpg 650w, https:\/\/www.eldigitaldeasturias.com\/noticias\/wp-content\/uploads\/2017\/01\/arguelles_fampa2.jpg 1280w\" sizes=\"auto, (max-width: 360px) 100vw, 360px\" \/>Ram\u00f3n Arg\u00fcelles, coordinador general de IU de Asturias, adelant\u00f3 esta ma\u00f1ana en una reuni\u00f3n con la FAMPA (Federaci\u00f3n de Asociaciones de Mayores de Asturias), que el grupo parlamentario de IU pedir\u00e1 la comparecencia del Consejero de Sanidad para explicar la situaci\u00f3n que padece la sanidad asturiana derivada a la epidemia de gripe y ante las denuncias de colapso por parte de profesionales y usuarios. Arg\u00fcelles advirti\u00f3 que IU tiene una visi\u00f3n cr\u00edtica sobre la actuaci\u00f3n de la Consejer\u00eda de Sanidad, que, a su juicio debe actuar con m\u00e1s previsi\u00f3n y para no llegar al \u201ccolapso actual\u201d.<\/p>\n<p>El Coordinador de IU reiter\u00f3, tal como hizo el portavoz parlamentario Gaspar Llamazares, que la epidemia de gripe es una cuesti\u00f3n previsible, aunque este a\u00f1o sea m\u00e1s severa, y considera que la administraci\u00f3n sanitaria deber\u00eda tener un plan de contingencia con estas previsiones. \u201cLe pediremos un plan de contingencia para este asunto, aunque tambi\u00e9n debe tenerlo para la \u00e9poca del verano, cuando se producen las vacaciones del personal y se producen nuevas distorsiones\u201d, advirti\u00f3 Arg\u00fcelles.<\/p>\n<p>Estas declaraciones se produjeron en una rueda de prensa en Oviedo junto a la presidenta de la FAMPA, Dolores San Mart\u00edn.<\/p>\n<p>&nbsp;<\/p>\n<p>&nbsp;<\/p>\n","protected":false},"excerpt":{"rendered":"<p>Ram\u00f3n Arg\u00fcelles, coordinador general de IU de Asturias, adelant\u00f3 esta ma\u00f1ana en una reuni\u00f3n con la FAMPA (Federaci\u00f3n de Asociaciones de Mayores de Asturias), que el grupo parlamentario de IU pedir\u00e1 la comparecencia del Consejero de Sanidad para explicar la situaci\u00f3n que padece la sanidad asturiana derivada a la epidemia de gripe y ante las [&hellip;]<\/p>\n","protected":false},"author":1,"featured_media":922006,"comment_status":"closed","ping_status":"closed","sticky":false,"template":"","format":"standard","meta":{"footnotes":""},"categories":[141],"tags":[],"class_list":["post-922005","post","type-post","status-publish","format-standard","has-post-thumbnail","hentry","category-destacadas"],"aioseo_notices":[],"aioseo_head":"\n\t\t<!-- All in One SEO Pro 4.9.6.2 - aioseo.com -->\n\t<meta name=\"description\" content=\"Ram\u00f3n Arg\u00fcelles, coordinador general de IU de Asturias, adelant\u00f3 esta ma\u00f1ana en una reuni\u00f3n con la FAMPA (Federaci\u00f3n de Asociaciones de Mayores de Asturias), que el grupo parlamentario de IU pedir\u00e1 la comparecencia del Consejero de Sanidad para explicar la situaci\u00f3n que padece la sanidad asturiana derivada a la epidemia de gripe y ante las\" \/>\n\t<meta name=\"robots\" content=\"max-image-preview:large\" \/>\n\t<meta name=\"author\" content=\"El Digital de Asturias\"\/>\n\t<meta name=\"google-site-verification\" content=\"UA-38556648-1\" \/>\n\t<meta name=\"msvalidate.01\" content=\"7dfe9f3f1b24437ab69f4f2559babe99\" \/>\n\t<meta name=\"keywords\" content=\"destacadas\" \/>\n\t<link rel=\"canonical\" href=\"https:\/\/www.eldigitaldeasturias.com\/noticias\/iu-de-asturias-pedira-la-comparecencia-del-consejero-de-sanidad\/\" \/>\n\t<meta name=\"generator\" content=\"All in One SEO Pro (AIOSEO) 4.9.6.2\" \/>\n\t\t<meta property=\"og:locale\" content=\"es_ES\" \/>\n\t\t<meta property=\"og:site_name\" content=\"El Digital de Asturias\" \/>\n\t\t<meta property=\"og:type\" content=\"article\" \/>\n\t\t<meta property=\"og:title\" content=\"IU de Asturias pedir\u00e1 la comparecencia del Consejero de Sanidad - El Digital de Asturias\" \/>\n\t\t<meta property=\"og:description\" content=\"Ram\u00f3n Arg\u00fcelles, coordinador general de IU de Asturias, adelant\u00f3 esta ma\u00f1ana en una reuni\u00f3n con la FAMPA (Federaci\u00f3n de Asociaciones de Mayores de Asturias), que el grupo parlamentario de IU pedir\u00e1 la comparecencia del Consejero de Sanidad para explicar la situaci\u00f3n que padece la sanidad asturiana derivada a la epidemia de gripe y ante las\" \/>\n\t\t<meta property=\"og:url\" content=\"https:\/\/www.eldigitaldeasturias.com\/noticias\/iu-de-asturias-pedira-la-comparecencia-del-consejero-de-sanidad\/\" \/>\n\t\t<meta property=\"og:image\" content=\"https:\/\/www.eldigitaldeasturias.com\/noticias\/wp-content\/uploads\/2017\/01\/arguelles_fampa2.jpg\" \/>\n\t\t<meta property=\"og:image:secure_url\" content=\"https:\/\/www.eldigitaldeasturias.com\/noticias\/wp-content\/uploads\/2017\/01\/arguelles_fampa2.jpg\" \/>\n\t\t<meta property=\"og:image:width\" content=\"1280\" \/>\n\t\t<meta property=\"og:image:height\" content=\"856\" \/>\n\t\t<meta property=\"article:tag\" content=\"destacadas\" \/>\n\t\t<meta property=\"article:published_time\" content=\"2017-01-11T18:59:36+00:00\" \/>\n\t\t<meta property=\"article:modified_time\" content=\"2017-01-11T18:59:36+00:00\" \/>\n\t\t<meta property=\"article:publisher\" content=\"https:\/\/facebook.com\/eldigitaldeasturias\" \/>\n\t\t<meta name=\"twitter:card\" content=\"summary_large_image\" \/>\n\t\t<meta name=\"twitter:title\" content=\"IU de Asturias pedir\u00e1 la comparecencia del Consejero de Sanidad - El Digital de Asturias\" \/>\n\t\t<meta name=\"twitter:description\" content=\"Ram\u00f3n Arg\u00fcelles, coordinador general de IU de Asturias, adelant\u00f3 esta ma\u00f1ana en una reuni\u00f3n con la FAMPA (Federaci\u00f3n de Asociaciones de Mayores de Asturias), que el grupo parlamentario de IU pedir\u00e1 la comparecencia del Consejero de Sanidad para explicar la situaci\u00f3n que padece la sanidad asturiana derivada a la epidemia de gripe y ante las\" \/>\n\t\t<meta name=\"twitter:image\" content=\"https:\/\/www.eldigitaldeasturias.com\/noticias\/wp-content\/uploads\/2017\/01\/arguelles_fampa2.jpg\" \/>\n\t\t<meta name=\"twitter:label1\" content=\"Escrito por\" \/>\n\t\t<meta name=\"twitter:data1\" content=\"El Digital de Asturias\" \/>\n\t\t<meta name=\"twitter:label2\" content=\"Tiempo de lectura estimado\" \/>\n\t\t<meta name=\"twitter:data2\" content=\"1 minuto\" \/>\n\t\t<script type=\"application\/ld+json\" class=\"aioseo-schema\">\n\t\t\t{\"@context\":\"https:\\\/\\\/schema.org\",\"@graph\":[{\"@type\":\"BlogPosting\",\"@id\":\"https:\\\/\\\/www.eldigitaldeasturias.com\\\/noticias\\\/iu-de-asturias-pedira-la-comparecencia-del-consejero-de-sanidad\\\/#blogposting\",\"name\":\"IU de Asturias pedir\\u00e1 la comparecencia del Consejero de Sanidad - El Digital de Asturias\",\"headline\":\"IU de Asturias pedir\\u00e1 la comparecencia del Consejero de Sanidad\",\"author\":{\"@id\":\"https:\\\/\\\/www.eldigitaldeasturias.com\\\/noticias\\\/author\\\/admin\\\/#author\"},\"publisher\":{\"@id\":\"https:\\\/\\\/www.eldigitaldeasturias.com\\\/noticias\\\/#organization\"},\"image\":{\"@type\":\"ImageObject\",\"url\":\"https:\\\/\\\/www.eldigitaldeasturias.com\\\/noticias\\\/wp-content\\\/uploads\\\/2017\\\/01\\\/arguelles_fampa2.jpg\",\"width\":1280,\"height\":856},\"datePublished\":\"2017-01-11T18:59:36+01:00\",\"dateModified\":\"2017-01-11T18:59:36+01:00\",\"inLanguage\":\"es-ES\",\"mainEntityOfPage\":{\"@id\":\"https:\\\/\\\/www.eldigitaldeasturias.com\\\/noticias\\\/iu-de-asturias-pedira-la-comparecencia-del-consejero-de-sanidad\\\/#webpage\"},\"isPartOf\":{\"@id\":\"https:\\\/\\\/www.eldigitaldeasturias.com\\\/noticias\\\/iu-de-asturias-pedira-la-comparecencia-del-consejero-de-sanidad\\\/#webpage\"},\"articleSection\":\"Destacadas\"},{\"@type\":\"BreadcrumbList\",\"@id\":\"https:\\\/\\\/www.eldigitaldeasturias.com\\\/noticias\\\/iu-de-asturias-pedira-la-comparecencia-del-consejero-de-sanidad\\\/#breadcrumblist\",\"itemListElement\":[{\"@type\":\"ListItem\",\"@id\":\"https:\\\/\\\/www.eldigitaldeasturias.com\\\/noticias#listItem\",\"position\":1,\"name\":\"Home\",\"item\":\"https:\\\/\\\/www.eldigitaldeasturias.com\\\/noticias\",\"nextItem\":{\"@type\":\"ListItem\",\"@id\":\"https:\\\/\\\/www.eldigitaldeasturias.com\\\/noticias\\\/category\\\/destacadas\\\/#listItem\",\"name\":\"Destacadas\"}},{\"@type\":\"ListItem\",\"@id\":\"https:\\\/\\\/www.eldigitaldeasturias.com\\\/noticias\\\/category\\\/destacadas\\\/#listItem\",\"position\":2,\"name\":\"Destacadas\",\"item\":\"https:\\\/\\\/www.eldigitaldeasturias.com\\\/noticias\\\/category\\\/destacadas\\\/\",\"nextItem\":{\"@type\":\"ListItem\",\"@id\":\"https:\\\/\\\/www.eldigitaldeasturias.com\\\/noticias\\\/iu-de-asturias-pedira-la-comparecencia-del-consejero-de-sanidad\\\/#listItem\",\"name\":\"IU de Asturias pedir\\u00e1 la comparecencia del Consejero de Sanidad\"},\"previousItem\":{\"@type\":\"ListItem\",\"@id\":\"https:\\\/\\\/www.eldigitaldeasturias.com\\\/noticias#listItem\",\"name\":\"Home\"}},{\"@type\":\"ListItem\",\"@id\":\"https:\\\/\\\/www.eldigitaldeasturias.com\\\/noticias\\\/iu-de-asturias-pedira-la-comparecencia-del-consejero-de-sanidad\\\/#listItem\",\"position\":3,\"name\":\"IU de Asturias pedir\\u00e1 la comparecencia del Consejero de Sanidad\",\"previousItem\":{\"@type\":\"ListItem\",\"@id\":\"https:\\\/\\\/www.eldigitaldeasturias.com\\\/noticias\\\/category\\\/destacadas\\\/#listItem\",\"name\":\"Destacadas\"}}]},{\"@type\":\"Organization\",\"@id\":\"https:\\\/\\\/www.eldigitaldeasturias.com\\\/noticias\\\/#organization\",\"name\":\"El Digital de Asturias\",\"description\":\"Hemeroteca\",\"url\":\"https:\\\/\\\/www.eldigitaldeasturias.com\\\/noticias\\\/\",\"email\":\"info@eldigitaldeasturias.com\",\"telephone\":\"+34652131393\",\"logo\":{\"@type\":\"ImageObject\",\"url\":\"https:\\\/\\\/www.eldigitaldeasturias.com\\\/noticias\\\/wp-content\\\/uploads\\\/2020\\\/12\\\/EDA.jpg\",\"@id\":\"https:\\\/\\\/www.eldigitaldeasturias.com\\\/noticias\\\/iu-de-asturias-pedira-la-comparecencia-del-consejero-de-sanidad\\\/#organizationLogo\",\"width\":649,\"height\":297},\"image\":{\"@id\":\"https:\\\/\\\/www.eldigitaldeasturias.com\\\/noticias\\\/iu-de-asturias-pedira-la-comparecencia-del-consejero-de-sanidad\\\/#organizationLogo\"},\"sameAs\":[\"https:\\\/\\\/facebook.com\\\/eldigitaldeasturias\",\"https:\\\/\\\/www.youtube.com\\\/channel\\\/UCZP-2wLEB9Rv6erhFmqVnvg\"],\"address\":{\"@id\":\"https:\\\/\\\/www.eldigitaldeasturias.com\\\/noticias\\\/#postaladdress\",\"@type\":\"PostalAddress\",\"streetAddress\":\"san antonio 4,\",\"postalCode\":\"33430\",\"addressLocality\":\"Cand\\u00e1s\",\"addressRegion\":\"Asturias\",\"addressCountry\":\"ES\"}},{\"@type\":\"Person\",\"@id\":\"https:\\\/\\\/www.eldigitaldeasturias.com\\\/noticias\\\/author\\\/admin\\\/#author\",\"url\":\"https:\\\/\\\/www.eldigitaldeasturias.com\\\/noticias\\\/author\\\/admin\\\/\",\"name\":\"El Digital de Asturias\",\"image\":{\"@type\":\"ImageObject\",\"@id\":\"https:\\\/\\\/www.eldigitaldeasturias.com\\\/noticias\\\/iu-de-asturias-pedira-la-comparecencia-del-consejero-de-sanidad\\\/#authorImage\",\"url\":\"https:\\\/\\\/www.eldigitaldeasturias.com\\\/noticias\\\/wp-content\\\/litespeed\\\/avatar\\\/18677e78aa0546b92d9dbf31ec7d7668.jpg?ver=1777290358\",\"width\":96,\"height\":96,\"caption\":\"El Digital de Asturias\"}},{\"@type\":\"WebPage\",\"@id\":\"https:\\\/\\\/www.eldigitaldeasturias.com\\\/noticias\\\/iu-de-asturias-pedira-la-comparecencia-del-consejero-de-sanidad\\\/#webpage\",\"url\":\"https:\\\/\\\/www.eldigitaldeasturias.com\\\/noticias\\\/iu-de-asturias-pedira-la-comparecencia-del-consejero-de-sanidad\\\/\",\"name\":\"IU de Asturias pedir\\u00e1 la comparecencia del Consejero de Sanidad - El Digital de Asturias\",\"description\":\"Ram\\u00f3n Arg\\u00fcelles, coordinador general de IU de Asturias, adelant\\u00f3 esta ma\\u00f1ana en una reuni\\u00f3n con la FAMPA (Federaci\\u00f3n de Asociaciones de Mayores de Asturias), que el grupo parlamentario de IU pedir\\u00e1 la comparecencia del Consejero de Sanidad para explicar la situaci\\u00f3n que padece la sanidad asturiana derivada a la epidemia de gripe y ante las\",\"inLanguage\":\"es-ES\",\"isPartOf\":{\"@id\":\"https:\\\/\\\/www.eldigitaldeasturias.com\\\/noticias\\\/#website\"},\"breadcrumb\":{\"@id\":\"https:\\\/\\\/www.eldigitaldeasturias.com\\\/noticias\\\/iu-de-asturias-pedira-la-comparecencia-del-consejero-de-sanidad\\\/#breadcrumblist\"},\"author\":{\"@id\":\"https:\\\/\\\/www.eldigitaldeasturias.com\\\/noticias\\\/author\\\/admin\\\/#author\"},\"creator\":{\"@id\":\"https:\\\/\\\/www.eldigitaldeasturias.com\\\/noticias\\\/author\\\/admin\\\/#author\"},\"image\":{\"@type\":\"ImageObject\",\"url\":\"https:\\\/\\\/www.eldigitaldeasturias.com\\\/noticias\\\/wp-content\\\/uploads\\\/2017\\\/01\\\/arguelles_fampa2.jpg\",\"@id\":\"https:\\\/\\\/www.eldigitaldeasturias.com\\\/noticias\\\/iu-de-asturias-pedira-la-comparecencia-del-consejero-de-sanidad\\\/#mainImage\",\"width\":1280,\"height\":856},\"primaryImageOfPage\":{\"@id\":\"https:\\\/\\\/www.eldigitaldeasturias.com\\\/noticias\\\/iu-de-asturias-pedira-la-comparecencia-del-consejero-de-sanidad\\\/#mainImage\"},\"datePublished\":\"2017-01-11T18:59:36+01:00\",\"dateModified\":\"2017-01-11T18:59:36+01:00\"},{\"@type\":\"WebSite\",\"@id\":\"https:\\\/\\\/www.eldigitaldeasturias.com\\\/noticias\\\/#website\",\"url\":\"https:\\\/\\\/www.eldigitaldeasturias.com\\\/noticias\\\/\",\"name\":\"El Digital de Asturias - Diario de actualidad y noticias\",\"alternateName\":\"El Digital de Asturias - Diario de actualidad y noticias\",\"description\":\"Hemeroteca\",\"inLanguage\":\"es-ES\",\"publisher\":{\"@id\":\"https:\\\/\\\/www.eldigitaldeasturias.com\\\/noticias\\\/#organization\"}}]}\n\t\t<\/script>\n\t\t<!-- All in One SEO Pro -->\r\n\t\t<title>IU de Asturias pedir\u00e1 la comparecencia del Consejero de Sanidad - El Digital de Asturias<\/title>\n\n","aioseo_head_json":{"title":"IU de Asturias pedir\u00e1 la comparecencia del Consejero de Sanidad - El Digital de Asturias","description":"Ram\u00f3n Arg\u00fcelles, coordinador general de IU de Asturias, adelant\u00f3 esta ma\u00f1ana en una reuni\u00f3n con la FAMPA (Federaci\u00f3n de Asociaciones de Mayores de Asturias), que el grupo parlamentario de IU pedir\u00e1 la comparecencia del Consejero de Sanidad para explicar la situaci\u00f3n que padece la sanidad asturiana derivada a la epidemia de gripe y ante las","canonical_url":"https:\/\/www.eldigitaldeasturias.com\/noticias\/iu-de-asturias-pedira-la-comparecencia-del-consejero-de-sanidad\/","robots":"max-image-preview:large","keywords":"destacadas","webmasterTools":{"google-site-verification":"UA-38556648-1","msvalidate.01":"7dfe9f3f1b24437ab69f4f2559babe99","miscellaneous":""},"schema":{"@context":"https:\/\/schema.org","@graph":[{"@type":"BlogPosting","@id":"https:\/\/www.eldigitaldeasturias.com\/noticias\/iu-de-asturias-pedira-la-comparecencia-del-consejero-de-sanidad\/#blogposting","name":"IU de Asturias pedir\u00e1 la comparecencia del Consejero de Sanidad - El Digital de Asturias","headline":"IU de Asturias pedir\u00e1 la comparecencia del Consejero de Sanidad","author":{"@id":"https:\/\/www.eldigitaldeasturias.com\/noticias\/author\/admin\/#author"},"publisher":{"@id":"https:\/\/www.eldigitaldeasturias.com\/noticias\/#organization"},"image":{"@type":"ImageObject","url":"https:\/\/www.eldigitaldeasturias.com\/noticias\/wp-content\/uploads\/2017\/01\/arguelles_fampa2.jpg","width":1280,"height":856},"datePublished":"2017-01-11T18:59:36+01:00","dateModified":"2017-01-11T18:59:36+01:00","inLanguage":"es-ES","mainEntityOfPage":{"@id":"https:\/\/www.eldigitaldeasturias.com\/noticias\/iu-de-asturias-pedira-la-comparecencia-del-consejero-de-sanidad\/#webpage"},"isPartOf":{"@id":"https:\/\/www.eldigitaldeasturias.com\/noticias\/iu-de-asturias-pedira-la-comparecencia-del-consejero-de-sanidad\/#webpage"},"articleSection":"Destacadas"},{"@type":"BreadcrumbList","@id":"https:\/\/www.eldigitaldeasturias.com\/noticias\/iu-de-asturias-pedira-la-comparecencia-del-consejero-de-sanidad\/#breadcrumblist","itemListElement":[{"@type":"ListItem","@id":"https:\/\/www.eldigitaldeasturias.com\/noticias#listItem","position":1,"name":"Home","item":"https:\/\/www.eldigitaldeasturias.com\/noticias","nextItem":{"@type":"ListItem","@id":"https:\/\/www.eldigitaldeasturias.com\/noticias\/category\/destacadas\/#listItem","name":"Destacadas"}},{"@type":"ListItem","@id":"https:\/\/www.eldigitaldeasturias.com\/noticias\/category\/destacadas\/#listItem","position":2,"name":"Destacadas","item":"https:\/\/www.eldigitaldeasturias.com\/noticias\/category\/destacadas\/","nextItem":{"@type":"ListItem","@id":"https:\/\/www.eldigitaldeasturias.com\/noticias\/iu-de-asturias-pedira-la-comparecencia-del-consejero-de-sanidad\/#listItem","name":"IU de Asturias pedir\u00e1 la comparecencia del Consejero de Sanidad"},"previousItem":{"@type":"ListItem","@id":"https:\/\/www.eldigitaldeasturias.com\/noticias#listItem","name":"Home"}},{"@type":"ListItem","@id":"https:\/\/www.eldigitaldeasturias.com\/noticias\/iu-de-asturias-pedira-la-comparecencia-del-consejero-de-sanidad\/#listItem","position":3,"name":"IU de Asturias pedir\u00e1 la comparecencia del Consejero de Sanidad","previousItem":{"@type":"ListItem","@id":"https:\/\/www.eldigitaldeasturias.com\/noticias\/category\/destacadas\/#listItem","name":"Destacadas"}}]},{"@type":"Organization","@id":"https:\/\/www.eldigitaldeasturias.com\/noticias\/#organization","name":"El Digital de Asturias","description":"Hemeroteca","url":"https:\/\/www.eldigitaldeasturias.com\/noticias\/","email":"info@eldigitaldeasturias.com","telephone":"+34652131393","logo":{"@type":"ImageObject","url":"https:\/\/www.eldigitaldeasturias.com\/noticias\/wp-content\/uploads\/2020\/12\/EDA.jpg","@id":"https:\/\/www.eldigitaldeasturias.com\/noticias\/iu-de-asturias-pedira-la-comparecencia-del-consejero-de-sanidad\/#organizationLogo","width":649,"height":297},"image":{"@id":"https:\/\/www.eldigitaldeasturias.com\/noticias\/iu-de-asturias-pedira-la-comparecencia-del-consejero-de-sanidad\/#organizationLogo"},"sameAs":["https:\/\/facebook.com\/eldigitaldeasturias","https:\/\/www.youtube.com\/channel\/UCZP-2wLEB9Rv6erhFmqVnvg"],"address":{"@id":"https:\/\/www.eldigitaldeasturias.com\/noticias\/#postaladdress","@type":"PostalAddress","streetAddress":"san antonio 4,","postalCode":"33430","addressLocality":"Cand\u00e1s","addressRegion":"Asturias","addressCountry":"ES"}},{"@type":"Person","@id":"https:\/\/www.eldigitaldeasturias.com\/noticias\/author\/admin\/#author","url":"https:\/\/www.eldigitaldeasturias.com\/noticias\/author\/admin\/","name":"El Digital de Asturias","image":{"@type":"ImageObject","@id":"https:\/\/www.eldigitaldeasturias.com\/noticias\/iu-de-asturias-pedira-la-comparecencia-del-consejero-de-sanidad\/#authorImage","url":"https:\/\/www.eldigitaldeasturias.com\/noticias\/wp-content\/litespeed\/avatar\/18677e78aa0546b92d9dbf31ec7d7668.jpg?ver=1777290358","width":96,"height":96,"caption":"El Digital de Asturias"}},{"@type":"WebPage","@id":"https:\/\/www.eldigitaldeasturias.com\/noticias\/iu-de-asturias-pedira-la-comparecencia-del-consejero-de-sanidad\/#webpage","url":"https:\/\/www.eldigitaldeasturias.com\/noticias\/iu-de-asturias-pedira-la-comparecencia-del-consejero-de-sanidad\/","name":"IU de Asturias pedir\u00e1 la comparecencia del Consejero de Sanidad - El Digital de Asturias","description":"Ram\u00f3n Arg\u00fcelles, coordinador general de IU de Asturias, adelant\u00f3 esta ma\u00f1ana en una reuni\u00f3n con la FAMPA (Federaci\u00f3n de Asociaciones de Mayores de Asturias), que el grupo parlamentario de IU pedir\u00e1 la comparecencia del Consejero de Sanidad para explicar la situaci\u00f3n que padece la sanidad asturiana derivada a la epidemia de gripe y ante las","inLanguage":"es-ES","isPartOf":{"@id":"https:\/\/www.eldigitaldeasturias.com\/noticias\/#website"},"breadcrumb":{"@id":"https:\/\/www.eldigitaldeasturias.com\/noticias\/iu-de-asturias-pedira-la-comparecencia-del-consejero-de-sanidad\/#breadcrumblist"},"author":{"@id":"https:\/\/www.eldigitaldeasturias.com\/noticias\/author\/admin\/#author"},"creator":{"@id":"https:\/\/www.eldigitaldeasturias.com\/noticias\/author\/admin\/#author"},"image":{"@type":"ImageObject","url":"https:\/\/www.eldigitaldeasturias.com\/noticias\/wp-content\/uploads\/2017\/01\/arguelles_fampa2.jpg","@id":"https:\/\/www.eldigitaldeasturias.com\/noticias\/iu-de-asturias-pedira-la-comparecencia-del-consejero-de-sanidad\/#mainImage","width":1280,"height":856},"primaryImageOfPage":{"@id":"https:\/\/www.eldigitaldeasturias.com\/noticias\/iu-de-asturias-pedira-la-comparecencia-del-consejero-de-sanidad\/#mainImage"},"datePublished":"2017-01-11T18:59:36+01:00","dateModified":"2017-01-11T18:59:36+01:00"},{"@type":"WebSite","@id":"https:\/\/www.eldigitaldeasturias.com\/noticias\/#website","url":"https:\/\/www.eldigitaldeasturias.com\/noticias\/","name":"El Digital de Asturias - Diario de actualidad y noticias","alternateName":"El Digital de Asturias - Diario de actualidad y noticias","description":"Hemeroteca","inLanguage":"es-ES","publisher":{"@id":"https:\/\/www.eldigitaldeasturias.com\/noticias\/#organization"}}]},"og:locale":"es_ES","og:site_name":"El Digital de Asturias","og:type":"article","og:title":"IU de Asturias pedir\u00e1 la comparecencia del Consejero de Sanidad - El Digital de Asturias","og:description":"Ram\u00f3n Arg\u00fcelles, coordinador general de IU de Asturias, adelant\u00f3 esta ma\u00f1ana en una reuni\u00f3n con la FAMPA (Federaci\u00f3n de Asociaciones de Mayores de Asturias), que el grupo parlamentario de IU pedir\u00e1 la comparecencia del Consejero de Sanidad para explicar la situaci\u00f3n que padece la sanidad asturiana derivada a la epidemia de gripe y ante las","og:url":"https:\/\/www.eldigitaldeasturias.com\/noticias\/iu-de-asturias-pedira-la-comparecencia-del-consejero-de-sanidad\/","og:image":"https:\/\/www.eldigitaldeasturias.com\/noticias\/wp-content\/uploads\/2017\/01\/arguelles_fampa2.jpg","og:image:secure_url":"https:\/\/www.eldigitaldeasturias.com\/noticias\/wp-content\/uploads\/2017\/01\/arguelles_fampa2.jpg","og:image:width":1280,"og:image:height":856,"article:tag":["destacadas"],"article:published_time":"2017-01-11T18:59:36+00:00","article:modified_time":"2017-01-11T18:59:36+00:00","article:publisher":"https:\/\/facebook.com\/eldigitaldeasturias","twitter:card":"summary_large_image","twitter:title":"IU de Asturias pedir\u00e1 la comparecencia del Consejero de Sanidad - El Digital de Asturias","twitter:description":"Ram\u00f3n Arg\u00fcelles, coordinador general de IU de Asturias, adelant\u00f3 esta ma\u00f1ana en una reuni\u00f3n con la FAMPA (Federaci\u00f3n de Asociaciones de Mayores de Asturias), que el grupo parlamentario de IU pedir\u00e1 la comparecencia del Consejero de Sanidad para explicar la situaci\u00f3n que padece la sanidad asturiana derivada a la epidemia de gripe y ante las","twitter:image":"https:\/\/www.eldigitaldeasturias.com\/noticias\/wp-content\/uploads\/2017\/01\/arguelles_fampa2.jpg","twitter:label1":"Escrito por","twitter:data1":"El Digital de Asturias","twitter:label2":"Tiempo de lectura estimado","twitter:data2":"1 minuto"},"aioseo_meta_data":{"post_id":"922005","title":null,"description":null,"keywords":null,"keyphrases":null,"primary_term":null,"canonical_url":null,"og_title":null,"og_description":null,"og_object_type":"default","og_image_type":"default","og_image_url":null,"og_image_width":null,"og_image_height":null,"og_image_custom_url":null,"og_image_custom_fields":null,"og_video":null,"og_custom_url":null,"og_article_section":null,"og_article_tags":null,"twitter_use_og":false,"twitter_card":"default","twitter_image_type":"default","twitter_image_url":null,"twitter_image_custom_url":null,"twitter_image_custom_fields":null,"twitter_title":null,"twitter_description":null,"schema":{"blockGraphs":[],"customGraphs":[],"default":{"data":{"Article":[],"Course":[],"Dataset":[],"FAQPage":[],"Movie":[],"Person":[],"Product":[],"ProductReview":[],"Car":[],"Recipe":[],"Service":[],"SoftwareApplication":[],"WebPage":[]},"graphName":"","isEnabled":true},"graphs":[],"defaultGraph":"","defaultPostTypeGraph":""},"schema_type":null,"schema_type_options":null,"pillar_content":false,"robots_default":true,"robots_noindex":false,"robots_noarchive":false,"robots_nosnippet":false,"robots_nofollow":false,"robots_noimageindex":false,"robots_noodp":false,"robots_notranslate":false,"robots_max_snippet":null,"robots_max_videopreview":null,"robots_max_imagepreview":"large","priority":null,"frequency":null,"local_seo":null,"seo_analyzer_scan_date":"2025-12-02 15:44:21","breadcrumb_settings":null,"limit_modified_date":false,"open_ai":null,"ai":null,"created":"2020-12-21 13:43:00","updated":"2025-12-02 15:44:21"},"aioseo_breadcrumb":"<div class=\"aioseo-breadcrumbs\"><span class=\"aioseo-breadcrumb\">\n\t<a href=\"https:\/\/www.eldigitaldeasturias.com\/noticias\" title=\"Home\">Home<\/a>\n<\/span><span class=\"aioseo-breadcrumb-separator\">\u2013<\/span><span class=\"aioseo-breadcrumb\">\n\t<a href=\"https:\/\/www.eldigitaldeasturias.com\/noticias\/category\/destacadas\/\" title=\"Destacadas\">Destacadas<\/a>\n<\/span><span class=\"aioseo-breadcrumb-separator\">\u2013<\/span><span class=\"aioseo-breadcrumb\">\n\t<a href=\"https:\/\/www.eldigitaldeasturias.com\/noticias\/iu-de-asturias-pedira-la-comparecencia-del-consejero-de-sanidad\/\" title=\"IU de Asturias pedir\u00e1 la comparecencia del Consejero de Sanidad\">IU de Asturias pedir\u00e1 la comparecencia del Consejero de Sanidad<\/a>\n<\/span><\/div>","aioseo_breadcrumb_json":[{"label":"Home","link":"https:\/\/www.eldigitaldeasturias.com\/noticias"},{"label":"Destacadas","link":"https:\/\/www.eldigitaldeasturias.com\/noticias\/category\/destacadas\/"},{"label":"IU de Asturias pedir\u00e1 la comparecencia del Consejero de Sanidad","link":"https:\/\/www.eldigitaldeasturias.com\/noticias\/iu-de-asturias-pedira-la-comparecencia-del-consejero-de-sanidad\/"}],"_links":{"self":[{"href":"https:\/\/www.eldigitaldeasturias.com\/noticias\/wp-json\/wp\/v2\/posts\/922005","targetHints":{"allow":["GET"]}}],"collection":[{"href":"https:\/\/www.eldigitaldeasturias.com\/noticias\/wp-json\/wp\/v2\/posts"}],"about":[{"href":"https:\/\/www.eldigitaldeasturias.com\/noticias\/wp-json\/wp\/v2\/types\/post"}],"author":[{"embeddable":true,"href":"https:\/\/www.eldigitaldeasturias.com\/noticias\/wp-json\/wp\/v2\/users\/1"}],"replies":[{"embeddable":true,"href":"https:\/\/www.eldigitaldeasturias.com\/noticias\/wp-json\/wp\/v2\/comments?post=922005"}],"version-history":[{"count":0,"href":"https:\/\/www.eldigitaldeasturias.com\/noticias\/wp-json\/wp\/v2\/posts\/922005\/revisions"}],"wp:featuredmedia":[{"embeddable":true,"href":"https:\/\/www.eldigitaldeasturias.com\/noticias\/wp-json\/wp\/v2\/media\/922006"}],"wp:attachment":[{"href":"https:\/\/www.eldigitaldeasturias.com\/noticias\/wp-json\/wp\/v2\/media?parent=922005"}],"wp:term":[{"taxonomy":"category","embeddable":true,"href":"https:\/\/www.eldigitaldeasturias.com\/noticias\/wp-json\/wp\/v2\/categories?post=922005"},{"taxonomy":"post_tag","embeddable":true,"href":"https:\/\/www.eldigitaldeasturias.com\/noticias\/wp-json\/wp\/v2\/tags?post=922005"}],"curies":[{"name":"wp","href":"https:\/\/api.w.org\/{rel}","templated":true}]}}