{"id":921931,"date":"2017-01-10T22:32:04","date_gmt":"2017-01-10T22:32:04","guid":{"rendered":"http:\/\/www.eldigitaldeasturias.com\/noticias\/?p=921931"},"modified":"2017-01-10T22:34:38","modified_gmt":"2017-01-10T22:34:38","slug":"la-gripe-tumba-a-los-asturianos","status":"publish","type":"post","link":"https:\/\/www.eldigitaldeasturias.com\/noticias\/la-gripe-tumba-a-los-asturianos\/","title":{"rendered":"La gripe \u201ctumba\u201d a los asturianos"},"content":{"rendered":"<p>Rara es la casa o la familia asturiana que no tenga a uno o m\u00e1s miembros padeciendo la gripe en este mes de enero, dicen los expertos que el virus se ha adelantado \u201cun mes\u201d, pero desde este medio ya llevamos informando de los estragos de la gripe desde el pasado a\u00f1o<\/p>\n<blockquote>\n<p style=\"padding-left: 30px;\">\u201cLa incidencia de la gripe en Asturias aument\u00f3 durante las dos \u00faltimas semanas de noviembre, sobre todo entre los menores de 15 a\u00f1os, lo que implica el comienzo de la onda epid\u00e9mica estacional de esta enfermedad, cuya tasa se sit\u00faa por el momento en 137,7 casos por cada 100.000 habitantes\u201d, cont\u00e1bamos un 3 de diciembre.<\/p>\n<\/blockquote>\n<p>Uno de los focos m\u00e1s temidos por los asturianos son los centros de salud, un lugar en el que muchos han entrado sanos y tras su paso por los mismos han comenzado a sufrir los s\u00edntomas de la gripe, ir a por una receta, un parte de baja o acompa\u00f1ar a un familiar o amigo es \u201cuna actividad de riesgo\u201d<\/p>\n<p><img loading=\"lazy\" decoding=\"async\" class=\"size-large wp-image-771027 alignnone\" src=\"https:\/\/www.eldigitaldeasturias.com\/noticias\/wp-content\/uploads\/2015\/03\/gripe-650x434.jpg\" alt=\"\" width=\"650\" height=\"434\" srcset=\"https:\/\/www.eldigitaldeasturias.com\/noticias\/wp-content\/uploads\/2015\/03\/gripe-650x434.jpg 650w, https:\/\/www.eldigitaldeasturias.com\/noticias\/wp-content\/uploads\/2015\/03\/gripe-360x240.jpg 360w, https:\/\/www.eldigitaldeasturias.com\/noticias\/wp-content\/uploads\/2015\/03\/gripe-768x513.jpg 768w, https:\/\/www.eldigitaldeasturias.com\/noticias\/wp-content\/uploads\/2015\/03\/gripe.jpg 800w\" sizes=\"auto, (max-width: 650px) 100vw, 650px\" \/><\/p>\n<p>Ante estas situaciones m\u00e1s de uno se plantea si los centros asturianos de salud re\u00fanen las condiciones higi\u00e9nicas necesarias para no ser \u201cportadores\u201d de este mal que ahora mismo azota al Principado.<\/p>\n<p>\u00bfQu\u00e9 se puede hacer para no volver del m\u00e9dico con gripe?, esa es una de las muchas preguntas que algunos nos planteamos, a\u00f1os atr\u00e1s mir\u00e1bamos con extra\u00f1eza o curiosidad a los habitantes de los pa\u00edses asi\u00e1ticos que recorr\u00edan las calles de sus pa\u00edses con sus mascarillas blancas, \u00bfLlegaremos a este punto?, no solo la gripe es noticia en Asturias, la contaminaci\u00f3n que sufrimos en el \u201cPara\u00edso Natural\u201d tambi\u00e9n perjudica seriamente la salud.<\/p>\n<p>Una contaminaci\u00f3n que va ligada al empleo, a la industria, a nuestras fuentes de ingresos, no se pueden cerrar a todas las empresas contaminantes porque eso llevar\u00eda a Asturias a una crisis econ\u00f3mica m\u00e1s \u201cprofunda\u201d, \u00bfsalud, dinero, o empleo?, otro gran dilema que tenemos en una regi\u00f3n que a\u00fan no ha sabido adaptar a parte de sus grandes industrias a la legislaci\u00f3n \u201cvigente\u201d, las nubes negras, las nubes de carb\u00f3n o\u00a0las nubes marrones no las producen los coches, los cigarrillos ni las estufas de casa, tienen su ubicaci\u00f3n bien marcada, los cielos no mienten.<\/p>\n<p><img loading=\"lazy\" decoding=\"async\" class=\"size-full wp-image-637539 aligncenter\" src=\"https:\/\/www.eldigitaldeasturias.com\/noticias\/wp-content\/uploads\/2014\/10\/Nube-Arcelor-Veri\u00f1a1.jpg\" alt=\"\" width=\"646\" height=\"471\" srcset=\"https:\/\/www.eldigitaldeasturias.com\/noticias\/wp-content\/uploads\/2014\/10\/Nube-Arcelor-Veri\u00f1a1.jpg 646w, https:\/\/www.eldigitaldeasturias.com\/noticias\/wp-content\/uploads\/2014\/10\/Nube-Arcelor-Veri\u00f1a1-360x262.jpg 360w\" sizes=\"auto, (max-width: 646px) 100vw, 646px\" \/><\/p>\n<p>Contaminaci\u00f3n y gripe, temas que hoy son noticia en Asturias.<\/p>\n<p>Y mientras tanto recuerden que desde la Consejer\u00eda de Salud del Principado nos \u201crecuerdan\u201d que la gripe es generalmente una enfermedad benigna de alta incidencia que produce fundamentalmente s\u00edntomas respiratorios.<\/p>\n<p>Est\u00e1 causada por un virus y se contagia muy f\u00e1cilmente. Se transmite de persona a persona principalmente al hablar, toser o estornudar y por gotitas de saliva o secreciones nasales que pueden quedarse en las manos, en otras superficies o dispersas en el aire.<\/p>\n<p>Los buenos h\u00e1bitos ayudan a disminuir la transmisi\u00f3n del virus y constituyen la acci\u00f3n m\u00e1s efectiva para protegerse y proteger a los dem\u00e1s. Es muy importante evitar el contagio, especialmente al toser o estornudar, y para ello se recomienda:<\/p>\n<p>\u2022Utilizar pa\u00f1uelos de papel para taparse la boca y la nariz cuando se tosa y se estornude. Si no se dispone de pa\u00f1uelo de papel, se debe toser y estornudar sobre la manga de la ropa (en el hueco del codo) para evitar contaminar las manos.<\/p>\n<p>\u2022Tirar los pa\u00f1uelos de papel despu\u00e9s de utilizarlos.<\/p>\n<p>\u2022Lavarse a menudo las manos con agua y jab\u00f3n.<\/p>\n<p>\u2022Mantener una buena ventilaci\u00f3n de los espacios cerrados.<\/p>\n<p>\u2022Limpiar con frecuencia las superficies que se tocan con las manos como los pomos de las puertas, los interruptores, etc\u00e9tera.<\/p>\n<p>&nbsp;<\/p>\n<p>&nbsp;<\/p>\n<p>&nbsp;<\/p>\n","protected":false},"excerpt":{"rendered":"<p>Rara es la casa o la familia asturiana que no tenga a uno o m\u00e1s miembros padeciendo la gripe en este mes de enero, dicen los expertos que el virus se ha adelantado \u201cun mes\u201d, pero desde este medio ya llevamos informando de los estragos de la gripe desde el pasado a\u00f1o \u201cLa incidencia de [&hellip;]<\/p>\n","protected":false},"author":1,"featured_media":769761,"comment_status":"closed","ping_status":"closed","sticky":false,"template":"","format":"standard","meta":{"footnotes":""},"categories":[141],"tags":[],"class_list":["post-921931","post","type-post","status-publish","format-standard","has-post-thumbnail","hentry","category-destacadas"],"aioseo_notices":[],"aioseo_head":"\n\t\t<!-- All in One SEO Pro 4.9.6.2 - aioseo.com -->\n\t<meta name=\"description\" content=\"Rara es la casa o la familia asturiana que no tenga a uno o m\u00e1s miembros padeciendo la gripe en este mes de enero, dicen los expertos que el virus se ha adelantado \u201cun mes\u201d, pero desde este medio ya llevamos informando de los estragos de la gripe desde el pasado a\u00f1o \u201cLa incidencia de\" \/>\n\t<meta name=\"robots\" content=\"max-image-preview:large\" \/>\n\t<meta name=\"author\" content=\"El Digital de Asturias\"\/>\n\t<meta name=\"google-site-verification\" content=\"UA-38556648-1\" \/>\n\t<meta name=\"msvalidate.01\" content=\"7dfe9f3f1b24437ab69f4f2559babe99\" \/>\n\t<meta name=\"keywords\" content=\"destacadas\" \/>\n\t<link rel=\"canonical\" href=\"https:\/\/www.eldigitaldeasturias.com\/noticias\/la-gripe-tumba-a-los-asturianos\/\" \/>\n\t<meta name=\"generator\" content=\"All in One SEO Pro (AIOSEO) 4.9.6.2\" \/>\n\t\t<meta property=\"og:locale\" content=\"es_ES\" \/>\n\t\t<meta property=\"og:site_name\" content=\"El Digital de Asturias\" \/>\n\t\t<meta property=\"og:type\" content=\"article\" \/>\n\t\t<meta property=\"og:title\" content=\"La gripe \u201ctumba\u201d a los asturianos - El Digital de Asturias\" \/>\n\t\t<meta property=\"og:description\" content=\"Rara es la casa o la familia asturiana que no tenga a uno o m\u00e1s miembros padeciendo la gripe en este mes de enero, dicen los expertos que el virus se ha adelantado \u201cun mes\u201d, pero desde este medio ya llevamos informando de los estragos de la gripe desde el pasado a\u00f1o \u201cLa incidencia de\" \/>\n\t\t<meta property=\"og:url\" content=\"https:\/\/www.eldigitaldeasturias.com\/noticias\/la-gripe-tumba-a-los-asturianos\/\" \/>\n\t\t<meta property=\"og:image\" content=\"https:\/\/www.eldigitaldeasturias.com\/noticias\/wp-content\/uploads\/2015\/02\/gripe.jpg\" \/>\n\t\t<meta property=\"og:image:secure_url\" content=\"https:\/\/www.eldigitaldeasturias.com\/noticias\/wp-content\/uploads\/2015\/02\/gripe.jpg\" \/>\n\t\t<meta property=\"og:image:width\" content=\"800\" \/>\n\t\t<meta property=\"og:image:height\" content=\"534\" \/>\n\t\t<meta property=\"article:tag\" content=\"destacadas\" \/>\n\t\t<meta property=\"article:published_time\" content=\"2017-01-10T22:32:04+00:00\" \/>\n\t\t<meta property=\"article:modified_time\" content=\"2017-01-10T22:34:38+00:00\" \/>\n\t\t<meta property=\"article:publisher\" content=\"https:\/\/facebook.com\/eldigitaldeasturias\" \/>\n\t\t<meta name=\"twitter:card\" content=\"summary_large_image\" \/>\n\t\t<meta name=\"twitter:title\" content=\"La gripe \u201ctumba\u201d a los asturianos - El Digital de Asturias\" \/>\n\t\t<meta name=\"twitter:description\" content=\"Rara es la casa o la familia asturiana que no tenga a uno o m\u00e1s miembros padeciendo la gripe en este mes de enero, dicen los expertos que el virus se ha adelantado \u201cun mes\u201d, pero desde este medio ya llevamos informando de los estragos de la gripe desde el pasado a\u00f1o \u201cLa incidencia de\" \/>\n\t\t<meta name=\"twitter:image\" content=\"https:\/\/www.eldigitaldeasturias.com\/noticias\/wp-content\/uploads\/2015\/02\/gripe.jpg\" \/>\n\t\t<meta name=\"twitter:label1\" content=\"Escrito por\" \/>\n\t\t<meta name=\"twitter:data1\" content=\"El Digital de Asturias\" \/>\n\t\t<meta name=\"twitter:label2\" content=\"Tiempo de lectura estimado\" \/>\n\t\t<meta name=\"twitter:data2\" content=\"3 minutos\" \/>\n\t\t<script type=\"application\/ld+json\" class=\"aioseo-schema\">\n\t\t\t{\"@context\":\"https:\\\/\\\/schema.org\",\"@graph\":[{\"@type\":\"BlogPosting\",\"@id\":\"https:\\\/\\\/www.eldigitaldeasturias.com\\\/noticias\\\/la-gripe-tumba-a-los-asturianos\\\/#blogposting\",\"name\":\"La gripe \\u201ctumba\\u201d a los asturianos - El Digital de Asturias\",\"headline\":\"La gripe \\u201ctumba\\u201d a los asturianos\",\"author\":{\"@id\":\"https:\\\/\\\/www.eldigitaldeasturias.com\\\/noticias\\\/author\\\/admin\\\/#author\"},\"publisher\":{\"@id\":\"https:\\\/\\\/www.eldigitaldeasturias.com\\\/noticias\\\/#organization\"},\"image\":{\"@type\":\"ImageObject\",\"url\":\"https:\\\/\\\/www.eldigitaldeasturias.com\\\/noticias\\\/wp-content\\\/uploads\\\/2015\\\/02\\\/gripe.jpg\",\"width\":800,\"height\":534},\"datePublished\":\"2017-01-10T22:32:04+01:00\",\"dateModified\":\"2017-01-10T22:34:38+01:00\",\"inLanguage\":\"es-ES\",\"mainEntityOfPage\":{\"@id\":\"https:\\\/\\\/www.eldigitaldeasturias.com\\\/noticias\\\/la-gripe-tumba-a-los-asturianos\\\/#webpage\"},\"isPartOf\":{\"@id\":\"https:\\\/\\\/www.eldigitaldeasturias.com\\\/noticias\\\/la-gripe-tumba-a-los-asturianos\\\/#webpage\"},\"articleSection\":\"Destacadas\"},{\"@type\":\"BreadcrumbList\",\"@id\":\"https:\\\/\\\/www.eldigitaldeasturias.com\\\/noticias\\\/la-gripe-tumba-a-los-asturianos\\\/#breadcrumblist\",\"itemListElement\":[{\"@type\":\"ListItem\",\"@id\":\"https:\\\/\\\/www.eldigitaldeasturias.com\\\/noticias#listItem\",\"position\":1,\"name\":\"Home\",\"item\":\"https:\\\/\\\/www.eldigitaldeasturias.com\\\/noticias\",\"nextItem\":{\"@type\":\"ListItem\",\"@id\":\"https:\\\/\\\/www.eldigitaldeasturias.com\\\/noticias\\\/category\\\/destacadas\\\/#listItem\",\"name\":\"Destacadas\"}},{\"@type\":\"ListItem\",\"@id\":\"https:\\\/\\\/www.eldigitaldeasturias.com\\\/noticias\\\/category\\\/destacadas\\\/#listItem\",\"position\":2,\"name\":\"Destacadas\",\"item\":\"https:\\\/\\\/www.eldigitaldeasturias.com\\\/noticias\\\/category\\\/destacadas\\\/\",\"nextItem\":{\"@type\":\"ListItem\",\"@id\":\"https:\\\/\\\/www.eldigitaldeasturias.com\\\/noticias\\\/la-gripe-tumba-a-los-asturianos\\\/#listItem\",\"name\":\"La gripe \\u201ctumba\\u201d a los asturianos\"},\"previousItem\":{\"@type\":\"ListItem\",\"@id\":\"https:\\\/\\\/www.eldigitaldeasturias.com\\\/noticias#listItem\",\"name\":\"Home\"}},{\"@type\":\"ListItem\",\"@id\":\"https:\\\/\\\/www.eldigitaldeasturias.com\\\/noticias\\\/la-gripe-tumba-a-los-asturianos\\\/#listItem\",\"position\":3,\"name\":\"La gripe \\u201ctumba\\u201d a los asturianos\",\"previousItem\":{\"@type\":\"ListItem\",\"@id\":\"https:\\\/\\\/www.eldigitaldeasturias.com\\\/noticias\\\/category\\\/destacadas\\\/#listItem\",\"name\":\"Destacadas\"}}]},{\"@type\":\"Organization\",\"@id\":\"https:\\\/\\\/www.eldigitaldeasturias.com\\\/noticias\\\/#organization\",\"name\":\"El Digital de Asturias\",\"description\":\"Hemeroteca\",\"url\":\"https:\\\/\\\/www.eldigitaldeasturias.com\\\/noticias\\\/\",\"email\":\"info@eldigitaldeasturias.com\",\"telephone\":\"+34652131393\",\"logo\":{\"@type\":\"ImageObject\",\"url\":\"https:\\\/\\\/www.eldigitaldeasturias.com\\\/noticias\\\/wp-content\\\/uploads\\\/2020\\\/12\\\/EDA.jpg\",\"@id\":\"https:\\\/\\\/www.eldigitaldeasturias.com\\\/noticias\\\/la-gripe-tumba-a-los-asturianos\\\/#organizationLogo\",\"width\":649,\"height\":297},\"image\":{\"@id\":\"https:\\\/\\\/www.eldigitaldeasturias.com\\\/noticias\\\/la-gripe-tumba-a-los-asturianos\\\/#organizationLogo\"},\"sameAs\":[\"https:\\\/\\\/facebook.com\\\/eldigitaldeasturias\",\"https:\\\/\\\/www.youtube.com\\\/channel\\\/UCZP-2wLEB9Rv6erhFmqVnvg\"],\"address\":{\"@id\":\"https:\\\/\\\/www.eldigitaldeasturias.com\\\/noticias\\\/#postaladdress\",\"@type\":\"PostalAddress\",\"streetAddress\":\"san antonio 4,\",\"postalCode\":\"33430\",\"addressLocality\":\"Cand\\u00e1s\",\"addressRegion\":\"Asturias\",\"addressCountry\":\"ES\"}},{\"@type\":\"Person\",\"@id\":\"https:\\\/\\\/www.eldigitaldeasturias.com\\\/noticias\\\/author\\\/admin\\\/#author\",\"url\":\"https:\\\/\\\/www.eldigitaldeasturias.com\\\/noticias\\\/author\\\/admin\\\/\",\"name\":\"El Digital de Asturias\",\"image\":{\"@type\":\"ImageObject\",\"@id\":\"https:\\\/\\\/www.eldigitaldeasturias.com\\\/noticias\\\/la-gripe-tumba-a-los-asturianos\\\/#authorImage\",\"url\":\"https:\\\/\\\/www.eldigitaldeasturias.com\\\/noticias\\\/wp-content\\\/litespeed\\\/avatar\\\/18677e78aa0546b92d9dbf31ec7d7668.jpg?ver=1777290358\",\"width\":96,\"height\":96,\"caption\":\"El Digital de Asturias\"}},{\"@type\":\"WebPage\",\"@id\":\"https:\\\/\\\/www.eldigitaldeasturias.com\\\/noticias\\\/la-gripe-tumba-a-los-asturianos\\\/#webpage\",\"url\":\"https:\\\/\\\/www.eldigitaldeasturias.com\\\/noticias\\\/la-gripe-tumba-a-los-asturianos\\\/\",\"name\":\"La gripe \\u201ctumba\\u201d a los asturianos - El Digital de Asturias\",\"description\":\"Rara es la casa o la familia asturiana que no tenga a uno o m\\u00e1s miembros padeciendo la gripe en este mes de enero, dicen los expertos que el virus se ha adelantado \\u201cun mes\\u201d, pero desde este medio ya llevamos informando de los estragos de la gripe desde el pasado a\\u00f1o \\u201cLa incidencia de\",\"inLanguage\":\"es-ES\",\"isPartOf\":{\"@id\":\"https:\\\/\\\/www.eldigitaldeasturias.com\\\/noticias\\\/#website\"},\"breadcrumb\":{\"@id\":\"https:\\\/\\\/www.eldigitaldeasturias.com\\\/noticias\\\/la-gripe-tumba-a-los-asturianos\\\/#breadcrumblist\"},\"author\":{\"@id\":\"https:\\\/\\\/www.eldigitaldeasturias.com\\\/noticias\\\/author\\\/admin\\\/#author\"},\"creator\":{\"@id\":\"https:\\\/\\\/www.eldigitaldeasturias.com\\\/noticias\\\/author\\\/admin\\\/#author\"},\"image\":{\"@type\":\"ImageObject\",\"url\":\"https:\\\/\\\/www.eldigitaldeasturias.com\\\/noticias\\\/wp-content\\\/uploads\\\/2015\\\/02\\\/gripe.jpg\",\"@id\":\"https:\\\/\\\/www.eldigitaldeasturias.com\\\/noticias\\\/la-gripe-tumba-a-los-asturianos\\\/#mainImage\",\"width\":800,\"height\":534},\"primaryImageOfPage\":{\"@id\":\"https:\\\/\\\/www.eldigitaldeasturias.com\\\/noticias\\\/la-gripe-tumba-a-los-asturianos\\\/#mainImage\"},\"datePublished\":\"2017-01-10T22:32:04+01:00\",\"dateModified\":\"2017-01-10T22:34:38+01:00\"},{\"@type\":\"WebSite\",\"@id\":\"https:\\\/\\\/www.eldigitaldeasturias.com\\\/noticias\\\/#website\",\"url\":\"https:\\\/\\\/www.eldigitaldeasturias.com\\\/noticias\\\/\",\"name\":\"El Digital de Asturias - Diario de actualidad y noticias\",\"alternateName\":\"El Digital de Asturias - Diario de actualidad y noticias\",\"description\":\"Hemeroteca\",\"inLanguage\":\"es-ES\",\"publisher\":{\"@id\":\"https:\\\/\\\/www.eldigitaldeasturias.com\\\/noticias\\\/#organization\"}}]}\n\t\t<\/script>\n\t\t<!-- All in One SEO Pro -->\r\n\t\t<title>La gripe \u201ctumba\u201d a los asturianos - El Digital de Asturias<\/title>\n\n","aioseo_head_json":{"title":"La gripe \u201ctumba\u201d a los asturianos - El Digital de Asturias","description":"Rara es la casa o la familia asturiana que no tenga a uno o m\u00e1s miembros padeciendo la gripe en este mes de enero, dicen los expertos que el virus se ha adelantado \u201cun mes\u201d, pero desde este medio ya llevamos informando de los estragos de la gripe desde el pasado a\u00f1o \u201cLa incidencia de","canonical_url":"https:\/\/www.eldigitaldeasturias.com\/noticias\/la-gripe-tumba-a-los-asturianos\/","robots":"max-image-preview:large","keywords":"destacadas","webmasterTools":{"google-site-verification":"UA-38556648-1","msvalidate.01":"7dfe9f3f1b24437ab69f4f2559babe99","miscellaneous":""},"schema":{"@context":"https:\/\/schema.org","@graph":[{"@type":"BlogPosting","@id":"https:\/\/www.eldigitaldeasturias.com\/noticias\/la-gripe-tumba-a-los-asturianos\/#blogposting","name":"La gripe \u201ctumba\u201d a los asturianos - El Digital de Asturias","headline":"La gripe \u201ctumba\u201d a los asturianos","author":{"@id":"https:\/\/www.eldigitaldeasturias.com\/noticias\/author\/admin\/#author"},"publisher":{"@id":"https:\/\/www.eldigitaldeasturias.com\/noticias\/#organization"},"image":{"@type":"ImageObject","url":"https:\/\/www.eldigitaldeasturias.com\/noticias\/wp-content\/uploads\/2015\/02\/gripe.jpg","width":800,"height":534},"datePublished":"2017-01-10T22:32:04+01:00","dateModified":"2017-01-10T22:34:38+01:00","inLanguage":"es-ES","mainEntityOfPage":{"@id":"https:\/\/www.eldigitaldeasturias.com\/noticias\/la-gripe-tumba-a-los-asturianos\/#webpage"},"isPartOf":{"@id":"https:\/\/www.eldigitaldeasturias.com\/noticias\/la-gripe-tumba-a-los-asturianos\/#webpage"},"articleSection":"Destacadas"},{"@type":"BreadcrumbList","@id":"https:\/\/www.eldigitaldeasturias.com\/noticias\/la-gripe-tumba-a-los-asturianos\/#breadcrumblist","itemListElement":[{"@type":"ListItem","@id":"https:\/\/www.eldigitaldeasturias.com\/noticias#listItem","position":1,"name":"Home","item":"https:\/\/www.eldigitaldeasturias.com\/noticias","nextItem":{"@type":"ListItem","@id":"https:\/\/www.eldigitaldeasturias.com\/noticias\/category\/destacadas\/#listItem","name":"Destacadas"}},{"@type":"ListItem","@id":"https:\/\/www.eldigitaldeasturias.com\/noticias\/category\/destacadas\/#listItem","position":2,"name":"Destacadas","item":"https:\/\/www.eldigitaldeasturias.com\/noticias\/category\/destacadas\/","nextItem":{"@type":"ListItem","@id":"https:\/\/www.eldigitaldeasturias.com\/noticias\/la-gripe-tumba-a-los-asturianos\/#listItem","name":"La gripe \u201ctumba\u201d a los asturianos"},"previousItem":{"@type":"ListItem","@id":"https:\/\/www.eldigitaldeasturias.com\/noticias#listItem","name":"Home"}},{"@type":"ListItem","@id":"https:\/\/www.eldigitaldeasturias.com\/noticias\/la-gripe-tumba-a-los-asturianos\/#listItem","position":3,"name":"La gripe \u201ctumba\u201d a los asturianos","previousItem":{"@type":"ListItem","@id":"https:\/\/www.eldigitaldeasturias.com\/noticias\/category\/destacadas\/#listItem","name":"Destacadas"}}]},{"@type":"Organization","@id":"https:\/\/www.eldigitaldeasturias.com\/noticias\/#organization","name":"El Digital de Asturias","description":"Hemeroteca","url":"https:\/\/www.eldigitaldeasturias.com\/noticias\/","email":"info@eldigitaldeasturias.com","telephone":"+34652131393","logo":{"@type":"ImageObject","url":"https:\/\/www.eldigitaldeasturias.com\/noticias\/wp-content\/uploads\/2020\/12\/EDA.jpg","@id":"https:\/\/www.eldigitaldeasturias.com\/noticias\/la-gripe-tumba-a-los-asturianos\/#organizationLogo","width":649,"height":297},"image":{"@id":"https:\/\/www.eldigitaldeasturias.com\/noticias\/la-gripe-tumba-a-los-asturianos\/#organizationLogo"},"sameAs":["https:\/\/facebook.com\/eldigitaldeasturias","https:\/\/www.youtube.com\/channel\/UCZP-2wLEB9Rv6erhFmqVnvg"],"address":{"@id":"https:\/\/www.eldigitaldeasturias.com\/noticias\/#postaladdress","@type":"PostalAddress","streetAddress":"san antonio 4,","postalCode":"33430","addressLocality":"Cand\u00e1s","addressRegion":"Asturias","addressCountry":"ES"}},{"@type":"Person","@id":"https:\/\/www.eldigitaldeasturias.com\/noticias\/author\/admin\/#author","url":"https:\/\/www.eldigitaldeasturias.com\/noticias\/author\/admin\/","name":"El Digital de Asturias","image":{"@type":"ImageObject","@id":"https:\/\/www.eldigitaldeasturias.com\/noticias\/la-gripe-tumba-a-los-asturianos\/#authorImage","url":"https:\/\/www.eldigitaldeasturias.com\/noticias\/wp-content\/litespeed\/avatar\/18677e78aa0546b92d9dbf31ec7d7668.jpg?ver=1777290358","width":96,"height":96,"caption":"El Digital de Asturias"}},{"@type":"WebPage","@id":"https:\/\/www.eldigitaldeasturias.com\/noticias\/la-gripe-tumba-a-los-asturianos\/#webpage","url":"https:\/\/www.eldigitaldeasturias.com\/noticias\/la-gripe-tumba-a-los-asturianos\/","name":"La gripe \u201ctumba\u201d a los asturianos - El Digital de Asturias","description":"Rara es la casa o la familia asturiana que no tenga a uno o m\u00e1s miembros padeciendo la gripe en este mes de enero, dicen los expertos que el virus se ha adelantado \u201cun mes\u201d, pero desde este medio ya llevamos informando de los estragos de la gripe desde el pasado a\u00f1o \u201cLa incidencia de","inLanguage":"es-ES","isPartOf":{"@id":"https:\/\/www.eldigitaldeasturias.com\/noticias\/#website"},"breadcrumb":{"@id":"https:\/\/www.eldigitaldeasturias.com\/noticias\/la-gripe-tumba-a-los-asturianos\/#breadcrumblist"},"author":{"@id":"https:\/\/www.eldigitaldeasturias.com\/noticias\/author\/admin\/#author"},"creator":{"@id":"https:\/\/www.eldigitaldeasturias.com\/noticias\/author\/admin\/#author"},"image":{"@type":"ImageObject","url":"https:\/\/www.eldigitaldeasturias.com\/noticias\/wp-content\/uploads\/2015\/02\/gripe.jpg","@id":"https:\/\/www.eldigitaldeasturias.com\/noticias\/la-gripe-tumba-a-los-asturianos\/#mainImage","width":800,"height":534},"primaryImageOfPage":{"@id":"https:\/\/www.eldigitaldeasturias.com\/noticias\/la-gripe-tumba-a-los-asturianos\/#mainImage"},"datePublished":"2017-01-10T22:32:04+01:00","dateModified":"2017-01-10T22:34:38+01:00"},{"@type":"WebSite","@id":"https:\/\/www.eldigitaldeasturias.com\/noticias\/#website","url":"https:\/\/www.eldigitaldeasturias.com\/noticias\/","name":"El Digital de Asturias - Diario de actualidad y noticias","alternateName":"El Digital de Asturias - Diario de actualidad y noticias","description":"Hemeroteca","inLanguage":"es-ES","publisher":{"@id":"https:\/\/www.eldigitaldeasturias.com\/noticias\/#organization"}}]},"og:locale":"es_ES","og:site_name":"El Digital de Asturias","og:type":"article","og:title":"La gripe \u201ctumba\u201d a los asturianos - El Digital de Asturias","og:description":"Rara es la casa o la familia asturiana que no tenga a uno o m\u00e1s miembros padeciendo la gripe en este mes de enero, dicen los expertos que el virus se ha adelantado \u201cun mes\u201d, pero desde este medio ya llevamos informando de los estragos de la gripe desde el pasado a\u00f1o \u201cLa incidencia de","og:url":"https:\/\/www.eldigitaldeasturias.com\/noticias\/la-gripe-tumba-a-los-asturianos\/","og:image":"https:\/\/www.eldigitaldeasturias.com\/noticias\/wp-content\/uploads\/2015\/02\/gripe.jpg","og:image:secure_url":"https:\/\/www.eldigitaldeasturias.com\/noticias\/wp-content\/uploads\/2015\/02\/gripe.jpg","og:image:width":800,"og:image:height":534,"article:tag":["destacadas"],"article:published_time":"2017-01-10T22:32:04+00:00","article:modified_time":"2017-01-10T22:34:38+00:00","article:publisher":"https:\/\/facebook.com\/eldigitaldeasturias","twitter:card":"summary_large_image","twitter:title":"La gripe \u201ctumba\u201d a los asturianos - El Digital de Asturias","twitter:description":"Rara es la casa o la familia asturiana que no tenga a uno o m\u00e1s miembros padeciendo la gripe en este mes de enero, dicen los expertos que el virus se ha adelantado \u201cun mes\u201d, pero desde este medio ya llevamos informando de los estragos de la gripe desde el pasado a\u00f1o \u201cLa incidencia de","twitter:image":"https:\/\/www.eldigitaldeasturias.com\/noticias\/wp-content\/uploads\/2015\/02\/gripe.jpg","twitter:label1":"Escrito por","twitter:data1":"El Digital de Asturias","twitter:label2":"Tiempo de lectura estimado","twitter:data2":"3 minutos"},"aioseo_meta_data":{"post_id":"921931","title":null,"description":null,"keywords":null,"keyphrases":null,"primary_term":null,"canonical_url":null,"og_title":null,"og_description":null,"og_object_type":"default","og_image_type":"default","og_image_url":null,"og_image_width":null,"og_image_height":null,"og_image_custom_url":null,"og_image_custom_fields":null,"og_video":null,"og_custom_url":null,"og_article_section":null,"og_article_tags":null,"twitter_use_og":false,"twitter_card":"default","twitter_image_type":"default","twitter_image_url":null,"twitter_image_custom_url":null,"twitter_image_custom_fields":null,"twitter_title":null,"twitter_description":null,"schema":{"blockGraphs":[],"customGraphs":[],"default":{"data":{"Article":[],"Course":[],"Dataset":[],"FAQPage":[],"Movie":[],"Person":[],"Product":[],"ProductReview":[],"Car":[],"Recipe":[],"Service":[],"SoftwareApplication":[],"WebPage":[]},"graphName":"","isEnabled":true},"graphs":[],"defaultGraph":"","defaultPostTypeGraph":""},"schema_type":null,"schema_type_options":null,"pillar_content":false,"robots_default":true,"robots_noindex":false,"robots_noarchive":false,"robots_nosnippet":false,"robots_nofollow":false,"robots_noimageindex":false,"robots_noodp":false,"robots_notranslate":false,"robots_max_snippet":null,"robots_max_videopreview":null,"robots_max_imagepreview":"large","priority":null,"frequency":null,"local_seo":null,"seo_analyzer_scan_date":"2025-12-02 15:29:14","breadcrumb_settings":null,"limit_modified_date":false,"open_ai":null,"ai":null,"created":"2020-12-21 13:43:41","updated":"2025-12-02 15:29:14"},"aioseo_breadcrumb":"<div class=\"aioseo-breadcrumbs\"><span class=\"aioseo-breadcrumb\">\n\t<a href=\"https:\/\/www.eldigitaldeasturias.com\/noticias\" title=\"Home\">Home<\/a>\n<\/span><span class=\"aioseo-breadcrumb-separator\">\u2013<\/span><span class=\"aioseo-breadcrumb\">\n\t<a href=\"https:\/\/www.eldigitaldeasturias.com\/noticias\/category\/destacadas\/\" title=\"Destacadas\">Destacadas<\/a>\n<\/span><span class=\"aioseo-breadcrumb-separator\">\u2013<\/span><span class=\"aioseo-breadcrumb\">\n\t<a href=\"https:\/\/www.eldigitaldeasturias.com\/noticias\/la-gripe-tumba-a-los-asturianos\/\" title=\"La gripe \u201ctumba\u201d a los asturianos\">La gripe \u201ctumba\u201d a los asturianos<\/a>\n<\/span><\/div>","aioseo_breadcrumb_json":[{"label":"Home","link":"https:\/\/www.eldigitaldeasturias.com\/noticias"},{"label":"Destacadas","link":"https:\/\/www.eldigitaldeasturias.com\/noticias\/category\/destacadas\/"},{"label":"La gripe \u201ctumba\u201d a los asturianos","link":"https:\/\/www.eldigitaldeasturias.com\/noticias\/la-gripe-tumba-a-los-asturianos\/"}],"_links":{"self":[{"href":"https:\/\/www.eldigitaldeasturias.com\/noticias\/wp-json\/wp\/v2\/posts\/921931","targetHints":{"allow":["GET"]}}],"collection":[{"href":"https:\/\/www.eldigitaldeasturias.com\/noticias\/wp-json\/wp\/v2\/posts"}],"about":[{"href":"https:\/\/www.eldigitaldeasturias.com\/noticias\/wp-json\/wp\/v2\/types\/post"}],"author":[{"embeddable":true,"href":"https:\/\/www.eldigitaldeasturias.com\/noticias\/wp-json\/wp\/v2\/users\/1"}],"replies":[{"embeddable":true,"href":"https:\/\/www.eldigitaldeasturias.com\/noticias\/wp-json\/wp\/v2\/comments?post=921931"}],"version-history":[{"count":0,"href":"https:\/\/www.eldigitaldeasturias.com\/noticias\/wp-json\/wp\/v2\/posts\/921931\/revisions"}],"wp:featuredmedia":[{"embeddable":true,"href":"https:\/\/www.eldigitaldeasturias.com\/noticias\/wp-json\/wp\/v2\/media\/769761"}],"wp:attachment":[{"href":"https:\/\/www.eldigitaldeasturias.com\/noticias\/wp-json\/wp\/v2\/media?parent=921931"}],"wp:term":[{"taxonomy":"category","embeddable":true,"href":"https:\/\/www.eldigitaldeasturias.com\/noticias\/wp-json\/wp\/v2\/categories?post=921931"},{"taxonomy":"post_tag","embeddable":true,"href":"https:\/\/www.eldigitaldeasturias.com\/noticias\/wp-json\/wp\/v2\/tags?post=921931"}],"curies":[{"name":"wp","href":"https:\/\/api.w.org\/{rel}","templated":true}]}}