{"id":921841,"date":"2017-01-10T12:59:41","date_gmt":"2017-01-10T12:59:41","guid":{"rendered":"http:\/\/www.eldigitaldeasturias.com\/noticias\/?p=921841"},"modified":"2017-01-10T12:59:41","modified_gmt":"2017-01-10T12:59:41","slug":"llamazares-pide-medidas-para-evitar-el-colapso-sanitario-en-asturias-por-la-gripe","status":"publish","type":"post","link":"https:\/\/www.eldigitaldeasturias.com\/noticias\/llamazares-pide-medidas-para-evitar-el-colapso-sanitario-en-asturias-por-la-gripe\/","title":{"rendered":"Llamazares pide medidas para evitar el colapso sanitario en Asturias por la gripe"},"content":{"rendered":"<p><img loading=\"lazy\" decoding=\"async\" class=\"alignleft size-medium wp-image-874615\" src=\"https:\/\/www.eldigitaldeasturias.com\/noticias\/wp-content\/uploads\/2016\/04\/Llamazares-360x270.jpg\" alt=\"\" width=\"360\" height=\"270\" srcset=\"https:\/\/www.eldigitaldeasturias.com\/noticias\/wp-content\/uploads\/2016\/04\/Llamazares-360x270.jpg 360w, https:\/\/www.eldigitaldeasturias.com\/noticias\/wp-content\/uploads\/2016\/04\/Llamazares-768x576.jpg 768w, https:\/\/www.eldigitaldeasturias.com\/noticias\/wp-content\/uploads\/2016\/04\/Llamazares-650x488.jpg 650w, https:\/\/www.eldigitaldeasturias.com\/noticias\/wp-content\/uploads\/2016\/04\/Llamazares-90x67.jpg 90w, https:\/\/www.eldigitaldeasturias.com\/noticias\/wp-content\/uploads\/2016\/04\/Llamazares-100x75.jpg 100w, https:\/\/www.eldigitaldeasturias.com\/noticias\/wp-content\/uploads\/2016\/04\/Llamazares.jpg 800w\" sizes=\"auto, (max-width: 360px) 100vw, 360px\" \/>Gaspar Llamazares, portavoz parlamentario de IU en la Junta General, registr\u00f3 varias preguntas parlamentarias sobre la incidencia de la epidemia de gripe en el conjunto del sistema sanitario asturiano. Llamazares recuerda que Asturias quintuplica, en este momento, la incidencia de gripe estacional del resto de Espa\u00f1a y pide al ejecutivo asturiano que adopte las medidas oportunas para evitar el colapso en los centros de salud, en atenci\u00f3n primaria, y tambi\u00e9n en urgencias y ingresos hospitalarios. El portavoz de IU tambi\u00e9n cree necesario evaluar las medias preventivas, es decir, el grado de cobertura vacunal y las razones para que esa cobertura sea baja en estos momentos y pr\u00e1cticamente baje a\u00f1o a a\u00f1o. Llamazares apunta que en el caso de la vacuna de la gripe menos del 50% de las personas en riesgo se han vacunado.<\/p>\n<p>\u201cEl gobierno debe informar, como se trata de una gripe estacional, c\u00edclica y previsible, de las medidas que ha tomado para reforzar la Atenci\u00f3n Primaria, para reforzar urgencias y las camas hospitalarias y evitar que se afecte el conjunto del sistema sanitario\u201d, advierte Llamazares. El portavoz de IU subraya que aunque este a\u00f1o la incidencia de la gripe sea mayor es evaluable y son mejorables las medidas que se adoptan a\u00f1o tras a\u00f1o.<\/p>\n<p>&nbsp;<\/p>\n","protected":false},"excerpt":{"rendered":"<p>Gaspar Llamazares, portavoz parlamentario de IU en la Junta General, registr\u00f3 varias preguntas parlamentarias sobre la incidencia de la epidemia de gripe en el conjunto del sistema sanitario asturiano. Llamazares recuerda que Asturias quintuplica, en este momento, la incidencia de gripe estacional del resto de Espa\u00f1a y pide al ejecutivo asturiano que adopte las medidas [&hellip;]<\/p>\n","protected":false},"author":1,"featured_media":874615,"comment_status":"closed","ping_status":"closed","sticky":false,"template":"","format":"standard","meta":{"footnotes":""},"categories":[141],"tags":[],"class_list":["post-921841","post","type-post","status-publish","format-standard","has-post-thumbnail","hentry","category-destacadas"],"aioseo_notices":[],"aioseo_head":"\n\t\t<!-- All in One SEO Pro 4.9.6.2 - aioseo.com -->\n\t<meta name=\"description\" content=\"Gaspar Llamazares, portavoz parlamentario de IU en la Junta General, registr\u00f3 varias preguntas parlamentarias sobre la incidencia de la epidemia de gripe en el conjunto del sistema sanitario asturiano. Llamazares recuerda que Asturias quintuplica, en este momento, la incidencia de gripe estacional del resto de Espa\u00f1a y pide al ejecutivo asturiano que adopte las medidas\" \/>\n\t<meta name=\"robots\" content=\"max-image-preview:large\" \/>\n\t<meta name=\"author\" content=\"El Digital de Asturias\"\/>\n\t<meta name=\"google-site-verification\" content=\"UA-38556648-1\" \/>\n\t<meta name=\"msvalidate.01\" content=\"7dfe9f3f1b24437ab69f4f2559babe99\" \/>\n\t<meta name=\"keywords\" content=\"destacadas\" \/>\n\t<link rel=\"canonical\" href=\"https:\/\/www.eldigitaldeasturias.com\/noticias\/llamazares-pide-medidas-para-evitar-el-colapso-sanitario-en-asturias-por-la-gripe\/\" \/>\n\t<meta name=\"generator\" content=\"All in One SEO Pro (AIOSEO) 4.9.6.2\" \/>\n\t\t<meta property=\"og:locale\" content=\"es_ES\" \/>\n\t\t<meta property=\"og:site_name\" content=\"El Digital de Asturias\" \/>\n\t\t<meta property=\"og:type\" content=\"article\" \/>\n\t\t<meta property=\"og:title\" content=\"Llamazares pide medidas para evitar el colapso sanitario en Asturias por la gripe - El Digital de Asturias\" \/>\n\t\t<meta property=\"og:description\" content=\"Gaspar Llamazares, portavoz parlamentario de IU en la Junta General, registr\u00f3 varias preguntas parlamentarias sobre la incidencia de la epidemia de gripe en el conjunto del sistema sanitario asturiano. Llamazares recuerda que Asturias quintuplica, en este momento, la incidencia de gripe estacional del resto de Espa\u00f1a y pide al ejecutivo asturiano que adopte las medidas\" \/>\n\t\t<meta property=\"og:url\" content=\"https:\/\/www.eldigitaldeasturias.com\/noticias\/llamazares-pide-medidas-para-evitar-el-colapso-sanitario-en-asturias-por-la-gripe\/\" \/>\n\t\t<meta property=\"og:image\" content=\"https:\/\/www.eldigitaldeasturias.com\/noticias\/wp-content\/uploads\/2016\/04\/Llamazares.jpg\" \/>\n\t\t<meta property=\"og:image:secure_url\" content=\"https:\/\/www.eldigitaldeasturias.com\/noticias\/wp-content\/uploads\/2016\/04\/Llamazares.jpg\" \/>\n\t\t<meta property=\"og:image:width\" content=\"800\" \/>\n\t\t<meta property=\"og:image:height\" content=\"600\" \/>\n\t\t<meta property=\"article:tag\" content=\"destacadas\" \/>\n\t\t<meta property=\"article:published_time\" content=\"2017-01-10T12:59:41+00:00\" \/>\n\t\t<meta property=\"article:modified_time\" content=\"2017-01-10T12:59:41+00:00\" \/>\n\t\t<meta property=\"article:publisher\" content=\"https:\/\/facebook.com\/eldigitaldeasturias\" \/>\n\t\t<meta name=\"twitter:card\" content=\"summary_large_image\" \/>\n\t\t<meta name=\"twitter:title\" content=\"Llamazares pide medidas para evitar el colapso sanitario en Asturias por la gripe - El Digital de Asturias\" \/>\n\t\t<meta name=\"twitter:description\" content=\"Gaspar Llamazares, portavoz parlamentario de IU en la Junta General, registr\u00f3 varias preguntas parlamentarias sobre la incidencia de la epidemia de gripe en el conjunto del sistema sanitario asturiano. Llamazares recuerda que Asturias quintuplica, en este momento, la incidencia de gripe estacional del resto de Espa\u00f1a y pide al ejecutivo asturiano que adopte las medidas\" \/>\n\t\t<meta name=\"twitter:image\" content=\"https:\/\/www.eldigitaldeasturias.com\/noticias\/wp-content\/uploads\/2016\/04\/Llamazares.jpg\" \/>\n\t\t<meta name=\"twitter:label1\" content=\"Escrito por\" \/>\n\t\t<meta name=\"twitter:data1\" content=\"El Digital de Asturias\" \/>\n\t\t<meta name=\"twitter:label2\" content=\"Tiempo de lectura estimado\" \/>\n\t\t<meta name=\"twitter:data2\" content=\"1 minuto\" \/>\n\t\t<script type=\"application\/ld+json\" class=\"aioseo-schema\">\n\t\t\t{\"@context\":\"https:\\\/\\\/schema.org\",\"@graph\":[{\"@type\":\"BlogPosting\",\"@id\":\"https:\\\/\\\/www.eldigitaldeasturias.com\\\/noticias\\\/llamazares-pide-medidas-para-evitar-el-colapso-sanitario-en-asturias-por-la-gripe\\\/#blogposting\",\"name\":\"Llamazares pide medidas para evitar el colapso sanitario en Asturias por la gripe - El Digital de Asturias\",\"headline\":\"Llamazares pide medidas para evitar el colapso sanitario en Asturias por la gripe\",\"author\":{\"@id\":\"https:\\\/\\\/www.eldigitaldeasturias.com\\\/noticias\\\/author\\\/admin\\\/#author\"},\"publisher\":{\"@id\":\"https:\\\/\\\/www.eldigitaldeasturias.com\\\/noticias\\\/#organization\"},\"image\":{\"@type\":\"ImageObject\",\"url\":\"https:\\\/\\\/www.eldigitaldeasturias.com\\\/noticias\\\/wp-content\\\/uploads\\\/2016\\\/04\\\/Llamazares.jpg\",\"width\":800,\"height\":600},\"datePublished\":\"2017-01-10T12:59:41+01:00\",\"dateModified\":\"2017-01-10T12:59:41+01:00\",\"inLanguage\":\"es-ES\",\"mainEntityOfPage\":{\"@id\":\"https:\\\/\\\/www.eldigitaldeasturias.com\\\/noticias\\\/llamazares-pide-medidas-para-evitar-el-colapso-sanitario-en-asturias-por-la-gripe\\\/#webpage\"},\"isPartOf\":{\"@id\":\"https:\\\/\\\/www.eldigitaldeasturias.com\\\/noticias\\\/llamazares-pide-medidas-para-evitar-el-colapso-sanitario-en-asturias-por-la-gripe\\\/#webpage\"},\"articleSection\":\"Destacadas\"},{\"@type\":\"BreadcrumbList\",\"@id\":\"https:\\\/\\\/www.eldigitaldeasturias.com\\\/noticias\\\/llamazares-pide-medidas-para-evitar-el-colapso-sanitario-en-asturias-por-la-gripe\\\/#breadcrumblist\",\"itemListElement\":[{\"@type\":\"ListItem\",\"@id\":\"https:\\\/\\\/www.eldigitaldeasturias.com\\\/noticias#listItem\",\"position\":1,\"name\":\"Home\",\"item\":\"https:\\\/\\\/www.eldigitaldeasturias.com\\\/noticias\",\"nextItem\":{\"@type\":\"ListItem\",\"@id\":\"https:\\\/\\\/www.eldigitaldeasturias.com\\\/noticias\\\/category\\\/destacadas\\\/#listItem\",\"name\":\"Destacadas\"}},{\"@type\":\"ListItem\",\"@id\":\"https:\\\/\\\/www.eldigitaldeasturias.com\\\/noticias\\\/category\\\/destacadas\\\/#listItem\",\"position\":2,\"name\":\"Destacadas\",\"item\":\"https:\\\/\\\/www.eldigitaldeasturias.com\\\/noticias\\\/category\\\/destacadas\\\/\",\"nextItem\":{\"@type\":\"ListItem\",\"@id\":\"https:\\\/\\\/www.eldigitaldeasturias.com\\\/noticias\\\/llamazares-pide-medidas-para-evitar-el-colapso-sanitario-en-asturias-por-la-gripe\\\/#listItem\",\"name\":\"Llamazares pide medidas para evitar el colapso sanitario en Asturias por la gripe\"},\"previousItem\":{\"@type\":\"ListItem\",\"@id\":\"https:\\\/\\\/www.eldigitaldeasturias.com\\\/noticias#listItem\",\"name\":\"Home\"}},{\"@type\":\"ListItem\",\"@id\":\"https:\\\/\\\/www.eldigitaldeasturias.com\\\/noticias\\\/llamazares-pide-medidas-para-evitar-el-colapso-sanitario-en-asturias-por-la-gripe\\\/#listItem\",\"position\":3,\"name\":\"Llamazares pide medidas para evitar el colapso sanitario en Asturias por la gripe\",\"previousItem\":{\"@type\":\"ListItem\",\"@id\":\"https:\\\/\\\/www.eldigitaldeasturias.com\\\/noticias\\\/category\\\/destacadas\\\/#listItem\",\"name\":\"Destacadas\"}}]},{\"@type\":\"Organization\",\"@id\":\"https:\\\/\\\/www.eldigitaldeasturias.com\\\/noticias\\\/#organization\",\"name\":\"El Digital de Asturias\",\"description\":\"Hemeroteca\",\"url\":\"https:\\\/\\\/www.eldigitaldeasturias.com\\\/noticias\\\/\",\"email\":\"info@eldigitaldeasturias.com\",\"telephone\":\"+34652131393\",\"logo\":{\"@type\":\"ImageObject\",\"url\":\"https:\\\/\\\/www.eldigitaldeasturias.com\\\/noticias\\\/wp-content\\\/uploads\\\/2020\\\/12\\\/EDA.jpg\",\"@id\":\"https:\\\/\\\/www.eldigitaldeasturias.com\\\/noticias\\\/llamazares-pide-medidas-para-evitar-el-colapso-sanitario-en-asturias-por-la-gripe\\\/#organizationLogo\",\"width\":649,\"height\":297},\"image\":{\"@id\":\"https:\\\/\\\/www.eldigitaldeasturias.com\\\/noticias\\\/llamazares-pide-medidas-para-evitar-el-colapso-sanitario-en-asturias-por-la-gripe\\\/#organizationLogo\"},\"sameAs\":[\"https:\\\/\\\/facebook.com\\\/eldigitaldeasturias\",\"https:\\\/\\\/www.youtube.com\\\/channel\\\/UCZP-2wLEB9Rv6erhFmqVnvg\"],\"address\":{\"@id\":\"https:\\\/\\\/www.eldigitaldeasturias.com\\\/noticias\\\/#postaladdress\",\"@type\":\"PostalAddress\",\"streetAddress\":\"san antonio 4,\",\"postalCode\":\"33430\",\"addressLocality\":\"Cand\\u00e1s\",\"addressRegion\":\"Asturias\",\"addressCountry\":\"ES\"}},{\"@type\":\"Person\",\"@id\":\"https:\\\/\\\/www.eldigitaldeasturias.com\\\/noticias\\\/author\\\/admin\\\/#author\",\"url\":\"https:\\\/\\\/www.eldigitaldeasturias.com\\\/noticias\\\/author\\\/admin\\\/\",\"name\":\"El Digital de Asturias\",\"image\":{\"@type\":\"ImageObject\",\"@id\":\"https:\\\/\\\/www.eldigitaldeasturias.com\\\/noticias\\\/llamazares-pide-medidas-para-evitar-el-colapso-sanitario-en-asturias-por-la-gripe\\\/#authorImage\",\"url\":\"https:\\\/\\\/www.eldigitaldeasturias.com\\\/noticias\\\/wp-content\\\/litespeed\\\/avatar\\\/18677e78aa0546b92d9dbf31ec7d7668.jpg?ver=1777290358\",\"width\":96,\"height\":96,\"caption\":\"El Digital de Asturias\"}},{\"@type\":\"WebPage\",\"@id\":\"https:\\\/\\\/www.eldigitaldeasturias.com\\\/noticias\\\/llamazares-pide-medidas-para-evitar-el-colapso-sanitario-en-asturias-por-la-gripe\\\/#webpage\",\"url\":\"https:\\\/\\\/www.eldigitaldeasturias.com\\\/noticias\\\/llamazares-pide-medidas-para-evitar-el-colapso-sanitario-en-asturias-por-la-gripe\\\/\",\"name\":\"Llamazares pide medidas para evitar el colapso sanitario en Asturias por la gripe - El Digital de Asturias\",\"description\":\"Gaspar Llamazares, portavoz parlamentario de IU en la Junta General, registr\\u00f3 varias preguntas parlamentarias sobre la incidencia de la epidemia de gripe en el conjunto del sistema sanitario asturiano. Llamazares recuerda que Asturias quintuplica, en este momento, la incidencia de gripe estacional del resto de Espa\\u00f1a y pide al ejecutivo asturiano que adopte las medidas\",\"inLanguage\":\"es-ES\",\"isPartOf\":{\"@id\":\"https:\\\/\\\/www.eldigitaldeasturias.com\\\/noticias\\\/#website\"},\"breadcrumb\":{\"@id\":\"https:\\\/\\\/www.eldigitaldeasturias.com\\\/noticias\\\/llamazares-pide-medidas-para-evitar-el-colapso-sanitario-en-asturias-por-la-gripe\\\/#breadcrumblist\"},\"author\":{\"@id\":\"https:\\\/\\\/www.eldigitaldeasturias.com\\\/noticias\\\/author\\\/admin\\\/#author\"},\"creator\":{\"@id\":\"https:\\\/\\\/www.eldigitaldeasturias.com\\\/noticias\\\/author\\\/admin\\\/#author\"},\"image\":{\"@type\":\"ImageObject\",\"url\":\"https:\\\/\\\/www.eldigitaldeasturias.com\\\/noticias\\\/wp-content\\\/uploads\\\/2016\\\/04\\\/Llamazares.jpg\",\"@id\":\"https:\\\/\\\/www.eldigitaldeasturias.com\\\/noticias\\\/llamazares-pide-medidas-para-evitar-el-colapso-sanitario-en-asturias-por-la-gripe\\\/#mainImage\",\"width\":800,\"height\":600},\"primaryImageOfPage\":{\"@id\":\"https:\\\/\\\/www.eldigitaldeasturias.com\\\/noticias\\\/llamazares-pide-medidas-para-evitar-el-colapso-sanitario-en-asturias-por-la-gripe\\\/#mainImage\"},\"datePublished\":\"2017-01-10T12:59:41+01:00\",\"dateModified\":\"2017-01-10T12:59:41+01:00\"},{\"@type\":\"WebSite\",\"@id\":\"https:\\\/\\\/www.eldigitaldeasturias.com\\\/noticias\\\/#website\",\"url\":\"https:\\\/\\\/www.eldigitaldeasturias.com\\\/noticias\\\/\",\"name\":\"El Digital de Asturias - Diario de actualidad y noticias\",\"alternateName\":\"El Digital de Asturias - Diario de actualidad y noticias\",\"description\":\"Hemeroteca\",\"inLanguage\":\"es-ES\",\"publisher\":{\"@id\":\"https:\\\/\\\/www.eldigitaldeasturias.com\\\/noticias\\\/#organization\"}}]}\n\t\t<\/script>\n\t\t<!-- All in One SEO Pro -->\r\n\t\t<title>Llamazares pide medidas para evitar el colapso sanitario en Asturias por la gripe - El Digital de Asturias<\/title>\n\n","aioseo_head_json":{"title":"Llamazares pide medidas para evitar el colapso sanitario en Asturias por la gripe - El Digital de Asturias","description":"Gaspar Llamazares, portavoz parlamentario de IU en la Junta General, registr\u00f3 varias preguntas parlamentarias sobre la incidencia de la epidemia de gripe en el conjunto del sistema sanitario asturiano. Llamazares recuerda que Asturias quintuplica, en este momento, la incidencia de gripe estacional del resto de Espa\u00f1a y pide al ejecutivo asturiano que adopte las medidas","canonical_url":"https:\/\/www.eldigitaldeasturias.com\/noticias\/llamazares-pide-medidas-para-evitar-el-colapso-sanitario-en-asturias-por-la-gripe\/","robots":"max-image-preview:large","keywords":"destacadas","webmasterTools":{"google-site-verification":"UA-38556648-1","msvalidate.01":"7dfe9f3f1b24437ab69f4f2559babe99","miscellaneous":""},"schema":{"@context":"https:\/\/schema.org","@graph":[{"@type":"BlogPosting","@id":"https:\/\/www.eldigitaldeasturias.com\/noticias\/llamazares-pide-medidas-para-evitar-el-colapso-sanitario-en-asturias-por-la-gripe\/#blogposting","name":"Llamazares pide medidas para evitar el colapso sanitario en Asturias por la gripe - El Digital de Asturias","headline":"Llamazares pide medidas para evitar el colapso sanitario en Asturias por la gripe","author":{"@id":"https:\/\/www.eldigitaldeasturias.com\/noticias\/author\/admin\/#author"},"publisher":{"@id":"https:\/\/www.eldigitaldeasturias.com\/noticias\/#organization"},"image":{"@type":"ImageObject","url":"https:\/\/www.eldigitaldeasturias.com\/noticias\/wp-content\/uploads\/2016\/04\/Llamazares.jpg","width":800,"height":600},"datePublished":"2017-01-10T12:59:41+01:00","dateModified":"2017-01-10T12:59:41+01:00","inLanguage":"es-ES","mainEntityOfPage":{"@id":"https:\/\/www.eldigitaldeasturias.com\/noticias\/llamazares-pide-medidas-para-evitar-el-colapso-sanitario-en-asturias-por-la-gripe\/#webpage"},"isPartOf":{"@id":"https:\/\/www.eldigitaldeasturias.com\/noticias\/llamazares-pide-medidas-para-evitar-el-colapso-sanitario-en-asturias-por-la-gripe\/#webpage"},"articleSection":"Destacadas"},{"@type":"BreadcrumbList","@id":"https:\/\/www.eldigitaldeasturias.com\/noticias\/llamazares-pide-medidas-para-evitar-el-colapso-sanitario-en-asturias-por-la-gripe\/#breadcrumblist","itemListElement":[{"@type":"ListItem","@id":"https:\/\/www.eldigitaldeasturias.com\/noticias#listItem","position":1,"name":"Home","item":"https:\/\/www.eldigitaldeasturias.com\/noticias","nextItem":{"@type":"ListItem","@id":"https:\/\/www.eldigitaldeasturias.com\/noticias\/category\/destacadas\/#listItem","name":"Destacadas"}},{"@type":"ListItem","@id":"https:\/\/www.eldigitaldeasturias.com\/noticias\/category\/destacadas\/#listItem","position":2,"name":"Destacadas","item":"https:\/\/www.eldigitaldeasturias.com\/noticias\/category\/destacadas\/","nextItem":{"@type":"ListItem","@id":"https:\/\/www.eldigitaldeasturias.com\/noticias\/llamazares-pide-medidas-para-evitar-el-colapso-sanitario-en-asturias-por-la-gripe\/#listItem","name":"Llamazares pide medidas para evitar el colapso sanitario en Asturias por la gripe"},"previousItem":{"@type":"ListItem","@id":"https:\/\/www.eldigitaldeasturias.com\/noticias#listItem","name":"Home"}},{"@type":"ListItem","@id":"https:\/\/www.eldigitaldeasturias.com\/noticias\/llamazares-pide-medidas-para-evitar-el-colapso-sanitario-en-asturias-por-la-gripe\/#listItem","position":3,"name":"Llamazares pide medidas para evitar el colapso sanitario en Asturias por la gripe","previousItem":{"@type":"ListItem","@id":"https:\/\/www.eldigitaldeasturias.com\/noticias\/category\/destacadas\/#listItem","name":"Destacadas"}}]},{"@type":"Organization","@id":"https:\/\/www.eldigitaldeasturias.com\/noticias\/#organization","name":"El Digital de Asturias","description":"Hemeroteca","url":"https:\/\/www.eldigitaldeasturias.com\/noticias\/","email":"info@eldigitaldeasturias.com","telephone":"+34652131393","logo":{"@type":"ImageObject","url":"https:\/\/www.eldigitaldeasturias.com\/noticias\/wp-content\/uploads\/2020\/12\/EDA.jpg","@id":"https:\/\/www.eldigitaldeasturias.com\/noticias\/llamazares-pide-medidas-para-evitar-el-colapso-sanitario-en-asturias-por-la-gripe\/#organizationLogo","width":649,"height":297},"image":{"@id":"https:\/\/www.eldigitaldeasturias.com\/noticias\/llamazares-pide-medidas-para-evitar-el-colapso-sanitario-en-asturias-por-la-gripe\/#organizationLogo"},"sameAs":["https:\/\/facebook.com\/eldigitaldeasturias","https:\/\/www.youtube.com\/channel\/UCZP-2wLEB9Rv6erhFmqVnvg"],"address":{"@id":"https:\/\/www.eldigitaldeasturias.com\/noticias\/#postaladdress","@type":"PostalAddress","streetAddress":"san antonio 4,","postalCode":"33430","addressLocality":"Cand\u00e1s","addressRegion":"Asturias","addressCountry":"ES"}},{"@type":"Person","@id":"https:\/\/www.eldigitaldeasturias.com\/noticias\/author\/admin\/#author","url":"https:\/\/www.eldigitaldeasturias.com\/noticias\/author\/admin\/","name":"El Digital de Asturias","image":{"@type":"ImageObject","@id":"https:\/\/www.eldigitaldeasturias.com\/noticias\/llamazares-pide-medidas-para-evitar-el-colapso-sanitario-en-asturias-por-la-gripe\/#authorImage","url":"https:\/\/www.eldigitaldeasturias.com\/noticias\/wp-content\/litespeed\/avatar\/18677e78aa0546b92d9dbf31ec7d7668.jpg?ver=1777290358","width":96,"height":96,"caption":"El Digital de Asturias"}},{"@type":"WebPage","@id":"https:\/\/www.eldigitaldeasturias.com\/noticias\/llamazares-pide-medidas-para-evitar-el-colapso-sanitario-en-asturias-por-la-gripe\/#webpage","url":"https:\/\/www.eldigitaldeasturias.com\/noticias\/llamazares-pide-medidas-para-evitar-el-colapso-sanitario-en-asturias-por-la-gripe\/","name":"Llamazares pide medidas para evitar el colapso sanitario en Asturias por la gripe - El Digital de Asturias","description":"Gaspar Llamazares, portavoz parlamentario de IU en la Junta General, registr\u00f3 varias preguntas parlamentarias sobre la incidencia de la epidemia de gripe en el conjunto del sistema sanitario asturiano. Llamazares recuerda que Asturias quintuplica, en este momento, la incidencia de gripe estacional del resto de Espa\u00f1a y pide al ejecutivo asturiano que adopte las medidas","inLanguage":"es-ES","isPartOf":{"@id":"https:\/\/www.eldigitaldeasturias.com\/noticias\/#website"},"breadcrumb":{"@id":"https:\/\/www.eldigitaldeasturias.com\/noticias\/llamazares-pide-medidas-para-evitar-el-colapso-sanitario-en-asturias-por-la-gripe\/#breadcrumblist"},"author":{"@id":"https:\/\/www.eldigitaldeasturias.com\/noticias\/author\/admin\/#author"},"creator":{"@id":"https:\/\/www.eldigitaldeasturias.com\/noticias\/author\/admin\/#author"},"image":{"@type":"ImageObject","url":"https:\/\/www.eldigitaldeasturias.com\/noticias\/wp-content\/uploads\/2016\/04\/Llamazares.jpg","@id":"https:\/\/www.eldigitaldeasturias.com\/noticias\/llamazares-pide-medidas-para-evitar-el-colapso-sanitario-en-asturias-por-la-gripe\/#mainImage","width":800,"height":600},"primaryImageOfPage":{"@id":"https:\/\/www.eldigitaldeasturias.com\/noticias\/llamazares-pide-medidas-para-evitar-el-colapso-sanitario-en-asturias-por-la-gripe\/#mainImage"},"datePublished":"2017-01-10T12:59:41+01:00","dateModified":"2017-01-10T12:59:41+01:00"},{"@type":"WebSite","@id":"https:\/\/www.eldigitaldeasturias.com\/noticias\/#website","url":"https:\/\/www.eldigitaldeasturias.com\/noticias\/","name":"El Digital de Asturias - Diario de actualidad y noticias","alternateName":"El Digital de Asturias - Diario de actualidad y noticias","description":"Hemeroteca","inLanguage":"es-ES","publisher":{"@id":"https:\/\/www.eldigitaldeasturias.com\/noticias\/#organization"}}]},"og:locale":"es_ES","og:site_name":"El Digital de Asturias","og:type":"article","og:title":"Llamazares pide medidas para evitar el colapso sanitario en Asturias por la gripe - El Digital de Asturias","og:description":"Gaspar Llamazares, portavoz parlamentario de IU en la Junta General, registr\u00f3 varias preguntas parlamentarias sobre la incidencia de la epidemia de gripe en el conjunto del sistema sanitario asturiano. Llamazares recuerda que Asturias quintuplica, en este momento, la incidencia de gripe estacional del resto de Espa\u00f1a y pide al ejecutivo asturiano que adopte las medidas","og:url":"https:\/\/www.eldigitaldeasturias.com\/noticias\/llamazares-pide-medidas-para-evitar-el-colapso-sanitario-en-asturias-por-la-gripe\/","og:image":"https:\/\/www.eldigitaldeasturias.com\/noticias\/wp-content\/uploads\/2016\/04\/Llamazares.jpg","og:image:secure_url":"https:\/\/www.eldigitaldeasturias.com\/noticias\/wp-content\/uploads\/2016\/04\/Llamazares.jpg","og:image:width":800,"og:image:height":600,"article:tag":["destacadas"],"article:published_time":"2017-01-10T12:59:41+00:00","article:modified_time":"2017-01-10T12:59:41+00:00","article:publisher":"https:\/\/facebook.com\/eldigitaldeasturias","twitter:card":"summary_large_image","twitter:title":"Llamazares pide medidas para evitar el colapso sanitario en Asturias por la gripe - El Digital de Asturias","twitter:description":"Gaspar Llamazares, portavoz parlamentario de IU en la Junta General, registr\u00f3 varias preguntas parlamentarias sobre la incidencia de la epidemia de gripe en el conjunto del sistema sanitario asturiano. Llamazares recuerda que Asturias quintuplica, en este momento, la incidencia de gripe estacional del resto de Espa\u00f1a y pide al ejecutivo asturiano que adopte las medidas","twitter:image":"https:\/\/www.eldigitaldeasturias.com\/noticias\/wp-content\/uploads\/2016\/04\/Llamazares.jpg","twitter:label1":"Escrito por","twitter:data1":"El Digital de Asturias","twitter:label2":"Tiempo de lectura estimado","twitter:data2":"1 minuto"},"aioseo_meta_data":{"post_id":"921841","title":null,"description":null,"keywords":null,"keyphrases":null,"primary_term":null,"canonical_url":null,"og_title":null,"og_description":null,"og_object_type":"default","og_image_type":"default","og_image_url":null,"og_image_width":null,"og_image_height":null,"og_image_custom_url":null,"og_image_custom_fields":null,"og_video":null,"og_custom_url":null,"og_article_section":null,"og_article_tags":null,"twitter_use_og":false,"twitter_card":"default","twitter_image_type":"default","twitter_image_url":null,"twitter_image_custom_url":null,"twitter_image_custom_fields":null,"twitter_title":null,"twitter_description":null,"schema":{"blockGraphs":[],"customGraphs":[],"default":{"data":{"Article":[],"Course":[],"Dataset":[],"FAQPage":[],"Movie":[],"Person":[],"Product":[],"ProductReview":[],"Car":[],"Recipe":[],"Service":[],"SoftwareApplication":[],"WebPage":[]},"graphName":"","isEnabled":true},"graphs":[],"defaultGraph":"","defaultPostTypeGraph":""},"schema_type":null,"schema_type_options":null,"pillar_content":false,"robots_default":true,"robots_noindex":false,"robots_noarchive":false,"robots_nosnippet":false,"robots_nofollow":false,"robots_noimageindex":false,"robots_noodp":false,"robots_notranslate":false,"robots_max_snippet":null,"robots_max_videopreview":null,"robots_max_imagepreview":"large","priority":null,"frequency":null,"local_seo":null,"seo_analyzer_scan_date":"2025-12-02 15:11:09","breadcrumb_settings":null,"limit_modified_date":false,"open_ai":null,"ai":null,"created":"2020-12-21 13:43:42","updated":"2025-12-02 15:11:09"},"aioseo_breadcrumb":"<div class=\"aioseo-breadcrumbs\"><span class=\"aioseo-breadcrumb\">\n\t<a href=\"https:\/\/www.eldigitaldeasturias.com\/noticias\" title=\"Home\">Home<\/a>\n<\/span><span class=\"aioseo-breadcrumb-separator\">\u2013<\/span><span class=\"aioseo-breadcrumb\">\n\t<a href=\"https:\/\/www.eldigitaldeasturias.com\/noticias\/category\/destacadas\/\" title=\"Destacadas\">Destacadas<\/a>\n<\/span><span class=\"aioseo-breadcrumb-separator\">\u2013<\/span><span class=\"aioseo-breadcrumb\">\n\t<a href=\"https:\/\/www.eldigitaldeasturias.com\/noticias\/llamazares-pide-medidas-para-evitar-el-colapso-sanitario-en-asturias-por-la-gripe\/\" title=\"Llamazares pide medidas para evitar el colapso sanitario en Asturias por la gripe\">Llamazares pide medidas para evitar el colapso sanitario en Asturias por la gripe<\/a>\n<\/span><\/div>","aioseo_breadcrumb_json":[{"label":"Home","link":"https:\/\/www.eldigitaldeasturias.com\/noticias"},{"label":"Destacadas","link":"https:\/\/www.eldigitaldeasturias.com\/noticias\/category\/destacadas\/"},{"label":"Llamazares pide medidas para evitar el colapso sanitario en Asturias por la gripe","link":"https:\/\/www.eldigitaldeasturias.com\/noticias\/llamazares-pide-medidas-para-evitar-el-colapso-sanitario-en-asturias-por-la-gripe\/"}],"_links":{"self":[{"href":"https:\/\/www.eldigitaldeasturias.com\/noticias\/wp-json\/wp\/v2\/posts\/921841","targetHints":{"allow":["GET"]}}],"collection":[{"href":"https:\/\/www.eldigitaldeasturias.com\/noticias\/wp-json\/wp\/v2\/posts"}],"about":[{"href":"https:\/\/www.eldigitaldeasturias.com\/noticias\/wp-json\/wp\/v2\/types\/post"}],"author":[{"embeddable":true,"href":"https:\/\/www.eldigitaldeasturias.com\/noticias\/wp-json\/wp\/v2\/users\/1"}],"replies":[{"embeddable":true,"href":"https:\/\/www.eldigitaldeasturias.com\/noticias\/wp-json\/wp\/v2\/comments?post=921841"}],"version-history":[{"count":0,"href":"https:\/\/www.eldigitaldeasturias.com\/noticias\/wp-json\/wp\/v2\/posts\/921841\/revisions"}],"wp:featuredmedia":[{"embeddable":true,"href":"https:\/\/www.eldigitaldeasturias.com\/noticias\/wp-json\/wp\/v2\/media\/874615"}],"wp:attachment":[{"href":"https:\/\/www.eldigitaldeasturias.com\/noticias\/wp-json\/wp\/v2\/media?parent=921841"}],"wp:term":[{"taxonomy":"category","embeddable":true,"href":"https:\/\/www.eldigitaldeasturias.com\/noticias\/wp-json\/wp\/v2\/categories?post=921841"},{"taxonomy":"post_tag","embeddable":true,"href":"https:\/\/www.eldigitaldeasturias.com\/noticias\/wp-json\/wp\/v2\/tags?post=921841"}],"curies":[{"name":"wp","href":"https:\/\/api.w.org\/{rel}","templated":true}]}}