{"id":921727,"date":"2017-01-08T20:26:54","date_gmt":"2017-01-08T20:26:54","guid":{"rendered":"http:\/\/www.eldigitaldeasturias.com\/noticias\/?p=921727"},"modified":"2017-01-08T20:26:54","modified_gmt":"2017-01-08T20:26:54","slug":"medio-ambiente-afirma-que-la-calidad-del-aire-ha-mejorado-en-asturias","status":"publish","type":"post","link":"https:\/\/www.eldigitaldeasturias.com\/noticias\/medio-ambiente-afirma-que-la-calidad-del-aire-ha-mejorado-en-asturias\/","title":{"rendered":"Medio Ambiente afirma que la calidad del aire ha mejorado en Asturias"},"content":{"rendered":"<p><img loading=\"lazy\" decoding=\"async\" class=\"alignleft size-medium wp-image-607920\" src=\"https:\/\/www.eldigitaldeasturias.com\/noticias\/wp-content\/uploads\/2014\/09\/Arcelor-Verina-10-360x270.jpg\" alt=\"\" width=\"360\" height=\"270\" srcset=\"https:\/\/www.eldigitaldeasturias.com\/noticias\/wp-content\/uploads\/2014\/09\/Arcelor-Verina-10-360x270.jpg 360w, https:\/\/www.eldigitaldeasturias.com\/noticias\/wp-content\/uploads\/2014\/09\/Arcelor-Verina-10-768x576.jpg 768w, https:\/\/www.eldigitaldeasturias.com\/noticias\/wp-content\/uploads\/2014\/09\/Arcelor-Verina-10-640x480.jpg 640w, https:\/\/www.eldigitaldeasturias.com\/noticias\/wp-content\/uploads\/2014\/09\/Arcelor-Verina-10-90x67.jpg 90w, https:\/\/www.eldigitaldeasturias.com\/noticias\/wp-content\/uploads\/2014\/09\/Arcelor-Verina-10.jpg 2048w\" sizes=\"auto, (max-width: 360px) 100vw, 360px\" \/>La Consejer\u00eda de Infraestructuras, Ordenaci\u00f3n del Territorio y Medio Ambiente ha constatado una significativa mejora de la calidad del aire en Asturias en los \u00faltimos d\u00edas. As\u00ed se desprende de los an\u00e1lisis de la red oficial de mediciones, que constituye la principal referencia para evaluar la concentraci\u00f3n de contaminantes de part\u00edculas en la zona central, tanto las de tama\u00f1o inferior a 10 micras (PM10) como las menores de 2,5 micras (PM2.5).<\/p>\n<p>En lo que se refiere a las PM10, si se comparan los valores medios registrados el pasado mi\u00e9rcoles, que determinaron la adopci\u00f3n de medidas especiales en el entorno de Lugones, con los de ayer, se aprecia una sensible disminuci\u00f3n de los contaminantes: as\u00ed, en la zona de Avil\u00e9s se pas\u00f3 de 48,6 microgramos\/m3 a 27,4 microgramos\/m3; en la de Gij\u00f3n, de 47 a 28,2; en la de Oviedo, de 55 a 40; y en las cuencas, de 45,5 a 32,25.<\/p>\n<p>Respecto a los datos por estaci\u00f3n, mientras que el mi\u00e9rcoles diez de las estaciones daban valores de PM10 por encima de los 50 microgramos\/m3, el viernes solo se super\u00f3 esta cifra en la estaci\u00f3n industrial del Matadero, en Avil\u00e9s, y ayer \u00fanicamente en Lugones. En ambos casos se trata de registros muy moderados, de 51 microgramos, un valor que superar\u00eda por 1 microgramo el margen que durante 35 d\u00edas al a\u00f1o otorga el real decreto 102\/2011, relativo a la mejora de la calidad del aire.<\/p>\n<p>Aun cuando no cabe hablar de incumplimientos de los l\u00edmites de la legislaci\u00f3n ambiental, la consejer\u00eda est\u00e1 promoviendo actuaciones de riego de v\u00edas y recomienda el uso del transporte p\u00fablico y un empleo moderado de las calefacciones, precisamente en la zona de Lugones, por razones de prevenci\u00f3n y compromiso con la defensa de la salud p\u00fablica, ya que durante tres d\u00edas consecutivos anteriores al pasado jueves se hab\u00edan registrado valores por encima de 50 microgramos.<\/p>\n<p>En cuanto a las PM 2,5, los resultados de las mediciones tambi\u00e9n han mejorado. As\u00ed, los valores de la estaci\u00f3n de Constituci\u00f3n, en Gij\u00f3n, han pasado de 30 microgramos a 17; los de Purificaci\u00f3n Tom\u00e1s, en Oviedo, de 32 a 27; y los de La Felguera, de 39 a 30. La medici\u00f3n legal de part\u00edculas de tama\u00f1o inferior a 2.5 micras se hace en t\u00e9rminos de media anual y el l\u00edmite se sit\u00faa en 25 microgramos por metro c\u00fabico, por lo que la consejer\u00eda entiende que hablar de incumplimientos es prematuro.<\/p>\n<p>La titular de Medio Ambiente, Bel\u00e9n Fern\u00e1ndez, se\u00f1ala que \u201cla consejer\u00eda vigila permanentemente la evoluci\u00f3n de la calidad del aire y est\u00e1 siempre predispuesta a adoptar las medidas que se consideren precisas; y ante los problemas de contaminaci\u00f3n, actuamos sin confiar la soluci\u00f3n al cambio de la meteorolog\u00eda, pero tampoco se debe ocultar que episodios de estabilidad atmosf\u00e9rica como los que se est\u00e1n produciendo estos d\u00edas dificultan la limpieza del aire que respiramos\u201d.<\/p>\n<p>En cuanto a las acciones que se deben adoptar, a\u00f1ade la consejera, \u201ctodas tienen que basarse en datos reales y aplicarse en el marco de la legalidad ambiental, no en conjeturas; las tergiversaciones alarmistas y sin base real no pueden ocultar la verdad en un asunto tan sensible como \u00e9ste\u201d.<\/p>\n<p>Por otra parte, en relaci\u00f3n con los altos valores de benceno registrados en la estaci\u00f3n de Trubia, la consejer\u00eda mantendr\u00e1 un encuentro esta misma semana con las empresas de la zona, al que ha sido invitado el Ayuntamiento de Oviedo, con el objetivo de avanzar en la identificaci\u00f3n de medidas para intentar atajar el problema.<\/p>\n<p>&nbsp;<\/p>\n<p>&nbsp;<\/p>\n","protected":false},"excerpt":{"rendered":"<p>La Consejer\u00eda de Infraestructuras, Ordenaci\u00f3n del Territorio y Medio Ambiente ha constatado una significativa mejora de la calidad del aire en Asturias en los \u00faltimos d\u00edas. As\u00ed se desprende de los an\u00e1lisis de la red oficial de mediciones, que constituye la principal referencia para evaluar la concentraci\u00f3n de contaminantes de part\u00edculas en la zona central, [&hellip;]<\/p>\n","protected":false},"author":1,"featured_media":665161,"comment_status":"closed","ping_status":"closed","sticky":false,"template":"","format":"standard","meta":{"footnotes":""},"categories":[141],"tags":[],"class_list":["post-921727","post","type-post","status-publish","format-standard","has-post-thumbnail","hentry","category-destacadas"],"aioseo_notices":[],"aioseo_head":"\n\t\t<!-- All in One SEO Pro 4.9.6.2 - aioseo.com -->\n\t<meta name=\"description\" content=\"La Consejer\u00eda de Infraestructuras, Ordenaci\u00f3n del Territorio y Medio Ambiente ha constatado una significativa mejora de la calidad del aire en Asturias en los \u00faltimos d\u00edas. As\u00ed se desprende de los an\u00e1lisis de la red oficial de mediciones, que constituye la principal referencia para evaluar la concentraci\u00f3n de contaminantes de part\u00edculas en la zona central,\" \/>\n\t<meta name=\"robots\" content=\"max-image-preview:large\" \/>\n\t<meta name=\"author\" content=\"El Digital de Asturias\"\/>\n\t<meta name=\"google-site-verification\" content=\"UA-38556648-1\" \/>\n\t<meta name=\"msvalidate.01\" content=\"7dfe9f3f1b24437ab69f4f2559babe99\" \/>\n\t<meta name=\"keywords\" content=\"destacadas\" \/>\n\t<link rel=\"canonical\" href=\"https:\/\/www.eldigitaldeasturias.com\/noticias\/medio-ambiente-afirma-que-la-calidad-del-aire-ha-mejorado-en-asturias\/\" \/>\n\t<meta name=\"generator\" content=\"All in One SEO Pro (AIOSEO) 4.9.6.2\" \/>\n\t\t<meta property=\"og:locale\" content=\"es_ES\" \/>\n\t\t<meta property=\"og:site_name\" content=\"El Digital de Asturias\" \/>\n\t\t<meta property=\"og:type\" content=\"article\" \/>\n\t\t<meta property=\"og:title\" content=\"Medio Ambiente afirma que la calidad del aire ha mejorado en Asturias - El Digital de Asturias\" \/>\n\t\t<meta property=\"og:description\" content=\"La Consejer\u00eda de Infraestructuras, Ordenaci\u00f3n del Territorio y Medio Ambiente ha constatado una significativa mejora de la calidad del aire en Asturias en los \u00faltimos d\u00edas. As\u00ed se desprende de los an\u00e1lisis de la red oficial de mediciones, que constituye la principal referencia para evaluar la concentraci\u00f3n de contaminantes de part\u00edculas en la zona central,\" \/>\n\t\t<meta property=\"og:url\" content=\"https:\/\/www.eldigitaldeasturias.com\/noticias\/medio-ambiente-afirma-que-la-calidad-del-aire-ha-mejorado-en-asturias\/\" \/>\n\t\t<meta property=\"og:image\" content=\"https:\/\/www.eldigitaldeasturias.com\/noticias\/wp-content\/uploads\/2014\/10\/Boina-Aviles.jpg\" \/>\n\t\t<meta property=\"og:image:secure_url\" content=\"https:\/\/www.eldigitaldeasturias.com\/noticias\/wp-content\/uploads\/2014\/10\/Boina-Aviles.jpg\" \/>\n\t\t<meta property=\"og:image:width\" content=\"2048\" \/>\n\t\t<meta property=\"og:image:height\" content=\"1536\" \/>\n\t\t<meta property=\"article:tag\" content=\"destacadas\" \/>\n\t\t<meta property=\"article:published_time\" content=\"2017-01-08T20:26:54+00:00\" \/>\n\t\t<meta property=\"article:modified_time\" content=\"2017-01-08T20:26:54+00:00\" \/>\n\t\t<meta property=\"article:publisher\" content=\"https:\/\/facebook.com\/eldigitaldeasturias\" \/>\n\t\t<meta name=\"twitter:card\" content=\"summary_large_image\" \/>\n\t\t<meta name=\"twitter:title\" content=\"Medio Ambiente afirma que la calidad del aire ha mejorado en Asturias - El Digital de Asturias\" \/>\n\t\t<meta name=\"twitter:description\" content=\"La Consejer\u00eda de Infraestructuras, Ordenaci\u00f3n del Territorio y Medio Ambiente ha constatado una significativa mejora de la calidad del aire en Asturias en los \u00faltimos d\u00edas. As\u00ed se desprende de los an\u00e1lisis de la red oficial de mediciones, que constituye la principal referencia para evaluar la concentraci\u00f3n de contaminantes de part\u00edculas en la zona central,\" \/>\n\t\t<meta name=\"twitter:image\" content=\"https:\/\/www.eldigitaldeasturias.com\/noticias\/wp-content\/uploads\/2014\/10\/Boina-Aviles.jpg\" \/>\n\t\t<meta name=\"twitter:label1\" content=\"Escrito por\" \/>\n\t\t<meta name=\"twitter:data1\" content=\"El Digital de Asturias\" \/>\n\t\t<meta name=\"twitter:label2\" content=\"Tiempo de lectura estimado\" \/>\n\t\t<meta name=\"twitter:data2\" content=\"3 minutos\" \/>\n\t\t<script type=\"application\/ld+json\" class=\"aioseo-schema\">\n\t\t\t{\"@context\":\"https:\\\/\\\/schema.org\",\"@graph\":[{\"@type\":\"BlogPosting\",\"@id\":\"https:\\\/\\\/www.eldigitaldeasturias.com\\\/noticias\\\/medio-ambiente-afirma-que-la-calidad-del-aire-ha-mejorado-en-asturias\\\/#blogposting\",\"name\":\"Medio Ambiente afirma que la calidad del aire ha mejorado en Asturias - El Digital de Asturias\",\"headline\":\"Medio Ambiente afirma que la calidad del aire ha mejorado en Asturias\",\"author\":{\"@id\":\"https:\\\/\\\/www.eldigitaldeasturias.com\\\/noticias\\\/author\\\/admin\\\/#author\"},\"publisher\":{\"@id\":\"https:\\\/\\\/www.eldigitaldeasturias.com\\\/noticias\\\/#organization\"},\"image\":{\"@type\":\"ImageObject\",\"url\":\"https:\\\/\\\/www.eldigitaldeasturias.com\\\/noticias\\\/wp-content\\\/uploads\\\/2014\\\/10\\\/Boina-Aviles.jpg\",\"width\":2048,\"height\":1536},\"datePublished\":\"2017-01-08T20:26:54+01:00\",\"dateModified\":\"2017-01-08T20:26:54+01:00\",\"inLanguage\":\"es-ES\",\"mainEntityOfPage\":{\"@id\":\"https:\\\/\\\/www.eldigitaldeasturias.com\\\/noticias\\\/medio-ambiente-afirma-que-la-calidad-del-aire-ha-mejorado-en-asturias\\\/#webpage\"},\"isPartOf\":{\"@id\":\"https:\\\/\\\/www.eldigitaldeasturias.com\\\/noticias\\\/medio-ambiente-afirma-que-la-calidad-del-aire-ha-mejorado-en-asturias\\\/#webpage\"},\"articleSection\":\"Destacadas\"},{\"@type\":\"BreadcrumbList\",\"@id\":\"https:\\\/\\\/www.eldigitaldeasturias.com\\\/noticias\\\/medio-ambiente-afirma-que-la-calidad-del-aire-ha-mejorado-en-asturias\\\/#breadcrumblist\",\"itemListElement\":[{\"@type\":\"ListItem\",\"@id\":\"https:\\\/\\\/www.eldigitaldeasturias.com\\\/noticias#listItem\",\"position\":1,\"name\":\"Home\",\"item\":\"https:\\\/\\\/www.eldigitaldeasturias.com\\\/noticias\",\"nextItem\":{\"@type\":\"ListItem\",\"@id\":\"https:\\\/\\\/www.eldigitaldeasturias.com\\\/noticias\\\/category\\\/destacadas\\\/#listItem\",\"name\":\"Destacadas\"}},{\"@type\":\"ListItem\",\"@id\":\"https:\\\/\\\/www.eldigitaldeasturias.com\\\/noticias\\\/category\\\/destacadas\\\/#listItem\",\"position\":2,\"name\":\"Destacadas\",\"item\":\"https:\\\/\\\/www.eldigitaldeasturias.com\\\/noticias\\\/category\\\/destacadas\\\/\",\"nextItem\":{\"@type\":\"ListItem\",\"@id\":\"https:\\\/\\\/www.eldigitaldeasturias.com\\\/noticias\\\/medio-ambiente-afirma-que-la-calidad-del-aire-ha-mejorado-en-asturias\\\/#listItem\",\"name\":\"Medio Ambiente afirma que la calidad del aire ha mejorado en Asturias\"},\"previousItem\":{\"@type\":\"ListItem\",\"@id\":\"https:\\\/\\\/www.eldigitaldeasturias.com\\\/noticias#listItem\",\"name\":\"Home\"}},{\"@type\":\"ListItem\",\"@id\":\"https:\\\/\\\/www.eldigitaldeasturias.com\\\/noticias\\\/medio-ambiente-afirma-que-la-calidad-del-aire-ha-mejorado-en-asturias\\\/#listItem\",\"position\":3,\"name\":\"Medio Ambiente afirma que la calidad del aire ha mejorado en Asturias\",\"previousItem\":{\"@type\":\"ListItem\",\"@id\":\"https:\\\/\\\/www.eldigitaldeasturias.com\\\/noticias\\\/category\\\/destacadas\\\/#listItem\",\"name\":\"Destacadas\"}}]},{\"@type\":\"Organization\",\"@id\":\"https:\\\/\\\/www.eldigitaldeasturias.com\\\/noticias\\\/#organization\",\"name\":\"El Digital de Asturias\",\"description\":\"Hemeroteca\",\"url\":\"https:\\\/\\\/www.eldigitaldeasturias.com\\\/noticias\\\/\",\"email\":\"info@eldigitaldeasturias.com\",\"telephone\":\"+34652131393\",\"logo\":{\"@type\":\"ImageObject\",\"url\":\"https:\\\/\\\/www.eldigitaldeasturias.com\\\/noticias\\\/wp-content\\\/uploads\\\/2020\\\/12\\\/EDA.jpg\",\"@id\":\"https:\\\/\\\/www.eldigitaldeasturias.com\\\/noticias\\\/medio-ambiente-afirma-que-la-calidad-del-aire-ha-mejorado-en-asturias\\\/#organizationLogo\",\"width\":649,\"height\":297},\"image\":{\"@id\":\"https:\\\/\\\/www.eldigitaldeasturias.com\\\/noticias\\\/medio-ambiente-afirma-que-la-calidad-del-aire-ha-mejorado-en-asturias\\\/#organizationLogo\"},\"sameAs\":[\"https:\\\/\\\/facebook.com\\\/eldigitaldeasturias\",\"https:\\\/\\\/www.youtube.com\\\/channel\\\/UCZP-2wLEB9Rv6erhFmqVnvg\"],\"address\":{\"@id\":\"https:\\\/\\\/www.eldigitaldeasturias.com\\\/noticias\\\/#postaladdress\",\"@type\":\"PostalAddress\",\"streetAddress\":\"san antonio 4,\",\"postalCode\":\"33430\",\"addressLocality\":\"Cand\\u00e1s\",\"addressRegion\":\"Asturias\",\"addressCountry\":\"ES\"}},{\"@type\":\"Person\",\"@id\":\"https:\\\/\\\/www.eldigitaldeasturias.com\\\/noticias\\\/author\\\/admin\\\/#author\",\"url\":\"https:\\\/\\\/www.eldigitaldeasturias.com\\\/noticias\\\/author\\\/admin\\\/\",\"name\":\"El Digital de Asturias\",\"image\":{\"@type\":\"ImageObject\",\"@id\":\"https:\\\/\\\/www.eldigitaldeasturias.com\\\/noticias\\\/medio-ambiente-afirma-que-la-calidad-del-aire-ha-mejorado-en-asturias\\\/#authorImage\",\"url\":\"https:\\\/\\\/www.eldigitaldeasturias.com\\\/noticias\\\/wp-content\\\/litespeed\\\/avatar\\\/18677e78aa0546b92d9dbf31ec7d7668.jpg?ver=1777290358\",\"width\":96,\"height\":96,\"caption\":\"El Digital de Asturias\"}},{\"@type\":\"WebPage\",\"@id\":\"https:\\\/\\\/www.eldigitaldeasturias.com\\\/noticias\\\/medio-ambiente-afirma-que-la-calidad-del-aire-ha-mejorado-en-asturias\\\/#webpage\",\"url\":\"https:\\\/\\\/www.eldigitaldeasturias.com\\\/noticias\\\/medio-ambiente-afirma-que-la-calidad-del-aire-ha-mejorado-en-asturias\\\/\",\"name\":\"Medio Ambiente afirma que la calidad del aire ha mejorado en Asturias - El Digital de Asturias\",\"description\":\"La Consejer\\u00eda de Infraestructuras, Ordenaci\\u00f3n del Territorio y Medio Ambiente ha constatado una significativa mejora de la calidad del aire en Asturias en los \\u00faltimos d\\u00edas. As\\u00ed se desprende de los an\\u00e1lisis de la red oficial de mediciones, que constituye la principal referencia para evaluar la concentraci\\u00f3n de contaminantes de part\\u00edculas en la zona central,\",\"inLanguage\":\"es-ES\",\"isPartOf\":{\"@id\":\"https:\\\/\\\/www.eldigitaldeasturias.com\\\/noticias\\\/#website\"},\"breadcrumb\":{\"@id\":\"https:\\\/\\\/www.eldigitaldeasturias.com\\\/noticias\\\/medio-ambiente-afirma-que-la-calidad-del-aire-ha-mejorado-en-asturias\\\/#breadcrumblist\"},\"author\":{\"@id\":\"https:\\\/\\\/www.eldigitaldeasturias.com\\\/noticias\\\/author\\\/admin\\\/#author\"},\"creator\":{\"@id\":\"https:\\\/\\\/www.eldigitaldeasturias.com\\\/noticias\\\/author\\\/admin\\\/#author\"},\"image\":{\"@type\":\"ImageObject\",\"url\":\"https:\\\/\\\/www.eldigitaldeasturias.com\\\/noticias\\\/wp-content\\\/uploads\\\/2014\\\/10\\\/Boina-Aviles.jpg\",\"@id\":\"https:\\\/\\\/www.eldigitaldeasturias.com\\\/noticias\\\/medio-ambiente-afirma-que-la-calidad-del-aire-ha-mejorado-en-asturias\\\/#mainImage\",\"width\":2048,\"height\":1536},\"primaryImageOfPage\":{\"@id\":\"https:\\\/\\\/www.eldigitaldeasturias.com\\\/noticias\\\/medio-ambiente-afirma-que-la-calidad-del-aire-ha-mejorado-en-asturias\\\/#mainImage\"},\"datePublished\":\"2017-01-08T20:26:54+01:00\",\"dateModified\":\"2017-01-08T20:26:54+01:00\"},{\"@type\":\"WebSite\",\"@id\":\"https:\\\/\\\/www.eldigitaldeasturias.com\\\/noticias\\\/#website\",\"url\":\"https:\\\/\\\/www.eldigitaldeasturias.com\\\/noticias\\\/\",\"name\":\"El Digital de Asturias - Diario de actualidad y noticias\",\"alternateName\":\"El Digital de Asturias - Diario de actualidad y noticias\",\"description\":\"Hemeroteca\",\"inLanguage\":\"es-ES\",\"publisher\":{\"@id\":\"https:\\\/\\\/www.eldigitaldeasturias.com\\\/noticias\\\/#organization\"}}]}\n\t\t<\/script>\n\t\t<!-- All in One SEO Pro -->\r\n\t\t<title>Medio Ambiente afirma que la calidad del aire ha mejorado en Asturias - El Digital de Asturias<\/title>\n\n","aioseo_head_json":{"title":"Medio Ambiente afirma que la calidad del aire ha mejorado en Asturias - El Digital de Asturias","description":"La Consejer\u00eda de Infraestructuras, Ordenaci\u00f3n del Territorio y Medio Ambiente ha constatado una significativa mejora de la calidad del aire en Asturias en los \u00faltimos d\u00edas. As\u00ed se desprende de los an\u00e1lisis de la red oficial de mediciones, que constituye la principal referencia para evaluar la concentraci\u00f3n de contaminantes de part\u00edculas en la zona central,","canonical_url":"https:\/\/www.eldigitaldeasturias.com\/noticias\/medio-ambiente-afirma-que-la-calidad-del-aire-ha-mejorado-en-asturias\/","robots":"max-image-preview:large","keywords":"destacadas","webmasterTools":{"google-site-verification":"UA-38556648-1","msvalidate.01":"7dfe9f3f1b24437ab69f4f2559babe99","miscellaneous":""},"schema":{"@context":"https:\/\/schema.org","@graph":[{"@type":"BlogPosting","@id":"https:\/\/www.eldigitaldeasturias.com\/noticias\/medio-ambiente-afirma-que-la-calidad-del-aire-ha-mejorado-en-asturias\/#blogposting","name":"Medio Ambiente afirma que la calidad del aire ha mejorado en Asturias - El Digital de Asturias","headline":"Medio Ambiente afirma que la calidad del aire ha mejorado en Asturias","author":{"@id":"https:\/\/www.eldigitaldeasturias.com\/noticias\/author\/admin\/#author"},"publisher":{"@id":"https:\/\/www.eldigitaldeasturias.com\/noticias\/#organization"},"image":{"@type":"ImageObject","url":"https:\/\/www.eldigitaldeasturias.com\/noticias\/wp-content\/uploads\/2014\/10\/Boina-Aviles.jpg","width":2048,"height":1536},"datePublished":"2017-01-08T20:26:54+01:00","dateModified":"2017-01-08T20:26:54+01:00","inLanguage":"es-ES","mainEntityOfPage":{"@id":"https:\/\/www.eldigitaldeasturias.com\/noticias\/medio-ambiente-afirma-que-la-calidad-del-aire-ha-mejorado-en-asturias\/#webpage"},"isPartOf":{"@id":"https:\/\/www.eldigitaldeasturias.com\/noticias\/medio-ambiente-afirma-que-la-calidad-del-aire-ha-mejorado-en-asturias\/#webpage"},"articleSection":"Destacadas"},{"@type":"BreadcrumbList","@id":"https:\/\/www.eldigitaldeasturias.com\/noticias\/medio-ambiente-afirma-que-la-calidad-del-aire-ha-mejorado-en-asturias\/#breadcrumblist","itemListElement":[{"@type":"ListItem","@id":"https:\/\/www.eldigitaldeasturias.com\/noticias#listItem","position":1,"name":"Home","item":"https:\/\/www.eldigitaldeasturias.com\/noticias","nextItem":{"@type":"ListItem","@id":"https:\/\/www.eldigitaldeasturias.com\/noticias\/category\/destacadas\/#listItem","name":"Destacadas"}},{"@type":"ListItem","@id":"https:\/\/www.eldigitaldeasturias.com\/noticias\/category\/destacadas\/#listItem","position":2,"name":"Destacadas","item":"https:\/\/www.eldigitaldeasturias.com\/noticias\/category\/destacadas\/","nextItem":{"@type":"ListItem","@id":"https:\/\/www.eldigitaldeasturias.com\/noticias\/medio-ambiente-afirma-que-la-calidad-del-aire-ha-mejorado-en-asturias\/#listItem","name":"Medio Ambiente afirma que la calidad del aire ha mejorado en Asturias"},"previousItem":{"@type":"ListItem","@id":"https:\/\/www.eldigitaldeasturias.com\/noticias#listItem","name":"Home"}},{"@type":"ListItem","@id":"https:\/\/www.eldigitaldeasturias.com\/noticias\/medio-ambiente-afirma-que-la-calidad-del-aire-ha-mejorado-en-asturias\/#listItem","position":3,"name":"Medio Ambiente afirma que la calidad del aire ha mejorado en Asturias","previousItem":{"@type":"ListItem","@id":"https:\/\/www.eldigitaldeasturias.com\/noticias\/category\/destacadas\/#listItem","name":"Destacadas"}}]},{"@type":"Organization","@id":"https:\/\/www.eldigitaldeasturias.com\/noticias\/#organization","name":"El Digital de Asturias","description":"Hemeroteca","url":"https:\/\/www.eldigitaldeasturias.com\/noticias\/","email":"info@eldigitaldeasturias.com","telephone":"+34652131393","logo":{"@type":"ImageObject","url":"https:\/\/www.eldigitaldeasturias.com\/noticias\/wp-content\/uploads\/2020\/12\/EDA.jpg","@id":"https:\/\/www.eldigitaldeasturias.com\/noticias\/medio-ambiente-afirma-que-la-calidad-del-aire-ha-mejorado-en-asturias\/#organizationLogo","width":649,"height":297},"image":{"@id":"https:\/\/www.eldigitaldeasturias.com\/noticias\/medio-ambiente-afirma-que-la-calidad-del-aire-ha-mejorado-en-asturias\/#organizationLogo"},"sameAs":["https:\/\/facebook.com\/eldigitaldeasturias","https:\/\/www.youtube.com\/channel\/UCZP-2wLEB9Rv6erhFmqVnvg"],"address":{"@id":"https:\/\/www.eldigitaldeasturias.com\/noticias\/#postaladdress","@type":"PostalAddress","streetAddress":"san antonio 4,","postalCode":"33430","addressLocality":"Cand\u00e1s","addressRegion":"Asturias","addressCountry":"ES"}},{"@type":"Person","@id":"https:\/\/www.eldigitaldeasturias.com\/noticias\/author\/admin\/#author","url":"https:\/\/www.eldigitaldeasturias.com\/noticias\/author\/admin\/","name":"El Digital de Asturias","image":{"@type":"ImageObject","@id":"https:\/\/www.eldigitaldeasturias.com\/noticias\/medio-ambiente-afirma-que-la-calidad-del-aire-ha-mejorado-en-asturias\/#authorImage","url":"https:\/\/www.eldigitaldeasturias.com\/noticias\/wp-content\/litespeed\/avatar\/18677e78aa0546b92d9dbf31ec7d7668.jpg?ver=1777290358","width":96,"height":96,"caption":"El Digital de Asturias"}},{"@type":"WebPage","@id":"https:\/\/www.eldigitaldeasturias.com\/noticias\/medio-ambiente-afirma-que-la-calidad-del-aire-ha-mejorado-en-asturias\/#webpage","url":"https:\/\/www.eldigitaldeasturias.com\/noticias\/medio-ambiente-afirma-que-la-calidad-del-aire-ha-mejorado-en-asturias\/","name":"Medio Ambiente afirma que la calidad del aire ha mejorado en Asturias - El Digital de Asturias","description":"La Consejer\u00eda de Infraestructuras, Ordenaci\u00f3n del Territorio y Medio Ambiente ha constatado una significativa mejora de la calidad del aire en Asturias en los \u00faltimos d\u00edas. As\u00ed se desprende de los an\u00e1lisis de la red oficial de mediciones, que constituye la principal referencia para evaluar la concentraci\u00f3n de contaminantes de part\u00edculas en la zona central,","inLanguage":"es-ES","isPartOf":{"@id":"https:\/\/www.eldigitaldeasturias.com\/noticias\/#website"},"breadcrumb":{"@id":"https:\/\/www.eldigitaldeasturias.com\/noticias\/medio-ambiente-afirma-que-la-calidad-del-aire-ha-mejorado-en-asturias\/#breadcrumblist"},"author":{"@id":"https:\/\/www.eldigitaldeasturias.com\/noticias\/author\/admin\/#author"},"creator":{"@id":"https:\/\/www.eldigitaldeasturias.com\/noticias\/author\/admin\/#author"},"image":{"@type":"ImageObject","url":"https:\/\/www.eldigitaldeasturias.com\/noticias\/wp-content\/uploads\/2014\/10\/Boina-Aviles.jpg","@id":"https:\/\/www.eldigitaldeasturias.com\/noticias\/medio-ambiente-afirma-que-la-calidad-del-aire-ha-mejorado-en-asturias\/#mainImage","width":2048,"height":1536},"primaryImageOfPage":{"@id":"https:\/\/www.eldigitaldeasturias.com\/noticias\/medio-ambiente-afirma-que-la-calidad-del-aire-ha-mejorado-en-asturias\/#mainImage"},"datePublished":"2017-01-08T20:26:54+01:00","dateModified":"2017-01-08T20:26:54+01:00"},{"@type":"WebSite","@id":"https:\/\/www.eldigitaldeasturias.com\/noticias\/#website","url":"https:\/\/www.eldigitaldeasturias.com\/noticias\/","name":"El Digital de Asturias - Diario de actualidad y noticias","alternateName":"El Digital de Asturias - Diario de actualidad y noticias","description":"Hemeroteca","inLanguage":"es-ES","publisher":{"@id":"https:\/\/www.eldigitaldeasturias.com\/noticias\/#organization"}}]},"og:locale":"es_ES","og:site_name":"El Digital de Asturias","og:type":"article","og:title":"Medio Ambiente afirma que la calidad del aire ha mejorado en Asturias - El Digital de Asturias","og:description":"La Consejer\u00eda de Infraestructuras, Ordenaci\u00f3n del Territorio y Medio Ambiente ha constatado una significativa mejora de la calidad del aire en Asturias en los \u00faltimos d\u00edas. As\u00ed se desprende de los an\u00e1lisis de la red oficial de mediciones, que constituye la principal referencia para evaluar la concentraci\u00f3n de contaminantes de part\u00edculas en la zona central,","og:url":"https:\/\/www.eldigitaldeasturias.com\/noticias\/medio-ambiente-afirma-que-la-calidad-del-aire-ha-mejorado-en-asturias\/","og:image":"https:\/\/www.eldigitaldeasturias.com\/noticias\/wp-content\/uploads\/2014\/10\/Boina-Aviles.jpg","og:image:secure_url":"https:\/\/www.eldigitaldeasturias.com\/noticias\/wp-content\/uploads\/2014\/10\/Boina-Aviles.jpg","og:image:width":2048,"og:image:height":1536,"article:tag":["destacadas"],"article:published_time":"2017-01-08T20:26:54+00:00","article:modified_time":"2017-01-08T20:26:54+00:00","article:publisher":"https:\/\/facebook.com\/eldigitaldeasturias","twitter:card":"summary_large_image","twitter:title":"Medio Ambiente afirma que la calidad del aire ha mejorado en Asturias - El Digital de Asturias","twitter:description":"La Consejer\u00eda de Infraestructuras, Ordenaci\u00f3n del Territorio y Medio Ambiente ha constatado una significativa mejora de la calidad del aire en Asturias en los \u00faltimos d\u00edas. As\u00ed se desprende de los an\u00e1lisis de la red oficial de mediciones, que constituye la principal referencia para evaluar la concentraci\u00f3n de contaminantes de part\u00edculas en la zona central,","twitter:image":"https:\/\/www.eldigitaldeasturias.com\/noticias\/wp-content\/uploads\/2014\/10\/Boina-Aviles.jpg","twitter:label1":"Escrito por","twitter:data1":"El Digital de Asturias","twitter:label2":"Tiempo de lectura estimado","twitter:data2":"3 minutos"},"aioseo_meta_data":{"post_id":"921727","title":null,"description":null,"keywords":null,"keyphrases":null,"primary_term":null,"canonical_url":null,"og_title":null,"og_description":null,"og_object_type":"default","og_image_type":"default","og_image_url":null,"og_image_width":null,"og_image_height":null,"og_image_custom_url":null,"og_image_custom_fields":null,"og_video":null,"og_custom_url":null,"og_article_section":null,"og_article_tags":null,"twitter_use_og":false,"twitter_card":"default","twitter_image_type":"default","twitter_image_url":null,"twitter_image_custom_url":null,"twitter_image_custom_fields":null,"twitter_title":null,"twitter_description":null,"schema":{"blockGraphs":[],"customGraphs":[],"default":{"data":{"Article":[],"Course":[],"Dataset":[],"FAQPage":[],"Movie":[],"Person":[],"Product":[],"ProductReview":[],"Car":[],"Recipe":[],"Service":[],"SoftwareApplication":[],"WebPage":[]},"graphName":"","isEnabled":true},"graphs":[],"defaultGraph":"","defaultPostTypeGraph":""},"schema_type":null,"schema_type_options":null,"pillar_content":false,"robots_default":true,"robots_noindex":false,"robots_noarchive":false,"robots_nosnippet":false,"robots_nofollow":false,"robots_noimageindex":false,"robots_noodp":false,"robots_notranslate":false,"robots_max_snippet":null,"robots_max_videopreview":null,"robots_max_imagepreview":"large","priority":null,"frequency":null,"local_seo":null,"seo_analyzer_scan_date":"2025-12-02 14:47:06","breadcrumb_settings":null,"limit_modified_date":false,"open_ai":null,"ai":null,"created":"2020-12-21 13:44:45","updated":"2025-12-02 14:47:06"},"aioseo_breadcrumb":"<div class=\"aioseo-breadcrumbs\"><span class=\"aioseo-breadcrumb\">\n\t<a href=\"https:\/\/www.eldigitaldeasturias.com\/noticias\" title=\"Home\">Home<\/a>\n<\/span><span class=\"aioseo-breadcrumb-separator\">\u2013<\/span><span class=\"aioseo-breadcrumb\">\n\t<a href=\"https:\/\/www.eldigitaldeasturias.com\/noticias\/category\/destacadas\/\" title=\"Destacadas\">Destacadas<\/a>\n<\/span><span class=\"aioseo-breadcrumb-separator\">\u2013<\/span><span class=\"aioseo-breadcrumb\">\n\t<a href=\"https:\/\/www.eldigitaldeasturias.com\/noticias\/medio-ambiente-afirma-que-la-calidad-del-aire-ha-mejorado-en-asturias\/\" title=\"Medio Ambiente afirma que la calidad del aire ha mejorado en Asturias\">Medio Ambiente afirma que la calidad del aire ha mejorado en Asturias<\/a>\n<\/span><\/div>","aioseo_breadcrumb_json":[{"label":"Home","link":"https:\/\/www.eldigitaldeasturias.com\/noticias"},{"label":"Destacadas","link":"https:\/\/www.eldigitaldeasturias.com\/noticias\/category\/destacadas\/"},{"label":"Medio Ambiente afirma que la calidad del aire ha mejorado en Asturias","link":"https:\/\/www.eldigitaldeasturias.com\/noticias\/medio-ambiente-afirma-que-la-calidad-del-aire-ha-mejorado-en-asturias\/"}],"_links":{"self":[{"href":"https:\/\/www.eldigitaldeasturias.com\/noticias\/wp-json\/wp\/v2\/posts\/921727","targetHints":{"allow":["GET"]}}],"collection":[{"href":"https:\/\/www.eldigitaldeasturias.com\/noticias\/wp-json\/wp\/v2\/posts"}],"about":[{"href":"https:\/\/www.eldigitaldeasturias.com\/noticias\/wp-json\/wp\/v2\/types\/post"}],"author":[{"embeddable":true,"href":"https:\/\/www.eldigitaldeasturias.com\/noticias\/wp-json\/wp\/v2\/users\/1"}],"replies":[{"embeddable":true,"href":"https:\/\/www.eldigitaldeasturias.com\/noticias\/wp-json\/wp\/v2\/comments?post=921727"}],"version-history":[{"count":0,"href":"https:\/\/www.eldigitaldeasturias.com\/noticias\/wp-json\/wp\/v2\/posts\/921727\/revisions"}],"wp:featuredmedia":[{"embeddable":true,"href":"https:\/\/www.eldigitaldeasturias.com\/noticias\/wp-json\/wp\/v2\/media\/665161"}],"wp:attachment":[{"href":"https:\/\/www.eldigitaldeasturias.com\/noticias\/wp-json\/wp\/v2\/media?parent=921727"}],"wp:term":[{"taxonomy":"category","embeddable":true,"href":"https:\/\/www.eldigitaldeasturias.com\/noticias\/wp-json\/wp\/v2\/categories?post=921727"},{"taxonomy":"post_tag","embeddable":true,"href":"https:\/\/www.eldigitaldeasturias.com\/noticias\/wp-json\/wp\/v2\/tags?post=921727"}],"curies":[{"name":"wp","href":"https:\/\/api.w.org\/{rel}","templated":true}]}}