{"id":921725,"date":"2017-01-08T20:22:55","date_gmt":"2017-01-08T20:22:55","guid":{"rendered":"http:\/\/www.eldigitaldeasturias.com\/noticias\/?p=921725"},"modified":"2017-01-08T20:22:55","modified_gmt":"2017-01-08T20:22:55","slug":"europa-bajo-cero","status":"publish","type":"post","link":"https:\/\/www.eldigitaldeasturias.com\/noticias\/europa-bajo-cero\/","title":{"rendered":"Europa bajo cero"},"content":{"rendered":"<p><img loading=\"lazy\" decoding=\"async\" class=\"alignleft size-medium wp-image-751115\" src=\"https:\/\/www.eldigitaldeasturias.com\/noticias\/wp-content\/uploads\/2015\/01\/9744195w-273x320.jpg\" alt=\"\" width=\"273\" height=\"320\" srcset=\"https:\/\/www.eldigitaldeasturias.com\/noticias\/wp-content\/uploads\/2015\/01\/9744195w-273x320.jpg 273w, https:\/\/www.eldigitaldeasturias.com\/noticias\/wp-content\/uploads\/2015\/01\/9744195w-555x650.jpg 555w, https:\/\/www.eldigitaldeasturias.com\/noticias\/wp-content\/uploads\/2015\/01\/9744195w.jpg 700w\" sizes=\"auto, (max-width: 273px) 100vw, 273px\" \/>En estos \u00faltimos d\u00edas hemos ido viendo como un temporal que inicialmente comenz\u00f3 a ser noticia por las bajas temperaturas que se produc\u00edan en Alemania ya es tambi\u00e9n noticia en media Europa, mostr\u00e1ndonos el lado m\u00e1s frio del invierno, el que dicen que podr\u00eda ser uno de los mas g\u00e9lidos de los \u00faltimos 120 a\u00f1os<\/p>\n<p>Durante los \u00faltimos d\u00edas se ha conocido tambi\u00e9n que al menos 25 personas ya han fallecido por el frio en Europa, un frio que avanza hacia Espa\u00f1a y que en muchas localidades de Asturias ya sentimos.<\/p>\n<p>Italia, Grecia, Polonia, Alemania, Republica Checa, Bosnia y en general los pa\u00edses centroeuropeos est\u00e1n viviendo un invierno con temperaturas que llegan incluso a los 34 grados bajo cero, en Praga, o los 30 bajo cero en Mosc\u00fa.<\/p>\n<p>La nieve ca\u00edda ha colapsado carreteras, v\u00edas ferroviarias y ciudades por completo en Europa, afectando tambi\u00e9n a las comunicaciones a\u00e9reas.<\/p>\n<p>Turqu\u00eda no se ha librado de las nevadas, y las condiciones meteorol\u00f3gicas han obligado a cancelar cientos de vuelos, pero uno de los casos m\u00e1s curiosos y no por ello menos preocupante es el temporal que azota Grecia, un pa\u00eds mediterr\u00e1neo que suele gozar de inviernos c\u00e1lidos y que ha visto como sus term\u00f3metros tambi\u00e9n marcan 15 grados bajo cero.<\/p>\n<p>Casi toda Europa esta bajo cero, en un momento en el que debemos recordar que la crisis econ\u00f3mica y las crisis provocada por la llegada masiva de refugiados afecta a los m\u00e1s d\u00e9biles y necesitados, una crisis que Bruselas tendr\u00e1 que gestionar para que los llegados desde los pa\u00edses en conflicto no sean victimas tambi\u00e9n del duro invierno.<\/p>\n<p>La comunidad internacional tambi\u00e9n tendr\u00eda que revisar sus protocolos de prevenci\u00f3n, pues en pleno a\u00f1o 2017 resulta un tanto incomprensible que con todos los medios a nuestro alcance la ola de frio nos haya \u00abpillado\u00bb a los europeos casi por sorpresa, y parece ser que lo peor quiz\u00e1s a\u00fan est\u00e9 por llegar.<\/p>\n<p>&nbsp;<\/p>\n<p>&nbsp;<\/p>\n<p>&nbsp;<\/p>\n","protected":false},"excerpt":{"rendered":"<p>En estos \u00faltimos d\u00edas hemos ido viendo como un temporal que inicialmente comenz\u00f3 a ser noticia por las bajas temperaturas que se produc\u00edan en Alemania ya es tambi\u00e9n noticia en media Europa, mostr\u00e1ndonos el lado m\u00e1s frio del invierno, el que dicen que podr\u00eda ser uno de los mas g\u00e9lidos de los \u00faltimos 120 a\u00f1os [&hellip;]<\/p>\n","protected":false},"author":1,"featured_media":766284,"comment_status":"closed","ping_status":"closed","sticky":false,"template":"","format":"standard","meta":{"footnotes":""},"categories":[141],"tags":[],"class_list":["post-921725","post","type-post","status-publish","format-standard","has-post-thumbnail","hentry","category-destacadas"],"aioseo_notices":[],"aioseo_head":"\n\t\t<!-- All in One SEO Pro 4.9.6.2 - aioseo.com -->\n\t<meta name=\"description\" content=\"En estos \u00faltimos d\u00edas hemos ido viendo como un temporal que inicialmente comenz\u00f3 a ser noticia por las bajas temperaturas que se produc\u00edan en Alemania ya es tambi\u00e9n noticia en media Europa, mostr\u00e1ndonos el lado m\u00e1s frio del invierno, el que dicen que podr\u00eda ser uno de los mas g\u00e9lidos de los \u00faltimos 120 a\u00f1os\" \/>\n\t<meta name=\"robots\" content=\"max-image-preview:large\" \/>\n\t<meta name=\"author\" content=\"El Digital de Asturias\"\/>\n\t<meta name=\"google-site-verification\" content=\"UA-38556648-1\" \/>\n\t<meta name=\"msvalidate.01\" content=\"7dfe9f3f1b24437ab69f4f2559babe99\" \/>\n\t<meta name=\"keywords\" content=\"destacadas\" \/>\n\t<link rel=\"canonical\" href=\"https:\/\/www.eldigitaldeasturias.com\/noticias\/europa-bajo-cero\/\" \/>\n\t<meta name=\"generator\" content=\"All in One SEO Pro (AIOSEO) 4.9.6.2\" \/>\n\t\t<meta property=\"og:locale\" content=\"es_ES\" \/>\n\t\t<meta property=\"og:site_name\" content=\"El Digital de Asturias\" \/>\n\t\t<meta property=\"og:type\" content=\"article\" \/>\n\t\t<meta property=\"og:title\" content=\"Europa bajo cero - El Digital de Asturias\" \/>\n\t\t<meta property=\"og:description\" content=\"En estos \u00faltimos d\u00edas hemos ido viendo como un temporal que inicialmente comenz\u00f3 a ser noticia por las bajas temperaturas que se produc\u00edan en Alemania ya es tambi\u00e9n noticia en media Europa, mostr\u00e1ndonos el lado m\u00e1s frio del invierno, el que dicen que podr\u00eda ser uno de los mas g\u00e9lidos de los \u00faltimos 120 a\u00f1os\" \/>\n\t\t<meta property=\"og:url\" content=\"https:\/\/www.eldigitaldeasturias.com\/noticias\/europa-bajo-cero\/\" \/>\n\t\t<meta property=\"og:image\" content=\"https:\/\/www.eldigitaldeasturias.com\/noticias\/wp-content\/uploads\/2015\/01\/635572663676741496w.jpg\" \/>\n\t\t<meta property=\"og:image:secure_url\" content=\"https:\/\/www.eldigitaldeasturias.com\/noticias\/wp-content\/uploads\/2015\/01\/635572663676741496w.jpg\" \/>\n\t\t<meta property=\"og:image:width\" content=\"800\" \/>\n\t\t<meta property=\"og:image:height\" content=\"533\" \/>\n\t\t<meta property=\"article:tag\" content=\"destacadas\" \/>\n\t\t<meta property=\"article:published_time\" content=\"2017-01-08T20:22:55+00:00\" \/>\n\t\t<meta property=\"article:modified_time\" content=\"2017-01-08T20:22:55+00:00\" \/>\n\t\t<meta property=\"article:publisher\" content=\"https:\/\/facebook.com\/eldigitaldeasturias\" \/>\n\t\t<meta name=\"twitter:card\" content=\"summary_large_image\" \/>\n\t\t<meta name=\"twitter:title\" content=\"Europa bajo cero - El Digital de Asturias\" \/>\n\t\t<meta name=\"twitter:description\" content=\"En estos \u00faltimos d\u00edas hemos ido viendo como un temporal que inicialmente comenz\u00f3 a ser noticia por las bajas temperaturas que se produc\u00edan en Alemania ya es tambi\u00e9n noticia en media Europa, mostr\u00e1ndonos el lado m\u00e1s frio del invierno, el que dicen que podr\u00eda ser uno de los mas g\u00e9lidos de los \u00faltimos 120 a\u00f1os\" \/>\n\t\t<meta name=\"twitter:image\" content=\"https:\/\/www.eldigitaldeasturias.com\/noticias\/wp-content\/uploads\/2015\/01\/635572663676741496w.jpg\" \/>\n\t\t<meta name=\"twitter:label1\" content=\"Escrito por\" \/>\n\t\t<meta name=\"twitter:data1\" content=\"El Digital de Asturias\" \/>\n\t\t<meta name=\"twitter:label2\" content=\"Tiempo de lectura estimado\" \/>\n\t\t<meta name=\"twitter:data2\" content=\"2 minutos\" \/>\n\t\t<script type=\"application\/ld+json\" class=\"aioseo-schema\">\n\t\t\t{\"@context\":\"https:\\\/\\\/schema.org\",\"@graph\":[{\"@type\":\"BlogPosting\",\"@id\":\"https:\\\/\\\/www.eldigitaldeasturias.com\\\/noticias\\\/europa-bajo-cero\\\/#blogposting\",\"name\":\"Europa bajo cero - El Digital de Asturias\",\"headline\":\"Europa bajo cero\",\"author\":{\"@id\":\"https:\\\/\\\/www.eldigitaldeasturias.com\\\/noticias\\\/author\\\/admin\\\/#author\"},\"publisher\":{\"@id\":\"https:\\\/\\\/www.eldigitaldeasturias.com\\\/noticias\\\/#organization\"},\"image\":{\"@type\":\"ImageObject\",\"url\":\"https:\\\/\\\/www.eldigitaldeasturias.com\\\/noticias\\\/wp-content\\\/uploads\\\/2015\\\/01\\\/635572663676741496w.jpg\",\"width\":800,\"height\":533,\"caption\":\"nieve\"},\"datePublished\":\"2017-01-08T20:22:55+01:00\",\"dateModified\":\"2017-01-08T20:22:55+01:00\",\"inLanguage\":\"es-ES\",\"mainEntityOfPage\":{\"@id\":\"https:\\\/\\\/www.eldigitaldeasturias.com\\\/noticias\\\/europa-bajo-cero\\\/#webpage\"},\"isPartOf\":{\"@id\":\"https:\\\/\\\/www.eldigitaldeasturias.com\\\/noticias\\\/europa-bajo-cero\\\/#webpage\"},\"articleSection\":\"Destacadas\"},{\"@type\":\"BreadcrumbList\",\"@id\":\"https:\\\/\\\/www.eldigitaldeasturias.com\\\/noticias\\\/europa-bajo-cero\\\/#breadcrumblist\",\"itemListElement\":[{\"@type\":\"ListItem\",\"@id\":\"https:\\\/\\\/www.eldigitaldeasturias.com\\\/noticias#listItem\",\"position\":1,\"name\":\"Home\",\"item\":\"https:\\\/\\\/www.eldigitaldeasturias.com\\\/noticias\",\"nextItem\":{\"@type\":\"ListItem\",\"@id\":\"https:\\\/\\\/www.eldigitaldeasturias.com\\\/noticias\\\/category\\\/destacadas\\\/#listItem\",\"name\":\"Destacadas\"}},{\"@type\":\"ListItem\",\"@id\":\"https:\\\/\\\/www.eldigitaldeasturias.com\\\/noticias\\\/category\\\/destacadas\\\/#listItem\",\"position\":2,\"name\":\"Destacadas\",\"item\":\"https:\\\/\\\/www.eldigitaldeasturias.com\\\/noticias\\\/category\\\/destacadas\\\/\",\"nextItem\":{\"@type\":\"ListItem\",\"@id\":\"https:\\\/\\\/www.eldigitaldeasturias.com\\\/noticias\\\/europa-bajo-cero\\\/#listItem\",\"name\":\"Europa bajo cero\"},\"previousItem\":{\"@type\":\"ListItem\",\"@id\":\"https:\\\/\\\/www.eldigitaldeasturias.com\\\/noticias#listItem\",\"name\":\"Home\"}},{\"@type\":\"ListItem\",\"@id\":\"https:\\\/\\\/www.eldigitaldeasturias.com\\\/noticias\\\/europa-bajo-cero\\\/#listItem\",\"position\":3,\"name\":\"Europa bajo cero\",\"previousItem\":{\"@type\":\"ListItem\",\"@id\":\"https:\\\/\\\/www.eldigitaldeasturias.com\\\/noticias\\\/category\\\/destacadas\\\/#listItem\",\"name\":\"Destacadas\"}}]},{\"@type\":\"Organization\",\"@id\":\"https:\\\/\\\/www.eldigitaldeasturias.com\\\/noticias\\\/#organization\",\"name\":\"El Digital de Asturias\",\"description\":\"Hemeroteca\",\"url\":\"https:\\\/\\\/www.eldigitaldeasturias.com\\\/noticias\\\/\",\"email\":\"info@eldigitaldeasturias.com\",\"telephone\":\"+34652131393\",\"logo\":{\"@type\":\"ImageObject\",\"url\":\"https:\\\/\\\/www.eldigitaldeasturias.com\\\/noticias\\\/wp-content\\\/uploads\\\/2020\\\/12\\\/EDA.jpg\",\"@id\":\"https:\\\/\\\/www.eldigitaldeasturias.com\\\/noticias\\\/europa-bajo-cero\\\/#organizationLogo\",\"width\":649,\"height\":297},\"image\":{\"@id\":\"https:\\\/\\\/www.eldigitaldeasturias.com\\\/noticias\\\/europa-bajo-cero\\\/#organizationLogo\"},\"sameAs\":[\"https:\\\/\\\/facebook.com\\\/eldigitaldeasturias\",\"https:\\\/\\\/www.youtube.com\\\/channel\\\/UCZP-2wLEB9Rv6erhFmqVnvg\"],\"address\":{\"@id\":\"https:\\\/\\\/www.eldigitaldeasturias.com\\\/noticias\\\/#postaladdress\",\"@type\":\"PostalAddress\",\"streetAddress\":\"san antonio 4,\",\"postalCode\":\"33430\",\"addressLocality\":\"Cand\\u00e1s\",\"addressRegion\":\"Asturias\",\"addressCountry\":\"ES\"}},{\"@type\":\"Person\",\"@id\":\"https:\\\/\\\/www.eldigitaldeasturias.com\\\/noticias\\\/author\\\/admin\\\/#author\",\"url\":\"https:\\\/\\\/www.eldigitaldeasturias.com\\\/noticias\\\/author\\\/admin\\\/\",\"name\":\"El Digital de Asturias\",\"image\":{\"@type\":\"ImageObject\",\"@id\":\"https:\\\/\\\/www.eldigitaldeasturias.com\\\/noticias\\\/europa-bajo-cero\\\/#authorImage\",\"url\":\"https:\\\/\\\/www.eldigitaldeasturias.com\\\/noticias\\\/wp-content\\\/litespeed\\\/avatar\\\/18677e78aa0546b92d9dbf31ec7d7668.jpg?ver=1777290358\",\"width\":96,\"height\":96,\"caption\":\"El Digital de Asturias\"}},{\"@type\":\"WebPage\",\"@id\":\"https:\\\/\\\/www.eldigitaldeasturias.com\\\/noticias\\\/europa-bajo-cero\\\/#webpage\",\"url\":\"https:\\\/\\\/www.eldigitaldeasturias.com\\\/noticias\\\/europa-bajo-cero\\\/\",\"name\":\"Europa bajo cero - El Digital de Asturias\",\"description\":\"En estos \\u00faltimos d\\u00edas hemos ido viendo como un temporal que inicialmente comenz\\u00f3 a ser noticia por las bajas temperaturas que se produc\\u00edan en Alemania ya es tambi\\u00e9n noticia en media Europa, mostr\\u00e1ndonos el lado m\\u00e1s frio del invierno, el que dicen que podr\\u00eda ser uno de los mas g\\u00e9lidos de los \\u00faltimos 120 a\\u00f1os\",\"inLanguage\":\"es-ES\",\"isPartOf\":{\"@id\":\"https:\\\/\\\/www.eldigitaldeasturias.com\\\/noticias\\\/#website\"},\"breadcrumb\":{\"@id\":\"https:\\\/\\\/www.eldigitaldeasturias.com\\\/noticias\\\/europa-bajo-cero\\\/#breadcrumblist\"},\"author\":{\"@id\":\"https:\\\/\\\/www.eldigitaldeasturias.com\\\/noticias\\\/author\\\/admin\\\/#author\"},\"creator\":{\"@id\":\"https:\\\/\\\/www.eldigitaldeasturias.com\\\/noticias\\\/author\\\/admin\\\/#author\"},\"image\":{\"@type\":\"ImageObject\",\"url\":\"https:\\\/\\\/www.eldigitaldeasturias.com\\\/noticias\\\/wp-content\\\/uploads\\\/2015\\\/01\\\/635572663676741496w.jpg\",\"@id\":\"https:\\\/\\\/www.eldigitaldeasturias.com\\\/noticias\\\/europa-bajo-cero\\\/#mainImage\",\"width\":800,\"height\":533,\"caption\":\"nieve\"},\"primaryImageOfPage\":{\"@id\":\"https:\\\/\\\/www.eldigitaldeasturias.com\\\/noticias\\\/europa-bajo-cero\\\/#mainImage\"},\"datePublished\":\"2017-01-08T20:22:55+01:00\",\"dateModified\":\"2017-01-08T20:22:55+01:00\"},{\"@type\":\"WebSite\",\"@id\":\"https:\\\/\\\/www.eldigitaldeasturias.com\\\/noticias\\\/#website\",\"url\":\"https:\\\/\\\/www.eldigitaldeasturias.com\\\/noticias\\\/\",\"name\":\"El Digital de Asturias - Diario de actualidad y noticias\",\"alternateName\":\"El Digital de Asturias - Diario de actualidad y noticias\",\"description\":\"Hemeroteca\",\"inLanguage\":\"es-ES\",\"publisher\":{\"@id\":\"https:\\\/\\\/www.eldigitaldeasturias.com\\\/noticias\\\/#organization\"}}]}\n\t\t<\/script>\n\t\t<!-- All in One SEO Pro -->\r\n\t\t<title>Europa bajo cero - El Digital de Asturias<\/title>\n\n","aioseo_head_json":{"title":"Europa bajo cero - El Digital de Asturias","description":"En estos \u00faltimos d\u00edas hemos ido viendo como un temporal que inicialmente comenz\u00f3 a ser noticia por las bajas temperaturas que se produc\u00edan en Alemania ya es tambi\u00e9n noticia en media Europa, mostr\u00e1ndonos el lado m\u00e1s frio del invierno, el que dicen que podr\u00eda ser uno de los mas g\u00e9lidos de los \u00faltimos 120 a\u00f1os","canonical_url":"https:\/\/www.eldigitaldeasturias.com\/noticias\/europa-bajo-cero\/","robots":"max-image-preview:large","keywords":"destacadas","webmasterTools":{"google-site-verification":"UA-38556648-1","msvalidate.01":"7dfe9f3f1b24437ab69f4f2559babe99","miscellaneous":""},"schema":{"@context":"https:\/\/schema.org","@graph":[{"@type":"BlogPosting","@id":"https:\/\/www.eldigitaldeasturias.com\/noticias\/europa-bajo-cero\/#blogposting","name":"Europa bajo cero - El Digital de Asturias","headline":"Europa bajo cero","author":{"@id":"https:\/\/www.eldigitaldeasturias.com\/noticias\/author\/admin\/#author"},"publisher":{"@id":"https:\/\/www.eldigitaldeasturias.com\/noticias\/#organization"},"image":{"@type":"ImageObject","url":"https:\/\/www.eldigitaldeasturias.com\/noticias\/wp-content\/uploads\/2015\/01\/635572663676741496w.jpg","width":800,"height":533,"caption":"nieve"},"datePublished":"2017-01-08T20:22:55+01:00","dateModified":"2017-01-08T20:22:55+01:00","inLanguage":"es-ES","mainEntityOfPage":{"@id":"https:\/\/www.eldigitaldeasturias.com\/noticias\/europa-bajo-cero\/#webpage"},"isPartOf":{"@id":"https:\/\/www.eldigitaldeasturias.com\/noticias\/europa-bajo-cero\/#webpage"},"articleSection":"Destacadas"},{"@type":"BreadcrumbList","@id":"https:\/\/www.eldigitaldeasturias.com\/noticias\/europa-bajo-cero\/#breadcrumblist","itemListElement":[{"@type":"ListItem","@id":"https:\/\/www.eldigitaldeasturias.com\/noticias#listItem","position":1,"name":"Home","item":"https:\/\/www.eldigitaldeasturias.com\/noticias","nextItem":{"@type":"ListItem","@id":"https:\/\/www.eldigitaldeasturias.com\/noticias\/category\/destacadas\/#listItem","name":"Destacadas"}},{"@type":"ListItem","@id":"https:\/\/www.eldigitaldeasturias.com\/noticias\/category\/destacadas\/#listItem","position":2,"name":"Destacadas","item":"https:\/\/www.eldigitaldeasturias.com\/noticias\/category\/destacadas\/","nextItem":{"@type":"ListItem","@id":"https:\/\/www.eldigitaldeasturias.com\/noticias\/europa-bajo-cero\/#listItem","name":"Europa bajo cero"},"previousItem":{"@type":"ListItem","@id":"https:\/\/www.eldigitaldeasturias.com\/noticias#listItem","name":"Home"}},{"@type":"ListItem","@id":"https:\/\/www.eldigitaldeasturias.com\/noticias\/europa-bajo-cero\/#listItem","position":3,"name":"Europa bajo cero","previousItem":{"@type":"ListItem","@id":"https:\/\/www.eldigitaldeasturias.com\/noticias\/category\/destacadas\/#listItem","name":"Destacadas"}}]},{"@type":"Organization","@id":"https:\/\/www.eldigitaldeasturias.com\/noticias\/#organization","name":"El Digital de Asturias","description":"Hemeroteca","url":"https:\/\/www.eldigitaldeasturias.com\/noticias\/","email":"info@eldigitaldeasturias.com","telephone":"+34652131393","logo":{"@type":"ImageObject","url":"https:\/\/www.eldigitaldeasturias.com\/noticias\/wp-content\/uploads\/2020\/12\/EDA.jpg","@id":"https:\/\/www.eldigitaldeasturias.com\/noticias\/europa-bajo-cero\/#organizationLogo","width":649,"height":297},"image":{"@id":"https:\/\/www.eldigitaldeasturias.com\/noticias\/europa-bajo-cero\/#organizationLogo"},"sameAs":["https:\/\/facebook.com\/eldigitaldeasturias","https:\/\/www.youtube.com\/channel\/UCZP-2wLEB9Rv6erhFmqVnvg"],"address":{"@id":"https:\/\/www.eldigitaldeasturias.com\/noticias\/#postaladdress","@type":"PostalAddress","streetAddress":"san antonio 4,","postalCode":"33430","addressLocality":"Cand\u00e1s","addressRegion":"Asturias","addressCountry":"ES"}},{"@type":"Person","@id":"https:\/\/www.eldigitaldeasturias.com\/noticias\/author\/admin\/#author","url":"https:\/\/www.eldigitaldeasturias.com\/noticias\/author\/admin\/","name":"El Digital de Asturias","image":{"@type":"ImageObject","@id":"https:\/\/www.eldigitaldeasturias.com\/noticias\/europa-bajo-cero\/#authorImage","url":"https:\/\/www.eldigitaldeasturias.com\/noticias\/wp-content\/litespeed\/avatar\/18677e78aa0546b92d9dbf31ec7d7668.jpg?ver=1777290358","width":96,"height":96,"caption":"El Digital de Asturias"}},{"@type":"WebPage","@id":"https:\/\/www.eldigitaldeasturias.com\/noticias\/europa-bajo-cero\/#webpage","url":"https:\/\/www.eldigitaldeasturias.com\/noticias\/europa-bajo-cero\/","name":"Europa bajo cero - El Digital de Asturias","description":"En estos \u00faltimos d\u00edas hemos ido viendo como un temporal que inicialmente comenz\u00f3 a ser noticia por las bajas temperaturas que se produc\u00edan en Alemania ya es tambi\u00e9n noticia en media Europa, mostr\u00e1ndonos el lado m\u00e1s frio del invierno, el que dicen que podr\u00eda ser uno de los mas g\u00e9lidos de los \u00faltimos 120 a\u00f1os","inLanguage":"es-ES","isPartOf":{"@id":"https:\/\/www.eldigitaldeasturias.com\/noticias\/#website"},"breadcrumb":{"@id":"https:\/\/www.eldigitaldeasturias.com\/noticias\/europa-bajo-cero\/#breadcrumblist"},"author":{"@id":"https:\/\/www.eldigitaldeasturias.com\/noticias\/author\/admin\/#author"},"creator":{"@id":"https:\/\/www.eldigitaldeasturias.com\/noticias\/author\/admin\/#author"},"image":{"@type":"ImageObject","url":"https:\/\/www.eldigitaldeasturias.com\/noticias\/wp-content\/uploads\/2015\/01\/635572663676741496w.jpg","@id":"https:\/\/www.eldigitaldeasturias.com\/noticias\/europa-bajo-cero\/#mainImage","width":800,"height":533,"caption":"nieve"},"primaryImageOfPage":{"@id":"https:\/\/www.eldigitaldeasturias.com\/noticias\/europa-bajo-cero\/#mainImage"},"datePublished":"2017-01-08T20:22:55+01:00","dateModified":"2017-01-08T20:22:55+01:00"},{"@type":"WebSite","@id":"https:\/\/www.eldigitaldeasturias.com\/noticias\/#website","url":"https:\/\/www.eldigitaldeasturias.com\/noticias\/","name":"El Digital de Asturias - Diario de actualidad y noticias","alternateName":"El Digital de Asturias - Diario de actualidad y noticias","description":"Hemeroteca","inLanguage":"es-ES","publisher":{"@id":"https:\/\/www.eldigitaldeasturias.com\/noticias\/#organization"}}]},"og:locale":"es_ES","og:site_name":"El Digital de Asturias","og:type":"article","og:title":"Europa bajo cero - El Digital de Asturias","og:description":"En estos \u00faltimos d\u00edas hemos ido viendo como un temporal que inicialmente comenz\u00f3 a ser noticia por las bajas temperaturas que se produc\u00edan en Alemania ya es tambi\u00e9n noticia en media Europa, mostr\u00e1ndonos el lado m\u00e1s frio del invierno, el que dicen que podr\u00eda ser uno de los mas g\u00e9lidos de los \u00faltimos 120 a\u00f1os","og:url":"https:\/\/www.eldigitaldeasturias.com\/noticias\/europa-bajo-cero\/","og:image":"https:\/\/www.eldigitaldeasturias.com\/noticias\/wp-content\/uploads\/2015\/01\/635572663676741496w.jpg","og:image:secure_url":"https:\/\/www.eldigitaldeasturias.com\/noticias\/wp-content\/uploads\/2015\/01\/635572663676741496w.jpg","og:image:width":800,"og:image:height":533,"article:tag":["destacadas"],"article:published_time":"2017-01-08T20:22:55+00:00","article:modified_time":"2017-01-08T20:22:55+00:00","article:publisher":"https:\/\/facebook.com\/eldigitaldeasturias","twitter:card":"summary_large_image","twitter:title":"Europa bajo cero - El Digital de Asturias","twitter:description":"En estos \u00faltimos d\u00edas hemos ido viendo como un temporal que inicialmente comenz\u00f3 a ser noticia por las bajas temperaturas que se produc\u00edan en Alemania ya es tambi\u00e9n noticia en media Europa, mostr\u00e1ndonos el lado m\u00e1s frio del invierno, el que dicen que podr\u00eda ser uno de los mas g\u00e9lidos de los \u00faltimos 120 a\u00f1os","twitter:image":"https:\/\/www.eldigitaldeasturias.com\/noticias\/wp-content\/uploads\/2015\/01\/635572663676741496w.jpg","twitter:label1":"Escrito por","twitter:data1":"El Digital de Asturias","twitter:label2":"Tiempo de lectura estimado","twitter:data2":"2 minutos"},"aioseo_meta_data":{"post_id":"921725","title":null,"description":null,"keywords":null,"keyphrases":null,"primary_term":null,"canonical_url":null,"og_title":null,"og_description":null,"og_object_type":"default","og_image_type":"default","og_image_url":null,"og_image_width":null,"og_image_height":null,"og_image_custom_url":null,"og_image_custom_fields":null,"og_video":null,"og_custom_url":null,"og_article_section":null,"og_article_tags":null,"twitter_use_og":false,"twitter_card":"default","twitter_image_type":"default","twitter_image_url":null,"twitter_image_custom_url":null,"twitter_image_custom_fields":null,"twitter_title":null,"twitter_description":null,"schema":{"blockGraphs":[],"customGraphs":[],"default":{"data":{"Article":[],"Course":[],"Dataset":[],"FAQPage":[],"Movie":[],"Person":[],"Product":[],"ProductReview":[],"Car":[],"Recipe":[],"Service":[],"SoftwareApplication":[],"WebPage":[]},"graphName":"","isEnabled":true},"graphs":[],"defaultGraph":"","defaultPostTypeGraph":""},"schema_type":null,"schema_type_options":null,"pillar_content":false,"robots_default":true,"robots_noindex":false,"robots_noarchive":false,"robots_nosnippet":false,"robots_nofollow":false,"robots_noimageindex":false,"robots_noodp":false,"robots_notranslate":false,"robots_max_snippet":null,"robots_max_videopreview":null,"robots_max_imagepreview":"large","priority":null,"frequency":null,"local_seo":null,"seo_analyzer_scan_date":"2025-12-02 14:45:17","breadcrumb_settings":null,"limit_modified_date":false,"open_ai":null,"ai":null,"created":"2020-12-21 13:44:45","updated":"2025-12-02 14:45:17"},"aioseo_breadcrumb":"<div class=\"aioseo-breadcrumbs\"><span class=\"aioseo-breadcrumb\">\n\t<a href=\"https:\/\/www.eldigitaldeasturias.com\/noticias\" title=\"Home\">Home<\/a>\n<\/span><span class=\"aioseo-breadcrumb-separator\">\u2013<\/span><span class=\"aioseo-breadcrumb\">\n\t<a href=\"https:\/\/www.eldigitaldeasturias.com\/noticias\/category\/destacadas\/\" title=\"Destacadas\">Destacadas<\/a>\n<\/span><span class=\"aioseo-breadcrumb-separator\">\u2013<\/span><span class=\"aioseo-breadcrumb\">\n\t<a href=\"https:\/\/www.eldigitaldeasturias.com\/noticias\/europa-bajo-cero\/\" title=\"Europa bajo cero\">Europa bajo cero<\/a>\n<\/span><\/div>","aioseo_breadcrumb_json":[{"label":"Home","link":"https:\/\/www.eldigitaldeasturias.com\/noticias"},{"label":"Destacadas","link":"https:\/\/www.eldigitaldeasturias.com\/noticias\/category\/destacadas\/"},{"label":"Europa bajo cero","link":"https:\/\/www.eldigitaldeasturias.com\/noticias\/europa-bajo-cero\/"}],"_links":{"self":[{"href":"https:\/\/www.eldigitaldeasturias.com\/noticias\/wp-json\/wp\/v2\/posts\/921725","targetHints":{"allow":["GET"]}}],"collection":[{"href":"https:\/\/www.eldigitaldeasturias.com\/noticias\/wp-json\/wp\/v2\/posts"}],"about":[{"href":"https:\/\/www.eldigitaldeasturias.com\/noticias\/wp-json\/wp\/v2\/types\/post"}],"author":[{"embeddable":true,"href":"https:\/\/www.eldigitaldeasturias.com\/noticias\/wp-json\/wp\/v2\/users\/1"}],"replies":[{"embeddable":true,"href":"https:\/\/www.eldigitaldeasturias.com\/noticias\/wp-json\/wp\/v2\/comments?post=921725"}],"version-history":[{"count":0,"href":"https:\/\/www.eldigitaldeasturias.com\/noticias\/wp-json\/wp\/v2\/posts\/921725\/revisions"}],"wp:featuredmedia":[{"embeddable":true,"href":"https:\/\/www.eldigitaldeasturias.com\/noticias\/wp-json\/wp\/v2\/media\/766284"}],"wp:attachment":[{"href":"https:\/\/www.eldigitaldeasturias.com\/noticias\/wp-json\/wp\/v2\/media?parent=921725"}],"wp:term":[{"taxonomy":"category","embeddable":true,"href":"https:\/\/www.eldigitaldeasturias.com\/noticias\/wp-json\/wp\/v2\/categories?post=921725"},{"taxonomy":"post_tag","embeddable":true,"href":"https:\/\/www.eldigitaldeasturias.com\/noticias\/wp-json\/wp\/v2\/tags?post=921725"}],"curies":[{"name":"wp","href":"https:\/\/api.w.org\/{rel}","templated":true}]}}