{"id":921368,"date":"2017-01-04T11:53:06","date_gmt":"2017-01-04T11:53:06","guid":{"rendered":"http:\/\/www.eldigitaldeasturias.com\/noticias\/?p=921368"},"modified":"2017-01-04T11:53:06","modified_gmt":"2017-01-04T11:53:06","slug":"el-numero-total-de-desempleados-se-situa-en-el-mes-de-diciembre-en-3-702-974","status":"publish","type":"post","link":"https:\/\/www.eldigitaldeasturias.com\/noticias\/el-numero-total-de-desempleados-se-situa-en-el-mes-de-diciembre-en-3-702-974\/","title":{"rendered":"El n\u00famero total de desempleados se sit\u00faa en el mes de diciembre en 3.702.974"},"content":{"rendered":"<p><img loading=\"lazy\" decoding=\"async\" class=\"alignleft size-medium wp-image-765818\" src=\"https:\/\/www.eldigitaldeasturias.com\/noticias\/wp-content\/uploads\/2015\/01\/paro-360x240.jpg\" alt=\"\" width=\"360\" height=\"240\" srcset=\"https:\/\/www.eldigitaldeasturias.com\/noticias\/wp-content\/uploads\/2015\/01\/paro-360x240.jpg 360w, https:\/\/www.eldigitaldeasturias.com\/noticias\/wp-content\/uploads\/2015\/01\/paro-768x512.jpg 768w, https:\/\/www.eldigitaldeasturias.com\/noticias\/wp-content\/uploads\/2015\/01\/paro-650x433.jpg 650w, https:\/\/www.eldigitaldeasturias.com\/noticias\/wp-content\/uploads\/2015\/01\/paro.jpg 800w\" sizes=\"auto, (max-width: 360px) 100vw, 360px\" \/>El n\u00famero de parados registrados en las oficinas de los Servicios P\u00fablicos de Empleo ha bajado en diciembre en 86.849 personas en relaci\u00f3n con el mes anterior.<\/p>\n<p>\u200bDe esta forma, la cifra total de parados registrados se sit\u00faa en 3.702.974 personas y contin\u00faa en los niveles m\u00e1s bajos de los \u00faltimos 7 a\u00f1os.<\/p>\n<p>En t\u00e9rminos desestacionalizados, el paro baja en el mes de diciembre en 49.243 personas.<\/p>\n<p>Respecto a diciembre de 2015 el desempleo se ha reducido en 390.534 personas, el mayor descenso en un a\u00f1o natural de toda la serie hist\u00f3rica. El ritmo de reducci\u00f3n interanual del paro registrado se sit\u00faa en el 9,54%, el m\u00e1s acusado desde 1.999. En los \u00faltimos 4 a\u00f1os, el paro ha disminuido en m\u00e1s de un mill\u00f3n de personas (1.145.749).<\/p>\n<p>El desempleo entre los j\u00f3venes menores de 25 a\u00f1os ha disminuido en los \u00faltimos doce meses en 47.607 personas, de tal manera que el desempleo juvenil se reduce un 13,9% interanualmente, por encima de la media general del 9,54%.<\/p>\n<p>Por sectores econ\u00f3micos de procedencia de los trabajadores, el paro registrado disminuye en Servicios 65.898 (-2,57%), en Agricultura y Pesca en 14.075 (-7,67%). Se incrementa en Construcci\u00f3n en 8.365 (2,28%), y en Industria en 2.785 (0,81%). Por \u00faltimo en el colectivo sin Empleo Anterior se reduce en 18.026 (-5,43%).<\/p>\n<p>El paro registrado baja en 13 comunidades aut\u00f3nomas, encabezadas por Andaluc\u00eda (-39.908), Madrid (-11.298) y Catalu\u00f1a (-9.334). Sube, en cambio, en las 4 restantes, principalmente en Galicia (2.360) y Navarra (1.129).<\/p>\n<p><strong>Aumenta la contrataci\u00f3n indefinida<\/strong><\/p>\n<p>El n\u00famero de contratos registrados durante el mes de diciembre ha sido de 1.699.018, el mayor n\u00famero de toda la serie hist\u00f3rica en este mes, supone una subida del 6,5%, respecto al mismo mes del a\u00f1o 2015.<\/p>\n<p>En diciembre se han registrado 122.294 contratos de car\u00e1cter indefinido, supone un incremento de 14.436 (13,38%) sobre igual mes del a\u00f1o anterior.<\/p>\n<p>Durante el a\u00f1o 2016 se han realizado 1.713.262 contrataciones indefinidas, lo que supone un incremento de 204.097 (13,52%) sobre el ejercicio anterior.<\/p>\n<p>&nbsp;<\/p>\n","protected":false},"excerpt":{"rendered":"<p>El n\u00famero de parados registrados en las oficinas de los Servicios P\u00fablicos de Empleo ha bajado en diciembre en 86.849 personas en relaci\u00f3n con el mes anterior. \u200bDe esta forma, la cifra total de parados registrados se sit\u00faa en 3.702.974 personas y contin\u00faa en los niveles m\u00e1s bajos de los \u00faltimos 7 a\u00f1os. En t\u00e9rminos [&hellip;]<\/p>\n","protected":false},"author":1,"featured_media":765818,"comment_status":"closed","ping_status":"closed","sticky":false,"template":"","format":"standard","meta":{"footnotes":""},"categories":[141],"tags":[],"class_list":["post-921368","post","type-post","status-publish","format-standard","has-post-thumbnail","hentry","category-destacadas"],"aioseo_notices":[],"aioseo_head":"\n\t\t<!-- All in One SEO Pro 4.9.6.2 - aioseo.com -->\n\t<meta name=\"description\" content=\"El n\u00famero de parados registrados en las oficinas de los Servicios P\u00fablicos de Empleo ha bajado en diciembre en 86.849 personas en relaci\u00f3n con el mes anterior. \u200bDe esta forma, la cifra total de parados registrados se sit\u00faa en 3.702.974 personas y contin\u00faa en los niveles m\u00e1s bajos de los \u00faltimos 7 a\u00f1os. En t\u00e9rminos\" \/>\n\t<meta name=\"robots\" content=\"max-image-preview:large\" \/>\n\t<meta name=\"author\" content=\"El Digital de Asturias\"\/>\n\t<meta name=\"google-site-verification\" content=\"UA-38556648-1\" \/>\n\t<meta name=\"msvalidate.01\" content=\"7dfe9f3f1b24437ab69f4f2559babe99\" \/>\n\t<meta name=\"keywords\" content=\"destacadas\" \/>\n\t<link rel=\"canonical\" href=\"https:\/\/www.eldigitaldeasturias.com\/noticias\/el-numero-total-de-desempleados-se-situa-en-el-mes-de-diciembre-en-3-702-974\/\" \/>\n\t<meta name=\"generator\" content=\"All in One SEO Pro (AIOSEO) 4.9.6.2\" \/>\n\t\t<meta property=\"og:locale\" content=\"es_ES\" \/>\n\t\t<meta property=\"og:site_name\" content=\"El Digital de Asturias\" \/>\n\t\t<meta property=\"og:type\" content=\"article\" \/>\n\t\t<meta property=\"og:title\" content=\"El n\u00famero total de desempleados se sit\u00faa en el mes de diciembre en 3.702.974 - El Digital de Asturias\" \/>\n\t\t<meta property=\"og:description\" content=\"El n\u00famero de parados registrados en las oficinas de los Servicios P\u00fablicos de Empleo ha bajado en diciembre en 86.849 personas en relaci\u00f3n con el mes anterior. \u200bDe esta forma, la cifra total de parados registrados se sit\u00faa en 3.702.974 personas y contin\u00faa en los niveles m\u00e1s bajos de los \u00faltimos 7 a\u00f1os. En t\u00e9rminos\" \/>\n\t\t<meta property=\"og:url\" content=\"https:\/\/www.eldigitaldeasturias.com\/noticias\/el-numero-total-de-desempleados-se-situa-en-el-mes-de-diciembre-en-3-702-974\/\" \/>\n\t\t<meta property=\"og:image\" content=\"https:\/\/www.eldigitaldeasturias.com\/noticias\/wp-content\/uploads\/2015\/01\/paro.jpg\" \/>\n\t\t<meta property=\"og:image:secure_url\" content=\"https:\/\/www.eldigitaldeasturias.com\/noticias\/wp-content\/uploads\/2015\/01\/paro.jpg\" \/>\n\t\t<meta property=\"og:image:width\" content=\"800\" \/>\n\t\t<meta property=\"og:image:height\" content=\"533\" \/>\n\t\t<meta property=\"article:tag\" content=\"destacadas\" \/>\n\t\t<meta property=\"article:published_time\" content=\"2017-01-04T11:53:06+00:00\" \/>\n\t\t<meta property=\"article:modified_time\" content=\"2017-01-04T11:53:06+00:00\" \/>\n\t\t<meta property=\"article:publisher\" content=\"https:\/\/facebook.com\/eldigitaldeasturias\" \/>\n\t\t<meta name=\"twitter:card\" content=\"summary_large_image\" \/>\n\t\t<meta name=\"twitter:title\" content=\"El n\u00famero total de desempleados se sit\u00faa en el mes de diciembre en 3.702.974 - El Digital de Asturias\" \/>\n\t\t<meta name=\"twitter:description\" content=\"El n\u00famero de parados registrados en las oficinas de los Servicios P\u00fablicos de Empleo ha bajado en diciembre en 86.849 personas en relaci\u00f3n con el mes anterior. \u200bDe esta forma, la cifra total de parados registrados se sit\u00faa en 3.702.974 personas y contin\u00faa en los niveles m\u00e1s bajos de los \u00faltimos 7 a\u00f1os. En t\u00e9rminos\" \/>\n\t\t<meta name=\"twitter:image\" content=\"https:\/\/www.eldigitaldeasturias.com\/noticias\/wp-content\/uploads\/2015\/01\/paro.jpg\" \/>\n\t\t<meta name=\"twitter:label1\" content=\"Escrito por\" \/>\n\t\t<meta name=\"twitter:data1\" content=\"El Digital de Asturias\" \/>\n\t\t<meta name=\"twitter:label2\" content=\"Tiempo de lectura estimado\" \/>\n\t\t<meta name=\"twitter:data2\" content=\"2 minutos\" \/>\n\t\t<script type=\"application\/ld+json\" class=\"aioseo-schema\">\n\t\t\t{\"@context\":\"https:\\\/\\\/schema.org\",\"@graph\":[{\"@type\":\"BlogPosting\",\"@id\":\"https:\\\/\\\/www.eldigitaldeasturias.com\\\/noticias\\\/el-numero-total-de-desempleados-se-situa-en-el-mes-de-diciembre-en-3-702-974\\\/#blogposting\",\"name\":\"El n\\u00famero total de desempleados se sit\\u00faa en el mes de diciembre en 3.702.974 - El Digital de Asturias\",\"headline\":\"El n\\u00famero total de desempleados se sit\\u00faa en el mes de diciembre en 3.702.974\",\"author\":{\"@id\":\"https:\\\/\\\/www.eldigitaldeasturias.com\\\/noticias\\\/author\\\/admin\\\/#author\"},\"publisher\":{\"@id\":\"https:\\\/\\\/www.eldigitaldeasturias.com\\\/noticias\\\/#organization\"},\"image\":{\"@type\":\"ImageObject\",\"url\":\"https:\\\/\\\/www.eldigitaldeasturias.com\\\/noticias\\\/wp-content\\\/uploads\\\/2015\\\/01\\\/paro.jpg\",\"width\":800,\"height\":533},\"datePublished\":\"2017-01-04T11:53:06+01:00\",\"dateModified\":\"2017-01-04T11:53:06+01:00\",\"inLanguage\":\"es-ES\",\"mainEntityOfPage\":{\"@id\":\"https:\\\/\\\/www.eldigitaldeasturias.com\\\/noticias\\\/el-numero-total-de-desempleados-se-situa-en-el-mes-de-diciembre-en-3-702-974\\\/#webpage\"},\"isPartOf\":{\"@id\":\"https:\\\/\\\/www.eldigitaldeasturias.com\\\/noticias\\\/el-numero-total-de-desempleados-se-situa-en-el-mes-de-diciembre-en-3-702-974\\\/#webpage\"},\"articleSection\":\"Destacadas\"},{\"@type\":\"BreadcrumbList\",\"@id\":\"https:\\\/\\\/www.eldigitaldeasturias.com\\\/noticias\\\/el-numero-total-de-desempleados-se-situa-en-el-mes-de-diciembre-en-3-702-974\\\/#breadcrumblist\",\"itemListElement\":[{\"@type\":\"ListItem\",\"@id\":\"https:\\\/\\\/www.eldigitaldeasturias.com\\\/noticias#listItem\",\"position\":1,\"name\":\"Home\",\"item\":\"https:\\\/\\\/www.eldigitaldeasturias.com\\\/noticias\",\"nextItem\":{\"@type\":\"ListItem\",\"@id\":\"https:\\\/\\\/www.eldigitaldeasturias.com\\\/noticias\\\/category\\\/destacadas\\\/#listItem\",\"name\":\"Destacadas\"}},{\"@type\":\"ListItem\",\"@id\":\"https:\\\/\\\/www.eldigitaldeasturias.com\\\/noticias\\\/category\\\/destacadas\\\/#listItem\",\"position\":2,\"name\":\"Destacadas\",\"item\":\"https:\\\/\\\/www.eldigitaldeasturias.com\\\/noticias\\\/category\\\/destacadas\\\/\",\"nextItem\":{\"@type\":\"ListItem\",\"@id\":\"https:\\\/\\\/www.eldigitaldeasturias.com\\\/noticias\\\/el-numero-total-de-desempleados-se-situa-en-el-mes-de-diciembre-en-3-702-974\\\/#listItem\",\"name\":\"El n\\u00famero total de desempleados se sit\\u00faa en el mes de diciembre en 3.702.974\"},\"previousItem\":{\"@type\":\"ListItem\",\"@id\":\"https:\\\/\\\/www.eldigitaldeasturias.com\\\/noticias#listItem\",\"name\":\"Home\"}},{\"@type\":\"ListItem\",\"@id\":\"https:\\\/\\\/www.eldigitaldeasturias.com\\\/noticias\\\/el-numero-total-de-desempleados-se-situa-en-el-mes-de-diciembre-en-3-702-974\\\/#listItem\",\"position\":3,\"name\":\"El n\\u00famero total de desempleados se sit\\u00faa en el mes de diciembre en 3.702.974\",\"previousItem\":{\"@type\":\"ListItem\",\"@id\":\"https:\\\/\\\/www.eldigitaldeasturias.com\\\/noticias\\\/category\\\/destacadas\\\/#listItem\",\"name\":\"Destacadas\"}}]},{\"@type\":\"Organization\",\"@id\":\"https:\\\/\\\/www.eldigitaldeasturias.com\\\/noticias\\\/#organization\",\"name\":\"El Digital de Asturias\",\"description\":\"Hemeroteca\",\"url\":\"https:\\\/\\\/www.eldigitaldeasturias.com\\\/noticias\\\/\",\"email\":\"info@eldigitaldeasturias.com\",\"telephone\":\"+34652131393\",\"logo\":{\"@type\":\"ImageObject\",\"url\":\"https:\\\/\\\/www.eldigitaldeasturias.com\\\/noticias\\\/wp-content\\\/uploads\\\/2020\\\/12\\\/EDA.jpg\",\"@id\":\"https:\\\/\\\/www.eldigitaldeasturias.com\\\/noticias\\\/el-numero-total-de-desempleados-se-situa-en-el-mes-de-diciembre-en-3-702-974\\\/#organizationLogo\",\"width\":649,\"height\":297},\"image\":{\"@id\":\"https:\\\/\\\/www.eldigitaldeasturias.com\\\/noticias\\\/el-numero-total-de-desempleados-se-situa-en-el-mes-de-diciembre-en-3-702-974\\\/#organizationLogo\"},\"sameAs\":[\"https:\\\/\\\/facebook.com\\\/eldigitaldeasturias\",\"https:\\\/\\\/www.youtube.com\\\/channel\\\/UCZP-2wLEB9Rv6erhFmqVnvg\"],\"address\":{\"@id\":\"https:\\\/\\\/www.eldigitaldeasturias.com\\\/noticias\\\/#postaladdress\",\"@type\":\"PostalAddress\",\"streetAddress\":\"san antonio 4,\",\"postalCode\":\"33430\",\"addressLocality\":\"Cand\\u00e1s\",\"addressRegion\":\"Asturias\",\"addressCountry\":\"ES\"}},{\"@type\":\"Person\",\"@id\":\"https:\\\/\\\/www.eldigitaldeasturias.com\\\/noticias\\\/author\\\/admin\\\/#author\",\"url\":\"https:\\\/\\\/www.eldigitaldeasturias.com\\\/noticias\\\/author\\\/admin\\\/\",\"name\":\"El Digital de Asturias\",\"image\":{\"@type\":\"ImageObject\",\"@id\":\"https:\\\/\\\/www.eldigitaldeasturias.com\\\/noticias\\\/el-numero-total-de-desempleados-se-situa-en-el-mes-de-diciembre-en-3-702-974\\\/#authorImage\",\"url\":\"https:\\\/\\\/www.eldigitaldeasturias.com\\\/noticias\\\/wp-content\\\/litespeed\\\/avatar\\\/18677e78aa0546b92d9dbf31ec7d7668.jpg?ver=1777290358\",\"width\":96,\"height\":96,\"caption\":\"El Digital de Asturias\"}},{\"@type\":\"WebPage\",\"@id\":\"https:\\\/\\\/www.eldigitaldeasturias.com\\\/noticias\\\/el-numero-total-de-desempleados-se-situa-en-el-mes-de-diciembre-en-3-702-974\\\/#webpage\",\"url\":\"https:\\\/\\\/www.eldigitaldeasturias.com\\\/noticias\\\/el-numero-total-de-desempleados-se-situa-en-el-mes-de-diciembre-en-3-702-974\\\/\",\"name\":\"El n\\u00famero total de desempleados se sit\\u00faa en el mes de diciembre en 3.702.974 - El Digital de Asturias\",\"description\":\"El n\\u00famero de parados registrados en las oficinas de los Servicios P\\u00fablicos de Empleo ha bajado en diciembre en 86.849 personas en relaci\\u00f3n con el mes anterior. \\u200bDe esta forma, la cifra total de parados registrados se sit\\u00faa en 3.702.974 personas y contin\\u00faa en los niveles m\\u00e1s bajos de los \\u00faltimos 7 a\\u00f1os. En t\\u00e9rminos\",\"inLanguage\":\"es-ES\",\"isPartOf\":{\"@id\":\"https:\\\/\\\/www.eldigitaldeasturias.com\\\/noticias\\\/#website\"},\"breadcrumb\":{\"@id\":\"https:\\\/\\\/www.eldigitaldeasturias.com\\\/noticias\\\/el-numero-total-de-desempleados-se-situa-en-el-mes-de-diciembre-en-3-702-974\\\/#breadcrumblist\"},\"author\":{\"@id\":\"https:\\\/\\\/www.eldigitaldeasturias.com\\\/noticias\\\/author\\\/admin\\\/#author\"},\"creator\":{\"@id\":\"https:\\\/\\\/www.eldigitaldeasturias.com\\\/noticias\\\/author\\\/admin\\\/#author\"},\"image\":{\"@type\":\"ImageObject\",\"url\":\"https:\\\/\\\/www.eldigitaldeasturias.com\\\/noticias\\\/wp-content\\\/uploads\\\/2015\\\/01\\\/paro.jpg\",\"@id\":\"https:\\\/\\\/www.eldigitaldeasturias.com\\\/noticias\\\/el-numero-total-de-desempleados-se-situa-en-el-mes-de-diciembre-en-3-702-974\\\/#mainImage\",\"width\":800,\"height\":533},\"primaryImageOfPage\":{\"@id\":\"https:\\\/\\\/www.eldigitaldeasturias.com\\\/noticias\\\/el-numero-total-de-desempleados-se-situa-en-el-mes-de-diciembre-en-3-702-974\\\/#mainImage\"},\"datePublished\":\"2017-01-04T11:53:06+01:00\",\"dateModified\":\"2017-01-04T11:53:06+01:00\"},{\"@type\":\"WebSite\",\"@id\":\"https:\\\/\\\/www.eldigitaldeasturias.com\\\/noticias\\\/#website\",\"url\":\"https:\\\/\\\/www.eldigitaldeasturias.com\\\/noticias\\\/\",\"name\":\"El Digital de Asturias - Diario de actualidad y noticias\",\"alternateName\":\"El Digital de Asturias - Diario de actualidad y noticias\",\"description\":\"Hemeroteca\",\"inLanguage\":\"es-ES\",\"publisher\":{\"@id\":\"https:\\\/\\\/www.eldigitaldeasturias.com\\\/noticias\\\/#organization\"}}]}\n\t\t<\/script>\n\t\t<!-- All in One SEO Pro -->\r\n\t\t<title>El n\u00famero total de desempleados se sit\u00faa en el mes de diciembre en 3.702.974 - El Digital de Asturias<\/title>\n\n","aioseo_head_json":{"title":"El n\u00famero total de desempleados se sit\u00faa en el mes de diciembre en 3.702.974 - El Digital de Asturias","description":"El n\u00famero de parados registrados en las oficinas de los Servicios P\u00fablicos de Empleo ha bajado en diciembre en 86.849 personas en relaci\u00f3n con el mes anterior. \u200bDe esta forma, la cifra total de parados registrados se sit\u00faa en 3.702.974 personas y contin\u00faa en los niveles m\u00e1s bajos de los \u00faltimos 7 a\u00f1os. En t\u00e9rminos","canonical_url":"https:\/\/www.eldigitaldeasturias.com\/noticias\/el-numero-total-de-desempleados-se-situa-en-el-mes-de-diciembre-en-3-702-974\/","robots":"max-image-preview:large","keywords":"destacadas","webmasterTools":{"google-site-verification":"UA-38556648-1","msvalidate.01":"7dfe9f3f1b24437ab69f4f2559babe99","miscellaneous":""},"schema":{"@context":"https:\/\/schema.org","@graph":[{"@type":"BlogPosting","@id":"https:\/\/www.eldigitaldeasturias.com\/noticias\/el-numero-total-de-desempleados-se-situa-en-el-mes-de-diciembre-en-3-702-974\/#blogposting","name":"El n\u00famero total de desempleados se sit\u00faa en el mes de diciembre en 3.702.974 - El Digital de Asturias","headline":"El n\u00famero total de desempleados se sit\u00faa en el mes de diciembre en 3.702.974","author":{"@id":"https:\/\/www.eldigitaldeasturias.com\/noticias\/author\/admin\/#author"},"publisher":{"@id":"https:\/\/www.eldigitaldeasturias.com\/noticias\/#organization"},"image":{"@type":"ImageObject","url":"https:\/\/www.eldigitaldeasturias.com\/noticias\/wp-content\/uploads\/2015\/01\/paro.jpg","width":800,"height":533},"datePublished":"2017-01-04T11:53:06+01:00","dateModified":"2017-01-04T11:53:06+01:00","inLanguage":"es-ES","mainEntityOfPage":{"@id":"https:\/\/www.eldigitaldeasturias.com\/noticias\/el-numero-total-de-desempleados-se-situa-en-el-mes-de-diciembre-en-3-702-974\/#webpage"},"isPartOf":{"@id":"https:\/\/www.eldigitaldeasturias.com\/noticias\/el-numero-total-de-desempleados-se-situa-en-el-mes-de-diciembre-en-3-702-974\/#webpage"},"articleSection":"Destacadas"},{"@type":"BreadcrumbList","@id":"https:\/\/www.eldigitaldeasturias.com\/noticias\/el-numero-total-de-desempleados-se-situa-en-el-mes-de-diciembre-en-3-702-974\/#breadcrumblist","itemListElement":[{"@type":"ListItem","@id":"https:\/\/www.eldigitaldeasturias.com\/noticias#listItem","position":1,"name":"Home","item":"https:\/\/www.eldigitaldeasturias.com\/noticias","nextItem":{"@type":"ListItem","@id":"https:\/\/www.eldigitaldeasturias.com\/noticias\/category\/destacadas\/#listItem","name":"Destacadas"}},{"@type":"ListItem","@id":"https:\/\/www.eldigitaldeasturias.com\/noticias\/category\/destacadas\/#listItem","position":2,"name":"Destacadas","item":"https:\/\/www.eldigitaldeasturias.com\/noticias\/category\/destacadas\/","nextItem":{"@type":"ListItem","@id":"https:\/\/www.eldigitaldeasturias.com\/noticias\/el-numero-total-de-desempleados-se-situa-en-el-mes-de-diciembre-en-3-702-974\/#listItem","name":"El n\u00famero total de desempleados se sit\u00faa en el mes de diciembre en 3.702.974"},"previousItem":{"@type":"ListItem","@id":"https:\/\/www.eldigitaldeasturias.com\/noticias#listItem","name":"Home"}},{"@type":"ListItem","@id":"https:\/\/www.eldigitaldeasturias.com\/noticias\/el-numero-total-de-desempleados-se-situa-en-el-mes-de-diciembre-en-3-702-974\/#listItem","position":3,"name":"El n\u00famero total de desempleados se sit\u00faa en el mes de diciembre en 3.702.974","previousItem":{"@type":"ListItem","@id":"https:\/\/www.eldigitaldeasturias.com\/noticias\/category\/destacadas\/#listItem","name":"Destacadas"}}]},{"@type":"Organization","@id":"https:\/\/www.eldigitaldeasturias.com\/noticias\/#organization","name":"El Digital de Asturias","description":"Hemeroteca","url":"https:\/\/www.eldigitaldeasturias.com\/noticias\/","email":"info@eldigitaldeasturias.com","telephone":"+34652131393","logo":{"@type":"ImageObject","url":"https:\/\/www.eldigitaldeasturias.com\/noticias\/wp-content\/uploads\/2020\/12\/EDA.jpg","@id":"https:\/\/www.eldigitaldeasturias.com\/noticias\/el-numero-total-de-desempleados-se-situa-en-el-mes-de-diciembre-en-3-702-974\/#organizationLogo","width":649,"height":297},"image":{"@id":"https:\/\/www.eldigitaldeasturias.com\/noticias\/el-numero-total-de-desempleados-se-situa-en-el-mes-de-diciembre-en-3-702-974\/#organizationLogo"},"sameAs":["https:\/\/facebook.com\/eldigitaldeasturias","https:\/\/www.youtube.com\/channel\/UCZP-2wLEB9Rv6erhFmqVnvg"],"address":{"@id":"https:\/\/www.eldigitaldeasturias.com\/noticias\/#postaladdress","@type":"PostalAddress","streetAddress":"san antonio 4,","postalCode":"33430","addressLocality":"Cand\u00e1s","addressRegion":"Asturias","addressCountry":"ES"}},{"@type":"Person","@id":"https:\/\/www.eldigitaldeasturias.com\/noticias\/author\/admin\/#author","url":"https:\/\/www.eldigitaldeasturias.com\/noticias\/author\/admin\/","name":"El Digital de Asturias","image":{"@type":"ImageObject","@id":"https:\/\/www.eldigitaldeasturias.com\/noticias\/el-numero-total-de-desempleados-se-situa-en-el-mes-de-diciembre-en-3-702-974\/#authorImage","url":"https:\/\/www.eldigitaldeasturias.com\/noticias\/wp-content\/litespeed\/avatar\/18677e78aa0546b92d9dbf31ec7d7668.jpg?ver=1777290358","width":96,"height":96,"caption":"El Digital de Asturias"}},{"@type":"WebPage","@id":"https:\/\/www.eldigitaldeasturias.com\/noticias\/el-numero-total-de-desempleados-se-situa-en-el-mes-de-diciembre-en-3-702-974\/#webpage","url":"https:\/\/www.eldigitaldeasturias.com\/noticias\/el-numero-total-de-desempleados-se-situa-en-el-mes-de-diciembre-en-3-702-974\/","name":"El n\u00famero total de desempleados se sit\u00faa en el mes de diciembre en 3.702.974 - El Digital de Asturias","description":"El n\u00famero de parados registrados en las oficinas de los Servicios P\u00fablicos de Empleo ha bajado en diciembre en 86.849 personas en relaci\u00f3n con el mes anterior. \u200bDe esta forma, la cifra total de parados registrados se sit\u00faa en 3.702.974 personas y contin\u00faa en los niveles m\u00e1s bajos de los \u00faltimos 7 a\u00f1os. En t\u00e9rminos","inLanguage":"es-ES","isPartOf":{"@id":"https:\/\/www.eldigitaldeasturias.com\/noticias\/#website"},"breadcrumb":{"@id":"https:\/\/www.eldigitaldeasturias.com\/noticias\/el-numero-total-de-desempleados-se-situa-en-el-mes-de-diciembre-en-3-702-974\/#breadcrumblist"},"author":{"@id":"https:\/\/www.eldigitaldeasturias.com\/noticias\/author\/admin\/#author"},"creator":{"@id":"https:\/\/www.eldigitaldeasturias.com\/noticias\/author\/admin\/#author"},"image":{"@type":"ImageObject","url":"https:\/\/www.eldigitaldeasturias.com\/noticias\/wp-content\/uploads\/2015\/01\/paro.jpg","@id":"https:\/\/www.eldigitaldeasturias.com\/noticias\/el-numero-total-de-desempleados-se-situa-en-el-mes-de-diciembre-en-3-702-974\/#mainImage","width":800,"height":533},"primaryImageOfPage":{"@id":"https:\/\/www.eldigitaldeasturias.com\/noticias\/el-numero-total-de-desempleados-se-situa-en-el-mes-de-diciembre-en-3-702-974\/#mainImage"},"datePublished":"2017-01-04T11:53:06+01:00","dateModified":"2017-01-04T11:53:06+01:00"},{"@type":"WebSite","@id":"https:\/\/www.eldigitaldeasturias.com\/noticias\/#website","url":"https:\/\/www.eldigitaldeasturias.com\/noticias\/","name":"El Digital de Asturias - Diario de actualidad y noticias","alternateName":"El Digital de Asturias - Diario de actualidad y noticias","description":"Hemeroteca","inLanguage":"es-ES","publisher":{"@id":"https:\/\/www.eldigitaldeasturias.com\/noticias\/#organization"}}]},"og:locale":"es_ES","og:site_name":"El Digital de Asturias","og:type":"article","og:title":"El n\u00famero total de desempleados se sit\u00faa en el mes de diciembre en 3.702.974 - El Digital de Asturias","og:description":"El n\u00famero de parados registrados en las oficinas de los Servicios P\u00fablicos de Empleo ha bajado en diciembre en 86.849 personas en relaci\u00f3n con el mes anterior. \u200bDe esta forma, la cifra total de parados registrados se sit\u00faa en 3.702.974 personas y contin\u00faa en los niveles m\u00e1s bajos de los \u00faltimos 7 a\u00f1os. En t\u00e9rminos","og:url":"https:\/\/www.eldigitaldeasturias.com\/noticias\/el-numero-total-de-desempleados-se-situa-en-el-mes-de-diciembre-en-3-702-974\/","og:image":"https:\/\/www.eldigitaldeasturias.com\/noticias\/wp-content\/uploads\/2015\/01\/paro.jpg","og:image:secure_url":"https:\/\/www.eldigitaldeasturias.com\/noticias\/wp-content\/uploads\/2015\/01\/paro.jpg","og:image:width":800,"og:image:height":533,"article:tag":["destacadas"],"article:published_time":"2017-01-04T11:53:06+00:00","article:modified_time":"2017-01-04T11:53:06+00:00","article:publisher":"https:\/\/facebook.com\/eldigitaldeasturias","twitter:card":"summary_large_image","twitter:title":"El n\u00famero total de desempleados se sit\u00faa en el mes de diciembre en 3.702.974 - El Digital de Asturias","twitter:description":"El n\u00famero de parados registrados en las oficinas de los Servicios P\u00fablicos de Empleo ha bajado en diciembre en 86.849 personas en relaci\u00f3n con el mes anterior. \u200bDe esta forma, la cifra total de parados registrados se sit\u00faa en 3.702.974 personas y contin\u00faa en los niveles m\u00e1s bajos de los \u00faltimos 7 a\u00f1os. En t\u00e9rminos","twitter:image":"https:\/\/www.eldigitaldeasturias.com\/noticias\/wp-content\/uploads\/2015\/01\/paro.jpg","twitter:label1":"Escrito por","twitter:data1":"El Digital de Asturias","twitter:label2":"Tiempo de lectura estimado","twitter:data2":"2 minutos"},"aioseo_meta_data":{"post_id":"921368","title":null,"description":null,"keywords":null,"keyphrases":null,"primary_term":null,"canonical_url":null,"og_title":null,"og_description":null,"og_object_type":"default","og_image_type":"default","og_image_url":null,"og_image_width":null,"og_image_height":null,"og_image_custom_url":null,"og_image_custom_fields":null,"og_video":null,"og_custom_url":null,"og_article_section":null,"og_article_tags":null,"twitter_use_og":false,"twitter_card":"default","twitter_image_type":"default","twitter_image_url":null,"twitter_image_custom_url":null,"twitter_image_custom_fields":null,"twitter_title":null,"twitter_description":null,"schema":{"blockGraphs":[],"customGraphs":[],"default":{"data":{"Article":[],"Course":[],"Dataset":[],"FAQPage":[],"Movie":[],"Person":[],"Product":[],"ProductReview":[],"Car":[],"Recipe":[],"Service":[],"SoftwareApplication":[],"WebPage":[]},"graphName":"","isEnabled":true},"graphs":[],"defaultGraph":"","defaultPostTypeGraph":""},"schema_type":null,"schema_type_options":null,"pillar_content":false,"robots_default":true,"robots_noindex":false,"robots_noarchive":false,"robots_nosnippet":false,"robots_nofollow":false,"robots_noimageindex":false,"robots_noodp":false,"robots_notranslate":false,"robots_max_snippet":null,"robots_max_videopreview":null,"robots_max_imagepreview":"large","priority":null,"frequency":null,"local_seo":null,"seo_analyzer_scan_date":"2025-12-02 13:26:06","breadcrumb_settings":null,"limit_modified_date":false,"open_ai":null,"ai":null,"created":"2020-12-21 13:45:40","updated":"2025-12-02 13:26:06"},"aioseo_breadcrumb":"<div class=\"aioseo-breadcrumbs\"><span class=\"aioseo-breadcrumb\">\n\t<a href=\"https:\/\/www.eldigitaldeasturias.com\/noticias\" title=\"Home\">Home<\/a>\n<\/span><span class=\"aioseo-breadcrumb-separator\">\u2013<\/span><span class=\"aioseo-breadcrumb\">\n\t<a href=\"https:\/\/www.eldigitaldeasturias.com\/noticias\/category\/destacadas\/\" title=\"Destacadas\">Destacadas<\/a>\n<\/span><span class=\"aioseo-breadcrumb-separator\">\u2013<\/span><span class=\"aioseo-breadcrumb\">\n\t<a href=\"https:\/\/www.eldigitaldeasturias.com\/noticias\/el-numero-total-de-desempleados-se-situa-en-el-mes-de-diciembre-en-3-702-974\/\" title=\"El n\u00famero total de desempleados se sit\u00faa en el mes de diciembre en 3.702.974\">El n\u00famero total de desempleados se sit\u00faa en el mes de diciembre en 3.702.974<\/a>\n<\/span><\/div>","aioseo_breadcrumb_json":[{"label":"Home","link":"https:\/\/www.eldigitaldeasturias.com\/noticias"},{"label":"Destacadas","link":"https:\/\/www.eldigitaldeasturias.com\/noticias\/category\/destacadas\/"},{"label":"El n\u00famero total de desempleados se sit\u00faa en el mes de diciembre en 3.702.974","link":"https:\/\/www.eldigitaldeasturias.com\/noticias\/el-numero-total-de-desempleados-se-situa-en-el-mes-de-diciembre-en-3-702-974\/"}],"_links":{"self":[{"href":"https:\/\/www.eldigitaldeasturias.com\/noticias\/wp-json\/wp\/v2\/posts\/921368","targetHints":{"allow":["GET"]}}],"collection":[{"href":"https:\/\/www.eldigitaldeasturias.com\/noticias\/wp-json\/wp\/v2\/posts"}],"about":[{"href":"https:\/\/www.eldigitaldeasturias.com\/noticias\/wp-json\/wp\/v2\/types\/post"}],"author":[{"embeddable":true,"href":"https:\/\/www.eldigitaldeasturias.com\/noticias\/wp-json\/wp\/v2\/users\/1"}],"replies":[{"embeddable":true,"href":"https:\/\/www.eldigitaldeasturias.com\/noticias\/wp-json\/wp\/v2\/comments?post=921368"}],"version-history":[{"count":0,"href":"https:\/\/www.eldigitaldeasturias.com\/noticias\/wp-json\/wp\/v2\/posts\/921368\/revisions"}],"wp:featuredmedia":[{"embeddable":true,"href":"https:\/\/www.eldigitaldeasturias.com\/noticias\/wp-json\/wp\/v2\/media\/765818"}],"wp:attachment":[{"href":"https:\/\/www.eldigitaldeasturias.com\/noticias\/wp-json\/wp\/v2\/media?parent=921368"}],"wp:term":[{"taxonomy":"category","embeddable":true,"href":"https:\/\/www.eldigitaldeasturias.com\/noticias\/wp-json\/wp\/v2\/categories?post=921368"},{"taxonomy":"post_tag","embeddable":true,"href":"https:\/\/www.eldigitaldeasturias.com\/noticias\/wp-json\/wp\/v2\/tags?post=921368"}],"curies":[{"name":"wp","href":"https:\/\/api.w.org\/{rel}","templated":true}]}}