{"id":921134,"date":"2016-12-31T20:09:53","date_gmt":"2016-12-31T20:09:53","guid":{"rendered":"http:\/\/www.eldigitaldeasturias.com\/noticias\/?p=921134"},"modified":"2016-12-31T20:09:53","modified_gmt":"2016-12-31T20:09:53","slug":"mensaje-de-fin-de-ano-de-javier-fernandez-presidente-del-principado-de-asturias","status":"publish","type":"post","link":"https:\/\/www.eldigitaldeasturias.com\/noticias\/mensaje-de-fin-de-ano-de-javier-fernandez-presidente-del-principado-de-asturias\/","title":{"rendered":"Mensaje de Fin de A\u00f1o de Javier Fern\u00e1ndez, Presidente del Principado de Asturias"},"content":{"rendered":"<p><img loading=\"lazy\" decoding=\"async\" class=\"alignleft size-medium wp-image-797848\" src=\"https:\/\/www.eldigitaldeasturias.com\/noticias\/wp-content\/uploads\/2015\/07\/2015_07_25-presidente-toma-posesion-2-345x320.jpg\" alt=\"\" width=\"345\" height=\"320\" srcset=\"https:\/\/www.eldigitaldeasturias.com\/noticias\/wp-content\/uploads\/2015\/07\/2015_07_25-presidente-toma-posesion-2-345x320.jpg 345w, https:\/\/www.eldigitaldeasturias.com\/noticias\/wp-content\/uploads\/2015\/07\/2015_07_25-presidente-toma-posesion-2-650x603.jpg 650w, https:\/\/www.eldigitaldeasturias.com\/noticias\/wp-content\/uploads\/2015\/07\/2015_07_25-presidente-toma-posesion-2.jpg 1632w\" sizes=\"auto, (max-width: 345px) 100vw, 345px\" \/>A punto de iniciarse 2017, mi deseo sincero de bienestar y concordia para todos los asturianos. Para los que viven en nuestra tierra y para los que habitan la Asturias del exterior, la que estando lejana en kil\u00f3metros siempre queda cercana en la emoci\u00f3n.<\/p>\n<p>La felicitaci\u00f3n por el A\u00f1o Nuevo es obligada. Tanto como poner en el primer lugar de mis palabras, como siempre hago, a las personas cuya realidad cotidiana est\u00e1 llena de adversidades. Quienes sufren el drama del desempleo siguen siendo la prioridad del Gobierno de Asturias. M\u00e1s de 84.000 parados en nuestra regi\u00f3n. Son familias. Son j\u00f3venes y no tan j\u00f3venes. Son la raz\u00f3n por la que nuestro mayor empe\u00f1o ha de ser la lucha contra cualquier forma de pobreza o de exclusi\u00f3n social.<\/p>\n<p>Cerramos un a\u00f1o intenso. En Asturias y en Espa\u00f1a. La gu\u00eda para las decisiones adoptadas ha sido el inter\u00e9s general. Hablar de responsabilidad, generosidad o altura de miras puede parecer un recurso a los lugares comunes. Juzguemos los resultados: las consecuencias para la vida de los ciudadanos, si se resuelven problemas o si menguan algunas de sus dificultades. Hag\u00e1moslo dejando tiempo a la perspectiva.<\/p>\n<p>Son muchos los desaf\u00edos que tenemos. Consolidar el crecimiento, aumentar el empleo, mejorar los servicios p\u00fablicos\u2026 Para ello necesitamos estabilidad pol\u00edtica e institucional, en Espa\u00f1a y en Asturias.<\/p>\n<p>Es en el marco de ese di\u00e1logo pol\u00edtico e institucional donde debemos abordar este a\u00f1o asuntos relevantes para la ciudadan\u00eda. El nuevo modelo de financiaci\u00f3n auton\u00f3mica es una de esas cuestiones, decisiva para contar con servicios p\u00fablicos iguales y de calidad en el conjunto del territorio nacional. Hablamos de nuestra Sanidad, de Educaci\u00f3n, de los Servicios Sociales. Hablamos del n\u00facleo de las pol\u00edticas por las que ha apostado el Gobierno del Principado, fortaleci\u00e9ndolas en los peores a\u00f1os de la recesi\u00f3n, construyendo el mayor patrimonio colectivo que hoy pueden tener los asturianos.<\/p>\n<p>El Gobierno quiere impulsar la b\u00fasqueda de consensos para este y otros grandes temas que afectan al futuro de nuestra comunidad. Mantengo la esperanza de que sea posible alcanzarlos. Hay precedentes de los que sentirse orgullosos: el di\u00e1logo que edific\u00f3 el acuerdo de concertaci\u00f3n suscrito con la patronal y los sindicatos o el hito que supuso el Pacto Social Contra la Violencia sobre las Mujeres.<\/p>\n<p>No es una invocaci\u00f3n vac\u00eda. Mi compromiso es gobernar desde el di\u00e1logo, anteponer siempre el bien de Asturias a cualquier otro. A ello dedicar\u00e9 todo mi esfuerzo y determinaci\u00f3n hasta el \u00faltimo minuto del mandato. Mi deseo de que el a\u00f1o que ahora comienza sea para todos, especialmente para quienes peor lo est\u00e1n pasando, mejor que el que dejamos atr\u00e1s.<\/p>\n<p>Muchas gracias<\/p>\n<p>&nbsp;<\/p>\n","protected":false},"excerpt":{"rendered":"<p>A punto de iniciarse 2017, mi deseo sincero de bienestar y concordia para todos los asturianos. Para los que viven en nuestra tierra y para los que habitan la Asturias del exterior, la que estando lejana en kil\u00f3metros siempre queda cercana en la emoci\u00f3n. La felicitaci\u00f3n por el A\u00f1o Nuevo es obligada. Tanto como poner [&hellip;]<\/p>\n","protected":false},"author":1,"featured_media":797848,"comment_status":"closed","ping_status":"closed","sticky":false,"template":"","format":"standard","meta":{"footnotes":""},"categories":[141],"tags":[],"class_list":["post-921134","post","type-post","status-publish","format-standard","has-post-thumbnail","hentry","category-destacadas"],"aioseo_notices":[],"aioseo_head":"\n\t\t<!-- All in One SEO Pro 4.9.6.2 - aioseo.com -->\n\t<meta name=\"description\" content=\"A punto de iniciarse 2017, mi deseo sincero de bienestar y concordia para todos los asturianos. Para los que viven en nuestra tierra y para los que habitan la Asturias del exterior, la que estando lejana en kil\u00f3metros siempre queda cercana en la emoci\u00f3n. La felicitaci\u00f3n por el A\u00f1o Nuevo es obligada. Tanto como poner\" \/>\n\t<meta name=\"robots\" content=\"max-image-preview:large\" \/>\n\t<meta name=\"author\" content=\"El Digital de Asturias\"\/>\n\t<meta name=\"google-site-verification\" content=\"UA-38556648-1\" \/>\n\t<meta name=\"msvalidate.01\" content=\"7dfe9f3f1b24437ab69f4f2559babe99\" \/>\n\t<meta name=\"keywords\" content=\"destacadas\" \/>\n\t<link rel=\"canonical\" href=\"https:\/\/www.eldigitaldeasturias.com\/noticias\/mensaje-de-fin-de-ano-de-javier-fernandez-presidente-del-principado-de-asturias\/\" \/>\n\t<meta name=\"generator\" content=\"All in One SEO Pro (AIOSEO) 4.9.6.2\" \/>\n\t\t<meta property=\"og:locale\" content=\"es_ES\" \/>\n\t\t<meta property=\"og:site_name\" content=\"El Digital de Asturias\" \/>\n\t\t<meta property=\"og:type\" content=\"article\" \/>\n\t\t<meta property=\"og:title\" content=\"Mensaje de Fin de A\u00f1o de Javier Fern\u00e1ndez, Presidente del Principado de Asturias - El Digital de Asturias\" \/>\n\t\t<meta property=\"og:description\" content=\"A punto de iniciarse 2017, mi deseo sincero de bienestar y concordia para todos los asturianos. Para los que viven en nuestra tierra y para los que habitan la Asturias del exterior, la que estando lejana en kil\u00f3metros siempre queda cercana en la emoci\u00f3n. La felicitaci\u00f3n por el A\u00f1o Nuevo es obligada. Tanto como poner\" \/>\n\t\t<meta property=\"og:url\" content=\"https:\/\/www.eldigitaldeasturias.com\/noticias\/mensaje-de-fin-de-ano-de-javier-fernandez-presidente-del-principado-de-asturias\/\" \/>\n\t\t<meta property=\"og:image\" content=\"https:\/\/www.eldigitaldeasturias.com\/noticias\/wp-content\/uploads\/2015\/07\/2015_07_25-presidente-toma-posesion-2.jpg\" \/>\n\t\t<meta property=\"og:image:secure_url\" content=\"https:\/\/www.eldigitaldeasturias.com\/noticias\/wp-content\/uploads\/2015\/07\/2015_07_25-presidente-toma-posesion-2.jpg\" \/>\n\t\t<meta property=\"og:image:width\" content=\"1632\" \/>\n\t\t<meta property=\"og:image:height\" content=\"1514\" \/>\n\t\t<meta property=\"article:tag\" content=\"destacadas\" \/>\n\t\t<meta property=\"article:published_time\" content=\"2016-12-31T20:09:53+00:00\" \/>\n\t\t<meta property=\"article:modified_time\" content=\"2016-12-31T20:09:53+00:00\" \/>\n\t\t<meta property=\"article:publisher\" content=\"https:\/\/facebook.com\/eldigitaldeasturias\" \/>\n\t\t<meta name=\"twitter:card\" content=\"summary_large_image\" \/>\n\t\t<meta name=\"twitter:title\" content=\"Mensaje de Fin de A\u00f1o de Javier Fern\u00e1ndez, Presidente del Principado de Asturias - El Digital de Asturias\" \/>\n\t\t<meta name=\"twitter:description\" content=\"A punto de iniciarse 2017, mi deseo sincero de bienestar y concordia para todos los asturianos. Para los que viven en nuestra tierra y para los que habitan la Asturias del exterior, la que estando lejana en kil\u00f3metros siempre queda cercana en la emoci\u00f3n. La felicitaci\u00f3n por el A\u00f1o Nuevo es obligada. Tanto como poner\" \/>\n\t\t<meta name=\"twitter:image\" content=\"https:\/\/www.eldigitaldeasturias.com\/noticias\/wp-content\/uploads\/2015\/07\/2015_07_25-presidente-toma-posesion-2.jpg\" \/>\n\t\t<meta name=\"twitter:label1\" content=\"Escrito por\" \/>\n\t\t<meta name=\"twitter:data1\" content=\"El Digital de Asturias\" \/>\n\t\t<meta name=\"twitter:label2\" content=\"Tiempo de lectura estimado\" \/>\n\t\t<meta name=\"twitter:data2\" content=\"2 minutos\" \/>\n\t\t<script type=\"application\/ld+json\" class=\"aioseo-schema\">\n\t\t\t{\"@context\":\"https:\\\/\\\/schema.org\",\"@graph\":[{\"@type\":\"BlogPosting\",\"@id\":\"https:\\\/\\\/www.eldigitaldeasturias.com\\\/noticias\\\/mensaje-de-fin-de-ano-de-javier-fernandez-presidente-del-principado-de-asturias\\\/#blogposting\",\"name\":\"Mensaje de Fin de A\\u00f1o de Javier Fern\\u00e1ndez, Presidente del Principado de Asturias - El Digital de Asturias\",\"headline\":\"Mensaje de Fin de A\\u00f1o de Javier Fern\\u00e1ndez, Presidente del Principado de Asturias\",\"author\":{\"@id\":\"https:\\\/\\\/www.eldigitaldeasturias.com\\\/noticias\\\/author\\\/admin\\\/#author\"},\"publisher\":{\"@id\":\"https:\\\/\\\/www.eldigitaldeasturias.com\\\/noticias\\\/#organization\"},\"image\":{\"@type\":\"ImageObject\",\"url\":\"https:\\\/\\\/www.eldigitaldeasturias.com\\\/noticias\\\/wp-content\\\/uploads\\\/2015\\\/07\\\/2015_07_25-presidente-toma-posesion-2.jpg\",\"width\":1632,\"height\":1514},\"datePublished\":\"2016-12-31T20:09:53+01:00\",\"dateModified\":\"2016-12-31T20:09:53+01:00\",\"inLanguage\":\"es-ES\",\"mainEntityOfPage\":{\"@id\":\"https:\\\/\\\/www.eldigitaldeasturias.com\\\/noticias\\\/mensaje-de-fin-de-ano-de-javier-fernandez-presidente-del-principado-de-asturias\\\/#webpage\"},\"isPartOf\":{\"@id\":\"https:\\\/\\\/www.eldigitaldeasturias.com\\\/noticias\\\/mensaje-de-fin-de-ano-de-javier-fernandez-presidente-del-principado-de-asturias\\\/#webpage\"},\"articleSection\":\"Destacadas\"},{\"@type\":\"BreadcrumbList\",\"@id\":\"https:\\\/\\\/www.eldigitaldeasturias.com\\\/noticias\\\/mensaje-de-fin-de-ano-de-javier-fernandez-presidente-del-principado-de-asturias\\\/#breadcrumblist\",\"itemListElement\":[{\"@type\":\"ListItem\",\"@id\":\"https:\\\/\\\/www.eldigitaldeasturias.com\\\/noticias#listItem\",\"position\":1,\"name\":\"Home\",\"item\":\"https:\\\/\\\/www.eldigitaldeasturias.com\\\/noticias\",\"nextItem\":{\"@type\":\"ListItem\",\"@id\":\"https:\\\/\\\/www.eldigitaldeasturias.com\\\/noticias\\\/category\\\/destacadas\\\/#listItem\",\"name\":\"Destacadas\"}},{\"@type\":\"ListItem\",\"@id\":\"https:\\\/\\\/www.eldigitaldeasturias.com\\\/noticias\\\/category\\\/destacadas\\\/#listItem\",\"position\":2,\"name\":\"Destacadas\",\"item\":\"https:\\\/\\\/www.eldigitaldeasturias.com\\\/noticias\\\/category\\\/destacadas\\\/\",\"nextItem\":{\"@type\":\"ListItem\",\"@id\":\"https:\\\/\\\/www.eldigitaldeasturias.com\\\/noticias\\\/mensaje-de-fin-de-ano-de-javier-fernandez-presidente-del-principado-de-asturias\\\/#listItem\",\"name\":\"Mensaje de Fin de A\\u00f1o de Javier Fern\\u00e1ndez, Presidente del Principado de Asturias\"},\"previousItem\":{\"@type\":\"ListItem\",\"@id\":\"https:\\\/\\\/www.eldigitaldeasturias.com\\\/noticias#listItem\",\"name\":\"Home\"}},{\"@type\":\"ListItem\",\"@id\":\"https:\\\/\\\/www.eldigitaldeasturias.com\\\/noticias\\\/mensaje-de-fin-de-ano-de-javier-fernandez-presidente-del-principado-de-asturias\\\/#listItem\",\"position\":3,\"name\":\"Mensaje de Fin de A\\u00f1o de Javier Fern\\u00e1ndez, Presidente del Principado de Asturias\",\"previousItem\":{\"@type\":\"ListItem\",\"@id\":\"https:\\\/\\\/www.eldigitaldeasturias.com\\\/noticias\\\/category\\\/destacadas\\\/#listItem\",\"name\":\"Destacadas\"}}]},{\"@type\":\"Organization\",\"@id\":\"https:\\\/\\\/www.eldigitaldeasturias.com\\\/noticias\\\/#organization\",\"name\":\"El Digital de Asturias\",\"description\":\"Hemeroteca\",\"url\":\"https:\\\/\\\/www.eldigitaldeasturias.com\\\/noticias\\\/\",\"email\":\"info@eldigitaldeasturias.com\",\"telephone\":\"+34652131393\",\"logo\":{\"@type\":\"ImageObject\",\"url\":\"https:\\\/\\\/www.eldigitaldeasturias.com\\\/noticias\\\/wp-content\\\/uploads\\\/2020\\\/12\\\/EDA.jpg\",\"@id\":\"https:\\\/\\\/www.eldigitaldeasturias.com\\\/noticias\\\/mensaje-de-fin-de-ano-de-javier-fernandez-presidente-del-principado-de-asturias\\\/#organizationLogo\",\"width\":649,\"height\":297},\"image\":{\"@id\":\"https:\\\/\\\/www.eldigitaldeasturias.com\\\/noticias\\\/mensaje-de-fin-de-ano-de-javier-fernandez-presidente-del-principado-de-asturias\\\/#organizationLogo\"},\"sameAs\":[\"https:\\\/\\\/facebook.com\\\/eldigitaldeasturias\",\"https:\\\/\\\/www.youtube.com\\\/channel\\\/UCZP-2wLEB9Rv6erhFmqVnvg\"],\"address\":{\"@id\":\"https:\\\/\\\/www.eldigitaldeasturias.com\\\/noticias\\\/#postaladdress\",\"@type\":\"PostalAddress\",\"streetAddress\":\"san antonio 4,\",\"postalCode\":\"33430\",\"addressLocality\":\"Cand\\u00e1s\",\"addressRegion\":\"Asturias\",\"addressCountry\":\"ES\"}},{\"@type\":\"Person\",\"@id\":\"https:\\\/\\\/www.eldigitaldeasturias.com\\\/noticias\\\/author\\\/admin\\\/#author\",\"url\":\"https:\\\/\\\/www.eldigitaldeasturias.com\\\/noticias\\\/author\\\/admin\\\/\",\"name\":\"El Digital de Asturias\",\"image\":{\"@type\":\"ImageObject\",\"@id\":\"https:\\\/\\\/www.eldigitaldeasturias.com\\\/noticias\\\/mensaje-de-fin-de-ano-de-javier-fernandez-presidente-del-principado-de-asturias\\\/#authorImage\",\"url\":\"https:\\\/\\\/www.eldigitaldeasturias.com\\\/noticias\\\/wp-content\\\/litespeed\\\/avatar\\\/18677e78aa0546b92d9dbf31ec7d7668.jpg?ver=1777290358\",\"width\":96,\"height\":96,\"caption\":\"El Digital de Asturias\"}},{\"@type\":\"WebPage\",\"@id\":\"https:\\\/\\\/www.eldigitaldeasturias.com\\\/noticias\\\/mensaje-de-fin-de-ano-de-javier-fernandez-presidente-del-principado-de-asturias\\\/#webpage\",\"url\":\"https:\\\/\\\/www.eldigitaldeasturias.com\\\/noticias\\\/mensaje-de-fin-de-ano-de-javier-fernandez-presidente-del-principado-de-asturias\\\/\",\"name\":\"Mensaje de Fin de A\\u00f1o de Javier Fern\\u00e1ndez, Presidente del Principado de Asturias - El Digital de Asturias\",\"description\":\"A punto de iniciarse 2017, mi deseo sincero de bienestar y concordia para todos los asturianos. Para los que viven en nuestra tierra y para los que habitan la Asturias del exterior, la que estando lejana en kil\\u00f3metros siempre queda cercana en la emoci\\u00f3n. La felicitaci\\u00f3n por el A\\u00f1o Nuevo es obligada. Tanto como poner\",\"inLanguage\":\"es-ES\",\"isPartOf\":{\"@id\":\"https:\\\/\\\/www.eldigitaldeasturias.com\\\/noticias\\\/#website\"},\"breadcrumb\":{\"@id\":\"https:\\\/\\\/www.eldigitaldeasturias.com\\\/noticias\\\/mensaje-de-fin-de-ano-de-javier-fernandez-presidente-del-principado-de-asturias\\\/#breadcrumblist\"},\"author\":{\"@id\":\"https:\\\/\\\/www.eldigitaldeasturias.com\\\/noticias\\\/author\\\/admin\\\/#author\"},\"creator\":{\"@id\":\"https:\\\/\\\/www.eldigitaldeasturias.com\\\/noticias\\\/author\\\/admin\\\/#author\"},\"image\":{\"@type\":\"ImageObject\",\"url\":\"https:\\\/\\\/www.eldigitaldeasturias.com\\\/noticias\\\/wp-content\\\/uploads\\\/2015\\\/07\\\/2015_07_25-presidente-toma-posesion-2.jpg\",\"@id\":\"https:\\\/\\\/www.eldigitaldeasturias.com\\\/noticias\\\/mensaje-de-fin-de-ano-de-javier-fernandez-presidente-del-principado-de-asturias\\\/#mainImage\",\"width\":1632,\"height\":1514},\"primaryImageOfPage\":{\"@id\":\"https:\\\/\\\/www.eldigitaldeasturias.com\\\/noticias\\\/mensaje-de-fin-de-ano-de-javier-fernandez-presidente-del-principado-de-asturias\\\/#mainImage\"},\"datePublished\":\"2016-12-31T20:09:53+01:00\",\"dateModified\":\"2016-12-31T20:09:53+01:00\"},{\"@type\":\"WebSite\",\"@id\":\"https:\\\/\\\/www.eldigitaldeasturias.com\\\/noticias\\\/#website\",\"url\":\"https:\\\/\\\/www.eldigitaldeasturias.com\\\/noticias\\\/\",\"name\":\"El Digital de Asturias - Diario de actualidad y noticias\",\"alternateName\":\"El Digital de Asturias - Diario de actualidad y noticias\",\"description\":\"Hemeroteca\",\"inLanguage\":\"es-ES\",\"publisher\":{\"@id\":\"https:\\\/\\\/www.eldigitaldeasturias.com\\\/noticias\\\/#organization\"}}]}\n\t\t<\/script>\n\t\t<!-- All in One SEO Pro -->\r\n\t\t<title>Mensaje de Fin de A\u00f1o de Javier Fern\u00e1ndez, Presidente del Principado de Asturias - El Digital de Asturias<\/title>\n\n","aioseo_head_json":{"title":"Mensaje de Fin de A\u00f1o de Javier Fern\u00e1ndez, Presidente del Principado de Asturias - El Digital de Asturias","description":"A punto de iniciarse 2017, mi deseo sincero de bienestar y concordia para todos los asturianos. Para los que viven en nuestra tierra y para los que habitan la Asturias del exterior, la que estando lejana en kil\u00f3metros siempre queda cercana en la emoci\u00f3n. La felicitaci\u00f3n por el A\u00f1o Nuevo es obligada. Tanto como poner","canonical_url":"https:\/\/www.eldigitaldeasturias.com\/noticias\/mensaje-de-fin-de-ano-de-javier-fernandez-presidente-del-principado-de-asturias\/","robots":"max-image-preview:large","keywords":"destacadas","webmasterTools":{"google-site-verification":"UA-38556648-1","msvalidate.01":"7dfe9f3f1b24437ab69f4f2559babe99","miscellaneous":""},"schema":{"@context":"https:\/\/schema.org","@graph":[{"@type":"BlogPosting","@id":"https:\/\/www.eldigitaldeasturias.com\/noticias\/mensaje-de-fin-de-ano-de-javier-fernandez-presidente-del-principado-de-asturias\/#blogposting","name":"Mensaje de Fin de A\u00f1o de Javier Fern\u00e1ndez, Presidente del Principado de Asturias - El Digital de Asturias","headline":"Mensaje de Fin de A\u00f1o de Javier Fern\u00e1ndez, Presidente del Principado de Asturias","author":{"@id":"https:\/\/www.eldigitaldeasturias.com\/noticias\/author\/admin\/#author"},"publisher":{"@id":"https:\/\/www.eldigitaldeasturias.com\/noticias\/#organization"},"image":{"@type":"ImageObject","url":"https:\/\/www.eldigitaldeasturias.com\/noticias\/wp-content\/uploads\/2015\/07\/2015_07_25-presidente-toma-posesion-2.jpg","width":1632,"height":1514},"datePublished":"2016-12-31T20:09:53+01:00","dateModified":"2016-12-31T20:09:53+01:00","inLanguage":"es-ES","mainEntityOfPage":{"@id":"https:\/\/www.eldigitaldeasturias.com\/noticias\/mensaje-de-fin-de-ano-de-javier-fernandez-presidente-del-principado-de-asturias\/#webpage"},"isPartOf":{"@id":"https:\/\/www.eldigitaldeasturias.com\/noticias\/mensaje-de-fin-de-ano-de-javier-fernandez-presidente-del-principado-de-asturias\/#webpage"},"articleSection":"Destacadas"},{"@type":"BreadcrumbList","@id":"https:\/\/www.eldigitaldeasturias.com\/noticias\/mensaje-de-fin-de-ano-de-javier-fernandez-presidente-del-principado-de-asturias\/#breadcrumblist","itemListElement":[{"@type":"ListItem","@id":"https:\/\/www.eldigitaldeasturias.com\/noticias#listItem","position":1,"name":"Home","item":"https:\/\/www.eldigitaldeasturias.com\/noticias","nextItem":{"@type":"ListItem","@id":"https:\/\/www.eldigitaldeasturias.com\/noticias\/category\/destacadas\/#listItem","name":"Destacadas"}},{"@type":"ListItem","@id":"https:\/\/www.eldigitaldeasturias.com\/noticias\/category\/destacadas\/#listItem","position":2,"name":"Destacadas","item":"https:\/\/www.eldigitaldeasturias.com\/noticias\/category\/destacadas\/","nextItem":{"@type":"ListItem","@id":"https:\/\/www.eldigitaldeasturias.com\/noticias\/mensaje-de-fin-de-ano-de-javier-fernandez-presidente-del-principado-de-asturias\/#listItem","name":"Mensaje de Fin de A\u00f1o de Javier Fern\u00e1ndez, Presidente del Principado de Asturias"},"previousItem":{"@type":"ListItem","@id":"https:\/\/www.eldigitaldeasturias.com\/noticias#listItem","name":"Home"}},{"@type":"ListItem","@id":"https:\/\/www.eldigitaldeasturias.com\/noticias\/mensaje-de-fin-de-ano-de-javier-fernandez-presidente-del-principado-de-asturias\/#listItem","position":3,"name":"Mensaje de Fin de A\u00f1o de Javier Fern\u00e1ndez, Presidente del Principado de Asturias","previousItem":{"@type":"ListItem","@id":"https:\/\/www.eldigitaldeasturias.com\/noticias\/category\/destacadas\/#listItem","name":"Destacadas"}}]},{"@type":"Organization","@id":"https:\/\/www.eldigitaldeasturias.com\/noticias\/#organization","name":"El Digital de Asturias","description":"Hemeroteca","url":"https:\/\/www.eldigitaldeasturias.com\/noticias\/","email":"info@eldigitaldeasturias.com","telephone":"+34652131393","logo":{"@type":"ImageObject","url":"https:\/\/www.eldigitaldeasturias.com\/noticias\/wp-content\/uploads\/2020\/12\/EDA.jpg","@id":"https:\/\/www.eldigitaldeasturias.com\/noticias\/mensaje-de-fin-de-ano-de-javier-fernandez-presidente-del-principado-de-asturias\/#organizationLogo","width":649,"height":297},"image":{"@id":"https:\/\/www.eldigitaldeasturias.com\/noticias\/mensaje-de-fin-de-ano-de-javier-fernandez-presidente-del-principado-de-asturias\/#organizationLogo"},"sameAs":["https:\/\/facebook.com\/eldigitaldeasturias","https:\/\/www.youtube.com\/channel\/UCZP-2wLEB9Rv6erhFmqVnvg"],"address":{"@id":"https:\/\/www.eldigitaldeasturias.com\/noticias\/#postaladdress","@type":"PostalAddress","streetAddress":"san antonio 4,","postalCode":"33430","addressLocality":"Cand\u00e1s","addressRegion":"Asturias","addressCountry":"ES"}},{"@type":"Person","@id":"https:\/\/www.eldigitaldeasturias.com\/noticias\/author\/admin\/#author","url":"https:\/\/www.eldigitaldeasturias.com\/noticias\/author\/admin\/","name":"El Digital de Asturias","image":{"@type":"ImageObject","@id":"https:\/\/www.eldigitaldeasturias.com\/noticias\/mensaje-de-fin-de-ano-de-javier-fernandez-presidente-del-principado-de-asturias\/#authorImage","url":"https:\/\/www.eldigitaldeasturias.com\/noticias\/wp-content\/litespeed\/avatar\/18677e78aa0546b92d9dbf31ec7d7668.jpg?ver=1777290358","width":96,"height":96,"caption":"El Digital de Asturias"}},{"@type":"WebPage","@id":"https:\/\/www.eldigitaldeasturias.com\/noticias\/mensaje-de-fin-de-ano-de-javier-fernandez-presidente-del-principado-de-asturias\/#webpage","url":"https:\/\/www.eldigitaldeasturias.com\/noticias\/mensaje-de-fin-de-ano-de-javier-fernandez-presidente-del-principado-de-asturias\/","name":"Mensaje de Fin de A\u00f1o de Javier Fern\u00e1ndez, Presidente del Principado de Asturias - El Digital de Asturias","description":"A punto de iniciarse 2017, mi deseo sincero de bienestar y concordia para todos los asturianos. Para los que viven en nuestra tierra y para los que habitan la Asturias del exterior, la que estando lejana en kil\u00f3metros siempre queda cercana en la emoci\u00f3n. La felicitaci\u00f3n por el A\u00f1o Nuevo es obligada. Tanto como poner","inLanguage":"es-ES","isPartOf":{"@id":"https:\/\/www.eldigitaldeasturias.com\/noticias\/#website"},"breadcrumb":{"@id":"https:\/\/www.eldigitaldeasturias.com\/noticias\/mensaje-de-fin-de-ano-de-javier-fernandez-presidente-del-principado-de-asturias\/#breadcrumblist"},"author":{"@id":"https:\/\/www.eldigitaldeasturias.com\/noticias\/author\/admin\/#author"},"creator":{"@id":"https:\/\/www.eldigitaldeasturias.com\/noticias\/author\/admin\/#author"},"image":{"@type":"ImageObject","url":"https:\/\/www.eldigitaldeasturias.com\/noticias\/wp-content\/uploads\/2015\/07\/2015_07_25-presidente-toma-posesion-2.jpg","@id":"https:\/\/www.eldigitaldeasturias.com\/noticias\/mensaje-de-fin-de-ano-de-javier-fernandez-presidente-del-principado-de-asturias\/#mainImage","width":1632,"height":1514},"primaryImageOfPage":{"@id":"https:\/\/www.eldigitaldeasturias.com\/noticias\/mensaje-de-fin-de-ano-de-javier-fernandez-presidente-del-principado-de-asturias\/#mainImage"},"datePublished":"2016-12-31T20:09:53+01:00","dateModified":"2016-12-31T20:09:53+01:00"},{"@type":"WebSite","@id":"https:\/\/www.eldigitaldeasturias.com\/noticias\/#website","url":"https:\/\/www.eldigitaldeasturias.com\/noticias\/","name":"El Digital de Asturias - Diario de actualidad y noticias","alternateName":"El Digital de Asturias - Diario de actualidad y noticias","description":"Hemeroteca","inLanguage":"es-ES","publisher":{"@id":"https:\/\/www.eldigitaldeasturias.com\/noticias\/#organization"}}]},"og:locale":"es_ES","og:site_name":"El Digital de Asturias","og:type":"article","og:title":"Mensaje de Fin de A\u00f1o de Javier Fern\u00e1ndez, Presidente del Principado de Asturias - El Digital de Asturias","og:description":"A punto de iniciarse 2017, mi deseo sincero de bienestar y concordia para todos los asturianos. Para los que viven en nuestra tierra y para los que habitan la Asturias del exterior, la que estando lejana en kil\u00f3metros siempre queda cercana en la emoci\u00f3n. La felicitaci\u00f3n por el A\u00f1o Nuevo es obligada. Tanto como poner","og:url":"https:\/\/www.eldigitaldeasturias.com\/noticias\/mensaje-de-fin-de-ano-de-javier-fernandez-presidente-del-principado-de-asturias\/","og:image":"https:\/\/www.eldigitaldeasturias.com\/noticias\/wp-content\/uploads\/2015\/07\/2015_07_25-presidente-toma-posesion-2.jpg","og:image:secure_url":"https:\/\/www.eldigitaldeasturias.com\/noticias\/wp-content\/uploads\/2015\/07\/2015_07_25-presidente-toma-posesion-2.jpg","og:image:width":1632,"og:image:height":1514,"article:tag":["destacadas"],"article:published_time":"2016-12-31T20:09:53+00:00","article:modified_time":"2016-12-31T20:09:53+00:00","article:publisher":"https:\/\/facebook.com\/eldigitaldeasturias","twitter:card":"summary_large_image","twitter:title":"Mensaje de Fin de A\u00f1o de Javier Fern\u00e1ndez, Presidente del Principado de Asturias - El Digital de Asturias","twitter:description":"A punto de iniciarse 2017, mi deseo sincero de bienestar y concordia para todos los asturianos. Para los que viven en nuestra tierra y para los que habitan la Asturias del exterior, la que estando lejana en kil\u00f3metros siempre queda cercana en la emoci\u00f3n. La felicitaci\u00f3n por el A\u00f1o Nuevo es obligada. Tanto como poner","twitter:image":"https:\/\/www.eldigitaldeasturias.com\/noticias\/wp-content\/uploads\/2015\/07\/2015_07_25-presidente-toma-posesion-2.jpg","twitter:label1":"Escrito por","twitter:data1":"El Digital de Asturias","twitter:label2":"Tiempo de lectura estimado","twitter:data2":"2 minutos"},"aioseo_meta_data":{"post_id":"921134","title":null,"description":null,"keywords":null,"keyphrases":null,"primary_term":null,"canonical_url":null,"og_title":null,"og_description":null,"og_object_type":"default","og_image_type":"default","og_image_url":null,"og_image_width":null,"og_image_height":null,"og_image_custom_url":null,"og_image_custom_fields":null,"og_video":null,"og_custom_url":null,"og_article_section":null,"og_article_tags":null,"twitter_use_og":false,"twitter_card":"default","twitter_image_type":"default","twitter_image_url":null,"twitter_image_custom_url":null,"twitter_image_custom_fields":null,"twitter_title":null,"twitter_description":null,"schema":{"blockGraphs":[],"customGraphs":[],"default":{"data":{"Article":[],"Course":[],"Dataset":[],"FAQPage":[],"Movie":[],"Person":[],"Product":[],"ProductReview":[],"Car":[],"Recipe":[],"Service":[],"SoftwareApplication":[],"WebPage":[]},"graphName":"","isEnabled":true},"graphs":[],"defaultGraph":"","defaultPostTypeGraph":""},"schema_type":null,"schema_type_options":null,"pillar_content":false,"robots_default":true,"robots_noindex":false,"robots_noarchive":false,"robots_nosnippet":false,"robots_nofollow":false,"robots_noimageindex":false,"robots_noodp":false,"robots_notranslate":false,"robots_max_snippet":null,"robots_max_videopreview":null,"robots_max_imagepreview":"large","priority":null,"frequency":null,"local_seo":null,"seo_analyzer_scan_date":"2025-12-02 12:39:12","breadcrumb_settings":null,"limit_modified_date":false,"open_ai":null,"ai":null,"created":"2020-12-21 13:45:42","updated":"2025-12-02 12:39:12"},"aioseo_breadcrumb":"<div class=\"aioseo-breadcrumbs\"><span class=\"aioseo-breadcrumb\">\n\t<a href=\"https:\/\/www.eldigitaldeasturias.com\/noticias\" title=\"Home\">Home<\/a>\n<\/span><span class=\"aioseo-breadcrumb-separator\">\u2013<\/span><span class=\"aioseo-breadcrumb\">\n\t<a href=\"https:\/\/www.eldigitaldeasturias.com\/noticias\/category\/destacadas\/\" title=\"Destacadas\">Destacadas<\/a>\n<\/span><span class=\"aioseo-breadcrumb-separator\">\u2013<\/span><span class=\"aioseo-breadcrumb\">\n\t<a href=\"https:\/\/www.eldigitaldeasturias.com\/noticias\/mensaje-de-fin-de-ano-de-javier-fernandez-presidente-del-principado-de-asturias\/\" title=\"Mensaje de Fin de A\u00f1o de Javier Fern\u00e1ndez, Presidente del Principado de Asturias\">Mensaje de Fin de A\u00f1o de Javier Fern\u00e1ndez, Presidente del Principado de Asturias<\/a>\n<\/span><\/div>","aioseo_breadcrumb_json":[{"label":"Home","link":"https:\/\/www.eldigitaldeasturias.com\/noticias"},{"label":"Destacadas","link":"https:\/\/www.eldigitaldeasturias.com\/noticias\/category\/destacadas\/"},{"label":"Mensaje de Fin de A\u00f1o de Javier Fern\u00e1ndez, Presidente del Principado de Asturias","link":"https:\/\/www.eldigitaldeasturias.com\/noticias\/mensaje-de-fin-de-ano-de-javier-fernandez-presidente-del-principado-de-asturias\/"}],"_links":{"self":[{"href":"https:\/\/www.eldigitaldeasturias.com\/noticias\/wp-json\/wp\/v2\/posts\/921134","targetHints":{"allow":["GET"]}}],"collection":[{"href":"https:\/\/www.eldigitaldeasturias.com\/noticias\/wp-json\/wp\/v2\/posts"}],"about":[{"href":"https:\/\/www.eldigitaldeasturias.com\/noticias\/wp-json\/wp\/v2\/types\/post"}],"author":[{"embeddable":true,"href":"https:\/\/www.eldigitaldeasturias.com\/noticias\/wp-json\/wp\/v2\/users\/1"}],"replies":[{"embeddable":true,"href":"https:\/\/www.eldigitaldeasturias.com\/noticias\/wp-json\/wp\/v2\/comments?post=921134"}],"version-history":[{"count":0,"href":"https:\/\/www.eldigitaldeasturias.com\/noticias\/wp-json\/wp\/v2\/posts\/921134\/revisions"}],"wp:featuredmedia":[{"embeddable":true,"href":"https:\/\/www.eldigitaldeasturias.com\/noticias\/wp-json\/wp\/v2\/media\/797848"}],"wp:attachment":[{"href":"https:\/\/www.eldigitaldeasturias.com\/noticias\/wp-json\/wp\/v2\/media?parent=921134"}],"wp:term":[{"taxonomy":"category","embeddable":true,"href":"https:\/\/www.eldigitaldeasturias.com\/noticias\/wp-json\/wp\/v2\/categories?post=921134"},{"taxonomy":"post_tag","embeddable":true,"href":"https:\/\/www.eldigitaldeasturias.com\/noticias\/wp-json\/wp\/v2\/tags?post=921134"}],"curies":[{"name":"wp","href":"https:\/\/api.w.org\/{rel}","templated":true}]}}