{"id":921068,"date":"2016-12-30T21:35:48","date_gmt":"2016-12-30T21:35:48","guid":{"rendered":"http:\/\/www.eldigitaldeasturias.com\/noticias\/?p=921068"},"modified":"2016-12-30T21:36:13","modified_gmt":"2016-12-30T21:36:13","slug":"rajoy-mi-voluntad-es-que-esta-legislatura-dure-cuatro-anos","status":"publish","type":"post","link":"https:\/\/www.eldigitaldeasturias.com\/noticias\/rajoy-mi-voluntad-es-que-esta-legislatura-dure-cuatro-anos\/","title":{"rendered":"Mariano Rajoy: \u00abMi voluntad es que esta legislatura dure cuatro a\u00f1os\u00bb"},"content":{"rendered":"<p><img loading=\"lazy\" decoding=\"async\" class=\"alignleft size-medium wp-image-630331\" src=\"https:\/\/www.eldigitaldeasturias.com\/noticias\/wp-content\/uploads\/2014\/09\/6689759w-360x280.jpg\" alt=\"\" width=\"360\" height=\"280\" srcset=\"https:\/\/www.eldigitaldeasturias.com\/noticias\/wp-content\/uploads\/2014\/09\/6689759w-360x280.jpg 360w, https:\/\/www.eldigitaldeasturias.com\/noticias\/wp-content\/uploads\/2014\/09\/6689759w-650x507.jpg 650w, https:\/\/www.eldigitaldeasturias.com\/noticias\/wp-content\/uploads\/2014\/09\/6689759w-480x375.jpg 480w, https:\/\/www.eldigitaldeasturias.com\/noticias\/wp-content\/uploads\/2014\/09\/6689759w.jpg 800w\" sizes=\"auto, (max-width: 360px) 100vw, 360px\" \/>El jefe del Ejecutivo ha comparecido en rueda de prensa tras el Consejo de Ministros, que ha aprobado la subida del salario m\u00ednimo interprofesional y la revalorizaci\u00f3n de las pensiones, para hacer balance del a\u00f1o 2016 y exponer sus retos para la XII Legislatura.<\/p>\n<p>\u00abMi voluntad es que esta legislatura dure cuatro a\u00f1os y si hacemos las cosas bien ser\u00e1 una legislatura, adem\u00e1s de larga, fruct\u00edfera. Y voy a trabajar con toda la intensidad de que sea capaz para conseguir ese objetivo. Es lo que dice el sentido com\u00fan, es lo normal en democracia, y es lo que quieren los espa\u00f1oles, y este pa\u00eds puede demostrarle a todo el mundo que se puede gobernar sin que nadie tenga la mayor\u00eda absoluta\u00bb, ha dicho.<\/p>\n<p>Durante su intervenci\u00f3n, Mariano Rajoy ha reiterado que \u00abla obligaci\u00f3n de los dirigentes pol\u00edticos es llegar a entendimientos y acuerdos\u00bb.<\/p>\n<p>Adem\u00e1s, ha defendido las reformas llevadas a cabo por el Gobierno: \u00abA m\u00ed no me gustar\u00eda que se derogasen las reformas econ\u00f3micas de la \u00faltima legislatura no porque las hayamos hecho nosotros ni por ninguna suerte de prejuicio, sino porque han funcionado\u00bb. No obstante, ha reconocido que \u00abcuando uno busca el acuerdo tiene que ceder en algunas cosas y en otras tienen que ceder los dem\u00e1s\u00bb.<\/p>\n<p><strong>El a\u00f1o de la incertidumbre<\/strong><\/p>\n<p>Mariano Rajoy ha definido 2016 como \u00abel a\u00f1o de la incertidumbre, de las decisiones inesperadas, de los hechos sin precedentes y de los sobresaltos pol\u00edticos\u00bb. En este sentido, se ha referido al resultado electoral en Estados Unidos y a los resultados de los referendos celebrados en Colombia, Italia o el Reino Unido.<\/p>\n<p>Asimismo, ha subrayado que en Espa\u00f1a \u00abhemos vivido un largo y pernicioso periodo de interinidad y de bloqueo pol\u00edtico, pero no es menos cierto que se han evitado males mayores y que los \u00faltimos tiempos de acuerdos y de pactos nos est\u00e1n permitiendo enmendar buena parte del deterioro y la desconfianza que se hab\u00edan producido en diez meses de par\u00e1lisis pol\u00edtica\u00bb.<\/p>\n<p><strong>Balance econ\u00f3mico<\/strong><\/p>\n<p>Rajoy ha explicado que la incertidumbre pol\u00edtica no ha afectado a la recuperaci\u00f3n econ\u00f3mica gracias a que \u00ablas reformas emprendidas a lo largo de las \u00faltimas legislaturas han propiciado un crecimiento s\u00f3lido y robusto que debemos mantener en los pr\u00f3ximos a\u00f1os\u00bb. Adem\u00e1s, ha sostenido que la aprobaci\u00f3n de los Presupuestos Generales del Estado para 2016, a pesar de las cr\u00edticas recibidas, \u00abse mostr\u00f3 como una decisi\u00f3n prudente, eficaz y responsable\u00bb. \u00abEstos presupuestos han sido un parapeto de seguridad que ha protegido la recuperaci\u00f3n econ\u00f3mica y la creaci\u00f3n de empleo generando confianza en un contexto de incertidumbre pol\u00edtica\u00bb, ha a\u00f1adido.<\/p>\n<p>En este punto ha se\u00f1alado que esos presupuestos seguir\u00e1n ofreciendo estabilidad en 2017 hasta que se puedan aprobar \u00ablo antes posible\u00bb unos nuevos. Al respecto, ha comentado que el Ejecutivo trabaja en el escenario de que va a haber presupuesto para ese a\u00f1o y con este fin se hablar\u00e1 con los diferentes grupos pol\u00edticos.<\/p>\n<p>Por otra parte, el presidente ha repasado los datos positivos en materia de empleo y crecimiento econ\u00f3mico: \u00abEl pasado trimestre fue el mejor para la creaci\u00f3n de empleo de los \u00faltimos once a\u00f1os. Espa\u00f1a cuenta ya con 18 millones y medio de personas ocupadas, un mill\u00f3n y medio m\u00e1s de las que hab\u00eda en el peor momento de la crisis\u00bb. Tambi\u00e9n ha indicado que por primera vez en siete a\u00f1os, el paro baj\u00f3 de los cuatro millones de personas, la tasa de paro se sit\u00faa en el 28,9% de la poblaci\u00f3n activa y el paro juvenil ha descendido en 14 puntos.<\/p>\n<p>Mariano Rajoy ha resaltado que \u00abla econom\u00eda espa\u00f1ola crecer\u00e1 este a\u00f1o un 3,2%, es el ritmo m\u00e1s elevado de crecimiento de las grandes econom\u00edas de Europa y casi del doble de la media de la eurozona\u00bb. Adem\u00e1s, ha recalcado que \u00abEspa\u00f1a se ha convertido en una potencia exportadora\u00bb, cuyo sector exterior supera el 33% del Producto Interior Bruto, y que 2016 se cierra como \u00abotro a\u00f1o r\u00e9cord en materia de turismo\u00bb.<\/p>\n<p>El jefe del Ejecutivo ha reconocido que la \u00fanica cifra que no evolucion\u00f3 en 2016 conforme a las expectativas fue la de d\u00e9ficit p\u00fablico, pero ha asegurado que tras las medidas adoptadas en su d\u00eda \u00abestamos en condiciones de cumplir el nuevo objetivo de d\u00e9ficit negociado con Bruselas, del 4,6%\u00bb. \u00abQuiero recordar que cuando llegamos al Gobierno, nos encontramos un d\u00e9ficit superior al 9%. Creo que el esfuerzo que ha hecho la sociedad espa\u00f1ola en su conjunto ha sido admirable\u00bb, ha agregado.<\/p>\n<p><strong>Balance pol\u00edtico<\/strong><\/p>\n<p>Rajoy ha manifestado que \u00abtras muchos meses de interinidad, de incontables vicisitudes parlamentarias y de unas segundas elecciones generales, ahora, por fin, estamos sembrando el camino\u00bb para llegar a acuerdos con las fuerzas pol\u00edticas, hacer las reformas que Espa\u00f1a necesita y preservar los principios constitucionales.<\/p>\n<p>El presidente ha recordado que en su discurso de investidura ofreci\u00f3 al resto de las fuerzas pol\u00edticas grandes pactos de Estado y se establecieron tres ejes de di\u00e1logo con los partidos pol\u00edticos, administraciones territoriales e interlocutores sociales: di\u00e1logo pol\u00edtico, di\u00e1logo social y di\u00e1logo territorial. A su juicio, \u00aben todos estos \u00e1mbitos de actuaci\u00f3n se han producido avances\u00bb.<\/p>\n<p><strong>Di\u00e1logo pol\u00edtico<\/strong><\/p>\n<p>El elemento m\u00e1s importante en el \u00e1mbito pol\u00edtico, en opini\u00f3n del presidente, ha sido el gran apoyo parlamentario que ha recibido la propuesta del Gobierno en relaci\u00f3n a los objetivos de estabilidad presupuestaria y deuda p\u00fablica y el techo de gasto: \u00abEstos acuerdos ofrecen estabilidad a nuestras cuentas p\u00fablicas, refuerzan la solvencia de Espa\u00f1a en el exterior y preservan la senda de crecimiento econ\u00f3mico y creaci\u00f3n de empleo\u00bb.<\/p>\n<p>Mariano Rajoy tambi\u00e9n se ha referido a los acuerdos en materia de educaci\u00f3n, lucha contra la corrupci\u00f3n y contra la violencia de g\u00e9nero. Adem\u00e1s, ha anunciado que en febrero se pondr\u00e1 en marcha una subcomisi\u00f3n dedicada a dise\u00f1ar una estrategia nacional de justicia y otra a estudiar las consecuencias de la salida del Reino Unido de la Uni\u00f3n Europea.<\/p>\n<p><strong>Di\u00e1logo social<\/strong><\/p>\n<p>El presidente ha recordado que el di\u00e1logo social con sindicatos y empresarios ha supuesto la revisi\u00f3n al alza del Salario M\u00ednimo Interprofesional y plante\u00f3 la conveniencia de dar un impulso al empleo joven. Tambi\u00e9n se ha puesto en marcha la comisi\u00f3n del Pacto de Toledo, con el fin de garantizar la sostenibilidad del sistema de pensiones.<\/p>\n<p>En este cap\u00edtulo, Rajoy tambi\u00e9n se ha referido al acuerdo con el PSOE para regular y financiar el Bono Social e impedir los cortes de luz a las personas en situaci\u00f3n vulnerable, as\u00ed como al acuerdo con Ciudadanos para aprobar una ley integral de apoyo a los aut\u00f3nomos. \u00abQuiero apuntar tambi\u00e9n que, en el marco del di\u00e1logo social tambi\u00e9n existe un acuerdo para abrir nuevas mesas de negociaci\u00f3n sobre asuntos como calidad en el empleo, atenci\u00f3n a los parados de larga duraci\u00f3n, la tarjeta social o la ley de mutuas\u00bb, ha a\u00f1adido.<\/p>\n<p><strong>Di\u00e1logo territorial<\/strong><\/p>\n<p>El di\u00e1logo territorial, seg\u00fan ha explicado el presidente, ha estado centrado en negociar el techo de gasto y la nueva senda de d\u00e9ficit pactada con Bruselas. Al respecto, ha recordado que la semana pasada se aprobaron los nuevos objetivos de d\u00e9ficit y deuda p\u00fablica para la Comunidades Aut\u00f3nomas, tanto para el a\u00f1o 2016 como para el periodo 2017-2019. Adem\u00e1s, se acordaron ayudas de liquidez para las Comunidades por valor de 4.500 millones de euros.<\/p>\n<p>Rajoy ha se\u00f1alado que, una vez solventadas las urgencias de car\u00e1cter presupuestario, el di\u00e1logo institucional, que es constante y a todos los niveles, se orienta de manera preferente a la celebraci\u00f3n el pr\u00f3ximo 17 de enero de la Conferencia de Presidentes Auton\u00f3micos. \u00abEl Gobierno no va a escatimar ni esfuerzos ni dedicaci\u00f3n para avanzar en acuerdos que puedan dar satisfacci\u00f3n a las demandas territoriales; pero tampoco vamos a dejar de defender los valores en los que se basa nuestra convivencia: la unidad de Espa\u00f1a, la soberan\u00eda nacional, la igualdad de todos los espa\u00f1oles y el respeto a la ley\u00bb, ha dicho.<\/p>\n<p><strong>Catalu\u00f1a<\/strong><\/p>\n<p>Preguntado por el di\u00e1logo abierto con Catalu\u00f1a, el presidente ha respondido que hay muchos temas, como las pensiones, el modelo educativo o la violencia contra las mujeres, sobre los que se puede dialogar, pero de lo que no se puede hablar es de incumplir la ley.<\/p>\n<p>En este sentido, ha reiterado que \u00abel Gobierno no va a autorizar ning\u00fan refer\u00e9ndum que suponga liquidar la soberan\u00eda nacional o la igualdad de los espa\u00f1oles. A partir de ah\u00ed podemos hablar de todo. Creo que podemos hacer cosas en positivo, pero dar cada vez m\u00e1s pasos en la mala direcci\u00f3n, desde luego, no me parece lo m\u00e1s inteligente\u00bb.<\/p>\n<p><strong>Balance internacional<\/strong><\/p>\n<p>En el plano internacional, Mariano Rajoy ha destacado la contribuci\u00f3n de nuestro pa\u00eds a la seguridad com\u00fan y la lucha antiterrorista tanto en el \u00e1mbito europeo como en el trasatl\u00e1ntico. Adem\u00e1s, ha dicho que \u00abhemos cerrado nuestro periodo como miembro no permanente del Consejo de Seguridad de Naciones Unidas con una propuesta innovadora contra las nuevas formas de explotaci\u00f3n de personas y de lucha contra el terrorismo\u00bb. Tambi\u00e9n ha mencionado la vista a Espa\u00f1a del presidente de Estados Unidos, Barack Obama.<\/p>\n<p><strong>Retos de futuro<\/strong><\/p>\n<p>En su intervenci\u00f3n, el presidente ha subrayado que \u00absi todos somos capaces de mantener la actitud responsable y constructiva que hemos mostrado en estos dos meses, podemos garantizar a los espa\u00f1oles un futuro de estabilidad y de prosperidad que ser\u00e1 m\u00e9rito de todos\u00bb.<\/p>\n<p>Con este fin, ha enumerado sus objetivos para los pr\u00f3ximos meses:<\/p>\n<ul>\n<li>Recuperar la riqueza perdida en los cinco a\u00f1os de recesi\u00f3n.<\/li>\n<li>Crear otro medio mill\u00f3n de empleos y acercarnos al objetivo de 20 millones de personas trabajando en 2020.<\/li>\n<li>Completar el proceso de saneamiento de nuestras cuentas p\u00fablicas y situarnos fuera del procedimiento europeo de control por d\u00e9ficit excesivo.<\/li>\n<li>Dise\u00f1ar un modelo de financiaci\u00f3n auton\u00f3mica que garantice la cohesi\u00f3n social de Espa\u00f1a y el mantenimiento de servicios p\u00fablicos esenciales como son la sanidad y la educaci\u00f3n.<\/li>\n<li>Elaborar un modelo educativo pactado entre los partidos pol\u00edticos y las Comunidades Aut\u00f3nomas.<\/li>\n<li>Buscar un consenso sobre las medidas a adoptar para asegurar el futuro de las pensiones o para estudiar una nueva estrategia para erradicar la lacra de la violencia de g\u00e9nero.<\/li>\n<li>Impulsar el proyecto de una Europa unida, solidaria y cada d\u00eda m\u00e1s eficaz.<\/li>\n<\/ul>\n","protected":false},"excerpt":{"rendered":"<p>El jefe del Ejecutivo ha comparecido en rueda de prensa tras el Consejo de Ministros, que ha aprobado la subida del salario m\u00ednimo interprofesional y la revalorizaci\u00f3n de las pensiones, para hacer balance del a\u00f1o 2016 y exponer sus retos para la XII Legislatura. \u00abMi voluntad es que esta legislatura dure cuatro a\u00f1os y si [&hellip;]<\/p>\n","protected":false},"author":1,"featured_media":630331,"comment_status":"closed","ping_status":"closed","sticky":false,"template":"","format":"standard","meta":{"footnotes":""},"categories":[141],"tags":[],"class_list":["post-921068","post","type-post","status-publish","format-standard","has-post-thumbnail","hentry","category-destacadas"],"aioseo_notices":[],"aioseo_head":"\n\t\t<!-- All in One SEO Pro 4.9.6.2 - aioseo.com -->\n\t<meta name=\"description\" content=\"El jefe del Ejecutivo ha comparecido en rueda de prensa tras el Consejo de Ministros, que ha aprobado la subida del salario m\u00ednimo interprofesional y la revalorizaci\u00f3n de las pensiones, para hacer balance del a\u00f1o 2016 y exponer sus retos para la XII Legislatura. &quot;Mi voluntad es que esta legislatura dure cuatro a\u00f1os y si\" \/>\n\t<meta name=\"robots\" content=\"max-image-preview:large\" \/>\n\t<meta name=\"author\" content=\"El Digital de Asturias\"\/>\n\t<meta name=\"google-site-verification\" content=\"UA-38556648-1\" \/>\n\t<meta name=\"msvalidate.01\" content=\"7dfe9f3f1b24437ab69f4f2559babe99\" \/>\n\t<meta name=\"keywords\" content=\"destacadas\" \/>\n\t<link rel=\"canonical\" href=\"https:\/\/www.eldigitaldeasturias.com\/noticias\/rajoy-mi-voluntad-es-que-esta-legislatura-dure-cuatro-anos\/\" \/>\n\t<meta name=\"generator\" content=\"All in One SEO Pro (AIOSEO) 4.9.6.2\" \/>\n\t\t<meta property=\"og:locale\" content=\"es_ES\" \/>\n\t\t<meta property=\"og:site_name\" content=\"El Digital de Asturias\" \/>\n\t\t<meta property=\"og:type\" content=\"article\" \/>\n\t\t<meta property=\"og:title\" content=\"Mariano Rajoy: \u00abMi voluntad es que esta legislatura dure cuatro a\u00f1os\u00bb - El Digital de Asturias\" \/>\n\t\t<meta property=\"og:description\" content=\"El jefe del Ejecutivo ha comparecido en rueda de prensa tras el Consejo de Ministros, que ha aprobado la subida del salario m\u00ednimo interprofesional y la revalorizaci\u00f3n de las pensiones, para hacer balance del a\u00f1o 2016 y exponer sus retos para la XII Legislatura. &quot;Mi voluntad es que esta legislatura dure cuatro a\u00f1os y si\" \/>\n\t\t<meta property=\"og:url\" content=\"https:\/\/www.eldigitaldeasturias.com\/noticias\/rajoy-mi-voluntad-es-que-esta-legislatura-dure-cuatro-anos\/\" \/>\n\t\t<meta property=\"og:image\" content=\"https:\/\/www.eldigitaldeasturias.com\/noticias\/wp-content\/uploads\/2014\/09\/6689759w.jpg\" \/>\n\t\t<meta property=\"og:image:secure_url\" content=\"https:\/\/www.eldigitaldeasturias.com\/noticias\/wp-content\/uploads\/2014\/09\/6689759w.jpg\" \/>\n\t\t<meta property=\"og:image:width\" content=\"800\" \/>\n\t\t<meta property=\"og:image:height\" content=\"624\" \/>\n\t\t<meta property=\"article:tag\" content=\"destacadas\" \/>\n\t\t<meta property=\"article:published_time\" content=\"2016-12-30T21:35:48+00:00\" \/>\n\t\t<meta property=\"article:modified_time\" content=\"2016-12-30T21:36:13+00:00\" \/>\n\t\t<meta property=\"article:publisher\" content=\"https:\/\/facebook.com\/eldigitaldeasturias\" \/>\n\t\t<meta name=\"twitter:card\" content=\"summary_large_image\" \/>\n\t\t<meta name=\"twitter:title\" content=\"Mariano Rajoy: \u00abMi voluntad es que esta legislatura dure cuatro a\u00f1os\u00bb - El Digital de Asturias\" \/>\n\t\t<meta name=\"twitter:description\" content=\"El jefe del Ejecutivo ha comparecido en rueda de prensa tras el Consejo de Ministros, que ha aprobado la subida del salario m\u00ednimo interprofesional y la revalorizaci\u00f3n de las pensiones, para hacer balance del a\u00f1o 2016 y exponer sus retos para la XII Legislatura. &quot;Mi voluntad es que esta legislatura dure cuatro a\u00f1os y si\" \/>\n\t\t<meta name=\"twitter:image\" content=\"https:\/\/www.eldigitaldeasturias.com\/noticias\/wp-content\/uploads\/2014\/09\/6689759w.jpg\" \/>\n\t\t<meta name=\"twitter:label1\" content=\"Escrito por\" \/>\n\t\t<meta name=\"twitter:data1\" content=\"El Digital de Asturias\" \/>\n\t\t<meta name=\"twitter:label2\" content=\"Tiempo de lectura estimado\" \/>\n\t\t<meta name=\"twitter:data2\" content=\"9 minutos\" \/>\n\t\t<script type=\"application\/ld+json\" class=\"aioseo-schema\">\n\t\t\t{\"@context\":\"https:\\\/\\\/schema.org\",\"@graph\":[{\"@type\":\"BlogPosting\",\"@id\":\"https:\\\/\\\/www.eldigitaldeasturias.com\\\/noticias\\\/rajoy-mi-voluntad-es-que-esta-legislatura-dure-cuatro-anos\\\/#blogposting\",\"name\":\"Mariano Rajoy: \\u00abMi voluntad es que esta legislatura dure cuatro a\\u00f1os\\u00bb - El Digital de Asturias\",\"headline\":\"Mariano Rajoy: \\u00abMi voluntad es que esta legislatura dure cuatro a\\u00f1os\\u00bb\",\"author\":{\"@id\":\"https:\\\/\\\/www.eldigitaldeasturias.com\\\/noticias\\\/author\\\/admin\\\/#author\"},\"publisher\":{\"@id\":\"https:\\\/\\\/www.eldigitaldeasturias.com\\\/noticias\\\/#organization\"},\"image\":{\"@type\":\"ImageObject\",\"url\":\"https:\\\/\\\/www.eldigitaldeasturias.com\\\/noticias\\\/wp-content\\\/uploads\\\/2014\\\/09\\\/6689759w.jpg\",\"width\":800,\"height\":624},\"datePublished\":\"2016-12-30T21:35:48+01:00\",\"dateModified\":\"2016-12-30T21:36:13+01:00\",\"inLanguage\":\"es-ES\",\"mainEntityOfPage\":{\"@id\":\"https:\\\/\\\/www.eldigitaldeasturias.com\\\/noticias\\\/rajoy-mi-voluntad-es-que-esta-legislatura-dure-cuatro-anos\\\/#webpage\"},\"isPartOf\":{\"@id\":\"https:\\\/\\\/www.eldigitaldeasturias.com\\\/noticias\\\/rajoy-mi-voluntad-es-que-esta-legislatura-dure-cuatro-anos\\\/#webpage\"},\"articleSection\":\"Destacadas\"},{\"@type\":\"BreadcrumbList\",\"@id\":\"https:\\\/\\\/www.eldigitaldeasturias.com\\\/noticias\\\/rajoy-mi-voluntad-es-que-esta-legislatura-dure-cuatro-anos\\\/#breadcrumblist\",\"itemListElement\":[{\"@type\":\"ListItem\",\"@id\":\"https:\\\/\\\/www.eldigitaldeasturias.com\\\/noticias#listItem\",\"position\":1,\"name\":\"Home\",\"item\":\"https:\\\/\\\/www.eldigitaldeasturias.com\\\/noticias\",\"nextItem\":{\"@type\":\"ListItem\",\"@id\":\"https:\\\/\\\/www.eldigitaldeasturias.com\\\/noticias\\\/category\\\/destacadas\\\/#listItem\",\"name\":\"Destacadas\"}},{\"@type\":\"ListItem\",\"@id\":\"https:\\\/\\\/www.eldigitaldeasturias.com\\\/noticias\\\/category\\\/destacadas\\\/#listItem\",\"position\":2,\"name\":\"Destacadas\",\"item\":\"https:\\\/\\\/www.eldigitaldeasturias.com\\\/noticias\\\/category\\\/destacadas\\\/\",\"nextItem\":{\"@type\":\"ListItem\",\"@id\":\"https:\\\/\\\/www.eldigitaldeasturias.com\\\/noticias\\\/rajoy-mi-voluntad-es-que-esta-legislatura-dure-cuatro-anos\\\/#listItem\",\"name\":\"Mariano Rajoy: \\u00abMi voluntad es que esta legislatura dure cuatro a\\u00f1os\\u00bb\"},\"previousItem\":{\"@type\":\"ListItem\",\"@id\":\"https:\\\/\\\/www.eldigitaldeasturias.com\\\/noticias#listItem\",\"name\":\"Home\"}},{\"@type\":\"ListItem\",\"@id\":\"https:\\\/\\\/www.eldigitaldeasturias.com\\\/noticias\\\/rajoy-mi-voluntad-es-que-esta-legislatura-dure-cuatro-anos\\\/#listItem\",\"position\":3,\"name\":\"Mariano Rajoy: \\u00abMi voluntad es que esta legislatura dure cuatro a\\u00f1os\\u00bb\",\"previousItem\":{\"@type\":\"ListItem\",\"@id\":\"https:\\\/\\\/www.eldigitaldeasturias.com\\\/noticias\\\/category\\\/destacadas\\\/#listItem\",\"name\":\"Destacadas\"}}]},{\"@type\":\"Organization\",\"@id\":\"https:\\\/\\\/www.eldigitaldeasturias.com\\\/noticias\\\/#organization\",\"name\":\"El Digital de Asturias\",\"description\":\"Hemeroteca\",\"url\":\"https:\\\/\\\/www.eldigitaldeasturias.com\\\/noticias\\\/\",\"email\":\"info@eldigitaldeasturias.com\",\"telephone\":\"+34652131393\",\"logo\":{\"@type\":\"ImageObject\",\"url\":\"https:\\\/\\\/www.eldigitaldeasturias.com\\\/noticias\\\/wp-content\\\/uploads\\\/2020\\\/12\\\/EDA.jpg\",\"@id\":\"https:\\\/\\\/www.eldigitaldeasturias.com\\\/noticias\\\/rajoy-mi-voluntad-es-que-esta-legislatura-dure-cuatro-anos\\\/#organizationLogo\",\"width\":649,\"height\":297},\"image\":{\"@id\":\"https:\\\/\\\/www.eldigitaldeasturias.com\\\/noticias\\\/rajoy-mi-voluntad-es-que-esta-legislatura-dure-cuatro-anos\\\/#organizationLogo\"},\"sameAs\":[\"https:\\\/\\\/facebook.com\\\/eldigitaldeasturias\",\"https:\\\/\\\/www.youtube.com\\\/channel\\\/UCZP-2wLEB9Rv6erhFmqVnvg\"],\"address\":{\"@id\":\"https:\\\/\\\/www.eldigitaldeasturias.com\\\/noticias\\\/#postaladdress\",\"@type\":\"PostalAddress\",\"streetAddress\":\"san antonio 4,\",\"postalCode\":\"33430\",\"addressLocality\":\"Cand\\u00e1s\",\"addressRegion\":\"Asturias\",\"addressCountry\":\"ES\"}},{\"@type\":\"Person\",\"@id\":\"https:\\\/\\\/www.eldigitaldeasturias.com\\\/noticias\\\/author\\\/admin\\\/#author\",\"url\":\"https:\\\/\\\/www.eldigitaldeasturias.com\\\/noticias\\\/author\\\/admin\\\/\",\"name\":\"El Digital de Asturias\",\"image\":{\"@type\":\"ImageObject\",\"@id\":\"https:\\\/\\\/www.eldigitaldeasturias.com\\\/noticias\\\/rajoy-mi-voluntad-es-que-esta-legislatura-dure-cuatro-anos\\\/#authorImage\",\"url\":\"https:\\\/\\\/www.eldigitaldeasturias.com\\\/noticias\\\/wp-content\\\/litespeed\\\/avatar\\\/18677e78aa0546b92d9dbf31ec7d7668.jpg?ver=1777290358\",\"width\":96,\"height\":96,\"caption\":\"El Digital de Asturias\"}},{\"@type\":\"WebPage\",\"@id\":\"https:\\\/\\\/www.eldigitaldeasturias.com\\\/noticias\\\/rajoy-mi-voluntad-es-que-esta-legislatura-dure-cuatro-anos\\\/#webpage\",\"url\":\"https:\\\/\\\/www.eldigitaldeasturias.com\\\/noticias\\\/rajoy-mi-voluntad-es-que-esta-legislatura-dure-cuatro-anos\\\/\",\"name\":\"Mariano Rajoy: \\u00abMi voluntad es que esta legislatura dure cuatro a\\u00f1os\\u00bb - El Digital de Asturias\",\"description\":\"El jefe del Ejecutivo ha comparecido en rueda de prensa tras el Consejo de Ministros, que ha aprobado la subida del salario m\\u00ednimo interprofesional y la revalorizaci\\u00f3n de las pensiones, para hacer balance del a\\u00f1o 2016 y exponer sus retos para la XII Legislatura. \\\"Mi voluntad es que esta legislatura dure cuatro a\\u00f1os y si\",\"inLanguage\":\"es-ES\",\"isPartOf\":{\"@id\":\"https:\\\/\\\/www.eldigitaldeasturias.com\\\/noticias\\\/#website\"},\"breadcrumb\":{\"@id\":\"https:\\\/\\\/www.eldigitaldeasturias.com\\\/noticias\\\/rajoy-mi-voluntad-es-que-esta-legislatura-dure-cuatro-anos\\\/#breadcrumblist\"},\"author\":{\"@id\":\"https:\\\/\\\/www.eldigitaldeasturias.com\\\/noticias\\\/author\\\/admin\\\/#author\"},\"creator\":{\"@id\":\"https:\\\/\\\/www.eldigitaldeasturias.com\\\/noticias\\\/author\\\/admin\\\/#author\"},\"image\":{\"@type\":\"ImageObject\",\"url\":\"https:\\\/\\\/www.eldigitaldeasturias.com\\\/noticias\\\/wp-content\\\/uploads\\\/2014\\\/09\\\/6689759w.jpg\",\"@id\":\"https:\\\/\\\/www.eldigitaldeasturias.com\\\/noticias\\\/rajoy-mi-voluntad-es-que-esta-legislatura-dure-cuatro-anos\\\/#mainImage\",\"width\":800,\"height\":624},\"primaryImageOfPage\":{\"@id\":\"https:\\\/\\\/www.eldigitaldeasturias.com\\\/noticias\\\/rajoy-mi-voluntad-es-que-esta-legislatura-dure-cuatro-anos\\\/#mainImage\"},\"datePublished\":\"2016-12-30T21:35:48+01:00\",\"dateModified\":\"2016-12-30T21:36:13+01:00\"},{\"@type\":\"WebSite\",\"@id\":\"https:\\\/\\\/www.eldigitaldeasturias.com\\\/noticias\\\/#website\",\"url\":\"https:\\\/\\\/www.eldigitaldeasturias.com\\\/noticias\\\/\",\"name\":\"El Digital de Asturias - Diario de actualidad y noticias\",\"alternateName\":\"El Digital de Asturias - Diario de actualidad y noticias\",\"description\":\"Hemeroteca\",\"inLanguage\":\"es-ES\",\"publisher\":{\"@id\":\"https:\\\/\\\/www.eldigitaldeasturias.com\\\/noticias\\\/#organization\"}}]}\n\t\t<\/script>\n\t\t<!-- All in One SEO Pro -->\r\n\t\t<title>Mariano Rajoy: \u00abMi voluntad es que esta legislatura dure cuatro a\u00f1os\u00bb - El Digital de Asturias<\/title>\n\n","aioseo_head_json":{"title":"Mariano Rajoy: \u00abMi voluntad es que esta legislatura dure cuatro a\u00f1os\u00bb - El Digital de Asturias","description":"El jefe del Ejecutivo ha comparecido en rueda de prensa tras el Consejo de Ministros, que ha aprobado la subida del salario m\u00ednimo interprofesional y la revalorizaci\u00f3n de las pensiones, para hacer balance del a\u00f1o 2016 y exponer sus retos para la XII Legislatura. \"Mi voluntad es que esta legislatura dure cuatro a\u00f1os y si","canonical_url":"https:\/\/www.eldigitaldeasturias.com\/noticias\/rajoy-mi-voluntad-es-que-esta-legislatura-dure-cuatro-anos\/","robots":"max-image-preview:large","keywords":"destacadas","webmasterTools":{"google-site-verification":"UA-38556648-1","msvalidate.01":"7dfe9f3f1b24437ab69f4f2559babe99","miscellaneous":""},"schema":{"@context":"https:\/\/schema.org","@graph":[{"@type":"BlogPosting","@id":"https:\/\/www.eldigitaldeasturias.com\/noticias\/rajoy-mi-voluntad-es-que-esta-legislatura-dure-cuatro-anos\/#blogposting","name":"Mariano Rajoy: \u00abMi voluntad es que esta legislatura dure cuatro a\u00f1os\u00bb - El Digital de Asturias","headline":"Mariano Rajoy: \u00abMi voluntad es que esta legislatura dure cuatro a\u00f1os\u00bb","author":{"@id":"https:\/\/www.eldigitaldeasturias.com\/noticias\/author\/admin\/#author"},"publisher":{"@id":"https:\/\/www.eldigitaldeasturias.com\/noticias\/#organization"},"image":{"@type":"ImageObject","url":"https:\/\/www.eldigitaldeasturias.com\/noticias\/wp-content\/uploads\/2014\/09\/6689759w.jpg","width":800,"height":624},"datePublished":"2016-12-30T21:35:48+01:00","dateModified":"2016-12-30T21:36:13+01:00","inLanguage":"es-ES","mainEntityOfPage":{"@id":"https:\/\/www.eldigitaldeasturias.com\/noticias\/rajoy-mi-voluntad-es-que-esta-legislatura-dure-cuatro-anos\/#webpage"},"isPartOf":{"@id":"https:\/\/www.eldigitaldeasturias.com\/noticias\/rajoy-mi-voluntad-es-que-esta-legislatura-dure-cuatro-anos\/#webpage"},"articleSection":"Destacadas"},{"@type":"BreadcrumbList","@id":"https:\/\/www.eldigitaldeasturias.com\/noticias\/rajoy-mi-voluntad-es-que-esta-legislatura-dure-cuatro-anos\/#breadcrumblist","itemListElement":[{"@type":"ListItem","@id":"https:\/\/www.eldigitaldeasturias.com\/noticias#listItem","position":1,"name":"Home","item":"https:\/\/www.eldigitaldeasturias.com\/noticias","nextItem":{"@type":"ListItem","@id":"https:\/\/www.eldigitaldeasturias.com\/noticias\/category\/destacadas\/#listItem","name":"Destacadas"}},{"@type":"ListItem","@id":"https:\/\/www.eldigitaldeasturias.com\/noticias\/category\/destacadas\/#listItem","position":2,"name":"Destacadas","item":"https:\/\/www.eldigitaldeasturias.com\/noticias\/category\/destacadas\/","nextItem":{"@type":"ListItem","@id":"https:\/\/www.eldigitaldeasturias.com\/noticias\/rajoy-mi-voluntad-es-que-esta-legislatura-dure-cuatro-anos\/#listItem","name":"Mariano Rajoy: \u00abMi voluntad es que esta legislatura dure cuatro a\u00f1os\u00bb"},"previousItem":{"@type":"ListItem","@id":"https:\/\/www.eldigitaldeasturias.com\/noticias#listItem","name":"Home"}},{"@type":"ListItem","@id":"https:\/\/www.eldigitaldeasturias.com\/noticias\/rajoy-mi-voluntad-es-que-esta-legislatura-dure-cuatro-anos\/#listItem","position":3,"name":"Mariano Rajoy: \u00abMi voluntad es que esta legislatura dure cuatro a\u00f1os\u00bb","previousItem":{"@type":"ListItem","@id":"https:\/\/www.eldigitaldeasturias.com\/noticias\/category\/destacadas\/#listItem","name":"Destacadas"}}]},{"@type":"Organization","@id":"https:\/\/www.eldigitaldeasturias.com\/noticias\/#organization","name":"El Digital de Asturias","description":"Hemeroteca","url":"https:\/\/www.eldigitaldeasturias.com\/noticias\/","email":"info@eldigitaldeasturias.com","telephone":"+34652131393","logo":{"@type":"ImageObject","url":"https:\/\/www.eldigitaldeasturias.com\/noticias\/wp-content\/uploads\/2020\/12\/EDA.jpg","@id":"https:\/\/www.eldigitaldeasturias.com\/noticias\/rajoy-mi-voluntad-es-que-esta-legislatura-dure-cuatro-anos\/#organizationLogo","width":649,"height":297},"image":{"@id":"https:\/\/www.eldigitaldeasturias.com\/noticias\/rajoy-mi-voluntad-es-que-esta-legislatura-dure-cuatro-anos\/#organizationLogo"},"sameAs":["https:\/\/facebook.com\/eldigitaldeasturias","https:\/\/www.youtube.com\/channel\/UCZP-2wLEB9Rv6erhFmqVnvg"],"address":{"@id":"https:\/\/www.eldigitaldeasturias.com\/noticias\/#postaladdress","@type":"PostalAddress","streetAddress":"san antonio 4,","postalCode":"33430","addressLocality":"Cand\u00e1s","addressRegion":"Asturias","addressCountry":"ES"}},{"@type":"Person","@id":"https:\/\/www.eldigitaldeasturias.com\/noticias\/author\/admin\/#author","url":"https:\/\/www.eldigitaldeasturias.com\/noticias\/author\/admin\/","name":"El Digital de Asturias","image":{"@type":"ImageObject","@id":"https:\/\/www.eldigitaldeasturias.com\/noticias\/rajoy-mi-voluntad-es-que-esta-legislatura-dure-cuatro-anos\/#authorImage","url":"https:\/\/www.eldigitaldeasturias.com\/noticias\/wp-content\/litespeed\/avatar\/18677e78aa0546b92d9dbf31ec7d7668.jpg?ver=1777290358","width":96,"height":96,"caption":"El Digital de Asturias"}},{"@type":"WebPage","@id":"https:\/\/www.eldigitaldeasturias.com\/noticias\/rajoy-mi-voluntad-es-que-esta-legislatura-dure-cuatro-anos\/#webpage","url":"https:\/\/www.eldigitaldeasturias.com\/noticias\/rajoy-mi-voluntad-es-que-esta-legislatura-dure-cuatro-anos\/","name":"Mariano Rajoy: \u00abMi voluntad es que esta legislatura dure cuatro a\u00f1os\u00bb - El Digital de Asturias","description":"El jefe del Ejecutivo ha comparecido en rueda de prensa tras el Consejo de Ministros, que ha aprobado la subida del salario m\u00ednimo interprofesional y la revalorizaci\u00f3n de las pensiones, para hacer balance del a\u00f1o 2016 y exponer sus retos para la XII Legislatura. \"Mi voluntad es que esta legislatura dure cuatro a\u00f1os y si","inLanguage":"es-ES","isPartOf":{"@id":"https:\/\/www.eldigitaldeasturias.com\/noticias\/#website"},"breadcrumb":{"@id":"https:\/\/www.eldigitaldeasturias.com\/noticias\/rajoy-mi-voluntad-es-que-esta-legislatura-dure-cuatro-anos\/#breadcrumblist"},"author":{"@id":"https:\/\/www.eldigitaldeasturias.com\/noticias\/author\/admin\/#author"},"creator":{"@id":"https:\/\/www.eldigitaldeasturias.com\/noticias\/author\/admin\/#author"},"image":{"@type":"ImageObject","url":"https:\/\/www.eldigitaldeasturias.com\/noticias\/wp-content\/uploads\/2014\/09\/6689759w.jpg","@id":"https:\/\/www.eldigitaldeasturias.com\/noticias\/rajoy-mi-voluntad-es-que-esta-legislatura-dure-cuatro-anos\/#mainImage","width":800,"height":624},"primaryImageOfPage":{"@id":"https:\/\/www.eldigitaldeasturias.com\/noticias\/rajoy-mi-voluntad-es-que-esta-legislatura-dure-cuatro-anos\/#mainImage"},"datePublished":"2016-12-30T21:35:48+01:00","dateModified":"2016-12-30T21:36:13+01:00"},{"@type":"WebSite","@id":"https:\/\/www.eldigitaldeasturias.com\/noticias\/#website","url":"https:\/\/www.eldigitaldeasturias.com\/noticias\/","name":"El Digital de Asturias - Diario de actualidad y noticias","alternateName":"El Digital de Asturias - Diario de actualidad y noticias","description":"Hemeroteca","inLanguage":"es-ES","publisher":{"@id":"https:\/\/www.eldigitaldeasturias.com\/noticias\/#organization"}}]},"og:locale":"es_ES","og:site_name":"El Digital de Asturias","og:type":"article","og:title":"Mariano Rajoy: \u00abMi voluntad es que esta legislatura dure cuatro a\u00f1os\u00bb - El Digital de Asturias","og:description":"El jefe del Ejecutivo ha comparecido en rueda de prensa tras el Consejo de Ministros, que ha aprobado la subida del salario m\u00ednimo interprofesional y la revalorizaci\u00f3n de las pensiones, para hacer balance del a\u00f1o 2016 y exponer sus retos para la XII Legislatura. &quot;Mi voluntad es que esta legislatura dure cuatro a\u00f1os y si","og:url":"https:\/\/www.eldigitaldeasturias.com\/noticias\/rajoy-mi-voluntad-es-que-esta-legislatura-dure-cuatro-anos\/","og:image":"https:\/\/www.eldigitaldeasturias.com\/noticias\/wp-content\/uploads\/2014\/09\/6689759w.jpg","og:image:secure_url":"https:\/\/www.eldigitaldeasturias.com\/noticias\/wp-content\/uploads\/2014\/09\/6689759w.jpg","og:image:width":800,"og:image:height":624,"article:tag":["destacadas"],"article:published_time":"2016-12-30T21:35:48+00:00","article:modified_time":"2016-12-30T21:36:13+00:00","article:publisher":"https:\/\/facebook.com\/eldigitaldeasturias","twitter:card":"summary_large_image","twitter:title":"Mariano Rajoy: \u00abMi voluntad es que esta legislatura dure cuatro a\u00f1os\u00bb - El Digital de Asturias","twitter:description":"El jefe del Ejecutivo ha comparecido en rueda de prensa tras el Consejo de Ministros, que ha aprobado la subida del salario m\u00ednimo interprofesional y la revalorizaci\u00f3n de las pensiones, para hacer balance del a\u00f1o 2016 y exponer sus retos para la XII Legislatura. &quot;Mi voluntad es que esta legislatura dure cuatro a\u00f1os y si","twitter:image":"https:\/\/www.eldigitaldeasturias.com\/noticias\/wp-content\/uploads\/2014\/09\/6689759w.jpg","twitter:label1":"Escrito por","twitter:data1":"El Digital de Asturias","twitter:label2":"Tiempo de lectura estimado","twitter:data2":"9 minutos"},"aioseo_meta_data":{"post_id":"921068","title":null,"description":null,"keywords":null,"keyphrases":null,"primary_term":null,"canonical_url":null,"og_title":null,"og_description":null,"og_object_type":"default","og_image_type":"default","og_image_url":null,"og_image_width":null,"og_image_height":null,"og_image_custom_url":null,"og_image_custom_fields":null,"og_video":null,"og_custom_url":null,"og_article_section":null,"og_article_tags":null,"twitter_use_og":false,"twitter_card":"default","twitter_image_type":"default","twitter_image_url":null,"twitter_image_custom_url":null,"twitter_image_custom_fields":null,"twitter_title":null,"twitter_description":null,"schema":{"blockGraphs":[],"customGraphs":[],"default":{"data":{"Article":[],"Course":[],"Dataset":[],"FAQPage":[],"Movie":[],"Person":[],"Product":[],"ProductReview":[],"Car":[],"Recipe":[],"Service":[],"SoftwareApplication":[],"WebPage":[]},"graphName":"","isEnabled":true},"graphs":[],"defaultGraph":"","defaultPostTypeGraph":""},"schema_type":null,"schema_type_options":null,"pillar_content":false,"robots_default":true,"robots_noindex":false,"robots_noarchive":false,"robots_nosnippet":false,"robots_nofollow":false,"robots_noimageindex":false,"robots_noodp":false,"robots_notranslate":false,"robots_max_snippet":null,"robots_max_videopreview":null,"robots_max_imagepreview":"large","priority":null,"frequency":null,"local_seo":null,"seo_analyzer_scan_date":"2025-12-02 12:24:09","breadcrumb_settings":null,"limit_modified_date":false,"open_ai":null,"ai":null,"created":"2020-12-21 13:45:42","updated":"2025-12-02 12:24:09"},"aioseo_breadcrumb":"<div class=\"aioseo-breadcrumbs\"><span class=\"aioseo-breadcrumb\">\n\t<a href=\"https:\/\/www.eldigitaldeasturias.com\/noticias\" title=\"Home\">Home<\/a>\n<\/span><span class=\"aioseo-breadcrumb-separator\">\u2013<\/span><span class=\"aioseo-breadcrumb\">\n\t<a href=\"https:\/\/www.eldigitaldeasturias.com\/noticias\/category\/destacadas\/\" title=\"Destacadas\">Destacadas<\/a>\n<\/span><span class=\"aioseo-breadcrumb-separator\">\u2013<\/span><span class=\"aioseo-breadcrumb\">\n\t<a href=\"https:\/\/www.eldigitaldeasturias.com\/noticias\/rajoy-mi-voluntad-es-que-esta-legislatura-dure-cuatro-anos\/\" title=\"Mariano Rajoy: \u00abMi voluntad es que esta legislatura dure cuatro a\u00f1os\u00bb\">Mariano Rajoy: \u00abMi voluntad es que esta legislatura dure cuatro a\u00f1os\u00bb<\/a>\n<\/span><\/div>","aioseo_breadcrumb_json":[{"label":"Home","link":"https:\/\/www.eldigitaldeasturias.com\/noticias"},{"label":"Destacadas","link":"https:\/\/www.eldigitaldeasturias.com\/noticias\/category\/destacadas\/"},{"label":"Mariano Rajoy: \u00abMi voluntad es que esta legislatura dure cuatro a\u00f1os\u00bb","link":"https:\/\/www.eldigitaldeasturias.com\/noticias\/rajoy-mi-voluntad-es-que-esta-legislatura-dure-cuatro-anos\/"}],"_links":{"self":[{"href":"https:\/\/www.eldigitaldeasturias.com\/noticias\/wp-json\/wp\/v2\/posts\/921068","targetHints":{"allow":["GET"]}}],"collection":[{"href":"https:\/\/www.eldigitaldeasturias.com\/noticias\/wp-json\/wp\/v2\/posts"}],"about":[{"href":"https:\/\/www.eldigitaldeasturias.com\/noticias\/wp-json\/wp\/v2\/types\/post"}],"author":[{"embeddable":true,"href":"https:\/\/www.eldigitaldeasturias.com\/noticias\/wp-json\/wp\/v2\/users\/1"}],"replies":[{"embeddable":true,"href":"https:\/\/www.eldigitaldeasturias.com\/noticias\/wp-json\/wp\/v2\/comments?post=921068"}],"version-history":[{"count":0,"href":"https:\/\/www.eldigitaldeasturias.com\/noticias\/wp-json\/wp\/v2\/posts\/921068\/revisions"}],"wp:featuredmedia":[{"embeddable":true,"href":"https:\/\/www.eldigitaldeasturias.com\/noticias\/wp-json\/wp\/v2\/media\/630331"}],"wp:attachment":[{"href":"https:\/\/www.eldigitaldeasturias.com\/noticias\/wp-json\/wp\/v2\/media?parent=921068"}],"wp:term":[{"taxonomy":"category","embeddable":true,"href":"https:\/\/www.eldigitaldeasturias.com\/noticias\/wp-json\/wp\/v2\/categories?post=921068"},{"taxonomy":"post_tag","embeddable":true,"href":"https:\/\/www.eldigitaldeasturias.com\/noticias\/wp-json\/wp\/v2\/tags?post=921068"}],"curies":[{"name":"wp","href":"https:\/\/api.w.org\/{rel}","templated":true}]}}