{"id":921059,"date":"2016-12-30T21:09:35","date_gmt":"2016-12-30T21:09:35","guid":{"rendered":"http:\/\/www.eldigitaldeasturias.com\/noticias\/?p=921059"},"modified":"2016-12-30T21:09:52","modified_gmt":"2016-12-30T21:09:52","slug":"espana-despide-el-2016-con-frio","status":"publish","type":"post","link":"https:\/\/www.eldigitaldeasturias.com\/noticias\/espana-despide-el-2016-con-frio\/","title":{"rendered":"Espa\u00f1a despide el 2016 con frio"},"content":{"rendered":"<p><img loading=\"lazy\" decoding=\"async\" class=\"alignleft size-medium wp-image-757896\" src=\"https:\/\/www.eldigitaldeasturias.com\/noticias\/wp-content\/uploads\/2015\/01\/635572620881838346w-360x239.jpg\" alt=\"\" width=\"360\" height=\"239\" \/>El pr\u00f3ximo fin de semana, 31 de diciembre y 1 de enero, estaremos bajo la influencia de un potente anticicl\u00f3n situado sobre Europa occidental, con tiempo estable y predominio de cielos poco nubosos o despejados, salvo en parte del \u00e1rea mediterr\u00e1nea y en las zonas de niebla del interior de la Pen\u00ednsula, que en los valles del Duero y Ebro podr\u00edan ser localmente persistentes. La tarde del domingo, d\u00eda 1 de enero, habr\u00e1 un incremento de la nubosidad por el oeste de la Pen\u00ednsula, con probables lluvias en el noroeste de Galicia.<\/p>\n<p>Temperaturas en descenso en el interior de la Pen\u00ednsula, con heladas localmente intensas. Viento flojo en general, salvo en el \u00e1rea del Estrecho y Canarias, donde soplar\u00e1 del este con intervalos de intensidad fuerte.<\/p>\n<p>El lunes, d\u00eda 2 de enero, la llegada de un frente provocar\u00e1 precipitaciones en Galicia, que probablemente se extiendan tambi\u00e9n al resto del tercio noroccidental de la Pen\u00ednsula, siendo m\u00e1s intensas en el suroeste de Galicia y norte de Extremadura, y en forma de nieve en zonas relativamente altas. No se descarta que afecten, de forma m\u00e1s d\u00e9bil, a Baleares y a otras zonas de la Pen\u00ednsula, excepto su extremo oriental. El martes 3 existe bastante incertidumbre, no pudi\u00e9ndose descartar las precipitaciones en casi ning\u00fan punto del pa\u00eds. Las temperaturas tienden a subir, aunque el lunes descender\u00e1n las diurnas en la mitad norte peninsular.<\/p>\n<p>Durante el resto de la semana, mi\u00e9rcoles 4 a domingo 8, tienden a aumentar las altas presiones y la estabilidad sobre buena parte del pa\u00eds, predominando los cielos poco nubosos, aunque manteni\u00e9ndose una baja probabilidad de precipitaciones en el oeste peninsular. No obstante, a partir del jueves, cabe la posibilidad de que un nuevo sistema frontal afecte con lluvias a Galicia y Cant\u00e1brico, sin descartarlas en otras zonas del pa\u00eds, excepto en el \u00e1rea mediterr\u00e1nea peninsular. Las temperaturas tender\u00e1n a ascender en la Pen\u00ednsula, y a bajar en Canarias<\/p>\n<p>&nbsp;<\/p>\n<p>&nbsp;<\/p>\n","protected":false},"excerpt":{"rendered":"<p>El pr\u00f3ximo fin de semana, 31 de diciembre y 1 de enero, estaremos bajo la influencia de un potente anticicl\u00f3n situado sobre Europa occidental, con tiempo estable y predominio de cielos poco nubosos o despejados, salvo en parte del \u00e1rea mediterr\u00e1nea y en las zonas de niebla del interior de la Pen\u00ednsula, que en los [&hellip;]<\/p>\n","protected":false},"author":1,"featured_media":757896,"comment_status":"closed","ping_status":"closed","sticky":false,"template":"","format":"standard","meta":{"footnotes":""},"categories":[141],"tags":[],"class_list":["post-921059","post","type-post","status-publish","format-standard","has-post-thumbnail","hentry","category-destacadas"],"aioseo_notices":[],"aioseo_head":"\n\t\t<!-- All in One SEO Pro 4.9.6.2 - aioseo.com -->\n\t<meta name=\"description\" content=\"El pr\u00f3ximo fin de semana, 31 de diciembre y 1 de enero, estaremos bajo la influencia de un potente anticicl\u00f3n situado sobre Europa occidental, con tiempo estable y predominio de cielos poco nubosos o despejados, salvo en parte del \u00e1rea mediterr\u00e1nea y en las zonas de niebla del interior de la Pen\u00ednsula, que en los\" \/>\n\t<meta name=\"robots\" content=\"max-image-preview:large\" \/>\n\t<meta name=\"author\" content=\"El Digital de Asturias\"\/>\n\t<meta name=\"google-site-verification\" content=\"UA-38556648-1\" \/>\n\t<meta name=\"msvalidate.01\" content=\"7dfe9f3f1b24437ab69f4f2559babe99\" \/>\n\t<meta name=\"keywords\" content=\"destacadas\" \/>\n\t<link rel=\"canonical\" href=\"https:\/\/www.eldigitaldeasturias.com\/noticias\/espana-despide-el-2016-con-frio\/\" \/>\n\t<meta name=\"generator\" content=\"All in One SEO Pro (AIOSEO) 4.9.6.2\" \/>\n\t\t<meta property=\"og:locale\" content=\"es_ES\" \/>\n\t\t<meta property=\"og:site_name\" content=\"El Digital de Asturias\" \/>\n\t\t<meta property=\"og:type\" content=\"article\" \/>\n\t\t<meta property=\"og:title\" content=\"Espa\u00f1a despide el 2016 con frio - El Digital de Asturias\" \/>\n\t\t<meta property=\"og:description\" content=\"El pr\u00f3ximo fin de semana, 31 de diciembre y 1 de enero, estaremos bajo la influencia de un potente anticicl\u00f3n situado sobre Europa occidental, con tiempo estable y predominio de cielos poco nubosos o despejados, salvo en parte del \u00e1rea mediterr\u00e1nea y en las zonas de niebla del interior de la Pen\u00ednsula, que en los\" \/>\n\t\t<meta property=\"og:url\" content=\"https:\/\/www.eldigitaldeasturias.com\/noticias\/espana-despide-el-2016-con-frio\/\" \/>\n\t\t<meta property=\"og:image\" content=\"https:\/\/www.eldigitaldeasturias.com\/noticias\/wp-content\/uploads\/2015\/01\/635572620881838346w.jpg\" \/>\n\t\t<meta property=\"og:image:secure_url\" content=\"https:\/\/www.eldigitaldeasturias.com\/noticias\/wp-content\/uploads\/2015\/01\/635572620881838346w.jpg\" \/>\n\t\t<meta property=\"og:image:width\" content=\"800\" \/>\n\t\t<meta property=\"og:image:height\" content=\"533\" \/>\n\t\t<meta property=\"article:tag\" content=\"destacadas\" \/>\n\t\t<meta property=\"article:published_time\" content=\"2016-12-30T21:09:35+00:00\" \/>\n\t\t<meta property=\"article:modified_time\" content=\"2016-12-30T21:09:52+00:00\" \/>\n\t\t<meta property=\"article:publisher\" content=\"https:\/\/facebook.com\/eldigitaldeasturias\" \/>\n\t\t<meta name=\"twitter:card\" content=\"summary_large_image\" \/>\n\t\t<meta name=\"twitter:title\" content=\"Espa\u00f1a despide el 2016 con frio - El Digital de Asturias\" \/>\n\t\t<meta name=\"twitter:description\" content=\"El pr\u00f3ximo fin de semana, 31 de diciembre y 1 de enero, estaremos bajo la influencia de un potente anticicl\u00f3n situado sobre Europa occidental, con tiempo estable y predominio de cielos poco nubosos o despejados, salvo en parte del \u00e1rea mediterr\u00e1nea y en las zonas de niebla del interior de la Pen\u00ednsula, que en los\" \/>\n\t\t<meta name=\"twitter:image\" content=\"https:\/\/www.eldigitaldeasturias.com\/noticias\/wp-content\/uploads\/2015\/01\/635572620881838346w.jpg\" \/>\n\t\t<meta name=\"twitter:label1\" content=\"Escrito por\" \/>\n\t\t<meta name=\"twitter:data1\" content=\"El Digital de Asturias\" \/>\n\t\t<meta name=\"twitter:label2\" content=\"Tiempo de lectura estimado\" \/>\n\t\t<meta name=\"twitter:data2\" content=\"2 minutos\" \/>\n\t\t<script type=\"application\/ld+json\" class=\"aioseo-schema\">\n\t\t\t{\"@context\":\"https:\\\/\\\/schema.org\",\"@graph\":[{\"@type\":\"BlogPosting\",\"@id\":\"https:\\\/\\\/www.eldigitaldeasturias.com\\\/noticias\\\/espana-despide-el-2016-con-frio\\\/#blogposting\",\"name\":\"Espa\\u00f1a despide el 2016 con frio - El Digital de Asturias\",\"headline\":\"Espa\\u00f1a despide el 2016 con frio\",\"author\":{\"@id\":\"https:\\\/\\\/www.eldigitaldeasturias.com\\\/noticias\\\/author\\\/admin\\\/#author\"},\"publisher\":{\"@id\":\"https:\\\/\\\/www.eldigitaldeasturias.com\\\/noticias\\\/#organization\"},\"image\":{\"@type\":\"ImageObject\",\"url\":\"https:\\\/\\\/www.eldigitaldeasturias.com\\\/noticias\\\/wp-content\\\/uploads\\\/2015\\\/01\\\/635572620881838346w.jpg\",\"width\":800,\"height\":533},\"datePublished\":\"2016-12-30T21:09:35+01:00\",\"dateModified\":\"2016-12-30T21:09:52+01:00\",\"inLanguage\":\"es-ES\",\"mainEntityOfPage\":{\"@id\":\"https:\\\/\\\/www.eldigitaldeasturias.com\\\/noticias\\\/espana-despide-el-2016-con-frio\\\/#webpage\"},\"isPartOf\":{\"@id\":\"https:\\\/\\\/www.eldigitaldeasturias.com\\\/noticias\\\/espana-despide-el-2016-con-frio\\\/#webpage\"},\"articleSection\":\"Destacadas\"},{\"@type\":\"BreadcrumbList\",\"@id\":\"https:\\\/\\\/www.eldigitaldeasturias.com\\\/noticias\\\/espana-despide-el-2016-con-frio\\\/#breadcrumblist\",\"itemListElement\":[{\"@type\":\"ListItem\",\"@id\":\"https:\\\/\\\/www.eldigitaldeasturias.com\\\/noticias#listItem\",\"position\":1,\"name\":\"Home\",\"item\":\"https:\\\/\\\/www.eldigitaldeasturias.com\\\/noticias\",\"nextItem\":{\"@type\":\"ListItem\",\"@id\":\"https:\\\/\\\/www.eldigitaldeasturias.com\\\/noticias\\\/category\\\/destacadas\\\/#listItem\",\"name\":\"Destacadas\"}},{\"@type\":\"ListItem\",\"@id\":\"https:\\\/\\\/www.eldigitaldeasturias.com\\\/noticias\\\/category\\\/destacadas\\\/#listItem\",\"position\":2,\"name\":\"Destacadas\",\"item\":\"https:\\\/\\\/www.eldigitaldeasturias.com\\\/noticias\\\/category\\\/destacadas\\\/\",\"nextItem\":{\"@type\":\"ListItem\",\"@id\":\"https:\\\/\\\/www.eldigitaldeasturias.com\\\/noticias\\\/espana-despide-el-2016-con-frio\\\/#listItem\",\"name\":\"Espa\\u00f1a despide el 2016 con frio\"},\"previousItem\":{\"@type\":\"ListItem\",\"@id\":\"https:\\\/\\\/www.eldigitaldeasturias.com\\\/noticias#listItem\",\"name\":\"Home\"}},{\"@type\":\"ListItem\",\"@id\":\"https:\\\/\\\/www.eldigitaldeasturias.com\\\/noticias\\\/espana-despide-el-2016-con-frio\\\/#listItem\",\"position\":3,\"name\":\"Espa\\u00f1a despide el 2016 con frio\",\"previousItem\":{\"@type\":\"ListItem\",\"@id\":\"https:\\\/\\\/www.eldigitaldeasturias.com\\\/noticias\\\/category\\\/destacadas\\\/#listItem\",\"name\":\"Destacadas\"}}]},{\"@type\":\"Organization\",\"@id\":\"https:\\\/\\\/www.eldigitaldeasturias.com\\\/noticias\\\/#organization\",\"name\":\"El Digital de Asturias\",\"description\":\"Hemeroteca\",\"url\":\"https:\\\/\\\/www.eldigitaldeasturias.com\\\/noticias\\\/\",\"email\":\"info@eldigitaldeasturias.com\",\"telephone\":\"+34652131393\",\"logo\":{\"@type\":\"ImageObject\",\"url\":\"https:\\\/\\\/www.eldigitaldeasturias.com\\\/noticias\\\/wp-content\\\/uploads\\\/2020\\\/12\\\/EDA.jpg\",\"@id\":\"https:\\\/\\\/www.eldigitaldeasturias.com\\\/noticias\\\/espana-despide-el-2016-con-frio\\\/#organizationLogo\",\"width\":649,\"height\":297},\"image\":{\"@id\":\"https:\\\/\\\/www.eldigitaldeasturias.com\\\/noticias\\\/espana-despide-el-2016-con-frio\\\/#organizationLogo\"},\"sameAs\":[\"https:\\\/\\\/facebook.com\\\/eldigitaldeasturias\",\"https:\\\/\\\/www.youtube.com\\\/channel\\\/UCZP-2wLEB9Rv6erhFmqVnvg\"],\"address\":{\"@id\":\"https:\\\/\\\/www.eldigitaldeasturias.com\\\/noticias\\\/#postaladdress\",\"@type\":\"PostalAddress\",\"streetAddress\":\"san antonio 4,\",\"postalCode\":\"33430\",\"addressLocality\":\"Cand\\u00e1s\",\"addressRegion\":\"Asturias\",\"addressCountry\":\"ES\"}},{\"@type\":\"Person\",\"@id\":\"https:\\\/\\\/www.eldigitaldeasturias.com\\\/noticias\\\/author\\\/admin\\\/#author\",\"url\":\"https:\\\/\\\/www.eldigitaldeasturias.com\\\/noticias\\\/author\\\/admin\\\/\",\"name\":\"El Digital de Asturias\",\"image\":{\"@type\":\"ImageObject\",\"@id\":\"https:\\\/\\\/www.eldigitaldeasturias.com\\\/noticias\\\/espana-despide-el-2016-con-frio\\\/#authorImage\",\"url\":\"https:\\\/\\\/www.eldigitaldeasturias.com\\\/noticias\\\/wp-content\\\/litespeed\\\/avatar\\\/18677e78aa0546b92d9dbf31ec7d7668.jpg?ver=1777290358\",\"width\":96,\"height\":96,\"caption\":\"El Digital de Asturias\"}},{\"@type\":\"WebPage\",\"@id\":\"https:\\\/\\\/www.eldigitaldeasturias.com\\\/noticias\\\/espana-despide-el-2016-con-frio\\\/#webpage\",\"url\":\"https:\\\/\\\/www.eldigitaldeasturias.com\\\/noticias\\\/espana-despide-el-2016-con-frio\\\/\",\"name\":\"Espa\\u00f1a despide el 2016 con frio - El Digital de Asturias\",\"description\":\"El pr\\u00f3ximo fin de semana, 31 de diciembre y 1 de enero, estaremos bajo la influencia de un potente anticicl\\u00f3n situado sobre Europa occidental, con tiempo estable y predominio de cielos poco nubosos o despejados, salvo en parte del \\u00e1rea mediterr\\u00e1nea y en las zonas de niebla del interior de la Pen\\u00ednsula, que en los\",\"inLanguage\":\"es-ES\",\"isPartOf\":{\"@id\":\"https:\\\/\\\/www.eldigitaldeasturias.com\\\/noticias\\\/#website\"},\"breadcrumb\":{\"@id\":\"https:\\\/\\\/www.eldigitaldeasturias.com\\\/noticias\\\/espana-despide-el-2016-con-frio\\\/#breadcrumblist\"},\"author\":{\"@id\":\"https:\\\/\\\/www.eldigitaldeasturias.com\\\/noticias\\\/author\\\/admin\\\/#author\"},\"creator\":{\"@id\":\"https:\\\/\\\/www.eldigitaldeasturias.com\\\/noticias\\\/author\\\/admin\\\/#author\"},\"image\":{\"@type\":\"ImageObject\",\"url\":\"https:\\\/\\\/www.eldigitaldeasturias.com\\\/noticias\\\/wp-content\\\/uploads\\\/2015\\\/01\\\/635572620881838346w.jpg\",\"@id\":\"https:\\\/\\\/www.eldigitaldeasturias.com\\\/noticias\\\/espana-despide-el-2016-con-frio\\\/#mainImage\",\"width\":800,\"height\":533},\"primaryImageOfPage\":{\"@id\":\"https:\\\/\\\/www.eldigitaldeasturias.com\\\/noticias\\\/espana-despide-el-2016-con-frio\\\/#mainImage\"},\"datePublished\":\"2016-12-30T21:09:35+01:00\",\"dateModified\":\"2016-12-30T21:09:52+01:00\"},{\"@type\":\"WebSite\",\"@id\":\"https:\\\/\\\/www.eldigitaldeasturias.com\\\/noticias\\\/#website\",\"url\":\"https:\\\/\\\/www.eldigitaldeasturias.com\\\/noticias\\\/\",\"name\":\"El Digital de Asturias - Diario de actualidad y noticias\",\"alternateName\":\"El Digital de Asturias - Diario de actualidad y noticias\",\"description\":\"Hemeroteca\",\"inLanguage\":\"es-ES\",\"publisher\":{\"@id\":\"https:\\\/\\\/www.eldigitaldeasturias.com\\\/noticias\\\/#organization\"}}]}\n\t\t<\/script>\n\t\t<!-- All in One SEO Pro -->\r\n\t\t<title>Espa\u00f1a despide el 2016 con frio - El Digital de Asturias<\/title>\n\n","aioseo_head_json":{"title":"Espa\u00f1a despide el 2016 con frio - El Digital de Asturias","description":"El pr\u00f3ximo fin de semana, 31 de diciembre y 1 de enero, estaremos bajo la influencia de un potente anticicl\u00f3n situado sobre Europa occidental, con tiempo estable y predominio de cielos poco nubosos o despejados, salvo en parte del \u00e1rea mediterr\u00e1nea y en las zonas de niebla del interior de la Pen\u00ednsula, que en los","canonical_url":"https:\/\/www.eldigitaldeasturias.com\/noticias\/espana-despide-el-2016-con-frio\/","robots":"max-image-preview:large","keywords":"destacadas","webmasterTools":{"google-site-verification":"UA-38556648-1","msvalidate.01":"7dfe9f3f1b24437ab69f4f2559babe99","miscellaneous":""},"schema":{"@context":"https:\/\/schema.org","@graph":[{"@type":"BlogPosting","@id":"https:\/\/www.eldigitaldeasturias.com\/noticias\/espana-despide-el-2016-con-frio\/#blogposting","name":"Espa\u00f1a despide el 2016 con frio - El Digital de Asturias","headline":"Espa\u00f1a despide el 2016 con frio","author":{"@id":"https:\/\/www.eldigitaldeasturias.com\/noticias\/author\/admin\/#author"},"publisher":{"@id":"https:\/\/www.eldigitaldeasturias.com\/noticias\/#organization"},"image":{"@type":"ImageObject","url":"https:\/\/www.eldigitaldeasturias.com\/noticias\/wp-content\/uploads\/2015\/01\/635572620881838346w.jpg","width":800,"height":533},"datePublished":"2016-12-30T21:09:35+01:00","dateModified":"2016-12-30T21:09:52+01:00","inLanguage":"es-ES","mainEntityOfPage":{"@id":"https:\/\/www.eldigitaldeasturias.com\/noticias\/espana-despide-el-2016-con-frio\/#webpage"},"isPartOf":{"@id":"https:\/\/www.eldigitaldeasturias.com\/noticias\/espana-despide-el-2016-con-frio\/#webpage"},"articleSection":"Destacadas"},{"@type":"BreadcrumbList","@id":"https:\/\/www.eldigitaldeasturias.com\/noticias\/espana-despide-el-2016-con-frio\/#breadcrumblist","itemListElement":[{"@type":"ListItem","@id":"https:\/\/www.eldigitaldeasturias.com\/noticias#listItem","position":1,"name":"Home","item":"https:\/\/www.eldigitaldeasturias.com\/noticias","nextItem":{"@type":"ListItem","@id":"https:\/\/www.eldigitaldeasturias.com\/noticias\/category\/destacadas\/#listItem","name":"Destacadas"}},{"@type":"ListItem","@id":"https:\/\/www.eldigitaldeasturias.com\/noticias\/category\/destacadas\/#listItem","position":2,"name":"Destacadas","item":"https:\/\/www.eldigitaldeasturias.com\/noticias\/category\/destacadas\/","nextItem":{"@type":"ListItem","@id":"https:\/\/www.eldigitaldeasturias.com\/noticias\/espana-despide-el-2016-con-frio\/#listItem","name":"Espa\u00f1a despide el 2016 con frio"},"previousItem":{"@type":"ListItem","@id":"https:\/\/www.eldigitaldeasturias.com\/noticias#listItem","name":"Home"}},{"@type":"ListItem","@id":"https:\/\/www.eldigitaldeasturias.com\/noticias\/espana-despide-el-2016-con-frio\/#listItem","position":3,"name":"Espa\u00f1a despide el 2016 con frio","previousItem":{"@type":"ListItem","@id":"https:\/\/www.eldigitaldeasturias.com\/noticias\/category\/destacadas\/#listItem","name":"Destacadas"}}]},{"@type":"Organization","@id":"https:\/\/www.eldigitaldeasturias.com\/noticias\/#organization","name":"El Digital de Asturias","description":"Hemeroteca","url":"https:\/\/www.eldigitaldeasturias.com\/noticias\/","email":"info@eldigitaldeasturias.com","telephone":"+34652131393","logo":{"@type":"ImageObject","url":"https:\/\/www.eldigitaldeasturias.com\/noticias\/wp-content\/uploads\/2020\/12\/EDA.jpg","@id":"https:\/\/www.eldigitaldeasturias.com\/noticias\/espana-despide-el-2016-con-frio\/#organizationLogo","width":649,"height":297},"image":{"@id":"https:\/\/www.eldigitaldeasturias.com\/noticias\/espana-despide-el-2016-con-frio\/#organizationLogo"},"sameAs":["https:\/\/facebook.com\/eldigitaldeasturias","https:\/\/www.youtube.com\/channel\/UCZP-2wLEB9Rv6erhFmqVnvg"],"address":{"@id":"https:\/\/www.eldigitaldeasturias.com\/noticias\/#postaladdress","@type":"PostalAddress","streetAddress":"san antonio 4,","postalCode":"33430","addressLocality":"Cand\u00e1s","addressRegion":"Asturias","addressCountry":"ES"}},{"@type":"Person","@id":"https:\/\/www.eldigitaldeasturias.com\/noticias\/author\/admin\/#author","url":"https:\/\/www.eldigitaldeasturias.com\/noticias\/author\/admin\/","name":"El Digital de Asturias","image":{"@type":"ImageObject","@id":"https:\/\/www.eldigitaldeasturias.com\/noticias\/espana-despide-el-2016-con-frio\/#authorImage","url":"https:\/\/www.eldigitaldeasturias.com\/noticias\/wp-content\/litespeed\/avatar\/18677e78aa0546b92d9dbf31ec7d7668.jpg?ver=1777290358","width":96,"height":96,"caption":"El Digital de Asturias"}},{"@type":"WebPage","@id":"https:\/\/www.eldigitaldeasturias.com\/noticias\/espana-despide-el-2016-con-frio\/#webpage","url":"https:\/\/www.eldigitaldeasturias.com\/noticias\/espana-despide-el-2016-con-frio\/","name":"Espa\u00f1a despide el 2016 con frio - El Digital de Asturias","description":"El pr\u00f3ximo fin de semana, 31 de diciembre y 1 de enero, estaremos bajo la influencia de un potente anticicl\u00f3n situado sobre Europa occidental, con tiempo estable y predominio de cielos poco nubosos o despejados, salvo en parte del \u00e1rea mediterr\u00e1nea y en las zonas de niebla del interior de la Pen\u00ednsula, que en los","inLanguage":"es-ES","isPartOf":{"@id":"https:\/\/www.eldigitaldeasturias.com\/noticias\/#website"},"breadcrumb":{"@id":"https:\/\/www.eldigitaldeasturias.com\/noticias\/espana-despide-el-2016-con-frio\/#breadcrumblist"},"author":{"@id":"https:\/\/www.eldigitaldeasturias.com\/noticias\/author\/admin\/#author"},"creator":{"@id":"https:\/\/www.eldigitaldeasturias.com\/noticias\/author\/admin\/#author"},"image":{"@type":"ImageObject","url":"https:\/\/www.eldigitaldeasturias.com\/noticias\/wp-content\/uploads\/2015\/01\/635572620881838346w.jpg","@id":"https:\/\/www.eldigitaldeasturias.com\/noticias\/espana-despide-el-2016-con-frio\/#mainImage","width":800,"height":533},"primaryImageOfPage":{"@id":"https:\/\/www.eldigitaldeasturias.com\/noticias\/espana-despide-el-2016-con-frio\/#mainImage"},"datePublished":"2016-12-30T21:09:35+01:00","dateModified":"2016-12-30T21:09:52+01:00"},{"@type":"WebSite","@id":"https:\/\/www.eldigitaldeasturias.com\/noticias\/#website","url":"https:\/\/www.eldigitaldeasturias.com\/noticias\/","name":"El Digital de Asturias - Diario de actualidad y noticias","alternateName":"El Digital de Asturias - Diario de actualidad y noticias","description":"Hemeroteca","inLanguage":"es-ES","publisher":{"@id":"https:\/\/www.eldigitaldeasturias.com\/noticias\/#organization"}}]},"og:locale":"es_ES","og:site_name":"El Digital de Asturias","og:type":"article","og:title":"Espa\u00f1a despide el 2016 con frio - El Digital de Asturias","og:description":"El pr\u00f3ximo fin de semana, 31 de diciembre y 1 de enero, estaremos bajo la influencia de un potente anticicl\u00f3n situado sobre Europa occidental, con tiempo estable y predominio de cielos poco nubosos o despejados, salvo en parte del \u00e1rea mediterr\u00e1nea y en las zonas de niebla del interior de la Pen\u00ednsula, que en los","og:url":"https:\/\/www.eldigitaldeasturias.com\/noticias\/espana-despide-el-2016-con-frio\/","og:image":"https:\/\/www.eldigitaldeasturias.com\/noticias\/wp-content\/uploads\/2015\/01\/635572620881838346w.jpg","og:image:secure_url":"https:\/\/www.eldigitaldeasturias.com\/noticias\/wp-content\/uploads\/2015\/01\/635572620881838346w.jpg","og:image:width":800,"og:image:height":533,"article:tag":["destacadas"],"article:published_time":"2016-12-30T21:09:35+00:00","article:modified_time":"2016-12-30T21:09:52+00:00","article:publisher":"https:\/\/facebook.com\/eldigitaldeasturias","twitter:card":"summary_large_image","twitter:title":"Espa\u00f1a despide el 2016 con frio - El Digital de Asturias","twitter:description":"El pr\u00f3ximo fin de semana, 31 de diciembre y 1 de enero, estaremos bajo la influencia de un potente anticicl\u00f3n situado sobre Europa occidental, con tiempo estable y predominio de cielos poco nubosos o despejados, salvo en parte del \u00e1rea mediterr\u00e1nea y en las zonas de niebla del interior de la Pen\u00ednsula, que en los","twitter:image":"https:\/\/www.eldigitaldeasturias.com\/noticias\/wp-content\/uploads\/2015\/01\/635572620881838346w.jpg","twitter:label1":"Escrito por","twitter:data1":"El Digital de Asturias","twitter:label2":"Tiempo de lectura estimado","twitter:data2":"2 minutos"},"aioseo_meta_data":{"post_id":"921059","title":null,"description":null,"keywords":null,"keyphrases":null,"primary_term":null,"canonical_url":null,"og_title":null,"og_description":null,"og_object_type":"default","og_image_type":"default","og_image_url":null,"og_image_width":null,"og_image_height":null,"og_image_custom_url":null,"og_image_custom_fields":null,"og_video":null,"og_custom_url":null,"og_article_section":null,"og_article_tags":null,"twitter_use_og":false,"twitter_card":"default","twitter_image_type":"default","twitter_image_url":null,"twitter_image_custom_url":null,"twitter_image_custom_fields":null,"twitter_title":null,"twitter_description":null,"schema":{"blockGraphs":[],"customGraphs":[],"default":{"data":{"Article":[],"Course":[],"Dataset":[],"FAQPage":[],"Movie":[],"Person":[],"Product":[],"ProductReview":[],"Car":[],"Recipe":[],"Service":[],"SoftwareApplication":[],"WebPage":[]},"graphName":"","isEnabled":true},"graphs":[],"defaultGraph":"","defaultPostTypeGraph":""},"schema_type":null,"schema_type_options":null,"pillar_content":false,"robots_default":true,"robots_noindex":false,"robots_noarchive":false,"robots_nosnippet":false,"robots_nofollow":false,"robots_noimageindex":false,"robots_noodp":false,"robots_notranslate":false,"robots_max_snippet":null,"robots_max_videopreview":null,"robots_max_imagepreview":"large","priority":null,"frequency":null,"local_seo":null,"seo_analyzer_scan_date":"2025-12-02 12:24:07","breadcrumb_settings":null,"limit_modified_date":false,"open_ai":null,"ai":null,"created":"2020-12-21 13:45:42","updated":"2025-12-02 12:24:07"},"aioseo_breadcrumb":"<div class=\"aioseo-breadcrumbs\"><span class=\"aioseo-breadcrumb\">\n\t<a href=\"https:\/\/www.eldigitaldeasturias.com\/noticias\" title=\"Home\">Home<\/a>\n<\/span><span class=\"aioseo-breadcrumb-separator\">\u2013<\/span><span class=\"aioseo-breadcrumb\">\n\t<a href=\"https:\/\/www.eldigitaldeasturias.com\/noticias\/category\/destacadas\/\" title=\"Destacadas\">Destacadas<\/a>\n<\/span><span class=\"aioseo-breadcrumb-separator\">\u2013<\/span><span class=\"aioseo-breadcrumb\">\n\t<a href=\"https:\/\/www.eldigitaldeasturias.com\/noticias\/espana-despide-el-2016-con-frio\/\" title=\"Espa\u00f1a despide el 2016 con frio\">Espa\u00f1a despide el 2016 con frio<\/a>\n<\/span><\/div>","aioseo_breadcrumb_json":[{"label":"Home","link":"https:\/\/www.eldigitaldeasturias.com\/noticias"},{"label":"Destacadas","link":"https:\/\/www.eldigitaldeasturias.com\/noticias\/category\/destacadas\/"},{"label":"Espa\u00f1a despide el 2016 con frio","link":"https:\/\/www.eldigitaldeasturias.com\/noticias\/espana-despide-el-2016-con-frio\/"}],"_links":{"self":[{"href":"https:\/\/www.eldigitaldeasturias.com\/noticias\/wp-json\/wp\/v2\/posts\/921059","targetHints":{"allow":["GET"]}}],"collection":[{"href":"https:\/\/www.eldigitaldeasturias.com\/noticias\/wp-json\/wp\/v2\/posts"}],"about":[{"href":"https:\/\/www.eldigitaldeasturias.com\/noticias\/wp-json\/wp\/v2\/types\/post"}],"author":[{"embeddable":true,"href":"https:\/\/www.eldigitaldeasturias.com\/noticias\/wp-json\/wp\/v2\/users\/1"}],"replies":[{"embeddable":true,"href":"https:\/\/www.eldigitaldeasturias.com\/noticias\/wp-json\/wp\/v2\/comments?post=921059"}],"version-history":[{"count":0,"href":"https:\/\/www.eldigitaldeasturias.com\/noticias\/wp-json\/wp\/v2\/posts\/921059\/revisions"}],"wp:featuredmedia":[{"embeddable":true,"href":"https:\/\/www.eldigitaldeasturias.com\/noticias\/wp-json\/wp\/v2\/media\/757896"}],"wp:attachment":[{"href":"https:\/\/www.eldigitaldeasturias.com\/noticias\/wp-json\/wp\/v2\/media?parent=921059"}],"wp:term":[{"taxonomy":"category","embeddable":true,"href":"https:\/\/www.eldigitaldeasturias.com\/noticias\/wp-json\/wp\/v2\/categories?post=921059"},{"taxonomy":"post_tag","embeddable":true,"href":"https:\/\/www.eldigitaldeasturias.com\/noticias\/wp-json\/wp\/v2\/tags?post=921059"}],"curies":[{"name":"wp","href":"https:\/\/api.w.org\/{rel}","templated":true}]}}