{"id":920898,"date":"2016-12-29T12:39:32","date_gmt":"2016-12-29T12:39:32","guid":{"rendered":"http:\/\/www.eldigitaldeasturias.com\/noticias\/?p=920898"},"modified":"2016-12-29T12:39:32","modified_gmt":"2016-12-29T12:39:32","slug":"garcia-tejerina-el-sector-agroalimentario-debe-hacer-frente-a-nuevos-retos","status":"publish","type":"post","link":"https:\/\/www.eldigitaldeasturias.com\/noticias\/garcia-tejerina-el-sector-agroalimentario-debe-hacer-frente-a-nuevos-retos\/","title":{"rendered":"Garc\u00eda Tejerina: \u00abEl sector agroalimentario debe hacer frente a nuevos retos\u00bb"},"content":{"rendered":"<p><img loading=\"lazy\" decoding=\"async\" class=\"alignleft size-medium wp-image-769450\" src=\"https:\/\/www.eldigitaldeasturias.com\/noticias\/wp-content\/uploads\/2015\/02\/barco1-320x320.jpg\" alt=\"\" width=\"320\" height=\"320\" srcset=\"https:\/\/www.eldigitaldeasturias.com\/noticias\/wp-content\/uploads\/2015\/02\/barco1-320x320.jpg 320w, https:\/\/www.eldigitaldeasturias.com\/noticias\/wp-content\/uploads\/2015\/02\/barco1-300x300.jpg 300w, https:\/\/www.eldigitaldeasturias.com\/noticias\/wp-content\/uploads\/2015\/02\/barco1-768x768.jpg 768w, https:\/\/www.eldigitaldeasturias.com\/noticias\/wp-content\/uploads\/2015\/02\/barco1-650x650.jpg 650w, https:\/\/www.eldigitaldeasturias.com\/noticias\/wp-content\/uploads\/2015\/02\/barco1.jpg 800w\" sizes=\"auto, (max-width: 320px) 100vw, 320px\" \/>La ministra de Agricultura y Pesca, Alimentaci\u00f3n y Medio Ambiente, Isabel Garc\u00eda Tejerina, ha destacado, durante su comparecencia en la Comisi\u00f3n de Agricultura, Pesca y Alimentaci\u00f3n del Senado, que uno de los principales objetivos de su Departamento es impulsar nuevas actuaciones para seguir mejorando la estabilidad y competitividad del sector agroalimentario y la sostenibilidad y rentabilidad de la actividad pesquera.<\/p>\n<p>En concreto, se trabajar\u00e1 para mejorar la renta agraria, los beneficios de la industria y la participaci\u00f3n del sector alimentario en el PIB nacional, de tal modo que siga ganando mercados, creando riqueza y empleo. Y en el sector pesquero, se incidir\u00e1 en el incremento de las posibilidades de pesca, la mejorara de la rentabilidad de esta actividad y el cuidado de los recursos, para garantizar el futuro de esta actividad.<\/p>\n<p>Para la ministra, este trabajo requiere el esfuerzo de todos y tendr\u00e1 como base el di\u00e1logo y la b\u00fasqueda de colaboraci\u00f3n.<\/p>\n<p><strong>Temporal en el Mediterr\u00e1neo<\/strong><\/p>\n<p>La ministra ha iniciado su comparecencia expresando sus condolencias a los familiares de las v\u00edctimas del intenso temporal de lluvias ocurrido la pasada semana en el litoral mediterr\u00e1neo. Ante esta situaci\u00f3n, Garc\u00eda Tejerina ha informado de que el Consejo de Ministros aprob\u00f3 el pasado viernes la declaraci\u00f3n de zonas afectadas gravemente por una emergencia de protecci\u00f3n civil a las comunidades aut\u00f3nomas de Valencia, Murcia e Islas Baleares, as\u00ed como las provincias de Almer\u00eda y Albacete.<\/p>\n<p>Esta declaraci\u00f3n, ha a\u00f1adido, incluye una serie de medidas para reparar los da\u00f1os causados por las inundaciones ocurridas desde el pasado 17 de diciembre, y que se suma al aprobado el 9 de diciembre, como consecuencia de inundaciones y pedrisco en Andaluc\u00eda, Comunidad Valenciana y Extremadura. En total, la incidencia estimada dentro del \u00e1mbito del Ministerio de Agricultura supera los 52 millones de euros.<\/p>\n<p><strong>Sector agroalimentario<\/strong><\/p>\n<p>En relaci\u00f3n con el sector agroalimentario, Garc\u00eda Tejerina ha expuesto algunos indicadores que avalan la evoluci\u00f3n positiva en estos a\u00f1os. As\u00ed, en el \u00faltimo a\u00f1o m\u00f3vil (septiembre 2015-agosto 2016), las exportaciones han superado los 45.500 millones de euros, mientras que 2011 se cerr\u00f3 con un volumen de 31.000 millones. Adem\u00e1s, la renta agraria se ha incrementado en un 5,1% en 2016, alcanzando un valor de 25.255 millones de euros, lo que supone un 13,7% m\u00e1s que en 2011.<\/p>\n<p>Para la ministra, esto indica que el sector agroalimentario espa\u00f1ol crea hoy m\u00e1s riqueza en el medio rural y es cada vez m\u00e1s competitivo en los mercados internacionales. Todo ello es el resultado de un trabajo intenso, ha a\u00f1adido, fruto de la colaboraci\u00f3n de todos.<\/p>\n<p><strong>Retos del futuro<\/strong><\/p>\n<p>De cara al futuro, Garc\u00eda Tejerina ha asegurado que el sector agroalimentario debe hacer frente a nuevos retos, como la nueva reforma de la Pol\u00edtica Agraria Com\u00fan (PAC), que se comenzar\u00e1 a negociar en esta legislatura. Tambi\u00e9n ha mencionado la integraci\u00f3n de los aspectos medioambientales y de lucha contra el cambio clim\u00e1tico en las pol\u00edticas sectoriales; los desequilibrios en la cadena alimentaria por exceso de concentraci\u00f3n en determinados eslabones; la consolidaci\u00f3n de nuestra presencia en los mercados internacionales; y el relevo generacional.<\/p>\n<p>En relaci\u00f3n con la revisi\u00f3n de la PAC, la ministra ha asegurado que su Departamento se involucrar\u00e1 desde el principio. As\u00ed, en el primer trimestre de 2017 se celebrar\u00e1 una gran conferencia, abierta a todos los agentes del sector, que servir\u00e1 de base para elaborar una propuesta de posici\u00f3n espa\u00f1ola. Dicha propuesta se debatir\u00e1 posteriormente con las organizaciones agrarias y las comunidades aut\u00f3nomas, a fin de lograr el mayor consenso posible. Al mismo tiempo, se mantendr\u00e1n todos los contactos necesarios con las instituciones comunitarias para trasladarles nuestras inquietudes e intereses.<\/p>\n<p>Asimismo, Garc\u00eda Tejerina considera que la pol\u00edtica de seguros agrarios es de vital importancia para la actividad agraria en Espa\u00f1a. En este \u00e1mbito, la Ministra ha asegurado que en los pr\u00f3ximos ejercicios se seguir\u00e1 trabajando para mantener y mejorar el sistema de seguros agrarios. En particular, se estudiar\u00e1 la posibilidad de una nueva l\u00ednea que cubra las p\u00e9rdidas de ingresos, as\u00ed como de un seguro frente a p\u00e9rdidas provocadas por cat\u00e1strofes naturales, con da\u00f1os por debajo del 30 por ciento.<\/p>\n<p>Adem\u00e1s de las pol\u00edticas de apoyo a las rentas, Garc\u00eda Tejerina ha apuntado la importancia de favorecer el cambio gradual hacia una agricultura m\u00e1s competitiva, m\u00e1s orientada al mercado e internacionalizada. Una agricultura, ha a\u00f1adido, que sea m\u00e1s innovadora, con m\u00e1s presencia de j\u00f3venes y mujeres, y que sea m\u00e1s respetuosa con el medio ambiente y el clima.<\/p>\n<p>Para ello, se desarrollar\u00e1 una Estrategia de Agricultura, Clima y Medio Ambiente, en la que se incorporar\u00e1 al sector forestal, para alinear los objetivos de pol\u00edtica agraria con los compromisos internacionales en materia de clima y medio ambiente.<\/p>\n<p>Tambi\u00e9n se pondr\u00e1 en marcha un Plan Estrat\u00e9gico Global para el Sector Agroalimentario Espa\u00f1ol, que establezca objetivos de crecimiento macroecon\u00f3mico para el sector, al horizonte 2027.<\/p>\n<p>Otro eje de actuaci\u00f3n ser\u00e1 el refuerzo de la posici\u00f3n de los productores en la cadena alimentaria, en cuyo \u00e1mbito el Observatorio de la Cadena Alimentaria llevar\u00e1 a cabo actuaciones dirigidas a mejorar la transparencia de los mercados. A este respecto, se impulsar\u00e1n nuevas medidas dirigidas a favorecer la integraci\u00f3n de la oferta, y se definir\u00e1n los objetivos y l\u00edneas de trabajo para establecer un Marco Estrat\u00e9gico de Cooperativismo.<\/p>\n<p>Ante las situaciones de venta a p\u00e9rdidas, Garc\u00eda Tejerina ha recalcado que se promover\u00e1 la adopci\u00f3n de un Protocolo para la resoluci\u00f3n de incidencias en la cadena alimentaria, se impulsar\u00e1 entre los operadores de la cadena la incorporaci\u00f3n de los principios de compra responsable y de gesti\u00f3n \u00e9tica empresarial, se ampliar\u00e1 el programa de control de productos vendidos a precios anormalmente bajos y se impulsar\u00e1n instrumentos de arbitraje y mediaci\u00f3n.<\/p>\n<p>Garc\u00eda Tejerina ha indicado que la calidad es otro elemento esencial para reforzar la posici\u00f3n del sector agroalimentario. En este \u00e1mbito, la Ministra ha anunciado que se desarrollar\u00e1 un Programa para la excelencia de la calidad alimentaria.<\/p>\n<p>Respecto a la innovaci\u00f3n, se va a promover, junto al Ministerio de Econom\u00eda, Industria y Competitividad, la creaci\u00f3n de un Grupo de Trabajo Interministerial para el fomento de la competitividad de la industria alimentaria.<\/p>\n<p>En cuanto al relevo generacional en la agricultura, Garc\u00eda Tejerina ha recalcado que las mujeres y los j\u00f3venes van a ser el eje sobre el que pivote la Estrategia Nacional de Modernizaci\u00f3n y Diversificaci\u00f3n Rural. Seg\u00fan la ministra, con esta estrategia se pretende incorporar 20.000 j\u00f3venes en los pr\u00f3ximos a\u00f1os. Se trata de una estrategia que no s\u00f3lo promueva el relevo generacional, sino tambi\u00e9n la mejora t\u00e9cnica de la actividad agraria e impulsar la innovaci\u00f3n en las explotaciones. De igual forma, se desarrollar\u00e1n las medidas incluidas en el Plan para la Promoci\u00f3n de las Mujeres del Medio Rural 2015-2018.<\/p>\n<p>En el \u00e1mbito del <strong>Desarrollo Rural<\/strong>, Garc\u00eda Tejerina ha indicado que se mejorar\u00e1 la coordinaci\u00f3n y seguimiento de los 18 programas auton\u00f3micos. Tambi\u00e9n se impulsar\u00e1 la aprobaci\u00f3n de la <strong>Estrategia Nacional de Regad\u00edo<\/strong>, y se desarrollar\u00e1 el Plan Director para los caminos naturales. Adem\u00e1s, se reforzar\u00e1n las medidas de prevenci\u00f3n y lucha contra los incendios forestales, se desarrollar\u00e1 una Estrategia Forestal y se trabajar\u00e1 en una Estrategia Nacional de Caza.<\/p>\n<p>Por \u00faltimo, la ministra ha hecho menci\u00f3n de las medidas para mejorar el estado sanitario y fitosanitario de nuestras producciones, donde se reforzar\u00e1n todos los elementos, programas de vigilancia, registro de explotaciones y trazabilidad que permitan seguir acreditando nuestra condici\u00f3n sanitaria frente a nuestros socios comerciales.<\/p>\n<p>La ministra ha finalizado este apartado haciendo menci\u00f3n a la pol\u00edtica del agua y, en particular, al prop\u00f3sito del Gobierno de abrir, en esta Legislatura, un proceso pol\u00edtico, inclusivo y participativo, para avanzar hacia un gran Pacto Nacional del Agua. Un proceso, ha a\u00f1adido, en el que se tratar\u00e1 de conciliar los diversos intereses territoriales, garantizando siempre el cumplimiento de las obligaciones de la Directiva Marco del Agua en materia de planificaci\u00f3n hidrol\u00f3gica.<\/p>\n<p>A este respecto, Garc\u00eda Tejerina ha subrayado que este Pacto debe basarse en el consenso y apoyarse en los acuerdos que se adopten entre todos, con las Comunidades Aut\u00f3nomas y con los usuarios del agua.<\/p>\n<p><strong>Pol\u00edtica pesquera<\/strong><\/p>\n<p>Por otra parte, Isabel Garc\u00eda Tejerina ha indicado que la d\u00e9cima Legislatura ha sido tambi\u00e9n muy beneficiosa para el sector pesquero espa\u00f1ol. Seg\u00fan ha destacado, hoy tenemos una gesti\u00f3n sostenible de los recursos pesqueros y nuestros pescadores tienen m\u00e1s cuotas de pesca.<\/p>\n<p>De hecho, a lo largo de estos cinco a\u00f1os las posibilidades de pesca se han visto incrementadas en pr\u00e1cticamente un cien por cien en las especies m\u00e1s relevantes para nuestra flota. Precisamente, en el \u00faltimo Consejo de Ministros de Pesca de la UE, Espa\u00f1a logr\u00f3 un aumento de las cuotas de 41.000 toneladas, con un valor estimado de 44 millones de euros. Para la Ministra, estos resultados son fruto de la pol\u00edtica impulsada por este Gobierno, basada en el mejor asesoramiento cient\u00edfico, en un control riguroso y en la defensa de un aprovechamiento sostenible de los recursos.<\/p>\n<p>Para los pr\u00f3ximos a\u00f1os, los objetivos son que nuestro sector pesquero sea cada vez m\u00e1s sostenible y competitivo, generador de riqueza y empleo, consolidando un futuro de crecimiento y estabilidad. Garc\u00eda Tejerina ha recalcado que, para seguir defendiendo con \u00e9xito los intereses del sector pesquero, necesitamos contar con el mejor asesoramiento cient\u00edfico, para lo que se reforzar\u00e1 la colaboraci\u00f3n con el Instituto Espa\u00f1ol de Oceanograf\u00eda.<\/p>\n<p>Al mismo tiempo, la ministra ha afirmado que se prestar\u00e1 especial atenci\u00f3n a la prohibici\u00f3n de descartes y a la obligaci\u00f3n de desembarque. Para ello, se realizar\u00e1n todos los esfuerzos necesarios para que la aplicaci\u00f3n de esta pol\u00edtica suponga el menor perjuicio para la operatividad de nuestra flota.<\/p>\n<p>Por otra parte, Garc\u00eda Tejerina ha puesto en valor la apuesta del Ministerio por las Reservas Marinas de inter\u00e9s pesquero, que dan valor al sector pesquero tradicional y protegen los ecosistemas. Con este objetivo, se impulsar\u00e1 la ampliaci\u00f3n de la red, actualmente formada por 10 reservas marinas.<\/p>\n<p>Respecto al caladero nacional, la Ministra ha se\u00f1alado que las prioridades del Ministerio se centrar\u00e1n en el proceso de revisi\u00f3n de los planes de gesti\u00f3n del Cant\u00e1brico y Noroeste, del Golfo de C\u00e1diz y Canarias, y del Mediterr\u00e1neo. Con este fin, se actualizar\u00e1n las disposiciones que los regulan y se continuar\u00e1 con el proceso de simplificaci\u00f3n normativa.<\/p>\n<p>Sobre la pesquer\u00eda del at\u00fan rojo, Garc\u00eda Tejerina ha insistido en que se trabajar\u00e1 para que la recuperaci\u00f3n, que ya es una realidad, se refleje en mayores posibilidades de pesca. En este sentido, se comenzar\u00e1 a analizar con los sectores implicados y las comunidades aut\u00f3nomas la forma de conseguir un aprovechamiento \u00f3ptimo de este recurso.<\/p>\n<p>Por lo que se refiere a la acuicultura, la ministra ha expresado el compromiso de seguir avanzando en la aplicaci\u00f3n del Plan Estrat\u00e9gico de Innovaci\u00f3n y Desarrollo Tecnol\u00f3gico, para impulsar la competitividad tanto de la acuicultura marina como continental.<\/p>\n<p>Por lo dem\u00e1s, Garc\u00eda Tejerina ha insistido en se\u00f1alar que la presencia de nuestra flota en los caladeros internacionales tiene una gran importancia. Por este motivo, Espa\u00f1a defender\u00e1 el aumento de las posibilidades de pesca en todos los caladeros del mundo, siempre sobre la base de la mejor informaci\u00f3n cient\u00edfica disponible. Tambi\u00e9n se promover\u00e1 el establecimiento de normas comunes para el desarrollo de la actividad pesquera en igualdad de condiciones.<\/p>\n<p>En el \u00e1mbito estructural, y con el objetivo de mejorar la competitividad de la flota pesquera y de la industria, se trabajar\u00e1 para facilitar el acceso a la financiaci\u00f3n, mediante pr\u00e9stamos, avales y garant\u00edas. Y para alcanzar el equilibrio entre la capacidad de pesca de nuestros buques y las posibilidades reales de capturas, el Gobierno se centrar\u00e1 en las ayudas a la paralizaci\u00f3n definitiva de la actividad pesquera y continuar\u00e1 con la l\u00ednea de ayudas a la paralizaci\u00f3n temporal.<\/p>\n<p>Entre otras medidas que se van a impulsar, Garc\u00eda Tejerina ha apuntado la promoci\u00f3n de medidas para permitir un incremento del consumo de los productos pesqueros, el desarrollo de la normativa necesaria para el desarrollo de la pesca-turismo, el impulso de la Red Espa\u00f1ola de Mujeres en el Sector Pesquero, la actualizaci\u00f3n de la normativa vigente de ordenaci\u00f3n de la flota, y la creaci\u00f3n de una nueva normativa que regule el establecimiento de los puertos base.<\/p>\n<p>La ministra ha reiterado que el control y la inspecci\u00f3n pesquera, que ha situado a Espa\u00f1a como referencia comunitaria y mundial, seguir\u00e1 siendo uno de los pilares de nuestra pol\u00edtica. En este \u00e1mbito, se consolidar\u00e1 nuestro sistema integral de control e inspecci\u00f3n pesquera, adem\u00e1s de implantar nuevos sistemas inform\u00e1ticos coordinados e integrados.<\/p>\n<p>Sobre la lucha contra la pesca ilegal, no declarada y no reglamentada, Garc\u00eda Tejerina ha insistido en que se reforzar\u00e1 nuestra posici\u00f3n de liderazgo, exigiendo al resto de pa\u00edses que refuercen sus sistemas de control hasta los niveles alcanzados por Espa\u00f1a.<\/p>\n<p>En definitiva, se impulsar\u00e1 una bater\u00eda de medidas para seguir mejorando nuestras posibilidades de pesca, reforzando la rentabilidad y la competitividad de esta actividad, al mismo tiempo que se cuidan los recursos pesqueros. Todo ello en coordinaci\u00f3n con las comunidades aut\u00f3nomas. Se trata, ha completado, de consolidar un sector pesquero competitivo, generador de empleo y bienestar para Espa\u00f1a, y cuya sostenibilidad est\u00e9 garantizada.<\/p>\n<p>&nbsp;<\/p>\n","protected":false},"excerpt":{"rendered":"<p>La ministra de Agricultura y Pesca, Alimentaci\u00f3n y Medio Ambiente, Isabel Garc\u00eda Tejerina, ha destacado, durante su comparecencia en la Comisi\u00f3n de Agricultura, Pesca y Alimentaci\u00f3n del Senado, que uno de los principales objetivos de su Departamento es impulsar nuevas actuaciones para seguir mejorando la estabilidad y competitividad del sector agroalimentario y la sostenibilidad y [&hellip;]<\/p>\n","protected":false},"author":1,"featured_media":551176,"comment_status":"closed","ping_status":"closed","sticky":false,"template":"","format":"standard","meta":{"footnotes":""},"categories":[141],"tags":[],"class_list":["post-920898","post","type-post","status-publish","format-standard","has-post-thumbnail","hentry","category-destacadas"],"aioseo_notices":[],"aioseo_head":"\n\t\t<!-- All in One SEO Pro 4.9.6.2 - aioseo.com -->\n\t<meta name=\"description\" content=\"La ministra de Agricultura y Pesca, Alimentaci\u00f3n y Medio Ambiente, Isabel Garc\u00eda Tejerina, ha destacado, durante su comparecencia en la Comisi\u00f3n de Agricultura, Pesca y Alimentaci\u00f3n del Senado, que uno de los principales objetivos de su Departamento es impulsar nuevas actuaciones para seguir mejorando la estabilidad y competitividad del sector agroalimentario y la sostenibilidad y\" \/>\n\t<meta name=\"robots\" content=\"max-image-preview:large\" \/>\n\t<meta name=\"author\" content=\"El Digital de Asturias\"\/>\n\t<meta name=\"google-site-verification\" content=\"UA-38556648-1\" \/>\n\t<meta name=\"msvalidate.01\" content=\"7dfe9f3f1b24437ab69f4f2559babe99\" \/>\n\t<meta name=\"keywords\" content=\"destacadas\" \/>\n\t<link rel=\"canonical\" href=\"https:\/\/www.eldigitaldeasturias.com\/noticias\/garcia-tejerina-el-sector-agroalimentario-debe-hacer-frente-a-nuevos-retos\/\" \/>\n\t<meta name=\"generator\" content=\"All in One SEO Pro (AIOSEO) 4.9.6.2\" \/>\n\t\t<meta property=\"og:locale\" content=\"es_ES\" \/>\n\t\t<meta property=\"og:site_name\" content=\"El Digital de Asturias\" \/>\n\t\t<meta property=\"og:type\" content=\"article\" \/>\n\t\t<meta property=\"og:title\" content=\"Garc\u00eda Tejerina: \u00abEl sector agroalimentario debe hacer frente a nuevos retos\u00bb - El Digital de Asturias\" \/>\n\t\t<meta property=\"og:description\" content=\"La ministra de Agricultura y Pesca, Alimentaci\u00f3n y Medio Ambiente, Isabel Garc\u00eda Tejerina, ha destacado, durante su comparecencia en la Comisi\u00f3n de Agricultura, Pesca y Alimentaci\u00f3n del Senado, que uno de los principales objetivos de su Departamento es impulsar nuevas actuaciones para seguir mejorando la estabilidad y competitividad del sector agroalimentario y la sostenibilidad y\" \/>\n\t\t<meta property=\"og:url\" content=\"https:\/\/www.eldigitaldeasturias.com\/noticias\/garcia-tejerina-el-sector-agroalimentario-debe-hacer-frente-a-nuevos-retos\/\" \/>\n\t\t<meta property=\"og:image\" content=\"https:\/\/www.eldigitaldeasturias.com\/noticias\/wp-content\/uploads\/2014\/06\/6396388wbarco.jpg\" \/>\n\t\t<meta property=\"og:image:secure_url\" content=\"https:\/\/www.eldigitaldeasturias.com\/noticias\/wp-content\/uploads\/2014\/06\/6396388wbarco.jpg\" \/>\n\t\t<meta property=\"og:image:width\" content=\"800\" \/>\n\t\t<meta property=\"og:image:height\" content=\"533\" \/>\n\t\t<meta property=\"article:tag\" content=\"destacadas\" \/>\n\t\t<meta property=\"article:published_time\" content=\"2016-12-29T12:39:32+00:00\" \/>\n\t\t<meta property=\"article:modified_time\" content=\"2016-12-29T12:39:32+00:00\" \/>\n\t\t<meta property=\"article:publisher\" content=\"https:\/\/facebook.com\/eldigitaldeasturias\" \/>\n\t\t<meta name=\"twitter:card\" content=\"summary_large_image\" \/>\n\t\t<meta name=\"twitter:title\" content=\"Garc\u00eda Tejerina: \u00abEl sector agroalimentario debe hacer frente a nuevos retos\u00bb - El Digital de Asturias\" \/>\n\t\t<meta name=\"twitter:description\" content=\"La ministra de Agricultura y Pesca, Alimentaci\u00f3n y Medio Ambiente, Isabel Garc\u00eda Tejerina, ha destacado, durante su comparecencia en la Comisi\u00f3n de Agricultura, Pesca y Alimentaci\u00f3n del Senado, que uno de los principales objetivos de su Departamento es impulsar nuevas actuaciones para seguir mejorando la estabilidad y competitividad del sector agroalimentario y la sostenibilidad y\" \/>\n\t\t<meta name=\"twitter:image\" content=\"https:\/\/www.eldigitaldeasturias.com\/noticias\/wp-content\/uploads\/2014\/06\/6396388wbarco.jpg\" \/>\n\t\t<meta name=\"twitter:label1\" content=\"Escrito por\" \/>\n\t\t<meta name=\"twitter:data1\" content=\"El Digital de Asturias\" \/>\n\t\t<meta name=\"twitter:label2\" content=\"Tiempo de lectura estimado\" \/>\n\t\t<meta name=\"twitter:data2\" content=\"12 minutos\" \/>\n\t\t<script type=\"application\/ld+json\" class=\"aioseo-schema\">\n\t\t\t{\"@context\":\"https:\\\/\\\/schema.org\",\"@graph\":[{\"@type\":\"BlogPosting\",\"@id\":\"https:\\\/\\\/www.eldigitaldeasturias.com\\\/noticias\\\/garcia-tejerina-el-sector-agroalimentario-debe-hacer-frente-a-nuevos-retos\\\/#blogposting\",\"name\":\"Garc\\u00eda Tejerina: \\u00abEl sector agroalimentario debe hacer frente a nuevos retos\\u00bb - El Digital de Asturias\",\"headline\":\"Garc\\u00eda Tejerina: \\u00abEl sector agroalimentario debe hacer frente a nuevos retos\\u00bb\",\"author\":{\"@id\":\"https:\\\/\\\/www.eldigitaldeasturias.com\\\/noticias\\\/author\\\/admin\\\/#author\"},\"publisher\":{\"@id\":\"https:\\\/\\\/www.eldigitaldeasturias.com\\\/noticias\\\/#organization\"},\"image\":{\"@type\":\"ImageObject\",\"url\":\"https:\\\/\\\/www.eldigitaldeasturias.com\\\/noticias\\\/wp-content\\\/uploads\\\/2014\\\/06\\\/6396388wbarco.jpg\",\"width\":800,\"height\":533},\"datePublished\":\"2016-12-29T12:39:32+01:00\",\"dateModified\":\"2016-12-29T12:39:32+01:00\",\"inLanguage\":\"es-ES\",\"mainEntityOfPage\":{\"@id\":\"https:\\\/\\\/www.eldigitaldeasturias.com\\\/noticias\\\/garcia-tejerina-el-sector-agroalimentario-debe-hacer-frente-a-nuevos-retos\\\/#webpage\"},\"isPartOf\":{\"@id\":\"https:\\\/\\\/www.eldigitaldeasturias.com\\\/noticias\\\/garcia-tejerina-el-sector-agroalimentario-debe-hacer-frente-a-nuevos-retos\\\/#webpage\"},\"articleSection\":\"Destacadas\"},{\"@type\":\"BreadcrumbList\",\"@id\":\"https:\\\/\\\/www.eldigitaldeasturias.com\\\/noticias\\\/garcia-tejerina-el-sector-agroalimentario-debe-hacer-frente-a-nuevos-retos\\\/#breadcrumblist\",\"itemListElement\":[{\"@type\":\"ListItem\",\"@id\":\"https:\\\/\\\/www.eldigitaldeasturias.com\\\/noticias#listItem\",\"position\":1,\"name\":\"Home\",\"item\":\"https:\\\/\\\/www.eldigitaldeasturias.com\\\/noticias\",\"nextItem\":{\"@type\":\"ListItem\",\"@id\":\"https:\\\/\\\/www.eldigitaldeasturias.com\\\/noticias\\\/category\\\/destacadas\\\/#listItem\",\"name\":\"Destacadas\"}},{\"@type\":\"ListItem\",\"@id\":\"https:\\\/\\\/www.eldigitaldeasturias.com\\\/noticias\\\/category\\\/destacadas\\\/#listItem\",\"position\":2,\"name\":\"Destacadas\",\"item\":\"https:\\\/\\\/www.eldigitaldeasturias.com\\\/noticias\\\/category\\\/destacadas\\\/\",\"nextItem\":{\"@type\":\"ListItem\",\"@id\":\"https:\\\/\\\/www.eldigitaldeasturias.com\\\/noticias\\\/garcia-tejerina-el-sector-agroalimentario-debe-hacer-frente-a-nuevos-retos\\\/#listItem\",\"name\":\"Garc\\u00eda Tejerina: \\u00abEl sector agroalimentario debe hacer frente a nuevos retos\\u00bb\"},\"previousItem\":{\"@type\":\"ListItem\",\"@id\":\"https:\\\/\\\/www.eldigitaldeasturias.com\\\/noticias#listItem\",\"name\":\"Home\"}},{\"@type\":\"ListItem\",\"@id\":\"https:\\\/\\\/www.eldigitaldeasturias.com\\\/noticias\\\/garcia-tejerina-el-sector-agroalimentario-debe-hacer-frente-a-nuevos-retos\\\/#listItem\",\"position\":3,\"name\":\"Garc\\u00eda Tejerina: \\u00abEl sector agroalimentario debe hacer frente a nuevos retos\\u00bb\",\"previousItem\":{\"@type\":\"ListItem\",\"@id\":\"https:\\\/\\\/www.eldigitaldeasturias.com\\\/noticias\\\/category\\\/destacadas\\\/#listItem\",\"name\":\"Destacadas\"}}]},{\"@type\":\"Organization\",\"@id\":\"https:\\\/\\\/www.eldigitaldeasturias.com\\\/noticias\\\/#organization\",\"name\":\"El Digital de Asturias\",\"description\":\"Hemeroteca\",\"url\":\"https:\\\/\\\/www.eldigitaldeasturias.com\\\/noticias\\\/\",\"email\":\"info@eldigitaldeasturias.com\",\"telephone\":\"+34652131393\",\"logo\":{\"@type\":\"ImageObject\",\"url\":\"https:\\\/\\\/www.eldigitaldeasturias.com\\\/noticias\\\/wp-content\\\/uploads\\\/2020\\\/12\\\/EDA.jpg\",\"@id\":\"https:\\\/\\\/www.eldigitaldeasturias.com\\\/noticias\\\/garcia-tejerina-el-sector-agroalimentario-debe-hacer-frente-a-nuevos-retos\\\/#organizationLogo\",\"width\":649,\"height\":297},\"image\":{\"@id\":\"https:\\\/\\\/www.eldigitaldeasturias.com\\\/noticias\\\/garcia-tejerina-el-sector-agroalimentario-debe-hacer-frente-a-nuevos-retos\\\/#organizationLogo\"},\"sameAs\":[\"https:\\\/\\\/facebook.com\\\/eldigitaldeasturias\",\"https:\\\/\\\/www.youtube.com\\\/channel\\\/UCZP-2wLEB9Rv6erhFmqVnvg\"],\"address\":{\"@id\":\"https:\\\/\\\/www.eldigitaldeasturias.com\\\/noticias\\\/#postaladdress\",\"@type\":\"PostalAddress\",\"streetAddress\":\"san antonio 4,\",\"postalCode\":\"33430\",\"addressLocality\":\"Cand\\u00e1s\",\"addressRegion\":\"Asturias\",\"addressCountry\":\"ES\"}},{\"@type\":\"Person\",\"@id\":\"https:\\\/\\\/www.eldigitaldeasturias.com\\\/noticias\\\/author\\\/admin\\\/#author\",\"url\":\"https:\\\/\\\/www.eldigitaldeasturias.com\\\/noticias\\\/author\\\/admin\\\/\",\"name\":\"El Digital de Asturias\",\"image\":{\"@type\":\"ImageObject\",\"@id\":\"https:\\\/\\\/www.eldigitaldeasturias.com\\\/noticias\\\/garcia-tejerina-el-sector-agroalimentario-debe-hacer-frente-a-nuevos-retos\\\/#authorImage\",\"url\":\"https:\\\/\\\/www.eldigitaldeasturias.com\\\/noticias\\\/wp-content\\\/litespeed\\\/avatar\\\/18677e78aa0546b92d9dbf31ec7d7668.jpg?ver=1777290358\",\"width\":96,\"height\":96,\"caption\":\"El Digital de Asturias\"}},{\"@type\":\"WebPage\",\"@id\":\"https:\\\/\\\/www.eldigitaldeasturias.com\\\/noticias\\\/garcia-tejerina-el-sector-agroalimentario-debe-hacer-frente-a-nuevos-retos\\\/#webpage\",\"url\":\"https:\\\/\\\/www.eldigitaldeasturias.com\\\/noticias\\\/garcia-tejerina-el-sector-agroalimentario-debe-hacer-frente-a-nuevos-retos\\\/\",\"name\":\"Garc\\u00eda Tejerina: \\u00abEl sector agroalimentario debe hacer frente a nuevos retos\\u00bb - El Digital de Asturias\",\"description\":\"La ministra de Agricultura y Pesca, Alimentaci\\u00f3n y Medio Ambiente, Isabel Garc\\u00eda Tejerina, ha destacado, durante su comparecencia en la Comisi\\u00f3n de Agricultura, Pesca y Alimentaci\\u00f3n del Senado, que uno de los principales objetivos de su Departamento es impulsar nuevas actuaciones para seguir mejorando la estabilidad y competitividad del sector agroalimentario y la sostenibilidad y\",\"inLanguage\":\"es-ES\",\"isPartOf\":{\"@id\":\"https:\\\/\\\/www.eldigitaldeasturias.com\\\/noticias\\\/#website\"},\"breadcrumb\":{\"@id\":\"https:\\\/\\\/www.eldigitaldeasturias.com\\\/noticias\\\/garcia-tejerina-el-sector-agroalimentario-debe-hacer-frente-a-nuevos-retos\\\/#breadcrumblist\"},\"author\":{\"@id\":\"https:\\\/\\\/www.eldigitaldeasturias.com\\\/noticias\\\/author\\\/admin\\\/#author\"},\"creator\":{\"@id\":\"https:\\\/\\\/www.eldigitaldeasturias.com\\\/noticias\\\/author\\\/admin\\\/#author\"},\"image\":{\"@type\":\"ImageObject\",\"url\":\"https:\\\/\\\/www.eldigitaldeasturias.com\\\/noticias\\\/wp-content\\\/uploads\\\/2014\\\/06\\\/6396388wbarco.jpg\",\"@id\":\"https:\\\/\\\/www.eldigitaldeasturias.com\\\/noticias\\\/garcia-tejerina-el-sector-agroalimentario-debe-hacer-frente-a-nuevos-retos\\\/#mainImage\",\"width\":800,\"height\":533},\"primaryImageOfPage\":{\"@id\":\"https:\\\/\\\/www.eldigitaldeasturias.com\\\/noticias\\\/garcia-tejerina-el-sector-agroalimentario-debe-hacer-frente-a-nuevos-retos\\\/#mainImage\"},\"datePublished\":\"2016-12-29T12:39:32+01:00\",\"dateModified\":\"2016-12-29T12:39:32+01:00\"},{\"@type\":\"WebSite\",\"@id\":\"https:\\\/\\\/www.eldigitaldeasturias.com\\\/noticias\\\/#website\",\"url\":\"https:\\\/\\\/www.eldigitaldeasturias.com\\\/noticias\\\/\",\"name\":\"El Digital de Asturias - Diario de actualidad y noticias\",\"alternateName\":\"El Digital de Asturias - Diario de actualidad y noticias\",\"description\":\"Hemeroteca\",\"inLanguage\":\"es-ES\",\"publisher\":{\"@id\":\"https:\\\/\\\/www.eldigitaldeasturias.com\\\/noticias\\\/#organization\"}}]}\n\t\t<\/script>\n\t\t<!-- All in One SEO Pro -->\r\n\t\t<title>Garc\u00eda Tejerina: \u00abEl sector agroalimentario debe hacer frente a nuevos retos\u00bb - El Digital de Asturias<\/title>\n\n","aioseo_head_json":{"title":"Garc\u00eda Tejerina: \u00abEl sector agroalimentario debe hacer frente a nuevos retos\u00bb - El Digital de Asturias","description":"La ministra de Agricultura y Pesca, Alimentaci\u00f3n y Medio Ambiente, Isabel Garc\u00eda Tejerina, ha destacado, durante su comparecencia en la Comisi\u00f3n de Agricultura, Pesca y Alimentaci\u00f3n del Senado, que uno de los principales objetivos de su Departamento es impulsar nuevas actuaciones para seguir mejorando la estabilidad y competitividad del sector agroalimentario y la sostenibilidad y","canonical_url":"https:\/\/www.eldigitaldeasturias.com\/noticias\/garcia-tejerina-el-sector-agroalimentario-debe-hacer-frente-a-nuevos-retos\/","robots":"max-image-preview:large","keywords":"destacadas","webmasterTools":{"google-site-verification":"UA-38556648-1","msvalidate.01":"7dfe9f3f1b24437ab69f4f2559babe99","miscellaneous":""},"schema":{"@context":"https:\/\/schema.org","@graph":[{"@type":"BlogPosting","@id":"https:\/\/www.eldigitaldeasturias.com\/noticias\/garcia-tejerina-el-sector-agroalimentario-debe-hacer-frente-a-nuevos-retos\/#blogposting","name":"Garc\u00eda Tejerina: \u00abEl sector agroalimentario debe hacer frente a nuevos retos\u00bb - El Digital de Asturias","headline":"Garc\u00eda Tejerina: \u00abEl sector agroalimentario debe hacer frente a nuevos retos\u00bb","author":{"@id":"https:\/\/www.eldigitaldeasturias.com\/noticias\/author\/admin\/#author"},"publisher":{"@id":"https:\/\/www.eldigitaldeasturias.com\/noticias\/#organization"},"image":{"@type":"ImageObject","url":"https:\/\/www.eldigitaldeasturias.com\/noticias\/wp-content\/uploads\/2014\/06\/6396388wbarco.jpg","width":800,"height":533},"datePublished":"2016-12-29T12:39:32+01:00","dateModified":"2016-12-29T12:39:32+01:00","inLanguage":"es-ES","mainEntityOfPage":{"@id":"https:\/\/www.eldigitaldeasturias.com\/noticias\/garcia-tejerina-el-sector-agroalimentario-debe-hacer-frente-a-nuevos-retos\/#webpage"},"isPartOf":{"@id":"https:\/\/www.eldigitaldeasturias.com\/noticias\/garcia-tejerina-el-sector-agroalimentario-debe-hacer-frente-a-nuevos-retos\/#webpage"},"articleSection":"Destacadas"},{"@type":"BreadcrumbList","@id":"https:\/\/www.eldigitaldeasturias.com\/noticias\/garcia-tejerina-el-sector-agroalimentario-debe-hacer-frente-a-nuevos-retos\/#breadcrumblist","itemListElement":[{"@type":"ListItem","@id":"https:\/\/www.eldigitaldeasturias.com\/noticias#listItem","position":1,"name":"Home","item":"https:\/\/www.eldigitaldeasturias.com\/noticias","nextItem":{"@type":"ListItem","@id":"https:\/\/www.eldigitaldeasturias.com\/noticias\/category\/destacadas\/#listItem","name":"Destacadas"}},{"@type":"ListItem","@id":"https:\/\/www.eldigitaldeasturias.com\/noticias\/category\/destacadas\/#listItem","position":2,"name":"Destacadas","item":"https:\/\/www.eldigitaldeasturias.com\/noticias\/category\/destacadas\/","nextItem":{"@type":"ListItem","@id":"https:\/\/www.eldigitaldeasturias.com\/noticias\/garcia-tejerina-el-sector-agroalimentario-debe-hacer-frente-a-nuevos-retos\/#listItem","name":"Garc\u00eda Tejerina: \u00abEl sector agroalimentario debe hacer frente a nuevos retos\u00bb"},"previousItem":{"@type":"ListItem","@id":"https:\/\/www.eldigitaldeasturias.com\/noticias#listItem","name":"Home"}},{"@type":"ListItem","@id":"https:\/\/www.eldigitaldeasturias.com\/noticias\/garcia-tejerina-el-sector-agroalimentario-debe-hacer-frente-a-nuevos-retos\/#listItem","position":3,"name":"Garc\u00eda Tejerina: \u00abEl sector agroalimentario debe hacer frente a nuevos retos\u00bb","previousItem":{"@type":"ListItem","@id":"https:\/\/www.eldigitaldeasturias.com\/noticias\/category\/destacadas\/#listItem","name":"Destacadas"}}]},{"@type":"Organization","@id":"https:\/\/www.eldigitaldeasturias.com\/noticias\/#organization","name":"El Digital de Asturias","description":"Hemeroteca","url":"https:\/\/www.eldigitaldeasturias.com\/noticias\/","email":"info@eldigitaldeasturias.com","telephone":"+34652131393","logo":{"@type":"ImageObject","url":"https:\/\/www.eldigitaldeasturias.com\/noticias\/wp-content\/uploads\/2020\/12\/EDA.jpg","@id":"https:\/\/www.eldigitaldeasturias.com\/noticias\/garcia-tejerina-el-sector-agroalimentario-debe-hacer-frente-a-nuevos-retos\/#organizationLogo","width":649,"height":297},"image":{"@id":"https:\/\/www.eldigitaldeasturias.com\/noticias\/garcia-tejerina-el-sector-agroalimentario-debe-hacer-frente-a-nuevos-retos\/#organizationLogo"},"sameAs":["https:\/\/facebook.com\/eldigitaldeasturias","https:\/\/www.youtube.com\/channel\/UCZP-2wLEB9Rv6erhFmqVnvg"],"address":{"@id":"https:\/\/www.eldigitaldeasturias.com\/noticias\/#postaladdress","@type":"PostalAddress","streetAddress":"san antonio 4,","postalCode":"33430","addressLocality":"Cand\u00e1s","addressRegion":"Asturias","addressCountry":"ES"}},{"@type":"Person","@id":"https:\/\/www.eldigitaldeasturias.com\/noticias\/author\/admin\/#author","url":"https:\/\/www.eldigitaldeasturias.com\/noticias\/author\/admin\/","name":"El Digital de Asturias","image":{"@type":"ImageObject","@id":"https:\/\/www.eldigitaldeasturias.com\/noticias\/garcia-tejerina-el-sector-agroalimentario-debe-hacer-frente-a-nuevos-retos\/#authorImage","url":"https:\/\/www.eldigitaldeasturias.com\/noticias\/wp-content\/litespeed\/avatar\/18677e78aa0546b92d9dbf31ec7d7668.jpg?ver=1777290358","width":96,"height":96,"caption":"El Digital de Asturias"}},{"@type":"WebPage","@id":"https:\/\/www.eldigitaldeasturias.com\/noticias\/garcia-tejerina-el-sector-agroalimentario-debe-hacer-frente-a-nuevos-retos\/#webpage","url":"https:\/\/www.eldigitaldeasturias.com\/noticias\/garcia-tejerina-el-sector-agroalimentario-debe-hacer-frente-a-nuevos-retos\/","name":"Garc\u00eda Tejerina: \u00abEl sector agroalimentario debe hacer frente a nuevos retos\u00bb - El Digital de Asturias","description":"La ministra de Agricultura y Pesca, Alimentaci\u00f3n y Medio Ambiente, Isabel Garc\u00eda Tejerina, ha destacado, durante su comparecencia en la Comisi\u00f3n de Agricultura, Pesca y Alimentaci\u00f3n del Senado, que uno de los principales objetivos de su Departamento es impulsar nuevas actuaciones para seguir mejorando la estabilidad y competitividad del sector agroalimentario y la sostenibilidad y","inLanguage":"es-ES","isPartOf":{"@id":"https:\/\/www.eldigitaldeasturias.com\/noticias\/#website"},"breadcrumb":{"@id":"https:\/\/www.eldigitaldeasturias.com\/noticias\/garcia-tejerina-el-sector-agroalimentario-debe-hacer-frente-a-nuevos-retos\/#breadcrumblist"},"author":{"@id":"https:\/\/www.eldigitaldeasturias.com\/noticias\/author\/admin\/#author"},"creator":{"@id":"https:\/\/www.eldigitaldeasturias.com\/noticias\/author\/admin\/#author"},"image":{"@type":"ImageObject","url":"https:\/\/www.eldigitaldeasturias.com\/noticias\/wp-content\/uploads\/2014\/06\/6396388wbarco.jpg","@id":"https:\/\/www.eldigitaldeasturias.com\/noticias\/garcia-tejerina-el-sector-agroalimentario-debe-hacer-frente-a-nuevos-retos\/#mainImage","width":800,"height":533},"primaryImageOfPage":{"@id":"https:\/\/www.eldigitaldeasturias.com\/noticias\/garcia-tejerina-el-sector-agroalimentario-debe-hacer-frente-a-nuevos-retos\/#mainImage"},"datePublished":"2016-12-29T12:39:32+01:00","dateModified":"2016-12-29T12:39:32+01:00"},{"@type":"WebSite","@id":"https:\/\/www.eldigitaldeasturias.com\/noticias\/#website","url":"https:\/\/www.eldigitaldeasturias.com\/noticias\/","name":"El Digital de Asturias - Diario de actualidad y noticias","alternateName":"El Digital de Asturias - Diario de actualidad y noticias","description":"Hemeroteca","inLanguage":"es-ES","publisher":{"@id":"https:\/\/www.eldigitaldeasturias.com\/noticias\/#organization"}}]},"og:locale":"es_ES","og:site_name":"El Digital de Asturias","og:type":"article","og:title":"Garc\u00eda Tejerina: \u00abEl sector agroalimentario debe hacer frente a nuevos retos\u00bb - El Digital de Asturias","og:description":"La ministra de Agricultura y Pesca, Alimentaci\u00f3n y Medio Ambiente, Isabel Garc\u00eda Tejerina, ha destacado, durante su comparecencia en la Comisi\u00f3n de Agricultura, Pesca y Alimentaci\u00f3n del Senado, que uno de los principales objetivos de su Departamento es impulsar nuevas actuaciones para seguir mejorando la estabilidad y competitividad del sector agroalimentario y la sostenibilidad y","og:url":"https:\/\/www.eldigitaldeasturias.com\/noticias\/garcia-tejerina-el-sector-agroalimentario-debe-hacer-frente-a-nuevos-retos\/","og:image":"https:\/\/www.eldigitaldeasturias.com\/noticias\/wp-content\/uploads\/2014\/06\/6396388wbarco.jpg","og:image:secure_url":"https:\/\/www.eldigitaldeasturias.com\/noticias\/wp-content\/uploads\/2014\/06\/6396388wbarco.jpg","og:image:width":800,"og:image:height":533,"article:tag":["destacadas"],"article:published_time":"2016-12-29T12:39:32+00:00","article:modified_time":"2016-12-29T12:39:32+00:00","article:publisher":"https:\/\/facebook.com\/eldigitaldeasturias","twitter:card":"summary_large_image","twitter:title":"Garc\u00eda Tejerina: \u00abEl sector agroalimentario debe hacer frente a nuevos retos\u00bb - El Digital de Asturias","twitter:description":"La ministra de Agricultura y Pesca, Alimentaci\u00f3n y Medio Ambiente, Isabel Garc\u00eda Tejerina, ha destacado, durante su comparecencia en la Comisi\u00f3n de Agricultura, Pesca y Alimentaci\u00f3n del Senado, que uno de los principales objetivos de su Departamento es impulsar nuevas actuaciones para seguir mejorando la estabilidad y competitividad del sector agroalimentario y la sostenibilidad y","twitter:image":"https:\/\/www.eldigitaldeasturias.com\/noticias\/wp-content\/uploads\/2014\/06\/6396388wbarco.jpg","twitter:label1":"Escrito por","twitter:data1":"El Digital de Asturias","twitter:label2":"Tiempo de lectura estimado","twitter:data2":"12 minutos"},"aioseo_meta_data":{"post_id":"920898","title":null,"description":null,"keywords":null,"keyphrases":null,"primary_term":null,"canonical_url":null,"og_title":null,"og_description":null,"og_object_type":"default","og_image_type":"default","og_image_url":null,"og_image_width":null,"og_image_height":null,"og_image_custom_url":null,"og_image_custom_fields":null,"og_video":null,"og_custom_url":null,"og_article_section":null,"og_article_tags":null,"twitter_use_og":false,"twitter_card":"default","twitter_image_type":"default","twitter_image_url":null,"twitter_image_custom_url":null,"twitter_image_custom_fields":null,"twitter_title":null,"twitter_description":null,"schema":{"blockGraphs":[],"customGraphs":[],"default":{"data":{"Article":[],"Course":[],"Dataset":[],"FAQPage":[],"Movie":[],"Person":[],"Product":[],"ProductReview":[],"Car":[],"Recipe":[],"Service":[],"SoftwareApplication":[],"WebPage":[]},"graphName":"","isEnabled":true},"graphs":[],"defaultGraph":"","defaultPostTypeGraph":""},"schema_type":null,"schema_type_options":null,"pillar_content":false,"robots_default":true,"robots_noindex":false,"robots_noarchive":false,"robots_nosnippet":false,"robots_nofollow":false,"robots_noimageindex":false,"robots_noodp":false,"robots_notranslate":false,"robots_max_snippet":null,"robots_max_videopreview":null,"robots_max_imagepreview":"large","priority":null,"frequency":null,"local_seo":null,"seo_analyzer_scan_date":"2025-12-02 11:48:22","breadcrumb_settings":null,"limit_modified_date":false,"open_ai":null,"ai":null,"created":"2020-12-21 13:46:41","updated":"2025-12-02 11:48:22"},"aioseo_breadcrumb":"<div class=\"aioseo-breadcrumbs\"><span class=\"aioseo-breadcrumb\">\n\t<a href=\"https:\/\/www.eldigitaldeasturias.com\/noticias\" title=\"Home\">Home<\/a>\n<\/span><span class=\"aioseo-breadcrumb-separator\">\u2013<\/span><span class=\"aioseo-breadcrumb\">\n\t<a href=\"https:\/\/www.eldigitaldeasturias.com\/noticias\/category\/destacadas\/\" title=\"Destacadas\">Destacadas<\/a>\n<\/span><span class=\"aioseo-breadcrumb-separator\">\u2013<\/span><span class=\"aioseo-breadcrumb\">\n\t<a href=\"https:\/\/www.eldigitaldeasturias.com\/noticias\/garcia-tejerina-el-sector-agroalimentario-debe-hacer-frente-a-nuevos-retos\/\" title=\"Garc\u00eda Tejerina: \u00abEl sector agroalimentario debe hacer frente a nuevos retos\u00bb\">Garc\u00eda Tejerina: \u00abEl sector agroalimentario debe hacer frente a nuevos retos\u00bb<\/a>\n<\/span><\/div>","aioseo_breadcrumb_json":[{"label":"Home","link":"https:\/\/www.eldigitaldeasturias.com\/noticias"},{"label":"Destacadas","link":"https:\/\/www.eldigitaldeasturias.com\/noticias\/category\/destacadas\/"},{"label":"Garc\u00eda Tejerina: \u00abEl sector agroalimentario debe hacer frente a nuevos retos\u00bb","link":"https:\/\/www.eldigitaldeasturias.com\/noticias\/garcia-tejerina-el-sector-agroalimentario-debe-hacer-frente-a-nuevos-retos\/"}],"_links":{"self":[{"href":"https:\/\/www.eldigitaldeasturias.com\/noticias\/wp-json\/wp\/v2\/posts\/920898","targetHints":{"allow":["GET"]}}],"collection":[{"href":"https:\/\/www.eldigitaldeasturias.com\/noticias\/wp-json\/wp\/v2\/posts"}],"about":[{"href":"https:\/\/www.eldigitaldeasturias.com\/noticias\/wp-json\/wp\/v2\/types\/post"}],"author":[{"embeddable":true,"href":"https:\/\/www.eldigitaldeasturias.com\/noticias\/wp-json\/wp\/v2\/users\/1"}],"replies":[{"embeddable":true,"href":"https:\/\/www.eldigitaldeasturias.com\/noticias\/wp-json\/wp\/v2\/comments?post=920898"}],"version-history":[{"count":0,"href":"https:\/\/www.eldigitaldeasturias.com\/noticias\/wp-json\/wp\/v2\/posts\/920898\/revisions"}],"wp:featuredmedia":[{"embeddable":true,"href":"https:\/\/www.eldigitaldeasturias.com\/noticias\/wp-json\/wp\/v2\/media\/551176"}],"wp:attachment":[{"href":"https:\/\/www.eldigitaldeasturias.com\/noticias\/wp-json\/wp\/v2\/media?parent=920898"}],"wp:term":[{"taxonomy":"category","embeddable":true,"href":"https:\/\/www.eldigitaldeasturias.com\/noticias\/wp-json\/wp\/v2\/categories?post=920898"},{"taxonomy":"post_tag","embeddable":true,"href":"https:\/\/www.eldigitaldeasturias.com\/noticias\/wp-json\/wp\/v2\/tags?post=920898"}],"curies":[{"name":"wp","href":"https:\/\/api.w.org\/{rel}","templated":true}]}}