{"id":920872,"date":"2016-12-28T19:57:42","date_gmt":"2016-12-28T19:57:42","guid":{"rendered":"http:\/\/www.eldigitaldeasturias.com\/noticias\/?p=920872"},"modified":"2016-12-28T19:59:53","modified_gmt":"2016-12-28T19:59:53","slug":"la-inocentada-de-la-comunidad-de-madrid-posiblemente-la-mejor-de-este-2016","status":"publish","type":"post","link":"https:\/\/www.eldigitaldeasturias.com\/noticias\/la-inocentada-de-la-comunidad-de-madrid-posiblemente-la-mejor-de-este-2016\/","title":{"rendered":"La inocentada de la Comunidad de Madrid, posiblemente la mejor de este 2016"},"content":{"rendered":"<p><img loading=\"lazy\" decoding=\"async\" class=\"alignleft size-medium wp-image-664900\" src=\"https:\/\/www.eldigitaldeasturias.com\/noticias\/wp-content\/uploads\/2014\/10\/6907287w-360x234.jpg\" alt=\"\" width=\"360\" height=\"234\" srcset=\"https:\/\/www.eldigitaldeasturias.com\/noticias\/wp-content\/uploads\/2014\/10\/6907287w-360x234.jpg 360w, https:\/\/www.eldigitaldeasturias.com\/noticias\/wp-content\/uploads\/2014\/10\/6907287w-650x422.jpg 650w, https:\/\/www.eldigitaldeasturias.com\/noticias\/wp-content\/uploads\/2014\/10\/6907287w.jpg 800w\" sizes=\"auto, (max-width: 360px) 100vw, 360px\" \/>M\u00e1s de uno, entre ellos me incluyo, quedamos impactados ante la notica de que la Comunidad de Madrid quer\u00eda proponer que el Atl\u00e9tico de Madrid jugar\u00e1 en el Bernab\u00e9u tras \u201cno poder autorizar el traslado a La Peineta\u201d<\/p>\n<p>En la \u201cnoticia\u201d difundida por la Comunidad en su sitio web se dec\u00eda lo siguiente\u2026<\/p>\n<blockquote><p>\u00abLa Comunidad propondr\u00e1 al Real Madrid que comparta estadio con el Atl\u00e9tico de Madrid, despu\u00e9s de que los t\u00e9cnicos de urbanismo hayan concluido en la noche de ayer que los errores con los que el Ayuntamiento present\u00f3 el proyecto a la Comunidad son insubsanables en el plazo necesario, a pesar de lo que parec\u00eda en un primer momento. Por este motivo, el proyecto no podr\u00e1 ser autorizado en el Consejo de Gobierno previsto para el pr\u00f3ximo viernes.<\/p>\n<p>Dado que ambos son equipos madrile\u00f1os, el Gobierno propone que puedan compartir estadio, de tal manera que se celebren en el Santiago Bernab\u00e9u los encuentros del Atl\u00e9tico, cuando el calendario futbol\u00edstico lo permita. Adem\u00e1s, se iniciar\u00e1n conversaciones con el resto de los equipos madrile\u00f1os, como el Rayo, el Legan\u00e9s o el Getafe, para que tambi\u00e9n cedan alternativamente sus campos a los rojiblancos.<\/p>\n<p>Los pormenores de este posible acuerdo, ser\u00e1n analizados el pr\u00f3ximo viernes, y tambi\u00e9n se iniciar\u00e1n las conversaciones con el Real Madrid para intentar alcanzar una soluci\u00f3n que permita dotar de un campo al Atl\u00e9tico de Madrid, mientras se soluciona su traslado al estadio de la Peineta, imposible de realizar por los ajustados plazos actuales y, tras el error del expediente que fue recibido por la Comunidad de Madrid\u00bb<\/p><\/blockquote>\n<p>Tras realizar un par de llamadas, a familiares, amigos y \u201ccompa\u00f1eros de colores\u201d, finalmente pudimos comprobar que est\u00e1 s\u00ed era la \u201cinocentada del 2016\u201d.<\/p>\n<p>Enhorabuena al gabinete de prensa y comunicaci\u00f3n, o al responsable de esta \u201cinformaci\u00f3n inocente\u201d que sin duda a m\u00e1s de uno le ha atragantado la comida o el desayuno\u2026. y tambi\u00e9n una sonrisa.<\/p>\n<p>&nbsp;<\/p>\n","protected":false},"excerpt":{"rendered":"<p>M\u00e1s de uno, entre ellos me incluyo, quedamos impactados ante la notica de que la Comunidad de Madrid quer\u00eda proponer que el Atl\u00e9tico de Madrid jugar\u00e1 en el Bernab\u00e9u tras \u201cno poder autorizar el traslado a La Peineta\u201d En la \u201cnoticia\u201d difundida por la Comunidad en su sitio web se dec\u00eda lo siguiente\u2026 \u00abLa Comunidad [&hellip;]<\/p>\n","protected":false},"author":1,"featured_media":664900,"comment_status":"closed","ping_status":"closed","sticky":false,"template":"","format":"standard","meta":{"footnotes":""},"categories":[141],"tags":[],"class_list":["post-920872","post","type-post","status-publish","format-standard","has-post-thumbnail","hentry","category-destacadas"],"aioseo_notices":[],"aioseo_head":"\n\t\t<!-- All in One SEO Pro 4.9.6.2 - aioseo.com -->\n\t<meta name=\"description\" content=\"M\u00e1s de uno, entre ellos me incluyo, quedamos impactados ante la notica de que la Comunidad de Madrid quer\u00eda proponer que el Atl\u00e9tico de Madrid jugar\u00e1 en el Bernab\u00e9u tras \u201cno poder autorizar el traslado a La Peineta\u201d En la \u201cnoticia\u201d difundida por la Comunidad en su sitio web se dec\u00eda lo siguiente\u2026 &quot;La Comunidad\" \/>\n\t<meta name=\"robots\" content=\"max-image-preview:large\" \/>\n\t<meta name=\"author\" content=\"El Digital de Asturias\"\/>\n\t<meta name=\"google-site-verification\" content=\"UA-38556648-1\" \/>\n\t<meta name=\"msvalidate.01\" content=\"7dfe9f3f1b24437ab69f4f2559babe99\" \/>\n\t<meta name=\"keywords\" content=\"destacadas\" \/>\n\t<link rel=\"canonical\" href=\"https:\/\/www.eldigitaldeasturias.com\/noticias\/la-inocentada-de-la-comunidad-de-madrid-posiblemente-la-mejor-de-este-2016\/\" \/>\n\t<meta name=\"generator\" content=\"All in One SEO Pro (AIOSEO) 4.9.6.2\" \/>\n\t\t<meta property=\"og:locale\" content=\"es_ES\" \/>\n\t\t<meta property=\"og:site_name\" content=\"El Digital de Asturias\" \/>\n\t\t<meta property=\"og:type\" content=\"article\" \/>\n\t\t<meta property=\"og:title\" content=\"La inocentada de la Comunidad de Madrid, posiblemente la mejor de este 2016 - El Digital de Asturias\" \/>\n\t\t<meta property=\"og:description\" content=\"M\u00e1s de uno, entre ellos me incluyo, quedamos impactados ante la notica de que la Comunidad de Madrid quer\u00eda proponer que el Atl\u00e9tico de Madrid jugar\u00e1 en el Bernab\u00e9u tras \u201cno poder autorizar el traslado a La Peineta\u201d En la \u201cnoticia\u201d difundida por la Comunidad en su sitio web se dec\u00eda lo siguiente\u2026 &quot;La Comunidad\" \/>\n\t\t<meta property=\"og:url\" content=\"https:\/\/www.eldigitaldeasturias.com\/noticias\/la-inocentada-de-la-comunidad-de-madrid-posiblemente-la-mejor-de-este-2016\/\" \/>\n\t\t<meta property=\"og:image\" content=\"https:\/\/www.eldigitaldeasturias.com\/noticias\/wp-content\/uploads\/2014\/10\/6907287w.jpg\" \/>\n\t\t<meta property=\"og:image:secure_url\" content=\"https:\/\/www.eldigitaldeasturias.com\/noticias\/wp-content\/uploads\/2014\/10\/6907287w.jpg\" \/>\n\t\t<meta property=\"og:image:width\" content=\"800\" \/>\n\t\t<meta property=\"og:image:height\" content=\"520\" \/>\n\t\t<meta property=\"article:tag\" content=\"destacadas\" \/>\n\t\t<meta property=\"article:published_time\" content=\"2016-12-28T19:57:42+00:00\" \/>\n\t\t<meta property=\"article:modified_time\" content=\"2016-12-28T19:59:53+00:00\" \/>\n\t\t<meta property=\"article:publisher\" content=\"https:\/\/facebook.com\/eldigitaldeasturias\" \/>\n\t\t<meta name=\"twitter:card\" content=\"summary_large_image\" \/>\n\t\t<meta name=\"twitter:title\" content=\"La inocentada de la Comunidad de Madrid, posiblemente la mejor de este 2016 - El Digital de Asturias\" \/>\n\t\t<meta name=\"twitter:description\" content=\"M\u00e1s de uno, entre ellos me incluyo, quedamos impactados ante la notica de que la Comunidad de Madrid quer\u00eda proponer que el Atl\u00e9tico de Madrid jugar\u00e1 en el Bernab\u00e9u tras \u201cno poder autorizar el traslado a La Peineta\u201d En la \u201cnoticia\u201d difundida por la Comunidad en su sitio web se dec\u00eda lo siguiente\u2026 &quot;La Comunidad\" \/>\n\t\t<meta name=\"twitter:image\" content=\"https:\/\/www.eldigitaldeasturias.com\/noticias\/wp-content\/uploads\/2014\/10\/6907287w.jpg\" \/>\n\t\t<meta name=\"twitter:label1\" content=\"Escrito por\" \/>\n\t\t<meta name=\"twitter:data1\" content=\"El Digital de Asturias\" \/>\n\t\t<meta name=\"twitter:label2\" content=\"Tiempo de lectura estimado\" \/>\n\t\t<meta name=\"twitter:data2\" content=\"2 minutos\" \/>\n\t\t<script type=\"application\/ld+json\" class=\"aioseo-schema\">\n\t\t\t{\"@context\":\"https:\\\/\\\/schema.org\",\"@graph\":[{\"@type\":\"BlogPosting\",\"@id\":\"https:\\\/\\\/www.eldigitaldeasturias.com\\\/noticias\\\/la-inocentada-de-la-comunidad-de-madrid-posiblemente-la-mejor-de-este-2016\\\/#blogposting\",\"name\":\"La inocentada de la Comunidad de Madrid, posiblemente la mejor de este 2016 - El Digital de Asturias\",\"headline\":\"La inocentada de la Comunidad de Madrid, posiblemente la mejor de este 2016\",\"author\":{\"@id\":\"https:\\\/\\\/www.eldigitaldeasturias.com\\\/noticias\\\/author\\\/admin\\\/#author\"},\"publisher\":{\"@id\":\"https:\\\/\\\/www.eldigitaldeasturias.com\\\/noticias\\\/#organization\"},\"image\":{\"@type\":\"ImageObject\",\"url\":\"https:\\\/\\\/www.eldigitaldeasturias.com\\\/noticias\\\/wp-content\\\/uploads\\\/2014\\\/10\\\/6907287w.jpg\",\"width\":800,\"height\":520},\"datePublished\":\"2016-12-28T19:57:42+01:00\",\"dateModified\":\"2016-12-28T19:59:53+01:00\",\"inLanguage\":\"es-ES\",\"mainEntityOfPage\":{\"@id\":\"https:\\\/\\\/www.eldigitaldeasturias.com\\\/noticias\\\/la-inocentada-de-la-comunidad-de-madrid-posiblemente-la-mejor-de-este-2016\\\/#webpage\"},\"isPartOf\":{\"@id\":\"https:\\\/\\\/www.eldigitaldeasturias.com\\\/noticias\\\/la-inocentada-de-la-comunidad-de-madrid-posiblemente-la-mejor-de-este-2016\\\/#webpage\"},\"articleSection\":\"Destacadas\"},{\"@type\":\"BreadcrumbList\",\"@id\":\"https:\\\/\\\/www.eldigitaldeasturias.com\\\/noticias\\\/la-inocentada-de-la-comunidad-de-madrid-posiblemente-la-mejor-de-este-2016\\\/#breadcrumblist\",\"itemListElement\":[{\"@type\":\"ListItem\",\"@id\":\"https:\\\/\\\/www.eldigitaldeasturias.com\\\/noticias#listItem\",\"position\":1,\"name\":\"Home\",\"item\":\"https:\\\/\\\/www.eldigitaldeasturias.com\\\/noticias\",\"nextItem\":{\"@type\":\"ListItem\",\"@id\":\"https:\\\/\\\/www.eldigitaldeasturias.com\\\/noticias\\\/category\\\/destacadas\\\/#listItem\",\"name\":\"Destacadas\"}},{\"@type\":\"ListItem\",\"@id\":\"https:\\\/\\\/www.eldigitaldeasturias.com\\\/noticias\\\/category\\\/destacadas\\\/#listItem\",\"position\":2,\"name\":\"Destacadas\",\"item\":\"https:\\\/\\\/www.eldigitaldeasturias.com\\\/noticias\\\/category\\\/destacadas\\\/\",\"nextItem\":{\"@type\":\"ListItem\",\"@id\":\"https:\\\/\\\/www.eldigitaldeasturias.com\\\/noticias\\\/la-inocentada-de-la-comunidad-de-madrid-posiblemente-la-mejor-de-este-2016\\\/#listItem\",\"name\":\"La inocentada de la Comunidad de Madrid, posiblemente la mejor de este 2016\"},\"previousItem\":{\"@type\":\"ListItem\",\"@id\":\"https:\\\/\\\/www.eldigitaldeasturias.com\\\/noticias#listItem\",\"name\":\"Home\"}},{\"@type\":\"ListItem\",\"@id\":\"https:\\\/\\\/www.eldigitaldeasturias.com\\\/noticias\\\/la-inocentada-de-la-comunidad-de-madrid-posiblemente-la-mejor-de-este-2016\\\/#listItem\",\"position\":3,\"name\":\"La inocentada de la Comunidad de Madrid, posiblemente la mejor de este 2016\",\"previousItem\":{\"@type\":\"ListItem\",\"@id\":\"https:\\\/\\\/www.eldigitaldeasturias.com\\\/noticias\\\/category\\\/destacadas\\\/#listItem\",\"name\":\"Destacadas\"}}]},{\"@type\":\"Organization\",\"@id\":\"https:\\\/\\\/www.eldigitaldeasturias.com\\\/noticias\\\/#organization\",\"name\":\"El Digital de Asturias\",\"description\":\"Hemeroteca\",\"url\":\"https:\\\/\\\/www.eldigitaldeasturias.com\\\/noticias\\\/\",\"email\":\"info@eldigitaldeasturias.com\",\"telephone\":\"+34652131393\",\"logo\":{\"@type\":\"ImageObject\",\"url\":\"https:\\\/\\\/www.eldigitaldeasturias.com\\\/noticias\\\/wp-content\\\/uploads\\\/2020\\\/12\\\/EDA.jpg\",\"@id\":\"https:\\\/\\\/www.eldigitaldeasturias.com\\\/noticias\\\/la-inocentada-de-la-comunidad-de-madrid-posiblemente-la-mejor-de-este-2016\\\/#organizationLogo\",\"width\":649,\"height\":297},\"image\":{\"@id\":\"https:\\\/\\\/www.eldigitaldeasturias.com\\\/noticias\\\/la-inocentada-de-la-comunidad-de-madrid-posiblemente-la-mejor-de-este-2016\\\/#organizationLogo\"},\"sameAs\":[\"https:\\\/\\\/facebook.com\\\/eldigitaldeasturias\",\"https:\\\/\\\/www.youtube.com\\\/channel\\\/UCZP-2wLEB9Rv6erhFmqVnvg\"],\"address\":{\"@id\":\"https:\\\/\\\/www.eldigitaldeasturias.com\\\/noticias\\\/#postaladdress\",\"@type\":\"PostalAddress\",\"streetAddress\":\"san antonio 4,\",\"postalCode\":\"33430\",\"addressLocality\":\"Cand\\u00e1s\",\"addressRegion\":\"Asturias\",\"addressCountry\":\"ES\"}},{\"@type\":\"Person\",\"@id\":\"https:\\\/\\\/www.eldigitaldeasturias.com\\\/noticias\\\/author\\\/admin\\\/#author\",\"url\":\"https:\\\/\\\/www.eldigitaldeasturias.com\\\/noticias\\\/author\\\/admin\\\/\",\"name\":\"El Digital de Asturias\",\"image\":{\"@type\":\"ImageObject\",\"@id\":\"https:\\\/\\\/www.eldigitaldeasturias.com\\\/noticias\\\/la-inocentada-de-la-comunidad-de-madrid-posiblemente-la-mejor-de-este-2016\\\/#authorImage\",\"url\":\"https:\\\/\\\/www.eldigitaldeasturias.com\\\/noticias\\\/wp-content\\\/litespeed\\\/avatar\\\/18677e78aa0546b92d9dbf31ec7d7668.jpg?ver=1777290358\",\"width\":96,\"height\":96,\"caption\":\"El Digital de Asturias\"}},{\"@type\":\"WebPage\",\"@id\":\"https:\\\/\\\/www.eldigitaldeasturias.com\\\/noticias\\\/la-inocentada-de-la-comunidad-de-madrid-posiblemente-la-mejor-de-este-2016\\\/#webpage\",\"url\":\"https:\\\/\\\/www.eldigitaldeasturias.com\\\/noticias\\\/la-inocentada-de-la-comunidad-de-madrid-posiblemente-la-mejor-de-este-2016\\\/\",\"name\":\"La inocentada de la Comunidad de Madrid, posiblemente la mejor de este 2016 - El Digital de Asturias\",\"description\":\"M\\u00e1s de uno, entre ellos me incluyo, quedamos impactados ante la notica de que la Comunidad de Madrid quer\\u00eda proponer que el Atl\\u00e9tico de Madrid jugar\\u00e1 en el Bernab\\u00e9u tras \\u201cno poder autorizar el traslado a La Peineta\\u201d En la \\u201cnoticia\\u201d difundida por la Comunidad en su sitio web se dec\\u00eda lo siguiente\\u2026 \\\"La Comunidad\",\"inLanguage\":\"es-ES\",\"isPartOf\":{\"@id\":\"https:\\\/\\\/www.eldigitaldeasturias.com\\\/noticias\\\/#website\"},\"breadcrumb\":{\"@id\":\"https:\\\/\\\/www.eldigitaldeasturias.com\\\/noticias\\\/la-inocentada-de-la-comunidad-de-madrid-posiblemente-la-mejor-de-este-2016\\\/#breadcrumblist\"},\"author\":{\"@id\":\"https:\\\/\\\/www.eldigitaldeasturias.com\\\/noticias\\\/author\\\/admin\\\/#author\"},\"creator\":{\"@id\":\"https:\\\/\\\/www.eldigitaldeasturias.com\\\/noticias\\\/author\\\/admin\\\/#author\"},\"image\":{\"@type\":\"ImageObject\",\"url\":\"https:\\\/\\\/www.eldigitaldeasturias.com\\\/noticias\\\/wp-content\\\/uploads\\\/2014\\\/10\\\/6907287w.jpg\",\"@id\":\"https:\\\/\\\/www.eldigitaldeasturias.com\\\/noticias\\\/la-inocentada-de-la-comunidad-de-madrid-posiblemente-la-mejor-de-este-2016\\\/#mainImage\",\"width\":800,\"height\":520},\"primaryImageOfPage\":{\"@id\":\"https:\\\/\\\/www.eldigitaldeasturias.com\\\/noticias\\\/la-inocentada-de-la-comunidad-de-madrid-posiblemente-la-mejor-de-este-2016\\\/#mainImage\"},\"datePublished\":\"2016-12-28T19:57:42+01:00\",\"dateModified\":\"2016-12-28T19:59:53+01:00\"},{\"@type\":\"WebSite\",\"@id\":\"https:\\\/\\\/www.eldigitaldeasturias.com\\\/noticias\\\/#website\",\"url\":\"https:\\\/\\\/www.eldigitaldeasturias.com\\\/noticias\\\/\",\"name\":\"El Digital de Asturias - Diario de actualidad y noticias\",\"alternateName\":\"El Digital de Asturias - Diario de actualidad y noticias\",\"description\":\"Hemeroteca\",\"inLanguage\":\"es-ES\",\"publisher\":{\"@id\":\"https:\\\/\\\/www.eldigitaldeasturias.com\\\/noticias\\\/#organization\"}}]}\n\t\t<\/script>\n\t\t<!-- All in One SEO Pro -->\r\n\t\t<title>La inocentada de la Comunidad de Madrid, posiblemente la mejor de este 2016 - El Digital de Asturias<\/title>\n\n","aioseo_head_json":{"title":"La inocentada de la Comunidad de Madrid, posiblemente la mejor de este 2016 - El Digital de Asturias","description":"M\u00e1s de uno, entre ellos me incluyo, quedamos impactados ante la notica de que la Comunidad de Madrid quer\u00eda proponer que el Atl\u00e9tico de Madrid jugar\u00e1 en el Bernab\u00e9u tras \u201cno poder autorizar el traslado a La Peineta\u201d En la \u201cnoticia\u201d difundida por la Comunidad en su sitio web se dec\u00eda lo siguiente\u2026 \"La Comunidad","canonical_url":"https:\/\/www.eldigitaldeasturias.com\/noticias\/la-inocentada-de-la-comunidad-de-madrid-posiblemente-la-mejor-de-este-2016\/","robots":"max-image-preview:large","keywords":"destacadas","webmasterTools":{"google-site-verification":"UA-38556648-1","msvalidate.01":"7dfe9f3f1b24437ab69f4f2559babe99","miscellaneous":""},"schema":{"@context":"https:\/\/schema.org","@graph":[{"@type":"BlogPosting","@id":"https:\/\/www.eldigitaldeasturias.com\/noticias\/la-inocentada-de-la-comunidad-de-madrid-posiblemente-la-mejor-de-este-2016\/#blogposting","name":"La inocentada de la Comunidad de Madrid, posiblemente la mejor de este 2016 - El Digital de Asturias","headline":"La inocentada de la Comunidad de Madrid, posiblemente la mejor de este 2016","author":{"@id":"https:\/\/www.eldigitaldeasturias.com\/noticias\/author\/admin\/#author"},"publisher":{"@id":"https:\/\/www.eldigitaldeasturias.com\/noticias\/#organization"},"image":{"@type":"ImageObject","url":"https:\/\/www.eldigitaldeasturias.com\/noticias\/wp-content\/uploads\/2014\/10\/6907287w.jpg","width":800,"height":520},"datePublished":"2016-12-28T19:57:42+01:00","dateModified":"2016-12-28T19:59:53+01:00","inLanguage":"es-ES","mainEntityOfPage":{"@id":"https:\/\/www.eldigitaldeasturias.com\/noticias\/la-inocentada-de-la-comunidad-de-madrid-posiblemente-la-mejor-de-este-2016\/#webpage"},"isPartOf":{"@id":"https:\/\/www.eldigitaldeasturias.com\/noticias\/la-inocentada-de-la-comunidad-de-madrid-posiblemente-la-mejor-de-este-2016\/#webpage"},"articleSection":"Destacadas"},{"@type":"BreadcrumbList","@id":"https:\/\/www.eldigitaldeasturias.com\/noticias\/la-inocentada-de-la-comunidad-de-madrid-posiblemente-la-mejor-de-este-2016\/#breadcrumblist","itemListElement":[{"@type":"ListItem","@id":"https:\/\/www.eldigitaldeasturias.com\/noticias#listItem","position":1,"name":"Home","item":"https:\/\/www.eldigitaldeasturias.com\/noticias","nextItem":{"@type":"ListItem","@id":"https:\/\/www.eldigitaldeasturias.com\/noticias\/category\/destacadas\/#listItem","name":"Destacadas"}},{"@type":"ListItem","@id":"https:\/\/www.eldigitaldeasturias.com\/noticias\/category\/destacadas\/#listItem","position":2,"name":"Destacadas","item":"https:\/\/www.eldigitaldeasturias.com\/noticias\/category\/destacadas\/","nextItem":{"@type":"ListItem","@id":"https:\/\/www.eldigitaldeasturias.com\/noticias\/la-inocentada-de-la-comunidad-de-madrid-posiblemente-la-mejor-de-este-2016\/#listItem","name":"La inocentada de la Comunidad de Madrid, posiblemente la mejor de este 2016"},"previousItem":{"@type":"ListItem","@id":"https:\/\/www.eldigitaldeasturias.com\/noticias#listItem","name":"Home"}},{"@type":"ListItem","@id":"https:\/\/www.eldigitaldeasturias.com\/noticias\/la-inocentada-de-la-comunidad-de-madrid-posiblemente-la-mejor-de-este-2016\/#listItem","position":3,"name":"La inocentada de la Comunidad de Madrid, posiblemente la mejor de este 2016","previousItem":{"@type":"ListItem","@id":"https:\/\/www.eldigitaldeasturias.com\/noticias\/category\/destacadas\/#listItem","name":"Destacadas"}}]},{"@type":"Organization","@id":"https:\/\/www.eldigitaldeasturias.com\/noticias\/#organization","name":"El Digital de Asturias","description":"Hemeroteca","url":"https:\/\/www.eldigitaldeasturias.com\/noticias\/","email":"info@eldigitaldeasturias.com","telephone":"+34652131393","logo":{"@type":"ImageObject","url":"https:\/\/www.eldigitaldeasturias.com\/noticias\/wp-content\/uploads\/2020\/12\/EDA.jpg","@id":"https:\/\/www.eldigitaldeasturias.com\/noticias\/la-inocentada-de-la-comunidad-de-madrid-posiblemente-la-mejor-de-este-2016\/#organizationLogo","width":649,"height":297},"image":{"@id":"https:\/\/www.eldigitaldeasturias.com\/noticias\/la-inocentada-de-la-comunidad-de-madrid-posiblemente-la-mejor-de-este-2016\/#organizationLogo"},"sameAs":["https:\/\/facebook.com\/eldigitaldeasturias","https:\/\/www.youtube.com\/channel\/UCZP-2wLEB9Rv6erhFmqVnvg"],"address":{"@id":"https:\/\/www.eldigitaldeasturias.com\/noticias\/#postaladdress","@type":"PostalAddress","streetAddress":"san antonio 4,","postalCode":"33430","addressLocality":"Cand\u00e1s","addressRegion":"Asturias","addressCountry":"ES"}},{"@type":"Person","@id":"https:\/\/www.eldigitaldeasturias.com\/noticias\/author\/admin\/#author","url":"https:\/\/www.eldigitaldeasturias.com\/noticias\/author\/admin\/","name":"El Digital de Asturias","image":{"@type":"ImageObject","@id":"https:\/\/www.eldigitaldeasturias.com\/noticias\/la-inocentada-de-la-comunidad-de-madrid-posiblemente-la-mejor-de-este-2016\/#authorImage","url":"https:\/\/www.eldigitaldeasturias.com\/noticias\/wp-content\/litespeed\/avatar\/18677e78aa0546b92d9dbf31ec7d7668.jpg?ver=1777290358","width":96,"height":96,"caption":"El Digital de Asturias"}},{"@type":"WebPage","@id":"https:\/\/www.eldigitaldeasturias.com\/noticias\/la-inocentada-de-la-comunidad-de-madrid-posiblemente-la-mejor-de-este-2016\/#webpage","url":"https:\/\/www.eldigitaldeasturias.com\/noticias\/la-inocentada-de-la-comunidad-de-madrid-posiblemente-la-mejor-de-este-2016\/","name":"La inocentada de la Comunidad de Madrid, posiblemente la mejor de este 2016 - El Digital de Asturias","description":"M\u00e1s de uno, entre ellos me incluyo, quedamos impactados ante la notica de que la Comunidad de Madrid quer\u00eda proponer que el Atl\u00e9tico de Madrid jugar\u00e1 en el Bernab\u00e9u tras \u201cno poder autorizar el traslado a La Peineta\u201d En la \u201cnoticia\u201d difundida por la Comunidad en su sitio web se dec\u00eda lo siguiente\u2026 \"La Comunidad","inLanguage":"es-ES","isPartOf":{"@id":"https:\/\/www.eldigitaldeasturias.com\/noticias\/#website"},"breadcrumb":{"@id":"https:\/\/www.eldigitaldeasturias.com\/noticias\/la-inocentada-de-la-comunidad-de-madrid-posiblemente-la-mejor-de-este-2016\/#breadcrumblist"},"author":{"@id":"https:\/\/www.eldigitaldeasturias.com\/noticias\/author\/admin\/#author"},"creator":{"@id":"https:\/\/www.eldigitaldeasturias.com\/noticias\/author\/admin\/#author"},"image":{"@type":"ImageObject","url":"https:\/\/www.eldigitaldeasturias.com\/noticias\/wp-content\/uploads\/2014\/10\/6907287w.jpg","@id":"https:\/\/www.eldigitaldeasturias.com\/noticias\/la-inocentada-de-la-comunidad-de-madrid-posiblemente-la-mejor-de-este-2016\/#mainImage","width":800,"height":520},"primaryImageOfPage":{"@id":"https:\/\/www.eldigitaldeasturias.com\/noticias\/la-inocentada-de-la-comunidad-de-madrid-posiblemente-la-mejor-de-este-2016\/#mainImage"},"datePublished":"2016-12-28T19:57:42+01:00","dateModified":"2016-12-28T19:59:53+01:00"},{"@type":"WebSite","@id":"https:\/\/www.eldigitaldeasturias.com\/noticias\/#website","url":"https:\/\/www.eldigitaldeasturias.com\/noticias\/","name":"El Digital de Asturias - Diario de actualidad y noticias","alternateName":"El Digital de Asturias - Diario de actualidad y noticias","description":"Hemeroteca","inLanguage":"es-ES","publisher":{"@id":"https:\/\/www.eldigitaldeasturias.com\/noticias\/#organization"}}]},"og:locale":"es_ES","og:site_name":"El Digital de Asturias","og:type":"article","og:title":"La inocentada de la Comunidad de Madrid, posiblemente la mejor de este 2016 - El Digital de Asturias","og:description":"M\u00e1s de uno, entre ellos me incluyo, quedamos impactados ante la notica de que la Comunidad de Madrid quer\u00eda proponer que el Atl\u00e9tico de Madrid jugar\u00e1 en el Bernab\u00e9u tras \u201cno poder autorizar el traslado a La Peineta\u201d En la \u201cnoticia\u201d difundida por la Comunidad en su sitio web se dec\u00eda lo siguiente\u2026 &quot;La Comunidad","og:url":"https:\/\/www.eldigitaldeasturias.com\/noticias\/la-inocentada-de-la-comunidad-de-madrid-posiblemente-la-mejor-de-este-2016\/","og:image":"https:\/\/www.eldigitaldeasturias.com\/noticias\/wp-content\/uploads\/2014\/10\/6907287w.jpg","og:image:secure_url":"https:\/\/www.eldigitaldeasturias.com\/noticias\/wp-content\/uploads\/2014\/10\/6907287w.jpg","og:image:width":800,"og:image:height":520,"article:tag":["destacadas"],"article:published_time":"2016-12-28T19:57:42+00:00","article:modified_time":"2016-12-28T19:59:53+00:00","article:publisher":"https:\/\/facebook.com\/eldigitaldeasturias","twitter:card":"summary_large_image","twitter:title":"La inocentada de la Comunidad de Madrid, posiblemente la mejor de este 2016 - El Digital de Asturias","twitter:description":"M\u00e1s de uno, entre ellos me incluyo, quedamos impactados ante la notica de que la Comunidad de Madrid quer\u00eda proponer que el Atl\u00e9tico de Madrid jugar\u00e1 en el Bernab\u00e9u tras \u201cno poder autorizar el traslado a La Peineta\u201d En la \u201cnoticia\u201d difundida por la Comunidad en su sitio web se dec\u00eda lo siguiente\u2026 &quot;La Comunidad","twitter:image":"https:\/\/www.eldigitaldeasturias.com\/noticias\/wp-content\/uploads\/2014\/10\/6907287w.jpg","twitter:label1":"Escrito por","twitter:data1":"El Digital de Asturias","twitter:label2":"Tiempo de lectura estimado","twitter:data2":"2 minutos"},"aioseo_meta_data":{"post_id":"920872","title":null,"description":null,"keywords":null,"keyphrases":null,"primary_term":null,"canonical_url":null,"og_title":null,"og_description":null,"og_object_type":"default","og_image_type":"default","og_image_url":null,"og_image_width":null,"og_image_height":null,"og_image_custom_url":null,"og_image_custom_fields":null,"og_video":null,"og_custom_url":null,"og_article_section":null,"og_article_tags":null,"twitter_use_og":false,"twitter_card":"default","twitter_image_type":"default","twitter_image_url":null,"twitter_image_custom_url":null,"twitter_image_custom_fields":null,"twitter_title":null,"twitter_description":null,"schema":{"blockGraphs":[],"customGraphs":[],"default":{"data":{"Article":[],"Course":[],"Dataset":[],"FAQPage":[],"Movie":[],"Person":[],"Product":[],"ProductReview":[],"Car":[],"Recipe":[],"Service":[],"SoftwareApplication":[],"WebPage":[]},"graphName":"","isEnabled":true},"graphs":[],"defaultGraph":"","defaultPostTypeGraph":""},"schema_type":null,"schema_type_options":null,"pillar_content":false,"robots_default":true,"robots_noindex":false,"robots_noarchive":false,"robots_nosnippet":false,"robots_nofollow":false,"robots_noimageindex":false,"robots_noodp":false,"robots_notranslate":false,"robots_max_snippet":null,"robots_max_videopreview":null,"robots_max_imagepreview":"large","priority":null,"frequency":null,"local_seo":null,"seo_analyzer_scan_date":"2025-12-02 11:44:08","breadcrumb_settings":null,"limit_modified_date":false,"open_ai":null,"ai":null,"created":"2020-12-21 13:46:41","updated":"2025-12-02 11:44:08"},"aioseo_breadcrumb":"<div class=\"aioseo-breadcrumbs\"><span class=\"aioseo-breadcrumb\">\n\t<a href=\"https:\/\/www.eldigitaldeasturias.com\/noticias\" title=\"Home\">Home<\/a>\n<\/span><span class=\"aioseo-breadcrumb-separator\">\u2013<\/span><span class=\"aioseo-breadcrumb\">\n\t<a href=\"https:\/\/www.eldigitaldeasturias.com\/noticias\/category\/destacadas\/\" title=\"Destacadas\">Destacadas<\/a>\n<\/span><span class=\"aioseo-breadcrumb-separator\">\u2013<\/span><span class=\"aioseo-breadcrumb\">\n\t<a href=\"https:\/\/www.eldigitaldeasturias.com\/noticias\/la-inocentada-de-la-comunidad-de-madrid-posiblemente-la-mejor-de-este-2016\/\" title=\"La inocentada de la Comunidad de Madrid, posiblemente la mejor de este 2016\">La inocentada de la Comunidad de Madrid, posiblemente la mejor de este 2016<\/a>\n<\/span><\/div>","aioseo_breadcrumb_json":[{"label":"Home","link":"https:\/\/www.eldigitaldeasturias.com\/noticias"},{"label":"Destacadas","link":"https:\/\/www.eldigitaldeasturias.com\/noticias\/category\/destacadas\/"},{"label":"La inocentada de la Comunidad de Madrid, posiblemente la mejor de este 2016","link":"https:\/\/www.eldigitaldeasturias.com\/noticias\/la-inocentada-de-la-comunidad-de-madrid-posiblemente-la-mejor-de-este-2016\/"}],"_links":{"self":[{"href":"https:\/\/www.eldigitaldeasturias.com\/noticias\/wp-json\/wp\/v2\/posts\/920872","targetHints":{"allow":["GET"]}}],"collection":[{"href":"https:\/\/www.eldigitaldeasturias.com\/noticias\/wp-json\/wp\/v2\/posts"}],"about":[{"href":"https:\/\/www.eldigitaldeasturias.com\/noticias\/wp-json\/wp\/v2\/types\/post"}],"author":[{"embeddable":true,"href":"https:\/\/www.eldigitaldeasturias.com\/noticias\/wp-json\/wp\/v2\/users\/1"}],"replies":[{"embeddable":true,"href":"https:\/\/www.eldigitaldeasturias.com\/noticias\/wp-json\/wp\/v2\/comments?post=920872"}],"version-history":[{"count":0,"href":"https:\/\/www.eldigitaldeasturias.com\/noticias\/wp-json\/wp\/v2\/posts\/920872\/revisions"}],"wp:featuredmedia":[{"embeddable":true,"href":"https:\/\/www.eldigitaldeasturias.com\/noticias\/wp-json\/wp\/v2\/media\/664900"}],"wp:attachment":[{"href":"https:\/\/www.eldigitaldeasturias.com\/noticias\/wp-json\/wp\/v2\/media?parent=920872"}],"wp:term":[{"taxonomy":"category","embeddable":true,"href":"https:\/\/www.eldigitaldeasturias.com\/noticias\/wp-json\/wp\/v2\/categories?post=920872"},{"taxonomy":"post_tag","embeddable":true,"href":"https:\/\/www.eldigitaldeasturias.com\/noticias\/wp-json\/wp\/v2\/tags?post=920872"}],"curies":[{"name":"wp","href":"https:\/\/api.w.org\/{rel}","templated":true}]}}