{"id":920745,"date":"2016-12-28T13:48:04","date_gmt":"2016-12-28T13:48:04","guid":{"rendered":"http:\/\/www.eldigitaldeasturias.com\/noticias\/?p=920745"},"modified":"2016-12-28T13:48:04","modified_gmt":"2016-12-28T13:48:04","slug":"el-principado-dedicara-unos-39-millones-para-consolidar-las-politicas-sociales","status":"publish","type":"post","link":"https:\/\/www.eldigitaldeasturias.com\/noticias\/el-principado-dedicara-unos-39-millones-para-consolidar-las-politicas-sociales\/","title":{"rendered":"El Principado dedicar\u00e1 unos 3,9  millones para consolidar las pol\u00edticas sociales"},"content":{"rendered":"<p><img loading=\"lazy\" decoding=\"async\" class=\"alignleft size-medium wp-image-920746\" src=\"https:\/\/www.eldigitaldeasturias.com\/noticias\/wp-content\/uploads\/2016\/12\/Consejo-Gobierno-360x209.jpg\" alt=\"\" width=\"360\" height=\"209\" srcset=\"https:\/\/www.eldigitaldeasturias.com\/noticias\/wp-content\/uploads\/2016\/12\/Consejo-Gobierno-360x209.jpg 360w, https:\/\/www.eldigitaldeasturias.com\/noticias\/wp-content\/uploads\/2016\/12\/Consejo-Gobierno-768x446.jpg 768w, https:\/\/www.eldigitaldeasturias.com\/noticias\/wp-content\/uploads\/2016\/12\/Consejo-Gobierno-650x378.jpg 650w, https:\/\/www.eldigitaldeasturias.com\/noticias\/wp-content\/uploads\/2016\/12\/Consejo-Gobierno-172x100.jpg 172w, https:\/\/www.eldigitaldeasturias.com\/noticias\/wp-content\/uploads\/2016\/12\/Consejo-Gobierno.jpg 1280w\" sizes=\"auto, (max-width: 360px) 100vw, 360px\" \/>El Consejo de Gobierno del Principado de Asturias ha autorizado un gasto de 3.950.483,76 euros destinados a consolidar las pol\u00edticas sociales de apoyo a las personas mayores y dependientes. Estas son las principales medidas:<\/p>\n<p>\u00b7 <strong>Servicios residenciales<\/strong><\/p>\n<p>Se prorrogan siete convenios que el organismo aut\u00f3nomo Establecimientos Residenciales para Ancianos de Asturias (ERA) mantiene con otras tantas entidades locales para prestar servicios a las personas mayores. Este acuerdo, que implica una inversi\u00f3n de 3.337.623,60 euros, permitir\u00e1 mantener durante el pr\u00f3ximo a\u00f1o el concierto de 218 plazas residenciales en instalaciones municipales. Los convenios son:<\/p>\n<ul>\n<li>Ayuntamiento de <strong>Villanueva de Oscos<\/strong>: 12 plazas concertadas y un gasto de 183.722,40 euros<\/li>\n<li>Ayuntamiento de <strong>Taramundi<\/strong>: 20 plazas concertadas y un gasto de 306.204 euros<\/li>\n<li>Ayuntamiento de <strong>Santa Eulalia de Oscos<\/strong>: 10 plazas concertadas y un gasto de 153.102 euros<\/li>\n<li>Ayuntamiento de <strong>Boal<\/strong>: 13 plazas concertadas y un gasto de 199.032,60 euros<\/li>\n<li>Fundaci\u00f3n Sanatorio Adaro, en Langreo: 91 plazas y un gasto de 1.393.228,20 euros<\/li>\n<li>Patronato Residencia Canuto Hevia, en <strong>Lena<\/strong>: 48 plazas y un gasto de 734.889,60 euros<\/li>\n<li>Patronato Residencia Faustino Sobrino, en <strong>Llanes<\/strong>: 24 plazas y un gasto de 367.444,80 euros<\/li>\n<\/ul>\n<p>El ERA tiene concertados mediante convenios 396 plazas con 16 ayuntamientos y fundaciones municipales.<\/p>\n<p><strong>Centros sociales<\/strong><\/p>\n<p>El Consejo de Gobierno ha decidido anticipar un gasto plurianual de 612.860,16 euros para contratar durante 24 meses el servicio de limpieza de los centros de d\u00eda y centros sociales para personas mayores de La Camocha, Cabrales, la Felguera, Gij\u00f3n Centro y Pola de Lena, dependientes de la Direcci\u00f3n General de Servicios Sociales de Proximidad. El contrato est\u00e1 reservado a centros especiales de empleo y empresas de inserci\u00f3n. En lo que va de a\u00f1o, la Consejer\u00eda de Servicios y Derechos Sociales ha reservado tambi\u00e9n el contrato de limpieza de otros ocho centros sociales adscritos a la Direcci\u00f3n General de Servicios Sociales de Proximidad, adem\u00e1s de los referidos al Centro de Apoyo a la Integraci\u00f3n Naranco y al centro de menores Pilares, con un presupuesto total de 1.477.976 euros.<\/p>\n<p><em>El Principado cuenta con 24 centros sociales de personas mayores, que suman cerca de 145.000 socios.<\/em><\/p>\n<p>&nbsp;<\/p>\n","protected":false},"excerpt":{"rendered":"<p>El Consejo de Gobierno del Principado de Asturias ha autorizado un gasto de 3.950.483,76 euros destinados a consolidar las pol\u00edticas sociales de apoyo a las personas mayores y dependientes. Estas son las principales medidas: \u00b7 Servicios residenciales Se prorrogan siete convenios que el organismo aut\u00f3nomo Establecimientos Residenciales para Ancianos de Asturias (ERA) mantiene con otras [&hellip;]<\/p>\n","protected":false},"author":1,"featured_media":920746,"comment_status":"closed","ping_status":"closed","sticky":false,"template":"","format":"standard","meta":{"footnotes":""},"categories":[141],"tags":[],"class_list":["post-920745","post","type-post","status-publish","format-standard","has-post-thumbnail","hentry","category-destacadas"],"aioseo_notices":[],"aioseo_head":"\n\t\t<!-- All in One SEO Pro 4.9.6.2 - aioseo.com -->\n\t<meta name=\"description\" content=\"El Consejo de Gobierno del Principado de Asturias ha autorizado un gasto de 3.950.483,76 euros destinados a consolidar las pol\u00edticas sociales de apoyo a las personas mayores y dependientes. Estas son las principales medidas: \u00b7 Servicios residenciales Se prorrogan siete convenios que el organismo aut\u00f3nomo Establecimientos Residenciales para Ancianos de Asturias (ERA) mantiene con otras\" \/>\n\t<meta name=\"robots\" content=\"max-image-preview:large\" \/>\n\t<meta name=\"author\" content=\"El Digital de Asturias\"\/>\n\t<meta name=\"google-site-verification\" content=\"UA-38556648-1\" \/>\n\t<meta name=\"msvalidate.01\" content=\"7dfe9f3f1b24437ab69f4f2559babe99\" \/>\n\t<meta name=\"keywords\" content=\"destacadas\" \/>\n\t<link rel=\"canonical\" href=\"https:\/\/www.eldigitaldeasturias.com\/noticias\/el-principado-dedicara-unos-39-millones-para-consolidar-las-politicas-sociales\/\" \/>\n\t<meta name=\"generator\" content=\"All in One SEO Pro (AIOSEO) 4.9.6.2\" \/>\n\t\t<meta property=\"og:locale\" content=\"es_ES\" \/>\n\t\t<meta property=\"og:site_name\" content=\"El Digital de Asturias\" \/>\n\t\t<meta property=\"og:type\" content=\"article\" \/>\n\t\t<meta property=\"og:title\" content=\"El Principado dedicar\u00e1 unos 3,9 millones para consolidar las pol\u00edticas sociales - El Digital de Asturias\" \/>\n\t\t<meta property=\"og:description\" content=\"El Consejo de Gobierno del Principado de Asturias ha autorizado un gasto de 3.950.483,76 euros destinados a consolidar las pol\u00edticas sociales de apoyo a las personas mayores y dependientes. Estas son las principales medidas: \u00b7 Servicios residenciales Se prorrogan siete convenios que el organismo aut\u00f3nomo Establecimientos Residenciales para Ancianos de Asturias (ERA) mantiene con otras\" \/>\n\t\t<meta property=\"og:url\" content=\"https:\/\/www.eldigitaldeasturias.com\/noticias\/el-principado-dedicara-unos-39-millones-para-consolidar-las-politicas-sociales\/\" \/>\n\t\t<meta property=\"og:image\" content=\"https:\/\/www.eldigitaldeasturias.com\/noticias\/wp-content\/uploads\/2016\/12\/Consejo-Gobierno.jpg\" \/>\n\t\t<meta property=\"og:image:secure_url\" content=\"https:\/\/www.eldigitaldeasturias.com\/noticias\/wp-content\/uploads\/2016\/12\/Consejo-Gobierno.jpg\" \/>\n\t\t<meta property=\"og:image:width\" content=\"1280\" \/>\n\t\t<meta property=\"og:image:height\" content=\"744\" \/>\n\t\t<meta property=\"article:tag\" content=\"destacadas\" \/>\n\t\t<meta property=\"article:published_time\" content=\"2016-12-28T13:48:04+00:00\" \/>\n\t\t<meta property=\"article:modified_time\" content=\"2016-12-28T13:48:04+00:00\" \/>\n\t\t<meta property=\"article:publisher\" content=\"https:\/\/facebook.com\/eldigitaldeasturias\" \/>\n\t\t<meta name=\"twitter:card\" content=\"summary_large_image\" \/>\n\t\t<meta name=\"twitter:title\" content=\"El Principado dedicar\u00e1 unos 3,9 millones para consolidar las pol\u00edticas sociales - El Digital de Asturias\" \/>\n\t\t<meta name=\"twitter:description\" content=\"El Consejo de Gobierno del Principado de Asturias ha autorizado un gasto de 3.950.483,76 euros destinados a consolidar las pol\u00edticas sociales de apoyo a las personas mayores y dependientes. Estas son las principales medidas: \u00b7 Servicios residenciales Se prorrogan siete convenios que el organismo aut\u00f3nomo Establecimientos Residenciales para Ancianos de Asturias (ERA) mantiene con otras\" \/>\n\t\t<meta name=\"twitter:image\" content=\"https:\/\/www.eldigitaldeasturias.com\/noticias\/wp-content\/uploads\/2016\/12\/Consejo-Gobierno.jpg\" \/>\n\t\t<meta name=\"twitter:label1\" content=\"Escrito por\" \/>\n\t\t<meta name=\"twitter:data1\" content=\"El Digital de Asturias\" \/>\n\t\t<meta name=\"twitter:label2\" content=\"Tiempo de lectura estimado\" \/>\n\t\t<meta name=\"twitter:data2\" content=\"2 minutos\" \/>\n\t\t<script type=\"application\/ld+json\" class=\"aioseo-schema\">\n\t\t\t{\"@context\":\"https:\\\/\\\/schema.org\",\"@graph\":[{\"@type\":\"BlogPosting\",\"@id\":\"https:\\\/\\\/www.eldigitaldeasturias.com\\\/noticias\\\/el-principado-dedicara-unos-39-millones-para-consolidar-las-politicas-sociales\\\/#blogposting\",\"name\":\"El Principado dedicar\\u00e1 unos 3,9 millones para consolidar las pol\\u00edticas sociales - El Digital de Asturias\",\"headline\":\"El Principado dedicar\\u00e1 unos 3,9  millones para consolidar las pol\\u00edticas sociales\",\"author\":{\"@id\":\"https:\\\/\\\/www.eldigitaldeasturias.com\\\/noticias\\\/author\\\/admin\\\/#author\"},\"publisher\":{\"@id\":\"https:\\\/\\\/www.eldigitaldeasturias.com\\\/noticias\\\/#organization\"},\"image\":{\"@type\":\"ImageObject\",\"url\":\"https:\\\/\\\/www.eldigitaldeasturias.com\\\/noticias\\\/wp-content\\\/uploads\\\/2016\\\/12\\\/Consejo-Gobierno.jpg\",\"width\":1280,\"height\":744},\"datePublished\":\"2016-12-28T13:48:04+01:00\",\"dateModified\":\"2016-12-28T13:48:04+01:00\",\"inLanguage\":\"es-ES\",\"mainEntityOfPage\":{\"@id\":\"https:\\\/\\\/www.eldigitaldeasturias.com\\\/noticias\\\/el-principado-dedicara-unos-39-millones-para-consolidar-las-politicas-sociales\\\/#webpage\"},\"isPartOf\":{\"@id\":\"https:\\\/\\\/www.eldigitaldeasturias.com\\\/noticias\\\/el-principado-dedicara-unos-39-millones-para-consolidar-las-politicas-sociales\\\/#webpage\"},\"articleSection\":\"Destacadas\"},{\"@type\":\"BreadcrumbList\",\"@id\":\"https:\\\/\\\/www.eldigitaldeasturias.com\\\/noticias\\\/el-principado-dedicara-unos-39-millones-para-consolidar-las-politicas-sociales\\\/#breadcrumblist\",\"itemListElement\":[{\"@type\":\"ListItem\",\"@id\":\"https:\\\/\\\/www.eldigitaldeasturias.com\\\/noticias#listItem\",\"position\":1,\"name\":\"Home\",\"item\":\"https:\\\/\\\/www.eldigitaldeasturias.com\\\/noticias\",\"nextItem\":{\"@type\":\"ListItem\",\"@id\":\"https:\\\/\\\/www.eldigitaldeasturias.com\\\/noticias\\\/category\\\/destacadas\\\/#listItem\",\"name\":\"Destacadas\"}},{\"@type\":\"ListItem\",\"@id\":\"https:\\\/\\\/www.eldigitaldeasturias.com\\\/noticias\\\/category\\\/destacadas\\\/#listItem\",\"position\":2,\"name\":\"Destacadas\",\"item\":\"https:\\\/\\\/www.eldigitaldeasturias.com\\\/noticias\\\/category\\\/destacadas\\\/\",\"nextItem\":{\"@type\":\"ListItem\",\"@id\":\"https:\\\/\\\/www.eldigitaldeasturias.com\\\/noticias\\\/el-principado-dedicara-unos-39-millones-para-consolidar-las-politicas-sociales\\\/#listItem\",\"name\":\"El Principado dedicar\\u00e1 unos 3,9  millones para consolidar las pol\\u00edticas sociales\"},\"previousItem\":{\"@type\":\"ListItem\",\"@id\":\"https:\\\/\\\/www.eldigitaldeasturias.com\\\/noticias#listItem\",\"name\":\"Home\"}},{\"@type\":\"ListItem\",\"@id\":\"https:\\\/\\\/www.eldigitaldeasturias.com\\\/noticias\\\/el-principado-dedicara-unos-39-millones-para-consolidar-las-politicas-sociales\\\/#listItem\",\"position\":3,\"name\":\"El Principado dedicar\\u00e1 unos 3,9  millones para consolidar las pol\\u00edticas sociales\",\"previousItem\":{\"@type\":\"ListItem\",\"@id\":\"https:\\\/\\\/www.eldigitaldeasturias.com\\\/noticias\\\/category\\\/destacadas\\\/#listItem\",\"name\":\"Destacadas\"}}]},{\"@type\":\"Organization\",\"@id\":\"https:\\\/\\\/www.eldigitaldeasturias.com\\\/noticias\\\/#organization\",\"name\":\"El Digital de Asturias\",\"description\":\"Hemeroteca\",\"url\":\"https:\\\/\\\/www.eldigitaldeasturias.com\\\/noticias\\\/\",\"email\":\"info@eldigitaldeasturias.com\",\"telephone\":\"+34652131393\",\"logo\":{\"@type\":\"ImageObject\",\"url\":\"https:\\\/\\\/www.eldigitaldeasturias.com\\\/noticias\\\/wp-content\\\/uploads\\\/2020\\\/12\\\/EDA.jpg\",\"@id\":\"https:\\\/\\\/www.eldigitaldeasturias.com\\\/noticias\\\/el-principado-dedicara-unos-39-millones-para-consolidar-las-politicas-sociales\\\/#organizationLogo\",\"width\":649,\"height\":297},\"image\":{\"@id\":\"https:\\\/\\\/www.eldigitaldeasturias.com\\\/noticias\\\/el-principado-dedicara-unos-39-millones-para-consolidar-las-politicas-sociales\\\/#organizationLogo\"},\"sameAs\":[\"https:\\\/\\\/facebook.com\\\/eldigitaldeasturias\",\"https:\\\/\\\/www.youtube.com\\\/channel\\\/UCZP-2wLEB9Rv6erhFmqVnvg\"],\"address\":{\"@id\":\"https:\\\/\\\/www.eldigitaldeasturias.com\\\/noticias\\\/#postaladdress\",\"@type\":\"PostalAddress\",\"streetAddress\":\"san antonio 4,\",\"postalCode\":\"33430\",\"addressLocality\":\"Cand\\u00e1s\",\"addressRegion\":\"Asturias\",\"addressCountry\":\"ES\"}},{\"@type\":\"Person\",\"@id\":\"https:\\\/\\\/www.eldigitaldeasturias.com\\\/noticias\\\/author\\\/admin\\\/#author\",\"url\":\"https:\\\/\\\/www.eldigitaldeasturias.com\\\/noticias\\\/author\\\/admin\\\/\",\"name\":\"El Digital de Asturias\",\"image\":{\"@type\":\"ImageObject\",\"@id\":\"https:\\\/\\\/www.eldigitaldeasturias.com\\\/noticias\\\/el-principado-dedicara-unos-39-millones-para-consolidar-las-politicas-sociales\\\/#authorImage\",\"url\":\"https:\\\/\\\/www.eldigitaldeasturias.com\\\/noticias\\\/wp-content\\\/litespeed\\\/avatar\\\/18677e78aa0546b92d9dbf31ec7d7668.jpg?ver=1777290358\",\"width\":96,\"height\":96,\"caption\":\"El Digital de Asturias\"}},{\"@type\":\"WebPage\",\"@id\":\"https:\\\/\\\/www.eldigitaldeasturias.com\\\/noticias\\\/el-principado-dedicara-unos-39-millones-para-consolidar-las-politicas-sociales\\\/#webpage\",\"url\":\"https:\\\/\\\/www.eldigitaldeasturias.com\\\/noticias\\\/el-principado-dedicara-unos-39-millones-para-consolidar-las-politicas-sociales\\\/\",\"name\":\"El Principado dedicar\\u00e1 unos 3,9 millones para consolidar las pol\\u00edticas sociales - El Digital de Asturias\",\"description\":\"El Consejo de Gobierno del Principado de Asturias ha autorizado un gasto de 3.950.483,76 euros destinados a consolidar las pol\\u00edticas sociales de apoyo a las personas mayores y dependientes. Estas son las principales medidas: \\u00b7 Servicios residenciales Se prorrogan siete convenios que el organismo aut\\u00f3nomo Establecimientos Residenciales para Ancianos de Asturias (ERA) mantiene con otras\",\"inLanguage\":\"es-ES\",\"isPartOf\":{\"@id\":\"https:\\\/\\\/www.eldigitaldeasturias.com\\\/noticias\\\/#website\"},\"breadcrumb\":{\"@id\":\"https:\\\/\\\/www.eldigitaldeasturias.com\\\/noticias\\\/el-principado-dedicara-unos-39-millones-para-consolidar-las-politicas-sociales\\\/#breadcrumblist\"},\"author\":{\"@id\":\"https:\\\/\\\/www.eldigitaldeasturias.com\\\/noticias\\\/author\\\/admin\\\/#author\"},\"creator\":{\"@id\":\"https:\\\/\\\/www.eldigitaldeasturias.com\\\/noticias\\\/author\\\/admin\\\/#author\"},\"image\":{\"@type\":\"ImageObject\",\"url\":\"https:\\\/\\\/www.eldigitaldeasturias.com\\\/noticias\\\/wp-content\\\/uploads\\\/2016\\\/12\\\/Consejo-Gobierno.jpg\",\"@id\":\"https:\\\/\\\/www.eldigitaldeasturias.com\\\/noticias\\\/el-principado-dedicara-unos-39-millones-para-consolidar-las-politicas-sociales\\\/#mainImage\",\"width\":1280,\"height\":744},\"primaryImageOfPage\":{\"@id\":\"https:\\\/\\\/www.eldigitaldeasturias.com\\\/noticias\\\/el-principado-dedicara-unos-39-millones-para-consolidar-las-politicas-sociales\\\/#mainImage\"},\"datePublished\":\"2016-12-28T13:48:04+01:00\",\"dateModified\":\"2016-12-28T13:48:04+01:00\"},{\"@type\":\"WebSite\",\"@id\":\"https:\\\/\\\/www.eldigitaldeasturias.com\\\/noticias\\\/#website\",\"url\":\"https:\\\/\\\/www.eldigitaldeasturias.com\\\/noticias\\\/\",\"name\":\"El Digital de Asturias - Diario de actualidad y noticias\",\"alternateName\":\"El Digital de Asturias - Diario de actualidad y noticias\",\"description\":\"Hemeroteca\",\"inLanguage\":\"es-ES\",\"publisher\":{\"@id\":\"https:\\\/\\\/www.eldigitaldeasturias.com\\\/noticias\\\/#organization\"}}]}\n\t\t<\/script>\n\t\t<!-- All in One SEO Pro -->\r\n\t\t<title>El Principado dedicar\u00e1 unos 3,9 millones para consolidar las pol\u00edticas sociales - El Digital de Asturias<\/title>\n\n","aioseo_head_json":{"title":"El Principado dedicar\u00e1 unos 3,9 millones para consolidar las pol\u00edticas sociales - El Digital de Asturias","description":"El Consejo de Gobierno del Principado de Asturias ha autorizado un gasto de 3.950.483,76 euros destinados a consolidar las pol\u00edticas sociales de apoyo a las personas mayores y dependientes. Estas son las principales medidas: \u00b7 Servicios residenciales Se prorrogan siete convenios que el organismo aut\u00f3nomo Establecimientos Residenciales para Ancianos de Asturias (ERA) mantiene con otras","canonical_url":"https:\/\/www.eldigitaldeasturias.com\/noticias\/el-principado-dedicara-unos-39-millones-para-consolidar-las-politicas-sociales\/","robots":"max-image-preview:large","keywords":"destacadas","webmasterTools":{"google-site-verification":"UA-38556648-1","msvalidate.01":"7dfe9f3f1b24437ab69f4f2559babe99","miscellaneous":""},"schema":{"@context":"https:\/\/schema.org","@graph":[{"@type":"BlogPosting","@id":"https:\/\/www.eldigitaldeasturias.com\/noticias\/el-principado-dedicara-unos-39-millones-para-consolidar-las-politicas-sociales\/#blogposting","name":"El Principado dedicar\u00e1 unos 3,9 millones para consolidar las pol\u00edticas sociales - El Digital de Asturias","headline":"El Principado dedicar\u00e1 unos 3,9  millones para consolidar las pol\u00edticas sociales","author":{"@id":"https:\/\/www.eldigitaldeasturias.com\/noticias\/author\/admin\/#author"},"publisher":{"@id":"https:\/\/www.eldigitaldeasturias.com\/noticias\/#organization"},"image":{"@type":"ImageObject","url":"https:\/\/www.eldigitaldeasturias.com\/noticias\/wp-content\/uploads\/2016\/12\/Consejo-Gobierno.jpg","width":1280,"height":744},"datePublished":"2016-12-28T13:48:04+01:00","dateModified":"2016-12-28T13:48:04+01:00","inLanguage":"es-ES","mainEntityOfPage":{"@id":"https:\/\/www.eldigitaldeasturias.com\/noticias\/el-principado-dedicara-unos-39-millones-para-consolidar-las-politicas-sociales\/#webpage"},"isPartOf":{"@id":"https:\/\/www.eldigitaldeasturias.com\/noticias\/el-principado-dedicara-unos-39-millones-para-consolidar-las-politicas-sociales\/#webpage"},"articleSection":"Destacadas"},{"@type":"BreadcrumbList","@id":"https:\/\/www.eldigitaldeasturias.com\/noticias\/el-principado-dedicara-unos-39-millones-para-consolidar-las-politicas-sociales\/#breadcrumblist","itemListElement":[{"@type":"ListItem","@id":"https:\/\/www.eldigitaldeasturias.com\/noticias#listItem","position":1,"name":"Home","item":"https:\/\/www.eldigitaldeasturias.com\/noticias","nextItem":{"@type":"ListItem","@id":"https:\/\/www.eldigitaldeasturias.com\/noticias\/category\/destacadas\/#listItem","name":"Destacadas"}},{"@type":"ListItem","@id":"https:\/\/www.eldigitaldeasturias.com\/noticias\/category\/destacadas\/#listItem","position":2,"name":"Destacadas","item":"https:\/\/www.eldigitaldeasturias.com\/noticias\/category\/destacadas\/","nextItem":{"@type":"ListItem","@id":"https:\/\/www.eldigitaldeasturias.com\/noticias\/el-principado-dedicara-unos-39-millones-para-consolidar-las-politicas-sociales\/#listItem","name":"El Principado dedicar\u00e1 unos 3,9  millones para consolidar las pol\u00edticas sociales"},"previousItem":{"@type":"ListItem","@id":"https:\/\/www.eldigitaldeasturias.com\/noticias#listItem","name":"Home"}},{"@type":"ListItem","@id":"https:\/\/www.eldigitaldeasturias.com\/noticias\/el-principado-dedicara-unos-39-millones-para-consolidar-las-politicas-sociales\/#listItem","position":3,"name":"El Principado dedicar\u00e1 unos 3,9  millones para consolidar las pol\u00edticas sociales","previousItem":{"@type":"ListItem","@id":"https:\/\/www.eldigitaldeasturias.com\/noticias\/category\/destacadas\/#listItem","name":"Destacadas"}}]},{"@type":"Organization","@id":"https:\/\/www.eldigitaldeasturias.com\/noticias\/#organization","name":"El Digital de Asturias","description":"Hemeroteca","url":"https:\/\/www.eldigitaldeasturias.com\/noticias\/","email":"info@eldigitaldeasturias.com","telephone":"+34652131393","logo":{"@type":"ImageObject","url":"https:\/\/www.eldigitaldeasturias.com\/noticias\/wp-content\/uploads\/2020\/12\/EDA.jpg","@id":"https:\/\/www.eldigitaldeasturias.com\/noticias\/el-principado-dedicara-unos-39-millones-para-consolidar-las-politicas-sociales\/#organizationLogo","width":649,"height":297},"image":{"@id":"https:\/\/www.eldigitaldeasturias.com\/noticias\/el-principado-dedicara-unos-39-millones-para-consolidar-las-politicas-sociales\/#organizationLogo"},"sameAs":["https:\/\/facebook.com\/eldigitaldeasturias","https:\/\/www.youtube.com\/channel\/UCZP-2wLEB9Rv6erhFmqVnvg"],"address":{"@id":"https:\/\/www.eldigitaldeasturias.com\/noticias\/#postaladdress","@type":"PostalAddress","streetAddress":"san antonio 4,","postalCode":"33430","addressLocality":"Cand\u00e1s","addressRegion":"Asturias","addressCountry":"ES"}},{"@type":"Person","@id":"https:\/\/www.eldigitaldeasturias.com\/noticias\/author\/admin\/#author","url":"https:\/\/www.eldigitaldeasturias.com\/noticias\/author\/admin\/","name":"El Digital de Asturias","image":{"@type":"ImageObject","@id":"https:\/\/www.eldigitaldeasturias.com\/noticias\/el-principado-dedicara-unos-39-millones-para-consolidar-las-politicas-sociales\/#authorImage","url":"https:\/\/www.eldigitaldeasturias.com\/noticias\/wp-content\/litespeed\/avatar\/18677e78aa0546b92d9dbf31ec7d7668.jpg?ver=1777290358","width":96,"height":96,"caption":"El Digital de Asturias"}},{"@type":"WebPage","@id":"https:\/\/www.eldigitaldeasturias.com\/noticias\/el-principado-dedicara-unos-39-millones-para-consolidar-las-politicas-sociales\/#webpage","url":"https:\/\/www.eldigitaldeasturias.com\/noticias\/el-principado-dedicara-unos-39-millones-para-consolidar-las-politicas-sociales\/","name":"El Principado dedicar\u00e1 unos 3,9 millones para consolidar las pol\u00edticas sociales - El Digital de Asturias","description":"El Consejo de Gobierno del Principado de Asturias ha autorizado un gasto de 3.950.483,76 euros destinados a consolidar las pol\u00edticas sociales de apoyo a las personas mayores y dependientes. Estas son las principales medidas: \u00b7 Servicios residenciales Se prorrogan siete convenios que el organismo aut\u00f3nomo Establecimientos Residenciales para Ancianos de Asturias (ERA) mantiene con otras","inLanguage":"es-ES","isPartOf":{"@id":"https:\/\/www.eldigitaldeasturias.com\/noticias\/#website"},"breadcrumb":{"@id":"https:\/\/www.eldigitaldeasturias.com\/noticias\/el-principado-dedicara-unos-39-millones-para-consolidar-las-politicas-sociales\/#breadcrumblist"},"author":{"@id":"https:\/\/www.eldigitaldeasturias.com\/noticias\/author\/admin\/#author"},"creator":{"@id":"https:\/\/www.eldigitaldeasturias.com\/noticias\/author\/admin\/#author"},"image":{"@type":"ImageObject","url":"https:\/\/www.eldigitaldeasturias.com\/noticias\/wp-content\/uploads\/2016\/12\/Consejo-Gobierno.jpg","@id":"https:\/\/www.eldigitaldeasturias.com\/noticias\/el-principado-dedicara-unos-39-millones-para-consolidar-las-politicas-sociales\/#mainImage","width":1280,"height":744},"primaryImageOfPage":{"@id":"https:\/\/www.eldigitaldeasturias.com\/noticias\/el-principado-dedicara-unos-39-millones-para-consolidar-las-politicas-sociales\/#mainImage"},"datePublished":"2016-12-28T13:48:04+01:00","dateModified":"2016-12-28T13:48:04+01:00"},{"@type":"WebSite","@id":"https:\/\/www.eldigitaldeasturias.com\/noticias\/#website","url":"https:\/\/www.eldigitaldeasturias.com\/noticias\/","name":"El Digital de Asturias - Diario de actualidad y noticias","alternateName":"El Digital de Asturias - Diario de actualidad y noticias","description":"Hemeroteca","inLanguage":"es-ES","publisher":{"@id":"https:\/\/www.eldigitaldeasturias.com\/noticias\/#organization"}}]},"og:locale":"es_ES","og:site_name":"El Digital de Asturias","og:type":"article","og:title":"El Principado dedicar\u00e1 unos 3,9 millones para consolidar las pol\u00edticas sociales - El Digital de Asturias","og:description":"El Consejo de Gobierno del Principado de Asturias ha autorizado un gasto de 3.950.483,76 euros destinados a consolidar las pol\u00edticas sociales de apoyo a las personas mayores y dependientes. Estas son las principales medidas: \u00b7 Servicios residenciales Se prorrogan siete convenios que el organismo aut\u00f3nomo Establecimientos Residenciales para Ancianos de Asturias (ERA) mantiene con otras","og:url":"https:\/\/www.eldigitaldeasturias.com\/noticias\/el-principado-dedicara-unos-39-millones-para-consolidar-las-politicas-sociales\/","og:image":"https:\/\/www.eldigitaldeasturias.com\/noticias\/wp-content\/uploads\/2016\/12\/Consejo-Gobierno.jpg","og:image:secure_url":"https:\/\/www.eldigitaldeasturias.com\/noticias\/wp-content\/uploads\/2016\/12\/Consejo-Gobierno.jpg","og:image:width":1280,"og:image:height":744,"article:tag":["destacadas"],"article:published_time":"2016-12-28T13:48:04+00:00","article:modified_time":"2016-12-28T13:48:04+00:00","article:publisher":"https:\/\/facebook.com\/eldigitaldeasturias","twitter:card":"summary_large_image","twitter:title":"El Principado dedicar\u00e1 unos 3,9 millones para consolidar las pol\u00edticas sociales - El Digital de Asturias","twitter:description":"El Consejo de Gobierno del Principado de Asturias ha autorizado un gasto de 3.950.483,76 euros destinados a consolidar las pol\u00edticas sociales de apoyo a las personas mayores y dependientes. Estas son las principales medidas: \u00b7 Servicios residenciales Se prorrogan siete convenios que el organismo aut\u00f3nomo Establecimientos Residenciales para Ancianos de Asturias (ERA) mantiene con otras","twitter:image":"https:\/\/www.eldigitaldeasturias.com\/noticias\/wp-content\/uploads\/2016\/12\/Consejo-Gobierno.jpg","twitter:label1":"Escrito por","twitter:data1":"El Digital de Asturias","twitter:label2":"Tiempo de lectura estimado","twitter:data2":"2 minutos"},"aioseo_meta_data":{"post_id":"920745","title":null,"description":null,"keywords":null,"keyphrases":null,"primary_term":null,"canonical_url":null,"og_title":null,"og_description":null,"og_object_type":"default","og_image_type":"default","og_image_url":null,"og_image_width":null,"og_image_height":null,"og_image_custom_url":null,"og_image_custom_fields":null,"og_video":null,"og_custom_url":null,"og_article_section":null,"og_article_tags":null,"twitter_use_og":false,"twitter_card":"default","twitter_image_type":"default","twitter_image_url":null,"twitter_image_custom_url":null,"twitter_image_custom_fields":null,"twitter_title":null,"twitter_description":null,"schema":{"blockGraphs":[],"customGraphs":[],"default":{"data":{"Article":[],"Course":[],"Dataset":[],"FAQPage":[],"Movie":[],"Person":[],"Product":[],"ProductReview":[],"Car":[],"Recipe":[],"Service":[],"SoftwareApplication":[],"WebPage":[]},"graphName":"","isEnabled":true},"graphs":[],"defaultGraph":"","defaultPostTypeGraph":""},"schema_type":null,"schema_type_options":null,"pillar_content":false,"robots_default":true,"robots_noindex":false,"robots_noarchive":false,"robots_nosnippet":false,"robots_nofollow":false,"robots_noimageindex":false,"robots_noodp":false,"robots_notranslate":false,"robots_max_snippet":null,"robots_max_videopreview":null,"robots_max_imagepreview":"large","priority":null,"frequency":null,"local_seo":null,"seo_analyzer_scan_date":"2025-12-02 11:18:14","breadcrumb_settings":null,"limit_modified_date":false,"open_ai":null,"ai":null,"created":"2020-12-21 13:46:46","updated":"2025-12-02 11:18:14"},"aioseo_breadcrumb":"<div class=\"aioseo-breadcrumbs\"><span class=\"aioseo-breadcrumb\">\n\t<a href=\"https:\/\/www.eldigitaldeasturias.com\/noticias\" title=\"Home\">Home<\/a>\n<\/span><span class=\"aioseo-breadcrumb-separator\">\u2013<\/span><span class=\"aioseo-breadcrumb\">\n\t<a href=\"https:\/\/www.eldigitaldeasturias.com\/noticias\/category\/destacadas\/\" title=\"Destacadas\">Destacadas<\/a>\n<\/span><span class=\"aioseo-breadcrumb-separator\">\u2013<\/span><span class=\"aioseo-breadcrumb\">\n\t<a href=\"https:\/\/www.eldigitaldeasturias.com\/noticias\/el-principado-dedicara-unos-39-millones-para-consolidar-las-politicas-sociales\/\" title=\"El Principado dedicar\u00e1 unos 3,9  millones para consolidar las pol\u00edticas sociales\">El Principado dedicar\u00e1 unos 3,9  millones para consolidar las pol\u00edticas sociales<\/a>\n<\/span><\/div>","aioseo_breadcrumb_json":[{"label":"Home","link":"https:\/\/www.eldigitaldeasturias.com\/noticias"},{"label":"Destacadas","link":"https:\/\/www.eldigitaldeasturias.com\/noticias\/category\/destacadas\/"},{"label":"El Principado dedicar\u00e1 unos 3,9  millones para consolidar las pol\u00edticas sociales","link":"https:\/\/www.eldigitaldeasturias.com\/noticias\/el-principado-dedicara-unos-39-millones-para-consolidar-las-politicas-sociales\/"}],"_links":{"self":[{"href":"https:\/\/www.eldigitaldeasturias.com\/noticias\/wp-json\/wp\/v2\/posts\/920745","targetHints":{"allow":["GET"]}}],"collection":[{"href":"https:\/\/www.eldigitaldeasturias.com\/noticias\/wp-json\/wp\/v2\/posts"}],"about":[{"href":"https:\/\/www.eldigitaldeasturias.com\/noticias\/wp-json\/wp\/v2\/types\/post"}],"author":[{"embeddable":true,"href":"https:\/\/www.eldigitaldeasturias.com\/noticias\/wp-json\/wp\/v2\/users\/1"}],"replies":[{"embeddable":true,"href":"https:\/\/www.eldigitaldeasturias.com\/noticias\/wp-json\/wp\/v2\/comments?post=920745"}],"version-history":[{"count":0,"href":"https:\/\/www.eldigitaldeasturias.com\/noticias\/wp-json\/wp\/v2\/posts\/920745\/revisions"}],"wp:featuredmedia":[{"embeddable":true,"href":"https:\/\/www.eldigitaldeasturias.com\/noticias\/wp-json\/wp\/v2\/media\/920746"}],"wp:attachment":[{"href":"https:\/\/www.eldigitaldeasturias.com\/noticias\/wp-json\/wp\/v2\/media?parent=920745"}],"wp:term":[{"taxonomy":"category","embeddable":true,"href":"https:\/\/www.eldigitaldeasturias.com\/noticias\/wp-json\/wp\/v2\/categories?post=920745"},{"taxonomy":"post_tag","embeddable":true,"href":"https:\/\/www.eldigitaldeasturias.com\/noticias\/wp-json\/wp\/v2\/tags?post=920745"}],"curies":[{"name":"wp","href":"https:\/\/api.w.org\/{rel}","templated":true}]}}