{"id":920711,"date":"2016-12-28T12:27:33","date_gmt":"2016-12-28T12:27:33","guid":{"rendered":"http:\/\/www.eldigitaldeasturias.com\/noticias\/?p=920711"},"modified":"2016-12-28T12:27:33","modified_gmt":"2016-12-28T12:27:33","slug":"el-detalle-navideno-de-foro-con-javier-fernandez-y-dolores-carcedo","status":"publish","type":"post","link":"https:\/\/www.eldigitaldeasturias.com\/noticias\/el-detalle-navideno-de-foro-con-javier-fernandez-y-dolores-carcedo\/","title":{"rendered":"El \u201cdetalle\u201d navide\u00f1o de FORO con Javier Fern\u00e1ndez y Dolores Carcedo"},"content":{"rendered":"<p><img loading=\"lazy\" decoding=\"async\" class=\"alignleft size-medium wp-image-774942\" src=\"https:\/\/www.eldigitaldeasturias.com\/noticias\/wp-content\/uploads\/2015\/03\/coto-asturias-360x240.jpg\" alt=\"\" width=\"360\" height=\"240\" srcset=\"https:\/\/www.eldigitaldeasturias.com\/noticias\/wp-content\/uploads\/2015\/03\/coto-asturias-360x240.jpg 360w, https:\/\/www.eldigitaldeasturias.com\/noticias\/wp-content\/uploads\/2015\/03\/coto-asturias-768x512.jpg 768w, https:\/\/www.eldigitaldeasturias.com\/noticias\/wp-content\/uploads\/2015\/03\/coto-asturias-650x433.jpg 650w, https:\/\/www.eldigitaldeasturias.com\/noticias\/wp-content\/uploads\/2015\/03\/coto-asturias.jpg 800w\" sizes=\"auto, (max-width: 360px) 100vw, 360px\" \/>La presidenta de FORO, Cristina Coto, hizo p\u00fablico hoy que \u201chemos escogido para Javier Fern\u00e1ndez y para Dolores Carcedo, como <strong>detalle navide\u00f1o de FORO<\/strong>, unas estupendas <strong>gafas de gran aumento<\/strong> para leer cuidadosamente los informes del INE y del SEPE cuando retratan la peor evoluci\u00f3n de Espa\u00f1a en poblaci\u00f3n, crecimiento econ\u00f3mico, empleo y nivel de salarios. Ten\u00edamos preparadas unas botellas de sidra asturiana, como para el resto de los amigos, pero lo sucedido en el \u00faltimo Pleno de Presupuestos en la Junta General del Principado nos oblig\u00f3 a hacer cambios. Sentimos una gran preocupaci\u00f3n cuando la Consejera de Hacienda, en el transcurso del citado Pleno de la JGPA, refiri\u00e9ndose a mi intervenci\u00f3n afirm\u00f3 que \u2018ya s\u00e9 que es el discurso en el que vive y sobrevive, pero yo no voy a utilizar los datos; los datos estad\u00edsticos est\u00e1n ah\u00ed para verlos. Asturias mejora y mejoran sus indicadores econ\u00f3micos por mucho que se empe\u00f1e usted en ver siempre la parte negativa en sus discursos\u2019 y a\u00f1adi\u00f3 que \u2018le niego el discurso de la decadencia\u2019. Lo cierto es que, seg\u00fan el INE, Asturias presenta con el gobierno de Javier Fern\u00e1ndez la peor evoluci\u00f3n de Espa\u00f1a en poblaci\u00f3n, crecimiento econ\u00f3mico, empleo y nivel de salarios\u201d.<\/p>\n<p>La presidenta de FORO a\u00f1adi\u00f3 que \u201csin perjuicio de los diagn\u00f3sticos de los facultativos de cabecera a los que acudan, nos pareci\u00f3 urgente ayudar desde FORO a corregir este defecto \u00f3ptico para leer correctamente los datos del INE que la propia Consejera afirma que \u2018est\u00e1n ah\u00ed para verlos\u2019, y como detalle navide\u00f1o hemos preferido enviar a Javier Fern\u00e1ndez y a Dolores Carcedo, en este d\u00eda tan se\u00f1alado, unas estupendas gafas de gran aumento para estudiar cuidadosamente los informes del INE y del SEPE, que les ayudar\u00e1n a mejorar sus cualidades de an\u00e1lisis socioecon\u00f3mico y les permitir\u00e1n adoptar decisiones m\u00e1s acertadas que las que han tomado en los \u00faltimos cuatro a\u00f1os, con las consecuencias que el INE y el SEPE nos describen\u201d.<\/p>\n<p>Finalmente Cristina Coto manifest\u00f3 que \u201cconfiamos en que con la ayuda de nuestras gafas, en los pr\u00f3ximos Presupuestos del Principado ya podamos encontrar alg\u00fan punto de coincidencia para frenar el hundimiento imparable de Asturias en la mayor decadencia nacional, como indican los datos del INE cuando retratan la peor evoluci\u00f3n de Espa\u00f1a en poblaci\u00f3n, crecimiento econ\u00f3mico, empleo y nivel de salarios\u201d antes de concluir dese\u00e1ndoles un Feliz A\u00f1o 2017.<\/p>\n<p>&nbsp;<\/p>\n<p>&nbsp;<\/p>\n","protected":false},"excerpt":{"rendered":"<p>La presidenta de FORO, Cristina Coto, hizo p\u00fablico hoy que \u201chemos escogido para Javier Fern\u00e1ndez y para Dolores Carcedo, como detalle navide\u00f1o de FORO, unas estupendas gafas de gran aumento para leer cuidadosamente los informes del INE y del SEPE cuando retratan la peor evoluci\u00f3n de Espa\u00f1a en poblaci\u00f3n, crecimiento econ\u00f3mico, empleo y nivel de [&hellip;]<\/p>\n","protected":false},"author":1,"featured_media":774942,"comment_status":"closed","ping_status":"closed","sticky":false,"template":"","format":"standard","meta":{"footnotes":""},"categories":[141],"tags":[],"class_list":["post-920711","post","type-post","status-publish","format-standard","has-post-thumbnail","hentry","category-destacadas"],"aioseo_notices":[],"aioseo_head":"\n\t\t<!-- All in One SEO Pro 4.9.6.2 - aioseo.com -->\n\t<meta name=\"description\" content=\"La presidenta de FORO, Cristina Coto, hizo p\u00fablico hoy que \u201chemos escogido para Javier Fern\u00e1ndez y para Dolores Carcedo, como detalle navide\u00f1o de FORO, unas estupendas gafas de gran aumento para leer cuidadosamente los informes del INE y del SEPE cuando retratan la peor evoluci\u00f3n de Espa\u00f1a en poblaci\u00f3n, crecimiento econ\u00f3mico, empleo y nivel de\" \/>\n\t<meta name=\"robots\" content=\"max-image-preview:large\" \/>\n\t<meta name=\"author\" content=\"El Digital de Asturias\"\/>\n\t<meta name=\"google-site-verification\" content=\"UA-38556648-1\" \/>\n\t<meta name=\"msvalidate.01\" content=\"7dfe9f3f1b24437ab69f4f2559babe99\" \/>\n\t<meta name=\"keywords\" content=\"destacadas\" \/>\n\t<link rel=\"canonical\" href=\"https:\/\/www.eldigitaldeasturias.com\/noticias\/el-detalle-navideno-de-foro-con-javier-fernandez-y-dolores-carcedo\/\" \/>\n\t<meta name=\"generator\" content=\"All in One SEO Pro (AIOSEO) 4.9.6.2\" \/>\n\t\t<meta property=\"og:locale\" content=\"es_ES\" \/>\n\t\t<meta property=\"og:site_name\" content=\"El Digital de Asturias\" \/>\n\t\t<meta property=\"og:type\" content=\"article\" \/>\n\t\t<meta property=\"og:title\" content=\"El \u201cdetalle\u201d navide\u00f1o de FORO con Javier Fern\u00e1ndez y Dolores Carcedo - El Digital de Asturias\" \/>\n\t\t<meta property=\"og:description\" content=\"La presidenta de FORO, Cristina Coto, hizo p\u00fablico hoy que \u201chemos escogido para Javier Fern\u00e1ndez y para Dolores Carcedo, como detalle navide\u00f1o de FORO, unas estupendas gafas de gran aumento para leer cuidadosamente los informes del INE y del SEPE cuando retratan la peor evoluci\u00f3n de Espa\u00f1a en poblaci\u00f3n, crecimiento econ\u00f3mico, empleo y nivel de\" \/>\n\t\t<meta property=\"og:url\" content=\"https:\/\/www.eldigitaldeasturias.com\/noticias\/el-detalle-navideno-de-foro-con-javier-fernandez-y-dolores-carcedo\/\" \/>\n\t\t<meta property=\"og:image\" content=\"https:\/\/www.eldigitaldeasturias.com\/noticias\/wp-content\/uploads\/2015\/03\/coto-asturias.jpg\" \/>\n\t\t<meta property=\"og:image:secure_url\" content=\"https:\/\/www.eldigitaldeasturias.com\/noticias\/wp-content\/uploads\/2015\/03\/coto-asturias.jpg\" \/>\n\t\t<meta property=\"og:image:width\" content=\"800\" \/>\n\t\t<meta property=\"og:image:height\" content=\"533\" \/>\n\t\t<meta property=\"article:tag\" content=\"destacadas\" \/>\n\t\t<meta property=\"article:published_time\" content=\"2016-12-28T12:27:33+00:00\" \/>\n\t\t<meta property=\"article:modified_time\" content=\"2016-12-28T12:27:33+00:00\" \/>\n\t\t<meta property=\"article:publisher\" content=\"https:\/\/facebook.com\/eldigitaldeasturias\" \/>\n\t\t<meta name=\"twitter:card\" content=\"summary_large_image\" \/>\n\t\t<meta name=\"twitter:title\" content=\"El \u201cdetalle\u201d navide\u00f1o de FORO con Javier Fern\u00e1ndez y Dolores Carcedo - El Digital de Asturias\" \/>\n\t\t<meta name=\"twitter:description\" content=\"La presidenta de FORO, Cristina Coto, hizo p\u00fablico hoy que \u201chemos escogido para Javier Fern\u00e1ndez y para Dolores Carcedo, como detalle navide\u00f1o de FORO, unas estupendas gafas de gran aumento para leer cuidadosamente los informes del INE y del SEPE cuando retratan la peor evoluci\u00f3n de Espa\u00f1a en poblaci\u00f3n, crecimiento econ\u00f3mico, empleo y nivel de\" \/>\n\t\t<meta name=\"twitter:image\" content=\"https:\/\/www.eldigitaldeasturias.com\/noticias\/wp-content\/uploads\/2015\/03\/coto-asturias.jpg\" \/>\n\t\t<meta name=\"twitter:label1\" content=\"Escrito por\" \/>\n\t\t<meta name=\"twitter:data1\" content=\"El Digital de Asturias\" \/>\n\t\t<meta name=\"twitter:label2\" content=\"Tiempo de lectura estimado\" \/>\n\t\t<meta name=\"twitter:data2\" content=\"2 minutos\" \/>\n\t\t<script type=\"application\/ld+json\" class=\"aioseo-schema\">\n\t\t\t{\"@context\":\"https:\\\/\\\/schema.org\",\"@graph\":[{\"@type\":\"BlogPosting\",\"@id\":\"https:\\\/\\\/www.eldigitaldeasturias.com\\\/noticias\\\/el-detalle-navideno-de-foro-con-javier-fernandez-y-dolores-carcedo\\\/#blogposting\",\"name\":\"El \\u201cdetalle\\u201d navide\\u00f1o de FORO con Javier Fern\\u00e1ndez y Dolores Carcedo - El Digital de Asturias\",\"headline\":\"El \\u201cdetalle\\u201d navide\\u00f1o de FORO con Javier Fern\\u00e1ndez y Dolores Carcedo\",\"author\":{\"@id\":\"https:\\\/\\\/www.eldigitaldeasturias.com\\\/noticias\\\/author\\\/admin\\\/#author\"},\"publisher\":{\"@id\":\"https:\\\/\\\/www.eldigitaldeasturias.com\\\/noticias\\\/#organization\"},\"image\":{\"@type\":\"ImageObject\",\"url\":\"https:\\\/\\\/www.eldigitaldeasturias.com\\\/noticias\\\/wp-content\\\/uploads\\\/2015\\\/03\\\/coto-asturias.jpg\",\"width\":800,\"height\":533},\"datePublished\":\"2016-12-28T12:27:33+01:00\",\"dateModified\":\"2016-12-28T12:27:33+01:00\",\"inLanguage\":\"es-ES\",\"mainEntityOfPage\":{\"@id\":\"https:\\\/\\\/www.eldigitaldeasturias.com\\\/noticias\\\/el-detalle-navideno-de-foro-con-javier-fernandez-y-dolores-carcedo\\\/#webpage\"},\"isPartOf\":{\"@id\":\"https:\\\/\\\/www.eldigitaldeasturias.com\\\/noticias\\\/el-detalle-navideno-de-foro-con-javier-fernandez-y-dolores-carcedo\\\/#webpage\"},\"articleSection\":\"Destacadas\"},{\"@type\":\"BreadcrumbList\",\"@id\":\"https:\\\/\\\/www.eldigitaldeasturias.com\\\/noticias\\\/el-detalle-navideno-de-foro-con-javier-fernandez-y-dolores-carcedo\\\/#breadcrumblist\",\"itemListElement\":[{\"@type\":\"ListItem\",\"@id\":\"https:\\\/\\\/www.eldigitaldeasturias.com\\\/noticias#listItem\",\"position\":1,\"name\":\"Home\",\"item\":\"https:\\\/\\\/www.eldigitaldeasturias.com\\\/noticias\",\"nextItem\":{\"@type\":\"ListItem\",\"@id\":\"https:\\\/\\\/www.eldigitaldeasturias.com\\\/noticias\\\/category\\\/destacadas\\\/#listItem\",\"name\":\"Destacadas\"}},{\"@type\":\"ListItem\",\"@id\":\"https:\\\/\\\/www.eldigitaldeasturias.com\\\/noticias\\\/category\\\/destacadas\\\/#listItem\",\"position\":2,\"name\":\"Destacadas\",\"item\":\"https:\\\/\\\/www.eldigitaldeasturias.com\\\/noticias\\\/category\\\/destacadas\\\/\",\"nextItem\":{\"@type\":\"ListItem\",\"@id\":\"https:\\\/\\\/www.eldigitaldeasturias.com\\\/noticias\\\/el-detalle-navideno-de-foro-con-javier-fernandez-y-dolores-carcedo\\\/#listItem\",\"name\":\"El \\u201cdetalle\\u201d navide\\u00f1o de FORO con Javier Fern\\u00e1ndez y Dolores Carcedo\"},\"previousItem\":{\"@type\":\"ListItem\",\"@id\":\"https:\\\/\\\/www.eldigitaldeasturias.com\\\/noticias#listItem\",\"name\":\"Home\"}},{\"@type\":\"ListItem\",\"@id\":\"https:\\\/\\\/www.eldigitaldeasturias.com\\\/noticias\\\/el-detalle-navideno-de-foro-con-javier-fernandez-y-dolores-carcedo\\\/#listItem\",\"position\":3,\"name\":\"El \\u201cdetalle\\u201d navide\\u00f1o de FORO con Javier Fern\\u00e1ndez y Dolores Carcedo\",\"previousItem\":{\"@type\":\"ListItem\",\"@id\":\"https:\\\/\\\/www.eldigitaldeasturias.com\\\/noticias\\\/category\\\/destacadas\\\/#listItem\",\"name\":\"Destacadas\"}}]},{\"@type\":\"Organization\",\"@id\":\"https:\\\/\\\/www.eldigitaldeasturias.com\\\/noticias\\\/#organization\",\"name\":\"El Digital de Asturias\",\"description\":\"Hemeroteca\",\"url\":\"https:\\\/\\\/www.eldigitaldeasturias.com\\\/noticias\\\/\",\"email\":\"info@eldigitaldeasturias.com\",\"telephone\":\"+34652131393\",\"logo\":{\"@type\":\"ImageObject\",\"url\":\"https:\\\/\\\/www.eldigitaldeasturias.com\\\/noticias\\\/wp-content\\\/uploads\\\/2020\\\/12\\\/EDA.jpg\",\"@id\":\"https:\\\/\\\/www.eldigitaldeasturias.com\\\/noticias\\\/el-detalle-navideno-de-foro-con-javier-fernandez-y-dolores-carcedo\\\/#organizationLogo\",\"width\":649,\"height\":297},\"image\":{\"@id\":\"https:\\\/\\\/www.eldigitaldeasturias.com\\\/noticias\\\/el-detalle-navideno-de-foro-con-javier-fernandez-y-dolores-carcedo\\\/#organizationLogo\"},\"sameAs\":[\"https:\\\/\\\/facebook.com\\\/eldigitaldeasturias\",\"https:\\\/\\\/www.youtube.com\\\/channel\\\/UCZP-2wLEB9Rv6erhFmqVnvg\"],\"address\":{\"@id\":\"https:\\\/\\\/www.eldigitaldeasturias.com\\\/noticias\\\/#postaladdress\",\"@type\":\"PostalAddress\",\"streetAddress\":\"san antonio 4,\",\"postalCode\":\"33430\",\"addressLocality\":\"Cand\\u00e1s\",\"addressRegion\":\"Asturias\",\"addressCountry\":\"ES\"}},{\"@type\":\"Person\",\"@id\":\"https:\\\/\\\/www.eldigitaldeasturias.com\\\/noticias\\\/author\\\/admin\\\/#author\",\"url\":\"https:\\\/\\\/www.eldigitaldeasturias.com\\\/noticias\\\/author\\\/admin\\\/\",\"name\":\"El Digital de Asturias\",\"image\":{\"@type\":\"ImageObject\",\"@id\":\"https:\\\/\\\/www.eldigitaldeasturias.com\\\/noticias\\\/el-detalle-navideno-de-foro-con-javier-fernandez-y-dolores-carcedo\\\/#authorImage\",\"url\":\"https:\\\/\\\/www.eldigitaldeasturias.com\\\/noticias\\\/wp-content\\\/litespeed\\\/avatar\\\/18677e78aa0546b92d9dbf31ec7d7668.jpg?ver=1777290358\",\"width\":96,\"height\":96,\"caption\":\"El Digital de Asturias\"}},{\"@type\":\"WebPage\",\"@id\":\"https:\\\/\\\/www.eldigitaldeasturias.com\\\/noticias\\\/el-detalle-navideno-de-foro-con-javier-fernandez-y-dolores-carcedo\\\/#webpage\",\"url\":\"https:\\\/\\\/www.eldigitaldeasturias.com\\\/noticias\\\/el-detalle-navideno-de-foro-con-javier-fernandez-y-dolores-carcedo\\\/\",\"name\":\"El \\u201cdetalle\\u201d navide\\u00f1o de FORO con Javier Fern\\u00e1ndez y Dolores Carcedo - El Digital de Asturias\",\"description\":\"La presidenta de FORO, Cristina Coto, hizo p\\u00fablico hoy que \\u201chemos escogido para Javier Fern\\u00e1ndez y para Dolores Carcedo, como detalle navide\\u00f1o de FORO, unas estupendas gafas de gran aumento para leer cuidadosamente los informes del INE y del SEPE cuando retratan la peor evoluci\\u00f3n de Espa\\u00f1a en poblaci\\u00f3n, crecimiento econ\\u00f3mico, empleo y nivel de\",\"inLanguage\":\"es-ES\",\"isPartOf\":{\"@id\":\"https:\\\/\\\/www.eldigitaldeasturias.com\\\/noticias\\\/#website\"},\"breadcrumb\":{\"@id\":\"https:\\\/\\\/www.eldigitaldeasturias.com\\\/noticias\\\/el-detalle-navideno-de-foro-con-javier-fernandez-y-dolores-carcedo\\\/#breadcrumblist\"},\"author\":{\"@id\":\"https:\\\/\\\/www.eldigitaldeasturias.com\\\/noticias\\\/author\\\/admin\\\/#author\"},\"creator\":{\"@id\":\"https:\\\/\\\/www.eldigitaldeasturias.com\\\/noticias\\\/author\\\/admin\\\/#author\"},\"image\":{\"@type\":\"ImageObject\",\"url\":\"https:\\\/\\\/www.eldigitaldeasturias.com\\\/noticias\\\/wp-content\\\/uploads\\\/2015\\\/03\\\/coto-asturias.jpg\",\"@id\":\"https:\\\/\\\/www.eldigitaldeasturias.com\\\/noticias\\\/el-detalle-navideno-de-foro-con-javier-fernandez-y-dolores-carcedo\\\/#mainImage\",\"width\":800,\"height\":533},\"primaryImageOfPage\":{\"@id\":\"https:\\\/\\\/www.eldigitaldeasturias.com\\\/noticias\\\/el-detalle-navideno-de-foro-con-javier-fernandez-y-dolores-carcedo\\\/#mainImage\"},\"datePublished\":\"2016-12-28T12:27:33+01:00\",\"dateModified\":\"2016-12-28T12:27:33+01:00\"},{\"@type\":\"WebSite\",\"@id\":\"https:\\\/\\\/www.eldigitaldeasturias.com\\\/noticias\\\/#website\",\"url\":\"https:\\\/\\\/www.eldigitaldeasturias.com\\\/noticias\\\/\",\"name\":\"El Digital de Asturias - Diario de actualidad y noticias\",\"alternateName\":\"El Digital de Asturias - Diario de actualidad y noticias\",\"description\":\"Hemeroteca\",\"inLanguage\":\"es-ES\",\"publisher\":{\"@id\":\"https:\\\/\\\/www.eldigitaldeasturias.com\\\/noticias\\\/#organization\"}}]}\n\t\t<\/script>\n\t\t<!-- All in One SEO Pro -->\r\n\t\t<title>El \u201cdetalle\u201d navide\u00f1o de FORO con Javier Fern\u00e1ndez y Dolores Carcedo - El Digital de Asturias<\/title>\n\n","aioseo_head_json":{"title":"El \u201cdetalle\u201d navide\u00f1o de FORO con Javier Fern\u00e1ndez y Dolores Carcedo - El Digital de Asturias","description":"La presidenta de FORO, Cristina Coto, hizo p\u00fablico hoy que \u201chemos escogido para Javier Fern\u00e1ndez y para Dolores Carcedo, como detalle navide\u00f1o de FORO, unas estupendas gafas de gran aumento para leer cuidadosamente los informes del INE y del SEPE cuando retratan la peor evoluci\u00f3n de Espa\u00f1a en poblaci\u00f3n, crecimiento econ\u00f3mico, empleo y nivel de","canonical_url":"https:\/\/www.eldigitaldeasturias.com\/noticias\/el-detalle-navideno-de-foro-con-javier-fernandez-y-dolores-carcedo\/","robots":"max-image-preview:large","keywords":"destacadas","webmasterTools":{"google-site-verification":"UA-38556648-1","msvalidate.01":"7dfe9f3f1b24437ab69f4f2559babe99","miscellaneous":""},"schema":{"@context":"https:\/\/schema.org","@graph":[{"@type":"BlogPosting","@id":"https:\/\/www.eldigitaldeasturias.com\/noticias\/el-detalle-navideno-de-foro-con-javier-fernandez-y-dolores-carcedo\/#blogposting","name":"El \u201cdetalle\u201d navide\u00f1o de FORO con Javier Fern\u00e1ndez y Dolores Carcedo - El Digital de Asturias","headline":"El \u201cdetalle\u201d navide\u00f1o de FORO con Javier Fern\u00e1ndez y Dolores Carcedo","author":{"@id":"https:\/\/www.eldigitaldeasturias.com\/noticias\/author\/admin\/#author"},"publisher":{"@id":"https:\/\/www.eldigitaldeasturias.com\/noticias\/#organization"},"image":{"@type":"ImageObject","url":"https:\/\/www.eldigitaldeasturias.com\/noticias\/wp-content\/uploads\/2015\/03\/coto-asturias.jpg","width":800,"height":533},"datePublished":"2016-12-28T12:27:33+01:00","dateModified":"2016-12-28T12:27:33+01:00","inLanguage":"es-ES","mainEntityOfPage":{"@id":"https:\/\/www.eldigitaldeasturias.com\/noticias\/el-detalle-navideno-de-foro-con-javier-fernandez-y-dolores-carcedo\/#webpage"},"isPartOf":{"@id":"https:\/\/www.eldigitaldeasturias.com\/noticias\/el-detalle-navideno-de-foro-con-javier-fernandez-y-dolores-carcedo\/#webpage"},"articleSection":"Destacadas"},{"@type":"BreadcrumbList","@id":"https:\/\/www.eldigitaldeasturias.com\/noticias\/el-detalle-navideno-de-foro-con-javier-fernandez-y-dolores-carcedo\/#breadcrumblist","itemListElement":[{"@type":"ListItem","@id":"https:\/\/www.eldigitaldeasturias.com\/noticias#listItem","position":1,"name":"Home","item":"https:\/\/www.eldigitaldeasturias.com\/noticias","nextItem":{"@type":"ListItem","@id":"https:\/\/www.eldigitaldeasturias.com\/noticias\/category\/destacadas\/#listItem","name":"Destacadas"}},{"@type":"ListItem","@id":"https:\/\/www.eldigitaldeasturias.com\/noticias\/category\/destacadas\/#listItem","position":2,"name":"Destacadas","item":"https:\/\/www.eldigitaldeasturias.com\/noticias\/category\/destacadas\/","nextItem":{"@type":"ListItem","@id":"https:\/\/www.eldigitaldeasturias.com\/noticias\/el-detalle-navideno-de-foro-con-javier-fernandez-y-dolores-carcedo\/#listItem","name":"El \u201cdetalle\u201d navide\u00f1o de FORO con Javier Fern\u00e1ndez y Dolores Carcedo"},"previousItem":{"@type":"ListItem","@id":"https:\/\/www.eldigitaldeasturias.com\/noticias#listItem","name":"Home"}},{"@type":"ListItem","@id":"https:\/\/www.eldigitaldeasturias.com\/noticias\/el-detalle-navideno-de-foro-con-javier-fernandez-y-dolores-carcedo\/#listItem","position":3,"name":"El \u201cdetalle\u201d navide\u00f1o de FORO con Javier Fern\u00e1ndez y Dolores Carcedo","previousItem":{"@type":"ListItem","@id":"https:\/\/www.eldigitaldeasturias.com\/noticias\/category\/destacadas\/#listItem","name":"Destacadas"}}]},{"@type":"Organization","@id":"https:\/\/www.eldigitaldeasturias.com\/noticias\/#organization","name":"El Digital de Asturias","description":"Hemeroteca","url":"https:\/\/www.eldigitaldeasturias.com\/noticias\/","email":"info@eldigitaldeasturias.com","telephone":"+34652131393","logo":{"@type":"ImageObject","url":"https:\/\/www.eldigitaldeasturias.com\/noticias\/wp-content\/uploads\/2020\/12\/EDA.jpg","@id":"https:\/\/www.eldigitaldeasturias.com\/noticias\/el-detalle-navideno-de-foro-con-javier-fernandez-y-dolores-carcedo\/#organizationLogo","width":649,"height":297},"image":{"@id":"https:\/\/www.eldigitaldeasturias.com\/noticias\/el-detalle-navideno-de-foro-con-javier-fernandez-y-dolores-carcedo\/#organizationLogo"},"sameAs":["https:\/\/facebook.com\/eldigitaldeasturias","https:\/\/www.youtube.com\/channel\/UCZP-2wLEB9Rv6erhFmqVnvg"],"address":{"@id":"https:\/\/www.eldigitaldeasturias.com\/noticias\/#postaladdress","@type":"PostalAddress","streetAddress":"san antonio 4,","postalCode":"33430","addressLocality":"Cand\u00e1s","addressRegion":"Asturias","addressCountry":"ES"}},{"@type":"Person","@id":"https:\/\/www.eldigitaldeasturias.com\/noticias\/author\/admin\/#author","url":"https:\/\/www.eldigitaldeasturias.com\/noticias\/author\/admin\/","name":"El Digital de Asturias","image":{"@type":"ImageObject","@id":"https:\/\/www.eldigitaldeasturias.com\/noticias\/el-detalle-navideno-de-foro-con-javier-fernandez-y-dolores-carcedo\/#authorImage","url":"https:\/\/www.eldigitaldeasturias.com\/noticias\/wp-content\/litespeed\/avatar\/18677e78aa0546b92d9dbf31ec7d7668.jpg?ver=1777290358","width":96,"height":96,"caption":"El Digital de Asturias"}},{"@type":"WebPage","@id":"https:\/\/www.eldigitaldeasturias.com\/noticias\/el-detalle-navideno-de-foro-con-javier-fernandez-y-dolores-carcedo\/#webpage","url":"https:\/\/www.eldigitaldeasturias.com\/noticias\/el-detalle-navideno-de-foro-con-javier-fernandez-y-dolores-carcedo\/","name":"El \u201cdetalle\u201d navide\u00f1o de FORO con Javier Fern\u00e1ndez y Dolores Carcedo - El Digital de Asturias","description":"La presidenta de FORO, Cristina Coto, hizo p\u00fablico hoy que \u201chemos escogido para Javier Fern\u00e1ndez y para Dolores Carcedo, como detalle navide\u00f1o de FORO, unas estupendas gafas de gran aumento para leer cuidadosamente los informes del INE y del SEPE cuando retratan la peor evoluci\u00f3n de Espa\u00f1a en poblaci\u00f3n, crecimiento econ\u00f3mico, empleo y nivel de","inLanguage":"es-ES","isPartOf":{"@id":"https:\/\/www.eldigitaldeasturias.com\/noticias\/#website"},"breadcrumb":{"@id":"https:\/\/www.eldigitaldeasturias.com\/noticias\/el-detalle-navideno-de-foro-con-javier-fernandez-y-dolores-carcedo\/#breadcrumblist"},"author":{"@id":"https:\/\/www.eldigitaldeasturias.com\/noticias\/author\/admin\/#author"},"creator":{"@id":"https:\/\/www.eldigitaldeasturias.com\/noticias\/author\/admin\/#author"},"image":{"@type":"ImageObject","url":"https:\/\/www.eldigitaldeasturias.com\/noticias\/wp-content\/uploads\/2015\/03\/coto-asturias.jpg","@id":"https:\/\/www.eldigitaldeasturias.com\/noticias\/el-detalle-navideno-de-foro-con-javier-fernandez-y-dolores-carcedo\/#mainImage","width":800,"height":533},"primaryImageOfPage":{"@id":"https:\/\/www.eldigitaldeasturias.com\/noticias\/el-detalle-navideno-de-foro-con-javier-fernandez-y-dolores-carcedo\/#mainImage"},"datePublished":"2016-12-28T12:27:33+01:00","dateModified":"2016-12-28T12:27:33+01:00"},{"@type":"WebSite","@id":"https:\/\/www.eldigitaldeasturias.com\/noticias\/#website","url":"https:\/\/www.eldigitaldeasturias.com\/noticias\/","name":"El Digital de Asturias - Diario de actualidad y noticias","alternateName":"El Digital de Asturias - Diario de actualidad y noticias","description":"Hemeroteca","inLanguage":"es-ES","publisher":{"@id":"https:\/\/www.eldigitaldeasturias.com\/noticias\/#organization"}}]},"og:locale":"es_ES","og:site_name":"El Digital de Asturias","og:type":"article","og:title":"El \u201cdetalle\u201d navide\u00f1o de FORO con Javier Fern\u00e1ndez y Dolores Carcedo - El Digital de Asturias","og:description":"La presidenta de FORO, Cristina Coto, hizo p\u00fablico hoy que \u201chemos escogido para Javier Fern\u00e1ndez y para Dolores Carcedo, como detalle navide\u00f1o de FORO, unas estupendas gafas de gran aumento para leer cuidadosamente los informes del INE y del SEPE cuando retratan la peor evoluci\u00f3n de Espa\u00f1a en poblaci\u00f3n, crecimiento econ\u00f3mico, empleo y nivel de","og:url":"https:\/\/www.eldigitaldeasturias.com\/noticias\/el-detalle-navideno-de-foro-con-javier-fernandez-y-dolores-carcedo\/","og:image":"https:\/\/www.eldigitaldeasturias.com\/noticias\/wp-content\/uploads\/2015\/03\/coto-asturias.jpg","og:image:secure_url":"https:\/\/www.eldigitaldeasturias.com\/noticias\/wp-content\/uploads\/2015\/03\/coto-asturias.jpg","og:image:width":800,"og:image:height":533,"article:tag":["destacadas"],"article:published_time":"2016-12-28T12:27:33+00:00","article:modified_time":"2016-12-28T12:27:33+00:00","article:publisher":"https:\/\/facebook.com\/eldigitaldeasturias","twitter:card":"summary_large_image","twitter:title":"El \u201cdetalle\u201d navide\u00f1o de FORO con Javier Fern\u00e1ndez y Dolores Carcedo - El Digital de Asturias","twitter:description":"La presidenta de FORO, Cristina Coto, hizo p\u00fablico hoy que \u201chemos escogido para Javier Fern\u00e1ndez y para Dolores Carcedo, como detalle navide\u00f1o de FORO, unas estupendas gafas de gran aumento para leer cuidadosamente los informes del INE y del SEPE cuando retratan la peor evoluci\u00f3n de Espa\u00f1a en poblaci\u00f3n, crecimiento econ\u00f3mico, empleo y nivel de","twitter:image":"https:\/\/www.eldigitaldeasturias.com\/noticias\/wp-content\/uploads\/2015\/03\/coto-asturias.jpg","twitter:label1":"Escrito por","twitter:data1":"El Digital de Asturias","twitter:label2":"Tiempo de lectura estimado","twitter:data2":"2 minutos"},"aioseo_meta_data":{"post_id":"920711","title":null,"description":null,"keywords":null,"keyphrases":null,"primary_term":null,"canonical_url":null,"og_title":null,"og_description":null,"og_object_type":"default","og_image_type":"default","og_image_url":null,"og_image_width":null,"og_image_height":null,"og_image_custom_url":null,"og_image_custom_fields":null,"og_video":null,"og_custom_url":null,"og_article_section":null,"og_article_tags":null,"twitter_use_og":false,"twitter_card":"default","twitter_image_type":"default","twitter_image_url":null,"twitter_image_custom_url":null,"twitter_image_custom_fields":null,"twitter_title":null,"twitter_description":null,"schema":{"blockGraphs":[],"customGraphs":[],"default":{"data":{"Article":[],"Course":[],"Dataset":[],"FAQPage":[],"Movie":[],"Person":[],"Product":[],"ProductReview":[],"Car":[],"Recipe":[],"Service":[],"SoftwareApplication":[],"WebPage":[]},"graphName":"","isEnabled":true},"graphs":[]},"schema_type":null,"schema_type_options":null,"pillar_content":false,"robots_default":true,"robots_noindex":false,"robots_noarchive":false,"robots_nosnippet":false,"robots_nofollow":false,"robots_noimageindex":false,"robots_noodp":false,"robots_notranslate":false,"robots_max_snippet":null,"robots_max_videopreview":null,"robots_max_imagepreview":"large","priority":null,"frequency":null,"local_seo":null,"seo_analyzer_scan_date":"2025-12-02 11:10:16","breadcrumb_settings":null,"limit_modified_date":false,"open_ai":null,"ai":null,"created":"2020-12-21 13:46:47","updated":"2025-12-02 11:10:16"},"aioseo_breadcrumb":"<div class=\"aioseo-breadcrumbs\"><span class=\"aioseo-breadcrumb\">\n\t<a href=\"https:\/\/www.eldigitaldeasturias.com\/noticias\" title=\"Home\">Home<\/a>\n<\/span><span class=\"aioseo-breadcrumb-separator\">\u2013<\/span><span class=\"aioseo-breadcrumb\">\n\t<a href=\"https:\/\/www.eldigitaldeasturias.com\/noticias\/category\/destacadas\/\" title=\"Destacadas\">Destacadas<\/a>\n<\/span><span class=\"aioseo-breadcrumb-separator\">\u2013<\/span><span class=\"aioseo-breadcrumb\">\n\t<a href=\"https:\/\/www.eldigitaldeasturias.com\/noticias\/el-detalle-navideno-de-foro-con-javier-fernandez-y-dolores-carcedo\/\" title=\"El \u201cdetalle\u201d navide\u00f1o de FORO con Javier Fern\u00e1ndez y Dolores Carcedo\">El \u201cdetalle\u201d navide\u00f1o de FORO con Javier Fern\u00e1ndez y Dolores Carcedo<\/a>\n<\/span><\/div>","aioseo_breadcrumb_json":[{"label":"Home","link":"https:\/\/www.eldigitaldeasturias.com\/noticias"},{"label":"Destacadas","link":"https:\/\/www.eldigitaldeasturias.com\/noticias\/category\/destacadas\/"},{"label":"El \u201cdetalle\u201d navide\u00f1o de FORO con Javier Fern\u00e1ndez y Dolores Carcedo","link":"https:\/\/www.eldigitaldeasturias.com\/noticias\/el-detalle-navideno-de-foro-con-javier-fernandez-y-dolores-carcedo\/"}],"_links":{"self":[{"href":"https:\/\/www.eldigitaldeasturias.com\/noticias\/wp-json\/wp\/v2\/posts\/920711","targetHints":{"allow":["GET"]}}],"collection":[{"href":"https:\/\/www.eldigitaldeasturias.com\/noticias\/wp-json\/wp\/v2\/posts"}],"about":[{"href":"https:\/\/www.eldigitaldeasturias.com\/noticias\/wp-json\/wp\/v2\/types\/post"}],"author":[{"embeddable":true,"href":"https:\/\/www.eldigitaldeasturias.com\/noticias\/wp-json\/wp\/v2\/users\/1"}],"replies":[{"embeddable":true,"href":"https:\/\/www.eldigitaldeasturias.com\/noticias\/wp-json\/wp\/v2\/comments?post=920711"}],"version-history":[{"count":0,"href":"https:\/\/www.eldigitaldeasturias.com\/noticias\/wp-json\/wp\/v2\/posts\/920711\/revisions"}],"wp:featuredmedia":[{"embeddable":true,"href":"https:\/\/www.eldigitaldeasturias.com\/noticias\/wp-json\/wp\/v2\/media\/774942"}],"wp:attachment":[{"href":"https:\/\/www.eldigitaldeasturias.com\/noticias\/wp-json\/wp\/v2\/media?parent=920711"}],"wp:term":[{"taxonomy":"category","embeddable":true,"href":"https:\/\/www.eldigitaldeasturias.com\/noticias\/wp-json\/wp\/v2\/categories?post=920711"},{"taxonomy":"post_tag","embeddable":true,"href":"https:\/\/www.eldigitaldeasturias.com\/noticias\/wp-json\/wp\/v2\/tags?post=920711"}],"curies":[{"name":"wp","href":"https:\/\/api.w.org\/{rel}","templated":true}]}}