{"id":920678,"date":"2016-12-27T20:28:27","date_gmt":"2016-12-27T20:28:27","guid":{"rendered":"http:\/\/www.eldigitaldeasturias.com\/noticias\/?p=920678"},"modified":"2016-12-27T20:28:27","modified_gmt":"2016-12-27T20:28:27","slug":"las-cifras-de-obama-fin-de-mandato","status":"publish","type":"post","link":"https:\/\/www.eldigitaldeasturias.com\/noticias\/las-cifras-de-obama-fin-de-mandato\/","title":{"rendered":"Las cifras de Obama, fin de mandato"},"content":{"rendered":"<p><img loading=\"lazy\" decoding=\"async\" class=\"alignleft size-medium wp-image-676191\" src=\"https:\/\/www.eldigitaldeasturias.com\/noticias\/wp-content\/uploads\/2014\/11\/6988515w-360x253.jpg\" alt=\"\" width=\"360\" height=\"253\" srcset=\"https:\/\/www.eldigitaldeasturias.com\/noticias\/wp-content\/uploads\/2014\/11\/6988515w-360x253.jpg 360w, https:\/\/www.eldigitaldeasturias.com\/noticias\/wp-content\/uploads\/2014\/11\/6988515w-650x458.jpg 650w, https:\/\/www.eldigitaldeasturias.com\/noticias\/wp-content\/uploads\/2014\/11\/6988515w.jpg 800w\" sizes=\"auto, (max-width: 360px) 100vw, 360px\" \/>Barack Hussein Obama dejar\u00e1 pronto de ser presidente de Estados Unidos, dando paso a la administraci\u00f3n Trump. \u00bfHa hecho un buen trabajo en la Casa Blanca o ha sido malo? \u00bfHa sido bueno para la econom\u00eda norteamericana tener a Obama en la Casa Blanca?<\/p>\n<p>La respuestas es m\u00e1s complicada que responder blanco o negro, porque son muchos los factores a considerar en esta historia. \u00bfViven los estadounidenses considerablemente mejor que hace ocho a\u00f1os? Digamos que es algo m\u00e1s complicado de decir.<\/p>\n<p><strong>Las cifras de Obama<\/strong><\/p>\n<p>Cuando lleg\u00f3 Obama millones de estadounidenses estaban perdiendo sus empleos, uno tras otro. En 2008 la crisis financiera y econ\u00f3mica estaba en su apogeo. Lehman Brothers hab\u00eda formado su quiebra el quince de septiembre y no era raro encontrarse con noticias de empresas que ca\u00edan en los peri\u00f3dicos, dejando sin empleo a sus trabajadores.<\/p>\n<p>Cuando Obama entr\u00f3 en enero de 2009 la tasa de desempleo ser\u00eda de un 7,8%, y seguir\u00eda subiendo hasta alcanzar el 10% en octubre de ese mismo a\u00f1o. A partir de ah\u00ed ir\u00eda bajando suavemente hasta alcanzar la cifra de hoy en d\u00eda, un 4,6% en noviembre de 2016. Es decir, podemos decir que en Estados Unidos hoy en d\u00eda hay pleno empleo, salvo en ciertos lugares espec\u00edficos en los que ya hemos hablado alguna vez.<\/p>\n<p>Adem\u00e1s los ingresos de los trabajadores han ido subiendo, tanto en t\u00e9rminos reales como en nominales . Para que nos hagamos una idea, en el primer trimestre de 2009, los ingresos medios semanales de un trabajador eran de 732, mientras que los del tercer trimestre de 2016 se estiman en 834. Si queremos pensarlo en t\u00e9rminos reales, si utilizamos los d\u00f3lares de 1982-1984 como base, las cifras son de 345 y 347 respectivamente. El poder adquisitivo ha crecido, aunque poco.<\/p>\n<p>Tambi\u00e9n nos podemos fijar en el PIB, que ha aumentado desde que Obama entr\u00f3 al poder con la recesi\u00f3n. De los 14383,9 miles de millones de d\u00f3lares en enero de 2009 a los 18675,3 miles de millones en julio de 2016. Es cierto que la econom\u00eda se pudo considerar en recesi\u00f3n en 2009, pero no ha dejado de crecer desde 2010 hasta d\u00eda de hoy.<\/p>\n<p>Aqu\u00ed acaban las cifras buenas, porque este crecimiento del empleo y de los salarios no se ha conseguido sin una emisi\u00f3n brutal de deuda por parte del gobierno federal, que se ha endeudado m\u00e1s en los ocho a\u00f1os de Obama que en los cien a\u00f1os anteriores. La deuda p\u00fablica supon\u00eda alrededor del 77% del PIB per c\u00e1pita en el primer trimestre de 2009, mientras que ahora que se nos va Obama supone m\u00e1s del 104% del PIB de Estados Unidos. Es cierto que la deuda hab\u00eda ido creciendo durante la administraci\u00f3n de George W. Bush, pero no al ritmo que lo ha hecho bajo Obama. Obama va a dejar un pa\u00eds mucho m\u00e1s endeudado de lo que se lo encontr\u00f3 y los pr\u00f3ximos presidentes tendr\u00e1n que resolver el problema.<\/p>\n<p>Por \u00faltimo tenemos la pobreza en Estados Unidos, y es que a pesar del crecimiento econ\u00f3mico y la disminuci\u00f3n del desempleo, la tasa de pobreza ha sido bastante constante en los ocho a\u00f1os de Obama. En 2009 cuando lleg\u00f3 al poder, la tasa de pobreza era del 14,3% de la poblaci\u00f3n, y en 2015 es del 13,5%. Eso supone que actualmente en la naci\u00f3n m\u00e1s rica de la tierra hay m\u00e1s de 43 millones de pobres.<\/p>\n<p>Eso s\u00ed, en su defensa afirmar\u00e9 que la poblaci\u00f3n de Estados Unidos ha pasado de 303 a 318 millones de personas y que la tasa de pobreza fue del 15% en 2010, 2011 y 2012, por lo que podr\u00edamos hablar de que se ha reducido ligeramente en los ocho a\u00f1os de Obama.<\/p>\n<p><strong>Rescates, fracking, Obamacare y comercio exterior<\/strong><\/p>\n<p>Respecto a la pol\u00edtica llevada a cabo por Obama me gustar\u00eda destacar cuatro aspectos que han sido llamativos, pero en la pr\u00e1ctica han dado buenos resultados. El primero son los rescates. Durante la legislatura de Obama, este rescat\u00f3 a los fabricantes de autom\u00f3viles quebrados General Motors y Chrysler. Chrysler acab\u00f3 siendo propiedad de Fiat por un lado, mientras que General Motors acab\u00f3 tomando el sobrenombre de Government Motors.<\/p>\n<p>Hoy en d\u00eda estos gigantes han sido reestructurados, se han deshecho de las marcas menos rentables, (estrategia seguida tambi\u00e9n por Ford) y compiten de igual a igual con los otros grandes fabricantes.<\/p>\n<p>Si en 2008 est\u00e1bamos hablando de la tercera crisis del petr\u00f3leo, en 2014 el panorama petrol\u00edfero mundial era completamente distinto. Gracias a las t\u00e9cnicas de fractura hidr\u00e1ulica y el descubrimiento de yacimientos parec\u00eda que el panorama petrol\u00edfero mundial hab\u00eda cambiado y est\u00e1bamos ante un nuevo mundo en el que finalizaba el petr\u00f3leo caro.<\/p>\n<p>Adem\u00e1s la apuesta por energ\u00edas renovables y las subvenciones a coches el\u00e9ctricos (de las que se ha beneficiado Tesla principalmente, pero tambi\u00e9n otros fabricantes), han hecho que se prevea un futuro a largo plazo en el que el petr\u00f3leo deje de ser tan relevante.<\/p>\n<p>Tambi\u00e9n habr\u00eda que destacar la reforma del sistema sanitario que ha intentado poner en marcha Barack Obama. Aunque no han conseguido un sistema de salud universal, si ha incrementado el nivel de protecci\u00f3n sanitario de muchos norteamericanos, algo bastante loable en un pa\u00eds que ten\u00eda un fuerte d\u00e9ficit en esta materia.<\/p>\n<p>Por \u00faltimo Obama ha apostado bastante por el comercio exterior. No s\u00f3lo del tratado de comercio transatl\u00e1ntico entre la UE y EEUU, que parece que se va a quedar en la cuerda floja despu\u00e9s de los EEUU, sino tambi\u00e9n del tratado de comercio transpac\u00edfico que Donald Trump quiere deshacer tan pronto como entre en la Casa Blanca.<\/p>\n<p>En mi opini\u00f3n, el balance de Obama ha sido positivo para la econom\u00eda de Estados Unidos, a pesar de lo que haya podido afirmar Trump en su campa\u00f1a. Adem\u00e1s su nivel de popularidad ha sido muy alto, no me extra\u00f1ar\u00eda que si hubiera tenido la oportunidad de volver a presentarse a las elecciones hubiera ganado. Pero la limitaci\u00f3n de los dos mandatos pesa, y Donald Trump ser\u00e1 el pr\u00f3ximo presidente de los Estados Unidos.<\/p>\n<p><strong><em>La noticia Ocho a\u00f1os de Obama \u00bfha sido un buen presidente? fue publicada originalmente en El Blog Salm\u00f3n por Javier J Navarro .<\/em><\/strong><\/p>\n","protected":false},"excerpt":{"rendered":"<p>Barack Hussein Obama dejar\u00e1 pronto de ser presidente de Estados Unidos, dando paso a la administraci\u00f3n Trump. \u00bfHa hecho un buen trabajo en la Casa Blanca o ha sido malo? \u00bfHa sido bueno para la econom\u00eda norteamericana tener a Obama en la Casa Blanca? La respuestas es m\u00e1s complicada que responder blanco o negro, porque [&hellip;]<\/p>\n","protected":false},"author":1,"featured_media":679432,"comment_status":"closed","ping_status":"closed","sticky":false,"template":"","format":"standard","meta":{"footnotes":""},"categories":[141],"tags":[],"class_list":["post-920678","post","type-post","status-publish","format-standard","has-post-thumbnail","hentry","category-destacadas"],"aioseo_notices":[],"aioseo_head":"\n\t\t<!-- All in One SEO Pro 4.9.6.2 - aioseo.com -->\n\t<meta name=\"description\" content=\"Barack Hussein Obama dejar\u00e1 pronto de ser presidente de Estados Unidos, dando paso a la administraci\u00f3n Trump. \u00bfHa hecho un buen trabajo en la Casa Blanca o ha sido malo? \u00bfHa sido bueno para la econom\u00eda norteamericana tener a Obama en la Casa Blanca? La respuestas es m\u00e1s complicada que responder blanco o negro, porque\" \/>\n\t<meta name=\"robots\" content=\"max-image-preview:large\" \/>\n\t<meta name=\"author\" content=\"El Digital de Asturias\"\/>\n\t<meta name=\"google-site-verification\" content=\"UA-38556648-1\" \/>\n\t<meta name=\"msvalidate.01\" content=\"7dfe9f3f1b24437ab69f4f2559babe99\" \/>\n\t<meta name=\"keywords\" content=\"destacadas\" \/>\n\t<link rel=\"canonical\" href=\"https:\/\/www.eldigitaldeasturias.com\/noticias\/las-cifras-de-obama-fin-de-mandato\/\" \/>\n\t<meta name=\"generator\" content=\"All in One SEO Pro (AIOSEO) 4.9.6.2\" \/>\n\t\t<meta property=\"og:locale\" content=\"es_ES\" \/>\n\t\t<meta property=\"og:site_name\" content=\"El Digital de Asturias\" \/>\n\t\t<meta property=\"og:type\" content=\"article\" \/>\n\t\t<meta property=\"og:title\" content=\"Las cifras de Obama, fin de mandato - El Digital de Asturias\" \/>\n\t\t<meta property=\"og:description\" content=\"Barack Hussein Obama dejar\u00e1 pronto de ser presidente de Estados Unidos, dando paso a la administraci\u00f3n Trump. \u00bfHa hecho un buen trabajo en la Casa Blanca o ha sido malo? \u00bfHa sido bueno para la econom\u00eda norteamericana tener a Obama en la Casa Blanca? La respuestas es m\u00e1s complicada que responder blanco o negro, porque\" \/>\n\t\t<meta property=\"og:url\" content=\"https:\/\/www.eldigitaldeasturias.com\/noticias\/las-cifras-de-obama-fin-de-mandato\/\" \/>\n\t\t<meta property=\"og:image\" content=\"https:\/\/www.eldigitaldeasturias.com\/noticias\/wp-content\/uploads\/2014\/11\/7020038w.jpg\" \/>\n\t\t<meta property=\"og:image:secure_url\" content=\"https:\/\/www.eldigitaldeasturias.com\/noticias\/wp-content\/uploads\/2014\/11\/7020038w.jpg\" \/>\n\t\t<meta property=\"og:image:width\" content=\"800\" \/>\n\t\t<meta property=\"og:image:height\" content=\"534\" \/>\n\t\t<meta property=\"article:tag\" content=\"destacadas\" \/>\n\t\t<meta property=\"article:published_time\" content=\"2016-12-27T20:28:27+00:00\" \/>\n\t\t<meta property=\"article:modified_time\" content=\"2016-12-27T20:28:27+00:00\" \/>\n\t\t<meta property=\"article:publisher\" content=\"https:\/\/facebook.com\/eldigitaldeasturias\" \/>\n\t\t<meta name=\"twitter:card\" content=\"summary_large_image\" \/>\n\t\t<meta name=\"twitter:title\" content=\"Las cifras de Obama, fin de mandato - El Digital de Asturias\" \/>\n\t\t<meta name=\"twitter:description\" content=\"Barack Hussein Obama dejar\u00e1 pronto de ser presidente de Estados Unidos, dando paso a la administraci\u00f3n Trump. \u00bfHa hecho un buen trabajo en la Casa Blanca o ha sido malo? \u00bfHa sido bueno para la econom\u00eda norteamericana tener a Obama en la Casa Blanca? La respuestas es m\u00e1s complicada que responder blanco o negro, porque\" \/>\n\t\t<meta name=\"twitter:image\" content=\"https:\/\/www.eldigitaldeasturias.com\/noticias\/wp-content\/uploads\/2014\/11\/7020038w.jpg\" \/>\n\t\t<meta name=\"twitter:label1\" content=\"Escrito por\" \/>\n\t\t<meta name=\"twitter:data1\" content=\"El Digital de Asturias\" \/>\n\t\t<meta name=\"twitter:label2\" content=\"Tiempo de lectura estimado\" \/>\n\t\t<meta name=\"twitter:data2\" content=\"5 minutos\" \/>\n\t\t<script type=\"application\/ld+json\" class=\"aioseo-schema\">\n\t\t\t{\"@context\":\"https:\\\/\\\/schema.org\",\"@graph\":[{\"@type\":\"BlogPosting\",\"@id\":\"https:\\\/\\\/www.eldigitaldeasturias.com\\\/noticias\\\/las-cifras-de-obama-fin-de-mandato\\\/#blogposting\",\"name\":\"Las cifras de Obama, fin de mandato - El Digital de Asturias\",\"headline\":\"Las cifras de Obama, fin de mandato\",\"author\":{\"@id\":\"https:\\\/\\\/www.eldigitaldeasturias.com\\\/noticias\\\/author\\\/admin\\\/#author\"},\"publisher\":{\"@id\":\"https:\\\/\\\/www.eldigitaldeasturias.com\\\/noticias\\\/#organization\"},\"image\":{\"@type\":\"ImageObject\",\"url\":\"https:\\\/\\\/www.eldigitaldeasturias.com\\\/noticias\\\/wp-content\\\/uploads\\\/2014\\\/11\\\/7020038w.jpg\",\"width\":800,\"height\":534},\"datePublished\":\"2016-12-27T20:28:27+01:00\",\"dateModified\":\"2016-12-27T20:28:27+01:00\",\"inLanguage\":\"es-ES\",\"mainEntityOfPage\":{\"@id\":\"https:\\\/\\\/www.eldigitaldeasturias.com\\\/noticias\\\/las-cifras-de-obama-fin-de-mandato\\\/#webpage\"},\"isPartOf\":{\"@id\":\"https:\\\/\\\/www.eldigitaldeasturias.com\\\/noticias\\\/las-cifras-de-obama-fin-de-mandato\\\/#webpage\"},\"articleSection\":\"Destacadas\"},{\"@type\":\"BreadcrumbList\",\"@id\":\"https:\\\/\\\/www.eldigitaldeasturias.com\\\/noticias\\\/las-cifras-de-obama-fin-de-mandato\\\/#breadcrumblist\",\"itemListElement\":[{\"@type\":\"ListItem\",\"@id\":\"https:\\\/\\\/www.eldigitaldeasturias.com\\\/noticias#listItem\",\"position\":1,\"name\":\"Home\",\"item\":\"https:\\\/\\\/www.eldigitaldeasturias.com\\\/noticias\",\"nextItem\":{\"@type\":\"ListItem\",\"@id\":\"https:\\\/\\\/www.eldigitaldeasturias.com\\\/noticias\\\/category\\\/destacadas\\\/#listItem\",\"name\":\"Destacadas\"}},{\"@type\":\"ListItem\",\"@id\":\"https:\\\/\\\/www.eldigitaldeasturias.com\\\/noticias\\\/category\\\/destacadas\\\/#listItem\",\"position\":2,\"name\":\"Destacadas\",\"item\":\"https:\\\/\\\/www.eldigitaldeasturias.com\\\/noticias\\\/category\\\/destacadas\\\/\",\"nextItem\":{\"@type\":\"ListItem\",\"@id\":\"https:\\\/\\\/www.eldigitaldeasturias.com\\\/noticias\\\/las-cifras-de-obama-fin-de-mandato\\\/#listItem\",\"name\":\"Las cifras de Obama, fin de mandato\"},\"previousItem\":{\"@type\":\"ListItem\",\"@id\":\"https:\\\/\\\/www.eldigitaldeasturias.com\\\/noticias#listItem\",\"name\":\"Home\"}},{\"@type\":\"ListItem\",\"@id\":\"https:\\\/\\\/www.eldigitaldeasturias.com\\\/noticias\\\/las-cifras-de-obama-fin-de-mandato\\\/#listItem\",\"position\":3,\"name\":\"Las cifras de Obama, fin de mandato\",\"previousItem\":{\"@type\":\"ListItem\",\"@id\":\"https:\\\/\\\/www.eldigitaldeasturias.com\\\/noticias\\\/category\\\/destacadas\\\/#listItem\",\"name\":\"Destacadas\"}}]},{\"@type\":\"Organization\",\"@id\":\"https:\\\/\\\/www.eldigitaldeasturias.com\\\/noticias\\\/#organization\",\"name\":\"El Digital de Asturias\",\"description\":\"Hemeroteca\",\"url\":\"https:\\\/\\\/www.eldigitaldeasturias.com\\\/noticias\\\/\",\"email\":\"info@eldigitaldeasturias.com\",\"telephone\":\"+34652131393\",\"logo\":{\"@type\":\"ImageObject\",\"url\":\"https:\\\/\\\/www.eldigitaldeasturias.com\\\/noticias\\\/wp-content\\\/uploads\\\/2020\\\/12\\\/EDA.jpg\",\"@id\":\"https:\\\/\\\/www.eldigitaldeasturias.com\\\/noticias\\\/las-cifras-de-obama-fin-de-mandato\\\/#organizationLogo\",\"width\":649,\"height\":297},\"image\":{\"@id\":\"https:\\\/\\\/www.eldigitaldeasturias.com\\\/noticias\\\/las-cifras-de-obama-fin-de-mandato\\\/#organizationLogo\"},\"sameAs\":[\"https:\\\/\\\/facebook.com\\\/eldigitaldeasturias\",\"https:\\\/\\\/www.youtube.com\\\/channel\\\/UCZP-2wLEB9Rv6erhFmqVnvg\"],\"address\":{\"@id\":\"https:\\\/\\\/www.eldigitaldeasturias.com\\\/noticias\\\/#postaladdress\",\"@type\":\"PostalAddress\",\"streetAddress\":\"san antonio 4,\",\"postalCode\":\"33430\",\"addressLocality\":\"Cand\\u00e1s\",\"addressRegion\":\"Asturias\",\"addressCountry\":\"ES\"}},{\"@type\":\"Person\",\"@id\":\"https:\\\/\\\/www.eldigitaldeasturias.com\\\/noticias\\\/author\\\/admin\\\/#author\",\"url\":\"https:\\\/\\\/www.eldigitaldeasturias.com\\\/noticias\\\/author\\\/admin\\\/\",\"name\":\"El Digital de Asturias\",\"image\":{\"@type\":\"ImageObject\",\"@id\":\"https:\\\/\\\/www.eldigitaldeasturias.com\\\/noticias\\\/las-cifras-de-obama-fin-de-mandato\\\/#authorImage\",\"url\":\"https:\\\/\\\/www.eldigitaldeasturias.com\\\/noticias\\\/wp-content\\\/litespeed\\\/avatar\\\/18677e78aa0546b92d9dbf31ec7d7668.jpg?ver=1777290358\",\"width\":96,\"height\":96,\"caption\":\"El Digital de Asturias\"}},{\"@type\":\"WebPage\",\"@id\":\"https:\\\/\\\/www.eldigitaldeasturias.com\\\/noticias\\\/las-cifras-de-obama-fin-de-mandato\\\/#webpage\",\"url\":\"https:\\\/\\\/www.eldigitaldeasturias.com\\\/noticias\\\/las-cifras-de-obama-fin-de-mandato\\\/\",\"name\":\"Las cifras de Obama, fin de mandato - El Digital de Asturias\",\"description\":\"Barack Hussein Obama dejar\\u00e1 pronto de ser presidente de Estados Unidos, dando paso a la administraci\\u00f3n Trump. \\u00bfHa hecho un buen trabajo en la Casa Blanca o ha sido malo? \\u00bfHa sido bueno para la econom\\u00eda norteamericana tener a Obama en la Casa Blanca? La respuestas es m\\u00e1s complicada que responder blanco o negro, porque\",\"inLanguage\":\"es-ES\",\"isPartOf\":{\"@id\":\"https:\\\/\\\/www.eldigitaldeasturias.com\\\/noticias\\\/#website\"},\"breadcrumb\":{\"@id\":\"https:\\\/\\\/www.eldigitaldeasturias.com\\\/noticias\\\/las-cifras-de-obama-fin-de-mandato\\\/#breadcrumblist\"},\"author\":{\"@id\":\"https:\\\/\\\/www.eldigitaldeasturias.com\\\/noticias\\\/author\\\/admin\\\/#author\"},\"creator\":{\"@id\":\"https:\\\/\\\/www.eldigitaldeasturias.com\\\/noticias\\\/author\\\/admin\\\/#author\"},\"image\":{\"@type\":\"ImageObject\",\"url\":\"https:\\\/\\\/www.eldigitaldeasturias.com\\\/noticias\\\/wp-content\\\/uploads\\\/2014\\\/11\\\/7020038w.jpg\",\"@id\":\"https:\\\/\\\/www.eldigitaldeasturias.com\\\/noticias\\\/las-cifras-de-obama-fin-de-mandato\\\/#mainImage\",\"width\":800,\"height\":534},\"primaryImageOfPage\":{\"@id\":\"https:\\\/\\\/www.eldigitaldeasturias.com\\\/noticias\\\/las-cifras-de-obama-fin-de-mandato\\\/#mainImage\"},\"datePublished\":\"2016-12-27T20:28:27+01:00\",\"dateModified\":\"2016-12-27T20:28:27+01:00\"},{\"@type\":\"WebSite\",\"@id\":\"https:\\\/\\\/www.eldigitaldeasturias.com\\\/noticias\\\/#website\",\"url\":\"https:\\\/\\\/www.eldigitaldeasturias.com\\\/noticias\\\/\",\"name\":\"El Digital de Asturias - Diario de actualidad y noticias\",\"alternateName\":\"El Digital de Asturias - Diario de actualidad y noticias\",\"description\":\"Hemeroteca\",\"inLanguage\":\"es-ES\",\"publisher\":{\"@id\":\"https:\\\/\\\/www.eldigitaldeasturias.com\\\/noticias\\\/#organization\"}}]}\n\t\t<\/script>\n\t\t<!-- All in One SEO Pro -->\r\n\t\t<title>Las cifras de Obama, fin de mandato - El Digital de Asturias<\/title>\n\n","aioseo_head_json":{"title":"Las cifras de Obama, fin de mandato - El Digital de Asturias","description":"Barack Hussein Obama dejar\u00e1 pronto de ser presidente de Estados Unidos, dando paso a la administraci\u00f3n Trump. \u00bfHa hecho un buen trabajo en la Casa Blanca o ha sido malo? \u00bfHa sido bueno para la econom\u00eda norteamericana tener a Obama en la Casa Blanca? La respuestas es m\u00e1s complicada que responder blanco o negro, porque","canonical_url":"https:\/\/www.eldigitaldeasturias.com\/noticias\/las-cifras-de-obama-fin-de-mandato\/","robots":"max-image-preview:large","keywords":"destacadas","webmasterTools":{"google-site-verification":"UA-38556648-1","msvalidate.01":"7dfe9f3f1b24437ab69f4f2559babe99","miscellaneous":""},"schema":{"@context":"https:\/\/schema.org","@graph":[{"@type":"BlogPosting","@id":"https:\/\/www.eldigitaldeasturias.com\/noticias\/las-cifras-de-obama-fin-de-mandato\/#blogposting","name":"Las cifras de Obama, fin de mandato - El Digital de Asturias","headline":"Las cifras de Obama, fin de mandato","author":{"@id":"https:\/\/www.eldigitaldeasturias.com\/noticias\/author\/admin\/#author"},"publisher":{"@id":"https:\/\/www.eldigitaldeasturias.com\/noticias\/#organization"},"image":{"@type":"ImageObject","url":"https:\/\/www.eldigitaldeasturias.com\/noticias\/wp-content\/uploads\/2014\/11\/7020038w.jpg","width":800,"height":534},"datePublished":"2016-12-27T20:28:27+01:00","dateModified":"2016-12-27T20:28:27+01:00","inLanguage":"es-ES","mainEntityOfPage":{"@id":"https:\/\/www.eldigitaldeasturias.com\/noticias\/las-cifras-de-obama-fin-de-mandato\/#webpage"},"isPartOf":{"@id":"https:\/\/www.eldigitaldeasturias.com\/noticias\/las-cifras-de-obama-fin-de-mandato\/#webpage"},"articleSection":"Destacadas"},{"@type":"BreadcrumbList","@id":"https:\/\/www.eldigitaldeasturias.com\/noticias\/las-cifras-de-obama-fin-de-mandato\/#breadcrumblist","itemListElement":[{"@type":"ListItem","@id":"https:\/\/www.eldigitaldeasturias.com\/noticias#listItem","position":1,"name":"Home","item":"https:\/\/www.eldigitaldeasturias.com\/noticias","nextItem":{"@type":"ListItem","@id":"https:\/\/www.eldigitaldeasturias.com\/noticias\/category\/destacadas\/#listItem","name":"Destacadas"}},{"@type":"ListItem","@id":"https:\/\/www.eldigitaldeasturias.com\/noticias\/category\/destacadas\/#listItem","position":2,"name":"Destacadas","item":"https:\/\/www.eldigitaldeasturias.com\/noticias\/category\/destacadas\/","nextItem":{"@type":"ListItem","@id":"https:\/\/www.eldigitaldeasturias.com\/noticias\/las-cifras-de-obama-fin-de-mandato\/#listItem","name":"Las cifras de Obama, fin de mandato"},"previousItem":{"@type":"ListItem","@id":"https:\/\/www.eldigitaldeasturias.com\/noticias#listItem","name":"Home"}},{"@type":"ListItem","@id":"https:\/\/www.eldigitaldeasturias.com\/noticias\/las-cifras-de-obama-fin-de-mandato\/#listItem","position":3,"name":"Las cifras de Obama, fin de mandato","previousItem":{"@type":"ListItem","@id":"https:\/\/www.eldigitaldeasturias.com\/noticias\/category\/destacadas\/#listItem","name":"Destacadas"}}]},{"@type":"Organization","@id":"https:\/\/www.eldigitaldeasturias.com\/noticias\/#organization","name":"El Digital de Asturias","description":"Hemeroteca","url":"https:\/\/www.eldigitaldeasturias.com\/noticias\/","email":"info@eldigitaldeasturias.com","telephone":"+34652131393","logo":{"@type":"ImageObject","url":"https:\/\/www.eldigitaldeasturias.com\/noticias\/wp-content\/uploads\/2020\/12\/EDA.jpg","@id":"https:\/\/www.eldigitaldeasturias.com\/noticias\/las-cifras-de-obama-fin-de-mandato\/#organizationLogo","width":649,"height":297},"image":{"@id":"https:\/\/www.eldigitaldeasturias.com\/noticias\/las-cifras-de-obama-fin-de-mandato\/#organizationLogo"},"sameAs":["https:\/\/facebook.com\/eldigitaldeasturias","https:\/\/www.youtube.com\/channel\/UCZP-2wLEB9Rv6erhFmqVnvg"],"address":{"@id":"https:\/\/www.eldigitaldeasturias.com\/noticias\/#postaladdress","@type":"PostalAddress","streetAddress":"san antonio 4,","postalCode":"33430","addressLocality":"Cand\u00e1s","addressRegion":"Asturias","addressCountry":"ES"}},{"@type":"Person","@id":"https:\/\/www.eldigitaldeasturias.com\/noticias\/author\/admin\/#author","url":"https:\/\/www.eldigitaldeasturias.com\/noticias\/author\/admin\/","name":"El Digital de Asturias","image":{"@type":"ImageObject","@id":"https:\/\/www.eldigitaldeasturias.com\/noticias\/las-cifras-de-obama-fin-de-mandato\/#authorImage","url":"https:\/\/www.eldigitaldeasturias.com\/noticias\/wp-content\/litespeed\/avatar\/18677e78aa0546b92d9dbf31ec7d7668.jpg?ver=1777290358","width":96,"height":96,"caption":"El Digital de Asturias"}},{"@type":"WebPage","@id":"https:\/\/www.eldigitaldeasturias.com\/noticias\/las-cifras-de-obama-fin-de-mandato\/#webpage","url":"https:\/\/www.eldigitaldeasturias.com\/noticias\/las-cifras-de-obama-fin-de-mandato\/","name":"Las cifras de Obama, fin de mandato - El Digital de Asturias","description":"Barack Hussein Obama dejar\u00e1 pronto de ser presidente de Estados Unidos, dando paso a la administraci\u00f3n Trump. \u00bfHa hecho un buen trabajo en la Casa Blanca o ha sido malo? \u00bfHa sido bueno para la econom\u00eda norteamericana tener a Obama en la Casa Blanca? La respuestas es m\u00e1s complicada que responder blanco o negro, porque","inLanguage":"es-ES","isPartOf":{"@id":"https:\/\/www.eldigitaldeasturias.com\/noticias\/#website"},"breadcrumb":{"@id":"https:\/\/www.eldigitaldeasturias.com\/noticias\/las-cifras-de-obama-fin-de-mandato\/#breadcrumblist"},"author":{"@id":"https:\/\/www.eldigitaldeasturias.com\/noticias\/author\/admin\/#author"},"creator":{"@id":"https:\/\/www.eldigitaldeasturias.com\/noticias\/author\/admin\/#author"},"image":{"@type":"ImageObject","url":"https:\/\/www.eldigitaldeasturias.com\/noticias\/wp-content\/uploads\/2014\/11\/7020038w.jpg","@id":"https:\/\/www.eldigitaldeasturias.com\/noticias\/las-cifras-de-obama-fin-de-mandato\/#mainImage","width":800,"height":534},"primaryImageOfPage":{"@id":"https:\/\/www.eldigitaldeasturias.com\/noticias\/las-cifras-de-obama-fin-de-mandato\/#mainImage"},"datePublished":"2016-12-27T20:28:27+01:00","dateModified":"2016-12-27T20:28:27+01:00"},{"@type":"WebSite","@id":"https:\/\/www.eldigitaldeasturias.com\/noticias\/#website","url":"https:\/\/www.eldigitaldeasturias.com\/noticias\/","name":"El Digital de Asturias - Diario de actualidad y noticias","alternateName":"El Digital de Asturias - Diario de actualidad y noticias","description":"Hemeroteca","inLanguage":"es-ES","publisher":{"@id":"https:\/\/www.eldigitaldeasturias.com\/noticias\/#organization"}}]},"og:locale":"es_ES","og:site_name":"El Digital de Asturias","og:type":"article","og:title":"Las cifras de Obama, fin de mandato - El Digital de Asturias","og:description":"Barack Hussein Obama dejar\u00e1 pronto de ser presidente de Estados Unidos, dando paso a la administraci\u00f3n Trump. \u00bfHa hecho un buen trabajo en la Casa Blanca o ha sido malo? \u00bfHa sido bueno para la econom\u00eda norteamericana tener a Obama en la Casa Blanca? La respuestas es m\u00e1s complicada que responder blanco o negro, porque","og:url":"https:\/\/www.eldigitaldeasturias.com\/noticias\/las-cifras-de-obama-fin-de-mandato\/","og:image":"https:\/\/www.eldigitaldeasturias.com\/noticias\/wp-content\/uploads\/2014\/11\/7020038w.jpg","og:image:secure_url":"https:\/\/www.eldigitaldeasturias.com\/noticias\/wp-content\/uploads\/2014\/11\/7020038w.jpg","og:image:width":800,"og:image:height":534,"article:tag":["destacadas"],"article:published_time":"2016-12-27T20:28:27+00:00","article:modified_time":"2016-12-27T20:28:27+00:00","article:publisher":"https:\/\/facebook.com\/eldigitaldeasturias","twitter:card":"summary_large_image","twitter:title":"Las cifras de Obama, fin de mandato - El Digital de Asturias","twitter:description":"Barack Hussein Obama dejar\u00e1 pronto de ser presidente de Estados Unidos, dando paso a la administraci\u00f3n Trump. \u00bfHa hecho un buen trabajo en la Casa Blanca o ha sido malo? \u00bfHa sido bueno para la econom\u00eda norteamericana tener a Obama en la Casa Blanca? La respuestas es m\u00e1s complicada que responder blanco o negro, porque","twitter:image":"https:\/\/www.eldigitaldeasturias.com\/noticias\/wp-content\/uploads\/2014\/11\/7020038w.jpg","twitter:label1":"Escrito por","twitter:data1":"El Digital de Asturias","twitter:label2":"Tiempo de lectura estimado","twitter:data2":"5 minutos"},"aioseo_meta_data":{"post_id":"920678","title":null,"description":null,"keywords":null,"keyphrases":null,"primary_term":null,"canonical_url":null,"og_title":null,"og_description":null,"og_object_type":"default","og_image_type":"default","og_image_url":null,"og_image_width":null,"og_image_height":null,"og_image_custom_url":null,"og_image_custom_fields":null,"og_video":null,"og_custom_url":null,"og_article_section":null,"og_article_tags":null,"twitter_use_og":false,"twitter_card":"default","twitter_image_type":"default","twitter_image_url":null,"twitter_image_custom_url":null,"twitter_image_custom_fields":null,"twitter_title":null,"twitter_description":null,"schema":{"blockGraphs":[],"customGraphs":[],"default":{"data":{"Article":[],"Course":[],"Dataset":[],"FAQPage":[],"Movie":[],"Person":[],"Product":[],"ProductReview":[],"Car":[],"Recipe":[],"Service":[],"SoftwareApplication":[],"WebPage":[]},"graphName":"","isEnabled":true},"graphs":[],"defaultGraph":"","defaultPostTypeGraph":""},"schema_type":null,"schema_type_options":null,"pillar_content":false,"robots_default":true,"robots_noindex":false,"robots_noarchive":false,"robots_nosnippet":false,"robots_nofollow":false,"robots_noimageindex":false,"robots_noodp":false,"robots_notranslate":false,"robots_max_snippet":null,"robots_max_videopreview":null,"robots_max_imagepreview":"large","priority":null,"frequency":null,"local_seo":null,"seo_analyzer_scan_date":"2025-12-02 11:04:12","breadcrumb_settings":null,"limit_modified_date":false,"open_ai":null,"ai":null,"created":"2020-12-21 13:46:47","updated":"2025-12-02 11:04:12"},"aioseo_breadcrumb":"<div class=\"aioseo-breadcrumbs\"><span class=\"aioseo-breadcrumb\">\n\t<a href=\"https:\/\/www.eldigitaldeasturias.com\/noticias\" title=\"Home\">Home<\/a>\n<\/span><span class=\"aioseo-breadcrumb-separator\">\u2013<\/span><span class=\"aioseo-breadcrumb\">\n\t<a href=\"https:\/\/www.eldigitaldeasturias.com\/noticias\/category\/destacadas\/\" title=\"Destacadas\">Destacadas<\/a>\n<\/span><span class=\"aioseo-breadcrumb-separator\">\u2013<\/span><span class=\"aioseo-breadcrumb\">\n\t<a href=\"https:\/\/www.eldigitaldeasturias.com\/noticias\/las-cifras-de-obama-fin-de-mandato\/\" title=\"Las cifras de Obama, fin de mandato\">Las cifras de Obama, fin de mandato<\/a>\n<\/span><\/div>","aioseo_breadcrumb_json":[{"label":"Home","link":"https:\/\/www.eldigitaldeasturias.com\/noticias"},{"label":"Destacadas","link":"https:\/\/www.eldigitaldeasturias.com\/noticias\/category\/destacadas\/"},{"label":"Las cifras de Obama, fin de mandato","link":"https:\/\/www.eldigitaldeasturias.com\/noticias\/las-cifras-de-obama-fin-de-mandato\/"}],"_links":{"self":[{"href":"https:\/\/www.eldigitaldeasturias.com\/noticias\/wp-json\/wp\/v2\/posts\/920678","targetHints":{"allow":["GET"]}}],"collection":[{"href":"https:\/\/www.eldigitaldeasturias.com\/noticias\/wp-json\/wp\/v2\/posts"}],"about":[{"href":"https:\/\/www.eldigitaldeasturias.com\/noticias\/wp-json\/wp\/v2\/types\/post"}],"author":[{"embeddable":true,"href":"https:\/\/www.eldigitaldeasturias.com\/noticias\/wp-json\/wp\/v2\/users\/1"}],"replies":[{"embeddable":true,"href":"https:\/\/www.eldigitaldeasturias.com\/noticias\/wp-json\/wp\/v2\/comments?post=920678"}],"version-history":[{"count":0,"href":"https:\/\/www.eldigitaldeasturias.com\/noticias\/wp-json\/wp\/v2\/posts\/920678\/revisions"}],"wp:featuredmedia":[{"embeddable":true,"href":"https:\/\/www.eldigitaldeasturias.com\/noticias\/wp-json\/wp\/v2\/media\/679432"}],"wp:attachment":[{"href":"https:\/\/www.eldigitaldeasturias.com\/noticias\/wp-json\/wp\/v2\/media?parent=920678"}],"wp:term":[{"taxonomy":"category","embeddable":true,"href":"https:\/\/www.eldigitaldeasturias.com\/noticias\/wp-json\/wp\/v2\/categories?post=920678"},{"taxonomy":"post_tag","embeddable":true,"href":"https:\/\/www.eldigitaldeasturias.com\/noticias\/wp-json\/wp\/v2\/tags?post=920678"}],"curies":[{"name":"wp","href":"https:\/\/api.w.org\/{rel}","templated":true}]}}