{"id":920518,"date":"2016-12-26T19:04:39","date_gmt":"2016-12-26T19:04:39","guid":{"rendered":"http:\/\/www.eldigitaldeasturias.com\/noticias\/?p=920518"},"modified":"2016-12-26T19:04:39","modified_gmt":"2016-12-26T19:04:39","slug":"carmen-fernandez-no-se-puede-tolerar-el-aumento-del-furtivismo-en-nuestras-costas","status":"publish","type":"post","link":"https:\/\/www.eldigitaldeasturias.com\/noticias\/carmen-fernandez-no-se-puede-tolerar-el-aumento-del-furtivismo-en-nuestras-costas\/","title":{"rendered":"Carmen Fern\u00e1ndez: \u201cNo se puede tolerar el aumento del furtivismo en nuestras costas\u201d"},"content":{"rendered":"<p><img loading=\"lazy\" decoding=\"async\" class=\"alignleft size-medium wp-image-920519\" src=\"https:\/\/www.eldigitaldeasturias.com\/noticias\/wp-content\/uploads\/2016\/12\/FOTO-FORO-360x278.jpg\" alt=\"\" width=\"360\" height=\"278\" srcset=\"https:\/\/www.eldigitaldeasturias.com\/noticias\/wp-content\/uploads\/2016\/12\/FOTO-FORO-360x278.jpg 360w, https:\/\/www.eldigitaldeasturias.com\/noticias\/wp-content\/uploads\/2016\/12\/FOTO-FORO-650x503.jpg 650w, https:\/\/www.eldigitaldeasturias.com\/noticias\/wp-content\/uploads\/2016\/12\/FOTO-FORO.jpg 736w\" sizes=\"auto, (max-width: 360px) 100vw, 360px\" \/>La diputada de FORO y portavoz en materia de pesca ha comunicado hoy el registro de una pregunta parlamentaria al Consejo de Gobierno \u201cpara que aclare las acciones que se est\u00e1n llevando a cabo por parte de la administraci\u00f3n asturiana ante la oleada de furtivos que saquean los percebes de nuestras costas. La pregunta que hemos presentado es: \u00bfQu\u00e9 medidas extraordinarias est\u00e1 llevando a cabo la consejer\u00eda del medio rural para erradicar el intrusismo furtivo que sufren los perceberos asturianos en la campa\u00f1a de Navidad?\u201d, dice la diputada.<\/p>\n<p>\u201cEn Asturias \u2013explica Carmen Fern\u00e1ndez- son 382 profesionales del marisqueo los que ejercen su profesi\u00f3n recogiendo percebe sobre las rocas; 206 en las diferentes zonas que cuentan con plan de explotaci\u00f3n y 176 en zona libre. El oficio es arriesgado y el momento de beneficiarse econ\u00f3micamente de ello es ahora en estas fiestas, por eso no se puede tolerar que la ilegalidad triunfe por dejadez de una Consejera dedicada a poner trabas a los profesionales y dar la espalda al aumento del furtivismo que esquilma el percebe en nuestras costas\u201d.<\/p>\n<p>\u201cHay siete planes de explotaci\u00f3n vigentes en la costa asturiana, y sus fines son fijar la capacidad extractiva en funci\u00f3n de la evoluci\u00f3n de los recursos, lo que supone una limitaci\u00f3n del cupo de pesca para asegurar el mantenimiento de la especie. Por otro lado, los pescadores del resto de cofrad\u00edas que no tienen plan de explotaci\u00f3n propio pueden pescar por el resto de costa pero tambi\u00e9n cumpliendo con los cupos establecidos. Ante las estrictas condiciones de trabajo no cabe la competencia desleal que supone el furtivismo\u201d, dice Carmen Fern\u00e1ndez.<\/p>\n<p>La diputada de FORO contin\u00faa manifestando que \u201cseg\u00fan hemos sabido por mariscadores que se dedican al percebe, no siempre se abren las rocas que los profesionales han pedido; y cuando una zona no se abre a la campa\u00f1a es para que los percebes adquieran mayor tama\u00f1o, pero l\u00f3gicamente no se consigue si sobre esas zonas act\u00faan los furtivos, que no solo destruyen la especie sino que impiden que dichas rocas se puedan abrir en la posterior temporada. El aumento del furtivismo esquilma la especie y pone en peligro la existencia de percebes en nuestras costas\u201d.<\/p>\n<p>\u201cAl Servicio de Ordenaci\u00f3n Pesquera del Principado de Asturias le corresponder\u00e1n las funciones, entre otras, de protecci\u00f3n de los recursos marinos, la inspecci\u00f3n y vigilancia de la extracci\u00f3n. En FORO queremos conocer los recursos con los que est\u00e1 dotado este servicio, as\u00ed como las funciones que tienen asignadas las personas adscritas a este servicio para evitar el furtivismo porque la falta de vigilancia de nuestra costa por el Gobierno del Principado est\u00e1 provocando el aumento del furtivismo y el empobrecimiento de los profesionales que se dedican al percebe\u201d, concluye la diputada.<\/p>\n<p>&nbsp;<\/p>\n","protected":false},"excerpt":{"rendered":"<p>La diputada de FORO y portavoz en materia de pesca ha comunicado hoy el registro de una pregunta parlamentaria al Consejo de Gobierno \u201cpara que aclare las acciones que se est\u00e1n llevando a cabo por parte de la administraci\u00f3n asturiana ante la oleada de furtivos que saquean los percebes de nuestras costas. La pregunta que [&hellip;]<\/p>\n","protected":false},"author":1,"featured_media":920519,"comment_status":"closed","ping_status":"closed","sticky":false,"template":"","format":"standard","meta":{"footnotes":""},"categories":[141],"tags":[],"class_list":["post-920518","post","type-post","status-publish","format-standard","has-post-thumbnail","hentry","category-destacadas"],"aioseo_notices":[],"aioseo_head":"\n\t\t<!-- All in One SEO Pro 4.9.6.2 - aioseo.com -->\n\t<meta name=\"description\" content=\"La diputada de FORO y portavoz en materia de pesca ha comunicado hoy el registro de una pregunta parlamentaria al Consejo de Gobierno \u201cpara que aclare las acciones que se est\u00e1n llevando a cabo por parte de la administraci\u00f3n asturiana ante la oleada de furtivos que saquean los percebes de nuestras costas. La pregunta que\" \/>\n\t<meta name=\"robots\" content=\"max-image-preview:large\" \/>\n\t<meta name=\"author\" content=\"El Digital de Asturias\"\/>\n\t<meta name=\"google-site-verification\" content=\"UA-38556648-1\" \/>\n\t<meta name=\"msvalidate.01\" content=\"7dfe9f3f1b24437ab69f4f2559babe99\" \/>\n\t<meta name=\"keywords\" content=\"destacadas\" \/>\n\t<link rel=\"canonical\" href=\"https:\/\/www.eldigitaldeasturias.com\/noticias\/carmen-fernandez-no-se-puede-tolerar-el-aumento-del-furtivismo-en-nuestras-costas\/\" \/>\n\t<meta name=\"generator\" content=\"All in One SEO Pro (AIOSEO) 4.9.6.2\" \/>\n\t\t<meta property=\"og:locale\" content=\"es_ES\" \/>\n\t\t<meta property=\"og:site_name\" content=\"El Digital de Asturias\" \/>\n\t\t<meta property=\"og:type\" content=\"article\" \/>\n\t\t<meta property=\"og:title\" content=\"Carmen Fern\u00e1ndez: \u201cNo se puede tolerar el aumento del furtivismo en nuestras costas\u201d - El Digital de Asturias\" \/>\n\t\t<meta property=\"og:description\" content=\"La diputada de FORO y portavoz en materia de pesca ha comunicado hoy el registro de una pregunta parlamentaria al Consejo de Gobierno \u201cpara que aclare las acciones que se est\u00e1n llevando a cabo por parte de la administraci\u00f3n asturiana ante la oleada de furtivos que saquean los percebes de nuestras costas. La pregunta que\" \/>\n\t\t<meta property=\"og:url\" content=\"https:\/\/www.eldigitaldeasturias.com\/noticias\/carmen-fernandez-no-se-puede-tolerar-el-aumento-del-furtivismo-en-nuestras-costas\/\" \/>\n\t\t<meta property=\"og:image\" content=\"https:\/\/www.eldigitaldeasturias.com\/noticias\/wp-content\/uploads\/2016\/12\/FOTO-FORO.jpg\" \/>\n\t\t<meta property=\"og:image:secure_url\" content=\"https:\/\/www.eldigitaldeasturias.com\/noticias\/wp-content\/uploads\/2016\/12\/FOTO-FORO.jpg\" \/>\n\t\t<meta property=\"og:image:width\" content=\"736\" \/>\n\t\t<meta property=\"og:image:height\" content=\"569\" \/>\n\t\t<meta property=\"article:tag\" content=\"destacadas\" \/>\n\t\t<meta property=\"article:published_time\" content=\"2016-12-26T19:04:39+00:00\" \/>\n\t\t<meta property=\"article:modified_time\" content=\"2016-12-26T19:04:39+00:00\" \/>\n\t\t<meta property=\"article:publisher\" content=\"https:\/\/facebook.com\/eldigitaldeasturias\" \/>\n\t\t<meta name=\"twitter:card\" content=\"summary_large_image\" \/>\n\t\t<meta name=\"twitter:title\" content=\"Carmen Fern\u00e1ndez: \u201cNo se puede tolerar el aumento del furtivismo en nuestras costas\u201d - El Digital de Asturias\" \/>\n\t\t<meta name=\"twitter:description\" content=\"La diputada de FORO y portavoz en materia de pesca ha comunicado hoy el registro de una pregunta parlamentaria al Consejo de Gobierno \u201cpara que aclare las acciones que se est\u00e1n llevando a cabo por parte de la administraci\u00f3n asturiana ante la oleada de furtivos que saquean los percebes de nuestras costas. La pregunta que\" \/>\n\t\t<meta name=\"twitter:image\" content=\"https:\/\/www.eldigitaldeasturias.com\/noticias\/wp-content\/uploads\/2016\/12\/FOTO-FORO.jpg\" \/>\n\t\t<meta name=\"twitter:label1\" content=\"Escrito por\" \/>\n\t\t<meta name=\"twitter:data1\" content=\"El Digital de Asturias\" \/>\n\t\t<meta name=\"twitter:label2\" content=\"Tiempo de lectura estimado\" \/>\n\t\t<meta name=\"twitter:data2\" content=\"2 minutos\" \/>\n\t\t<script type=\"application\/ld+json\" class=\"aioseo-schema\">\n\t\t\t{\"@context\":\"https:\\\/\\\/schema.org\",\"@graph\":[{\"@type\":\"BlogPosting\",\"@id\":\"https:\\\/\\\/www.eldigitaldeasturias.com\\\/noticias\\\/carmen-fernandez-no-se-puede-tolerar-el-aumento-del-furtivismo-en-nuestras-costas\\\/#blogposting\",\"name\":\"Carmen Fern\\u00e1ndez: \\u201cNo se puede tolerar el aumento del furtivismo en nuestras costas\\u201d - El Digital de Asturias\",\"headline\":\"Carmen Fern\\u00e1ndez: \\u201cNo se puede tolerar el aumento del furtivismo en nuestras costas\\u201d\",\"author\":{\"@id\":\"https:\\\/\\\/www.eldigitaldeasturias.com\\\/noticias\\\/author\\\/admin\\\/#author\"},\"publisher\":{\"@id\":\"https:\\\/\\\/www.eldigitaldeasturias.com\\\/noticias\\\/#organization\"},\"image\":{\"@type\":\"ImageObject\",\"url\":\"https:\\\/\\\/www.eldigitaldeasturias.com\\\/noticias\\\/wp-content\\\/uploads\\\/2016\\\/12\\\/FOTO-FORO.jpg\",\"width\":736,\"height\":569},\"datePublished\":\"2016-12-26T19:04:39+01:00\",\"dateModified\":\"2016-12-26T19:04:39+01:00\",\"inLanguage\":\"es-ES\",\"mainEntityOfPage\":{\"@id\":\"https:\\\/\\\/www.eldigitaldeasturias.com\\\/noticias\\\/carmen-fernandez-no-se-puede-tolerar-el-aumento-del-furtivismo-en-nuestras-costas\\\/#webpage\"},\"isPartOf\":{\"@id\":\"https:\\\/\\\/www.eldigitaldeasturias.com\\\/noticias\\\/carmen-fernandez-no-se-puede-tolerar-el-aumento-del-furtivismo-en-nuestras-costas\\\/#webpage\"},\"articleSection\":\"Destacadas\"},{\"@type\":\"BreadcrumbList\",\"@id\":\"https:\\\/\\\/www.eldigitaldeasturias.com\\\/noticias\\\/carmen-fernandez-no-se-puede-tolerar-el-aumento-del-furtivismo-en-nuestras-costas\\\/#breadcrumblist\",\"itemListElement\":[{\"@type\":\"ListItem\",\"@id\":\"https:\\\/\\\/www.eldigitaldeasturias.com\\\/noticias#listItem\",\"position\":1,\"name\":\"Home\",\"item\":\"https:\\\/\\\/www.eldigitaldeasturias.com\\\/noticias\",\"nextItem\":{\"@type\":\"ListItem\",\"@id\":\"https:\\\/\\\/www.eldigitaldeasturias.com\\\/noticias\\\/category\\\/destacadas\\\/#listItem\",\"name\":\"Destacadas\"}},{\"@type\":\"ListItem\",\"@id\":\"https:\\\/\\\/www.eldigitaldeasturias.com\\\/noticias\\\/category\\\/destacadas\\\/#listItem\",\"position\":2,\"name\":\"Destacadas\",\"item\":\"https:\\\/\\\/www.eldigitaldeasturias.com\\\/noticias\\\/category\\\/destacadas\\\/\",\"nextItem\":{\"@type\":\"ListItem\",\"@id\":\"https:\\\/\\\/www.eldigitaldeasturias.com\\\/noticias\\\/carmen-fernandez-no-se-puede-tolerar-el-aumento-del-furtivismo-en-nuestras-costas\\\/#listItem\",\"name\":\"Carmen Fern\\u00e1ndez: \\u201cNo se puede tolerar el aumento del furtivismo en nuestras costas\\u201d\"},\"previousItem\":{\"@type\":\"ListItem\",\"@id\":\"https:\\\/\\\/www.eldigitaldeasturias.com\\\/noticias#listItem\",\"name\":\"Home\"}},{\"@type\":\"ListItem\",\"@id\":\"https:\\\/\\\/www.eldigitaldeasturias.com\\\/noticias\\\/carmen-fernandez-no-se-puede-tolerar-el-aumento-del-furtivismo-en-nuestras-costas\\\/#listItem\",\"position\":3,\"name\":\"Carmen Fern\\u00e1ndez: \\u201cNo se puede tolerar el aumento del furtivismo en nuestras costas\\u201d\",\"previousItem\":{\"@type\":\"ListItem\",\"@id\":\"https:\\\/\\\/www.eldigitaldeasturias.com\\\/noticias\\\/category\\\/destacadas\\\/#listItem\",\"name\":\"Destacadas\"}}]},{\"@type\":\"Organization\",\"@id\":\"https:\\\/\\\/www.eldigitaldeasturias.com\\\/noticias\\\/#organization\",\"name\":\"El Digital de Asturias\",\"description\":\"Hemeroteca\",\"url\":\"https:\\\/\\\/www.eldigitaldeasturias.com\\\/noticias\\\/\",\"email\":\"info@eldigitaldeasturias.com\",\"telephone\":\"+34652131393\",\"logo\":{\"@type\":\"ImageObject\",\"url\":\"https:\\\/\\\/www.eldigitaldeasturias.com\\\/noticias\\\/wp-content\\\/uploads\\\/2020\\\/12\\\/EDA.jpg\",\"@id\":\"https:\\\/\\\/www.eldigitaldeasturias.com\\\/noticias\\\/carmen-fernandez-no-se-puede-tolerar-el-aumento-del-furtivismo-en-nuestras-costas\\\/#organizationLogo\",\"width\":649,\"height\":297},\"image\":{\"@id\":\"https:\\\/\\\/www.eldigitaldeasturias.com\\\/noticias\\\/carmen-fernandez-no-se-puede-tolerar-el-aumento-del-furtivismo-en-nuestras-costas\\\/#organizationLogo\"},\"sameAs\":[\"https:\\\/\\\/facebook.com\\\/eldigitaldeasturias\",\"https:\\\/\\\/www.youtube.com\\\/channel\\\/UCZP-2wLEB9Rv6erhFmqVnvg\"],\"address\":{\"@id\":\"https:\\\/\\\/www.eldigitaldeasturias.com\\\/noticias\\\/#postaladdress\",\"@type\":\"PostalAddress\",\"streetAddress\":\"san antonio 4,\",\"postalCode\":\"33430\",\"addressLocality\":\"Cand\\u00e1s\",\"addressRegion\":\"Asturias\",\"addressCountry\":\"ES\"}},{\"@type\":\"Person\",\"@id\":\"https:\\\/\\\/www.eldigitaldeasturias.com\\\/noticias\\\/author\\\/admin\\\/#author\",\"url\":\"https:\\\/\\\/www.eldigitaldeasturias.com\\\/noticias\\\/author\\\/admin\\\/\",\"name\":\"El Digital de Asturias\",\"image\":{\"@type\":\"ImageObject\",\"@id\":\"https:\\\/\\\/www.eldigitaldeasturias.com\\\/noticias\\\/carmen-fernandez-no-se-puede-tolerar-el-aumento-del-furtivismo-en-nuestras-costas\\\/#authorImage\",\"url\":\"https:\\\/\\\/www.eldigitaldeasturias.com\\\/noticias\\\/wp-content\\\/litespeed\\\/avatar\\\/18677e78aa0546b92d9dbf31ec7d7668.jpg?ver=1777290358\",\"width\":96,\"height\":96,\"caption\":\"El Digital de Asturias\"}},{\"@type\":\"WebPage\",\"@id\":\"https:\\\/\\\/www.eldigitaldeasturias.com\\\/noticias\\\/carmen-fernandez-no-se-puede-tolerar-el-aumento-del-furtivismo-en-nuestras-costas\\\/#webpage\",\"url\":\"https:\\\/\\\/www.eldigitaldeasturias.com\\\/noticias\\\/carmen-fernandez-no-se-puede-tolerar-el-aumento-del-furtivismo-en-nuestras-costas\\\/\",\"name\":\"Carmen Fern\\u00e1ndez: \\u201cNo se puede tolerar el aumento del furtivismo en nuestras costas\\u201d - El Digital de Asturias\",\"description\":\"La diputada de FORO y portavoz en materia de pesca ha comunicado hoy el registro de una pregunta parlamentaria al Consejo de Gobierno \\u201cpara que aclare las acciones que se est\\u00e1n llevando a cabo por parte de la administraci\\u00f3n asturiana ante la oleada de furtivos que saquean los percebes de nuestras costas. La pregunta que\",\"inLanguage\":\"es-ES\",\"isPartOf\":{\"@id\":\"https:\\\/\\\/www.eldigitaldeasturias.com\\\/noticias\\\/#website\"},\"breadcrumb\":{\"@id\":\"https:\\\/\\\/www.eldigitaldeasturias.com\\\/noticias\\\/carmen-fernandez-no-se-puede-tolerar-el-aumento-del-furtivismo-en-nuestras-costas\\\/#breadcrumblist\"},\"author\":{\"@id\":\"https:\\\/\\\/www.eldigitaldeasturias.com\\\/noticias\\\/author\\\/admin\\\/#author\"},\"creator\":{\"@id\":\"https:\\\/\\\/www.eldigitaldeasturias.com\\\/noticias\\\/author\\\/admin\\\/#author\"},\"image\":{\"@type\":\"ImageObject\",\"url\":\"https:\\\/\\\/www.eldigitaldeasturias.com\\\/noticias\\\/wp-content\\\/uploads\\\/2016\\\/12\\\/FOTO-FORO.jpg\",\"@id\":\"https:\\\/\\\/www.eldigitaldeasturias.com\\\/noticias\\\/carmen-fernandez-no-se-puede-tolerar-el-aumento-del-furtivismo-en-nuestras-costas\\\/#mainImage\",\"width\":736,\"height\":569},\"primaryImageOfPage\":{\"@id\":\"https:\\\/\\\/www.eldigitaldeasturias.com\\\/noticias\\\/carmen-fernandez-no-se-puede-tolerar-el-aumento-del-furtivismo-en-nuestras-costas\\\/#mainImage\"},\"datePublished\":\"2016-12-26T19:04:39+01:00\",\"dateModified\":\"2016-12-26T19:04:39+01:00\"},{\"@type\":\"WebSite\",\"@id\":\"https:\\\/\\\/www.eldigitaldeasturias.com\\\/noticias\\\/#website\",\"url\":\"https:\\\/\\\/www.eldigitaldeasturias.com\\\/noticias\\\/\",\"name\":\"El Digital de Asturias - Diario de actualidad y noticias\",\"alternateName\":\"El Digital de Asturias - Diario de actualidad y noticias\",\"description\":\"Hemeroteca\",\"inLanguage\":\"es-ES\",\"publisher\":{\"@id\":\"https:\\\/\\\/www.eldigitaldeasturias.com\\\/noticias\\\/#organization\"}}]}\n\t\t<\/script>\n\t\t<!-- All in One SEO Pro -->\r\n\t\t<title>Carmen Fern\u00e1ndez: \u201cNo se puede tolerar el aumento del furtivismo en nuestras costas\u201d - El Digital de Asturias<\/title>\n\n","aioseo_head_json":{"title":"Carmen Fern\u00e1ndez: \u201cNo se puede tolerar el aumento del furtivismo en nuestras costas\u201d - El Digital de Asturias","description":"La diputada de FORO y portavoz en materia de pesca ha comunicado hoy el registro de una pregunta parlamentaria al Consejo de Gobierno \u201cpara que aclare las acciones que se est\u00e1n llevando a cabo por parte de la administraci\u00f3n asturiana ante la oleada de furtivos que saquean los percebes de nuestras costas. La pregunta que","canonical_url":"https:\/\/www.eldigitaldeasturias.com\/noticias\/carmen-fernandez-no-se-puede-tolerar-el-aumento-del-furtivismo-en-nuestras-costas\/","robots":"max-image-preview:large","keywords":"destacadas","webmasterTools":{"google-site-verification":"UA-38556648-1","msvalidate.01":"7dfe9f3f1b24437ab69f4f2559babe99","miscellaneous":""},"schema":{"@context":"https:\/\/schema.org","@graph":[{"@type":"BlogPosting","@id":"https:\/\/www.eldigitaldeasturias.com\/noticias\/carmen-fernandez-no-se-puede-tolerar-el-aumento-del-furtivismo-en-nuestras-costas\/#blogposting","name":"Carmen Fern\u00e1ndez: \u201cNo se puede tolerar el aumento del furtivismo en nuestras costas\u201d - El Digital de Asturias","headline":"Carmen Fern\u00e1ndez: \u201cNo se puede tolerar el aumento del furtivismo en nuestras costas\u201d","author":{"@id":"https:\/\/www.eldigitaldeasturias.com\/noticias\/author\/admin\/#author"},"publisher":{"@id":"https:\/\/www.eldigitaldeasturias.com\/noticias\/#organization"},"image":{"@type":"ImageObject","url":"https:\/\/www.eldigitaldeasturias.com\/noticias\/wp-content\/uploads\/2016\/12\/FOTO-FORO.jpg","width":736,"height":569},"datePublished":"2016-12-26T19:04:39+01:00","dateModified":"2016-12-26T19:04:39+01:00","inLanguage":"es-ES","mainEntityOfPage":{"@id":"https:\/\/www.eldigitaldeasturias.com\/noticias\/carmen-fernandez-no-se-puede-tolerar-el-aumento-del-furtivismo-en-nuestras-costas\/#webpage"},"isPartOf":{"@id":"https:\/\/www.eldigitaldeasturias.com\/noticias\/carmen-fernandez-no-se-puede-tolerar-el-aumento-del-furtivismo-en-nuestras-costas\/#webpage"},"articleSection":"Destacadas"},{"@type":"BreadcrumbList","@id":"https:\/\/www.eldigitaldeasturias.com\/noticias\/carmen-fernandez-no-se-puede-tolerar-el-aumento-del-furtivismo-en-nuestras-costas\/#breadcrumblist","itemListElement":[{"@type":"ListItem","@id":"https:\/\/www.eldigitaldeasturias.com\/noticias#listItem","position":1,"name":"Home","item":"https:\/\/www.eldigitaldeasturias.com\/noticias","nextItem":{"@type":"ListItem","@id":"https:\/\/www.eldigitaldeasturias.com\/noticias\/category\/destacadas\/#listItem","name":"Destacadas"}},{"@type":"ListItem","@id":"https:\/\/www.eldigitaldeasturias.com\/noticias\/category\/destacadas\/#listItem","position":2,"name":"Destacadas","item":"https:\/\/www.eldigitaldeasturias.com\/noticias\/category\/destacadas\/","nextItem":{"@type":"ListItem","@id":"https:\/\/www.eldigitaldeasturias.com\/noticias\/carmen-fernandez-no-se-puede-tolerar-el-aumento-del-furtivismo-en-nuestras-costas\/#listItem","name":"Carmen Fern\u00e1ndez: \u201cNo se puede tolerar el aumento del furtivismo en nuestras costas\u201d"},"previousItem":{"@type":"ListItem","@id":"https:\/\/www.eldigitaldeasturias.com\/noticias#listItem","name":"Home"}},{"@type":"ListItem","@id":"https:\/\/www.eldigitaldeasturias.com\/noticias\/carmen-fernandez-no-se-puede-tolerar-el-aumento-del-furtivismo-en-nuestras-costas\/#listItem","position":3,"name":"Carmen Fern\u00e1ndez: \u201cNo se puede tolerar el aumento del furtivismo en nuestras costas\u201d","previousItem":{"@type":"ListItem","@id":"https:\/\/www.eldigitaldeasturias.com\/noticias\/category\/destacadas\/#listItem","name":"Destacadas"}}]},{"@type":"Organization","@id":"https:\/\/www.eldigitaldeasturias.com\/noticias\/#organization","name":"El Digital de Asturias","description":"Hemeroteca","url":"https:\/\/www.eldigitaldeasturias.com\/noticias\/","email":"info@eldigitaldeasturias.com","telephone":"+34652131393","logo":{"@type":"ImageObject","url":"https:\/\/www.eldigitaldeasturias.com\/noticias\/wp-content\/uploads\/2020\/12\/EDA.jpg","@id":"https:\/\/www.eldigitaldeasturias.com\/noticias\/carmen-fernandez-no-se-puede-tolerar-el-aumento-del-furtivismo-en-nuestras-costas\/#organizationLogo","width":649,"height":297},"image":{"@id":"https:\/\/www.eldigitaldeasturias.com\/noticias\/carmen-fernandez-no-se-puede-tolerar-el-aumento-del-furtivismo-en-nuestras-costas\/#organizationLogo"},"sameAs":["https:\/\/facebook.com\/eldigitaldeasturias","https:\/\/www.youtube.com\/channel\/UCZP-2wLEB9Rv6erhFmqVnvg"],"address":{"@id":"https:\/\/www.eldigitaldeasturias.com\/noticias\/#postaladdress","@type":"PostalAddress","streetAddress":"san antonio 4,","postalCode":"33430","addressLocality":"Cand\u00e1s","addressRegion":"Asturias","addressCountry":"ES"}},{"@type":"Person","@id":"https:\/\/www.eldigitaldeasturias.com\/noticias\/author\/admin\/#author","url":"https:\/\/www.eldigitaldeasturias.com\/noticias\/author\/admin\/","name":"El Digital de Asturias","image":{"@type":"ImageObject","@id":"https:\/\/www.eldigitaldeasturias.com\/noticias\/carmen-fernandez-no-se-puede-tolerar-el-aumento-del-furtivismo-en-nuestras-costas\/#authorImage","url":"https:\/\/www.eldigitaldeasturias.com\/noticias\/wp-content\/litespeed\/avatar\/18677e78aa0546b92d9dbf31ec7d7668.jpg?ver=1777290358","width":96,"height":96,"caption":"El Digital de Asturias"}},{"@type":"WebPage","@id":"https:\/\/www.eldigitaldeasturias.com\/noticias\/carmen-fernandez-no-se-puede-tolerar-el-aumento-del-furtivismo-en-nuestras-costas\/#webpage","url":"https:\/\/www.eldigitaldeasturias.com\/noticias\/carmen-fernandez-no-se-puede-tolerar-el-aumento-del-furtivismo-en-nuestras-costas\/","name":"Carmen Fern\u00e1ndez: \u201cNo se puede tolerar el aumento del furtivismo en nuestras costas\u201d - El Digital de Asturias","description":"La diputada de FORO y portavoz en materia de pesca ha comunicado hoy el registro de una pregunta parlamentaria al Consejo de Gobierno \u201cpara que aclare las acciones que se est\u00e1n llevando a cabo por parte de la administraci\u00f3n asturiana ante la oleada de furtivos que saquean los percebes de nuestras costas. La pregunta que","inLanguage":"es-ES","isPartOf":{"@id":"https:\/\/www.eldigitaldeasturias.com\/noticias\/#website"},"breadcrumb":{"@id":"https:\/\/www.eldigitaldeasturias.com\/noticias\/carmen-fernandez-no-se-puede-tolerar-el-aumento-del-furtivismo-en-nuestras-costas\/#breadcrumblist"},"author":{"@id":"https:\/\/www.eldigitaldeasturias.com\/noticias\/author\/admin\/#author"},"creator":{"@id":"https:\/\/www.eldigitaldeasturias.com\/noticias\/author\/admin\/#author"},"image":{"@type":"ImageObject","url":"https:\/\/www.eldigitaldeasturias.com\/noticias\/wp-content\/uploads\/2016\/12\/FOTO-FORO.jpg","@id":"https:\/\/www.eldigitaldeasturias.com\/noticias\/carmen-fernandez-no-se-puede-tolerar-el-aumento-del-furtivismo-en-nuestras-costas\/#mainImage","width":736,"height":569},"primaryImageOfPage":{"@id":"https:\/\/www.eldigitaldeasturias.com\/noticias\/carmen-fernandez-no-se-puede-tolerar-el-aumento-del-furtivismo-en-nuestras-costas\/#mainImage"},"datePublished":"2016-12-26T19:04:39+01:00","dateModified":"2016-12-26T19:04:39+01:00"},{"@type":"WebSite","@id":"https:\/\/www.eldigitaldeasturias.com\/noticias\/#website","url":"https:\/\/www.eldigitaldeasturias.com\/noticias\/","name":"El Digital de Asturias - Diario de actualidad y noticias","alternateName":"El Digital de Asturias - Diario de actualidad y noticias","description":"Hemeroteca","inLanguage":"es-ES","publisher":{"@id":"https:\/\/www.eldigitaldeasturias.com\/noticias\/#organization"}}]},"og:locale":"es_ES","og:site_name":"El Digital de Asturias","og:type":"article","og:title":"Carmen Fern\u00e1ndez: \u201cNo se puede tolerar el aumento del furtivismo en nuestras costas\u201d - El Digital de Asturias","og:description":"La diputada de FORO y portavoz en materia de pesca ha comunicado hoy el registro de una pregunta parlamentaria al Consejo de Gobierno \u201cpara que aclare las acciones que se est\u00e1n llevando a cabo por parte de la administraci\u00f3n asturiana ante la oleada de furtivos que saquean los percebes de nuestras costas. La pregunta que","og:url":"https:\/\/www.eldigitaldeasturias.com\/noticias\/carmen-fernandez-no-se-puede-tolerar-el-aumento-del-furtivismo-en-nuestras-costas\/","og:image":"https:\/\/www.eldigitaldeasturias.com\/noticias\/wp-content\/uploads\/2016\/12\/FOTO-FORO.jpg","og:image:secure_url":"https:\/\/www.eldigitaldeasturias.com\/noticias\/wp-content\/uploads\/2016\/12\/FOTO-FORO.jpg","og:image:width":736,"og:image:height":569,"article:tag":["destacadas"],"article:published_time":"2016-12-26T19:04:39+00:00","article:modified_time":"2016-12-26T19:04:39+00:00","article:publisher":"https:\/\/facebook.com\/eldigitaldeasturias","twitter:card":"summary_large_image","twitter:title":"Carmen Fern\u00e1ndez: \u201cNo se puede tolerar el aumento del furtivismo en nuestras costas\u201d - El Digital de Asturias","twitter:description":"La diputada de FORO y portavoz en materia de pesca ha comunicado hoy el registro de una pregunta parlamentaria al Consejo de Gobierno \u201cpara que aclare las acciones que se est\u00e1n llevando a cabo por parte de la administraci\u00f3n asturiana ante la oleada de furtivos que saquean los percebes de nuestras costas. La pregunta que","twitter:image":"https:\/\/www.eldigitaldeasturias.com\/noticias\/wp-content\/uploads\/2016\/12\/FOTO-FORO.jpg","twitter:label1":"Escrito por","twitter:data1":"El Digital de Asturias","twitter:label2":"Tiempo de lectura estimado","twitter:data2":"2 minutos"},"aioseo_meta_data":{"post_id":"920518","title":null,"description":null,"keywords":null,"keyphrases":null,"primary_term":null,"canonical_url":null,"og_title":null,"og_description":null,"og_object_type":"default","og_image_type":"default","og_image_url":null,"og_image_width":null,"og_image_height":null,"og_image_custom_url":null,"og_image_custom_fields":null,"og_video":null,"og_custom_url":null,"og_article_section":null,"og_article_tags":null,"twitter_use_og":false,"twitter_card":"default","twitter_image_type":"default","twitter_image_url":null,"twitter_image_custom_url":null,"twitter_image_custom_fields":null,"twitter_title":null,"twitter_description":null,"schema":{"blockGraphs":[],"customGraphs":[],"default":{"data":{"Article":[],"Course":[],"Dataset":[],"FAQPage":[],"Movie":[],"Person":[],"Product":[],"ProductReview":[],"Car":[],"Recipe":[],"Service":[],"SoftwareApplication":[],"WebPage":[]},"graphName":"","isEnabled":true},"graphs":[],"defaultGraph":"","defaultPostTypeGraph":""},"schema_type":null,"schema_type_options":null,"pillar_content":false,"robots_default":true,"robots_noindex":false,"robots_noarchive":false,"robots_nosnippet":false,"robots_nofollow":false,"robots_noimageindex":false,"robots_noodp":false,"robots_notranslate":false,"robots_max_snippet":null,"robots_max_videopreview":null,"robots_max_imagepreview":"large","priority":null,"frequency":null,"local_seo":null,"seo_analyzer_scan_date":"2025-12-02 10:31:12","breadcrumb_settings":null,"limit_modified_date":false,"open_ai":null,"ai":null,"created":"2020-12-21 13:46:48","updated":"2025-12-02 10:31:12"},"aioseo_breadcrumb":"<div class=\"aioseo-breadcrumbs\"><span class=\"aioseo-breadcrumb\">\n\t<a href=\"https:\/\/www.eldigitaldeasturias.com\/noticias\" title=\"Home\">Home<\/a>\n<\/span><span class=\"aioseo-breadcrumb-separator\">\u2013<\/span><span class=\"aioseo-breadcrumb\">\n\t<a href=\"https:\/\/www.eldigitaldeasturias.com\/noticias\/category\/destacadas\/\" title=\"Destacadas\">Destacadas<\/a>\n<\/span><span class=\"aioseo-breadcrumb-separator\">\u2013<\/span><span class=\"aioseo-breadcrumb\">\n\t<a href=\"https:\/\/www.eldigitaldeasturias.com\/noticias\/carmen-fernandez-no-se-puede-tolerar-el-aumento-del-furtivismo-en-nuestras-costas\/\" title=\"Carmen Fern\u00e1ndez: \u201cNo se puede tolerar el aumento del furtivismo en nuestras costas\u201d\">Carmen Fern\u00e1ndez: \u201cNo se puede tolerar el aumento del furtivismo en nuestras costas\u201d<\/a>\n<\/span><\/div>","aioseo_breadcrumb_json":[{"label":"Home","link":"https:\/\/www.eldigitaldeasturias.com\/noticias"},{"label":"Destacadas","link":"https:\/\/www.eldigitaldeasturias.com\/noticias\/category\/destacadas\/"},{"label":"Carmen Fern\u00e1ndez: \u201cNo se puede tolerar el aumento del furtivismo en nuestras costas\u201d","link":"https:\/\/www.eldigitaldeasturias.com\/noticias\/carmen-fernandez-no-se-puede-tolerar-el-aumento-del-furtivismo-en-nuestras-costas\/"}],"_links":{"self":[{"href":"https:\/\/www.eldigitaldeasturias.com\/noticias\/wp-json\/wp\/v2\/posts\/920518","targetHints":{"allow":["GET"]}}],"collection":[{"href":"https:\/\/www.eldigitaldeasturias.com\/noticias\/wp-json\/wp\/v2\/posts"}],"about":[{"href":"https:\/\/www.eldigitaldeasturias.com\/noticias\/wp-json\/wp\/v2\/types\/post"}],"author":[{"embeddable":true,"href":"https:\/\/www.eldigitaldeasturias.com\/noticias\/wp-json\/wp\/v2\/users\/1"}],"replies":[{"embeddable":true,"href":"https:\/\/www.eldigitaldeasturias.com\/noticias\/wp-json\/wp\/v2\/comments?post=920518"}],"version-history":[{"count":0,"href":"https:\/\/www.eldigitaldeasturias.com\/noticias\/wp-json\/wp\/v2\/posts\/920518\/revisions"}],"wp:featuredmedia":[{"embeddable":true,"href":"https:\/\/www.eldigitaldeasturias.com\/noticias\/wp-json\/wp\/v2\/media\/920519"}],"wp:attachment":[{"href":"https:\/\/www.eldigitaldeasturias.com\/noticias\/wp-json\/wp\/v2\/media?parent=920518"}],"wp:term":[{"taxonomy":"category","embeddable":true,"href":"https:\/\/www.eldigitaldeasturias.com\/noticias\/wp-json\/wp\/v2\/categories?post=920518"},{"taxonomy":"post_tag","embeddable":true,"href":"https:\/\/www.eldigitaldeasturias.com\/noticias\/wp-json\/wp\/v2\/tags?post=920518"}],"curies":[{"name":"wp","href":"https:\/\/api.w.org\/{rel}","templated":true}]}}