{"id":920475,"date":"2016-12-25T20:20:02","date_gmt":"2016-12-25T20:20:02","guid":{"rendered":"http:\/\/www.eldigitaldeasturias.com\/noticias\/?p=920475"},"modified":"2016-12-25T20:20:39","modified_gmt":"2016-12-25T20:20:39","slug":"asi-se-despide-el-tiempo-del-2016-el-2017-podria-llegar-con-frente-atlantico","status":"publish","type":"post","link":"https:\/\/www.eldigitaldeasturias.com\/noticias\/asi-se-despide-el-tiempo-del-2016-el-2017-podria-llegar-con-frente-atlantico\/","title":{"rendered":"As\u00ed se despide \u201cel tiempo\u201d del 2016, el 2017 podr\u00eda llegar con un frente Atl\u00e1ntico"},"content":{"rendered":"<p><img loading=\"lazy\" decoding=\"async\" class=\"alignleft size-medium wp-image-847141\" src=\"https:\/\/www.eldigitaldeasturias.com\/noticias\/wp-content\/uploads\/2016\/01\/olas-360x270.jpg\" alt=\"\" width=\"360\" height=\"270\" srcset=\"https:\/\/www.eldigitaldeasturias.com\/noticias\/wp-content\/uploads\/2016\/01\/olas-360x270.jpg 360w, https:\/\/www.eldigitaldeasturias.com\/noticias\/wp-content\/uploads\/2016\/01\/olas-768x576.jpg 768w, https:\/\/www.eldigitaldeasturias.com\/noticias\/wp-content\/uploads\/2016\/01\/olas-650x488.jpg 650w, https:\/\/www.eldigitaldeasturias.com\/noticias\/wp-content\/uploads\/2016\/01\/olas-90x67.jpg 90w, https:\/\/www.eldigitaldeasturias.com\/noticias\/wp-content\/uploads\/2016\/01\/olas-100x75.jpg 100w, https:\/\/www.eldigitaldeasturias.com\/noticias\/wp-content\/uploads\/2016\/01\/olas.jpg 800w\" sizes=\"auto, (max-width: 360px) 100vw, 360px\" \/>Seg\u00fan los datos ofrecidos por AEMET durante el lunes 26 y martes 27\u00a0se prev\u00e9 un tiempo estable y sin precipitaciones en todo el pa\u00eds. Continuar\u00e1n las nieblas y nubes bajas en zonas del interior peninsular, sobre todo en la Meseta Norte y depresiones de Huesca y L\u00e9rida, pero con una probabilidad de persistencia algo menor. Se espera que en la Meseta Norte a partir del lunes a mediod\u00eda ya no sean extensas ni persistentes. En Canarias continuar\u00e1n las calimas y probablemente con una mayor reducci\u00f3n de la visibilidad. Temperaturas con pocos cambios en general, con heladas en zonas altas peninsulares y un descenso en el sureste peninsular a partir del martes. Viento de componente este con intervalos de fuerte en Canarias y en el \u00e1rea del Estrecho, y de componente norte en el tercio norte peninsular.<\/p>\n<p>Desde el mi\u00e9rcoles 28 al s\u00e1bado 31 de diciembre\u00a0es muy probable que el centro del anticicl\u00f3n se vaya desplazando hacia el interior del continente europeo, de modo que seguir\u00e1 afectando a toda Espa\u00f1a, pero favorecer\u00e1 el flujo del este h\u00famedo sobre el \u00e1rea mediterr\u00e1nea. Por ello, aumentar\u00e1 la probabilidad de lluvias, sobre todo el mi\u00e9rcoles y jueves, en el \u00e1rea mediterr\u00e1nea peninsular y en el \u00e1rea del Estrecho, en cualquier caso poco importantes; tambi\u00e9n son probables, a partir del jueves, las lluvias en las islas occidentales Canarias. Por el contrario, disminuye la probabilidad de formaci\u00f3n y persistencia de las nieblas, excepto en la mitad oriental peninsular. En Canarias es probable que se mantengan las calimas. El viento, con la posici\u00f3n mencionada del anticicl\u00f3n, tendr\u00e1 una direcci\u00f3n este y sureste, que provocar\u00e1 un aumento de las temperaturas diurnas, excepto en el \u00e1rea mediterr\u00e1nea peninsular donde bajar\u00e1n ligeramente. La intensidad fuerte del viento quedar\u00e1 limitada al \u00e1rea del Estrecho y, ocasionalmente, a Canarias.<\/p>\n<p>Y en los primeros d\u00edas de 2017 se espera que la Pen\u00ednsula se vea afectada por un frente atl\u00e1ntico, provocando algunas precipitaciones en el \u00e1rea cant\u00e1brica, sin descartarse que se vayan extendiendo a partir del lunes al tercio occidental peninsular, y siendo poco probables en el resto del territorio peninsular y Baleares. Podr\u00edan tener cierta intensidad y persistencia en el oeste de Andaluc\u00eda, sistema Central occidental, Galicia y Cant\u00e1brico, y en forma de nieve en zonas altas de la mitad norte peninsular. En Canarias, hay probabilidad de precipitaciones, principalmente el lunes en islas occidentales. Temperaturas diurnas en descenso en la mitad norte. Heladas en zonas altas de la Pen\u00ednsula y, puntualmente y en forma m\u00e1s d\u00e9bil, en otras zonas del cuadrante sureste. El domingo d\u00eda 1, viento de levante en el Estrecho y litoral sur peninsular. El lunes, viento del este en el litoral gallego, de componente sur en el resto de la Pen\u00ednsula, Baleares y en Canarias.<\/p>\n<p><strong>Advertencia importante<\/strong><\/p>\n<p>La fiabilidad de las predicciones es mayor al principio del plazo de predicci\u00f3n y disminuye a medida que \u00e9ste se aleja en el tiempo. Por eso, en este bolet\u00edn especial se recoge tal incertidumbre mediante distintos t\u00e9rminos: Posibilidad o posible expresa el \u00edndice m\u00e1s bajo de fiabilidad; probable o probabilidad se refiere a un \u00edndice notable de confianza; por fin, la ausencia de menci\u00f3n expl\u00edcita a posibilidad o probabilidad significa bastante seguridad en la predicci\u00f3n<\/p>\n","protected":false},"excerpt":{"rendered":"<p>Seg\u00fan los datos ofrecidos por AEMET durante el lunes 26 y martes 27\u00a0se prev\u00e9 un tiempo estable y sin precipitaciones en todo el pa\u00eds. Continuar\u00e1n las nieblas y nubes bajas en zonas del interior peninsular, sobre todo en la Meseta Norte y depresiones de Huesca y L\u00e9rida, pero con una probabilidad de persistencia algo menor. [&hellip;]<\/p>\n","protected":false},"author":1,"featured_media":766287,"comment_status":"closed","ping_status":"closed","sticky":false,"template":"","format":"standard","meta":{"footnotes":""},"categories":[141],"tags":[],"class_list":["post-920475","post","type-post","status-publish","format-standard","has-post-thumbnail","hentry","category-destacadas"],"aioseo_notices":[],"aioseo_head":"\n\t\t<!-- All in One SEO Pro 4.9.6.2 - aioseo.com -->\n\t<meta name=\"description\" content=\"Seg\u00fan los datos ofrecidos por AEMET durante el lunes 26 y martes 27 se prev\u00e9 un tiempo estable y sin precipitaciones en todo el pa\u00eds. Continuar\u00e1n las nieblas y nubes bajas en zonas del interior peninsular, sobre todo en la Meseta Norte y depresiones de Huesca y L\u00e9rida, pero con una probabilidad de persistencia algo menor.\" \/>\n\t<meta name=\"robots\" content=\"max-image-preview:large\" \/>\n\t<meta name=\"author\" content=\"El Digital de Asturias\"\/>\n\t<meta name=\"google-site-verification\" content=\"UA-38556648-1\" \/>\n\t<meta name=\"msvalidate.01\" content=\"7dfe9f3f1b24437ab69f4f2559babe99\" \/>\n\t<meta name=\"keywords\" content=\"destacadas\" \/>\n\t<link rel=\"canonical\" href=\"https:\/\/www.eldigitaldeasturias.com\/noticias\/asi-se-despide-el-tiempo-del-2016-el-2017-podria-llegar-con-frente-atlantico\/\" \/>\n\t<meta name=\"generator\" content=\"All in One SEO Pro (AIOSEO) 4.9.6.2\" \/>\n\t\t<meta property=\"og:locale\" content=\"es_ES\" \/>\n\t\t<meta property=\"og:site_name\" content=\"El Digital de Asturias\" \/>\n\t\t<meta property=\"og:type\" content=\"article\" \/>\n\t\t<meta property=\"og:title\" content=\"As\u00ed se despide \u201cel tiempo\u201d del 2016, el 2017 podr\u00eda llegar con un frente Atl\u00e1ntico - El Digital de Asturias\" \/>\n\t\t<meta property=\"og:description\" content=\"Seg\u00fan los datos ofrecidos por AEMET durante el lunes 26 y martes 27 se prev\u00e9 un tiempo estable y sin precipitaciones en todo el pa\u00eds. Continuar\u00e1n las nieblas y nubes bajas en zonas del interior peninsular, sobre todo en la Meseta Norte y depresiones de Huesca y L\u00e9rida, pero con una probabilidad de persistencia algo menor.\" \/>\n\t\t<meta property=\"og:url\" content=\"https:\/\/www.eldigitaldeasturias.com\/noticias\/asi-se-despide-el-tiempo-del-2016-el-2017-podria-llegar-con-frente-atlantico\/\" \/>\n\t\t<meta property=\"og:image\" content=\"https:\/\/www.eldigitaldeasturias.com\/noticias\/wp-content\/uploads\/2015\/01\/10169935w.jpg\" \/>\n\t\t<meta property=\"og:image:secure_url\" content=\"https:\/\/www.eldigitaldeasturias.com\/noticias\/wp-content\/uploads\/2015\/01\/10169935w.jpg\" \/>\n\t\t<meta property=\"og:image:width\" content=\"800\" \/>\n\t\t<meta property=\"og:image:height\" content=\"481\" \/>\n\t\t<meta property=\"article:tag\" content=\"destacadas\" \/>\n\t\t<meta property=\"article:published_time\" content=\"2016-12-25T20:20:02+00:00\" \/>\n\t\t<meta property=\"article:modified_time\" content=\"2016-12-25T20:20:39+00:00\" \/>\n\t\t<meta property=\"article:publisher\" content=\"https:\/\/facebook.com\/eldigitaldeasturias\" \/>\n\t\t<meta name=\"twitter:card\" content=\"summary_large_image\" \/>\n\t\t<meta name=\"twitter:title\" content=\"As\u00ed se despide \u201cel tiempo\u201d del 2016, el 2017 podr\u00eda llegar con un frente Atl\u00e1ntico - El Digital de Asturias\" \/>\n\t\t<meta name=\"twitter:description\" content=\"Seg\u00fan los datos ofrecidos por AEMET durante el lunes 26 y martes 27 se prev\u00e9 un tiempo estable y sin precipitaciones en todo el pa\u00eds. Continuar\u00e1n las nieblas y nubes bajas en zonas del interior peninsular, sobre todo en la Meseta Norte y depresiones de Huesca y L\u00e9rida, pero con una probabilidad de persistencia algo menor.\" \/>\n\t\t<meta name=\"twitter:image\" content=\"https:\/\/www.eldigitaldeasturias.com\/noticias\/wp-content\/uploads\/2015\/01\/10169935w.jpg\" \/>\n\t\t<meta name=\"twitter:label1\" content=\"Escrito por\" \/>\n\t\t<meta name=\"twitter:data1\" content=\"El Digital de Asturias\" \/>\n\t\t<meta name=\"twitter:label2\" content=\"Tiempo de lectura estimado\" \/>\n\t\t<meta name=\"twitter:data2\" content=\"3 minutos\" \/>\n\t\t<script type=\"application\/ld+json\" class=\"aioseo-schema\">\n\t\t\t{\"@context\":\"https:\\\/\\\/schema.org\",\"@graph\":[{\"@type\":\"BlogPosting\",\"@id\":\"https:\\\/\\\/www.eldigitaldeasturias.com\\\/noticias\\\/asi-se-despide-el-tiempo-del-2016-el-2017-podria-llegar-con-frente-atlantico\\\/#blogposting\",\"name\":\"As\\u00ed se despide \\u201cel tiempo\\u201d del 2016, el 2017 podr\\u00eda llegar con un frente Atl\\u00e1ntico - El Digital de Asturias\",\"headline\":\"As\\u00ed se despide \\u201cel tiempo\\u201d del 2016, el 2017 podr\\u00eda llegar con un frente Atl\\u00e1ntico\",\"author\":{\"@id\":\"https:\\\/\\\/www.eldigitaldeasturias.com\\\/noticias\\\/author\\\/admin\\\/#author\"},\"publisher\":{\"@id\":\"https:\\\/\\\/www.eldigitaldeasturias.com\\\/noticias\\\/#organization\"},\"image\":{\"@type\":\"ImageObject\",\"url\":\"https:\\\/\\\/www.eldigitaldeasturias.com\\\/noticias\\\/wp-content\\\/uploads\\\/2015\\\/01\\\/10169935w.jpg\",\"width\":800,\"height\":481},\"datePublished\":\"2016-12-25T20:20:02+01:00\",\"dateModified\":\"2016-12-25T20:20:39+01:00\",\"inLanguage\":\"es-ES\",\"mainEntityOfPage\":{\"@id\":\"https:\\\/\\\/www.eldigitaldeasturias.com\\\/noticias\\\/asi-se-despide-el-tiempo-del-2016-el-2017-podria-llegar-con-frente-atlantico\\\/#webpage\"},\"isPartOf\":{\"@id\":\"https:\\\/\\\/www.eldigitaldeasturias.com\\\/noticias\\\/asi-se-despide-el-tiempo-del-2016-el-2017-podria-llegar-con-frente-atlantico\\\/#webpage\"},\"articleSection\":\"Destacadas\"},{\"@type\":\"BreadcrumbList\",\"@id\":\"https:\\\/\\\/www.eldigitaldeasturias.com\\\/noticias\\\/asi-se-despide-el-tiempo-del-2016-el-2017-podria-llegar-con-frente-atlantico\\\/#breadcrumblist\",\"itemListElement\":[{\"@type\":\"ListItem\",\"@id\":\"https:\\\/\\\/www.eldigitaldeasturias.com\\\/noticias#listItem\",\"position\":1,\"name\":\"Home\",\"item\":\"https:\\\/\\\/www.eldigitaldeasturias.com\\\/noticias\",\"nextItem\":{\"@type\":\"ListItem\",\"@id\":\"https:\\\/\\\/www.eldigitaldeasturias.com\\\/noticias\\\/category\\\/destacadas\\\/#listItem\",\"name\":\"Destacadas\"}},{\"@type\":\"ListItem\",\"@id\":\"https:\\\/\\\/www.eldigitaldeasturias.com\\\/noticias\\\/category\\\/destacadas\\\/#listItem\",\"position\":2,\"name\":\"Destacadas\",\"item\":\"https:\\\/\\\/www.eldigitaldeasturias.com\\\/noticias\\\/category\\\/destacadas\\\/\",\"nextItem\":{\"@type\":\"ListItem\",\"@id\":\"https:\\\/\\\/www.eldigitaldeasturias.com\\\/noticias\\\/asi-se-despide-el-tiempo-del-2016-el-2017-podria-llegar-con-frente-atlantico\\\/#listItem\",\"name\":\"As\\u00ed se despide \\u201cel tiempo\\u201d del 2016, el 2017 podr\\u00eda llegar con un frente Atl\\u00e1ntico\"},\"previousItem\":{\"@type\":\"ListItem\",\"@id\":\"https:\\\/\\\/www.eldigitaldeasturias.com\\\/noticias#listItem\",\"name\":\"Home\"}},{\"@type\":\"ListItem\",\"@id\":\"https:\\\/\\\/www.eldigitaldeasturias.com\\\/noticias\\\/asi-se-despide-el-tiempo-del-2016-el-2017-podria-llegar-con-frente-atlantico\\\/#listItem\",\"position\":3,\"name\":\"As\\u00ed se despide \\u201cel tiempo\\u201d del 2016, el 2017 podr\\u00eda llegar con un frente Atl\\u00e1ntico\",\"previousItem\":{\"@type\":\"ListItem\",\"@id\":\"https:\\\/\\\/www.eldigitaldeasturias.com\\\/noticias\\\/category\\\/destacadas\\\/#listItem\",\"name\":\"Destacadas\"}}]},{\"@type\":\"Organization\",\"@id\":\"https:\\\/\\\/www.eldigitaldeasturias.com\\\/noticias\\\/#organization\",\"name\":\"El Digital de Asturias\",\"description\":\"Hemeroteca\",\"url\":\"https:\\\/\\\/www.eldigitaldeasturias.com\\\/noticias\\\/\",\"email\":\"info@eldigitaldeasturias.com\",\"telephone\":\"+34652131393\",\"logo\":{\"@type\":\"ImageObject\",\"url\":\"https:\\\/\\\/www.eldigitaldeasturias.com\\\/noticias\\\/wp-content\\\/uploads\\\/2020\\\/12\\\/EDA.jpg\",\"@id\":\"https:\\\/\\\/www.eldigitaldeasturias.com\\\/noticias\\\/asi-se-despide-el-tiempo-del-2016-el-2017-podria-llegar-con-frente-atlantico\\\/#organizationLogo\",\"width\":649,\"height\":297},\"image\":{\"@id\":\"https:\\\/\\\/www.eldigitaldeasturias.com\\\/noticias\\\/asi-se-despide-el-tiempo-del-2016-el-2017-podria-llegar-con-frente-atlantico\\\/#organizationLogo\"},\"sameAs\":[\"https:\\\/\\\/facebook.com\\\/eldigitaldeasturias\",\"https:\\\/\\\/www.youtube.com\\\/channel\\\/UCZP-2wLEB9Rv6erhFmqVnvg\"],\"address\":{\"@id\":\"https:\\\/\\\/www.eldigitaldeasturias.com\\\/noticias\\\/#postaladdress\",\"@type\":\"PostalAddress\",\"streetAddress\":\"san antonio 4,\",\"postalCode\":\"33430\",\"addressLocality\":\"Cand\\u00e1s\",\"addressRegion\":\"Asturias\",\"addressCountry\":\"ES\"}},{\"@type\":\"Person\",\"@id\":\"https:\\\/\\\/www.eldigitaldeasturias.com\\\/noticias\\\/author\\\/admin\\\/#author\",\"url\":\"https:\\\/\\\/www.eldigitaldeasturias.com\\\/noticias\\\/author\\\/admin\\\/\",\"name\":\"El Digital de Asturias\",\"image\":{\"@type\":\"ImageObject\",\"@id\":\"https:\\\/\\\/www.eldigitaldeasturias.com\\\/noticias\\\/asi-se-despide-el-tiempo-del-2016-el-2017-podria-llegar-con-frente-atlantico\\\/#authorImage\",\"url\":\"https:\\\/\\\/www.eldigitaldeasturias.com\\\/noticias\\\/wp-content\\\/litespeed\\\/avatar\\\/18677e78aa0546b92d9dbf31ec7d7668.jpg?ver=1777290358\",\"width\":96,\"height\":96,\"caption\":\"El Digital de Asturias\"}},{\"@type\":\"WebPage\",\"@id\":\"https:\\\/\\\/www.eldigitaldeasturias.com\\\/noticias\\\/asi-se-despide-el-tiempo-del-2016-el-2017-podria-llegar-con-frente-atlantico\\\/#webpage\",\"url\":\"https:\\\/\\\/www.eldigitaldeasturias.com\\\/noticias\\\/asi-se-despide-el-tiempo-del-2016-el-2017-podria-llegar-con-frente-atlantico\\\/\",\"name\":\"As\\u00ed se despide \\u201cel tiempo\\u201d del 2016, el 2017 podr\\u00eda llegar con un frente Atl\\u00e1ntico - El Digital de Asturias\",\"description\":\"Seg\\u00fan los datos ofrecidos por AEMET durante el lunes 26 y martes 27 se prev\\u00e9 un tiempo estable y sin precipitaciones en todo el pa\\u00eds. Continuar\\u00e1n las nieblas y nubes bajas en zonas del interior peninsular, sobre todo en la Meseta Norte y depresiones de Huesca y L\\u00e9rida, pero con una probabilidad de persistencia algo menor.\",\"inLanguage\":\"es-ES\",\"isPartOf\":{\"@id\":\"https:\\\/\\\/www.eldigitaldeasturias.com\\\/noticias\\\/#website\"},\"breadcrumb\":{\"@id\":\"https:\\\/\\\/www.eldigitaldeasturias.com\\\/noticias\\\/asi-se-despide-el-tiempo-del-2016-el-2017-podria-llegar-con-frente-atlantico\\\/#breadcrumblist\"},\"author\":{\"@id\":\"https:\\\/\\\/www.eldigitaldeasturias.com\\\/noticias\\\/author\\\/admin\\\/#author\"},\"creator\":{\"@id\":\"https:\\\/\\\/www.eldigitaldeasturias.com\\\/noticias\\\/author\\\/admin\\\/#author\"},\"image\":{\"@type\":\"ImageObject\",\"url\":\"https:\\\/\\\/www.eldigitaldeasturias.com\\\/noticias\\\/wp-content\\\/uploads\\\/2015\\\/01\\\/10169935w.jpg\",\"@id\":\"https:\\\/\\\/www.eldigitaldeasturias.com\\\/noticias\\\/asi-se-despide-el-tiempo-del-2016-el-2017-podria-llegar-con-frente-atlantico\\\/#mainImage\",\"width\":800,\"height\":481},\"primaryImageOfPage\":{\"@id\":\"https:\\\/\\\/www.eldigitaldeasturias.com\\\/noticias\\\/asi-se-despide-el-tiempo-del-2016-el-2017-podria-llegar-con-frente-atlantico\\\/#mainImage\"},\"datePublished\":\"2016-12-25T20:20:02+01:00\",\"dateModified\":\"2016-12-25T20:20:39+01:00\"},{\"@type\":\"WebSite\",\"@id\":\"https:\\\/\\\/www.eldigitaldeasturias.com\\\/noticias\\\/#website\",\"url\":\"https:\\\/\\\/www.eldigitaldeasturias.com\\\/noticias\\\/\",\"name\":\"El Digital de Asturias - Diario de actualidad y noticias\",\"alternateName\":\"El Digital de Asturias - Diario de actualidad y noticias\",\"description\":\"Hemeroteca\",\"inLanguage\":\"es-ES\",\"publisher\":{\"@id\":\"https:\\\/\\\/www.eldigitaldeasturias.com\\\/noticias\\\/#organization\"}}]}\n\t\t<\/script>\n\t\t<!-- All in One SEO Pro -->\r\n\t\t<title>As\u00ed se despide \u201cel tiempo\u201d del 2016, el 2017 podr\u00eda llegar con un frente Atl\u00e1ntico - El Digital de Asturias<\/title>\n\n","aioseo_head_json":{"title":"As\u00ed se despide \u201cel tiempo\u201d del 2016, el 2017 podr\u00eda llegar con un frente Atl\u00e1ntico - El Digital de Asturias","description":"Seg\u00fan los datos ofrecidos por AEMET durante el lunes 26 y martes 27 se prev\u00e9 un tiempo estable y sin precipitaciones en todo el pa\u00eds. Continuar\u00e1n las nieblas y nubes bajas en zonas del interior peninsular, sobre todo en la Meseta Norte y depresiones de Huesca y L\u00e9rida, pero con una probabilidad de persistencia algo menor.","canonical_url":"https:\/\/www.eldigitaldeasturias.com\/noticias\/asi-se-despide-el-tiempo-del-2016-el-2017-podria-llegar-con-frente-atlantico\/","robots":"max-image-preview:large","keywords":"destacadas","webmasterTools":{"google-site-verification":"UA-38556648-1","msvalidate.01":"7dfe9f3f1b24437ab69f4f2559babe99","miscellaneous":""},"schema":{"@context":"https:\/\/schema.org","@graph":[{"@type":"BlogPosting","@id":"https:\/\/www.eldigitaldeasturias.com\/noticias\/asi-se-despide-el-tiempo-del-2016-el-2017-podria-llegar-con-frente-atlantico\/#blogposting","name":"As\u00ed se despide \u201cel tiempo\u201d del 2016, el 2017 podr\u00eda llegar con un frente Atl\u00e1ntico - El Digital de Asturias","headline":"As\u00ed se despide \u201cel tiempo\u201d del 2016, el 2017 podr\u00eda llegar con un frente Atl\u00e1ntico","author":{"@id":"https:\/\/www.eldigitaldeasturias.com\/noticias\/author\/admin\/#author"},"publisher":{"@id":"https:\/\/www.eldigitaldeasturias.com\/noticias\/#organization"},"image":{"@type":"ImageObject","url":"https:\/\/www.eldigitaldeasturias.com\/noticias\/wp-content\/uploads\/2015\/01\/10169935w.jpg","width":800,"height":481},"datePublished":"2016-12-25T20:20:02+01:00","dateModified":"2016-12-25T20:20:39+01:00","inLanguage":"es-ES","mainEntityOfPage":{"@id":"https:\/\/www.eldigitaldeasturias.com\/noticias\/asi-se-despide-el-tiempo-del-2016-el-2017-podria-llegar-con-frente-atlantico\/#webpage"},"isPartOf":{"@id":"https:\/\/www.eldigitaldeasturias.com\/noticias\/asi-se-despide-el-tiempo-del-2016-el-2017-podria-llegar-con-frente-atlantico\/#webpage"},"articleSection":"Destacadas"},{"@type":"BreadcrumbList","@id":"https:\/\/www.eldigitaldeasturias.com\/noticias\/asi-se-despide-el-tiempo-del-2016-el-2017-podria-llegar-con-frente-atlantico\/#breadcrumblist","itemListElement":[{"@type":"ListItem","@id":"https:\/\/www.eldigitaldeasturias.com\/noticias#listItem","position":1,"name":"Home","item":"https:\/\/www.eldigitaldeasturias.com\/noticias","nextItem":{"@type":"ListItem","@id":"https:\/\/www.eldigitaldeasturias.com\/noticias\/category\/destacadas\/#listItem","name":"Destacadas"}},{"@type":"ListItem","@id":"https:\/\/www.eldigitaldeasturias.com\/noticias\/category\/destacadas\/#listItem","position":2,"name":"Destacadas","item":"https:\/\/www.eldigitaldeasturias.com\/noticias\/category\/destacadas\/","nextItem":{"@type":"ListItem","@id":"https:\/\/www.eldigitaldeasturias.com\/noticias\/asi-se-despide-el-tiempo-del-2016-el-2017-podria-llegar-con-frente-atlantico\/#listItem","name":"As\u00ed se despide \u201cel tiempo\u201d del 2016, el 2017 podr\u00eda llegar con un frente Atl\u00e1ntico"},"previousItem":{"@type":"ListItem","@id":"https:\/\/www.eldigitaldeasturias.com\/noticias#listItem","name":"Home"}},{"@type":"ListItem","@id":"https:\/\/www.eldigitaldeasturias.com\/noticias\/asi-se-despide-el-tiempo-del-2016-el-2017-podria-llegar-con-frente-atlantico\/#listItem","position":3,"name":"As\u00ed se despide \u201cel tiempo\u201d del 2016, el 2017 podr\u00eda llegar con un frente Atl\u00e1ntico","previousItem":{"@type":"ListItem","@id":"https:\/\/www.eldigitaldeasturias.com\/noticias\/category\/destacadas\/#listItem","name":"Destacadas"}}]},{"@type":"Organization","@id":"https:\/\/www.eldigitaldeasturias.com\/noticias\/#organization","name":"El Digital de Asturias","description":"Hemeroteca","url":"https:\/\/www.eldigitaldeasturias.com\/noticias\/","email":"info@eldigitaldeasturias.com","telephone":"+34652131393","logo":{"@type":"ImageObject","url":"https:\/\/www.eldigitaldeasturias.com\/noticias\/wp-content\/uploads\/2020\/12\/EDA.jpg","@id":"https:\/\/www.eldigitaldeasturias.com\/noticias\/asi-se-despide-el-tiempo-del-2016-el-2017-podria-llegar-con-frente-atlantico\/#organizationLogo","width":649,"height":297},"image":{"@id":"https:\/\/www.eldigitaldeasturias.com\/noticias\/asi-se-despide-el-tiempo-del-2016-el-2017-podria-llegar-con-frente-atlantico\/#organizationLogo"},"sameAs":["https:\/\/facebook.com\/eldigitaldeasturias","https:\/\/www.youtube.com\/channel\/UCZP-2wLEB9Rv6erhFmqVnvg"],"address":{"@id":"https:\/\/www.eldigitaldeasturias.com\/noticias\/#postaladdress","@type":"PostalAddress","streetAddress":"san antonio 4,","postalCode":"33430","addressLocality":"Cand\u00e1s","addressRegion":"Asturias","addressCountry":"ES"}},{"@type":"Person","@id":"https:\/\/www.eldigitaldeasturias.com\/noticias\/author\/admin\/#author","url":"https:\/\/www.eldigitaldeasturias.com\/noticias\/author\/admin\/","name":"El Digital de Asturias","image":{"@type":"ImageObject","@id":"https:\/\/www.eldigitaldeasturias.com\/noticias\/asi-se-despide-el-tiempo-del-2016-el-2017-podria-llegar-con-frente-atlantico\/#authorImage","url":"https:\/\/www.eldigitaldeasturias.com\/noticias\/wp-content\/litespeed\/avatar\/18677e78aa0546b92d9dbf31ec7d7668.jpg?ver=1777290358","width":96,"height":96,"caption":"El Digital de Asturias"}},{"@type":"WebPage","@id":"https:\/\/www.eldigitaldeasturias.com\/noticias\/asi-se-despide-el-tiempo-del-2016-el-2017-podria-llegar-con-frente-atlantico\/#webpage","url":"https:\/\/www.eldigitaldeasturias.com\/noticias\/asi-se-despide-el-tiempo-del-2016-el-2017-podria-llegar-con-frente-atlantico\/","name":"As\u00ed se despide \u201cel tiempo\u201d del 2016, el 2017 podr\u00eda llegar con un frente Atl\u00e1ntico - El Digital de Asturias","description":"Seg\u00fan los datos ofrecidos por AEMET durante el lunes 26 y martes 27 se prev\u00e9 un tiempo estable y sin precipitaciones en todo el pa\u00eds. Continuar\u00e1n las nieblas y nubes bajas en zonas del interior peninsular, sobre todo en la Meseta Norte y depresiones de Huesca y L\u00e9rida, pero con una probabilidad de persistencia algo menor.","inLanguage":"es-ES","isPartOf":{"@id":"https:\/\/www.eldigitaldeasturias.com\/noticias\/#website"},"breadcrumb":{"@id":"https:\/\/www.eldigitaldeasturias.com\/noticias\/asi-se-despide-el-tiempo-del-2016-el-2017-podria-llegar-con-frente-atlantico\/#breadcrumblist"},"author":{"@id":"https:\/\/www.eldigitaldeasturias.com\/noticias\/author\/admin\/#author"},"creator":{"@id":"https:\/\/www.eldigitaldeasturias.com\/noticias\/author\/admin\/#author"},"image":{"@type":"ImageObject","url":"https:\/\/www.eldigitaldeasturias.com\/noticias\/wp-content\/uploads\/2015\/01\/10169935w.jpg","@id":"https:\/\/www.eldigitaldeasturias.com\/noticias\/asi-se-despide-el-tiempo-del-2016-el-2017-podria-llegar-con-frente-atlantico\/#mainImage","width":800,"height":481},"primaryImageOfPage":{"@id":"https:\/\/www.eldigitaldeasturias.com\/noticias\/asi-se-despide-el-tiempo-del-2016-el-2017-podria-llegar-con-frente-atlantico\/#mainImage"},"datePublished":"2016-12-25T20:20:02+01:00","dateModified":"2016-12-25T20:20:39+01:00"},{"@type":"WebSite","@id":"https:\/\/www.eldigitaldeasturias.com\/noticias\/#website","url":"https:\/\/www.eldigitaldeasturias.com\/noticias\/","name":"El Digital de Asturias - Diario de actualidad y noticias","alternateName":"El Digital de Asturias - Diario de actualidad y noticias","description":"Hemeroteca","inLanguage":"es-ES","publisher":{"@id":"https:\/\/www.eldigitaldeasturias.com\/noticias\/#organization"}}]},"og:locale":"es_ES","og:site_name":"El Digital de Asturias","og:type":"article","og:title":"As\u00ed se despide \u201cel tiempo\u201d del 2016, el 2017 podr\u00eda llegar con un frente Atl\u00e1ntico - El Digital de Asturias","og:description":"Seg\u00fan los datos ofrecidos por AEMET durante el lunes 26 y martes 27 se prev\u00e9 un tiempo estable y sin precipitaciones en todo el pa\u00eds. Continuar\u00e1n las nieblas y nubes bajas en zonas del interior peninsular, sobre todo en la Meseta Norte y depresiones de Huesca y L\u00e9rida, pero con una probabilidad de persistencia algo menor.","og:url":"https:\/\/www.eldigitaldeasturias.com\/noticias\/asi-se-despide-el-tiempo-del-2016-el-2017-podria-llegar-con-frente-atlantico\/","og:image":"https:\/\/www.eldigitaldeasturias.com\/noticias\/wp-content\/uploads\/2015\/01\/10169935w.jpg","og:image:secure_url":"https:\/\/www.eldigitaldeasturias.com\/noticias\/wp-content\/uploads\/2015\/01\/10169935w.jpg","og:image:width":800,"og:image:height":481,"article:tag":["destacadas"],"article:published_time":"2016-12-25T20:20:02+00:00","article:modified_time":"2016-12-25T20:20:39+00:00","article:publisher":"https:\/\/facebook.com\/eldigitaldeasturias","twitter:card":"summary_large_image","twitter:title":"As\u00ed se despide \u201cel tiempo\u201d del 2016, el 2017 podr\u00eda llegar con un frente Atl\u00e1ntico - El Digital de Asturias","twitter:description":"Seg\u00fan los datos ofrecidos por AEMET durante el lunes 26 y martes 27 se prev\u00e9 un tiempo estable y sin precipitaciones en todo el pa\u00eds. Continuar\u00e1n las nieblas y nubes bajas en zonas del interior peninsular, sobre todo en la Meseta Norte y depresiones de Huesca y L\u00e9rida, pero con una probabilidad de persistencia algo menor.","twitter:image":"https:\/\/www.eldigitaldeasturias.com\/noticias\/wp-content\/uploads\/2015\/01\/10169935w.jpg","twitter:label1":"Escrito por","twitter:data1":"El Digital de Asturias","twitter:label2":"Tiempo de lectura estimado","twitter:data2":"3 minutos"},"aioseo_meta_data":{"post_id":"920475","title":null,"description":null,"keywords":null,"keyphrases":null,"primary_term":null,"canonical_url":null,"og_title":null,"og_description":null,"og_object_type":"default","og_image_type":"default","og_image_url":null,"og_image_width":null,"og_image_height":null,"og_image_custom_url":null,"og_image_custom_fields":null,"og_video":null,"og_custom_url":null,"og_article_section":null,"og_article_tags":null,"twitter_use_og":false,"twitter_card":"default","twitter_image_type":"default","twitter_image_url":null,"twitter_image_custom_url":null,"twitter_image_custom_fields":null,"twitter_title":null,"twitter_description":null,"schema":{"blockGraphs":[],"customGraphs":[],"default":{"data":{"Article":[],"Course":[],"Dataset":[],"FAQPage":[],"Movie":[],"Person":[],"Product":[],"ProductReview":[],"Car":[],"Recipe":[],"Service":[],"SoftwareApplication":[],"WebPage":[]},"graphName":"","isEnabled":true},"graphs":[],"defaultGraph":"","defaultPostTypeGraph":""},"schema_type":null,"schema_type_options":null,"pillar_content":false,"robots_default":true,"robots_noindex":false,"robots_noarchive":false,"robots_nosnippet":false,"robots_nofollow":false,"robots_noimageindex":false,"robots_noodp":false,"robots_notranslate":false,"robots_max_snippet":null,"robots_max_videopreview":null,"robots_max_imagepreview":"large","priority":null,"frequency":null,"local_seo":null,"seo_analyzer_scan_date":"2025-12-02 10:21:11","breadcrumb_settings":null,"limit_modified_date":false,"open_ai":null,"ai":null,"created":"2020-12-21 13:46:49","updated":"2025-12-02 10:21:11"},"aioseo_breadcrumb":"<div class=\"aioseo-breadcrumbs\"><span class=\"aioseo-breadcrumb\">\n\t<a href=\"https:\/\/www.eldigitaldeasturias.com\/noticias\" title=\"Home\">Home<\/a>\n<\/span><span class=\"aioseo-breadcrumb-separator\">\u2013<\/span><span class=\"aioseo-breadcrumb\">\n\t<a href=\"https:\/\/www.eldigitaldeasturias.com\/noticias\/category\/destacadas\/\" title=\"Destacadas\">Destacadas<\/a>\n<\/span><span class=\"aioseo-breadcrumb-separator\">\u2013<\/span><span class=\"aioseo-breadcrumb\">\n\t<a href=\"https:\/\/www.eldigitaldeasturias.com\/noticias\/asi-se-despide-el-tiempo-del-2016-el-2017-podria-llegar-con-frente-atlantico\/\" title=\"As\u00ed se despide \u201cel tiempo\u201d del 2016, el 2017 podr\u00eda llegar con un frente Atl\u00e1ntico\">As\u00ed se despide \u201cel tiempo\u201d del 2016, el 2017 podr\u00eda llegar con un frente Atl\u00e1ntico<\/a>\n<\/span><\/div>","aioseo_breadcrumb_json":[{"label":"Home","link":"https:\/\/www.eldigitaldeasturias.com\/noticias"},{"label":"Destacadas","link":"https:\/\/www.eldigitaldeasturias.com\/noticias\/category\/destacadas\/"},{"label":"As\u00ed se despide \u201cel tiempo\u201d del 2016, el 2017 podr\u00eda llegar con un frente Atl\u00e1ntico","link":"https:\/\/www.eldigitaldeasturias.com\/noticias\/asi-se-despide-el-tiempo-del-2016-el-2017-podria-llegar-con-frente-atlantico\/"}],"_links":{"self":[{"href":"https:\/\/www.eldigitaldeasturias.com\/noticias\/wp-json\/wp\/v2\/posts\/920475","targetHints":{"allow":["GET"]}}],"collection":[{"href":"https:\/\/www.eldigitaldeasturias.com\/noticias\/wp-json\/wp\/v2\/posts"}],"about":[{"href":"https:\/\/www.eldigitaldeasturias.com\/noticias\/wp-json\/wp\/v2\/types\/post"}],"author":[{"embeddable":true,"href":"https:\/\/www.eldigitaldeasturias.com\/noticias\/wp-json\/wp\/v2\/users\/1"}],"replies":[{"embeddable":true,"href":"https:\/\/www.eldigitaldeasturias.com\/noticias\/wp-json\/wp\/v2\/comments?post=920475"}],"version-history":[{"count":0,"href":"https:\/\/www.eldigitaldeasturias.com\/noticias\/wp-json\/wp\/v2\/posts\/920475\/revisions"}],"wp:featuredmedia":[{"embeddable":true,"href":"https:\/\/www.eldigitaldeasturias.com\/noticias\/wp-json\/wp\/v2\/media\/766287"}],"wp:attachment":[{"href":"https:\/\/www.eldigitaldeasturias.com\/noticias\/wp-json\/wp\/v2\/media?parent=920475"}],"wp:term":[{"taxonomy":"category","embeddable":true,"href":"https:\/\/www.eldigitaldeasturias.com\/noticias\/wp-json\/wp\/v2\/categories?post=920475"},{"taxonomy":"post_tag","embeddable":true,"href":"https:\/\/www.eldigitaldeasturias.com\/noticias\/wp-json\/wp\/v2\/tags?post=920475"}],"curies":[{"name":"wp","href":"https:\/\/api.w.org\/{rel}","templated":true}]}}