{"id":920358,"date":"2016-12-24T16:18:42","date_gmt":"2016-12-24T16:18:42","guid":{"rendered":"http:\/\/www.eldigitaldeasturias.com\/noticias\/?p=920358"},"modified":"2016-12-24T16:18:42","modified_gmt":"2016-12-24T16:18:42","slug":"el-presupuesto-de-asturias-para-2017-supera-su-primer-tramite","status":"publish","type":"post","link":"https:\/\/www.eldigitaldeasturias.com\/noticias\/el-presupuesto-de-asturias-para-2017-supera-su-primer-tramite\/","title":{"rendered":"El presupuesto de Asturias para 2017 supera su primer tr\u00e1mite"},"content":{"rendered":"<p><img loading=\"lazy\" decoding=\"async\" class=\"alignleft size-medium wp-image-772035\" src=\"https:\/\/www.eldigitaldeasturias.com\/noticias\/wp-content\/uploads\/2015\/03\/2015_03_13-Presidente-Principado-en-la-JGPA-1-360x272.jpg\" alt=\"\" width=\"360\" height=\"272\" srcset=\"https:\/\/www.eldigitaldeasturias.com\/noticias\/wp-content\/uploads\/2015\/03\/2015_03_13-Presidente-Principado-en-la-JGPA-1-360x272.jpg 360w, https:\/\/www.eldigitaldeasturias.com\/noticias\/wp-content\/uploads\/2015\/03\/2015_03_13-Presidente-Principado-en-la-JGPA-1-768x580.jpg 768w, https:\/\/www.eldigitaldeasturias.com\/noticias\/wp-content\/uploads\/2015\/03\/2015_03_13-Presidente-Principado-en-la-JGPA-1-650x491.jpg 650w, https:\/\/www.eldigitaldeasturias.com\/noticias\/wp-content\/uploads\/2015\/03\/2015_03_13-Presidente-Principado-en-la-JGPA-1-125x95.jpg 125w, https:\/\/www.eldigitaldeasturias.com\/noticias\/wp-content\/uploads\/2015\/03\/2015_03_13-Presidente-Principado-en-la-JGPA-1-100x75.jpg 100w\" sizes=\"auto, (max-width: 360px) 100vw, 360px\" \/>El presupuesto del Principado de Asturias para 2017 ha superado su primer tr\u00e1mite parlamentario. El Pleno de la Junta General rechaz\u00f3 este viernes las 84 enmiendas de totalidad presentadas por los grupos parlamentarios de Podemos, Izquierda Unida y Foro Asturias. Dos de ellas (Podemos y Foro) solicitaban la devoluci\u00f3n del proyecto de ley al Gobierno; cinco (Podemos, IU y Foro) afectaban al cap\u00edtulo de ingresos; otras cinco (Podemos y Foro) al de gastos; y las 72 enmiendas de totalidad restantes presentadas por el Grupo Parlamentario Foro Asturias se refer\u00edan a ambos cap\u00edtulos.<\/p>\n<p>La consejera de Hacienda, Dolores Carcedo, pidi\u00f3 apoyos para que el Principado inicie 2017 con un presupuesto \u00absin duda mejorable, pero a todas luces esencial\u00bb para Asturias. Seg\u00fan dijo, se trata de \u00abun proyecto realista, sostenible, equilibrado y abierto que pretende garantizar que nadie quede varado en la orilla\u00bb.<\/p>\n<p>Tras esta sesi\u00f3n plenaria, ha quedado fijada la cuant\u00eda global del Presupuesto, la partida de ingresos y la distribuci\u00f3n de gastos por consejer\u00edas. El presupuesto para 2017 se eleva a 4.226 millones de euros, 73 m\u00e1s que el elaborado para 2016. El proyecto presentado por el Gobierno asturiano dedica el 68,7 por ciento de su cuant\u00eda a gasto social. El cap\u00edtulo de Sanidad contar\u00e1 1.683 millones, casi el 40% del total del Presupuesto; mientas que a Educaci\u00f3n se dedican 778 millones de euros, el 18,3% del Presupuesto; y a las pol\u00edticas de Bienestar y cohesi\u00f3n social, 441 millones, el 10,4% del Presupuesto total.<\/p>\n<p>En 2017, la inversi\u00f3n productiva ser\u00e1 de 311 millones de euros, lo que supone 8 millones m\u00e1s que en el proyecto 2016, cifra que representa un 2,6% de incremento.<\/p>\n<p>Las cuentas de 2017 incluyen modificaciones fiscales en el impuesto de sucesiones, un compromiso que el Ejecutivo auton\u00f3mico ya hab\u00eda incorporado en el proyecto de presupuestos de 2016.<\/p>\n<p><strong>Cr\u00e9dito extraordinario para la Sanidad<\/strong><\/p>\n<p>Por otra parte, la Junta General del Principado aprob\u00f3 por unanimidad en su sesi\u00f3n de hoy un cr\u00e9dito extraordinario que autoriza al Gobierno a endeudarse en 64 millones de euros m\u00e1s para poder cubrir as\u00ed el d\u00e9ficit en el gasto de la sanidad p\u00fablica previsto para este a\u00f1o.<\/p>\n<p>La disponibilidad de estos recursos procede de la decisi\u00f3n acordada por el Gobierno central de elevar el l\u00edmite del d\u00e9ficit p\u00fablico para este a\u00f1o en las comunidades aut\u00f3nomas del 0,3 al 0,7 por ciento del PIB lo que, en el caso de Asturias, permit\u00eda endeudarse en 89 millones de euros m\u00e1s en 2016.<\/p>\n<p>No obstante, 25 de esos 89 millones ya estaban contemplados en la pr\u00f3rroga, aunque no se pod\u00edan utilizar, y los 64 restantes se destinar\u00e1n ahora a financiar el gasto sanitario al que se preve\u00edan destinar 1.461 millones este a\u00f1o y cuya cuant\u00eda se prev\u00e9 que se eleve finalmente a 1.626 millones.<\/p>\n<p>&nbsp;<\/p>\n","protected":false},"excerpt":{"rendered":"<p>El presupuesto del Principado de Asturias para 2017 ha superado su primer tr\u00e1mite parlamentario. El Pleno de la Junta General rechaz\u00f3 este viernes las 84 enmiendas de totalidad presentadas por los grupos parlamentarios de Podemos, Izquierda Unida y Foro Asturias. Dos de ellas (Podemos y Foro) solicitaban la devoluci\u00f3n del proyecto de ley al Gobierno; [&hellip;]<\/p>\n","protected":false},"author":1,"featured_media":727671,"comment_status":"closed","ping_status":"closed","sticky":false,"template":"","format":"standard","meta":{"footnotes":""},"categories":[141],"tags":[],"class_list":["post-920358","post","type-post","status-publish","format-standard","has-post-thumbnail","hentry","category-destacadas"],"aioseo_notices":[],"aioseo_head":"\n\t\t<!-- All in One SEO Pro 4.9.6.2 - aioseo.com -->\n\t<meta name=\"description\" content=\"El presupuesto del Principado de Asturias para 2017 ha superado su primer tr\u00e1mite parlamentario. El Pleno de la Junta General rechaz\u00f3 este viernes las 84 enmiendas de totalidad presentadas por los grupos parlamentarios de Podemos, Izquierda Unida y Foro Asturias. Dos de ellas (Podemos y Foro) solicitaban la devoluci\u00f3n del proyecto de ley al Gobierno;\" \/>\n\t<meta name=\"robots\" content=\"max-image-preview:large\" \/>\n\t<meta name=\"author\" content=\"El Digital de Asturias\"\/>\n\t<meta name=\"google-site-verification\" content=\"UA-38556648-1\" \/>\n\t<meta name=\"msvalidate.01\" content=\"7dfe9f3f1b24437ab69f4f2559babe99\" \/>\n\t<meta name=\"keywords\" content=\"destacadas\" \/>\n\t<link rel=\"canonical\" href=\"https:\/\/www.eldigitaldeasturias.com\/noticias\/el-presupuesto-de-asturias-para-2017-supera-su-primer-tramite\/\" \/>\n\t<meta name=\"generator\" content=\"All in One SEO Pro (AIOSEO) 4.9.6.2\" \/>\n\t\t<meta property=\"og:locale\" content=\"es_ES\" \/>\n\t\t<meta property=\"og:site_name\" content=\"El Digital de Asturias\" \/>\n\t\t<meta property=\"og:type\" content=\"article\" \/>\n\t\t<meta property=\"og:title\" content=\"El presupuesto de Asturias para 2017 supera su primer tr\u00e1mite - El Digital de Asturias\" \/>\n\t\t<meta property=\"og:description\" content=\"El presupuesto del Principado de Asturias para 2017 ha superado su primer tr\u00e1mite parlamentario. El Pleno de la Junta General rechaz\u00f3 este viernes las 84 enmiendas de totalidad presentadas por los grupos parlamentarios de Podemos, Izquierda Unida y Foro Asturias. Dos de ellas (Podemos y Foro) solicitaban la devoluci\u00f3n del proyecto de ley al Gobierno;\" \/>\n\t\t<meta property=\"og:url\" content=\"https:\/\/www.eldigitaldeasturias.com\/noticias\/el-presupuesto-de-asturias-para-2017-supera-su-primer-tramite\/\" \/>\n\t\t<meta property=\"og:image\" content=\"https:\/\/www.eldigitaldeasturias.com\/noticias\/wp-content\/uploads\/2014\/12\/Presidente-debate-de-Presupuestos-2015-de-Asturias.jpg\" \/>\n\t\t<meta property=\"og:image:secure_url\" content=\"https:\/\/www.eldigitaldeasturias.com\/noticias\/wp-content\/uploads\/2014\/12\/Presidente-debate-de-Presupuestos-2015-de-Asturias.jpg\" \/>\n\t\t<meta property=\"og:image:width\" content=\"1632\" \/>\n\t\t<meta property=\"og:image:height\" content=\"1082\" \/>\n\t\t<meta property=\"article:tag\" content=\"destacadas\" \/>\n\t\t<meta property=\"article:published_time\" content=\"2016-12-24T16:18:42+00:00\" \/>\n\t\t<meta property=\"article:modified_time\" content=\"2016-12-24T16:18:42+00:00\" \/>\n\t\t<meta property=\"article:publisher\" content=\"https:\/\/facebook.com\/eldigitaldeasturias\" \/>\n\t\t<meta name=\"twitter:card\" content=\"summary_large_image\" \/>\n\t\t<meta name=\"twitter:title\" content=\"El presupuesto de Asturias para 2017 supera su primer tr\u00e1mite - El Digital de Asturias\" \/>\n\t\t<meta name=\"twitter:description\" content=\"El presupuesto del Principado de Asturias para 2017 ha superado su primer tr\u00e1mite parlamentario. El Pleno de la Junta General rechaz\u00f3 este viernes las 84 enmiendas de totalidad presentadas por los grupos parlamentarios de Podemos, Izquierda Unida y Foro Asturias. Dos de ellas (Podemos y Foro) solicitaban la devoluci\u00f3n del proyecto de ley al Gobierno;\" \/>\n\t\t<meta name=\"twitter:image\" content=\"https:\/\/www.eldigitaldeasturias.com\/noticias\/wp-content\/uploads\/2014\/12\/Presidente-debate-de-Presupuestos-2015-de-Asturias.jpg\" \/>\n\t\t<meta name=\"twitter:label1\" content=\"Escrito por\" \/>\n\t\t<meta name=\"twitter:data1\" content=\"El Digital de Asturias\" \/>\n\t\t<meta name=\"twitter:label2\" content=\"Tiempo de lectura estimado\" \/>\n\t\t<meta name=\"twitter:data2\" content=\"2 minutos\" \/>\n\t\t<script type=\"application\/ld+json\" class=\"aioseo-schema\">\n\t\t\t{\"@context\":\"https:\\\/\\\/schema.org\",\"@graph\":[{\"@type\":\"BlogPosting\",\"@id\":\"https:\\\/\\\/www.eldigitaldeasturias.com\\\/noticias\\\/el-presupuesto-de-asturias-para-2017-supera-su-primer-tramite\\\/#blogposting\",\"name\":\"El presupuesto de Asturias para 2017 supera su primer tr\\u00e1mite - El Digital de Asturias\",\"headline\":\"El presupuesto de Asturias para 2017 supera su primer tr\\u00e1mite\",\"author\":{\"@id\":\"https:\\\/\\\/www.eldigitaldeasturias.com\\\/noticias\\\/author\\\/admin\\\/#author\"},\"publisher\":{\"@id\":\"https:\\\/\\\/www.eldigitaldeasturias.com\\\/noticias\\\/#organization\"},\"image\":{\"@type\":\"ImageObject\",\"url\":\"https:\\\/\\\/www.eldigitaldeasturias.com\\\/noticias\\\/wp-content\\\/uploads\\\/2014\\\/12\\\/Presidente-debate-de-Presupuestos-2015-de-Asturias.jpg\",\"width\":1632,\"height\":1082},\"datePublished\":\"2016-12-24T16:18:42+01:00\",\"dateModified\":\"2016-12-24T16:18:42+01:00\",\"inLanguage\":\"es-ES\",\"mainEntityOfPage\":{\"@id\":\"https:\\\/\\\/www.eldigitaldeasturias.com\\\/noticias\\\/el-presupuesto-de-asturias-para-2017-supera-su-primer-tramite\\\/#webpage\"},\"isPartOf\":{\"@id\":\"https:\\\/\\\/www.eldigitaldeasturias.com\\\/noticias\\\/el-presupuesto-de-asturias-para-2017-supera-su-primer-tramite\\\/#webpage\"},\"articleSection\":\"Destacadas\"},{\"@type\":\"BreadcrumbList\",\"@id\":\"https:\\\/\\\/www.eldigitaldeasturias.com\\\/noticias\\\/el-presupuesto-de-asturias-para-2017-supera-su-primer-tramite\\\/#breadcrumblist\",\"itemListElement\":[{\"@type\":\"ListItem\",\"@id\":\"https:\\\/\\\/www.eldigitaldeasturias.com\\\/noticias#listItem\",\"position\":1,\"name\":\"Home\",\"item\":\"https:\\\/\\\/www.eldigitaldeasturias.com\\\/noticias\",\"nextItem\":{\"@type\":\"ListItem\",\"@id\":\"https:\\\/\\\/www.eldigitaldeasturias.com\\\/noticias\\\/category\\\/destacadas\\\/#listItem\",\"name\":\"Destacadas\"}},{\"@type\":\"ListItem\",\"@id\":\"https:\\\/\\\/www.eldigitaldeasturias.com\\\/noticias\\\/category\\\/destacadas\\\/#listItem\",\"position\":2,\"name\":\"Destacadas\",\"item\":\"https:\\\/\\\/www.eldigitaldeasturias.com\\\/noticias\\\/category\\\/destacadas\\\/\",\"nextItem\":{\"@type\":\"ListItem\",\"@id\":\"https:\\\/\\\/www.eldigitaldeasturias.com\\\/noticias\\\/el-presupuesto-de-asturias-para-2017-supera-su-primer-tramite\\\/#listItem\",\"name\":\"El presupuesto de Asturias para 2017 supera su primer tr\\u00e1mite\"},\"previousItem\":{\"@type\":\"ListItem\",\"@id\":\"https:\\\/\\\/www.eldigitaldeasturias.com\\\/noticias#listItem\",\"name\":\"Home\"}},{\"@type\":\"ListItem\",\"@id\":\"https:\\\/\\\/www.eldigitaldeasturias.com\\\/noticias\\\/el-presupuesto-de-asturias-para-2017-supera-su-primer-tramite\\\/#listItem\",\"position\":3,\"name\":\"El presupuesto de Asturias para 2017 supera su primer tr\\u00e1mite\",\"previousItem\":{\"@type\":\"ListItem\",\"@id\":\"https:\\\/\\\/www.eldigitaldeasturias.com\\\/noticias\\\/category\\\/destacadas\\\/#listItem\",\"name\":\"Destacadas\"}}]},{\"@type\":\"Organization\",\"@id\":\"https:\\\/\\\/www.eldigitaldeasturias.com\\\/noticias\\\/#organization\",\"name\":\"El Digital de Asturias\",\"description\":\"Hemeroteca\",\"url\":\"https:\\\/\\\/www.eldigitaldeasturias.com\\\/noticias\\\/\",\"email\":\"info@eldigitaldeasturias.com\",\"telephone\":\"+34652131393\",\"logo\":{\"@type\":\"ImageObject\",\"url\":\"https:\\\/\\\/www.eldigitaldeasturias.com\\\/noticias\\\/wp-content\\\/uploads\\\/2020\\\/12\\\/EDA.jpg\",\"@id\":\"https:\\\/\\\/www.eldigitaldeasturias.com\\\/noticias\\\/el-presupuesto-de-asturias-para-2017-supera-su-primer-tramite\\\/#organizationLogo\",\"width\":649,\"height\":297},\"image\":{\"@id\":\"https:\\\/\\\/www.eldigitaldeasturias.com\\\/noticias\\\/el-presupuesto-de-asturias-para-2017-supera-su-primer-tramite\\\/#organizationLogo\"},\"sameAs\":[\"https:\\\/\\\/facebook.com\\\/eldigitaldeasturias\",\"https:\\\/\\\/www.youtube.com\\\/channel\\\/UCZP-2wLEB9Rv6erhFmqVnvg\"],\"address\":{\"@id\":\"https:\\\/\\\/www.eldigitaldeasturias.com\\\/noticias\\\/#postaladdress\",\"@type\":\"PostalAddress\",\"streetAddress\":\"san antonio 4,\",\"postalCode\":\"33430\",\"addressLocality\":\"Cand\\u00e1s\",\"addressRegion\":\"Asturias\",\"addressCountry\":\"ES\"}},{\"@type\":\"Person\",\"@id\":\"https:\\\/\\\/www.eldigitaldeasturias.com\\\/noticias\\\/author\\\/admin\\\/#author\",\"url\":\"https:\\\/\\\/www.eldigitaldeasturias.com\\\/noticias\\\/author\\\/admin\\\/\",\"name\":\"El Digital de Asturias\",\"image\":{\"@type\":\"ImageObject\",\"@id\":\"https:\\\/\\\/www.eldigitaldeasturias.com\\\/noticias\\\/el-presupuesto-de-asturias-para-2017-supera-su-primer-tramite\\\/#authorImage\",\"url\":\"https:\\\/\\\/www.eldigitaldeasturias.com\\\/noticias\\\/wp-content\\\/litespeed\\\/avatar\\\/18677e78aa0546b92d9dbf31ec7d7668.jpg?ver=1777290358\",\"width\":96,\"height\":96,\"caption\":\"El Digital de Asturias\"}},{\"@type\":\"WebPage\",\"@id\":\"https:\\\/\\\/www.eldigitaldeasturias.com\\\/noticias\\\/el-presupuesto-de-asturias-para-2017-supera-su-primer-tramite\\\/#webpage\",\"url\":\"https:\\\/\\\/www.eldigitaldeasturias.com\\\/noticias\\\/el-presupuesto-de-asturias-para-2017-supera-su-primer-tramite\\\/\",\"name\":\"El presupuesto de Asturias para 2017 supera su primer tr\\u00e1mite - El Digital de Asturias\",\"description\":\"El presupuesto del Principado de Asturias para 2017 ha superado su primer tr\\u00e1mite parlamentario. El Pleno de la Junta General rechaz\\u00f3 este viernes las 84 enmiendas de totalidad presentadas por los grupos parlamentarios de Podemos, Izquierda Unida y Foro Asturias. Dos de ellas (Podemos y Foro) solicitaban la devoluci\\u00f3n del proyecto de ley al Gobierno;\",\"inLanguage\":\"es-ES\",\"isPartOf\":{\"@id\":\"https:\\\/\\\/www.eldigitaldeasturias.com\\\/noticias\\\/#website\"},\"breadcrumb\":{\"@id\":\"https:\\\/\\\/www.eldigitaldeasturias.com\\\/noticias\\\/el-presupuesto-de-asturias-para-2017-supera-su-primer-tramite\\\/#breadcrumblist\"},\"author\":{\"@id\":\"https:\\\/\\\/www.eldigitaldeasturias.com\\\/noticias\\\/author\\\/admin\\\/#author\"},\"creator\":{\"@id\":\"https:\\\/\\\/www.eldigitaldeasturias.com\\\/noticias\\\/author\\\/admin\\\/#author\"},\"image\":{\"@type\":\"ImageObject\",\"url\":\"https:\\\/\\\/www.eldigitaldeasturias.com\\\/noticias\\\/wp-content\\\/uploads\\\/2014\\\/12\\\/Presidente-debate-de-Presupuestos-2015-de-Asturias.jpg\",\"@id\":\"https:\\\/\\\/www.eldigitaldeasturias.com\\\/noticias\\\/el-presupuesto-de-asturias-para-2017-supera-su-primer-tramite\\\/#mainImage\",\"width\":1632,\"height\":1082},\"primaryImageOfPage\":{\"@id\":\"https:\\\/\\\/www.eldigitaldeasturias.com\\\/noticias\\\/el-presupuesto-de-asturias-para-2017-supera-su-primer-tramite\\\/#mainImage\"},\"datePublished\":\"2016-12-24T16:18:42+01:00\",\"dateModified\":\"2016-12-24T16:18:42+01:00\"},{\"@type\":\"WebSite\",\"@id\":\"https:\\\/\\\/www.eldigitaldeasturias.com\\\/noticias\\\/#website\",\"url\":\"https:\\\/\\\/www.eldigitaldeasturias.com\\\/noticias\\\/\",\"name\":\"El Digital de Asturias - Diario de actualidad y noticias\",\"alternateName\":\"El Digital de Asturias - Diario de actualidad y noticias\",\"description\":\"Hemeroteca\",\"inLanguage\":\"es-ES\",\"publisher\":{\"@id\":\"https:\\\/\\\/www.eldigitaldeasturias.com\\\/noticias\\\/#organization\"}}]}\n\t\t<\/script>\n\t\t<!-- All in One SEO Pro -->\r\n\t\t<title>El presupuesto de Asturias para 2017 supera su primer tr\u00e1mite - El Digital de Asturias<\/title>\n\n","aioseo_head_json":{"title":"El presupuesto de Asturias para 2017 supera su primer tr\u00e1mite - El Digital de Asturias","description":"El presupuesto del Principado de Asturias para 2017 ha superado su primer tr\u00e1mite parlamentario. El Pleno de la Junta General rechaz\u00f3 este viernes las 84 enmiendas de totalidad presentadas por los grupos parlamentarios de Podemos, Izquierda Unida y Foro Asturias. Dos de ellas (Podemos y Foro) solicitaban la devoluci\u00f3n del proyecto de ley al Gobierno;","canonical_url":"https:\/\/www.eldigitaldeasturias.com\/noticias\/el-presupuesto-de-asturias-para-2017-supera-su-primer-tramite\/","robots":"max-image-preview:large","keywords":"destacadas","webmasterTools":{"google-site-verification":"UA-38556648-1","msvalidate.01":"7dfe9f3f1b24437ab69f4f2559babe99","miscellaneous":""},"schema":{"@context":"https:\/\/schema.org","@graph":[{"@type":"BlogPosting","@id":"https:\/\/www.eldigitaldeasturias.com\/noticias\/el-presupuesto-de-asturias-para-2017-supera-su-primer-tramite\/#blogposting","name":"El presupuesto de Asturias para 2017 supera su primer tr\u00e1mite - El Digital de Asturias","headline":"El presupuesto de Asturias para 2017 supera su primer tr\u00e1mite","author":{"@id":"https:\/\/www.eldigitaldeasturias.com\/noticias\/author\/admin\/#author"},"publisher":{"@id":"https:\/\/www.eldigitaldeasturias.com\/noticias\/#organization"},"image":{"@type":"ImageObject","url":"https:\/\/www.eldigitaldeasturias.com\/noticias\/wp-content\/uploads\/2014\/12\/Presidente-debate-de-Presupuestos-2015-de-Asturias.jpg","width":1632,"height":1082},"datePublished":"2016-12-24T16:18:42+01:00","dateModified":"2016-12-24T16:18:42+01:00","inLanguage":"es-ES","mainEntityOfPage":{"@id":"https:\/\/www.eldigitaldeasturias.com\/noticias\/el-presupuesto-de-asturias-para-2017-supera-su-primer-tramite\/#webpage"},"isPartOf":{"@id":"https:\/\/www.eldigitaldeasturias.com\/noticias\/el-presupuesto-de-asturias-para-2017-supera-su-primer-tramite\/#webpage"},"articleSection":"Destacadas"},{"@type":"BreadcrumbList","@id":"https:\/\/www.eldigitaldeasturias.com\/noticias\/el-presupuesto-de-asturias-para-2017-supera-su-primer-tramite\/#breadcrumblist","itemListElement":[{"@type":"ListItem","@id":"https:\/\/www.eldigitaldeasturias.com\/noticias#listItem","position":1,"name":"Home","item":"https:\/\/www.eldigitaldeasturias.com\/noticias","nextItem":{"@type":"ListItem","@id":"https:\/\/www.eldigitaldeasturias.com\/noticias\/category\/destacadas\/#listItem","name":"Destacadas"}},{"@type":"ListItem","@id":"https:\/\/www.eldigitaldeasturias.com\/noticias\/category\/destacadas\/#listItem","position":2,"name":"Destacadas","item":"https:\/\/www.eldigitaldeasturias.com\/noticias\/category\/destacadas\/","nextItem":{"@type":"ListItem","@id":"https:\/\/www.eldigitaldeasturias.com\/noticias\/el-presupuesto-de-asturias-para-2017-supera-su-primer-tramite\/#listItem","name":"El presupuesto de Asturias para 2017 supera su primer tr\u00e1mite"},"previousItem":{"@type":"ListItem","@id":"https:\/\/www.eldigitaldeasturias.com\/noticias#listItem","name":"Home"}},{"@type":"ListItem","@id":"https:\/\/www.eldigitaldeasturias.com\/noticias\/el-presupuesto-de-asturias-para-2017-supera-su-primer-tramite\/#listItem","position":3,"name":"El presupuesto de Asturias para 2017 supera su primer tr\u00e1mite","previousItem":{"@type":"ListItem","@id":"https:\/\/www.eldigitaldeasturias.com\/noticias\/category\/destacadas\/#listItem","name":"Destacadas"}}]},{"@type":"Organization","@id":"https:\/\/www.eldigitaldeasturias.com\/noticias\/#organization","name":"El Digital de Asturias","description":"Hemeroteca","url":"https:\/\/www.eldigitaldeasturias.com\/noticias\/","email":"info@eldigitaldeasturias.com","telephone":"+34652131393","logo":{"@type":"ImageObject","url":"https:\/\/www.eldigitaldeasturias.com\/noticias\/wp-content\/uploads\/2020\/12\/EDA.jpg","@id":"https:\/\/www.eldigitaldeasturias.com\/noticias\/el-presupuesto-de-asturias-para-2017-supera-su-primer-tramite\/#organizationLogo","width":649,"height":297},"image":{"@id":"https:\/\/www.eldigitaldeasturias.com\/noticias\/el-presupuesto-de-asturias-para-2017-supera-su-primer-tramite\/#organizationLogo"},"sameAs":["https:\/\/facebook.com\/eldigitaldeasturias","https:\/\/www.youtube.com\/channel\/UCZP-2wLEB9Rv6erhFmqVnvg"],"address":{"@id":"https:\/\/www.eldigitaldeasturias.com\/noticias\/#postaladdress","@type":"PostalAddress","streetAddress":"san antonio 4,","postalCode":"33430","addressLocality":"Cand\u00e1s","addressRegion":"Asturias","addressCountry":"ES"}},{"@type":"Person","@id":"https:\/\/www.eldigitaldeasturias.com\/noticias\/author\/admin\/#author","url":"https:\/\/www.eldigitaldeasturias.com\/noticias\/author\/admin\/","name":"El Digital de Asturias","image":{"@type":"ImageObject","@id":"https:\/\/www.eldigitaldeasturias.com\/noticias\/el-presupuesto-de-asturias-para-2017-supera-su-primer-tramite\/#authorImage","url":"https:\/\/www.eldigitaldeasturias.com\/noticias\/wp-content\/litespeed\/avatar\/18677e78aa0546b92d9dbf31ec7d7668.jpg?ver=1777290358","width":96,"height":96,"caption":"El Digital de Asturias"}},{"@type":"WebPage","@id":"https:\/\/www.eldigitaldeasturias.com\/noticias\/el-presupuesto-de-asturias-para-2017-supera-su-primer-tramite\/#webpage","url":"https:\/\/www.eldigitaldeasturias.com\/noticias\/el-presupuesto-de-asturias-para-2017-supera-su-primer-tramite\/","name":"El presupuesto de Asturias para 2017 supera su primer tr\u00e1mite - El Digital de Asturias","description":"El presupuesto del Principado de Asturias para 2017 ha superado su primer tr\u00e1mite parlamentario. El Pleno de la Junta General rechaz\u00f3 este viernes las 84 enmiendas de totalidad presentadas por los grupos parlamentarios de Podemos, Izquierda Unida y Foro Asturias. Dos de ellas (Podemos y Foro) solicitaban la devoluci\u00f3n del proyecto de ley al Gobierno;","inLanguage":"es-ES","isPartOf":{"@id":"https:\/\/www.eldigitaldeasturias.com\/noticias\/#website"},"breadcrumb":{"@id":"https:\/\/www.eldigitaldeasturias.com\/noticias\/el-presupuesto-de-asturias-para-2017-supera-su-primer-tramite\/#breadcrumblist"},"author":{"@id":"https:\/\/www.eldigitaldeasturias.com\/noticias\/author\/admin\/#author"},"creator":{"@id":"https:\/\/www.eldigitaldeasturias.com\/noticias\/author\/admin\/#author"},"image":{"@type":"ImageObject","url":"https:\/\/www.eldigitaldeasturias.com\/noticias\/wp-content\/uploads\/2014\/12\/Presidente-debate-de-Presupuestos-2015-de-Asturias.jpg","@id":"https:\/\/www.eldigitaldeasturias.com\/noticias\/el-presupuesto-de-asturias-para-2017-supera-su-primer-tramite\/#mainImage","width":1632,"height":1082},"primaryImageOfPage":{"@id":"https:\/\/www.eldigitaldeasturias.com\/noticias\/el-presupuesto-de-asturias-para-2017-supera-su-primer-tramite\/#mainImage"},"datePublished":"2016-12-24T16:18:42+01:00","dateModified":"2016-12-24T16:18:42+01:00"},{"@type":"WebSite","@id":"https:\/\/www.eldigitaldeasturias.com\/noticias\/#website","url":"https:\/\/www.eldigitaldeasturias.com\/noticias\/","name":"El Digital de Asturias - Diario de actualidad y noticias","alternateName":"El Digital de Asturias - Diario de actualidad y noticias","description":"Hemeroteca","inLanguage":"es-ES","publisher":{"@id":"https:\/\/www.eldigitaldeasturias.com\/noticias\/#organization"}}]},"og:locale":"es_ES","og:site_name":"El Digital de Asturias","og:type":"article","og:title":"El presupuesto de Asturias para 2017 supera su primer tr\u00e1mite - El Digital de Asturias","og:description":"El presupuesto del Principado de Asturias para 2017 ha superado su primer tr\u00e1mite parlamentario. El Pleno de la Junta General rechaz\u00f3 este viernes las 84 enmiendas de totalidad presentadas por los grupos parlamentarios de Podemos, Izquierda Unida y Foro Asturias. Dos de ellas (Podemos y Foro) solicitaban la devoluci\u00f3n del proyecto de ley al Gobierno;","og:url":"https:\/\/www.eldigitaldeasturias.com\/noticias\/el-presupuesto-de-asturias-para-2017-supera-su-primer-tramite\/","og:image":"https:\/\/www.eldigitaldeasturias.com\/noticias\/wp-content\/uploads\/2014\/12\/Presidente-debate-de-Presupuestos-2015-de-Asturias.jpg","og:image:secure_url":"https:\/\/www.eldigitaldeasturias.com\/noticias\/wp-content\/uploads\/2014\/12\/Presidente-debate-de-Presupuestos-2015-de-Asturias.jpg","og:image:width":1632,"og:image:height":1082,"article:tag":["destacadas"],"article:published_time":"2016-12-24T16:18:42+00:00","article:modified_time":"2016-12-24T16:18:42+00:00","article:publisher":"https:\/\/facebook.com\/eldigitaldeasturias","twitter:card":"summary_large_image","twitter:title":"El presupuesto de Asturias para 2017 supera su primer tr\u00e1mite - El Digital de Asturias","twitter:description":"El presupuesto del Principado de Asturias para 2017 ha superado su primer tr\u00e1mite parlamentario. El Pleno de la Junta General rechaz\u00f3 este viernes las 84 enmiendas de totalidad presentadas por los grupos parlamentarios de Podemos, Izquierda Unida y Foro Asturias. Dos de ellas (Podemos y Foro) solicitaban la devoluci\u00f3n del proyecto de ley al Gobierno;","twitter:image":"https:\/\/www.eldigitaldeasturias.com\/noticias\/wp-content\/uploads\/2014\/12\/Presidente-debate-de-Presupuestos-2015-de-Asturias.jpg","twitter:label1":"Escrito por","twitter:data1":"El Digital de Asturias","twitter:label2":"Tiempo de lectura estimado","twitter:data2":"2 minutos"},"aioseo_meta_data":{"post_id":"920358","title":null,"description":null,"keywords":null,"keyphrases":null,"primary_term":null,"canonical_url":null,"og_title":null,"og_description":null,"og_object_type":"default","og_image_type":"default","og_image_url":null,"og_image_width":null,"og_image_height":null,"og_image_custom_url":null,"og_image_custom_fields":null,"og_video":null,"og_custom_url":null,"og_article_section":null,"og_article_tags":null,"twitter_use_og":false,"twitter_card":"default","twitter_image_type":"default","twitter_image_url":null,"twitter_image_custom_url":null,"twitter_image_custom_fields":null,"twitter_title":null,"twitter_description":null,"schema":{"blockGraphs":[],"customGraphs":[],"default":{"data":{"Article":[],"Course":[],"Dataset":[],"FAQPage":[],"Movie":[],"Person":[],"Product":[],"ProductReview":[],"Car":[],"Recipe":[],"Service":[],"SoftwareApplication":[],"WebPage":[]},"graphName":"","isEnabled":true},"graphs":[],"defaultGraph":"","defaultPostTypeGraph":""},"schema_type":null,"schema_type_options":null,"pillar_content":false,"robots_default":true,"robots_noindex":false,"robots_noarchive":false,"robots_nosnippet":false,"robots_nofollow":false,"robots_noimageindex":false,"robots_noodp":false,"robots_notranslate":false,"robots_max_snippet":null,"robots_max_videopreview":null,"robots_max_imagepreview":"large","priority":null,"frequency":null,"local_seo":null,"seo_analyzer_scan_date":"2025-12-02 09:57:10","breadcrumb_settings":null,"limit_modified_date":false,"open_ai":null,"ai":null,"created":"2020-12-21 13:47:45","updated":"2025-12-02 09:57:10"},"aioseo_breadcrumb":"<div class=\"aioseo-breadcrumbs\"><span class=\"aioseo-breadcrumb\">\n\t<a href=\"https:\/\/www.eldigitaldeasturias.com\/noticias\" title=\"Home\">Home<\/a>\n<\/span><span class=\"aioseo-breadcrumb-separator\">\u2013<\/span><span class=\"aioseo-breadcrumb\">\n\t<a href=\"https:\/\/www.eldigitaldeasturias.com\/noticias\/category\/destacadas\/\" title=\"Destacadas\">Destacadas<\/a>\n<\/span><span class=\"aioseo-breadcrumb-separator\">\u2013<\/span><span class=\"aioseo-breadcrumb\">\n\t<a href=\"https:\/\/www.eldigitaldeasturias.com\/noticias\/el-presupuesto-de-asturias-para-2017-supera-su-primer-tramite\/\" title=\"El presupuesto de Asturias para 2017 supera su primer tr\u00e1mite\">El presupuesto de Asturias para 2017 supera su primer tr\u00e1mite<\/a>\n<\/span><\/div>","aioseo_breadcrumb_json":[{"label":"Home","link":"https:\/\/www.eldigitaldeasturias.com\/noticias"},{"label":"Destacadas","link":"https:\/\/www.eldigitaldeasturias.com\/noticias\/category\/destacadas\/"},{"label":"El presupuesto de Asturias para 2017 supera su primer tr\u00e1mite","link":"https:\/\/www.eldigitaldeasturias.com\/noticias\/el-presupuesto-de-asturias-para-2017-supera-su-primer-tramite\/"}],"_links":{"self":[{"href":"https:\/\/www.eldigitaldeasturias.com\/noticias\/wp-json\/wp\/v2\/posts\/920358","targetHints":{"allow":["GET"]}}],"collection":[{"href":"https:\/\/www.eldigitaldeasturias.com\/noticias\/wp-json\/wp\/v2\/posts"}],"about":[{"href":"https:\/\/www.eldigitaldeasturias.com\/noticias\/wp-json\/wp\/v2\/types\/post"}],"author":[{"embeddable":true,"href":"https:\/\/www.eldigitaldeasturias.com\/noticias\/wp-json\/wp\/v2\/users\/1"}],"replies":[{"embeddable":true,"href":"https:\/\/www.eldigitaldeasturias.com\/noticias\/wp-json\/wp\/v2\/comments?post=920358"}],"version-history":[{"count":0,"href":"https:\/\/www.eldigitaldeasturias.com\/noticias\/wp-json\/wp\/v2\/posts\/920358\/revisions"}],"wp:featuredmedia":[{"embeddable":true,"href":"https:\/\/www.eldigitaldeasturias.com\/noticias\/wp-json\/wp\/v2\/media\/727671"}],"wp:attachment":[{"href":"https:\/\/www.eldigitaldeasturias.com\/noticias\/wp-json\/wp\/v2\/media?parent=920358"}],"wp:term":[{"taxonomy":"category","embeddable":true,"href":"https:\/\/www.eldigitaldeasturias.com\/noticias\/wp-json\/wp\/v2\/categories?post=920358"},{"taxonomy":"post_tag","embeddable":true,"href":"https:\/\/www.eldigitaldeasturias.com\/noticias\/wp-json\/wp\/v2\/tags?post=920358"}],"curies":[{"name":"wp","href":"https:\/\/api.w.org\/{rel}","templated":true}]}}