{"id":920321,"date":"2016-12-24T15:35:36","date_gmt":"2016-12-24T15:35:36","guid":{"rendered":"http:\/\/www.eldigitaldeasturias.com\/noticias\/?p=920321"},"modified":"2016-12-24T15:35:36","modified_gmt":"2016-12-24T15:35:36","slug":"uber-da-un-paso-atras-en-san-francisco","status":"publish","type":"post","link":"https:\/\/www.eldigitaldeasturias.com\/noticias\/uber-da-un-paso-atras-en-san-francisco\/","title":{"rendered":"Uber da un paso atr\u00e1s en San Francisco"},"content":{"rendered":"<p><img loading=\"lazy\" decoding=\"async\" class=\"alignleft size-medium wp-image-820749\" src=\"https:\/\/www.eldigitaldeasturias.com\/noticias\/wp-content\/uploads\/2015\/11\/UBER-360x198.jpg\" alt=\"\" width=\"360\" height=\"198\" srcset=\"https:\/\/www.eldigitaldeasturias.com\/noticias\/wp-content\/uploads\/2015\/11\/UBER-360x198.jpg 360w, https:\/\/www.eldigitaldeasturias.com\/noticias\/wp-content\/uploads\/2015\/11\/UBER-650x357.jpg 650w, https:\/\/www.eldigitaldeasturias.com\/noticias\/wp-content\/uploads\/2015\/11\/UBER.jpg 655w\" sizes=\"auto, (max-width: 360px) 100vw, 360px\" \/>Empezaron el 14 de diciembre con la puesta en marcha de la primera experiencia real con coches sin conductor. Pittsburgh como proyecto piloto y San Francisco ya en la vida real fueron las elecciones de Uber para dar a conocer la propuesta que quiere posicionar como el futuro de la compa\u00f1\u00eda.<\/p>\n<p>Pero de momento, el presente se le est\u00e1 haciendo cuesta arriba. El Gobierno de California lo avis\u00f3 pocas horas despu\u00e9s del estreno a ra\u00edz de un v\u00eddeo en el que un coche sin piloto se saltaba un sem\u00e1foro en rojo. \u00bfEl problema? Los permisos necesarios, ausentes por lo visto, ha sido el detonante que desembocar\u00eda en multas por incumplimiento legal. M\u00e1s o menos la estrategia que ha venido llevando Uber en todas sus acciones, en las que primero arranca y luego se enfrenta a la legislaci\u00f3n.<\/p>\n<p>En este caso no han tenido m\u00e1s remedio que retirar su servicio de forma temporal. Despu\u00e9s de una reuni\u00f3n con el Gobierno de California y el procurador general se ha determinado la revocaci\u00f3n del registro de los 16 coches que Uber ten\u00eda circulando sin su conductor. Y es temporal porque la DMV ha invitado a la compa\u00f1\u00eda a que cumpla todos los ciclos y solicitudes de permisos necesarios para poder operar con este tipo de veh\u00edculos. Aunque seg\u00fan Uber, ellos no necesitar\u00edan estos documentos ya que, pese a que los coches pueden circular solos, no se ha prescindido de los conductores en esta etapa del servicio por motivos de seguridad.<\/p>\n<p>Seg\u00fan han declarado a Techcrunch el objetivo ahora est\u00e1 en cambiar las reglas del juego:<\/p>\n<blockquote><p><em>\u00abEstamos mirando c\u00f3mo podemos volver a implementar estos coches, ya que estamos al 100% comprometido con California y vamos a redoblar nuestros esfuerzos para desarrollar normas estatales viables.\u00bb<\/em><\/p><\/blockquote>\n<p>Es decir, la estrategia global de Uber no cambia ni un \u00e1pice y, si no era suficiente con cambiar las normas en lo que a transporte se refiere, ahora abren un nuevo mel\u00f3n mucho m\u00e1s complicado si cabe.<\/p>\n<p><em>El contenido de este comunicado fue publicado primero en la p\u00e1gina web de Hipertextual<\/em><\/p>\n<p>&nbsp;<\/p>\n<p>&nbsp;<\/p>\n","protected":false},"excerpt":{"rendered":"<p>Empezaron el 14 de diciembre con la puesta en marcha de la primera experiencia real con coches sin conductor. Pittsburgh como proyecto piloto y San Francisco ya en la vida real fueron las elecciones de Uber para dar a conocer la propuesta que quiere posicionar como el futuro de la compa\u00f1\u00eda. Pero de momento, el [&hellip;]<\/p>\n","protected":false},"author":1,"featured_media":820749,"comment_status":"closed","ping_status":"closed","sticky":false,"template":"","format":"standard","meta":{"footnotes":""},"categories":[141],"tags":[],"class_list":["post-920321","post","type-post","status-publish","format-standard","has-post-thumbnail","hentry","category-destacadas"],"aioseo_notices":[],"aioseo_head":"\n\t\t<!-- All in One SEO Pro 4.9.6.2 - aioseo.com -->\n\t<meta name=\"description\" content=\"Empezaron el 14 de diciembre con la puesta en marcha de la primera experiencia real con coches sin conductor. Pittsburgh como proyecto piloto y San Francisco ya en la vida real fueron las elecciones de Uber para dar a conocer la propuesta que quiere posicionar como el futuro de la compa\u00f1\u00eda. Pero de momento, el\" \/>\n\t<meta name=\"robots\" content=\"max-image-preview:large\" \/>\n\t<meta name=\"author\" content=\"El Digital de Asturias\"\/>\n\t<meta name=\"google-site-verification\" content=\"UA-38556648-1\" \/>\n\t<meta name=\"msvalidate.01\" content=\"7dfe9f3f1b24437ab69f4f2559babe99\" \/>\n\t<meta name=\"keywords\" content=\"destacadas\" \/>\n\t<link rel=\"canonical\" href=\"https:\/\/www.eldigitaldeasturias.com\/noticias\/uber-da-un-paso-atras-en-san-francisco\/\" \/>\n\t<meta name=\"generator\" content=\"All in One SEO Pro (AIOSEO) 4.9.6.2\" \/>\n\t\t<meta property=\"og:locale\" content=\"es_ES\" \/>\n\t\t<meta property=\"og:site_name\" content=\"El Digital de Asturias\" \/>\n\t\t<meta property=\"og:type\" content=\"article\" \/>\n\t\t<meta property=\"og:title\" content=\"Uber da un paso atr\u00e1s en San Francisco - El Digital de Asturias\" \/>\n\t\t<meta property=\"og:description\" content=\"Empezaron el 14 de diciembre con la puesta en marcha de la primera experiencia real con coches sin conductor. Pittsburgh como proyecto piloto y San Francisco ya en la vida real fueron las elecciones de Uber para dar a conocer la propuesta que quiere posicionar como el futuro de la compa\u00f1\u00eda. Pero de momento, el\" \/>\n\t\t<meta property=\"og:url\" content=\"https:\/\/www.eldigitaldeasturias.com\/noticias\/uber-da-un-paso-atras-en-san-francisco\/\" \/>\n\t\t<meta property=\"og:image\" content=\"https:\/\/www.eldigitaldeasturias.com\/noticias\/wp-content\/uploads\/2015\/11\/UBER.jpg\" \/>\n\t\t<meta property=\"og:image:secure_url\" content=\"https:\/\/www.eldigitaldeasturias.com\/noticias\/wp-content\/uploads\/2015\/11\/UBER.jpg\" \/>\n\t\t<meta property=\"og:image:width\" content=\"655\" \/>\n\t\t<meta property=\"og:image:height\" content=\"360\" \/>\n\t\t<meta property=\"article:tag\" content=\"destacadas\" \/>\n\t\t<meta property=\"article:published_time\" content=\"2016-12-24T15:35:36+00:00\" \/>\n\t\t<meta property=\"article:modified_time\" content=\"2016-12-24T15:35:36+00:00\" \/>\n\t\t<meta property=\"article:publisher\" content=\"https:\/\/facebook.com\/eldigitaldeasturias\" \/>\n\t\t<meta name=\"twitter:card\" content=\"summary_large_image\" \/>\n\t\t<meta name=\"twitter:title\" content=\"Uber da un paso atr\u00e1s en San Francisco - El Digital de Asturias\" \/>\n\t\t<meta name=\"twitter:description\" content=\"Empezaron el 14 de diciembre con la puesta en marcha de la primera experiencia real con coches sin conductor. Pittsburgh como proyecto piloto y San Francisco ya en la vida real fueron las elecciones de Uber para dar a conocer la propuesta que quiere posicionar como el futuro de la compa\u00f1\u00eda. Pero de momento, el\" \/>\n\t\t<meta name=\"twitter:image\" content=\"https:\/\/www.eldigitaldeasturias.com\/noticias\/wp-content\/uploads\/2015\/11\/UBER.jpg\" \/>\n\t\t<meta name=\"twitter:label1\" content=\"Escrito por\" \/>\n\t\t<meta name=\"twitter:data1\" content=\"El Digital de Asturias\" \/>\n\t\t<meta name=\"twitter:label2\" content=\"Tiempo de lectura estimado\" \/>\n\t\t<meta name=\"twitter:data2\" content=\"2 minutos\" \/>\n\t\t<script type=\"application\/ld+json\" class=\"aioseo-schema\">\n\t\t\t{\"@context\":\"https:\\\/\\\/schema.org\",\"@graph\":[{\"@type\":\"BlogPosting\",\"@id\":\"https:\\\/\\\/www.eldigitaldeasturias.com\\\/noticias\\\/uber-da-un-paso-atras-en-san-francisco\\\/#blogposting\",\"name\":\"Uber da un paso atr\\u00e1s en San Francisco - El Digital de Asturias\",\"headline\":\"Uber da un paso atr\\u00e1s en San Francisco\",\"author\":{\"@id\":\"https:\\\/\\\/www.eldigitaldeasturias.com\\\/noticias\\\/author\\\/admin\\\/#author\"},\"publisher\":{\"@id\":\"https:\\\/\\\/www.eldigitaldeasturias.com\\\/noticias\\\/#organization\"},\"image\":{\"@type\":\"ImageObject\",\"url\":\"https:\\\/\\\/www.eldigitaldeasturias.com\\\/noticias\\\/wp-content\\\/uploads\\\/2015\\\/11\\\/UBER.jpg\",\"width\":655,\"height\":360},\"datePublished\":\"2016-12-24T15:35:36+01:00\",\"dateModified\":\"2016-12-24T15:35:36+01:00\",\"inLanguage\":\"es-ES\",\"mainEntityOfPage\":{\"@id\":\"https:\\\/\\\/www.eldigitaldeasturias.com\\\/noticias\\\/uber-da-un-paso-atras-en-san-francisco\\\/#webpage\"},\"isPartOf\":{\"@id\":\"https:\\\/\\\/www.eldigitaldeasturias.com\\\/noticias\\\/uber-da-un-paso-atras-en-san-francisco\\\/#webpage\"},\"articleSection\":\"Destacadas\"},{\"@type\":\"BreadcrumbList\",\"@id\":\"https:\\\/\\\/www.eldigitaldeasturias.com\\\/noticias\\\/uber-da-un-paso-atras-en-san-francisco\\\/#breadcrumblist\",\"itemListElement\":[{\"@type\":\"ListItem\",\"@id\":\"https:\\\/\\\/www.eldigitaldeasturias.com\\\/noticias#listItem\",\"position\":1,\"name\":\"Home\",\"item\":\"https:\\\/\\\/www.eldigitaldeasturias.com\\\/noticias\",\"nextItem\":{\"@type\":\"ListItem\",\"@id\":\"https:\\\/\\\/www.eldigitaldeasturias.com\\\/noticias\\\/category\\\/destacadas\\\/#listItem\",\"name\":\"Destacadas\"}},{\"@type\":\"ListItem\",\"@id\":\"https:\\\/\\\/www.eldigitaldeasturias.com\\\/noticias\\\/category\\\/destacadas\\\/#listItem\",\"position\":2,\"name\":\"Destacadas\",\"item\":\"https:\\\/\\\/www.eldigitaldeasturias.com\\\/noticias\\\/category\\\/destacadas\\\/\",\"nextItem\":{\"@type\":\"ListItem\",\"@id\":\"https:\\\/\\\/www.eldigitaldeasturias.com\\\/noticias\\\/uber-da-un-paso-atras-en-san-francisco\\\/#listItem\",\"name\":\"Uber da un paso atr\\u00e1s en San Francisco\"},\"previousItem\":{\"@type\":\"ListItem\",\"@id\":\"https:\\\/\\\/www.eldigitaldeasturias.com\\\/noticias#listItem\",\"name\":\"Home\"}},{\"@type\":\"ListItem\",\"@id\":\"https:\\\/\\\/www.eldigitaldeasturias.com\\\/noticias\\\/uber-da-un-paso-atras-en-san-francisco\\\/#listItem\",\"position\":3,\"name\":\"Uber da un paso atr\\u00e1s en San Francisco\",\"previousItem\":{\"@type\":\"ListItem\",\"@id\":\"https:\\\/\\\/www.eldigitaldeasturias.com\\\/noticias\\\/category\\\/destacadas\\\/#listItem\",\"name\":\"Destacadas\"}}]},{\"@type\":\"Organization\",\"@id\":\"https:\\\/\\\/www.eldigitaldeasturias.com\\\/noticias\\\/#organization\",\"name\":\"El Digital de Asturias\",\"description\":\"Hemeroteca\",\"url\":\"https:\\\/\\\/www.eldigitaldeasturias.com\\\/noticias\\\/\",\"email\":\"info@eldigitaldeasturias.com\",\"telephone\":\"+34652131393\",\"logo\":{\"@type\":\"ImageObject\",\"url\":\"https:\\\/\\\/www.eldigitaldeasturias.com\\\/noticias\\\/wp-content\\\/uploads\\\/2020\\\/12\\\/EDA.jpg\",\"@id\":\"https:\\\/\\\/www.eldigitaldeasturias.com\\\/noticias\\\/uber-da-un-paso-atras-en-san-francisco\\\/#organizationLogo\",\"width\":649,\"height\":297},\"image\":{\"@id\":\"https:\\\/\\\/www.eldigitaldeasturias.com\\\/noticias\\\/uber-da-un-paso-atras-en-san-francisco\\\/#organizationLogo\"},\"sameAs\":[\"https:\\\/\\\/facebook.com\\\/eldigitaldeasturias\",\"https:\\\/\\\/www.youtube.com\\\/channel\\\/UCZP-2wLEB9Rv6erhFmqVnvg\"],\"address\":{\"@id\":\"https:\\\/\\\/www.eldigitaldeasturias.com\\\/noticias\\\/#postaladdress\",\"@type\":\"PostalAddress\",\"streetAddress\":\"san antonio 4,\",\"postalCode\":\"33430\",\"addressLocality\":\"Cand\\u00e1s\",\"addressRegion\":\"Asturias\",\"addressCountry\":\"ES\"}},{\"@type\":\"Person\",\"@id\":\"https:\\\/\\\/www.eldigitaldeasturias.com\\\/noticias\\\/author\\\/admin\\\/#author\",\"url\":\"https:\\\/\\\/www.eldigitaldeasturias.com\\\/noticias\\\/author\\\/admin\\\/\",\"name\":\"El Digital de Asturias\",\"image\":{\"@type\":\"ImageObject\",\"@id\":\"https:\\\/\\\/www.eldigitaldeasturias.com\\\/noticias\\\/uber-da-un-paso-atras-en-san-francisco\\\/#authorImage\",\"url\":\"https:\\\/\\\/www.eldigitaldeasturias.com\\\/noticias\\\/wp-content\\\/litespeed\\\/avatar\\\/18677e78aa0546b92d9dbf31ec7d7668.jpg?ver=1777290358\",\"width\":96,\"height\":96,\"caption\":\"El Digital de Asturias\"}},{\"@type\":\"WebPage\",\"@id\":\"https:\\\/\\\/www.eldigitaldeasturias.com\\\/noticias\\\/uber-da-un-paso-atras-en-san-francisco\\\/#webpage\",\"url\":\"https:\\\/\\\/www.eldigitaldeasturias.com\\\/noticias\\\/uber-da-un-paso-atras-en-san-francisco\\\/\",\"name\":\"Uber da un paso atr\\u00e1s en San Francisco - El Digital de Asturias\",\"description\":\"Empezaron el 14 de diciembre con la puesta en marcha de la primera experiencia real con coches sin conductor. Pittsburgh como proyecto piloto y San Francisco ya en la vida real fueron las elecciones de Uber para dar a conocer la propuesta que quiere posicionar como el futuro de la compa\\u00f1\\u00eda. Pero de momento, el\",\"inLanguage\":\"es-ES\",\"isPartOf\":{\"@id\":\"https:\\\/\\\/www.eldigitaldeasturias.com\\\/noticias\\\/#website\"},\"breadcrumb\":{\"@id\":\"https:\\\/\\\/www.eldigitaldeasturias.com\\\/noticias\\\/uber-da-un-paso-atras-en-san-francisco\\\/#breadcrumblist\"},\"author\":{\"@id\":\"https:\\\/\\\/www.eldigitaldeasturias.com\\\/noticias\\\/author\\\/admin\\\/#author\"},\"creator\":{\"@id\":\"https:\\\/\\\/www.eldigitaldeasturias.com\\\/noticias\\\/author\\\/admin\\\/#author\"},\"image\":{\"@type\":\"ImageObject\",\"url\":\"https:\\\/\\\/www.eldigitaldeasturias.com\\\/noticias\\\/wp-content\\\/uploads\\\/2015\\\/11\\\/UBER.jpg\",\"@id\":\"https:\\\/\\\/www.eldigitaldeasturias.com\\\/noticias\\\/uber-da-un-paso-atras-en-san-francisco\\\/#mainImage\",\"width\":655,\"height\":360},\"primaryImageOfPage\":{\"@id\":\"https:\\\/\\\/www.eldigitaldeasturias.com\\\/noticias\\\/uber-da-un-paso-atras-en-san-francisco\\\/#mainImage\"},\"datePublished\":\"2016-12-24T15:35:36+01:00\",\"dateModified\":\"2016-12-24T15:35:36+01:00\"},{\"@type\":\"WebSite\",\"@id\":\"https:\\\/\\\/www.eldigitaldeasturias.com\\\/noticias\\\/#website\",\"url\":\"https:\\\/\\\/www.eldigitaldeasturias.com\\\/noticias\\\/\",\"name\":\"El Digital de Asturias - Diario de actualidad y noticias\",\"alternateName\":\"El Digital de Asturias - Diario de actualidad y noticias\",\"description\":\"Hemeroteca\",\"inLanguage\":\"es-ES\",\"publisher\":{\"@id\":\"https:\\\/\\\/www.eldigitaldeasturias.com\\\/noticias\\\/#organization\"}}]}\n\t\t<\/script>\n\t\t<!-- All in One SEO Pro -->\r\n\t\t<title>Uber da un paso atr\u00e1s en San Francisco - El Digital de Asturias<\/title>\n\n","aioseo_head_json":{"title":"Uber da un paso atr\u00e1s en San Francisco - El Digital de Asturias","description":"Empezaron el 14 de diciembre con la puesta en marcha de la primera experiencia real con coches sin conductor. Pittsburgh como proyecto piloto y San Francisco ya en la vida real fueron las elecciones de Uber para dar a conocer la propuesta que quiere posicionar como el futuro de la compa\u00f1\u00eda. Pero de momento, el","canonical_url":"https:\/\/www.eldigitaldeasturias.com\/noticias\/uber-da-un-paso-atras-en-san-francisco\/","robots":"max-image-preview:large","keywords":"destacadas","webmasterTools":{"google-site-verification":"UA-38556648-1","msvalidate.01":"7dfe9f3f1b24437ab69f4f2559babe99","miscellaneous":""},"schema":{"@context":"https:\/\/schema.org","@graph":[{"@type":"BlogPosting","@id":"https:\/\/www.eldigitaldeasturias.com\/noticias\/uber-da-un-paso-atras-en-san-francisco\/#blogposting","name":"Uber da un paso atr\u00e1s en San Francisco - El Digital de Asturias","headline":"Uber da un paso atr\u00e1s en San Francisco","author":{"@id":"https:\/\/www.eldigitaldeasturias.com\/noticias\/author\/admin\/#author"},"publisher":{"@id":"https:\/\/www.eldigitaldeasturias.com\/noticias\/#organization"},"image":{"@type":"ImageObject","url":"https:\/\/www.eldigitaldeasturias.com\/noticias\/wp-content\/uploads\/2015\/11\/UBER.jpg","width":655,"height":360},"datePublished":"2016-12-24T15:35:36+01:00","dateModified":"2016-12-24T15:35:36+01:00","inLanguage":"es-ES","mainEntityOfPage":{"@id":"https:\/\/www.eldigitaldeasturias.com\/noticias\/uber-da-un-paso-atras-en-san-francisco\/#webpage"},"isPartOf":{"@id":"https:\/\/www.eldigitaldeasturias.com\/noticias\/uber-da-un-paso-atras-en-san-francisco\/#webpage"},"articleSection":"Destacadas"},{"@type":"BreadcrumbList","@id":"https:\/\/www.eldigitaldeasturias.com\/noticias\/uber-da-un-paso-atras-en-san-francisco\/#breadcrumblist","itemListElement":[{"@type":"ListItem","@id":"https:\/\/www.eldigitaldeasturias.com\/noticias#listItem","position":1,"name":"Home","item":"https:\/\/www.eldigitaldeasturias.com\/noticias","nextItem":{"@type":"ListItem","@id":"https:\/\/www.eldigitaldeasturias.com\/noticias\/category\/destacadas\/#listItem","name":"Destacadas"}},{"@type":"ListItem","@id":"https:\/\/www.eldigitaldeasturias.com\/noticias\/category\/destacadas\/#listItem","position":2,"name":"Destacadas","item":"https:\/\/www.eldigitaldeasturias.com\/noticias\/category\/destacadas\/","nextItem":{"@type":"ListItem","@id":"https:\/\/www.eldigitaldeasturias.com\/noticias\/uber-da-un-paso-atras-en-san-francisco\/#listItem","name":"Uber da un paso atr\u00e1s en San Francisco"},"previousItem":{"@type":"ListItem","@id":"https:\/\/www.eldigitaldeasturias.com\/noticias#listItem","name":"Home"}},{"@type":"ListItem","@id":"https:\/\/www.eldigitaldeasturias.com\/noticias\/uber-da-un-paso-atras-en-san-francisco\/#listItem","position":3,"name":"Uber da un paso atr\u00e1s en San Francisco","previousItem":{"@type":"ListItem","@id":"https:\/\/www.eldigitaldeasturias.com\/noticias\/category\/destacadas\/#listItem","name":"Destacadas"}}]},{"@type":"Organization","@id":"https:\/\/www.eldigitaldeasturias.com\/noticias\/#organization","name":"El Digital de Asturias","description":"Hemeroteca","url":"https:\/\/www.eldigitaldeasturias.com\/noticias\/","email":"info@eldigitaldeasturias.com","telephone":"+34652131393","logo":{"@type":"ImageObject","url":"https:\/\/www.eldigitaldeasturias.com\/noticias\/wp-content\/uploads\/2020\/12\/EDA.jpg","@id":"https:\/\/www.eldigitaldeasturias.com\/noticias\/uber-da-un-paso-atras-en-san-francisco\/#organizationLogo","width":649,"height":297},"image":{"@id":"https:\/\/www.eldigitaldeasturias.com\/noticias\/uber-da-un-paso-atras-en-san-francisco\/#organizationLogo"},"sameAs":["https:\/\/facebook.com\/eldigitaldeasturias","https:\/\/www.youtube.com\/channel\/UCZP-2wLEB9Rv6erhFmqVnvg"],"address":{"@id":"https:\/\/www.eldigitaldeasturias.com\/noticias\/#postaladdress","@type":"PostalAddress","streetAddress":"san antonio 4,","postalCode":"33430","addressLocality":"Cand\u00e1s","addressRegion":"Asturias","addressCountry":"ES"}},{"@type":"Person","@id":"https:\/\/www.eldigitaldeasturias.com\/noticias\/author\/admin\/#author","url":"https:\/\/www.eldigitaldeasturias.com\/noticias\/author\/admin\/","name":"El Digital de Asturias","image":{"@type":"ImageObject","@id":"https:\/\/www.eldigitaldeasturias.com\/noticias\/uber-da-un-paso-atras-en-san-francisco\/#authorImage","url":"https:\/\/www.eldigitaldeasturias.com\/noticias\/wp-content\/litespeed\/avatar\/18677e78aa0546b92d9dbf31ec7d7668.jpg?ver=1777290358","width":96,"height":96,"caption":"El Digital de Asturias"}},{"@type":"WebPage","@id":"https:\/\/www.eldigitaldeasturias.com\/noticias\/uber-da-un-paso-atras-en-san-francisco\/#webpage","url":"https:\/\/www.eldigitaldeasturias.com\/noticias\/uber-da-un-paso-atras-en-san-francisco\/","name":"Uber da un paso atr\u00e1s en San Francisco - El Digital de Asturias","description":"Empezaron el 14 de diciembre con la puesta en marcha de la primera experiencia real con coches sin conductor. Pittsburgh como proyecto piloto y San Francisco ya en la vida real fueron las elecciones de Uber para dar a conocer la propuesta que quiere posicionar como el futuro de la compa\u00f1\u00eda. Pero de momento, el","inLanguage":"es-ES","isPartOf":{"@id":"https:\/\/www.eldigitaldeasturias.com\/noticias\/#website"},"breadcrumb":{"@id":"https:\/\/www.eldigitaldeasturias.com\/noticias\/uber-da-un-paso-atras-en-san-francisco\/#breadcrumblist"},"author":{"@id":"https:\/\/www.eldigitaldeasturias.com\/noticias\/author\/admin\/#author"},"creator":{"@id":"https:\/\/www.eldigitaldeasturias.com\/noticias\/author\/admin\/#author"},"image":{"@type":"ImageObject","url":"https:\/\/www.eldigitaldeasturias.com\/noticias\/wp-content\/uploads\/2015\/11\/UBER.jpg","@id":"https:\/\/www.eldigitaldeasturias.com\/noticias\/uber-da-un-paso-atras-en-san-francisco\/#mainImage","width":655,"height":360},"primaryImageOfPage":{"@id":"https:\/\/www.eldigitaldeasturias.com\/noticias\/uber-da-un-paso-atras-en-san-francisco\/#mainImage"},"datePublished":"2016-12-24T15:35:36+01:00","dateModified":"2016-12-24T15:35:36+01:00"},{"@type":"WebSite","@id":"https:\/\/www.eldigitaldeasturias.com\/noticias\/#website","url":"https:\/\/www.eldigitaldeasturias.com\/noticias\/","name":"El Digital de Asturias - Diario de actualidad y noticias","alternateName":"El Digital de Asturias - Diario de actualidad y noticias","description":"Hemeroteca","inLanguage":"es-ES","publisher":{"@id":"https:\/\/www.eldigitaldeasturias.com\/noticias\/#organization"}}]},"og:locale":"es_ES","og:site_name":"El Digital de Asturias","og:type":"article","og:title":"Uber da un paso atr\u00e1s en San Francisco - El Digital de Asturias","og:description":"Empezaron el 14 de diciembre con la puesta en marcha de la primera experiencia real con coches sin conductor. Pittsburgh como proyecto piloto y San Francisco ya en la vida real fueron las elecciones de Uber para dar a conocer la propuesta que quiere posicionar como el futuro de la compa\u00f1\u00eda. Pero de momento, el","og:url":"https:\/\/www.eldigitaldeasturias.com\/noticias\/uber-da-un-paso-atras-en-san-francisco\/","og:image":"https:\/\/www.eldigitaldeasturias.com\/noticias\/wp-content\/uploads\/2015\/11\/UBER.jpg","og:image:secure_url":"https:\/\/www.eldigitaldeasturias.com\/noticias\/wp-content\/uploads\/2015\/11\/UBER.jpg","og:image:width":655,"og:image:height":360,"article:tag":["destacadas"],"article:published_time":"2016-12-24T15:35:36+00:00","article:modified_time":"2016-12-24T15:35:36+00:00","article:publisher":"https:\/\/facebook.com\/eldigitaldeasturias","twitter:card":"summary_large_image","twitter:title":"Uber da un paso atr\u00e1s en San Francisco - El Digital de Asturias","twitter:description":"Empezaron el 14 de diciembre con la puesta en marcha de la primera experiencia real con coches sin conductor. Pittsburgh como proyecto piloto y San Francisco ya en la vida real fueron las elecciones de Uber para dar a conocer la propuesta que quiere posicionar como el futuro de la compa\u00f1\u00eda. Pero de momento, el","twitter:image":"https:\/\/www.eldigitaldeasturias.com\/noticias\/wp-content\/uploads\/2015\/11\/UBER.jpg","twitter:label1":"Escrito por","twitter:data1":"El Digital de Asturias","twitter:label2":"Tiempo de lectura estimado","twitter:data2":"2 minutos"},"aioseo_meta_data":{"post_id":"920321","title":null,"description":null,"keywords":null,"keyphrases":null,"primary_term":null,"canonical_url":null,"og_title":null,"og_description":null,"og_object_type":"default","og_image_type":"default","og_image_url":null,"og_image_width":null,"og_image_height":null,"og_image_custom_url":null,"og_image_custom_fields":null,"og_video":null,"og_custom_url":null,"og_article_section":null,"og_article_tags":null,"twitter_use_og":false,"twitter_card":"default","twitter_image_type":"default","twitter_image_url":null,"twitter_image_custom_url":null,"twitter_image_custom_fields":null,"twitter_title":null,"twitter_description":null,"schema":{"blockGraphs":[],"customGraphs":[],"default":{"data":{"Article":[],"Course":[],"Dataset":[],"FAQPage":[],"Movie":[],"Person":[],"Product":[],"ProductReview":[],"Car":[],"Recipe":[],"Service":[],"SoftwareApplication":[],"WebPage":[]},"graphName":"","isEnabled":true},"graphs":[]},"schema_type":null,"schema_type_options":null,"pillar_content":false,"robots_default":true,"robots_noindex":false,"robots_noarchive":false,"robots_nosnippet":false,"robots_nofollow":false,"robots_noimageindex":false,"robots_noodp":false,"robots_notranslate":false,"robots_max_snippet":null,"robots_max_videopreview":null,"robots_max_imagepreview":"large","priority":null,"frequency":null,"local_seo":null,"seo_analyzer_scan_date":"2025-12-02 09:49:37","breadcrumb_settings":null,"limit_modified_date":false,"open_ai":null,"ai":null,"created":"2020-12-21 13:47:46","updated":"2025-12-02 09:49:37"},"aioseo_breadcrumb":"<div class=\"aioseo-breadcrumbs\"><span class=\"aioseo-breadcrumb\">\n\t<a href=\"https:\/\/www.eldigitaldeasturias.com\/noticias\" title=\"Home\">Home<\/a>\n<\/span><span class=\"aioseo-breadcrumb-separator\">\u2013<\/span><span class=\"aioseo-breadcrumb\">\n\t<a href=\"https:\/\/www.eldigitaldeasturias.com\/noticias\/category\/destacadas\/\" title=\"Destacadas\">Destacadas<\/a>\n<\/span><span class=\"aioseo-breadcrumb-separator\">\u2013<\/span><span class=\"aioseo-breadcrumb\">\n\t<a href=\"https:\/\/www.eldigitaldeasturias.com\/noticias\/uber-da-un-paso-atras-en-san-francisco\/\" title=\"Uber da un paso atr\u00e1s en San Francisco\">Uber da un paso atr\u00e1s en San Francisco<\/a>\n<\/span><\/div>","aioseo_breadcrumb_json":[{"label":"Home","link":"https:\/\/www.eldigitaldeasturias.com\/noticias"},{"label":"Destacadas","link":"https:\/\/www.eldigitaldeasturias.com\/noticias\/category\/destacadas\/"},{"label":"Uber da un paso atr\u00e1s en San Francisco","link":"https:\/\/www.eldigitaldeasturias.com\/noticias\/uber-da-un-paso-atras-en-san-francisco\/"}],"_links":{"self":[{"href":"https:\/\/www.eldigitaldeasturias.com\/noticias\/wp-json\/wp\/v2\/posts\/920321","targetHints":{"allow":["GET"]}}],"collection":[{"href":"https:\/\/www.eldigitaldeasturias.com\/noticias\/wp-json\/wp\/v2\/posts"}],"about":[{"href":"https:\/\/www.eldigitaldeasturias.com\/noticias\/wp-json\/wp\/v2\/types\/post"}],"author":[{"embeddable":true,"href":"https:\/\/www.eldigitaldeasturias.com\/noticias\/wp-json\/wp\/v2\/users\/1"}],"replies":[{"embeddable":true,"href":"https:\/\/www.eldigitaldeasturias.com\/noticias\/wp-json\/wp\/v2\/comments?post=920321"}],"version-history":[{"count":0,"href":"https:\/\/www.eldigitaldeasturias.com\/noticias\/wp-json\/wp\/v2\/posts\/920321\/revisions"}],"wp:featuredmedia":[{"embeddable":true,"href":"https:\/\/www.eldigitaldeasturias.com\/noticias\/wp-json\/wp\/v2\/media\/820749"}],"wp:attachment":[{"href":"https:\/\/www.eldigitaldeasturias.com\/noticias\/wp-json\/wp\/v2\/media?parent=920321"}],"wp:term":[{"taxonomy":"category","embeddable":true,"href":"https:\/\/www.eldigitaldeasturias.com\/noticias\/wp-json\/wp\/v2\/categories?post=920321"},{"taxonomy":"post_tag","embeddable":true,"href":"https:\/\/www.eldigitaldeasturias.com\/noticias\/wp-json\/wp\/v2\/tags?post=920321"}],"curies":[{"name":"wp","href":"https:\/\/api.w.org\/{rel}","templated":true}]}}