{"id":920313,"date":"2016-12-24T15:27:29","date_gmt":"2016-12-24T15:27:29","guid":{"rendered":"http:\/\/www.eldigitaldeasturias.com\/noticias\/?p=920313"},"modified":"2016-12-24T15:27:29","modified_gmt":"2016-12-24T15:27:29","slug":"los-familiares-de-las-victimas-de-orlando-demandan-a-facebook-google-y-twitter","status":"publish","type":"post","link":"https:\/\/www.eldigitaldeasturias.com\/noticias\/los-familiares-de-las-victimas-de-orlando-demandan-a-facebook-google-y-twitter\/","title":{"rendered":"Los familiares de las v\u00edctimas de Orlando demandan a Facebook, Google y Twitter"},"content":{"rendered":"<p><img loading=\"lazy\" decoding=\"async\" class=\"alignleft size-medium wp-image-799750\" src=\"https:\/\/www.eldigitaldeasturias.com\/noticias\/wp-content\/uploads\/2015\/08\/La-mitad-de-las-noticias-con-exito-en-Twitter-no-salen-en-los-medios-tradicionales_image800_-360x221.jpg\" alt=\"\" width=\"360\" height=\"221\" srcset=\"https:\/\/www.eldigitaldeasturias.com\/noticias\/wp-content\/uploads\/2015\/08\/La-mitad-de-las-noticias-con-exito-en-Twitter-no-salen-en-los-medios-tradicionales_image800_-360x221.jpg 360w, https:\/\/www.eldigitaldeasturias.com\/noticias\/wp-content\/uploads\/2015\/08\/La-mitad-de-las-noticias-con-exito-en-Twitter-no-salen-en-los-medios-tradicionales_image800_-650x398.jpg 650w, https:\/\/www.eldigitaldeasturias.com\/noticias\/wp-content\/uploads\/2015\/08\/La-mitad-de-las-noticias-con-exito-en-Twitter-no-salen-en-los-medios-tradicionales_image800_.jpg 800w\" sizes=\"auto, (max-width: 360px) 100vw, 360px\" \/>Aunque el agresor muri\u00f3 en el ataque, los familiares entiendes que el magnate de las b\u00fasquedas en internet y las redes sociales proporcionaron apoyo material a Omar Siddeque<\/p>\n<p>\u00bfDeben las compa\u00f1\u00edas responsabilizarse de los contenidos que permiten subir a sus usuarios?<\/p>\n<p>La madrugada del domingo 13 de junio la discoteca gay Pulse se convirti\u00f3 en un infierno. Omar Siddeque Marteen, de 29 a\u00f1os, abri\u00f3 fuego contra las personas ah\u00ed presentes, dejando un saldo de 50 muertos y una herida en el coraz\u00f3n de Florida.<\/p>\n<p>Acusan de proporcionar \u00abapoyo material\u00bb al atacante<\/p>\n<p>El agresor muri\u00f3 en el ataque, sin embargo, medios estadounidenses informaron que minutos antes del ataque Marteen llam\u00f3 al 911 para informar que har\u00eda un ataque en nombre del Estado Isl\u00e1mico. Horas despu\u00e9s, DAESH se atribuy\u00f3 el ataque por medio de su agencia informativa Al Amaq.<\/p>\n<p>Ahora, tres familias de las v\u00edctimas han demandado a Facebook, Google y Twitter bajo el argumento de que las plataformas proporcionaron \u00abapoyo material\u00bb a Omar Marteen, al transmitir propaganda de DAESH que, de acuerdo a los demandantes, radicaliz\u00f3 al atacante. El argumento fue explicado por el abogado acusador para Fox News:<\/p>\n<blockquote><p><em>Porque la actividad sospechosa de ISIS y otros grupos relacionado a actividades ilegales es f\u00e1cilmente detectable y previsible. Los acusados est\u00e1n conscientes que estas organizaciones est\u00e1n usando sus redes para facilitar actividades ilegales, lo que demuestra que se hace con conocimiento y que permiten estas actividades ilegales.\u00bb<\/em><\/p><\/blockquote>\n<p>En agosto, Twitter enfrent\u00f3 un caso similar en el que la familia de un hombre fallecido en un ataque de DAESH en Jordania acus\u00f3 a la plataforma de permitir los contenidos radicales. La corte determin\u00f3 que Twitter no era responsable de lo que sub\u00edan los usuarios.<\/p>\n<p><em>El contenido de este comunicado fue publicado primero en la p\u00e1gina web de hipertextual.com<\/em><\/p>\n","protected":false},"excerpt":{"rendered":"<p>Aunque el agresor muri\u00f3 en el ataque, los familiares entiendes que el magnate de las b\u00fasquedas en internet y las redes sociales proporcionaron apoyo material a Omar Siddeque \u00bfDeben las compa\u00f1\u00edas responsabilizarse de los contenidos que permiten subir a sus usuarios? La madrugada del domingo 13 de junio la discoteca gay Pulse se convirti\u00f3 en [&hellip;]<\/p>\n","protected":false},"author":1,"featured_media":799750,"comment_status":"closed","ping_status":"closed","sticky":false,"template":"","format":"standard","meta":{"footnotes":""},"categories":[141],"tags":[],"class_list":["post-920313","post","type-post","status-publish","format-standard","has-post-thumbnail","hentry","category-destacadas"],"aioseo_notices":[],"aioseo_head":"\n\t\t<!-- All in One SEO Pro 4.9.6.2 - aioseo.com -->\n\t<meta name=\"description\" content=\"Aunque el agresor muri\u00f3 en el ataque, los familiares entiendes que el magnate de las b\u00fasquedas en internet y las redes sociales proporcionaron apoyo material a Omar Siddeque \u00bfDeben las compa\u00f1\u00edas responsabilizarse de los contenidos que permiten subir a sus usuarios? La madrugada del domingo 13 de junio la discoteca gay Pulse se convirti\u00f3 en\" \/>\n\t<meta name=\"robots\" content=\"max-image-preview:large\" \/>\n\t<meta name=\"author\" content=\"El Digital de Asturias\"\/>\n\t<meta name=\"google-site-verification\" content=\"UA-38556648-1\" \/>\n\t<meta name=\"msvalidate.01\" content=\"7dfe9f3f1b24437ab69f4f2559babe99\" \/>\n\t<meta name=\"keywords\" content=\"destacadas\" \/>\n\t<link rel=\"canonical\" href=\"https:\/\/www.eldigitaldeasturias.com\/noticias\/los-familiares-de-las-victimas-de-orlando-demandan-a-facebook-google-y-twitter\/\" \/>\n\t<meta name=\"generator\" content=\"All in One SEO Pro (AIOSEO) 4.9.6.2\" \/>\n\t\t<meta property=\"og:locale\" content=\"es_ES\" \/>\n\t\t<meta property=\"og:site_name\" content=\"El Digital de Asturias\" \/>\n\t\t<meta property=\"og:type\" content=\"article\" \/>\n\t\t<meta property=\"og:title\" content=\"Los familiares de las v\u00edctimas de Orlando demandan a Facebook, Google y Twitter - El Digital de Asturias\" \/>\n\t\t<meta property=\"og:description\" content=\"Aunque el agresor muri\u00f3 en el ataque, los familiares entiendes que el magnate de las b\u00fasquedas en internet y las redes sociales proporcionaron apoyo material a Omar Siddeque \u00bfDeben las compa\u00f1\u00edas responsabilizarse de los contenidos que permiten subir a sus usuarios? La madrugada del domingo 13 de junio la discoteca gay Pulse se convirti\u00f3 en\" \/>\n\t\t<meta property=\"og:url\" content=\"https:\/\/www.eldigitaldeasturias.com\/noticias\/los-familiares-de-las-victimas-de-orlando-demandan-a-facebook-google-y-twitter\/\" \/>\n\t\t<meta property=\"og:image\" content=\"https:\/\/www.eldigitaldeasturias.com\/noticias\/wp-content\/uploads\/2015\/08\/La-mitad-de-las-noticias-con-exito-en-Twitter-no-salen-en-los-medios-tradicionales_image800_.jpg\" \/>\n\t\t<meta property=\"og:image:secure_url\" content=\"https:\/\/www.eldigitaldeasturias.com\/noticias\/wp-content\/uploads\/2015\/08\/La-mitad-de-las-noticias-con-exito-en-Twitter-no-salen-en-los-medios-tradicionales_image800_.jpg\" \/>\n\t\t<meta property=\"og:image:width\" content=\"800\" \/>\n\t\t<meta property=\"og:image:height\" content=\"490\" \/>\n\t\t<meta property=\"article:tag\" content=\"destacadas\" \/>\n\t\t<meta property=\"article:published_time\" content=\"2016-12-24T15:27:29+00:00\" \/>\n\t\t<meta property=\"article:modified_time\" content=\"2016-12-24T15:27:29+00:00\" \/>\n\t\t<meta property=\"article:publisher\" content=\"https:\/\/facebook.com\/eldigitaldeasturias\" \/>\n\t\t<meta name=\"twitter:card\" content=\"summary_large_image\" \/>\n\t\t<meta name=\"twitter:title\" content=\"Los familiares de las v\u00edctimas de Orlando demandan a Facebook, Google y Twitter - El Digital de Asturias\" \/>\n\t\t<meta name=\"twitter:description\" content=\"Aunque el agresor muri\u00f3 en el ataque, los familiares entiendes que el magnate de las b\u00fasquedas en internet y las redes sociales proporcionaron apoyo material a Omar Siddeque \u00bfDeben las compa\u00f1\u00edas responsabilizarse de los contenidos que permiten subir a sus usuarios? La madrugada del domingo 13 de junio la discoteca gay Pulse se convirti\u00f3 en\" \/>\n\t\t<meta name=\"twitter:image\" content=\"https:\/\/www.eldigitaldeasturias.com\/noticias\/wp-content\/uploads\/2015\/08\/La-mitad-de-las-noticias-con-exito-en-Twitter-no-salen-en-los-medios-tradicionales_image800_.jpg\" \/>\n\t\t<meta name=\"twitter:label1\" content=\"Escrito por\" \/>\n\t\t<meta name=\"twitter:data1\" content=\"El Digital de Asturias\" \/>\n\t\t<meta name=\"twitter:label2\" content=\"Tiempo de lectura estimado\" \/>\n\t\t<meta name=\"twitter:data2\" content=\"2 minutos\" \/>\n\t\t<script type=\"application\/ld+json\" class=\"aioseo-schema\">\n\t\t\t{\"@context\":\"https:\\\/\\\/schema.org\",\"@graph\":[{\"@type\":\"BlogPosting\",\"@id\":\"https:\\\/\\\/www.eldigitaldeasturias.com\\\/noticias\\\/los-familiares-de-las-victimas-de-orlando-demandan-a-facebook-google-y-twitter\\\/#blogposting\",\"name\":\"Los familiares de las v\\u00edctimas de Orlando demandan a Facebook, Google y Twitter - El Digital de Asturias\",\"headline\":\"Los familiares de las v\\u00edctimas de Orlando demandan a Facebook, Google y Twitter\",\"author\":{\"@id\":\"https:\\\/\\\/www.eldigitaldeasturias.com\\\/noticias\\\/author\\\/admin\\\/#author\"},\"publisher\":{\"@id\":\"https:\\\/\\\/www.eldigitaldeasturias.com\\\/noticias\\\/#organization\"},\"image\":{\"@type\":\"ImageObject\",\"url\":\"https:\\\/\\\/www.eldigitaldeasturias.com\\\/noticias\\\/wp-content\\\/uploads\\\/2015\\\/08\\\/La-mitad-de-las-noticias-con-exito-en-Twitter-no-salen-en-los-medios-tradicionales_image800_.jpg\",\"width\":800,\"height\":490},\"datePublished\":\"2016-12-24T15:27:29+01:00\",\"dateModified\":\"2016-12-24T15:27:29+01:00\",\"inLanguage\":\"es-ES\",\"mainEntityOfPage\":{\"@id\":\"https:\\\/\\\/www.eldigitaldeasturias.com\\\/noticias\\\/los-familiares-de-las-victimas-de-orlando-demandan-a-facebook-google-y-twitter\\\/#webpage\"},\"isPartOf\":{\"@id\":\"https:\\\/\\\/www.eldigitaldeasturias.com\\\/noticias\\\/los-familiares-de-las-victimas-de-orlando-demandan-a-facebook-google-y-twitter\\\/#webpage\"},\"articleSection\":\"Destacadas\"},{\"@type\":\"BreadcrumbList\",\"@id\":\"https:\\\/\\\/www.eldigitaldeasturias.com\\\/noticias\\\/los-familiares-de-las-victimas-de-orlando-demandan-a-facebook-google-y-twitter\\\/#breadcrumblist\",\"itemListElement\":[{\"@type\":\"ListItem\",\"@id\":\"https:\\\/\\\/www.eldigitaldeasturias.com\\\/noticias#listItem\",\"position\":1,\"name\":\"Home\",\"item\":\"https:\\\/\\\/www.eldigitaldeasturias.com\\\/noticias\",\"nextItem\":{\"@type\":\"ListItem\",\"@id\":\"https:\\\/\\\/www.eldigitaldeasturias.com\\\/noticias\\\/category\\\/destacadas\\\/#listItem\",\"name\":\"Destacadas\"}},{\"@type\":\"ListItem\",\"@id\":\"https:\\\/\\\/www.eldigitaldeasturias.com\\\/noticias\\\/category\\\/destacadas\\\/#listItem\",\"position\":2,\"name\":\"Destacadas\",\"item\":\"https:\\\/\\\/www.eldigitaldeasturias.com\\\/noticias\\\/category\\\/destacadas\\\/\",\"nextItem\":{\"@type\":\"ListItem\",\"@id\":\"https:\\\/\\\/www.eldigitaldeasturias.com\\\/noticias\\\/los-familiares-de-las-victimas-de-orlando-demandan-a-facebook-google-y-twitter\\\/#listItem\",\"name\":\"Los familiares de las v\\u00edctimas de Orlando demandan a Facebook, Google y Twitter\"},\"previousItem\":{\"@type\":\"ListItem\",\"@id\":\"https:\\\/\\\/www.eldigitaldeasturias.com\\\/noticias#listItem\",\"name\":\"Home\"}},{\"@type\":\"ListItem\",\"@id\":\"https:\\\/\\\/www.eldigitaldeasturias.com\\\/noticias\\\/los-familiares-de-las-victimas-de-orlando-demandan-a-facebook-google-y-twitter\\\/#listItem\",\"position\":3,\"name\":\"Los familiares de las v\\u00edctimas de Orlando demandan a Facebook, Google y Twitter\",\"previousItem\":{\"@type\":\"ListItem\",\"@id\":\"https:\\\/\\\/www.eldigitaldeasturias.com\\\/noticias\\\/category\\\/destacadas\\\/#listItem\",\"name\":\"Destacadas\"}}]},{\"@type\":\"Organization\",\"@id\":\"https:\\\/\\\/www.eldigitaldeasturias.com\\\/noticias\\\/#organization\",\"name\":\"El Digital de Asturias\",\"description\":\"Hemeroteca\",\"url\":\"https:\\\/\\\/www.eldigitaldeasturias.com\\\/noticias\\\/\",\"email\":\"info@eldigitaldeasturias.com\",\"telephone\":\"+34652131393\",\"logo\":{\"@type\":\"ImageObject\",\"url\":\"https:\\\/\\\/www.eldigitaldeasturias.com\\\/noticias\\\/wp-content\\\/uploads\\\/2020\\\/12\\\/EDA.jpg\",\"@id\":\"https:\\\/\\\/www.eldigitaldeasturias.com\\\/noticias\\\/los-familiares-de-las-victimas-de-orlando-demandan-a-facebook-google-y-twitter\\\/#organizationLogo\",\"width\":649,\"height\":297},\"image\":{\"@id\":\"https:\\\/\\\/www.eldigitaldeasturias.com\\\/noticias\\\/los-familiares-de-las-victimas-de-orlando-demandan-a-facebook-google-y-twitter\\\/#organizationLogo\"},\"sameAs\":[\"https:\\\/\\\/facebook.com\\\/eldigitaldeasturias\",\"https:\\\/\\\/www.youtube.com\\\/channel\\\/UCZP-2wLEB9Rv6erhFmqVnvg\"],\"address\":{\"@id\":\"https:\\\/\\\/www.eldigitaldeasturias.com\\\/noticias\\\/#postaladdress\",\"@type\":\"PostalAddress\",\"streetAddress\":\"san antonio 4,\",\"postalCode\":\"33430\",\"addressLocality\":\"Cand\\u00e1s\",\"addressRegion\":\"Asturias\",\"addressCountry\":\"ES\"}},{\"@type\":\"Person\",\"@id\":\"https:\\\/\\\/www.eldigitaldeasturias.com\\\/noticias\\\/author\\\/admin\\\/#author\",\"url\":\"https:\\\/\\\/www.eldigitaldeasturias.com\\\/noticias\\\/author\\\/admin\\\/\",\"name\":\"El Digital de Asturias\",\"image\":{\"@type\":\"ImageObject\",\"@id\":\"https:\\\/\\\/www.eldigitaldeasturias.com\\\/noticias\\\/los-familiares-de-las-victimas-de-orlando-demandan-a-facebook-google-y-twitter\\\/#authorImage\",\"url\":\"https:\\\/\\\/www.eldigitaldeasturias.com\\\/noticias\\\/wp-content\\\/litespeed\\\/avatar\\\/18677e78aa0546b92d9dbf31ec7d7668.jpg?ver=1777290358\",\"width\":96,\"height\":96,\"caption\":\"El Digital de Asturias\"}},{\"@type\":\"WebPage\",\"@id\":\"https:\\\/\\\/www.eldigitaldeasturias.com\\\/noticias\\\/los-familiares-de-las-victimas-de-orlando-demandan-a-facebook-google-y-twitter\\\/#webpage\",\"url\":\"https:\\\/\\\/www.eldigitaldeasturias.com\\\/noticias\\\/los-familiares-de-las-victimas-de-orlando-demandan-a-facebook-google-y-twitter\\\/\",\"name\":\"Los familiares de las v\\u00edctimas de Orlando demandan a Facebook, Google y Twitter - El Digital de Asturias\",\"description\":\"Aunque el agresor muri\\u00f3 en el ataque, los familiares entiendes que el magnate de las b\\u00fasquedas en internet y las redes sociales proporcionaron apoyo material a Omar Siddeque \\u00bfDeben las compa\\u00f1\\u00edas responsabilizarse de los contenidos que permiten subir a sus usuarios? La madrugada del domingo 13 de junio la discoteca gay Pulse se convirti\\u00f3 en\",\"inLanguage\":\"es-ES\",\"isPartOf\":{\"@id\":\"https:\\\/\\\/www.eldigitaldeasturias.com\\\/noticias\\\/#website\"},\"breadcrumb\":{\"@id\":\"https:\\\/\\\/www.eldigitaldeasturias.com\\\/noticias\\\/los-familiares-de-las-victimas-de-orlando-demandan-a-facebook-google-y-twitter\\\/#breadcrumblist\"},\"author\":{\"@id\":\"https:\\\/\\\/www.eldigitaldeasturias.com\\\/noticias\\\/author\\\/admin\\\/#author\"},\"creator\":{\"@id\":\"https:\\\/\\\/www.eldigitaldeasturias.com\\\/noticias\\\/author\\\/admin\\\/#author\"},\"image\":{\"@type\":\"ImageObject\",\"url\":\"https:\\\/\\\/www.eldigitaldeasturias.com\\\/noticias\\\/wp-content\\\/uploads\\\/2015\\\/08\\\/La-mitad-de-las-noticias-con-exito-en-Twitter-no-salen-en-los-medios-tradicionales_image800_.jpg\",\"@id\":\"https:\\\/\\\/www.eldigitaldeasturias.com\\\/noticias\\\/los-familiares-de-las-victimas-de-orlando-demandan-a-facebook-google-y-twitter\\\/#mainImage\",\"width\":800,\"height\":490},\"primaryImageOfPage\":{\"@id\":\"https:\\\/\\\/www.eldigitaldeasturias.com\\\/noticias\\\/los-familiares-de-las-victimas-de-orlando-demandan-a-facebook-google-y-twitter\\\/#mainImage\"},\"datePublished\":\"2016-12-24T15:27:29+01:00\",\"dateModified\":\"2016-12-24T15:27:29+01:00\"},{\"@type\":\"WebSite\",\"@id\":\"https:\\\/\\\/www.eldigitaldeasturias.com\\\/noticias\\\/#website\",\"url\":\"https:\\\/\\\/www.eldigitaldeasturias.com\\\/noticias\\\/\",\"name\":\"El Digital de Asturias - Diario de actualidad y noticias\",\"alternateName\":\"El Digital de Asturias - Diario de actualidad y noticias\",\"description\":\"Hemeroteca\",\"inLanguage\":\"es-ES\",\"publisher\":{\"@id\":\"https:\\\/\\\/www.eldigitaldeasturias.com\\\/noticias\\\/#organization\"}}]}\n\t\t<\/script>\n\t\t<!-- All in One SEO Pro -->\r\n\t\t<title>Los familiares de las v\u00edctimas de Orlando demandan a Facebook, Google y Twitter - El Digital de Asturias<\/title>\n\n","aioseo_head_json":{"title":"Los familiares de las v\u00edctimas de Orlando demandan a Facebook, Google y Twitter - El Digital de Asturias","description":"Aunque el agresor muri\u00f3 en el ataque, los familiares entiendes que el magnate de las b\u00fasquedas en internet y las redes sociales proporcionaron apoyo material a Omar Siddeque \u00bfDeben las compa\u00f1\u00edas responsabilizarse de los contenidos que permiten subir a sus usuarios? La madrugada del domingo 13 de junio la discoteca gay Pulse se convirti\u00f3 en","canonical_url":"https:\/\/www.eldigitaldeasturias.com\/noticias\/los-familiares-de-las-victimas-de-orlando-demandan-a-facebook-google-y-twitter\/","robots":"max-image-preview:large","keywords":"destacadas","webmasterTools":{"google-site-verification":"UA-38556648-1","msvalidate.01":"7dfe9f3f1b24437ab69f4f2559babe99","miscellaneous":""},"schema":{"@context":"https:\/\/schema.org","@graph":[{"@type":"BlogPosting","@id":"https:\/\/www.eldigitaldeasturias.com\/noticias\/los-familiares-de-las-victimas-de-orlando-demandan-a-facebook-google-y-twitter\/#blogposting","name":"Los familiares de las v\u00edctimas de Orlando demandan a Facebook, Google y Twitter - El Digital de Asturias","headline":"Los familiares de las v\u00edctimas de Orlando demandan a Facebook, Google y Twitter","author":{"@id":"https:\/\/www.eldigitaldeasturias.com\/noticias\/author\/admin\/#author"},"publisher":{"@id":"https:\/\/www.eldigitaldeasturias.com\/noticias\/#organization"},"image":{"@type":"ImageObject","url":"https:\/\/www.eldigitaldeasturias.com\/noticias\/wp-content\/uploads\/2015\/08\/La-mitad-de-las-noticias-con-exito-en-Twitter-no-salen-en-los-medios-tradicionales_image800_.jpg","width":800,"height":490},"datePublished":"2016-12-24T15:27:29+01:00","dateModified":"2016-12-24T15:27:29+01:00","inLanguage":"es-ES","mainEntityOfPage":{"@id":"https:\/\/www.eldigitaldeasturias.com\/noticias\/los-familiares-de-las-victimas-de-orlando-demandan-a-facebook-google-y-twitter\/#webpage"},"isPartOf":{"@id":"https:\/\/www.eldigitaldeasturias.com\/noticias\/los-familiares-de-las-victimas-de-orlando-demandan-a-facebook-google-y-twitter\/#webpage"},"articleSection":"Destacadas"},{"@type":"BreadcrumbList","@id":"https:\/\/www.eldigitaldeasturias.com\/noticias\/los-familiares-de-las-victimas-de-orlando-demandan-a-facebook-google-y-twitter\/#breadcrumblist","itemListElement":[{"@type":"ListItem","@id":"https:\/\/www.eldigitaldeasturias.com\/noticias#listItem","position":1,"name":"Home","item":"https:\/\/www.eldigitaldeasturias.com\/noticias","nextItem":{"@type":"ListItem","@id":"https:\/\/www.eldigitaldeasturias.com\/noticias\/category\/destacadas\/#listItem","name":"Destacadas"}},{"@type":"ListItem","@id":"https:\/\/www.eldigitaldeasturias.com\/noticias\/category\/destacadas\/#listItem","position":2,"name":"Destacadas","item":"https:\/\/www.eldigitaldeasturias.com\/noticias\/category\/destacadas\/","nextItem":{"@type":"ListItem","@id":"https:\/\/www.eldigitaldeasturias.com\/noticias\/los-familiares-de-las-victimas-de-orlando-demandan-a-facebook-google-y-twitter\/#listItem","name":"Los familiares de las v\u00edctimas de Orlando demandan a Facebook, Google y Twitter"},"previousItem":{"@type":"ListItem","@id":"https:\/\/www.eldigitaldeasturias.com\/noticias#listItem","name":"Home"}},{"@type":"ListItem","@id":"https:\/\/www.eldigitaldeasturias.com\/noticias\/los-familiares-de-las-victimas-de-orlando-demandan-a-facebook-google-y-twitter\/#listItem","position":3,"name":"Los familiares de las v\u00edctimas de Orlando demandan a Facebook, Google y Twitter","previousItem":{"@type":"ListItem","@id":"https:\/\/www.eldigitaldeasturias.com\/noticias\/category\/destacadas\/#listItem","name":"Destacadas"}}]},{"@type":"Organization","@id":"https:\/\/www.eldigitaldeasturias.com\/noticias\/#organization","name":"El Digital de Asturias","description":"Hemeroteca","url":"https:\/\/www.eldigitaldeasturias.com\/noticias\/","email":"info@eldigitaldeasturias.com","telephone":"+34652131393","logo":{"@type":"ImageObject","url":"https:\/\/www.eldigitaldeasturias.com\/noticias\/wp-content\/uploads\/2020\/12\/EDA.jpg","@id":"https:\/\/www.eldigitaldeasturias.com\/noticias\/los-familiares-de-las-victimas-de-orlando-demandan-a-facebook-google-y-twitter\/#organizationLogo","width":649,"height":297},"image":{"@id":"https:\/\/www.eldigitaldeasturias.com\/noticias\/los-familiares-de-las-victimas-de-orlando-demandan-a-facebook-google-y-twitter\/#organizationLogo"},"sameAs":["https:\/\/facebook.com\/eldigitaldeasturias","https:\/\/www.youtube.com\/channel\/UCZP-2wLEB9Rv6erhFmqVnvg"],"address":{"@id":"https:\/\/www.eldigitaldeasturias.com\/noticias\/#postaladdress","@type":"PostalAddress","streetAddress":"san antonio 4,","postalCode":"33430","addressLocality":"Cand\u00e1s","addressRegion":"Asturias","addressCountry":"ES"}},{"@type":"Person","@id":"https:\/\/www.eldigitaldeasturias.com\/noticias\/author\/admin\/#author","url":"https:\/\/www.eldigitaldeasturias.com\/noticias\/author\/admin\/","name":"El Digital de Asturias","image":{"@type":"ImageObject","@id":"https:\/\/www.eldigitaldeasturias.com\/noticias\/los-familiares-de-las-victimas-de-orlando-demandan-a-facebook-google-y-twitter\/#authorImage","url":"https:\/\/www.eldigitaldeasturias.com\/noticias\/wp-content\/litespeed\/avatar\/18677e78aa0546b92d9dbf31ec7d7668.jpg?ver=1777290358","width":96,"height":96,"caption":"El Digital de Asturias"}},{"@type":"WebPage","@id":"https:\/\/www.eldigitaldeasturias.com\/noticias\/los-familiares-de-las-victimas-de-orlando-demandan-a-facebook-google-y-twitter\/#webpage","url":"https:\/\/www.eldigitaldeasturias.com\/noticias\/los-familiares-de-las-victimas-de-orlando-demandan-a-facebook-google-y-twitter\/","name":"Los familiares de las v\u00edctimas de Orlando demandan a Facebook, Google y Twitter - El Digital de Asturias","description":"Aunque el agresor muri\u00f3 en el ataque, los familiares entiendes que el magnate de las b\u00fasquedas en internet y las redes sociales proporcionaron apoyo material a Omar Siddeque \u00bfDeben las compa\u00f1\u00edas responsabilizarse de los contenidos que permiten subir a sus usuarios? La madrugada del domingo 13 de junio la discoteca gay Pulse se convirti\u00f3 en","inLanguage":"es-ES","isPartOf":{"@id":"https:\/\/www.eldigitaldeasturias.com\/noticias\/#website"},"breadcrumb":{"@id":"https:\/\/www.eldigitaldeasturias.com\/noticias\/los-familiares-de-las-victimas-de-orlando-demandan-a-facebook-google-y-twitter\/#breadcrumblist"},"author":{"@id":"https:\/\/www.eldigitaldeasturias.com\/noticias\/author\/admin\/#author"},"creator":{"@id":"https:\/\/www.eldigitaldeasturias.com\/noticias\/author\/admin\/#author"},"image":{"@type":"ImageObject","url":"https:\/\/www.eldigitaldeasturias.com\/noticias\/wp-content\/uploads\/2015\/08\/La-mitad-de-las-noticias-con-exito-en-Twitter-no-salen-en-los-medios-tradicionales_image800_.jpg","@id":"https:\/\/www.eldigitaldeasturias.com\/noticias\/los-familiares-de-las-victimas-de-orlando-demandan-a-facebook-google-y-twitter\/#mainImage","width":800,"height":490},"primaryImageOfPage":{"@id":"https:\/\/www.eldigitaldeasturias.com\/noticias\/los-familiares-de-las-victimas-de-orlando-demandan-a-facebook-google-y-twitter\/#mainImage"},"datePublished":"2016-12-24T15:27:29+01:00","dateModified":"2016-12-24T15:27:29+01:00"},{"@type":"WebSite","@id":"https:\/\/www.eldigitaldeasturias.com\/noticias\/#website","url":"https:\/\/www.eldigitaldeasturias.com\/noticias\/","name":"El Digital de Asturias - Diario de actualidad y noticias","alternateName":"El Digital de Asturias - Diario de actualidad y noticias","description":"Hemeroteca","inLanguage":"es-ES","publisher":{"@id":"https:\/\/www.eldigitaldeasturias.com\/noticias\/#organization"}}]},"og:locale":"es_ES","og:site_name":"El Digital de Asturias","og:type":"article","og:title":"Los familiares de las v\u00edctimas de Orlando demandan a Facebook, Google y Twitter - El Digital de Asturias","og:description":"Aunque el agresor muri\u00f3 en el ataque, los familiares entiendes que el magnate de las b\u00fasquedas en internet y las redes sociales proporcionaron apoyo material a Omar Siddeque \u00bfDeben las compa\u00f1\u00edas responsabilizarse de los contenidos que permiten subir a sus usuarios? La madrugada del domingo 13 de junio la discoteca gay Pulse se convirti\u00f3 en","og:url":"https:\/\/www.eldigitaldeasturias.com\/noticias\/los-familiares-de-las-victimas-de-orlando-demandan-a-facebook-google-y-twitter\/","og:image":"https:\/\/www.eldigitaldeasturias.com\/noticias\/wp-content\/uploads\/2015\/08\/La-mitad-de-las-noticias-con-exito-en-Twitter-no-salen-en-los-medios-tradicionales_image800_.jpg","og:image:secure_url":"https:\/\/www.eldigitaldeasturias.com\/noticias\/wp-content\/uploads\/2015\/08\/La-mitad-de-las-noticias-con-exito-en-Twitter-no-salen-en-los-medios-tradicionales_image800_.jpg","og:image:width":800,"og:image:height":490,"article:tag":["destacadas"],"article:published_time":"2016-12-24T15:27:29+00:00","article:modified_time":"2016-12-24T15:27:29+00:00","article:publisher":"https:\/\/facebook.com\/eldigitaldeasturias","twitter:card":"summary_large_image","twitter:title":"Los familiares de las v\u00edctimas de Orlando demandan a Facebook, Google y Twitter - El Digital de Asturias","twitter:description":"Aunque el agresor muri\u00f3 en el ataque, los familiares entiendes que el magnate de las b\u00fasquedas en internet y las redes sociales proporcionaron apoyo material a Omar Siddeque \u00bfDeben las compa\u00f1\u00edas responsabilizarse de los contenidos que permiten subir a sus usuarios? La madrugada del domingo 13 de junio la discoteca gay Pulse se convirti\u00f3 en","twitter:image":"https:\/\/www.eldigitaldeasturias.com\/noticias\/wp-content\/uploads\/2015\/08\/La-mitad-de-las-noticias-con-exito-en-Twitter-no-salen-en-los-medios-tradicionales_image800_.jpg","twitter:label1":"Escrito por","twitter:data1":"El Digital de Asturias","twitter:label2":"Tiempo de lectura estimado","twitter:data2":"2 minutos"},"aioseo_meta_data":{"post_id":"920313","title":null,"description":null,"keywords":null,"keyphrases":null,"primary_term":null,"canonical_url":null,"og_title":null,"og_description":null,"og_object_type":"default","og_image_type":"default","og_image_url":null,"og_image_width":null,"og_image_height":null,"og_image_custom_url":null,"og_image_custom_fields":null,"og_video":null,"og_custom_url":null,"og_article_section":null,"og_article_tags":null,"twitter_use_og":false,"twitter_card":"default","twitter_image_type":"default","twitter_image_url":null,"twitter_image_custom_url":null,"twitter_image_custom_fields":null,"twitter_title":null,"twitter_description":null,"schema":{"blockGraphs":[],"customGraphs":[],"default":{"data":{"Article":[],"Course":[],"Dataset":[],"FAQPage":[],"Movie":[],"Person":[],"Product":[],"ProductReview":[],"Car":[],"Recipe":[],"Service":[],"SoftwareApplication":[],"WebPage":[]},"graphName":"","isEnabled":true},"graphs":[],"defaultGraph":"","defaultPostTypeGraph":""},"schema_type":null,"schema_type_options":null,"pillar_content":false,"robots_default":true,"robots_noindex":false,"robots_noarchive":false,"robots_nosnippet":false,"robots_nofollow":false,"robots_noimageindex":false,"robots_noodp":false,"robots_notranslate":false,"robots_max_snippet":null,"robots_max_videopreview":null,"robots_max_imagepreview":"large","priority":null,"frequency":null,"local_seo":null,"seo_analyzer_scan_date":"2025-12-02 09:48:09","breadcrumb_settings":null,"limit_modified_date":false,"open_ai":null,"ai":null,"created":"2020-12-21 13:47:46","updated":"2025-12-02 09:48:09"},"aioseo_breadcrumb":"<div class=\"aioseo-breadcrumbs\"><span class=\"aioseo-breadcrumb\">\n\t<a href=\"https:\/\/www.eldigitaldeasturias.com\/noticias\" title=\"Home\">Home<\/a>\n<\/span><span class=\"aioseo-breadcrumb-separator\">\u2013<\/span><span class=\"aioseo-breadcrumb\">\n\t<a href=\"https:\/\/www.eldigitaldeasturias.com\/noticias\/category\/destacadas\/\" title=\"Destacadas\">Destacadas<\/a>\n<\/span><span class=\"aioseo-breadcrumb-separator\">\u2013<\/span><span class=\"aioseo-breadcrumb\">\n\t<a href=\"https:\/\/www.eldigitaldeasturias.com\/noticias\/los-familiares-de-las-victimas-de-orlando-demandan-a-facebook-google-y-twitter\/\" title=\"Los familiares de las v\u00edctimas de Orlando demandan a Facebook, Google y Twitter\">Los familiares de las v\u00edctimas de Orlando demandan a Facebook, Google y Twitter<\/a>\n<\/span><\/div>","aioseo_breadcrumb_json":[{"label":"Home","link":"https:\/\/www.eldigitaldeasturias.com\/noticias"},{"label":"Destacadas","link":"https:\/\/www.eldigitaldeasturias.com\/noticias\/category\/destacadas\/"},{"label":"Los familiares de las v\u00edctimas de Orlando demandan a Facebook, Google y Twitter","link":"https:\/\/www.eldigitaldeasturias.com\/noticias\/los-familiares-de-las-victimas-de-orlando-demandan-a-facebook-google-y-twitter\/"}],"_links":{"self":[{"href":"https:\/\/www.eldigitaldeasturias.com\/noticias\/wp-json\/wp\/v2\/posts\/920313","targetHints":{"allow":["GET"]}}],"collection":[{"href":"https:\/\/www.eldigitaldeasturias.com\/noticias\/wp-json\/wp\/v2\/posts"}],"about":[{"href":"https:\/\/www.eldigitaldeasturias.com\/noticias\/wp-json\/wp\/v2\/types\/post"}],"author":[{"embeddable":true,"href":"https:\/\/www.eldigitaldeasturias.com\/noticias\/wp-json\/wp\/v2\/users\/1"}],"replies":[{"embeddable":true,"href":"https:\/\/www.eldigitaldeasturias.com\/noticias\/wp-json\/wp\/v2\/comments?post=920313"}],"version-history":[{"count":0,"href":"https:\/\/www.eldigitaldeasturias.com\/noticias\/wp-json\/wp\/v2\/posts\/920313\/revisions"}],"wp:featuredmedia":[{"embeddable":true,"href":"https:\/\/www.eldigitaldeasturias.com\/noticias\/wp-json\/wp\/v2\/media\/799750"}],"wp:attachment":[{"href":"https:\/\/www.eldigitaldeasturias.com\/noticias\/wp-json\/wp\/v2\/media?parent=920313"}],"wp:term":[{"taxonomy":"category","embeddable":true,"href":"https:\/\/www.eldigitaldeasturias.com\/noticias\/wp-json\/wp\/v2\/categories?post=920313"},{"taxonomy":"post_tag","embeddable":true,"href":"https:\/\/www.eldigitaldeasturias.com\/noticias\/wp-json\/wp\/v2\/tags?post=920313"}],"curies":[{"name":"wp","href":"https:\/\/api.w.org\/{rel}","templated":true}]}}