{"id":920216,"date":"2016-12-23T16:22:45","date_gmt":"2016-12-23T16:22:45","guid":{"rendered":"http:\/\/www.eldigitaldeasturias.com\/noticias\/?p=920216"},"modified":"2016-12-23T16:22:45","modified_gmt":"2016-12-23T16:22:45","slug":"alvarez-cascos-desde-foro-denunciaremos-la-campana-de-aena","status":"publish","type":"post","link":"https:\/\/www.eldigitaldeasturias.com\/noticias\/alvarez-cascos-desde-foro-denunciaremos-la-campana-de-aena\/","title":{"rendered":"\u00c1lvarez-Cascos: \u201cDesde FORO denunciaremos la campa\u00f1a de AENA\u201d"},"content":{"rendered":"<p><img loading=\"lazy\" decoding=\"async\" class=\"alignleft size-medium wp-image-667047\" src=\"https:\/\/www.eldigitaldeasturias.com\/noticias\/wp-content\/uploads\/2014\/10\/4662_1-360x211.jpg\" alt=\"\" width=\"360\" height=\"211\" srcset=\"https:\/\/www.eldigitaldeasturias.com\/noticias\/wp-content\/uploads\/2014\/10\/4662_1-360x211.jpg 360w, https:\/\/www.eldigitaldeasturias.com\/noticias\/wp-content\/uploads\/2014\/10\/4662_1-650x381.jpg 650w, https:\/\/www.eldigitaldeasturias.com\/noticias\/wp-content\/uploads\/2014\/10\/4662_1.jpg 800w\" sizes=\"auto, (max-width: 360px) 100vw, 360px\" \/>El secretario general de FORO, Francisco \u00c1lvarez-Cascos, ha manifestado a los medios de comunicaci\u00f3n asturianos que \u201cla campa\u00f1a nacional de publicidad de AENA a favor del cava, bajo el eslogan \u2018Te invitamos a una copa de cava en el aeropuerto\u2019 financiada con el dinero de todos los espa\u00f1oles, discriminando a la sidra asturiana, es inadmisible en un organismo p\u00fablico y un nuevo agravio a los asturianos. Por ello, anuncio que, desde FORO, denunciaremos esta campa\u00f1a publicitaria vergonzosa y discriminatoria de AENA ante los organismos responsables de velar por la competencia leal en Espa\u00f1a\u201d.<\/p>\n<p>\u00c1lvarez-Cascos record\u00f3 que \u201chace m\u00e1s de un mes que, a propuesta de FORO, la Junta General el Principado acord\u00f3 por unanimidad dos iniciativas, entre otras.<\/p>\n<p>La primera: \u2018Poner en marcha inmediatamente, a trav\u00e9s de los servicios propios del Principado, un Plan de Comunicaci\u00f3n institucional sobre las cualidades de la sidra asturiana, tanto natural como espumosa, para aumentar su presencia en los espacios informativos, en los programas de divulgaci\u00f3n y en las p\u00e1ginas especializadas, tanto de televisi\u00f3n, como de radio, prensa o internet, invitando a participar y protagonizar el mismo a la Junta General del Principado de Asturias, a las tres C\u00e1maras de Comercio de Asturias y a la Federaci\u00f3n Asturiana de Empresarios (FADE)\u2019.<\/p>\n<p>Y la segunda: \u2018Dirigirse a la direcci\u00f3n a los entes p\u00fablico RTPA y RTVE para que en sus cadenas de televisi\u00f3n y radio p\u00fablicas establezcan un manual de estilo sobre el tratamiento informativo de las bebidas tradicionales, con especial atenci\u00f3n a los espacios dedicados a las fiestas de Navidad, para que incluyan las tradicionales sidras natural y espumosa asturianas, en evitaci\u00f3n de cualquier efecto discriminatorio, a trav\u00e9s de la publicidad encubierta, con cualquier otra bebida nacional\u2019. Llegaron las fiestas navide\u00f1as y el Principado no ha movido un dedo a favor de la sidra asturiana en los medios de comunicaci\u00f3n. En cambio, ahora es AENA quien anuncia descaradamente el cava con el dinero de todos los espa\u00f1oles. Si Javier Fern\u00e1ndez saliera de su inoperancia y cumpliera los acuerdos adoptados en la Junta General, esta situaci\u00f3n repetida a\u00f1o tras a\u00f1o se hubiera evitado; en este momento, FORO le insta a que su Gobierno act\u00fae diligentemente para exigir a AENA una modificaci\u00f3n inmediata de la campa\u00f1a que incluya a la sidra asturiana\u201d.<\/p>\n<p>&nbsp;<\/p>\n","protected":false},"excerpt":{"rendered":"<p>El secretario general de FORO, Francisco \u00c1lvarez-Cascos, ha manifestado a los medios de comunicaci\u00f3n asturianos que \u201cla campa\u00f1a nacional de publicidad de AENA a favor del cava, bajo el eslogan \u2018Te invitamos a una copa de cava en el aeropuerto\u2019 financiada con el dinero de todos los espa\u00f1oles, discriminando a la sidra asturiana, es inadmisible [&hellip;]<\/p>\n","protected":false},"author":1,"featured_media":667047,"comment_status":"closed","ping_status":"closed","sticky":false,"template":"","format":"standard","meta":{"footnotes":""},"categories":[141],"tags":[],"class_list":["post-920216","post","type-post","status-publish","format-standard","has-post-thumbnail","hentry","category-destacadas"],"aioseo_notices":[],"aioseo_head":"\n\t\t<!-- All in One SEO Pro 4.9.6.2 - aioseo.com -->\n\t<meta name=\"description\" content=\"El secretario general de FORO, Francisco \u00c1lvarez-Cascos, ha manifestado a los medios de comunicaci\u00f3n asturianos que \u201cla campa\u00f1a nacional de publicidad de AENA a favor del cava, bajo el eslogan \u2018Te invitamos a una copa de cava en el aeropuerto\u2019 financiada con el dinero de todos los espa\u00f1oles, discriminando a la sidra asturiana, es inadmisible\" \/>\n\t<meta name=\"robots\" content=\"max-image-preview:large\" \/>\n\t<meta name=\"author\" content=\"El Digital de Asturias\"\/>\n\t<meta name=\"google-site-verification\" content=\"UA-38556648-1\" \/>\n\t<meta name=\"msvalidate.01\" content=\"7dfe9f3f1b24437ab69f4f2559babe99\" \/>\n\t<meta name=\"keywords\" content=\"destacadas\" \/>\n\t<link rel=\"canonical\" href=\"https:\/\/www.eldigitaldeasturias.com\/noticias\/alvarez-cascos-desde-foro-denunciaremos-la-campana-de-aena\/\" \/>\n\t<meta name=\"generator\" content=\"All in One SEO Pro (AIOSEO) 4.9.6.2\" \/>\n\t\t<meta property=\"og:locale\" content=\"es_ES\" \/>\n\t\t<meta property=\"og:site_name\" content=\"El Digital de Asturias\" \/>\n\t\t<meta property=\"og:type\" content=\"article\" \/>\n\t\t<meta property=\"og:title\" content=\"\u00c1lvarez-Cascos: \u201cDesde FORO denunciaremos la campa\u00f1a de AENA\u201d - El Digital de Asturias\" \/>\n\t\t<meta property=\"og:description\" content=\"El secretario general de FORO, Francisco \u00c1lvarez-Cascos, ha manifestado a los medios de comunicaci\u00f3n asturianos que \u201cla campa\u00f1a nacional de publicidad de AENA a favor del cava, bajo el eslogan \u2018Te invitamos a una copa de cava en el aeropuerto\u2019 financiada con el dinero de todos los espa\u00f1oles, discriminando a la sidra asturiana, es inadmisible\" \/>\n\t\t<meta property=\"og:url\" content=\"https:\/\/www.eldigitaldeasturias.com\/noticias\/alvarez-cascos-desde-foro-denunciaremos-la-campana-de-aena\/\" \/>\n\t\t<meta property=\"og:image\" content=\"https:\/\/www.eldigitaldeasturias.com\/noticias\/wp-content\/uploads\/2014\/10\/4662_1.jpg\" \/>\n\t\t<meta property=\"og:image:secure_url\" content=\"https:\/\/www.eldigitaldeasturias.com\/noticias\/wp-content\/uploads\/2014\/10\/4662_1.jpg\" \/>\n\t\t<meta property=\"og:image:width\" content=\"800\" \/>\n\t\t<meta property=\"og:image:height\" content=\"470\" \/>\n\t\t<meta property=\"article:tag\" content=\"destacadas\" \/>\n\t\t<meta property=\"article:published_time\" content=\"2016-12-23T16:22:45+00:00\" \/>\n\t\t<meta property=\"article:modified_time\" content=\"2016-12-23T16:22:45+00:00\" \/>\n\t\t<meta property=\"article:publisher\" content=\"https:\/\/facebook.com\/eldigitaldeasturias\" \/>\n\t\t<meta name=\"twitter:card\" content=\"summary_large_image\" \/>\n\t\t<meta name=\"twitter:title\" content=\"\u00c1lvarez-Cascos: \u201cDesde FORO denunciaremos la campa\u00f1a de AENA\u201d - El Digital de Asturias\" \/>\n\t\t<meta name=\"twitter:description\" content=\"El secretario general de FORO, Francisco \u00c1lvarez-Cascos, ha manifestado a los medios de comunicaci\u00f3n asturianos que \u201cla campa\u00f1a nacional de publicidad de AENA a favor del cava, bajo el eslogan \u2018Te invitamos a una copa de cava en el aeropuerto\u2019 financiada con el dinero de todos los espa\u00f1oles, discriminando a la sidra asturiana, es inadmisible\" \/>\n\t\t<meta name=\"twitter:image\" content=\"https:\/\/www.eldigitaldeasturias.com\/noticias\/wp-content\/uploads\/2014\/10\/4662_1.jpg\" \/>\n\t\t<meta name=\"twitter:label1\" content=\"Escrito por\" \/>\n\t\t<meta name=\"twitter:data1\" content=\"El Digital de Asturias\" \/>\n\t\t<meta name=\"twitter:label2\" content=\"Tiempo de lectura estimado\" \/>\n\t\t<meta name=\"twitter:data2\" content=\"2 minutos\" \/>\n\t\t<script type=\"application\/ld+json\" class=\"aioseo-schema\">\n\t\t\t{\"@context\":\"https:\\\/\\\/schema.org\",\"@graph\":[{\"@type\":\"BlogPosting\",\"@id\":\"https:\\\/\\\/www.eldigitaldeasturias.com\\\/noticias\\\/alvarez-cascos-desde-foro-denunciaremos-la-campana-de-aena\\\/#blogposting\",\"name\":\"\\u00c1lvarez-Cascos: \\u201cDesde FORO denunciaremos la campa\\u00f1a de AENA\\u201d - El Digital de Asturias\",\"headline\":\"\\u00c1lvarez-Cascos: \\u201cDesde FORO denunciaremos la campa\\u00f1a de AENA\\u201d\",\"author\":{\"@id\":\"https:\\\/\\\/www.eldigitaldeasturias.com\\\/noticias\\\/author\\\/admin\\\/#author\"},\"publisher\":{\"@id\":\"https:\\\/\\\/www.eldigitaldeasturias.com\\\/noticias\\\/#organization\"},\"image\":{\"@type\":\"ImageObject\",\"url\":\"https:\\\/\\\/www.eldigitaldeasturias.com\\\/noticias\\\/wp-content\\\/uploads\\\/2014\\\/10\\\/4662_1.jpg\",\"width\":800,\"height\":470},\"datePublished\":\"2016-12-23T16:22:45+01:00\",\"dateModified\":\"2016-12-23T16:22:45+01:00\",\"inLanguage\":\"es-ES\",\"mainEntityOfPage\":{\"@id\":\"https:\\\/\\\/www.eldigitaldeasturias.com\\\/noticias\\\/alvarez-cascos-desde-foro-denunciaremos-la-campana-de-aena\\\/#webpage\"},\"isPartOf\":{\"@id\":\"https:\\\/\\\/www.eldigitaldeasturias.com\\\/noticias\\\/alvarez-cascos-desde-foro-denunciaremos-la-campana-de-aena\\\/#webpage\"},\"articleSection\":\"Destacadas\"},{\"@type\":\"BreadcrumbList\",\"@id\":\"https:\\\/\\\/www.eldigitaldeasturias.com\\\/noticias\\\/alvarez-cascos-desde-foro-denunciaremos-la-campana-de-aena\\\/#breadcrumblist\",\"itemListElement\":[{\"@type\":\"ListItem\",\"@id\":\"https:\\\/\\\/www.eldigitaldeasturias.com\\\/noticias#listItem\",\"position\":1,\"name\":\"Home\",\"item\":\"https:\\\/\\\/www.eldigitaldeasturias.com\\\/noticias\",\"nextItem\":{\"@type\":\"ListItem\",\"@id\":\"https:\\\/\\\/www.eldigitaldeasturias.com\\\/noticias\\\/category\\\/destacadas\\\/#listItem\",\"name\":\"Destacadas\"}},{\"@type\":\"ListItem\",\"@id\":\"https:\\\/\\\/www.eldigitaldeasturias.com\\\/noticias\\\/category\\\/destacadas\\\/#listItem\",\"position\":2,\"name\":\"Destacadas\",\"item\":\"https:\\\/\\\/www.eldigitaldeasturias.com\\\/noticias\\\/category\\\/destacadas\\\/\",\"nextItem\":{\"@type\":\"ListItem\",\"@id\":\"https:\\\/\\\/www.eldigitaldeasturias.com\\\/noticias\\\/alvarez-cascos-desde-foro-denunciaremos-la-campana-de-aena\\\/#listItem\",\"name\":\"\\u00c1lvarez-Cascos: \\u201cDesde FORO denunciaremos la campa\\u00f1a de AENA\\u201d\"},\"previousItem\":{\"@type\":\"ListItem\",\"@id\":\"https:\\\/\\\/www.eldigitaldeasturias.com\\\/noticias#listItem\",\"name\":\"Home\"}},{\"@type\":\"ListItem\",\"@id\":\"https:\\\/\\\/www.eldigitaldeasturias.com\\\/noticias\\\/alvarez-cascos-desde-foro-denunciaremos-la-campana-de-aena\\\/#listItem\",\"position\":3,\"name\":\"\\u00c1lvarez-Cascos: \\u201cDesde FORO denunciaremos la campa\\u00f1a de AENA\\u201d\",\"previousItem\":{\"@type\":\"ListItem\",\"@id\":\"https:\\\/\\\/www.eldigitaldeasturias.com\\\/noticias\\\/category\\\/destacadas\\\/#listItem\",\"name\":\"Destacadas\"}}]},{\"@type\":\"Organization\",\"@id\":\"https:\\\/\\\/www.eldigitaldeasturias.com\\\/noticias\\\/#organization\",\"name\":\"El Digital de Asturias\",\"description\":\"Hemeroteca\",\"url\":\"https:\\\/\\\/www.eldigitaldeasturias.com\\\/noticias\\\/\",\"email\":\"info@eldigitaldeasturias.com\",\"telephone\":\"+34652131393\",\"logo\":{\"@type\":\"ImageObject\",\"url\":\"https:\\\/\\\/www.eldigitaldeasturias.com\\\/noticias\\\/wp-content\\\/uploads\\\/2020\\\/12\\\/EDA.jpg\",\"@id\":\"https:\\\/\\\/www.eldigitaldeasturias.com\\\/noticias\\\/alvarez-cascos-desde-foro-denunciaremos-la-campana-de-aena\\\/#organizationLogo\",\"width\":649,\"height\":297},\"image\":{\"@id\":\"https:\\\/\\\/www.eldigitaldeasturias.com\\\/noticias\\\/alvarez-cascos-desde-foro-denunciaremos-la-campana-de-aena\\\/#organizationLogo\"},\"sameAs\":[\"https:\\\/\\\/facebook.com\\\/eldigitaldeasturias\",\"https:\\\/\\\/www.youtube.com\\\/channel\\\/UCZP-2wLEB9Rv6erhFmqVnvg\"],\"address\":{\"@id\":\"https:\\\/\\\/www.eldigitaldeasturias.com\\\/noticias\\\/#postaladdress\",\"@type\":\"PostalAddress\",\"streetAddress\":\"san antonio 4,\",\"postalCode\":\"33430\",\"addressLocality\":\"Cand\\u00e1s\",\"addressRegion\":\"Asturias\",\"addressCountry\":\"ES\"}},{\"@type\":\"Person\",\"@id\":\"https:\\\/\\\/www.eldigitaldeasturias.com\\\/noticias\\\/author\\\/admin\\\/#author\",\"url\":\"https:\\\/\\\/www.eldigitaldeasturias.com\\\/noticias\\\/author\\\/admin\\\/\",\"name\":\"El Digital de Asturias\",\"image\":{\"@type\":\"ImageObject\",\"@id\":\"https:\\\/\\\/www.eldigitaldeasturias.com\\\/noticias\\\/alvarez-cascos-desde-foro-denunciaremos-la-campana-de-aena\\\/#authorImage\",\"url\":\"https:\\\/\\\/www.eldigitaldeasturias.com\\\/noticias\\\/wp-content\\\/litespeed\\\/avatar\\\/18677e78aa0546b92d9dbf31ec7d7668.jpg?ver=1777290358\",\"width\":96,\"height\":96,\"caption\":\"El Digital de Asturias\"}},{\"@type\":\"WebPage\",\"@id\":\"https:\\\/\\\/www.eldigitaldeasturias.com\\\/noticias\\\/alvarez-cascos-desde-foro-denunciaremos-la-campana-de-aena\\\/#webpage\",\"url\":\"https:\\\/\\\/www.eldigitaldeasturias.com\\\/noticias\\\/alvarez-cascos-desde-foro-denunciaremos-la-campana-de-aena\\\/\",\"name\":\"\\u00c1lvarez-Cascos: \\u201cDesde FORO denunciaremos la campa\\u00f1a de AENA\\u201d - El Digital de Asturias\",\"description\":\"El secretario general de FORO, Francisco \\u00c1lvarez-Cascos, ha manifestado a los medios de comunicaci\\u00f3n asturianos que \\u201cla campa\\u00f1a nacional de publicidad de AENA a favor del cava, bajo el eslogan \\u2018Te invitamos a una copa de cava en el aeropuerto\\u2019 financiada con el dinero de todos los espa\\u00f1oles, discriminando a la sidra asturiana, es inadmisible\",\"inLanguage\":\"es-ES\",\"isPartOf\":{\"@id\":\"https:\\\/\\\/www.eldigitaldeasturias.com\\\/noticias\\\/#website\"},\"breadcrumb\":{\"@id\":\"https:\\\/\\\/www.eldigitaldeasturias.com\\\/noticias\\\/alvarez-cascos-desde-foro-denunciaremos-la-campana-de-aena\\\/#breadcrumblist\"},\"author\":{\"@id\":\"https:\\\/\\\/www.eldigitaldeasturias.com\\\/noticias\\\/author\\\/admin\\\/#author\"},\"creator\":{\"@id\":\"https:\\\/\\\/www.eldigitaldeasturias.com\\\/noticias\\\/author\\\/admin\\\/#author\"},\"image\":{\"@type\":\"ImageObject\",\"url\":\"https:\\\/\\\/www.eldigitaldeasturias.com\\\/noticias\\\/wp-content\\\/uploads\\\/2014\\\/10\\\/4662_1.jpg\",\"@id\":\"https:\\\/\\\/www.eldigitaldeasturias.com\\\/noticias\\\/alvarez-cascos-desde-foro-denunciaremos-la-campana-de-aena\\\/#mainImage\",\"width\":800,\"height\":470},\"primaryImageOfPage\":{\"@id\":\"https:\\\/\\\/www.eldigitaldeasturias.com\\\/noticias\\\/alvarez-cascos-desde-foro-denunciaremos-la-campana-de-aena\\\/#mainImage\"},\"datePublished\":\"2016-12-23T16:22:45+01:00\",\"dateModified\":\"2016-12-23T16:22:45+01:00\"},{\"@type\":\"WebSite\",\"@id\":\"https:\\\/\\\/www.eldigitaldeasturias.com\\\/noticias\\\/#website\",\"url\":\"https:\\\/\\\/www.eldigitaldeasturias.com\\\/noticias\\\/\",\"name\":\"El Digital de Asturias - Diario de actualidad y noticias\",\"alternateName\":\"El Digital de Asturias - Diario de actualidad y noticias\",\"description\":\"Hemeroteca\",\"inLanguage\":\"es-ES\",\"publisher\":{\"@id\":\"https:\\\/\\\/www.eldigitaldeasturias.com\\\/noticias\\\/#organization\"}}]}\n\t\t<\/script>\n\t\t<!-- All in One SEO Pro -->\r\n\t\t<title>\u00c1lvarez-Cascos: \u201cDesde FORO denunciaremos la campa\u00f1a de AENA\u201d - El Digital de Asturias<\/title>\n\n","aioseo_head_json":{"title":"\u00c1lvarez-Cascos: \u201cDesde FORO denunciaremos la campa\u00f1a de AENA\u201d - El Digital de Asturias","description":"El secretario general de FORO, Francisco \u00c1lvarez-Cascos, ha manifestado a los medios de comunicaci\u00f3n asturianos que \u201cla campa\u00f1a nacional de publicidad de AENA a favor del cava, bajo el eslogan \u2018Te invitamos a una copa de cava en el aeropuerto\u2019 financiada con el dinero de todos los espa\u00f1oles, discriminando a la sidra asturiana, es inadmisible","canonical_url":"https:\/\/www.eldigitaldeasturias.com\/noticias\/alvarez-cascos-desde-foro-denunciaremos-la-campana-de-aena\/","robots":"max-image-preview:large","keywords":"destacadas","webmasterTools":{"google-site-verification":"UA-38556648-1","msvalidate.01":"7dfe9f3f1b24437ab69f4f2559babe99","miscellaneous":""},"schema":{"@context":"https:\/\/schema.org","@graph":[{"@type":"BlogPosting","@id":"https:\/\/www.eldigitaldeasturias.com\/noticias\/alvarez-cascos-desde-foro-denunciaremos-la-campana-de-aena\/#blogposting","name":"\u00c1lvarez-Cascos: \u201cDesde FORO denunciaremos la campa\u00f1a de AENA\u201d - El Digital de Asturias","headline":"\u00c1lvarez-Cascos: \u201cDesde FORO denunciaremos la campa\u00f1a de AENA\u201d","author":{"@id":"https:\/\/www.eldigitaldeasturias.com\/noticias\/author\/admin\/#author"},"publisher":{"@id":"https:\/\/www.eldigitaldeasturias.com\/noticias\/#organization"},"image":{"@type":"ImageObject","url":"https:\/\/www.eldigitaldeasturias.com\/noticias\/wp-content\/uploads\/2014\/10\/4662_1.jpg","width":800,"height":470},"datePublished":"2016-12-23T16:22:45+01:00","dateModified":"2016-12-23T16:22:45+01:00","inLanguage":"es-ES","mainEntityOfPage":{"@id":"https:\/\/www.eldigitaldeasturias.com\/noticias\/alvarez-cascos-desde-foro-denunciaremos-la-campana-de-aena\/#webpage"},"isPartOf":{"@id":"https:\/\/www.eldigitaldeasturias.com\/noticias\/alvarez-cascos-desde-foro-denunciaremos-la-campana-de-aena\/#webpage"},"articleSection":"Destacadas"},{"@type":"BreadcrumbList","@id":"https:\/\/www.eldigitaldeasturias.com\/noticias\/alvarez-cascos-desde-foro-denunciaremos-la-campana-de-aena\/#breadcrumblist","itemListElement":[{"@type":"ListItem","@id":"https:\/\/www.eldigitaldeasturias.com\/noticias#listItem","position":1,"name":"Home","item":"https:\/\/www.eldigitaldeasturias.com\/noticias","nextItem":{"@type":"ListItem","@id":"https:\/\/www.eldigitaldeasturias.com\/noticias\/category\/destacadas\/#listItem","name":"Destacadas"}},{"@type":"ListItem","@id":"https:\/\/www.eldigitaldeasturias.com\/noticias\/category\/destacadas\/#listItem","position":2,"name":"Destacadas","item":"https:\/\/www.eldigitaldeasturias.com\/noticias\/category\/destacadas\/","nextItem":{"@type":"ListItem","@id":"https:\/\/www.eldigitaldeasturias.com\/noticias\/alvarez-cascos-desde-foro-denunciaremos-la-campana-de-aena\/#listItem","name":"\u00c1lvarez-Cascos: \u201cDesde FORO denunciaremos la campa\u00f1a de AENA\u201d"},"previousItem":{"@type":"ListItem","@id":"https:\/\/www.eldigitaldeasturias.com\/noticias#listItem","name":"Home"}},{"@type":"ListItem","@id":"https:\/\/www.eldigitaldeasturias.com\/noticias\/alvarez-cascos-desde-foro-denunciaremos-la-campana-de-aena\/#listItem","position":3,"name":"\u00c1lvarez-Cascos: \u201cDesde FORO denunciaremos la campa\u00f1a de AENA\u201d","previousItem":{"@type":"ListItem","@id":"https:\/\/www.eldigitaldeasturias.com\/noticias\/category\/destacadas\/#listItem","name":"Destacadas"}}]},{"@type":"Organization","@id":"https:\/\/www.eldigitaldeasturias.com\/noticias\/#organization","name":"El Digital de Asturias","description":"Hemeroteca","url":"https:\/\/www.eldigitaldeasturias.com\/noticias\/","email":"info@eldigitaldeasturias.com","telephone":"+34652131393","logo":{"@type":"ImageObject","url":"https:\/\/www.eldigitaldeasturias.com\/noticias\/wp-content\/uploads\/2020\/12\/EDA.jpg","@id":"https:\/\/www.eldigitaldeasturias.com\/noticias\/alvarez-cascos-desde-foro-denunciaremos-la-campana-de-aena\/#organizationLogo","width":649,"height":297},"image":{"@id":"https:\/\/www.eldigitaldeasturias.com\/noticias\/alvarez-cascos-desde-foro-denunciaremos-la-campana-de-aena\/#organizationLogo"},"sameAs":["https:\/\/facebook.com\/eldigitaldeasturias","https:\/\/www.youtube.com\/channel\/UCZP-2wLEB9Rv6erhFmqVnvg"],"address":{"@id":"https:\/\/www.eldigitaldeasturias.com\/noticias\/#postaladdress","@type":"PostalAddress","streetAddress":"san antonio 4,","postalCode":"33430","addressLocality":"Cand\u00e1s","addressRegion":"Asturias","addressCountry":"ES"}},{"@type":"Person","@id":"https:\/\/www.eldigitaldeasturias.com\/noticias\/author\/admin\/#author","url":"https:\/\/www.eldigitaldeasturias.com\/noticias\/author\/admin\/","name":"El Digital de Asturias","image":{"@type":"ImageObject","@id":"https:\/\/www.eldigitaldeasturias.com\/noticias\/alvarez-cascos-desde-foro-denunciaremos-la-campana-de-aena\/#authorImage","url":"https:\/\/www.eldigitaldeasturias.com\/noticias\/wp-content\/litespeed\/avatar\/18677e78aa0546b92d9dbf31ec7d7668.jpg?ver=1777290358","width":96,"height":96,"caption":"El Digital de Asturias"}},{"@type":"WebPage","@id":"https:\/\/www.eldigitaldeasturias.com\/noticias\/alvarez-cascos-desde-foro-denunciaremos-la-campana-de-aena\/#webpage","url":"https:\/\/www.eldigitaldeasturias.com\/noticias\/alvarez-cascos-desde-foro-denunciaremos-la-campana-de-aena\/","name":"\u00c1lvarez-Cascos: \u201cDesde FORO denunciaremos la campa\u00f1a de AENA\u201d - El Digital de Asturias","description":"El secretario general de FORO, Francisco \u00c1lvarez-Cascos, ha manifestado a los medios de comunicaci\u00f3n asturianos que \u201cla campa\u00f1a nacional de publicidad de AENA a favor del cava, bajo el eslogan \u2018Te invitamos a una copa de cava en el aeropuerto\u2019 financiada con el dinero de todos los espa\u00f1oles, discriminando a la sidra asturiana, es inadmisible","inLanguage":"es-ES","isPartOf":{"@id":"https:\/\/www.eldigitaldeasturias.com\/noticias\/#website"},"breadcrumb":{"@id":"https:\/\/www.eldigitaldeasturias.com\/noticias\/alvarez-cascos-desde-foro-denunciaremos-la-campana-de-aena\/#breadcrumblist"},"author":{"@id":"https:\/\/www.eldigitaldeasturias.com\/noticias\/author\/admin\/#author"},"creator":{"@id":"https:\/\/www.eldigitaldeasturias.com\/noticias\/author\/admin\/#author"},"image":{"@type":"ImageObject","url":"https:\/\/www.eldigitaldeasturias.com\/noticias\/wp-content\/uploads\/2014\/10\/4662_1.jpg","@id":"https:\/\/www.eldigitaldeasturias.com\/noticias\/alvarez-cascos-desde-foro-denunciaremos-la-campana-de-aena\/#mainImage","width":800,"height":470},"primaryImageOfPage":{"@id":"https:\/\/www.eldigitaldeasturias.com\/noticias\/alvarez-cascos-desde-foro-denunciaremos-la-campana-de-aena\/#mainImage"},"datePublished":"2016-12-23T16:22:45+01:00","dateModified":"2016-12-23T16:22:45+01:00"},{"@type":"WebSite","@id":"https:\/\/www.eldigitaldeasturias.com\/noticias\/#website","url":"https:\/\/www.eldigitaldeasturias.com\/noticias\/","name":"El Digital de Asturias - Diario de actualidad y noticias","alternateName":"El Digital de Asturias - Diario de actualidad y noticias","description":"Hemeroteca","inLanguage":"es-ES","publisher":{"@id":"https:\/\/www.eldigitaldeasturias.com\/noticias\/#organization"}}]},"og:locale":"es_ES","og:site_name":"El Digital de Asturias","og:type":"article","og:title":"\u00c1lvarez-Cascos: \u201cDesde FORO denunciaremos la campa\u00f1a de AENA\u201d - El Digital de Asturias","og:description":"El secretario general de FORO, Francisco \u00c1lvarez-Cascos, ha manifestado a los medios de comunicaci\u00f3n asturianos que \u201cla campa\u00f1a nacional de publicidad de AENA a favor del cava, bajo el eslogan \u2018Te invitamos a una copa de cava en el aeropuerto\u2019 financiada con el dinero de todos los espa\u00f1oles, discriminando a la sidra asturiana, es inadmisible","og:url":"https:\/\/www.eldigitaldeasturias.com\/noticias\/alvarez-cascos-desde-foro-denunciaremos-la-campana-de-aena\/","og:image":"https:\/\/www.eldigitaldeasturias.com\/noticias\/wp-content\/uploads\/2014\/10\/4662_1.jpg","og:image:secure_url":"https:\/\/www.eldigitaldeasturias.com\/noticias\/wp-content\/uploads\/2014\/10\/4662_1.jpg","og:image:width":800,"og:image:height":470,"article:tag":["destacadas"],"article:published_time":"2016-12-23T16:22:45+00:00","article:modified_time":"2016-12-23T16:22:45+00:00","article:publisher":"https:\/\/facebook.com\/eldigitaldeasturias","twitter:card":"summary_large_image","twitter:title":"\u00c1lvarez-Cascos: \u201cDesde FORO denunciaremos la campa\u00f1a de AENA\u201d - El Digital de Asturias","twitter:description":"El secretario general de FORO, Francisco \u00c1lvarez-Cascos, ha manifestado a los medios de comunicaci\u00f3n asturianos que \u201cla campa\u00f1a nacional de publicidad de AENA a favor del cava, bajo el eslogan \u2018Te invitamos a una copa de cava en el aeropuerto\u2019 financiada con el dinero de todos los espa\u00f1oles, discriminando a la sidra asturiana, es inadmisible","twitter:image":"https:\/\/www.eldigitaldeasturias.com\/noticias\/wp-content\/uploads\/2014\/10\/4662_1.jpg","twitter:label1":"Escrito por","twitter:data1":"El Digital de Asturias","twitter:label2":"Tiempo de lectura estimado","twitter:data2":"2 minutos"},"aioseo_meta_data":{"post_id":"920216","title":null,"description":null,"keywords":null,"keyphrases":null,"primary_term":null,"canonical_url":null,"og_title":null,"og_description":null,"og_object_type":"default","og_image_type":"default","og_image_url":null,"og_image_width":null,"og_image_height":null,"og_image_custom_url":null,"og_image_custom_fields":null,"og_video":null,"og_custom_url":null,"og_article_section":null,"og_article_tags":null,"twitter_use_og":false,"twitter_card":"default","twitter_image_type":"default","twitter_image_url":null,"twitter_image_custom_url":null,"twitter_image_custom_fields":null,"twitter_title":null,"twitter_description":null,"schema":{"blockGraphs":[],"customGraphs":[],"default":{"data":{"Article":[],"Course":[],"Dataset":[],"FAQPage":[],"Movie":[],"Person":[],"Product":[],"ProductReview":[],"Car":[],"Recipe":[],"Service":[],"SoftwareApplication":[],"WebPage":[]},"graphName":"","isEnabled":true},"graphs":[],"defaultGraph":"","defaultPostTypeGraph":""},"schema_type":null,"schema_type_options":null,"pillar_content":false,"robots_default":true,"robots_noindex":false,"robots_noarchive":false,"robots_nosnippet":false,"robots_nofollow":false,"robots_noimageindex":false,"robots_noodp":false,"robots_notranslate":false,"robots_max_snippet":null,"robots_max_videopreview":null,"robots_max_imagepreview":"large","priority":null,"frequency":null,"local_seo":null,"seo_analyzer_scan_date":"2025-12-02 09:28:43","breadcrumb_settings":null,"limit_modified_date":false,"open_ai":null,"ai":null,"created":"2020-12-21 13:47:49","updated":"2025-12-02 09:28:43"},"aioseo_breadcrumb":"<div class=\"aioseo-breadcrumbs\"><span class=\"aioseo-breadcrumb\">\n\t<a href=\"https:\/\/www.eldigitaldeasturias.com\/noticias\" title=\"Home\">Home<\/a>\n<\/span><span class=\"aioseo-breadcrumb-separator\">\u2013<\/span><span class=\"aioseo-breadcrumb\">\n\t<a href=\"https:\/\/www.eldigitaldeasturias.com\/noticias\/category\/destacadas\/\" title=\"Destacadas\">Destacadas<\/a>\n<\/span><span class=\"aioseo-breadcrumb-separator\">\u2013<\/span><span class=\"aioseo-breadcrumb\">\n\t<a href=\"https:\/\/www.eldigitaldeasturias.com\/noticias\/alvarez-cascos-desde-foro-denunciaremos-la-campana-de-aena\/\" title=\"\u00c1lvarez-Cascos: \u201cDesde FORO denunciaremos la campa\u00f1a de AENA\u201d\">\u00c1lvarez-Cascos: \u201cDesde FORO denunciaremos la campa\u00f1a de AENA\u201d<\/a>\n<\/span><\/div>","aioseo_breadcrumb_json":[{"label":"Home","link":"https:\/\/www.eldigitaldeasturias.com\/noticias"},{"label":"Destacadas","link":"https:\/\/www.eldigitaldeasturias.com\/noticias\/category\/destacadas\/"},{"label":"\u00c1lvarez-Cascos: \u201cDesde FORO denunciaremos la campa\u00f1a de AENA\u201d","link":"https:\/\/www.eldigitaldeasturias.com\/noticias\/alvarez-cascos-desde-foro-denunciaremos-la-campana-de-aena\/"}],"_links":{"self":[{"href":"https:\/\/www.eldigitaldeasturias.com\/noticias\/wp-json\/wp\/v2\/posts\/920216","targetHints":{"allow":["GET"]}}],"collection":[{"href":"https:\/\/www.eldigitaldeasturias.com\/noticias\/wp-json\/wp\/v2\/posts"}],"about":[{"href":"https:\/\/www.eldigitaldeasturias.com\/noticias\/wp-json\/wp\/v2\/types\/post"}],"author":[{"embeddable":true,"href":"https:\/\/www.eldigitaldeasturias.com\/noticias\/wp-json\/wp\/v2\/users\/1"}],"replies":[{"embeddable":true,"href":"https:\/\/www.eldigitaldeasturias.com\/noticias\/wp-json\/wp\/v2\/comments?post=920216"}],"version-history":[{"count":0,"href":"https:\/\/www.eldigitaldeasturias.com\/noticias\/wp-json\/wp\/v2\/posts\/920216\/revisions"}],"wp:featuredmedia":[{"embeddable":true,"href":"https:\/\/www.eldigitaldeasturias.com\/noticias\/wp-json\/wp\/v2\/media\/667047"}],"wp:attachment":[{"href":"https:\/\/www.eldigitaldeasturias.com\/noticias\/wp-json\/wp\/v2\/media?parent=920216"}],"wp:term":[{"taxonomy":"category","embeddable":true,"href":"https:\/\/www.eldigitaldeasturias.com\/noticias\/wp-json\/wp\/v2\/categories?post=920216"},{"taxonomy":"post_tag","embeddable":true,"href":"https:\/\/www.eldigitaldeasturias.com\/noticias\/wp-json\/wp\/v2\/tags?post=920216"}],"curies":[{"name":"wp","href":"https:\/\/api.w.org\/{rel}","templated":true}]}}