{"id":920187,"date":"2016-12-23T15:09:45","date_gmt":"2016-12-23T15:09:45","guid":{"rendered":"http:\/\/www.eldigitaldeasturias.com\/noticias\/?p=920187"},"modified":"2016-12-23T15:09:45","modified_gmt":"2016-12-23T15:09:45","slug":"marta-pulgar-el-gobierno-ha-vuelto-a-caer-en-las-logicas-del-pp","status":"publish","type":"post","link":"https:\/\/www.eldigitaldeasturias.com\/noticias\/marta-pulgar-el-gobierno-ha-vuelto-a-caer-en-las-logicas-del-pp\/","title":{"rendered":"Marta Pulgar: \u00abEl Gobierno ha vuelto a caer en las l\u00f3gicas del PP\u00bb"},"content":{"rendered":"<p>La enmienda de totalidad sobre ingresos registrada por IU \u2013basada en un sistema tributario justo, inspirado en los principios constitucionales de igualdad y progresividad- fue rechazada esta ma\u00f1ana por el resto de grupos parlamentarios, con la excepci\u00f3n de Podemos que se abstuvo.<\/p>\n<p><img loading=\"lazy\" decoding=\"async\" class=\"size-large wp-image-920188 aligncenter\" src=\"https:\/\/www.eldigitaldeasturias.com\/noticias\/wp-content\/uploads\/2016\/12\/Marta-Pulgar-650x269.jpg\" alt=\"\" width=\"650\" height=\"269\" srcset=\"https:\/\/www.eldigitaldeasturias.com\/noticias\/wp-content\/uploads\/2016\/12\/Marta-Pulgar-650x269.jpg 650w, https:\/\/www.eldigitaldeasturias.com\/noticias\/wp-content\/uploads\/2016\/12\/Marta-Pulgar-360x149.jpg 360w, https:\/\/www.eldigitaldeasturias.com\/noticias\/wp-content\/uploads\/2016\/12\/Marta-Pulgar-768x318.jpg 768w, https:\/\/www.eldigitaldeasturias.com\/noticias\/wp-content\/uploads\/2016\/12\/Marta-Pulgar.jpg 996w\" sizes=\"auto, (max-width: 650px) 100vw, 650px\" \/><\/p>\n<p>IU abogaba por la modificaci\u00f3n de la reducci\u00f3n de la base imponible del Impuesto sobre Sucesiones hasta los 150.000 euros; por elevar el Impuesto sobre el Patrimonio, reduciendo el l\u00edmite de la exenci\u00f3n establecida en la legislaci\u00f3n estatal de 700.000, hasta 500.000 \u20ac, a fin de que se incremente el nivel de recaudaci\u00f3n por medio de este tributo y establecer un impuesto sobre bolsas de pl\u00e1stico de un solo uso y otro sobre la eliminaci\u00f3n de residuos en vertederos, que grava este tipo de vertido con el fin de fomentar el reciclaje, lo que provocar\u00e1 un menor impacto medioambiental. El objetivo de IU, como explic\u00f3 la portavoz en el pleno, Marta Pulgar era explicitar que los impuestos no se pagan porque s\u00ed, sino para garantizar la financiaci\u00f3n del estado social y democr\u00e1tico de derecho, frente al discurso de la derecha de que cuanto menos impuestos se paguen m\u00e1s nivel de eficiencia econ\u00f3mica existir\u00e1 y, por tanto, habr\u00e1 m\u00e1s riqueza y bienestar para todos. \u201cEse es el modelo de la Constituci\u00f3n Espa\u00f1ola, el que se ha venido desmantelando en los \u00faltimos a\u00f1os, a trav\u00e9s de pol\u00edticas neoliberales\u201d, explic\u00f3.<\/p>\n<p>La diputada advirti\u00f3 de que las modificaciones que incluye el proyecto de presupuestos, es decir elevar el m\u00ednimo exento en el impuesto de sucesiones hasta 200.000 euros por heredero implicar\u00e1 una p\u00e9rdida de recaudaci\u00f3n anual superior a 15 millones de euros y si, finalmente, a trav\u00e9s de un acuerdo con el PP, el PSOE eleva, a trav\u00e9s de una nueva ley, esa reducci\u00f3n a 300.000 euros la p\u00e9rdida recaudatoria superior a 50 millones de euros. Por el contrario, los impuestos que propone IU significar\u00edan 28 millones de euros m\u00e1s para las arcas p\u00fablicas.<\/p>\n<p>La diputada de IU lanz\u00f3 el reto de abordar el impuesto municipal de plusval\u00edas, que es el impuesto que tienen que pagar los ciudadanos que heredan peque\u00f1os patrimonios y no el de sucesiones, promoviendo en el Estado su eliminaci\u00f3n; tambi\u00e9n el de establecer un mecanismo de armonizaci\u00f3n del impuesto de sucesiones en todo el Estado. Pulgar record\u00f3 que durante el a\u00f1o 2014, seg\u00fan datos de la Consejer\u00eda de Hacienda, algo menos del 4% del total de las herencias entre padres e hijos result\u00f3 gravada por el impuesto de sucesiones, el resto se benefici\u00f3 de la exenci\u00f3n establecida, la de las herencias inferiores a 150.000 euros.<\/p>\n<p>Marta Pulgar record\u00f3 que en un escenario de crisis y de fuerte ca\u00edda de los ingresos, \u201clas administraciones p\u00fablicas no pueden permitirse bajar los impuestos si lo que pretenden es mantener el nivel m\u00ednimo de gastos para sostener el estado de bienestar, donde las pol\u00edticas sociales, de educaci\u00f3n y sanidad\u201d. Tambi\u00e9n que \u201cninguna movimiento ni doctrina puede ser al mismo tiempo de derechas y de izquierdas\u201d, una cuesti\u00f3n que el Gobierno ha \u201cvuelto a hacer, han cedido a la tentaci\u00f3n de entregarse a las l\u00f3gicas del PP, que son los reyes de las rebajas fiscales, que no practican donde gobiernan y llevan a cabo ajustes y recortes\u201d. Unido a esta cuesti\u00f3n Pulgar explicit\u00f3 la abstenci\u00f3n del PSOE con el Gobierno de Mariano Rajoy \u201cy sus consecuencias para los trabajadores\u201d, lo que gener\u00f3 un \u201cclima de desconfianza\u201d que oblig\u00f3 a IU a presentar esta enmienda a la totalidad.<\/p>\n<p>Marta Pulgar tambi\u00e9n apunt\u00f3 al Gobierno las \u201cpiedras en el camino\u201d que suponen \u201csu sectarismo en la relaci\u00f3n con los adversarios pol\u00edticos\u201d y \u201cla gesti\u00f3n burocr\u00e1tica de muchas iniciativas\u201d, que han provocado ineficiencia y desconfianza y sus deficiencias y, por qu\u00e9 no decirlo, \u201cincapacidades\u201d para abordar problemas tales como la integraci\u00f3n de las Escuelas del primer ciclo de educaci\u00f3n infantil, la inseguridad jur\u00eddica de los planes locales de empleo, la gesti\u00f3n compartida con los ayuntamientos del Plan Concertado de Servicios Sociales o, por poner un par de ejemplos para IU muy simb\u00f3licos, como la soluci\u00f3n del problema de los veterinarios de saneamiento despedidos por TRACSATEC o el conflicto y la represi\u00f3n laboral en el Reconquista.<\/p>\n<p>Pese a todas las circunstancias, IU, explic\u00f3 Marta Pulgar no pierde \u201cla esperanza de que se produzca una rectificaci\u00f3n que haga posible volver al \u00fanico camino viable en este parlamento, el del entendimiento de toda la izquierda\u201d para lograr unos presupuestos que permitan garantizar con suficiencia la financiaci\u00f3n de un plan de rescate ciudadano de las personas que m\u00e1s han sufrido la crisis: a trav\u00e9s de una dotaci\u00f3n suficiente para el salario social, la pobreza energ\u00e9tica, la garant\u00eda habitacional, la pobreza infantil, etc. Reforzar los recursos materiales y humanos de la sanidad p\u00fablica, en especial en el \u00e1mbito de la atenci\u00f3n primaria y salud p\u00fablica. Para ampliar la cobertura de la red educativa de 0 a 3 a\u00f1os, en el contexto de un nuevo modelo de gesti\u00f3n negociado con los ayuntamientos y los agentes sociales, y garantizando la cobertura presupuestaria necesaria para financiar el contrato programa con la Universidad, e incluir medidas que resuelvan los problemas de gesti\u00f3n de los planes de empleo locales para que ning\u00fan ayuntamiento tenga que renunciar a solicitarlos; reducir la interinidad de los empleados p\u00fablicos y cumplir los compromisos pendientes con los ayuntamientos asturianos.<\/p>\n<p>Por \u00faltimo, Pulgar reconoci\u00f3 que aunque reconoce que este presupuesto orienta en parte su gasto a la consecuci\u00f3n de estos objetivos, y en no poca medida por la influencia de IU, \u201cno lo hace con la suficiente intensidad por ausencia de recursos, ausencia en parte debida a la falta de ambici\u00f3n del gobierno asturiano en su pol\u00edtica fiscal\u201d. Y concluy\u00f3 \u201cquedan dos a\u00f1os y medio de legislatura, tiempo suficiente para sustraerse a la tentaci\u00f3n de la derecha. No pierdan ni un minuto de ese tiempo y rectifiquen\u201d.<\/p>\n<p>&nbsp;<\/p>\n","protected":false},"excerpt":{"rendered":"<p>La enmienda de totalidad sobre ingresos registrada por IU \u2013basada en un sistema tributario justo, inspirado en los principios constitucionales de igualdad y progresividad- fue rechazada esta ma\u00f1ana por el resto de grupos parlamentarios, con la excepci\u00f3n de Podemos que se abstuvo. IU abogaba por la modificaci\u00f3n de la reducci\u00f3n de la base imponible del [&hellip;]<\/p>\n","protected":false},"author":1,"featured_media":920188,"comment_status":"closed","ping_status":"closed","sticky":false,"template":"","format":"standard","meta":{"footnotes":""},"categories":[141],"tags":[],"class_list":["post-920187","post","type-post","status-publish","format-standard","has-post-thumbnail","hentry","category-destacadas"],"aioseo_notices":[],"aioseo_head":"\n\t\t<!-- All in One SEO Pro 4.9.6.2 - aioseo.com -->\n\t<meta name=\"description\" content=\"La enmienda de totalidad sobre ingresos registrada por IU \u2013basada en un sistema tributario justo, inspirado en los principios constitucionales de igualdad y progresividad- fue rechazada esta ma\u00f1ana por el resto de grupos parlamentarios, con la excepci\u00f3n de Podemos que se abstuvo. IU abogaba por la modificaci\u00f3n de la reducci\u00f3n de la base imponible del\" \/>\n\t<meta name=\"robots\" content=\"max-image-preview:large\" \/>\n\t<meta name=\"author\" content=\"El Digital de Asturias\"\/>\n\t<meta name=\"google-site-verification\" content=\"UA-38556648-1\" \/>\n\t<meta name=\"msvalidate.01\" content=\"7dfe9f3f1b24437ab69f4f2559babe99\" \/>\n\t<meta name=\"keywords\" content=\"destacadas\" \/>\n\t<link rel=\"canonical\" href=\"https:\/\/www.eldigitaldeasturias.com\/noticias\/marta-pulgar-el-gobierno-ha-vuelto-a-caer-en-las-logicas-del-pp\/\" \/>\n\t<meta name=\"generator\" content=\"All in One SEO Pro (AIOSEO) 4.9.6.2\" \/>\n\t\t<meta property=\"og:locale\" content=\"es_ES\" \/>\n\t\t<meta property=\"og:site_name\" content=\"El Digital de Asturias\" \/>\n\t\t<meta property=\"og:type\" content=\"article\" \/>\n\t\t<meta property=\"og:title\" content=\"Marta Pulgar: \u00abEl Gobierno ha vuelto a caer en las l\u00f3gicas del PP\u00bb - El Digital de Asturias\" \/>\n\t\t<meta property=\"og:description\" content=\"La enmienda de totalidad sobre ingresos registrada por IU \u2013basada en un sistema tributario justo, inspirado en los principios constitucionales de igualdad y progresividad- fue rechazada esta ma\u00f1ana por el resto de grupos parlamentarios, con la excepci\u00f3n de Podemos que se abstuvo. IU abogaba por la modificaci\u00f3n de la reducci\u00f3n de la base imponible del\" \/>\n\t\t<meta property=\"og:url\" content=\"https:\/\/www.eldigitaldeasturias.com\/noticias\/marta-pulgar-el-gobierno-ha-vuelto-a-caer-en-las-logicas-del-pp\/\" \/>\n\t\t<meta property=\"og:image\" content=\"https:\/\/www.eldigitaldeasturias.com\/noticias\/wp-content\/uploads\/2016\/12\/Marta-Pulgar.jpg\" \/>\n\t\t<meta property=\"og:image:secure_url\" content=\"https:\/\/www.eldigitaldeasturias.com\/noticias\/wp-content\/uploads\/2016\/12\/Marta-Pulgar.jpg\" \/>\n\t\t<meta property=\"og:image:width\" content=\"996\" \/>\n\t\t<meta property=\"og:image:height\" content=\"412\" \/>\n\t\t<meta property=\"article:tag\" content=\"destacadas\" \/>\n\t\t<meta property=\"article:published_time\" content=\"2016-12-23T15:09:45+00:00\" \/>\n\t\t<meta property=\"article:modified_time\" content=\"2016-12-23T15:09:45+00:00\" \/>\n\t\t<meta property=\"article:publisher\" content=\"https:\/\/facebook.com\/eldigitaldeasturias\" \/>\n\t\t<meta name=\"twitter:card\" content=\"summary_large_image\" \/>\n\t\t<meta name=\"twitter:title\" content=\"Marta Pulgar: \u00abEl Gobierno ha vuelto a caer en las l\u00f3gicas del PP\u00bb - El Digital de Asturias\" \/>\n\t\t<meta name=\"twitter:description\" content=\"La enmienda de totalidad sobre ingresos registrada por IU \u2013basada en un sistema tributario justo, inspirado en los principios constitucionales de igualdad y progresividad- fue rechazada esta ma\u00f1ana por el resto de grupos parlamentarios, con la excepci\u00f3n de Podemos que se abstuvo. IU abogaba por la modificaci\u00f3n de la reducci\u00f3n de la base imponible del\" \/>\n\t\t<meta name=\"twitter:image\" content=\"https:\/\/www.eldigitaldeasturias.com\/noticias\/wp-content\/uploads\/2016\/12\/Marta-Pulgar.jpg\" \/>\n\t\t<meta name=\"twitter:label1\" content=\"Escrito por\" \/>\n\t\t<meta name=\"twitter:data1\" content=\"El Digital de Asturias\" \/>\n\t\t<meta name=\"twitter:label2\" content=\"Tiempo de lectura estimado\" \/>\n\t\t<meta name=\"twitter:data2\" content=\"5 minutos\" \/>\n\t\t<script type=\"application\/ld+json\" class=\"aioseo-schema\">\n\t\t\t{\"@context\":\"https:\\\/\\\/schema.org\",\"@graph\":[{\"@type\":\"BlogPosting\",\"@id\":\"https:\\\/\\\/www.eldigitaldeasturias.com\\\/noticias\\\/marta-pulgar-el-gobierno-ha-vuelto-a-caer-en-las-logicas-del-pp\\\/#blogposting\",\"name\":\"Marta Pulgar: \\u00abEl Gobierno ha vuelto a caer en las l\\u00f3gicas del PP\\u00bb - El Digital de Asturias\",\"headline\":\"Marta Pulgar: \\u00abEl Gobierno ha vuelto a caer en las l\\u00f3gicas del PP\\u00bb\",\"author\":{\"@id\":\"https:\\\/\\\/www.eldigitaldeasturias.com\\\/noticias\\\/author\\\/admin\\\/#author\"},\"publisher\":{\"@id\":\"https:\\\/\\\/www.eldigitaldeasturias.com\\\/noticias\\\/#organization\"},\"image\":{\"@type\":\"ImageObject\",\"url\":\"https:\\\/\\\/www.eldigitaldeasturias.com\\\/noticias\\\/wp-content\\\/uploads\\\/2016\\\/12\\\/Marta-Pulgar.jpg\",\"width\":996,\"height\":412},\"datePublished\":\"2016-12-23T15:09:45+01:00\",\"dateModified\":\"2016-12-23T15:09:45+01:00\",\"inLanguage\":\"es-ES\",\"mainEntityOfPage\":{\"@id\":\"https:\\\/\\\/www.eldigitaldeasturias.com\\\/noticias\\\/marta-pulgar-el-gobierno-ha-vuelto-a-caer-en-las-logicas-del-pp\\\/#webpage\"},\"isPartOf\":{\"@id\":\"https:\\\/\\\/www.eldigitaldeasturias.com\\\/noticias\\\/marta-pulgar-el-gobierno-ha-vuelto-a-caer-en-las-logicas-del-pp\\\/#webpage\"},\"articleSection\":\"Destacadas\"},{\"@type\":\"BreadcrumbList\",\"@id\":\"https:\\\/\\\/www.eldigitaldeasturias.com\\\/noticias\\\/marta-pulgar-el-gobierno-ha-vuelto-a-caer-en-las-logicas-del-pp\\\/#breadcrumblist\",\"itemListElement\":[{\"@type\":\"ListItem\",\"@id\":\"https:\\\/\\\/www.eldigitaldeasturias.com\\\/noticias#listItem\",\"position\":1,\"name\":\"Home\",\"item\":\"https:\\\/\\\/www.eldigitaldeasturias.com\\\/noticias\",\"nextItem\":{\"@type\":\"ListItem\",\"@id\":\"https:\\\/\\\/www.eldigitaldeasturias.com\\\/noticias\\\/category\\\/destacadas\\\/#listItem\",\"name\":\"Destacadas\"}},{\"@type\":\"ListItem\",\"@id\":\"https:\\\/\\\/www.eldigitaldeasturias.com\\\/noticias\\\/category\\\/destacadas\\\/#listItem\",\"position\":2,\"name\":\"Destacadas\",\"item\":\"https:\\\/\\\/www.eldigitaldeasturias.com\\\/noticias\\\/category\\\/destacadas\\\/\",\"nextItem\":{\"@type\":\"ListItem\",\"@id\":\"https:\\\/\\\/www.eldigitaldeasturias.com\\\/noticias\\\/marta-pulgar-el-gobierno-ha-vuelto-a-caer-en-las-logicas-del-pp\\\/#listItem\",\"name\":\"Marta Pulgar: \\u00abEl Gobierno ha vuelto a caer en las l\\u00f3gicas del PP\\u00bb\"},\"previousItem\":{\"@type\":\"ListItem\",\"@id\":\"https:\\\/\\\/www.eldigitaldeasturias.com\\\/noticias#listItem\",\"name\":\"Home\"}},{\"@type\":\"ListItem\",\"@id\":\"https:\\\/\\\/www.eldigitaldeasturias.com\\\/noticias\\\/marta-pulgar-el-gobierno-ha-vuelto-a-caer-en-las-logicas-del-pp\\\/#listItem\",\"position\":3,\"name\":\"Marta Pulgar: \\u00abEl Gobierno ha vuelto a caer en las l\\u00f3gicas del PP\\u00bb\",\"previousItem\":{\"@type\":\"ListItem\",\"@id\":\"https:\\\/\\\/www.eldigitaldeasturias.com\\\/noticias\\\/category\\\/destacadas\\\/#listItem\",\"name\":\"Destacadas\"}}]},{\"@type\":\"Organization\",\"@id\":\"https:\\\/\\\/www.eldigitaldeasturias.com\\\/noticias\\\/#organization\",\"name\":\"El Digital de Asturias\",\"description\":\"Hemeroteca\",\"url\":\"https:\\\/\\\/www.eldigitaldeasturias.com\\\/noticias\\\/\",\"email\":\"info@eldigitaldeasturias.com\",\"telephone\":\"+34652131393\",\"logo\":{\"@type\":\"ImageObject\",\"url\":\"https:\\\/\\\/www.eldigitaldeasturias.com\\\/noticias\\\/wp-content\\\/uploads\\\/2020\\\/12\\\/EDA.jpg\",\"@id\":\"https:\\\/\\\/www.eldigitaldeasturias.com\\\/noticias\\\/marta-pulgar-el-gobierno-ha-vuelto-a-caer-en-las-logicas-del-pp\\\/#organizationLogo\",\"width\":649,\"height\":297},\"image\":{\"@id\":\"https:\\\/\\\/www.eldigitaldeasturias.com\\\/noticias\\\/marta-pulgar-el-gobierno-ha-vuelto-a-caer-en-las-logicas-del-pp\\\/#organizationLogo\"},\"sameAs\":[\"https:\\\/\\\/facebook.com\\\/eldigitaldeasturias\",\"https:\\\/\\\/www.youtube.com\\\/channel\\\/UCZP-2wLEB9Rv6erhFmqVnvg\"],\"address\":{\"@id\":\"https:\\\/\\\/www.eldigitaldeasturias.com\\\/noticias\\\/#postaladdress\",\"@type\":\"PostalAddress\",\"streetAddress\":\"san antonio 4,\",\"postalCode\":\"33430\",\"addressLocality\":\"Cand\\u00e1s\",\"addressRegion\":\"Asturias\",\"addressCountry\":\"ES\"}},{\"@type\":\"Person\",\"@id\":\"https:\\\/\\\/www.eldigitaldeasturias.com\\\/noticias\\\/author\\\/admin\\\/#author\",\"url\":\"https:\\\/\\\/www.eldigitaldeasturias.com\\\/noticias\\\/author\\\/admin\\\/\",\"name\":\"El Digital de Asturias\",\"image\":{\"@type\":\"ImageObject\",\"@id\":\"https:\\\/\\\/www.eldigitaldeasturias.com\\\/noticias\\\/marta-pulgar-el-gobierno-ha-vuelto-a-caer-en-las-logicas-del-pp\\\/#authorImage\",\"url\":\"https:\\\/\\\/www.eldigitaldeasturias.com\\\/noticias\\\/wp-content\\\/litespeed\\\/avatar\\\/18677e78aa0546b92d9dbf31ec7d7668.jpg?ver=1777290358\",\"width\":96,\"height\":96,\"caption\":\"El Digital de Asturias\"}},{\"@type\":\"WebPage\",\"@id\":\"https:\\\/\\\/www.eldigitaldeasturias.com\\\/noticias\\\/marta-pulgar-el-gobierno-ha-vuelto-a-caer-en-las-logicas-del-pp\\\/#webpage\",\"url\":\"https:\\\/\\\/www.eldigitaldeasturias.com\\\/noticias\\\/marta-pulgar-el-gobierno-ha-vuelto-a-caer-en-las-logicas-del-pp\\\/\",\"name\":\"Marta Pulgar: \\u00abEl Gobierno ha vuelto a caer en las l\\u00f3gicas del PP\\u00bb - El Digital de Asturias\",\"description\":\"La enmienda de totalidad sobre ingresos registrada por IU \\u2013basada en un sistema tributario justo, inspirado en los principios constitucionales de igualdad y progresividad- fue rechazada esta ma\\u00f1ana por el resto de grupos parlamentarios, con la excepci\\u00f3n de Podemos que se abstuvo. IU abogaba por la modificaci\\u00f3n de la reducci\\u00f3n de la base imponible del\",\"inLanguage\":\"es-ES\",\"isPartOf\":{\"@id\":\"https:\\\/\\\/www.eldigitaldeasturias.com\\\/noticias\\\/#website\"},\"breadcrumb\":{\"@id\":\"https:\\\/\\\/www.eldigitaldeasturias.com\\\/noticias\\\/marta-pulgar-el-gobierno-ha-vuelto-a-caer-en-las-logicas-del-pp\\\/#breadcrumblist\"},\"author\":{\"@id\":\"https:\\\/\\\/www.eldigitaldeasturias.com\\\/noticias\\\/author\\\/admin\\\/#author\"},\"creator\":{\"@id\":\"https:\\\/\\\/www.eldigitaldeasturias.com\\\/noticias\\\/author\\\/admin\\\/#author\"},\"image\":{\"@type\":\"ImageObject\",\"url\":\"https:\\\/\\\/www.eldigitaldeasturias.com\\\/noticias\\\/wp-content\\\/uploads\\\/2016\\\/12\\\/Marta-Pulgar.jpg\",\"@id\":\"https:\\\/\\\/www.eldigitaldeasturias.com\\\/noticias\\\/marta-pulgar-el-gobierno-ha-vuelto-a-caer-en-las-logicas-del-pp\\\/#mainImage\",\"width\":996,\"height\":412},\"primaryImageOfPage\":{\"@id\":\"https:\\\/\\\/www.eldigitaldeasturias.com\\\/noticias\\\/marta-pulgar-el-gobierno-ha-vuelto-a-caer-en-las-logicas-del-pp\\\/#mainImage\"},\"datePublished\":\"2016-12-23T15:09:45+01:00\",\"dateModified\":\"2016-12-23T15:09:45+01:00\"},{\"@type\":\"WebSite\",\"@id\":\"https:\\\/\\\/www.eldigitaldeasturias.com\\\/noticias\\\/#website\",\"url\":\"https:\\\/\\\/www.eldigitaldeasturias.com\\\/noticias\\\/\",\"name\":\"El Digital de Asturias - Diario de actualidad y noticias\",\"alternateName\":\"El Digital de Asturias - Diario de actualidad y noticias\",\"description\":\"Hemeroteca\",\"inLanguage\":\"es-ES\",\"publisher\":{\"@id\":\"https:\\\/\\\/www.eldigitaldeasturias.com\\\/noticias\\\/#organization\"}}]}\n\t\t<\/script>\n\t\t<!-- All in One SEO Pro -->\r\n\t\t<title>Marta Pulgar: \u00abEl Gobierno ha vuelto a caer en las l\u00f3gicas del PP\u00bb - El Digital de Asturias<\/title>\n\n","aioseo_head_json":{"title":"Marta Pulgar: \u00abEl Gobierno ha vuelto a caer en las l\u00f3gicas del PP\u00bb - El Digital de Asturias","description":"La enmienda de totalidad sobre ingresos registrada por IU \u2013basada en un sistema tributario justo, inspirado en los principios constitucionales de igualdad y progresividad- fue rechazada esta ma\u00f1ana por el resto de grupos parlamentarios, con la excepci\u00f3n de Podemos que se abstuvo. IU abogaba por la modificaci\u00f3n de la reducci\u00f3n de la base imponible del","canonical_url":"https:\/\/www.eldigitaldeasturias.com\/noticias\/marta-pulgar-el-gobierno-ha-vuelto-a-caer-en-las-logicas-del-pp\/","robots":"max-image-preview:large","keywords":"destacadas","webmasterTools":{"google-site-verification":"UA-38556648-1","msvalidate.01":"7dfe9f3f1b24437ab69f4f2559babe99","miscellaneous":""},"schema":{"@context":"https:\/\/schema.org","@graph":[{"@type":"BlogPosting","@id":"https:\/\/www.eldigitaldeasturias.com\/noticias\/marta-pulgar-el-gobierno-ha-vuelto-a-caer-en-las-logicas-del-pp\/#blogposting","name":"Marta Pulgar: \u00abEl Gobierno ha vuelto a caer en las l\u00f3gicas del PP\u00bb - El Digital de Asturias","headline":"Marta Pulgar: \u00abEl Gobierno ha vuelto a caer en las l\u00f3gicas del PP\u00bb","author":{"@id":"https:\/\/www.eldigitaldeasturias.com\/noticias\/author\/admin\/#author"},"publisher":{"@id":"https:\/\/www.eldigitaldeasturias.com\/noticias\/#organization"},"image":{"@type":"ImageObject","url":"https:\/\/www.eldigitaldeasturias.com\/noticias\/wp-content\/uploads\/2016\/12\/Marta-Pulgar.jpg","width":996,"height":412},"datePublished":"2016-12-23T15:09:45+01:00","dateModified":"2016-12-23T15:09:45+01:00","inLanguage":"es-ES","mainEntityOfPage":{"@id":"https:\/\/www.eldigitaldeasturias.com\/noticias\/marta-pulgar-el-gobierno-ha-vuelto-a-caer-en-las-logicas-del-pp\/#webpage"},"isPartOf":{"@id":"https:\/\/www.eldigitaldeasturias.com\/noticias\/marta-pulgar-el-gobierno-ha-vuelto-a-caer-en-las-logicas-del-pp\/#webpage"},"articleSection":"Destacadas"},{"@type":"BreadcrumbList","@id":"https:\/\/www.eldigitaldeasturias.com\/noticias\/marta-pulgar-el-gobierno-ha-vuelto-a-caer-en-las-logicas-del-pp\/#breadcrumblist","itemListElement":[{"@type":"ListItem","@id":"https:\/\/www.eldigitaldeasturias.com\/noticias#listItem","position":1,"name":"Home","item":"https:\/\/www.eldigitaldeasturias.com\/noticias","nextItem":{"@type":"ListItem","@id":"https:\/\/www.eldigitaldeasturias.com\/noticias\/category\/destacadas\/#listItem","name":"Destacadas"}},{"@type":"ListItem","@id":"https:\/\/www.eldigitaldeasturias.com\/noticias\/category\/destacadas\/#listItem","position":2,"name":"Destacadas","item":"https:\/\/www.eldigitaldeasturias.com\/noticias\/category\/destacadas\/","nextItem":{"@type":"ListItem","@id":"https:\/\/www.eldigitaldeasturias.com\/noticias\/marta-pulgar-el-gobierno-ha-vuelto-a-caer-en-las-logicas-del-pp\/#listItem","name":"Marta Pulgar: \u00abEl Gobierno ha vuelto a caer en las l\u00f3gicas del PP\u00bb"},"previousItem":{"@type":"ListItem","@id":"https:\/\/www.eldigitaldeasturias.com\/noticias#listItem","name":"Home"}},{"@type":"ListItem","@id":"https:\/\/www.eldigitaldeasturias.com\/noticias\/marta-pulgar-el-gobierno-ha-vuelto-a-caer-en-las-logicas-del-pp\/#listItem","position":3,"name":"Marta Pulgar: \u00abEl Gobierno ha vuelto a caer en las l\u00f3gicas del PP\u00bb","previousItem":{"@type":"ListItem","@id":"https:\/\/www.eldigitaldeasturias.com\/noticias\/category\/destacadas\/#listItem","name":"Destacadas"}}]},{"@type":"Organization","@id":"https:\/\/www.eldigitaldeasturias.com\/noticias\/#organization","name":"El Digital de Asturias","description":"Hemeroteca","url":"https:\/\/www.eldigitaldeasturias.com\/noticias\/","email":"info@eldigitaldeasturias.com","telephone":"+34652131393","logo":{"@type":"ImageObject","url":"https:\/\/www.eldigitaldeasturias.com\/noticias\/wp-content\/uploads\/2020\/12\/EDA.jpg","@id":"https:\/\/www.eldigitaldeasturias.com\/noticias\/marta-pulgar-el-gobierno-ha-vuelto-a-caer-en-las-logicas-del-pp\/#organizationLogo","width":649,"height":297},"image":{"@id":"https:\/\/www.eldigitaldeasturias.com\/noticias\/marta-pulgar-el-gobierno-ha-vuelto-a-caer-en-las-logicas-del-pp\/#organizationLogo"},"sameAs":["https:\/\/facebook.com\/eldigitaldeasturias","https:\/\/www.youtube.com\/channel\/UCZP-2wLEB9Rv6erhFmqVnvg"],"address":{"@id":"https:\/\/www.eldigitaldeasturias.com\/noticias\/#postaladdress","@type":"PostalAddress","streetAddress":"san antonio 4,","postalCode":"33430","addressLocality":"Cand\u00e1s","addressRegion":"Asturias","addressCountry":"ES"}},{"@type":"Person","@id":"https:\/\/www.eldigitaldeasturias.com\/noticias\/author\/admin\/#author","url":"https:\/\/www.eldigitaldeasturias.com\/noticias\/author\/admin\/","name":"El Digital de Asturias","image":{"@type":"ImageObject","@id":"https:\/\/www.eldigitaldeasturias.com\/noticias\/marta-pulgar-el-gobierno-ha-vuelto-a-caer-en-las-logicas-del-pp\/#authorImage","url":"https:\/\/www.eldigitaldeasturias.com\/noticias\/wp-content\/litespeed\/avatar\/18677e78aa0546b92d9dbf31ec7d7668.jpg?ver=1777290358","width":96,"height":96,"caption":"El Digital de Asturias"}},{"@type":"WebPage","@id":"https:\/\/www.eldigitaldeasturias.com\/noticias\/marta-pulgar-el-gobierno-ha-vuelto-a-caer-en-las-logicas-del-pp\/#webpage","url":"https:\/\/www.eldigitaldeasturias.com\/noticias\/marta-pulgar-el-gobierno-ha-vuelto-a-caer-en-las-logicas-del-pp\/","name":"Marta Pulgar: \u00abEl Gobierno ha vuelto a caer en las l\u00f3gicas del PP\u00bb - El Digital de Asturias","description":"La enmienda de totalidad sobre ingresos registrada por IU \u2013basada en un sistema tributario justo, inspirado en los principios constitucionales de igualdad y progresividad- fue rechazada esta ma\u00f1ana por el resto de grupos parlamentarios, con la excepci\u00f3n de Podemos que se abstuvo. IU abogaba por la modificaci\u00f3n de la reducci\u00f3n de la base imponible del","inLanguage":"es-ES","isPartOf":{"@id":"https:\/\/www.eldigitaldeasturias.com\/noticias\/#website"},"breadcrumb":{"@id":"https:\/\/www.eldigitaldeasturias.com\/noticias\/marta-pulgar-el-gobierno-ha-vuelto-a-caer-en-las-logicas-del-pp\/#breadcrumblist"},"author":{"@id":"https:\/\/www.eldigitaldeasturias.com\/noticias\/author\/admin\/#author"},"creator":{"@id":"https:\/\/www.eldigitaldeasturias.com\/noticias\/author\/admin\/#author"},"image":{"@type":"ImageObject","url":"https:\/\/www.eldigitaldeasturias.com\/noticias\/wp-content\/uploads\/2016\/12\/Marta-Pulgar.jpg","@id":"https:\/\/www.eldigitaldeasturias.com\/noticias\/marta-pulgar-el-gobierno-ha-vuelto-a-caer-en-las-logicas-del-pp\/#mainImage","width":996,"height":412},"primaryImageOfPage":{"@id":"https:\/\/www.eldigitaldeasturias.com\/noticias\/marta-pulgar-el-gobierno-ha-vuelto-a-caer-en-las-logicas-del-pp\/#mainImage"},"datePublished":"2016-12-23T15:09:45+01:00","dateModified":"2016-12-23T15:09:45+01:00"},{"@type":"WebSite","@id":"https:\/\/www.eldigitaldeasturias.com\/noticias\/#website","url":"https:\/\/www.eldigitaldeasturias.com\/noticias\/","name":"El Digital de Asturias - Diario de actualidad y noticias","alternateName":"El Digital de Asturias - Diario de actualidad y noticias","description":"Hemeroteca","inLanguage":"es-ES","publisher":{"@id":"https:\/\/www.eldigitaldeasturias.com\/noticias\/#organization"}}]},"og:locale":"es_ES","og:site_name":"El Digital de Asturias","og:type":"article","og:title":"Marta Pulgar: \u00abEl Gobierno ha vuelto a caer en las l\u00f3gicas del PP\u00bb - El Digital de Asturias","og:description":"La enmienda de totalidad sobre ingresos registrada por IU \u2013basada en un sistema tributario justo, inspirado en los principios constitucionales de igualdad y progresividad- fue rechazada esta ma\u00f1ana por el resto de grupos parlamentarios, con la excepci\u00f3n de Podemos que se abstuvo. IU abogaba por la modificaci\u00f3n de la reducci\u00f3n de la base imponible del","og:url":"https:\/\/www.eldigitaldeasturias.com\/noticias\/marta-pulgar-el-gobierno-ha-vuelto-a-caer-en-las-logicas-del-pp\/","og:image":"https:\/\/www.eldigitaldeasturias.com\/noticias\/wp-content\/uploads\/2016\/12\/Marta-Pulgar.jpg","og:image:secure_url":"https:\/\/www.eldigitaldeasturias.com\/noticias\/wp-content\/uploads\/2016\/12\/Marta-Pulgar.jpg","og:image:width":996,"og:image:height":412,"article:tag":["destacadas"],"article:published_time":"2016-12-23T15:09:45+00:00","article:modified_time":"2016-12-23T15:09:45+00:00","article:publisher":"https:\/\/facebook.com\/eldigitaldeasturias","twitter:card":"summary_large_image","twitter:title":"Marta Pulgar: \u00abEl Gobierno ha vuelto a caer en las l\u00f3gicas del PP\u00bb - El Digital de Asturias","twitter:description":"La enmienda de totalidad sobre ingresos registrada por IU \u2013basada en un sistema tributario justo, inspirado en los principios constitucionales de igualdad y progresividad- fue rechazada esta ma\u00f1ana por el resto de grupos parlamentarios, con la excepci\u00f3n de Podemos que se abstuvo. IU abogaba por la modificaci\u00f3n de la reducci\u00f3n de la base imponible del","twitter:image":"https:\/\/www.eldigitaldeasturias.com\/noticias\/wp-content\/uploads\/2016\/12\/Marta-Pulgar.jpg","twitter:label1":"Escrito por","twitter:data1":"El Digital de Asturias","twitter:label2":"Tiempo de lectura estimado","twitter:data2":"5 minutos"},"aioseo_meta_data":{"post_id":"920187","title":null,"description":null,"keywords":null,"keyphrases":null,"primary_term":null,"canonical_url":null,"og_title":null,"og_description":null,"og_object_type":"default","og_image_type":"default","og_image_url":null,"og_image_width":null,"og_image_height":null,"og_image_custom_url":null,"og_image_custom_fields":null,"og_video":null,"og_custom_url":null,"og_article_section":null,"og_article_tags":null,"twitter_use_og":false,"twitter_card":"default","twitter_image_type":"default","twitter_image_url":null,"twitter_image_custom_url":null,"twitter_image_custom_fields":null,"twitter_title":null,"twitter_description":null,"schema":{"blockGraphs":[],"customGraphs":[],"default":{"data":{"Article":[],"Course":[],"Dataset":[],"FAQPage":[],"Movie":[],"Person":[],"Product":[],"ProductReview":[],"Car":[],"Recipe":[],"Service":[],"SoftwareApplication":[],"WebPage":[]},"graphName":"","isEnabled":true},"graphs":[],"defaultGraph":"","defaultPostTypeGraph":""},"schema_type":null,"schema_type_options":null,"pillar_content":false,"robots_default":true,"robots_noindex":false,"robots_noarchive":false,"robots_nosnippet":false,"robots_nofollow":false,"robots_noimageindex":false,"robots_noodp":false,"robots_notranslate":false,"robots_max_snippet":null,"robots_max_videopreview":null,"robots_max_imagepreview":"large","priority":null,"frequency":null,"local_seo":null,"seo_analyzer_scan_date":"2025-12-02 09:20:16","breadcrumb_settings":null,"limit_modified_date":false,"open_ai":null,"ai":null,"created":"2020-12-21 13:47:49","updated":"2025-12-02 09:20:16"},"aioseo_breadcrumb":"<div class=\"aioseo-breadcrumbs\"><span class=\"aioseo-breadcrumb\">\n\t<a href=\"https:\/\/www.eldigitaldeasturias.com\/noticias\" title=\"Home\">Home<\/a>\n<\/span><span class=\"aioseo-breadcrumb-separator\">\u2013<\/span><span class=\"aioseo-breadcrumb\">\n\t<a href=\"https:\/\/www.eldigitaldeasturias.com\/noticias\/category\/destacadas\/\" title=\"Destacadas\">Destacadas<\/a>\n<\/span><span class=\"aioseo-breadcrumb-separator\">\u2013<\/span><span class=\"aioseo-breadcrumb\">\n\t<a href=\"https:\/\/www.eldigitaldeasturias.com\/noticias\/marta-pulgar-el-gobierno-ha-vuelto-a-caer-en-las-logicas-del-pp\/\" title=\"Marta Pulgar: \u00abEl Gobierno ha vuelto a caer en las l\u00f3gicas del PP\u00bb\">Marta Pulgar: \u00abEl Gobierno ha vuelto a caer en las l\u00f3gicas del PP\u00bb<\/a>\n<\/span><\/div>","aioseo_breadcrumb_json":[{"label":"Home","link":"https:\/\/www.eldigitaldeasturias.com\/noticias"},{"label":"Destacadas","link":"https:\/\/www.eldigitaldeasturias.com\/noticias\/category\/destacadas\/"},{"label":"Marta Pulgar: \u00abEl Gobierno ha vuelto a caer en las l\u00f3gicas del PP\u00bb","link":"https:\/\/www.eldigitaldeasturias.com\/noticias\/marta-pulgar-el-gobierno-ha-vuelto-a-caer-en-las-logicas-del-pp\/"}],"_links":{"self":[{"href":"https:\/\/www.eldigitaldeasturias.com\/noticias\/wp-json\/wp\/v2\/posts\/920187","targetHints":{"allow":["GET"]}}],"collection":[{"href":"https:\/\/www.eldigitaldeasturias.com\/noticias\/wp-json\/wp\/v2\/posts"}],"about":[{"href":"https:\/\/www.eldigitaldeasturias.com\/noticias\/wp-json\/wp\/v2\/types\/post"}],"author":[{"embeddable":true,"href":"https:\/\/www.eldigitaldeasturias.com\/noticias\/wp-json\/wp\/v2\/users\/1"}],"replies":[{"embeddable":true,"href":"https:\/\/www.eldigitaldeasturias.com\/noticias\/wp-json\/wp\/v2\/comments?post=920187"}],"version-history":[{"count":0,"href":"https:\/\/www.eldigitaldeasturias.com\/noticias\/wp-json\/wp\/v2\/posts\/920187\/revisions"}],"wp:featuredmedia":[{"embeddable":true,"href":"https:\/\/www.eldigitaldeasturias.com\/noticias\/wp-json\/wp\/v2\/media\/920188"}],"wp:attachment":[{"href":"https:\/\/www.eldigitaldeasturias.com\/noticias\/wp-json\/wp\/v2\/media?parent=920187"}],"wp:term":[{"taxonomy":"category","embeddable":true,"href":"https:\/\/www.eldigitaldeasturias.com\/noticias\/wp-json\/wp\/v2\/categories?post=920187"},{"taxonomy":"post_tag","embeddable":true,"href":"https:\/\/www.eldigitaldeasturias.com\/noticias\/wp-json\/wp\/v2\/tags?post=920187"}],"curies":[{"name":"wp","href":"https:\/\/api.w.org\/{rel}","templated":true}]}}