{"id":919911,"date":"2016-12-21T06:30:35","date_gmt":"2016-12-21T06:30:35","guid":{"rendered":"http:\/\/www.eldigitaldeasturias.com\/noticias\/?p=919911"},"modified":"2016-12-21T06:30:35","modified_gmt":"2016-12-21T06:30:35","slug":"la-dgt-presenta-el-dispositivo-especial-de-seguridad-vial-para-esta-navidad","status":"publish","type":"post","link":"https:\/\/www.eldigitaldeasturias.com\/noticias\/la-dgt-presenta-el-dispositivo-especial-de-seguridad-vial-para-esta-navidad\/","title":{"rendered":"La DGT presenta el dispositivo especial de seguridad vial para esta Navidad"},"content":{"rendered":"<p><img loading=\"lazy\" decoding=\"async\" class=\"alignleft size-medium wp-image-773873\" src=\"https:\/\/www.eldigitaldeasturias.com\/noticias\/wp-content\/uploads\/2015\/03\/carretera-360x239.jpg\" alt=\"\" width=\"360\" height=\"239\" srcset=\"https:\/\/www.eldigitaldeasturias.com\/noticias\/wp-content\/uploads\/2015\/03\/carretera-360x239.jpg 360w, https:\/\/www.eldigitaldeasturias.com\/noticias\/wp-content\/uploads\/2015\/03\/carretera.jpg 496w\" sizes=\"auto, (max-width: 360px) 100vw, 360px\" \/>El director general de tr\u00e1fico, Gregorio Serrano, ha presentado el dispositivo especial que la Direcci\u00f3n General de Tr\u00e1fico ha preparado para velar por la seguridad y fluidez de los 16,7 millones de desplazamientos previstos por carretera para el periodo navide\u00f1o 2016-2017 y la nueva campa\u00f1a de concienciaci\u00f3n del Organismo en la que se muestra la cara m\u00e1s desconocida de Tr\u00e1fico.<\/p>\n<p>Durante la presentaci\u00f3n del operativo, Gregorio Serrano ha estado acompa\u00f1ado por el General de la Agrupaci\u00f3n de Tr\u00e1fico de la Guardia Civil, Benito Salcedo y por el Subdirector de Movilidad, Jaime Moreno.<\/p>\n<p>El director general de Tr\u00e1fico ha destacado \u201cla responsabilidad que todos tenemos en realizar una conducci\u00f3n responsable y respetuosa con el resto de usuarios de la v\u00eda, ya que tanto conductores, como peatones, ciclistas o motoristas compartimos un \u00fanico espacio para desplazarnos\u201d. Adem\u00e1s ha a\u00f1adido que \u201cla convivencia es requisito esencial en muchas facetas de la vida, en especial cuando hablamos de movilidad\u201d.<\/p>\n<p>El dispositivo comenzar\u00e1 a las 15.00 horas del viernes 23 de diciembre y finalizar\u00e1 el domingo 8 de enero de 2017.<\/p>\n<p>Como viene siendo habitual en los \u00faltimos a\u00f1os, hay determinados d\u00edas en los que se producir\u00e1 mayor n\u00famero de desplazamientos, coincidiendo con Nochebuena, Nochevieja y Reyes, pero el operativo estar\u00e1 activo durante los 17 d\u00edas que comprende el periodo navide\u00f1o.<\/p>\n<p>\u00b7 1\u00aa fase: \u201cNavidad\u201d que se desarrollar\u00e1 desde el viernes 23 al lunes 26 de diciembre, al ser festivo en todas las comunidades aut\u00f3nomas excepto Canarias, Galicia, Pa\u00eds Vasco y La Rioja.<\/p>\n<p>\u00b7 2\u00aa fase: \u201dFin de a\u00f1o\u201d. Se prolongar\u00e1 desde el viernes 30 de diciembre hasta el 2 de enero al ser festivo Andaluc\u00eda, Arag\u00f3n, Asturias, Castilla Y Le\u00f3n, Murcia y Melilla.<\/p>\n<p>\u00b7 3\u00aa fase: \u201cReyes\u201d. Final de la operaci\u00f3n especial y que se desarrollar\u00e1 del jueves 5 al domingo 8 de enero de 2017.<\/p>\n<p>Las carreteras m\u00e1s afectadas ser\u00e1n las que tengan como destinos principales los lugares de segunda residencia, zonas de monta\u00f1a para la pr\u00e1ctica de deportes de invierno y de atracci\u00f3n tur\u00edstica invernal, al igual que las \u00e1reas de grandes centros comerciales.<\/p>\n<p>Por el hecho de tratarse de fechas invernales y propicias para celebraciones, Gregorio Serrano ha recordado \u201cla importancia de no consumir bebidas alcoh\u00f3licas ni otras drogas si se va a conducir; poner la atenci\u00f3n m\u00e1xima en los trayectos cortos y nocturnos y prestar atenci\u00f3n a las condiciones meteorol\u00f3gicas adversas que pueden aparecer en cualquier momento\u201d.<\/p>\n<p><strong>OBJETIVOS DEL DISPOSITIVO<\/strong><\/p>\n<p>El dispositivo previsto tiene como objetivos principales:<\/p>\n<p>\u00b7 Facilitar la movilidad y fluidez del tr\u00e1fico, as\u00ed como velar por su seguridad vial en las carreteras, accesos a zonas tur\u00edsticas y de monta\u00f1a y accesos a grandes n\u00facleos urbanos, donde se prev\u00e9n desplazamientos masivos de veh\u00edculos. Las horas m\u00e1s desfavorables para circular se pueden consultar en dgt.es<\/p>\n<p>\u00b7 Mantener las debidas condiciones de seguridad vial y la circulaci\u00f3n para toda clase de veh\u00edculos en las carreteras con tramos o zonas afectadas por condiciones meteorol\u00f3gicas adversas (niebla, hielo, nieve, lluvia o viento)<\/p>\n<p>\u00b7 Ayudar y vigilar a los usuarios de la carretera a trav\u00e9s de los agentes de la Agrupaci\u00f3n de Tr\u00e1fico de la Guardia Civil, helic\u00f3pteros y c\u00e1maras de televisi\u00f3n instaladas en las carreteras.<\/p>\n<p>\u00b7 Informar de forma puntual y gratuita sobre cualquier incidencia en carretera a trav\u00e9s de los medios de los que dispone la DGT: APP DGT, redes sociales @DGTes y @InformacionDGT, p\u00e1gina web, tel\u00e9fono 011 y en las numerosas conexiones de radio que realiza el Servicio de Informaci\u00f3n de Tr\u00e1fico en las distintas emisoras nacionales y locales.<\/p>\n<p><strong>MEDIDAS Y MEDIOS<\/strong><\/p>\n<p>Para que los desplazamientos se produzcan con normalidad, la DGT ha previsto las siguientes medidas:<\/p>\n<p>\u00b7 La instalaci\u00f3n de carriles adicionales en las carreteras que registren mayores intensidades de circulaci\u00f3n, sobre todo en las proximidades de los grandes n\u00facleos urbanos.<\/p>\n<p>\u00b7 La restricci\u00f3n de la circulaci\u00f3n en ciertos d\u00edas, tramos y horas de la circulaci\u00f3n de camiones. Las restricciones concretas se pueden consultar en la Web<\/p>\n<p>\u00b7 Paralizaci\u00f3n de las obras que actualmente se est\u00e1n realizando en la red viaria espa\u00f1ola y supresi\u00f3n de la celebraci\u00f3n de pruebas deportivas y otros eventos que supongan ocupaci\u00f3n de la calzada.<\/p>\n<p>\u00b7 Intensificar los controles de velocidad sobre todo en carreteras convencionales y los de alcoholemia y drogas en cualquier carretera y a cualquier hora del d\u00eda como instrumentos para la prevenci\u00f3n de accidentes en carretera.<\/p>\n<p>Para llevar a cabo todo este dispositivo, Tr\u00e1fico cuenta con:<\/p>\n<p>\u00b7 Personal de la Direcci\u00f3n General de Tr\u00e1fico y de otras entidades.<\/p>\n<p>\u00b7 Alrededor de 10.000 agentes de la Agrupaci\u00f3n de Tr\u00e1fico de la Guardia Civil.<\/p>\n<p>\u00b7 M\u00e1s de 800 funcionarios y personal t\u00e9cnico especializado que atienden labores de supervisi\u00f3n, regulaci\u00f3n e informaci\u00f3n en los distintos centros de Gesti\u00f3n del Tr\u00e1fico.<\/p>\n<p>\u00b7 M\u00e1s de 13.000 empleados de las empresas de conservaci\u00f3n y explotaci\u00f3n y de las v\u00edas en r\u00e9gimen de concesi\u00f3n dependientes de Ministerio de Fomento y del resto de los titulares de carreteras y personal de los servicios de emergencia, tanto sanitarios como bomberos.<\/p>\n<p>Adem\u00e1s de los medios humanos, la DGT cuenta con sistemas instalados en las carreteras que permiten conocer el estado de la circulaci\u00f3n y comunicar las incidencias a los conductores:<\/p>\n<p>\u00b7 1.628 c\u00e1maras de televisi\u00f3n.<\/p>\n<p>\u00b7 2.409 estaciones de toma de datos.<\/p>\n<p>\u00b7 2.251 paneles de mensaje variable.<\/p>\n<p>\u00b7 Tambi\u00e9n 12 helic\u00f3pteros que act\u00faan en misiones de vigilancia desde sus bases de Madrid, Valencia, M\u00e1laga, Sevilla, Zaragoza, Valladolid y A Coru\u00f1a, 8 de ellos equipados con el sistema de radar Pegasus.<\/p>\n<p><strong>PREVENCI\u00d3N Y PRUDENCIA<\/strong><\/p>\n<p>Pese a que son mensajes ya conocidos por todos los conductores, el ministro del Interior ha recordado la importancia de respetar las normas de circulaci\u00f3n y realizar una conducci\u00f3n responsable.<\/p>\n<p>Adem\u00e1s, se aconseja:<\/p>\n<p>\u00b7 Antes de emprender el viaje, prep\u00e1relo e inf\u00f3rmese del estado de circulaci\u00f3n de las carreteras y de las condiciones meteorol\u00f3gicas a trav\u00e9s de los medios de los que dispone este Organismo.<\/p>\n<p>\u00b7 Debido a la \u00e9poca del a\u00f1o en la que nos encontramos, la lluvia, el viento, la niebla pueden aparecer durante el viaje. En estos casos la visibilidad es menor, por eso es conveniente circular con las luces encendidas durante el d\u00eda, reducir la velocidad y aumentar la distancia de seguridad.<\/p>\n<p>\u00b7 Imprescindible disponer de cadenas o neum\u00e1ticos de invierno, sobre todo para viajes por zonas monta\u00f1osas. Adem\u00e1s revisar peri\u00f3dicamente que los parabrisas est\u00e9n en perfecto estado, por seguridad y econom\u00eda<\/p>\n<p>\u00b7 Durante el viaje realice descansos cada dos horas. La desatenci\u00f3n en la conducci\u00f3n es una de las principales causas de accidente.<\/p>\n<p>\u00b7 Especial atenci\u00f3n a losdesplazamientos cortosy por carreteras secundarias, ya que en ellos suelen producirse una gran cantidad de accidentes por un exceso de confianza y la menor adopci\u00f3n de medidas de seguridad.Todas las precauciones se deben aplicar tambi\u00e9n en estos viajes cortos.<\/p>\n<p>\u00b7 Todos los ocupantes del veh\u00edculo tienen que llevar siempre puesto el cintur\u00f3n de seguridad y los menores ir adecuadamente sujetos con su sistemas de retenci\u00f3n infantil. Si los menores miden menos de 135 cm deben ir situados en los asientos traseros.<\/p>\n<p>\u00b7 No consumir bebidas alcoh\u00f3licas ni otro tipo de drogas si se va a conducir ya que se intensificar\u00e1n los controles en carretera.<\/p>\n<p>\u00b7 Las motos, son especialmente vulnerables, sobre todo en las curvas y en las carreteras secundarias. Prudencia a los motoristas.<\/p>\n<p>\u00b7 Atenci\u00f3n y respeto a los ciclistas que podamos encontrar en carretera. Est\u00e1 prohibido adelantar a un ciclista si dicha maniobra puede poner en peligro o entorpecer la marcha de los mismos y en todo caso, se debe guardar una separaci\u00f3n lateral m\u00ednima de metro y medio con el ciclista si se va a adelantar.<\/p>\n<p><strong>CAMPA\u00d1A DIVULGATIVA \u201c Desde siempre a tu lado\u201d<\/strong><\/p>\n<p>El director general de Tr\u00e1fico tambi\u00e9n ha presentado la nueva campa\u00f1a divulgativa, en la que se muestra la cara m\u00e1s desconocida de esta direcci\u00f3n general, un organismo que forma parte de la vida de muchos ciudadanos y que ha ido evolucionando a medida que la sociedad ha avanzado.<\/p>\n<p>Los nervios para obtener el permiso de conducir, la documentaci\u00f3n del primer coche, los desplazamientos diarios o festivos, las inconfundibles voces de los profesionales que informan de la situaci\u00f3n del tr\u00e1fico, las aplicaciones que nos alertan de la presencia de ciclistas, peatones o incidencias en las v\u00edas, los tr\u00e1mites telem\u00e1ticos y en un futuro la interconectividad de veh\u00edculos\u2026.. son solo algunos de los m\u00faltiples servicios que ofrece este Organismo.<\/p>\n<p>Con un tono amable, el anuncio repasa la vida de dos personajes diferentes (con los que cualquier ciudadano puede identificarse), a trav\u00e9s de los kil\u00f3metros que han recorrido en su vida hasta llegar a la situaci\u00f3n actual. De este modo, se puede ver la evoluci\u00f3n \u201cDe Ana a la doctora Ana S\u00e1nchez\u201d o \u201cDe Carlos al papa de Isabel\u201d.<\/p>\n<p>Para ello se ha utilizado e incluido el concepto de campa\u00f1a \u201cTu vida es un gran trayecto. Nuestro trabajo, ayudarte a recorrerlo ofreci\u00e9ndote todo lo necesario para que llegues seguro hasta donde quieras llegar. Desde siempre a t\u00fa lado\u201d<\/p>\n<p>La campa\u00f1a se emitir\u00e1 desde ma\u00f1ana mi\u00e9rcoles 21 de diciembre hasta el 4 de enero. Est\u00e1 compuesta por dos anuncios de 20\u201d y 30\u201d que podr\u00e1n verse en las televisiones, y versiones de 45\u201d para redes sociales y cine. Asimismo, se podr\u00e1n escuchar cuatro cu\u00f1as diferentes en emisoras de radio nacionales y locales. En los medios impresos tambi\u00e9n se insertar\u00e1 una gr\u00e1fica del mismo.<\/p>\n<p>FUENTE DGT<\/p>\n<p>&nbsp;<\/p>\n","protected":false},"excerpt":{"rendered":"<p>El director general de tr\u00e1fico, Gregorio Serrano, ha presentado el dispositivo especial que la Direcci\u00f3n General de Tr\u00e1fico ha preparado para velar por la seguridad y fluidez de los 16,7 millones de desplazamientos previstos por carretera para el periodo navide\u00f1o 2016-2017 y la nueva campa\u00f1a de concienciaci\u00f3n del Organismo en la que se muestra la [&hellip;]<\/p>\n","protected":false},"author":1,"featured_media":788398,"comment_status":"closed","ping_status":"closed","sticky":false,"template":"","format":"standard","meta":{"footnotes":""},"categories":[141],"tags":[],"class_list":["post-919911","post","type-post","status-publish","format-standard","has-post-thumbnail","hentry","category-destacadas"],"aioseo_notices":[],"aioseo_head":"\n\t\t<!-- All in One SEO Pro 4.9.6.2 - aioseo.com -->\n\t<meta name=\"description\" content=\"El director general de tr\u00e1fico, Gregorio Serrano, ha presentado el dispositivo especial que la Direcci\u00f3n General de Tr\u00e1fico ha preparado para velar por la seguridad y fluidez de los 16,7 millones de desplazamientos previstos por carretera para el periodo navide\u00f1o 2016-2017 y la nueva campa\u00f1a de concienciaci\u00f3n del Organismo en la que se muestra la\" \/>\n\t<meta name=\"robots\" content=\"max-image-preview:large\" \/>\n\t<meta name=\"author\" content=\"El Digital de Asturias\"\/>\n\t<meta name=\"google-site-verification\" content=\"UA-38556648-1\" \/>\n\t<meta name=\"msvalidate.01\" content=\"7dfe9f3f1b24437ab69f4f2559babe99\" \/>\n\t<meta name=\"keywords\" content=\"destacadas\" \/>\n\t<link rel=\"canonical\" href=\"https:\/\/www.eldigitaldeasturias.com\/noticias\/la-dgt-presenta-el-dispositivo-especial-de-seguridad-vial-para-esta-navidad\/\" \/>\n\t<meta name=\"generator\" content=\"All in One SEO Pro (AIOSEO) 4.9.6.2\" \/>\n\t\t<meta property=\"og:locale\" content=\"es_ES\" \/>\n\t\t<meta property=\"og:site_name\" content=\"El Digital de Asturias\" \/>\n\t\t<meta property=\"og:type\" content=\"article\" \/>\n\t\t<meta property=\"og:title\" content=\"La DGT presenta el dispositivo especial de seguridad vial para esta Navidad - El Digital de Asturias\" \/>\n\t\t<meta property=\"og:description\" content=\"El director general de tr\u00e1fico, Gregorio Serrano, ha presentado el dispositivo especial que la Direcci\u00f3n General de Tr\u00e1fico ha preparado para velar por la seguridad y fluidez de los 16,7 millones de desplazamientos previstos por carretera para el periodo navide\u00f1o 2016-2017 y la nueva campa\u00f1a de concienciaci\u00f3n del Organismo en la que se muestra la\" \/>\n\t\t<meta property=\"og:url\" content=\"https:\/\/www.eldigitaldeasturias.com\/noticias\/la-dgt-presenta-el-dispositivo-especial-de-seguridad-vial-para-esta-navidad\/\" \/>\n\t\t<meta property=\"og:image\" content=\"https:\/\/www.eldigitaldeasturias.com\/noticias\/wp-content\/uploads\/2015\/06\/carretera.jpg\" \/>\n\t\t<meta property=\"og:image:secure_url\" content=\"https:\/\/www.eldigitaldeasturias.com\/noticias\/wp-content\/uploads\/2015\/06\/carretera.jpg\" \/>\n\t\t<meta property=\"og:image:width\" content=\"800\" \/>\n\t\t<meta property=\"og:image:height\" content=\"534\" \/>\n\t\t<meta property=\"article:tag\" content=\"destacadas\" \/>\n\t\t<meta property=\"article:published_time\" content=\"2016-12-21T06:30:35+00:00\" \/>\n\t\t<meta property=\"article:modified_time\" content=\"2016-12-21T06:30:35+00:00\" \/>\n\t\t<meta property=\"article:publisher\" content=\"https:\/\/facebook.com\/eldigitaldeasturias\" \/>\n\t\t<meta name=\"twitter:card\" content=\"summary_large_image\" \/>\n\t\t<meta name=\"twitter:title\" content=\"La DGT presenta el dispositivo especial de seguridad vial para esta Navidad - El Digital de Asturias\" \/>\n\t\t<meta name=\"twitter:description\" content=\"El director general de tr\u00e1fico, Gregorio Serrano, ha presentado el dispositivo especial que la Direcci\u00f3n General de Tr\u00e1fico ha preparado para velar por la seguridad y fluidez de los 16,7 millones de desplazamientos previstos por carretera para el periodo navide\u00f1o 2016-2017 y la nueva campa\u00f1a de concienciaci\u00f3n del Organismo en la que se muestra la\" \/>\n\t\t<meta name=\"twitter:image\" content=\"https:\/\/www.eldigitaldeasturias.com\/noticias\/wp-content\/uploads\/2015\/06\/carretera.jpg\" \/>\n\t\t<meta name=\"twitter:label1\" content=\"Escrito por\" \/>\n\t\t<meta name=\"twitter:data1\" content=\"El Digital de Asturias\" \/>\n\t\t<meta name=\"twitter:label2\" content=\"Tiempo de lectura estimado\" \/>\n\t\t<meta name=\"twitter:data2\" content=\"8 minutos\" \/>\n\t\t<script type=\"application\/ld+json\" class=\"aioseo-schema\">\n\t\t\t{\"@context\":\"https:\\\/\\\/schema.org\",\"@graph\":[{\"@type\":\"BlogPosting\",\"@id\":\"https:\\\/\\\/www.eldigitaldeasturias.com\\\/noticias\\\/la-dgt-presenta-el-dispositivo-especial-de-seguridad-vial-para-esta-navidad\\\/#blogposting\",\"name\":\"La DGT presenta el dispositivo especial de seguridad vial para esta Navidad - El Digital de Asturias\",\"headline\":\"La DGT presenta el dispositivo especial de seguridad vial para esta Navidad\",\"author\":{\"@id\":\"https:\\\/\\\/www.eldigitaldeasturias.com\\\/noticias\\\/author\\\/admin\\\/#author\"},\"publisher\":{\"@id\":\"https:\\\/\\\/www.eldigitaldeasturias.com\\\/noticias\\\/#organization\"},\"image\":{\"@type\":\"ImageObject\",\"url\":\"https:\\\/\\\/www.eldigitaldeasturias.com\\\/noticias\\\/wp-content\\\/uploads\\\/2015\\\/06\\\/carretera.jpg\",\"width\":800,\"height\":534},\"datePublished\":\"2016-12-21T06:30:35+01:00\",\"dateModified\":\"2016-12-21T06:30:35+01:00\",\"inLanguage\":\"es-ES\",\"mainEntityOfPage\":{\"@id\":\"https:\\\/\\\/www.eldigitaldeasturias.com\\\/noticias\\\/la-dgt-presenta-el-dispositivo-especial-de-seguridad-vial-para-esta-navidad\\\/#webpage\"},\"isPartOf\":{\"@id\":\"https:\\\/\\\/www.eldigitaldeasturias.com\\\/noticias\\\/la-dgt-presenta-el-dispositivo-especial-de-seguridad-vial-para-esta-navidad\\\/#webpage\"},\"articleSection\":\"Destacadas\"},{\"@type\":\"BreadcrumbList\",\"@id\":\"https:\\\/\\\/www.eldigitaldeasturias.com\\\/noticias\\\/la-dgt-presenta-el-dispositivo-especial-de-seguridad-vial-para-esta-navidad\\\/#breadcrumblist\",\"itemListElement\":[{\"@type\":\"ListItem\",\"@id\":\"https:\\\/\\\/www.eldigitaldeasturias.com\\\/noticias#listItem\",\"position\":1,\"name\":\"Home\",\"item\":\"https:\\\/\\\/www.eldigitaldeasturias.com\\\/noticias\",\"nextItem\":{\"@type\":\"ListItem\",\"@id\":\"https:\\\/\\\/www.eldigitaldeasturias.com\\\/noticias\\\/category\\\/destacadas\\\/#listItem\",\"name\":\"Destacadas\"}},{\"@type\":\"ListItem\",\"@id\":\"https:\\\/\\\/www.eldigitaldeasturias.com\\\/noticias\\\/category\\\/destacadas\\\/#listItem\",\"position\":2,\"name\":\"Destacadas\",\"item\":\"https:\\\/\\\/www.eldigitaldeasturias.com\\\/noticias\\\/category\\\/destacadas\\\/\",\"nextItem\":{\"@type\":\"ListItem\",\"@id\":\"https:\\\/\\\/www.eldigitaldeasturias.com\\\/noticias\\\/la-dgt-presenta-el-dispositivo-especial-de-seguridad-vial-para-esta-navidad\\\/#listItem\",\"name\":\"La DGT presenta el dispositivo especial de seguridad vial para esta Navidad\"},\"previousItem\":{\"@type\":\"ListItem\",\"@id\":\"https:\\\/\\\/www.eldigitaldeasturias.com\\\/noticias#listItem\",\"name\":\"Home\"}},{\"@type\":\"ListItem\",\"@id\":\"https:\\\/\\\/www.eldigitaldeasturias.com\\\/noticias\\\/la-dgt-presenta-el-dispositivo-especial-de-seguridad-vial-para-esta-navidad\\\/#listItem\",\"position\":3,\"name\":\"La DGT presenta el dispositivo especial de seguridad vial para esta Navidad\",\"previousItem\":{\"@type\":\"ListItem\",\"@id\":\"https:\\\/\\\/www.eldigitaldeasturias.com\\\/noticias\\\/category\\\/destacadas\\\/#listItem\",\"name\":\"Destacadas\"}}]},{\"@type\":\"Organization\",\"@id\":\"https:\\\/\\\/www.eldigitaldeasturias.com\\\/noticias\\\/#organization\",\"name\":\"El Digital de Asturias\",\"description\":\"Hemeroteca\",\"url\":\"https:\\\/\\\/www.eldigitaldeasturias.com\\\/noticias\\\/\",\"email\":\"info@eldigitaldeasturias.com\",\"telephone\":\"+34652131393\",\"logo\":{\"@type\":\"ImageObject\",\"url\":\"https:\\\/\\\/www.eldigitaldeasturias.com\\\/noticias\\\/wp-content\\\/uploads\\\/2020\\\/12\\\/EDA.jpg\",\"@id\":\"https:\\\/\\\/www.eldigitaldeasturias.com\\\/noticias\\\/la-dgt-presenta-el-dispositivo-especial-de-seguridad-vial-para-esta-navidad\\\/#organizationLogo\",\"width\":649,\"height\":297},\"image\":{\"@id\":\"https:\\\/\\\/www.eldigitaldeasturias.com\\\/noticias\\\/la-dgt-presenta-el-dispositivo-especial-de-seguridad-vial-para-esta-navidad\\\/#organizationLogo\"},\"sameAs\":[\"https:\\\/\\\/facebook.com\\\/eldigitaldeasturias\",\"https:\\\/\\\/www.youtube.com\\\/channel\\\/UCZP-2wLEB9Rv6erhFmqVnvg\"],\"address\":{\"@id\":\"https:\\\/\\\/www.eldigitaldeasturias.com\\\/noticias\\\/#postaladdress\",\"@type\":\"PostalAddress\",\"streetAddress\":\"san antonio 4,\",\"postalCode\":\"33430\",\"addressLocality\":\"Cand\\u00e1s\",\"addressRegion\":\"Asturias\",\"addressCountry\":\"ES\"}},{\"@type\":\"Person\",\"@id\":\"https:\\\/\\\/www.eldigitaldeasturias.com\\\/noticias\\\/author\\\/admin\\\/#author\",\"url\":\"https:\\\/\\\/www.eldigitaldeasturias.com\\\/noticias\\\/author\\\/admin\\\/\",\"name\":\"El Digital de Asturias\",\"image\":{\"@type\":\"ImageObject\",\"@id\":\"https:\\\/\\\/www.eldigitaldeasturias.com\\\/noticias\\\/la-dgt-presenta-el-dispositivo-especial-de-seguridad-vial-para-esta-navidad\\\/#authorImage\",\"url\":\"https:\\\/\\\/www.eldigitaldeasturias.com\\\/noticias\\\/wp-content\\\/litespeed\\\/avatar\\\/18677e78aa0546b92d9dbf31ec7d7668.jpg?ver=1777290358\",\"width\":96,\"height\":96,\"caption\":\"El Digital de Asturias\"}},{\"@type\":\"WebPage\",\"@id\":\"https:\\\/\\\/www.eldigitaldeasturias.com\\\/noticias\\\/la-dgt-presenta-el-dispositivo-especial-de-seguridad-vial-para-esta-navidad\\\/#webpage\",\"url\":\"https:\\\/\\\/www.eldigitaldeasturias.com\\\/noticias\\\/la-dgt-presenta-el-dispositivo-especial-de-seguridad-vial-para-esta-navidad\\\/\",\"name\":\"La DGT presenta el dispositivo especial de seguridad vial para esta Navidad - El Digital de Asturias\",\"description\":\"El director general de tr\\u00e1fico, Gregorio Serrano, ha presentado el dispositivo especial que la Direcci\\u00f3n General de Tr\\u00e1fico ha preparado para velar por la seguridad y fluidez de los 16,7 millones de desplazamientos previstos por carretera para el periodo navide\\u00f1o 2016-2017 y la nueva campa\\u00f1a de concienciaci\\u00f3n del Organismo en la que se muestra la\",\"inLanguage\":\"es-ES\",\"isPartOf\":{\"@id\":\"https:\\\/\\\/www.eldigitaldeasturias.com\\\/noticias\\\/#website\"},\"breadcrumb\":{\"@id\":\"https:\\\/\\\/www.eldigitaldeasturias.com\\\/noticias\\\/la-dgt-presenta-el-dispositivo-especial-de-seguridad-vial-para-esta-navidad\\\/#breadcrumblist\"},\"author\":{\"@id\":\"https:\\\/\\\/www.eldigitaldeasturias.com\\\/noticias\\\/author\\\/admin\\\/#author\"},\"creator\":{\"@id\":\"https:\\\/\\\/www.eldigitaldeasturias.com\\\/noticias\\\/author\\\/admin\\\/#author\"},\"image\":{\"@type\":\"ImageObject\",\"url\":\"https:\\\/\\\/www.eldigitaldeasturias.com\\\/noticias\\\/wp-content\\\/uploads\\\/2015\\\/06\\\/carretera.jpg\",\"@id\":\"https:\\\/\\\/www.eldigitaldeasturias.com\\\/noticias\\\/la-dgt-presenta-el-dispositivo-especial-de-seguridad-vial-para-esta-navidad\\\/#mainImage\",\"width\":800,\"height\":534},\"primaryImageOfPage\":{\"@id\":\"https:\\\/\\\/www.eldigitaldeasturias.com\\\/noticias\\\/la-dgt-presenta-el-dispositivo-especial-de-seguridad-vial-para-esta-navidad\\\/#mainImage\"},\"datePublished\":\"2016-12-21T06:30:35+01:00\",\"dateModified\":\"2016-12-21T06:30:35+01:00\"},{\"@type\":\"WebSite\",\"@id\":\"https:\\\/\\\/www.eldigitaldeasturias.com\\\/noticias\\\/#website\",\"url\":\"https:\\\/\\\/www.eldigitaldeasturias.com\\\/noticias\\\/\",\"name\":\"El Digital de Asturias - Diario de actualidad y noticias\",\"alternateName\":\"El Digital de Asturias - Diario de actualidad y noticias\",\"description\":\"Hemeroteca\",\"inLanguage\":\"es-ES\",\"publisher\":{\"@id\":\"https:\\\/\\\/www.eldigitaldeasturias.com\\\/noticias\\\/#organization\"}}]}\n\t\t<\/script>\n\t\t<!-- All in One SEO Pro -->\r\n\t\t<title>La DGT presenta el dispositivo especial de seguridad vial para esta Navidad - El Digital de Asturias<\/title>\n\n","aioseo_head_json":{"title":"La DGT presenta el dispositivo especial de seguridad vial para esta Navidad - El Digital de Asturias","description":"El director general de tr\u00e1fico, Gregorio Serrano, ha presentado el dispositivo especial que la Direcci\u00f3n General de Tr\u00e1fico ha preparado para velar por la seguridad y fluidez de los 16,7 millones de desplazamientos previstos por carretera para el periodo navide\u00f1o 2016-2017 y la nueva campa\u00f1a de concienciaci\u00f3n del Organismo en la que se muestra la","canonical_url":"https:\/\/www.eldigitaldeasturias.com\/noticias\/la-dgt-presenta-el-dispositivo-especial-de-seguridad-vial-para-esta-navidad\/","robots":"max-image-preview:large","keywords":"destacadas","webmasterTools":{"google-site-verification":"UA-38556648-1","msvalidate.01":"7dfe9f3f1b24437ab69f4f2559babe99","miscellaneous":""},"schema":{"@context":"https:\/\/schema.org","@graph":[{"@type":"BlogPosting","@id":"https:\/\/www.eldigitaldeasturias.com\/noticias\/la-dgt-presenta-el-dispositivo-especial-de-seguridad-vial-para-esta-navidad\/#blogposting","name":"La DGT presenta el dispositivo especial de seguridad vial para esta Navidad - El Digital de Asturias","headline":"La DGT presenta el dispositivo especial de seguridad vial para esta Navidad","author":{"@id":"https:\/\/www.eldigitaldeasturias.com\/noticias\/author\/admin\/#author"},"publisher":{"@id":"https:\/\/www.eldigitaldeasturias.com\/noticias\/#organization"},"image":{"@type":"ImageObject","url":"https:\/\/www.eldigitaldeasturias.com\/noticias\/wp-content\/uploads\/2015\/06\/carretera.jpg","width":800,"height":534},"datePublished":"2016-12-21T06:30:35+01:00","dateModified":"2016-12-21T06:30:35+01:00","inLanguage":"es-ES","mainEntityOfPage":{"@id":"https:\/\/www.eldigitaldeasturias.com\/noticias\/la-dgt-presenta-el-dispositivo-especial-de-seguridad-vial-para-esta-navidad\/#webpage"},"isPartOf":{"@id":"https:\/\/www.eldigitaldeasturias.com\/noticias\/la-dgt-presenta-el-dispositivo-especial-de-seguridad-vial-para-esta-navidad\/#webpage"},"articleSection":"Destacadas"},{"@type":"BreadcrumbList","@id":"https:\/\/www.eldigitaldeasturias.com\/noticias\/la-dgt-presenta-el-dispositivo-especial-de-seguridad-vial-para-esta-navidad\/#breadcrumblist","itemListElement":[{"@type":"ListItem","@id":"https:\/\/www.eldigitaldeasturias.com\/noticias#listItem","position":1,"name":"Home","item":"https:\/\/www.eldigitaldeasturias.com\/noticias","nextItem":{"@type":"ListItem","@id":"https:\/\/www.eldigitaldeasturias.com\/noticias\/category\/destacadas\/#listItem","name":"Destacadas"}},{"@type":"ListItem","@id":"https:\/\/www.eldigitaldeasturias.com\/noticias\/category\/destacadas\/#listItem","position":2,"name":"Destacadas","item":"https:\/\/www.eldigitaldeasturias.com\/noticias\/category\/destacadas\/","nextItem":{"@type":"ListItem","@id":"https:\/\/www.eldigitaldeasturias.com\/noticias\/la-dgt-presenta-el-dispositivo-especial-de-seguridad-vial-para-esta-navidad\/#listItem","name":"La DGT presenta el dispositivo especial de seguridad vial para esta Navidad"},"previousItem":{"@type":"ListItem","@id":"https:\/\/www.eldigitaldeasturias.com\/noticias#listItem","name":"Home"}},{"@type":"ListItem","@id":"https:\/\/www.eldigitaldeasturias.com\/noticias\/la-dgt-presenta-el-dispositivo-especial-de-seguridad-vial-para-esta-navidad\/#listItem","position":3,"name":"La DGT presenta el dispositivo especial de seguridad vial para esta Navidad","previousItem":{"@type":"ListItem","@id":"https:\/\/www.eldigitaldeasturias.com\/noticias\/category\/destacadas\/#listItem","name":"Destacadas"}}]},{"@type":"Organization","@id":"https:\/\/www.eldigitaldeasturias.com\/noticias\/#organization","name":"El Digital de Asturias","description":"Hemeroteca","url":"https:\/\/www.eldigitaldeasturias.com\/noticias\/","email":"info@eldigitaldeasturias.com","telephone":"+34652131393","logo":{"@type":"ImageObject","url":"https:\/\/www.eldigitaldeasturias.com\/noticias\/wp-content\/uploads\/2020\/12\/EDA.jpg","@id":"https:\/\/www.eldigitaldeasturias.com\/noticias\/la-dgt-presenta-el-dispositivo-especial-de-seguridad-vial-para-esta-navidad\/#organizationLogo","width":649,"height":297},"image":{"@id":"https:\/\/www.eldigitaldeasturias.com\/noticias\/la-dgt-presenta-el-dispositivo-especial-de-seguridad-vial-para-esta-navidad\/#organizationLogo"},"sameAs":["https:\/\/facebook.com\/eldigitaldeasturias","https:\/\/www.youtube.com\/channel\/UCZP-2wLEB9Rv6erhFmqVnvg"],"address":{"@id":"https:\/\/www.eldigitaldeasturias.com\/noticias\/#postaladdress","@type":"PostalAddress","streetAddress":"san antonio 4,","postalCode":"33430","addressLocality":"Cand\u00e1s","addressRegion":"Asturias","addressCountry":"ES"}},{"@type":"Person","@id":"https:\/\/www.eldigitaldeasturias.com\/noticias\/author\/admin\/#author","url":"https:\/\/www.eldigitaldeasturias.com\/noticias\/author\/admin\/","name":"El Digital de Asturias","image":{"@type":"ImageObject","@id":"https:\/\/www.eldigitaldeasturias.com\/noticias\/la-dgt-presenta-el-dispositivo-especial-de-seguridad-vial-para-esta-navidad\/#authorImage","url":"https:\/\/www.eldigitaldeasturias.com\/noticias\/wp-content\/litespeed\/avatar\/18677e78aa0546b92d9dbf31ec7d7668.jpg?ver=1777290358","width":96,"height":96,"caption":"El Digital de Asturias"}},{"@type":"WebPage","@id":"https:\/\/www.eldigitaldeasturias.com\/noticias\/la-dgt-presenta-el-dispositivo-especial-de-seguridad-vial-para-esta-navidad\/#webpage","url":"https:\/\/www.eldigitaldeasturias.com\/noticias\/la-dgt-presenta-el-dispositivo-especial-de-seguridad-vial-para-esta-navidad\/","name":"La DGT presenta el dispositivo especial de seguridad vial para esta Navidad - El Digital de Asturias","description":"El director general de tr\u00e1fico, Gregorio Serrano, ha presentado el dispositivo especial que la Direcci\u00f3n General de Tr\u00e1fico ha preparado para velar por la seguridad y fluidez de los 16,7 millones de desplazamientos previstos por carretera para el periodo navide\u00f1o 2016-2017 y la nueva campa\u00f1a de concienciaci\u00f3n del Organismo en la que se muestra la","inLanguage":"es-ES","isPartOf":{"@id":"https:\/\/www.eldigitaldeasturias.com\/noticias\/#website"},"breadcrumb":{"@id":"https:\/\/www.eldigitaldeasturias.com\/noticias\/la-dgt-presenta-el-dispositivo-especial-de-seguridad-vial-para-esta-navidad\/#breadcrumblist"},"author":{"@id":"https:\/\/www.eldigitaldeasturias.com\/noticias\/author\/admin\/#author"},"creator":{"@id":"https:\/\/www.eldigitaldeasturias.com\/noticias\/author\/admin\/#author"},"image":{"@type":"ImageObject","url":"https:\/\/www.eldigitaldeasturias.com\/noticias\/wp-content\/uploads\/2015\/06\/carretera.jpg","@id":"https:\/\/www.eldigitaldeasturias.com\/noticias\/la-dgt-presenta-el-dispositivo-especial-de-seguridad-vial-para-esta-navidad\/#mainImage","width":800,"height":534},"primaryImageOfPage":{"@id":"https:\/\/www.eldigitaldeasturias.com\/noticias\/la-dgt-presenta-el-dispositivo-especial-de-seguridad-vial-para-esta-navidad\/#mainImage"},"datePublished":"2016-12-21T06:30:35+01:00","dateModified":"2016-12-21T06:30:35+01:00"},{"@type":"WebSite","@id":"https:\/\/www.eldigitaldeasturias.com\/noticias\/#website","url":"https:\/\/www.eldigitaldeasturias.com\/noticias\/","name":"El Digital de Asturias - Diario de actualidad y noticias","alternateName":"El Digital de Asturias - Diario de actualidad y noticias","description":"Hemeroteca","inLanguage":"es-ES","publisher":{"@id":"https:\/\/www.eldigitaldeasturias.com\/noticias\/#organization"}}]},"og:locale":"es_ES","og:site_name":"El Digital de Asturias","og:type":"article","og:title":"La DGT presenta el dispositivo especial de seguridad vial para esta Navidad - El Digital de Asturias","og:description":"El director general de tr\u00e1fico, Gregorio Serrano, ha presentado el dispositivo especial que la Direcci\u00f3n General de Tr\u00e1fico ha preparado para velar por la seguridad y fluidez de los 16,7 millones de desplazamientos previstos por carretera para el periodo navide\u00f1o 2016-2017 y la nueva campa\u00f1a de concienciaci\u00f3n del Organismo en la que se muestra la","og:url":"https:\/\/www.eldigitaldeasturias.com\/noticias\/la-dgt-presenta-el-dispositivo-especial-de-seguridad-vial-para-esta-navidad\/","og:image":"https:\/\/www.eldigitaldeasturias.com\/noticias\/wp-content\/uploads\/2015\/06\/carretera.jpg","og:image:secure_url":"https:\/\/www.eldigitaldeasturias.com\/noticias\/wp-content\/uploads\/2015\/06\/carretera.jpg","og:image:width":800,"og:image:height":534,"article:tag":["destacadas"],"article:published_time":"2016-12-21T06:30:35+00:00","article:modified_time":"2016-12-21T06:30:35+00:00","article:publisher":"https:\/\/facebook.com\/eldigitaldeasturias","twitter:card":"summary_large_image","twitter:title":"La DGT presenta el dispositivo especial de seguridad vial para esta Navidad - El Digital de Asturias","twitter:description":"El director general de tr\u00e1fico, Gregorio Serrano, ha presentado el dispositivo especial que la Direcci\u00f3n General de Tr\u00e1fico ha preparado para velar por la seguridad y fluidez de los 16,7 millones de desplazamientos previstos por carretera para el periodo navide\u00f1o 2016-2017 y la nueva campa\u00f1a de concienciaci\u00f3n del Organismo en la que se muestra la","twitter:image":"https:\/\/www.eldigitaldeasturias.com\/noticias\/wp-content\/uploads\/2015\/06\/carretera.jpg","twitter:label1":"Escrito por","twitter:data1":"El Digital de Asturias","twitter:label2":"Tiempo de lectura estimado","twitter:data2":"8 minutos"},"aioseo_meta_data":{"post_id":"919911","title":null,"description":null,"keywords":null,"keyphrases":null,"primary_term":null,"canonical_url":null,"og_title":null,"og_description":null,"og_object_type":"default","og_image_type":"default","og_image_url":null,"og_image_width":null,"og_image_height":null,"og_image_custom_url":null,"og_image_custom_fields":null,"og_video":null,"og_custom_url":null,"og_article_section":null,"og_article_tags":null,"twitter_use_og":false,"twitter_card":"default","twitter_image_type":"default","twitter_image_url":null,"twitter_image_custom_url":null,"twitter_image_custom_fields":null,"twitter_title":null,"twitter_description":null,"schema":{"blockGraphs":[],"customGraphs":[],"default":{"data":{"Article":[],"Course":[],"Dataset":[],"FAQPage":[],"Movie":[],"Person":[],"Product":[],"ProductReview":[],"Car":[],"Recipe":[],"Service":[],"SoftwareApplication":[],"WebPage":[]},"graphName":"","isEnabled":true},"graphs":[]},"schema_type":null,"schema_type_options":null,"pillar_content":false,"robots_default":true,"robots_noindex":false,"robots_noarchive":false,"robots_nosnippet":false,"robots_nofollow":false,"robots_noimageindex":false,"robots_noodp":false,"robots_notranslate":false,"robots_max_snippet":null,"robots_max_videopreview":null,"robots_max_imagepreview":"large","priority":null,"frequency":null,"local_seo":null,"seo_analyzer_scan_date":"2025-12-02 08:24:09","breadcrumb_settings":null,"limit_modified_date":false,"open_ai":null,"ai":null,"created":"2020-12-21 13:48:50","updated":"2025-12-02 08:24:09"},"aioseo_breadcrumb":"<div class=\"aioseo-breadcrumbs\"><span class=\"aioseo-breadcrumb\">\n\t<a href=\"https:\/\/www.eldigitaldeasturias.com\/noticias\" title=\"Home\">Home<\/a>\n<\/span><span class=\"aioseo-breadcrumb-separator\">\u2013<\/span><span class=\"aioseo-breadcrumb\">\n\t<a href=\"https:\/\/www.eldigitaldeasturias.com\/noticias\/category\/destacadas\/\" title=\"Destacadas\">Destacadas<\/a>\n<\/span><span class=\"aioseo-breadcrumb-separator\">\u2013<\/span><span class=\"aioseo-breadcrumb\">\n\t<a href=\"https:\/\/www.eldigitaldeasturias.com\/noticias\/la-dgt-presenta-el-dispositivo-especial-de-seguridad-vial-para-esta-navidad\/\" title=\"La DGT presenta el dispositivo especial de seguridad vial para esta Navidad\">La DGT presenta el dispositivo especial de seguridad vial para esta Navidad<\/a>\n<\/span><\/div>","aioseo_breadcrumb_json":[{"label":"Home","link":"https:\/\/www.eldigitaldeasturias.com\/noticias"},{"label":"Destacadas","link":"https:\/\/www.eldigitaldeasturias.com\/noticias\/category\/destacadas\/"},{"label":"La DGT presenta el dispositivo especial de seguridad vial para esta Navidad","link":"https:\/\/www.eldigitaldeasturias.com\/noticias\/la-dgt-presenta-el-dispositivo-especial-de-seguridad-vial-para-esta-navidad\/"}],"_links":{"self":[{"href":"https:\/\/www.eldigitaldeasturias.com\/noticias\/wp-json\/wp\/v2\/posts\/919911","targetHints":{"allow":["GET"]}}],"collection":[{"href":"https:\/\/www.eldigitaldeasturias.com\/noticias\/wp-json\/wp\/v2\/posts"}],"about":[{"href":"https:\/\/www.eldigitaldeasturias.com\/noticias\/wp-json\/wp\/v2\/types\/post"}],"author":[{"embeddable":true,"href":"https:\/\/www.eldigitaldeasturias.com\/noticias\/wp-json\/wp\/v2\/users\/1"}],"replies":[{"embeddable":true,"href":"https:\/\/www.eldigitaldeasturias.com\/noticias\/wp-json\/wp\/v2\/comments?post=919911"}],"version-history":[{"count":0,"href":"https:\/\/www.eldigitaldeasturias.com\/noticias\/wp-json\/wp\/v2\/posts\/919911\/revisions"}],"wp:featuredmedia":[{"embeddable":true,"href":"https:\/\/www.eldigitaldeasturias.com\/noticias\/wp-json\/wp\/v2\/media\/788398"}],"wp:attachment":[{"href":"https:\/\/www.eldigitaldeasturias.com\/noticias\/wp-json\/wp\/v2\/media?parent=919911"}],"wp:term":[{"taxonomy":"category","embeddable":true,"href":"https:\/\/www.eldigitaldeasturias.com\/noticias\/wp-json\/wp\/v2\/categories?post=919911"},{"taxonomy":"post_tag","embeddable":true,"href":"https:\/\/www.eldigitaldeasturias.com\/noticias\/wp-json\/wp\/v2\/tags?post=919911"}],"curies":[{"name":"wp","href":"https:\/\/api.w.org\/{rel}","templated":true}]}}