{"id":919728,"date":"2016-12-20T05:27:21","date_gmt":"2016-12-20T05:27:21","guid":{"rendered":"http:\/\/www.eldigitaldeasturias.com\/noticias\/?p=919728"},"modified":"2016-12-20T05:27:21","modified_gmt":"2016-12-20T05:27:21","slug":"la-miel-de-asturias-se-incorpora-a-la-marca-alimentos-del-paraiso-natural","status":"publish","type":"post","link":"https:\/\/www.eldigitaldeasturias.com\/noticias\/la-miel-de-asturias-se-incorpora-a-la-marca-alimentos-del-paraiso-natural\/","title":{"rendered":"La miel de Asturias se incorpora a la marca Alimentos del Para\u00edso Natural"},"content":{"rendered":"<p><img loading=\"lazy\" decoding=\"async\" class=\"alignleft size-medium wp-image-919729\" src=\"https:\/\/www.eldigitaldeasturias.com\/noticias\/wp-content\/uploads\/2016\/12\/miel-asturias-360x207.jpg\" alt=\"\" width=\"360\" height=\"207\" srcset=\"https:\/\/www.eldigitaldeasturias.com\/noticias\/wp-content\/uploads\/2016\/12\/miel-asturias-360x207.jpg 360w, https:\/\/www.eldigitaldeasturias.com\/noticias\/wp-content\/uploads\/2016\/12\/miel-asturias-768x442.jpg 768w, https:\/\/www.eldigitaldeasturias.com\/noticias\/wp-content\/uploads\/2016\/12\/miel-asturias-650x374.jpg 650w, https:\/\/www.eldigitaldeasturias.com\/noticias\/wp-content\/uploads\/2016\/12\/miel-asturias.jpg 1280w\" sizes=\"auto, (max-width: 360px) 100vw, 360px\" \/>La consejera de Desarrollo Rural y Recursos Naturales, Mar\u00eda Jes\u00fas \u00c1lvarez, ha anunciado hoy que su departamento introducir\u00e1 en 2017 una modificaci\u00f3n en el Programa de Desarrollo Regional de Asturias (PDR 2014-2020) que permitir\u00e1 a todos los profesionales de la apicultura acceder a ayudas a trav\u00e9s de la l\u00ednea de subvenciones agroambientales.<\/p>\n<p>La consejera, que ha presentado en Arriondas la incorporaci\u00f3n de la miel de Asturias a la marca Alimentos del Para\u00edso Natural, ha se\u00f1alado que el acceso a este tipo de ayudas es \u201cuna demanda del sector, y compensar\u00e1 el compromiso medioambiental que el apicultor contrae, al igual que ocurre con otras producciones primarias\u201d. Actualmente, el PDR incluye ayudas s\u00f3lo a la producci\u00f3n de miel en ecol\u00f3gico.<\/p>\n<p>Seg\u00fan ha se\u00f1alado \u00c1lvarez, la apicultura puede ser \u201cun elemento importante de transformaci\u00f3n econ\u00f3mica en territorios con caracter\u00edsticas \u00fanicas para producir miel, y tanto las nuevas ayudas como la incorporaci\u00f3n a la marca son los primeros de una serie de pasos que van a redundar en la mejora de la producci\u00f3n y en la presencia en los mercados, porque cuando el consumidor elige esta miel sabe que es \u00fanica, segura y de calidad\u201d.<\/p>\n<p>La integraci\u00f3n de la Miel de Asturias en Alimentos del Para\u00edso Natural est\u00e1 promovida por Promiel, asociaci\u00f3n de apicultores profesionales que integra a 30 socios con 14.000 colmenas. Est\u00e1 previsto que se comercialicen m\u00e1s de 100.000 kilos anuales con este sello.<\/p>\n<p>Alimentos del Para\u00edso Natural es una marca que pretende amparar cualquier producto asturiano \u201ccon unos est\u00e1ndares de calidad elevados\u201d de tal forma que se ofrezca \u201ca unos consumidores que est\u00e1n deseando identificar productos asturianos\u201d, ha subrayado la consejera.<\/p>\n<p>\u201cLa marca Asturias vende porque nuestra comunidad es sin\u00f3nimo de calidad en gastronom\u00eda, producciones primarias, conservaci\u00f3n de la naturaleza y paisaje\u201d, ha apostillado.<\/p>\n<p>&nbsp;<\/p>\n","protected":false},"excerpt":{"rendered":"<p>La consejera de Desarrollo Rural y Recursos Naturales, Mar\u00eda Jes\u00fas \u00c1lvarez, ha anunciado hoy que su departamento introducir\u00e1 en 2017 una modificaci\u00f3n en el Programa de Desarrollo Regional de Asturias (PDR 2014-2020) que permitir\u00e1 a todos los profesionales de la apicultura acceder a ayudas a trav\u00e9s de la l\u00ednea de subvenciones agroambientales. La consejera, que [&hellip;]<\/p>\n","protected":false},"author":1,"featured_media":919729,"comment_status":"closed","ping_status":"closed","sticky":false,"template":"","format":"standard","meta":{"footnotes":""},"categories":[141],"tags":[],"class_list":["post-919728","post","type-post","status-publish","format-standard","has-post-thumbnail","hentry","category-destacadas"],"aioseo_notices":[],"aioseo_head":"\n\t\t<!-- All in One SEO Pro 4.9.6.2 - aioseo.com -->\n\t<meta name=\"description\" content=\"La consejera de Desarrollo Rural y Recursos Naturales, Mar\u00eda Jes\u00fas \u00c1lvarez, ha anunciado hoy que su departamento introducir\u00e1 en 2017 una modificaci\u00f3n en el Programa de Desarrollo Regional de Asturias (PDR 2014-2020) que permitir\u00e1 a todos los profesionales de la apicultura acceder a ayudas a trav\u00e9s de la l\u00ednea de subvenciones agroambientales. La consejera, que\" \/>\n\t<meta name=\"robots\" content=\"max-image-preview:large\" \/>\n\t<meta name=\"author\" content=\"El Digital de Asturias\"\/>\n\t<meta name=\"google-site-verification\" content=\"UA-38556648-1\" \/>\n\t<meta name=\"msvalidate.01\" content=\"7dfe9f3f1b24437ab69f4f2559babe99\" \/>\n\t<meta name=\"keywords\" content=\"destacadas\" \/>\n\t<link rel=\"canonical\" href=\"https:\/\/www.eldigitaldeasturias.com\/noticias\/la-miel-de-asturias-se-incorpora-a-la-marca-alimentos-del-paraiso-natural\/\" \/>\n\t<meta name=\"generator\" content=\"All in One SEO Pro (AIOSEO) 4.9.6.2\" \/>\n\t\t<meta property=\"og:locale\" content=\"es_ES\" \/>\n\t\t<meta property=\"og:site_name\" content=\"El Digital de Asturias\" \/>\n\t\t<meta property=\"og:type\" content=\"article\" \/>\n\t\t<meta property=\"og:title\" content=\"La miel de Asturias se incorpora a la marca Alimentos del Para\u00edso Natural - El Digital de Asturias\" \/>\n\t\t<meta property=\"og:description\" content=\"La consejera de Desarrollo Rural y Recursos Naturales, Mar\u00eda Jes\u00fas \u00c1lvarez, ha anunciado hoy que su departamento introducir\u00e1 en 2017 una modificaci\u00f3n en el Programa de Desarrollo Regional de Asturias (PDR 2014-2020) que permitir\u00e1 a todos los profesionales de la apicultura acceder a ayudas a trav\u00e9s de la l\u00ednea de subvenciones agroambientales. La consejera, que\" \/>\n\t\t<meta property=\"og:url\" content=\"https:\/\/www.eldigitaldeasturias.com\/noticias\/la-miel-de-asturias-se-incorpora-a-la-marca-alimentos-del-paraiso-natural\/\" \/>\n\t\t<meta property=\"og:image\" content=\"https:\/\/www.eldigitaldeasturias.com\/noticias\/wp-content\/uploads\/2016\/12\/miel-asturias.jpg\" \/>\n\t\t<meta property=\"og:image:secure_url\" content=\"https:\/\/www.eldigitaldeasturias.com\/noticias\/wp-content\/uploads\/2016\/12\/miel-asturias.jpg\" \/>\n\t\t<meta property=\"og:image:width\" content=\"1280\" \/>\n\t\t<meta property=\"og:image:height\" content=\"737\" \/>\n\t\t<meta property=\"article:tag\" content=\"destacadas\" \/>\n\t\t<meta property=\"article:published_time\" content=\"2016-12-20T05:27:21+00:00\" \/>\n\t\t<meta property=\"article:modified_time\" content=\"2016-12-20T05:27:21+00:00\" \/>\n\t\t<meta property=\"article:publisher\" content=\"https:\/\/facebook.com\/eldigitaldeasturias\" \/>\n\t\t<meta name=\"twitter:card\" content=\"summary_large_image\" \/>\n\t\t<meta name=\"twitter:title\" content=\"La miel de Asturias se incorpora a la marca Alimentos del Para\u00edso Natural - El Digital de Asturias\" \/>\n\t\t<meta name=\"twitter:description\" content=\"La consejera de Desarrollo Rural y Recursos Naturales, Mar\u00eda Jes\u00fas \u00c1lvarez, ha anunciado hoy que su departamento introducir\u00e1 en 2017 una modificaci\u00f3n en el Programa de Desarrollo Regional de Asturias (PDR 2014-2020) que permitir\u00e1 a todos los profesionales de la apicultura acceder a ayudas a trav\u00e9s de la l\u00ednea de subvenciones agroambientales. La consejera, que\" \/>\n\t\t<meta name=\"twitter:image\" content=\"https:\/\/www.eldigitaldeasturias.com\/noticias\/wp-content\/uploads\/2016\/12\/miel-asturias.jpg\" \/>\n\t\t<meta name=\"twitter:label1\" content=\"Escrito por\" \/>\n\t\t<meta name=\"twitter:data1\" content=\"El Digital de Asturias\" \/>\n\t\t<meta name=\"twitter:label2\" content=\"Tiempo de lectura estimado\" \/>\n\t\t<meta name=\"twitter:data2\" content=\"2 minutos\" \/>\n\t\t<script type=\"application\/ld+json\" class=\"aioseo-schema\">\n\t\t\t{\"@context\":\"https:\\\/\\\/schema.org\",\"@graph\":[{\"@type\":\"BlogPosting\",\"@id\":\"https:\\\/\\\/www.eldigitaldeasturias.com\\\/noticias\\\/la-miel-de-asturias-se-incorpora-a-la-marca-alimentos-del-paraiso-natural\\\/#blogposting\",\"name\":\"La miel de Asturias se incorpora a la marca Alimentos del Para\\u00edso Natural - El Digital de Asturias\",\"headline\":\"La miel de Asturias se incorpora a la marca Alimentos del Para\\u00edso Natural\",\"author\":{\"@id\":\"https:\\\/\\\/www.eldigitaldeasturias.com\\\/noticias\\\/author\\\/admin\\\/#author\"},\"publisher\":{\"@id\":\"https:\\\/\\\/www.eldigitaldeasturias.com\\\/noticias\\\/#organization\"},\"image\":{\"@type\":\"ImageObject\",\"url\":\"https:\\\/\\\/www.eldigitaldeasturias.com\\\/noticias\\\/wp-content\\\/uploads\\\/2016\\\/12\\\/miel-asturias.jpg\",\"width\":1280,\"height\":737},\"datePublished\":\"2016-12-20T05:27:21+01:00\",\"dateModified\":\"2016-12-20T05:27:21+01:00\",\"inLanguage\":\"es-ES\",\"mainEntityOfPage\":{\"@id\":\"https:\\\/\\\/www.eldigitaldeasturias.com\\\/noticias\\\/la-miel-de-asturias-se-incorpora-a-la-marca-alimentos-del-paraiso-natural\\\/#webpage\"},\"isPartOf\":{\"@id\":\"https:\\\/\\\/www.eldigitaldeasturias.com\\\/noticias\\\/la-miel-de-asturias-se-incorpora-a-la-marca-alimentos-del-paraiso-natural\\\/#webpage\"},\"articleSection\":\"Destacadas\"},{\"@type\":\"BreadcrumbList\",\"@id\":\"https:\\\/\\\/www.eldigitaldeasturias.com\\\/noticias\\\/la-miel-de-asturias-se-incorpora-a-la-marca-alimentos-del-paraiso-natural\\\/#breadcrumblist\",\"itemListElement\":[{\"@type\":\"ListItem\",\"@id\":\"https:\\\/\\\/www.eldigitaldeasturias.com\\\/noticias#listItem\",\"position\":1,\"name\":\"Home\",\"item\":\"https:\\\/\\\/www.eldigitaldeasturias.com\\\/noticias\",\"nextItem\":{\"@type\":\"ListItem\",\"@id\":\"https:\\\/\\\/www.eldigitaldeasturias.com\\\/noticias\\\/category\\\/destacadas\\\/#listItem\",\"name\":\"Destacadas\"}},{\"@type\":\"ListItem\",\"@id\":\"https:\\\/\\\/www.eldigitaldeasturias.com\\\/noticias\\\/category\\\/destacadas\\\/#listItem\",\"position\":2,\"name\":\"Destacadas\",\"item\":\"https:\\\/\\\/www.eldigitaldeasturias.com\\\/noticias\\\/category\\\/destacadas\\\/\",\"nextItem\":{\"@type\":\"ListItem\",\"@id\":\"https:\\\/\\\/www.eldigitaldeasturias.com\\\/noticias\\\/la-miel-de-asturias-se-incorpora-a-la-marca-alimentos-del-paraiso-natural\\\/#listItem\",\"name\":\"La miel de Asturias se incorpora a la marca Alimentos del Para\\u00edso Natural\"},\"previousItem\":{\"@type\":\"ListItem\",\"@id\":\"https:\\\/\\\/www.eldigitaldeasturias.com\\\/noticias#listItem\",\"name\":\"Home\"}},{\"@type\":\"ListItem\",\"@id\":\"https:\\\/\\\/www.eldigitaldeasturias.com\\\/noticias\\\/la-miel-de-asturias-se-incorpora-a-la-marca-alimentos-del-paraiso-natural\\\/#listItem\",\"position\":3,\"name\":\"La miel de Asturias se incorpora a la marca Alimentos del Para\\u00edso Natural\",\"previousItem\":{\"@type\":\"ListItem\",\"@id\":\"https:\\\/\\\/www.eldigitaldeasturias.com\\\/noticias\\\/category\\\/destacadas\\\/#listItem\",\"name\":\"Destacadas\"}}]},{\"@type\":\"Organization\",\"@id\":\"https:\\\/\\\/www.eldigitaldeasturias.com\\\/noticias\\\/#organization\",\"name\":\"El Digital de Asturias\",\"description\":\"Hemeroteca\",\"url\":\"https:\\\/\\\/www.eldigitaldeasturias.com\\\/noticias\\\/\",\"email\":\"info@eldigitaldeasturias.com\",\"telephone\":\"+34652131393\",\"logo\":{\"@type\":\"ImageObject\",\"url\":\"https:\\\/\\\/www.eldigitaldeasturias.com\\\/noticias\\\/wp-content\\\/uploads\\\/2020\\\/12\\\/EDA.jpg\",\"@id\":\"https:\\\/\\\/www.eldigitaldeasturias.com\\\/noticias\\\/la-miel-de-asturias-se-incorpora-a-la-marca-alimentos-del-paraiso-natural\\\/#organizationLogo\",\"width\":649,\"height\":297},\"image\":{\"@id\":\"https:\\\/\\\/www.eldigitaldeasturias.com\\\/noticias\\\/la-miel-de-asturias-se-incorpora-a-la-marca-alimentos-del-paraiso-natural\\\/#organizationLogo\"},\"sameAs\":[\"https:\\\/\\\/facebook.com\\\/eldigitaldeasturias\",\"https:\\\/\\\/www.youtube.com\\\/channel\\\/UCZP-2wLEB9Rv6erhFmqVnvg\"],\"address\":{\"@id\":\"https:\\\/\\\/www.eldigitaldeasturias.com\\\/noticias\\\/#postaladdress\",\"@type\":\"PostalAddress\",\"streetAddress\":\"san antonio 4,\",\"postalCode\":\"33430\",\"addressLocality\":\"Cand\\u00e1s\",\"addressRegion\":\"Asturias\",\"addressCountry\":\"ES\"}},{\"@type\":\"Person\",\"@id\":\"https:\\\/\\\/www.eldigitaldeasturias.com\\\/noticias\\\/author\\\/admin\\\/#author\",\"url\":\"https:\\\/\\\/www.eldigitaldeasturias.com\\\/noticias\\\/author\\\/admin\\\/\",\"name\":\"El Digital de Asturias\",\"image\":{\"@type\":\"ImageObject\",\"@id\":\"https:\\\/\\\/www.eldigitaldeasturias.com\\\/noticias\\\/la-miel-de-asturias-se-incorpora-a-la-marca-alimentos-del-paraiso-natural\\\/#authorImage\",\"url\":\"https:\\\/\\\/www.eldigitaldeasturias.com\\\/noticias\\\/wp-content\\\/litespeed\\\/avatar\\\/18677e78aa0546b92d9dbf31ec7d7668.jpg?ver=1777290358\",\"width\":96,\"height\":96,\"caption\":\"El Digital de Asturias\"}},{\"@type\":\"WebPage\",\"@id\":\"https:\\\/\\\/www.eldigitaldeasturias.com\\\/noticias\\\/la-miel-de-asturias-se-incorpora-a-la-marca-alimentos-del-paraiso-natural\\\/#webpage\",\"url\":\"https:\\\/\\\/www.eldigitaldeasturias.com\\\/noticias\\\/la-miel-de-asturias-se-incorpora-a-la-marca-alimentos-del-paraiso-natural\\\/\",\"name\":\"La miel de Asturias se incorpora a la marca Alimentos del Para\\u00edso Natural - El Digital de Asturias\",\"description\":\"La consejera de Desarrollo Rural y Recursos Naturales, Mar\\u00eda Jes\\u00fas \\u00c1lvarez, ha anunciado hoy que su departamento introducir\\u00e1 en 2017 una modificaci\\u00f3n en el Programa de Desarrollo Regional de Asturias (PDR 2014-2020) que permitir\\u00e1 a todos los profesionales de la apicultura acceder a ayudas a trav\\u00e9s de la l\\u00ednea de subvenciones agroambientales. La consejera, que\",\"inLanguage\":\"es-ES\",\"isPartOf\":{\"@id\":\"https:\\\/\\\/www.eldigitaldeasturias.com\\\/noticias\\\/#website\"},\"breadcrumb\":{\"@id\":\"https:\\\/\\\/www.eldigitaldeasturias.com\\\/noticias\\\/la-miel-de-asturias-se-incorpora-a-la-marca-alimentos-del-paraiso-natural\\\/#breadcrumblist\"},\"author\":{\"@id\":\"https:\\\/\\\/www.eldigitaldeasturias.com\\\/noticias\\\/author\\\/admin\\\/#author\"},\"creator\":{\"@id\":\"https:\\\/\\\/www.eldigitaldeasturias.com\\\/noticias\\\/author\\\/admin\\\/#author\"},\"image\":{\"@type\":\"ImageObject\",\"url\":\"https:\\\/\\\/www.eldigitaldeasturias.com\\\/noticias\\\/wp-content\\\/uploads\\\/2016\\\/12\\\/miel-asturias.jpg\",\"@id\":\"https:\\\/\\\/www.eldigitaldeasturias.com\\\/noticias\\\/la-miel-de-asturias-se-incorpora-a-la-marca-alimentos-del-paraiso-natural\\\/#mainImage\",\"width\":1280,\"height\":737},\"primaryImageOfPage\":{\"@id\":\"https:\\\/\\\/www.eldigitaldeasturias.com\\\/noticias\\\/la-miel-de-asturias-se-incorpora-a-la-marca-alimentos-del-paraiso-natural\\\/#mainImage\"},\"datePublished\":\"2016-12-20T05:27:21+01:00\",\"dateModified\":\"2016-12-20T05:27:21+01:00\"},{\"@type\":\"WebSite\",\"@id\":\"https:\\\/\\\/www.eldigitaldeasturias.com\\\/noticias\\\/#website\",\"url\":\"https:\\\/\\\/www.eldigitaldeasturias.com\\\/noticias\\\/\",\"name\":\"El Digital de Asturias - Diario de actualidad y noticias\",\"alternateName\":\"El Digital de Asturias - Diario de actualidad y noticias\",\"description\":\"Hemeroteca\",\"inLanguage\":\"es-ES\",\"publisher\":{\"@id\":\"https:\\\/\\\/www.eldigitaldeasturias.com\\\/noticias\\\/#organization\"}}]}\n\t\t<\/script>\n\t\t<!-- All in One SEO Pro -->\r\n\t\t<title>La miel de Asturias se incorpora a la marca Alimentos del Para\u00edso Natural - El Digital de Asturias<\/title>\n\n","aioseo_head_json":{"title":"La miel de Asturias se incorpora a la marca Alimentos del Para\u00edso Natural - El Digital de Asturias","description":"La consejera de Desarrollo Rural y Recursos Naturales, Mar\u00eda Jes\u00fas \u00c1lvarez, ha anunciado hoy que su departamento introducir\u00e1 en 2017 una modificaci\u00f3n en el Programa de Desarrollo Regional de Asturias (PDR 2014-2020) que permitir\u00e1 a todos los profesionales de la apicultura acceder a ayudas a trav\u00e9s de la l\u00ednea de subvenciones agroambientales. La consejera, que","canonical_url":"https:\/\/www.eldigitaldeasturias.com\/noticias\/la-miel-de-asturias-se-incorpora-a-la-marca-alimentos-del-paraiso-natural\/","robots":"max-image-preview:large","keywords":"destacadas","webmasterTools":{"google-site-verification":"UA-38556648-1","msvalidate.01":"7dfe9f3f1b24437ab69f4f2559babe99","miscellaneous":""},"schema":{"@context":"https:\/\/schema.org","@graph":[{"@type":"BlogPosting","@id":"https:\/\/www.eldigitaldeasturias.com\/noticias\/la-miel-de-asturias-se-incorpora-a-la-marca-alimentos-del-paraiso-natural\/#blogposting","name":"La miel de Asturias se incorpora a la marca Alimentos del Para\u00edso Natural - El Digital de Asturias","headline":"La miel de Asturias se incorpora a la marca Alimentos del Para\u00edso Natural","author":{"@id":"https:\/\/www.eldigitaldeasturias.com\/noticias\/author\/admin\/#author"},"publisher":{"@id":"https:\/\/www.eldigitaldeasturias.com\/noticias\/#organization"},"image":{"@type":"ImageObject","url":"https:\/\/www.eldigitaldeasturias.com\/noticias\/wp-content\/uploads\/2016\/12\/miel-asturias.jpg","width":1280,"height":737},"datePublished":"2016-12-20T05:27:21+01:00","dateModified":"2016-12-20T05:27:21+01:00","inLanguage":"es-ES","mainEntityOfPage":{"@id":"https:\/\/www.eldigitaldeasturias.com\/noticias\/la-miel-de-asturias-se-incorpora-a-la-marca-alimentos-del-paraiso-natural\/#webpage"},"isPartOf":{"@id":"https:\/\/www.eldigitaldeasturias.com\/noticias\/la-miel-de-asturias-se-incorpora-a-la-marca-alimentos-del-paraiso-natural\/#webpage"},"articleSection":"Destacadas"},{"@type":"BreadcrumbList","@id":"https:\/\/www.eldigitaldeasturias.com\/noticias\/la-miel-de-asturias-se-incorpora-a-la-marca-alimentos-del-paraiso-natural\/#breadcrumblist","itemListElement":[{"@type":"ListItem","@id":"https:\/\/www.eldigitaldeasturias.com\/noticias#listItem","position":1,"name":"Home","item":"https:\/\/www.eldigitaldeasturias.com\/noticias","nextItem":{"@type":"ListItem","@id":"https:\/\/www.eldigitaldeasturias.com\/noticias\/category\/destacadas\/#listItem","name":"Destacadas"}},{"@type":"ListItem","@id":"https:\/\/www.eldigitaldeasturias.com\/noticias\/category\/destacadas\/#listItem","position":2,"name":"Destacadas","item":"https:\/\/www.eldigitaldeasturias.com\/noticias\/category\/destacadas\/","nextItem":{"@type":"ListItem","@id":"https:\/\/www.eldigitaldeasturias.com\/noticias\/la-miel-de-asturias-se-incorpora-a-la-marca-alimentos-del-paraiso-natural\/#listItem","name":"La miel de Asturias se incorpora a la marca Alimentos del Para\u00edso Natural"},"previousItem":{"@type":"ListItem","@id":"https:\/\/www.eldigitaldeasturias.com\/noticias#listItem","name":"Home"}},{"@type":"ListItem","@id":"https:\/\/www.eldigitaldeasturias.com\/noticias\/la-miel-de-asturias-se-incorpora-a-la-marca-alimentos-del-paraiso-natural\/#listItem","position":3,"name":"La miel de Asturias se incorpora a la marca Alimentos del Para\u00edso Natural","previousItem":{"@type":"ListItem","@id":"https:\/\/www.eldigitaldeasturias.com\/noticias\/category\/destacadas\/#listItem","name":"Destacadas"}}]},{"@type":"Organization","@id":"https:\/\/www.eldigitaldeasturias.com\/noticias\/#organization","name":"El Digital de Asturias","description":"Hemeroteca","url":"https:\/\/www.eldigitaldeasturias.com\/noticias\/","email":"info@eldigitaldeasturias.com","telephone":"+34652131393","logo":{"@type":"ImageObject","url":"https:\/\/www.eldigitaldeasturias.com\/noticias\/wp-content\/uploads\/2020\/12\/EDA.jpg","@id":"https:\/\/www.eldigitaldeasturias.com\/noticias\/la-miel-de-asturias-se-incorpora-a-la-marca-alimentos-del-paraiso-natural\/#organizationLogo","width":649,"height":297},"image":{"@id":"https:\/\/www.eldigitaldeasturias.com\/noticias\/la-miel-de-asturias-se-incorpora-a-la-marca-alimentos-del-paraiso-natural\/#organizationLogo"},"sameAs":["https:\/\/facebook.com\/eldigitaldeasturias","https:\/\/www.youtube.com\/channel\/UCZP-2wLEB9Rv6erhFmqVnvg"],"address":{"@id":"https:\/\/www.eldigitaldeasturias.com\/noticias\/#postaladdress","@type":"PostalAddress","streetAddress":"san antonio 4,","postalCode":"33430","addressLocality":"Cand\u00e1s","addressRegion":"Asturias","addressCountry":"ES"}},{"@type":"Person","@id":"https:\/\/www.eldigitaldeasturias.com\/noticias\/author\/admin\/#author","url":"https:\/\/www.eldigitaldeasturias.com\/noticias\/author\/admin\/","name":"El Digital de Asturias","image":{"@type":"ImageObject","@id":"https:\/\/www.eldigitaldeasturias.com\/noticias\/la-miel-de-asturias-se-incorpora-a-la-marca-alimentos-del-paraiso-natural\/#authorImage","url":"https:\/\/www.eldigitaldeasturias.com\/noticias\/wp-content\/litespeed\/avatar\/18677e78aa0546b92d9dbf31ec7d7668.jpg?ver=1777290358","width":96,"height":96,"caption":"El Digital de Asturias"}},{"@type":"WebPage","@id":"https:\/\/www.eldigitaldeasturias.com\/noticias\/la-miel-de-asturias-se-incorpora-a-la-marca-alimentos-del-paraiso-natural\/#webpage","url":"https:\/\/www.eldigitaldeasturias.com\/noticias\/la-miel-de-asturias-se-incorpora-a-la-marca-alimentos-del-paraiso-natural\/","name":"La miel de Asturias se incorpora a la marca Alimentos del Para\u00edso Natural - El Digital de Asturias","description":"La consejera de Desarrollo Rural y Recursos Naturales, Mar\u00eda Jes\u00fas \u00c1lvarez, ha anunciado hoy que su departamento introducir\u00e1 en 2017 una modificaci\u00f3n en el Programa de Desarrollo Regional de Asturias (PDR 2014-2020) que permitir\u00e1 a todos los profesionales de la apicultura acceder a ayudas a trav\u00e9s de la l\u00ednea de subvenciones agroambientales. La consejera, que","inLanguage":"es-ES","isPartOf":{"@id":"https:\/\/www.eldigitaldeasturias.com\/noticias\/#website"},"breadcrumb":{"@id":"https:\/\/www.eldigitaldeasturias.com\/noticias\/la-miel-de-asturias-se-incorpora-a-la-marca-alimentos-del-paraiso-natural\/#breadcrumblist"},"author":{"@id":"https:\/\/www.eldigitaldeasturias.com\/noticias\/author\/admin\/#author"},"creator":{"@id":"https:\/\/www.eldigitaldeasturias.com\/noticias\/author\/admin\/#author"},"image":{"@type":"ImageObject","url":"https:\/\/www.eldigitaldeasturias.com\/noticias\/wp-content\/uploads\/2016\/12\/miel-asturias.jpg","@id":"https:\/\/www.eldigitaldeasturias.com\/noticias\/la-miel-de-asturias-se-incorpora-a-la-marca-alimentos-del-paraiso-natural\/#mainImage","width":1280,"height":737},"primaryImageOfPage":{"@id":"https:\/\/www.eldigitaldeasturias.com\/noticias\/la-miel-de-asturias-se-incorpora-a-la-marca-alimentos-del-paraiso-natural\/#mainImage"},"datePublished":"2016-12-20T05:27:21+01:00","dateModified":"2016-12-20T05:27:21+01:00"},{"@type":"WebSite","@id":"https:\/\/www.eldigitaldeasturias.com\/noticias\/#website","url":"https:\/\/www.eldigitaldeasturias.com\/noticias\/","name":"El Digital de Asturias - Diario de actualidad y noticias","alternateName":"El Digital de Asturias - Diario de actualidad y noticias","description":"Hemeroteca","inLanguage":"es-ES","publisher":{"@id":"https:\/\/www.eldigitaldeasturias.com\/noticias\/#organization"}}]},"og:locale":"es_ES","og:site_name":"El Digital de Asturias","og:type":"article","og:title":"La miel de Asturias se incorpora a la marca Alimentos del Para\u00edso Natural - El Digital de Asturias","og:description":"La consejera de Desarrollo Rural y Recursos Naturales, Mar\u00eda Jes\u00fas \u00c1lvarez, ha anunciado hoy que su departamento introducir\u00e1 en 2017 una modificaci\u00f3n en el Programa de Desarrollo Regional de Asturias (PDR 2014-2020) que permitir\u00e1 a todos los profesionales de la apicultura acceder a ayudas a trav\u00e9s de la l\u00ednea de subvenciones agroambientales. La consejera, que","og:url":"https:\/\/www.eldigitaldeasturias.com\/noticias\/la-miel-de-asturias-se-incorpora-a-la-marca-alimentos-del-paraiso-natural\/","og:image":"https:\/\/www.eldigitaldeasturias.com\/noticias\/wp-content\/uploads\/2016\/12\/miel-asturias.jpg","og:image:secure_url":"https:\/\/www.eldigitaldeasturias.com\/noticias\/wp-content\/uploads\/2016\/12\/miel-asturias.jpg","og:image:width":1280,"og:image:height":737,"article:tag":["destacadas"],"article:published_time":"2016-12-20T05:27:21+00:00","article:modified_time":"2016-12-20T05:27:21+00:00","article:publisher":"https:\/\/facebook.com\/eldigitaldeasturias","twitter:card":"summary_large_image","twitter:title":"La miel de Asturias se incorpora a la marca Alimentos del Para\u00edso Natural - El Digital de Asturias","twitter:description":"La consejera de Desarrollo Rural y Recursos Naturales, Mar\u00eda Jes\u00fas \u00c1lvarez, ha anunciado hoy que su departamento introducir\u00e1 en 2017 una modificaci\u00f3n en el Programa de Desarrollo Regional de Asturias (PDR 2014-2020) que permitir\u00e1 a todos los profesionales de la apicultura acceder a ayudas a trav\u00e9s de la l\u00ednea de subvenciones agroambientales. La consejera, que","twitter:image":"https:\/\/www.eldigitaldeasturias.com\/noticias\/wp-content\/uploads\/2016\/12\/miel-asturias.jpg","twitter:label1":"Escrito por","twitter:data1":"El Digital de Asturias","twitter:label2":"Tiempo de lectura estimado","twitter:data2":"2 minutos"},"aioseo_meta_data":{"post_id":"919728","title":null,"description":null,"keywords":null,"keyphrases":null,"primary_term":null,"canonical_url":null,"og_title":null,"og_description":null,"og_object_type":"default","og_image_type":"default","og_image_url":null,"og_image_width":null,"og_image_height":null,"og_image_custom_url":null,"og_image_custom_fields":null,"og_video":null,"og_custom_url":null,"og_article_section":null,"og_article_tags":null,"twitter_use_og":false,"twitter_card":"default","twitter_image_type":"default","twitter_image_url":null,"twitter_image_custom_url":null,"twitter_image_custom_fields":null,"twitter_title":null,"twitter_description":null,"schema":{"blockGraphs":[],"customGraphs":[],"default":{"data":{"Article":[],"Course":[],"Dataset":[],"FAQPage":[],"Movie":[],"Person":[],"Product":[],"ProductReview":[],"Car":[],"Recipe":[],"Service":[],"SoftwareApplication":[],"WebPage":[]},"graphName":"","isEnabled":true},"graphs":[],"defaultGraph":"","defaultPostTypeGraph":""},"schema_type":null,"schema_type_options":null,"pillar_content":false,"robots_default":true,"robots_noindex":false,"robots_noarchive":false,"robots_nosnippet":false,"robots_nofollow":false,"robots_noimageindex":false,"robots_noodp":false,"robots_notranslate":false,"robots_max_snippet":null,"robots_max_videopreview":null,"robots_max_imagepreview":"large","priority":null,"frequency":null,"local_seo":null,"seo_analyzer_scan_date":"2025-12-02 07:50:11","breadcrumb_settings":null,"limit_modified_date":false,"open_ai":null,"ai":null,"created":"2020-12-21 13:49:50","updated":"2025-12-02 07:50:11"},"aioseo_breadcrumb":"<div class=\"aioseo-breadcrumbs\"><span class=\"aioseo-breadcrumb\">\n\t<a href=\"https:\/\/www.eldigitaldeasturias.com\/noticias\" title=\"Home\">Home<\/a>\n<\/span><span class=\"aioseo-breadcrumb-separator\">\u2013<\/span><span class=\"aioseo-breadcrumb\">\n\t<a href=\"https:\/\/www.eldigitaldeasturias.com\/noticias\/category\/destacadas\/\" title=\"Destacadas\">Destacadas<\/a>\n<\/span><span class=\"aioseo-breadcrumb-separator\">\u2013<\/span><span class=\"aioseo-breadcrumb\">\n\t<a href=\"https:\/\/www.eldigitaldeasturias.com\/noticias\/la-miel-de-asturias-se-incorpora-a-la-marca-alimentos-del-paraiso-natural\/\" title=\"La miel de Asturias se incorpora a la marca Alimentos del Para\u00edso Natural\">La miel de Asturias se incorpora a la marca Alimentos del Para\u00edso Natural<\/a>\n<\/span><\/div>","aioseo_breadcrumb_json":[{"label":"Home","link":"https:\/\/www.eldigitaldeasturias.com\/noticias"},{"label":"Destacadas","link":"https:\/\/www.eldigitaldeasturias.com\/noticias\/category\/destacadas\/"},{"label":"La miel de Asturias se incorpora a la marca Alimentos del Para\u00edso Natural","link":"https:\/\/www.eldigitaldeasturias.com\/noticias\/la-miel-de-asturias-se-incorpora-a-la-marca-alimentos-del-paraiso-natural\/"}],"_links":{"self":[{"href":"https:\/\/www.eldigitaldeasturias.com\/noticias\/wp-json\/wp\/v2\/posts\/919728","targetHints":{"allow":["GET"]}}],"collection":[{"href":"https:\/\/www.eldigitaldeasturias.com\/noticias\/wp-json\/wp\/v2\/posts"}],"about":[{"href":"https:\/\/www.eldigitaldeasturias.com\/noticias\/wp-json\/wp\/v2\/types\/post"}],"author":[{"embeddable":true,"href":"https:\/\/www.eldigitaldeasturias.com\/noticias\/wp-json\/wp\/v2\/users\/1"}],"replies":[{"embeddable":true,"href":"https:\/\/www.eldigitaldeasturias.com\/noticias\/wp-json\/wp\/v2\/comments?post=919728"}],"version-history":[{"count":0,"href":"https:\/\/www.eldigitaldeasturias.com\/noticias\/wp-json\/wp\/v2\/posts\/919728\/revisions"}],"wp:featuredmedia":[{"embeddable":true,"href":"https:\/\/www.eldigitaldeasturias.com\/noticias\/wp-json\/wp\/v2\/media\/919729"}],"wp:attachment":[{"href":"https:\/\/www.eldigitaldeasturias.com\/noticias\/wp-json\/wp\/v2\/media?parent=919728"}],"wp:term":[{"taxonomy":"category","embeddable":true,"href":"https:\/\/www.eldigitaldeasturias.com\/noticias\/wp-json\/wp\/v2\/categories?post=919728"},{"taxonomy":"post_tag","embeddable":true,"href":"https:\/\/www.eldigitaldeasturias.com\/noticias\/wp-json\/wp\/v2\/tags?post=919728"}],"curies":[{"name":"wp","href":"https:\/\/api.w.org\/{rel}","templated":true}]}}