{"id":919552,"date":"2016-12-19T01:19:37","date_gmt":"2016-12-19T01:19:37","guid":{"rendered":"http:\/\/www.eldigitaldeasturias.com\/noticias\/?p=919552"},"modified":"2016-12-19T01:19:37","modified_gmt":"2016-12-19T01:19:37","slug":"guillermo-martinez-entrega-en-aviles-la-marca-de-excelencia-en-igualdad","status":"publish","type":"post","link":"https:\/\/www.eldigitaldeasturias.com\/noticias\/guillermo-martinez-entrega-en-aviles-la-marca-de-excelencia-en-igualdad\/","title":{"rendered":"Guillermo Mart\u00ednez entrega en Avil\u00e9s la \u201cMarca de Excelencia en Igualdad\u201d"},"content":{"rendered":"<p><img loading=\"lazy\" decoding=\"async\" class=\"alignleft size-medium wp-image-919554\" src=\"https:\/\/www.eldigitaldeasturias.com\/noticias\/wp-content\/uploads\/2016\/12\/marca-de-Igualdad-360x216.jpg\" alt=\"marca-de-Igualdad\" width=\"360\" height=\"216\" srcset=\"https:\/\/www.eldigitaldeasturias.com\/noticias\/wp-content\/uploads\/2016\/12\/marca-de-Igualdad-360x216.jpg 360w, https:\/\/www.eldigitaldeasturias.com\/noticias\/wp-content\/uploads\/2016\/12\/marca-de-Igualdad-768x461.jpg 768w, https:\/\/www.eldigitaldeasturias.com\/noticias\/wp-content\/uploads\/2016\/12\/marca-de-Igualdad-650x391.jpg 650w, https:\/\/www.eldigitaldeasturias.com\/noticias\/wp-content\/uploads\/2016\/12\/marca-de-Igualdad.jpg 1280w\" sizes=\"auto, (max-width: 360px) 100vw, 360px\" \/>El consejero de Presidencia y Participaci\u00f3n Ciudadana, Guillermo Mart\u00ednez, ha presidido en Avil\u00e9s el acto de entrega de distinciones de la Marca de Excelencia en Igualdad a nueve de las 29 empresas asturianas que se presentaron a la primera convocatoria.<\/p>\n<p>El Gobierno de Asturias ha incorporado este distintivo con el objetivo de reconocer a aquellas entidades que destaquen por la aplicaci\u00f3n de pol\u00edticas de igualdad de trato y de oportunidades en las condiciones de trabajo, los modelos de organizaci\u00f3n y otros \u00e1mbitos como los servicios, productos y publicidad.<\/p>\n<p>Las compa\u00f1\u00edas distinguidas son DuPont, Hijos de Luis Rodr\u00edguez, Cooperativa Farmac\u00e9utica Asturiana (Cofas), Mantequer\u00edas Arias, Transinsa, Entretodas, la cooperativa El Orrio, la Empresa de Servicios de Medio Ambiente Urbano de Gij\u00f3n (Emulsa) y el Grupo Meana.<\/p>\n<p>Mart\u00ednez, que ha estado acompa\u00f1ado en el acto por la alcaldesa avilesina, Mariv\u00ed Monteser\u00edn, y la directora general del Instituto Asturiano de la Mujer y Pol\u00edticas de Juventud, Almudena Cueto, entre otras autoridades, ha manifestado que la iniciativa \u201crefuerza y consolida los programas y acciones impulsados por el Gobierno de Asturias en los \u00faltimos a\u00f1os para la promoci\u00f3n de la igualdad en el mercado laboral\u201d.<\/p>\n<p>\u201cDamos as\u00ed\u201d, ha insistido el consejero, \u201cun salto cualitativo en esta l\u00ednea de trabajo y al mismo tiempo desarrollamos de manera efectiva una de las medidas contempladas en la Estrategia contra la Brecha Salarial, la hoja de ruta con la que pretendemos actuar sobre la ra\u00edz de las causas que provocan las diferencias retributivas entre hombres y mujeres\u201d.<\/p>\n<p><strong>Equilibrio en las tomas de decisi\u00f3n<\/strong><\/p>\n<p>Para la concesi\u00f3n de la marca se valor\u00f3 especialmente la participaci\u00f3n equilibrada entre hombres y mujeres en los \u00e1mbitos de toma de decisi\u00f3n, el acceso equitativo a los puestos de mayor responsabilidad y el establecimiento de criterios y sistemas de remuneraci\u00f3n y clasificaci\u00f3n profesional actualizados, as\u00ed como la implicaci\u00f3n de la plantilla y los representantes sindicales en la elaboraci\u00f3n de los planes de igualdad.<\/p>\n<p>Tambi\u00e9n se premiaron las actuaciones que permiten conciliar la vida familiar y personal de la plantilla.<\/p>\n<p>Este distintivo, que tendr\u00e1 una vigencia de tres a\u00f1os, permite cumplir tambi\u00e9n con la Ley del Principado de Asturias 2\/2011, de 11 de marzo, para la Igualdad de Mujeres y Hombres y la Erradicaci\u00f3n de la Violencia de G\u00e9nero, que en su art\u00edculo 40 establece la creaci\u00f3n de la marca.<\/p>\n<p>Asturias es la quinta comunidad aut\u00f3noma que dispone de un sello espec\u00edfico de excelencia desde la aprobaci\u00f3n, hace nueve a\u00f1os, de la ley org\u00e1nica de Igualdad.<\/p>\n<p>&nbsp;<\/p>\n","protected":false},"excerpt":{"rendered":"<p>El consejero de Presidencia y Participaci\u00f3n Ciudadana, Guillermo Mart\u00ednez, ha presidido en Avil\u00e9s el acto de entrega de distinciones de la Marca de Excelencia en Igualdad a nueve de las 29 empresas asturianas que se presentaron a la primera convocatoria. El Gobierno de Asturias ha incorporado este distintivo con el objetivo de reconocer a aquellas [&hellip;]<\/p>\n","protected":false},"author":1,"featured_media":919554,"comment_status":"closed","ping_status":"closed","sticky":false,"template":"","format":"standard","meta":{"footnotes":""},"categories":[141],"tags":[],"class_list":["post-919552","post","type-post","status-publish","format-standard","has-post-thumbnail","hentry","category-destacadas"],"aioseo_notices":[],"aioseo_head":"\n\t\t<!-- All in One SEO Pro 4.9.6.2 - aioseo.com -->\n\t<meta name=\"description\" content=\"El consejero de Presidencia y Participaci\u00f3n Ciudadana, Guillermo Mart\u00ednez, ha presidido en Avil\u00e9s el acto de entrega de distinciones de la Marca de Excelencia en Igualdad a nueve de las 29 empresas asturianas que se presentaron a la primera convocatoria. El Gobierno de Asturias ha incorporado este distintivo con el objetivo de reconocer a aquellas\" \/>\n\t<meta name=\"robots\" content=\"max-image-preview:large\" \/>\n\t<meta name=\"author\" content=\"El Digital de Asturias\"\/>\n\t<meta name=\"google-site-verification\" content=\"UA-38556648-1\" \/>\n\t<meta name=\"msvalidate.01\" content=\"7dfe9f3f1b24437ab69f4f2559babe99\" \/>\n\t<meta name=\"keywords\" content=\"destacadas\" \/>\n\t<link rel=\"canonical\" href=\"https:\/\/www.eldigitaldeasturias.com\/noticias\/guillermo-martinez-entrega-en-aviles-la-marca-de-excelencia-en-igualdad\/\" \/>\n\t<meta name=\"generator\" content=\"All in One SEO Pro (AIOSEO) 4.9.6.2\" \/>\n\t\t<meta property=\"og:locale\" content=\"es_ES\" \/>\n\t\t<meta property=\"og:site_name\" content=\"El Digital de Asturias\" \/>\n\t\t<meta property=\"og:type\" content=\"article\" \/>\n\t\t<meta property=\"og:title\" content=\"Guillermo Mart\u00ednez entrega en Avil\u00e9s la \u201cMarca de Excelencia en Igualdad\u201d - El Digital de Asturias\" \/>\n\t\t<meta property=\"og:description\" content=\"El consejero de Presidencia y Participaci\u00f3n Ciudadana, Guillermo Mart\u00ednez, ha presidido en Avil\u00e9s el acto de entrega de distinciones de la Marca de Excelencia en Igualdad a nueve de las 29 empresas asturianas que se presentaron a la primera convocatoria. El Gobierno de Asturias ha incorporado este distintivo con el objetivo de reconocer a aquellas\" \/>\n\t\t<meta property=\"og:url\" content=\"https:\/\/www.eldigitaldeasturias.com\/noticias\/guillermo-martinez-entrega-en-aviles-la-marca-de-excelencia-en-igualdad\/\" \/>\n\t\t<meta property=\"og:image\" content=\"https:\/\/www.eldigitaldeasturias.com\/noticias\/wp-content\/uploads\/2016\/12\/marca-de-Igualdad.jpg\" \/>\n\t\t<meta property=\"og:image:secure_url\" content=\"https:\/\/www.eldigitaldeasturias.com\/noticias\/wp-content\/uploads\/2016\/12\/marca-de-Igualdad.jpg\" \/>\n\t\t<meta property=\"og:image:width\" content=\"1280\" \/>\n\t\t<meta property=\"og:image:height\" content=\"769\" \/>\n\t\t<meta property=\"article:tag\" content=\"destacadas\" \/>\n\t\t<meta property=\"article:published_time\" content=\"2016-12-19T01:19:37+00:00\" \/>\n\t\t<meta property=\"article:modified_time\" content=\"2016-12-19T01:19:37+00:00\" \/>\n\t\t<meta property=\"article:publisher\" content=\"https:\/\/facebook.com\/eldigitaldeasturias\" \/>\n\t\t<meta name=\"twitter:card\" content=\"summary_large_image\" \/>\n\t\t<meta name=\"twitter:title\" content=\"Guillermo Mart\u00ednez entrega en Avil\u00e9s la \u201cMarca de Excelencia en Igualdad\u201d - El Digital de Asturias\" \/>\n\t\t<meta name=\"twitter:description\" content=\"El consejero de Presidencia y Participaci\u00f3n Ciudadana, Guillermo Mart\u00ednez, ha presidido en Avil\u00e9s el acto de entrega de distinciones de la Marca de Excelencia en Igualdad a nueve de las 29 empresas asturianas que se presentaron a la primera convocatoria. El Gobierno de Asturias ha incorporado este distintivo con el objetivo de reconocer a aquellas\" \/>\n\t\t<meta name=\"twitter:image\" content=\"https:\/\/www.eldigitaldeasturias.com\/noticias\/wp-content\/uploads\/2016\/12\/marca-de-Igualdad.jpg\" \/>\n\t\t<meta name=\"twitter:label1\" content=\"Escrito por\" \/>\n\t\t<meta name=\"twitter:data1\" content=\"El Digital de Asturias\" \/>\n\t\t<meta name=\"twitter:label2\" content=\"Tiempo de lectura estimado\" \/>\n\t\t<meta name=\"twitter:data2\" content=\"2 minutos\" \/>\n\t\t<script type=\"application\/ld+json\" class=\"aioseo-schema\">\n\t\t\t{\"@context\":\"https:\\\/\\\/schema.org\",\"@graph\":[{\"@type\":\"BlogPosting\",\"@id\":\"https:\\\/\\\/www.eldigitaldeasturias.com\\\/noticias\\\/guillermo-martinez-entrega-en-aviles-la-marca-de-excelencia-en-igualdad\\\/#blogposting\",\"name\":\"Guillermo Mart\\u00ednez entrega en Avil\\u00e9s la \\u201cMarca de Excelencia en Igualdad\\u201d - El Digital de Asturias\",\"headline\":\"Guillermo Mart\\u00ednez entrega en Avil\\u00e9s la \\u201cMarca de Excelencia en Igualdad\\u201d\",\"author\":{\"@id\":\"https:\\\/\\\/www.eldigitaldeasturias.com\\\/noticias\\\/author\\\/admin\\\/#author\"},\"publisher\":{\"@id\":\"https:\\\/\\\/www.eldigitaldeasturias.com\\\/noticias\\\/#organization\"},\"image\":{\"@type\":\"ImageObject\",\"url\":\"https:\\\/\\\/www.eldigitaldeasturias.com\\\/noticias\\\/wp-content\\\/uploads\\\/2016\\\/12\\\/marca-de-Igualdad.jpg\",\"width\":1280,\"height\":769},\"datePublished\":\"2016-12-19T01:19:37+01:00\",\"dateModified\":\"2016-12-19T01:19:37+01:00\",\"inLanguage\":\"es-ES\",\"mainEntityOfPage\":{\"@id\":\"https:\\\/\\\/www.eldigitaldeasturias.com\\\/noticias\\\/guillermo-martinez-entrega-en-aviles-la-marca-de-excelencia-en-igualdad\\\/#webpage\"},\"isPartOf\":{\"@id\":\"https:\\\/\\\/www.eldigitaldeasturias.com\\\/noticias\\\/guillermo-martinez-entrega-en-aviles-la-marca-de-excelencia-en-igualdad\\\/#webpage\"},\"articleSection\":\"Destacadas\"},{\"@type\":\"BreadcrumbList\",\"@id\":\"https:\\\/\\\/www.eldigitaldeasturias.com\\\/noticias\\\/guillermo-martinez-entrega-en-aviles-la-marca-de-excelencia-en-igualdad\\\/#breadcrumblist\",\"itemListElement\":[{\"@type\":\"ListItem\",\"@id\":\"https:\\\/\\\/www.eldigitaldeasturias.com\\\/noticias#listItem\",\"position\":1,\"name\":\"Home\",\"item\":\"https:\\\/\\\/www.eldigitaldeasturias.com\\\/noticias\",\"nextItem\":{\"@type\":\"ListItem\",\"@id\":\"https:\\\/\\\/www.eldigitaldeasturias.com\\\/noticias\\\/category\\\/destacadas\\\/#listItem\",\"name\":\"Destacadas\"}},{\"@type\":\"ListItem\",\"@id\":\"https:\\\/\\\/www.eldigitaldeasturias.com\\\/noticias\\\/category\\\/destacadas\\\/#listItem\",\"position\":2,\"name\":\"Destacadas\",\"item\":\"https:\\\/\\\/www.eldigitaldeasturias.com\\\/noticias\\\/category\\\/destacadas\\\/\",\"nextItem\":{\"@type\":\"ListItem\",\"@id\":\"https:\\\/\\\/www.eldigitaldeasturias.com\\\/noticias\\\/guillermo-martinez-entrega-en-aviles-la-marca-de-excelencia-en-igualdad\\\/#listItem\",\"name\":\"Guillermo Mart\\u00ednez entrega en Avil\\u00e9s la \\u201cMarca de Excelencia en Igualdad\\u201d\"},\"previousItem\":{\"@type\":\"ListItem\",\"@id\":\"https:\\\/\\\/www.eldigitaldeasturias.com\\\/noticias#listItem\",\"name\":\"Home\"}},{\"@type\":\"ListItem\",\"@id\":\"https:\\\/\\\/www.eldigitaldeasturias.com\\\/noticias\\\/guillermo-martinez-entrega-en-aviles-la-marca-de-excelencia-en-igualdad\\\/#listItem\",\"position\":3,\"name\":\"Guillermo Mart\\u00ednez entrega en Avil\\u00e9s la \\u201cMarca de Excelencia en Igualdad\\u201d\",\"previousItem\":{\"@type\":\"ListItem\",\"@id\":\"https:\\\/\\\/www.eldigitaldeasturias.com\\\/noticias\\\/category\\\/destacadas\\\/#listItem\",\"name\":\"Destacadas\"}}]},{\"@type\":\"Organization\",\"@id\":\"https:\\\/\\\/www.eldigitaldeasturias.com\\\/noticias\\\/#organization\",\"name\":\"El Digital de Asturias\",\"description\":\"Hemeroteca\",\"url\":\"https:\\\/\\\/www.eldigitaldeasturias.com\\\/noticias\\\/\",\"email\":\"info@eldigitaldeasturias.com\",\"telephone\":\"+34652131393\",\"logo\":{\"@type\":\"ImageObject\",\"url\":\"https:\\\/\\\/www.eldigitaldeasturias.com\\\/noticias\\\/wp-content\\\/uploads\\\/2020\\\/12\\\/EDA.jpg\",\"@id\":\"https:\\\/\\\/www.eldigitaldeasturias.com\\\/noticias\\\/guillermo-martinez-entrega-en-aviles-la-marca-de-excelencia-en-igualdad\\\/#organizationLogo\",\"width\":649,\"height\":297},\"image\":{\"@id\":\"https:\\\/\\\/www.eldigitaldeasturias.com\\\/noticias\\\/guillermo-martinez-entrega-en-aviles-la-marca-de-excelencia-en-igualdad\\\/#organizationLogo\"},\"sameAs\":[\"https:\\\/\\\/facebook.com\\\/eldigitaldeasturias\",\"https:\\\/\\\/www.youtube.com\\\/channel\\\/UCZP-2wLEB9Rv6erhFmqVnvg\"],\"address\":{\"@id\":\"https:\\\/\\\/www.eldigitaldeasturias.com\\\/noticias\\\/#postaladdress\",\"@type\":\"PostalAddress\",\"streetAddress\":\"san antonio 4,\",\"postalCode\":\"33430\",\"addressLocality\":\"Cand\\u00e1s\",\"addressRegion\":\"Asturias\",\"addressCountry\":\"ES\"}},{\"@type\":\"Person\",\"@id\":\"https:\\\/\\\/www.eldigitaldeasturias.com\\\/noticias\\\/author\\\/admin\\\/#author\",\"url\":\"https:\\\/\\\/www.eldigitaldeasturias.com\\\/noticias\\\/author\\\/admin\\\/\",\"name\":\"El Digital de Asturias\",\"image\":{\"@type\":\"ImageObject\",\"@id\":\"https:\\\/\\\/www.eldigitaldeasturias.com\\\/noticias\\\/guillermo-martinez-entrega-en-aviles-la-marca-de-excelencia-en-igualdad\\\/#authorImage\",\"url\":\"https:\\\/\\\/www.eldigitaldeasturias.com\\\/noticias\\\/wp-content\\\/litespeed\\\/avatar\\\/18677e78aa0546b92d9dbf31ec7d7668.jpg?ver=1777290358\",\"width\":96,\"height\":96,\"caption\":\"El Digital de Asturias\"}},{\"@type\":\"WebPage\",\"@id\":\"https:\\\/\\\/www.eldigitaldeasturias.com\\\/noticias\\\/guillermo-martinez-entrega-en-aviles-la-marca-de-excelencia-en-igualdad\\\/#webpage\",\"url\":\"https:\\\/\\\/www.eldigitaldeasturias.com\\\/noticias\\\/guillermo-martinez-entrega-en-aviles-la-marca-de-excelencia-en-igualdad\\\/\",\"name\":\"Guillermo Mart\\u00ednez entrega en Avil\\u00e9s la \\u201cMarca de Excelencia en Igualdad\\u201d - El Digital de Asturias\",\"description\":\"El consejero de Presidencia y Participaci\\u00f3n Ciudadana, Guillermo Mart\\u00ednez, ha presidido en Avil\\u00e9s el acto de entrega de distinciones de la Marca de Excelencia en Igualdad a nueve de las 29 empresas asturianas que se presentaron a la primera convocatoria. El Gobierno de Asturias ha incorporado este distintivo con el objetivo de reconocer a aquellas\",\"inLanguage\":\"es-ES\",\"isPartOf\":{\"@id\":\"https:\\\/\\\/www.eldigitaldeasturias.com\\\/noticias\\\/#website\"},\"breadcrumb\":{\"@id\":\"https:\\\/\\\/www.eldigitaldeasturias.com\\\/noticias\\\/guillermo-martinez-entrega-en-aviles-la-marca-de-excelencia-en-igualdad\\\/#breadcrumblist\"},\"author\":{\"@id\":\"https:\\\/\\\/www.eldigitaldeasturias.com\\\/noticias\\\/author\\\/admin\\\/#author\"},\"creator\":{\"@id\":\"https:\\\/\\\/www.eldigitaldeasturias.com\\\/noticias\\\/author\\\/admin\\\/#author\"},\"image\":{\"@type\":\"ImageObject\",\"url\":\"https:\\\/\\\/www.eldigitaldeasturias.com\\\/noticias\\\/wp-content\\\/uploads\\\/2016\\\/12\\\/marca-de-Igualdad.jpg\",\"@id\":\"https:\\\/\\\/www.eldigitaldeasturias.com\\\/noticias\\\/guillermo-martinez-entrega-en-aviles-la-marca-de-excelencia-en-igualdad\\\/#mainImage\",\"width\":1280,\"height\":769},\"primaryImageOfPage\":{\"@id\":\"https:\\\/\\\/www.eldigitaldeasturias.com\\\/noticias\\\/guillermo-martinez-entrega-en-aviles-la-marca-de-excelencia-en-igualdad\\\/#mainImage\"},\"datePublished\":\"2016-12-19T01:19:37+01:00\",\"dateModified\":\"2016-12-19T01:19:37+01:00\"},{\"@type\":\"WebSite\",\"@id\":\"https:\\\/\\\/www.eldigitaldeasturias.com\\\/noticias\\\/#website\",\"url\":\"https:\\\/\\\/www.eldigitaldeasturias.com\\\/noticias\\\/\",\"name\":\"El Digital de Asturias - Diario de actualidad y noticias\",\"alternateName\":\"El Digital de Asturias - Diario de actualidad y noticias\",\"description\":\"Hemeroteca\",\"inLanguage\":\"es-ES\",\"publisher\":{\"@id\":\"https:\\\/\\\/www.eldigitaldeasturias.com\\\/noticias\\\/#organization\"}}]}\n\t\t<\/script>\n\t\t<!-- All in One SEO Pro -->\r\n\t\t<title>Guillermo Mart\u00ednez entrega en Avil\u00e9s la \u201cMarca de Excelencia en Igualdad\u201d - El Digital de Asturias<\/title>\n\n","aioseo_head_json":{"title":"Guillermo Mart\u00ednez entrega en Avil\u00e9s la \u201cMarca de Excelencia en Igualdad\u201d - El Digital de Asturias","description":"El consejero de Presidencia y Participaci\u00f3n Ciudadana, Guillermo Mart\u00ednez, ha presidido en Avil\u00e9s el acto de entrega de distinciones de la Marca de Excelencia en Igualdad a nueve de las 29 empresas asturianas que se presentaron a la primera convocatoria. El Gobierno de Asturias ha incorporado este distintivo con el objetivo de reconocer a aquellas","canonical_url":"https:\/\/www.eldigitaldeasturias.com\/noticias\/guillermo-martinez-entrega-en-aviles-la-marca-de-excelencia-en-igualdad\/","robots":"max-image-preview:large","keywords":"destacadas","webmasterTools":{"google-site-verification":"UA-38556648-1","msvalidate.01":"7dfe9f3f1b24437ab69f4f2559babe99","miscellaneous":""},"schema":{"@context":"https:\/\/schema.org","@graph":[{"@type":"BlogPosting","@id":"https:\/\/www.eldigitaldeasturias.com\/noticias\/guillermo-martinez-entrega-en-aviles-la-marca-de-excelencia-en-igualdad\/#blogposting","name":"Guillermo Mart\u00ednez entrega en Avil\u00e9s la \u201cMarca de Excelencia en Igualdad\u201d - El Digital de Asturias","headline":"Guillermo Mart\u00ednez entrega en Avil\u00e9s la \u201cMarca de Excelencia en Igualdad\u201d","author":{"@id":"https:\/\/www.eldigitaldeasturias.com\/noticias\/author\/admin\/#author"},"publisher":{"@id":"https:\/\/www.eldigitaldeasturias.com\/noticias\/#organization"},"image":{"@type":"ImageObject","url":"https:\/\/www.eldigitaldeasturias.com\/noticias\/wp-content\/uploads\/2016\/12\/marca-de-Igualdad.jpg","width":1280,"height":769},"datePublished":"2016-12-19T01:19:37+01:00","dateModified":"2016-12-19T01:19:37+01:00","inLanguage":"es-ES","mainEntityOfPage":{"@id":"https:\/\/www.eldigitaldeasturias.com\/noticias\/guillermo-martinez-entrega-en-aviles-la-marca-de-excelencia-en-igualdad\/#webpage"},"isPartOf":{"@id":"https:\/\/www.eldigitaldeasturias.com\/noticias\/guillermo-martinez-entrega-en-aviles-la-marca-de-excelencia-en-igualdad\/#webpage"},"articleSection":"Destacadas"},{"@type":"BreadcrumbList","@id":"https:\/\/www.eldigitaldeasturias.com\/noticias\/guillermo-martinez-entrega-en-aviles-la-marca-de-excelencia-en-igualdad\/#breadcrumblist","itemListElement":[{"@type":"ListItem","@id":"https:\/\/www.eldigitaldeasturias.com\/noticias#listItem","position":1,"name":"Home","item":"https:\/\/www.eldigitaldeasturias.com\/noticias","nextItem":{"@type":"ListItem","@id":"https:\/\/www.eldigitaldeasturias.com\/noticias\/category\/destacadas\/#listItem","name":"Destacadas"}},{"@type":"ListItem","@id":"https:\/\/www.eldigitaldeasturias.com\/noticias\/category\/destacadas\/#listItem","position":2,"name":"Destacadas","item":"https:\/\/www.eldigitaldeasturias.com\/noticias\/category\/destacadas\/","nextItem":{"@type":"ListItem","@id":"https:\/\/www.eldigitaldeasturias.com\/noticias\/guillermo-martinez-entrega-en-aviles-la-marca-de-excelencia-en-igualdad\/#listItem","name":"Guillermo Mart\u00ednez entrega en Avil\u00e9s la \u201cMarca de Excelencia en Igualdad\u201d"},"previousItem":{"@type":"ListItem","@id":"https:\/\/www.eldigitaldeasturias.com\/noticias#listItem","name":"Home"}},{"@type":"ListItem","@id":"https:\/\/www.eldigitaldeasturias.com\/noticias\/guillermo-martinez-entrega-en-aviles-la-marca-de-excelencia-en-igualdad\/#listItem","position":3,"name":"Guillermo Mart\u00ednez entrega en Avil\u00e9s la \u201cMarca de Excelencia en Igualdad\u201d","previousItem":{"@type":"ListItem","@id":"https:\/\/www.eldigitaldeasturias.com\/noticias\/category\/destacadas\/#listItem","name":"Destacadas"}}]},{"@type":"Organization","@id":"https:\/\/www.eldigitaldeasturias.com\/noticias\/#organization","name":"El Digital de Asturias","description":"Hemeroteca","url":"https:\/\/www.eldigitaldeasturias.com\/noticias\/","email":"info@eldigitaldeasturias.com","telephone":"+34652131393","logo":{"@type":"ImageObject","url":"https:\/\/www.eldigitaldeasturias.com\/noticias\/wp-content\/uploads\/2020\/12\/EDA.jpg","@id":"https:\/\/www.eldigitaldeasturias.com\/noticias\/guillermo-martinez-entrega-en-aviles-la-marca-de-excelencia-en-igualdad\/#organizationLogo","width":649,"height":297},"image":{"@id":"https:\/\/www.eldigitaldeasturias.com\/noticias\/guillermo-martinez-entrega-en-aviles-la-marca-de-excelencia-en-igualdad\/#organizationLogo"},"sameAs":["https:\/\/facebook.com\/eldigitaldeasturias","https:\/\/www.youtube.com\/channel\/UCZP-2wLEB9Rv6erhFmqVnvg"],"address":{"@id":"https:\/\/www.eldigitaldeasturias.com\/noticias\/#postaladdress","@type":"PostalAddress","streetAddress":"san antonio 4,","postalCode":"33430","addressLocality":"Cand\u00e1s","addressRegion":"Asturias","addressCountry":"ES"}},{"@type":"Person","@id":"https:\/\/www.eldigitaldeasturias.com\/noticias\/author\/admin\/#author","url":"https:\/\/www.eldigitaldeasturias.com\/noticias\/author\/admin\/","name":"El Digital de Asturias","image":{"@type":"ImageObject","@id":"https:\/\/www.eldigitaldeasturias.com\/noticias\/guillermo-martinez-entrega-en-aviles-la-marca-de-excelencia-en-igualdad\/#authorImage","url":"https:\/\/www.eldigitaldeasturias.com\/noticias\/wp-content\/litespeed\/avatar\/18677e78aa0546b92d9dbf31ec7d7668.jpg?ver=1777290358","width":96,"height":96,"caption":"El Digital de Asturias"}},{"@type":"WebPage","@id":"https:\/\/www.eldigitaldeasturias.com\/noticias\/guillermo-martinez-entrega-en-aviles-la-marca-de-excelencia-en-igualdad\/#webpage","url":"https:\/\/www.eldigitaldeasturias.com\/noticias\/guillermo-martinez-entrega-en-aviles-la-marca-de-excelencia-en-igualdad\/","name":"Guillermo Mart\u00ednez entrega en Avil\u00e9s la \u201cMarca de Excelencia en Igualdad\u201d - El Digital de Asturias","description":"El consejero de Presidencia y Participaci\u00f3n Ciudadana, Guillermo Mart\u00ednez, ha presidido en Avil\u00e9s el acto de entrega de distinciones de la Marca de Excelencia en Igualdad a nueve de las 29 empresas asturianas que se presentaron a la primera convocatoria. El Gobierno de Asturias ha incorporado este distintivo con el objetivo de reconocer a aquellas","inLanguage":"es-ES","isPartOf":{"@id":"https:\/\/www.eldigitaldeasturias.com\/noticias\/#website"},"breadcrumb":{"@id":"https:\/\/www.eldigitaldeasturias.com\/noticias\/guillermo-martinez-entrega-en-aviles-la-marca-de-excelencia-en-igualdad\/#breadcrumblist"},"author":{"@id":"https:\/\/www.eldigitaldeasturias.com\/noticias\/author\/admin\/#author"},"creator":{"@id":"https:\/\/www.eldigitaldeasturias.com\/noticias\/author\/admin\/#author"},"image":{"@type":"ImageObject","url":"https:\/\/www.eldigitaldeasturias.com\/noticias\/wp-content\/uploads\/2016\/12\/marca-de-Igualdad.jpg","@id":"https:\/\/www.eldigitaldeasturias.com\/noticias\/guillermo-martinez-entrega-en-aviles-la-marca-de-excelencia-en-igualdad\/#mainImage","width":1280,"height":769},"primaryImageOfPage":{"@id":"https:\/\/www.eldigitaldeasturias.com\/noticias\/guillermo-martinez-entrega-en-aviles-la-marca-de-excelencia-en-igualdad\/#mainImage"},"datePublished":"2016-12-19T01:19:37+01:00","dateModified":"2016-12-19T01:19:37+01:00"},{"@type":"WebSite","@id":"https:\/\/www.eldigitaldeasturias.com\/noticias\/#website","url":"https:\/\/www.eldigitaldeasturias.com\/noticias\/","name":"El Digital de Asturias - Diario de actualidad y noticias","alternateName":"El Digital de Asturias - Diario de actualidad y noticias","description":"Hemeroteca","inLanguage":"es-ES","publisher":{"@id":"https:\/\/www.eldigitaldeasturias.com\/noticias\/#organization"}}]},"og:locale":"es_ES","og:site_name":"El Digital de Asturias","og:type":"article","og:title":"Guillermo Mart\u00ednez entrega en Avil\u00e9s la \u201cMarca de Excelencia en Igualdad\u201d - El Digital de Asturias","og:description":"El consejero de Presidencia y Participaci\u00f3n Ciudadana, Guillermo Mart\u00ednez, ha presidido en Avil\u00e9s el acto de entrega de distinciones de la Marca de Excelencia en Igualdad a nueve de las 29 empresas asturianas que se presentaron a la primera convocatoria. El Gobierno de Asturias ha incorporado este distintivo con el objetivo de reconocer a aquellas","og:url":"https:\/\/www.eldigitaldeasturias.com\/noticias\/guillermo-martinez-entrega-en-aviles-la-marca-de-excelencia-en-igualdad\/","og:image":"https:\/\/www.eldigitaldeasturias.com\/noticias\/wp-content\/uploads\/2016\/12\/marca-de-Igualdad.jpg","og:image:secure_url":"https:\/\/www.eldigitaldeasturias.com\/noticias\/wp-content\/uploads\/2016\/12\/marca-de-Igualdad.jpg","og:image:width":1280,"og:image:height":769,"article:tag":["destacadas"],"article:published_time":"2016-12-19T01:19:37+00:00","article:modified_time":"2016-12-19T01:19:37+00:00","article:publisher":"https:\/\/facebook.com\/eldigitaldeasturias","twitter:card":"summary_large_image","twitter:title":"Guillermo Mart\u00ednez entrega en Avil\u00e9s la \u201cMarca de Excelencia en Igualdad\u201d - El Digital de Asturias","twitter:description":"El consejero de Presidencia y Participaci\u00f3n Ciudadana, Guillermo Mart\u00ednez, ha presidido en Avil\u00e9s el acto de entrega de distinciones de la Marca de Excelencia en Igualdad a nueve de las 29 empresas asturianas que se presentaron a la primera convocatoria. El Gobierno de Asturias ha incorporado este distintivo con el objetivo de reconocer a aquellas","twitter:image":"https:\/\/www.eldigitaldeasturias.com\/noticias\/wp-content\/uploads\/2016\/12\/marca-de-Igualdad.jpg","twitter:label1":"Escrito por","twitter:data1":"El Digital de Asturias","twitter:label2":"Tiempo de lectura estimado","twitter:data2":"2 minutos"},"aioseo_meta_data":{"post_id":"919552","title":null,"description":null,"keywords":null,"keyphrases":null,"primary_term":null,"canonical_url":null,"og_title":null,"og_description":null,"og_object_type":"default","og_image_type":"default","og_image_url":null,"og_image_width":null,"og_image_height":null,"og_image_custom_url":null,"og_image_custom_fields":null,"og_video":null,"og_custom_url":null,"og_article_section":null,"og_article_tags":null,"twitter_use_og":false,"twitter_card":"default","twitter_image_type":"default","twitter_image_url":null,"twitter_image_custom_url":null,"twitter_image_custom_fields":null,"twitter_title":null,"twitter_description":null,"schema":{"blockGraphs":[],"customGraphs":[],"default":{"data":{"Article":[],"Course":[],"Dataset":[],"FAQPage":[],"Movie":[],"Person":[],"Product":[],"ProductReview":[],"Car":[],"Recipe":[],"Service":[],"SoftwareApplication":[],"WebPage":[]},"graphName":"","isEnabled":true},"graphs":[],"defaultGraph":"","defaultPostTypeGraph":""},"schema_type":null,"schema_type_options":null,"pillar_content":false,"robots_default":true,"robots_noindex":false,"robots_noarchive":false,"robots_nosnippet":false,"robots_nofollow":false,"robots_noimageindex":false,"robots_noodp":false,"robots_notranslate":false,"robots_max_snippet":null,"robots_max_videopreview":null,"robots_max_imagepreview":"large","priority":null,"frequency":null,"local_seo":null,"seo_analyzer_scan_date":"2025-12-02 07:12:21","breadcrumb_settings":null,"limit_modified_date":false,"open_ai":null,"ai":null,"created":"2020-12-21 13:49:51","updated":"2025-12-02 07:12:21"},"aioseo_breadcrumb":"<div class=\"aioseo-breadcrumbs\"><span class=\"aioseo-breadcrumb\">\n\t<a href=\"https:\/\/www.eldigitaldeasturias.com\/noticias\" title=\"Home\">Home<\/a>\n<\/span><span class=\"aioseo-breadcrumb-separator\">\u2013<\/span><span class=\"aioseo-breadcrumb\">\n\t<a href=\"https:\/\/www.eldigitaldeasturias.com\/noticias\/category\/destacadas\/\" title=\"Destacadas\">Destacadas<\/a>\n<\/span><span class=\"aioseo-breadcrumb-separator\">\u2013<\/span><span class=\"aioseo-breadcrumb\">\n\t<a href=\"https:\/\/www.eldigitaldeasturias.com\/noticias\/guillermo-martinez-entrega-en-aviles-la-marca-de-excelencia-en-igualdad\/\" title=\"Guillermo Mart\u00ednez entrega en Avil\u00e9s la \u201cMarca de Excelencia en Igualdad\u201d\">Guillermo Mart\u00ednez entrega en Avil\u00e9s la \u201cMarca de Excelencia en Igualdad\u201d<\/a>\n<\/span><\/div>","aioseo_breadcrumb_json":[{"label":"Home","link":"https:\/\/www.eldigitaldeasturias.com\/noticias"},{"label":"Destacadas","link":"https:\/\/www.eldigitaldeasturias.com\/noticias\/category\/destacadas\/"},{"label":"Guillermo Mart\u00ednez entrega en Avil\u00e9s la \u201cMarca de Excelencia en Igualdad\u201d","link":"https:\/\/www.eldigitaldeasturias.com\/noticias\/guillermo-martinez-entrega-en-aviles-la-marca-de-excelencia-en-igualdad\/"}],"_links":{"self":[{"href":"https:\/\/www.eldigitaldeasturias.com\/noticias\/wp-json\/wp\/v2\/posts\/919552","targetHints":{"allow":["GET"]}}],"collection":[{"href":"https:\/\/www.eldigitaldeasturias.com\/noticias\/wp-json\/wp\/v2\/posts"}],"about":[{"href":"https:\/\/www.eldigitaldeasturias.com\/noticias\/wp-json\/wp\/v2\/types\/post"}],"author":[{"embeddable":true,"href":"https:\/\/www.eldigitaldeasturias.com\/noticias\/wp-json\/wp\/v2\/users\/1"}],"replies":[{"embeddable":true,"href":"https:\/\/www.eldigitaldeasturias.com\/noticias\/wp-json\/wp\/v2\/comments?post=919552"}],"version-history":[{"count":0,"href":"https:\/\/www.eldigitaldeasturias.com\/noticias\/wp-json\/wp\/v2\/posts\/919552\/revisions"}],"wp:featuredmedia":[{"embeddable":true,"href":"https:\/\/www.eldigitaldeasturias.com\/noticias\/wp-json\/wp\/v2\/media\/919554"}],"wp:attachment":[{"href":"https:\/\/www.eldigitaldeasturias.com\/noticias\/wp-json\/wp\/v2\/media?parent=919552"}],"wp:term":[{"taxonomy":"category","embeddable":true,"href":"https:\/\/www.eldigitaldeasturias.com\/noticias\/wp-json\/wp\/v2\/categories?post=919552"},{"taxonomy":"post_tag","embeddable":true,"href":"https:\/\/www.eldigitaldeasturias.com\/noticias\/wp-json\/wp\/v2\/tags?post=919552"}],"curies":[{"name":"wp","href":"https:\/\/api.w.org\/{rel}","templated":true}]}}